{"id":110310,"date":"2018-11-20T21:06:52","date_gmt":"2018-11-20T21:06:52","guid":{"rendered":"http:\/\/candas365.es\/noticias\/?p=110310"},"modified":"2018-11-20T21:06:52","modified_gmt":"2018-11-20T21:06:52","slug":"un-juez-bloquea-la-medida-de-trump-para-negar-asilo-a-los-inmigrantes","status":"publish","type":"post","link":"https:\/\/candas365.es\/noticias\/un-juez-bloquea-la-medida-de-trump-para-negar-asilo-a-los-inmigrantes\/","title":{"rendered":"Un juez bloquea la medida de Trump para negar asilo a los inmigrantes"},"content":{"rendered":"<p><img fetchpriority=\"high\" decoding=\"async\" class=\"alignleft size-medium wp-image-95599\" src=\"https:\/\/candas365.es\/noticias\/wp-content\/uploads\/2018\/05\/trump-2704264_960_720-360x240.jpg\" alt=\"\" width=\"360\" height=\"240\" srcset=\"https:\/\/candas365.es\/noticias\/wp-content\/uploads\/2018\/05\/trump-2704264_960_720-360x240.jpg 360w, https:\/\/candas365.es\/noticias\/wp-content\/uploads\/2018\/05\/trump-2704264_960_720-768x511.jpg 768w, https:\/\/candas365.es\/noticias\/wp-content\/uploads\/2018\/05\/trump-2704264_960_720-655x436.jpg 655w, https:\/\/candas365.es\/noticias\/wp-content\/uploads\/2018\/05\/trump-2704264_960_720-696x463.jpg 696w, https:\/\/candas365.es\/noticias\/wp-content\/uploads\/2018\/05\/trump-2704264_960_720-631x420.jpg 631w, https:\/\/candas365.es\/noticias\/wp-content\/uploads\/2018\/05\/trump-2704264_960_720.jpg 960w\" sizes=\"(max-width: 360px) 100vw, 360px\" \/>San Francisco, 20 nov (dpa) &#8211; Una corte de San Francisco bloque\u00f3 parcialmente las nuevas regulaciones de asilo aprobadas por decreto por el presidente estadounidense, Donald Trump, con el objetivo de frenar la llegada de migrantes.<\/p>\n<p>La corte federal de distrito de San Francisco para el Distrito Norte de California estableci\u00f3 que toda persona puede pedir asilo en Estados Unidos tanto si ha llegado de manera legal a un puesto fronterizo del pa\u00eds como si no lo ha hecho.<\/p>\n<p>En la nueva regulaci\u00f3n Trump establec\u00eda que las solicitudes de asilo \u00fanicamente se pod\u00edan tramitar en determinados puntos fronterizos, pero esta norma va contra el Acta de Inmigraci\u00f3n y Nacionalidad, consider\u00f3 el juez Jon S. Tigar. La decisi\u00f3n se tom\u00f3 en base a una demanda de organizaciones de migrantes.<\/p>\n<p>Trump ha reiterado en numerosas ocasiones que no permitir\u00e1 la entrada a Estados Unidos de miles de migrantes que avanzan en caravanas desde Centroam\u00e9rica hacia su pa\u00eds para pedir asilo. El presidente habl\u00f3 de una \u00abinvasi\u00f3n\u00bb y envi\u00f3 soldados a la frontera para impedir su paso.<\/p>\n<p>El requerimiento preliminar de la corte entra en vigor de inmediato y estar\u00e1 vigente al menos hasta el 19 de diciembre.<\/p>\n","protected":false},"excerpt":{"rendered":"<p>San Francisco, 20 nov (dpa) &#8211; Una corte de San Francisco bloque\u00f3 parcialmente las nuevas regulaciones de asilo aprobadas por decreto por el presidente estadounidense, Donald Trump, con el objetivo de frenar la llegada de migrantes. La corte federal de distrito de San Francisco para el Distrito Norte de California estableci\u00f3 que toda persona puede<\/p>\n","protected":false},"author":1,"featured_media":95599,"comment_status":"closed","ping_status":"closed","sticky":false,"template":"","format":"standard","meta":{"footnotes":""},"categories":[343],"tags":[],"class_list":{"0":"post-110310","1":"post","2":"type-post","3":"status-publish","4":"format-standard","5":"has-post-thumbnail","7":"category-actualidad"},"aioseo_notices":[],"aioseo_head":"\n\t\t<!-- All in One SEO Pro 4.9.6.2 - aioseo.com -->\n\t<meta name=\"description\" content=\"San Francisco, 20 nov (dpa) - Una corte de San Francisco bloque\u00f3 parcialmente las nuevas regulaciones de asilo aprobadas por decreto por el presidente estadounidense, Donald Trump, con el objetivo de frenar la llegada de migrantes. La corte federal de distrito de San Francisco para el Distrito Norte de California estableci\u00f3 que toda persona puede\" \/>\n\t<meta name=\"robots\" content=\"max-image-preview:large\" \/>\n\t<meta name=\"author\" content=\"Cand\u00e1s 365\"\/>\n\t<meta name=\"google-site-verification\" content=\"UA-32230408-1\" \/>\n\t<meta name=\"msvalidate.01\" content=\"354F3CDFB2DA171B47FBE9ABF1F88D5\" \/>\n\t<meta name=\"keywords\" content=\"actualidad\" \/>\n\t<link rel=\"canonical\" href=\"https:\/\/candas365.es\/noticias\/un-juez-bloquea-la-medida-de-trump-para-negar-asilo-a-los-inmigrantes\/\" \/>\n\t<meta name=\"generator\" content=\"All in One SEO Pro (AIOSEO) 4.9.6.2\" \/>\n\t\t<meta property=\"og:locale\" content=\"es_ES\" \/>\n\t\t<meta property=\"og:site_name\" content=\"Cand\u00e1s 365\" \/>\n\t\t<meta property=\"og:type\" content=\"article\" \/>\n\t\t<meta property=\"og:title\" content=\"Un juez bloquea la medida de Trump para negar asilo a los inmigrantes | Cand\u00e1s 365\" \/>\n\t\t<meta property=\"og:description\" content=\"San Francisco, 20 nov (dpa) - Una corte de San Francisco bloque\u00f3 parcialmente las nuevas regulaciones de asilo aprobadas por decreto por el presidente estadounidense, Donald Trump, con el objetivo de frenar la llegada de migrantes. La corte federal de distrito de San Francisco para el Distrito Norte de California estableci\u00f3 que toda persona puede\" \/>\n\t\t<meta property=\"og:url\" content=\"https:\/\/candas365.es\/noticias\/un-juez-bloquea-la-medida-de-trump-para-negar-asilo-a-los-inmigrantes\/\" \/>\n\t\t<meta property=\"og:image\" content=\"https:\/\/candas365.es\/noticias\/wp-content\/uploads\/2018\/05\/trump-2704264_960_720.jpg\" \/>\n\t\t<meta property=\"og:image:secure_url\" content=\"https:\/\/candas365.es\/noticias\/wp-content\/uploads\/2018\/05\/trump-2704264_960_720.jpg\" \/>\n\t\t<meta property=\"og:image:width\" content=\"960\" \/>\n\t\t<meta property=\"og:image:height\" content=\"639\" \/>\n\t\t<meta property=\"article:published_time\" content=\"2018-11-20T21:06:52+00:00\" \/>\n\t\t<meta property=\"article:modified_time\" content=\"2018-11-20T21:06:52+00:00\" \/>\n\t\t<meta property=\"article:publisher\" content=\"https:\/\/www.facebook.com\/Nachofdezber\" \/>\n\t\t<meta property=\"article:author\" content=\"https:\/\/www.facebook.com\/carrenoactualidad\" \/>\n\t\t<meta name=\"twitter:card\" content=\"summary_large_image\" \/>\n\t\t<meta name=\"twitter:site\" content=\"@NabercoDigital\" \/>\n\t\t<meta name=\"twitter:title\" content=\"Un juez bloquea la medida de Trump para negar asilo a los inmigrantes | Cand\u00e1s 365\" \/>\n\t\t<meta name=\"twitter:description\" content=\"San Francisco, 20 nov (dpa) - Una corte de San Francisco bloque\u00f3 parcialmente las nuevas regulaciones de asilo aprobadas por decreto por el presidente estadounidense, Donald Trump, con el objetivo de frenar la llegada de migrantes. La corte federal de distrito de San Francisco para el Distrito Norte de California estableci\u00f3 que toda persona puede\" \/>\n\t\t<meta name=\"twitter:creator\" content=\"@nbasturias\" \/>\n\t\t<meta name=\"twitter:image\" content=\"https:\/\/candas365.es\/noticias\/wp-content\/uploads\/2018\/05\/trump-2704264_960_720.jpg\" \/>\n\t\t<meta name=\"twitter:label1\" content=\"Escrito por\" \/>\n\t\t<meta name=\"twitter:data1\" content=\"Cand\u00e1s 365\" \/>\n\t\t<meta name=\"twitter:label2\" content=\"Tiempo de lectura estimado\" \/>\n\t\t<meta name=\"twitter:data2\" content=\"1 minuto\" \/>\n\t\t<script type=\"application\/ld+json\" class=\"aioseo-schema\">\n\t\t\t{\"@context\":\"https:\\\/\\\/schema.org\",\"@graph\":[{\"@type\":\"BreadcrumbList\",\"@id\":\"https:\\\/\\\/candas365.es\\\/noticias\\\/un-juez-bloquea-la-medida-de-trump-para-negar-asilo-a-los-inmigrantes\\\/#breadcrumblist\",\"itemListElement\":[{\"@type\":\"ListItem\",\"@id\":\"https:\\\/\\\/candas365.es\\\/noticias#listItem\",\"position\":1,\"name\":\"Home\",\"item\":\"https:\\\/\\\/candas365.es\\\/noticias\",\"nextItem\":{\"@type\":\"ListItem\",\"@id\":\"https:\\\/\\\/candas365.es\\\/noticias\\\/category\\\/actualidad\\\/#listItem\",\"name\":\"Actualidad\"}},{\"@type\":\"ListItem\",\"@id\":\"https:\\\/\\\/candas365.es\\\/noticias\\\/category\\\/actualidad\\\/#listItem\",\"position\":2,\"name\":\"Actualidad\",\"item\":\"https:\\\/\\\/candas365.es\\\/noticias\\\/category\\\/actualidad\\\/\",\"nextItem\":{\"@type\":\"ListItem\",\"@id\":\"https:\\\/\\\/candas365.es\\\/noticias\\\/un-juez-bloquea-la-medida-de-trump-para-negar-asilo-a-los-inmigrantes\\\/#listItem\",\"name\":\"Un juez bloquea la medida de Trump para negar asilo a los inmigrantes\"},\"previousItem\":{\"@type\":\"ListItem\",\"@id\":\"https:\\\/\\\/candas365.es\\\/noticias#listItem\",\"name\":\"Home\"}},{\"@type\":\"ListItem\",\"@id\":\"https:\\\/\\\/candas365.es\\\/noticias\\\/un-juez-bloquea-la-medida-de-trump-para-negar-asilo-a-los-inmigrantes\\\/#listItem\",\"position\":3,\"name\":\"Un juez bloquea la medida de Trump para negar asilo a los inmigrantes\",\"previousItem\":{\"@type\":\"ListItem\",\"@id\":\"https:\\\/\\\/candas365.es\\\/noticias\\\/category\\\/actualidad\\\/#listItem\",\"name\":\"Actualidad\"}}]},{\"@type\":\"NewsArticle\",\"@id\":\"https:\\\/\\\/candas365.es\\\/noticias\\\/un-juez-bloquea-la-medida-de-trump-para-negar-asilo-a-los-inmigrantes\\\/#newsarticle\",\"name\":\"Un juez bloquea la medida de Trump para negar asilo a los inmigrantes | Cand\\u00e1s 365\",\"headline\":\"Un juez bloquea la medida de Trump para negar asilo a los inmigrantes\",\"author\":{\"@id\":\"https:\\\/\\\/candas365.es\\\/noticias\\\/author\\\/admin\\\/#author\"},\"publisher\":{\"@id\":\"https:\\\/\\\/candas365.es\\\/noticias\\\/#organization\"},\"image\":{\"@type\":\"ImageObject\",\"url\":\"https:\\\/\\\/candas365.es\\\/noticias\\\/wp-content\\\/uploads\\\/2018\\\/05\\\/trump-2704264_960_720.jpg\",\"width\":960,\"height\":639},\"datePublished\":\"2018-11-20T21:06:52+01:00\",\"dateModified\":\"2018-11-20T21:06:52+01:00\",\"inLanguage\":\"es-ES\",\"mainEntityOfPage\":{\"@id\":\"https:\\\/\\\/candas365.es\\\/noticias\\\/un-juez-bloquea-la-medida-de-trump-para-negar-asilo-a-los-inmigrantes\\\/#webpage\"},\"isPartOf\":{\"@id\":\"https:\\\/\\\/candas365.es\\\/noticias\\\/un-juez-bloquea-la-medida-de-trump-para-negar-asilo-a-los-inmigrantes\\\/#webpage\"},\"articleSection\":\"Actualidad\",\"dateline\":\"Publicado el noviembre 20, 2018.\"},{\"@type\":\"Organization\",\"@id\":\"https:\\\/\\\/candas365.es\\\/noticias\\\/#organization\",\"name\":\"Cand\\u00e1s 365\",\"description\":\"Cand\\u00e1s 365 es un diario digital independiente, fundado en 2012, con base en Asturias. Informamos con rigor sobre actualidad, sociedad, cultura y ocio, con una mirada local y global.\",\"url\":\"https:\\\/\\\/candas365.es\\\/noticias\\\/\",\"email\":\"info@candas365.es\",\"telephone\":\"+34652131393\",\"foundingDate\":\"2012-06-10\",\"logo\":{\"@type\":\"ImageObject\",\"url\":\"https:\\\/\\\/candas365.es\\\/noticias\\\/wp-content\\\/uploads\\\/2024\\\/09\\\/Candas-365-Redes.jpg\",\"@id\":\"https:\\\/\\\/candas365.es\\\/noticias\\\/un-juez-bloquea-la-medida-de-trump-para-negar-asilo-a-los-inmigrantes\\\/#organizationLogo\",\"width\":1152,\"height\":864,\"caption\":\"Cand\\u00e1s 365 Redes\"},\"image\":{\"@id\":\"https:\\\/\\\/candas365.es\\\/noticias\\\/un-juez-bloquea-la-medida-de-trump-para-negar-asilo-a-los-inmigrantes\\\/#organizationLogo\"},\"sameAs\":[\"https:\\\/\\\/www.facebook.com\\\/Nachofdezber\",\"https:\\\/\\\/x.com\\\/NabercoDigital\",\"https:\\\/\\\/www.instagram.com\\\/nachofdezber\\\/\",\"https:\\\/\\\/www.youtube.com\\\/channel\\\/UCZP-2wLEB9Rv6erhFmqVnvg\"],\"address\":{\"@id\":\"https:\\\/\\\/candas365.es\\\/noticias\\\/#postaladdress\",\"@type\":\"PostalAddress\",\"streetAddress\":\"san antonio 4, san antonio 4\",\"postalCode\":\"33430\",\"addressLocality\":\"Cand\\u00e1s\",\"addressRegion\":\"Asturias\",\"addressCountry\":\"ES\"}},{\"@type\":\"Person\",\"@id\":\"https:\\\/\\\/candas365.es\\\/noticias\\\/author\\\/admin\\\/#author\",\"url\":\"https:\\\/\\\/candas365.es\\\/noticias\\\/author\\\/admin\\\/\",\"name\":\"Cand\\u00e1s 365\",\"image\":{\"@type\":\"ImageObject\",\"@id\":\"https:\\\/\\\/candas365.es\\\/noticias\\\/un-juez-bloquea-la-medida-de-trump-para-negar-asilo-a-los-inmigrantes\\\/#authorImage\",\"url\":\"https:\\\/\\\/secure.gravatar.com\\\/avatar\\\/496a8e03d0c493ede1718b7934145dbdf8d89be1036b0eec9544e1094c9de390?s=96&d=mm&r=g\",\"width\":96,\"height\":96,\"caption\":\"Cand\\u00e1s 365\"},\"sameAs\":[\"https:\\\/\\\/www.facebook.com\\\/carrenoactualidad\",\"https:\\\/\\\/twitter.com\\\/nbasturias\",\"https:\\\/\\\/www.instagram.com\\\/nachofdezber\\\/\",\"https:\\\/\\\/www.youtube.com\\\/channel\\\/UCZP-2wLEB9Rv6erhFmqVnvg\"]},{\"@type\":\"WebPage\",\"@id\":\"https:\\\/\\\/candas365.es\\\/noticias\\\/un-juez-bloquea-la-medida-de-trump-para-negar-asilo-a-los-inmigrantes\\\/#webpage\",\"url\":\"https:\\\/\\\/candas365.es\\\/noticias\\\/un-juez-bloquea-la-medida-de-trump-para-negar-asilo-a-los-inmigrantes\\\/\",\"name\":\"Un juez bloquea la medida de Trump para negar asilo a los inmigrantes | Cand\\u00e1s 365\",\"description\":\"San Francisco, 20 nov (dpa) - Una corte de San Francisco bloque\\u00f3 parcialmente las nuevas regulaciones de asilo aprobadas por decreto por el presidente estadounidense, Donald Trump, con el objetivo de frenar la llegada de migrantes. La corte federal de distrito de San Francisco para el Distrito Norte de California estableci\\u00f3 que toda persona puede\",\"inLanguage\":\"es-ES\",\"isPartOf\":{\"@id\":\"https:\\\/\\\/candas365.es\\\/noticias\\\/#website\"},\"breadcrumb\":{\"@id\":\"https:\\\/\\\/candas365.es\\\/noticias\\\/un-juez-bloquea-la-medida-de-trump-para-negar-asilo-a-los-inmigrantes\\\/#breadcrumblist\"},\"author\":{\"@id\":\"https:\\\/\\\/candas365.es\\\/noticias\\\/author\\\/admin\\\/#author\"},\"creator\":{\"@id\":\"https:\\\/\\\/candas365.es\\\/noticias\\\/author\\\/admin\\\/#author\"},\"image\":{\"@type\":\"ImageObject\",\"url\":\"https:\\\/\\\/candas365.es\\\/noticias\\\/wp-content\\\/uploads\\\/2018\\\/05\\\/trump-2704264_960_720.jpg\",\"@id\":\"https:\\\/\\\/candas365.es\\\/noticias\\\/un-juez-bloquea-la-medida-de-trump-para-negar-asilo-a-los-inmigrantes\\\/#mainImage\",\"width\":960,\"height\":639},\"primaryImageOfPage\":{\"@id\":\"https:\\\/\\\/candas365.es\\\/noticias\\\/un-juez-bloquea-la-medida-de-trump-para-negar-asilo-a-los-inmigrantes\\\/#mainImage\"},\"datePublished\":\"2018-11-20T21:06:52+01:00\",\"dateModified\":\"2018-11-20T21:06:52+01:00\"},{\"@type\":\"WebSite\",\"@id\":\"https:\\\/\\\/candas365.es\\\/noticias\\\/#website\",\"url\":\"https:\\\/\\\/candas365.es\\\/noticias\\\/\",\"name\":\"Cand\\u00e1s 365\",\"alternateName\":\"Cand\\u00e1s 365 Noticias\",\"description\":\"Actualidad desde Carre\\u00f1o para el mundo\",\"inLanguage\":\"es-ES\",\"publisher\":{\"@id\":\"https:\\\/\\\/candas365.es\\\/noticias\\\/#organization\"}}]}\n\t\t<\/script>\n\t\t<!-- All in One SEO Pro -->\r\n\t\t<title>Un juez bloquea la medida de Trump para negar asilo a los inmigrantes | Cand\u00e1s 365<\/title>\n\n","aioseo_head_json":{"title":"Un juez bloquea la medida de Trump para negar asilo a los inmigrantes | Cand\u00e1s 365","description":"San Francisco, 20 nov (dpa) - Una corte de San Francisco bloque\u00f3 parcialmente las nuevas regulaciones de asilo aprobadas por decreto por el presidente estadounidense, Donald Trump, con el objetivo de frenar la llegada de migrantes. La corte federal de distrito de San Francisco para el Distrito Norte de California estableci\u00f3 que toda persona puede","canonical_url":"https:\/\/candas365.es\/noticias\/un-juez-bloquea-la-medida-de-trump-para-negar-asilo-a-los-inmigrantes\/","robots":"max-image-preview:large","keywords":"actualidad","webmasterTools":{"google-site-verification":"UA-32230408-1","msvalidate.01":"354F3CDFB2DA171B47FBE9ABF1F88D5","miscellaneous":""},"schema":{"@context":"https:\/\/schema.org","@graph":[{"@type":"BreadcrumbList","@id":"https:\/\/candas365.es\/noticias\/un-juez-bloquea-la-medida-de-trump-para-negar-asilo-a-los-inmigrantes\/#breadcrumblist","itemListElement":[{"@type":"ListItem","@id":"https:\/\/candas365.es\/noticias#listItem","position":1,"name":"Home","item":"https:\/\/candas365.es\/noticias","nextItem":{"@type":"ListItem","@id":"https:\/\/candas365.es\/noticias\/category\/actualidad\/#listItem","name":"Actualidad"}},{"@type":"ListItem","@id":"https:\/\/candas365.es\/noticias\/category\/actualidad\/#listItem","position":2,"name":"Actualidad","item":"https:\/\/candas365.es\/noticias\/category\/actualidad\/","nextItem":{"@type":"ListItem","@id":"https:\/\/candas365.es\/noticias\/un-juez-bloquea-la-medida-de-trump-para-negar-asilo-a-los-inmigrantes\/#listItem","name":"Un juez bloquea la medida de Trump para negar asilo a los inmigrantes"},"previousItem":{"@type":"ListItem","@id":"https:\/\/candas365.es\/noticias#listItem","name":"Home"}},{"@type":"ListItem","@id":"https:\/\/candas365.es\/noticias\/un-juez-bloquea-la-medida-de-trump-para-negar-asilo-a-los-inmigrantes\/#listItem","position":3,"name":"Un juez bloquea la medida de Trump para negar asilo a los inmigrantes","previousItem":{"@type":"ListItem","@id":"https:\/\/candas365.es\/noticias\/category\/actualidad\/#listItem","name":"Actualidad"}}]},{"@type":"NewsArticle","@id":"https:\/\/candas365.es\/noticias\/un-juez-bloquea-la-medida-de-trump-para-negar-asilo-a-los-inmigrantes\/#newsarticle","name":"Un juez bloquea la medida de Trump para negar asilo a los inmigrantes | Cand\u00e1s 365","headline":"Un juez bloquea la medida de Trump para negar asilo a los inmigrantes","author":{"@id":"https:\/\/candas365.es\/noticias\/author\/admin\/#author"},"publisher":{"@id":"https:\/\/candas365.es\/noticias\/#organization"},"image":{"@type":"ImageObject","url":"https:\/\/candas365.es\/noticias\/wp-content\/uploads\/2018\/05\/trump-2704264_960_720.jpg","width":960,"height":639},"datePublished":"2018-11-20T21:06:52+01:00","dateModified":"2018-11-20T21:06:52+01:00","inLanguage":"es-ES","mainEntityOfPage":{"@id":"https:\/\/candas365.es\/noticias\/un-juez-bloquea-la-medida-de-trump-para-negar-asilo-a-los-inmigrantes\/#webpage"},"isPartOf":{"@id":"https:\/\/candas365.es\/noticias\/un-juez-bloquea-la-medida-de-trump-para-negar-asilo-a-los-inmigrantes\/#webpage"},"articleSection":"Actualidad","dateline":"Publicado el noviembre 20, 2018."},{"@type":"Organization","@id":"https:\/\/candas365.es\/noticias\/#organization","name":"Cand\u00e1s 365","description":"Cand\u00e1s 365 es un diario digital independiente, fundado en 2012, con base en Asturias. Informamos con rigor sobre actualidad, sociedad, cultura y ocio, con una mirada local y global.","url":"https:\/\/candas365.es\/noticias\/","email":"info@candas365.es","telephone":"+34652131393","foundingDate":"2012-06-10","logo":{"@type":"ImageObject","url":"https:\/\/candas365.es\/noticias\/wp-content\/uploads\/2024\/09\/Candas-365-Redes.jpg","@id":"https:\/\/candas365.es\/noticias\/un-juez-bloquea-la-medida-de-trump-para-negar-asilo-a-los-inmigrantes\/#organizationLogo","width":1152,"height":864,"caption":"Cand\u00e1s 365 Redes"},"image":{"@id":"https:\/\/candas365.es\/noticias\/un-juez-bloquea-la-medida-de-trump-para-negar-asilo-a-los-inmigrantes\/#organizationLogo"},"sameAs":["https:\/\/www.facebook.com\/Nachofdezber","https:\/\/x.com\/NabercoDigital","https:\/\/www.instagram.com\/nachofdezber\/","https:\/\/www.youtube.com\/channel\/UCZP-2wLEB9Rv6erhFmqVnvg"],"address":{"@id":"https:\/\/candas365.es\/noticias\/#postaladdress","@type":"PostalAddress","streetAddress":"san antonio 4, san antonio 4","postalCode":"33430","addressLocality":"Cand\u00e1s","addressRegion":"Asturias","addressCountry":"ES"}},{"@type":"Person","@id":"https:\/\/candas365.es\/noticias\/author\/admin\/#author","url":"https:\/\/candas365.es\/noticias\/author\/admin\/","name":"Cand\u00e1s 365","image":{"@type":"ImageObject","@id":"https:\/\/candas365.es\/noticias\/un-juez-bloquea-la-medida-de-trump-para-negar-asilo-a-los-inmigrantes\/#authorImage","url":"https:\/\/secure.gravatar.com\/avatar\/496a8e03d0c493ede1718b7934145dbdf8d89be1036b0eec9544e1094c9de390?s=96&d=mm&r=g","width":96,"height":96,"caption":"Cand\u00e1s 365"},"sameAs":["https:\/\/www.facebook.com\/carrenoactualidad","https:\/\/twitter.com\/nbasturias","https:\/\/www.instagram.com\/nachofdezber\/","https:\/\/www.youtube.com\/channel\/UCZP-2wLEB9Rv6erhFmqVnvg"]},{"@type":"WebPage","@id":"https:\/\/candas365.es\/noticias\/un-juez-bloquea-la-medida-de-trump-para-negar-asilo-a-los-inmigrantes\/#webpage","url":"https:\/\/candas365.es\/noticias\/un-juez-bloquea-la-medida-de-trump-para-negar-asilo-a-los-inmigrantes\/","name":"Un juez bloquea la medida de Trump para negar asilo a los inmigrantes | Cand\u00e1s 365","description":"San Francisco, 20 nov (dpa) - Una corte de San Francisco bloque\u00f3 parcialmente las nuevas regulaciones de asilo aprobadas por decreto por el presidente estadounidense, Donald Trump, con el objetivo de frenar la llegada de migrantes. La corte federal de distrito de San Francisco para el Distrito Norte de California estableci\u00f3 que toda persona puede","inLanguage":"es-ES","isPartOf":{"@id":"https:\/\/candas365.es\/noticias\/#website"},"breadcrumb":{"@id":"https:\/\/candas365.es\/noticias\/un-juez-bloquea-la-medida-de-trump-para-negar-asilo-a-los-inmigrantes\/#breadcrumblist"},"author":{"@id":"https:\/\/candas365.es\/noticias\/author\/admin\/#author"},"creator":{"@id":"https:\/\/candas365.es\/noticias\/author\/admin\/#author"},"image":{"@type":"ImageObject","url":"https:\/\/candas365.es\/noticias\/wp-content\/uploads\/2018\/05\/trump-2704264_960_720.jpg","@id":"https:\/\/candas365.es\/noticias\/un-juez-bloquea-la-medida-de-trump-para-negar-asilo-a-los-inmigrantes\/#mainImage","width":960,"height":639},"primaryImageOfPage":{"@id":"https:\/\/candas365.es\/noticias\/un-juez-bloquea-la-medida-de-trump-para-negar-asilo-a-los-inmigrantes\/#mainImage"},"datePublished":"2018-11-20T21:06:52+01:00","dateModified":"2018-11-20T21:06:52+01:00"},{"@type":"WebSite","@id":"https:\/\/candas365.es\/noticias\/#website","url":"https:\/\/candas365.es\/noticias\/","name":"Cand\u00e1s 365","alternateName":"Cand\u00e1s 365 Noticias","description":"Actualidad desde Carre\u00f1o para el mundo","inLanguage":"es-ES","publisher":{"@id":"https:\/\/candas365.es\/noticias\/#organization"}}]},"og:locale":"es_ES","og:site_name":"Cand\u00e1s 365","og:type":"article","og:title":"Un juez bloquea la medida de Trump para negar asilo a los inmigrantes | Cand\u00e1s 365","og:description":"San Francisco, 20 nov (dpa) - Una corte de San Francisco bloque\u00f3 parcialmente las nuevas regulaciones de asilo aprobadas por decreto por el presidente estadounidense, Donald Trump, con el objetivo de frenar la llegada de migrantes. La corte federal de distrito de San Francisco para el Distrito Norte de California estableci\u00f3 que toda persona puede","og:url":"https:\/\/candas365.es\/noticias\/un-juez-bloquea-la-medida-de-trump-para-negar-asilo-a-los-inmigrantes\/","og:image":"https:\/\/candas365.es\/noticias\/wp-content\/uploads\/2018\/05\/trump-2704264_960_720.jpg","og:image:secure_url":"https:\/\/candas365.es\/noticias\/wp-content\/uploads\/2018\/05\/trump-2704264_960_720.jpg","og:image:width":960,"og:image:height":639,"article:published_time":"2018-11-20T21:06:52+00:00","article:modified_time":"2018-11-20T21:06:52+00:00","article:publisher":"https:\/\/www.facebook.com\/Nachofdezber","article:author":"https:\/\/www.facebook.com\/carrenoactualidad","twitter:card":"summary_large_image","twitter:site":"@NabercoDigital","twitter:title":"Un juez bloquea la medida de Trump para negar asilo a los inmigrantes | Cand\u00e1s 365","twitter:description":"San Francisco, 20 nov (dpa) - Una corte de San Francisco bloque\u00f3 parcialmente las nuevas regulaciones de asilo aprobadas por decreto por el presidente estadounidense, Donald Trump, con el objetivo de frenar la llegada de migrantes. La corte federal de distrito de San Francisco para el Distrito Norte de California estableci\u00f3 que toda persona puede","twitter:creator":"@nbasturias","twitter:image":"https:\/\/candas365.es\/noticias\/wp-content\/uploads\/2018\/05\/trump-2704264_960_720.jpg","twitter:label1":"Escrito por","twitter:data1":"Cand\u00e1s 365","twitter:label2":"Tiempo de lectura estimado","twitter:data2":"1 minuto"},"aioseo_meta_data":{"post_id":"110310","title":null,"description":null,"keywords":null,"keyphrases":null,"primary_term":null,"canonical_url":null,"og_title":null,"og_description":null,"og_object_type":"default","og_image_type":"default","og_image_url":null,"og_image_width":null,"og_image_height":null,"og_image_custom_url":null,"og_image_custom_fields":null,"og_video":null,"og_custom_url":null,"og_article_section":null,"og_article_tags":null,"twitter_use_og":false,"twitter_card":"default","twitter_image_type":"default","twitter_image_url":null,"twitter_image_custom_url":null,"twitter_image_custom_fields":null,"twitter_title":null,"twitter_description":null,"schema":{"blockGraphs":[],"customGraphs":[],"default":{"data":{"Article":[],"Course":[],"Dataset":[],"FAQPage":[],"Movie":[],"Person":[],"Product":[],"ProductReview":[],"Car":[],"Recipe":[],"Service":[],"SoftwareApplication":[],"WebPage":[]},"graphName":"","isEnabled":true},"graphs":[],"defaultGraph":"","defaultPostTypeGraph":""},"schema_type":null,"schema_type_options":null,"pillar_content":false,"robots_default":true,"robots_noindex":false,"robots_noarchive":false,"robots_nosnippet":false,"robots_nofollow":false,"robots_noimageindex":false,"robots_noodp":false,"robots_notranslate":false,"robots_max_snippet":null,"robots_max_videopreview":null,"robots_max_imagepreview":"large","priority":null,"frequency":null,"location":null,"local_seo":null,"seo_analyzer_scan_date":"2025-08-28 12:16:19","breadcrumb_settings":null,"limit_modified_date":false,"reviewed_by":null,"open_ai":null,"ai":null,"created":"2020-12-21 11:38:47","updated":"2025-08-28 12:16:19"},"aioseo_breadcrumb":"<div class=\"aioseo-breadcrumbs\"><span class=\"aioseo-breadcrumb\">\n\t<a href=\"https:\/\/candas365.es\/noticias\" title=\"Home\">Home<\/a>\n<\/span><span class=\"aioseo-breadcrumb-separator\">&ndash;<\/span><span class=\"aioseo-breadcrumb\">\n\t<a href=\"https:\/\/candas365.es\/noticias\/category\/actualidad\/\" title=\"Actualidad\">Actualidad<\/a>\n<\/span><span class=\"aioseo-breadcrumb-separator\">&ndash;<\/span><span class=\"aioseo-breadcrumb\">\n\tUn juez bloquea la medida de Trump para negar asilo a los inmigrantes\n<\/span><\/div>","aioseo_breadcrumb_json":[{"label":"Home","link":"https:\/\/candas365.es\/noticias"},{"label":"Actualidad","link":"https:\/\/candas365.es\/noticias\/category\/actualidad\/"},{"label":"Un juez bloquea la medida de Trump para negar asilo a los inmigrantes","link":"https:\/\/candas365.es\/noticias\/un-juez-bloquea-la-medida-de-trump-para-negar-asilo-a-los-inmigrantes\/"}],"_links":{"self":[{"href":"https:\/\/candas365.es\/noticias\/wp-json\/wp\/v2\/posts\/110310","targetHints":{"allow":["GET"]}}],"collection":[{"href":"https:\/\/candas365.es\/noticias\/wp-json\/wp\/v2\/posts"}],"about":[{"href":"https:\/\/candas365.es\/noticias\/wp-json\/wp\/v2\/types\/post"}],"author":[{"embeddable":true,"href":"https:\/\/candas365.es\/noticias\/wp-json\/wp\/v2\/users\/1"}],"replies":[{"embeddable":true,"href":"https:\/\/candas365.es\/noticias\/wp-json\/wp\/v2\/comments?post=110310"}],"version-history":[{"count":0,"href":"https:\/\/candas365.es\/noticias\/wp-json\/wp\/v2\/posts\/110310\/revisions"}],"wp:featuredmedia":[{"embeddable":true,"href":"https:\/\/candas365.es\/noticias\/wp-json\/wp\/v2\/media\/95599"}],"wp:attachment":[{"href":"https:\/\/candas365.es\/noticias\/wp-json\/wp\/v2\/media?parent=110310"}],"wp:term":[{"taxonomy":"category","embeddable":true,"href":"https:\/\/candas365.es\/noticias\/wp-json\/wp\/v2\/categories?post=110310"},{"taxonomy":"post_tag","embeddable":true,"href":"https:\/\/candas365.es\/noticias\/wp-json\/wp\/v2\/tags?post=110310"}],"curies":[{"name":"wp","href":"https:\/\/api.w.org\/{rel}","templated":true}]}}