{"id":110307,"date":"2018-11-20T20:11:51","date_gmt":"2018-11-20T20:11:51","guid":{"rendered":"http:\/\/candas365.es\/noticias\/?p=110307"},"modified":"2018-11-20T20:11:51","modified_gmt":"2018-11-20T20:11:51","slug":"presentados-los-proyectos-preseleccionados-para-los-premios-arquimedes","status":"publish","type":"post","link":"https:\/\/candas365.es\/noticias\/presentados-los-proyectos-preseleccionados-para-los-premios-arquimedes\/","title":{"rendered":"Presentados los proyectos preseleccionados para los premios Arqu\u00edmedes"},"content":{"rendered":"<p><img fetchpriority=\"high\" decoding=\"async\" class=\"alignleft size-medium wp-image-110308\" src=\"https:\/\/candas365.es\/noticias\/wp-content\/uploads\/2018\/11\/201118Ministerio-360x239.jpeg\" alt=\"\" width=\"360\" height=\"239\" srcset=\"https:\/\/candas365.es\/noticias\/wp-content\/uploads\/2018\/11\/201118Ministerio-360x239.jpeg 360w, https:\/\/candas365.es\/noticias\/wp-content\/uploads\/2018\/11\/201118Ministerio.jpeg 512w\" sizes=\"(max-width: 360px) 100vw, 360px\" \/>El certamen Universitario Arqu\u00edmedes, convocado por el Ministerio de Ciencia, Innovaci\u00f3n y Universidades a trav\u00e9s de la Secretar\u00eda General de Universidades e I+D+I, premia a los estudiantes de universidades espa\u00f1olas por la realizaci\u00f3n de obras relevantes de investigaci\u00f3n cient\u00edfica y tecnol\u00f3gica en cualquier \u00e1rea del conocimiento.<\/p>\n<p>Esta decimos\u00e9ptima edici\u00f3n cuenta con la participaci\u00f3n de entidades colaboradoras del certamen como el Consejo Superior de Investigaciones Cient\u00edficas, la Fundaci\u00f3n Once y la Fundaci\u00f3n Vencer el C\u00e1ncer, a las que este a\u00f1o se suma la Universidad Rey Juan Carlos.<\/p>\n<p>Se han presentado a esta edici\u00f3n 200 proyectos, de los que un 25 por ciento pertenecen al \u00e1rea de Ciencias Sociales y Humanidades, el 20 por ciento a Ingenier\u00eda y Arquitectura, un 33 por ciento al \u00e1rea de Ciencias Biol\u00f3gicas y Biom\u00e9dicas y el 22 por ciento a Ciencias Experimentales, Exactas y Ambientales. Estos trabajos, que alcanzan una excelente calidad cient\u00edfica, son una muestra significativa de la investigaci\u00f3n que se est\u00e1 llevando a cabo en las universidades espa\u00f1olas.<\/p>\n<p>Del total de proyectos recibidos, un 49 por ciento han sido elaborados por estudiantes de grado y el resto por estudiantes de m\u00e1ster. Tras una exhaustiva evaluaci\u00f3n por parte de expertos de cada \u00e1mbito cient\u00edfico, han sido preseleccionados 25 trabajos de 20 universidades espa\u00f1olas.<\/p>\n<p>Los alumnos responsables de estos trabajos participar\u00e1n en la fase final, que se celebrar\u00e1 en la Universidad Rey Juan Carlos del 21 al 23 de noviembre pr\u00f3ximo, debiendo realizar una exposici\u00f3n de los resultados obtenidos en su investigaci\u00f3n ante los miembros del jurado.<\/p>\n<p>Finalizadas las exposiciones, el viernes 23 de noviembre a las 12,00 horas, en el Sal\u00f3n de Actos del Edificio de Gesti\u00f3n de la Universidad rey Juan Carlos, Avenida de Atenas s\/n 28922 de Alcorc\u00f3n, Madrid, se har\u00e1 entrega de los siguientes premios:<\/p>\n<ul>\n<li>Premio especial \u00abArqu\u00edmedes\u00bb del Jurado, dotado con 8.000 euros.<\/li>\n<li>Premio especial \u00abEcolog\u00eda y Biodiversidad\u00bb de 6.000 euros.<\/li>\n<li>4 primeros premios de 6.000 euros a cada uno de los mejores trabajos en cada \u00e1rea<\/li>\n<li>4 segundos premios de 5.000 euros a los segundos mejores trabajos de cada \u00e1rea.<\/li>\n<li>15 acc\u00e9sits de 2.000 euros.<\/li>\n<li>6 premios de 2.000 euros a los tutores de los primeros premios y premios especiales.<\/li>\n<li>Premio de la Universidad Rey Juan Carlos de 3.000 euros.<\/li>\n<li>Premio especial Fundaci\u00f3n \u00abVencer el C\u00e1ncer\u00bb, consistente en una estancia en un centro de investigaci\u00f3n.<\/li>\n<li>Premio especial Fundaci\u00f3n ONCE de 1.500 euros, al mejor trabajo que investigue en las mejoras de las personas con discapacidad.<\/li>\n<li>3 estancias en el CSIC de dos semanas de duraci\u00f3n en centros de investigaci\u00f3n del Consejo.<\/li>\n<\/ul>\n","protected":false},"excerpt":{"rendered":"<p>El certamen Universitario Arqu\u00edmedes, convocado por el Ministerio de Ciencia, Innovaci\u00f3n y Universidades a trav\u00e9s de la Secretar\u00eda General de Universidades e I+D+I, premia a los estudiantes de universidades espa\u00f1olas por la realizaci\u00f3n de obras relevantes de investigaci\u00f3n cient\u00edfica y tecnol\u00f3gica en cualquier \u00e1rea del conocimiento. Esta decimos\u00e9ptima edici\u00f3n cuenta con la participaci\u00f3n de entidades<\/p>\n","protected":false},"author":1,"featured_media":110308,"comment_status":"closed","ping_status":"closed","sticky":false,"template":"","format":"standard","meta":{"footnotes":""},"categories":[343],"tags":[],"class_list":{"0":"post-110307","1":"post","2":"type-post","3":"status-publish","4":"format-standard","5":"has-post-thumbnail","7":"category-actualidad"},"aioseo_notices":[],"aioseo_head":"\n\t\t<!-- All in One SEO Pro 4.9.6.2 - aioseo.com -->\n\t<meta name=\"description\" content=\"El certamen Universitario Arqu\u00edmedes, convocado por el Ministerio de Ciencia, Innovaci\u00f3n y Universidades a trav\u00e9s de la Secretar\u00eda General de Universidades e I+D+I, premia a los estudiantes de universidades espa\u00f1olas por la realizaci\u00f3n de obras relevantes de investigaci\u00f3n cient\u00edfica y tecnol\u00f3gica en cualquier \u00e1rea del conocimiento. Esta decimos\u00e9ptima edici\u00f3n cuenta con la participaci\u00f3n de entidades\" \/>\n\t<meta name=\"robots\" content=\"max-image-preview:large\" \/>\n\t<meta name=\"author\" content=\"Cand\u00e1s 365\"\/>\n\t<meta name=\"google-site-verification\" content=\"UA-32230408-1\" \/>\n\t<meta name=\"msvalidate.01\" content=\"354F3CDFB2DA171B47FBE9ABF1F88D5\" \/>\n\t<meta name=\"keywords\" content=\"actualidad\" \/>\n\t<link rel=\"canonical\" href=\"https:\/\/candas365.es\/noticias\/presentados-los-proyectos-preseleccionados-para-los-premios-arquimedes\/\" \/>\n\t<meta name=\"generator\" content=\"All in One SEO Pro (AIOSEO) 4.9.6.2\" \/>\n\t\t<meta property=\"og:locale\" content=\"es_ES\" \/>\n\t\t<meta property=\"og:site_name\" content=\"Cand\u00e1s 365\" \/>\n\t\t<meta property=\"og:type\" content=\"article\" \/>\n\t\t<meta property=\"og:title\" content=\"Presentados los proyectos preseleccionados para los premios Arqu\u00edmedes | Cand\u00e1s 365\" \/>\n\t\t<meta property=\"og:description\" content=\"El certamen Universitario Arqu\u00edmedes, convocado por el Ministerio de Ciencia, Innovaci\u00f3n y Universidades a trav\u00e9s de la Secretar\u00eda General de Universidades e I+D+I, premia a los estudiantes de universidades espa\u00f1olas por la realizaci\u00f3n de obras relevantes de investigaci\u00f3n cient\u00edfica y tecnol\u00f3gica en cualquier \u00e1rea del conocimiento. Esta decimos\u00e9ptima edici\u00f3n cuenta con la participaci\u00f3n de entidades\" \/>\n\t\t<meta property=\"og:url\" content=\"https:\/\/candas365.es\/noticias\/presentados-los-proyectos-preseleccionados-para-los-premios-arquimedes\/\" \/>\n\t\t<meta property=\"og:image\" content=\"https:\/\/candas365.es\/noticias\/wp-content\/uploads\/2018\/11\/201118Ministerio.jpeg\" \/>\n\t\t<meta property=\"og:image:secure_url\" content=\"https:\/\/candas365.es\/noticias\/wp-content\/uploads\/2018\/11\/201118Ministerio.jpeg\" \/>\n\t\t<meta property=\"og:image:width\" content=\"512\" \/>\n\t\t<meta property=\"og:image:height\" content=\"340\" \/>\n\t\t<meta property=\"article:published_time\" content=\"2018-11-20T20:11:51+00:00\" \/>\n\t\t<meta property=\"article:modified_time\" content=\"2018-11-20T20:11:51+00:00\" \/>\n\t\t<meta property=\"article:publisher\" content=\"https:\/\/www.facebook.com\/Nachofdezber\" \/>\n\t\t<meta property=\"article:author\" content=\"https:\/\/www.facebook.com\/carrenoactualidad\" \/>\n\t\t<meta name=\"twitter:card\" content=\"summary_large_image\" \/>\n\t\t<meta name=\"twitter:site\" content=\"@NabercoDigital\" \/>\n\t\t<meta name=\"twitter:title\" content=\"Presentados los proyectos preseleccionados para los premios Arqu\u00edmedes | Cand\u00e1s 365\" \/>\n\t\t<meta name=\"twitter:description\" content=\"El certamen Universitario Arqu\u00edmedes, convocado por el Ministerio de Ciencia, Innovaci\u00f3n y Universidades a trav\u00e9s de la Secretar\u00eda General de Universidades e I+D+I, premia a los estudiantes de universidades espa\u00f1olas por la realizaci\u00f3n de obras relevantes de investigaci\u00f3n cient\u00edfica y tecnol\u00f3gica en cualquier \u00e1rea del conocimiento. Esta decimos\u00e9ptima edici\u00f3n cuenta con la participaci\u00f3n de entidades\" \/>\n\t\t<meta name=\"twitter:creator\" content=\"@nbasturias\" \/>\n\t\t<meta name=\"twitter:image\" content=\"https:\/\/candas365.es\/noticias\/wp-content\/uploads\/2018\/11\/201118Ministerio.jpeg\" \/>\n\t\t<meta name=\"twitter:label1\" content=\"Escrito por\" \/>\n\t\t<meta name=\"twitter:data1\" content=\"Cand\u00e1s 365\" \/>\n\t\t<meta name=\"twitter:label2\" content=\"Tiempo de lectura estimado\" \/>\n\t\t<meta name=\"twitter:data2\" content=\"2 minutos\" \/>\n\t\t<script type=\"application\/ld+json\" class=\"aioseo-schema\">\n\t\t\t{\"@context\":\"https:\\\/\\\/schema.org\",\"@graph\":[{\"@type\":\"BreadcrumbList\",\"@id\":\"https:\\\/\\\/candas365.es\\\/noticias\\\/presentados-los-proyectos-preseleccionados-para-los-premios-arquimedes\\\/#breadcrumblist\",\"itemListElement\":[{\"@type\":\"ListItem\",\"@id\":\"https:\\\/\\\/candas365.es\\\/noticias#listItem\",\"position\":1,\"name\":\"Home\",\"item\":\"https:\\\/\\\/candas365.es\\\/noticias\",\"nextItem\":{\"@type\":\"ListItem\",\"@id\":\"https:\\\/\\\/candas365.es\\\/noticias\\\/category\\\/actualidad\\\/#listItem\",\"name\":\"Actualidad\"}},{\"@type\":\"ListItem\",\"@id\":\"https:\\\/\\\/candas365.es\\\/noticias\\\/category\\\/actualidad\\\/#listItem\",\"position\":2,\"name\":\"Actualidad\",\"item\":\"https:\\\/\\\/candas365.es\\\/noticias\\\/category\\\/actualidad\\\/\",\"nextItem\":{\"@type\":\"ListItem\",\"@id\":\"https:\\\/\\\/candas365.es\\\/noticias\\\/presentados-los-proyectos-preseleccionados-para-los-premios-arquimedes\\\/#listItem\",\"name\":\"Presentados los proyectos preseleccionados para los premios Arqu\\u00edmedes\"},\"previousItem\":{\"@type\":\"ListItem\",\"@id\":\"https:\\\/\\\/candas365.es\\\/noticias#listItem\",\"name\":\"Home\"}},{\"@type\":\"ListItem\",\"@id\":\"https:\\\/\\\/candas365.es\\\/noticias\\\/presentados-los-proyectos-preseleccionados-para-los-premios-arquimedes\\\/#listItem\",\"position\":3,\"name\":\"Presentados los proyectos preseleccionados para los premios Arqu\\u00edmedes\",\"previousItem\":{\"@type\":\"ListItem\",\"@id\":\"https:\\\/\\\/candas365.es\\\/noticias\\\/category\\\/actualidad\\\/#listItem\",\"name\":\"Actualidad\"}}]},{\"@type\":\"NewsArticle\",\"@id\":\"https:\\\/\\\/candas365.es\\\/noticias\\\/presentados-los-proyectos-preseleccionados-para-los-premios-arquimedes\\\/#newsarticle\",\"name\":\"Presentados los proyectos preseleccionados para los premios Arqu\\u00edmedes | Cand\\u00e1s 365\",\"headline\":\"Presentados los proyectos preseleccionados para los premios Arqu\\u00edmedes\",\"author\":{\"@id\":\"https:\\\/\\\/candas365.es\\\/noticias\\\/author\\\/admin\\\/#author\"},\"publisher\":{\"@id\":\"https:\\\/\\\/candas365.es\\\/noticias\\\/#organization\"},\"image\":{\"@type\":\"ImageObject\",\"url\":\"https:\\\/\\\/candas365.es\\\/noticias\\\/wp-content\\\/uploads\\\/2018\\\/11\\\/201118Ministerio.jpeg\",\"width\":512,\"height\":340},\"datePublished\":\"2018-11-20T20:11:51+01:00\",\"dateModified\":\"2018-11-20T20:11:51+01:00\",\"inLanguage\":\"es-ES\",\"mainEntityOfPage\":{\"@id\":\"https:\\\/\\\/candas365.es\\\/noticias\\\/presentados-los-proyectos-preseleccionados-para-los-premios-arquimedes\\\/#webpage\"},\"isPartOf\":{\"@id\":\"https:\\\/\\\/candas365.es\\\/noticias\\\/presentados-los-proyectos-preseleccionados-para-los-premios-arquimedes\\\/#webpage\"},\"articleSection\":\"Actualidad\",\"dateline\":\"Publicado el noviembre 20, 2018.\"},{\"@type\":\"Organization\",\"@id\":\"https:\\\/\\\/candas365.es\\\/noticias\\\/#organization\",\"name\":\"Cand\\u00e1s 365\",\"description\":\"Cand\\u00e1s 365 es un diario digital independiente, fundado en 2012, con base en Asturias. Informamos con rigor sobre actualidad, sociedad, cultura y ocio, con una mirada local y global.\",\"url\":\"https:\\\/\\\/candas365.es\\\/noticias\\\/\",\"email\":\"info@candas365.es\",\"telephone\":\"+34652131393\",\"foundingDate\":\"2012-06-10\",\"logo\":{\"@type\":\"ImageObject\",\"url\":\"https:\\\/\\\/candas365.es\\\/noticias\\\/wp-content\\\/uploads\\\/2024\\\/09\\\/Candas-365-Redes.jpg\",\"@id\":\"https:\\\/\\\/candas365.es\\\/noticias\\\/presentados-los-proyectos-preseleccionados-para-los-premios-arquimedes\\\/#organizationLogo\",\"width\":1152,\"height\":864,\"caption\":\"Cand\\u00e1s 365 Redes\"},\"image\":{\"@id\":\"https:\\\/\\\/candas365.es\\\/noticias\\\/presentados-los-proyectos-preseleccionados-para-los-premios-arquimedes\\\/#organizationLogo\"},\"sameAs\":[\"https:\\\/\\\/www.facebook.com\\\/Nachofdezber\",\"https:\\\/\\\/x.com\\\/NabercoDigital\",\"https:\\\/\\\/www.instagram.com\\\/nachofdezber\\\/\",\"https:\\\/\\\/www.youtube.com\\\/channel\\\/UCZP-2wLEB9Rv6erhFmqVnvg\"],\"address\":{\"@id\":\"https:\\\/\\\/candas365.es\\\/noticias\\\/#postaladdress\",\"@type\":\"PostalAddress\",\"streetAddress\":\"san antonio 4, san antonio 4\",\"postalCode\":\"33430\",\"addressLocality\":\"Cand\\u00e1s\",\"addressRegion\":\"Asturias\",\"addressCountry\":\"ES\"}},{\"@type\":\"Person\",\"@id\":\"https:\\\/\\\/candas365.es\\\/noticias\\\/author\\\/admin\\\/#author\",\"url\":\"https:\\\/\\\/candas365.es\\\/noticias\\\/author\\\/admin\\\/\",\"name\":\"Cand\\u00e1s 365\",\"image\":{\"@type\":\"ImageObject\",\"@id\":\"https:\\\/\\\/candas365.es\\\/noticias\\\/presentados-los-proyectos-preseleccionados-para-los-premios-arquimedes\\\/#authorImage\",\"url\":\"https:\\\/\\\/secure.gravatar.com\\\/avatar\\\/496a8e03d0c493ede1718b7934145dbdf8d89be1036b0eec9544e1094c9de390?s=96&d=mm&r=g\",\"width\":96,\"height\":96,\"caption\":\"Cand\\u00e1s 365\"},\"sameAs\":[\"https:\\\/\\\/www.facebook.com\\\/carrenoactualidad\",\"https:\\\/\\\/twitter.com\\\/nbasturias\",\"https:\\\/\\\/www.instagram.com\\\/nachofdezber\\\/\",\"https:\\\/\\\/www.youtube.com\\\/channel\\\/UCZP-2wLEB9Rv6erhFmqVnvg\"]},{\"@type\":\"WebPage\",\"@id\":\"https:\\\/\\\/candas365.es\\\/noticias\\\/presentados-los-proyectos-preseleccionados-para-los-premios-arquimedes\\\/#webpage\",\"url\":\"https:\\\/\\\/candas365.es\\\/noticias\\\/presentados-los-proyectos-preseleccionados-para-los-premios-arquimedes\\\/\",\"name\":\"Presentados los proyectos preseleccionados para los premios Arqu\\u00edmedes | Cand\\u00e1s 365\",\"description\":\"El certamen Universitario Arqu\\u00edmedes, convocado por el Ministerio de Ciencia, Innovaci\\u00f3n y Universidades a trav\\u00e9s de la Secretar\\u00eda General de Universidades e I+D+I, premia a los estudiantes de universidades espa\\u00f1olas por la realizaci\\u00f3n de obras relevantes de investigaci\\u00f3n cient\\u00edfica y tecnol\\u00f3gica en cualquier \\u00e1rea del conocimiento. Esta decimos\\u00e9ptima edici\\u00f3n cuenta con la participaci\\u00f3n de entidades\",\"inLanguage\":\"es-ES\",\"isPartOf\":{\"@id\":\"https:\\\/\\\/candas365.es\\\/noticias\\\/#website\"},\"breadcrumb\":{\"@id\":\"https:\\\/\\\/candas365.es\\\/noticias\\\/presentados-los-proyectos-preseleccionados-para-los-premios-arquimedes\\\/#breadcrumblist\"},\"author\":{\"@id\":\"https:\\\/\\\/candas365.es\\\/noticias\\\/author\\\/admin\\\/#author\"},\"creator\":{\"@id\":\"https:\\\/\\\/candas365.es\\\/noticias\\\/author\\\/admin\\\/#author\"},\"image\":{\"@type\":\"ImageObject\",\"url\":\"https:\\\/\\\/candas365.es\\\/noticias\\\/wp-content\\\/uploads\\\/2018\\\/11\\\/201118Ministerio.jpeg\",\"@id\":\"https:\\\/\\\/candas365.es\\\/noticias\\\/presentados-los-proyectos-preseleccionados-para-los-premios-arquimedes\\\/#mainImage\",\"width\":512,\"height\":340},\"primaryImageOfPage\":{\"@id\":\"https:\\\/\\\/candas365.es\\\/noticias\\\/presentados-los-proyectos-preseleccionados-para-los-premios-arquimedes\\\/#mainImage\"},\"datePublished\":\"2018-11-20T20:11:51+01:00\",\"dateModified\":\"2018-11-20T20:11:51+01:00\"},{\"@type\":\"WebSite\",\"@id\":\"https:\\\/\\\/candas365.es\\\/noticias\\\/#website\",\"url\":\"https:\\\/\\\/candas365.es\\\/noticias\\\/\",\"name\":\"Cand\\u00e1s 365\",\"alternateName\":\"Cand\\u00e1s 365 Noticias\",\"description\":\"Actualidad desde Carre\\u00f1o para el mundo\",\"inLanguage\":\"es-ES\",\"publisher\":{\"@id\":\"https:\\\/\\\/candas365.es\\\/noticias\\\/#organization\"}}]}\n\t\t<\/script>\n\t\t<!-- All in One SEO Pro -->\r\n\t\t<title>Presentados los proyectos preseleccionados para los premios Arqu\u00edmedes | Cand\u00e1s 365<\/title>\n\n","aioseo_head_json":{"title":"Presentados los proyectos preseleccionados para los premios Arqu\u00edmedes | Cand\u00e1s 365","description":"El certamen Universitario Arqu\u00edmedes, convocado por el Ministerio de Ciencia, Innovaci\u00f3n y Universidades a trav\u00e9s de la Secretar\u00eda General de Universidades e I+D+I, premia a los estudiantes de universidades espa\u00f1olas por la realizaci\u00f3n de obras relevantes de investigaci\u00f3n cient\u00edfica y tecnol\u00f3gica en cualquier \u00e1rea del conocimiento. Esta decimos\u00e9ptima edici\u00f3n cuenta con la participaci\u00f3n de entidades","canonical_url":"https:\/\/candas365.es\/noticias\/presentados-los-proyectos-preseleccionados-para-los-premios-arquimedes\/","robots":"max-image-preview:large","keywords":"actualidad","webmasterTools":{"google-site-verification":"UA-32230408-1","msvalidate.01":"354F3CDFB2DA171B47FBE9ABF1F88D5","miscellaneous":""},"schema":{"@context":"https:\/\/schema.org","@graph":[{"@type":"BreadcrumbList","@id":"https:\/\/candas365.es\/noticias\/presentados-los-proyectos-preseleccionados-para-los-premios-arquimedes\/#breadcrumblist","itemListElement":[{"@type":"ListItem","@id":"https:\/\/candas365.es\/noticias#listItem","position":1,"name":"Home","item":"https:\/\/candas365.es\/noticias","nextItem":{"@type":"ListItem","@id":"https:\/\/candas365.es\/noticias\/category\/actualidad\/#listItem","name":"Actualidad"}},{"@type":"ListItem","@id":"https:\/\/candas365.es\/noticias\/category\/actualidad\/#listItem","position":2,"name":"Actualidad","item":"https:\/\/candas365.es\/noticias\/category\/actualidad\/","nextItem":{"@type":"ListItem","@id":"https:\/\/candas365.es\/noticias\/presentados-los-proyectos-preseleccionados-para-los-premios-arquimedes\/#listItem","name":"Presentados los proyectos preseleccionados para los premios Arqu\u00edmedes"},"previousItem":{"@type":"ListItem","@id":"https:\/\/candas365.es\/noticias#listItem","name":"Home"}},{"@type":"ListItem","@id":"https:\/\/candas365.es\/noticias\/presentados-los-proyectos-preseleccionados-para-los-premios-arquimedes\/#listItem","position":3,"name":"Presentados los proyectos preseleccionados para los premios Arqu\u00edmedes","previousItem":{"@type":"ListItem","@id":"https:\/\/candas365.es\/noticias\/category\/actualidad\/#listItem","name":"Actualidad"}}]},{"@type":"NewsArticle","@id":"https:\/\/candas365.es\/noticias\/presentados-los-proyectos-preseleccionados-para-los-premios-arquimedes\/#newsarticle","name":"Presentados los proyectos preseleccionados para los premios Arqu\u00edmedes | Cand\u00e1s 365","headline":"Presentados los proyectos preseleccionados para los premios Arqu\u00edmedes","author":{"@id":"https:\/\/candas365.es\/noticias\/author\/admin\/#author"},"publisher":{"@id":"https:\/\/candas365.es\/noticias\/#organization"},"image":{"@type":"ImageObject","url":"https:\/\/candas365.es\/noticias\/wp-content\/uploads\/2018\/11\/201118Ministerio.jpeg","width":512,"height":340},"datePublished":"2018-11-20T20:11:51+01:00","dateModified":"2018-11-20T20:11:51+01:00","inLanguage":"es-ES","mainEntityOfPage":{"@id":"https:\/\/candas365.es\/noticias\/presentados-los-proyectos-preseleccionados-para-los-premios-arquimedes\/#webpage"},"isPartOf":{"@id":"https:\/\/candas365.es\/noticias\/presentados-los-proyectos-preseleccionados-para-los-premios-arquimedes\/#webpage"},"articleSection":"Actualidad","dateline":"Publicado el noviembre 20, 2018."},{"@type":"Organization","@id":"https:\/\/candas365.es\/noticias\/#organization","name":"Cand\u00e1s 365","description":"Cand\u00e1s 365 es un diario digital independiente, fundado en 2012, con base en Asturias. Informamos con rigor sobre actualidad, sociedad, cultura y ocio, con una mirada local y global.","url":"https:\/\/candas365.es\/noticias\/","email":"info@candas365.es","telephone":"+34652131393","foundingDate":"2012-06-10","logo":{"@type":"ImageObject","url":"https:\/\/candas365.es\/noticias\/wp-content\/uploads\/2024\/09\/Candas-365-Redes.jpg","@id":"https:\/\/candas365.es\/noticias\/presentados-los-proyectos-preseleccionados-para-los-premios-arquimedes\/#organizationLogo","width":1152,"height":864,"caption":"Cand\u00e1s 365 Redes"},"image":{"@id":"https:\/\/candas365.es\/noticias\/presentados-los-proyectos-preseleccionados-para-los-premios-arquimedes\/#organizationLogo"},"sameAs":["https:\/\/www.facebook.com\/Nachofdezber","https:\/\/x.com\/NabercoDigital","https:\/\/www.instagram.com\/nachofdezber\/","https:\/\/www.youtube.com\/channel\/UCZP-2wLEB9Rv6erhFmqVnvg"],"address":{"@id":"https:\/\/candas365.es\/noticias\/#postaladdress","@type":"PostalAddress","streetAddress":"san antonio 4, san antonio 4","postalCode":"33430","addressLocality":"Cand\u00e1s","addressRegion":"Asturias","addressCountry":"ES"}},{"@type":"Person","@id":"https:\/\/candas365.es\/noticias\/author\/admin\/#author","url":"https:\/\/candas365.es\/noticias\/author\/admin\/","name":"Cand\u00e1s 365","image":{"@type":"ImageObject","@id":"https:\/\/candas365.es\/noticias\/presentados-los-proyectos-preseleccionados-para-los-premios-arquimedes\/#authorImage","url":"https:\/\/secure.gravatar.com\/avatar\/496a8e03d0c493ede1718b7934145dbdf8d89be1036b0eec9544e1094c9de390?s=96&d=mm&r=g","width":96,"height":96,"caption":"Cand\u00e1s 365"},"sameAs":["https:\/\/www.facebook.com\/carrenoactualidad","https:\/\/twitter.com\/nbasturias","https:\/\/www.instagram.com\/nachofdezber\/","https:\/\/www.youtube.com\/channel\/UCZP-2wLEB9Rv6erhFmqVnvg"]},{"@type":"WebPage","@id":"https:\/\/candas365.es\/noticias\/presentados-los-proyectos-preseleccionados-para-los-premios-arquimedes\/#webpage","url":"https:\/\/candas365.es\/noticias\/presentados-los-proyectos-preseleccionados-para-los-premios-arquimedes\/","name":"Presentados los proyectos preseleccionados para los premios Arqu\u00edmedes | Cand\u00e1s 365","description":"El certamen Universitario Arqu\u00edmedes, convocado por el Ministerio de Ciencia, Innovaci\u00f3n y Universidades a trav\u00e9s de la Secretar\u00eda General de Universidades e I+D+I, premia a los estudiantes de universidades espa\u00f1olas por la realizaci\u00f3n de obras relevantes de investigaci\u00f3n cient\u00edfica y tecnol\u00f3gica en cualquier \u00e1rea del conocimiento. Esta decimos\u00e9ptima edici\u00f3n cuenta con la participaci\u00f3n de entidades","inLanguage":"es-ES","isPartOf":{"@id":"https:\/\/candas365.es\/noticias\/#website"},"breadcrumb":{"@id":"https:\/\/candas365.es\/noticias\/presentados-los-proyectos-preseleccionados-para-los-premios-arquimedes\/#breadcrumblist"},"author":{"@id":"https:\/\/candas365.es\/noticias\/author\/admin\/#author"},"creator":{"@id":"https:\/\/candas365.es\/noticias\/author\/admin\/#author"},"image":{"@type":"ImageObject","url":"https:\/\/candas365.es\/noticias\/wp-content\/uploads\/2018\/11\/201118Ministerio.jpeg","@id":"https:\/\/candas365.es\/noticias\/presentados-los-proyectos-preseleccionados-para-los-premios-arquimedes\/#mainImage","width":512,"height":340},"primaryImageOfPage":{"@id":"https:\/\/candas365.es\/noticias\/presentados-los-proyectos-preseleccionados-para-los-premios-arquimedes\/#mainImage"},"datePublished":"2018-11-20T20:11:51+01:00","dateModified":"2018-11-20T20:11:51+01:00"},{"@type":"WebSite","@id":"https:\/\/candas365.es\/noticias\/#website","url":"https:\/\/candas365.es\/noticias\/","name":"Cand\u00e1s 365","alternateName":"Cand\u00e1s 365 Noticias","description":"Actualidad desde Carre\u00f1o para el mundo","inLanguage":"es-ES","publisher":{"@id":"https:\/\/candas365.es\/noticias\/#organization"}}]},"og:locale":"es_ES","og:site_name":"Cand\u00e1s 365","og:type":"article","og:title":"Presentados los proyectos preseleccionados para los premios Arqu\u00edmedes | Cand\u00e1s 365","og:description":"El certamen Universitario Arqu\u00edmedes, convocado por el Ministerio de Ciencia, Innovaci\u00f3n y Universidades a trav\u00e9s de la Secretar\u00eda General de Universidades e I+D+I, premia a los estudiantes de universidades espa\u00f1olas por la realizaci\u00f3n de obras relevantes de investigaci\u00f3n cient\u00edfica y tecnol\u00f3gica en cualquier \u00e1rea del conocimiento. Esta decimos\u00e9ptima edici\u00f3n cuenta con la participaci\u00f3n de entidades","og:url":"https:\/\/candas365.es\/noticias\/presentados-los-proyectos-preseleccionados-para-los-premios-arquimedes\/","og:image":"https:\/\/candas365.es\/noticias\/wp-content\/uploads\/2018\/11\/201118Ministerio.jpeg","og:image:secure_url":"https:\/\/candas365.es\/noticias\/wp-content\/uploads\/2018\/11\/201118Ministerio.jpeg","og:image:width":512,"og:image:height":340,"article:published_time":"2018-11-20T20:11:51+00:00","article:modified_time":"2018-11-20T20:11:51+00:00","article:publisher":"https:\/\/www.facebook.com\/Nachofdezber","article:author":"https:\/\/www.facebook.com\/carrenoactualidad","twitter:card":"summary_large_image","twitter:site":"@NabercoDigital","twitter:title":"Presentados los proyectos preseleccionados para los premios Arqu\u00edmedes | Cand\u00e1s 365","twitter:description":"El certamen Universitario Arqu\u00edmedes, convocado por el Ministerio de Ciencia, Innovaci\u00f3n y Universidades a trav\u00e9s de la Secretar\u00eda General de Universidades e I+D+I, premia a los estudiantes de universidades espa\u00f1olas por la realizaci\u00f3n de obras relevantes de investigaci\u00f3n cient\u00edfica y tecnol\u00f3gica en cualquier \u00e1rea del conocimiento. Esta decimos\u00e9ptima edici\u00f3n cuenta con la participaci\u00f3n de entidades","twitter:creator":"@nbasturias","twitter:image":"https:\/\/candas365.es\/noticias\/wp-content\/uploads\/2018\/11\/201118Ministerio.jpeg","twitter:label1":"Escrito por","twitter:data1":"Cand\u00e1s 365","twitter:label2":"Tiempo de lectura estimado","twitter:data2":"2 minutos"},"aioseo_meta_data":{"post_id":"110307","title":null,"description":null,"keywords":null,"keyphrases":null,"primary_term":null,"canonical_url":null,"og_title":null,"og_description":null,"og_object_type":"default","og_image_type":"default","og_image_url":null,"og_image_width":null,"og_image_height":null,"og_image_custom_url":null,"og_image_custom_fields":null,"og_video":null,"og_custom_url":null,"og_article_section":null,"og_article_tags":null,"twitter_use_og":false,"twitter_card":"default","twitter_image_type":"default","twitter_image_url":null,"twitter_image_custom_url":null,"twitter_image_custom_fields":null,"twitter_title":null,"twitter_description":null,"schema":{"blockGraphs":[],"customGraphs":[],"default":{"data":{"Article":[],"Course":[],"Dataset":[],"FAQPage":[],"Movie":[],"Person":[],"Product":[],"ProductReview":[],"Car":[],"Recipe":[],"Service":[],"SoftwareApplication":[],"WebPage":[]},"graphName":"","isEnabled":true},"graphs":[],"defaultGraph":"","defaultPostTypeGraph":""},"schema_type":null,"schema_type_options":null,"pillar_content":false,"robots_default":true,"robots_noindex":false,"robots_noarchive":false,"robots_nosnippet":false,"robots_nofollow":false,"robots_noimageindex":false,"robots_noodp":false,"robots_notranslate":false,"robots_max_snippet":null,"robots_max_videopreview":null,"robots_max_imagepreview":"large","priority":null,"frequency":null,"location":null,"local_seo":null,"seo_analyzer_scan_date":"2025-08-28 12:16:18","breadcrumb_settings":null,"limit_modified_date":false,"reviewed_by":null,"open_ai":null,"ai":null,"created":"2020-12-21 11:38:47","updated":"2025-08-28 12:16:18"},"aioseo_breadcrumb":"<div class=\"aioseo-breadcrumbs\"><span class=\"aioseo-breadcrumb\">\n\t<a href=\"https:\/\/candas365.es\/noticias\" title=\"Home\">Home<\/a>\n<\/span><span class=\"aioseo-breadcrumb-separator\">&ndash;<\/span><span class=\"aioseo-breadcrumb\">\n\t<a href=\"https:\/\/candas365.es\/noticias\/category\/actualidad\/\" title=\"Actualidad\">Actualidad<\/a>\n<\/span><span class=\"aioseo-breadcrumb-separator\">&ndash;<\/span><span class=\"aioseo-breadcrumb\">\n\tPresentados los proyectos preseleccionados para los premios Arqu\u00edmedes\n<\/span><\/div>","aioseo_breadcrumb_json":[{"label":"Home","link":"https:\/\/candas365.es\/noticias"},{"label":"Actualidad","link":"https:\/\/candas365.es\/noticias\/category\/actualidad\/"},{"label":"Presentados los proyectos preseleccionados para los premios Arqu\u00edmedes","link":"https:\/\/candas365.es\/noticias\/presentados-los-proyectos-preseleccionados-para-los-premios-arquimedes\/"}],"_links":{"self":[{"href":"https:\/\/candas365.es\/noticias\/wp-json\/wp\/v2\/posts\/110307","targetHints":{"allow":["GET"]}}],"collection":[{"href":"https:\/\/candas365.es\/noticias\/wp-json\/wp\/v2\/posts"}],"about":[{"href":"https:\/\/candas365.es\/noticias\/wp-json\/wp\/v2\/types\/post"}],"author":[{"embeddable":true,"href":"https:\/\/candas365.es\/noticias\/wp-json\/wp\/v2\/users\/1"}],"replies":[{"embeddable":true,"href":"https:\/\/candas365.es\/noticias\/wp-json\/wp\/v2\/comments?post=110307"}],"version-history":[{"count":0,"href":"https:\/\/candas365.es\/noticias\/wp-json\/wp\/v2\/posts\/110307\/revisions"}],"wp:featuredmedia":[{"embeddable":true,"href":"https:\/\/candas365.es\/noticias\/wp-json\/wp\/v2\/media\/110308"}],"wp:attachment":[{"href":"https:\/\/candas365.es\/noticias\/wp-json\/wp\/v2\/media?parent=110307"}],"wp:term":[{"taxonomy":"category","embeddable":true,"href":"https:\/\/candas365.es\/noticias\/wp-json\/wp\/v2\/categories?post=110307"},{"taxonomy":"post_tag","embeddable":true,"href":"https:\/\/candas365.es\/noticias\/wp-json\/wp\/v2\/tags?post=110307"}],"curies":[{"name":"wp","href":"https:\/\/api.w.org\/{rel}","templated":true}]}}