{"id":110297,"date":"2018-11-20T19:48:06","date_gmt":"2018-11-20T19:48:06","guid":{"rendered":"http:\/\/candas365.es\/noticias\/?p=110297"},"modified":"2018-11-20T19:48:06","modified_gmt":"2018-11-20T19:48:06","slug":"asi-acaba-el-ranking-atp-2018","status":"publish","type":"post","link":"https:\/\/candas365.es\/noticias\/asi-acaba-el-ranking-atp-2018\/","title":{"rendered":"As\u00ed acaba el ranking ATP 2018"},"content":{"rendered":"<p><img fetchpriority=\"high\" decoding=\"async\" class=\"alignleft size-medium wp-image-94738\" src=\"https:\/\/candas365.es\/noticias\/wp-content\/uploads\/2018\/04\/tennis-923659_960_720-360x270.jpg\" alt=\"\" width=\"360\" height=\"270\" srcset=\"https:\/\/candas365.es\/noticias\/wp-content\/uploads\/2018\/04\/tennis-923659_960_720-360x270.jpg 360w, https:\/\/candas365.es\/noticias\/wp-content\/uploads\/2018\/04\/tennis-923659_960_720-768x576.jpg 768w, https:\/\/candas365.es\/noticias\/wp-content\/uploads\/2018\/04\/tennis-923659_960_720-640x480.jpg 640w, https:\/\/candas365.es\/noticias\/wp-content\/uploads\/2018\/04\/tennis-923659_960_720-80x60.jpg 80w, https:\/\/candas365.es\/noticias\/wp-content\/uploads\/2018\/04\/tennis-923659_960_720-265x198.jpg 265w, https:\/\/candas365.es\/noticias\/wp-content\/uploads\/2018\/04\/tennis-923659_960_720-696x522.jpg 696w, https:\/\/candas365.es\/noticias\/wp-content\/uploads\/2018\/04\/tennis-923659_960_720-560x420.jpg 560w, https:\/\/candas365.es\/noticias\/wp-content\/uploads\/2018\/04\/tennis-923659_960_720.jpg 960w\" sizes=\"(max-width: 360px) 100vw, 360px\" \/>M\u00f3naco, 20 nov (dpa) &#8211; La ATP public\u00f3 el lunes los \u00faltimos cambios en el ranking de la temporada 2018, en un escalaf\u00f3n en que el alem\u00e1n Alexander Zverev, flamante campe\u00f3n del Masters de Londres, supera al argentino Juan Mart\u00edn del Potro para terminar en la cuarta posici\u00f3n.<\/p>\n<p>La temporada de la ATP concluy\u00f3 el domingo con la final del Masters, en la que Zverev se impuso 6-4 y 6-3 al serbio Novak Djokovic. Entre el 23 y el 25 de noviembre todav\u00eda se jugar\u00e1 la final de la Copa Davis entre Francia y Croacia, pero ese torneo no entrega puntos para el ranking oficial.<\/p>\n<p>Djokovic, de 31 a\u00f1os, termina el a\u00f1o como n\u00famero uno con 9.045 puntos despu\u00e9s de una impresionante segunda mitad de temporada, en la que conquist\u00f3 Wimbledon, US Open y dos Masters 1000.<\/p>\n<p>Segundo con 7.480 unidades aparece el espa\u00f1ol Rafael Nadal, que no compite desde el US Open por lesiones en la rodilla y en el abdomen, mientras que el podio lo completa el suizo Roger Federer con 6.420.<\/p>\n<p>Zverev, con 21 a\u00f1os el \u00fanico tenista del \u00abtop 10\u00bb de menos de 25, concluye cuarto con 6.385 puntos tras coronarse en la capital brit\u00e1nica y es seguido por Del Potro (5.300).<\/p>\n<p>La temporada 2019 arrancar\u00e1 el 31 de diciembre con tres torneos, Brisbane, Doha y Pune. Dos semanas despu\u00e9s, el 14 de enero, comenzar\u00e1 en Australia el primer Grand slam del curso.<\/p>\n<p>A continuaci\u00f3n, el \u00abtop ten\u00bb del \u00faltimo ranking de la ATP en 2018:<\/p>\n<p>1. Novak Djokovic\/Serbia 9.045 puntos<\/p>\n<p>2. Rafael Nadal\/Espa\u00f1a 7.480<\/p>\n<p>3. Roger Federer\/Suiza 6.420<\/p>\n<p>4. Alexander Zverev\/Alemania 6.385<\/p>\n<p>5. Juan Mart\u00edn del Potro\/Argentina 5.300<\/p>\n<p>6. Kevin Anderson\/Sud\u00e1frica 4.710<\/p>\n<p>7. Marin Cilic\/Croacia 4.250<\/p>\n<p>8. Dominic Thiem\/Austria 4.095<\/p>\n<p>9. Kei Nishikori\/Jap\u00f3n 3.590<\/p>\n<p>10. John Isner\/EEUU 3.155<\/p>\n","protected":false},"excerpt":{"rendered":"<p>M\u00f3naco, 20 nov (dpa) &#8211; La ATP public\u00f3 el lunes los \u00faltimos cambios en el ranking de la temporada 2018, en un escalaf\u00f3n en que el alem\u00e1n Alexander Zverev, flamante campe\u00f3n del Masters de Londres, supera al argentino Juan Mart\u00edn del Potro para terminar en la cuarta posici\u00f3n. La temporada de la ATP concluy\u00f3 el<\/p>\n","protected":false},"author":1,"featured_media":94989,"comment_status":"closed","ping_status":"closed","sticky":false,"template":"","format":"standard","meta":{"footnotes":""},"categories":[319],"tags":[],"class_list":{"0":"post-110297","1":"post","2":"type-post","3":"status-publish","4":"format-standard","5":"has-post-thumbnail","7":"category-deporte"},"aioseo_notices":[],"aioseo_head":"\n\t\t<!-- All in One SEO Pro 4.9.6.2 - aioseo.com -->\n\t<meta name=\"description\" content=\"M\u00f3naco, 20 nov (dpa) - La ATP public\u00f3 el lunes los \u00faltimos cambios en el ranking de la temporada 2018, en un escalaf\u00f3n en que el alem\u00e1n Alexander Zverev, flamante campe\u00f3n del Masters de Londres, supera al argentino Juan Mart\u00edn del Potro para terminar en la cuarta posici\u00f3n. La temporada de la ATP concluy\u00f3 el\" \/>\n\t<meta name=\"robots\" content=\"max-image-preview:large\" \/>\n\t<meta name=\"author\" content=\"Cand\u00e1s 365\"\/>\n\t<meta name=\"google-site-verification\" content=\"UA-32230408-1\" \/>\n\t<meta name=\"msvalidate.01\" content=\"354F3CDFB2DA171B47FBE9ABF1F88D5\" \/>\n\t<meta name=\"keywords\" content=\"deporte\" \/>\n\t<link rel=\"canonical\" href=\"https:\/\/candas365.es\/noticias\/asi-acaba-el-ranking-atp-2018\/\" \/>\n\t<meta name=\"generator\" content=\"All in One SEO Pro (AIOSEO) 4.9.6.2\" \/>\n\t\t<meta property=\"og:locale\" content=\"es_ES\" \/>\n\t\t<meta property=\"og:site_name\" content=\"Cand\u00e1s 365\" \/>\n\t\t<meta property=\"og:type\" content=\"article\" \/>\n\t\t<meta property=\"og:title\" content=\"As\u00ed acaba el ranking ATP 2018 | Cand\u00e1s 365\" \/>\n\t\t<meta property=\"og:description\" content=\"M\u00f3naco, 20 nov (dpa) - La ATP public\u00f3 el lunes los \u00faltimos cambios en el ranking de la temporada 2018, en un escalaf\u00f3n en que el alem\u00e1n Alexander Zverev, flamante campe\u00f3n del Masters de Londres, supera al argentino Juan Mart\u00edn del Potro para terminar en la cuarta posici\u00f3n. La temporada de la ATP concluy\u00f3 el\" \/>\n\t\t<meta property=\"og:url\" content=\"https:\/\/candas365.es\/noticias\/asi-acaba-el-ranking-atp-2018\/\" \/>\n\t\t<meta property=\"og:image\" content=\"https:\/\/candas365.es\/noticias\/wp-content\/uploads\/2018\/04\/tennis-923659_960_720-1.jpg\" \/>\n\t\t<meta property=\"og:image:secure_url\" content=\"https:\/\/candas365.es\/noticias\/wp-content\/uploads\/2018\/04\/tennis-923659_960_720-1.jpg\" \/>\n\t\t<meta property=\"og:image:width\" content=\"960\" \/>\n\t\t<meta property=\"og:image:height\" content=\"720\" \/>\n\t\t<meta property=\"article:published_time\" content=\"2018-11-20T19:48:06+00:00\" \/>\n\t\t<meta property=\"article:modified_time\" content=\"2018-11-20T19:48:06+00:00\" \/>\n\t\t<meta property=\"article:publisher\" content=\"https:\/\/www.facebook.com\/Nachofdezber\" \/>\n\t\t<meta property=\"article:author\" content=\"https:\/\/www.facebook.com\/carrenoactualidad\" \/>\n\t\t<meta name=\"twitter:card\" content=\"summary_large_image\" \/>\n\t\t<meta name=\"twitter:site\" content=\"@NabercoDigital\" \/>\n\t\t<meta name=\"twitter:title\" content=\"As\u00ed acaba el ranking ATP 2018 | Cand\u00e1s 365\" \/>\n\t\t<meta name=\"twitter:description\" content=\"M\u00f3naco, 20 nov (dpa) - La ATP public\u00f3 el lunes los \u00faltimos cambios en el ranking de la temporada 2018, en un escalaf\u00f3n en que el alem\u00e1n Alexander Zverev, flamante campe\u00f3n del Masters de Londres, supera al argentino Juan Mart\u00edn del Potro para terminar en la cuarta posici\u00f3n. La temporada de la ATP concluy\u00f3 el\" \/>\n\t\t<meta name=\"twitter:creator\" content=\"@nbasturias\" \/>\n\t\t<meta name=\"twitter:image\" content=\"https:\/\/candas365.es\/noticias\/wp-content\/uploads\/2018\/04\/tennis-923659_960_720-1.jpg\" \/>\n\t\t<meta name=\"twitter:label1\" content=\"Escrito por\" \/>\n\t\t<meta name=\"twitter:data1\" content=\"Cand\u00e1s 365\" \/>\n\t\t<meta name=\"twitter:label2\" content=\"Tiempo de lectura estimado\" \/>\n\t\t<meta name=\"twitter:data2\" content=\"1 minuto\" \/>\n\t\t<script type=\"application\/ld+json\" class=\"aioseo-schema\">\n\t\t\t{\"@context\":\"https:\\\/\\\/schema.org\",\"@graph\":[{\"@type\":\"BreadcrumbList\",\"@id\":\"https:\\\/\\\/candas365.es\\\/noticias\\\/asi-acaba-el-ranking-atp-2018\\\/#breadcrumblist\",\"itemListElement\":[{\"@type\":\"ListItem\",\"@id\":\"https:\\\/\\\/candas365.es\\\/noticias#listItem\",\"position\":1,\"name\":\"Home\",\"item\":\"https:\\\/\\\/candas365.es\\\/noticias\",\"nextItem\":{\"@type\":\"ListItem\",\"@id\":\"https:\\\/\\\/candas365.es\\\/noticias\\\/category\\\/deporte\\\/#listItem\",\"name\":\"Deporte\"}},{\"@type\":\"ListItem\",\"@id\":\"https:\\\/\\\/candas365.es\\\/noticias\\\/category\\\/deporte\\\/#listItem\",\"position\":2,\"name\":\"Deporte\",\"item\":\"https:\\\/\\\/candas365.es\\\/noticias\\\/category\\\/deporte\\\/\",\"nextItem\":{\"@type\":\"ListItem\",\"@id\":\"https:\\\/\\\/candas365.es\\\/noticias\\\/asi-acaba-el-ranking-atp-2018\\\/#listItem\",\"name\":\"As\\u00ed acaba el ranking ATP 2018\"},\"previousItem\":{\"@type\":\"ListItem\",\"@id\":\"https:\\\/\\\/candas365.es\\\/noticias#listItem\",\"name\":\"Home\"}},{\"@type\":\"ListItem\",\"@id\":\"https:\\\/\\\/candas365.es\\\/noticias\\\/asi-acaba-el-ranking-atp-2018\\\/#listItem\",\"position\":3,\"name\":\"As\\u00ed acaba el ranking ATP 2018\",\"previousItem\":{\"@type\":\"ListItem\",\"@id\":\"https:\\\/\\\/candas365.es\\\/noticias\\\/category\\\/deporte\\\/#listItem\",\"name\":\"Deporte\"}}]},{\"@type\":\"NewsArticle\",\"@id\":\"https:\\\/\\\/candas365.es\\\/noticias\\\/asi-acaba-el-ranking-atp-2018\\\/#newsarticle\",\"name\":\"As\\u00ed acaba el ranking ATP 2018 | Cand\\u00e1s 365\",\"headline\":\"As\\u00ed acaba el ranking ATP 2018\",\"author\":{\"@id\":\"https:\\\/\\\/candas365.es\\\/noticias\\\/author\\\/admin\\\/#author\"},\"publisher\":{\"@id\":\"https:\\\/\\\/candas365.es\\\/noticias\\\/#organization\"},\"image\":{\"@type\":\"ImageObject\",\"url\":\"https:\\\/\\\/candas365.es\\\/noticias\\\/wp-content\\\/uploads\\\/2018\\\/04\\\/tennis-923659_960_720-1.jpg\",\"width\":960,\"height\":720,\"caption\":\"tennis\"},\"datePublished\":\"2018-11-20T19:48:06+01:00\",\"dateModified\":\"2018-11-20T19:48:06+01:00\",\"inLanguage\":\"es-ES\",\"mainEntityOfPage\":{\"@id\":\"https:\\\/\\\/candas365.es\\\/noticias\\\/asi-acaba-el-ranking-atp-2018\\\/#webpage\"},\"isPartOf\":{\"@id\":\"https:\\\/\\\/candas365.es\\\/noticias\\\/asi-acaba-el-ranking-atp-2018\\\/#webpage\"},\"articleSection\":\"Deporte\",\"dateline\":\"Publicado el noviembre 20, 2018.\"},{\"@type\":\"Organization\",\"@id\":\"https:\\\/\\\/candas365.es\\\/noticias\\\/#organization\",\"name\":\"Cand\\u00e1s 365\",\"description\":\"Cand\\u00e1s 365 es un diario digital independiente, fundado en 2012, con base en Asturias. Informamos con rigor sobre actualidad, sociedad, cultura y ocio, con una mirada local y global.\",\"url\":\"https:\\\/\\\/candas365.es\\\/noticias\\\/\",\"email\":\"info@candas365.es\",\"telephone\":\"+34652131393\",\"foundingDate\":\"2012-06-10\",\"logo\":{\"@type\":\"ImageObject\",\"url\":\"https:\\\/\\\/candas365.es\\\/noticias\\\/wp-content\\\/uploads\\\/2024\\\/09\\\/Candas-365-Redes.jpg\",\"@id\":\"https:\\\/\\\/candas365.es\\\/noticias\\\/asi-acaba-el-ranking-atp-2018\\\/#organizationLogo\",\"width\":1152,\"height\":864,\"caption\":\"Cand\\u00e1s 365 Redes\"},\"image\":{\"@id\":\"https:\\\/\\\/candas365.es\\\/noticias\\\/asi-acaba-el-ranking-atp-2018\\\/#organizationLogo\"},\"sameAs\":[\"https:\\\/\\\/www.facebook.com\\\/Nachofdezber\",\"https:\\\/\\\/x.com\\\/NabercoDigital\",\"https:\\\/\\\/www.instagram.com\\\/nachofdezber\\\/\",\"https:\\\/\\\/www.youtube.com\\\/channel\\\/UCZP-2wLEB9Rv6erhFmqVnvg\"],\"address\":{\"@id\":\"https:\\\/\\\/candas365.es\\\/noticias\\\/#postaladdress\",\"@type\":\"PostalAddress\",\"streetAddress\":\"san antonio 4, san antonio 4\",\"postalCode\":\"33430\",\"addressLocality\":\"Cand\\u00e1s\",\"addressRegion\":\"Asturias\",\"addressCountry\":\"ES\"}},{\"@type\":\"Person\",\"@id\":\"https:\\\/\\\/candas365.es\\\/noticias\\\/author\\\/admin\\\/#author\",\"url\":\"https:\\\/\\\/candas365.es\\\/noticias\\\/author\\\/admin\\\/\",\"name\":\"Cand\\u00e1s 365\",\"image\":{\"@type\":\"ImageObject\",\"@id\":\"https:\\\/\\\/candas365.es\\\/noticias\\\/asi-acaba-el-ranking-atp-2018\\\/#authorImage\",\"url\":\"https:\\\/\\\/secure.gravatar.com\\\/avatar\\\/496a8e03d0c493ede1718b7934145dbdf8d89be1036b0eec9544e1094c9de390?s=96&d=mm&r=g\",\"width\":96,\"height\":96,\"caption\":\"Cand\\u00e1s 365\"},\"sameAs\":[\"https:\\\/\\\/www.facebook.com\\\/carrenoactualidad\",\"https:\\\/\\\/twitter.com\\\/nbasturias\",\"https:\\\/\\\/www.instagram.com\\\/nachofdezber\\\/\",\"https:\\\/\\\/www.youtube.com\\\/channel\\\/UCZP-2wLEB9Rv6erhFmqVnvg\"]},{\"@type\":\"WebPage\",\"@id\":\"https:\\\/\\\/candas365.es\\\/noticias\\\/asi-acaba-el-ranking-atp-2018\\\/#webpage\",\"url\":\"https:\\\/\\\/candas365.es\\\/noticias\\\/asi-acaba-el-ranking-atp-2018\\\/\",\"name\":\"As\\u00ed acaba el ranking ATP 2018 | Cand\\u00e1s 365\",\"description\":\"M\\u00f3naco, 20 nov (dpa) - La ATP public\\u00f3 el lunes los \\u00faltimos cambios en el ranking de la temporada 2018, en un escalaf\\u00f3n en que el alem\\u00e1n Alexander Zverev, flamante campe\\u00f3n del Masters de Londres, supera al argentino Juan Mart\\u00edn del Potro para terminar en la cuarta posici\\u00f3n. La temporada de la ATP concluy\\u00f3 el\",\"inLanguage\":\"es-ES\",\"isPartOf\":{\"@id\":\"https:\\\/\\\/candas365.es\\\/noticias\\\/#website\"},\"breadcrumb\":{\"@id\":\"https:\\\/\\\/candas365.es\\\/noticias\\\/asi-acaba-el-ranking-atp-2018\\\/#breadcrumblist\"},\"author\":{\"@id\":\"https:\\\/\\\/candas365.es\\\/noticias\\\/author\\\/admin\\\/#author\"},\"creator\":{\"@id\":\"https:\\\/\\\/candas365.es\\\/noticias\\\/author\\\/admin\\\/#author\"},\"image\":{\"@type\":\"ImageObject\",\"url\":\"https:\\\/\\\/candas365.es\\\/noticias\\\/wp-content\\\/uploads\\\/2018\\\/04\\\/tennis-923659_960_720-1.jpg\",\"@id\":\"https:\\\/\\\/candas365.es\\\/noticias\\\/asi-acaba-el-ranking-atp-2018\\\/#mainImage\",\"width\":960,\"height\":720,\"caption\":\"tennis\"},\"primaryImageOfPage\":{\"@id\":\"https:\\\/\\\/candas365.es\\\/noticias\\\/asi-acaba-el-ranking-atp-2018\\\/#mainImage\"},\"datePublished\":\"2018-11-20T19:48:06+01:00\",\"dateModified\":\"2018-11-20T19:48:06+01:00\"},{\"@type\":\"WebSite\",\"@id\":\"https:\\\/\\\/candas365.es\\\/noticias\\\/#website\",\"url\":\"https:\\\/\\\/candas365.es\\\/noticias\\\/\",\"name\":\"Cand\\u00e1s 365\",\"alternateName\":\"Cand\\u00e1s 365 Noticias\",\"description\":\"Actualidad desde Carre\\u00f1o para el mundo\",\"inLanguage\":\"es-ES\",\"publisher\":{\"@id\":\"https:\\\/\\\/candas365.es\\\/noticias\\\/#organization\"}}]}\n\t\t<\/script>\n\t\t<!-- All in One SEO Pro -->\r\n\t\t<title>As\u00ed acaba el ranking ATP 2018 | Cand\u00e1s 365<\/title>\n\n","aioseo_head_json":{"title":"As\u00ed acaba el ranking ATP 2018 | Cand\u00e1s 365","description":"M\u00f3naco, 20 nov (dpa) - La ATP public\u00f3 el lunes los \u00faltimos cambios en el ranking de la temporada 2018, en un escalaf\u00f3n en que el alem\u00e1n Alexander Zverev, flamante campe\u00f3n del Masters de Londres, supera al argentino Juan Mart\u00edn del Potro para terminar en la cuarta posici\u00f3n. La temporada de la ATP concluy\u00f3 el","canonical_url":"https:\/\/candas365.es\/noticias\/asi-acaba-el-ranking-atp-2018\/","robots":"max-image-preview:large","keywords":"deporte","webmasterTools":{"google-site-verification":"UA-32230408-1","msvalidate.01":"354F3CDFB2DA171B47FBE9ABF1F88D5","miscellaneous":""},"schema":{"@context":"https:\/\/schema.org","@graph":[{"@type":"BreadcrumbList","@id":"https:\/\/candas365.es\/noticias\/asi-acaba-el-ranking-atp-2018\/#breadcrumblist","itemListElement":[{"@type":"ListItem","@id":"https:\/\/candas365.es\/noticias#listItem","position":1,"name":"Home","item":"https:\/\/candas365.es\/noticias","nextItem":{"@type":"ListItem","@id":"https:\/\/candas365.es\/noticias\/category\/deporte\/#listItem","name":"Deporte"}},{"@type":"ListItem","@id":"https:\/\/candas365.es\/noticias\/category\/deporte\/#listItem","position":2,"name":"Deporte","item":"https:\/\/candas365.es\/noticias\/category\/deporte\/","nextItem":{"@type":"ListItem","@id":"https:\/\/candas365.es\/noticias\/asi-acaba-el-ranking-atp-2018\/#listItem","name":"As\u00ed acaba el ranking ATP 2018"},"previousItem":{"@type":"ListItem","@id":"https:\/\/candas365.es\/noticias#listItem","name":"Home"}},{"@type":"ListItem","@id":"https:\/\/candas365.es\/noticias\/asi-acaba-el-ranking-atp-2018\/#listItem","position":3,"name":"As\u00ed acaba el ranking ATP 2018","previousItem":{"@type":"ListItem","@id":"https:\/\/candas365.es\/noticias\/category\/deporte\/#listItem","name":"Deporte"}}]},{"@type":"NewsArticle","@id":"https:\/\/candas365.es\/noticias\/asi-acaba-el-ranking-atp-2018\/#newsarticle","name":"As\u00ed acaba el ranking ATP 2018 | Cand\u00e1s 365","headline":"As\u00ed acaba el ranking ATP 2018","author":{"@id":"https:\/\/candas365.es\/noticias\/author\/admin\/#author"},"publisher":{"@id":"https:\/\/candas365.es\/noticias\/#organization"},"image":{"@type":"ImageObject","url":"https:\/\/candas365.es\/noticias\/wp-content\/uploads\/2018\/04\/tennis-923659_960_720-1.jpg","width":960,"height":720,"caption":"tennis"},"datePublished":"2018-11-20T19:48:06+01:00","dateModified":"2018-11-20T19:48:06+01:00","inLanguage":"es-ES","mainEntityOfPage":{"@id":"https:\/\/candas365.es\/noticias\/asi-acaba-el-ranking-atp-2018\/#webpage"},"isPartOf":{"@id":"https:\/\/candas365.es\/noticias\/asi-acaba-el-ranking-atp-2018\/#webpage"},"articleSection":"Deporte","dateline":"Publicado el noviembre 20, 2018."},{"@type":"Organization","@id":"https:\/\/candas365.es\/noticias\/#organization","name":"Cand\u00e1s 365","description":"Cand\u00e1s 365 es un diario digital independiente, fundado en 2012, con base en Asturias. Informamos con rigor sobre actualidad, sociedad, cultura y ocio, con una mirada local y global.","url":"https:\/\/candas365.es\/noticias\/","email":"info@candas365.es","telephone":"+34652131393","foundingDate":"2012-06-10","logo":{"@type":"ImageObject","url":"https:\/\/candas365.es\/noticias\/wp-content\/uploads\/2024\/09\/Candas-365-Redes.jpg","@id":"https:\/\/candas365.es\/noticias\/asi-acaba-el-ranking-atp-2018\/#organizationLogo","width":1152,"height":864,"caption":"Cand\u00e1s 365 Redes"},"image":{"@id":"https:\/\/candas365.es\/noticias\/asi-acaba-el-ranking-atp-2018\/#organizationLogo"},"sameAs":["https:\/\/www.facebook.com\/Nachofdezber","https:\/\/x.com\/NabercoDigital","https:\/\/www.instagram.com\/nachofdezber\/","https:\/\/www.youtube.com\/channel\/UCZP-2wLEB9Rv6erhFmqVnvg"],"address":{"@id":"https:\/\/candas365.es\/noticias\/#postaladdress","@type":"PostalAddress","streetAddress":"san antonio 4, san antonio 4","postalCode":"33430","addressLocality":"Cand\u00e1s","addressRegion":"Asturias","addressCountry":"ES"}},{"@type":"Person","@id":"https:\/\/candas365.es\/noticias\/author\/admin\/#author","url":"https:\/\/candas365.es\/noticias\/author\/admin\/","name":"Cand\u00e1s 365","image":{"@type":"ImageObject","@id":"https:\/\/candas365.es\/noticias\/asi-acaba-el-ranking-atp-2018\/#authorImage","url":"https:\/\/secure.gravatar.com\/avatar\/496a8e03d0c493ede1718b7934145dbdf8d89be1036b0eec9544e1094c9de390?s=96&d=mm&r=g","width":96,"height":96,"caption":"Cand\u00e1s 365"},"sameAs":["https:\/\/www.facebook.com\/carrenoactualidad","https:\/\/twitter.com\/nbasturias","https:\/\/www.instagram.com\/nachofdezber\/","https:\/\/www.youtube.com\/channel\/UCZP-2wLEB9Rv6erhFmqVnvg"]},{"@type":"WebPage","@id":"https:\/\/candas365.es\/noticias\/asi-acaba-el-ranking-atp-2018\/#webpage","url":"https:\/\/candas365.es\/noticias\/asi-acaba-el-ranking-atp-2018\/","name":"As\u00ed acaba el ranking ATP 2018 | Cand\u00e1s 365","description":"M\u00f3naco, 20 nov (dpa) - La ATP public\u00f3 el lunes los \u00faltimos cambios en el ranking de la temporada 2018, en un escalaf\u00f3n en que el alem\u00e1n Alexander Zverev, flamante campe\u00f3n del Masters de Londres, supera al argentino Juan Mart\u00edn del Potro para terminar en la cuarta posici\u00f3n. La temporada de la ATP concluy\u00f3 el","inLanguage":"es-ES","isPartOf":{"@id":"https:\/\/candas365.es\/noticias\/#website"},"breadcrumb":{"@id":"https:\/\/candas365.es\/noticias\/asi-acaba-el-ranking-atp-2018\/#breadcrumblist"},"author":{"@id":"https:\/\/candas365.es\/noticias\/author\/admin\/#author"},"creator":{"@id":"https:\/\/candas365.es\/noticias\/author\/admin\/#author"},"image":{"@type":"ImageObject","url":"https:\/\/candas365.es\/noticias\/wp-content\/uploads\/2018\/04\/tennis-923659_960_720-1.jpg","@id":"https:\/\/candas365.es\/noticias\/asi-acaba-el-ranking-atp-2018\/#mainImage","width":960,"height":720,"caption":"tennis"},"primaryImageOfPage":{"@id":"https:\/\/candas365.es\/noticias\/asi-acaba-el-ranking-atp-2018\/#mainImage"},"datePublished":"2018-11-20T19:48:06+01:00","dateModified":"2018-11-20T19:48:06+01:00"},{"@type":"WebSite","@id":"https:\/\/candas365.es\/noticias\/#website","url":"https:\/\/candas365.es\/noticias\/","name":"Cand\u00e1s 365","alternateName":"Cand\u00e1s 365 Noticias","description":"Actualidad desde Carre\u00f1o para el mundo","inLanguage":"es-ES","publisher":{"@id":"https:\/\/candas365.es\/noticias\/#organization"}}]},"og:locale":"es_ES","og:site_name":"Cand\u00e1s 365","og:type":"article","og:title":"As\u00ed acaba el ranking ATP 2018 | Cand\u00e1s 365","og:description":"M\u00f3naco, 20 nov (dpa) - La ATP public\u00f3 el lunes los \u00faltimos cambios en el ranking de la temporada 2018, en un escalaf\u00f3n en que el alem\u00e1n Alexander Zverev, flamante campe\u00f3n del Masters de Londres, supera al argentino Juan Mart\u00edn del Potro para terminar en la cuarta posici\u00f3n. La temporada de la ATP concluy\u00f3 el","og:url":"https:\/\/candas365.es\/noticias\/asi-acaba-el-ranking-atp-2018\/","og:image":"https:\/\/candas365.es\/noticias\/wp-content\/uploads\/2018\/04\/tennis-923659_960_720-1.jpg","og:image:secure_url":"https:\/\/candas365.es\/noticias\/wp-content\/uploads\/2018\/04\/tennis-923659_960_720-1.jpg","og:image:width":960,"og:image:height":720,"article:published_time":"2018-11-20T19:48:06+00:00","article:modified_time":"2018-11-20T19:48:06+00:00","article:publisher":"https:\/\/www.facebook.com\/Nachofdezber","article:author":"https:\/\/www.facebook.com\/carrenoactualidad","twitter:card":"summary_large_image","twitter:site":"@NabercoDigital","twitter:title":"As\u00ed acaba el ranking ATP 2018 | Cand\u00e1s 365","twitter:description":"M\u00f3naco, 20 nov (dpa) - La ATP public\u00f3 el lunes los \u00faltimos cambios en el ranking de la temporada 2018, en un escalaf\u00f3n en que el alem\u00e1n Alexander Zverev, flamante campe\u00f3n del Masters de Londres, supera al argentino Juan Mart\u00edn del Potro para terminar en la cuarta posici\u00f3n. La temporada de la ATP concluy\u00f3 el","twitter:creator":"@nbasturias","twitter:image":"https:\/\/candas365.es\/noticias\/wp-content\/uploads\/2018\/04\/tennis-923659_960_720-1.jpg","twitter:label1":"Escrito por","twitter:data1":"Cand\u00e1s 365","twitter:label2":"Tiempo de lectura estimado","twitter:data2":"1 minuto"},"aioseo_meta_data":{"post_id":"110297","title":null,"description":null,"keywords":null,"keyphrases":null,"primary_term":null,"canonical_url":null,"og_title":null,"og_description":null,"og_object_type":"default","og_image_type":"default","og_image_url":null,"og_image_width":null,"og_image_height":null,"og_image_custom_url":null,"og_image_custom_fields":null,"og_video":null,"og_custom_url":null,"og_article_section":null,"og_article_tags":null,"twitter_use_og":false,"twitter_card":"default","twitter_image_type":"default","twitter_image_url":null,"twitter_image_custom_url":null,"twitter_image_custom_fields":null,"twitter_title":null,"twitter_description":null,"schema":{"blockGraphs":[],"customGraphs":[],"default":{"data":{"Article":[],"Course":[],"Dataset":[],"FAQPage":[],"Movie":[],"Person":[],"Product":[],"ProductReview":[],"Car":[],"Recipe":[],"Service":[],"SoftwareApplication":[],"WebPage":[]},"graphName":"","isEnabled":true},"graphs":[]},"schema_type":null,"schema_type_options":null,"pillar_content":false,"robots_default":true,"robots_noindex":false,"robots_noarchive":false,"robots_nosnippet":false,"robots_nofollow":false,"robots_noimageindex":false,"robots_noodp":false,"robots_notranslate":false,"robots_max_snippet":null,"robots_max_videopreview":null,"robots_max_imagepreview":"large","priority":null,"frequency":null,"location":null,"local_seo":null,"seo_analyzer_scan_date":"2025-08-28 12:14:14","breadcrumb_settings":null,"limit_modified_date":false,"reviewed_by":null,"open_ai":null,"ai":null,"created":"2020-12-21 11:38:47","updated":"2025-08-28 12:14:14"},"aioseo_breadcrumb":"<div class=\"aioseo-breadcrumbs\"><span class=\"aioseo-breadcrumb\">\n\t<a href=\"https:\/\/candas365.es\/noticias\" title=\"Home\">Home<\/a>\n<\/span><span class=\"aioseo-breadcrumb-separator\">&ndash;<\/span><span class=\"aioseo-breadcrumb\">\n\t<a href=\"https:\/\/candas365.es\/noticias\/category\/deporte\/\" title=\"Deporte\">Deporte<\/a>\n<\/span><span class=\"aioseo-breadcrumb-separator\">&ndash;<\/span><span class=\"aioseo-breadcrumb\">\n\tAs\u00ed acaba el ranking ATP 2018\n<\/span><\/div>","aioseo_breadcrumb_json":[{"label":"Home","link":"https:\/\/candas365.es\/noticias"},{"label":"Deporte","link":"https:\/\/candas365.es\/noticias\/category\/deporte\/"},{"label":"As\u00ed acaba el ranking ATP 2018","link":"https:\/\/candas365.es\/noticias\/asi-acaba-el-ranking-atp-2018\/"}],"_links":{"self":[{"href":"https:\/\/candas365.es\/noticias\/wp-json\/wp\/v2\/posts\/110297","targetHints":{"allow":["GET"]}}],"collection":[{"href":"https:\/\/candas365.es\/noticias\/wp-json\/wp\/v2\/posts"}],"about":[{"href":"https:\/\/candas365.es\/noticias\/wp-json\/wp\/v2\/types\/post"}],"author":[{"embeddable":true,"href":"https:\/\/candas365.es\/noticias\/wp-json\/wp\/v2\/users\/1"}],"replies":[{"embeddable":true,"href":"https:\/\/candas365.es\/noticias\/wp-json\/wp\/v2\/comments?post=110297"}],"version-history":[{"count":0,"href":"https:\/\/candas365.es\/noticias\/wp-json\/wp\/v2\/posts\/110297\/revisions"}],"wp:featuredmedia":[{"embeddable":true,"href":"https:\/\/candas365.es\/noticias\/wp-json\/wp\/v2\/media\/94989"}],"wp:attachment":[{"href":"https:\/\/candas365.es\/noticias\/wp-json\/wp\/v2\/media?parent=110297"}],"wp:term":[{"taxonomy":"category","embeddable":true,"href":"https:\/\/candas365.es\/noticias\/wp-json\/wp\/v2\/categories?post=110297"},{"taxonomy":"post_tag","embeddable":true,"href":"https:\/\/candas365.es\/noticias\/wp-json\/wp\/v2\/tags?post=110297"}],"curies":[{"name":"wp","href":"https:\/\/api.w.org\/{rel}","templated":true}]}}