{"id":110293,"date":"2018-11-20T19:41:46","date_gmt":"2018-11-20T19:41:46","guid":{"rendered":"http:\/\/candas365.es\/noticias\/?p=110293"},"modified":"2018-11-20T19:41:46","modified_gmt":"2018-11-20T19:41:46","slug":"steinmeier-se-reune-con-su-par-sudafricano","status":"publish","type":"post","link":"https:\/\/candas365.es\/noticias\/steinmeier-se-reune-con-su-par-sudafricano\/","title":{"rendered":"Steinmeier se re\u00fane con su par sudafricano"},"content":{"rendered":"<p><img fetchpriority=\"high\" decoding=\"async\" src=\"https:\/\/candas365.es\/noticias\/wp-content\/uploads\/2017\/12\/apple-1853306_1280-news2-360x240.jpg\" alt=\"\" width=\"360\" height=\"240\" class=\"alignleft size-medium wp-image-86307\" srcset=\"https:\/\/candas365.es\/noticias\/wp-content\/uploads\/2017\/12\/apple-1853306_1280-news2-360x240.jpg 360w, https:\/\/candas365.es\/noticias\/wp-content\/uploads\/2017\/12\/apple-1853306_1280-news2-768x512.jpg 768w, https:\/\/candas365.es\/noticias\/wp-content\/uploads\/2017\/12\/apple-1853306_1280-news2-655x436.jpg 655w, https:\/\/candas365.es\/noticias\/wp-content\/uploads\/2017\/12\/apple-1853306_1280-news2-696x464.jpg 696w, https:\/\/candas365.es\/noticias\/wp-content\/uploads\/2017\/12\/apple-1853306_1280-news2-1068x712.jpg 1068w, https:\/\/candas365.es\/noticias\/wp-content\/uploads\/2017\/12\/apple-1853306_1280-news2-630x420.jpg 630w, https:\/\/candas365.es\/noticias\/wp-content\/uploads\/2017\/12\/apple-1853306_1280-news2-84x55.jpg 84w, https:\/\/candas365.es\/noticias\/wp-content\/uploads\/2017\/12\/apple-1853306_1280-news2.jpg 1280w\" sizes=\"(max-width: 360px) 100vw, 360px\" \/>Ciudad del Cabo, 20 nov (dpa) &#8211; El presidente alem\u00e1n, Frank-Walter Steinmeier, se reuni\u00f3 hoy con su par sudafricano, Cyril Rampahosa, en el marco de su visita oficial a Sud\u00e1frica.<\/p>\n<p>En la agenda de la reuni\u00f3n figuraban cuestiones internacionales como la migraci\u00f3n, el cambio clim\u00e1tico y los conflictos comerciales. Sud\u00e1frica es un pa\u00eds de destino de muchos refugiados de otros Estados africanos.<\/p>\n<p>Alemania y Sud\u00e1frica ocupar\u00e1n a partir de 2019 durante dos a\u00f1os un asiento no permamente en el Consejo de Seguridad de las Naciones Unidas.<\/p>\n<p>Ramaphosa, quien asumi\u00f3 en febrero como sucesor de Jacob Zuma, recibi\u00f3 a Steinmeier con honores militares en la sede de la jefatura de Estado Tuynhuys en Ciudad del Cabo.<\/p>\n<p>El nuevo presidente sudafricano ha prometido combatir la corrupci\u00f3n y el desempleo. El pr\u00f3ximo a\u00f1o, Sud\u00e1frica celebrar\u00e1 elecciones parlamentarias.<\/p>\n<p>Steinmeier viaj\u00f3 acompa\u00f1ado de una nutrida delegaci\u00f3n empresarial. Esta tarde est\u00e1 prevista la firma de un cr\u00e9dito del banco de fomento alem\u00e1n KfW para la evacuaci\u00f3n de aguas residuales en Ciudad del Cabo en presencia de ambos mandatarios.<\/p>\n<p>El jefe de Estado alem\u00e1n comenz\u00f3 el lunes su visita en Johannesburgo, donde destac\u00f3 la importancia de Sud\u00e1frica como un socio econ\u00f3mico importante y amigo de la democracia.<\/p>\n","protected":false},"excerpt":{"rendered":"<p>Ciudad del Cabo, 20 nov (dpa) &#8211; El presidente alem\u00e1n, Frank-Walter Steinmeier, se reuni\u00f3 hoy con su par sudafricano, Cyril Rampahosa, en el marco de su visita oficial a Sud\u00e1frica. En la agenda de la reuni\u00f3n figuraban cuestiones internacionales como la migraci\u00f3n, el cambio clim\u00e1tico y los conflictos comerciales. Sud\u00e1frica es un pa\u00eds de destino<\/p>\n","protected":false},"author":1,"featured_media":86307,"comment_status":"closed","ping_status":"closed","sticky":false,"template":"","format":"standard","meta":{"footnotes":""},"categories":[343],"tags":[],"class_list":{"0":"post-110293","1":"post","2":"type-post","3":"status-publish","4":"format-standard","5":"has-post-thumbnail","7":"category-actualidad"},"aioseo_notices":[],"aioseo_head":"\n\t\t<!-- All in One SEO Pro 4.9.6.2 - aioseo.com -->\n\t<meta name=\"description\" content=\"Ciudad del Cabo, 20 nov (dpa) - El presidente alem\u00e1n, Frank-Walter Steinmeier, se reuni\u00f3 hoy con su par sudafricano, Cyril Rampahosa, en el marco de su visita oficial a Sud\u00e1frica. En la agenda de la reuni\u00f3n figuraban cuestiones internacionales como la migraci\u00f3n, el cambio clim\u00e1tico y los conflictos comerciales. Sud\u00e1frica es un pa\u00eds de destino\" \/>\n\t<meta name=\"robots\" content=\"max-image-preview:large\" \/>\n\t<meta name=\"author\" content=\"Cand\u00e1s 365\"\/>\n\t<meta name=\"google-site-verification\" content=\"UA-32230408-1\" \/>\n\t<meta name=\"msvalidate.01\" content=\"354F3CDFB2DA171B47FBE9ABF1F88D5\" \/>\n\t<meta name=\"keywords\" content=\"actualidad\" \/>\n\t<link rel=\"canonical\" href=\"https:\/\/candas365.es\/noticias\/steinmeier-se-reune-con-su-par-sudafricano\/\" \/>\n\t<meta name=\"generator\" content=\"All in One SEO Pro (AIOSEO) 4.9.6.2\" \/>\n\t\t<meta property=\"og:locale\" content=\"es_ES\" \/>\n\t\t<meta property=\"og:site_name\" content=\"Cand\u00e1s 365\" \/>\n\t\t<meta property=\"og:type\" content=\"article\" \/>\n\t\t<meta property=\"og:title\" content=\"Steinmeier se re\u00fane con su par sudafricano | Cand\u00e1s 365\" \/>\n\t\t<meta property=\"og:description\" content=\"Ciudad del Cabo, 20 nov (dpa) - El presidente alem\u00e1n, Frank-Walter Steinmeier, se reuni\u00f3 hoy con su par sudafricano, Cyril Rampahosa, en el marco de su visita oficial a Sud\u00e1frica. En la agenda de la reuni\u00f3n figuraban cuestiones internacionales como la migraci\u00f3n, el cambio clim\u00e1tico y los conflictos comerciales. Sud\u00e1frica es un pa\u00eds de destino\" \/>\n\t\t<meta property=\"og:url\" content=\"https:\/\/candas365.es\/noticias\/steinmeier-se-reune-con-su-par-sudafricano\/\" \/>\n\t\t<meta property=\"og:image\" content=\"https:\/\/candas365.es\/noticias\/wp-content\/uploads\/2017\/12\/apple-1853306_1280-news2.jpg\" \/>\n\t\t<meta property=\"og:image:secure_url\" content=\"https:\/\/candas365.es\/noticias\/wp-content\/uploads\/2017\/12\/apple-1853306_1280-news2.jpg\" \/>\n\t\t<meta property=\"og:image:width\" content=\"1280\" \/>\n\t\t<meta property=\"og:image:height\" content=\"853\" \/>\n\t\t<meta property=\"article:published_time\" content=\"2018-11-20T19:41:46+00:00\" \/>\n\t\t<meta property=\"article:modified_time\" content=\"2018-11-20T19:41:46+00:00\" \/>\n\t\t<meta property=\"article:publisher\" content=\"https:\/\/www.facebook.com\/Nachofdezber\" \/>\n\t\t<meta property=\"article:author\" content=\"https:\/\/www.facebook.com\/carrenoactualidad\" \/>\n\t\t<meta name=\"twitter:card\" content=\"summary_large_image\" \/>\n\t\t<meta name=\"twitter:site\" content=\"@NabercoDigital\" \/>\n\t\t<meta name=\"twitter:title\" content=\"Steinmeier se re\u00fane con su par sudafricano | Cand\u00e1s 365\" \/>\n\t\t<meta name=\"twitter:description\" content=\"Ciudad del Cabo, 20 nov (dpa) - El presidente alem\u00e1n, Frank-Walter Steinmeier, se reuni\u00f3 hoy con su par sudafricano, Cyril Rampahosa, en el marco de su visita oficial a Sud\u00e1frica. En la agenda de la reuni\u00f3n figuraban cuestiones internacionales como la migraci\u00f3n, el cambio clim\u00e1tico y los conflictos comerciales. Sud\u00e1frica es un pa\u00eds de destino\" \/>\n\t\t<meta name=\"twitter:creator\" content=\"@nbasturias\" \/>\n\t\t<meta name=\"twitter:image\" content=\"https:\/\/candas365.es\/noticias\/wp-content\/uploads\/2017\/12\/apple-1853306_1280-news2.jpg\" \/>\n\t\t<meta name=\"twitter:label1\" content=\"Escrito por\" \/>\n\t\t<meta name=\"twitter:data1\" content=\"Cand\u00e1s 365\" \/>\n\t\t<meta name=\"twitter:label2\" content=\"Tiempo de lectura estimado\" \/>\n\t\t<meta name=\"twitter:data2\" content=\"1 minuto\" \/>\n\t\t<script type=\"application\/ld+json\" class=\"aioseo-schema\">\n\t\t\t{\"@context\":\"https:\\\/\\\/schema.org\",\"@graph\":[{\"@type\":\"BreadcrumbList\",\"@id\":\"https:\\\/\\\/candas365.es\\\/noticias\\\/steinmeier-se-reune-con-su-par-sudafricano\\\/#breadcrumblist\",\"itemListElement\":[{\"@type\":\"ListItem\",\"@id\":\"https:\\\/\\\/candas365.es\\\/noticias#listItem\",\"position\":1,\"name\":\"Home\",\"item\":\"https:\\\/\\\/candas365.es\\\/noticias\",\"nextItem\":{\"@type\":\"ListItem\",\"@id\":\"https:\\\/\\\/candas365.es\\\/noticias\\\/category\\\/actualidad\\\/#listItem\",\"name\":\"Actualidad\"}},{\"@type\":\"ListItem\",\"@id\":\"https:\\\/\\\/candas365.es\\\/noticias\\\/category\\\/actualidad\\\/#listItem\",\"position\":2,\"name\":\"Actualidad\",\"item\":\"https:\\\/\\\/candas365.es\\\/noticias\\\/category\\\/actualidad\\\/\",\"nextItem\":{\"@type\":\"ListItem\",\"@id\":\"https:\\\/\\\/candas365.es\\\/noticias\\\/steinmeier-se-reune-con-su-par-sudafricano\\\/#listItem\",\"name\":\"Steinmeier se re\\u00fane con su par sudafricano\"},\"previousItem\":{\"@type\":\"ListItem\",\"@id\":\"https:\\\/\\\/candas365.es\\\/noticias#listItem\",\"name\":\"Home\"}},{\"@type\":\"ListItem\",\"@id\":\"https:\\\/\\\/candas365.es\\\/noticias\\\/steinmeier-se-reune-con-su-par-sudafricano\\\/#listItem\",\"position\":3,\"name\":\"Steinmeier se re\\u00fane con su par sudafricano\",\"previousItem\":{\"@type\":\"ListItem\",\"@id\":\"https:\\\/\\\/candas365.es\\\/noticias\\\/category\\\/actualidad\\\/#listItem\",\"name\":\"Actualidad\"}}]},{\"@type\":\"NewsArticle\",\"@id\":\"https:\\\/\\\/candas365.es\\\/noticias\\\/steinmeier-se-reune-con-su-par-sudafricano\\\/#newsarticle\",\"name\":\"Steinmeier se re\\u00fane con su par sudafricano | Cand\\u00e1s 365\",\"headline\":\"Steinmeier se re\\u00fane con su par sudafricano\",\"author\":{\"@id\":\"https:\\\/\\\/candas365.es\\\/noticias\\\/author\\\/admin\\\/#author\"},\"publisher\":{\"@id\":\"https:\\\/\\\/candas365.es\\\/noticias\\\/#organization\"},\"image\":{\"@type\":\"ImageObject\",\"url\":\"https:\\\/\\\/candas365.es\\\/noticias\\\/wp-content\\\/uploads\\\/2017\\\/12\\\/apple-1853306_1280-news2.jpg\",\"width\":1280,\"height\":853},\"datePublished\":\"2018-11-20T19:41:46+01:00\",\"dateModified\":\"2018-11-20T19:41:46+01:00\",\"inLanguage\":\"es-ES\",\"mainEntityOfPage\":{\"@id\":\"https:\\\/\\\/candas365.es\\\/noticias\\\/steinmeier-se-reune-con-su-par-sudafricano\\\/#webpage\"},\"isPartOf\":{\"@id\":\"https:\\\/\\\/candas365.es\\\/noticias\\\/steinmeier-se-reune-con-su-par-sudafricano\\\/#webpage\"},\"articleSection\":\"Actualidad\",\"dateline\":\"Publicado el noviembre 20, 2018.\"},{\"@type\":\"Organization\",\"@id\":\"https:\\\/\\\/candas365.es\\\/noticias\\\/#organization\",\"name\":\"Cand\\u00e1s 365\",\"description\":\"Cand\\u00e1s 365 es un diario digital independiente, fundado en 2012, con base en Asturias. Informamos con rigor sobre actualidad, sociedad, cultura y ocio, con una mirada local y global.\",\"url\":\"https:\\\/\\\/candas365.es\\\/noticias\\\/\",\"email\":\"info@candas365.es\",\"telephone\":\"+34652131393\",\"foundingDate\":\"2012-06-10\",\"logo\":{\"@type\":\"ImageObject\",\"url\":\"https:\\\/\\\/candas365.es\\\/noticias\\\/wp-content\\\/uploads\\\/2024\\\/09\\\/Candas-365-Redes.jpg\",\"@id\":\"https:\\\/\\\/candas365.es\\\/noticias\\\/steinmeier-se-reune-con-su-par-sudafricano\\\/#organizationLogo\",\"width\":1152,\"height\":864,\"caption\":\"Cand\\u00e1s 365 Redes\"},\"image\":{\"@id\":\"https:\\\/\\\/candas365.es\\\/noticias\\\/steinmeier-se-reune-con-su-par-sudafricano\\\/#organizationLogo\"},\"sameAs\":[\"https:\\\/\\\/www.facebook.com\\\/Nachofdezber\",\"https:\\\/\\\/x.com\\\/NabercoDigital\",\"https:\\\/\\\/www.instagram.com\\\/nachofdezber\\\/\",\"https:\\\/\\\/www.youtube.com\\\/channel\\\/UCZP-2wLEB9Rv6erhFmqVnvg\"],\"address\":{\"@id\":\"https:\\\/\\\/candas365.es\\\/noticias\\\/#postaladdress\",\"@type\":\"PostalAddress\",\"streetAddress\":\"san antonio 4, san antonio 4\",\"postalCode\":\"33430\",\"addressLocality\":\"Cand\\u00e1s\",\"addressRegion\":\"Asturias\",\"addressCountry\":\"ES\"}},{\"@type\":\"Person\",\"@id\":\"https:\\\/\\\/candas365.es\\\/noticias\\\/author\\\/admin\\\/#author\",\"url\":\"https:\\\/\\\/candas365.es\\\/noticias\\\/author\\\/admin\\\/\",\"name\":\"Cand\\u00e1s 365\",\"image\":{\"@type\":\"ImageObject\",\"@id\":\"https:\\\/\\\/candas365.es\\\/noticias\\\/steinmeier-se-reune-con-su-par-sudafricano\\\/#authorImage\",\"url\":\"https:\\\/\\\/secure.gravatar.com\\\/avatar\\\/496a8e03d0c493ede1718b7934145dbdf8d89be1036b0eec9544e1094c9de390?s=96&d=mm&r=g\",\"width\":96,\"height\":96,\"caption\":\"Cand\\u00e1s 365\"},\"sameAs\":[\"https:\\\/\\\/www.facebook.com\\\/carrenoactualidad\",\"https:\\\/\\\/twitter.com\\\/nbasturias\",\"https:\\\/\\\/www.instagram.com\\\/nachofdezber\\\/\",\"https:\\\/\\\/www.youtube.com\\\/channel\\\/UCZP-2wLEB9Rv6erhFmqVnvg\"]},{\"@type\":\"WebPage\",\"@id\":\"https:\\\/\\\/candas365.es\\\/noticias\\\/steinmeier-se-reune-con-su-par-sudafricano\\\/#webpage\",\"url\":\"https:\\\/\\\/candas365.es\\\/noticias\\\/steinmeier-se-reune-con-su-par-sudafricano\\\/\",\"name\":\"Steinmeier se re\\u00fane con su par sudafricano | Cand\\u00e1s 365\",\"description\":\"Ciudad del Cabo, 20 nov (dpa) - El presidente alem\\u00e1n, Frank-Walter Steinmeier, se reuni\\u00f3 hoy con su par sudafricano, Cyril Rampahosa, en el marco de su visita oficial a Sud\\u00e1frica. En la agenda de la reuni\\u00f3n figuraban cuestiones internacionales como la migraci\\u00f3n, el cambio clim\\u00e1tico y los conflictos comerciales. Sud\\u00e1frica es un pa\\u00eds de destino\",\"inLanguage\":\"es-ES\",\"isPartOf\":{\"@id\":\"https:\\\/\\\/candas365.es\\\/noticias\\\/#website\"},\"breadcrumb\":{\"@id\":\"https:\\\/\\\/candas365.es\\\/noticias\\\/steinmeier-se-reune-con-su-par-sudafricano\\\/#breadcrumblist\"},\"author\":{\"@id\":\"https:\\\/\\\/candas365.es\\\/noticias\\\/author\\\/admin\\\/#author\"},\"creator\":{\"@id\":\"https:\\\/\\\/candas365.es\\\/noticias\\\/author\\\/admin\\\/#author\"},\"image\":{\"@type\":\"ImageObject\",\"url\":\"https:\\\/\\\/candas365.es\\\/noticias\\\/wp-content\\\/uploads\\\/2017\\\/12\\\/apple-1853306_1280-news2.jpg\",\"@id\":\"https:\\\/\\\/candas365.es\\\/noticias\\\/steinmeier-se-reune-con-su-par-sudafricano\\\/#mainImage\",\"width\":1280,\"height\":853},\"primaryImageOfPage\":{\"@id\":\"https:\\\/\\\/candas365.es\\\/noticias\\\/steinmeier-se-reune-con-su-par-sudafricano\\\/#mainImage\"},\"datePublished\":\"2018-11-20T19:41:46+01:00\",\"dateModified\":\"2018-11-20T19:41:46+01:00\"},{\"@type\":\"WebSite\",\"@id\":\"https:\\\/\\\/candas365.es\\\/noticias\\\/#website\",\"url\":\"https:\\\/\\\/candas365.es\\\/noticias\\\/\",\"name\":\"Cand\\u00e1s 365\",\"alternateName\":\"Cand\\u00e1s 365 Noticias\",\"description\":\"Actualidad desde Carre\\u00f1o para el mundo\",\"inLanguage\":\"es-ES\",\"publisher\":{\"@id\":\"https:\\\/\\\/candas365.es\\\/noticias\\\/#organization\"}}]}\n\t\t<\/script>\n\t\t<!-- All in One SEO Pro -->\r\n\t\t<title>Steinmeier se re\u00fane con su par sudafricano | Cand\u00e1s 365<\/title>\n\n","aioseo_head_json":{"title":"Steinmeier se re\u00fane con su par sudafricano | Cand\u00e1s 365","description":"Ciudad del Cabo, 20 nov (dpa) - El presidente alem\u00e1n, Frank-Walter Steinmeier, se reuni\u00f3 hoy con su par sudafricano, Cyril Rampahosa, en el marco de su visita oficial a Sud\u00e1frica. En la agenda de la reuni\u00f3n figuraban cuestiones internacionales como la migraci\u00f3n, el cambio clim\u00e1tico y los conflictos comerciales. Sud\u00e1frica es un pa\u00eds de destino","canonical_url":"https:\/\/candas365.es\/noticias\/steinmeier-se-reune-con-su-par-sudafricano\/","robots":"max-image-preview:large","keywords":"actualidad","webmasterTools":{"google-site-verification":"UA-32230408-1","msvalidate.01":"354F3CDFB2DA171B47FBE9ABF1F88D5","miscellaneous":""},"schema":{"@context":"https:\/\/schema.org","@graph":[{"@type":"BreadcrumbList","@id":"https:\/\/candas365.es\/noticias\/steinmeier-se-reune-con-su-par-sudafricano\/#breadcrumblist","itemListElement":[{"@type":"ListItem","@id":"https:\/\/candas365.es\/noticias#listItem","position":1,"name":"Home","item":"https:\/\/candas365.es\/noticias","nextItem":{"@type":"ListItem","@id":"https:\/\/candas365.es\/noticias\/category\/actualidad\/#listItem","name":"Actualidad"}},{"@type":"ListItem","@id":"https:\/\/candas365.es\/noticias\/category\/actualidad\/#listItem","position":2,"name":"Actualidad","item":"https:\/\/candas365.es\/noticias\/category\/actualidad\/","nextItem":{"@type":"ListItem","@id":"https:\/\/candas365.es\/noticias\/steinmeier-se-reune-con-su-par-sudafricano\/#listItem","name":"Steinmeier se re\u00fane con su par sudafricano"},"previousItem":{"@type":"ListItem","@id":"https:\/\/candas365.es\/noticias#listItem","name":"Home"}},{"@type":"ListItem","@id":"https:\/\/candas365.es\/noticias\/steinmeier-se-reune-con-su-par-sudafricano\/#listItem","position":3,"name":"Steinmeier se re\u00fane con su par sudafricano","previousItem":{"@type":"ListItem","@id":"https:\/\/candas365.es\/noticias\/category\/actualidad\/#listItem","name":"Actualidad"}}]},{"@type":"NewsArticle","@id":"https:\/\/candas365.es\/noticias\/steinmeier-se-reune-con-su-par-sudafricano\/#newsarticle","name":"Steinmeier se re\u00fane con su par sudafricano | Cand\u00e1s 365","headline":"Steinmeier se re\u00fane con su par sudafricano","author":{"@id":"https:\/\/candas365.es\/noticias\/author\/admin\/#author"},"publisher":{"@id":"https:\/\/candas365.es\/noticias\/#organization"},"image":{"@type":"ImageObject","url":"https:\/\/candas365.es\/noticias\/wp-content\/uploads\/2017\/12\/apple-1853306_1280-news2.jpg","width":1280,"height":853},"datePublished":"2018-11-20T19:41:46+01:00","dateModified":"2018-11-20T19:41:46+01:00","inLanguage":"es-ES","mainEntityOfPage":{"@id":"https:\/\/candas365.es\/noticias\/steinmeier-se-reune-con-su-par-sudafricano\/#webpage"},"isPartOf":{"@id":"https:\/\/candas365.es\/noticias\/steinmeier-se-reune-con-su-par-sudafricano\/#webpage"},"articleSection":"Actualidad","dateline":"Publicado el noviembre 20, 2018."},{"@type":"Organization","@id":"https:\/\/candas365.es\/noticias\/#organization","name":"Cand\u00e1s 365","description":"Cand\u00e1s 365 es un diario digital independiente, fundado en 2012, con base en Asturias. Informamos con rigor sobre actualidad, sociedad, cultura y ocio, con una mirada local y global.","url":"https:\/\/candas365.es\/noticias\/","email":"info@candas365.es","telephone":"+34652131393","foundingDate":"2012-06-10","logo":{"@type":"ImageObject","url":"https:\/\/candas365.es\/noticias\/wp-content\/uploads\/2024\/09\/Candas-365-Redes.jpg","@id":"https:\/\/candas365.es\/noticias\/steinmeier-se-reune-con-su-par-sudafricano\/#organizationLogo","width":1152,"height":864,"caption":"Cand\u00e1s 365 Redes"},"image":{"@id":"https:\/\/candas365.es\/noticias\/steinmeier-se-reune-con-su-par-sudafricano\/#organizationLogo"},"sameAs":["https:\/\/www.facebook.com\/Nachofdezber","https:\/\/x.com\/NabercoDigital","https:\/\/www.instagram.com\/nachofdezber\/","https:\/\/www.youtube.com\/channel\/UCZP-2wLEB9Rv6erhFmqVnvg"],"address":{"@id":"https:\/\/candas365.es\/noticias\/#postaladdress","@type":"PostalAddress","streetAddress":"san antonio 4, san antonio 4","postalCode":"33430","addressLocality":"Cand\u00e1s","addressRegion":"Asturias","addressCountry":"ES"}},{"@type":"Person","@id":"https:\/\/candas365.es\/noticias\/author\/admin\/#author","url":"https:\/\/candas365.es\/noticias\/author\/admin\/","name":"Cand\u00e1s 365","image":{"@type":"ImageObject","@id":"https:\/\/candas365.es\/noticias\/steinmeier-se-reune-con-su-par-sudafricano\/#authorImage","url":"https:\/\/secure.gravatar.com\/avatar\/496a8e03d0c493ede1718b7934145dbdf8d89be1036b0eec9544e1094c9de390?s=96&d=mm&r=g","width":96,"height":96,"caption":"Cand\u00e1s 365"},"sameAs":["https:\/\/www.facebook.com\/carrenoactualidad","https:\/\/twitter.com\/nbasturias","https:\/\/www.instagram.com\/nachofdezber\/","https:\/\/www.youtube.com\/channel\/UCZP-2wLEB9Rv6erhFmqVnvg"]},{"@type":"WebPage","@id":"https:\/\/candas365.es\/noticias\/steinmeier-se-reune-con-su-par-sudafricano\/#webpage","url":"https:\/\/candas365.es\/noticias\/steinmeier-se-reune-con-su-par-sudafricano\/","name":"Steinmeier se re\u00fane con su par sudafricano | Cand\u00e1s 365","description":"Ciudad del Cabo, 20 nov (dpa) - El presidente alem\u00e1n, Frank-Walter Steinmeier, se reuni\u00f3 hoy con su par sudafricano, Cyril Rampahosa, en el marco de su visita oficial a Sud\u00e1frica. En la agenda de la reuni\u00f3n figuraban cuestiones internacionales como la migraci\u00f3n, el cambio clim\u00e1tico y los conflictos comerciales. Sud\u00e1frica es un pa\u00eds de destino","inLanguage":"es-ES","isPartOf":{"@id":"https:\/\/candas365.es\/noticias\/#website"},"breadcrumb":{"@id":"https:\/\/candas365.es\/noticias\/steinmeier-se-reune-con-su-par-sudafricano\/#breadcrumblist"},"author":{"@id":"https:\/\/candas365.es\/noticias\/author\/admin\/#author"},"creator":{"@id":"https:\/\/candas365.es\/noticias\/author\/admin\/#author"},"image":{"@type":"ImageObject","url":"https:\/\/candas365.es\/noticias\/wp-content\/uploads\/2017\/12\/apple-1853306_1280-news2.jpg","@id":"https:\/\/candas365.es\/noticias\/steinmeier-se-reune-con-su-par-sudafricano\/#mainImage","width":1280,"height":853},"primaryImageOfPage":{"@id":"https:\/\/candas365.es\/noticias\/steinmeier-se-reune-con-su-par-sudafricano\/#mainImage"},"datePublished":"2018-11-20T19:41:46+01:00","dateModified":"2018-11-20T19:41:46+01:00"},{"@type":"WebSite","@id":"https:\/\/candas365.es\/noticias\/#website","url":"https:\/\/candas365.es\/noticias\/","name":"Cand\u00e1s 365","alternateName":"Cand\u00e1s 365 Noticias","description":"Actualidad desde Carre\u00f1o para el mundo","inLanguage":"es-ES","publisher":{"@id":"https:\/\/candas365.es\/noticias\/#organization"}}]},"og:locale":"es_ES","og:site_name":"Cand\u00e1s 365","og:type":"article","og:title":"Steinmeier se re\u00fane con su par sudafricano | Cand\u00e1s 365","og:description":"Ciudad del Cabo, 20 nov (dpa) - El presidente alem\u00e1n, Frank-Walter Steinmeier, se reuni\u00f3 hoy con su par sudafricano, Cyril Rampahosa, en el marco de su visita oficial a Sud\u00e1frica. En la agenda de la reuni\u00f3n figuraban cuestiones internacionales como la migraci\u00f3n, el cambio clim\u00e1tico y los conflictos comerciales. Sud\u00e1frica es un pa\u00eds de destino","og:url":"https:\/\/candas365.es\/noticias\/steinmeier-se-reune-con-su-par-sudafricano\/","og:image":"https:\/\/candas365.es\/noticias\/wp-content\/uploads\/2017\/12\/apple-1853306_1280-news2.jpg","og:image:secure_url":"https:\/\/candas365.es\/noticias\/wp-content\/uploads\/2017\/12\/apple-1853306_1280-news2.jpg","og:image:width":1280,"og:image:height":853,"article:published_time":"2018-11-20T19:41:46+00:00","article:modified_time":"2018-11-20T19:41:46+00:00","article:publisher":"https:\/\/www.facebook.com\/Nachofdezber","article:author":"https:\/\/www.facebook.com\/carrenoactualidad","twitter:card":"summary_large_image","twitter:site":"@NabercoDigital","twitter:title":"Steinmeier se re\u00fane con su par sudafricano | Cand\u00e1s 365","twitter:description":"Ciudad del Cabo, 20 nov (dpa) - El presidente alem\u00e1n, Frank-Walter Steinmeier, se reuni\u00f3 hoy con su par sudafricano, Cyril Rampahosa, en el marco de su visita oficial a Sud\u00e1frica. En la agenda de la reuni\u00f3n figuraban cuestiones internacionales como la migraci\u00f3n, el cambio clim\u00e1tico y los conflictos comerciales. Sud\u00e1frica es un pa\u00eds de destino","twitter:creator":"@nbasturias","twitter:image":"https:\/\/candas365.es\/noticias\/wp-content\/uploads\/2017\/12\/apple-1853306_1280-news2.jpg","twitter:label1":"Escrito por","twitter:data1":"Cand\u00e1s 365","twitter:label2":"Tiempo de lectura estimado","twitter:data2":"1 minuto"},"aioseo_meta_data":{"post_id":"110293","title":null,"description":null,"keywords":null,"keyphrases":null,"primary_term":null,"canonical_url":null,"og_title":null,"og_description":null,"og_object_type":"default","og_image_type":"default","og_image_url":null,"og_image_width":null,"og_image_height":null,"og_image_custom_url":null,"og_image_custom_fields":null,"og_video":null,"og_custom_url":null,"og_article_section":null,"og_article_tags":null,"twitter_use_og":false,"twitter_card":"default","twitter_image_type":"default","twitter_image_url":null,"twitter_image_custom_url":null,"twitter_image_custom_fields":null,"twitter_title":null,"twitter_description":null,"schema":{"blockGraphs":[],"customGraphs":[],"default":{"data":{"Article":[],"Course":[],"Dataset":[],"FAQPage":[],"Movie":[],"Person":[],"Product":[],"ProductReview":[],"Car":[],"Recipe":[],"Service":[],"SoftwareApplication":[],"WebPage":[]},"graphName":"","isEnabled":true},"graphs":[],"defaultGraph":"","defaultPostTypeGraph":""},"schema_type":null,"schema_type_options":null,"pillar_content":false,"robots_default":true,"robots_noindex":false,"robots_noarchive":false,"robots_nosnippet":false,"robots_nofollow":false,"robots_noimageindex":false,"robots_noodp":false,"robots_notranslate":false,"robots_max_snippet":null,"robots_max_videopreview":null,"robots_max_imagepreview":"large","priority":null,"frequency":null,"location":null,"local_seo":null,"seo_analyzer_scan_date":"2025-08-28 12:12:23","breadcrumb_settings":null,"limit_modified_date":false,"reviewed_by":null,"open_ai":null,"ai":null,"created":"2020-12-21 11:38:47","updated":"2025-08-28 12:12:23"},"aioseo_breadcrumb":"<div class=\"aioseo-breadcrumbs\"><span class=\"aioseo-breadcrumb\">\n\t<a href=\"https:\/\/candas365.es\/noticias\" title=\"Home\">Home<\/a>\n<\/span><span class=\"aioseo-breadcrumb-separator\">&ndash;<\/span><span class=\"aioseo-breadcrumb\">\n\t<a href=\"https:\/\/candas365.es\/noticias\/category\/actualidad\/\" title=\"Actualidad\">Actualidad<\/a>\n<\/span><span class=\"aioseo-breadcrumb-separator\">&ndash;<\/span><span class=\"aioseo-breadcrumb\">\n\tSteinmeier se re\u00fane con su par sudafricano\n<\/span><\/div>","aioseo_breadcrumb_json":[{"label":"Home","link":"https:\/\/candas365.es\/noticias"},{"label":"Actualidad","link":"https:\/\/candas365.es\/noticias\/category\/actualidad\/"},{"label":"Steinmeier se re\u00fane con su par sudafricano","link":"https:\/\/candas365.es\/noticias\/steinmeier-se-reune-con-su-par-sudafricano\/"}],"_links":{"self":[{"href":"https:\/\/candas365.es\/noticias\/wp-json\/wp\/v2\/posts\/110293","targetHints":{"allow":["GET"]}}],"collection":[{"href":"https:\/\/candas365.es\/noticias\/wp-json\/wp\/v2\/posts"}],"about":[{"href":"https:\/\/candas365.es\/noticias\/wp-json\/wp\/v2\/types\/post"}],"author":[{"embeddable":true,"href":"https:\/\/candas365.es\/noticias\/wp-json\/wp\/v2\/users\/1"}],"replies":[{"embeddable":true,"href":"https:\/\/candas365.es\/noticias\/wp-json\/wp\/v2\/comments?post=110293"}],"version-history":[{"count":0,"href":"https:\/\/candas365.es\/noticias\/wp-json\/wp\/v2\/posts\/110293\/revisions"}],"wp:featuredmedia":[{"embeddable":true,"href":"https:\/\/candas365.es\/noticias\/wp-json\/wp\/v2\/media\/86307"}],"wp:attachment":[{"href":"https:\/\/candas365.es\/noticias\/wp-json\/wp\/v2\/media?parent=110293"}],"wp:term":[{"taxonomy":"category","embeddable":true,"href":"https:\/\/candas365.es\/noticias\/wp-json\/wp\/v2\/categories?post=110293"},{"taxonomy":"post_tag","embeddable":true,"href":"https:\/\/candas365.es\/noticias\/wp-json\/wp\/v2\/tags?post=110293"}],"curies":[{"name":"wp","href":"https:\/\/api.w.org\/{rel}","templated":true}]}}