{"id":110281,"date":"2018-11-20T19:30:48","date_gmt":"2018-11-20T19:30:48","guid":{"rendered":"http:\/\/candas365.es\/noticias\/?p=110281"},"modified":"2018-11-20T19:30:48","modified_gmt":"2018-11-20T19:30:48","slug":"la-asociacion-de-fundaciones-culmino-tras-cinco-anos-de-trabajo-su-apoyo-a-los-museos-alemanes","status":"publish","type":"post","link":"https:\/\/candas365.es\/noticias\/la-asociacion-de-fundaciones-culmino-tras-cinco-anos-de-trabajo-su-apoyo-a-los-museos-alemanes\/","title":{"rendered":"La asociaci\u00f3n de fundaciones culmin\u00f3 tras cinco a\u00f1os de trabajo su apoyo a los museos alemanes"},"content":{"rendered":"<p><img fetchpriority=\"high\" decoding=\"async\" class=\"alignleft size-medium wp-image-77216\" src=\"https:\/\/candas365.es\/noticias\/wp-content\/uploads\/2017\/08\/news-1729539_960_720-360x238.jpg\" alt=\"\" width=\"360\" height=\"238\" srcset=\"https:\/\/candas365.es\/noticias\/wp-content\/uploads\/2017\/08\/news-1729539_960_720-360x238.jpg 360w, https:\/\/candas365.es\/noticias\/wp-content\/uploads\/2017\/08\/news-1729539_960_720-768x508.jpg 768w, https:\/\/candas365.es\/noticias\/wp-content\/uploads\/2017\/08\/news-1729539_960_720-655x433.jpg 655w, https:\/\/candas365.es\/noticias\/wp-content\/uploads\/2017\/08\/news-1729539_960_720-696x460.jpg 696w, https:\/\/candas365.es\/noticias\/wp-content\/uploads\/2017\/08\/news-1729539_960_720-635x420.jpg 635w, https:\/\/candas365.es\/noticias\/wp-content\/uploads\/2017\/08\/news-1729539_960_720-84x55.jpg 84w, https:\/\/candas365.es\/noticias\/wp-content\/uploads\/2017\/08\/news-1729539_960_720.jpg 960w\" sizes=\"(max-width: 360px) 100vw, 360px\" \/>Hamburgo, 20 nov (dpa) &#8211; La asociaci\u00f3n de fundaciones \u00abKunst auf Lager\u00bb (arte en dep\u00f3sito) culmin\u00f3 tras cinco a\u00f1os de trabajo su apoyo a museos alemanes para redescubrir los tesoros art\u00edsticos que albergan sus almacenes y archivos.<\/p>\n<p>Durante este per\u00edodo, las fundaciones que participaron en el programa invirtieron m\u00e1s de 26 millones de euros (29,6 millones de d\u00f3lares) en 292 proyectos de fomento, inform\u00f3 la agrupaci\u00f3n en Hamburgo.<\/p>\n<p>Adem\u00e1s, el Ministerio federal de Educaci\u00f3n e Investigaci\u00f3n destin\u00f3 m\u00e1s de 30 millones de euros (34,2 millones de d\u00f3lares) a 41 trabajos de investigaci\u00f3n sobre el tema.<\/p>\n<p>La meta de la agrupaci\u00f3n de fundaciones fue preservar obras de arte del deterioro, registrarlas en forma digital y almacenarlas de modo que puedan volver a ser presentadas al p\u00fablico.<\/p>\n<p>\u00abEl almac\u00e9n es la llave del \u00e9xito de todo museo\u00bb, enfatiz\u00f3 Sebastian Giesen, de la fundaci\u00f3n Hermann Remmtsma, con sede en Hamburgo. Se estima que el 90 por ciento del inventario de los museos se encuentra en los dep\u00f3sitos, solo un diez por ciento es mostrado en exposiciones.<\/p>\n","protected":false},"excerpt":{"rendered":"<p>Hamburgo, 20 nov (dpa) &#8211; La asociaci\u00f3n de fundaciones \u00abKunst auf Lager\u00bb (arte en dep\u00f3sito) culmin\u00f3 tras cinco a\u00f1os de trabajo su apoyo a museos alemanes para redescubrir los tesoros art\u00edsticos que albergan sus almacenes y archivos. Durante este per\u00edodo, las fundaciones que participaron en el programa invirtieron m\u00e1s de 26 millones de euros (29,6<\/p>\n","protected":false},"author":1,"featured_media":77216,"comment_status":"closed","ping_status":"closed","sticky":false,"template":"","format":"standard","meta":{"footnotes":""},"categories":[343],"tags":[],"class_list":{"0":"post-110281","1":"post","2":"type-post","3":"status-publish","4":"format-standard","5":"has-post-thumbnail","7":"category-actualidad"},"aioseo_notices":[],"aioseo_head":"\n\t\t<!-- All in One SEO Pro 4.9.6.2 - aioseo.com -->\n\t<meta name=\"description\" content=\"Hamburgo, 20 nov (dpa) - La asociaci\u00f3n de fundaciones &quot;Kunst auf Lager&quot; (arte en dep\u00f3sito) culmin\u00f3 tras cinco a\u00f1os de trabajo su apoyo a museos alemanes para redescubrir los tesoros art\u00edsticos que albergan sus almacenes y archivos. Durante este per\u00edodo, las fundaciones que participaron en el programa invirtieron m\u00e1s de 26 millones de euros (29,6\" \/>\n\t<meta name=\"robots\" content=\"max-image-preview:large\" \/>\n\t<meta name=\"author\" content=\"Cand\u00e1s 365\"\/>\n\t<meta name=\"google-site-verification\" content=\"UA-32230408-1\" \/>\n\t<meta name=\"msvalidate.01\" content=\"354F3CDFB2DA171B47FBE9ABF1F88D5\" \/>\n\t<meta name=\"keywords\" content=\"actualidad\" \/>\n\t<link rel=\"canonical\" href=\"https:\/\/candas365.es\/noticias\/la-asociacion-de-fundaciones-culmino-tras-cinco-anos-de-trabajo-su-apoyo-a-los-museos-alemanes\/\" \/>\n\t<meta name=\"generator\" content=\"All in One SEO Pro (AIOSEO) 4.9.6.2\" \/>\n\t\t<meta property=\"og:locale\" content=\"es_ES\" \/>\n\t\t<meta property=\"og:site_name\" content=\"Cand\u00e1s 365\" \/>\n\t\t<meta property=\"og:type\" content=\"article\" \/>\n\t\t<meta property=\"og:title\" content=\"La asociaci\u00f3n de fundaciones culmin\u00f3 tras cinco a\u00f1os de trabajo su apoyo a los museos alemanes | Cand\u00e1s 365\" \/>\n\t\t<meta property=\"og:description\" content=\"Hamburgo, 20 nov (dpa) - La asociaci\u00f3n de fundaciones &quot;Kunst auf Lager&quot; (arte en dep\u00f3sito) culmin\u00f3 tras cinco a\u00f1os de trabajo su apoyo a museos alemanes para redescubrir los tesoros art\u00edsticos que albergan sus almacenes y archivos. Durante este per\u00edodo, las fundaciones que participaron en el programa invirtieron m\u00e1s de 26 millones de euros (29,6\" \/>\n\t\t<meta property=\"og:url\" content=\"https:\/\/candas365.es\/noticias\/la-asociacion-de-fundaciones-culmino-tras-cinco-anos-de-trabajo-su-apoyo-a-los-museos-alemanes\/\" \/>\n\t\t<meta property=\"og:image\" content=\"https:\/\/candas365.es\/noticias\/wp-content\/uploads\/2017\/08\/news-1729539_960_720.jpg\" \/>\n\t\t<meta property=\"og:image:secure_url\" content=\"https:\/\/candas365.es\/noticias\/wp-content\/uploads\/2017\/08\/news-1729539_960_720.jpg\" \/>\n\t\t<meta property=\"og:image:width\" content=\"960\" \/>\n\t\t<meta property=\"og:image:height\" content=\"635\" \/>\n\t\t<meta property=\"article:published_time\" content=\"2018-11-20T19:30:48+00:00\" \/>\n\t\t<meta property=\"article:modified_time\" content=\"2018-11-20T19:30:48+00:00\" \/>\n\t\t<meta property=\"article:publisher\" content=\"https:\/\/www.facebook.com\/Nachofdezber\" \/>\n\t\t<meta property=\"article:author\" content=\"https:\/\/www.facebook.com\/carrenoactualidad\" \/>\n\t\t<meta name=\"twitter:card\" content=\"summary_large_image\" \/>\n\t\t<meta name=\"twitter:site\" content=\"@NabercoDigital\" \/>\n\t\t<meta name=\"twitter:title\" content=\"La asociaci\u00f3n de fundaciones culmin\u00f3 tras cinco a\u00f1os de trabajo su apoyo a los museos alemanes | Cand\u00e1s 365\" \/>\n\t\t<meta name=\"twitter:description\" content=\"Hamburgo, 20 nov (dpa) - La asociaci\u00f3n de fundaciones &quot;Kunst auf Lager&quot; (arte en dep\u00f3sito) culmin\u00f3 tras cinco a\u00f1os de trabajo su apoyo a museos alemanes para redescubrir los tesoros art\u00edsticos que albergan sus almacenes y archivos. Durante este per\u00edodo, las fundaciones que participaron en el programa invirtieron m\u00e1s de 26 millones de euros (29,6\" \/>\n\t\t<meta name=\"twitter:creator\" content=\"@nbasturias\" \/>\n\t\t<meta name=\"twitter:image\" content=\"https:\/\/candas365.es\/noticias\/wp-content\/uploads\/2017\/08\/news-1729539_960_720.jpg\" \/>\n\t\t<meta name=\"twitter:label1\" content=\"Escrito por\" \/>\n\t\t<meta name=\"twitter:data1\" content=\"Cand\u00e1s 365\" \/>\n\t\t<meta name=\"twitter:label2\" content=\"Tiempo de lectura estimado\" \/>\n\t\t<meta name=\"twitter:data2\" content=\"1 minuto\" \/>\n\t\t<script type=\"application\/ld+json\" class=\"aioseo-schema\">\n\t\t\t{\"@context\":\"https:\\\/\\\/schema.org\",\"@graph\":[{\"@type\":\"BreadcrumbList\",\"@id\":\"https:\\\/\\\/candas365.es\\\/noticias\\\/la-asociacion-de-fundaciones-culmino-tras-cinco-anos-de-trabajo-su-apoyo-a-los-museos-alemanes\\\/#breadcrumblist\",\"itemListElement\":[{\"@type\":\"ListItem\",\"@id\":\"https:\\\/\\\/candas365.es\\\/noticias#listItem\",\"position\":1,\"name\":\"Home\",\"item\":\"https:\\\/\\\/candas365.es\\\/noticias\",\"nextItem\":{\"@type\":\"ListItem\",\"@id\":\"https:\\\/\\\/candas365.es\\\/noticias\\\/category\\\/actualidad\\\/#listItem\",\"name\":\"Actualidad\"}},{\"@type\":\"ListItem\",\"@id\":\"https:\\\/\\\/candas365.es\\\/noticias\\\/category\\\/actualidad\\\/#listItem\",\"position\":2,\"name\":\"Actualidad\",\"item\":\"https:\\\/\\\/candas365.es\\\/noticias\\\/category\\\/actualidad\\\/\",\"nextItem\":{\"@type\":\"ListItem\",\"@id\":\"https:\\\/\\\/candas365.es\\\/noticias\\\/la-asociacion-de-fundaciones-culmino-tras-cinco-anos-de-trabajo-su-apoyo-a-los-museos-alemanes\\\/#listItem\",\"name\":\"La asociaci\\u00f3n de fundaciones culmin\\u00f3 tras cinco a\\u00f1os de trabajo su apoyo a los museos alemanes\"},\"previousItem\":{\"@type\":\"ListItem\",\"@id\":\"https:\\\/\\\/candas365.es\\\/noticias#listItem\",\"name\":\"Home\"}},{\"@type\":\"ListItem\",\"@id\":\"https:\\\/\\\/candas365.es\\\/noticias\\\/la-asociacion-de-fundaciones-culmino-tras-cinco-anos-de-trabajo-su-apoyo-a-los-museos-alemanes\\\/#listItem\",\"position\":3,\"name\":\"La asociaci\\u00f3n de fundaciones culmin\\u00f3 tras cinco a\\u00f1os de trabajo su apoyo a los museos alemanes\",\"previousItem\":{\"@type\":\"ListItem\",\"@id\":\"https:\\\/\\\/candas365.es\\\/noticias\\\/category\\\/actualidad\\\/#listItem\",\"name\":\"Actualidad\"}}]},{\"@type\":\"NewsArticle\",\"@id\":\"https:\\\/\\\/candas365.es\\\/noticias\\\/la-asociacion-de-fundaciones-culmino-tras-cinco-anos-de-trabajo-su-apoyo-a-los-museos-alemanes\\\/#newsarticle\",\"name\":\"La asociaci\\u00f3n de fundaciones culmin\\u00f3 tras cinco a\\u00f1os de trabajo su apoyo a los museos alemanes | Cand\\u00e1s 365\",\"headline\":\"La asociaci\\u00f3n de fundaciones culmin\\u00f3 tras cinco a\\u00f1os de trabajo su apoyo a los museos alemanes\",\"author\":{\"@id\":\"https:\\\/\\\/candas365.es\\\/noticias\\\/author\\\/admin\\\/#author\"},\"publisher\":{\"@id\":\"https:\\\/\\\/candas365.es\\\/noticias\\\/#organization\"},\"image\":{\"@type\":\"ImageObject\",\"url\":\"https:\\\/\\\/candas365.es\\\/noticias\\\/wp-content\\\/uploads\\\/2017\\\/08\\\/news-1729539_960_720.jpg\",\"width\":960,\"height\":635},\"datePublished\":\"2018-11-20T19:30:48+01:00\",\"dateModified\":\"2018-11-20T19:30:48+01:00\",\"inLanguage\":\"es-ES\",\"mainEntityOfPage\":{\"@id\":\"https:\\\/\\\/candas365.es\\\/noticias\\\/la-asociacion-de-fundaciones-culmino-tras-cinco-anos-de-trabajo-su-apoyo-a-los-museos-alemanes\\\/#webpage\"},\"isPartOf\":{\"@id\":\"https:\\\/\\\/candas365.es\\\/noticias\\\/la-asociacion-de-fundaciones-culmino-tras-cinco-anos-de-trabajo-su-apoyo-a-los-museos-alemanes\\\/#webpage\"},\"articleSection\":\"Actualidad\",\"dateline\":\"Publicado el noviembre 20, 2018.\"},{\"@type\":\"Organization\",\"@id\":\"https:\\\/\\\/candas365.es\\\/noticias\\\/#organization\",\"name\":\"Cand\\u00e1s 365\",\"description\":\"Cand\\u00e1s 365 es un diario digital independiente, fundado en 2012, con base en Asturias. Informamos con rigor sobre actualidad, sociedad, cultura y ocio, con una mirada local y global.\",\"url\":\"https:\\\/\\\/candas365.es\\\/noticias\\\/\",\"email\":\"info@candas365.es\",\"telephone\":\"+34652131393\",\"foundingDate\":\"2012-06-10\",\"logo\":{\"@type\":\"ImageObject\",\"url\":\"https:\\\/\\\/candas365.es\\\/noticias\\\/wp-content\\\/uploads\\\/2024\\\/09\\\/Candas-365-Redes.jpg\",\"@id\":\"https:\\\/\\\/candas365.es\\\/noticias\\\/la-asociacion-de-fundaciones-culmino-tras-cinco-anos-de-trabajo-su-apoyo-a-los-museos-alemanes\\\/#organizationLogo\",\"width\":1152,\"height\":864,\"caption\":\"Cand\\u00e1s 365 Redes\"},\"image\":{\"@id\":\"https:\\\/\\\/candas365.es\\\/noticias\\\/la-asociacion-de-fundaciones-culmino-tras-cinco-anos-de-trabajo-su-apoyo-a-los-museos-alemanes\\\/#organizationLogo\"},\"sameAs\":[\"https:\\\/\\\/www.facebook.com\\\/Nachofdezber\",\"https:\\\/\\\/x.com\\\/NabercoDigital\",\"https:\\\/\\\/www.instagram.com\\\/nachofdezber\\\/\",\"https:\\\/\\\/www.youtube.com\\\/channel\\\/UCZP-2wLEB9Rv6erhFmqVnvg\"],\"address\":{\"@id\":\"https:\\\/\\\/candas365.es\\\/noticias\\\/#postaladdress\",\"@type\":\"PostalAddress\",\"streetAddress\":\"san antonio 4, san antonio 4\",\"postalCode\":\"33430\",\"addressLocality\":\"Cand\\u00e1s\",\"addressRegion\":\"Asturias\",\"addressCountry\":\"ES\"}},{\"@type\":\"Person\",\"@id\":\"https:\\\/\\\/candas365.es\\\/noticias\\\/author\\\/admin\\\/#author\",\"url\":\"https:\\\/\\\/candas365.es\\\/noticias\\\/author\\\/admin\\\/\",\"name\":\"Cand\\u00e1s 365\",\"image\":{\"@type\":\"ImageObject\",\"@id\":\"https:\\\/\\\/candas365.es\\\/noticias\\\/la-asociacion-de-fundaciones-culmino-tras-cinco-anos-de-trabajo-su-apoyo-a-los-museos-alemanes\\\/#authorImage\",\"url\":\"https:\\\/\\\/secure.gravatar.com\\\/avatar\\\/496a8e03d0c493ede1718b7934145dbdf8d89be1036b0eec9544e1094c9de390?s=96&d=mm&r=g\",\"width\":96,\"height\":96,\"caption\":\"Cand\\u00e1s 365\"},\"sameAs\":[\"https:\\\/\\\/www.facebook.com\\\/carrenoactualidad\",\"https:\\\/\\\/twitter.com\\\/nbasturias\",\"https:\\\/\\\/www.instagram.com\\\/nachofdezber\\\/\",\"https:\\\/\\\/www.youtube.com\\\/channel\\\/UCZP-2wLEB9Rv6erhFmqVnvg\"]},{\"@type\":\"WebPage\",\"@id\":\"https:\\\/\\\/candas365.es\\\/noticias\\\/la-asociacion-de-fundaciones-culmino-tras-cinco-anos-de-trabajo-su-apoyo-a-los-museos-alemanes\\\/#webpage\",\"url\":\"https:\\\/\\\/candas365.es\\\/noticias\\\/la-asociacion-de-fundaciones-culmino-tras-cinco-anos-de-trabajo-su-apoyo-a-los-museos-alemanes\\\/\",\"name\":\"La asociaci\\u00f3n de fundaciones culmin\\u00f3 tras cinco a\\u00f1os de trabajo su apoyo a los museos alemanes | Cand\\u00e1s 365\",\"description\":\"Hamburgo, 20 nov (dpa) - La asociaci\\u00f3n de fundaciones \\\"Kunst auf Lager\\\" (arte en dep\\u00f3sito) culmin\\u00f3 tras cinco a\\u00f1os de trabajo su apoyo a museos alemanes para redescubrir los tesoros art\\u00edsticos que albergan sus almacenes y archivos. Durante este per\\u00edodo, las fundaciones que participaron en el programa invirtieron m\\u00e1s de 26 millones de euros (29,6\",\"inLanguage\":\"es-ES\",\"isPartOf\":{\"@id\":\"https:\\\/\\\/candas365.es\\\/noticias\\\/#website\"},\"breadcrumb\":{\"@id\":\"https:\\\/\\\/candas365.es\\\/noticias\\\/la-asociacion-de-fundaciones-culmino-tras-cinco-anos-de-trabajo-su-apoyo-a-los-museos-alemanes\\\/#breadcrumblist\"},\"author\":{\"@id\":\"https:\\\/\\\/candas365.es\\\/noticias\\\/author\\\/admin\\\/#author\"},\"creator\":{\"@id\":\"https:\\\/\\\/candas365.es\\\/noticias\\\/author\\\/admin\\\/#author\"},\"image\":{\"@type\":\"ImageObject\",\"url\":\"https:\\\/\\\/candas365.es\\\/noticias\\\/wp-content\\\/uploads\\\/2017\\\/08\\\/news-1729539_960_720.jpg\",\"@id\":\"https:\\\/\\\/candas365.es\\\/noticias\\\/la-asociacion-de-fundaciones-culmino-tras-cinco-anos-de-trabajo-su-apoyo-a-los-museos-alemanes\\\/#mainImage\",\"width\":960,\"height\":635},\"primaryImageOfPage\":{\"@id\":\"https:\\\/\\\/candas365.es\\\/noticias\\\/la-asociacion-de-fundaciones-culmino-tras-cinco-anos-de-trabajo-su-apoyo-a-los-museos-alemanes\\\/#mainImage\"},\"datePublished\":\"2018-11-20T19:30:48+01:00\",\"dateModified\":\"2018-11-20T19:30:48+01:00\"},{\"@type\":\"WebSite\",\"@id\":\"https:\\\/\\\/candas365.es\\\/noticias\\\/#website\",\"url\":\"https:\\\/\\\/candas365.es\\\/noticias\\\/\",\"name\":\"Cand\\u00e1s 365\",\"alternateName\":\"Cand\\u00e1s 365 Noticias\",\"description\":\"Actualidad desde Carre\\u00f1o para el mundo\",\"inLanguage\":\"es-ES\",\"publisher\":{\"@id\":\"https:\\\/\\\/candas365.es\\\/noticias\\\/#organization\"}}]}\n\t\t<\/script>\n\t\t<!-- All in One SEO Pro -->\r\n\t\t<title>La asociaci\u00f3n de fundaciones culmin\u00f3 tras cinco a\u00f1os de trabajo su apoyo a los museos alemanes | Cand\u00e1s 365<\/title>\n\n","aioseo_head_json":{"title":"La asociaci\u00f3n de fundaciones culmin\u00f3 tras cinco a\u00f1os de trabajo su apoyo a los museos alemanes | Cand\u00e1s 365","description":"Hamburgo, 20 nov (dpa) - La asociaci\u00f3n de fundaciones \"Kunst auf Lager\" (arte en dep\u00f3sito) culmin\u00f3 tras cinco a\u00f1os de trabajo su apoyo a museos alemanes para redescubrir los tesoros art\u00edsticos que albergan sus almacenes y archivos. Durante este per\u00edodo, las fundaciones que participaron en el programa invirtieron m\u00e1s de 26 millones de euros (29,6","canonical_url":"https:\/\/candas365.es\/noticias\/la-asociacion-de-fundaciones-culmino-tras-cinco-anos-de-trabajo-su-apoyo-a-los-museos-alemanes\/","robots":"max-image-preview:large","keywords":"actualidad","webmasterTools":{"google-site-verification":"UA-32230408-1","msvalidate.01":"354F3CDFB2DA171B47FBE9ABF1F88D5","miscellaneous":""},"schema":{"@context":"https:\/\/schema.org","@graph":[{"@type":"BreadcrumbList","@id":"https:\/\/candas365.es\/noticias\/la-asociacion-de-fundaciones-culmino-tras-cinco-anos-de-trabajo-su-apoyo-a-los-museos-alemanes\/#breadcrumblist","itemListElement":[{"@type":"ListItem","@id":"https:\/\/candas365.es\/noticias#listItem","position":1,"name":"Home","item":"https:\/\/candas365.es\/noticias","nextItem":{"@type":"ListItem","@id":"https:\/\/candas365.es\/noticias\/category\/actualidad\/#listItem","name":"Actualidad"}},{"@type":"ListItem","@id":"https:\/\/candas365.es\/noticias\/category\/actualidad\/#listItem","position":2,"name":"Actualidad","item":"https:\/\/candas365.es\/noticias\/category\/actualidad\/","nextItem":{"@type":"ListItem","@id":"https:\/\/candas365.es\/noticias\/la-asociacion-de-fundaciones-culmino-tras-cinco-anos-de-trabajo-su-apoyo-a-los-museos-alemanes\/#listItem","name":"La asociaci\u00f3n de fundaciones culmin\u00f3 tras cinco a\u00f1os de trabajo su apoyo a los museos alemanes"},"previousItem":{"@type":"ListItem","@id":"https:\/\/candas365.es\/noticias#listItem","name":"Home"}},{"@type":"ListItem","@id":"https:\/\/candas365.es\/noticias\/la-asociacion-de-fundaciones-culmino-tras-cinco-anos-de-trabajo-su-apoyo-a-los-museos-alemanes\/#listItem","position":3,"name":"La asociaci\u00f3n de fundaciones culmin\u00f3 tras cinco a\u00f1os de trabajo su apoyo a los museos alemanes","previousItem":{"@type":"ListItem","@id":"https:\/\/candas365.es\/noticias\/category\/actualidad\/#listItem","name":"Actualidad"}}]},{"@type":"NewsArticle","@id":"https:\/\/candas365.es\/noticias\/la-asociacion-de-fundaciones-culmino-tras-cinco-anos-de-trabajo-su-apoyo-a-los-museos-alemanes\/#newsarticle","name":"La asociaci\u00f3n de fundaciones culmin\u00f3 tras cinco a\u00f1os de trabajo su apoyo a los museos alemanes | Cand\u00e1s 365","headline":"La asociaci\u00f3n de fundaciones culmin\u00f3 tras cinco a\u00f1os de trabajo su apoyo a los museos alemanes","author":{"@id":"https:\/\/candas365.es\/noticias\/author\/admin\/#author"},"publisher":{"@id":"https:\/\/candas365.es\/noticias\/#organization"},"image":{"@type":"ImageObject","url":"https:\/\/candas365.es\/noticias\/wp-content\/uploads\/2017\/08\/news-1729539_960_720.jpg","width":960,"height":635},"datePublished":"2018-11-20T19:30:48+01:00","dateModified":"2018-11-20T19:30:48+01:00","inLanguage":"es-ES","mainEntityOfPage":{"@id":"https:\/\/candas365.es\/noticias\/la-asociacion-de-fundaciones-culmino-tras-cinco-anos-de-trabajo-su-apoyo-a-los-museos-alemanes\/#webpage"},"isPartOf":{"@id":"https:\/\/candas365.es\/noticias\/la-asociacion-de-fundaciones-culmino-tras-cinco-anos-de-trabajo-su-apoyo-a-los-museos-alemanes\/#webpage"},"articleSection":"Actualidad","dateline":"Publicado el noviembre 20, 2018."},{"@type":"Organization","@id":"https:\/\/candas365.es\/noticias\/#organization","name":"Cand\u00e1s 365","description":"Cand\u00e1s 365 es un diario digital independiente, fundado en 2012, con base en Asturias. Informamos con rigor sobre actualidad, sociedad, cultura y ocio, con una mirada local y global.","url":"https:\/\/candas365.es\/noticias\/","email":"info@candas365.es","telephone":"+34652131393","foundingDate":"2012-06-10","logo":{"@type":"ImageObject","url":"https:\/\/candas365.es\/noticias\/wp-content\/uploads\/2024\/09\/Candas-365-Redes.jpg","@id":"https:\/\/candas365.es\/noticias\/la-asociacion-de-fundaciones-culmino-tras-cinco-anos-de-trabajo-su-apoyo-a-los-museos-alemanes\/#organizationLogo","width":1152,"height":864,"caption":"Cand\u00e1s 365 Redes"},"image":{"@id":"https:\/\/candas365.es\/noticias\/la-asociacion-de-fundaciones-culmino-tras-cinco-anos-de-trabajo-su-apoyo-a-los-museos-alemanes\/#organizationLogo"},"sameAs":["https:\/\/www.facebook.com\/Nachofdezber","https:\/\/x.com\/NabercoDigital","https:\/\/www.instagram.com\/nachofdezber\/","https:\/\/www.youtube.com\/channel\/UCZP-2wLEB9Rv6erhFmqVnvg"],"address":{"@id":"https:\/\/candas365.es\/noticias\/#postaladdress","@type":"PostalAddress","streetAddress":"san antonio 4, san antonio 4","postalCode":"33430","addressLocality":"Cand\u00e1s","addressRegion":"Asturias","addressCountry":"ES"}},{"@type":"Person","@id":"https:\/\/candas365.es\/noticias\/author\/admin\/#author","url":"https:\/\/candas365.es\/noticias\/author\/admin\/","name":"Cand\u00e1s 365","image":{"@type":"ImageObject","@id":"https:\/\/candas365.es\/noticias\/la-asociacion-de-fundaciones-culmino-tras-cinco-anos-de-trabajo-su-apoyo-a-los-museos-alemanes\/#authorImage","url":"https:\/\/secure.gravatar.com\/avatar\/496a8e03d0c493ede1718b7934145dbdf8d89be1036b0eec9544e1094c9de390?s=96&d=mm&r=g","width":96,"height":96,"caption":"Cand\u00e1s 365"},"sameAs":["https:\/\/www.facebook.com\/carrenoactualidad","https:\/\/twitter.com\/nbasturias","https:\/\/www.instagram.com\/nachofdezber\/","https:\/\/www.youtube.com\/channel\/UCZP-2wLEB9Rv6erhFmqVnvg"]},{"@type":"WebPage","@id":"https:\/\/candas365.es\/noticias\/la-asociacion-de-fundaciones-culmino-tras-cinco-anos-de-trabajo-su-apoyo-a-los-museos-alemanes\/#webpage","url":"https:\/\/candas365.es\/noticias\/la-asociacion-de-fundaciones-culmino-tras-cinco-anos-de-trabajo-su-apoyo-a-los-museos-alemanes\/","name":"La asociaci\u00f3n de fundaciones culmin\u00f3 tras cinco a\u00f1os de trabajo su apoyo a los museos alemanes | Cand\u00e1s 365","description":"Hamburgo, 20 nov (dpa) - La asociaci\u00f3n de fundaciones \"Kunst auf Lager\" (arte en dep\u00f3sito) culmin\u00f3 tras cinco a\u00f1os de trabajo su apoyo a museos alemanes para redescubrir los tesoros art\u00edsticos que albergan sus almacenes y archivos. Durante este per\u00edodo, las fundaciones que participaron en el programa invirtieron m\u00e1s de 26 millones de euros (29,6","inLanguage":"es-ES","isPartOf":{"@id":"https:\/\/candas365.es\/noticias\/#website"},"breadcrumb":{"@id":"https:\/\/candas365.es\/noticias\/la-asociacion-de-fundaciones-culmino-tras-cinco-anos-de-trabajo-su-apoyo-a-los-museos-alemanes\/#breadcrumblist"},"author":{"@id":"https:\/\/candas365.es\/noticias\/author\/admin\/#author"},"creator":{"@id":"https:\/\/candas365.es\/noticias\/author\/admin\/#author"},"image":{"@type":"ImageObject","url":"https:\/\/candas365.es\/noticias\/wp-content\/uploads\/2017\/08\/news-1729539_960_720.jpg","@id":"https:\/\/candas365.es\/noticias\/la-asociacion-de-fundaciones-culmino-tras-cinco-anos-de-trabajo-su-apoyo-a-los-museos-alemanes\/#mainImage","width":960,"height":635},"primaryImageOfPage":{"@id":"https:\/\/candas365.es\/noticias\/la-asociacion-de-fundaciones-culmino-tras-cinco-anos-de-trabajo-su-apoyo-a-los-museos-alemanes\/#mainImage"},"datePublished":"2018-11-20T19:30:48+01:00","dateModified":"2018-11-20T19:30:48+01:00"},{"@type":"WebSite","@id":"https:\/\/candas365.es\/noticias\/#website","url":"https:\/\/candas365.es\/noticias\/","name":"Cand\u00e1s 365","alternateName":"Cand\u00e1s 365 Noticias","description":"Actualidad desde Carre\u00f1o para el mundo","inLanguage":"es-ES","publisher":{"@id":"https:\/\/candas365.es\/noticias\/#organization"}}]},"og:locale":"es_ES","og:site_name":"Cand\u00e1s 365","og:type":"article","og:title":"La asociaci\u00f3n de fundaciones culmin\u00f3 tras cinco a\u00f1os de trabajo su apoyo a los museos alemanes | Cand\u00e1s 365","og:description":"Hamburgo, 20 nov (dpa) - La asociaci\u00f3n de fundaciones &quot;Kunst auf Lager&quot; (arte en dep\u00f3sito) culmin\u00f3 tras cinco a\u00f1os de trabajo su apoyo a museos alemanes para redescubrir los tesoros art\u00edsticos que albergan sus almacenes y archivos. Durante este per\u00edodo, las fundaciones que participaron en el programa invirtieron m\u00e1s de 26 millones de euros (29,6","og:url":"https:\/\/candas365.es\/noticias\/la-asociacion-de-fundaciones-culmino-tras-cinco-anos-de-trabajo-su-apoyo-a-los-museos-alemanes\/","og:image":"https:\/\/candas365.es\/noticias\/wp-content\/uploads\/2017\/08\/news-1729539_960_720.jpg","og:image:secure_url":"https:\/\/candas365.es\/noticias\/wp-content\/uploads\/2017\/08\/news-1729539_960_720.jpg","og:image:width":960,"og:image:height":635,"article:published_time":"2018-11-20T19:30:48+00:00","article:modified_time":"2018-11-20T19:30:48+00:00","article:publisher":"https:\/\/www.facebook.com\/Nachofdezber","article:author":"https:\/\/www.facebook.com\/carrenoactualidad","twitter:card":"summary_large_image","twitter:site":"@NabercoDigital","twitter:title":"La asociaci\u00f3n de fundaciones culmin\u00f3 tras cinco a\u00f1os de trabajo su apoyo a los museos alemanes | Cand\u00e1s 365","twitter:description":"Hamburgo, 20 nov (dpa) - La asociaci\u00f3n de fundaciones &quot;Kunst auf Lager&quot; (arte en dep\u00f3sito) culmin\u00f3 tras cinco a\u00f1os de trabajo su apoyo a museos alemanes para redescubrir los tesoros art\u00edsticos que albergan sus almacenes y archivos. Durante este per\u00edodo, las fundaciones que participaron en el programa invirtieron m\u00e1s de 26 millones de euros (29,6","twitter:creator":"@nbasturias","twitter:image":"https:\/\/candas365.es\/noticias\/wp-content\/uploads\/2017\/08\/news-1729539_960_720.jpg","twitter:label1":"Escrito por","twitter:data1":"Cand\u00e1s 365","twitter:label2":"Tiempo de lectura estimado","twitter:data2":"1 minuto"},"aioseo_meta_data":{"post_id":"110281","title":null,"description":null,"keywords":null,"keyphrases":null,"primary_term":null,"canonical_url":null,"og_title":null,"og_description":null,"og_object_type":"default","og_image_type":"default","og_image_url":null,"og_image_width":null,"og_image_height":null,"og_image_custom_url":null,"og_image_custom_fields":null,"og_video":null,"og_custom_url":null,"og_article_section":null,"og_article_tags":null,"twitter_use_og":false,"twitter_card":"default","twitter_image_type":"default","twitter_image_url":null,"twitter_image_custom_url":null,"twitter_image_custom_fields":null,"twitter_title":null,"twitter_description":null,"schema":{"blockGraphs":[],"customGraphs":[],"default":{"data":{"Article":[],"Course":[],"Dataset":[],"FAQPage":[],"Movie":[],"Person":[],"Product":[],"ProductReview":[],"Car":[],"Recipe":[],"Service":[],"SoftwareApplication":[],"WebPage":[]},"graphName":"","isEnabled":true},"graphs":[],"defaultGraph":"","defaultPostTypeGraph":""},"schema_type":null,"schema_type_options":null,"pillar_content":false,"robots_default":true,"robots_noindex":false,"robots_noarchive":false,"robots_nosnippet":false,"robots_nofollow":false,"robots_noimageindex":false,"robots_noodp":false,"robots_notranslate":false,"robots_max_snippet":null,"robots_max_videopreview":null,"robots_max_imagepreview":"large","priority":null,"frequency":null,"location":null,"local_seo":null,"seo_analyzer_scan_date":"2025-08-28 12:10:18","breadcrumb_settings":null,"limit_modified_date":false,"reviewed_by":null,"open_ai":null,"ai":null,"created":"2020-12-21 11:38:47","updated":"2025-08-28 12:10:18"},"aioseo_breadcrumb":"<div class=\"aioseo-breadcrumbs\"><span class=\"aioseo-breadcrumb\">\n\t<a href=\"https:\/\/candas365.es\/noticias\" title=\"Home\">Home<\/a>\n<\/span><span class=\"aioseo-breadcrumb-separator\">&ndash;<\/span><span class=\"aioseo-breadcrumb\">\n\t<a href=\"https:\/\/candas365.es\/noticias\/category\/actualidad\/\" title=\"Actualidad\">Actualidad<\/a>\n<\/span><span class=\"aioseo-breadcrumb-separator\">&ndash;<\/span><span class=\"aioseo-breadcrumb\">\n\tLa asociaci\u00f3n de fundaciones culmin\u00f3 tras cinco a\u00f1os de trabajo su apoyo a los museos alemanes\n<\/span><\/div>","aioseo_breadcrumb_json":[{"label":"Home","link":"https:\/\/candas365.es\/noticias"},{"label":"Actualidad","link":"https:\/\/candas365.es\/noticias\/category\/actualidad\/"},{"label":"La asociaci\u00f3n de fundaciones culmin\u00f3 tras cinco a\u00f1os de trabajo su apoyo a los museos alemanes","link":"https:\/\/candas365.es\/noticias\/la-asociacion-de-fundaciones-culmino-tras-cinco-anos-de-trabajo-su-apoyo-a-los-museos-alemanes\/"}],"_links":{"self":[{"href":"https:\/\/candas365.es\/noticias\/wp-json\/wp\/v2\/posts\/110281","targetHints":{"allow":["GET"]}}],"collection":[{"href":"https:\/\/candas365.es\/noticias\/wp-json\/wp\/v2\/posts"}],"about":[{"href":"https:\/\/candas365.es\/noticias\/wp-json\/wp\/v2\/types\/post"}],"author":[{"embeddable":true,"href":"https:\/\/candas365.es\/noticias\/wp-json\/wp\/v2\/users\/1"}],"replies":[{"embeddable":true,"href":"https:\/\/candas365.es\/noticias\/wp-json\/wp\/v2\/comments?post=110281"}],"version-history":[{"count":0,"href":"https:\/\/candas365.es\/noticias\/wp-json\/wp\/v2\/posts\/110281\/revisions"}],"wp:featuredmedia":[{"embeddable":true,"href":"https:\/\/candas365.es\/noticias\/wp-json\/wp\/v2\/media\/77216"}],"wp:attachment":[{"href":"https:\/\/candas365.es\/noticias\/wp-json\/wp\/v2\/media?parent=110281"}],"wp:term":[{"taxonomy":"category","embeddable":true,"href":"https:\/\/candas365.es\/noticias\/wp-json\/wp\/v2\/categories?post=110281"},{"taxonomy":"post_tag","embeddable":true,"href":"https:\/\/candas365.es\/noticias\/wp-json\/wp\/v2\/tags?post=110281"}],"curies":[{"name":"wp","href":"https:\/\/api.w.org\/{rel}","templated":true}]}}