{"id":110269,"date":"2018-11-20T19:22:18","date_gmt":"2018-11-20T19:22:18","guid":{"rendered":"http:\/\/candas365.es\/noticias\/?p=110269"},"modified":"2018-11-20T19:22:18","modified_gmt":"2018-11-20T19:22:18","slug":"los-paises-de-la-union-europea-amplian-su-cooperacion-militar","status":"publish","type":"post","link":"https:\/\/candas365.es\/noticias\/los-paises-de-la-union-europea-amplian-su-cooperacion-militar\/","title":{"rendered":"Los pa\u00edses de la Uni\u00f3n Europea ampl\u00edan su cooperaci\u00f3n militar"},"content":{"rendered":"<p><img fetchpriority=\"high\" decoding=\"async\" class=\"alignleft size-medium wp-image-97137\" src=\"https:\/\/candas365.es\/noticias\/wp-content\/uploads\/2018\/06\/blue-1283011_960_720-360x252.jpg\" alt=\"\" width=\"360\" height=\"252\" srcset=\"https:\/\/candas365.es\/noticias\/wp-content\/uploads\/2018\/06\/blue-1283011_960_720-360x252.jpg 360w, https:\/\/candas365.es\/noticias\/wp-content\/uploads\/2018\/06\/blue-1283011_960_720-768x537.jpg 768w, https:\/\/candas365.es\/noticias\/wp-content\/uploads\/2018\/06\/blue-1283011_960_720-655x458.jpg 655w, https:\/\/candas365.es\/noticias\/wp-content\/uploads\/2018\/06\/blue-1283011_960_720-100x70.jpg 100w, https:\/\/candas365.es\/noticias\/wp-content\/uploads\/2018\/06\/blue-1283011_960_720-696x486.jpg 696w, https:\/\/candas365.es\/noticias\/wp-content\/uploads\/2018\/06\/blue-1283011_960_720-601x420.jpg 601w, https:\/\/candas365.es\/noticias\/wp-content\/uploads\/2018\/06\/blue-1283011_960_720.jpg 960w\" sizes=\"(max-width: 360px) 100vw, 360px\" \/>Bruselas, 20 nov (dpa) &#8211; Los pa\u00edses de la Uni\u00f3n Europea (UE) decidieron ampliar su colaboraci\u00f3n militar permanente durante un encuentro en Bruselas en el que los ministros de Exterior y Defensa aprobaron 17 nuevos proyectos dentro de la llamada Pesco.<\/p>\n<p>Entre estos proyectos figuran el desarrollo de nuevos sistemas de armas y la construcci\u00f3n de una unidad de entrenamiento para agentes secretos.<\/p>\n<p>\u00abSe trata de pasos en el sentido de un Ej\u00e9rcito de los europeos\u00bb, dijo la ministra de Defensa alemana, Ursula von der Leyen. Adem\u00e1s, la idea es que Europa sea m\u00e1s \u00e1gil en los procesos de decisiones.<\/p>\n<p>El compromiso de cooperaci\u00f3n militar entre los pa\u00edses miembro bautizado Pesco (Permanent Structured Cooperation) comenz\u00f3 el a\u00f1o pasado con el fin de lograr una uni\u00f3n defensiva real. El objetivo es tambi\u00e9n volver a la UE m\u00e1s flexible e independiente de Estados Unidos, por ejemplo en relaci\u00f3n a posibles misiones de paz en \u00c1frica.<\/p>\n","protected":false},"excerpt":{"rendered":"<p>Bruselas, 20 nov (dpa) &#8211; Los pa\u00edses de la Uni\u00f3n Europea (UE) decidieron ampliar su colaboraci\u00f3n militar permanente durante un encuentro en Bruselas en el que los ministros de Exterior y Defensa aprobaron 17 nuevos proyectos dentro de la llamada Pesco. Entre estos proyectos figuran el desarrollo de nuevos sistemas de armas y la construcci\u00f3n<\/p>\n","protected":false},"author":1,"featured_media":97137,"comment_status":"closed","ping_status":"closed","sticky":false,"template":"","format":"standard","meta":{"footnotes":""},"categories":[343],"tags":[],"class_list":{"0":"post-110269","1":"post","2":"type-post","3":"status-publish","4":"format-standard","5":"has-post-thumbnail","7":"category-actualidad"},"aioseo_notices":[],"aioseo_head":"\n\t\t<!-- All in One SEO Pro 4.9.6.2 - aioseo.com -->\n\t<meta name=\"description\" content=\"Bruselas, 20 nov (dpa) - Los pa\u00edses de la Uni\u00f3n Europea (UE) decidieron ampliar su colaboraci\u00f3n militar permanente durante un encuentro en Bruselas en el que los ministros de Exterior y Defensa aprobaron 17 nuevos proyectos dentro de la llamada Pesco. Entre estos proyectos figuran el desarrollo de nuevos sistemas de armas y la construcci\u00f3n\" \/>\n\t<meta name=\"robots\" content=\"max-image-preview:large\" \/>\n\t<meta name=\"author\" content=\"Cand\u00e1s 365\"\/>\n\t<meta name=\"google-site-verification\" content=\"UA-32230408-1\" \/>\n\t<meta name=\"msvalidate.01\" content=\"354F3CDFB2DA171B47FBE9ABF1F88D5\" \/>\n\t<meta name=\"keywords\" content=\"actualidad\" \/>\n\t<link rel=\"canonical\" href=\"https:\/\/candas365.es\/noticias\/los-paises-de-la-union-europea-amplian-su-cooperacion-militar\/\" \/>\n\t<meta name=\"generator\" content=\"All in One SEO Pro (AIOSEO) 4.9.6.2\" \/>\n\t\t<meta property=\"og:locale\" content=\"es_ES\" \/>\n\t\t<meta property=\"og:site_name\" content=\"Cand\u00e1s 365\" \/>\n\t\t<meta property=\"og:type\" content=\"article\" \/>\n\t\t<meta property=\"og:title\" content=\"Los pa\u00edses de la Uni\u00f3n Europea ampl\u00edan su cooperaci\u00f3n militar | Cand\u00e1s 365\" \/>\n\t\t<meta property=\"og:description\" content=\"Bruselas, 20 nov (dpa) - Los pa\u00edses de la Uni\u00f3n Europea (UE) decidieron ampliar su colaboraci\u00f3n militar permanente durante un encuentro en Bruselas en el que los ministros de Exterior y Defensa aprobaron 17 nuevos proyectos dentro de la llamada Pesco. Entre estos proyectos figuran el desarrollo de nuevos sistemas de armas y la construcci\u00f3n\" \/>\n\t\t<meta property=\"og:url\" content=\"https:\/\/candas365.es\/noticias\/los-paises-de-la-union-europea-amplian-su-cooperacion-militar\/\" \/>\n\t\t<meta property=\"og:image\" content=\"https:\/\/candas365.es\/noticias\/wp-content\/uploads\/2018\/06\/blue-1283011_960_720.jpg\" \/>\n\t\t<meta property=\"og:image:secure_url\" content=\"https:\/\/candas365.es\/noticias\/wp-content\/uploads\/2018\/06\/blue-1283011_960_720.jpg\" \/>\n\t\t<meta property=\"og:image:width\" content=\"960\" \/>\n\t\t<meta property=\"og:image:height\" content=\"671\" \/>\n\t\t<meta property=\"article:published_time\" content=\"2018-11-20T19:22:18+00:00\" \/>\n\t\t<meta property=\"article:modified_time\" content=\"2018-11-20T19:22:18+00:00\" \/>\n\t\t<meta property=\"article:publisher\" content=\"https:\/\/www.facebook.com\/Nachofdezber\" \/>\n\t\t<meta property=\"article:author\" content=\"https:\/\/www.facebook.com\/carrenoactualidad\" \/>\n\t\t<meta name=\"twitter:card\" content=\"summary_large_image\" \/>\n\t\t<meta name=\"twitter:site\" content=\"@NabercoDigital\" \/>\n\t\t<meta name=\"twitter:title\" content=\"Los pa\u00edses de la Uni\u00f3n Europea ampl\u00edan su cooperaci\u00f3n militar | Cand\u00e1s 365\" \/>\n\t\t<meta name=\"twitter:description\" content=\"Bruselas, 20 nov (dpa) - Los pa\u00edses de la Uni\u00f3n Europea (UE) decidieron ampliar su colaboraci\u00f3n militar permanente durante un encuentro en Bruselas en el que los ministros de Exterior y Defensa aprobaron 17 nuevos proyectos dentro de la llamada Pesco. Entre estos proyectos figuran el desarrollo de nuevos sistemas de armas y la construcci\u00f3n\" \/>\n\t\t<meta name=\"twitter:creator\" content=\"@nbasturias\" \/>\n\t\t<meta name=\"twitter:image\" content=\"https:\/\/candas365.es\/noticias\/wp-content\/uploads\/2018\/06\/blue-1283011_960_720.jpg\" \/>\n\t\t<meta name=\"twitter:label1\" content=\"Escrito por\" \/>\n\t\t<meta name=\"twitter:data1\" content=\"Cand\u00e1s 365\" \/>\n\t\t<meta name=\"twitter:label2\" content=\"Tiempo de lectura estimado\" \/>\n\t\t<meta name=\"twitter:data2\" content=\"1 minuto\" \/>\n\t\t<script type=\"application\/ld+json\" class=\"aioseo-schema\">\n\t\t\t{\"@context\":\"https:\\\/\\\/schema.org\",\"@graph\":[{\"@type\":\"BreadcrumbList\",\"@id\":\"https:\\\/\\\/candas365.es\\\/noticias\\\/los-paises-de-la-union-europea-amplian-su-cooperacion-militar\\\/#breadcrumblist\",\"itemListElement\":[{\"@type\":\"ListItem\",\"@id\":\"https:\\\/\\\/candas365.es\\\/noticias#listItem\",\"position\":1,\"name\":\"Home\",\"item\":\"https:\\\/\\\/candas365.es\\\/noticias\",\"nextItem\":{\"@type\":\"ListItem\",\"@id\":\"https:\\\/\\\/candas365.es\\\/noticias\\\/category\\\/actualidad\\\/#listItem\",\"name\":\"Actualidad\"}},{\"@type\":\"ListItem\",\"@id\":\"https:\\\/\\\/candas365.es\\\/noticias\\\/category\\\/actualidad\\\/#listItem\",\"position\":2,\"name\":\"Actualidad\",\"item\":\"https:\\\/\\\/candas365.es\\\/noticias\\\/category\\\/actualidad\\\/\",\"nextItem\":{\"@type\":\"ListItem\",\"@id\":\"https:\\\/\\\/candas365.es\\\/noticias\\\/los-paises-de-la-union-europea-amplian-su-cooperacion-militar\\\/#listItem\",\"name\":\"Los pa\\u00edses de la Uni\\u00f3n Europea ampl\\u00edan su cooperaci\\u00f3n militar\"},\"previousItem\":{\"@type\":\"ListItem\",\"@id\":\"https:\\\/\\\/candas365.es\\\/noticias#listItem\",\"name\":\"Home\"}},{\"@type\":\"ListItem\",\"@id\":\"https:\\\/\\\/candas365.es\\\/noticias\\\/los-paises-de-la-union-europea-amplian-su-cooperacion-militar\\\/#listItem\",\"position\":3,\"name\":\"Los pa\\u00edses de la Uni\\u00f3n Europea ampl\\u00edan su cooperaci\\u00f3n militar\",\"previousItem\":{\"@type\":\"ListItem\",\"@id\":\"https:\\\/\\\/candas365.es\\\/noticias\\\/category\\\/actualidad\\\/#listItem\",\"name\":\"Actualidad\"}}]},{\"@type\":\"NewsArticle\",\"@id\":\"https:\\\/\\\/candas365.es\\\/noticias\\\/los-paises-de-la-union-europea-amplian-su-cooperacion-militar\\\/#newsarticle\",\"name\":\"Los pa\\u00edses de la Uni\\u00f3n Europea ampl\\u00edan su cooperaci\\u00f3n militar | Cand\\u00e1s 365\",\"headline\":\"Los pa\\u00edses de la Uni\\u00f3n Europea ampl\\u00edan su cooperaci\\u00f3n militar\",\"author\":{\"@id\":\"https:\\\/\\\/candas365.es\\\/noticias\\\/author\\\/admin\\\/#author\"},\"publisher\":{\"@id\":\"https:\\\/\\\/candas365.es\\\/noticias\\\/#organization\"},\"image\":{\"@type\":\"ImageObject\",\"url\":\"https:\\\/\\\/candas365.es\\\/noticias\\\/wp-content\\\/uploads\\\/2018\\\/06\\\/blue-1283011_960_720.jpg\",\"width\":960,\"height\":671,\"caption\":\"UE\"},\"datePublished\":\"2018-11-20T19:22:18+01:00\",\"dateModified\":\"2018-11-20T19:22:18+01:00\",\"inLanguage\":\"es-ES\",\"mainEntityOfPage\":{\"@id\":\"https:\\\/\\\/candas365.es\\\/noticias\\\/los-paises-de-la-union-europea-amplian-su-cooperacion-militar\\\/#webpage\"},\"isPartOf\":{\"@id\":\"https:\\\/\\\/candas365.es\\\/noticias\\\/los-paises-de-la-union-europea-amplian-su-cooperacion-militar\\\/#webpage\"},\"articleSection\":\"Actualidad\",\"dateline\":\"Publicado el noviembre 20, 2018.\"},{\"@type\":\"Organization\",\"@id\":\"https:\\\/\\\/candas365.es\\\/noticias\\\/#organization\",\"name\":\"Cand\\u00e1s 365\",\"description\":\"Cand\\u00e1s 365 es un diario digital independiente, fundado en 2012, con base en Asturias. Informamos con rigor sobre actualidad, sociedad, cultura y ocio, con una mirada local y global.\",\"url\":\"https:\\\/\\\/candas365.es\\\/noticias\\\/\",\"email\":\"info@candas365.es\",\"telephone\":\"+34652131393\",\"foundingDate\":\"2012-06-10\",\"logo\":{\"@type\":\"ImageObject\",\"url\":\"https:\\\/\\\/candas365.es\\\/noticias\\\/wp-content\\\/uploads\\\/2024\\\/09\\\/Candas-365-Redes.jpg\",\"@id\":\"https:\\\/\\\/candas365.es\\\/noticias\\\/los-paises-de-la-union-europea-amplian-su-cooperacion-militar\\\/#organizationLogo\",\"width\":1152,\"height\":864,\"caption\":\"Cand\\u00e1s 365 Redes\"},\"image\":{\"@id\":\"https:\\\/\\\/candas365.es\\\/noticias\\\/los-paises-de-la-union-europea-amplian-su-cooperacion-militar\\\/#organizationLogo\"},\"sameAs\":[\"https:\\\/\\\/www.facebook.com\\\/Nachofdezber\",\"https:\\\/\\\/x.com\\\/NabercoDigital\",\"https:\\\/\\\/www.instagram.com\\\/nachofdezber\\\/\",\"https:\\\/\\\/www.youtube.com\\\/channel\\\/UCZP-2wLEB9Rv6erhFmqVnvg\"],\"address\":{\"@id\":\"https:\\\/\\\/candas365.es\\\/noticias\\\/#postaladdress\",\"@type\":\"PostalAddress\",\"streetAddress\":\"san antonio 4, san antonio 4\",\"postalCode\":\"33430\",\"addressLocality\":\"Cand\\u00e1s\",\"addressRegion\":\"Asturias\",\"addressCountry\":\"ES\"}},{\"@type\":\"Person\",\"@id\":\"https:\\\/\\\/candas365.es\\\/noticias\\\/author\\\/admin\\\/#author\",\"url\":\"https:\\\/\\\/candas365.es\\\/noticias\\\/author\\\/admin\\\/\",\"name\":\"Cand\\u00e1s 365\",\"image\":{\"@type\":\"ImageObject\",\"@id\":\"https:\\\/\\\/candas365.es\\\/noticias\\\/los-paises-de-la-union-europea-amplian-su-cooperacion-militar\\\/#authorImage\",\"url\":\"https:\\\/\\\/secure.gravatar.com\\\/avatar\\\/496a8e03d0c493ede1718b7934145dbdf8d89be1036b0eec9544e1094c9de390?s=96&d=mm&r=g\",\"width\":96,\"height\":96,\"caption\":\"Cand\\u00e1s 365\"},\"sameAs\":[\"https:\\\/\\\/www.facebook.com\\\/carrenoactualidad\",\"https:\\\/\\\/twitter.com\\\/nbasturias\",\"https:\\\/\\\/www.instagram.com\\\/nachofdezber\\\/\",\"https:\\\/\\\/www.youtube.com\\\/channel\\\/UCZP-2wLEB9Rv6erhFmqVnvg\"]},{\"@type\":\"WebPage\",\"@id\":\"https:\\\/\\\/candas365.es\\\/noticias\\\/los-paises-de-la-union-europea-amplian-su-cooperacion-militar\\\/#webpage\",\"url\":\"https:\\\/\\\/candas365.es\\\/noticias\\\/los-paises-de-la-union-europea-amplian-su-cooperacion-militar\\\/\",\"name\":\"Los pa\\u00edses de la Uni\\u00f3n Europea ampl\\u00edan su cooperaci\\u00f3n militar | Cand\\u00e1s 365\",\"description\":\"Bruselas, 20 nov (dpa) - Los pa\\u00edses de la Uni\\u00f3n Europea (UE) decidieron ampliar su colaboraci\\u00f3n militar permanente durante un encuentro en Bruselas en el que los ministros de Exterior y Defensa aprobaron 17 nuevos proyectos dentro de la llamada Pesco. Entre estos proyectos figuran el desarrollo de nuevos sistemas de armas y la construcci\\u00f3n\",\"inLanguage\":\"es-ES\",\"isPartOf\":{\"@id\":\"https:\\\/\\\/candas365.es\\\/noticias\\\/#website\"},\"breadcrumb\":{\"@id\":\"https:\\\/\\\/candas365.es\\\/noticias\\\/los-paises-de-la-union-europea-amplian-su-cooperacion-militar\\\/#breadcrumblist\"},\"author\":{\"@id\":\"https:\\\/\\\/candas365.es\\\/noticias\\\/author\\\/admin\\\/#author\"},\"creator\":{\"@id\":\"https:\\\/\\\/candas365.es\\\/noticias\\\/author\\\/admin\\\/#author\"},\"image\":{\"@type\":\"ImageObject\",\"url\":\"https:\\\/\\\/candas365.es\\\/noticias\\\/wp-content\\\/uploads\\\/2018\\\/06\\\/blue-1283011_960_720.jpg\",\"@id\":\"https:\\\/\\\/candas365.es\\\/noticias\\\/los-paises-de-la-union-europea-amplian-su-cooperacion-militar\\\/#mainImage\",\"width\":960,\"height\":671,\"caption\":\"UE\"},\"primaryImageOfPage\":{\"@id\":\"https:\\\/\\\/candas365.es\\\/noticias\\\/los-paises-de-la-union-europea-amplian-su-cooperacion-militar\\\/#mainImage\"},\"datePublished\":\"2018-11-20T19:22:18+01:00\",\"dateModified\":\"2018-11-20T19:22:18+01:00\"},{\"@type\":\"WebSite\",\"@id\":\"https:\\\/\\\/candas365.es\\\/noticias\\\/#website\",\"url\":\"https:\\\/\\\/candas365.es\\\/noticias\\\/\",\"name\":\"Cand\\u00e1s 365\",\"alternateName\":\"Cand\\u00e1s 365 Noticias\",\"description\":\"Actualidad desde Carre\\u00f1o para el mundo\",\"inLanguage\":\"es-ES\",\"publisher\":{\"@id\":\"https:\\\/\\\/candas365.es\\\/noticias\\\/#organization\"}}]}\n\t\t<\/script>\n\t\t<!-- All in One SEO Pro -->\r\n\t\t<title>Los pa\u00edses de la Uni\u00f3n Europea ampl\u00edan su cooperaci\u00f3n militar | Cand\u00e1s 365<\/title>\n\n","aioseo_head_json":{"title":"Los pa\u00edses de la Uni\u00f3n Europea ampl\u00edan su cooperaci\u00f3n militar | Cand\u00e1s 365","description":"Bruselas, 20 nov (dpa) - Los pa\u00edses de la Uni\u00f3n Europea (UE) decidieron ampliar su colaboraci\u00f3n militar permanente durante un encuentro en Bruselas en el que los ministros de Exterior y Defensa aprobaron 17 nuevos proyectos dentro de la llamada Pesco. Entre estos proyectos figuran el desarrollo de nuevos sistemas de armas y la construcci\u00f3n","canonical_url":"https:\/\/candas365.es\/noticias\/los-paises-de-la-union-europea-amplian-su-cooperacion-militar\/","robots":"max-image-preview:large","keywords":"actualidad","webmasterTools":{"google-site-verification":"UA-32230408-1","msvalidate.01":"354F3CDFB2DA171B47FBE9ABF1F88D5","miscellaneous":""},"schema":{"@context":"https:\/\/schema.org","@graph":[{"@type":"BreadcrumbList","@id":"https:\/\/candas365.es\/noticias\/los-paises-de-la-union-europea-amplian-su-cooperacion-militar\/#breadcrumblist","itemListElement":[{"@type":"ListItem","@id":"https:\/\/candas365.es\/noticias#listItem","position":1,"name":"Home","item":"https:\/\/candas365.es\/noticias","nextItem":{"@type":"ListItem","@id":"https:\/\/candas365.es\/noticias\/category\/actualidad\/#listItem","name":"Actualidad"}},{"@type":"ListItem","@id":"https:\/\/candas365.es\/noticias\/category\/actualidad\/#listItem","position":2,"name":"Actualidad","item":"https:\/\/candas365.es\/noticias\/category\/actualidad\/","nextItem":{"@type":"ListItem","@id":"https:\/\/candas365.es\/noticias\/los-paises-de-la-union-europea-amplian-su-cooperacion-militar\/#listItem","name":"Los pa\u00edses de la Uni\u00f3n Europea ampl\u00edan su cooperaci\u00f3n militar"},"previousItem":{"@type":"ListItem","@id":"https:\/\/candas365.es\/noticias#listItem","name":"Home"}},{"@type":"ListItem","@id":"https:\/\/candas365.es\/noticias\/los-paises-de-la-union-europea-amplian-su-cooperacion-militar\/#listItem","position":3,"name":"Los pa\u00edses de la Uni\u00f3n Europea ampl\u00edan su cooperaci\u00f3n militar","previousItem":{"@type":"ListItem","@id":"https:\/\/candas365.es\/noticias\/category\/actualidad\/#listItem","name":"Actualidad"}}]},{"@type":"NewsArticle","@id":"https:\/\/candas365.es\/noticias\/los-paises-de-la-union-europea-amplian-su-cooperacion-militar\/#newsarticle","name":"Los pa\u00edses de la Uni\u00f3n Europea ampl\u00edan su cooperaci\u00f3n militar | Cand\u00e1s 365","headline":"Los pa\u00edses de la Uni\u00f3n Europea ampl\u00edan su cooperaci\u00f3n militar","author":{"@id":"https:\/\/candas365.es\/noticias\/author\/admin\/#author"},"publisher":{"@id":"https:\/\/candas365.es\/noticias\/#organization"},"image":{"@type":"ImageObject","url":"https:\/\/candas365.es\/noticias\/wp-content\/uploads\/2018\/06\/blue-1283011_960_720.jpg","width":960,"height":671,"caption":"UE"},"datePublished":"2018-11-20T19:22:18+01:00","dateModified":"2018-11-20T19:22:18+01:00","inLanguage":"es-ES","mainEntityOfPage":{"@id":"https:\/\/candas365.es\/noticias\/los-paises-de-la-union-europea-amplian-su-cooperacion-militar\/#webpage"},"isPartOf":{"@id":"https:\/\/candas365.es\/noticias\/los-paises-de-la-union-europea-amplian-su-cooperacion-militar\/#webpage"},"articleSection":"Actualidad","dateline":"Publicado el noviembre 20, 2018."},{"@type":"Organization","@id":"https:\/\/candas365.es\/noticias\/#organization","name":"Cand\u00e1s 365","description":"Cand\u00e1s 365 es un diario digital independiente, fundado en 2012, con base en Asturias. Informamos con rigor sobre actualidad, sociedad, cultura y ocio, con una mirada local y global.","url":"https:\/\/candas365.es\/noticias\/","email":"info@candas365.es","telephone":"+34652131393","foundingDate":"2012-06-10","logo":{"@type":"ImageObject","url":"https:\/\/candas365.es\/noticias\/wp-content\/uploads\/2024\/09\/Candas-365-Redes.jpg","@id":"https:\/\/candas365.es\/noticias\/los-paises-de-la-union-europea-amplian-su-cooperacion-militar\/#organizationLogo","width":1152,"height":864,"caption":"Cand\u00e1s 365 Redes"},"image":{"@id":"https:\/\/candas365.es\/noticias\/los-paises-de-la-union-europea-amplian-su-cooperacion-militar\/#organizationLogo"},"sameAs":["https:\/\/www.facebook.com\/Nachofdezber","https:\/\/x.com\/NabercoDigital","https:\/\/www.instagram.com\/nachofdezber\/","https:\/\/www.youtube.com\/channel\/UCZP-2wLEB9Rv6erhFmqVnvg"],"address":{"@id":"https:\/\/candas365.es\/noticias\/#postaladdress","@type":"PostalAddress","streetAddress":"san antonio 4, san antonio 4","postalCode":"33430","addressLocality":"Cand\u00e1s","addressRegion":"Asturias","addressCountry":"ES"}},{"@type":"Person","@id":"https:\/\/candas365.es\/noticias\/author\/admin\/#author","url":"https:\/\/candas365.es\/noticias\/author\/admin\/","name":"Cand\u00e1s 365","image":{"@type":"ImageObject","@id":"https:\/\/candas365.es\/noticias\/los-paises-de-la-union-europea-amplian-su-cooperacion-militar\/#authorImage","url":"https:\/\/secure.gravatar.com\/avatar\/496a8e03d0c493ede1718b7934145dbdf8d89be1036b0eec9544e1094c9de390?s=96&d=mm&r=g","width":96,"height":96,"caption":"Cand\u00e1s 365"},"sameAs":["https:\/\/www.facebook.com\/carrenoactualidad","https:\/\/twitter.com\/nbasturias","https:\/\/www.instagram.com\/nachofdezber\/","https:\/\/www.youtube.com\/channel\/UCZP-2wLEB9Rv6erhFmqVnvg"]},{"@type":"WebPage","@id":"https:\/\/candas365.es\/noticias\/los-paises-de-la-union-europea-amplian-su-cooperacion-militar\/#webpage","url":"https:\/\/candas365.es\/noticias\/los-paises-de-la-union-europea-amplian-su-cooperacion-militar\/","name":"Los pa\u00edses de la Uni\u00f3n Europea ampl\u00edan su cooperaci\u00f3n militar | Cand\u00e1s 365","description":"Bruselas, 20 nov (dpa) - Los pa\u00edses de la Uni\u00f3n Europea (UE) decidieron ampliar su colaboraci\u00f3n militar permanente durante un encuentro en Bruselas en el que los ministros de Exterior y Defensa aprobaron 17 nuevos proyectos dentro de la llamada Pesco. Entre estos proyectos figuran el desarrollo de nuevos sistemas de armas y la construcci\u00f3n","inLanguage":"es-ES","isPartOf":{"@id":"https:\/\/candas365.es\/noticias\/#website"},"breadcrumb":{"@id":"https:\/\/candas365.es\/noticias\/los-paises-de-la-union-europea-amplian-su-cooperacion-militar\/#breadcrumblist"},"author":{"@id":"https:\/\/candas365.es\/noticias\/author\/admin\/#author"},"creator":{"@id":"https:\/\/candas365.es\/noticias\/author\/admin\/#author"},"image":{"@type":"ImageObject","url":"https:\/\/candas365.es\/noticias\/wp-content\/uploads\/2018\/06\/blue-1283011_960_720.jpg","@id":"https:\/\/candas365.es\/noticias\/los-paises-de-la-union-europea-amplian-su-cooperacion-militar\/#mainImage","width":960,"height":671,"caption":"UE"},"primaryImageOfPage":{"@id":"https:\/\/candas365.es\/noticias\/los-paises-de-la-union-europea-amplian-su-cooperacion-militar\/#mainImage"},"datePublished":"2018-11-20T19:22:18+01:00","dateModified":"2018-11-20T19:22:18+01:00"},{"@type":"WebSite","@id":"https:\/\/candas365.es\/noticias\/#website","url":"https:\/\/candas365.es\/noticias\/","name":"Cand\u00e1s 365","alternateName":"Cand\u00e1s 365 Noticias","description":"Actualidad desde Carre\u00f1o para el mundo","inLanguage":"es-ES","publisher":{"@id":"https:\/\/candas365.es\/noticias\/#organization"}}]},"og:locale":"es_ES","og:site_name":"Cand\u00e1s 365","og:type":"article","og:title":"Los pa\u00edses de la Uni\u00f3n Europea ampl\u00edan su cooperaci\u00f3n militar | Cand\u00e1s 365","og:description":"Bruselas, 20 nov (dpa) - Los pa\u00edses de la Uni\u00f3n Europea (UE) decidieron ampliar su colaboraci\u00f3n militar permanente durante un encuentro en Bruselas en el que los ministros de Exterior y Defensa aprobaron 17 nuevos proyectos dentro de la llamada Pesco. Entre estos proyectos figuran el desarrollo de nuevos sistemas de armas y la construcci\u00f3n","og:url":"https:\/\/candas365.es\/noticias\/los-paises-de-la-union-europea-amplian-su-cooperacion-militar\/","og:image":"https:\/\/candas365.es\/noticias\/wp-content\/uploads\/2018\/06\/blue-1283011_960_720.jpg","og:image:secure_url":"https:\/\/candas365.es\/noticias\/wp-content\/uploads\/2018\/06\/blue-1283011_960_720.jpg","og:image:width":960,"og:image:height":671,"article:published_time":"2018-11-20T19:22:18+00:00","article:modified_time":"2018-11-20T19:22:18+00:00","article:publisher":"https:\/\/www.facebook.com\/Nachofdezber","article:author":"https:\/\/www.facebook.com\/carrenoactualidad","twitter:card":"summary_large_image","twitter:site":"@NabercoDigital","twitter:title":"Los pa\u00edses de la Uni\u00f3n Europea ampl\u00edan su cooperaci\u00f3n militar | Cand\u00e1s 365","twitter:description":"Bruselas, 20 nov (dpa) - Los pa\u00edses de la Uni\u00f3n Europea (UE) decidieron ampliar su colaboraci\u00f3n militar permanente durante un encuentro en Bruselas en el que los ministros de Exterior y Defensa aprobaron 17 nuevos proyectos dentro de la llamada Pesco. Entre estos proyectos figuran el desarrollo de nuevos sistemas de armas y la construcci\u00f3n","twitter:creator":"@nbasturias","twitter:image":"https:\/\/candas365.es\/noticias\/wp-content\/uploads\/2018\/06\/blue-1283011_960_720.jpg","twitter:label1":"Escrito por","twitter:data1":"Cand\u00e1s 365","twitter:label2":"Tiempo de lectura estimado","twitter:data2":"1 minuto"},"aioseo_meta_data":{"post_id":"110269","title":null,"description":null,"keywords":null,"keyphrases":null,"primary_term":null,"canonical_url":null,"og_title":null,"og_description":null,"og_object_type":"default","og_image_type":"default","og_image_url":null,"og_image_width":null,"og_image_height":null,"og_image_custom_url":null,"og_image_custom_fields":null,"og_video":null,"og_custom_url":null,"og_article_section":null,"og_article_tags":null,"twitter_use_og":false,"twitter_card":"default","twitter_image_type":"default","twitter_image_url":null,"twitter_image_custom_url":null,"twitter_image_custom_fields":null,"twitter_title":null,"twitter_description":null,"schema":{"blockGraphs":[],"customGraphs":[],"default":{"data":{"Article":[],"Course":[],"Dataset":[],"FAQPage":[],"Movie":[],"Person":[],"Product":[],"ProductReview":[],"Car":[],"Recipe":[],"Service":[],"SoftwareApplication":[],"WebPage":[]},"graphName":"","isEnabled":true},"graphs":[],"defaultGraph":"","defaultPostTypeGraph":""},"schema_type":null,"schema_type_options":null,"pillar_content":false,"robots_default":true,"robots_noindex":false,"robots_noarchive":false,"robots_nosnippet":false,"robots_nofollow":false,"robots_noimageindex":false,"robots_noodp":false,"robots_notranslate":false,"robots_max_snippet":null,"robots_max_videopreview":null,"robots_max_imagepreview":"large","priority":null,"frequency":null,"location":null,"local_seo":null,"seo_analyzer_scan_date":"2025-08-28 12:08:20","breadcrumb_settings":null,"limit_modified_date":false,"reviewed_by":null,"open_ai":null,"ai":null,"created":"2020-12-21 11:38:47","updated":"2025-08-28 12:08:20"},"aioseo_breadcrumb":"<div class=\"aioseo-breadcrumbs\"><span class=\"aioseo-breadcrumb\">\n\t<a href=\"https:\/\/candas365.es\/noticias\" title=\"Home\">Home<\/a>\n<\/span><span class=\"aioseo-breadcrumb-separator\">&ndash;<\/span><span class=\"aioseo-breadcrumb\">\n\t<a href=\"https:\/\/candas365.es\/noticias\/category\/actualidad\/\" title=\"Actualidad\">Actualidad<\/a>\n<\/span><span class=\"aioseo-breadcrumb-separator\">&ndash;<\/span><span class=\"aioseo-breadcrumb\">\n\tLos pa\u00edses de la Uni\u00f3n Europea ampl\u00edan su cooperaci\u00f3n militar\n<\/span><\/div>","aioseo_breadcrumb_json":[{"label":"Home","link":"https:\/\/candas365.es\/noticias"},{"label":"Actualidad","link":"https:\/\/candas365.es\/noticias\/category\/actualidad\/"},{"label":"Los pa\u00edses de la Uni\u00f3n Europea ampl\u00edan su cooperaci\u00f3n militar","link":"https:\/\/candas365.es\/noticias\/los-paises-de-la-union-europea-amplian-su-cooperacion-militar\/"}],"_links":{"self":[{"href":"https:\/\/candas365.es\/noticias\/wp-json\/wp\/v2\/posts\/110269","targetHints":{"allow":["GET"]}}],"collection":[{"href":"https:\/\/candas365.es\/noticias\/wp-json\/wp\/v2\/posts"}],"about":[{"href":"https:\/\/candas365.es\/noticias\/wp-json\/wp\/v2\/types\/post"}],"author":[{"embeddable":true,"href":"https:\/\/candas365.es\/noticias\/wp-json\/wp\/v2\/users\/1"}],"replies":[{"embeddable":true,"href":"https:\/\/candas365.es\/noticias\/wp-json\/wp\/v2\/comments?post=110269"}],"version-history":[{"count":0,"href":"https:\/\/candas365.es\/noticias\/wp-json\/wp\/v2\/posts\/110269\/revisions"}],"wp:featuredmedia":[{"embeddable":true,"href":"https:\/\/candas365.es\/noticias\/wp-json\/wp\/v2\/media\/97137"}],"wp:attachment":[{"href":"https:\/\/candas365.es\/noticias\/wp-json\/wp\/v2\/media?parent=110269"}],"wp:term":[{"taxonomy":"category","embeddable":true,"href":"https:\/\/candas365.es\/noticias\/wp-json\/wp\/v2\/categories?post=110269"},{"taxonomy":"post_tag","embeddable":true,"href":"https:\/\/candas365.es\/noticias\/wp-json\/wp\/v2\/tags?post=110269"}],"curies":[{"name":"wp","href":"https:\/\/api.w.org\/{rel}","templated":true}]}}