{"id":110263,"date":"2018-11-20T19:21:04","date_gmt":"2018-11-20T19:21:04","guid":{"rendered":"http:\/\/candas365.es\/noticias\/?p=110263"},"modified":"2018-11-20T19:21:04","modified_gmt":"2018-11-20T19:21:04","slug":"holanda-firma-tablas-con-alemania-y-pasa-a-la-final-four","status":"publish","type":"post","link":"https:\/\/candas365.es\/noticias\/holanda-firma-tablas-con-alemania-y-pasa-a-la-final-four\/","title":{"rendered":"Holanda firma tablas con Alemania y pasa a la \u00abfinal four\u00bb"},"content":{"rendered":"<p><img fetchpriority=\"high\" decoding=\"async\" class=\"alignleft size-medium wp-image-98004\" src=\"https:\/\/candas365.es\/noticias\/wp-content\/uploads\/2018\/06\/football-1406106_960_720-360x241.jpg\" alt=\"\" width=\"360\" height=\"241\" srcset=\"https:\/\/candas365.es\/noticias\/wp-content\/uploads\/2018\/06\/football-1406106_960_720-360x241.jpg 360w, https:\/\/candas365.es\/noticias\/wp-content\/uploads\/2018\/06\/football-1406106_960_720-768x514.jpg 768w, https:\/\/candas365.es\/noticias\/wp-content\/uploads\/2018\/06\/football-1406106_960_720-655x439.jpg 655w, https:\/\/candas365.es\/noticias\/wp-content\/uploads\/2018\/06\/football-1406106_960_720-696x466.jpg 696w, https:\/\/candas365.es\/noticias\/wp-content\/uploads\/2018\/06\/football-1406106_960_720-627x420.jpg 627w, https:\/\/candas365.es\/noticias\/wp-content\/uploads\/2018\/06\/football-1406106_960_720.jpg 960w\" sizes=\"(max-width: 360px) 100vw, 360px\" \/>Gelsenkirchen\/Berl\u00edn, 19 nov (dpa) &#8211; La selecci\u00f3n alemana de f\u00fatbol empat\u00f3 hoy de manera ag\u00f3nica 2-2 ante Holanda en la Liga de Naciones a pesar de ir por delante en el marcador casi todo el partido hasta los \u00faltimos minutos.<\/p>\n<p>Quincy Promes (85&#8242;) y Virgil van Dijk (91&#8242;) lograron mandar a Holanda a la \u00abfinal four\u00bb de la Liga de Naciones el pr\u00f3ximo a\u00f1o junto con Portugal, Inglaterra y Suiza. Mientras, los j\u00f3venes Timo Werner (9&#8242;) y Leroy San\u00e9 (20&#8242;) fueron los encargados de anotar para Alemania.<\/p>\n<p>\u00abEl resultado es decepcionante\u00bb, reconoci\u00f3 el t\u00e9cnico alem\u00e1n, Joachim L\u00f6w, al final del partido en la televisi\u00f3n p\u00fablica alemana ARD. \u00abPero hemos visto cosas positivas y negativas. Hay cosas que tenemos que mejorar, pero haber recibido dos goles al final es un poco amargo\u00bb.<\/p>\n<p>Holanda lleg\u00f3 a Gelsenkirchen, en el oeste de Alemania, tras vencer el viernes 2-0 a Francia. Esa victoria certific\u00f3 el descenso de categor\u00eda de Alemania en la nueva Liga de Naciones e implica que en la siguiente edici\u00f3n del torneo deba verse las caras con equipos de menor prestigio.<\/p>\n<p>De esta manera, para Alemania el partido de esta noche iba m\u00e1s all\u00e1 de este nuevo torneo. El equipo de L\u00f6w dej\u00f3 pasar la oportunidad de dar un paso importante para evitar quedar fuera del bombo de los cabezas de serie en el sorteo de la clasificaci\u00f3n a la Eurocopa de 2020. Quedar fuera implica tener en su grupo a un rival de m\u00e1ximo nivel, como Francia, Espa\u00f1a o B\u00e9lgica.<\/p>\n<p>El bombo 1, el de los cabezas de serie, estar\u00e1 conformado por diez selecciones. Alemania s\u00f3lo lograr\u00e1 entrar en este bombo si Portugal gana ma\u00f1ana a Polonia.<\/p>\n<p>\u00abNo se puede renunciar a un 2-0 cinco minutos antes del final. Es una pena, hasta el 2-1 ten\u00edamos todo bajo control, entonces recibimos el est\u00fapido 2-1. Que recibi\u00e9ramos el 2-2 es amargo\u00bb, declar\u00f3 Werner. \u00abHemos jugado muy bien hoy. Es una pena\u00bb, indic\u00f3. Sin embargo, record\u00f3 que \u00abcontra un gran equipo todo es posible\u00bb.<\/p>\n<p>\u00abComo equipo nos hubiera venido bien una victoria\u00bb, coment\u00f3 por su parte Toni Kroos sobre un equipo que so\u00f1aba con ganar para lograr levantar cabeza. \u00abRealmente es molesto\u00bb, indic\u00f3 San\u00e9.<\/p>\n<p>La otrora potencia del f\u00fatbol mundial vivi\u00f3 este a\u00f1o sus horas m\u00e1s aciagas. Acumul\u00f3 seis derrotas, una cifra r\u00e9cord en 111 a\u00f1os de partidos internacionales. Y lo peor: por primera vez qued\u00f3 eliminada de un Mundial en la fase de grupos, siendo adem\u00e1s la campeona vigente y una de las grandes favoritas.<\/p>\n<p>Ahora, con un plantel de j\u00f3venes hambrientos de \u00e9xito como Leroy San\u00e9, Serge Gnabry y Niklas S\u00fcle, Alemania sali\u00f3 al terreno de juego para ganar en un partido por el orgullo perdido y que sirviera de peque\u00f1o consuelo para la hinchada germana.<\/p>\n<p>L\u00f6w combin\u00f3 a sus j\u00f3venes estrellas, con jugadores veteranos de la \u00abMannschaft\u00bb como Mats Hummels y Toni Kroos. Mientras, Thomas M\u00fcller salt\u00f3 al terreno de juego en la segunda parte, en el minuto 67, para jugar el que fue su partido n\u00famero 100 con la selecci\u00f3n alemana.<\/p>\n<p>El jugador del Bayern M\u00fanich se uni\u00f3 as\u00ed al grupo de futbolistas que han disputado al menos un centenar de partidos con la selecci\u00f3n y que con la entrada de M\u00fcller hoy suman ya 14. Su primer partido fue el 20 de marzo de 2010. Desde entonces ha anotado 38 goles para Alemania.<\/p>\n<p>Holanda sali\u00f3 al terreno de juego presionando desde el primer momento. Sin embargo, a pesar de la fuerza ofensiva del equipo de Roland Koeman, Alemania logr\u00f3 abrir el marcador a los nueve minutos del inicio con una de sus primeras oportunidades claras de gol gracias a la habilidad de Werner tras pase de Serge Gnabry.<\/p>\n<p>Poco a poco, Alemania fue entrando en el partido y sumando cada vez m\u00e1s ocasiones de peligro. A los veinte minutos del encuentro lleg\u00f3 el segundo tanto tras un pase de Toni Kroos desde el centro del campo a San\u00e9, que mand\u00f3 el esf\u00e9rico al fondo de la red.<\/p>\n<p>En la segunda parte, la selecci\u00f3n capitaneada por el arquero Manuel Neuer mantuvo su defensa compacta para desesperaci\u00f3n de los holandeses, que apenas lograron crear ocasiones de peligro hasta los \u00faltimos quince minutos del encuentro.<\/p>\n<p>El aumento de presi\u00f3n de Holanda en el \u00e1rea de Neuer al final acab\u00f3 por dar sus frutos y Promes (85&#8242;) y Van Dijk (91&#8242;) emparejaron marcador para asombro de los alemanes que ya se ven\u00edan como ganadores del encuentro.<\/p>\n<p><i class=\"lang-es\"><span class=\" readonly\" title=\"\">Por Arne Richter y Almudena de Cabo (dpa)<\/span><\/i><\/p>\n","protected":false},"excerpt":{"rendered":"<p>Gelsenkirchen\/Berl\u00edn, 19 nov (dpa) &#8211; La selecci\u00f3n alemana de f\u00fatbol empat\u00f3 hoy de manera ag\u00f3nica 2-2 ante Holanda en la Liga de Naciones a pesar de ir por delante en el marcador casi todo el partido hasta los \u00faltimos minutos. Quincy Promes (85&#8242;) y Virgil van Dijk (91&#8242;) lograron mandar a Holanda a la \u00abfinal<\/p>\n","protected":false},"author":1,"featured_media":98004,"comment_status":"closed","ping_status":"closed","sticky":false,"template":"","format":"standard","meta":{"footnotes":""},"categories":[319],"tags":[],"class_list":{"0":"post-110263","1":"post","2":"type-post","3":"status-publish","4":"format-standard","5":"has-post-thumbnail","7":"category-deporte"},"aioseo_notices":[],"aioseo_head":"\n\t\t<!-- All in One SEO Pro 4.9.6.2 - aioseo.com -->\n\t<meta name=\"description\" content=\"Gelsenkirchen\/Berl\u00edn, 19 nov (dpa) - La selecci\u00f3n alemana de f\u00fatbol empat\u00f3 hoy de manera ag\u00f3nica 2-2 ante Holanda en la Liga de Naciones a pesar de ir por delante en el marcador casi todo el partido hasta los \u00faltimos minutos. Quincy Promes (85&#039;) y Virgil van Dijk (91&#039;) lograron mandar a Holanda a la &quot;final\" \/>\n\t<meta name=\"robots\" content=\"max-image-preview:large\" \/>\n\t<meta name=\"author\" content=\"Cand\u00e1s 365\"\/>\n\t<meta name=\"google-site-verification\" content=\"UA-32230408-1\" \/>\n\t<meta name=\"msvalidate.01\" content=\"354F3CDFB2DA171B47FBE9ABF1F88D5\" \/>\n\t<meta name=\"keywords\" content=\"deporte\" \/>\n\t<link rel=\"canonical\" href=\"https:\/\/candas365.es\/noticias\/holanda-firma-tablas-con-alemania-y-pasa-a-la-final-four\/\" \/>\n\t<meta name=\"generator\" content=\"All in One SEO Pro (AIOSEO) 4.9.6.2\" \/>\n\t\t<meta property=\"og:locale\" content=\"es_ES\" \/>\n\t\t<meta property=\"og:site_name\" content=\"Cand\u00e1s 365\" \/>\n\t\t<meta property=\"og:type\" content=\"article\" \/>\n\t\t<meta property=\"og:title\" content=\"Holanda firma tablas con Alemania y pasa a la \u00abfinal four\u00bb | Cand\u00e1s 365\" \/>\n\t\t<meta property=\"og:description\" content=\"Gelsenkirchen\/Berl\u00edn, 19 nov (dpa) - La selecci\u00f3n alemana de f\u00fatbol empat\u00f3 hoy de manera ag\u00f3nica 2-2 ante Holanda en la Liga de Naciones a pesar de ir por delante en el marcador casi todo el partido hasta los \u00faltimos minutos. Quincy Promes (85&#039;) y Virgil van Dijk (91&#039;) lograron mandar a Holanda a la &quot;final\" \/>\n\t\t<meta property=\"og:url\" content=\"https:\/\/candas365.es\/noticias\/holanda-firma-tablas-con-alemania-y-pasa-a-la-final-four\/\" \/>\n\t\t<meta property=\"og:image\" content=\"https:\/\/candas365.es\/noticias\/wp-content\/uploads\/2018\/06\/football-1406106_960_720.jpg\" \/>\n\t\t<meta property=\"og:image:secure_url\" content=\"https:\/\/candas365.es\/noticias\/wp-content\/uploads\/2018\/06\/football-1406106_960_720.jpg\" \/>\n\t\t<meta property=\"og:image:width\" content=\"960\" \/>\n\t\t<meta property=\"og:image:height\" content=\"643\" \/>\n\t\t<meta property=\"article:published_time\" content=\"2018-11-20T19:21:04+00:00\" \/>\n\t\t<meta property=\"article:modified_time\" content=\"2018-11-20T19:21:04+00:00\" \/>\n\t\t<meta property=\"article:publisher\" content=\"https:\/\/www.facebook.com\/Nachofdezber\" \/>\n\t\t<meta property=\"article:author\" content=\"https:\/\/www.facebook.com\/carrenoactualidad\" \/>\n\t\t<meta name=\"twitter:card\" content=\"summary_large_image\" \/>\n\t\t<meta name=\"twitter:site\" content=\"@NabercoDigital\" \/>\n\t\t<meta name=\"twitter:title\" content=\"Holanda firma tablas con Alemania y pasa a la \u00abfinal four\u00bb | Cand\u00e1s 365\" \/>\n\t\t<meta name=\"twitter:description\" content=\"Gelsenkirchen\/Berl\u00edn, 19 nov (dpa) - La selecci\u00f3n alemana de f\u00fatbol empat\u00f3 hoy de manera ag\u00f3nica 2-2 ante Holanda en la Liga de Naciones a pesar de ir por delante en el marcador casi todo el partido hasta los \u00faltimos minutos. Quincy Promes (85&#039;) y Virgil van Dijk (91&#039;) lograron mandar a Holanda a la &quot;final\" \/>\n\t\t<meta name=\"twitter:creator\" content=\"@nbasturias\" \/>\n\t\t<meta name=\"twitter:image\" content=\"https:\/\/candas365.es\/noticias\/wp-content\/uploads\/2018\/06\/football-1406106_960_720.jpg\" \/>\n\t\t<meta name=\"twitter:label1\" content=\"Escrito por\" \/>\n\t\t<meta name=\"twitter:data1\" content=\"Cand\u00e1s 365\" \/>\n\t\t<meta name=\"twitter:label2\" content=\"Tiempo de lectura estimado\" \/>\n\t\t<meta name=\"twitter:data2\" content=\"4 minutos\" \/>\n\t\t<script type=\"application\/ld+json\" class=\"aioseo-schema\">\n\t\t\t{\"@context\":\"https:\\\/\\\/schema.org\",\"@graph\":[{\"@type\":\"BreadcrumbList\",\"@id\":\"https:\\\/\\\/candas365.es\\\/noticias\\\/holanda-firma-tablas-con-alemania-y-pasa-a-la-final-four\\\/#breadcrumblist\",\"itemListElement\":[{\"@type\":\"ListItem\",\"@id\":\"https:\\\/\\\/candas365.es\\\/noticias#listItem\",\"position\":1,\"name\":\"Home\",\"item\":\"https:\\\/\\\/candas365.es\\\/noticias\",\"nextItem\":{\"@type\":\"ListItem\",\"@id\":\"https:\\\/\\\/candas365.es\\\/noticias\\\/category\\\/deporte\\\/#listItem\",\"name\":\"Deporte\"}},{\"@type\":\"ListItem\",\"@id\":\"https:\\\/\\\/candas365.es\\\/noticias\\\/category\\\/deporte\\\/#listItem\",\"position\":2,\"name\":\"Deporte\",\"item\":\"https:\\\/\\\/candas365.es\\\/noticias\\\/category\\\/deporte\\\/\",\"nextItem\":{\"@type\":\"ListItem\",\"@id\":\"https:\\\/\\\/candas365.es\\\/noticias\\\/holanda-firma-tablas-con-alemania-y-pasa-a-la-final-four\\\/#listItem\",\"name\":\"Holanda firma tablas con Alemania y pasa a la \\u00abfinal four\\u00bb\"},\"previousItem\":{\"@type\":\"ListItem\",\"@id\":\"https:\\\/\\\/candas365.es\\\/noticias#listItem\",\"name\":\"Home\"}},{\"@type\":\"ListItem\",\"@id\":\"https:\\\/\\\/candas365.es\\\/noticias\\\/holanda-firma-tablas-con-alemania-y-pasa-a-la-final-four\\\/#listItem\",\"position\":3,\"name\":\"Holanda firma tablas con Alemania y pasa a la \\u00abfinal four\\u00bb\",\"previousItem\":{\"@type\":\"ListItem\",\"@id\":\"https:\\\/\\\/candas365.es\\\/noticias\\\/category\\\/deporte\\\/#listItem\",\"name\":\"Deporte\"}}]},{\"@type\":\"NewsArticle\",\"@id\":\"https:\\\/\\\/candas365.es\\\/noticias\\\/holanda-firma-tablas-con-alemania-y-pasa-a-la-final-four\\\/#newsarticle\",\"name\":\"Holanda firma tablas con Alemania y pasa a la \\u00abfinal four\\u00bb | Cand\\u00e1s 365\",\"headline\":\"Holanda firma tablas con Alemania y pasa a la \\u00abfinal four\\u00bb\",\"author\":{\"@id\":\"https:\\\/\\\/candas365.es\\\/noticias\\\/author\\\/admin\\\/#author\"},\"publisher\":{\"@id\":\"https:\\\/\\\/candas365.es\\\/noticias\\\/#organization\"},\"image\":{\"@type\":\"ImageObject\",\"url\":\"https:\\\/\\\/candas365.es\\\/noticias\\\/wp-content\\\/uploads\\\/2018\\\/06\\\/football-1406106_960_720.jpg\",\"width\":960,\"height\":643},\"datePublished\":\"2018-11-20T19:21:04+01:00\",\"dateModified\":\"2018-11-20T19:21:04+01:00\",\"inLanguage\":\"es-ES\",\"mainEntityOfPage\":{\"@id\":\"https:\\\/\\\/candas365.es\\\/noticias\\\/holanda-firma-tablas-con-alemania-y-pasa-a-la-final-four\\\/#webpage\"},\"isPartOf\":{\"@id\":\"https:\\\/\\\/candas365.es\\\/noticias\\\/holanda-firma-tablas-con-alemania-y-pasa-a-la-final-four\\\/#webpage\"},\"articleSection\":\"Deporte\",\"dateline\":\"Publicado el noviembre 20, 2018.\"},{\"@type\":\"Organization\",\"@id\":\"https:\\\/\\\/candas365.es\\\/noticias\\\/#organization\",\"name\":\"Cand\\u00e1s 365\",\"description\":\"Cand\\u00e1s 365 es un diario digital independiente, fundado en 2012, con base en Asturias. Informamos con rigor sobre actualidad, sociedad, cultura y ocio, con una mirada local y global.\",\"url\":\"https:\\\/\\\/candas365.es\\\/noticias\\\/\",\"email\":\"info@candas365.es\",\"telephone\":\"+34652131393\",\"foundingDate\":\"2012-06-10\",\"logo\":{\"@type\":\"ImageObject\",\"url\":\"https:\\\/\\\/candas365.es\\\/noticias\\\/wp-content\\\/uploads\\\/2024\\\/09\\\/Candas-365-Redes.jpg\",\"@id\":\"https:\\\/\\\/candas365.es\\\/noticias\\\/holanda-firma-tablas-con-alemania-y-pasa-a-la-final-four\\\/#organizationLogo\",\"width\":1152,\"height\":864,\"caption\":\"Cand\\u00e1s 365 Redes\"},\"image\":{\"@id\":\"https:\\\/\\\/candas365.es\\\/noticias\\\/holanda-firma-tablas-con-alemania-y-pasa-a-la-final-four\\\/#organizationLogo\"},\"sameAs\":[\"https:\\\/\\\/www.facebook.com\\\/Nachofdezber\",\"https:\\\/\\\/x.com\\\/NabercoDigital\",\"https:\\\/\\\/www.instagram.com\\\/nachofdezber\\\/\",\"https:\\\/\\\/www.youtube.com\\\/channel\\\/UCZP-2wLEB9Rv6erhFmqVnvg\"],\"address\":{\"@id\":\"https:\\\/\\\/candas365.es\\\/noticias\\\/#postaladdress\",\"@type\":\"PostalAddress\",\"streetAddress\":\"san antonio 4, san antonio 4\",\"postalCode\":\"33430\",\"addressLocality\":\"Cand\\u00e1s\",\"addressRegion\":\"Asturias\",\"addressCountry\":\"ES\"}},{\"@type\":\"Person\",\"@id\":\"https:\\\/\\\/candas365.es\\\/noticias\\\/author\\\/admin\\\/#author\",\"url\":\"https:\\\/\\\/candas365.es\\\/noticias\\\/author\\\/admin\\\/\",\"name\":\"Cand\\u00e1s 365\",\"image\":{\"@type\":\"ImageObject\",\"@id\":\"https:\\\/\\\/candas365.es\\\/noticias\\\/holanda-firma-tablas-con-alemania-y-pasa-a-la-final-four\\\/#authorImage\",\"url\":\"https:\\\/\\\/secure.gravatar.com\\\/avatar\\\/496a8e03d0c493ede1718b7934145dbdf8d89be1036b0eec9544e1094c9de390?s=96&d=mm&r=g\",\"width\":96,\"height\":96,\"caption\":\"Cand\\u00e1s 365\"},\"sameAs\":[\"https:\\\/\\\/www.facebook.com\\\/carrenoactualidad\",\"https:\\\/\\\/twitter.com\\\/nbasturias\",\"https:\\\/\\\/www.instagram.com\\\/nachofdezber\\\/\",\"https:\\\/\\\/www.youtube.com\\\/channel\\\/UCZP-2wLEB9Rv6erhFmqVnvg\"]},{\"@type\":\"WebPage\",\"@id\":\"https:\\\/\\\/candas365.es\\\/noticias\\\/holanda-firma-tablas-con-alemania-y-pasa-a-la-final-four\\\/#webpage\",\"url\":\"https:\\\/\\\/candas365.es\\\/noticias\\\/holanda-firma-tablas-con-alemania-y-pasa-a-la-final-four\\\/\",\"name\":\"Holanda firma tablas con Alemania y pasa a la \\u00abfinal four\\u00bb | Cand\\u00e1s 365\",\"description\":\"Gelsenkirchen\\\/Berl\\u00edn, 19 nov (dpa) - La selecci\\u00f3n alemana de f\\u00fatbol empat\\u00f3 hoy de manera ag\\u00f3nica 2-2 ante Holanda en la Liga de Naciones a pesar de ir por delante en el marcador casi todo el partido hasta los \\u00faltimos minutos. Quincy Promes (85') y Virgil van Dijk (91') lograron mandar a Holanda a la \\\"final\",\"inLanguage\":\"es-ES\",\"isPartOf\":{\"@id\":\"https:\\\/\\\/candas365.es\\\/noticias\\\/#website\"},\"breadcrumb\":{\"@id\":\"https:\\\/\\\/candas365.es\\\/noticias\\\/holanda-firma-tablas-con-alemania-y-pasa-a-la-final-four\\\/#breadcrumblist\"},\"author\":{\"@id\":\"https:\\\/\\\/candas365.es\\\/noticias\\\/author\\\/admin\\\/#author\"},\"creator\":{\"@id\":\"https:\\\/\\\/candas365.es\\\/noticias\\\/author\\\/admin\\\/#author\"},\"image\":{\"@type\":\"ImageObject\",\"url\":\"https:\\\/\\\/candas365.es\\\/noticias\\\/wp-content\\\/uploads\\\/2018\\\/06\\\/football-1406106_960_720.jpg\",\"@id\":\"https:\\\/\\\/candas365.es\\\/noticias\\\/holanda-firma-tablas-con-alemania-y-pasa-a-la-final-four\\\/#mainImage\",\"width\":960,\"height\":643},\"primaryImageOfPage\":{\"@id\":\"https:\\\/\\\/candas365.es\\\/noticias\\\/holanda-firma-tablas-con-alemania-y-pasa-a-la-final-four\\\/#mainImage\"},\"datePublished\":\"2018-11-20T19:21:04+01:00\",\"dateModified\":\"2018-11-20T19:21:04+01:00\"},{\"@type\":\"WebSite\",\"@id\":\"https:\\\/\\\/candas365.es\\\/noticias\\\/#website\",\"url\":\"https:\\\/\\\/candas365.es\\\/noticias\\\/\",\"name\":\"Cand\\u00e1s 365\",\"alternateName\":\"Cand\\u00e1s 365 Noticias\",\"description\":\"Actualidad desde Carre\\u00f1o para el mundo\",\"inLanguage\":\"es-ES\",\"publisher\":{\"@id\":\"https:\\\/\\\/candas365.es\\\/noticias\\\/#organization\"}}]}\n\t\t<\/script>\n\t\t<!-- All in One SEO Pro -->\r\n\t\t<title>Holanda firma tablas con Alemania y pasa a la \u00abfinal four\u00bb | Cand\u00e1s 365<\/title>\n\n","aioseo_head_json":{"title":"Holanda firma tablas con Alemania y pasa a la \u00abfinal four\u00bb | Cand\u00e1s 365","description":"Gelsenkirchen\/Berl\u00edn, 19 nov (dpa) - La selecci\u00f3n alemana de f\u00fatbol empat\u00f3 hoy de manera ag\u00f3nica 2-2 ante Holanda en la Liga de Naciones a pesar de ir por delante en el marcador casi todo el partido hasta los \u00faltimos minutos. Quincy Promes (85') y Virgil van Dijk (91') lograron mandar a Holanda a la \"final","canonical_url":"https:\/\/candas365.es\/noticias\/holanda-firma-tablas-con-alemania-y-pasa-a-la-final-four\/","robots":"max-image-preview:large","keywords":"deporte","webmasterTools":{"google-site-verification":"UA-32230408-1","msvalidate.01":"354F3CDFB2DA171B47FBE9ABF1F88D5","miscellaneous":""},"schema":{"@context":"https:\/\/schema.org","@graph":[{"@type":"BreadcrumbList","@id":"https:\/\/candas365.es\/noticias\/holanda-firma-tablas-con-alemania-y-pasa-a-la-final-four\/#breadcrumblist","itemListElement":[{"@type":"ListItem","@id":"https:\/\/candas365.es\/noticias#listItem","position":1,"name":"Home","item":"https:\/\/candas365.es\/noticias","nextItem":{"@type":"ListItem","@id":"https:\/\/candas365.es\/noticias\/category\/deporte\/#listItem","name":"Deporte"}},{"@type":"ListItem","@id":"https:\/\/candas365.es\/noticias\/category\/deporte\/#listItem","position":2,"name":"Deporte","item":"https:\/\/candas365.es\/noticias\/category\/deporte\/","nextItem":{"@type":"ListItem","@id":"https:\/\/candas365.es\/noticias\/holanda-firma-tablas-con-alemania-y-pasa-a-la-final-four\/#listItem","name":"Holanda firma tablas con Alemania y pasa a la \u00abfinal four\u00bb"},"previousItem":{"@type":"ListItem","@id":"https:\/\/candas365.es\/noticias#listItem","name":"Home"}},{"@type":"ListItem","@id":"https:\/\/candas365.es\/noticias\/holanda-firma-tablas-con-alemania-y-pasa-a-la-final-four\/#listItem","position":3,"name":"Holanda firma tablas con Alemania y pasa a la \u00abfinal four\u00bb","previousItem":{"@type":"ListItem","@id":"https:\/\/candas365.es\/noticias\/category\/deporte\/#listItem","name":"Deporte"}}]},{"@type":"NewsArticle","@id":"https:\/\/candas365.es\/noticias\/holanda-firma-tablas-con-alemania-y-pasa-a-la-final-four\/#newsarticle","name":"Holanda firma tablas con Alemania y pasa a la \u00abfinal four\u00bb | Cand\u00e1s 365","headline":"Holanda firma tablas con Alemania y pasa a la \u00abfinal four\u00bb","author":{"@id":"https:\/\/candas365.es\/noticias\/author\/admin\/#author"},"publisher":{"@id":"https:\/\/candas365.es\/noticias\/#organization"},"image":{"@type":"ImageObject","url":"https:\/\/candas365.es\/noticias\/wp-content\/uploads\/2018\/06\/football-1406106_960_720.jpg","width":960,"height":643},"datePublished":"2018-11-20T19:21:04+01:00","dateModified":"2018-11-20T19:21:04+01:00","inLanguage":"es-ES","mainEntityOfPage":{"@id":"https:\/\/candas365.es\/noticias\/holanda-firma-tablas-con-alemania-y-pasa-a-la-final-four\/#webpage"},"isPartOf":{"@id":"https:\/\/candas365.es\/noticias\/holanda-firma-tablas-con-alemania-y-pasa-a-la-final-four\/#webpage"},"articleSection":"Deporte","dateline":"Publicado el noviembre 20, 2018."},{"@type":"Organization","@id":"https:\/\/candas365.es\/noticias\/#organization","name":"Cand\u00e1s 365","description":"Cand\u00e1s 365 es un diario digital independiente, fundado en 2012, con base en Asturias. Informamos con rigor sobre actualidad, sociedad, cultura y ocio, con una mirada local y global.","url":"https:\/\/candas365.es\/noticias\/","email":"info@candas365.es","telephone":"+34652131393","foundingDate":"2012-06-10","logo":{"@type":"ImageObject","url":"https:\/\/candas365.es\/noticias\/wp-content\/uploads\/2024\/09\/Candas-365-Redes.jpg","@id":"https:\/\/candas365.es\/noticias\/holanda-firma-tablas-con-alemania-y-pasa-a-la-final-four\/#organizationLogo","width":1152,"height":864,"caption":"Cand\u00e1s 365 Redes"},"image":{"@id":"https:\/\/candas365.es\/noticias\/holanda-firma-tablas-con-alemania-y-pasa-a-la-final-four\/#organizationLogo"},"sameAs":["https:\/\/www.facebook.com\/Nachofdezber","https:\/\/x.com\/NabercoDigital","https:\/\/www.instagram.com\/nachofdezber\/","https:\/\/www.youtube.com\/channel\/UCZP-2wLEB9Rv6erhFmqVnvg"],"address":{"@id":"https:\/\/candas365.es\/noticias\/#postaladdress","@type":"PostalAddress","streetAddress":"san antonio 4, san antonio 4","postalCode":"33430","addressLocality":"Cand\u00e1s","addressRegion":"Asturias","addressCountry":"ES"}},{"@type":"Person","@id":"https:\/\/candas365.es\/noticias\/author\/admin\/#author","url":"https:\/\/candas365.es\/noticias\/author\/admin\/","name":"Cand\u00e1s 365","image":{"@type":"ImageObject","@id":"https:\/\/candas365.es\/noticias\/holanda-firma-tablas-con-alemania-y-pasa-a-la-final-four\/#authorImage","url":"https:\/\/secure.gravatar.com\/avatar\/496a8e03d0c493ede1718b7934145dbdf8d89be1036b0eec9544e1094c9de390?s=96&d=mm&r=g","width":96,"height":96,"caption":"Cand\u00e1s 365"},"sameAs":["https:\/\/www.facebook.com\/carrenoactualidad","https:\/\/twitter.com\/nbasturias","https:\/\/www.instagram.com\/nachofdezber\/","https:\/\/www.youtube.com\/channel\/UCZP-2wLEB9Rv6erhFmqVnvg"]},{"@type":"WebPage","@id":"https:\/\/candas365.es\/noticias\/holanda-firma-tablas-con-alemania-y-pasa-a-la-final-four\/#webpage","url":"https:\/\/candas365.es\/noticias\/holanda-firma-tablas-con-alemania-y-pasa-a-la-final-four\/","name":"Holanda firma tablas con Alemania y pasa a la \u00abfinal four\u00bb | Cand\u00e1s 365","description":"Gelsenkirchen\/Berl\u00edn, 19 nov (dpa) - La selecci\u00f3n alemana de f\u00fatbol empat\u00f3 hoy de manera ag\u00f3nica 2-2 ante Holanda en la Liga de Naciones a pesar de ir por delante en el marcador casi todo el partido hasta los \u00faltimos minutos. Quincy Promes (85') y Virgil van Dijk (91') lograron mandar a Holanda a la \"final","inLanguage":"es-ES","isPartOf":{"@id":"https:\/\/candas365.es\/noticias\/#website"},"breadcrumb":{"@id":"https:\/\/candas365.es\/noticias\/holanda-firma-tablas-con-alemania-y-pasa-a-la-final-four\/#breadcrumblist"},"author":{"@id":"https:\/\/candas365.es\/noticias\/author\/admin\/#author"},"creator":{"@id":"https:\/\/candas365.es\/noticias\/author\/admin\/#author"},"image":{"@type":"ImageObject","url":"https:\/\/candas365.es\/noticias\/wp-content\/uploads\/2018\/06\/football-1406106_960_720.jpg","@id":"https:\/\/candas365.es\/noticias\/holanda-firma-tablas-con-alemania-y-pasa-a-la-final-four\/#mainImage","width":960,"height":643},"primaryImageOfPage":{"@id":"https:\/\/candas365.es\/noticias\/holanda-firma-tablas-con-alemania-y-pasa-a-la-final-four\/#mainImage"},"datePublished":"2018-11-20T19:21:04+01:00","dateModified":"2018-11-20T19:21:04+01:00"},{"@type":"WebSite","@id":"https:\/\/candas365.es\/noticias\/#website","url":"https:\/\/candas365.es\/noticias\/","name":"Cand\u00e1s 365","alternateName":"Cand\u00e1s 365 Noticias","description":"Actualidad desde Carre\u00f1o para el mundo","inLanguage":"es-ES","publisher":{"@id":"https:\/\/candas365.es\/noticias\/#organization"}}]},"og:locale":"es_ES","og:site_name":"Cand\u00e1s 365","og:type":"article","og:title":"Holanda firma tablas con Alemania y pasa a la \u00abfinal four\u00bb | Cand\u00e1s 365","og:description":"Gelsenkirchen\/Berl\u00edn, 19 nov (dpa) - La selecci\u00f3n alemana de f\u00fatbol empat\u00f3 hoy de manera ag\u00f3nica 2-2 ante Holanda en la Liga de Naciones a pesar de ir por delante en el marcador casi todo el partido hasta los \u00faltimos minutos. Quincy Promes (85') y Virgil van Dijk (91') lograron mandar a Holanda a la &quot;final","og:url":"https:\/\/candas365.es\/noticias\/holanda-firma-tablas-con-alemania-y-pasa-a-la-final-four\/","og:image":"https:\/\/candas365.es\/noticias\/wp-content\/uploads\/2018\/06\/football-1406106_960_720.jpg","og:image:secure_url":"https:\/\/candas365.es\/noticias\/wp-content\/uploads\/2018\/06\/football-1406106_960_720.jpg","og:image:width":960,"og:image:height":643,"article:published_time":"2018-11-20T19:21:04+00:00","article:modified_time":"2018-11-20T19:21:04+00:00","article:publisher":"https:\/\/www.facebook.com\/Nachofdezber","article:author":"https:\/\/www.facebook.com\/carrenoactualidad","twitter:card":"summary_large_image","twitter:site":"@NabercoDigital","twitter:title":"Holanda firma tablas con Alemania y pasa a la \u00abfinal four\u00bb | Cand\u00e1s 365","twitter:description":"Gelsenkirchen\/Berl\u00edn, 19 nov (dpa) - La selecci\u00f3n alemana de f\u00fatbol empat\u00f3 hoy de manera ag\u00f3nica 2-2 ante Holanda en la Liga de Naciones a pesar de ir por delante en el marcador casi todo el partido hasta los \u00faltimos minutos. Quincy Promes (85') y Virgil van Dijk (91') lograron mandar a Holanda a la &quot;final","twitter:creator":"@nbasturias","twitter:image":"https:\/\/candas365.es\/noticias\/wp-content\/uploads\/2018\/06\/football-1406106_960_720.jpg","twitter:label1":"Escrito por","twitter:data1":"Cand\u00e1s 365","twitter:label2":"Tiempo de lectura estimado","twitter:data2":"4 minutos"},"aioseo_meta_data":{"post_id":"110263","title":null,"description":null,"keywords":null,"keyphrases":null,"primary_term":null,"canonical_url":null,"og_title":null,"og_description":null,"og_object_type":"default","og_image_type":"default","og_image_url":null,"og_image_width":null,"og_image_height":null,"og_image_custom_url":null,"og_image_custom_fields":null,"og_video":null,"og_custom_url":null,"og_article_section":null,"og_article_tags":null,"twitter_use_og":false,"twitter_card":"default","twitter_image_type":"default","twitter_image_url":null,"twitter_image_custom_url":null,"twitter_image_custom_fields":null,"twitter_title":null,"twitter_description":null,"schema":{"blockGraphs":[],"customGraphs":[],"default":{"data":{"Article":[],"Course":[],"Dataset":[],"FAQPage":[],"Movie":[],"Person":[],"Product":[],"ProductReview":[],"Car":[],"Recipe":[],"Service":[],"SoftwareApplication":[],"WebPage":[]},"graphName":"","isEnabled":true},"graphs":[]},"schema_type":null,"schema_type_options":null,"pillar_content":false,"robots_default":true,"robots_noindex":false,"robots_noarchive":false,"robots_nosnippet":false,"robots_nofollow":false,"robots_noimageindex":false,"robots_noodp":false,"robots_notranslate":false,"robots_max_snippet":null,"robots_max_videopreview":null,"robots_max_imagepreview":"large","priority":null,"frequency":null,"location":null,"local_seo":null,"seo_analyzer_scan_date":"2025-08-28 12:08:14","breadcrumb_settings":null,"limit_modified_date":false,"reviewed_by":null,"open_ai":null,"ai":null,"created":"2020-12-21 11:38:47","updated":"2025-08-28 12:08:14"},"aioseo_breadcrumb":"<div class=\"aioseo-breadcrumbs\"><span class=\"aioseo-breadcrumb\">\n\t<a href=\"https:\/\/candas365.es\/noticias\" title=\"Home\">Home<\/a>\n<\/span><span class=\"aioseo-breadcrumb-separator\">&ndash;<\/span><span class=\"aioseo-breadcrumb\">\n\t<a href=\"https:\/\/candas365.es\/noticias\/category\/deporte\/\" title=\"Deporte\">Deporte<\/a>\n<\/span><span class=\"aioseo-breadcrumb-separator\">&ndash;<\/span><span class=\"aioseo-breadcrumb\">\n\tHolanda firma tablas con Alemania y pasa a la \u00abfinal four\u00bb\n<\/span><\/div>","aioseo_breadcrumb_json":[{"label":"Home","link":"https:\/\/candas365.es\/noticias"},{"label":"Deporte","link":"https:\/\/candas365.es\/noticias\/category\/deporte\/"},{"label":"Holanda firma tablas con Alemania y pasa a la \u00abfinal four\u00bb","link":"https:\/\/candas365.es\/noticias\/holanda-firma-tablas-con-alemania-y-pasa-a-la-final-four\/"}],"_links":{"self":[{"href":"https:\/\/candas365.es\/noticias\/wp-json\/wp\/v2\/posts\/110263","targetHints":{"allow":["GET"]}}],"collection":[{"href":"https:\/\/candas365.es\/noticias\/wp-json\/wp\/v2\/posts"}],"about":[{"href":"https:\/\/candas365.es\/noticias\/wp-json\/wp\/v2\/types\/post"}],"author":[{"embeddable":true,"href":"https:\/\/candas365.es\/noticias\/wp-json\/wp\/v2\/users\/1"}],"replies":[{"embeddable":true,"href":"https:\/\/candas365.es\/noticias\/wp-json\/wp\/v2\/comments?post=110263"}],"version-history":[{"count":0,"href":"https:\/\/candas365.es\/noticias\/wp-json\/wp\/v2\/posts\/110263\/revisions"}],"wp:featuredmedia":[{"embeddable":true,"href":"https:\/\/candas365.es\/noticias\/wp-json\/wp\/v2\/media\/98004"}],"wp:attachment":[{"href":"https:\/\/candas365.es\/noticias\/wp-json\/wp\/v2\/media?parent=110263"}],"wp:term":[{"taxonomy":"category","embeddable":true,"href":"https:\/\/candas365.es\/noticias\/wp-json\/wp\/v2\/categories?post=110263"},{"taxonomy":"post_tag","embeddable":true,"href":"https:\/\/candas365.es\/noticias\/wp-json\/wp\/v2\/tags?post=110263"}],"curies":[{"name":"wp","href":"https:\/\/api.w.org\/{rel}","templated":true}]}}