{"id":110247,"date":"2018-11-20T17:24:07","date_gmt":"2018-11-20T17:24:07","guid":{"rendered":"http:\/\/candas365.es\/noticias\/?p=110247"},"modified":"2018-11-20T17:24:07","modified_gmt":"2018-11-20T17:24:07","slug":"carcedo-presenta-el-plan-de-proteccion-de-la-salud-frente-a-las-pseudociencias","status":"publish","type":"post","link":"https:\/\/candas365.es\/noticias\/carcedo-presenta-el-plan-de-proteccion-de-la-salud-frente-a-las-pseudociencias\/","title":{"rendered":"Carcedo presenta el Plan de Protecci\u00f3n de la Salud frente a las Pseudociencias"},"content":{"rendered":"<p><img fetchpriority=\"high\" decoding=\"async\" class=\"alignleft size-medium wp-image-110248\" src=\"https:\/\/candas365.es\/noticias\/wp-content\/uploads\/2018\/11\/191118-Carcedo-360x239.jpg\" alt=\"\" width=\"360\" height=\"239\" srcset=\"https:\/\/candas365.es\/noticias\/wp-content\/uploads\/2018\/11\/191118-Carcedo-360x239.jpg 360w, https:\/\/candas365.es\/noticias\/wp-content\/uploads\/2018\/11\/191118-Carcedo.jpg 512w\" sizes=\"(max-width: 360px) 100vw, 360px\" \/>La ministra de Sanidad, Consumo y Bienestar Social, Mar\u00eda Luisa Carcedo, ha mantenido una reuni\u00f3n con representantes de 13 colegios profesionales para trasladarles el Plan de Protecci\u00f3n de la Salud frente a las Pseudociencias anunciado la semana pasada e invitarles a que lo enriquezcan con sus aportaciones.<\/p>\n<p>Al encuentro han asistido representantes de los colegios profesionales de m\u00e9dicos, enfermer\u00eda, farmac\u00e9uticos, bi\u00f3logos, nutricionistas, terapeutas ocupacionales, dentistas, pod\u00f3logos y psic\u00f3logos. Tambi\u00e9n han acudido responsables de los colegios de \u00f3pticos-optometristas, dietistas-nutricionistas, f\u00edsicos y fisioterapeutas.<\/p>\n<p>Por parte del Ministerio han estado presentes el secretario general, Faustino Blanco, la directora general de Cartera B\u00e1sica de Servicios del SNS y Farmacia, Patricia Lacruz, la directora general de Farmacia, Pilar Aparicio, el director general de ordenaci\u00f3n profesional, Rodrigo Guti\u00e9rrez y la directora de la Agencia del Medicamento y Productos Sanitarios, Mar\u00eda Jes\u00fas Lamas.<\/p>\n<p>El Plan, elaborado junto con el Ministerio de Ciencia, Innovaci\u00f3n y Universidades, se present\u00f3 la semana pasada y cuenta con distintas l\u00edneas de actuaci\u00f3n.<\/p>\n<p>El objetivo de esta iniciativa es proteger la salud como derecho b\u00e1sico frente a las sustancias, productos, actividades o servicios con pretendidas finalidades sanitarias que no tienen evidencia ni conocimiento cient\u00edfico suficiente que avale su eficacia y seguridad. Adem\u00e1s, incluye medidas para evitar que las pseudociencias se impartan en las universidades espa\u00f1olas.<\/p>\n<p>Tambi\u00e9n contempla modificaciones normativas para evitar la publicidad enga\u00f1osa. Estos cambios reforzar\u00e1n los mecanismos de control existentes para evitar la promoci\u00f3n comercial de pr\u00e1cticas que no est\u00e9n amparadas por el conocimiento cient\u00edfico en \u00e1mbitos como internet, redes sociales, actos o jornadas.<\/p>\n<p>Otro de los objetivos del Plan consiste en eliminar de los centros sanitarios la pr\u00e1ctica de las pseudoterapias as\u00ed como garantizar que todas las actividades sanitarias se realicen por parte de profesionales que dispongan de la titulaci\u00f3n oficialmente reconocida.<\/p>\n","protected":false},"excerpt":{"rendered":"<p>La ministra de Sanidad, Consumo y Bienestar Social, Mar\u00eda Luisa Carcedo, ha mantenido una reuni\u00f3n con representantes de 13 colegios profesionales para trasladarles el Plan de Protecci\u00f3n de la Salud frente a las Pseudociencias anunciado la semana pasada e invitarles a que lo enriquezcan con sus aportaciones. Al encuentro han asistido representantes de los colegios<\/p>\n","protected":false},"author":1,"featured_media":110248,"comment_status":"closed","ping_status":"closed","sticky":false,"template":"","format":"standard","meta":{"footnotes":""},"categories":[343],"tags":[],"class_list":{"0":"post-110247","1":"post","2":"type-post","3":"status-publish","4":"format-standard","5":"has-post-thumbnail","7":"category-actualidad"},"aioseo_notices":[],"aioseo_head":"\n\t\t<!-- All in One SEO Pro 4.9.6.2 - aioseo.com -->\n\t<meta name=\"description\" content=\"La ministra de Sanidad, Consumo y Bienestar Social, Mar\u00eda Luisa Carcedo, ha mantenido una reuni\u00f3n con representantes de 13 colegios profesionales para trasladarles el Plan de Protecci\u00f3n de la Salud frente a las Pseudociencias anunciado la semana pasada e invitarles a que lo enriquezcan con sus aportaciones. Al encuentro han asistido representantes de los colegios\" \/>\n\t<meta name=\"robots\" content=\"max-image-preview:large\" \/>\n\t<meta name=\"author\" content=\"Cand\u00e1s 365\"\/>\n\t<meta name=\"google-site-verification\" content=\"UA-32230408-1\" \/>\n\t<meta name=\"msvalidate.01\" content=\"354F3CDFB2DA171B47FBE9ABF1F88D5\" \/>\n\t<meta name=\"keywords\" content=\"actualidad\" \/>\n\t<link rel=\"canonical\" href=\"https:\/\/candas365.es\/noticias\/carcedo-presenta-el-plan-de-proteccion-de-la-salud-frente-a-las-pseudociencias\/\" \/>\n\t<meta name=\"generator\" content=\"All in One SEO Pro (AIOSEO) 4.9.6.2\" \/>\n\t\t<meta property=\"og:locale\" content=\"es_ES\" \/>\n\t\t<meta property=\"og:site_name\" content=\"Cand\u00e1s 365\" \/>\n\t\t<meta property=\"og:type\" content=\"article\" \/>\n\t\t<meta property=\"og:title\" content=\"Carcedo presenta el Plan de Protecci\u00f3n de la Salud frente a las Pseudociencias | Cand\u00e1s 365\" \/>\n\t\t<meta property=\"og:description\" content=\"La ministra de Sanidad, Consumo y Bienestar Social, Mar\u00eda Luisa Carcedo, ha mantenido una reuni\u00f3n con representantes de 13 colegios profesionales para trasladarles el Plan de Protecci\u00f3n de la Salud frente a las Pseudociencias anunciado la semana pasada e invitarles a que lo enriquezcan con sus aportaciones. Al encuentro han asistido representantes de los colegios\" \/>\n\t\t<meta property=\"og:url\" content=\"https:\/\/candas365.es\/noticias\/carcedo-presenta-el-plan-de-proteccion-de-la-salud-frente-a-las-pseudociencias\/\" \/>\n\t\t<meta property=\"og:image\" content=\"https:\/\/candas365.es\/noticias\/wp-content\/uploads\/2018\/11\/191118-Carcedo.jpg\" \/>\n\t\t<meta property=\"og:image:secure_url\" content=\"https:\/\/candas365.es\/noticias\/wp-content\/uploads\/2018\/11\/191118-Carcedo.jpg\" \/>\n\t\t<meta property=\"og:image:width\" content=\"512\" \/>\n\t\t<meta property=\"og:image:height\" content=\"340\" \/>\n\t\t<meta property=\"article:published_time\" content=\"2018-11-20T17:24:07+00:00\" \/>\n\t\t<meta property=\"article:modified_time\" content=\"2018-11-20T17:24:07+00:00\" \/>\n\t\t<meta property=\"article:publisher\" content=\"https:\/\/www.facebook.com\/Nachofdezber\" \/>\n\t\t<meta property=\"article:author\" content=\"https:\/\/www.facebook.com\/carrenoactualidad\" \/>\n\t\t<meta name=\"twitter:card\" content=\"summary_large_image\" \/>\n\t\t<meta name=\"twitter:site\" content=\"@NabercoDigital\" \/>\n\t\t<meta name=\"twitter:title\" content=\"Carcedo presenta el Plan de Protecci\u00f3n de la Salud frente a las Pseudociencias | Cand\u00e1s 365\" \/>\n\t\t<meta name=\"twitter:description\" content=\"La ministra de Sanidad, Consumo y Bienestar Social, Mar\u00eda Luisa Carcedo, ha mantenido una reuni\u00f3n con representantes de 13 colegios profesionales para trasladarles el Plan de Protecci\u00f3n de la Salud frente a las Pseudociencias anunciado la semana pasada e invitarles a que lo enriquezcan con sus aportaciones. Al encuentro han asistido representantes de los colegios\" \/>\n\t\t<meta name=\"twitter:creator\" content=\"@nbasturias\" \/>\n\t\t<meta name=\"twitter:image\" content=\"https:\/\/candas365.es\/noticias\/wp-content\/uploads\/2018\/11\/191118-Carcedo.jpg\" \/>\n\t\t<meta name=\"twitter:label1\" content=\"Escrito por\" \/>\n\t\t<meta name=\"twitter:data1\" content=\"Cand\u00e1s 365\" \/>\n\t\t<meta name=\"twitter:label2\" content=\"Tiempo de lectura estimado\" \/>\n\t\t<meta name=\"twitter:data2\" content=\"2 minutos\" \/>\n\t\t<script type=\"application\/ld+json\" class=\"aioseo-schema\">\n\t\t\t{\"@context\":\"https:\\\/\\\/schema.org\",\"@graph\":[{\"@type\":\"BreadcrumbList\",\"@id\":\"https:\\\/\\\/candas365.es\\\/noticias\\\/carcedo-presenta-el-plan-de-proteccion-de-la-salud-frente-a-las-pseudociencias\\\/#breadcrumblist\",\"itemListElement\":[{\"@type\":\"ListItem\",\"@id\":\"https:\\\/\\\/candas365.es\\\/noticias#listItem\",\"position\":1,\"name\":\"Home\",\"item\":\"https:\\\/\\\/candas365.es\\\/noticias\",\"nextItem\":{\"@type\":\"ListItem\",\"@id\":\"https:\\\/\\\/candas365.es\\\/noticias\\\/category\\\/actualidad\\\/#listItem\",\"name\":\"Actualidad\"}},{\"@type\":\"ListItem\",\"@id\":\"https:\\\/\\\/candas365.es\\\/noticias\\\/category\\\/actualidad\\\/#listItem\",\"position\":2,\"name\":\"Actualidad\",\"item\":\"https:\\\/\\\/candas365.es\\\/noticias\\\/category\\\/actualidad\\\/\",\"nextItem\":{\"@type\":\"ListItem\",\"@id\":\"https:\\\/\\\/candas365.es\\\/noticias\\\/carcedo-presenta-el-plan-de-proteccion-de-la-salud-frente-a-las-pseudociencias\\\/#listItem\",\"name\":\"Carcedo presenta el Plan de Protecci\\u00f3n de la Salud frente a las Pseudociencias\"},\"previousItem\":{\"@type\":\"ListItem\",\"@id\":\"https:\\\/\\\/candas365.es\\\/noticias#listItem\",\"name\":\"Home\"}},{\"@type\":\"ListItem\",\"@id\":\"https:\\\/\\\/candas365.es\\\/noticias\\\/carcedo-presenta-el-plan-de-proteccion-de-la-salud-frente-a-las-pseudociencias\\\/#listItem\",\"position\":3,\"name\":\"Carcedo presenta el Plan de Protecci\\u00f3n de la Salud frente a las Pseudociencias\",\"previousItem\":{\"@type\":\"ListItem\",\"@id\":\"https:\\\/\\\/candas365.es\\\/noticias\\\/category\\\/actualidad\\\/#listItem\",\"name\":\"Actualidad\"}}]},{\"@type\":\"NewsArticle\",\"@id\":\"https:\\\/\\\/candas365.es\\\/noticias\\\/carcedo-presenta-el-plan-de-proteccion-de-la-salud-frente-a-las-pseudociencias\\\/#newsarticle\",\"name\":\"Carcedo presenta el Plan de Protecci\\u00f3n de la Salud frente a las Pseudociencias | Cand\\u00e1s 365\",\"headline\":\"Carcedo presenta el Plan de Protecci\\u00f3n de la Salud frente a las Pseudociencias\",\"author\":{\"@id\":\"https:\\\/\\\/candas365.es\\\/noticias\\\/author\\\/admin\\\/#author\"},\"publisher\":{\"@id\":\"https:\\\/\\\/candas365.es\\\/noticias\\\/#organization\"},\"image\":{\"@type\":\"ImageObject\",\"url\":\"https:\\\/\\\/candas365.es\\\/noticias\\\/wp-content\\\/uploads\\\/2018\\\/11\\\/191118-Carcedo.jpg\",\"width\":512,\"height\":340},\"datePublished\":\"2018-11-20T17:24:07+01:00\",\"dateModified\":\"2018-11-20T17:24:07+01:00\",\"inLanguage\":\"es-ES\",\"mainEntityOfPage\":{\"@id\":\"https:\\\/\\\/candas365.es\\\/noticias\\\/carcedo-presenta-el-plan-de-proteccion-de-la-salud-frente-a-las-pseudociencias\\\/#webpage\"},\"isPartOf\":{\"@id\":\"https:\\\/\\\/candas365.es\\\/noticias\\\/carcedo-presenta-el-plan-de-proteccion-de-la-salud-frente-a-las-pseudociencias\\\/#webpage\"},\"articleSection\":\"Actualidad\",\"dateline\":\"Publicado el noviembre 20, 2018.\"},{\"@type\":\"Organization\",\"@id\":\"https:\\\/\\\/candas365.es\\\/noticias\\\/#organization\",\"name\":\"Cand\\u00e1s 365\",\"description\":\"Cand\\u00e1s 365 es un diario digital independiente, fundado en 2012, con base en Asturias. Informamos con rigor sobre actualidad, sociedad, cultura y ocio, con una mirada local y global.\",\"url\":\"https:\\\/\\\/candas365.es\\\/noticias\\\/\",\"email\":\"info@candas365.es\",\"telephone\":\"+34652131393\",\"foundingDate\":\"2012-06-10\",\"logo\":{\"@type\":\"ImageObject\",\"url\":\"https:\\\/\\\/candas365.es\\\/noticias\\\/wp-content\\\/uploads\\\/2024\\\/09\\\/Candas-365-Redes.jpg\",\"@id\":\"https:\\\/\\\/candas365.es\\\/noticias\\\/carcedo-presenta-el-plan-de-proteccion-de-la-salud-frente-a-las-pseudociencias\\\/#organizationLogo\",\"width\":1152,\"height\":864,\"caption\":\"Cand\\u00e1s 365 Redes\"},\"image\":{\"@id\":\"https:\\\/\\\/candas365.es\\\/noticias\\\/carcedo-presenta-el-plan-de-proteccion-de-la-salud-frente-a-las-pseudociencias\\\/#organizationLogo\"},\"sameAs\":[\"https:\\\/\\\/www.facebook.com\\\/Nachofdezber\",\"https:\\\/\\\/x.com\\\/NabercoDigital\",\"https:\\\/\\\/www.instagram.com\\\/nachofdezber\\\/\",\"https:\\\/\\\/www.youtube.com\\\/channel\\\/UCZP-2wLEB9Rv6erhFmqVnvg\"],\"address\":{\"@id\":\"https:\\\/\\\/candas365.es\\\/noticias\\\/#postaladdress\",\"@type\":\"PostalAddress\",\"streetAddress\":\"san antonio 4, san antonio 4\",\"postalCode\":\"33430\",\"addressLocality\":\"Cand\\u00e1s\",\"addressRegion\":\"Asturias\",\"addressCountry\":\"ES\"}},{\"@type\":\"Person\",\"@id\":\"https:\\\/\\\/candas365.es\\\/noticias\\\/author\\\/admin\\\/#author\",\"url\":\"https:\\\/\\\/candas365.es\\\/noticias\\\/author\\\/admin\\\/\",\"name\":\"Cand\\u00e1s 365\",\"image\":{\"@type\":\"ImageObject\",\"@id\":\"https:\\\/\\\/candas365.es\\\/noticias\\\/carcedo-presenta-el-plan-de-proteccion-de-la-salud-frente-a-las-pseudociencias\\\/#authorImage\",\"url\":\"https:\\\/\\\/secure.gravatar.com\\\/avatar\\\/496a8e03d0c493ede1718b7934145dbdf8d89be1036b0eec9544e1094c9de390?s=96&d=mm&r=g\",\"width\":96,\"height\":96,\"caption\":\"Cand\\u00e1s 365\"},\"sameAs\":[\"https:\\\/\\\/www.facebook.com\\\/carrenoactualidad\",\"https:\\\/\\\/twitter.com\\\/nbasturias\",\"https:\\\/\\\/www.instagram.com\\\/nachofdezber\\\/\",\"https:\\\/\\\/www.youtube.com\\\/channel\\\/UCZP-2wLEB9Rv6erhFmqVnvg\"]},{\"@type\":\"WebPage\",\"@id\":\"https:\\\/\\\/candas365.es\\\/noticias\\\/carcedo-presenta-el-plan-de-proteccion-de-la-salud-frente-a-las-pseudociencias\\\/#webpage\",\"url\":\"https:\\\/\\\/candas365.es\\\/noticias\\\/carcedo-presenta-el-plan-de-proteccion-de-la-salud-frente-a-las-pseudociencias\\\/\",\"name\":\"Carcedo presenta el Plan de Protecci\\u00f3n de la Salud frente a las Pseudociencias | Cand\\u00e1s 365\",\"description\":\"La ministra de Sanidad, Consumo y Bienestar Social, Mar\\u00eda Luisa Carcedo, ha mantenido una reuni\\u00f3n con representantes de 13 colegios profesionales para trasladarles el Plan de Protecci\\u00f3n de la Salud frente a las Pseudociencias anunciado la semana pasada e invitarles a que lo enriquezcan con sus aportaciones. Al encuentro han asistido representantes de los colegios\",\"inLanguage\":\"es-ES\",\"isPartOf\":{\"@id\":\"https:\\\/\\\/candas365.es\\\/noticias\\\/#website\"},\"breadcrumb\":{\"@id\":\"https:\\\/\\\/candas365.es\\\/noticias\\\/carcedo-presenta-el-plan-de-proteccion-de-la-salud-frente-a-las-pseudociencias\\\/#breadcrumblist\"},\"author\":{\"@id\":\"https:\\\/\\\/candas365.es\\\/noticias\\\/author\\\/admin\\\/#author\"},\"creator\":{\"@id\":\"https:\\\/\\\/candas365.es\\\/noticias\\\/author\\\/admin\\\/#author\"},\"image\":{\"@type\":\"ImageObject\",\"url\":\"https:\\\/\\\/candas365.es\\\/noticias\\\/wp-content\\\/uploads\\\/2018\\\/11\\\/191118-Carcedo.jpg\",\"@id\":\"https:\\\/\\\/candas365.es\\\/noticias\\\/carcedo-presenta-el-plan-de-proteccion-de-la-salud-frente-a-las-pseudociencias\\\/#mainImage\",\"width\":512,\"height\":340},\"primaryImageOfPage\":{\"@id\":\"https:\\\/\\\/candas365.es\\\/noticias\\\/carcedo-presenta-el-plan-de-proteccion-de-la-salud-frente-a-las-pseudociencias\\\/#mainImage\"},\"datePublished\":\"2018-11-20T17:24:07+01:00\",\"dateModified\":\"2018-11-20T17:24:07+01:00\"},{\"@type\":\"WebSite\",\"@id\":\"https:\\\/\\\/candas365.es\\\/noticias\\\/#website\",\"url\":\"https:\\\/\\\/candas365.es\\\/noticias\\\/\",\"name\":\"Cand\\u00e1s 365\",\"alternateName\":\"Cand\\u00e1s 365 Noticias\",\"description\":\"Actualidad desde Carre\\u00f1o para el mundo\",\"inLanguage\":\"es-ES\",\"publisher\":{\"@id\":\"https:\\\/\\\/candas365.es\\\/noticias\\\/#organization\"}}]}\n\t\t<\/script>\n\t\t<!-- All in One SEO Pro -->\r\n\t\t<title>Carcedo presenta el Plan de Protecci\u00f3n de la Salud frente a las Pseudociencias | Cand\u00e1s 365<\/title>\n\n","aioseo_head_json":{"title":"Carcedo presenta el Plan de Protecci\u00f3n de la Salud frente a las Pseudociencias | Cand\u00e1s 365","description":"La ministra de Sanidad, Consumo y Bienestar Social, Mar\u00eda Luisa Carcedo, ha mantenido una reuni\u00f3n con representantes de 13 colegios profesionales para trasladarles el Plan de Protecci\u00f3n de la Salud frente a las Pseudociencias anunciado la semana pasada e invitarles a que lo enriquezcan con sus aportaciones. Al encuentro han asistido representantes de los colegios","canonical_url":"https:\/\/candas365.es\/noticias\/carcedo-presenta-el-plan-de-proteccion-de-la-salud-frente-a-las-pseudociencias\/","robots":"max-image-preview:large","keywords":"actualidad","webmasterTools":{"google-site-verification":"UA-32230408-1","msvalidate.01":"354F3CDFB2DA171B47FBE9ABF1F88D5","miscellaneous":""},"schema":{"@context":"https:\/\/schema.org","@graph":[{"@type":"BreadcrumbList","@id":"https:\/\/candas365.es\/noticias\/carcedo-presenta-el-plan-de-proteccion-de-la-salud-frente-a-las-pseudociencias\/#breadcrumblist","itemListElement":[{"@type":"ListItem","@id":"https:\/\/candas365.es\/noticias#listItem","position":1,"name":"Home","item":"https:\/\/candas365.es\/noticias","nextItem":{"@type":"ListItem","@id":"https:\/\/candas365.es\/noticias\/category\/actualidad\/#listItem","name":"Actualidad"}},{"@type":"ListItem","@id":"https:\/\/candas365.es\/noticias\/category\/actualidad\/#listItem","position":2,"name":"Actualidad","item":"https:\/\/candas365.es\/noticias\/category\/actualidad\/","nextItem":{"@type":"ListItem","@id":"https:\/\/candas365.es\/noticias\/carcedo-presenta-el-plan-de-proteccion-de-la-salud-frente-a-las-pseudociencias\/#listItem","name":"Carcedo presenta el Plan de Protecci\u00f3n de la Salud frente a las Pseudociencias"},"previousItem":{"@type":"ListItem","@id":"https:\/\/candas365.es\/noticias#listItem","name":"Home"}},{"@type":"ListItem","@id":"https:\/\/candas365.es\/noticias\/carcedo-presenta-el-plan-de-proteccion-de-la-salud-frente-a-las-pseudociencias\/#listItem","position":3,"name":"Carcedo presenta el Plan de Protecci\u00f3n de la Salud frente a las Pseudociencias","previousItem":{"@type":"ListItem","@id":"https:\/\/candas365.es\/noticias\/category\/actualidad\/#listItem","name":"Actualidad"}}]},{"@type":"NewsArticle","@id":"https:\/\/candas365.es\/noticias\/carcedo-presenta-el-plan-de-proteccion-de-la-salud-frente-a-las-pseudociencias\/#newsarticle","name":"Carcedo presenta el Plan de Protecci\u00f3n de la Salud frente a las Pseudociencias | Cand\u00e1s 365","headline":"Carcedo presenta el Plan de Protecci\u00f3n de la Salud frente a las Pseudociencias","author":{"@id":"https:\/\/candas365.es\/noticias\/author\/admin\/#author"},"publisher":{"@id":"https:\/\/candas365.es\/noticias\/#organization"},"image":{"@type":"ImageObject","url":"https:\/\/candas365.es\/noticias\/wp-content\/uploads\/2018\/11\/191118-Carcedo.jpg","width":512,"height":340},"datePublished":"2018-11-20T17:24:07+01:00","dateModified":"2018-11-20T17:24:07+01:00","inLanguage":"es-ES","mainEntityOfPage":{"@id":"https:\/\/candas365.es\/noticias\/carcedo-presenta-el-plan-de-proteccion-de-la-salud-frente-a-las-pseudociencias\/#webpage"},"isPartOf":{"@id":"https:\/\/candas365.es\/noticias\/carcedo-presenta-el-plan-de-proteccion-de-la-salud-frente-a-las-pseudociencias\/#webpage"},"articleSection":"Actualidad","dateline":"Publicado el noviembre 20, 2018."},{"@type":"Organization","@id":"https:\/\/candas365.es\/noticias\/#organization","name":"Cand\u00e1s 365","description":"Cand\u00e1s 365 es un diario digital independiente, fundado en 2012, con base en Asturias. Informamos con rigor sobre actualidad, sociedad, cultura y ocio, con una mirada local y global.","url":"https:\/\/candas365.es\/noticias\/","email":"info@candas365.es","telephone":"+34652131393","foundingDate":"2012-06-10","logo":{"@type":"ImageObject","url":"https:\/\/candas365.es\/noticias\/wp-content\/uploads\/2024\/09\/Candas-365-Redes.jpg","@id":"https:\/\/candas365.es\/noticias\/carcedo-presenta-el-plan-de-proteccion-de-la-salud-frente-a-las-pseudociencias\/#organizationLogo","width":1152,"height":864,"caption":"Cand\u00e1s 365 Redes"},"image":{"@id":"https:\/\/candas365.es\/noticias\/carcedo-presenta-el-plan-de-proteccion-de-la-salud-frente-a-las-pseudociencias\/#organizationLogo"},"sameAs":["https:\/\/www.facebook.com\/Nachofdezber","https:\/\/x.com\/NabercoDigital","https:\/\/www.instagram.com\/nachofdezber\/","https:\/\/www.youtube.com\/channel\/UCZP-2wLEB9Rv6erhFmqVnvg"],"address":{"@id":"https:\/\/candas365.es\/noticias\/#postaladdress","@type":"PostalAddress","streetAddress":"san antonio 4, san antonio 4","postalCode":"33430","addressLocality":"Cand\u00e1s","addressRegion":"Asturias","addressCountry":"ES"}},{"@type":"Person","@id":"https:\/\/candas365.es\/noticias\/author\/admin\/#author","url":"https:\/\/candas365.es\/noticias\/author\/admin\/","name":"Cand\u00e1s 365","image":{"@type":"ImageObject","@id":"https:\/\/candas365.es\/noticias\/carcedo-presenta-el-plan-de-proteccion-de-la-salud-frente-a-las-pseudociencias\/#authorImage","url":"https:\/\/secure.gravatar.com\/avatar\/496a8e03d0c493ede1718b7934145dbdf8d89be1036b0eec9544e1094c9de390?s=96&d=mm&r=g","width":96,"height":96,"caption":"Cand\u00e1s 365"},"sameAs":["https:\/\/www.facebook.com\/carrenoactualidad","https:\/\/twitter.com\/nbasturias","https:\/\/www.instagram.com\/nachofdezber\/","https:\/\/www.youtube.com\/channel\/UCZP-2wLEB9Rv6erhFmqVnvg"]},{"@type":"WebPage","@id":"https:\/\/candas365.es\/noticias\/carcedo-presenta-el-plan-de-proteccion-de-la-salud-frente-a-las-pseudociencias\/#webpage","url":"https:\/\/candas365.es\/noticias\/carcedo-presenta-el-plan-de-proteccion-de-la-salud-frente-a-las-pseudociencias\/","name":"Carcedo presenta el Plan de Protecci\u00f3n de la Salud frente a las Pseudociencias | Cand\u00e1s 365","description":"La ministra de Sanidad, Consumo y Bienestar Social, Mar\u00eda Luisa Carcedo, ha mantenido una reuni\u00f3n con representantes de 13 colegios profesionales para trasladarles el Plan de Protecci\u00f3n de la Salud frente a las Pseudociencias anunciado la semana pasada e invitarles a que lo enriquezcan con sus aportaciones. Al encuentro han asistido representantes de los colegios","inLanguage":"es-ES","isPartOf":{"@id":"https:\/\/candas365.es\/noticias\/#website"},"breadcrumb":{"@id":"https:\/\/candas365.es\/noticias\/carcedo-presenta-el-plan-de-proteccion-de-la-salud-frente-a-las-pseudociencias\/#breadcrumblist"},"author":{"@id":"https:\/\/candas365.es\/noticias\/author\/admin\/#author"},"creator":{"@id":"https:\/\/candas365.es\/noticias\/author\/admin\/#author"},"image":{"@type":"ImageObject","url":"https:\/\/candas365.es\/noticias\/wp-content\/uploads\/2018\/11\/191118-Carcedo.jpg","@id":"https:\/\/candas365.es\/noticias\/carcedo-presenta-el-plan-de-proteccion-de-la-salud-frente-a-las-pseudociencias\/#mainImage","width":512,"height":340},"primaryImageOfPage":{"@id":"https:\/\/candas365.es\/noticias\/carcedo-presenta-el-plan-de-proteccion-de-la-salud-frente-a-las-pseudociencias\/#mainImage"},"datePublished":"2018-11-20T17:24:07+01:00","dateModified":"2018-11-20T17:24:07+01:00"},{"@type":"WebSite","@id":"https:\/\/candas365.es\/noticias\/#website","url":"https:\/\/candas365.es\/noticias\/","name":"Cand\u00e1s 365","alternateName":"Cand\u00e1s 365 Noticias","description":"Actualidad desde Carre\u00f1o para el mundo","inLanguage":"es-ES","publisher":{"@id":"https:\/\/candas365.es\/noticias\/#organization"}}]},"og:locale":"es_ES","og:site_name":"Cand\u00e1s 365","og:type":"article","og:title":"Carcedo presenta el Plan de Protecci\u00f3n de la Salud frente a las Pseudociencias | Cand\u00e1s 365","og:description":"La ministra de Sanidad, Consumo y Bienestar Social, Mar\u00eda Luisa Carcedo, ha mantenido una reuni\u00f3n con representantes de 13 colegios profesionales para trasladarles el Plan de Protecci\u00f3n de la Salud frente a las Pseudociencias anunciado la semana pasada e invitarles a que lo enriquezcan con sus aportaciones. Al encuentro han asistido representantes de los colegios","og:url":"https:\/\/candas365.es\/noticias\/carcedo-presenta-el-plan-de-proteccion-de-la-salud-frente-a-las-pseudociencias\/","og:image":"https:\/\/candas365.es\/noticias\/wp-content\/uploads\/2018\/11\/191118-Carcedo.jpg","og:image:secure_url":"https:\/\/candas365.es\/noticias\/wp-content\/uploads\/2018\/11\/191118-Carcedo.jpg","og:image:width":512,"og:image:height":340,"article:published_time":"2018-11-20T17:24:07+00:00","article:modified_time":"2018-11-20T17:24:07+00:00","article:publisher":"https:\/\/www.facebook.com\/Nachofdezber","article:author":"https:\/\/www.facebook.com\/carrenoactualidad","twitter:card":"summary_large_image","twitter:site":"@NabercoDigital","twitter:title":"Carcedo presenta el Plan de Protecci\u00f3n de la Salud frente a las Pseudociencias | Cand\u00e1s 365","twitter:description":"La ministra de Sanidad, Consumo y Bienestar Social, Mar\u00eda Luisa Carcedo, ha mantenido una reuni\u00f3n con representantes de 13 colegios profesionales para trasladarles el Plan de Protecci\u00f3n de la Salud frente a las Pseudociencias anunciado la semana pasada e invitarles a que lo enriquezcan con sus aportaciones. Al encuentro han asistido representantes de los colegios","twitter:creator":"@nbasturias","twitter:image":"https:\/\/candas365.es\/noticias\/wp-content\/uploads\/2018\/11\/191118-Carcedo.jpg","twitter:label1":"Escrito por","twitter:data1":"Cand\u00e1s 365","twitter:label2":"Tiempo de lectura estimado","twitter:data2":"2 minutos"},"aioseo_meta_data":{"post_id":"110247","title":null,"description":null,"keywords":null,"keyphrases":null,"primary_term":null,"canonical_url":null,"og_title":null,"og_description":null,"og_object_type":"default","og_image_type":"default","og_image_url":null,"og_image_width":null,"og_image_height":null,"og_image_custom_url":null,"og_image_custom_fields":null,"og_video":null,"og_custom_url":null,"og_article_section":null,"og_article_tags":null,"twitter_use_og":false,"twitter_card":"default","twitter_image_type":"default","twitter_image_url":null,"twitter_image_custom_url":null,"twitter_image_custom_fields":null,"twitter_title":null,"twitter_description":null,"schema":{"blockGraphs":[],"customGraphs":[],"default":{"data":{"Article":[],"Course":[],"Dataset":[],"FAQPage":[],"Movie":[],"Person":[],"Product":[],"ProductReview":[],"Car":[],"Recipe":[],"Service":[],"SoftwareApplication":[],"WebPage":[]},"graphName":"","isEnabled":true},"graphs":[]},"schema_type":null,"schema_type_options":null,"pillar_content":false,"robots_default":true,"robots_noindex":false,"robots_noarchive":false,"robots_nosnippet":false,"robots_nofollow":false,"robots_noimageindex":false,"robots_noodp":false,"robots_notranslate":false,"robots_max_snippet":null,"robots_max_videopreview":null,"robots_max_imagepreview":"large","priority":null,"frequency":null,"location":null,"local_seo":null,"seo_analyzer_scan_date":"2025-08-28 12:04:17","breadcrumb_settings":null,"limit_modified_date":false,"reviewed_by":null,"open_ai":null,"ai":null,"created":"2020-12-21 11:38:47","updated":"2025-08-28 12:04:17"},"aioseo_breadcrumb":"<div class=\"aioseo-breadcrumbs\"><span class=\"aioseo-breadcrumb\">\n\t<a href=\"https:\/\/candas365.es\/noticias\" title=\"Home\">Home<\/a>\n<\/span><span class=\"aioseo-breadcrumb-separator\">&ndash;<\/span><span class=\"aioseo-breadcrumb\">\n\t<a href=\"https:\/\/candas365.es\/noticias\/category\/actualidad\/\" title=\"Actualidad\">Actualidad<\/a>\n<\/span><span class=\"aioseo-breadcrumb-separator\">&ndash;<\/span><span class=\"aioseo-breadcrumb\">\n\tCarcedo presenta el Plan de Protecci\u00f3n de la Salud frente a las Pseudociencias\n<\/span><\/div>","aioseo_breadcrumb_json":[{"label":"Home","link":"https:\/\/candas365.es\/noticias"},{"label":"Actualidad","link":"https:\/\/candas365.es\/noticias\/category\/actualidad\/"},{"label":"Carcedo presenta el Plan de Protecci\u00f3n de la Salud frente a las Pseudociencias","link":"https:\/\/candas365.es\/noticias\/carcedo-presenta-el-plan-de-proteccion-de-la-salud-frente-a-las-pseudociencias\/"}],"_links":{"self":[{"href":"https:\/\/candas365.es\/noticias\/wp-json\/wp\/v2\/posts\/110247","targetHints":{"allow":["GET"]}}],"collection":[{"href":"https:\/\/candas365.es\/noticias\/wp-json\/wp\/v2\/posts"}],"about":[{"href":"https:\/\/candas365.es\/noticias\/wp-json\/wp\/v2\/types\/post"}],"author":[{"embeddable":true,"href":"https:\/\/candas365.es\/noticias\/wp-json\/wp\/v2\/users\/1"}],"replies":[{"embeddable":true,"href":"https:\/\/candas365.es\/noticias\/wp-json\/wp\/v2\/comments?post=110247"}],"version-history":[{"count":0,"href":"https:\/\/candas365.es\/noticias\/wp-json\/wp\/v2\/posts\/110247\/revisions"}],"wp:featuredmedia":[{"embeddable":true,"href":"https:\/\/candas365.es\/noticias\/wp-json\/wp\/v2\/media\/110248"}],"wp:attachment":[{"href":"https:\/\/candas365.es\/noticias\/wp-json\/wp\/v2\/media?parent=110247"}],"wp:term":[{"taxonomy":"category","embeddable":true,"href":"https:\/\/candas365.es\/noticias\/wp-json\/wp\/v2\/categories?post=110247"},{"taxonomy":"post_tag","embeddable":true,"href":"https:\/\/candas365.es\/noticias\/wp-json\/wp\/v2\/tags?post=110247"}],"curies":[{"name":"wp","href":"https:\/\/api.w.org\/{rel}","templated":true}]}}