{"id":110244,"date":"2018-11-20T17:22:51","date_gmt":"2018-11-20T17:22:51","guid":{"rendered":"http:\/\/candas365.es\/noticias\/?p=110244"},"modified":"2018-11-20T17:22:51","modified_gmt":"2018-11-20T17:22:51","slug":"pedro-duque-entrega-los-premios-nacionales-de-fin-de-carrera","status":"publish","type":"post","link":"https:\/\/candas365.es\/noticias\/pedro-duque-entrega-los-premios-nacionales-de-fin-de-carrera\/","title":{"rendered":"Pedro Duque entrega los Premios Nacionales de Fin de Carrera"},"content":{"rendered":"<p><img fetchpriority=\"high\" decoding=\"async\" class=\"alignleft size-medium wp-image-110245\" src=\"https:\/\/candas365.es\/noticias\/wp-content\/uploads\/2018\/11\/191118-Duque-360x239.jpg\" alt=\"\" width=\"360\" height=\"239\" srcset=\"https:\/\/candas365.es\/noticias\/wp-content\/uploads\/2018\/11\/191118-Duque-360x239.jpg 360w, https:\/\/candas365.es\/noticias\/wp-content\/uploads\/2018\/11\/191118-Duque.jpg 512w\" sizes=\"(max-width: 360px) 100vw, 360px\" \/>El ministro de Ciencia, Innovaci\u00f3n y Universidades, Pedro Duque, ha presidido en el Auditorio Nacional de M\u00fasica el acto de entrega de los Premios Nacionales Fin de Carrera de Educaci\u00f3n Universitaria del curso 2013-2014.<\/p>\n<p>El ministro ha entregado los galardones a estudiantes procedentes de 44 universidades. Estos premios distinguen a los universitarios que han cursado sus estudios con mayor brillantez y suponen un reconocimiento oficial que comporta, asimismo, una asignaci\u00f3n econ\u00f3mica.<\/p>\n<p>Los 171 Premios Fin de Carrera se agrupan en cinco \u00e1reas: Ciencias, Ciencias de la Salud, Ciencias Sociales y Jur\u00eddicas, Ingenier\u00eda y Arquitectura, y Arte y Humanidades. La dotaci\u00f3n de los premios alcanza un total de 464.550 euros, repartidos en 57 primeros premios, dotados con 3.300 euros cada uno; 57 segundos, con una asignaci\u00f3n de 2.650 euros cada uno; y 57 terceros, con 2.200 euros cada uno.<\/p>\n<p>Duque ha destacado que estos galardones pretenden incentivar y reconocer el rendimiento acad\u00e9mico y la cultura del m\u00e9rito y la excelencia. Adem\u00e1s, durante su intervenci\u00f3n, Duque ha expuesto los objetivos de la nueva Ley de Universidades, actualmente en proceso de di\u00e1logo con comunidades aut\u00f3nomas, rectores, consejos sociales y estudiantes.<\/p>\n<p>El ministro tambi\u00e9n ha se\u00f1alado las prioridades en las que est\u00e1 trabajando su departamento en el corto plazo: reforma del Estatuto del Personal Docente e Investigador, la ordenaci\u00f3n de las ense\u00f1anzas universitarias oficiales, y la potenciaci\u00f3n de la internacionalizaci\u00f3n de las universidades y su participaci\u00f3n en el proyecto de universidades europeas.<\/p>\n<p>Pedro Duque ha remarcado la apertura de la Universidad p\u00fablica a la sociedad, que ha conseguido situar la tasa de personas con estudios superiores al nivel de los pa\u00edses de nuestro entorno. Por este motivo, ha se\u00f1alado la importancia de la mejora de un sistema de becas que permita que el m\u00e9rito y la capacidad tengan acceso preferente a la Universidad.<\/p>\n<p>El ministro, que ha estado acompa\u00f1ado de la secretaria de Estado de Universidades, Investigaci\u00f3n, Desarrollo e Innovaci\u00f3n, \u00c1ngeles Heras, y del secretario general de Universidades, Jos\u00e9 Manuel Pingarr\u00f3n, ha animado a todos los estamentos de la sociedad a trabajar juntos por una universidad de calidad, equitativa e internacional.<\/p>\n","protected":false},"excerpt":{"rendered":"<p>El ministro de Ciencia, Innovaci\u00f3n y Universidades, Pedro Duque, ha presidido en el Auditorio Nacional de M\u00fasica el acto de entrega de los Premios Nacionales Fin de Carrera de Educaci\u00f3n Universitaria del curso 2013-2014. El ministro ha entregado los galardones a estudiantes procedentes de 44 universidades. Estos premios distinguen a los universitarios que han cursado<\/p>\n","protected":false},"author":1,"featured_media":110245,"comment_status":"closed","ping_status":"closed","sticky":false,"template":"","format":"standard","meta":{"footnotes":""},"categories":[343],"tags":[],"class_list":{"0":"post-110244","1":"post","2":"type-post","3":"status-publish","4":"format-standard","5":"has-post-thumbnail","7":"category-actualidad"},"aioseo_notices":[],"aioseo_head":"\n\t\t<!-- All in One SEO Pro 4.9.6.2 - aioseo.com -->\n\t<meta name=\"description\" content=\"El ministro de Ciencia, Innovaci\u00f3n y Universidades, Pedro Duque, ha presidido en el Auditorio Nacional de M\u00fasica el acto de entrega de los Premios Nacionales Fin de Carrera de Educaci\u00f3n Universitaria del curso 2013-2014. El ministro ha entregado los galardones a estudiantes procedentes de 44 universidades. Estos premios distinguen a los universitarios que han cursado\" \/>\n\t<meta name=\"robots\" content=\"max-image-preview:large\" \/>\n\t<meta name=\"author\" content=\"Cand\u00e1s 365\"\/>\n\t<meta name=\"google-site-verification\" content=\"UA-32230408-1\" \/>\n\t<meta name=\"msvalidate.01\" content=\"354F3CDFB2DA171B47FBE9ABF1F88D5\" \/>\n\t<meta name=\"keywords\" content=\"actualidad\" \/>\n\t<link rel=\"canonical\" href=\"https:\/\/candas365.es\/noticias\/pedro-duque-entrega-los-premios-nacionales-de-fin-de-carrera\/\" \/>\n\t<meta name=\"generator\" content=\"All in One SEO Pro (AIOSEO) 4.9.6.2\" \/>\n\t\t<meta property=\"og:locale\" content=\"es_ES\" \/>\n\t\t<meta property=\"og:site_name\" content=\"Cand\u00e1s 365\" \/>\n\t\t<meta property=\"og:type\" content=\"article\" \/>\n\t\t<meta property=\"og:title\" content=\"Pedro Duque entrega los Premios Nacionales de Fin de Carrera | Cand\u00e1s 365\" \/>\n\t\t<meta property=\"og:description\" content=\"El ministro de Ciencia, Innovaci\u00f3n y Universidades, Pedro Duque, ha presidido en el Auditorio Nacional de M\u00fasica el acto de entrega de los Premios Nacionales Fin de Carrera de Educaci\u00f3n Universitaria del curso 2013-2014. El ministro ha entregado los galardones a estudiantes procedentes de 44 universidades. Estos premios distinguen a los universitarios que han cursado\" \/>\n\t\t<meta property=\"og:url\" content=\"https:\/\/candas365.es\/noticias\/pedro-duque-entrega-los-premios-nacionales-de-fin-de-carrera\/\" \/>\n\t\t<meta property=\"og:image\" content=\"https:\/\/candas365.es\/noticias\/wp-content\/uploads\/2018\/11\/191118-Duque.jpg\" \/>\n\t\t<meta property=\"og:image:secure_url\" content=\"https:\/\/candas365.es\/noticias\/wp-content\/uploads\/2018\/11\/191118-Duque.jpg\" \/>\n\t\t<meta property=\"og:image:width\" content=\"512\" \/>\n\t\t<meta property=\"og:image:height\" content=\"340\" \/>\n\t\t<meta property=\"article:published_time\" content=\"2018-11-20T17:22:51+00:00\" \/>\n\t\t<meta property=\"article:modified_time\" content=\"2018-11-20T17:22:51+00:00\" \/>\n\t\t<meta property=\"article:publisher\" content=\"https:\/\/www.facebook.com\/Nachofdezber\" \/>\n\t\t<meta property=\"article:author\" content=\"https:\/\/www.facebook.com\/carrenoactualidad\" \/>\n\t\t<meta name=\"twitter:card\" content=\"summary_large_image\" \/>\n\t\t<meta name=\"twitter:site\" content=\"@NabercoDigital\" \/>\n\t\t<meta name=\"twitter:title\" content=\"Pedro Duque entrega los Premios Nacionales de Fin de Carrera | Cand\u00e1s 365\" \/>\n\t\t<meta name=\"twitter:description\" content=\"El ministro de Ciencia, Innovaci\u00f3n y Universidades, Pedro Duque, ha presidido en el Auditorio Nacional de M\u00fasica el acto de entrega de los Premios Nacionales Fin de Carrera de Educaci\u00f3n Universitaria del curso 2013-2014. El ministro ha entregado los galardones a estudiantes procedentes de 44 universidades. Estos premios distinguen a los universitarios que han cursado\" \/>\n\t\t<meta name=\"twitter:creator\" content=\"@nbasturias\" \/>\n\t\t<meta name=\"twitter:image\" content=\"https:\/\/candas365.es\/noticias\/wp-content\/uploads\/2018\/11\/191118-Duque.jpg\" \/>\n\t\t<meta name=\"twitter:label1\" content=\"Escrito por\" \/>\n\t\t<meta name=\"twitter:data1\" content=\"Cand\u00e1s 365\" \/>\n\t\t<meta name=\"twitter:label2\" content=\"Tiempo de lectura estimado\" \/>\n\t\t<meta name=\"twitter:data2\" content=\"2 minutos\" \/>\n\t\t<script type=\"application\/ld+json\" class=\"aioseo-schema\">\n\t\t\t{\"@context\":\"https:\\\/\\\/schema.org\",\"@graph\":[{\"@type\":\"BreadcrumbList\",\"@id\":\"https:\\\/\\\/candas365.es\\\/noticias\\\/pedro-duque-entrega-los-premios-nacionales-de-fin-de-carrera\\\/#breadcrumblist\",\"itemListElement\":[{\"@type\":\"ListItem\",\"@id\":\"https:\\\/\\\/candas365.es\\\/noticias#listItem\",\"position\":1,\"name\":\"Home\",\"item\":\"https:\\\/\\\/candas365.es\\\/noticias\",\"nextItem\":{\"@type\":\"ListItem\",\"@id\":\"https:\\\/\\\/candas365.es\\\/noticias\\\/category\\\/actualidad\\\/#listItem\",\"name\":\"Actualidad\"}},{\"@type\":\"ListItem\",\"@id\":\"https:\\\/\\\/candas365.es\\\/noticias\\\/category\\\/actualidad\\\/#listItem\",\"position\":2,\"name\":\"Actualidad\",\"item\":\"https:\\\/\\\/candas365.es\\\/noticias\\\/category\\\/actualidad\\\/\",\"nextItem\":{\"@type\":\"ListItem\",\"@id\":\"https:\\\/\\\/candas365.es\\\/noticias\\\/pedro-duque-entrega-los-premios-nacionales-de-fin-de-carrera\\\/#listItem\",\"name\":\"Pedro Duque entrega los Premios Nacionales de Fin de Carrera\"},\"previousItem\":{\"@type\":\"ListItem\",\"@id\":\"https:\\\/\\\/candas365.es\\\/noticias#listItem\",\"name\":\"Home\"}},{\"@type\":\"ListItem\",\"@id\":\"https:\\\/\\\/candas365.es\\\/noticias\\\/pedro-duque-entrega-los-premios-nacionales-de-fin-de-carrera\\\/#listItem\",\"position\":3,\"name\":\"Pedro Duque entrega los Premios Nacionales de Fin de Carrera\",\"previousItem\":{\"@type\":\"ListItem\",\"@id\":\"https:\\\/\\\/candas365.es\\\/noticias\\\/category\\\/actualidad\\\/#listItem\",\"name\":\"Actualidad\"}}]},{\"@type\":\"NewsArticle\",\"@id\":\"https:\\\/\\\/candas365.es\\\/noticias\\\/pedro-duque-entrega-los-premios-nacionales-de-fin-de-carrera\\\/#newsarticle\",\"name\":\"Pedro Duque entrega los Premios Nacionales de Fin de Carrera | Cand\\u00e1s 365\",\"headline\":\"Pedro Duque entrega los Premios Nacionales de Fin de Carrera\",\"author\":{\"@id\":\"https:\\\/\\\/candas365.es\\\/noticias\\\/author\\\/admin\\\/#author\"},\"publisher\":{\"@id\":\"https:\\\/\\\/candas365.es\\\/noticias\\\/#organization\"},\"image\":{\"@type\":\"ImageObject\",\"url\":\"https:\\\/\\\/candas365.es\\\/noticias\\\/wp-content\\\/uploads\\\/2018\\\/11\\\/191118-Duque.jpg\",\"width\":512,\"height\":340},\"datePublished\":\"2018-11-20T17:22:51+01:00\",\"dateModified\":\"2018-11-20T17:22:51+01:00\",\"inLanguage\":\"es-ES\",\"mainEntityOfPage\":{\"@id\":\"https:\\\/\\\/candas365.es\\\/noticias\\\/pedro-duque-entrega-los-premios-nacionales-de-fin-de-carrera\\\/#webpage\"},\"isPartOf\":{\"@id\":\"https:\\\/\\\/candas365.es\\\/noticias\\\/pedro-duque-entrega-los-premios-nacionales-de-fin-de-carrera\\\/#webpage\"},\"articleSection\":\"Actualidad\",\"dateline\":\"Publicado el noviembre 20, 2018.\"},{\"@type\":\"Organization\",\"@id\":\"https:\\\/\\\/candas365.es\\\/noticias\\\/#organization\",\"name\":\"Cand\\u00e1s 365\",\"description\":\"Cand\\u00e1s 365 es un diario digital independiente, fundado en 2012, con base en Asturias. Informamos con rigor sobre actualidad, sociedad, cultura y ocio, con una mirada local y global.\",\"url\":\"https:\\\/\\\/candas365.es\\\/noticias\\\/\",\"email\":\"info@candas365.es\",\"telephone\":\"+34652131393\",\"foundingDate\":\"2012-06-10\",\"logo\":{\"@type\":\"ImageObject\",\"url\":\"https:\\\/\\\/candas365.es\\\/noticias\\\/wp-content\\\/uploads\\\/2024\\\/09\\\/Candas-365-Redes.jpg\",\"@id\":\"https:\\\/\\\/candas365.es\\\/noticias\\\/pedro-duque-entrega-los-premios-nacionales-de-fin-de-carrera\\\/#organizationLogo\",\"width\":1152,\"height\":864,\"caption\":\"Cand\\u00e1s 365 Redes\"},\"image\":{\"@id\":\"https:\\\/\\\/candas365.es\\\/noticias\\\/pedro-duque-entrega-los-premios-nacionales-de-fin-de-carrera\\\/#organizationLogo\"},\"sameAs\":[\"https:\\\/\\\/www.facebook.com\\\/Nachofdezber\",\"https:\\\/\\\/x.com\\\/NabercoDigital\",\"https:\\\/\\\/www.instagram.com\\\/nachofdezber\\\/\",\"https:\\\/\\\/www.youtube.com\\\/channel\\\/UCZP-2wLEB9Rv6erhFmqVnvg\"],\"address\":{\"@id\":\"https:\\\/\\\/candas365.es\\\/noticias\\\/#postaladdress\",\"@type\":\"PostalAddress\",\"streetAddress\":\"san antonio 4, san antonio 4\",\"postalCode\":\"33430\",\"addressLocality\":\"Cand\\u00e1s\",\"addressRegion\":\"Asturias\",\"addressCountry\":\"ES\"}},{\"@type\":\"Person\",\"@id\":\"https:\\\/\\\/candas365.es\\\/noticias\\\/author\\\/admin\\\/#author\",\"url\":\"https:\\\/\\\/candas365.es\\\/noticias\\\/author\\\/admin\\\/\",\"name\":\"Cand\\u00e1s 365\",\"image\":{\"@type\":\"ImageObject\",\"@id\":\"https:\\\/\\\/candas365.es\\\/noticias\\\/pedro-duque-entrega-los-premios-nacionales-de-fin-de-carrera\\\/#authorImage\",\"url\":\"https:\\\/\\\/secure.gravatar.com\\\/avatar\\\/496a8e03d0c493ede1718b7934145dbdf8d89be1036b0eec9544e1094c9de390?s=96&d=mm&r=g\",\"width\":96,\"height\":96,\"caption\":\"Cand\\u00e1s 365\"},\"sameAs\":[\"https:\\\/\\\/www.facebook.com\\\/carrenoactualidad\",\"https:\\\/\\\/twitter.com\\\/nbasturias\",\"https:\\\/\\\/www.instagram.com\\\/nachofdezber\\\/\",\"https:\\\/\\\/www.youtube.com\\\/channel\\\/UCZP-2wLEB9Rv6erhFmqVnvg\"]},{\"@type\":\"WebPage\",\"@id\":\"https:\\\/\\\/candas365.es\\\/noticias\\\/pedro-duque-entrega-los-premios-nacionales-de-fin-de-carrera\\\/#webpage\",\"url\":\"https:\\\/\\\/candas365.es\\\/noticias\\\/pedro-duque-entrega-los-premios-nacionales-de-fin-de-carrera\\\/\",\"name\":\"Pedro Duque entrega los Premios Nacionales de Fin de Carrera | Cand\\u00e1s 365\",\"description\":\"El ministro de Ciencia, Innovaci\\u00f3n y Universidades, Pedro Duque, ha presidido en el Auditorio Nacional de M\\u00fasica el acto de entrega de los Premios Nacionales Fin de Carrera de Educaci\\u00f3n Universitaria del curso 2013-2014. El ministro ha entregado los galardones a estudiantes procedentes de 44 universidades. Estos premios distinguen a los universitarios que han cursado\",\"inLanguage\":\"es-ES\",\"isPartOf\":{\"@id\":\"https:\\\/\\\/candas365.es\\\/noticias\\\/#website\"},\"breadcrumb\":{\"@id\":\"https:\\\/\\\/candas365.es\\\/noticias\\\/pedro-duque-entrega-los-premios-nacionales-de-fin-de-carrera\\\/#breadcrumblist\"},\"author\":{\"@id\":\"https:\\\/\\\/candas365.es\\\/noticias\\\/author\\\/admin\\\/#author\"},\"creator\":{\"@id\":\"https:\\\/\\\/candas365.es\\\/noticias\\\/author\\\/admin\\\/#author\"},\"image\":{\"@type\":\"ImageObject\",\"url\":\"https:\\\/\\\/candas365.es\\\/noticias\\\/wp-content\\\/uploads\\\/2018\\\/11\\\/191118-Duque.jpg\",\"@id\":\"https:\\\/\\\/candas365.es\\\/noticias\\\/pedro-duque-entrega-los-premios-nacionales-de-fin-de-carrera\\\/#mainImage\",\"width\":512,\"height\":340},\"primaryImageOfPage\":{\"@id\":\"https:\\\/\\\/candas365.es\\\/noticias\\\/pedro-duque-entrega-los-premios-nacionales-de-fin-de-carrera\\\/#mainImage\"},\"datePublished\":\"2018-11-20T17:22:51+01:00\",\"dateModified\":\"2018-11-20T17:22:51+01:00\"},{\"@type\":\"WebSite\",\"@id\":\"https:\\\/\\\/candas365.es\\\/noticias\\\/#website\",\"url\":\"https:\\\/\\\/candas365.es\\\/noticias\\\/\",\"name\":\"Cand\\u00e1s 365\",\"alternateName\":\"Cand\\u00e1s 365 Noticias\",\"description\":\"Actualidad desde Carre\\u00f1o para el mundo\",\"inLanguage\":\"es-ES\",\"publisher\":{\"@id\":\"https:\\\/\\\/candas365.es\\\/noticias\\\/#organization\"}}]}\n\t\t<\/script>\n\t\t<!-- All in One SEO Pro -->\r\n\t\t<title>Pedro Duque entrega los Premios Nacionales de Fin de Carrera | Cand\u00e1s 365<\/title>\n\n","aioseo_head_json":{"title":"Pedro Duque entrega los Premios Nacionales de Fin de Carrera | Cand\u00e1s 365","description":"El ministro de Ciencia, Innovaci\u00f3n y Universidades, Pedro Duque, ha presidido en el Auditorio Nacional de M\u00fasica el acto de entrega de los Premios Nacionales Fin de Carrera de Educaci\u00f3n Universitaria del curso 2013-2014. El ministro ha entregado los galardones a estudiantes procedentes de 44 universidades. Estos premios distinguen a los universitarios que han cursado","canonical_url":"https:\/\/candas365.es\/noticias\/pedro-duque-entrega-los-premios-nacionales-de-fin-de-carrera\/","robots":"max-image-preview:large","keywords":"actualidad","webmasterTools":{"google-site-verification":"UA-32230408-1","msvalidate.01":"354F3CDFB2DA171B47FBE9ABF1F88D5","miscellaneous":""},"schema":{"@context":"https:\/\/schema.org","@graph":[{"@type":"BreadcrumbList","@id":"https:\/\/candas365.es\/noticias\/pedro-duque-entrega-los-premios-nacionales-de-fin-de-carrera\/#breadcrumblist","itemListElement":[{"@type":"ListItem","@id":"https:\/\/candas365.es\/noticias#listItem","position":1,"name":"Home","item":"https:\/\/candas365.es\/noticias","nextItem":{"@type":"ListItem","@id":"https:\/\/candas365.es\/noticias\/category\/actualidad\/#listItem","name":"Actualidad"}},{"@type":"ListItem","@id":"https:\/\/candas365.es\/noticias\/category\/actualidad\/#listItem","position":2,"name":"Actualidad","item":"https:\/\/candas365.es\/noticias\/category\/actualidad\/","nextItem":{"@type":"ListItem","@id":"https:\/\/candas365.es\/noticias\/pedro-duque-entrega-los-premios-nacionales-de-fin-de-carrera\/#listItem","name":"Pedro Duque entrega los Premios Nacionales de Fin de Carrera"},"previousItem":{"@type":"ListItem","@id":"https:\/\/candas365.es\/noticias#listItem","name":"Home"}},{"@type":"ListItem","@id":"https:\/\/candas365.es\/noticias\/pedro-duque-entrega-los-premios-nacionales-de-fin-de-carrera\/#listItem","position":3,"name":"Pedro Duque entrega los Premios Nacionales de Fin de Carrera","previousItem":{"@type":"ListItem","@id":"https:\/\/candas365.es\/noticias\/category\/actualidad\/#listItem","name":"Actualidad"}}]},{"@type":"NewsArticle","@id":"https:\/\/candas365.es\/noticias\/pedro-duque-entrega-los-premios-nacionales-de-fin-de-carrera\/#newsarticle","name":"Pedro Duque entrega los Premios Nacionales de Fin de Carrera | Cand\u00e1s 365","headline":"Pedro Duque entrega los Premios Nacionales de Fin de Carrera","author":{"@id":"https:\/\/candas365.es\/noticias\/author\/admin\/#author"},"publisher":{"@id":"https:\/\/candas365.es\/noticias\/#organization"},"image":{"@type":"ImageObject","url":"https:\/\/candas365.es\/noticias\/wp-content\/uploads\/2018\/11\/191118-Duque.jpg","width":512,"height":340},"datePublished":"2018-11-20T17:22:51+01:00","dateModified":"2018-11-20T17:22:51+01:00","inLanguage":"es-ES","mainEntityOfPage":{"@id":"https:\/\/candas365.es\/noticias\/pedro-duque-entrega-los-premios-nacionales-de-fin-de-carrera\/#webpage"},"isPartOf":{"@id":"https:\/\/candas365.es\/noticias\/pedro-duque-entrega-los-premios-nacionales-de-fin-de-carrera\/#webpage"},"articleSection":"Actualidad","dateline":"Publicado el noviembre 20, 2018."},{"@type":"Organization","@id":"https:\/\/candas365.es\/noticias\/#organization","name":"Cand\u00e1s 365","description":"Cand\u00e1s 365 es un diario digital independiente, fundado en 2012, con base en Asturias. Informamos con rigor sobre actualidad, sociedad, cultura y ocio, con una mirada local y global.","url":"https:\/\/candas365.es\/noticias\/","email":"info@candas365.es","telephone":"+34652131393","foundingDate":"2012-06-10","logo":{"@type":"ImageObject","url":"https:\/\/candas365.es\/noticias\/wp-content\/uploads\/2024\/09\/Candas-365-Redes.jpg","@id":"https:\/\/candas365.es\/noticias\/pedro-duque-entrega-los-premios-nacionales-de-fin-de-carrera\/#organizationLogo","width":1152,"height":864,"caption":"Cand\u00e1s 365 Redes"},"image":{"@id":"https:\/\/candas365.es\/noticias\/pedro-duque-entrega-los-premios-nacionales-de-fin-de-carrera\/#organizationLogo"},"sameAs":["https:\/\/www.facebook.com\/Nachofdezber","https:\/\/x.com\/NabercoDigital","https:\/\/www.instagram.com\/nachofdezber\/","https:\/\/www.youtube.com\/channel\/UCZP-2wLEB9Rv6erhFmqVnvg"],"address":{"@id":"https:\/\/candas365.es\/noticias\/#postaladdress","@type":"PostalAddress","streetAddress":"san antonio 4, san antonio 4","postalCode":"33430","addressLocality":"Cand\u00e1s","addressRegion":"Asturias","addressCountry":"ES"}},{"@type":"Person","@id":"https:\/\/candas365.es\/noticias\/author\/admin\/#author","url":"https:\/\/candas365.es\/noticias\/author\/admin\/","name":"Cand\u00e1s 365","image":{"@type":"ImageObject","@id":"https:\/\/candas365.es\/noticias\/pedro-duque-entrega-los-premios-nacionales-de-fin-de-carrera\/#authorImage","url":"https:\/\/secure.gravatar.com\/avatar\/496a8e03d0c493ede1718b7934145dbdf8d89be1036b0eec9544e1094c9de390?s=96&d=mm&r=g","width":96,"height":96,"caption":"Cand\u00e1s 365"},"sameAs":["https:\/\/www.facebook.com\/carrenoactualidad","https:\/\/twitter.com\/nbasturias","https:\/\/www.instagram.com\/nachofdezber\/","https:\/\/www.youtube.com\/channel\/UCZP-2wLEB9Rv6erhFmqVnvg"]},{"@type":"WebPage","@id":"https:\/\/candas365.es\/noticias\/pedro-duque-entrega-los-premios-nacionales-de-fin-de-carrera\/#webpage","url":"https:\/\/candas365.es\/noticias\/pedro-duque-entrega-los-premios-nacionales-de-fin-de-carrera\/","name":"Pedro Duque entrega los Premios Nacionales de Fin de Carrera | Cand\u00e1s 365","description":"El ministro de Ciencia, Innovaci\u00f3n y Universidades, Pedro Duque, ha presidido en el Auditorio Nacional de M\u00fasica el acto de entrega de los Premios Nacionales Fin de Carrera de Educaci\u00f3n Universitaria del curso 2013-2014. El ministro ha entregado los galardones a estudiantes procedentes de 44 universidades. Estos premios distinguen a los universitarios que han cursado","inLanguage":"es-ES","isPartOf":{"@id":"https:\/\/candas365.es\/noticias\/#website"},"breadcrumb":{"@id":"https:\/\/candas365.es\/noticias\/pedro-duque-entrega-los-premios-nacionales-de-fin-de-carrera\/#breadcrumblist"},"author":{"@id":"https:\/\/candas365.es\/noticias\/author\/admin\/#author"},"creator":{"@id":"https:\/\/candas365.es\/noticias\/author\/admin\/#author"},"image":{"@type":"ImageObject","url":"https:\/\/candas365.es\/noticias\/wp-content\/uploads\/2018\/11\/191118-Duque.jpg","@id":"https:\/\/candas365.es\/noticias\/pedro-duque-entrega-los-premios-nacionales-de-fin-de-carrera\/#mainImage","width":512,"height":340},"primaryImageOfPage":{"@id":"https:\/\/candas365.es\/noticias\/pedro-duque-entrega-los-premios-nacionales-de-fin-de-carrera\/#mainImage"},"datePublished":"2018-11-20T17:22:51+01:00","dateModified":"2018-11-20T17:22:51+01:00"},{"@type":"WebSite","@id":"https:\/\/candas365.es\/noticias\/#website","url":"https:\/\/candas365.es\/noticias\/","name":"Cand\u00e1s 365","alternateName":"Cand\u00e1s 365 Noticias","description":"Actualidad desde Carre\u00f1o para el mundo","inLanguage":"es-ES","publisher":{"@id":"https:\/\/candas365.es\/noticias\/#organization"}}]},"og:locale":"es_ES","og:site_name":"Cand\u00e1s 365","og:type":"article","og:title":"Pedro Duque entrega los Premios Nacionales de Fin de Carrera | Cand\u00e1s 365","og:description":"El ministro de Ciencia, Innovaci\u00f3n y Universidades, Pedro Duque, ha presidido en el Auditorio Nacional de M\u00fasica el acto de entrega de los Premios Nacionales Fin de Carrera de Educaci\u00f3n Universitaria del curso 2013-2014. El ministro ha entregado los galardones a estudiantes procedentes de 44 universidades. Estos premios distinguen a los universitarios que han cursado","og:url":"https:\/\/candas365.es\/noticias\/pedro-duque-entrega-los-premios-nacionales-de-fin-de-carrera\/","og:image":"https:\/\/candas365.es\/noticias\/wp-content\/uploads\/2018\/11\/191118-Duque.jpg","og:image:secure_url":"https:\/\/candas365.es\/noticias\/wp-content\/uploads\/2018\/11\/191118-Duque.jpg","og:image:width":512,"og:image:height":340,"article:published_time":"2018-11-20T17:22:51+00:00","article:modified_time":"2018-11-20T17:22:51+00:00","article:publisher":"https:\/\/www.facebook.com\/Nachofdezber","article:author":"https:\/\/www.facebook.com\/carrenoactualidad","twitter:card":"summary_large_image","twitter:site":"@NabercoDigital","twitter:title":"Pedro Duque entrega los Premios Nacionales de Fin de Carrera | Cand\u00e1s 365","twitter:description":"El ministro de Ciencia, Innovaci\u00f3n y Universidades, Pedro Duque, ha presidido en el Auditorio Nacional de M\u00fasica el acto de entrega de los Premios Nacionales Fin de Carrera de Educaci\u00f3n Universitaria del curso 2013-2014. El ministro ha entregado los galardones a estudiantes procedentes de 44 universidades. Estos premios distinguen a los universitarios que han cursado","twitter:creator":"@nbasturias","twitter:image":"https:\/\/candas365.es\/noticias\/wp-content\/uploads\/2018\/11\/191118-Duque.jpg","twitter:label1":"Escrito por","twitter:data1":"Cand\u00e1s 365","twitter:label2":"Tiempo de lectura estimado","twitter:data2":"2 minutos"},"aioseo_meta_data":{"post_id":"110244","title":null,"description":null,"keywords":null,"keyphrases":null,"primary_term":null,"canonical_url":null,"og_title":null,"og_description":null,"og_object_type":"default","og_image_type":"default","og_image_url":null,"og_image_width":null,"og_image_height":null,"og_image_custom_url":null,"og_image_custom_fields":null,"og_video":null,"og_custom_url":null,"og_article_section":null,"og_article_tags":null,"twitter_use_og":false,"twitter_card":"default","twitter_image_type":"default","twitter_image_url":null,"twitter_image_custom_url":null,"twitter_image_custom_fields":null,"twitter_title":null,"twitter_description":null,"schema":{"blockGraphs":[],"customGraphs":[],"default":{"data":{"Article":[],"Course":[],"Dataset":[],"FAQPage":[],"Movie":[],"Person":[],"Product":[],"ProductReview":[],"Car":[],"Recipe":[],"Service":[],"SoftwareApplication":[],"WebPage":[]},"graphName":"","isEnabled":true},"graphs":[],"defaultGraph":"","defaultPostTypeGraph":""},"schema_type":null,"schema_type_options":null,"pillar_content":false,"robots_default":true,"robots_noindex":false,"robots_noarchive":false,"robots_nosnippet":false,"robots_nofollow":false,"robots_noimageindex":false,"robots_noodp":false,"robots_notranslate":false,"robots_max_snippet":null,"robots_max_videopreview":null,"robots_max_imagepreview":"large","priority":null,"frequency":null,"location":null,"local_seo":null,"seo_analyzer_scan_date":"2025-08-28 12:04:16","breadcrumb_settings":null,"limit_modified_date":false,"reviewed_by":null,"open_ai":null,"ai":null,"created":"2020-12-21 11:38:47","updated":"2025-08-28 12:04:16"},"aioseo_breadcrumb":"<div class=\"aioseo-breadcrumbs\"><span class=\"aioseo-breadcrumb\">\n\t<a href=\"https:\/\/candas365.es\/noticias\" title=\"Home\">Home<\/a>\n<\/span><span class=\"aioseo-breadcrumb-separator\">&ndash;<\/span><span class=\"aioseo-breadcrumb\">\n\t<a href=\"https:\/\/candas365.es\/noticias\/category\/actualidad\/\" title=\"Actualidad\">Actualidad<\/a>\n<\/span><span class=\"aioseo-breadcrumb-separator\">&ndash;<\/span><span class=\"aioseo-breadcrumb\">\n\tPedro Duque entrega los Premios Nacionales de Fin de Carrera\n<\/span><\/div>","aioseo_breadcrumb_json":[{"label":"Home","link":"https:\/\/candas365.es\/noticias"},{"label":"Actualidad","link":"https:\/\/candas365.es\/noticias\/category\/actualidad\/"},{"label":"Pedro Duque entrega los Premios Nacionales de Fin de Carrera","link":"https:\/\/candas365.es\/noticias\/pedro-duque-entrega-los-premios-nacionales-de-fin-de-carrera\/"}],"_links":{"self":[{"href":"https:\/\/candas365.es\/noticias\/wp-json\/wp\/v2\/posts\/110244","targetHints":{"allow":["GET"]}}],"collection":[{"href":"https:\/\/candas365.es\/noticias\/wp-json\/wp\/v2\/posts"}],"about":[{"href":"https:\/\/candas365.es\/noticias\/wp-json\/wp\/v2\/types\/post"}],"author":[{"embeddable":true,"href":"https:\/\/candas365.es\/noticias\/wp-json\/wp\/v2\/users\/1"}],"replies":[{"embeddable":true,"href":"https:\/\/candas365.es\/noticias\/wp-json\/wp\/v2\/comments?post=110244"}],"version-history":[{"count":0,"href":"https:\/\/candas365.es\/noticias\/wp-json\/wp\/v2\/posts\/110244\/revisions"}],"wp:featuredmedia":[{"embeddable":true,"href":"https:\/\/candas365.es\/noticias\/wp-json\/wp\/v2\/media\/110245"}],"wp:attachment":[{"href":"https:\/\/candas365.es\/noticias\/wp-json\/wp\/v2\/media?parent=110244"}],"wp:term":[{"taxonomy":"category","embeddable":true,"href":"https:\/\/candas365.es\/noticias\/wp-json\/wp\/v2\/categories?post=110244"},{"taxonomy":"post_tag","embeddable":true,"href":"https:\/\/candas365.es\/noticias\/wp-json\/wp\/v2\/tags?post=110244"}],"curies":[{"name":"wp","href":"https:\/\/api.w.org\/{rel}","templated":true}]}}