{"id":110238,"date":"2018-11-20T15:45:10","date_gmt":"2018-11-20T15:45:10","guid":{"rendered":"http:\/\/candas365.es\/noticias\/?p=110238"},"modified":"2018-11-20T15:45:10","modified_gmt":"2018-11-20T15:45:10","slug":"aprobadas-las-cuotas-y-especies-que-se-podran-pescar-en-aguas-profundas-durante-2019-y-2020","status":"publish","type":"post","link":"https:\/\/candas365.es\/noticias\/aprobadas-las-cuotas-y-especies-que-se-podran-pescar-en-aguas-profundas-durante-2019-y-2020\/","title":{"rendered":"Aprobadas las cuotas y especies que se podr\u00e1n pescar en aguas profundas durante 2019 y 2020"},"content":{"rendered":"<p><img fetchpriority=\"high\" decoding=\"async\" class=\"alignleft size-medium wp-image-110239\" src=\"https:\/\/candas365.es\/noticias\/wp-content\/uploads\/2018\/11\/070918vizconde2-360x239.jpg\" alt=\"\" width=\"360\" height=\"239\" srcset=\"https:\/\/candas365.es\/noticias\/wp-content\/uploads\/2018\/11\/070918vizconde2-360x239.jpg 360w, https:\/\/candas365.es\/noticias\/wp-content\/uploads\/2018\/11\/070918vizconde2.jpg 512w\" sizes=\"(max-width: 360px) 100vw, 360px\" \/>Los ministros de Agricultura y Pesca de la Uni\u00f3n Europea (UE) han aprobado los Totales Admisibles de Capturas (TAC) y las cuotas para especies de aguas profundas en los pr\u00f3ximos 2019 y 2020.<\/p>\n<p>El ministro de Agricultura, Pesca y Alimentaci\u00f3n, Luis Planas, ha valorado el importante trabajo realizado durante las \u00faltimas semanas y los significativos avances de cara al Consejo de hoy, donde Espa\u00f1a siempre ha trasladado su compromiso con la conservaci\u00f3n de estas especies, calificadas de muy vulnerables por sus caracter\u00edsticas biol\u00f3gicas, mediante la adopci\u00f3n de medidas adicionales de gesti\u00f3n. Asimismo, ha resaltado su enorme importancia socio-econ\u00f3mica.<\/p>\n<p>Entre las especies y poblaciones m\u00e1s significativas para Espa\u00f1a, la UE ha acordado una reducci\u00f3n del TAC para el besugo del Golfo de Vizcaya y mar Cant\u00e1brico del 10% para 2019 respecto al de 2018, y un 10% adicional para el 2020, donde s\u00f3lo se podr\u00e1n realizar capturas accesorias. Este resultado supone una gran mejora de la propuesta inicial de la Comisi\u00f3n Europea (CE), que planteaba una rebaja del 40% sobre el TAC actual, y permitir\u00e1 el mantenimiento de la actividad de la flota espa\u00f1ola que inevitablemente interacciona con esta especie. A cambio Espa\u00f1a se compromete a adoptar medidas adicionales de gesti\u00f3n, como el establecimiento de zonas vedadas para la protecci\u00f3n de los juveniles.<\/p>\n<p>Respecto a los alfonsinos, la otra prioridad identificada por Espa\u00f1a, la UE ha suavizado los recortes propuestos por Bruselas y ha pactado una reducci\u00f3n del TAC del 10%, respecto a 2018, de nuevo exclusivamente para capturas accesorias. Como en el caso anterior del besugo, se trata indudablemente de una especie que puede llevar a situaciones de estrangulamiento para la flota espa\u00f1ola. El estrangulamiento se produce cuando un barco dedicado a una especie principal debe dejar su actividad porque ha agotado el cupo de pesquer\u00edas para las que dispon\u00eda de una cuota baja. La CE propon\u00eda inicialmente un recorte del 20 % en el alfonsino.<\/p>\n<p>Para el resto de especies de inter\u00e9s espa\u00f1ol no ha habido variaciones significativas respecto a la propuesta inicial de la CE, basadas en las recomendaciones cient\u00edficas disponibles, destacando la eliminaci\u00f3n del sistema de TAC de br\u00f3tola, como hab\u00eda solicitado Espa\u00f1a.<\/p>\n<p>Adem\u00e1s, Espa\u00f1a ha logrado la consideraci\u00f3n de los tiburones de profundidad como especies prohibidas y no de TAC cero, lo que permitir\u00e1 seguir descartando las anecd\u00f3ticas capturas accesorias que se puedan producir. Finalmente, Espa\u00f1a ha solicitado que se contin\u00faen los avances para adoptar medidas conjuntas de gesti\u00f3n con Marruecos en el caso del besugo (voraz) del Golfo de C\u00e1diz.<\/p>\n<p>Para el resto de especies de inter\u00e9s para Espa\u00f1a no ha habido variaciones significativas respecto a la propuesta inicial de la CE, basadas en las recomendaciones cient\u00edficas disponibles, destacando la eliminaci\u00f3n del sistema de TAC de br\u00f3tola (bertorella) como hab\u00eda solicitado Espa\u00f1a. Igualmente cabe se\u00f1alar, como tambi\u00e9n hab\u00eda demandado Espa\u00f1a, la consideraci\u00f3n de los tiburones de profundidad como especies prohibidas y no de TAC cero, lo que permitir\u00e1 seguir descartando las anecd\u00f3ticas capturas accesorias que se puedan producir. Finalmente, Espa\u00f1a ha solicitado que se contin\u00faen los avances para adoptar medidas conjuntas de gesti\u00f3n con Marruecos en el caso del besugo (voraz) del Golfo de C\u00e1diz.<\/p>\n<p><strong>Utilizaci\u00f3n del Fondo Europeo Mar\u00edtimo y de Pesca (FEMP)<\/strong><\/p>\n<p>Dentro de un debate en el Consejo sobre el FEMP, Planas ha solicitado una reprogramaci\u00f3n del programa operativo espa\u00f1ol, ante la dificultad para la ejecuci\u00f3n de este fondo.<\/p>\n<p>Asimismo, Planas ha llamado a una reflexi\u00f3n general, de cara al futuro, para buscar soluciones ante un problema que no es nacional, sino que afecta a muchos Estados miembros.<\/p>\n","protected":false},"excerpt":{"rendered":"<p>Los ministros de Agricultura y Pesca de la Uni\u00f3n Europea (UE) han aprobado los Totales Admisibles de Capturas (TAC) y las cuotas para especies de aguas profundas en los pr\u00f3ximos 2019 y 2020. El ministro de Agricultura, Pesca y Alimentaci\u00f3n, Luis Planas, ha valorado el importante trabajo realizado durante las \u00faltimas semanas y los significativos<\/p>\n","protected":false},"author":1,"featured_media":110239,"comment_status":"closed","ping_status":"closed","sticky":false,"template":"","format":"standard","meta":{"footnotes":""},"categories":[343],"tags":[],"class_list":{"0":"post-110238","1":"post","2":"type-post","3":"status-publish","4":"format-standard","5":"has-post-thumbnail","7":"category-actualidad"},"aioseo_notices":[],"aioseo_head":"\n\t\t<!-- All in One SEO Pro 4.9.6.2 - aioseo.com -->\n\t<meta name=\"description\" content=\"Los ministros de Agricultura y Pesca de la Uni\u00f3n Europea (UE) han aprobado los Totales Admisibles de Capturas (TAC) y las cuotas para especies de aguas profundas en los pr\u00f3ximos 2019 y 2020. El ministro de Agricultura, Pesca y Alimentaci\u00f3n, Luis Planas, ha valorado el importante trabajo realizado durante las \u00faltimas semanas y los significativos\" \/>\n\t<meta name=\"robots\" content=\"max-image-preview:large\" \/>\n\t<meta name=\"author\" content=\"Cand\u00e1s 365\"\/>\n\t<meta name=\"google-site-verification\" content=\"UA-32230408-1\" \/>\n\t<meta name=\"msvalidate.01\" content=\"354F3CDFB2DA171B47FBE9ABF1F88D5\" \/>\n\t<meta name=\"keywords\" content=\"actualidad\" \/>\n\t<link rel=\"canonical\" href=\"https:\/\/candas365.es\/noticias\/aprobadas-las-cuotas-y-especies-que-se-podran-pescar-en-aguas-profundas-durante-2019-y-2020\/\" \/>\n\t<meta name=\"generator\" content=\"All in One SEO Pro (AIOSEO) 4.9.6.2\" \/>\n\t\t<meta property=\"og:locale\" content=\"es_ES\" \/>\n\t\t<meta property=\"og:site_name\" content=\"Cand\u00e1s 365\" \/>\n\t\t<meta property=\"og:type\" content=\"article\" \/>\n\t\t<meta property=\"og:title\" content=\"Aprobadas las cuotas y especies que se podr\u00e1n pescar en aguas profundas durante 2019 y 2020 | Cand\u00e1s 365\" \/>\n\t\t<meta property=\"og:description\" content=\"Los ministros de Agricultura y Pesca de la Uni\u00f3n Europea (UE) han aprobado los Totales Admisibles de Capturas (TAC) y las cuotas para especies de aguas profundas en los pr\u00f3ximos 2019 y 2020. El ministro de Agricultura, Pesca y Alimentaci\u00f3n, Luis Planas, ha valorado el importante trabajo realizado durante las \u00faltimas semanas y los significativos\" \/>\n\t\t<meta property=\"og:url\" content=\"https:\/\/candas365.es\/noticias\/aprobadas-las-cuotas-y-especies-que-se-podran-pescar-en-aguas-profundas-durante-2019-y-2020\/\" \/>\n\t\t<meta property=\"og:image\" content=\"https:\/\/candas365.es\/noticias\/wp-content\/uploads\/2018\/11\/070918vizconde2.jpg\" \/>\n\t\t<meta property=\"og:image:secure_url\" content=\"https:\/\/candas365.es\/noticias\/wp-content\/uploads\/2018\/11\/070918vizconde2.jpg\" \/>\n\t\t<meta property=\"og:image:width\" content=\"512\" \/>\n\t\t<meta property=\"og:image:height\" content=\"340\" \/>\n\t\t<meta property=\"article:published_time\" content=\"2018-11-20T15:45:10+00:00\" \/>\n\t\t<meta property=\"article:modified_time\" content=\"2018-11-20T15:45:10+00:00\" \/>\n\t\t<meta property=\"article:publisher\" content=\"https:\/\/www.facebook.com\/Nachofdezber\" \/>\n\t\t<meta property=\"article:author\" content=\"https:\/\/www.facebook.com\/carrenoactualidad\" \/>\n\t\t<meta name=\"twitter:card\" content=\"summary_large_image\" \/>\n\t\t<meta name=\"twitter:site\" content=\"@NabercoDigital\" \/>\n\t\t<meta name=\"twitter:title\" content=\"Aprobadas las cuotas y especies que se podr\u00e1n pescar en aguas profundas durante 2019 y 2020 | Cand\u00e1s 365\" \/>\n\t\t<meta name=\"twitter:description\" content=\"Los ministros de Agricultura y Pesca de la Uni\u00f3n Europea (UE) han aprobado los Totales Admisibles de Capturas (TAC) y las cuotas para especies de aguas profundas en los pr\u00f3ximos 2019 y 2020. El ministro de Agricultura, Pesca y Alimentaci\u00f3n, Luis Planas, ha valorado el importante trabajo realizado durante las \u00faltimas semanas y los significativos\" \/>\n\t\t<meta name=\"twitter:creator\" content=\"@nbasturias\" \/>\n\t\t<meta name=\"twitter:image\" content=\"https:\/\/candas365.es\/noticias\/wp-content\/uploads\/2018\/11\/070918vizconde2.jpg\" \/>\n\t\t<meta name=\"twitter:label1\" content=\"Escrito por\" \/>\n\t\t<meta name=\"twitter:data1\" content=\"Cand\u00e1s 365\" \/>\n\t\t<meta name=\"twitter:label2\" content=\"Tiempo de lectura estimado\" \/>\n\t\t<meta name=\"twitter:data2\" content=\"3 minutos\" \/>\n\t\t<script type=\"application\/ld+json\" class=\"aioseo-schema\">\n\t\t\t{\"@context\":\"https:\\\/\\\/schema.org\",\"@graph\":[{\"@type\":\"BreadcrumbList\",\"@id\":\"https:\\\/\\\/candas365.es\\\/noticias\\\/aprobadas-las-cuotas-y-especies-que-se-podran-pescar-en-aguas-profundas-durante-2019-y-2020\\\/#breadcrumblist\",\"itemListElement\":[{\"@type\":\"ListItem\",\"@id\":\"https:\\\/\\\/candas365.es\\\/noticias#listItem\",\"position\":1,\"name\":\"Home\",\"item\":\"https:\\\/\\\/candas365.es\\\/noticias\",\"nextItem\":{\"@type\":\"ListItem\",\"@id\":\"https:\\\/\\\/candas365.es\\\/noticias\\\/category\\\/actualidad\\\/#listItem\",\"name\":\"Actualidad\"}},{\"@type\":\"ListItem\",\"@id\":\"https:\\\/\\\/candas365.es\\\/noticias\\\/category\\\/actualidad\\\/#listItem\",\"position\":2,\"name\":\"Actualidad\",\"item\":\"https:\\\/\\\/candas365.es\\\/noticias\\\/category\\\/actualidad\\\/\",\"nextItem\":{\"@type\":\"ListItem\",\"@id\":\"https:\\\/\\\/candas365.es\\\/noticias\\\/aprobadas-las-cuotas-y-especies-que-se-podran-pescar-en-aguas-profundas-durante-2019-y-2020\\\/#listItem\",\"name\":\"Aprobadas las cuotas y especies que se podr\\u00e1n pescar en aguas profundas durante 2019 y 2020\"},\"previousItem\":{\"@type\":\"ListItem\",\"@id\":\"https:\\\/\\\/candas365.es\\\/noticias#listItem\",\"name\":\"Home\"}},{\"@type\":\"ListItem\",\"@id\":\"https:\\\/\\\/candas365.es\\\/noticias\\\/aprobadas-las-cuotas-y-especies-que-se-podran-pescar-en-aguas-profundas-durante-2019-y-2020\\\/#listItem\",\"position\":3,\"name\":\"Aprobadas las cuotas y especies que se podr\\u00e1n pescar en aguas profundas durante 2019 y 2020\",\"previousItem\":{\"@type\":\"ListItem\",\"@id\":\"https:\\\/\\\/candas365.es\\\/noticias\\\/category\\\/actualidad\\\/#listItem\",\"name\":\"Actualidad\"}}]},{\"@type\":\"NewsArticle\",\"@id\":\"https:\\\/\\\/candas365.es\\\/noticias\\\/aprobadas-las-cuotas-y-especies-que-se-podran-pescar-en-aguas-profundas-durante-2019-y-2020\\\/#newsarticle\",\"name\":\"Aprobadas las cuotas y especies que se podr\\u00e1n pescar en aguas profundas durante 2019 y 2020 | Cand\\u00e1s 365\",\"headline\":\"Aprobadas las cuotas y especies que se podr\\u00e1n pescar en aguas profundas durante 2019 y 2020\",\"author\":{\"@id\":\"https:\\\/\\\/candas365.es\\\/noticias\\\/author\\\/admin\\\/#author\"},\"publisher\":{\"@id\":\"https:\\\/\\\/candas365.es\\\/noticias\\\/#organization\"},\"image\":{\"@type\":\"ImageObject\",\"url\":\"https:\\\/\\\/candas365.es\\\/noticias\\\/wp-content\\\/uploads\\\/2018\\\/11\\\/070918vizconde2.jpg\",\"width\":512,\"height\":340},\"datePublished\":\"2018-11-20T15:45:10+01:00\",\"dateModified\":\"2018-11-20T15:45:10+01:00\",\"inLanguage\":\"es-ES\",\"mainEntityOfPage\":{\"@id\":\"https:\\\/\\\/candas365.es\\\/noticias\\\/aprobadas-las-cuotas-y-especies-que-se-podran-pescar-en-aguas-profundas-durante-2019-y-2020\\\/#webpage\"},\"isPartOf\":{\"@id\":\"https:\\\/\\\/candas365.es\\\/noticias\\\/aprobadas-las-cuotas-y-especies-que-se-podran-pescar-en-aguas-profundas-durante-2019-y-2020\\\/#webpage\"},\"articleSection\":\"Actualidad\",\"dateline\":\"Publicado el noviembre 20, 2018.\"},{\"@type\":\"Organization\",\"@id\":\"https:\\\/\\\/candas365.es\\\/noticias\\\/#organization\",\"name\":\"Cand\\u00e1s 365\",\"description\":\"Cand\\u00e1s 365 es un diario digital independiente, fundado en 2012, con base en Asturias. Informamos con rigor sobre actualidad, sociedad, cultura y ocio, con una mirada local y global.\",\"url\":\"https:\\\/\\\/candas365.es\\\/noticias\\\/\",\"email\":\"info@candas365.es\",\"telephone\":\"+34652131393\",\"foundingDate\":\"2012-06-10\",\"logo\":{\"@type\":\"ImageObject\",\"url\":\"https:\\\/\\\/candas365.es\\\/noticias\\\/wp-content\\\/uploads\\\/2024\\\/09\\\/Candas-365-Redes.jpg\",\"@id\":\"https:\\\/\\\/candas365.es\\\/noticias\\\/aprobadas-las-cuotas-y-especies-que-se-podran-pescar-en-aguas-profundas-durante-2019-y-2020\\\/#organizationLogo\",\"width\":1152,\"height\":864,\"caption\":\"Cand\\u00e1s 365 Redes\"},\"image\":{\"@id\":\"https:\\\/\\\/candas365.es\\\/noticias\\\/aprobadas-las-cuotas-y-especies-que-se-podran-pescar-en-aguas-profundas-durante-2019-y-2020\\\/#organizationLogo\"},\"sameAs\":[\"https:\\\/\\\/www.facebook.com\\\/Nachofdezber\",\"https:\\\/\\\/x.com\\\/NabercoDigital\",\"https:\\\/\\\/www.instagram.com\\\/nachofdezber\\\/\",\"https:\\\/\\\/www.youtube.com\\\/channel\\\/UCZP-2wLEB9Rv6erhFmqVnvg\"],\"address\":{\"@id\":\"https:\\\/\\\/candas365.es\\\/noticias\\\/#postaladdress\",\"@type\":\"PostalAddress\",\"streetAddress\":\"san antonio 4, san antonio 4\",\"postalCode\":\"33430\",\"addressLocality\":\"Cand\\u00e1s\",\"addressRegion\":\"Asturias\",\"addressCountry\":\"ES\"}},{\"@type\":\"Person\",\"@id\":\"https:\\\/\\\/candas365.es\\\/noticias\\\/author\\\/admin\\\/#author\",\"url\":\"https:\\\/\\\/candas365.es\\\/noticias\\\/author\\\/admin\\\/\",\"name\":\"Cand\\u00e1s 365\",\"image\":{\"@type\":\"ImageObject\",\"@id\":\"https:\\\/\\\/candas365.es\\\/noticias\\\/aprobadas-las-cuotas-y-especies-que-se-podran-pescar-en-aguas-profundas-durante-2019-y-2020\\\/#authorImage\",\"url\":\"https:\\\/\\\/secure.gravatar.com\\\/avatar\\\/496a8e03d0c493ede1718b7934145dbdf8d89be1036b0eec9544e1094c9de390?s=96&d=mm&r=g\",\"width\":96,\"height\":96,\"caption\":\"Cand\\u00e1s 365\"},\"sameAs\":[\"https:\\\/\\\/www.facebook.com\\\/carrenoactualidad\",\"https:\\\/\\\/twitter.com\\\/nbasturias\",\"https:\\\/\\\/www.instagram.com\\\/nachofdezber\\\/\",\"https:\\\/\\\/www.youtube.com\\\/channel\\\/UCZP-2wLEB9Rv6erhFmqVnvg\"]},{\"@type\":\"WebPage\",\"@id\":\"https:\\\/\\\/candas365.es\\\/noticias\\\/aprobadas-las-cuotas-y-especies-que-se-podran-pescar-en-aguas-profundas-durante-2019-y-2020\\\/#webpage\",\"url\":\"https:\\\/\\\/candas365.es\\\/noticias\\\/aprobadas-las-cuotas-y-especies-que-se-podran-pescar-en-aguas-profundas-durante-2019-y-2020\\\/\",\"name\":\"Aprobadas las cuotas y especies que se podr\\u00e1n pescar en aguas profundas durante 2019 y 2020 | Cand\\u00e1s 365\",\"description\":\"Los ministros de Agricultura y Pesca de la Uni\\u00f3n Europea (UE) han aprobado los Totales Admisibles de Capturas (TAC) y las cuotas para especies de aguas profundas en los pr\\u00f3ximos 2019 y 2020. El ministro de Agricultura, Pesca y Alimentaci\\u00f3n, Luis Planas, ha valorado el importante trabajo realizado durante las \\u00faltimas semanas y los significativos\",\"inLanguage\":\"es-ES\",\"isPartOf\":{\"@id\":\"https:\\\/\\\/candas365.es\\\/noticias\\\/#website\"},\"breadcrumb\":{\"@id\":\"https:\\\/\\\/candas365.es\\\/noticias\\\/aprobadas-las-cuotas-y-especies-que-se-podran-pescar-en-aguas-profundas-durante-2019-y-2020\\\/#breadcrumblist\"},\"author\":{\"@id\":\"https:\\\/\\\/candas365.es\\\/noticias\\\/author\\\/admin\\\/#author\"},\"creator\":{\"@id\":\"https:\\\/\\\/candas365.es\\\/noticias\\\/author\\\/admin\\\/#author\"},\"image\":{\"@type\":\"ImageObject\",\"url\":\"https:\\\/\\\/candas365.es\\\/noticias\\\/wp-content\\\/uploads\\\/2018\\\/11\\\/070918vizconde2.jpg\",\"@id\":\"https:\\\/\\\/candas365.es\\\/noticias\\\/aprobadas-las-cuotas-y-especies-que-se-podran-pescar-en-aguas-profundas-durante-2019-y-2020\\\/#mainImage\",\"width\":512,\"height\":340},\"primaryImageOfPage\":{\"@id\":\"https:\\\/\\\/candas365.es\\\/noticias\\\/aprobadas-las-cuotas-y-especies-que-se-podran-pescar-en-aguas-profundas-durante-2019-y-2020\\\/#mainImage\"},\"datePublished\":\"2018-11-20T15:45:10+01:00\",\"dateModified\":\"2018-11-20T15:45:10+01:00\"},{\"@type\":\"WebSite\",\"@id\":\"https:\\\/\\\/candas365.es\\\/noticias\\\/#website\",\"url\":\"https:\\\/\\\/candas365.es\\\/noticias\\\/\",\"name\":\"Cand\\u00e1s 365\",\"alternateName\":\"Cand\\u00e1s 365 Noticias\",\"description\":\"Actualidad desde Carre\\u00f1o para el mundo\",\"inLanguage\":\"es-ES\",\"publisher\":{\"@id\":\"https:\\\/\\\/candas365.es\\\/noticias\\\/#organization\"}}]}\n\t\t<\/script>\n\t\t<!-- All in One SEO Pro -->\r\n\t\t<title>Aprobadas las cuotas y especies que se podr\u00e1n pescar en aguas profundas durante 2019 y 2020 | Cand\u00e1s 365<\/title>\n\n","aioseo_head_json":{"title":"Aprobadas las cuotas y especies que se podr\u00e1n pescar en aguas profundas durante 2019 y 2020 | Cand\u00e1s 365","description":"Los ministros de Agricultura y Pesca de la Uni\u00f3n Europea (UE) han aprobado los Totales Admisibles de Capturas (TAC) y las cuotas para especies de aguas profundas en los pr\u00f3ximos 2019 y 2020. El ministro de Agricultura, Pesca y Alimentaci\u00f3n, Luis Planas, ha valorado el importante trabajo realizado durante las \u00faltimas semanas y los significativos","canonical_url":"https:\/\/candas365.es\/noticias\/aprobadas-las-cuotas-y-especies-que-se-podran-pescar-en-aguas-profundas-durante-2019-y-2020\/","robots":"max-image-preview:large","keywords":"actualidad","webmasterTools":{"google-site-verification":"UA-32230408-1","msvalidate.01":"354F3CDFB2DA171B47FBE9ABF1F88D5","miscellaneous":""},"schema":{"@context":"https:\/\/schema.org","@graph":[{"@type":"BreadcrumbList","@id":"https:\/\/candas365.es\/noticias\/aprobadas-las-cuotas-y-especies-que-se-podran-pescar-en-aguas-profundas-durante-2019-y-2020\/#breadcrumblist","itemListElement":[{"@type":"ListItem","@id":"https:\/\/candas365.es\/noticias#listItem","position":1,"name":"Home","item":"https:\/\/candas365.es\/noticias","nextItem":{"@type":"ListItem","@id":"https:\/\/candas365.es\/noticias\/category\/actualidad\/#listItem","name":"Actualidad"}},{"@type":"ListItem","@id":"https:\/\/candas365.es\/noticias\/category\/actualidad\/#listItem","position":2,"name":"Actualidad","item":"https:\/\/candas365.es\/noticias\/category\/actualidad\/","nextItem":{"@type":"ListItem","@id":"https:\/\/candas365.es\/noticias\/aprobadas-las-cuotas-y-especies-que-se-podran-pescar-en-aguas-profundas-durante-2019-y-2020\/#listItem","name":"Aprobadas las cuotas y especies que se podr\u00e1n pescar en aguas profundas durante 2019 y 2020"},"previousItem":{"@type":"ListItem","@id":"https:\/\/candas365.es\/noticias#listItem","name":"Home"}},{"@type":"ListItem","@id":"https:\/\/candas365.es\/noticias\/aprobadas-las-cuotas-y-especies-que-se-podran-pescar-en-aguas-profundas-durante-2019-y-2020\/#listItem","position":3,"name":"Aprobadas las cuotas y especies que se podr\u00e1n pescar en aguas profundas durante 2019 y 2020","previousItem":{"@type":"ListItem","@id":"https:\/\/candas365.es\/noticias\/category\/actualidad\/#listItem","name":"Actualidad"}}]},{"@type":"NewsArticle","@id":"https:\/\/candas365.es\/noticias\/aprobadas-las-cuotas-y-especies-que-se-podran-pescar-en-aguas-profundas-durante-2019-y-2020\/#newsarticle","name":"Aprobadas las cuotas y especies que se podr\u00e1n pescar en aguas profundas durante 2019 y 2020 | Cand\u00e1s 365","headline":"Aprobadas las cuotas y especies que se podr\u00e1n pescar en aguas profundas durante 2019 y 2020","author":{"@id":"https:\/\/candas365.es\/noticias\/author\/admin\/#author"},"publisher":{"@id":"https:\/\/candas365.es\/noticias\/#organization"},"image":{"@type":"ImageObject","url":"https:\/\/candas365.es\/noticias\/wp-content\/uploads\/2018\/11\/070918vizconde2.jpg","width":512,"height":340},"datePublished":"2018-11-20T15:45:10+01:00","dateModified":"2018-11-20T15:45:10+01:00","inLanguage":"es-ES","mainEntityOfPage":{"@id":"https:\/\/candas365.es\/noticias\/aprobadas-las-cuotas-y-especies-que-se-podran-pescar-en-aguas-profundas-durante-2019-y-2020\/#webpage"},"isPartOf":{"@id":"https:\/\/candas365.es\/noticias\/aprobadas-las-cuotas-y-especies-que-se-podran-pescar-en-aguas-profundas-durante-2019-y-2020\/#webpage"},"articleSection":"Actualidad","dateline":"Publicado el noviembre 20, 2018."},{"@type":"Organization","@id":"https:\/\/candas365.es\/noticias\/#organization","name":"Cand\u00e1s 365","description":"Cand\u00e1s 365 es un diario digital independiente, fundado en 2012, con base en Asturias. Informamos con rigor sobre actualidad, sociedad, cultura y ocio, con una mirada local y global.","url":"https:\/\/candas365.es\/noticias\/","email":"info@candas365.es","telephone":"+34652131393","foundingDate":"2012-06-10","logo":{"@type":"ImageObject","url":"https:\/\/candas365.es\/noticias\/wp-content\/uploads\/2024\/09\/Candas-365-Redes.jpg","@id":"https:\/\/candas365.es\/noticias\/aprobadas-las-cuotas-y-especies-que-se-podran-pescar-en-aguas-profundas-durante-2019-y-2020\/#organizationLogo","width":1152,"height":864,"caption":"Cand\u00e1s 365 Redes"},"image":{"@id":"https:\/\/candas365.es\/noticias\/aprobadas-las-cuotas-y-especies-que-se-podran-pescar-en-aguas-profundas-durante-2019-y-2020\/#organizationLogo"},"sameAs":["https:\/\/www.facebook.com\/Nachofdezber","https:\/\/x.com\/NabercoDigital","https:\/\/www.instagram.com\/nachofdezber\/","https:\/\/www.youtube.com\/channel\/UCZP-2wLEB9Rv6erhFmqVnvg"],"address":{"@id":"https:\/\/candas365.es\/noticias\/#postaladdress","@type":"PostalAddress","streetAddress":"san antonio 4, san antonio 4","postalCode":"33430","addressLocality":"Cand\u00e1s","addressRegion":"Asturias","addressCountry":"ES"}},{"@type":"Person","@id":"https:\/\/candas365.es\/noticias\/author\/admin\/#author","url":"https:\/\/candas365.es\/noticias\/author\/admin\/","name":"Cand\u00e1s 365","image":{"@type":"ImageObject","@id":"https:\/\/candas365.es\/noticias\/aprobadas-las-cuotas-y-especies-que-se-podran-pescar-en-aguas-profundas-durante-2019-y-2020\/#authorImage","url":"https:\/\/secure.gravatar.com\/avatar\/496a8e03d0c493ede1718b7934145dbdf8d89be1036b0eec9544e1094c9de390?s=96&d=mm&r=g","width":96,"height":96,"caption":"Cand\u00e1s 365"},"sameAs":["https:\/\/www.facebook.com\/carrenoactualidad","https:\/\/twitter.com\/nbasturias","https:\/\/www.instagram.com\/nachofdezber\/","https:\/\/www.youtube.com\/channel\/UCZP-2wLEB9Rv6erhFmqVnvg"]},{"@type":"WebPage","@id":"https:\/\/candas365.es\/noticias\/aprobadas-las-cuotas-y-especies-que-se-podran-pescar-en-aguas-profundas-durante-2019-y-2020\/#webpage","url":"https:\/\/candas365.es\/noticias\/aprobadas-las-cuotas-y-especies-que-se-podran-pescar-en-aguas-profundas-durante-2019-y-2020\/","name":"Aprobadas las cuotas y especies que se podr\u00e1n pescar en aguas profundas durante 2019 y 2020 | Cand\u00e1s 365","description":"Los ministros de Agricultura y Pesca de la Uni\u00f3n Europea (UE) han aprobado los Totales Admisibles de Capturas (TAC) y las cuotas para especies de aguas profundas en los pr\u00f3ximos 2019 y 2020. El ministro de Agricultura, Pesca y Alimentaci\u00f3n, Luis Planas, ha valorado el importante trabajo realizado durante las \u00faltimas semanas y los significativos","inLanguage":"es-ES","isPartOf":{"@id":"https:\/\/candas365.es\/noticias\/#website"},"breadcrumb":{"@id":"https:\/\/candas365.es\/noticias\/aprobadas-las-cuotas-y-especies-que-se-podran-pescar-en-aguas-profundas-durante-2019-y-2020\/#breadcrumblist"},"author":{"@id":"https:\/\/candas365.es\/noticias\/author\/admin\/#author"},"creator":{"@id":"https:\/\/candas365.es\/noticias\/author\/admin\/#author"},"image":{"@type":"ImageObject","url":"https:\/\/candas365.es\/noticias\/wp-content\/uploads\/2018\/11\/070918vizconde2.jpg","@id":"https:\/\/candas365.es\/noticias\/aprobadas-las-cuotas-y-especies-que-se-podran-pescar-en-aguas-profundas-durante-2019-y-2020\/#mainImage","width":512,"height":340},"primaryImageOfPage":{"@id":"https:\/\/candas365.es\/noticias\/aprobadas-las-cuotas-y-especies-que-se-podran-pescar-en-aguas-profundas-durante-2019-y-2020\/#mainImage"},"datePublished":"2018-11-20T15:45:10+01:00","dateModified":"2018-11-20T15:45:10+01:00"},{"@type":"WebSite","@id":"https:\/\/candas365.es\/noticias\/#website","url":"https:\/\/candas365.es\/noticias\/","name":"Cand\u00e1s 365","alternateName":"Cand\u00e1s 365 Noticias","description":"Actualidad desde Carre\u00f1o para el mundo","inLanguage":"es-ES","publisher":{"@id":"https:\/\/candas365.es\/noticias\/#organization"}}]},"og:locale":"es_ES","og:site_name":"Cand\u00e1s 365","og:type":"article","og:title":"Aprobadas las cuotas y especies que se podr\u00e1n pescar en aguas profundas durante 2019 y 2020 | Cand\u00e1s 365","og:description":"Los ministros de Agricultura y Pesca de la Uni\u00f3n Europea (UE) han aprobado los Totales Admisibles de Capturas (TAC) y las cuotas para especies de aguas profundas en los pr\u00f3ximos 2019 y 2020. El ministro de Agricultura, Pesca y Alimentaci\u00f3n, Luis Planas, ha valorado el importante trabajo realizado durante las \u00faltimas semanas y los significativos","og:url":"https:\/\/candas365.es\/noticias\/aprobadas-las-cuotas-y-especies-que-se-podran-pescar-en-aguas-profundas-durante-2019-y-2020\/","og:image":"https:\/\/candas365.es\/noticias\/wp-content\/uploads\/2018\/11\/070918vizconde2.jpg","og:image:secure_url":"https:\/\/candas365.es\/noticias\/wp-content\/uploads\/2018\/11\/070918vizconde2.jpg","og:image:width":512,"og:image:height":340,"article:published_time":"2018-11-20T15:45:10+00:00","article:modified_time":"2018-11-20T15:45:10+00:00","article:publisher":"https:\/\/www.facebook.com\/Nachofdezber","article:author":"https:\/\/www.facebook.com\/carrenoactualidad","twitter:card":"summary_large_image","twitter:site":"@NabercoDigital","twitter:title":"Aprobadas las cuotas y especies que se podr\u00e1n pescar en aguas profundas durante 2019 y 2020 | Cand\u00e1s 365","twitter:description":"Los ministros de Agricultura y Pesca de la Uni\u00f3n Europea (UE) han aprobado los Totales Admisibles de Capturas (TAC) y las cuotas para especies de aguas profundas en los pr\u00f3ximos 2019 y 2020. El ministro de Agricultura, Pesca y Alimentaci\u00f3n, Luis Planas, ha valorado el importante trabajo realizado durante las \u00faltimas semanas y los significativos","twitter:creator":"@nbasturias","twitter:image":"https:\/\/candas365.es\/noticias\/wp-content\/uploads\/2018\/11\/070918vizconde2.jpg","twitter:label1":"Escrito por","twitter:data1":"Cand\u00e1s 365","twitter:label2":"Tiempo de lectura estimado","twitter:data2":"3 minutos"},"aioseo_meta_data":{"post_id":"110238","title":null,"description":null,"keywords":null,"keyphrases":null,"primary_term":null,"canonical_url":null,"og_title":null,"og_description":null,"og_object_type":"default","og_image_type":"default","og_image_url":null,"og_image_width":null,"og_image_height":null,"og_image_custom_url":null,"og_image_custom_fields":null,"og_video":null,"og_custom_url":null,"og_article_section":null,"og_article_tags":null,"twitter_use_og":false,"twitter_card":"default","twitter_image_type":"default","twitter_image_url":null,"twitter_image_custom_url":null,"twitter_image_custom_fields":null,"twitter_title":null,"twitter_description":null,"schema":{"blockGraphs":[],"customGraphs":[],"default":{"data":{"Article":[],"Course":[],"Dataset":[],"FAQPage":[],"Movie":[],"Person":[],"Product":[],"ProductReview":[],"Car":[],"Recipe":[],"Service":[],"SoftwareApplication":[],"WebPage":[]},"graphName":"","isEnabled":true},"graphs":[]},"schema_type":null,"schema_type_options":null,"pillar_content":false,"robots_default":true,"robots_noindex":false,"robots_noarchive":false,"robots_nosnippet":false,"robots_nofollow":false,"robots_noimageindex":false,"robots_noodp":false,"robots_notranslate":false,"robots_max_snippet":null,"robots_max_videopreview":null,"robots_max_imagepreview":"large","priority":null,"frequency":null,"location":null,"local_seo":null,"seo_analyzer_scan_date":"2025-08-28 12:04:14","breadcrumb_settings":null,"limit_modified_date":false,"reviewed_by":null,"open_ai":null,"ai":null,"created":"2020-12-21 11:38:47","updated":"2025-08-28 12:04:14"},"aioseo_breadcrumb":"<div class=\"aioseo-breadcrumbs\"><span class=\"aioseo-breadcrumb\">\n\t<a href=\"https:\/\/candas365.es\/noticias\" title=\"Home\">Home<\/a>\n<\/span><span class=\"aioseo-breadcrumb-separator\">&ndash;<\/span><span class=\"aioseo-breadcrumb\">\n\t<a href=\"https:\/\/candas365.es\/noticias\/category\/actualidad\/\" title=\"Actualidad\">Actualidad<\/a>\n<\/span><span class=\"aioseo-breadcrumb-separator\">&ndash;<\/span><span class=\"aioseo-breadcrumb\">\n\tAprobadas las cuotas y especies que se podr\u00e1n pescar en aguas profundas durante 2019 y 2020\n<\/span><\/div>","aioseo_breadcrumb_json":[{"label":"Home","link":"https:\/\/candas365.es\/noticias"},{"label":"Actualidad","link":"https:\/\/candas365.es\/noticias\/category\/actualidad\/"},{"label":"Aprobadas las cuotas y especies que se podr\u00e1n pescar en aguas profundas durante 2019 y 2020","link":"https:\/\/candas365.es\/noticias\/aprobadas-las-cuotas-y-especies-que-se-podran-pescar-en-aguas-profundas-durante-2019-y-2020\/"}],"_links":{"self":[{"href":"https:\/\/candas365.es\/noticias\/wp-json\/wp\/v2\/posts\/110238","targetHints":{"allow":["GET"]}}],"collection":[{"href":"https:\/\/candas365.es\/noticias\/wp-json\/wp\/v2\/posts"}],"about":[{"href":"https:\/\/candas365.es\/noticias\/wp-json\/wp\/v2\/types\/post"}],"author":[{"embeddable":true,"href":"https:\/\/candas365.es\/noticias\/wp-json\/wp\/v2\/users\/1"}],"replies":[{"embeddable":true,"href":"https:\/\/candas365.es\/noticias\/wp-json\/wp\/v2\/comments?post=110238"}],"version-history":[{"count":0,"href":"https:\/\/candas365.es\/noticias\/wp-json\/wp\/v2\/posts\/110238\/revisions"}],"wp:featuredmedia":[{"embeddable":true,"href":"https:\/\/candas365.es\/noticias\/wp-json\/wp\/v2\/media\/110239"}],"wp:attachment":[{"href":"https:\/\/candas365.es\/noticias\/wp-json\/wp\/v2\/media?parent=110238"}],"wp:term":[{"taxonomy":"category","embeddable":true,"href":"https:\/\/candas365.es\/noticias\/wp-json\/wp\/v2\/categories?post=110238"},{"taxonomy":"post_tag","embeddable":true,"href":"https:\/\/candas365.es\/noticias\/wp-json\/wp\/v2\/tags?post=110238"}],"curies":[{"name":"wp","href":"https:\/\/api.w.org\/{rel}","templated":true}]}}