{"id":110228,"date":"2018-11-20T03:34:11","date_gmt":"2018-11-20T03:34:11","guid":{"rendered":"http:\/\/candas365.es\/noticias\/?p=110228"},"modified":"2018-11-20T03:34:11","modified_gmt":"2018-11-20T03:34:11","slug":"la-justicia-francesa-investiga-al-psg-por-presunta-discriminacion","status":"publish","type":"post","link":"https:\/\/candas365.es\/noticias\/la-justicia-francesa-investiga-al-psg-por-presunta-discriminacion\/","title":{"rendered":"La Justicia francesa investiga al PSG por presunta discriminaci\u00f3n"},"content":{"rendered":"<p><img fetchpriority=\"high\" decoding=\"async\" class=\"alignleft size-medium wp-image-94848\" src=\"https:\/\/candas365.es\/noticias\/wp-content\/uploads\/2018\/04\/football-2697825_960_720-360x270.jpg\" alt=\"\" width=\"360\" height=\"270\" srcset=\"https:\/\/candas365.es\/noticias\/wp-content\/uploads\/2018\/04\/football-2697825_960_720-360x270.jpg 360w, https:\/\/candas365.es\/noticias\/wp-content\/uploads\/2018\/04\/football-2697825_960_720-768x576.jpg 768w, https:\/\/candas365.es\/noticias\/wp-content\/uploads\/2018\/04\/football-2697825_960_720-640x480.jpg 640w, https:\/\/candas365.es\/noticias\/wp-content\/uploads\/2018\/04\/football-2697825_960_720-80x60.jpg 80w, https:\/\/candas365.es\/noticias\/wp-content\/uploads\/2018\/04\/football-2697825_960_720-265x198.jpg 265w, https:\/\/candas365.es\/noticias\/wp-content\/uploads\/2018\/04\/football-2697825_960_720-696x522.jpg 696w, https:\/\/candas365.es\/noticias\/wp-content\/uploads\/2018\/04\/football-2697825_960_720-560x420.jpg 560w, https:\/\/candas365.es\/noticias\/wp-content\/uploads\/2018\/04\/football-2697825_960_720.jpg 960w\" sizes=\"(max-width: 360px) 100vw, 360px\" \/>Par\u00eds, 19 nov (dpa) &#8211; La Fiscal\u00eda francesa est\u00e1 investigando al Paris Saint-Germain (PSG) por presuntas pr\u00e1cticas dicriminatorias en el proceso de reclutamiento de futbolistas del club, informaron hoy fuentes judiciales a dpa.<\/p>\n<p>El diario digital franc\u00e9s \u00abMedia Part\u00bb denunci\u00f3 hace once d\u00edas que ojeadores del PSG que trabajan en las afueras de Par\u00eds categorizan a los potenciales reclutamientos del club en base a sus or\u00edgenes \u00e9tnicos.<\/p>\n<p>En los papeles, de acuerdo a la informaci\u00f3n, se clasificaba a los jugadores como \u00abfranceses\u00bb, \u00abmagreb\u00edes\u00bb, \u00abindios\u00bb, \u00abcaribe\u00f1os\u00bb o \u00ab\u00c1frica Negra\u00bb, lo cual est\u00e1 prohibido en Francia.<\/p>\n<p>El PSG abri\u00f3 una investigaci\u00f3n interna y reconoci\u00f3 la existencia de formularios de estas caracter\u00edsticas, aunque asegur\u00f3 que el club no estaba al tanto de estas pr\u00e1cticas de los ojeadores. Adem\u00e1s, se\u00f1al\u00f3 que en los hechos no se produjo ning\u00fan tipo de discriminaci\u00f3n a la hora de seleccionar futbolistas.<\/p>\n<p>Tras la informaci\u00f3n aparecida en los medios, una organizaci\u00f3n de derechos humanos llev\u00f3 el caso a los tribunales franceses, que ahora buscar\u00e1n determinar responsabilidades. El PSG, mientras tanto, anunci\u00f3 que modificar\u00e1 el proceso de reclutamiento de futbolistas y que crear\u00e1 un c\u00f3digo de conducta para sus empleados.<\/p>\n","protected":false},"excerpt":{"rendered":"<p>Par\u00eds, 19 nov (dpa) &#8211; La Fiscal\u00eda francesa est\u00e1 investigando al Paris Saint-Germain (PSG) por presuntas pr\u00e1cticas dicriminatorias en el proceso de reclutamiento de futbolistas del club, informaron hoy fuentes judiciales a dpa. El diario digital franc\u00e9s \u00abMedia Part\u00bb denunci\u00f3 hace once d\u00edas que ojeadores del PSG que trabajan en las afueras de Par\u00eds categorizan<\/p>\n","protected":false},"author":1,"featured_media":94848,"comment_status":"closed","ping_status":"closed","sticky":false,"template":"","format":"standard","meta":{"footnotes":""},"categories":[319],"tags":[],"class_list":{"0":"post-110228","1":"post","2":"type-post","3":"status-publish","4":"format-standard","5":"has-post-thumbnail","7":"category-deporte"},"aioseo_notices":[],"aioseo_head":"\n\t\t<!-- All in One SEO Pro 4.9.6.2 - aioseo.com -->\n\t<meta name=\"description\" content=\"Par\u00eds, 19 nov (dpa) - La Fiscal\u00eda francesa est\u00e1 investigando al Paris Saint-Germain (PSG) por presuntas pr\u00e1cticas dicriminatorias en el proceso de reclutamiento de futbolistas del club, informaron hoy fuentes judiciales a dpa. El diario digital franc\u00e9s &quot;Media Part&quot; denunci\u00f3 hace once d\u00edas que ojeadores del PSG que trabajan en las afueras de Par\u00eds categorizan\" \/>\n\t<meta name=\"robots\" content=\"max-image-preview:large\" \/>\n\t<meta name=\"author\" content=\"Cand\u00e1s 365\"\/>\n\t<meta name=\"google-site-verification\" content=\"UA-32230408-1\" \/>\n\t<meta name=\"msvalidate.01\" content=\"354F3CDFB2DA171B47FBE9ABF1F88D5\" \/>\n\t<meta name=\"keywords\" content=\"deporte\" \/>\n\t<link rel=\"canonical\" href=\"https:\/\/candas365.es\/noticias\/la-justicia-francesa-investiga-al-psg-por-presunta-discriminacion\/\" \/>\n\t<meta name=\"generator\" content=\"All in One SEO Pro (AIOSEO) 4.9.6.2\" \/>\n\t\t<meta property=\"og:locale\" content=\"es_ES\" \/>\n\t\t<meta property=\"og:site_name\" content=\"Cand\u00e1s 365\" \/>\n\t\t<meta property=\"og:type\" content=\"article\" \/>\n\t\t<meta property=\"og:title\" content=\"La Justicia francesa investiga al PSG por presunta discriminaci\u00f3n | Cand\u00e1s 365\" \/>\n\t\t<meta property=\"og:description\" content=\"Par\u00eds, 19 nov (dpa) - La Fiscal\u00eda francesa est\u00e1 investigando al Paris Saint-Germain (PSG) por presuntas pr\u00e1cticas dicriminatorias en el proceso de reclutamiento de futbolistas del club, informaron hoy fuentes judiciales a dpa. El diario digital franc\u00e9s &quot;Media Part&quot; denunci\u00f3 hace once d\u00edas que ojeadores del PSG que trabajan en las afueras de Par\u00eds categorizan\" \/>\n\t\t<meta property=\"og:url\" content=\"https:\/\/candas365.es\/noticias\/la-justicia-francesa-investiga-al-psg-por-presunta-discriminacion\/\" \/>\n\t\t<meta property=\"og:image\" content=\"https:\/\/candas365.es\/noticias\/wp-content\/uploads\/2018\/04\/football-2697825_960_720.jpg\" \/>\n\t\t<meta property=\"og:image:secure_url\" content=\"https:\/\/candas365.es\/noticias\/wp-content\/uploads\/2018\/04\/football-2697825_960_720.jpg\" \/>\n\t\t<meta property=\"og:image:width\" content=\"960\" \/>\n\t\t<meta property=\"og:image:height\" content=\"720\" \/>\n\t\t<meta property=\"article:published_time\" content=\"2018-11-20T03:34:11+00:00\" \/>\n\t\t<meta property=\"article:modified_time\" content=\"2018-11-20T03:34:11+00:00\" \/>\n\t\t<meta property=\"article:publisher\" content=\"https:\/\/www.facebook.com\/Nachofdezber\" \/>\n\t\t<meta property=\"article:author\" content=\"https:\/\/www.facebook.com\/carrenoactualidad\" \/>\n\t\t<meta name=\"twitter:card\" content=\"summary_large_image\" \/>\n\t\t<meta name=\"twitter:site\" content=\"@NabercoDigital\" \/>\n\t\t<meta name=\"twitter:title\" content=\"La Justicia francesa investiga al PSG por presunta discriminaci\u00f3n | Cand\u00e1s 365\" \/>\n\t\t<meta name=\"twitter:description\" content=\"Par\u00eds, 19 nov (dpa) - La Fiscal\u00eda francesa est\u00e1 investigando al Paris Saint-Germain (PSG) por presuntas pr\u00e1cticas dicriminatorias en el proceso de reclutamiento de futbolistas del club, informaron hoy fuentes judiciales a dpa. El diario digital franc\u00e9s &quot;Media Part&quot; denunci\u00f3 hace once d\u00edas que ojeadores del PSG que trabajan en las afueras de Par\u00eds categorizan\" \/>\n\t\t<meta name=\"twitter:creator\" content=\"@nbasturias\" \/>\n\t\t<meta name=\"twitter:image\" content=\"https:\/\/candas365.es\/noticias\/wp-content\/uploads\/2018\/04\/football-2697825_960_720.jpg\" \/>\n\t\t<meta name=\"twitter:label1\" content=\"Escrito por\" \/>\n\t\t<meta name=\"twitter:data1\" content=\"Cand\u00e1s 365\" \/>\n\t\t<meta name=\"twitter:label2\" content=\"Tiempo de lectura estimado\" \/>\n\t\t<meta name=\"twitter:data2\" content=\"1 minuto\" \/>\n\t\t<script type=\"application\/ld+json\" class=\"aioseo-schema\">\n\t\t\t{\"@context\":\"https:\\\/\\\/schema.org\",\"@graph\":[{\"@type\":\"BreadcrumbList\",\"@id\":\"https:\\\/\\\/candas365.es\\\/noticias\\\/la-justicia-francesa-investiga-al-psg-por-presunta-discriminacion\\\/#breadcrumblist\",\"itemListElement\":[{\"@type\":\"ListItem\",\"@id\":\"https:\\\/\\\/candas365.es\\\/noticias#listItem\",\"position\":1,\"name\":\"Home\",\"item\":\"https:\\\/\\\/candas365.es\\\/noticias\",\"nextItem\":{\"@type\":\"ListItem\",\"@id\":\"https:\\\/\\\/candas365.es\\\/noticias\\\/category\\\/deporte\\\/#listItem\",\"name\":\"Deporte\"}},{\"@type\":\"ListItem\",\"@id\":\"https:\\\/\\\/candas365.es\\\/noticias\\\/category\\\/deporte\\\/#listItem\",\"position\":2,\"name\":\"Deporte\",\"item\":\"https:\\\/\\\/candas365.es\\\/noticias\\\/category\\\/deporte\\\/\",\"nextItem\":{\"@type\":\"ListItem\",\"@id\":\"https:\\\/\\\/candas365.es\\\/noticias\\\/la-justicia-francesa-investiga-al-psg-por-presunta-discriminacion\\\/#listItem\",\"name\":\"La Justicia francesa investiga al PSG por presunta discriminaci\\u00f3n\"},\"previousItem\":{\"@type\":\"ListItem\",\"@id\":\"https:\\\/\\\/candas365.es\\\/noticias#listItem\",\"name\":\"Home\"}},{\"@type\":\"ListItem\",\"@id\":\"https:\\\/\\\/candas365.es\\\/noticias\\\/la-justicia-francesa-investiga-al-psg-por-presunta-discriminacion\\\/#listItem\",\"position\":3,\"name\":\"La Justicia francesa investiga al PSG por presunta discriminaci\\u00f3n\",\"previousItem\":{\"@type\":\"ListItem\",\"@id\":\"https:\\\/\\\/candas365.es\\\/noticias\\\/category\\\/deporte\\\/#listItem\",\"name\":\"Deporte\"}}]},{\"@type\":\"NewsArticle\",\"@id\":\"https:\\\/\\\/candas365.es\\\/noticias\\\/la-justicia-francesa-investiga-al-psg-por-presunta-discriminacion\\\/#newsarticle\",\"name\":\"La Justicia francesa investiga al PSG por presunta discriminaci\\u00f3n | Cand\\u00e1s 365\",\"headline\":\"La Justicia francesa investiga al PSG por presunta discriminaci\\u00f3n\",\"author\":{\"@id\":\"https:\\\/\\\/candas365.es\\\/noticias\\\/author\\\/admin\\\/#author\"},\"publisher\":{\"@id\":\"https:\\\/\\\/candas365.es\\\/noticias\\\/#organization\"},\"image\":{\"@type\":\"ImageObject\",\"url\":\"https:\\\/\\\/candas365.es\\\/noticias\\\/wp-content\\\/uploads\\\/2018\\\/04\\\/football-2697825_960_720.jpg\",\"width\":960,\"height\":720},\"datePublished\":\"2018-11-20T03:34:11+01:00\",\"dateModified\":\"2018-11-20T03:34:11+01:00\",\"inLanguage\":\"es-ES\",\"mainEntityOfPage\":{\"@id\":\"https:\\\/\\\/candas365.es\\\/noticias\\\/la-justicia-francesa-investiga-al-psg-por-presunta-discriminacion\\\/#webpage\"},\"isPartOf\":{\"@id\":\"https:\\\/\\\/candas365.es\\\/noticias\\\/la-justicia-francesa-investiga-al-psg-por-presunta-discriminacion\\\/#webpage\"},\"articleSection\":\"Deporte\",\"dateline\":\"Publicado el noviembre 20, 2018.\"},{\"@type\":\"Organization\",\"@id\":\"https:\\\/\\\/candas365.es\\\/noticias\\\/#organization\",\"name\":\"Cand\\u00e1s 365\",\"description\":\"Cand\\u00e1s 365 es un diario digital independiente, fundado en 2012, con base en Asturias. Informamos con rigor sobre actualidad, sociedad, cultura y ocio, con una mirada local y global.\",\"url\":\"https:\\\/\\\/candas365.es\\\/noticias\\\/\",\"email\":\"info@candas365.es\",\"telephone\":\"+34652131393\",\"foundingDate\":\"2012-06-10\",\"logo\":{\"@type\":\"ImageObject\",\"url\":\"https:\\\/\\\/candas365.es\\\/noticias\\\/wp-content\\\/uploads\\\/2024\\\/09\\\/Candas-365-Redes.jpg\",\"@id\":\"https:\\\/\\\/candas365.es\\\/noticias\\\/la-justicia-francesa-investiga-al-psg-por-presunta-discriminacion\\\/#organizationLogo\",\"width\":1152,\"height\":864,\"caption\":\"Cand\\u00e1s 365 Redes\"},\"image\":{\"@id\":\"https:\\\/\\\/candas365.es\\\/noticias\\\/la-justicia-francesa-investiga-al-psg-por-presunta-discriminacion\\\/#organizationLogo\"},\"sameAs\":[\"https:\\\/\\\/www.facebook.com\\\/Nachofdezber\",\"https:\\\/\\\/x.com\\\/NabercoDigital\",\"https:\\\/\\\/www.instagram.com\\\/nachofdezber\\\/\",\"https:\\\/\\\/www.youtube.com\\\/channel\\\/UCZP-2wLEB9Rv6erhFmqVnvg\"],\"address\":{\"@id\":\"https:\\\/\\\/candas365.es\\\/noticias\\\/#postaladdress\",\"@type\":\"PostalAddress\",\"streetAddress\":\"san antonio 4, san antonio 4\",\"postalCode\":\"33430\",\"addressLocality\":\"Cand\\u00e1s\",\"addressRegion\":\"Asturias\",\"addressCountry\":\"ES\"}},{\"@type\":\"Person\",\"@id\":\"https:\\\/\\\/candas365.es\\\/noticias\\\/author\\\/admin\\\/#author\",\"url\":\"https:\\\/\\\/candas365.es\\\/noticias\\\/author\\\/admin\\\/\",\"name\":\"Cand\\u00e1s 365\",\"image\":{\"@type\":\"ImageObject\",\"@id\":\"https:\\\/\\\/candas365.es\\\/noticias\\\/la-justicia-francesa-investiga-al-psg-por-presunta-discriminacion\\\/#authorImage\",\"url\":\"https:\\\/\\\/secure.gravatar.com\\\/avatar\\\/496a8e03d0c493ede1718b7934145dbdf8d89be1036b0eec9544e1094c9de390?s=96&d=mm&r=g\",\"width\":96,\"height\":96,\"caption\":\"Cand\\u00e1s 365\"},\"sameAs\":[\"https:\\\/\\\/www.facebook.com\\\/carrenoactualidad\",\"https:\\\/\\\/twitter.com\\\/nbasturias\",\"https:\\\/\\\/www.instagram.com\\\/nachofdezber\\\/\",\"https:\\\/\\\/www.youtube.com\\\/channel\\\/UCZP-2wLEB9Rv6erhFmqVnvg\"]},{\"@type\":\"WebPage\",\"@id\":\"https:\\\/\\\/candas365.es\\\/noticias\\\/la-justicia-francesa-investiga-al-psg-por-presunta-discriminacion\\\/#webpage\",\"url\":\"https:\\\/\\\/candas365.es\\\/noticias\\\/la-justicia-francesa-investiga-al-psg-por-presunta-discriminacion\\\/\",\"name\":\"La Justicia francesa investiga al PSG por presunta discriminaci\\u00f3n | Cand\\u00e1s 365\",\"description\":\"Par\\u00eds, 19 nov (dpa) - La Fiscal\\u00eda francesa est\\u00e1 investigando al Paris Saint-Germain (PSG) por presuntas pr\\u00e1cticas dicriminatorias en el proceso de reclutamiento de futbolistas del club, informaron hoy fuentes judiciales a dpa. El diario digital franc\\u00e9s \\\"Media Part\\\" denunci\\u00f3 hace once d\\u00edas que ojeadores del PSG que trabajan en las afueras de Par\\u00eds categorizan\",\"inLanguage\":\"es-ES\",\"isPartOf\":{\"@id\":\"https:\\\/\\\/candas365.es\\\/noticias\\\/#website\"},\"breadcrumb\":{\"@id\":\"https:\\\/\\\/candas365.es\\\/noticias\\\/la-justicia-francesa-investiga-al-psg-por-presunta-discriminacion\\\/#breadcrumblist\"},\"author\":{\"@id\":\"https:\\\/\\\/candas365.es\\\/noticias\\\/author\\\/admin\\\/#author\"},\"creator\":{\"@id\":\"https:\\\/\\\/candas365.es\\\/noticias\\\/author\\\/admin\\\/#author\"},\"image\":{\"@type\":\"ImageObject\",\"url\":\"https:\\\/\\\/candas365.es\\\/noticias\\\/wp-content\\\/uploads\\\/2018\\\/04\\\/football-2697825_960_720.jpg\",\"@id\":\"https:\\\/\\\/candas365.es\\\/noticias\\\/la-justicia-francesa-investiga-al-psg-por-presunta-discriminacion\\\/#mainImage\",\"width\":960,\"height\":720},\"primaryImageOfPage\":{\"@id\":\"https:\\\/\\\/candas365.es\\\/noticias\\\/la-justicia-francesa-investiga-al-psg-por-presunta-discriminacion\\\/#mainImage\"},\"datePublished\":\"2018-11-20T03:34:11+01:00\",\"dateModified\":\"2018-11-20T03:34:11+01:00\"},{\"@type\":\"WebSite\",\"@id\":\"https:\\\/\\\/candas365.es\\\/noticias\\\/#website\",\"url\":\"https:\\\/\\\/candas365.es\\\/noticias\\\/\",\"name\":\"Cand\\u00e1s 365\",\"alternateName\":\"Cand\\u00e1s 365 Noticias\",\"description\":\"Actualidad desde Carre\\u00f1o para el mundo\",\"inLanguage\":\"es-ES\",\"publisher\":{\"@id\":\"https:\\\/\\\/candas365.es\\\/noticias\\\/#organization\"}}]}\n\t\t<\/script>\n\t\t<!-- All in One SEO Pro -->\r\n\t\t<title>La Justicia francesa investiga al PSG por presunta discriminaci\u00f3n | Cand\u00e1s 365<\/title>\n\n","aioseo_head_json":{"title":"La Justicia francesa investiga al PSG por presunta discriminaci\u00f3n | Cand\u00e1s 365","description":"Par\u00eds, 19 nov (dpa) - La Fiscal\u00eda francesa est\u00e1 investigando al Paris Saint-Germain (PSG) por presuntas pr\u00e1cticas dicriminatorias en el proceso de reclutamiento de futbolistas del club, informaron hoy fuentes judiciales a dpa. El diario digital franc\u00e9s \"Media Part\" denunci\u00f3 hace once d\u00edas que ojeadores del PSG que trabajan en las afueras de Par\u00eds categorizan","canonical_url":"https:\/\/candas365.es\/noticias\/la-justicia-francesa-investiga-al-psg-por-presunta-discriminacion\/","robots":"max-image-preview:large","keywords":"deporte","webmasterTools":{"google-site-verification":"UA-32230408-1","msvalidate.01":"354F3CDFB2DA171B47FBE9ABF1F88D5","miscellaneous":""},"schema":{"@context":"https:\/\/schema.org","@graph":[{"@type":"BreadcrumbList","@id":"https:\/\/candas365.es\/noticias\/la-justicia-francesa-investiga-al-psg-por-presunta-discriminacion\/#breadcrumblist","itemListElement":[{"@type":"ListItem","@id":"https:\/\/candas365.es\/noticias#listItem","position":1,"name":"Home","item":"https:\/\/candas365.es\/noticias","nextItem":{"@type":"ListItem","@id":"https:\/\/candas365.es\/noticias\/category\/deporte\/#listItem","name":"Deporte"}},{"@type":"ListItem","@id":"https:\/\/candas365.es\/noticias\/category\/deporte\/#listItem","position":2,"name":"Deporte","item":"https:\/\/candas365.es\/noticias\/category\/deporte\/","nextItem":{"@type":"ListItem","@id":"https:\/\/candas365.es\/noticias\/la-justicia-francesa-investiga-al-psg-por-presunta-discriminacion\/#listItem","name":"La Justicia francesa investiga al PSG por presunta discriminaci\u00f3n"},"previousItem":{"@type":"ListItem","@id":"https:\/\/candas365.es\/noticias#listItem","name":"Home"}},{"@type":"ListItem","@id":"https:\/\/candas365.es\/noticias\/la-justicia-francesa-investiga-al-psg-por-presunta-discriminacion\/#listItem","position":3,"name":"La Justicia francesa investiga al PSG por presunta discriminaci\u00f3n","previousItem":{"@type":"ListItem","@id":"https:\/\/candas365.es\/noticias\/category\/deporte\/#listItem","name":"Deporte"}}]},{"@type":"NewsArticle","@id":"https:\/\/candas365.es\/noticias\/la-justicia-francesa-investiga-al-psg-por-presunta-discriminacion\/#newsarticle","name":"La Justicia francesa investiga al PSG por presunta discriminaci\u00f3n | Cand\u00e1s 365","headline":"La Justicia francesa investiga al PSG por presunta discriminaci\u00f3n","author":{"@id":"https:\/\/candas365.es\/noticias\/author\/admin\/#author"},"publisher":{"@id":"https:\/\/candas365.es\/noticias\/#organization"},"image":{"@type":"ImageObject","url":"https:\/\/candas365.es\/noticias\/wp-content\/uploads\/2018\/04\/football-2697825_960_720.jpg","width":960,"height":720},"datePublished":"2018-11-20T03:34:11+01:00","dateModified":"2018-11-20T03:34:11+01:00","inLanguage":"es-ES","mainEntityOfPage":{"@id":"https:\/\/candas365.es\/noticias\/la-justicia-francesa-investiga-al-psg-por-presunta-discriminacion\/#webpage"},"isPartOf":{"@id":"https:\/\/candas365.es\/noticias\/la-justicia-francesa-investiga-al-psg-por-presunta-discriminacion\/#webpage"},"articleSection":"Deporte","dateline":"Publicado el noviembre 20, 2018."},{"@type":"Organization","@id":"https:\/\/candas365.es\/noticias\/#organization","name":"Cand\u00e1s 365","description":"Cand\u00e1s 365 es un diario digital independiente, fundado en 2012, con base en Asturias. Informamos con rigor sobre actualidad, sociedad, cultura y ocio, con una mirada local y global.","url":"https:\/\/candas365.es\/noticias\/","email":"info@candas365.es","telephone":"+34652131393","foundingDate":"2012-06-10","logo":{"@type":"ImageObject","url":"https:\/\/candas365.es\/noticias\/wp-content\/uploads\/2024\/09\/Candas-365-Redes.jpg","@id":"https:\/\/candas365.es\/noticias\/la-justicia-francesa-investiga-al-psg-por-presunta-discriminacion\/#organizationLogo","width":1152,"height":864,"caption":"Cand\u00e1s 365 Redes"},"image":{"@id":"https:\/\/candas365.es\/noticias\/la-justicia-francesa-investiga-al-psg-por-presunta-discriminacion\/#organizationLogo"},"sameAs":["https:\/\/www.facebook.com\/Nachofdezber","https:\/\/x.com\/NabercoDigital","https:\/\/www.instagram.com\/nachofdezber\/","https:\/\/www.youtube.com\/channel\/UCZP-2wLEB9Rv6erhFmqVnvg"],"address":{"@id":"https:\/\/candas365.es\/noticias\/#postaladdress","@type":"PostalAddress","streetAddress":"san antonio 4, san antonio 4","postalCode":"33430","addressLocality":"Cand\u00e1s","addressRegion":"Asturias","addressCountry":"ES"}},{"@type":"Person","@id":"https:\/\/candas365.es\/noticias\/author\/admin\/#author","url":"https:\/\/candas365.es\/noticias\/author\/admin\/","name":"Cand\u00e1s 365","image":{"@type":"ImageObject","@id":"https:\/\/candas365.es\/noticias\/la-justicia-francesa-investiga-al-psg-por-presunta-discriminacion\/#authorImage","url":"https:\/\/secure.gravatar.com\/avatar\/496a8e03d0c493ede1718b7934145dbdf8d89be1036b0eec9544e1094c9de390?s=96&d=mm&r=g","width":96,"height":96,"caption":"Cand\u00e1s 365"},"sameAs":["https:\/\/www.facebook.com\/carrenoactualidad","https:\/\/twitter.com\/nbasturias","https:\/\/www.instagram.com\/nachofdezber\/","https:\/\/www.youtube.com\/channel\/UCZP-2wLEB9Rv6erhFmqVnvg"]},{"@type":"WebPage","@id":"https:\/\/candas365.es\/noticias\/la-justicia-francesa-investiga-al-psg-por-presunta-discriminacion\/#webpage","url":"https:\/\/candas365.es\/noticias\/la-justicia-francesa-investiga-al-psg-por-presunta-discriminacion\/","name":"La Justicia francesa investiga al PSG por presunta discriminaci\u00f3n | Cand\u00e1s 365","description":"Par\u00eds, 19 nov (dpa) - La Fiscal\u00eda francesa est\u00e1 investigando al Paris Saint-Germain (PSG) por presuntas pr\u00e1cticas dicriminatorias en el proceso de reclutamiento de futbolistas del club, informaron hoy fuentes judiciales a dpa. El diario digital franc\u00e9s \"Media Part\" denunci\u00f3 hace once d\u00edas que ojeadores del PSG que trabajan en las afueras de Par\u00eds categorizan","inLanguage":"es-ES","isPartOf":{"@id":"https:\/\/candas365.es\/noticias\/#website"},"breadcrumb":{"@id":"https:\/\/candas365.es\/noticias\/la-justicia-francesa-investiga-al-psg-por-presunta-discriminacion\/#breadcrumblist"},"author":{"@id":"https:\/\/candas365.es\/noticias\/author\/admin\/#author"},"creator":{"@id":"https:\/\/candas365.es\/noticias\/author\/admin\/#author"},"image":{"@type":"ImageObject","url":"https:\/\/candas365.es\/noticias\/wp-content\/uploads\/2018\/04\/football-2697825_960_720.jpg","@id":"https:\/\/candas365.es\/noticias\/la-justicia-francesa-investiga-al-psg-por-presunta-discriminacion\/#mainImage","width":960,"height":720},"primaryImageOfPage":{"@id":"https:\/\/candas365.es\/noticias\/la-justicia-francesa-investiga-al-psg-por-presunta-discriminacion\/#mainImage"},"datePublished":"2018-11-20T03:34:11+01:00","dateModified":"2018-11-20T03:34:11+01:00"},{"@type":"WebSite","@id":"https:\/\/candas365.es\/noticias\/#website","url":"https:\/\/candas365.es\/noticias\/","name":"Cand\u00e1s 365","alternateName":"Cand\u00e1s 365 Noticias","description":"Actualidad desde Carre\u00f1o para el mundo","inLanguage":"es-ES","publisher":{"@id":"https:\/\/candas365.es\/noticias\/#organization"}}]},"og:locale":"es_ES","og:site_name":"Cand\u00e1s 365","og:type":"article","og:title":"La Justicia francesa investiga al PSG por presunta discriminaci\u00f3n | Cand\u00e1s 365","og:description":"Par\u00eds, 19 nov (dpa) - La Fiscal\u00eda francesa est\u00e1 investigando al Paris Saint-Germain (PSG) por presuntas pr\u00e1cticas dicriminatorias en el proceso de reclutamiento de futbolistas del club, informaron hoy fuentes judiciales a dpa. El diario digital franc\u00e9s &quot;Media Part&quot; denunci\u00f3 hace once d\u00edas que ojeadores del PSG que trabajan en las afueras de Par\u00eds categorizan","og:url":"https:\/\/candas365.es\/noticias\/la-justicia-francesa-investiga-al-psg-por-presunta-discriminacion\/","og:image":"https:\/\/candas365.es\/noticias\/wp-content\/uploads\/2018\/04\/football-2697825_960_720.jpg","og:image:secure_url":"https:\/\/candas365.es\/noticias\/wp-content\/uploads\/2018\/04\/football-2697825_960_720.jpg","og:image:width":960,"og:image:height":720,"article:published_time":"2018-11-20T03:34:11+00:00","article:modified_time":"2018-11-20T03:34:11+00:00","article:publisher":"https:\/\/www.facebook.com\/Nachofdezber","article:author":"https:\/\/www.facebook.com\/carrenoactualidad","twitter:card":"summary_large_image","twitter:site":"@NabercoDigital","twitter:title":"La Justicia francesa investiga al PSG por presunta discriminaci\u00f3n | Cand\u00e1s 365","twitter:description":"Par\u00eds, 19 nov (dpa) - La Fiscal\u00eda francesa est\u00e1 investigando al Paris Saint-Germain (PSG) por presuntas pr\u00e1cticas dicriminatorias en el proceso de reclutamiento de futbolistas del club, informaron hoy fuentes judiciales a dpa. El diario digital franc\u00e9s &quot;Media Part&quot; denunci\u00f3 hace once d\u00edas que ojeadores del PSG que trabajan en las afueras de Par\u00eds categorizan","twitter:creator":"@nbasturias","twitter:image":"https:\/\/candas365.es\/noticias\/wp-content\/uploads\/2018\/04\/football-2697825_960_720.jpg","twitter:label1":"Escrito por","twitter:data1":"Cand\u00e1s 365","twitter:label2":"Tiempo de lectura estimado","twitter:data2":"1 minuto"},"aioseo_meta_data":{"post_id":"110228","title":null,"description":null,"keywords":null,"keyphrases":null,"primary_term":null,"canonical_url":null,"og_title":null,"og_description":null,"og_object_type":"default","og_image_type":"default","og_image_url":null,"og_image_width":null,"og_image_height":null,"og_image_custom_url":null,"og_image_custom_fields":null,"og_video":null,"og_custom_url":null,"og_article_section":null,"og_article_tags":null,"twitter_use_og":false,"twitter_card":"default","twitter_image_type":"default","twitter_image_url":null,"twitter_image_custom_url":null,"twitter_image_custom_fields":null,"twitter_title":null,"twitter_description":null,"schema":{"blockGraphs":[],"customGraphs":[],"default":{"data":{"Article":[],"Course":[],"Dataset":[],"FAQPage":[],"Movie":[],"Person":[],"Product":[],"ProductReview":[],"Car":[],"Recipe":[],"Service":[],"SoftwareApplication":[],"WebPage":[]},"graphName":"","isEnabled":true},"graphs":[]},"schema_type":null,"schema_type_options":null,"pillar_content":false,"robots_default":true,"robots_noindex":false,"robots_noarchive":false,"robots_nosnippet":false,"robots_nofollow":false,"robots_noimageindex":false,"robots_noodp":false,"robots_notranslate":false,"robots_max_snippet":null,"robots_max_videopreview":null,"robots_max_imagepreview":"large","priority":null,"frequency":null,"location":null,"local_seo":null,"seo_analyzer_scan_date":"2025-08-28 12:02:17","breadcrumb_settings":null,"limit_modified_date":false,"reviewed_by":null,"open_ai":null,"ai":null,"created":"2020-12-21 11:38:47","updated":"2025-08-28 12:02:17"},"aioseo_breadcrumb":"<div class=\"aioseo-breadcrumbs\"><span class=\"aioseo-breadcrumb\">\n\t<a href=\"https:\/\/candas365.es\/noticias\" title=\"Home\">Home<\/a>\n<\/span><span class=\"aioseo-breadcrumb-separator\">&ndash;<\/span><span class=\"aioseo-breadcrumb\">\n\t<a href=\"https:\/\/candas365.es\/noticias\/category\/deporte\/\" title=\"Deporte\">Deporte<\/a>\n<\/span><span class=\"aioseo-breadcrumb-separator\">&ndash;<\/span><span class=\"aioseo-breadcrumb\">\n\tLa Justicia francesa investiga al PSG por presunta discriminaci\u00f3n\n<\/span><\/div>","aioseo_breadcrumb_json":[{"label":"Home","link":"https:\/\/candas365.es\/noticias"},{"label":"Deporte","link":"https:\/\/candas365.es\/noticias\/category\/deporte\/"},{"label":"La Justicia francesa investiga al PSG por presunta discriminaci\u00f3n","link":"https:\/\/candas365.es\/noticias\/la-justicia-francesa-investiga-al-psg-por-presunta-discriminacion\/"}],"_links":{"self":[{"href":"https:\/\/candas365.es\/noticias\/wp-json\/wp\/v2\/posts\/110228","targetHints":{"allow":["GET"]}}],"collection":[{"href":"https:\/\/candas365.es\/noticias\/wp-json\/wp\/v2\/posts"}],"about":[{"href":"https:\/\/candas365.es\/noticias\/wp-json\/wp\/v2\/types\/post"}],"author":[{"embeddable":true,"href":"https:\/\/candas365.es\/noticias\/wp-json\/wp\/v2\/users\/1"}],"replies":[{"embeddable":true,"href":"https:\/\/candas365.es\/noticias\/wp-json\/wp\/v2\/comments?post=110228"}],"version-history":[{"count":0,"href":"https:\/\/candas365.es\/noticias\/wp-json\/wp\/v2\/posts\/110228\/revisions"}],"wp:featuredmedia":[{"embeddable":true,"href":"https:\/\/candas365.es\/noticias\/wp-json\/wp\/v2\/media\/94848"}],"wp:attachment":[{"href":"https:\/\/candas365.es\/noticias\/wp-json\/wp\/v2\/media?parent=110228"}],"wp:term":[{"taxonomy":"category","embeddable":true,"href":"https:\/\/candas365.es\/noticias\/wp-json\/wp\/v2\/categories?post=110228"},{"taxonomy":"post_tag","embeddable":true,"href":"https:\/\/candas365.es\/noticias\/wp-json\/wp\/v2\/tags?post=110228"}],"curies":[{"name":"wp","href":"https:\/\/api.w.org\/{rel}","templated":true}]}}