{"id":110224,"date":"2018-11-20T02:02:36","date_gmt":"2018-11-20T02:02:36","guid":{"rendered":"http:\/\/candas365.es\/noticias\/?p=110224"},"modified":"2018-11-20T02:02:36","modified_gmt":"2018-11-20T02:02:36","slug":"el-annus-horribilis-espanol-de-la-fe-a-la-desafeccion","status":"publish","type":"post","link":"https:\/\/candas365.es\/noticias\/el-annus-horribilis-espanol-de-la-fe-a-la-desafeccion\/","title":{"rendered":"El \u00abannus horribilis\u00bb espa\u00f1ol: de la fe a la desafecci\u00f3n"},"content":{"rendered":"<p><img fetchpriority=\"high\" decoding=\"async\" src=\"https:\/\/candas365.es\/noticias\/wp-content\/uploads\/2018\/06\/football-1406106_960_720-1-360x241.jpg\" alt=\"\" width=\"360\" height=\"241\" class=\"alignleft size-medium wp-image-98026\" srcset=\"https:\/\/candas365.es\/noticias\/wp-content\/uploads\/2018\/06\/football-1406106_960_720-1-360x241.jpg 360w, https:\/\/candas365.es\/noticias\/wp-content\/uploads\/2018\/06\/football-1406106_960_720-1-768x514.jpg 768w, https:\/\/candas365.es\/noticias\/wp-content\/uploads\/2018\/06\/football-1406106_960_720-1-655x439.jpg 655w, https:\/\/candas365.es\/noticias\/wp-content\/uploads\/2018\/06\/football-1406106_960_720-1-696x466.jpg 696w, https:\/\/candas365.es\/noticias\/wp-content\/uploads\/2018\/06\/football-1406106_960_720-1-627x420.jpg 627w, https:\/\/candas365.es\/noticias\/wp-content\/uploads\/2018\/06\/football-1406106_960_720-1.jpg 960w\" sizes=\"(max-width: 360px) 100vw, 360px\" \/>Madrid, 19 nov (dpa) &#8211; En apenas cinco meses, la selecci\u00f3n espa\u00f1ola de f\u00fatbol pas\u00f3 de so\u00f1ar con todo derecho al t\u00edtulo mundial a provocar una profunda desafecci\u00f3n entre su hinchada, completamente desenganchada de su equipo nacional.<\/p>\n<p>Apenas 15.000 espectadores acudieron el domingo a la llamada de su selecci\u00f3n para ver su \u00faltimo partido del a\u00f1o. Menos de la mitad del aforo del Estadio de Gran Canaria. No seduc\u00eda un rival como Bosnia-Herzegovina, pero mucho menos su propio equipo.<\/p>\n<p>Qu\u00e9 diferencia con aquel partido del 2 de septiembre del pasado a\u00f1o, cuando el estadio Santiago Bernab\u00e9u de Madrid se qued\u00f3 peque\u00f1o para presenciar el Espa\u00f1a-Italia que acab\u00f3 siendo tal vez el punto m\u00e1s destacado de la era de Julen Lopetegui como seleccionador. Su equipo gan\u00f3 3-0, qued\u00f3 sellada la clasificaci\u00f3n para el Mundial y sus hinchas se partieron las manos de aplaudir.<\/p>\n<p>Ahora no queda ni rastro de aquello despu\u00e9s de un recorrido sinuoso que incluy\u00f3 tres seleccionadores diferentes, un cambio en la presidencia de la Federaci\u00f3n Espa\u00f1ola de F\u00fatbol, un fracaso estrepitoso en el Mundial, atisbos de recuperaci\u00f3n con Luis Enrique y otra decepci\u00f3n final en la Liga de Naciones.<\/p>\n<p>Fue el 28 de mayo cuando la selecci\u00f3n espa\u00f1ola inici\u00f3 su concentraci\u00f3n en Krasnodar para preparar el Mundial. Para entonces, ya ten\u00eda nuevo \u00abjefe\u00bb, Luis Rubiales, elegido como presidente de la federaci\u00f3n, y unas maletas llenas de ilusi\u00f3n.<\/p>\n<p>No tardar\u00eda mucho en tomar la primera decisi\u00f3n trascendente del presidente. Ser\u00eda el 13 de junio, cuando decidi\u00f3 despedir a Lopetegui dos d\u00edas antes del debut en el Mundial y un d\u00eda despu\u00e9s de hacerse oficial su fichaje por el Real Madrid en cuanto terminara su camino como seleccionador. Unas horas durar\u00eda.<\/p>\n<p>Lopetegui fue despedido sin perder un solo partido al frente del equipo nacional y su sustituto fue Fernando Hierro, un hombre de la casa aunque sin ninguna experiencia como entrenador en el f\u00fatbol de elite. La selecci\u00f3n cay\u00f3 en octavos de final ante Rusia, un rival sin jerarqu\u00eda, y ah\u00ed acab\u00f3 el sue\u00f1o de una generaci\u00f3n.<\/p>\n<p>Hierro no sigui\u00f3 y el sustituto fue Luis Enrique, quien pareci\u00f3 regenerar la ilusi\u00f3n en un tiempo r\u00e9cord. Gan\u00f3 2-1 a Inglaterra en Wembley y gole\u00f3 6-0 a Croacia en los dos partidos de la Liga de Naciones. El inicio so\u00f1ado.<\/p>\n<p>Pero todo se vino abajo en los dos siguientes partidos del nuevo torneo. Perdi\u00f3 en casa 3-2 ante Inglaterra y repiti\u00f3 resultado ante Croacia. En definitiva: adi\u00f3s a la Liga de Naciones y, sobre todo, regreso de la desconfianza y aumento de la desafecci\u00f3n.<\/p>\n<p>\u00abEl seleccionador elegido para la reconstrucci\u00f3n se enfrenta a una regeneraci\u00f3n complicada. Espa\u00f1a no juega como antes porque nunca volver\u00e1 a jugar como antes\u00bb, asegur\u00f3 hoy el diario \u00abMarca\u00bb. <\/p>\n<p>Y \u00abAs\u00bb record\u00f3: \u00abLo pr\u00f3ximo ser\u00e1 el sorteo para la Eurocopa, el 2 de diciembre, al que vamos con la sensaci\u00f3n de que todo est\u00e1 por hacer\u00bb.<\/p>\n<p>\u00abLuis Enrique tiene nuestro m\u00e1ximo respaldo en todo\u00bb, se apresur\u00f3 a asegurar Rubiales tras el pobre triunfo 1-0 ante Bosnia-Herzegovina, consciente de que ya hay sectores de la prensa y de los hinchas que comienzan a sentirse inquietos.<\/p>\n<p>Ahora le toca al seleccionador espa\u00f1ol no s\u00f3lo preparar a un equipo derrumbado para la fase de la clasificaci\u00f3n de la Eurocopa, sino mostrar cuanto antes nuevos alicientes que consigan revivir a una hinchada harta de estar harta y sin ganas de ver a su equipo nacional, seg\u00fan se vio en Las Palmas.<\/p>\n<p>Por Alberto Bravo (dpa)<\/p>\n","protected":false},"excerpt":{"rendered":"<p>Madrid, 19 nov (dpa) &#8211; En apenas cinco meses, la selecci\u00f3n espa\u00f1ola de f\u00fatbol pas\u00f3 de so\u00f1ar con todo derecho al t\u00edtulo mundial a provocar una profunda desafecci\u00f3n entre su hinchada, completamente desenganchada de su equipo nacional. Apenas 15.000 espectadores acudieron el domingo a la llamada de su selecci\u00f3n para ver su \u00faltimo partido del<\/p>\n","protected":false},"author":1,"featured_media":98004,"comment_status":"closed","ping_status":"closed","sticky":false,"template":"","format":"standard","meta":{"footnotes":""},"categories":[319],"tags":[],"class_list":{"0":"post-110224","1":"post","2":"type-post","3":"status-publish","4":"format-standard","5":"has-post-thumbnail","7":"category-deporte"},"aioseo_notices":[],"aioseo_head":"\n\t\t<!-- All in One SEO Pro 4.9.6.2 - aioseo.com -->\n\t<meta name=\"description\" content=\"Madrid, 19 nov (dpa) - En apenas cinco meses, la selecci\u00f3n espa\u00f1ola de f\u00fatbol pas\u00f3 de so\u00f1ar con todo derecho al t\u00edtulo mundial a provocar una profunda desafecci\u00f3n entre su hinchada, completamente desenganchada de su equipo nacional. Apenas 15.000 espectadores acudieron el domingo a la llamada de su selecci\u00f3n para ver su \u00faltimo partido del\" \/>\n\t<meta name=\"robots\" content=\"max-image-preview:large\" \/>\n\t<meta name=\"author\" content=\"Cand\u00e1s 365\"\/>\n\t<meta name=\"google-site-verification\" content=\"UA-32230408-1\" \/>\n\t<meta name=\"msvalidate.01\" content=\"354F3CDFB2DA171B47FBE9ABF1F88D5\" \/>\n\t<meta name=\"keywords\" content=\"deporte\" \/>\n\t<link rel=\"canonical\" href=\"https:\/\/candas365.es\/noticias\/el-annus-horribilis-espanol-de-la-fe-a-la-desafeccion\/\" \/>\n\t<meta name=\"generator\" content=\"All in One SEO Pro (AIOSEO) 4.9.6.2\" \/>\n\t\t<meta property=\"og:locale\" content=\"es_ES\" \/>\n\t\t<meta property=\"og:site_name\" content=\"Cand\u00e1s 365\" \/>\n\t\t<meta property=\"og:type\" content=\"article\" \/>\n\t\t<meta property=\"og:title\" content=\"El \u00abannus horribilis\u00bb espa\u00f1ol: de la fe a la desafecci\u00f3n | Cand\u00e1s 365\" \/>\n\t\t<meta property=\"og:description\" content=\"Madrid, 19 nov (dpa) - En apenas cinco meses, la selecci\u00f3n espa\u00f1ola de f\u00fatbol pas\u00f3 de so\u00f1ar con todo derecho al t\u00edtulo mundial a provocar una profunda desafecci\u00f3n entre su hinchada, completamente desenganchada de su equipo nacional. Apenas 15.000 espectadores acudieron el domingo a la llamada de su selecci\u00f3n para ver su \u00faltimo partido del\" \/>\n\t\t<meta property=\"og:url\" content=\"https:\/\/candas365.es\/noticias\/el-annus-horribilis-espanol-de-la-fe-a-la-desafeccion\/\" \/>\n\t\t<meta property=\"og:image\" content=\"https:\/\/candas365.es\/noticias\/wp-content\/uploads\/2018\/06\/football-1406106_960_720.jpg\" \/>\n\t\t<meta property=\"og:image:secure_url\" content=\"https:\/\/candas365.es\/noticias\/wp-content\/uploads\/2018\/06\/football-1406106_960_720.jpg\" \/>\n\t\t<meta property=\"og:image:width\" content=\"960\" \/>\n\t\t<meta property=\"og:image:height\" content=\"643\" \/>\n\t\t<meta property=\"article:published_time\" content=\"2018-11-20T02:02:36+00:00\" \/>\n\t\t<meta property=\"article:modified_time\" content=\"2018-11-20T02:02:36+00:00\" \/>\n\t\t<meta property=\"article:publisher\" content=\"https:\/\/www.facebook.com\/Nachofdezber\" \/>\n\t\t<meta property=\"article:author\" content=\"https:\/\/www.facebook.com\/carrenoactualidad\" \/>\n\t\t<meta name=\"twitter:card\" content=\"summary_large_image\" \/>\n\t\t<meta name=\"twitter:site\" content=\"@NabercoDigital\" \/>\n\t\t<meta name=\"twitter:title\" content=\"El \u00abannus horribilis\u00bb espa\u00f1ol: de la fe a la desafecci\u00f3n | Cand\u00e1s 365\" \/>\n\t\t<meta name=\"twitter:description\" content=\"Madrid, 19 nov (dpa) - En apenas cinco meses, la selecci\u00f3n espa\u00f1ola de f\u00fatbol pas\u00f3 de so\u00f1ar con todo derecho al t\u00edtulo mundial a provocar una profunda desafecci\u00f3n entre su hinchada, completamente desenganchada de su equipo nacional. Apenas 15.000 espectadores acudieron el domingo a la llamada de su selecci\u00f3n para ver su \u00faltimo partido del\" \/>\n\t\t<meta name=\"twitter:creator\" content=\"@nbasturias\" \/>\n\t\t<meta name=\"twitter:image\" content=\"https:\/\/candas365.es\/noticias\/wp-content\/uploads\/2018\/06\/football-1406106_960_720.jpg\" \/>\n\t\t<meta name=\"twitter:label1\" content=\"Escrito por\" \/>\n\t\t<meta name=\"twitter:data1\" content=\"Cand\u00e1s 365\" \/>\n\t\t<meta name=\"twitter:label2\" content=\"Tiempo de lectura estimado\" \/>\n\t\t<meta name=\"twitter:data2\" content=\"3 minutos\" \/>\n\t\t<script type=\"application\/ld+json\" class=\"aioseo-schema\">\n\t\t\t{\"@context\":\"https:\\\/\\\/schema.org\",\"@graph\":[{\"@type\":\"BreadcrumbList\",\"@id\":\"https:\\\/\\\/candas365.es\\\/noticias\\\/el-annus-horribilis-espanol-de-la-fe-a-la-desafeccion\\\/#breadcrumblist\",\"itemListElement\":[{\"@type\":\"ListItem\",\"@id\":\"https:\\\/\\\/candas365.es\\\/noticias#listItem\",\"position\":1,\"name\":\"Home\",\"item\":\"https:\\\/\\\/candas365.es\\\/noticias\",\"nextItem\":{\"@type\":\"ListItem\",\"@id\":\"https:\\\/\\\/candas365.es\\\/noticias\\\/category\\\/deporte\\\/#listItem\",\"name\":\"Deporte\"}},{\"@type\":\"ListItem\",\"@id\":\"https:\\\/\\\/candas365.es\\\/noticias\\\/category\\\/deporte\\\/#listItem\",\"position\":2,\"name\":\"Deporte\",\"item\":\"https:\\\/\\\/candas365.es\\\/noticias\\\/category\\\/deporte\\\/\",\"nextItem\":{\"@type\":\"ListItem\",\"@id\":\"https:\\\/\\\/candas365.es\\\/noticias\\\/el-annus-horribilis-espanol-de-la-fe-a-la-desafeccion\\\/#listItem\",\"name\":\"El \\u00abannus horribilis\\u00bb espa\\u00f1ol: de la fe a la desafecci\\u00f3n\"},\"previousItem\":{\"@type\":\"ListItem\",\"@id\":\"https:\\\/\\\/candas365.es\\\/noticias#listItem\",\"name\":\"Home\"}},{\"@type\":\"ListItem\",\"@id\":\"https:\\\/\\\/candas365.es\\\/noticias\\\/el-annus-horribilis-espanol-de-la-fe-a-la-desafeccion\\\/#listItem\",\"position\":3,\"name\":\"El \\u00abannus horribilis\\u00bb espa\\u00f1ol: de la fe a la desafecci\\u00f3n\",\"previousItem\":{\"@type\":\"ListItem\",\"@id\":\"https:\\\/\\\/candas365.es\\\/noticias\\\/category\\\/deporte\\\/#listItem\",\"name\":\"Deporte\"}}]},{\"@type\":\"NewsArticle\",\"@id\":\"https:\\\/\\\/candas365.es\\\/noticias\\\/el-annus-horribilis-espanol-de-la-fe-a-la-desafeccion\\\/#newsarticle\",\"name\":\"El \\u00abannus horribilis\\u00bb espa\\u00f1ol: de la fe a la desafecci\\u00f3n | Cand\\u00e1s 365\",\"headline\":\"El \\u00abannus horribilis\\u00bb espa\\u00f1ol: de la fe a la desafecci\\u00f3n\",\"author\":{\"@id\":\"https:\\\/\\\/candas365.es\\\/noticias\\\/author\\\/admin\\\/#author\"},\"publisher\":{\"@id\":\"https:\\\/\\\/candas365.es\\\/noticias\\\/#organization\"},\"image\":{\"@type\":\"ImageObject\",\"url\":\"https:\\\/\\\/candas365.es\\\/noticias\\\/wp-content\\\/uploads\\\/2018\\\/06\\\/football-1406106_960_720.jpg\",\"width\":960,\"height\":643},\"datePublished\":\"2018-11-20T02:02:36+01:00\",\"dateModified\":\"2018-11-20T02:02:36+01:00\",\"inLanguage\":\"es-ES\",\"mainEntityOfPage\":{\"@id\":\"https:\\\/\\\/candas365.es\\\/noticias\\\/el-annus-horribilis-espanol-de-la-fe-a-la-desafeccion\\\/#webpage\"},\"isPartOf\":{\"@id\":\"https:\\\/\\\/candas365.es\\\/noticias\\\/el-annus-horribilis-espanol-de-la-fe-a-la-desafeccion\\\/#webpage\"},\"articleSection\":\"Deporte\",\"dateline\":\"Publicado el noviembre 20, 2018.\"},{\"@type\":\"Organization\",\"@id\":\"https:\\\/\\\/candas365.es\\\/noticias\\\/#organization\",\"name\":\"Cand\\u00e1s 365\",\"description\":\"Cand\\u00e1s 365 es un diario digital independiente, fundado en 2012, con base en Asturias. Informamos con rigor sobre actualidad, sociedad, cultura y ocio, con una mirada local y global.\",\"url\":\"https:\\\/\\\/candas365.es\\\/noticias\\\/\",\"email\":\"info@candas365.es\",\"telephone\":\"+34652131393\",\"foundingDate\":\"2012-06-10\",\"logo\":{\"@type\":\"ImageObject\",\"url\":\"https:\\\/\\\/candas365.es\\\/noticias\\\/wp-content\\\/uploads\\\/2024\\\/09\\\/Candas-365-Redes.jpg\",\"@id\":\"https:\\\/\\\/candas365.es\\\/noticias\\\/el-annus-horribilis-espanol-de-la-fe-a-la-desafeccion\\\/#organizationLogo\",\"width\":1152,\"height\":864,\"caption\":\"Cand\\u00e1s 365 Redes\"},\"image\":{\"@id\":\"https:\\\/\\\/candas365.es\\\/noticias\\\/el-annus-horribilis-espanol-de-la-fe-a-la-desafeccion\\\/#organizationLogo\"},\"sameAs\":[\"https:\\\/\\\/www.facebook.com\\\/Nachofdezber\",\"https:\\\/\\\/x.com\\\/NabercoDigital\",\"https:\\\/\\\/www.instagram.com\\\/nachofdezber\\\/\",\"https:\\\/\\\/www.youtube.com\\\/channel\\\/UCZP-2wLEB9Rv6erhFmqVnvg\"],\"address\":{\"@id\":\"https:\\\/\\\/candas365.es\\\/noticias\\\/#postaladdress\",\"@type\":\"PostalAddress\",\"streetAddress\":\"san antonio 4, san antonio 4\",\"postalCode\":\"33430\",\"addressLocality\":\"Cand\\u00e1s\",\"addressRegion\":\"Asturias\",\"addressCountry\":\"ES\"}},{\"@type\":\"Person\",\"@id\":\"https:\\\/\\\/candas365.es\\\/noticias\\\/author\\\/admin\\\/#author\",\"url\":\"https:\\\/\\\/candas365.es\\\/noticias\\\/author\\\/admin\\\/\",\"name\":\"Cand\\u00e1s 365\",\"image\":{\"@type\":\"ImageObject\",\"@id\":\"https:\\\/\\\/candas365.es\\\/noticias\\\/el-annus-horribilis-espanol-de-la-fe-a-la-desafeccion\\\/#authorImage\",\"url\":\"https:\\\/\\\/secure.gravatar.com\\\/avatar\\\/496a8e03d0c493ede1718b7934145dbdf8d89be1036b0eec9544e1094c9de390?s=96&d=mm&r=g\",\"width\":96,\"height\":96,\"caption\":\"Cand\\u00e1s 365\"},\"sameAs\":[\"https:\\\/\\\/www.facebook.com\\\/carrenoactualidad\",\"https:\\\/\\\/twitter.com\\\/nbasturias\",\"https:\\\/\\\/www.instagram.com\\\/nachofdezber\\\/\",\"https:\\\/\\\/www.youtube.com\\\/channel\\\/UCZP-2wLEB9Rv6erhFmqVnvg\"]},{\"@type\":\"WebPage\",\"@id\":\"https:\\\/\\\/candas365.es\\\/noticias\\\/el-annus-horribilis-espanol-de-la-fe-a-la-desafeccion\\\/#webpage\",\"url\":\"https:\\\/\\\/candas365.es\\\/noticias\\\/el-annus-horribilis-espanol-de-la-fe-a-la-desafeccion\\\/\",\"name\":\"El \\u00abannus horribilis\\u00bb espa\\u00f1ol: de la fe a la desafecci\\u00f3n | Cand\\u00e1s 365\",\"description\":\"Madrid, 19 nov (dpa) - En apenas cinco meses, la selecci\\u00f3n espa\\u00f1ola de f\\u00fatbol pas\\u00f3 de so\\u00f1ar con todo derecho al t\\u00edtulo mundial a provocar una profunda desafecci\\u00f3n entre su hinchada, completamente desenganchada de su equipo nacional. Apenas 15.000 espectadores acudieron el domingo a la llamada de su selecci\\u00f3n para ver su \\u00faltimo partido del\",\"inLanguage\":\"es-ES\",\"isPartOf\":{\"@id\":\"https:\\\/\\\/candas365.es\\\/noticias\\\/#website\"},\"breadcrumb\":{\"@id\":\"https:\\\/\\\/candas365.es\\\/noticias\\\/el-annus-horribilis-espanol-de-la-fe-a-la-desafeccion\\\/#breadcrumblist\"},\"author\":{\"@id\":\"https:\\\/\\\/candas365.es\\\/noticias\\\/author\\\/admin\\\/#author\"},\"creator\":{\"@id\":\"https:\\\/\\\/candas365.es\\\/noticias\\\/author\\\/admin\\\/#author\"},\"image\":{\"@type\":\"ImageObject\",\"url\":\"https:\\\/\\\/candas365.es\\\/noticias\\\/wp-content\\\/uploads\\\/2018\\\/06\\\/football-1406106_960_720.jpg\",\"@id\":\"https:\\\/\\\/candas365.es\\\/noticias\\\/el-annus-horribilis-espanol-de-la-fe-a-la-desafeccion\\\/#mainImage\",\"width\":960,\"height\":643},\"primaryImageOfPage\":{\"@id\":\"https:\\\/\\\/candas365.es\\\/noticias\\\/el-annus-horribilis-espanol-de-la-fe-a-la-desafeccion\\\/#mainImage\"},\"datePublished\":\"2018-11-20T02:02:36+01:00\",\"dateModified\":\"2018-11-20T02:02:36+01:00\"},{\"@type\":\"WebSite\",\"@id\":\"https:\\\/\\\/candas365.es\\\/noticias\\\/#website\",\"url\":\"https:\\\/\\\/candas365.es\\\/noticias\\\/\",\"name\":\"Cand\\u00e1s 365\",\"alternateName\":\"Cand\\u00e1s 365 Noticias\",\"description\":\"Actualidad desde Carre\\u00f1o para el mundo\",\"inLanguage\":\"es-ES\",\"publisher\":{\"@id\":\"https:\\\/\\\/candas365.es\\\/noticias\\\/#organization\"}}]}\n\t\t<\/script>\n\t\t<!-- All in One SEO Pro -->\r\n\t\t<title>El \u00abannus horribilis\u00bb espa\u00f1ol: de la fe a la desafecci\u00f3n | Cand\u00e1s 365<\/title>\n\n","aioseo_head_json":{"title":"El \u00abannus horribilis\u00bb espa\u00f1ol: de la fe a la desafecci\u00f3n | Cand\u00e1s 365","description":"Madrid, 19 nov (dpa) - En apenas cinco meses, la selecci\u00f3n espa\u00f1ola de f\u00fatbol pas\u00f3 de so\u00f1ar con todo derecho al t\u00edtulo mundial a provocar una profunda desafecci\u00f3n entre su hinchada, completamente desenganchada de su equipo nacional. Apenas 15.000 espectadores acudieron el domingo a la llamada de su selecci\u00f3n para ver su \u00faltimo partido del","canonical_url":"https:\/\/candas365.es\/noticias\/el-annus-horribilis-espanol-de-la-fe-a-la-desafeccion\/","robots":"max-image-preview:large","keywords":"deporte","webmasterTools":{"google-site-verification":"UA-32230408-1","msvalidate.01":"354F3CDFB2DA171B47FBE9ABF1F88D5","miscellaneous":""},"schema":{"@context":"https:\/\/schema.org","@graph":[{"@type":"BreadcrumbList","@id":"https:\/\/candas365.es\/noticias\/el-annus-horribilis-espanol-de-la-fe-a-la-desafeccion\/#breadcrumblist","itemListElement":[{"@type":"ListItem","@id":"https:\/\/candas365.es\/noticias#listItem","position":1,"name":"Home","item":"https:\/\/candas365.es\/noticias","nextItem":{"@type":"ListItem","@id":"https:\/\/candas365.es\/noticias\/category\/deporte\/#listItem","name":"Deporte"}},{"@type":"ListItem","@id":"https:\/\/candas365.es\/noticias\/category\/deporte\/#listItem","position":2,"name":"Deporte","item":"https:\/\/candas365.es\/noticias\/category\/deporte\/","nextItem":{"@type":"ListItem","@id":"https:\/\/candas365.es\/noticias\/el-annus-horribilis-espanol-de-la-fe-a-la-desafeccion\/#listItem","name":"El \u00abannus horribilis\u00bb espa\u00f1ol: de la fe a la desafecci\u00f3n"},"previousItem":{"@type":"ListItem","@id":"https:\/\/candas365.es\/noticias#listItem","name":"Home"}},{"@type":"ListItem","@id":"https:\/\/candas365.es\/noticias\/el-annus-horribilis-espanol-de-la-fe-a-la-desafeccion\/#listItem","position":3,"name":"El \u00abannus horribilis\u00bb espa\u00f1ol: de la fe a la desafecci\u00f3n","previousItem":{"@type":"ListItem","@id":"https:\/\/candas365.es\/noticias\/category\/deporte\/#listItem","name":"Deporte"}}]},{"@type":"NewsArticle","@id":"https:\/\/candas365.es\/noticias\/el-annus-horribilis-espanol-de-la-fe-a-la-desafeccion\/#newsarticle","name":"El \u00abannus horribilis\u00bb espa\u00f1ol: de la fe a la desafecci\u00f3n | Cand\u00e1s 365","headline":"El \u00abannus horribilis\u00bb espa\u00f1ol: de la fe a la desafecci\u00f3n","author":{"@id":"https:\/\/candas365.es\/noticias\/author\/admin\/#author"},"publisher":{"@id":"https:\/\/candas365.es\/noticias\/#organization"},"image":{"@type":"ImageObject","url":"https:\/\/candas365.es\/noticias\/wp-content\/uploads\/2018\/06\/football-1406106_960_720.jpg","width":960,"height":643},"datePublished":"2018-11-20T02:02:36+01:00","dateModified":"2018-11-20T02:02:36+01:00","inLanguage":"es-ES","mainEntityOfPage":{"@id":"https:\/\/candas365.es\/noticias\/el-annus-horribilis-espanol-de-la-fe-a-la-desafeccion\/#webpage"},"isPartOf":{"@id":"https:\/\/candas365.es\/noticias\/el-annus-horribilis-espanol-de-la-fe-a-la-desafeccion\/#webpage"},"articleSection":"Deporte","dateline":"Publicado el noviembre 20, 2018."},{"@type":"Organization","@id":"https:\/\/candas365.es\/noticias\/#organization","name":"Cand\u00e1s 365","description":"Cand\u00e1s 365 es un diario digital independiente, fundado en 2012, con base en Asturias. Informamos con rigor sobre actualidad, sociedad, cultura y ocio, con una mirada local y global.","url":"https:\/\/candas365.es\/noticias\/","email":"info@candas365.es","telephone":"+34652131393","foundingDate":"2012-06-10","logo":{"@type":"ImageObject","url":"https:\/\/candas365.es\/noticias\/wp-content\/uploads\/2024\/09\/Candas-365-Redes.jpg","@id":"https:\/\/candas365.es\/noticias\/el-annus-horribilis-espanol-de-la-fe-a-la-desafeccion\/#organizationLogo","width":1152,"height":864,"caption":"Cand\u00e1s 365 Redes"},"image":{"@id":"https:\/\/candas365.es\/noticias\/el-annus-horribilis-espanol-de-la-fe-a-la-desafeccion\/#organizationLogo"},"sameAs":["https:\/\/www.facebook.com\/Nachofdezber","https:\/\/x.com\/NabercoDigital","https:\/\/www.instagram.com\/nachofdezber\/","https:\/\/www.youtube.com\/channel\/UCZP-2wLEB9Rv6erhFmqVnvg"],"address":{"@id":"https:\/\/candas365.es\/noticias\/#postaladdress","@type":"PostalAddress","streetAddress":"san antonio 4, san antonio 4","postalCode":"33430","addressLocality":"Cand\u00e1s","addressRegion":"Asturias","addressCountry":"ES"}},{"@type":"Person","@id":"https:\/\/candas365.es\/noticias\/author\/admin\/#author","url":"https:\/\/candas365.es\/noticias\/author\/admin\/","name":"Cand\u00e1s 365","image":{"@type":"ImageObject","@id":"https:\/\/candas365.es\/noticias\/el-annus-horribilis-espanol-de-la-fe-a-la-desafeccion\/#authorImage","url":"https:\/\/secure.gravatar.com\/avatar\/496a8e03d0c493ede1718b7934145dbdf8d89be1036b0eec9544e1094c9de390?s=96&d=mm&r=g","width":96,"height":96,"caption":"Cand\u00e1s 365"},"sameAs":["https:\/\/www.facebook.com\/carrenoactualidad","https:\/\/twitter.com\/nbasturias","https:\/\/www.instagram.com\/nachofdezber\/","https:\/\/www.youtube.com\/channel\/UCZP-2wLEB9Rv6erhFmqVnvg"]},{"@type":"WebPage","@id":"https:\/\/candas365.es\/noticias\/el-annus-horribilis-espanol-de-la-fe-a-la-desafeccion\/#webpage","url":"https:\/\/candas365.es\/noticias\/el-annus-horribilis-espanol-de-la-fe-a-la-desafeccion\/","name":"El \u00abannus horribilis\u00bb espa\u00f1ol: de la fe a la desafecci\u00f3n | Cand\u00e1s 365","description":"Madrid, 19 nov (dpa) - En apenas cinco meses, la selecci\u00f3n espa\u00f1ola de f\u00fatbol pas\u00f3 de so\u00f1ar con todo derecho al t\u00edtulo mundial a provocar una profunda desafecci\u00f3n entre su hinchada, completamente desenganchada de su equipo nacional. Apenas 15.000 espectadores acudieron el domingo a la llamada de su selecci\u00f3n para ver su \u00faltimo partido del","inLanguage":"es-ES","isPartOf":{"@id":"https:\/\/candas365.es\/noticias\/#website"},"breadcrumb":{"@id":"https:\/\/candas365.es\/noticias\/el-annus-horribilis-espanol-de-la-fe-a-la-desafeccion\/#breadcrumblist"},"author":{"@id":"https:\/\/candas365.es\/noticias\/author\/admin\/#author"},"creator":{"@id":"https:\/\/candas365.es\/noticias\/author\/admin\/#author"},"image":{"@type":"ImageObject","url":"https:\/\/candas365.es\/noticias\/wp-content\/uploads\/2018\/06\/football-1406106_960_720.jpg","@id":"https:\/\/candas365.es\/noticias\/el-annus-horribilis-espanol-de-la-fe-a-la-desafeccion\/#mainImage","width":960,"height":643},"primaryImageOfPage":{"@id":"https:\/\/candas365.es\/noticias\/el-annus-horribilis-espanol-de-la-fe-a-la-desafeccion\/#mainImage"},"datePublished":"2018-11-20T02:02:36+01:00","dateModified":"2018-11-20T02:02:36+01:00"},{"@type":"WebSite","@id":"https:\/\/candas365.es\/noticias\/#website","url":"https:\/\/candas365.es\/noticias\/","name":"Cand\u00e1s 365","alternateName":"Cand\u00e1s 365 Noticias","description":"Actualidad desde Carre\u00f1o para el mundo","inLanguage":"es-ES","publisher":{"@id":"https:\/\/candas365.es\/noticias\/#organization"}}]},"og:locale":"es_ES","og:site_name":"Cand\u00e1s 365","og:type":"article","og:title":"El \u00abannus horribilis\u00bb espa\u00f1ol: de la fe a la desafecci\u00f3n | Cand\u00e1s 365","og:description":"Madrid, 19 nov (dpa) - En apenas cinco meses, la selecci\u00f3n espa\u00f1ola de f\u00fatbol pas\u00f3 de so\u00f1ar con todo derecho al t\u00edtulo mundial a provocar una profunda desafecci\u00f3n entre su hinchada, completamente desenganchada de su equipo nacional. Apenas 15.000 espectadores acudieron el domingo a la llamada de su selecci\u00f3n para ver su \u00faltimo partido del","og:url":"https:\/\/candas365.es\/noticias\/el-annus-horribilis-espanol-de-la-fe-a-la-desafeccion\/","og:image":"https:\/\/candas365.es\/noticias\/wp-content\/uploads\/2018\/06\/football-1406106_960_720.jpg","og:image:secure_url":"https:\/\/candas365.es\/noticias\/wp-content\/uploads\/2018\/06\/football-1406106_960_720.jpg","og:image:width":960,"og:image:height":643,"article:published_time":"2018-11-20T02:02:36+00:00","article:modified_time":"2018-11-20T02:02:36+00:00","article:publisher":"https:\/\/www.facebook.com\/Nachofdezber","article:author":"https:\/\/www.facebook.com\/carrenoactualidad","twitter:card":"summary_large_image","twitter:site":"@NabercoDigital","twitter:title":"El \u00abannus horribilis\u00bb espa\u00f1ol: de la fe a la desafecci\u00f3n | Cand\u00e1s 365","twitter:description":"Madrid, 19 nov (dpa) - En apenas cinco meses, la selecci\u00f3n espa\u00f1ola de f\u00fatbol pas\u00f3 de so\u00f1ar con todo derecho al t\u00edtulo mundial a provocar una profunda desafecci\u00f3n entre su hinchada, completamente desenganchada de su equipo nacional. Apenas 15.000 espectadores acudieron el domingo a la llamada de su selecci\u00f3n para ver su \u00faltimo partido del","twitter:creator":"@nbasturias","twitter:image":"https:\/\/candas365.es\/noticias\/wp-content\/uploads\/2018\/06\/football-1406106_960_720.jpg","twitter:label1":"Escrito por","twitter:data1":"Cand\u00e1s 365","twitter:label2":"Tiempo de lectura estimado","twitter:data2":"3 minutos"},"aioseo_meta_data":{"post_id":"110224","title":null,"description":null,"keywords":null,"keyphrases":null,"primary_term":null,"canonical_url":null,"og_title":null,"og_description":null,"og_object_type":"default","og_image_type":"default","og_image_url":null,"og_image_width":null,"og_image_height":null,"og_image_custom_url":null,"og_image_custom_fields":null,"og_video":null,"og_custom_url":null,"og_article_section":null,"og_article_tags":null,"twitter_use_og":false,"twitter_card":"default","twitter_image_type":"default","twitter_image_url":null,"twitter_image_custom_url":null,"twitter_image_custom_fields":null,"twitter_title":null,"twitter_description":null,"schema":{"blockGraphs":[],"customGraphs":[],"default":{"data":{"Article":[],"Course":[],"Dataset":[],"FAQPage":[],"Movie":[],"Person":[],"Product":[],"ProductReview":[],"Car":[],"Recipe":[],"Service":[],"SoftwareApplication":[],"WebPage":[]},"graphName":"","isEnabled":true},"graphs":[],"defaultGraph":"","defaultPostTypeGraph":""},"schema_type":null,"schema_type_options":null,"pillar_content":false,"robots_default":true,"robots_noindex":false,"robots_noarchive":false,"robots_nosnippet":false,"robots_nofollow":false,"robots_noimageindex":false,"robots_noodp":false,"robots_notranslate":false,"robots_max_snippet":null,"robots_max_videopreview":null,"robots_max_imagepreview":"large","priority":null,"frequency":null,"location":null,"local_seo":null,"seo_analyzer_scan_date":"2025-08-28 12:00:49","breadcrumb_settings":null,"limit_modified_date":false,"reviewed_by":null,"open_ai":null,"ai":null,"created":"2020-12-21 11:38:47","updated":"2025-08-28 12:00:49"},"aioseo_breadcrumb":"<div class=\"aioseo-breadcrumbs\"><span class=\"aioseo-breadcrumb\">\n\t<a href=\"https:\/\/candas365.es\/noticias\" title=\"Home\">Home<\/a>\n<\/span><span class=\"aioseo-breadcrumb-separator\">&ndash;<\/span><span class=\"aioseo-breadcrumb\">\n\t<a href=\"https:\/\/candas365.es\/noticias\/category\/deporte\/\" title=\"Deporte\">Deporte<\/a>\n<\/span><span class=\"aioseo-breadcrumb-separator\">&ndash;<\/span><span class=\"aioseo-breadcrumb\">\n\tEl \u00abannus horribilis\u00bb espa\u00f1ol: de la fe a la desafecci\u00f3n\n<\/span><\/div>","aioseo_breadcrumb_json":[{"label":"Home","link":"https:\/\/candas365.es\/noticias"},{"label":"Deporte","link":"https:\/\/candas365.es\/noticias\/category\/deporte\/"},{"label":"El \u00abannus horribilis\u00bb espa\u00f1ol: de la fe a la desafecci\u00f3n","link":"https:\/\/candas365.es\/noticias\/el-annus-horribilis-espanol-de-la-fe-a-la-desafeccion\/"}],"_links":{"self":[{"href":"https:\/\/candas365.es\/noticias\/wp-json\/wp\/v2\/posts\/110224","targetHints":{"allow":["GET"]}}],"collection":[{"href":"https:\/\/candas365.es\/noticias\/wp-json\/wp\/v2\/posts"}],"about":[{"href":"https:\/\/candas365.es\/noticias\/wp-json\/wp\/v2\/types\/post"}],"author":[{"embeddable":true,"href":"https:\/\/candas365.es\/noticias\/wp-json\/wp\/v2\/users\/1"}],"replies":[{"embeddable":true,"href":"https:\/\/candas365.es\/noticias\/wp-json\/wp\/v2\/comments?post=110224"}],"version-history":[{"count":0,"href":"https:\/\/candas365.es\/noticias\/wp-json\/wp\/v2\/posts\/110224\/revisions"}],"wp:featuredmedia":[{"embeddable":true,"href":"https:\/\/candas365.es\/noticias\/wp-json\/wp\/v2\/media\/98004"}],"wp:attachment":[{"href":"https:\/\/candas365.es\/noticias\/wp-json\/wp\/v2\/media?parent=110224"}],"wp:term":[{"taxonomy":"category","embeddable":true,"href":"https:\/\/candas365.es\/noticias\/wp-json\/wp\/v2\/categories?post=110224"},{"taxonomy":"post_tag","embeddable":true,"href":"https:\/\/candas365.es\/noticias\/wp-json\/wp\/v2\/tags?post=110224"}],"curies":[{"name":"wp","href":"https:\/\/api.w.org\/{rel}","templated":true}]}}