{"id":110222,"date":"2018-11-20T02:00:21","date_gmt":"2018-11-20T02:00:21","guid":{"rendered":"http:\/\/candas365.es\/noticias\/?p=110222"},"modified":"2018-11-20T02:00:21","modified_gmt":"2018-11-20T02:00:21","slug":"garcia-el-politico-por-definicion-busca-de-nuevo-asilo-como-salida","status":"publish","type":"post","link":"https:\/\/candas365.es\/noticias\/garcia-el-politico-por-definicion-busca-de-nuevo-asilo-como-salida\/","title":{"rendered":"Garc\u00eda, el pol\u00edtico por definici\u00f3n, busca de nuevo asilo como salida"},"content":{"rendered":"<p><img fetchpriority=\"high\" decoding=\"async\" src=\"https:\/\/candas365.es\/noticias\/wp-content\/uploads\/2018\/11\/uruguay-3627261_960_720-360x240.jpg\" alt=\"\" width=\"360\" height=\"240\" class=\"alignleft size-medium wp-image-110152\" srcset=\"https:\/\/candas365.es\/noticias\/wp-content\/uploads\/2018\/11\/uruguay-3627261_960_720-360x240.jpg 360w, https:\/\/candas365.es\/noticias\/wp-content\/uploads\/2018\/11\/uruguay-3627261_960_720-768x513.jpg 768w, https:\/\/candas365.es\/noticias\/wp-content\/uploads\/2018\/11\/uruguay-3627261_960_720-655x437.jpg 655w, https:\/\/candas365.es\/noticias\/wp-content\/uploads\/2018\/11\/uruguay-3627261_960_720-696x465.jpg 696w, https:\/\/candas365.es\/noticias\/wp-content\/uploads\/2018\/11\/uruguay-3627261_960_720-629x420.jpg 629w, https:\/\/candas365.es\/noticias\/wp-content\/uploads\/2018\/11\/uruguay-3627261_960_720.jpg 960w\" sizes=\"(max-width: 360px) 100vw, 360px\" \/>Lima, 19 nov (dpa) &#8211; Cuando hacia 1940 el partido Alianza Popular Revolucionaria Americana (APRA) vio que su dirigente Carlos Garc\u00eda estaba en la mira de la dictadura de turno en el Per\u00fa, lo envi\u00f3 a la ciudad de Arequipa, al cuidado de una familia sin sospechas.<\/p>\n<p>Garc\u00eda se enamor\u00f3 de una chica de aquella familia, Nita P\u00e9rez, con quien se cas\u00f3 y tuvo dos hijos, uno de los cuales, Alan, termin\u00f3 como m\u00e1ximo l\u00edder del hist\u00f3rico APRA, que hoy, tras virar a la derecha, se llama Partido Aprista Peruano (PAP).<\/p>\n<p>Alan, de 69 a\u00f1os, est\u00e1 hoy de nuevo en los focos. Pide asilo en Uruguay en el ocaso de una carrera pol\u00edtica que comenz\u00f3 cuando era estudiante de Derecho y emergi\u00f3 como un l\u00edder distinto por carisma, inteligencia y capacidad oratoria.<\/p>\n<p>En 1978, con 29 a\u00f1os, fue miembro de la Asamblea que redact\u00f3 una nueva Constituci\u00f3n. En 1980 lleg\u00f3 al Congreso y en 1985 con una arrolladora votaci\u00f3n gan\u00f3 la presidencia a los 36 a\u00f1os. El primer aprista en lograrlo. No solo el Per\u00fa, sino Am\u00e9rica Latina, segu\u00eda los pasos del nuevo l\u00edder del \u00abantiimperialismo\u00bb.<\/p>\n<p>Pero sus cinco a\u00f1os de Gobierno fueron un desastre. El populismo econ\u00f3mico gener\u00f3 una inflaci\u00f3n de m\u00e1s de 2,2 millones por ciento, mientras el pa\u00eds se desangraba ante la acci\u00f3n de grupos armados de ultraizquierda y una respuesta estatal muchas veces sin control.<\/p>\n<p>Garc\u00eda dej\u00f3 el poder adem\u00e1s rodeado de m\u00faltiples acusaciones de corrupci\u00f3n. Su situaci\u00f3n luc\u00eda desesperada cuando el 5 de abril de 1992 le lleg\u00f3 un inesperado salvavidas.<\/p>\n<p>Ese d\u00eda, Alberto Fujimori, dio un \u00abautogolpe\u00bb de Estado. Una de las primeras acciones de la dictadura fue tratar de encarcelarlo. Dice la leyenda que Garc\u00eda se escondi\u00f3 en un tanque de agua. Versiones afirman que la intenci\u00f3n real era asesinarlo.<\/p>\n<p>Horas despu\u00e9s, apareci\u00f3 en la casa del embajador de Colombia y recibi\u00f3 el asilo que le permiti\u00f3 vivir los siguientes a\u00f1os a cuerpo de rey entre Bogot\u00e1 y Par\u00eds.<\/p>\n<p>Muchos pensaron que as\u00ed transcurrir\u00eda el resto de su vida. Pero cuando en 2000 cay\u00f3 el Gobierno de Fujimori, supo que los delitos de los que lo acusaban hab\u00edan prescrito y decidi\u00f3 volver al Per\u00fa a pesar de las risas de quienes lo llamaban cad\u00e1ver pol\u00edtico.<\/p>\n<p>Garc\u00eda se postul\u00f3 para la presidencia en 2001 y, tras arrancar con menos de uno por ciento en las encuestas, escal\u00f3 hasta llegar a segunda vuelta, donde perdi\u00f3 con Alejandro Toledo.<\/p>\n<p>Su capacidad para revertir el desprestigio parec\u00eda m\u00e1gica. Y a nadie sorprendi\u00f3 que ganara en 2006, present\u00e1ndose como opci\u00f3n de avanzada ante la propuesta socialcristiana de Lourdes Flores.<\/p>\n<p>En el Gobierno, el otrora izquierdista dio un giro radical y se convirti\u00f3 en un ac\u00e9rrimo liberal (en lo econ\u00f3mico) y conservador (en lo social). Con vientos internacionales a su favor, el Per\u00fa avanz\u00f3, aunque sin nitidez en la lucha contra la inequidad.<\/p>\n<p>Pero en algo se parecieron sus gobiernos: las sospechas de una desbordada corrupci\u00f3n. Con o sin pruebas, el nombre Alan Garc\u00eda es para los peruanos una especie de marca de ilegalidad.<\/p>\n<p>En 2016 quiso un nuevo regreso. Pero esta vez el \u00abego colosal\u00bb que le atribuy\u00f3 un ex embajador de Estados Unidos fue castigado con una p\u00edrrica votaci\u00f3n. Se radic\u00f3 entonces en Espa\u00f1a con su tercera compa\u00f1era sentimental y madre del menor de sus seis hijos.<\/p>\n<p>Pero, en lo que parec\u00eda un regreso fugaz a Lima, la pol\u00edtica y la Justicia volvieron a ponerlo ante la disyuntiva del asilo. Hoy, a diferencia de 1992, no hay una dictadura y s\u00ed hay en cambio una orden judicial de impedimento de salida del pa\u00eds. Pero con el hijo de Carlos y Nita nunca se sabe.<\/p>\n<p>Por Gonzalo Ruiz Tovar (dpa)<\/p>\n","protected":false},"excerpt":{"rendered":"<p>Lima, 19 nov (dpa) &#8211; Cuando hacia 1940 el partido Alianza Popular Revolucionaria Americana (APRA) vio que su dirigente Carlos Garc\u00eda estaba en la mira de la dictadura de turno en el Per\u00fa, lo envi\u00f3 a la ciudad de Arequipa, al cuidado de una familia sin sospechas. Garc\u00eda se enamor\u00f3 de una chica de aquella<\/p>\n","protected":false},"author":1,"featured_media":110152,"comment_status":"closed","ping_status":"closed","sticky":false,"template":"","format":"standard","meta":{"footnotes":""},"categories":[143],"tags":[],"class_list":{"0":"post-110222","1":"post","2":"type-post","3":"status-publish","4":"format-standard","5":"has-post-thumbnail","7":"category-sociedad"},"aioseo_notices":[],"aioseo_head":"\n\t\t<!-- All in One SEO Pro 4.9.6.2 - aioseo.com -->\n\t<meta name=\"description\" content=\"Lima, 19 nov (dpa) - Cuando hacia 1940 el partido Alianza Popular Revolucionaria Americana (APRA) vio que su dirigente Carlos Garc\u00eda estaba en la mira de la dictadura de turno en el Per\u00fa, lo envi\u00f3 a la ciudad de Arequipa, al cuidado de una familia sin sospechas. Garc\u00eda se enamor\u00f3 de una chica de aquella\" \/>\n\t<meta name=\"robots\" content=\"max-image-preview:large\" \/>\n\t<meta name=\"author\" content=\"Cand\u00e1s 365\"\/>\n\t<meta name=\"google-site-verification\" content=\"UA-32230408-1\" \/>\n\t<meta name=\"msvalidate.01\" content=\"354F3CDFB2DA171B47FBE9ABF1F88D5\" \/>\n\t<meta name=\"keywords\" content=\"sociedad\" \/>\n\t<link rel=\"canonical\" href=\"https:\/\/candas365.es\/noticias\/garcia-el-politico-por-definicion-busca-de-nuevo-asilo-como-salida\/\" \/>\n\t<meta name=\"generator\" content=\"All in One SEO Pro (AIOSEO) 4.9.6.2\" \/>\n\t\t<meta property=\"og:locale\" content=\"es_ES\" \/>\n\t\t<meta property=\"og:site_name\" content=\"Cand\u00e1s 365\" \/>\n\t\t<meta property=\"og:type\" content=\"article\" \/>\n\t\t<meta property=\"og:title\" content=\"Garc\u00eda, el pol\u00edtico por definici\u00f3n, busca de nuevo asilo como salida | Cand\u00e1s 365\" \/>\n\t\t<meta property=\"og:description\" content=\"Lima, 19 nov (dpa) - Cuando hacia 1940 el partido Alianza Popular Revolucionaria Americana (APRA) vio que su dirigente Carlos Garc\u00eda estaba en la mira de la dictadura de turno en el Per\u00fa, lo envi\u00f3 a la ciudad de Arequipa, al cuidado de una familia sin sospechas. Garc\u00eda se enamor\u00f3 de una chica de aquella\" \/>\n\t\t<meta property=\"og:url\" content=\"https:\/\/candas365.es\/noticias\/garcia-el-politico-por-definicion-busca-de-nuevo-asilo-como-salida\/\" \/>\n\t\t<meta property=\"og:image\" content=\"https:\/\/candas365.es\/noticias\/wp-content\/uploads\/2018\/11\/uruguay-3627261_960_720.jpg\" \/>\n\t\t<meta property=\"og:image:secure_url\" content=\"https:\/\/candas365.es\/noticias\/wp-content\/uploads\/2018\/11\/uruguay-3627261_960_720.jpg\" \/>\n\t\t<meta property=\"og:image:width\" content=\"960\" \/>\n\t\t<meta property=\"og:image:height\" content=\"641\" \/>\n\t\t<meta property=\"article:published_time\" content=\"2018-11-20T02:00:21+00:00\" \/>\n\t\t<meta property=\"article:modified_time\" content=\"2018-11-20T02:00:21+00:00\" \/>\n\t\t<meta property=\"article:publisher\" content=\"https:\/\/www.facebook.com\/Nachofdezber\" \/>\n\t\t<meta property=\"article:author\" content=\"https:\/\/www.facebook.com\/carrenoactualidad\" \/>\n\t\t<meta name=\"twitter:card\" content=\"summary_large_image\" \/>\n\t\t<meta name=\"twitter:site\" content=\"@NabercoDigital\" \/>\n\t\t<meta name=\"twitter:title\" content=\"Garc\u00eda, el pol\u00edtico por definici\u00f3n, busca de nuevo asilo como salida | Cand\u00e1s 365\" \/>\n\t\t<meta name=\"twitter:description\" content=\"Lima, 19 nov (dpa) - Cuando hacia 1940 el partido Alianza Popular Revolucionaria Americana (APRA) vio que su dirigente Carlos Garc\u00eda estaba en la mira de la dictadura de turno en el Per\u00fa, lo envi\u00f3 a la ciudad de Arequipa, al cuidado de una familia sin sospechas. Garc\u00eda se enamor\u00f3 de una chica de aquella\" \/>\n\t\t<meta name=\"twitter:creator\" content=\"@nbasturias\" \/>\n\t\t<meta name=\"twitter:image\" content=\"https:\/\/candas365.es\/noticias\/wp-content\/uploads\/2018\/11\/uruguay-3627261_960_720.jpg\" \/>\n\t\t<meta name=\"twitter:label1\" content=\"Escrito por\" \/>\n\t\t<meta name=\"twitter:data1\" content=\"Cand\u00e1s 365\" \/>\n\t\t<meta name=\"twitter:label2\" content=\"Tiempo de lectura estimado\" \/>\n\t\t<meta name=\"twitter:data2\" content=\"3 minutos\" \/>\n\t\t<script type=\"application\/ld+json\" class=\"aioseo-schema\">\n\t\t\t{\"@context\":\"https:\\\/\\\/schema.org\",\"@graph\":[{\"@type\":\"BreadcrumbList\",\"@id\":\"https:\\\/\\\/candas365.es\\\/noticias\\\/garcia-el-politico-por-definicion-busca-de-nuevo-asilo-como-salida\\\/#breadcrumblist\",\"itemListElement\":[{\"@type\":\"ListItem\",\"@id\":\"https:\\\/\\\/candas365.es\\\/noticias#listItem\",\"position\":1,\"name\":\"Home\",\"item\":\"https:\\\/\\\/candas365.es\\\/noticias\",\"nextItem\":{\"@type\":\"ListItem\",\"@id\":\"https:\\\/\\\/candas365.es\\\/noticias\\\/category\\\/sociedad\\\/#listItem\",\"name\":\"Sociedad\"}},{\"@type\":\"ListItem\",\"@id\":\"https:\\\/\\\/candas365.es\\\/noticias\\\/category\\\/sociedad\\\/#listItem\",\"position\":2,\"name\":\"Sociedad\",\"item\":\"https:\\\/\\\/candas365.es\\\/noticias\\\/category\\\/sociedad\\\/\",\"nextItem\":{\"@type\":\"ListItem\",\"@id\":\"https:\\\/\\\/candas365.es\\\/noticias\\\/garcia-el-politico-por-definicion-busca-de-nuevo-asilo-como-salida\\\/#listItem\",\"name\":\"Garc\\u00eda, el pol\\u00edtico por definici\\u00f3n, busca de nuevo asilo como salida\"},\"previousItem\":{\"@type\":\"ListItem\",\"@id\":\"https:\\\/\\\/candas365.es\\\/noticias#listItem\",\"name\":\"Home\"}},{\"@type\":\"ListItem\",\"@id\":\"https:\\\/\\\/candas365.es\\\/noticias\\\/garcia-el-politico-por-definicion-busca-de-nuevo-asilo-como-salida\\\/#listItem\",\"position\":3,\"name\":\"Garc\\u00eda, el pol\\u00edtico por definici\\u00f3n, busca de nuevo asilo como salida\",\"previousItem\":{\"@type\":\"ListItem\",\"@id\":\"https:\\\/\\\/candas365.es\\\/noticias\\\/category\\\/sociedad\\\/#listItem\",\"name\":\"Sociedad\"}}]},{\"@type\":\"NewsArticle\",\"@id\":\"https:\\\/\\\/candas365.es\\\/noticias\\\/garcia-el-politico-por-definicion-busca-de-nuevo-asilo-como-salida\\\/#newsarticle\",\"name\":\"Garc\\u00eda, el pol\\u00edtico por definici\\u00f3n, busca de nuevo asilo como salida | Cand\\u00e1s 365\",\"headline\":\"Garc\\u00eda, el pol\\u00edtico por definici\\u00f3n, busca de nuevo asilo como salida\",\"author\":{\"@id\":\"https:\\\/\\\/candas365.es\\\/noticias\\\/author\\\/admin\\\/#author\"},\"publisher\":{\"@id\":\"https:\\\/\\\/candas365.es\\\/noticias\\\/#organization\"},\"image\":{\"@type\":\"ImageObject\",\"url\":\"https:\\\/\\\/candas365.es\\\/noticias\\\/wp-content\\\/uploads\\\/2018\\\/11\\\/uruguay-3627261_960_720.jpg\",\"width\":960,\"height\":641},\"datePublished\":\"2018-11-20T02:00:21+01:00\",\"dateModified\":\"2018-11-20T02:00:21+01:00\",\"inLanguage\":\"es-ES\",\"mainEntityOfPage\":{\"@id\":\"https:\\\/\\\/candas365.es\\\/noticias\\\/garcia-el-politico-por-definicion-busca-de-nuevo-asilo-como-salida\\\/#webpage\"},\"isPartOf\":{\"@id\":\"https:\\\/\\\/candas365.es\\\/noticias\\\/garcia-el-politico-por-definicion-busca-de-nuevo-asilo-como-salida\\\/#webpage\"},\"articleSection\":\"Sociedad\",\"dateline\":\"Publicado el noviembre 20, 2018.\"},{\"@type\":\"Organization\",\"@id\":\"https:\\\/\\\/candas365.es\\\/noticias\\\/#organization\",\"name\":\"Cand\\u00e1s 365\",\"description\":\"Cand\\u00e1s 365 es un diario digital independiente, fundado en 2012, con base en Asturias. Informamos con rigor sobre actualidad, sociedad, cultura y ocio, con una mirada local y global.\",\"url\":\"https:\\\/\\\/candas365.es\\\/noticias\\\/\",\"email\":\"info@candas365.es\",\"telephone\":\"+34652131393\",\"foundingDate\":\"2012-06-10\",\"logo\":{\"@type\":\"ImageObject\",\"url\":\"https:\\\/\\\/candas365.es\\\/noticias\\\/wp-content\\\/uploads\\\/2024\\\/09\\\/Candas-365-Redes.jpg\",\"@id\":\"https:\\\/\\\/candas365.es\\\/noticias\\\/garcia-el-politico-por-definicion-busca-de-nuevo-asilo-como-salida\\\/#organizationLogo\",\"width\":1152,\"height\":864,\"caption\":\"Cand\\u00e1s 365 Redes\"},\"image\":{\"@id\":\"https:\\\/\\\/candas365.es\\\/noticias\\\/garcia-el-politico-por-definicion-busca-de-nuevo-asilo-como-salida\\\/#organizationLogo\"},\"sameAs\":[\"https:\\\/\\\/www.facebook.com\\\/Nachofdezber\",\"https:\\\/\\\/x.com\\\/NabercoDigital\",\"https:\\\/\\\/www.instagram.com\\\/nachofdezber\\\/\",\"https:\\\/\\\/www.youtube.com\\\/channel\\\/UCZP-2wLEB9Rv6erhFmqVnvg\"],\"address\":{\"@id\":\"https:\\\/\\\/candas365.es\\\/noticias\\\/#postaladdress\",\"@type\":\"PostalAddress\",\"streetAddress\":\"san antonio 4, san antonio 4\",\"postalCode\":\"33430\",\"addressLocality\":\"Cand\\u00e1s\",\"addressRegion\":\"Asturias\",\"addressCountry\":\"ES\"}},{\"@type\":\"Person\",\"@id\":\"https:\\\/\\\/candas365.es\\\/noticias\\\/author\\\/admin\\\/#author\",\"url\":\"https:\\\/\\\/candas365.es\\\/noticias\\\/author\\\/admin\\\/\",\"name\":\"Cand\\u00e1s 365\",\"image\":{\"@type\":\"ImageObject\",\"@id\":\"https:\\\/\\\/candas365.es\\\/noticias\\\/garcia-el-politico-por-definicion-busca-de-nuevo-asilo-como-salida\\\/#authorImage\",\"url\":\"https:\\\/\\\/secure.gravatar.com\\\/avatar\\\/496a8e03d0c493ede1718b7934145dbdf8d89be1036b0eec9544e1094c9de390?s=96&d=mm&r=g\",\"width\":96,\"height\":96,\"caption\":\"Cand\\u00e1s 365\"},\"sameAs\":[\"https:\\\/\\\/www.facebook.com\\\/carrenoactualidad\",\"https:\\\/\\\/twitter.com\\\/nbasturias\",\"https:\\\/\\\/www.instagram.com\\\/nachofdezber\\\/\",\"https:\\\/\\\/www.youtube.com\\\/channel\\\/UCZP-2wLEB9Rv6erhFmqVnvg\"]},{\"@type\":\"WebPage\",\"@id\":\"https:\\\/\\\/candas365.es\\\/noticias\\\/garcia-el-politico-por-definicion-busca-de-nuevo-asilo-como-salida\\\/#webpage\",\"url\":\"https:\\\/\\\/candas365.es\\\/noticias\\\/garcia-el-politico-por-definicion-busca-de-nuevo-asilo-como-salida\\\/\",\"name\":\"Garc\\u00eda, el pol\\u00edtico por definici\\u00f3n, busca de nuevo asilo como salida | Cand\\u00e1s 365\",\"description\":\"Lima, 19 nov (dpa) - Cuando hacia 1940 el partido Alianza Popular Revolucionaria Americana (APRA) vio que su dirigente Carlos Garc\\u00eda estaba en la mira de la dictadura de turno en el Per\\u00fa, lo envi\\u00f3 a la ciudad de Arequipa, al cuidado de una familia sin sospechas. Garc\\u00eda se enamor\\u00f3 de una chica de aquella\",\"inLanguage\":\"es-ES\",\"isPartOf\":{\"@id\":\"https:\\\/\\\/candas365.es\\\/noticias\\\/#website\"},\"breadcrumb\":{\"@id\":\"https:\\\/\\\/candas365.es\\\/noticias\\\/garcia-el-politico-por-definicion-busca-de-nuevo-asilo-como-salida\\\/#breadcrumblist\"},\"author\":{\"@id\":\"https:\\\/\\\/candas365.es\\\/noticias\\\/author\\\/admin\\\/#author\"},\"creator\":{\"@id\":\"https:\\\/\\\/candas365.es\\\/noticias\\\/author\\\/admin\\\/#author\"},\"image\":{\"@type\":\"ImageObject\",\"url\":\"https:\\\/\\\/candas365.es\\\/noticias\\\/wp-content\\\/uploads\\\/2018\\\/11\\\/uruguay-3627261_960_720.jpg\",\"@id\":\"https:\\\/\\\/candas365.es\\\/noticias\\\/garcia-el-politico-por-definicion-busca-de-nuevo-asilo-como-salida\\\/#mainImage\",\"width\":960,\"height\":641},\"primaryImageOfPage\":{\"@id\":\"https:\\\/\\\/candas365.es\\\/noticias\\\/garcia-el-politico-por-definicion-busca-de-nuevo-asilo-como-salida\\\/#mainImage\"},\"datePublished\":\"2018-11-20T02:00:21+01:00\",\"dateModified\":\"2018-11-20T02:00:21+01:00\"},{\"@type\":\"WebSite\",\"@id\":\"https:\\\/\\\/candas365.es\\\/noticias\\\/#website\",\"url\":\"https:\\\/\\\/candas365.es\\\/noticias\\\/\",\"name\":\"Cand\\u00e1s 365\",\"alternateName\":\"Cand\\u00e1s 365 Noticias\",\"description\":\"Actualidad desde Carre\\u00f1o para el mundo\",\"inLanguage\":\"es-ES\",\"publisher\":{\"@id\":\"https:\\\/\\\/candas365.es\\\/noticias\\\/#organization\"}}]}\n\t\t<\/script>\n\t\t<!-- All in One SEO Pro -->\r\n\t\t<title>Garc\u00eda, el pol\u00edtico por definici\u00f3n, busca de nuevo asilo como salida | Cand\u00e1s 365<\/title>\n\n","aioseo_head_json":{"title":"Garc\u00eda, el pol\u00edtico por definici\u00f3n, busca de nuevo asilo como salida | Cand\u00e1s 365","description":"Lima, 19 nov (dpa) - Cuando hacia 1940 el partido Alianza Popular Revolucionaria Americana (APRA) vio que su dirigente Carlos Garc\u00eda estaba en la mira de la dictadura de turno en el Per\u00fa, lo envi\u00f3 a la ciudad de Arequipa, al cuidado de una familia sin sospechas. Garc\u00eda se enamor\u00f3 de una chica de aquella","canonical_url":"https:\/\/candas365.es\/noticias\/garcia-el-politico-por-definicion-busca-de-nuevo-asilo-como-salida\/","robots":"max-image-preview:large","keywords":"sociedad","webmasterTools":{"google-site-verification":"UA-32230408-1","msvalidate.01":"354F3CDFB2DA171B47FBE9ABF1F88D5","miscellaneous":""},"schema":{"@context":"https:\/\/schema.org","@graph":[{"@type":"BreadcrumbList","@id":"https:\/\/candas365.es\/noticias\/garcia-el-politico-por-definicion-busca-de-nuevo-asilo-como-salida\/#breadcrumblist","itemListElement":[{"@type":"ListItem","@id":"https:\/\/candas365.es\/noticias#listItem","position":1,"name":"Home","item":"https:\/\/candas365.es\/noticias","nextItem":{"@type":"ListItem","@id":"https:\/\/candas365.es\/noticias\/category\/sociedad\/#listItem","name":"Sociedad"}},{"@type":"ListItem","@id":"https:\/\/candas365.es\/noticias\/category\/sociedad\/#listItem","position":2,"name":"Sociedad","item":"https:\/\/candas365.es\/noticias\/category\/sociedad\/","nextItem":{"@type":"ListItem","@id":"https:\/\/candas365.es\/noticias\/garcia-el-politico-por-definicion-busca-de-nuevo-asilo-como-salida\/#listItem","name":"Garc\u00eda, el pol\u00edtico por definici\u00f3n, busca de nuevo asilo como salida"},"previousItem":{"@type":"ListItem","@id":"https:\/\/candas365.es\/noticias#listItem","name":"Home"}},{"@type":"ListItem","@id":"https:\/\/candas365.es\/noticias\/garcia-el-politico-por-definicion-busca-de-nuevo-asilo-como-salida\/#listItem","position":3,"name":"Garc\u00eda, el pol\u00edtico por definici\u00f3n, busca de nuevo asilo como salida","previousItem":{"@type":"ListItem","@id":"https:\/\/candas365.es\/noticias\/category\/sociedad\/#listItem","name":"Sociedad"}}]},{"@type":"NewsArticle","@id":"https:\/\/candas365.es\/noticias\/garcia-el-politico-por-definicion-busca-de-nuevo-asilo-como-salida\/#newsarticle","name":"Garc\u00eda, el pol\u00edtico por definici\u00f3n, busca de nuevo asilo como salida | Cand\u00e1s 365","headline":"Garc\u00eda, el pol\u00edtico por definici\u00f3n, busca de nuevo asilo como salida","author":{"@id":"https:\/\/candas365.es\/noticias\/author\/admin\/#author"},"publisher":{"@id":"https:\/\/candas365.es\/noticias\/#organization"},"image":{"@type":"ImageObject","url":"https:\/\/candas365.es\/noticias\/wp-content\/uploads\/2018\/11\/uruguay-3627261_960_720.jpg","width":960,"height":641},"datePublished":"2018-11-20T02:00:21+01:00","dateModified":"2018-11-20T02:00:21+01:00","inLanguage":"es-ES","mainEntityOfPage":{"@id":"https:\/\/candas365.es\/noticias\/garcia-el-politico-por-definicion-busca-de-nuevo-asilo-como-salida\/#webpage"},"isPartOf":{"@id":"https:\/\/candas365.es\/noticias\/garcia-el-politico-por-definicion-busca-de-nuevo-asilo-como-salida\/#webpage"},"articleSection":"Sociedad","dateline":"Publicado el noviembre 20, 2018."},{"@type":"Organization","@id":"https:\/\/candas365.es\/noticias\/#organization","name":"Cand\u00e1s 365","description":"Cand\u00e1s 365 es un diario digital independiente, fundado en 2012, con base en Asturias. Informamos con rigor sobre actualidad, sociedad, cultura y ocio, con una mirada local y global.","url":"https:\/\/candas365.es\/noticias\/","email":"info@candas365.es","telephone":"+34652131393","foundingDate":"2012-06-10","logo":{"@type":"ImageObject","url":"https:\/\/candas365.es\/noticias\/wp-content\/uploads\/2024\/09\/Candas-365-Redes.jpg","@id":"https:\/\/candas365.es\/noticias\/garcia-el-politico-por-definicion-busca-de-nuevo-asilo-como-salida\/#organizationLogo","width":1152,"height":864,"caption":"Cand\u00e1s 365 Redes"},"image":{"@id":"https:\/\/candas365.es\/noticias\/garcia-el-politico-por-definicion-busca-de-nuevo-asilo-como-salida\/#organizationLogo"},"sameAs":["https:\/\/www.facebook.com\/Nachofdezber","https:\/\/x.com\/NabercoDigital","https:\/\/www.instagram.com\/nachofdezber\/","https:\/\/www.youtube.com\/channel\/UCZP-2wLEB9Rv6erhFmqVnvg"],"address":{"@id":"https:\/\/candas365.es\/noticias\/#postaladdress","@type":"PostalAddress","streetAddress":"san antonio 4, san antonio 4","postalCode":"33430","addressLocality":"Cand\u00e1s","addressRegion":"Asturias","addressCountry":"ES"}},{"@type":"Person","@id":"https:\/\/candas365.es\/noticias\/author\/admin\/#author","url":"https:\/\/candas365.es\/noticias\/author\/admin\/","name":"Cand\u00e1s 365","image":{"@type":"ImageObject","@id":"https:\/\/candas365.es\/noticias\/garcia-el-politico-por-definicion-busca-de-nuevo-asilo-como-salida\/#authorImage","url":"https:\/\/secure.gravatar.com\/avatar\/496a8e03d0c493ede1718b7934145dbdf8d89be1036b0eec9544e1094c9de390?s=96&d=mm&r=g","width":96,"height":96,"caption":"Cand\u00e1s 365"},"sameAs":["https:\/\/www.facebook.com\/carrenoactualidad","https:\/\/twitter.com\/nbasturias","https:\/\/www.instagram.com\/nachofdezber\/","https:\/\/www.youtube.com\/channel\/UCZP-2wLEB9Rv6erhFmqVnvg"]},{"@type":"WebPage","@id":"https:\/\/candas365.es\/noticias\/garcia-el-politico-por-definicion-busca-de-nuevo-asilo-como-salida\/#webpage","url":"https:\/\/candas365.es\/noticias\/garcia-el-politico-por-definicion-busca-de-nuevo-asilo-como-salida\/","name":"Garc\u00eda, el pol\u00edtico por definici\u00f3n, busca de nuevo asilo como salida | Cand\u00e1s 365","description":"Lima, 19 nov (dpa) - Cuando hacia 1940 el partido Alianza Popular Revolucionaria Americana (APRA) vio que su dirigente Carlos Garc\u00eda estaba en la mira de la dictadura de turno en el Per\u00fa, lo envi\u00f3 a la ciudad de Arequipa, al cuidado de una familia sin sospechas. Garc\u00eda se enamor\u00f3 de una chica de aquella","inLanguage":"es-ES","isPartOf":{"@id":"https:\/\/candas365.es\/noticias\/#website"},"breadcrumb":{"@id":"https:\/\/candas365.es\/noticias\/garcia-el-politico-por-definicion-busca-de-nuevo-asilo-como-salida\/#breadcrumblist"},"author":{"@id":"https:\/\/candas365.es\/noticias\/author\/admin\/#author"},"creator":{"@id":"https:\/\/candas365.es\/noticias\/author\/admin\/#author"},"image":{"@type":"ImageObject","url":"https:\/\/candas365.es\/noticias\/wp-content\/uploads\/2018\/11\/uruguay-3627261_960_720.jpg","@id":"https:\/\/candas365.es\/noticias\/garcia-el-politico-por-definicion-busca-de-nuevo-asilo-como-salida\/#mainImage","width":960,"height":641},"primaryImageOfPage":{"@id":"https:\/\/candas365.es\/noticias\/garcia-el-politico-por-definicion-busca-de-nuevo-asilo-como-salida\/#mainImage"},"datePublished":"2018-11-20T02:00:21+01:00","dateModified":"2018-11-20T02:00:21+01:00"},{"@type":"WebSite","@id":"https:\/\/candas365.es\/noticias\/#website","url":"https:\/\/candas365.es\/noticias\/","name":"Cand\u00e1s 365","alternateName":"Cand\u00e1s 365 Noticias","description":"Actualidad desde Carre\u00f1o para el mundo","inLanguage":"es-ES","publisher":{"@id":"https:\/\/candas365.es\/noticias\/#organization"}}]},"og:locale":"es_ES","og:site_name":"Cand\u00e1s 365","og:type":"article","og:title":"Garc\u00eda, el pol\u00edtico por definici\u00f3n, busca de nuevo asilo como salida | Cand\u00e1s 365","og:description":"Lima, 19 nov (dpa) - Cuando hacia 1940 el partido Alianza Popular Revolucionaria Americana (APRA) vio que su dirigente Carlos Garc\u00eda estaba en la mira de la dictadura de turno en el Per\u00fa, lo envi\u00f3 a la ciudad de Arequipa, al cuidado de una familia sin sospechas. Garc\u00eda se enamor\u00f3 de una chica de aquella","og:url":"https:\/\/candas365.es\/noticias\/garcia-el-politico-por-definicion-busca-de-nuevo-asilo-como-salida\/","og:image":"https:\/\/candas365.es\/noticias\/wp-content\/uploads\/2018\/11\/uruguay-3627261_960_720.jpg","og:image:secure_url":"https:\/\/candas365.es\/noticias\/wp-content\/uploads\/2018\/11\/uruguay-3627261_960_720.jpg","og:image:width":960,"og:image:height":641,"article:published_time":"2018-11-20T02:00:21+00:00","article:modified_time":"2018-11-20T02:00:21+00:00","article:publisher":"https:\/\/www.facebook.com\/Nachofdezber","article:author":"https:\/\/www.facebook.com\/carrenoactualidad","twitter:card":"summary_large_image","twitter:site":"@NabercoDigital","twitter:title":"Garc\u00eda, el pol\u00edtico por definici\u00f3n, busca de nuevo asilo como salida | Cand\u00e1s 365","twitter:description":"Lima, 19 nov (dpa) - Cuando hacia 1940 el partido Alianza Popular Revolucionaria Americana (APRA) vio que su dirigente Carlos Garc\u00eda estaba en la mira de la dictadura de turno en el Per\u00fa, lo envi\u00f3 a la ciudad de Arequipa, al cuidado de una familia sin sospechas. Garc\u00eda se enamor\u00f3 de una chica de aquella","twitter:creator":"@nbasturias","twitter:image":"https:\/\/candas365.es\/noticias\/wp-content\/uploads\/2018\/11\/uruguay-3627261_960_720.jpg","twitter:label1":"Escrito por","twitter:data1":"Cand\u00e1s 365","twitter:label2":"Tiempo de lectura estimado","twitter:data2":"3 minutos"},"aioseo_meta_data":{"post_id":"110222","title":null,"description":null,"keywords":null,"keyphrases":null,"primary_term":null,"canonical_url":null,"og_title":null,"og_description":null,"og_object_type":"default","og_image_type":"default","og_image_url":null,"og_image_width":null,"og_image_height":null,"og_image_custom_url":null,"og_image_custom_fields":null,"og_video":null,"og_custom_url":null,"og_article_section":null,"og_article_tags":null,"twitter_use_og":false,"twitter_card":"default","twitter_image_type":"default","twitter_image_url":null,"twitter_image_custom_url":null,"twitter_image_custom_fields":null,"twitter_title":null,"twitter_description":null,"schema":{"blockGraphs":[],"customGraphs":[],"default":{"data":{"Article":[],"Course":[],"Dataset":[],"FAQPage":[],"Movie":[],"Person":[],"Product":[],"ProductReview":[],"Car":[],"Recipe":[],"Service":[],"SoftwareApplication":[],"WebPage":[]},"graphName":"","isEnabled":true},"graphs":[],"defaultGraph":"","defaultPostTypeGraph":""},"schema_type":null,"schema_type_options":null,"pillar_content":false,"robots_default":true,"robots_noindex":false,"robots_noarchive":false,"robots_nosnippet":false,"robots_nofollow":false,"robots_noimageindex":false,"robots_noodp":false,"robots_notranslate":false,"robots_max_snippet":null,"robots_max_videopreview":null,"robots_max_imagepreview":"large","priority":null,"frequency":null,"location":null,"local_seo":null,"seo_analyzer_scan_date":"2025-08-28 12:00:47","breadcrumb_settings":null,"limit_modified_date":false,"reviewed_by":null,"open_ai":null,"ai":null,"created":"2020-12-21 11:38:47","updated":"2025-08-28 12:00:47"},"aioseo_breadcrumb":"<div class=\"aioseo-breadcrumbs\"><span class=\"aioseo-breadcrumb\">\n\t<a href=\"https:\/\/candas365.es\/noticias\" title=\"Home\">Home<\/a>\n<\/span><span class=\"aioseo-breadcrumb-separator\">&ndash;<\/span><span class=\"aioseo-breadcrumb\">\n\t<a href=\"https:\/\/candas365.es\/noticias\/category\/sociedad\/\" title=\"Sociedad\">Sociedad<\/a>\n<\/span><span class=\"aioseo-breadcrumb-separator\">&ndash;<\/span><span class=\"aioseo-breadcrumb\">\n\tGarc\u00eda, el pol\u00edtico por definici\u00f3n, busca de nuevo asilo como salida\n<\/span><\/div>","aioseo_breadcrumb_json":[{"label":"Home","link":"https:\/\/candas365.es\/noticias"},{"label":"Sociedad","link":"https:\/\/candas365.es\/noticias\/category\/sociedad\/"},{"label":"Garc\u00eda, el pol\u00edtico por definici\u00f3n, busca de nuevo asilo como salida","link":"https:\/\/candas365.es\/noticias\/garcia-el-politico-por-definicion-busca-de-nuevo-asilo-como-salida\/"}],"_links":{"self":[{"href":"https:\/\/candas365.es\/noticias\/wp-json\/wp\/v2\/posts\/110222","targetHints":{"allow":["GET"]}}],"collection":[{"href":"https:\/\/candas365.es\/noticias\/wp-json\/wp\/v2\/posts"}],"about":[{"href":"https:\/\/candas365.es\/noticias\/wp-json\/wp\/v2\/types\/post"}],"author":[{"embeddable":true,"href":"https:\/\/candas365.es\/noticias\/wp-json\/wp\/v2\/users\/1"}],"replies":[{"embeddable":true,"href":"https:\/\/candas365.es\/noticias\/wp-json\/wp\/v2\/comments?post=110222"}],"version-history":[{"count":0,"href":"https:\/\/candas365.es\/noticias\/wp-json\/wp\/v2\/posts\/110222\/revisions"}],"wp:featuredmedia":[{"embeddable":true,"href":"https:\/\/candas365.es\/noticias\/wp-json\/wp\/v2\/media\/110152"}],"wp:attachment":[{"href":"https:\/\/candas365.es\/noticias\/wp-json\/wp\/v2\/media?parent=110222"}],"wp:term":[{"taxonomy":"category","embeddable":true,"href":"https:\/\/candas365.es\/noticias\/wp-json\/wp\/v2\/categories?post=110222"},{"taxonomy":"post_tag","embeddable":true,"href":"https:\/\/candas365.es\/noticias\/wp-json\/wp\/v2\/tags?post=110222"}],"curies":[{"name":"wp","href":"https:\/\/api.w.org\/{rel}","templated":true}]}}