{"id":110217,"date":"2018-11-20T01:58:45","date_gmt":"2018-11-20T01:58:45","guid":{"rendered":"http:\/\/candas365.es\/noticias\/?p=110217"},"modified":"2018-11-20T01:58:45","modified_gmt":"2018-11-20T01:58:45","slug":"erdogan-el-gasoducto-turkish-stream-tambien-abastecera-a-europa","status":"publish","type":"post","link":"https:\/\/candas365.es\/noticias\/erdogan-el-gasoducto-turkish-stream-tambien-abastecera-a-europa\/","title":{"rendered":"Erdogan: \u201cEl gasoducto Turkish Stream tambi\u00e9n abastecer\u00e1 a Europa\u201d"},"content":{"rendered":"<p><img fetchpriority=\"high\" decoding=\"async\" class=\"alignleft size-medium wp-image-35343\" src=\"https:\/\/candas365.es\/noticias\/wp-content\/uploads\/2016\/11\/erdogan-360x198.jpg\" alt=\"\" width=\"360\" height=\"198\" srcset=\"https:\/\/candas365.es\/noticias\/wp-content\/uploads\/2016\/11\/erdogan-360x198.jpg 360w, https:\/\/candas365.es\/noticias\/wp-content\/uploads\/2016\/11\/erdogan-650x357.jpg 650w, https:\/\/candas365.es\/noticias\/wp-content\/uploads\/2016\/11\/erdogan-150x82.jpg 150w, https:\/\/candas365.es\/noticias\/wp-content\/uploads\/2016\/11\/erdogan-450x247.jpg 450w, https:\/\/candas365.es\/noticias\/wp-content\/uploads\/2016\/11\/erdogan.jpg 655w\" sizes=\"(max-width: 360px) 100vw, 360px\" \/>Estambul, 19 nov (dpa) &#8211; El gasoducto Turkish Stream que ir\u00e1 de Rusia a Turqu\u00eda entrar\u00e1 en funcionamiento en 2019 y tambi\u00e9n abastecer\u00e1 al mercado europeo, dijo hoy el presidente turco, Recep Tayyip Erdogan, durante la inauguraci\u00f3n de uno de sus tramos en Estambul, en la que estuvo acompa\u00f1ado por su par ruso, Vladimir Putin.<\/p>\n<p>\u00abAl menos la mitad\u00bb del gas ir\u00e1 a Europa, dijo el presidente turco. Putin, por su parte, llam\u00f3 el gasoducto \u00abun factor importante de la seguridad energ\u00e9tica europea\u00bb. A\u00f1adi\u00f3 que Turqu\u00eda se estaba convirtiendo gracias a esta desviaci\u00f3n hacia el sudoeste de Europa en una \u00abimportante plataforma europea\u00bb en el negocio del gas.<\/p>\n<p>Sin embargo, Erdogan no dio una fecha precisa de la entrada en funcionamiento. De acuerdo con la agencia de noticias estatal Anadolu, el primer gas fluir\u00e1 a fines del a\u00f1o que viene por el nuevo ducto.<\/p>\n<p>Erdogan dijo que la parte del gasoducto que atraviesa el Mar Negro ya est\u00e1 terminada. Se hab\u00eda comenzado a construir en mayo de 2017. La decisi\u00f3n de construir Turkish Stream fue en octubre de 2016 parte del acercamiento entre Rusia y Turqu\u00eda. Previamente, Mosc\u00fa hab\u00eda enfriado las relaciones durante meses debido a que la fuerza a\u00e9rea turca hab\u00eda derribado a fines de 2015 un jet ruso en la zona de frontera con Siria.<\/p>\n<p>Putin agradeci\u00f3 a Erdogan por su voluntad pol\u00edtica y valent\u00eda para llevar adelante la construcci\u00f3n del gasoducto, seg\u00fan dijo, y a\u00f1adi\u00f3 que a pesar de las distintas posturas que asumen los dos pa\u00edses en el conflicto sirio, Mosc\u00fa y Ankara se han ido acercando a paso sostenido desde 2015.<\/p>\n<p>Una vez finalizado, Turkish Stream ir\u00e1 desde la localidad costera rusa de Anapa a trav\u00e9s del Mar Negro hasta la costa turca, unos 100 kil\u00f3metros al oeste de Estambul. El ducto se unir\u00e1 a partir de all\u00ed a una red ya existente que se extender\u00e1 hasta la frontera griega. A trav\u00e9s de dos ductos fluir\u00e1n entonces anualmente hasta 31.500 millones de metros c\u00fabicos de gas. Turqu\u00eda es uno de los mayores consumidores de gas ruso.<\/p>\n<p>Erdogan dijo que con Turkish Stream Turqu\u00eda podr\u00e1 \u00abcubrir tanto sus necesidades propias de gas natural como el de pa\u00edses europeos sin estar sometida a riesgos de tr\u00e1nsito\u00bb. Rusia ya provee gas a Turqu\u00eda desde 2003 a trav\u00e9s del gasoducto Blue Stream Gas. Esta conexi\u00f3n tambi\u00e9n viaja a trav\u00e9s del Mar Negro y alcanza el balneario de Samsun en la costa turca.<\/p>\n","protected":false},"excerpt":{"rendered":"<p>Estambul, 19 nov (dpa) &#8211; El gasoducto Turkish Stream que ir\u00e1 de Rusia a Turqu\u00eda entrar\u00e1 en funcionamiento en 2019 y tambi\u00e9n abastecer\u00e1 al mercado europeo, dijo hoy el presidente turco, Recep Tayyip Erdogan, durante la inauguraci\u00f3n de uno de sus tramos en Estambul, en la que estuvo acompa\u00f1ado por su par ruso, Vladimir Putin.<\/p>\n","protected":false},"author":1,"featured_media":35343,"comment_status":"closed","ping_status":"closed","sticky":false,"template":"","format":"standard","meta":{"footnotes":""},"categories":[343],"tags":[],"class_list":{"0":"post-110217","1":"post","2":"type-post","3":"status-publish","4":"format-standard","5":"has-post-thumbnail","7":"category-actualidad"},"aioseo_notices":[],"aioseo_head":"\n\t\t<!-- All in One SEO Pro 4.9.6.2 - aioseo.com -->\n\t<meta name=\"description\" content=\"Estambul, 19 nov (dpa) - El gasoducto Turkish Stream que ir\u00e1 de Rusia a Turqu\u00eda entrar\u00e1 en funcionamiento en 2019 y tambi\u00e9n abastecer\u00e1 al mercado europeo, dijo hoy el presidente turco, Recep Tayyip Erdogan, durante la inauguraci\u00f3n de uno de sus tramos en Estambul, en la que estuvo acompa\u00f1ado por su par ruso, Vladimir Putin.\" \/>\n\t<meta name=\"robots\" content=\"max-image-preview:large\" \/>\n\t<meta name=\"author\" content=\"Cand\u00e1s 365\"\/>\n\t<meta name=\"google-site-verification\" content=\"UA-32230408-1\" \/>\n\t<meta name=\"msvalidate.01\" content=\"354F3CDFB2DA171B47FBE9ABF1F88D5\" \/>\n\t<meta name=\"keywords\" content=\"actualidad\" \/>\n\t<link rel=\"canonical\" href=\"https:\/\/candas365.es\/noticias\/erdogan-el-gasoducto-turkish-stream-tambien-abastecera-a-europa\/\" \/>\n\t<meta name=\"generator\" content=\"All in One SEO Pro (AIOSEO) 4.9.6.2\" \/>\n\t\t<meta property=\"og:locale\" content=\"es_ES\" \/>\n\t\t<meta property=\"og:site_name\" content=\"Cand\u00e1s 365\" \/>\n\t\t<meta property=\"og:type\" content=\"article\" \/>\n\t\t<meta property=\"og:title\" content=\"Erdogan: \u201cEl gasoducto Turkish Stream tambi\u00e9n abastecer\u00e1 a Europa\u201d | Cand\u00e1s 365\" \/>\n\t\t<meta property=\"og:description\" content=\"Estambul, 19 nov (dpa) - El gasoducto Turkish Stream que ir\u00e1 de Rusia a Turqu\u00eda entrar\u00e1 en funcionamiento en 2019 y tambi\u00e9n abastecer\u00e1 al mercado europeo, dijo hoy el presidente turco, Recep Tayyip Erdogan, durante la inauguraci\u00f3n de uno de sus tramos en Estambul, en la que estuvo acompa\u00f1ado por su par ruso, Vladimir Putin.\" \/>\n\t\t<meta property=\"og:url\" content=\"https:\/\/candas365.es\/noticias\/erdogan-el-gasoducto-turkish-stream-tambien-abastecera-a-europa\/\" \/>\n\t\t<meta property=\"og:image\" content=\"https:\/\/candas365.es\/noticias\/wp-content\/uploads\/2016\/11\/erdogan.jpg\" \/>\n\t\t<meta property=\"og:image:secure_url\" content=\"https:\/\/candas365.es\/noticias\/wp-content\/uploads\/2016\/11\/erdogan.jpg\" \/>\n\t\t<meta property=\"og:image:width\" content=\"655\" \/>\n\t\t<meta property=\"og:image:height\" content=\"360\" \/>\n\t\t<meta property=\"article:published_time\" content=\"2018-11-20T01:58:45+00:00\" \/>\n\t\t<meta property=\"article:modified_time\" content=\"2018-11-20T01:58:45+00:00\" \/>\n\t\t<meta property=\"article:publisher\" content=\"https:\/\/www.facebook.com\/Nachofdezber\" \/>\n\t\t<meta property=\"article:author\" content=\"https:\/\/www.facebook.com\/carrenoactualidad\" \/>\n\t\t<meta name=\"twitter:card\" content=\"summary_large_image\" \/>\n\t\t<meta name=\"twitter:site\" content=\"@NabercoDigital\" \/>\n\t\t<meta name=\"twitter:title\" content=\"Erdogan: \u201cEl gasoducto Turkish Stream tambi\u00e9n abastecer\u00e1 a Europa\u201d | Cand\u00e1s 365\" \/>\n\t\t<meta name=\"twitter:description\" content=\"Estambul, 19 nov (dpa) - El gasoducto Turkish Stream que ir\u00e1 de Rusia a Turqu\u00eda entrar\u00e1 en funcionamiento en 2019 y tambi\u00e9n abastecer\u00e1 al mercado europeo, dijo hoy el presidente turco, Recep Tayyip Erdogan, durante la inauguraci\u00f3n de uno de sus tramos en Estambul, en la que estuvo acompa\u00f1ado por su par ruso, Vladimir Putin.\" \/>\n\t\t<meta name=\"twitter:creator\" content=\"@nbasturias\" \/>\n\t\t<meta name=\"twitter:image\" content=\"https:\/\/candas365.es\/noticias\/wp-content\/uploads\/2016\/11\/erdogan.jpg\" \/>\n\t\t<meta name=\"twitter:label1\" content=\"Escrito por\" \/>\n\t\t<meta name=\"twitter:data1\" content=\"Cand\u00e1s 365\" \/>\n\t\t<meta name=\"twitter:label2\" content=\"Tiempo de lectura estimado\" \/>\n\t\t<meta name=\"twitter:data2\" content=\"2 minutos\" \/>\n\t\t<script type=\"application\/ld+json\" class=\"aioseo-schema\">\n\t\t\t{\"@context\":\"https:\\\/\\\/schema.org\",\"@graph\":[{\"@type\":\"BreadcrumbList\",\"@id\":\"https:\\\/\\\/candas365.es\\\/noticias\\\/erdogan-el-gasoducto-turkish-stream-tambien-abastecera-a-europa\\\/#breadcrumblist\",\"itemListElement\":[{\"@type\":\"ListItem\",\"@id\":\"https:\\\/\\\/candas365.es\\\/noticias#listItem\",\"position\":1,\"name\":\"Home\",\"item\":\"https:\\\/\\\/candas365.es\\\/noticias\",\"nextItem\":{\"@type\":\"ListItem\",\"@id\":\"https:\\\/\\\/candas365.es\\\/noticias\\\/category\\\/actualidad\\\/#listItem\",\"name\":\"Actualidad\"}},{\"@type\":\"ListItem\",\"@id\":\"https:\\\/\\\/candas365.es\\\/noticias\\\/category\\\/actualidad\\\/#listItem\",\"position\":2,\"name\":\"Actualidad\",\"item\":\"https:\\\/\\\/candas365.es\\\/noticias\\\/category\\\/actualidad\\\/\",\"nextItem\":{\"@type\":\"ListItem\",\"@id\":\"https:\\\/\\\/candas365.es\\\/noticias\\\/erdogan-el-gasoducto-turkish-stream-tambien-abastecera-a-europa\\\/#listItem\",\"name\":\"Erdogan: \\u201cEl gasoducto Turkish Stream tambi\\u00e9n abastecer\\u00e1 a Europa\\u201d\"},\"previousItem\":{\"@type\":\"ListItem\",\"@id\":\"https:\\\/\\\/candas365.es\\\/noticias#listItem\",\"name\":\"Home\"}},{\"@type\":\"ListItem\",\"@id\":\"https:\\\/\\\/candas365.es\\\/noticias\\\/erdogan-el-gasoducto-turkish-stream-tambien-abastecera-a-europa\\\/#listItem\",\"position\":3,\"name\":\"Erdogan: \\u201cEl gasoducto Turkish Stream tambi\\u00e9n abastecer\\u00e1 a Europa\\u201d\",\"previousItem\":{\"@type\":\"ListItem\",\"@id\":\"https:\\\/\\\/candas365.es\\\/noticias\\\/category\\\/actualidad\\\/#listItem\",\"name\":\"Actualidad\"}}]},{\"@type\":\"NewsArticle\",\"@id\":\"https:\\\/\\\/candas365.es\\\/noticias\\\/erdogan-el-gasoducto-turkish-stream-tambien-abastecera-a-europa\\\/#newsarticle\",\"name\":\"Erdogan: \\u201cEl gasoducto Turkish Stream tambi\\u00e9n abastecer\\u00e1 a Europa\\u201d | Cand\\u00e1s 365\",\"headline\":\"Erdogan: \\u201cEl gasoducto Turkish Stream tambi\\u00e9n abastecer\\u00e1 a Europa\\u201d\",\"author\":{\"@id\":\"https:\\\/\\\/candas365.es\\\/noticias\\\/author\\\/admin\\\/#author\"},\"publisher\":{\"@id\":\"https:\\\/\\\/candas365.es\\\/noticias\\\/#organization\"},\"image\":{\"@type\":\"ImageObject\",\"url\":\"https:\\\/\\\/candas365.es\\\/noticias\\\/wp-content\\\/uploads\\\/2016\\\/11\\\/erdogan.jpg\",\"width\":655,\"height\":360},\"datePublished\":\"2018-11-20T01:58:45+01:00\",\"dateModified\":\"2018-11-20T01:58:45+01:00\",\"inLanguage\":\"es-ES\",\"mainEntityOfPage\":{\"@id\":\"https:\\\/\\\/candas365.es\\\/noticias\\\/erdogan-el-gasoducto-turkish-stream-tambien-abastecera-a-europa\\\/#webpage\"},\"isPartOf\":{\"@id\":\"https:\\\/\\\/candas365.es\\\/noticias\\\/erdogan-el-gasoducto-turkish-stream-tambien-abastecera-a-europa\\\/#webpage\"},\"articleSection\":\"Actualidad\",\"dateline\":\"Publicado el noviembre 20, 2018.\"},{\"@type\":\"Organization\",\"@id\":\"https:\\\/\\\/candas365.es\\\/noticias\\\/#organization\",\"name\":\"Cand\\u00e1s 365\",\"description\":\"Cand\\u00e1s 365 es un diario digital independiente, fundado en 2012, con base en Asturias. Informamos con rigor sobre actualidad, sociedad, cultura y ocio, con una mirada local y global.\",\"url\":\"https:\\\/\\\/candas365.es\\\/noticias\\\/\",\"email\":\"info@candas365.es\",\"telephone\":\"+34652131393\",\"foundingDate\":\"2012-06-10\",\"logo\":{\"@type\":\"ImageObject\",\"url\":\"https:\\\/\\\/candas365.es\\\/noticias\\\/wp-content\\\/uploads\\\/2024\\\/09\\\/Candas-365-Redes.jpg\",\"@id\":\"https:\\\/\\\/candas365.es\\\/noticias\\\/erdogan-el-gasoducto-turkish-stream-tambien-abastecera-a-europa\\\/#organizationLogo\",\"width\":1152,\"height\":864,\"caption\":\"Cand\\u00e1s 365 Redes\"},\"image\":{\"@id\":\"https:\\\/\\\/candas365.es\\\/noticias\\\/erdogan-el-gasoducto-turkish-stream-tambien-abastecera-a-europa\\\/#organizationLogo\"},\"sameAs\":[\"https:\\\/\\\/www.facebook.com\\\/Nachofdezber\",\"https:\\\/\\\/x.com\\\/NabercoDigital\",\"https:\\\/\\\/www.instagram.com\\\/nachofdezber\\\/\",\"https:\\\/\\\/www.youtube.com\\\/channel\\\/UCZP-2wLEB9Rv6erhFmqVnvg\"],\"address\":{\"@id\":\"https:\\\/\\\/candas365.es\\\/noticias\\\/#postaladdress\",\"@type\":\"PostalAddress\",\"streetAddress\":\"san antonio 4, san antonio 4\",\"postalCode\":\"33430\",\"addressLocality\":\"Cand\\u00e1s\",\"addressRegion\":\"Asturias\",\"addressCountry\":\"ES\"}},{\"@type\":\"Person\",\"@id\":\"https:\\\/\\\/candas365.es\\\/noticias\\\/author\\\/admin\\\/#author\",\"url\":\"https:\\\/\\\/candas365.es\\\/noticias\\\/author\\\/admin\\\/\",\"name\":\"Cand\\u00e1s 365\",\"image\":{\"@type\":\"ImageObject\",\"@id\":\"https:\\\/\\\/candas365.es\\\/noticias\\\/erdogan-el-gasoducto-turkish-stream-tambien-abastecera-a-europa\\\/#authorImage\",\"url\":\"https:\\\/\\\/secure.gravatar.com\\\/avatar\\\/496a8e03d0c493ede1718b7934145dbdf8d89be1036b0eec9544e1094c9de390?s=96&d=mm&r=g\",\"width\":96,\"height\":96,\"caption\":\"Cand\\u00e1s 365\"},\"sameAs\":[\"https:\\\/\\\/www.facebook.com\\\/carrenoactualidad\",\"https:\\\/\\\/twitter.com\\\/nbasturias\",\"https:\\\/\\\/www.instagram.com\\\/nachofdezber\\\/\",\"https:\\\/\\\/www.youtube.com\\\/channel\\\/UCZP-2wLEB9Rv6erhFmqVnvg\"]},{\"@type\":\"WebPage\",\"@id\":\"https:\\\/\\\/candas365.es\\\/noticias\\\/erdogan-el-gasoducto-turkish-stream-tambien-abastecera-a-europa\\\/#webpage\",\"url\":\"https:\\\/\\\/candas365.es\\\/noticias\\\/erdogan-el-gasoducto-turkish-stream-tambien-abastecera-a-europa\\\/\",\"name\":\"Erdogan: \\u201cEl gasoducto Turkish Stream tambi\\u00e9n abastecer\\u00e1 a Europa\\u201d | Cand\\u00e1s 365\",\"description\":\"Estambul, 19 nov (dpa) - El gasoducto Turkish Stream que ir\\u00e1 de Rusia a Turqu\\u00eda entrar\\u00e1 en funcionamiento en 2019 y tambi\\u00e9n abastecer\\u00e1 al mercado europeo, dijo hoy el presidente turco, Recep Tayyip Erdogan, durante la inauguraci\\u00f3n de uno de sus tramos en Estambul, en la que estuvo acompa\\u00f1ado por su par ruso, Vladimir Putin.\",\"inLanguage\":\"es-ES\",\"isPartOf\":{\"@id\":\"https:\\\/\\\/candas365.es\\\/noticias\\\/#website\"},\"breadcrumb\":{\"@id\":\"https:\\\/\\\/candas365.es\\\/noticias\\\/erdogan-el-gasoducto-turkish-stream-tambien-abastecera-a-europa\\\/#breadcrumblist\"},\"author\":{\"@id\":\"https:\\\/\\\/candas365.es\\\/noticias\\\/author\\\/admin\\\/#author\"},\"creator\":{\"@id\":\"https:\\\/\\\/candas365.es\\\/noticias\\\/author\\\/admin\\\/#author\"},\"image\":{\"@type\":\"ImageObject\",\"url\":\"https:\\\/\\\/candas365.es\\\/noticias\\\/wp-content\\\/uploads\\\/2016\\\/11\\\/erdogan.jpg\",\"@id\":\"https:\\\/\\\/candas365.es\\\/noticias\\\/erdogan-el-gasoducto-turkish-stream-tambien-abastecera-a-europa\\\/#mainImage\",\"width\":655,\"height\":360},\"primaryImageOfPage\":{\"@id\":\"https:\\\/\\\/candas365.es\\\/noticias\\\/erdogan-el-gasoducto-turkish-stream-tambien-abastecera-a-europa\\\/#mainImage\"},\"datePublished\":\"2018-11-20T01:58:45+01:00\",\"dateModified\":\"2018-11-20T01:58:45+01:00\"},{\"@type\":\"WebSite\",\"@id\":\"https:\\\/\\\/candas365.es\\\/noticias\\\/#website\",\"url\":\"https:\\\/\\\/candas365.es\\\/noticias\\\/\",\"name\":\"Cand\\u00e1s 365\",\"alternateName\":\"Cand\\u00e1s 365 Noticias\",\"description\":\"Actualidad desde Carre\\u00f1o para el mundo\",\"inLanguage\":\"es-ES\",\"publisher\":{\"@id\":\"https:\\\/\\\/candas365.es\\\/noticias\\\/#organization\"}}]}\n\t\t<\/script>\n\t\t<!-- All in One SEO Pro -->\r\n\t\t<title>Erdogan: \u201cEl gasoducto Turkish Stream tambi\u00e9n abastecer\u00e1 a Europa\u201d | Cand\u00e1s 365<\/title>\n\n","aioseo_head_json":{"title":"Erdogan: \u201cEl gasoducto Turkish Stream tambi\u00e9n abastecer\u00e1 a Europa\u201d | Cand\u00e1s 365","description":"Estambul, 19 nov (dpa) - El gasoducto Turkish Stream que ir\u00e1 de Rusia a Turqu\u00eda entrar\u00e1 en funcionamiento en 2019 y tambi\u00e9n abastecer\u00e1 al mercado europeo, dijo hoy el presidente turco, Recep Tayyip Erdogan, durante la inauguraci\u00f3n de uno de sus tramos en Estambul, en la que estuvo acompa\u00f1ado por su par ruso, Vladimir Putin.","canonical_url":"https:\/\/candas365.es\/noticias\/erdogan-el-gasoducto-turkish-stream-tambien-abastecera-a-europa\/","robots":"max-image-preview:large","keywords":"actualidad","webmasterTools":{"google-site-verification":"UA-32230408-1","msvalidate.01":"354F3CDFB2DA171B47FBE9ABF1F88D5","miscellaneous":""},"schema":{"@context":"https:\/\/schema.org","@graph":[{"@type":"BreadcrumbList","@id":"https:\/\/candas365.es\/noticias\/erdogan-el-gasoducto-turkish-stream-tambien-abastecera-a-europa\/#breadcrumblist","itemListElement":[{"@type":"ListItem","@id":"https:\/\/candas365.es\/noticias#listItem","position":1,"name":"Home","item":"https:\/\/candas365.es\/noticias","nextItem":{"@type":"ListItem","@id":"https:\/\/candas365.es\/noticias\/category\/actualidad\/#listItem","name":"Actualidad"}},{"@type":"ListItem","@id":"https:\/\/candas365.es\/noticias\/category\/actualidad\/#listItem","position":2,"name":"Actualidad","item":"https:\/\/candas365.es\/noticias\/category\/actualidad\/","nextItem":{"@type":"ListItem","@id":"https:\/\/candas365.es\/noticias\/erdogan-el-gasoducto-turkish-stream-tambien-abastecera-a-europa\/#listItem","name":"Erdogan: \u201cEl gasoducto Turkish Stream tambi\u00e9n abastecer\u00e1 a Europa\u201d"},"previousItem":{"@type":"ListItem","@id":"https:\/\/candas365.es\/noticias#listItem","name":"Home"}},{"@type":"ListItem","@id":"https:\/\/candas365.es\/noticias\/erdogan-el-gasoducto-turkish-stream-tambien-abastecera-a-europa\/#listItem","position":3,"name":"Erdogan: \u201cEl gasoducto Turkish Stream tambi\u00e9n abastecer\u00e1 a Europa\u201d","previousItem":{"@type":"ListItem","@id":"https:\/\/candas365.es\/noticias\/category\/actualidad\/#listItem","name":"Actualidad"}}]},{"@type":"NewsArticle","@id":"https:\/\/candas365.es\/noticias\/erdogan-el-gasoducto-turkish-stream-tambien-abastecera-a-europa\/#newsarticle","name":"Erdogan: \u201cEl gasoducto Turkish Stream tambi\u00e9n abastecer\u00e1 a Europa\u201d | Cand\u00e1s 365","headline":"Erdogan: \u201cEl gasoducto Turkish Stream tambi\u00e9n abastecer\u00e1 a Europa\u201d","author":{"@id":"https:\/\/candas365.es\/noticias\/author\/admin\/#author"},"publisher":{"@id":"https:\/\/candas365.es\/noticias\/#organization"},"image":{"@type":"ImageObject","url":"https:\/\/candas365.es\/noticias\/wp-content\/uploads\/2016\/11\/erdogan.jpg","width":655,"height":360},"datePublished":"2018-11-20T01:58:45+01:00","dateModified":"2018-11-20T01:58:45+01:00","inLanguage":"es-ES","mainEntityOfPage":{"@id":"https:\/\/candas365.es\/noticias\/erdogan-el-gasoducto-turkish-stream-tambien-abastecera-a-europa\/#webpage"},"isPartOf":{"@id":"https:\/\/candas365.es\/noticias\/erdogan-el-gasoducto-turkish-stream-tambien-abastecera-a-europa\/#webpage"},"articleSection":"Actualidad","dateline":"Publicado el noviembre 20, 2018."},{"@type":"Organization","@id":"https:\/\/candas365.es\/noticias\/#organization","name":"Cand\u00e1s 365","description":"Cand\u00e1s 365 es un diario digital independiente, fundado en 2012, con base en Asturias. Informamos con rigor sobre actualidad, sociedad, cultura y ocio, con una mirada local y global.","url":"https:\/\/candas365.es\/noticias\/","email":"info@candas365.es","telephone":"+34652131393","foundingDate":"2012-06-10","logo":{"@type":"ImageObject","url":"https:\/\/candas365.es\/noticias\/wp-content\/uploads\/2024\/09\/Candas-365-Redes.jpg","@id":"https:\/\/candas365.es\/noticias\/erdogan-el-gasoducto-turkish-stream-tambien-abastecera-a-europa\/#organizationLogo","width":1152,"height":864,"caption":"Cand\u00e1s 365 Redes"},"image":{"@id":"https:\/\/candas365.es\/noticias\/erdogan-el-gasoducto-turkish-stream-tambien-abastecera-a-europa\/#organizationLogo"},"sameAs":["https:\/\/www.facebook.com\/Nachofdezber","https:\/\/x.com\/NabercoDigital","https:\/\/www.instagram.com\/nachofdezber\/","https:\/\/www.youtube.com\/channel\/UCZP-2wLEB9Rv6erhFmqVnvg"],"address":{"@id":"https:\/\/candas365.es\/noticias\/#postaladdress","@type":"PostalAddress","streetAddress":"san antonio 4, san antonio 4","postalCode":"33430","addressLocality":"Cand\u00e1s","addressRegion":"Asturias","addressCountry":"ES"}},{"@type":"Person","@id":"https:\/\/candas365.es\/noticias\/author\/admin\/#author","url":"https:\/\/candas365.es\/noticias\/author\/admin\/","name":"Cand\u00e1s 365","image":{"@type":"ImageObject","@id":"https:\/\/candas365.es\/noticias\/erdogan-el-gasoducto-turkish-stream-tambien-abastecera-a-europa\/#authorImage","url":"https:\/\/secure.gravatar.com\/avatar\/496a8e03d0c493ede1718b7934145dbdf8d89be1036b0eec9544e1094c9de390?s=96&d=mm&r=g","width":96,"height":96,"caption":"Cand\u00e1s 365"},"sameAs":["https:\/\/www.facebook.com\/carrenoactualidad","https:\/\/twitter.com\/nbasturias","https:\/\/www.instagram.com\/nachofdezber\/","https:\/\/www.youtube.com\/channel\/UCZP-2wLEB9Rv6erhFmqVnvg"]},{"@type":"WebPage","@id":"https:\/\/candas365.es\/noticias\/erdogan-el-gasoducto-turkish-stream-tambien-abastecera-a-europa\/#webpage","url":"https:\/\/candas365.es\/noticias\/erdogan-el-gasoducto-turkish-stream-tambien-abastecera-a-europa\/","name":"Erdogan: \u201cEl gasoducto Turkish Stream tambi\u00e9n abastecer\u00e1 a Europa\u201d | Cand\u00e1s 365","description":"Estambul, 19 nov (dpa) - El gasoducto Turkish Stream que ir\u00e1 de Rusia a Turqu\u00eda entrar\u00e1 en funcionamiento en 2019 y tambi\u00e9n abastecer\u00e1 al mercado europeo, dijo hoy el presidente turco, Recep Tayyip Erdogan, durante la inauguraci\u00f3n de uno de sus tramos en Estambul, en la que estuvo acompa\u00f1ado por su par ruso, Vladimir Putin.","inLanguage":"es-ES","isPartOf":{"@id":"https:\/\/candas365.es\/noticias\/#website"},"breadcrumb":{"@id":"https:\/\/candas365.es\/noticias\/erdogan-el-gasoducto-turkish-stream-tambien-abastecera-a-europa\/#breadcrumblist"},"author":{"@id":"https:\/\/candas365.es\/noticias\/author\/admin\/#author"},"creator":{"@id":"https:\/\/candas365.es\/noticias\/author\/admin\/#author"},"image":{"@type":"ImageObject","url":"https:\/\/candas365.es\/noticias\/wp-content\/uploads\/2016\/11\/erdogan.jpg","@id":"https:\/\/candas365.es\/noticias\/erdogan-el-gasoducto-turkish-stream-tambien-abastecera-a-europa\/#mainImage","width":655,"height":360},"primaryImageOfPage":{"@id":"https:\/\/candas365.es\/noticias\/erdogan-el-gasoducto-turkish-stream-tambien-abastecera-a-europa\/#mainImage"},"datePublished":"2018-11-20T01:58:45+01:00","dateModified":"2018-11-20T01:58:45+01:00"},{"@type":"WebSite","@id":"https:\/\/candas365.es\/noticias\/#website","url":"https:\/\/candas365.es\/noticias\/","name":"Cand\u00e1s 365","alternateName":"Cand\u00e1s 365 Noticias","description":"Actualidad desde Carre\u00f1o para el mundo","inLanguage":"es-ES","publisher":{"@id":"https:\/\/candas365.es\/noticias\/#organization"}}]},"og:locale":"es_ES","og:site_name":"Cand\u00e1s 365","og:type":"article","og:title":"Erdogan: \u201cEl gasoducto Turkish Stream tambi\u00e9n abastecer\u00e1 a Europa\u201d | Cand\u00e1s 365","og:description":"Estambul, 19 nov (dpa) - El gasoducto Turkish Stream que ir\u00e1 de Rusia a Turqu\u00eda entrar\u00e1 en funcionamiento en 2019 y tambi\u00e9n abastecer\u00e1 al mercado europeo, dijo hoy el presidente turco, Recep Tayyip Erdogan, durante la inauguraci\u00f3n de uno de sus tramos en Estambul, en la que estuvo acompa\u00f1ado por su par ruso, Vladimir Putin.","og:url":"https:\/\/candas365.es\/noticias\/erdogan-el-gasoducto-turkish-stream-tambien-abastecera-a-europa\/","og:image":"https:\/\/candas365.es\/noticias\/wp-content\/uploads\/2016\/11\/erdogan.jpg","og:image:secure_url":"https:\/\/candas365.es\/noticias\/wp-content\/uploads\/2016\/11\/erdogan.jpg","og:image:width":655,"og:image:height":360,"article:published_time":"2018-11-20T01:58:45+00:00","article:modified_time":"2018-11-20T01:58:45+00:00","article:publisher":"https:\/\/www.facebook.com\/Nachofdezber","article:author":"https:\/\/www.facebook.com\/carrenoactualidad","twitter:card":"summary_large_image","twitter:site":"@NabercoDigital","twitter:title":"Erdogan: \u201cEl gasoducto Turkish Stream tambi\u00e9n abastecer\u00e1 a Europa\u201d | Cand\u00e1s 365","twitter:description":"Estambul, 19 nov (dpa) - El gasoducto Turkish Stream que ir\u00e1 de Rusia a Turqu\u00eda entrar\u00e1 en funcionamiento en 2019 y tambi\u00e9n abastecer\u00e1 al mercado europeo, dijo hoy el presidente turco, Recep Tayyip Erdogan, durante la inauguraci\u00f3n de uno de sus tramos en Estambul, en la que estuvo acompa\u00f1ado por su par ruso, Vladimir Putin.","twitter:creator":"@nbasturias","twitter:image":"https:\/\/candas365.es\/noticias\/wp-content\/uploads\/2016\/11\/erdogan.jpg","twitter:label1":"Escrito por","twitter:data1":"Cand\u00e1s 365","twitter:label2":"Tiempo de lectura estimado","twitter:data2":"2 minutos"},"aioseo_meta_data":{"post_id":"110217","title":null,"description":null,"keywords":null,"keyphrases":null,"primary_term":null,"canonical_url":null,"og_title":null,"og_description":null,"og_object_type":"default","og_image_type":"default","og_image_url":null,"og_image_width":null,"og_image_height":null,"og_image_custom_url":null,"og_image_custom_fields":null,"og_video":null,"og_custom_url":null,"og_article_section":null,"og_article_tags":null,"twitter_use_og":false,"twitter_card":"default","twitter_image_type":"default","twitter_image_url":null,"twitter_image_custom_url":null,"twitter_image_custom_fields":null,"twitter_title":null,"twitter_description":null,"schema":{"blockGraphs":[],"customGraphs":[],"default":{"data":{"Article":[],"Course":[],"Dataset":[],"FAQPage":[],"Movie":[],"Person":[],"Product":[],"ProductReview":[],"Car":[],"Recipe":[],"Service":[],"SoftwareApplication":[],"WebPage":[]},"graphName":"","isEnabled":true},"graphs":[],"defaultGraph":"","defaultPostTypeGraph":""},"schema_type":null,"schema_type_options":null,"pillar_content":false,"robots_default":true,"robots_noindex":false,"robots_noarchive":false,"robots_nosnippet":false,"robots_nofollow":false,"robots_noimageindex":false,"robots_noodp":false,"robots_notranslate":false,"robots_max_snippet":null,"robots_max_videopreview":null,"robots_max_imagepreview":"large","priority":null,"frequency":null,"location":null,"local_seo":null,"seo_analyzer_scan_date":"2025-08-28 12:00:41","breadcrumb_settings":null,"limit_modified_date":false,"reviewed_by":null,"open_ai":null,"ai":null,"created":"2020-12-21 11:38:47","updated":"2025-08-28 12:00:41"},"aioseo_breadcrumb":"<div class=\"aioseo-breadcrumbs\"><span class=\"aioseo-breadcrumb\">\n\t<a href=\"https:\/\/candas365.es\/noticias\" title=\"Home\">Home<\/a>\n<\/span><span class=\"aioseo-breadcrumb-separator\">&ndash;<\/span><span class=\"aioseo-breadcrumb\">\n\t<a href=\"https:\/\/candas365.es\/noticias\/category\/actualidad\/\" title=\"Actualidad\">Actualidad<\/a>\n<\/span><span class=\"aioseo-breadcrumb-separator\">&ndash;<\/span><span class=\"aioseo-breadcrumb\">\n\tErdogan: \u201cEl gasoducto Turkish Stream tambi\u00e9n abastecer\u00e1 a Europa\u201d\n<\/span><\/div>","aioseo_breadcrumb_json":[{"label":"Home","link":"https:\/\/candas365.es\/noticias"},{"label":"Actualidad","link":"https:\/\/candas365.es\/noticias\/category\/actualidad\/"},{"label":"Erdogan: \u201cEl gasoducto Turkish Stream tambi\u00e9n abastecer\u00e1 a Europa\u201d","link":"https:\/\/candas365.es\/noticias\/erdogan-el-gasoducto-turkish-stream-tambien-abastecera-a-europa\/"}],"_links":{"self":[{"href":"https:\/\/candas365.es\/noticias\/wp-json\/wp\/v2\/posts\/110217","targetHints":{"allow":["GET"]}}],"collection":[{"href":"https:\/\/candas365.es\/noticias\/wp-json\/wp\/v2\/posts"}],"about":[{"href":"https:\/\/candas365.es\/noticias\/wp-json\/wp\/v2\/types\/post"}],"author":[{"embeddable":true,"href":"https:\/\/candas365.es\/noticias\/wp-json\/wp\/v2\/users\/1"}],"replies":[{"embeddable":true,"href":"https:\/\/candas365.es\/noticias\/wp-json\/wp\/v2\/comments?post=110217"}],"version-history":[{"count":0,"href":"https:\/\/candas365.es\/noticias\/wp-json\/wp\/v2\/posts\/110217\/revisions"}],"wp:featuredmedia":[{"embeddable":true,"href":"https:\/\/candas365.es\/noticias\/wp-json\/wp\/v2\/media\/35343"}],"wp:attachment":[{"href":"https:\/\/candas365.es\/noticias\/wp-json\/wp\/v2\/media?parent=110217"}],"wp:term":[{"taxonomy":"category","embeddable":true,"href":"https:\/\/candas365.es\/noticias\/wp-json\/wp\/v2\/categories?post=110217"},{"taxonomy":"post_tag","embeddable":true,"href":"https:\/\/candas365.es\/noticias\/wp-json\/wp\/v2\/tags?post=110217"}],"curies":[{"name":"wp","href":"https:\/\/api.w.org\/{rel}","templated":true}]}}