{"id":110213,"date":"2018-11-19T20:13:18","date_gmt":"2018-11-19T20:13:18","guid":{"rendered":"http:\/\/candas365.es\/noticias\/?p=110213"},"modified":"2018-11-19T20:13:18","modified_gmt":"2018-11-19T20:13:18","slug":"un-olor-extrano-obliga-a-un-avion-de-lufthansa-a-volver-a-francfort","status":"publish","type":"post","link":"https:\/\/candas365.es\/noticias\/un-olor-extrano-obliga-a-un-avion-de-lufthansa-a-volver-a-francfort\/","title":{"rendered":"Un olor extra\u00f1o obliga a un avi\u00f3n de Lufthansa a volver a Fr\u00e1ncfort"},"content":{"rendered":"<p><img fetchpriority=\"high\" decoding=\"async\" class=\"alignleft size-medium wp-image-86307\" src=\"https:\/\/candas365.es\/noticias\/wp-content\/uploads\/2017\/12\/apple-1853306_1280-news2-360x240.jpg\" alt=\"\" width=\"360\" height=\"240\" srcset=\"https:\/\/candas365.es\/noticias\/wp-content\/uploads\/2017\/12\/apple-1853306_1280-news2-360x240.jpg 360w, https:\/\/candas365.es\/noticias\/wp-content\/uploads\/2017\/12\/apple-1853306_1280-news2-768x512.jpg 768w, https:\/\/candas365.es\/noticias\/wp-content\/uploads\/2017\/12\/apple-1853306_1280-news2-655x436.jpg 655w, https:\/\/candas365.es\/noticias\/wp-content\/uploads\/2017\/12\/apple-1853306_1280-news2-696x464.jpg 696w, https:\/\/candas365.es\/noticias\/wp-content\/uploads\/2017\/12\/apple-1853306_1280-news2-1068x712.jpg 1068w, https:\/\/candas365.es\/noticias\/wp-content\/uploads\/2017\/12\/apple-1853306_1280-news2-630x420.jpg 630w, https:\/\/candas365.es\/noticias\/wp-content\/uploads\/2017\/12\/apple-1853306_1280-news2-84x55.jpg 84w, https:\/\/candas365.es\/noticias\/wp-content\/uploads\/2017\/12\/apple-1853306_1280-news2.jpg 1280w\" sizes=\"(max-width: 360px) 100vw, 360px\" \/>Fr\u00e1ncfort, 19 nov (dpa) &#8211; Un olor extra\u00f1o a bordo oblig\u00f3 hoy a un avi\u00f3n de la aerol\u00ednea alemana Lufthansa a dar la vuelta y regresar al aeropuerto de Fr\u00e1ncfort poco despu\u00e9s de despegar.<\/p>\n<p>El avi\u00f3n del tipo Embraer 190 fue inspeccionado por los bomberos despu\u00e9s del aterrizaje, pero la causa del olor sigue siendo incierta por el momento. \u00abNos lo tomamos muy en serio\u00bb, dijo un portavoz de la compa\u00f1\u00eda.<\/p>\n<p>Asimismo, inform\u00f3 de que los 91 pasajeros que se dirig\u00edan a Londres fueron trasladados a otros aviones para que pudieran llegar a su destino.<\/p>\n<p>Los incidentes de este tipo ocurren todo el tiempo. Hace poco m\u00e1s de una semana, un avi\u00f3n de Lufthansa aterriz\u00f3 en Ginebra debido a un olor sospechoso en la cabina del piloto.<\/p>\n","protected":false},"excerpt":{"rendered":"<p>Fr\u00e1ncfort, 19 nov (dpa) &#8211; Un olor extra\u00f1o a bordo oblig\u00f3 hoy a un avi\u00f3n de la aerol\u00ednea alemana Lufthansa a dar la vuelta y regresar al aeropuerto de Fr\u00e1ncfort poco despu\u00e9s de despegar. El avi\u00f3n del tipo Embraer 190 fue inspeccionado por los bomberos despu\u00e9s del aterrizaje, pero la causa del olor sigue siendo<\/p>\n","protected":false},"author":1,"featured_media":86307,"comment_status":"closed","ping_status":"closed","sticky":false,"template":"","format":"standard","meta":{"footnotes":""},"categories":[343],"tags":[],"class_list":{"0":"post-110213","1":"post","2":"type-post","3":"status-publish","4":"format-standard","5":"has-post-thumbnail","7":"category-actualidad"},"aioseo_notices":[],"aioseo_head":"\n\t\t<!-- All in One SEO Pro 4.9.6.2 - aioseo.com -->\n\t<meta name=\"description\" content=\"Fr\u00e1ncfort, 19 nov (dpa) - Un olor extra\u00f1o a bordo oblig\u00f3 hoy a un avi\u00f3n de la aerol\u00ednea alemana Lufthansa a dar la vuelta y regresar al aeropuerto de Fr\u00e1ncfort poco despu\u00e9s de despegar. El avi\u00f3n del tipo Embraer 190 fue inspeccionado por los bomberos despu\u00e9s del aterrizaje, pero la causa del olor sigue siendo\" \/>\n\t<meta name=\"robots\" content=\"max-image-preview:large\" \/>\n\t<meta name=\"author\" content=\"Cand\u00e1s 365\"\/>\n\t<meta name=\"google-site-verification\" content=\"UA-32230408-1\" \/>\n\t<meta name=\"msvalidate.01\" content=\"354F3CDFB2DA171B47FBE9ABF1F88D5\" \/>\n\t<meta name=\"keywords\" content=\"actualidad\" \/>\n\t<link rel=\"canonical\" href=\"https:\/\/candas365.es\/noticias\/un-olor-extrano-obliga-a-un-avion-de-lufthansa-a-volver-a-francfort\/\" \/>\n\t<meta name=\"generator\" content=\"All in One SEO Pro (AIOSEO) 4.9.6.2\" \/>\n\t\t<meta property=\"og:locale\" content=\"es_ES\" \/>\n\t\t<meta property=\"og:site_name\" content=\"Cand\u00e1s 365\" \/>\n\t\t<meta property=\"og:type\" content=\"article\" \/>\n\t\t<meta property=\"og:title\" content=\"Un olor extra\u00f1o obliga a un avi\u00f3n de Lufthansa a volver a Fr\u00e1ncfort | Cand\u00e1s 365\" \/>\n\t\t<meta property=\"og:description\" content=\"Fr\u00e1ncfort, 19 nov (dpa) - Un olor extra\u00f1o a bordo oblig\u00f3 hoy a un avi\u00f3n de la aerol\u00ednea alemana Lufthansa a dar la vuelta y regresar al aeropuerto de Fr\u00e1ncfort poco despu\u00e9s de despegar. El avi\u00f3n del tipo Embraer 190 fue inspeccionado por los bomberos despu\u00e9s del aterrizaje, pero la causa del olor sigue siendo\" \/>\n\t\t<meta property=\"og:url\" content=\"https:\/\/candas365.es\/noticias\/un-olor-extrano-obliga-a-un-avion-de-lufthansa-a-volver-a-francfort\/\" \/>\n\t\t<meta property=\"og:image\" content=\"https:\/\/candas365.es\/noticias\/wp-content\/uploads\/2017\/12\/apple-1853306_1280-news2.jpg\" \/>\n\t\t<meta property=\"og:image:secure_url\" content=\"https:\/\/candas365.es\/noticias\/wp-content\/uploads\/2017\/12\/apple-1853306_1280-news2.jpg\" \/>\n\t\t<meta property=\"og:image:width\" content=\"1280\" \/>\n\t\t<meta property=\"og:image:height\" content=\"853\" \/>\n\t\t<meta property=\"article:published_time\" content=\"2018-11-19T20:13:18+00:00\" \/>\n\t\t<meta property=\"article:modified_time\" content=\"2018-11-19T20:13:18+00:00\" \/>\n\t\t<meta property=\"article:publisher\" content=\"https:\/\/www.facebook.com\/Nachofdezber\" \/>\n\t\t<meta property=\"article:author\" content=\"https:\/\/www.facebook.com\/carrenoactualidad\" \/>\n\t\t<meta name=\"twitter:card\" content=\"summary_large_image\" \/>\n\t\t<meta name=\"twitter:site\" content=\"@NabercoDigital\" \/>\n\t\t<meta name=\"twitter:title\" content=\"Un olor extra\u00f1o obliga a un avi\u00f3n de Lufthansa a volver a Fr\u00e1ncfort | Cand\u00e1s 365\" \/>\n\t\t<meta name=\"twitter:description\" content=\"Fr\u00e1ncfort, 19 nov (dpa) - Un olor extra\u00f1o a bordo oblig\u00f3 hoy a un avi\u00f3n de la aerol\u00ednea alemana Lufthansa a dar la vuelta y regresar al aeropuerto de Fr\u00e1ncfort poco despu\u00e9s de despegar. El avi\u00f3n del tipo Embraer 190 fue inspeccionado por los bomberos despu\u00e9s del aterrizaje, pero la causa del olor sigue siendo\" \/>\n\t\t<meta name=\"twitter:creator\" content=\"@nbasturias\" \/>\n\t\t<meta name=\"twitter:image\" content=\"https:\/\/candas365.es\/noticias\/wp-content\/uploads\/2017\/12\/apple-1853306_1280-news2.jpg\" \/>\n\t\t<meta name=\"twitter:label1\" content=\"Escrito por\" \/>\n\t\t<meta name=\"twitter:data1\" content=\"Cand\u00e1s 365\" \/>\n\t\t<meta name=\"twitter:label2\" content=\"Tiempo de lectura estimado\" \/>\n\t\t<meta name=\"twitter:data2\" content=\"1 minuto\" \/>\n\t\t<script type=\"application\/ld+json\" class=\"aioseo-schema\">\n\t\t\t{\"@context\":\"https:\\\/\\\/schema.org\",\"@graph\":[{\"@type\":\"BreadcrumbList\",\"@id\":\"https:\\\/\\\/candas365.es\\\/noticias\\\/un-olor-extrano-obliga-a-un-avion-de-lufthansa-a-volver-a-francfort\\\/#breadcrumblist\",\"itemListElement\":[{\"@type\":\"ListItem\",\"@id\":\"https:\\\/\\\/candas365.es\\\/noticias#listItem\",\"position\":1,\"name\":\"Home\",\"item\":\"https:\\\/\\\/candas365.es\\\/noticias\",\"nextItem\":{\"@type\":\"ListItem\",\"@id\":\"https:\\\/\\\/candas365.es\\\/noticias\\\/category\\\/actualidad\\\/#listItem\",\"name\":\"Actualidad\"}},{\"@type\":\"ListItem\",\"@id\":\"https:\\\/\\\/candas365.es\\\/noticias\\\/category\\\/actualidad\\\/#listItem\",\"position\":2,\"name\":\"Actualidad\",\"item\":\"https:\\\/\\\/candas365.es\\\/noticias\\\/category\\\/actualidad\\\/\",\"nextItem\":{\"@type\":\"ListItem\",\"@id\":\"https:\\\/\\\/candas365.es\\\/noticias\\\/un-olor-extrano-obliga-a-un-avion-de-lufthansa-a-volver-a-francfort\\\/#listItem\",\"name\":\"Un olor extra\\u00f1o obliga a un avi\\u00f3n de Lufthansa a volver a Fr\\u00e1ncfort\"},\"previousItem\":{\"@type\":\"ListItem\",\"@id\":\"https:\\\/\\\/candas365.es\\\/noticias#listItem\",\"name\":\"Home\"}},{\"@type\":\"ListItem\",\"@id\":\"https:\\\/\\\/candas365.es\\\/noticias\\\/un-olor-extrano-obliga-a-un-avion-de-lufthansa-a-volver-a-francfort\\\/#listItem\",\"position\":3,\"name\":\"Un olor extra\\u00f1o obliga a un avi\\u00f3n de Lufthansa a volver a Fr\\u00e1ncfort\",\"previousItem\":{\"@type\":\"ListItem\",\"@id\":\"https:\\\/\\\/candas365.es\\\/noticias\\\/category\\\/actualidad\\\/#listItem\",\"name\":\"Actualidad\"}}]},{\"@type\":\"NewsArticle\",\"@id\":\"https:\\\/\\\/candas365.es\\\/noticias\\\/un-olor-extrano-obliga-a-un-avion-de-lufthansa-a-volver-a-francfort\\\/#newsarticle\",\"name\":\"Un olor extra\\u00f1o obliga a un avi\\u00f3n de Lufthansa a volver a Fr\\u00e1ncfort | Cand\\u00e1s 365\",\"headline\":\"Un olor extra\\u00f1o obliga a un avi\\u00f3n de Lufthansa a volver a Fr\\u00e1ncfort\",\"author\":{\"@id\":\"https:\\\/\\\/candas365.es\\\/noticias\\\/author\\\/admin\\\/#author\"},\"publisher\":{\"@id\":\"https:\\\/\\\/candas365.es\\\/noticias\\\/#organization\"},\"image\":{\"@type\":\"ImageObject\",\"url\":\"https:\\\/\\\/candas365.es\\\/noticias\\\/wp-content\\\/uploads\\\/2017\\\/12\\\/apple-1853306_1280-news2.jpg\",\"width\":1280,\"height\":853},\"datePublished\":\"2018-11-19T20:13:18+01:00\",\"dateModified\":\"2018-11-19T20:13:18+01:00\",\"inLanguage\":\"es-ES\",\"mainEntityOfPage\":{\"@id\":\"https:\\\/\\\/candas365.es\\\/noticias\\\/un-olor-extrano-obliga-a-un-avion-de-lufthansa-a-volver-a-francfort\\\/#webpage\"},\"isPartOf\":{\"@id\":\"https:\\\/\\\/candas365.es\\\/noticias\\\/un-olor-extrano-obliga-a-un-avion-de-lufthansa-a-volver-a-francfort\\\/#webpage\"},\"articleSection\":\"Actualidad\",\"dateline\":\"Publicado el noviembre 19, 2018.\"},{\"@type\":\"Organization\",\"@id\":\"https:\\\/\\\/candas365.es\\\/noticias\\\/#organization\",\"name\":\"Cand\\u00e1s 365\",\"description\":\"Cand\\u00e1s 365 es un diario digital independiente, fundado en 2012, con base en Asturias. Informamos con rigor sobre actualidad, sociedad, cultura y ocio, con una mirada local y global.\",\"url\":\"https:\\\/\\\/candas365.es\\\/noticias\\\/\",\"email\":\"info@candas365.es\",\"telephone\":\"+34652131393\",\"foundingDate\":\"2012-06-10\",\"logo\":{\"@type\":\"ImageObject\",\"url\":\"https:\\\/\\\/candas365.es\\\/noticias\\\/wp-content\\\/uploads\\\/2024\\\/09\\\/Candas-365-Redes.jpg\",\"@id\":\"https:\\\/\\\/candas365.es\\\/noticias\\\/un-olor-extrano-obliga-a-un-avion-de-lufthansa-a-volver-a-francfort\\\/#organizationLogo\",\"width\":1152,\"height\":864,\"caption\":\"Cand\\u00e1s 365 Redes\"},\"image\":{\"@id\":\"https:\\\/\\\/candas365.es\\\/noticias\\\/un-olor-extrano-obliga-a-un-avion-de-lufthansa-a-volver-a-francfort\\\/#organizationLogo\"},\"sameAs\":[\"https:\\\/\\\/www.facebook.com\\\/Nachofdezber\",\"https:\\\/\\\/x.com\\\/NabercoDigital\",\"https:\\\/\\\/www.instagram.com\\\/nachofdezber\\\/\",\"https:\\\/\\\/www.youtube.com\\\/channel\\\/UCZP-2wLEB9Rv6erhFmqVnvg\"],\"address\":{\"@id\":\"https:\\\/\\\/candas365.es\\\/noticias\\\/#postaladdress\",\"@type\":\"PostalAddress\",\"streetAddress\":\"san antonio 4, san antonio 4\",\"postalCode\":\"33430\",\"addressLocality\":\"Cand\\u00e1s\",\"addressRegion\":\"Asturias\",\"addressCountry\":\"ES\"}},{\"@type\":\"Person\",\"@id\":\"https:\\\/\\\/candas365.es\\\/noticias\\\/author\\\/admin\\\/#author\",\"url\":\"https:\\\/\\\/candas365.es\\\/noticias\\\/author\\\/admin\\\/\",\"name\":\"Cand\\u00e1s 365\",\"image\":{\"@type\":\"ImageObject\",\"@id\":\"https:\\\/\\\/candas365.es\\\/noticias\\\/un-olor-extrano-obliga-a-un-avion-de-lufthansa-a-volver-a-francfort\\\/#authorImage\",\"url\":\"https:\\\/\\\/secure.gravatar.com\\\/avatar\\\/496a8e03d0c493ede1718b7934145dbdf8d89be1036b0eec9544e1094c9de390?s=96&d=mm&r=g\",\"width\":96,\"height\":96,\"caption\":\"Cand\\u00e1s 365\"},\"sameAs\":[\"https:\\\/\\\/www.facebook.com\\\/carrenoactualidad\",\"https:\\\/\\\/twitter.com\\\/nbasturias\",\"https:\\\/\\\/www.instagram.com\\\/nachofdezber\\\/\",\"https:\\\/\\\/www.youtube.com\\\/channel\\\/UCZP-2wLEB9Rv6erhFmqVnvg\"]},{\"@type\":\"WebPage\",\"@id\":\"https:\\\/\\\/candas365.es\\\/noticias\\\/un-olor-extrano-obliga-a-un-avion-de-lufthansa-a-volver-a-francfort\\\/#webpage\",\"url\":\"https:\\\/\\\/candas365.es\\\/noticias\\\/un-olor-extrano-obliga-a-un-avion-de-lufthansa-a-volver-a-francfort\\\/\",\"name\":\"Un olor extra\\u00f1o obliga a un avi\\u00f3n de Lufthansa a volver a Fr\\u00e1ncfort | Cand\\u00e1s 365\",\"description\":\"Fr\\u00e1ncfort, 19 nov (dpa) - Un olor extra\\u00f1o a bordo oblig\\u00f3 hoy a un avi\\u00f3n de la aerol\\u00ednea alemana Lufthansa a dar la vuelta y regresar al aeropuerto de Fr\\u00e1ncfort poco despu\\u00e9s de despegar. El avi\\u00f3n del tipo Embraer 190 fue inspeccionado por los bomberos despu\\u00e9s del aterrizaje, pero la causa del olor sigue siendo\",\"inLanguage\":\"es-ES\",\"isPartOf\":{\"@id\":\"https:\\\/\\\/candas365.es\\\/noticias\\\/#website\"},\"breadcrumb\":{\"@id\":\"https:\\\/\\\/candas365.es\\\/noticias\\\/un-olor-extrano-obliga-a-un-avion-de-lufthansa-a-volver-a-francfort\\\/#breadcrumblist\"},\"author\":{\"@id\":\"https:\\\/\\\/candas365.es\\\/noticias\\\/author\\\/admin\\\/#author\"},\"creator\":{\"@id\":\"https:\\\/\\\/candas365.es\\\/noticias\\\/author\\\/admin\\\/#author\"},\"image\":{\"@type\":\"ImageObject\",\"url\":\"https:\\\/\\\/candas365.es\\\/noticias\\\/wp-content\\\/uploads\\\/2017\\\/12\\\/apple-1853306_1280-news2.jpg\",\"@id\":\"https:\\\/\\\/candas365.es\\\/noticias\\\/un-olor-extrano-obliga-a-un-avion-de-lufthansa-a-volver-a-francfort\\\/#mainImage\",\"width\":1280,\"height\":853},\"primaryImageOfPage\":{\"@id\":\"https:\\\/\\\/candas365.es\\\/noticias\\\/un-olor-extrano-obliga-a-un-avion-de-lufthansa-a-volver-a-francfort\\\/#mainImage\"},\"datePublished\":\"2018-11-19T20:13:18+01:00\",\"dateModified\":\"2018-11-19T20:13:18+01:00\"},{\"@type\":\"WebSite\",\"@id\":\"https:\\\/\\\/candas365.es\\\/noticias\\\/#website\",\"url\":\"https:\\\/\\\/candas365.es\\\/noticias\\\/\",\"name\":\"Cand\\u00e1s 365\",\"alternateName\":\"Cand\\u00e1s 365 Noticias\",\"description\":\"Actualidad desde Carre\\u00f1o para el mundo\",\"inLanguage\":\"es-ES\",\"publisher\":{\"@id\":\"https:\\\/\\\/candas365.es\\\/noticias\\\/#organization\"}}]}\n\t\t<\/script>\n\t\t<!-- All in One SEO Pro -->\r\n\t\t<title>Un olor extra\u00f1o obliga a un avi\u00f3n de Lufthansa a volver a Fr\u00e1ncfort | Cand\u00e1s 365<\/title>\n\n","aioseo_head_json":{"title":"Un olor extra\u00f1o obliga a un avi\u00f3n de Lufthansa a volver a Fr\u00e1ncfort | Cand\u00e1s 365","description":"Fr\u00e1ncfort, 19 nov (dpa) - Un olor extra\u00f1o a bordo oblig\u00f3 hoy a un avi\u00f3n de la aerol\u00ednea alemana Lufthansa a dar la vuelta y regresar al aeropuerto de Fr\u00e1ncfort poco despu\u00e9s de despegar. El avi\u00f3n del tipo Embraer 190 fue inspeccionado por los bomberos despu\u00e9s del aterrizaje, pero la causa del olor sigue siendo","canonical_url":"https:\/\/candas365.es\/noticias\/un-olor-extrano-obliga-a-un-avion-de-lufthansa-a-volver-a-francfort\/","robots":"max-image-preview:large","keywords":"actualidad","webmasterTools":{"google-site-verification":"UA-32230408-1","msvalidate.01":"354F3CDFB2DA171B47FBE9ABF1F88D5","miscellaneous":""},"schema":{"@context":"https:\/\/schema.org","@graph":[{"@type":"BreadcrumbList","@id":"https:\/\/candas365.es\/noticias\/un-olor-extrano-obliga-a-un-avion-de-lufthansa-a-volver-a-francfort\/#breadcrumblist","itemListElement":[{"@type":"ListItem","@id":"https:\/\/candas365.es\/noticias#listItem","position":1,"name":"Home","item":"https:\/\/candas365.es\/noticias","nextItem":{"@type":"ListItem","@id":"https:\/\/candas365.es\/noticias\/category\/actualidad\/#listItem","name":"Actualidad"}},{"@type":"ListItem","@id":"https:\/\/candas365.es\/noticias\/category\/actualidad\/#listItem","position":2,"name":"Actualidad","item":"https:\/\/candas365.es\/noticias\/category\/actualidad\/","nextItem":{"@type":"ListItem","@id":"https:\/\/candas365.es\/noticias\/un-olor-extrano-obliga-a-un-avion-de-lufthansa-a-volver-a-francfort\/#listItem","name":"Un olor extra\u00f1o obliga a un avi\u00f3n de Lufthansa a volver a Fr\u00e1ncfort"},"previousItem":{"@type":"ListItem","@id":"https:\/\/candas365.es\/noticias#listItem","name":"Home"}},{"@type":"ListItem","@id":"https:\/\/candas365.es\/noticias\/un-olor-extrano-obliga-a-un-avion-de-lufthansa-a-volver-a-francfort\/#listItem","position":3,"name":"Un olor extra\u00f1o obliga a un avi\u00f3n de Lufthansa a volver a Fr\u00e1ncfort","previousItem":{"@type":"ListItem","@id":"https:\/\/candas365.es\/noticias\/category\/actualidad\/#listItem","name":"Actualidad"}}]},{"@type":"NewsArticle","@id":"https:\/\/candas365.es\/noticias\/un-olor-extrano-obliga-a-un-avion-de-lufthansa-a-volver-a-francfort\/#newsarticle","name":"Un olor extra\u00f1o obliga a un avi\u00f3n de Lufthansa a volver a Fr\u00e1ncfort | Cand\u00e1s 365","headline":"Un olor extra\u00f1o obliga a un avi\u00f3n de Lufthansa a volver a Fr\u00e1ncfort","author":{"@id":"https:\/\/candas365.es\/noticias\/author\/admin\/#author"},"publisher":{"@id":"https:\/\/candas365.es\/noticias\/#organization"},"image":{"@type":"ImageObject","url":"https:\/\/candas365.es\/noticias\/wp-content\/uploads\/2017\/12\/apple-1853306_1280-news2.jpg","width":1280,"height":853},"datePublished":"2018-11-19T20:13:18+01:00","dateModified":"2018-11-19T20:13:18+01:00","inLanguage":"es-ES","mainEntityOfPage":{"@id":"https:\/\/candas365.es\/noticias\/un-olor-extrano-obliga-a-un-avion-de-lufthansa-a-volver-a-francfort\/#webpage"},"isPartOf":{"@id":"https:\/\/candas365.es\/noticias\/un-olor-extrano-obliga-a-un-avion-de-lufthansa-a-volver-a-francfort\/#webpage"},"articleSection":"Actualidad","dateline":"Publicado el noviembre 19, 2018."},{"@type":"Organization","@id":"https:\/\/candas365.es\/noticias\/#organization","name":"Cand\u00e1s 365","description":"Cand\u00e1s 365 es un diario digital independiente, fundado en 2012, con base en Asturias. Informamos con rigor sobre actualidad, sociedad, cultura y ocio, con una mirada local y global.","url":"https:\/\/candas365.es\/noticias\/","email":"info@candas365.es","telephone":"+34652131393","foundingDate":"2012-06-10","logo":{"@type":"ImageObject","url":"https:\/\/candas365.es\/noticias\/wp-content\/uploads\/2024\/09\/Candas-365-Redes.jpg","@id":"https:\/\/candas365.es\/noticias\/un-olor-extrano-obliga-a-un-avion-de-lufthansa-a-volver-a-francfort\/#organizationLogo","width":1152,"height":864,"caption":"Cand\u00e1s 365 Redes"},"image":{"@id":"https:\/\/candas365.es\/noticias\/un-olor-extrano-obliga-a-un-avion-de-lufthansa-a-volver-a-francfort\/#organizationLogo"},"sameAs":["https:\/\/www.facebook.com\/Nachofdezber","https:\/\/x.com\/NabercoDigital","https:\/\/www.instagram.com\/nachofdezber\/","https:\/\/www.youtube.com\/channel\/UCZP-2wLEB9Rv6erhFmqVnvg"],"address":{"@id":"https:\/\/candas365.es\/noticias\/#postaladdress","@type":"PostalAddress","streetAddress":"san antonio 4, san antonio 4","postalCode":"33430","addressLocality":"Cand\u00e1s","addressRegion":"Asturias","addressCountry":"ES"}},{"@type":"Person","@id":"https:\/\/candas365.es\/noticias\/author\/admin\/#author","url":"https:\/\/candas365.es\/noticias\/author\/admin\/","name":"Cand\u00e1s 365","image":{"@type":"ImageObject","@id":"https:\/\/candas365.es\/noticias\/un-olor-extrano-obliga-a-un-avion-de-lufthansa-a-volver-a-francfort\/#authorImage","url":"https:\/\/secure.gravatar.com\/avatar\/496a8e03d0c493ede1718b7934145dbdf8d89be1036b0eec9544e1094c9de390?s=96&d=mm&r=g","width":96,"height":96,"caption":"Cand\u00e1s 365"},"sameAs":["https:\/\/www.facebook.com\/carrenoactualidad","https:\/\/twitter.com\/nbasturias","https:\/\/www.instagram.com\/nachofdezber\/","https:\/\/www.youtube.com\/channel\/UCZP-2wLEB9Rv6erhFmqVnvg"]},{"@type":"WebPage","@id":"https:\/\/candas365.es\/noticias\/un-olor-extrano-obliga-a-un-avion-de-lufthansa-a-volver-a-francfort\/#webpage","url":"https:\/\/candas365.es\/noticias\/un-olor-extrano-obliga-a-un-avion-de-lufthansa-a-volver-a-francfort\/","name":"Un olor extra\u00f1o obliga a un avi\u00f3n de Lufthansa a volver a Fr\u00e1ncfort | Cand\u00e1s 365","description":"Fr\u00e1ncfort, 19 nov (dpa) - Un olor extra\u00f1o a bordo oblig\u00f3 hoy a un avi\u00f3n de la aerol\u00ednea alemana Lufthansa a dar la vuelta y regresar al aeropuerto de Fr\u00e1ncfort poco despu\u00e9s de despegar. El avi\u00f3n del tipo Embraer 190 fue inspeccionado por los bomberos despu\u00e9s del aterrizaje, pero la causa del olor sigue siendo","inLanguage":"es-ES","isPartOf":{"@id":"https:\/\/candas365.es\/noticias\/#website"},"breadcrumb":{"@id":"https:\/\/candas365.es\/noticias\/un-olor-extrano-obliga-a-un-avion-de-lufthansa-a-volver-a-francfort\/#breadcrumblist"},"author":{"@id":"https:\/\/candas365.es\/noticias\/author\/admin\/#author"},"creator":{"@id":"https:\/\/candas365.es\/noticias\/author\/admin\/#author"},"image":{"@type":"ImageObject","url":"https:\/\/candas365.es\/noticias\/wp-content\/uploads\/2017\/12\/apple-1853306_1280-news2.jpg","@id":"https:\/\/candas365.es\/noticias\/un-olor-extrano-obliga-a-un-avion-de-lufthansa-a-volver-a-francfort\/#mainImage","width":1280,"height":853},"primaryImageOfPage":{"@id":"https:\/\/candas365.es\/noticias\/un-olor-extrano-obliga-a-un-avion-de-lufthansa-a-volver-a-francfort\/#mainImage"},"datePublished":"2018-11-19T20:13:18+01:00","dateModified":"2018-11-19T20:13:18+01:00"},{"@type":"WebSite","@id":"https:\/\/candas365.es\/noticias\/#website","url":"https:\/\/candas365.es\/noticias\/","name":"Cand\u00e1s 365","alternateName":"Cand\u00e1s 365 Noticias","description":"Actualidad desde Carre\u00f1o para el mundo","inLanguage":"es-ES","publisher":{"@id":"https:\/\/candas365.es\/noticias\/#organization"}}]},"og:locale":"es_ES","og:site_name":"Cand\u00e1s 365","og:type":"article","og:title":"Un olor extra\u00f1o obliga a un avi\u00f3n de Lufthansa a volver a Fr\u00e1ncfort | Cand\u00e1s 365","og:description":"Fr\u00e1ncfort, 19 nov (dpa) - Un olor extra\u00f1o a bordo oblig\u00f3 hoy a un avi\u00f3n de la aerol\u00ednea alemana Lufthansa a dar la vuelta y regresar al aeropuerto de Fr\u00e1ncfort poco despu\u00e9s de despegar. El avi\u00f3n del tipo Embraer 190 fue inspeccionado por los bomberos despu\u00e9s del aterrizaje, pero la causa del olor sigue siendo","og:url":"https:\/\/candas365.es\/noticias\/un-olor-extrano-obliga-a-un-avion-de-lufthansa-a-volver-a-francfort\/","og:image":"https:\/\/candas365.es\/noticias\/wp-content\/uploads\/2017\/12\/apple-1853306_1280-news2.jpg","og:image:secure_url":"https:\/\/candas365.es\/noticias\/wp-content\/uploads\/2017\/12\/apple-1853306_1280-news2.jpg","og:image:width":1280,"og:image:height":853,"article:published_time":"2018-11-19T20:13:18+00:00","article:modified_time":"2018-11-19T20:13:18+00:00","article:publisher":"https:\/\/www.facebook.com\/Nachofdezber","article:author":"https:\/\/www.facebook.com\/carrenoactualidad","twitter:card":"summary_large_image","twitter:site":"@NabercoDigital","twitter:title":"Un olor extra\u00f1o obliga a un avi\u00f3n de Lufthansa a volver a Fr\u00e1ncfort | Cand\u00e1s 365","twitter:description":"Fr\u00e1ncfort, 19 nov (dpa) - Un olor extra\u00f1o a bordo oblig\u00f3 hoy a un avi\u00f3n de la aerol\u00ednea alemana Lufthansa a dar la vuelta y regresar al aeropuerto de Fr\u00e1ncfort poco despu\u00e9s de despegar. El avi\u00f3n del tipo Embraer 190 fue inspeccionado por los bomberos despu\u00e9s del aterrizaje, pero la causa del olor sigue siendo","twitter:creator":"@nbasturias","twitter:image":"https:\/\/candas365.es\/noticias\/wp-content\/uploads\/2017\/12\/apple-1853306_1280-news2.jpg","twitter:label1":"Escrito por","twitter:data1":"Cand\u00e1s 365","twitter:label2":"Tiempo de lectura estimado","twitter:data2":"1 minuto"},"aioseo_meta_data":{"post_id":"110213","title":null,"description":null,"keywords":null,"keyphrases":null,"primary_term":null,"canonical_url":null,"og_title":null,"og_description":null,"og_object_type":"default","og_image_type":"default","og_image_url":null,"og_image_width":null,"og_image_height":null,"og_image_custom_url":null,"og_image_custom_fields":null,"og_video":null,"og_custom_url":null,"og_article_section":null,"og_article_tags":null,"twitter_use_og":false,"twitter_card":"default","twitter_image_type":"default","twitter_image_url":null,"twitter_image_custom_url":null,"twitter_image_custom_fields":null,"twitter_title":null,"twitter_description":null,"schema":{"blockGraphs":[],"customGraphs":[],"default":{"data":{"Article":[],"Course":[],"Dataset":[],"FAQPage":[],"Movie":[],"Person":[],"Product":[],"ProductReview":[],"Car":[],"Recipe":[],"Service":[],"SoftwareApplication":[],"WebPage":[]},"graphName":"","isEnabled":true},"graphs":[]},"schema_type":null,"schema_type_options":null,"pillar_content":false,"robots_default":true,"robots_noindex":false,"robots_noarchive":false,"robots_nosnippet":false,"robots_nofollow":false,"robots_noimageindex":false,"robots_noodp":false,"robots_notranslate":false,"robots_max_snippet":null,"robots_max_videopreview":null,"robots_max_imagepreview":"large","priority":null,"frequency":null,"location":null,"local_seo":null,"seo_analyzer_scan_date":"2025-08-28 12:00:22","breadcrumb_settings":null,"limit_modified_date":false,"reviewed_by":null,"open_ai":null,"ai":null,"created":"2020-12-21 11:38:47","updated":"2025-08-28 12:00:22"},"aioseo_breadcrumb":"<div class=\"aioseo-breadcrumbs\"><span class=\"aioseo-breadcrumb\">\n\t<a href=\"https:\/\/candas365.es\/noticias\" title=\"Home\">Home<\/a>\n<\/span><span class=\"aioseo-breadcrumb-separator\">&ndash;<\/span><span class=\"aioseo-breadcrumb\">\n\t<a href=\"https:\/\/candas365.es\/noticias\/category\/actualidad\/\" title=\"Actualidad\">Actualidad<\/a>\n<\/span><span class=\"aioseo-breadcrumb-separator\">&ndash;<\/span><span class=\"aioseo-breadcrumb\">\n\tUn olor extra\u00f1o obliga a un avi\u00f3n de Lufthansa a volver a Fr\u00e1ncfort\n<\/span><\/div>","aioseo_breadcrumb_json":[{"label":"Home","link":"https:\/\/candas365.es\/noticias"},{"label":"Actualidad","link":"https:\/\/candas365.es\/noticias\/category\/actualidad\/"},{"label":"Un olor extra\u00f1o obliga a un avi\u00f3n de Lufthansa a volver a Fr\u00e1ncfort","link":"https:\/\/candas365.es\/noticias\/un-olor-extrano-obliga-a-un-avion-de-lufthansa-a-volver-a-francfort\/"}],"_links":{"self":[{"href":"https:\/\/candas365.es\/noticias\/wp-json\/wp\/v2\/posts\/110213","targetHints":{"allow":["GET"]}}],"collection":[{"href":"https:\/\/candas365.es\/noticias\/wp-json\/wp\/v2\/posts"}],"about":[{"href":"https:\/\/candas365.es\/noticias\/wp-json\/wp\/v2\/types\/post"}],"author":[{"embeddable":true,"href":"https:\/\/candas365.es\/noticias\/wp-json\/wp\/v2\/users\/1"}],"replies":[{"embeddable":true,"href":"https:\/\/candas365.es\/noticias\/wp-json\/wp\/v2\/comments?post=110213"}],"version-history":[{"count":0,"href":"https:\/\/candas365.es\/noticias\/wp-json\/wp\/v2\/posts\/110213\/revisions"}],"wp:featuredmedia":[{"embeddable":true,"href":"https:\/\/candas365.es\/noticias\/wp-json\/wp\/v2\/media\/86307"}],"wp:attachment":[{"href":"https:\/\/candas365.es\/noticias\/wp-json\/wp\/v2\/media?parent=110213"}],"wp:term":[{"taxonomy":"category","embeddable":true,"href":"https:\/\/candas365.es\/noticias\/wp-json\/wp\/v2\/categories?post=110213"},{"taxonomy":"post_tag","embeddable":true,"href":"https:\/\/candas365.es\/noticias\/wp-json\/wp\/v2\/tags?post=110213"}],"curies":[{"name":"wp","href":"https:\/\/api.w.org\/{rel}","templated":true}]}}