{"id":110172,"date":"2018-11-19T15:52:30","date_gmt":"2018-11-19T15:52:30","guid":{"rendered":"http:\/\/candas365.es\/noticias\/?p=110172"},"modified":"2018-11-19T15:52:30","modified_gmt":"2018-11-19T15:52:30","slug":"carreno-fomenta-el-cuidado-de-la-salud","status":"publish","type":"post","link":"https:\/\/candas365.es\/noticias\/carreno-fomenta-el-cuidado-de-la-salud\/","title":{"rendered":"Carre\u00f1o fomenta el cuidado de la salud"},"content":{"rendered":"<p><img fetchpriority=\"high\" decoding=\"async\" class=\"alignleft size-medium wp-image-110173\" src=\"https:\/\/candas365.es\/noticias\/wp-content\/uploads\/2018\/11\/IMG_8611-360x270.jpg\" alt=\"\" width=\"360\" height=\"270\" srcset=\"https:\/\/candas365.es\/noticias\/wp-content\/uploads\/2018\/11\/IMG_8611-360x270.jpg 360w, https:\/\/candas365.es\/noticias\/wp-content\/uploads\/2018\/11\/IMG_8611-768x576.jpg 768w, https:\/\/candas365.es\/noticias\/wp-content\/uploads\/2018\/11\/IMG_8611-640x480.jpg 640w, https:\/\/candas365.es\/noticias\/wp-content\/uploads\/2018\/11\/IMG_8611-80x60.jpg 80w, https:\/\/candas365.es\/noticias\/wp-content\/uploads\/2018\/11\/IMG_8611-265x198.jpg 265w, https:\/\/candas365.es\/noticias\/wp-content\/uploads\/2018\/11\/IMG_8611-696x522.jpg 696w, https:\/\/candas365.es\/noticias\/wp-content\/uploads\/2018\/11\/IMG_8611-1068x801.jpg 1068w, https:\/\/candas365.es\/noticias\/wp-content\/uploads\/2018\/11\/IMG_8611-560x420.jpg 560w, https:\/\/candas365.es\/noticias\/wp-content\/uploads\/2018\/11\/IMG_8611.jpg 1280w\" sizes=\"(max-width: 360px) 100vw, 360px\" \/>El Ayuntamiento de Carre\u00f1o, municipio adherido en 2016 a la Estrategia de Promoci\u00f3n de la Salud y la Prevenci\u00f3n del Sistema Nacional de Salud, ha celebrado, en la ma\u00f1ana de hoy, una reuni\u00f3n de la Mesa Intersectorial de Salud, con la presencia de representantes de la Gerencia del \u00c1rea V de la Consejer\u00eda de Sanidad del Principado de Asturias, del Centro de Salud de Cand\u00e1s, de los colegios Poeta Ant\u00f3n, San F\u00e9lix y la escuela rural de Guimar\u00e1n- El Valle, de la Escuela Infantil \u201cLa Marinera\u201d, de la Asociaci\u00f3n de Pensionistas El Pase\u00edn, de las farmacias locales, de los grupos pol\u00edticos municipales y trabajadores del Ayuntamiento de Carre\u00f1o de los servicios de medioambiente, polic\u00eda y desarrollo local, con la coordinaci\u00f3n del m\u00e9dico deportivo de la Mancomunidad del Cabo Pe\u00f1as.<\/p>\n<p>En el trascurso de la sesi\u00f3n, Elena Mart\u00ednez Mendoza y Mar\u00eda Jos\u00e9 Fresno Santamarta, presentaron el dispositivo \u201cProtecci\u00f3n Senior\u201d de CaixaBank, un servicio de seguridad y protecci\u00f3n personal dirigido a personas mayores. Formado por una unidad central, que se conecta a la red el\u00e9ctrica, y un reloj inteligente. Tanto la unidad central como el reloj cuentan con un pulsador SOS y funcionan por voz. Sirve, adem\u00e1s, como registro de actividad, localizador por gps, sensor calidad del aire en la vivienda, etc.<\/p>\n<p>As\u00ed mismo Bego\u00f1a Mart\u00ednez e Iv\u00e1n Pidal, de la Gerencia del \u00c1rea V de la Consejer\u00eda de Sanidad presentaron el programa de cribado de c\u00e1ncer de col\u00f3n, por el que mediante un sencillo e indoloro test permitir\u00e1 detectar lesiones de forma temprana y reducir el n\u00famero de colonoscopias innecesarias. El Principado de Asturias est\u00e1 enviando cartas personalizadas al vecindario de Carre\u00f1o, con edades comprendidas entre los 50 a 69 a\u00f1os, para informarles sobre la iniciativa y ofrecerles la posibilidad de realizar una prueba de detecci\u00f3n de sangre oculta en heces (test de cribado). El kit para tomar la muestra se facilitar\u00e1 en los centros de salud, donde se explicar\u00e1 tambi\u00e9n el modo correcto de hacerlo. Una vez recogida, la muestra se env\u00eda al laboratorio y, si no hay evidencia de sangre en heces, la persona volver\u00e1 a ser convocada para repetir la prueba al cabo de dos a\u00f1os.<\/p>\n<p>Lorena Piquero, maestra de la Escuela Rural Guimar\u00e1n &#8211; El Valle present\u00f3 la iniciativa que tiene este centro educativo rural para dentro del programa \u201cAula de la vida\u201d hacer un videoclip con los ni\u00f1os y las ni\u00f1as del concejo para reforzar el aprendizaje de las maniobras de Reanimaci\u00f3n Cardiopulmonar (RCP) al ritmo de una canci\u00f3n, compartiendo la participaci\u00f3n del resto de centros educativos del concejo: colegios Poeta Ant\u00f3n y San F\u00e9lix, escuela rural de Llorgozana y escuela infantil \u201c La Marinera\u201d.<\/p>\n<p>Vicente Gonz\u00e1lez D\u00edez, coordinador de la Estrategia de Promoci\u00f3n de la Salud y la Prevenci\u00f3n en Carre\u00f1o present\u00f3 a la mesa el programa de \u201cPaciente Activo\u201d, cuyo objetivo principal es el abandono del rol pasivo del paciente y cuidador-a, para convertirse en una persona con capacidad de autocuidado y de autogesti\u00f3n de su proceso de enfermedad. Una persona que sea paciente activo\/a, se convierte en persona experta con participaci\u00f3n en la toma de decisiones y una mayor responsabilidad con su salud. Para ello, se dota a la ciudadan\u00eda con enfermedad cr\u00f3nica y a las personas cuidadoras de estrategias de autogesti\u00f3n, que les permita vivir y desarrollarse plenamente como personas, siendo capaces de adaptar la enfermedad a su vida, de afrontarla y adaptarla a su entorno individual y sociocultural.<\/p>\n<p>Por \u00faltimo, present\u00f3 la \u201cGu\u00eda de Recursos de Salud de Carre\u00f1o\u201d, edici\u00f3n que se est\u00e1 ultimando, actuaci\u00f3n que se enmarca en la Estrategia de Promoci\u00f3n de la Salud y la Prevenci\u00f3n 2018, que recoger\u00e1 todos los recursos existentes en materia de salud, entendida \u00e9sta no como ausencia de enfermedad, sino como la b\u00fasqueda de una mejor calidad de vida a trav\u00e9s de los medios que el municipio ofrece a las personas. Incluir\u00e1 m\u00e1s de sesenta recursos, desde asistenciales, a las instalaciones y actividades deportivas, las rutas, paseos y programas de senderismo, la formaci\u00f3n, los espacios culturales, las asociaciones, etc.<\/p>\n","protected":false},"excerpt":{"rendered":"<p>El Ayuntamiento de Carre\u00f1o, municipio adherido en 2016 a la Estrategia de Promoci\u00f3n de la Salud y la Prevenci\u00f3n del Sistema Nacional de Salud, ha celebrado, en la ma\u00f1ana de hoy, una reuni\u00f3n de la Mesa Intersectorial de Salud, con la presencia de representantes de la Gerencia del \u00c1rea V de la Consejer\u00eda de Sanidad<\/p>\n","protected":false},"author":1,"featured_media":110173,"comment_status":"closed","ping_status":"closed","sticky":false,"template":"","format":"standard","meta":{"footnotes":""},"categories":[2],"tags":[],"class_list":{"0":"post-110172","1":"post","2":"type-post","3":"status-publish","4":"format-standard","5":"has-post-thumbnail","7":"category-noticias-carreno"},"aioseo_notices":[],"aioseo_head":"\n\t\t<!-- All in One SEO Pro 4.9.6.2 - aioseo.com -->\n\t<meta name=\"description\" content=\"El Ayuntamiento de Carre\u00f1o, municipio adherido en 2016 a la Estrategia de Promoci\u00f3n de la Salud y la Prevenci\u00f3n del Sistema Nacional de Salud, ha celebrado, en la ma\u00f1ana de hoy, una reuni\u00f3n de la Mesa Intersectorial de Salud, con la presencia de representantes de la Gerencia del \u00c1rea V de la Consejer\u00eda de Sanidad\" \/>\n\t<meta name=\"robots\" content=\"max-image-preview:large\" \/>\n\t<meta name=\"author\" content=\"Cand\u00e1s 365\"\/>\n\t<meta name=\"google-site-verification\" content=\"UA-32230408-1\" \/>\n\t<meta name=\"msvalidate.01\" content=\"354F3CDFB2DA171B47FBE9ABF1F88D5\" \/>\n\t<meta name=\"keywords\" content=\"noticias carre\u00f1o\" \/>\n\t<link rel=\"canonical\" href=\"https:\/\/candas365.es\/noticias\/carreno-fomenta-el-cuidado-de-la-salud\/\" \/>\n\t<meta name=\"generator\" content=\"All in One SEO Pro (AIOSEO) 4.9.6.2\" \/>\n\t\t<meta property=\"og:locale\" content=\"es_ES\" \/>\n\t\t<meta property=\"og:site_name\" content=\"Cand\u00e1s 365\" \/>\n\t\t<meta property=\"og:type\" content=\"article\" \/>\n\t\t<meta property=\"og:title\" content=\"Carre\u00f1o fomenta el cuidado de la salud | Cand\u00e1s 365\" \/>\n\t\t<meta property=\"og:description\" content=\"El Ayuntamiento de Carre\u00f1o, municipio adherido en 2016 a la Estrategia de Promoci\u00f3n de la Salud y la Prevenci\u00f3n del Sistema Nacional de Salud, ha celebrado, en la ma\u00f1ana de hoy, una reuni\u00f3n de la Mesa Intersectorial de Salud, con la presencia de representantes de la Gerencia del \u00c1rea V de la Consejer\u00eda de Sanidad\" \/>\n\t\t<meta property=\"og:url\" content=\"https:\/\/candas365.es\/noticias\/carreno-fomenta-el-cuidado-de-la-salud\/\" \/>\n\t\t<meta property=\"og:image\" content=\"https:\/\/candas365.es\/noticias\/wp-content\/uploads\/2018\/11\/IMG_8611.jpg\" \/>\n\t\t<meta property=\"og:image:secure_url\" content=\"https:\/\/candas365.es\/noticias\/wp-content\/uploads\/2018\/11\/IMG_8611.jpg\" \/>\n\t\t<meta property=\"og:image:width\" content=\"1280\" \/>\n\t\t<meta property=\"og:image:height\" content=\"960\" \/>\n\t\t<meta property=\"article:published_time\" content=\"2018-11-19T15:52:30+00:00\" \/>\n\t\t<meta property=\"article:modified_time\" content=\"2018-11-19T15:52:30+00:00\" \/>\n\t\t<meta property=\"article:publisher\" content=\"https:\/\/www.facebook.com\/Nachofdezber\" \/>\n\t\t<meta property=\"article:author\" content=\"https:\/\/www.facebook.com\/carrenoactualidad\" \/>\n\t\t<meta name=\"twitter:card\" content=\"summary_large_image\" \/>\n\t\t<meta name=\"twitter:site\" content=\"@NabercoDigital\" \/>\n\t\t<meta name=\"twitter:title\" content=\"Carre\u00f1o fomenta el cuidado de la salud | Cand\u00e1s 365\" \/>\n\t\t<meta name=\"twitter:description\" content=\"El Ayuntamiento de Carre\u00f1o, municipio adherido en 2016 a la Estrategia de Promoci\u00f3n de la Salud y la Prevenci\u00f3n del Sistema Nacional de Salud, ha celebrado, en la ma\u00f1ana de hoy, una reuni\u00f3n de la Mesa Intersectorial de Salud, con la presencia de representantes de la Gerencia del \u00c1rea V de la Consejer\u00eda de Sanidad\" \/>\n\t\t<meta name=\"twitter:creator\" content=\"@nbasturias\" \/>\n\t\t<meta name=\"twitter:image\" content=\"https:\/\/candas365.es\/noticias\/wp-content\/uploads\/2018\/11\/IMG_8611.jpg\" \/>\n\t\t<meta name=\"twitter:label1\" content=\"Escrito por\" \/>\n\t\t<meta name=\"twitter:data1\" content=\"Cand\u00e1s 365\" \/>\n\t\t<meta name=\"twitter:label2\" content=\"Tiempo de lectura estimado\" \/>\n\t\t<meta name=\"twitter:data2\" content=\"4 minutos\" \/>\n\t\t<script type=\"application\/ld+json\" class=\"aioseo-schema\">\n\t\t\t{\"@context\":\"https:\\\/\\\/schema.org\",\"@graph\":[{\"@type\":\"BreadcrumbList\",\"@id\":\"https:\\\/\\\/candas365.es\\\/noticias\\\/carreno-fomenta-el-cuidado-de-la-salud\\\/#breadcrumblist\",\"itemListElement\":[{\"@type\":\"ListItem\",\"@id\":\"https:\\\/\\\/candas365.es\\\/noticias#listItem\",\"position\":1,\"name\":\"Home\",\"item\":\"https:\\\/\\\/candas365.es\\\/noticias\",\"nextItem\":{\"@type\":\"ListItem\",\"@id\":\"https:\\\/\\\/candas365.es\\\/noticias\\\/category\\\/noticias-carreno\\\/#listItem\",\"name\":\"Noticias Carre\\u00f1o\"}},{\"@type\":\"ListItem\",\"@id\":\"https:\\\/\\\/candas365.es\\\/noticias\\\/category\\\/noticias-carreno\\\/#listItem\",\"position\":2,\"name\":\"Noticias Carre\\u00f1o\",\"item\":\"https:\\\/\\\/candas365.es\\\/noticias\\\/category\\\/noticias-carreno\\\/\",\"nextItem\":{\"@type\":\"ListItem\",\"@id\":\"https:\\\/\\\/candas365.es\\\/noticias\\\/carreno-fomenta-el-cuidado-de-la-salud\\\/#listItem\",\"name\":\"Carre\\u00f1o fomenta el cuidado de la salud\"},\"previousItem\":{\"@type\":\"ListItem\",\"@id\":\"https:\\\/\\\/candas365.es\\\/noticias#listItem\",\"name\":\"Home\"}},{\"@type\":\"ListItem\",\"@id\":\"https:\\\/\\\/candas365.es\\\/noticias\\\/carreno-fomenta-el-cuidado-de-la-salud\\\/#listItem\",\"position\":3,\"name\":\"Carre\\u00f1o fomenta el cuidado de la salud\",\"previousItem\":{\"@type\":\"ListItem\",\"@id\":\"https:\\\/\\\/candas365.es\\\/noticias\\\/category\\\/noticias-carreno\\\/#listItem\",\"name\":\"Noticias Carre\\u00f1o\"}}]},{\"@type\":\"NewsArticle\",\"@id\":\"https:\\\/\\\/candas365.es\\\/noticias\\\/carreno-fomenta-el-cuidado-de-la-salud\\\/#newsarticle\",\"name\":\"Carre\\u00f1o fomenta el cuidado de la salud | Cand\\u00e1s 365\",\"headline\":\"Carre\\u00f1o fomenta el cuidado de la salud\",\"author\":{\"@id\":\"https:\\\/\\\/candas365.es\\\/noticias\\\/author\\\/admin\\\/#author\"},\"publisher\":{\"@id\":\"https:\\\/\\\/candas365.es\\\/noticias\\\/#organization\"},\"image\":{\"@type\":\"ImageObject\",\"url\":\"https:\\\/\\\/candas365.es\\\/noticias\\\/wp-content\\\/uploads\\\/2018\\\/11\\\/IMG_8611.jpg\",\"width\":1280,\"height\":960},\"datePublished\":\"2018-11-19T15:52:30+01:00\",\"dateModified\":\"2018-11-19T15:52:30+01:00\",\"inLanguage\":\"es-ES\",\"mainEntityOfPage\":{\"@id\":\"https:\\\/\\\/candas365.es\\\/noticias\\\/carreno-fomenta-el-cuidado-de-la-salud\\\/#webpage\"},\"isPartOf\":{\"@id\":\"https:\\\/\\\/candas365.es\\\/noticias\\\/carreno-fomenta-el-cuidado-de-la-salud\\\/#webpage\"},\"articleSection\":\"Noticias Carre\\u00f1o\",\"dateline\":\"Publicado el noviembre 19, 2018.\"},{\"@type\":\"Organization\",\"@id\":\"https:\\\/\\\/candas365.es\\\/noticias\\\/#organization\",\"name\":\"Cand\\u00e1s 365\",\"description\":\"Cand\\u00e1s 365 es un diario digital independiente, fundado en 2012, con base en Asturias. Informamos con rigor sobre actualidad, sociedad, cultura y ocio, con una mirada local y global.\",\"url\":\"https:\\\/\\\/candas365.es\\\/noticias\\\/\",\"email\":\"info@candas365.es\",\"telephone\":\"+34652131393\",\"foundingDate\":\"2012-06-10\",\"logo\":{\"@type\":\"ImageObject\",\"url\":\"https:\\\/\\\/candas365.es\\\/noticias\\\/wp-content\\\/uploads\\\/2024\\\/09\\\/Candas-365-Redes.jpg\",\"@id\":\"https:\\\/\\\/candas365.es\\\/noticias\\\/carreno-fomenta-el-cuidado-de-la-salud\\\/#organizationLogo\",\"width\":1152,\"height\":864,\"caption\":\"Cand\\u00e1s 365 Redes\"},\"image\":{\"@id\":\"https:\\\/\\\/candas365.es\\\/noticias\\\/carreno-fomenta-el-cuidado-de-la-salud\\\/#organizationLogo\"},\"sameAs\":[\"https:\\\/\\\/www.facebook.com\\\/Nachofdezber\",\"https:\\\/\\\/x.com\\\/NabercoDigital\",\"https:\\\/\\\/www.instagram.com\\\/nachofdezber\\\/\",\"https:\\\/\\\/www.youtube.com\\\/channel\\\/UCZP-2wLEB9Rv6erhFmqVnvg\"],\"address\":{\"@id\":\"https:\\\/\\\/candas365.es\\\/noticias\\\/#postaladdress\",\"@type\":\"PostalAddress\",\"streetAddress\":\"san antonio 4, san antonio 4\",\"postalCode\":\"33430\",\"addressLocality\":\"Cand\\u00e1s\",\"addressRegion\":\"Asturias\",\"addressCountry\":\"ES\"}},{\"@type\":\"Person\",\"@id\":\"https:\\\/\\\/candas365.es\\\/noticias\\\/author\\\/admin\\\/#author\",\"url\":\"https:\\\/\\\/candas365.es\\\/noticias\\\/author\\\/admin\\\/\",\"name\":\"Cand\\u00e1s 365\",\"image\":{\"@type\":\"ImageObject\",\"@id\":\"https:\\\/\\\/candas365.es\\\/noticias\\\/carreno-fomenta-el-cuidado-de-la-salud\\\/#authorImage\",\"url\":\"https:\\\/\\\/secure.gravatar.com\\\/avatar\\\/496a8e03d0c493ede1718b7934145dbdf8d89be1036b0eec9544e1094c9de390?s=96&d=mm&r=g\",\"width\":96,\"height\":96,\"caption\":\"Cand\\u00e1s 365\"},\"sameAs\":[\"https:\\\/\\\/www.facebook.com\\\/carrenoactualidad\",\"https:\\\/\\\/twitter.com\\\/nbasturias\",\"https:\\\/\\\/www.instagram.com\\\/nachofdezber\\\/\",\"https:\\\/\\\/www.youtube.com\\\/channel\\\/UCZP-2wLEB9Rv6erhFmqVnvg\"]},{\"@type\":\"WebPage\",\"@id\":\"https:\\\/\\\/candas365.es\\\/noticias\\\/carreno-fomenta-el-cuidado-de-la-salud\\\/#webpage\",\"url\":\"https:\\\/\\\/candas365.es\\\/noticias\\\/carreno-fomenta-el-cuidado-de-la-salud\\\/\",\"name\":\"Carre\\u00f1o fomenta el cuidado de la salud | Cand\\u00e1s 365\",\"description\":\"El Ayuntamiento de Carre\\u00f1o, municipio adherido en 2016 a la Estrategia de Promoci\\u00f3n de la Salud y la Prevenci\\u00f3n del Sistema Nacional de Salud, ha celebrado, en la ma\\u00f1ana de hoy, una reuni\\u00f3n de la Mesa Intersectorial de Salud, con la presencia de representantes de la Gerencia del \\u00c1rea V de la Consejer\\u00eda de Sanidad\",\"inLanguage\":\"es-ES\",\"isPartOf\":{\"@id\":\"https:\\\/\\\/candas365.es\\\/noticias\\\/#website\"},\"breadcrumb\":{\"@id\":\"https:\\\/\\\/candas365.es\\\/noticias\\\/carreno-fomenta-el-cuidado-de-la-salud\\\/#breadcrumblist\"},\"author\":{\"@id\":\"https:\\\/\\\/candas365.es\\\/noticias\\\/author\\\/admin\\\/#author\"},\"creator\":{\"@id\":\"https:\\\/\\\/candas365.es\\\/noticias\\\/author\\\/admin\\\/#author\"},\"image\":{\"@type\":\"ImageObject\",\"url\":\"https:\\\/\\\/candas365.es\\\/noticias\\\/wp-content\\\/uploads\\\/2018\\\/11\\\/IMG_8611.jpg\",\"@id\":\"https:\\\/\\\/candas365.es\\\/noticias\\\/carreno-fomenta-el-cuidado-de-la-salud\\\/#mainImage\",\"width\":1280,\"height\":960},\"primaryImageOfPage\":{\"@id\":\"https:\\\/\\\/candas365.es\\\/noticias\\\/carreno-fomenta-el-cuidado-de-la-salud\\\/#mainImage\"},\"datePublished\":\"2018-11-19T15:52:30+01:00\",\"dateModified\":\"2018-11-19T15:52:30+01:00\"},{\"@type\":\"WebSite\",\"@id\":\"https:\\\/\\\/candas365.es\\\/noticias\\\/#website\",\"url\":\"https:\\\/\\\/candas365.es\\\/noticias\\\/\",\"name\":\"Cand\\u00e1s 365\",\"alternateName\":\"Cand\\u00e1s 365 Noticias\",\"description\":\"Actualidad desde Carre\\u00f1o para el mundo\",\"inLanguage\":\"es-ES\",\"publisher\":{\"@id\":\"https:\\\/\\\/candas365.es\\\/noticias\\\/#organization\"}}]}\n\t\t<\/script>\n\t\t<!-- All in One SEO Pro -->\r\n\t\t<title>Carre\u00f1o fomenta el cuidado de la salud | Cand\u00e1s 365<\/title>\n\n","aioseo_head_json":{"title":"Carre\u00f1o fomenta el cuidado de la salud | Cand\u00e1s 365","description":"El Ayuntamiento de Carre\u00f1o, municipio adherido en 2016 a la Estrategia de Promoci\u00f3n de la Salud y la Prevenci\u00f3n del Sistema Nacional de Salud, ha celebrado, en la ma\u00f1ana de hoy, una reuni\u00f3n de la Mesa Intersectorial de Salud, con la presencia de representantes de la Gerencia del \u00c1rea V de la Consejer\u00eda de Sanidad","canonical_url":"https:\/\/candas365.es\/noticias\/carreno-fomenta-el-cuidado-de-la-salud\/","robots":"max-image-preview:large","keywords":"noticias carre\u00f1o","webmasterTools":{"google-site-verification":"UA-32230408-1","msvalidate.01":"354F3CDFB2DA171B47FBE9ABF1F88D5","miscellaneous":""},"schema":{"@context":"https:\/\/schema.org","@graph":[{"@type":"BreadcrumbList","@id":"https:\/\/candas365.es\/noticias\/carreno-fomenta-el-cuidado-de-la-salud\/#breadcrumblist","itemListElement":[{"@type":"ListItem","@id":"https:\/\/candas365.es\/noticias#listItem","position":1,"name":"Home","item":"https:\/\/candas365.es\/noticias","nextItem":{"@type":"ListItem","@id":"https:\/\/candas365.es\/noticias\/category\/noticias-carreno\/#listItem","name":"Noticias Carre\u00f1o"}},{"@type":"ListItem","@id":"https:\/\/candas365.es\/noticias\/category\/noticias-carreno\/#listItem","position":2,"name":"Noticias Carre\u00f1o","item":"https:\/\/candas365.es\/noticias\/category\/noticias-carreno\/","nextItem":{"@type":"ListItem","@id":"https:\/\/candas365.es\/noticias\/carreno-fomenta-el-cuidado-de-la-salud\/#listItem","name":"Carre\u00f1o fomenta el cuidado de la salud"},"previousItem":{"@type":"ListItem","@id":"https:\/\/candas365.es\/noticias#listItem","name":"Home"}},{"@type":"ListItem","@id":"https:\/\/candas365.es\/noticias\/carreno-fomenta-el-cuidado-de-la-salud\/#listItem","position":3,"name":"Carre\u00f1o fomenta el cuidado de la salud","previousItem":{"@type":"ListItem","@id":"https:\/\/candas365.es\/noticias\/category\/noticias-carreno\/#listItem","name":"Noticias Carre\u00f1o"}}]},{"@type":"NewsArticle","@id":"https:\/\/candas365.es\/noticias\/carreno-fomenta-el-cuidado-de-la-salud\/#newsarticle","name":"Carre\u00f1o fomenta el cuidado de la salud | Cand\u00e1s 365","headline":"Carre\u00f1o fomenta el cuidado de la salud","author":{"@id":"https:\/\/candas365.es\/noticias\/author\/admin\/#author"},"publisher":{"@id":"https:\/\/candas365.es\/noticias\/#organization"},"image":{"@type":"ImageObject","url":"https:\/\/candas365.es\/noticias\/wp-content\/uploads\/2018\/11\/IMG_8611.jpg","width":1280,"height":960},"datePublished":"2018-11-19T15:52:30+01:00","dateModified":"2018-11-19T15:52:30+01:00","inLanguage":"es-ES","mainEntityOfPage":{"@id":"https:\/\/candas365.es\/noticias\/carreno-fomenta-el-cuidado-de-la-salud\/#webpage"},"isPartOf":{"@id":"https:\/\/candas365.es\/noticias\/carreno-fomenta-el-cuidado-de-la-salud\/#webpage"},"articleSection":"Noticias Carre\u00f1o","dateline":"Publicado el noviembre 19, 2018."},{"@type":"Organization","@id":"https:\/\/candas365.es\/noticias\/#organization","name":"Cand\u00e1s 365","description":"Cand\u00e1s 365 es un diario digital independiente, fundado en 2012, con base en Asturias. Informamos con rigor sobre actualidad, sociedad, cultura y ocio, con una mirada local y global.","url":"https:\/\/candas365.es\/noticias\/","email":"info@candas365.es","telephone":"+34652131393","foundingDate":"2012-06-10","logo":{"@type":"ImageObject","url":"https:\/\/candas365.es\/noticias\/wp-content\/uploads\/2024\/09\/Candas-365-Redes.jpg","@id":"https:\/\/candas365.es\/noticias\/carreno-fomenta-el-cuidado-de-la-salud\/#organizationLogo","width":1152,"height":864,"caption":"Cand\u00e1s 365 Redes"},"image":{"@id":"https:\/\/candas365.es\/noticias\/carreno-fomenta-el-cuidado-de-la-salud\/#organizationLogo"},"sameAs":["https:\/\/www.facebook.com\/Nachofdezber","https:\/\/x.com\/NabercoDigital","https:\/\/www.instagram.com\/nachofdezber\/","https:\/\/www.youtube.com\/channel\/UCZP-2wLEB9Rv6erhFmqVnvg"],"address":{"@id":"https:\/\/candas365.es\/noticias\/#postaladdress","@type":"PostalAddress","streetAddress":"san antonio 4, san antonio 4","postalCode":"33430","addressLocality":"Cand\u00e1s","addressRegion":"Asturias","addressCountry":"ES"}},{"@type":"Person","@id":"https:\/\/candas365.es\/noticias\/author\/admin\/#author","url":"https:\/\/candas365.es\/noticias\/author\/admin\/","name":"Cand\u00e1s 365","image":{"@type":"ImageObject","@id":"https:\/\/candas365.es\/noticias\/carreno-fomenta-el-cuidado-de-la-salud\/#authorImage","url":"https:\/\/secure.gravatar.com\/avatar\/496a8e03d0c493ede1718b7934145dbdf8d89be1036b0eec9544e1094c9de390?s=96&d=mm&r=g","width":96,"height":96,"caption":"Cand\u00e1s 365"},"sameAs":["https:\/\/www.facebook.com\/carrenoactualidad","https:\/\/twitter.com\/nbasturias","https:\/\/www.instagram.com\/nachofdezber\/","https:\/\/www.youtube.com\/channel\/UCZP-2wLEB9Rv6erhFmqVnvg"]},{"@type":"WebPage","@id":"https:\/\/candas365.es\/noticias\/carreno-fomenta-el-cuidado-de-la-salud\/#webpage","url":"https:\/\/candas365.es\/noticias\/carreno-fomenta-el-cuidado-de-la-salud\/","name":"Carre\u00f1o fomenta el cuidado de la salud | Cand\u00e1s 365","description":"El Ayuntamiento de Carre\u00f1o, municipio adherido en 2016 a la Estrategia de Promoci\u00f3n de la Salud y la Prevenci\u00f3n del Sistema Nacional de Salud, ha celebrado, en la ma\u00f1ana de hoy, una reuni\u00f3n de la Mesa Intersectorial de Salud, con la presencia de representantes de la Gerencia del \u00c1rea V de la Consejer\u00eda de Sanidad","inLanguage":"es-ES","isPartOf":{"@id":"https:\/\/candas365.es\/noticias\/#website"},"breadcrumb":{"@id":"https:\/\/candas365.es\/noticias\/carreno-fomenta-el-cuidado-de-la-salud\/#breadcrumblist"},"author":{"@id":"https:\/\/candas365.es\/noticias\/author\/admin\/#author"},"creator":{"@id":"https:\/\/candas365.es\/noticias\/author\/admin\/#author"},"image":{"@type":"ImageObject","url":"https:\/\/candas365.es\/noticias\/wp-content\/uploads\/2018\/11\/IMG_8611.jpg","@id":"https:\/\/candas365.es\/noticias\/carreno-fomenta-el-cuidado-de-la-salud\/#mainImage","width":1280,"height":960},"primaryImageOfPage":{"@id":"https:\/\/candas365.es\/noticias\/carreno-fomenta-el-cuidado-de-la-salud\/#mainImage"},"datePublished":"2018-11-19T15:52:30+01:00","dateModified":"2018-11-19T15:52:30+01:00"},{"@type":"WebSite","@id":"https:\/\/candas365.es\/noticias\/#website","url":"https:\/\/candas365.es\/noticias\/","name":"Cand\u00e1s 365","alternateName":"Cand\u00e1s 365 Noticias","description":"Actualidad desde Carre\u00f1o para el mundo","inLanguage":"es-ES","publisher":{"@id":"https:\/\/candas365.es\/noticias\/#organization"}}]},"og:locale":"es_ES","og:site_name":"Cand\u00e1s 365","og:type":"article","og:title":"Carre\u00f1o fomenta el cuidado de la salud | Cand\u00e1s 365","og:description":"El Ayuntamiento de Carre\u00f1o, municipio adherido en 2016 a la Estrategia de Promoci\u00f3n de la Salud y la Prevenci\u00f3n del Sistema Nacional de Salud, ha celebrado, en la ma\u00f1ana de hoy, una reuni\u00f3n de la Mesa Intersectorial de Salud, con la presencia de representantes de la Gerencia del \u00c1rea V de la Consejer\u00eda de Sanidad","og:url":"https:\/\/candas365.es\/noticias\/carreno-fomenta-el-cuidado-de-la-salud\/","og:image":"https:\/\/candas365.es\/noticias\/wp-content\/uploads\/2018\/11\/IMG_8611.jpg","og:image:secure_url":"https:\/\/candas365.es\/noticias\/wp-content\/uploads\/2018\/11\/IMG_8611.jpg","og:image:width":1280,"og:image:height":960,"article:published_time":"2018-11-19T15:52:30+00:00","article:modified_time":"2018-11-19T15:52:30+00:00","article:publisher":"https:\/\/www.facebook.com\/Nachofdezber","article:author":"https:\/\/www.facebook.com\/carrenoactualidad","twitter:card":"summary_large_image","twitter:site":"@NabercoDigital","twitter:title":"Carre\u00f1o fomenta el cuidado de la salud | Cand\u00e1s 365","twitter:description":"El Ayuntamiento de Carre\u00f1o, municipio adherido en 2016 a la Estrategia de Promoci\u00f3n de la Salud y la Prevenci\u00f3n del Sistema Nacional de Salud, ha celebrado, en la ma\u00f1ana de hoy, una reuni\u00f3n de la Mesa Intersectorial de Salud, con la presencia de representantes de la Gerencia del \u00c1rea V de la Consejer\u00eda de Sanidad","twitter:creator":"@nbasturias","twitter:image":"https:\/\/candas365.es\/noticias\/wp-content\/uploads\/2018\/11\/IMG_8611.jpg","twitter:label1":"Escrito por","twitter:data1":"Cand\u00e1s 365","twitter:label2":"Tiempo de lectura estimado","twitter:data2":"4 minutos"},"aioseo_meta_data":{"post_id":"110172","title":null,"description":null,"keywords":null,"keyphrases":null,"primary_term":null,"canonical_url":null,"og_title":null,"og_description":null,"og_object_type":"default","og_image_type":"default","og_image_url":null,"og_image_width":null,"og_image_height":null,"og_image_custom_url":null,"og_image_custom_fields":null,"og_video":null,"og_custom_url":null,"og_article_section":null,"og_article_tags":null,"twitter_use_og":false,"twitter_card":"default","twitter_image_type":"default","twitter_image_url":null,"twitter_image_custom_url":null,"twitter_image_custom_fields":null,"twitter_title":null,"twitter_description":null,"schema":{"blockGraphs":[],"customGraphs":[],"default":{"data":{"Article":[],"Course":[],"Dataset":[],"FAQPage":[],"Movie":[],"Person":[],"Product":[],"ProductReview":[],"Car":[],"Recipe":[],"Service":[],"SoftwareApplication":[],"WebPage":[]},"graphName":"","isEnabled":true},"graphs":[],"defaultGraph":"","defaultPostTypeGraph":""},"schema_type":null,"schema_type_options":null,"pillar_content":false,"robots_default":true,"robots_noindex":false,"robots_noarchive":false,"robots_nosnippet":false,"robots_nofollow":false,"robots_noimageindex":false,"robots_noodp":false,"robots_notranslate":false,"robots_max_snippet":null,"robots_max_videopreview":null,"robots_max_imagepreview":"large","priority":null,"frequency":null,"location":null,"local_seo":null,"seo_analyzer_scan_date":"2025-08-28 11:52:30","breadcrumb_settings":null,"limit_modified_date":false,"reviewed_by":null,"open_ai":null,"ai":null,"created":"2020-12-21 11:38:47","updated":"2025-08-28 11:52:30"},"aioseo_breadcrumb":"<div class=\"aioseo-breadcrumbs\"><span class=\"aioseo-breadcrumb\">\n\t<a href=\"https:\/\/candas365.es\/noticias\" title=\"Home\">Home<\/a>\n<\/span><span class=\"aioseo-breadcrumb-separator\">&ndash;<\/span><span class=\"aioseo-breadcrumb\">\n\t<a href=\"https:\/\/candas365.es\/noticias\/category\/noticias-carreno\/\" title=\"Noticias Carre\u00f1o\">Noticias Carre\u00f1o<\/a>\n<\/span><span class=\"aioseo-breadcrumb-separator\">&ndash;<\/span><span class=\"aioseo-breadcrumb\">\n\tCarre\u00f1o fomenta el cuidado de la salud\n<\/span><\/div>","aioseo_breadcrumb_json":[{"label":"Home","link":"https:\/\/candas365.es\/noticias"},{"label":"Noticias Carre\u00f1o","link":"https:\/\/candas365.es\/noticias\/category\/noticias-carreno\/"},{"label":"Carre\u00f1o fomenta el cuidado de la salud","link":"https:\/\/candas365.es\/noticias\/carreno-fomenta-el-cuidado-de-la-salud\/"}],"_links":{"self":[{"href":"https:\/\/candas365.es\/noticias\/wp-json\/wp\/v2\/posts\/110172","targetHints":{"allow":["GET"]}}],"collection":[{"href":"https:\/\/candas365.es\/noticias\/wp-json\/wp\/v2\/posts"}],"about":[{"href":"https:\/\/candas365.es\/noticias\/wp-json\/wp\/v2\/types\/post"}],"author":[{"embeddable":true,"href":"https:\/\/candas365.es\/noticias\/wp-json\/wp\/v2\/users\/1"}],"replies":[{"embeddable":true,"href":"https:\/\/candas365.es\/noticias\/wp-json\/wp\/v2\/comments?post=110172"}],"version-history":[{"count":0,"href":"https:\/\/candas365.es\/noticias\/wp-json\/wp\/v2\/posts\/110172\/revisions"}],"wp:featuredmedia":[{"embeddable":true,"href":"https:\/\/candas365.es\/noticias\/wp-json\/wp\/v2\/media\/110173"}],"wp:attachment":[{"href":"https:\/\/candas365.es\/noticias\/wp-json\/wp\/v2\/media?parent=110172"}],"wp:term":[{"taxonomy":"category","embeddable":true,"href":"https:\/\/candas365.es\/noticias\/wp-json\/wp\/v2\/categories?post=110172"},{"taxonomy":"post_tag","embeddable":true,"href":"https:\/\/candas365.es\/noticias\/wp-json\/wp\/v2\/tags?post=110172"}],"curies":[{"name":"wp","href":"https:\/\/api.w.org\/{rel}","templated":true}]}}