{"id":110170,"date":"2018-11-19T15:49:58","date_gmt":"2018-11-19T15:49:58","guid":{"rendered":"http:\/\/candas365.es\/noticias\/?p=110170"},"modified":"2018-11-19T15:49:58","modified_gmt":"2018-11-19T15:49:58","slug":"el-papa-critica-la-desigualdad-en-la-jornada-mundial-de-los-pobres","status":"publish","type":"post","link":"https:\/\/candas365.es\/noticias\/el-papa-critica-la-desigualdad-en-la-jornada-mundial-de-los-pobres\/","title":{"rendered":"El papa critica la desigualdad en la Jornada Mundial de los pobres"},"content":{"rendered":"<p><img fetchpriority=\"high\" decoding=\"async\" class=\"alignleft size-medium wp-image-91858\" src=\"https:\/\/candas365.es\/noticias\/wp-content\/uploads\/2018\/03\/rome-1945033_1280-360x202.jpg\" alt=\"\" width=\"360\" height=\"202\" srcset=\"https:\/\/candas365.es\/noticias\/wp-content\/uploads\/2018\/03\/rome-1945033_1280-360x202.jpg 360w, https:\/\/candas365.es\/noticias\/wp-content\/uploads\/2018\/03\/rome-1945033_1280-696x391.jpg 696w, https:\/\/candas365.es\/noticias\/wp-content\/uploads\/2018\/03\/rome-1945033_1280-1068x600.jpg 1068w, https:\/\/candas365.es\/noticias\/wp-content\/uploads\/2018\/03\/rome-1945033_1280-748x420.jpg 748w, https:\/\/candas365.es\/noticias\/wp-content\/uploads\/2018\/03\/rome-1945033_1280-768x431.jpg 768w, https:\/\/candas365.es\/noticias\/wp-content\/uploads\/2018\/03\/rome-1945033_1280-655x368.jpg 655w, https:\/\/candas365.es\/noticias\/wp-content\/uploads\/2018\/03\/rome-1945033_1280-499x280.jpg 499w, https:\/\/candas365.es\/noticias\/wp-content\/uploads\/2018\/03\/rome-1945033_1280.jpg 1280w\" sizes=\"(max-width: 360px) 100vw, 360px\" \/>Roma, 18 nov (dpa) &#8211; El papa Francisco se\u00f1al\u00f3 hoy que la injusticia es la \u00abra\u00edz perversa de la pobreza\u00bb, al tiempo que critic\u00f3 a los ricos que derrochan durante la misa por la Jornada Mundial de los pobres que celebr\u00f3 hoy en la Bas\u00edlica de San Pedro en el Vatiacno.<\/p>\n<p>\u00abEl grito de los pobres es cada d\u00eda m\u00e1s fuerte pero tambi\u00e9n menos escuchado, sofocado por el estruendo de unos pocos ricos, que son cada vez menos pero m\u00e1s ricos\u00bb, dijo durante la ceremonia.<\/p>\n<p>\u00abEs el grito de tantos L\u00e1zaros que lloran, mientras que unos pocos epulones banquetean con lo que en justicia corresponde a todos\u00bb, dijo haciendo referencia a la par\u00e1bola b\u00edblica del rico epul\u00f3n y el mendigo L\u00e1zaro centrada en la riqueza y la pobreza.<\/p>\n<p>Francisco record\u00f3 tambi\u00e9n a los migrantes, ancianos, ni\u00f1os que sufren hambre y j\u00f3venes que crecieron durante la guerra, as\u00ed como los ni\u00f1os que no llegaron a nacer.<\/p>\n<p>\u00abEl grito de los pobres: es el grito ahogado de los ni\u00f1os que no pueden venir a la luz, de los peque\u00f1os que sufren hambre, de chicos acostumbrados al estruendo de las bombas en lugar del alegre alboroto de los juegos. Es el grito de los ancianos descartados y abandonados\u00bb, dijo en la misa en la que estuvieron presentes 6.000 pobres, seg\u00fan inform\u00f3 el Vaticano.<\/p>\n<p>Francisco se ha erigido como un defensor de los pobres desde que asumi\u00f3 el pontificado y critica continuamente el derroche y el egocentrismo de los ricos.<\/p>\n","protected":false},"excerpt":{"rendered":"<p>Roma, 18 nov (dpa) &#8211; El papa Francisco se\u00f1al\u00f3 hoy que la injusticia es la \u00abra\u00edz perversa de la pobreza\u00bb, al tiempo que critic\u00f3 a los ricos que derrochan durante la misa por la Jornada Mundial de los pobres que celebr\u00f3 hoy en la Bas\u00edlica de San Pedro en el Vatiacno. \u00abEl grito de los<\/p>\n","protected":false},"author":1,"featured_media":91858,"comment_status":"closed","ping_status":"closed","sticky":false,"template":"","format":"standard","meta":{"footnotes":""},"categories":[343],"tags":[],"class_list":{"0":"post-110170","1":"post","2":"type-post","3":"status-publish","4":"format-standard","5":"has-post-thumbnail","7":"category-actualidad"},"aioseo_notices":[],"aioseo_head":"\n\t\t<!-- All in One SEO Pro 4.9.6.2 - aioseo.com -->\n\t<meta name=\"description\" content=\"Roma, 18 nov (dpa) - El papa Francisco se\u00f1al\u00f3 hoy que la injusticia es la &quot;ra\u00edz perversa de la pobreza&quot;, al tiempo que critic\u00f3 a los ricos que derrochan durante la misa por la Jornada Mundial de los pobres que celebr\u00f3 hoy en la Bas\u00edlica de San Pedro en el Vatiacno. &quot;El grito de los\" \/>\n\t<meta name=\"robots\" content=\"max-image-preview:large\" \/>\n\t<meta name=\"author\" content=\"Cand\u00e1s 365\"\/>\n\t<meta name=\"google-site-verification\" content=\"UA-32230408-1\" \/>\n\t<meta name=\"msvalidate.01\" content=\"354F3CDFB2DA171B47FBE9ABF1F88D5\" \/>\n\t<meta name=\"keywords\" content=\"actualidad\" \/>\n\t<link rel=\"canonical\" href=\"https:\/\/candas365.es\/noticias\/el-papa-critica-la-desigualdad-en-la-jornada-mundial-de-los-pobres\/\" \/>\n\t<meta name=\"generator\" content=\"All in One SEO Pro (AIOSEO) 4.9.6.2\" \/>\n\t\t<meta property=\"og:locale\" content=\"es_ES\" \/>\n\t\t<meta property=\"og:site_name\" content=\"Cand\u00e1s 365\" \/>\n\t\t<meta property=\"og:type\" content=\"article\" \/>\n\t\t<meta property=\"og:title\" content=\"El papa critica la desigualdad en la Jornada Mundial de los pobres | Cand\u00e1s 365\" \/>\n\t\t<meta property=\"og:description\" content=\"Roma, 18 nov (dpa) - El papa Francisco se\u00f1al\u00f3 hoy que la injusticia es la &quot;ra\u00edz perversa de la pobreza&quot;, al tiempo que critic\u00f3 a los ricos que derrochan durante la misa por la Jornada Mundial de los pobres que celebr\u00f3 hoy en la Bas\u00edlica de San Pedro en el Vatiacno. &quot;El grito de los\" \/>\n\t\t<meta property=\"og:url\" content=\"https:\/\/candas365.es\/noticias\/el-papa-critica-la-desigualdad-en-la-jornada-mundial-de-los-pobres\/\" \/>\n\t\t<meta property=\"og:image\" content=\"https:\/\/candas365.es\/noticias\/wp-content\/uploads\/2018\/03\/rome-1945033_1280.jpg\" \/>\n\t\t<meta property=\"og:image:secure_url\" content=\"https:\/\/candas365.es\/noticias\/wp-content\/uploads\/2018\/03\/rome-1945033_1280.jpg\" \/>\n\t\t<meta property=\"og:image:width\" content=\"1280\" \/>\n\t\t<meta property=\"og:image:height\" content=\"719\" \/>\n\t\t<meta property=\"article:published_time\" content=\"2018-11-19T15:49:58+00:00\" \/>\n\t\t<meta property=\"article:modified_time\" content=\"2018-11-19T15:49:58+00:00\" \/>\n\t\t<meta property=\"article:publisher\" content=\"https:\/\/www.facebook.com\/Nachofdezber\" \/>\n\t\t<meta property=\"article:author\" content=\"https:\/\/www.facebook.com\/carrenoactualidad\" \/>\n\t\t<meta name=\"twitter:card\" content=\"summary_large_image\" \/>\n\t\t<meta name=\"twitter:site\" content=\"@NabercoDigital\" \/>\n\t\t<meta name=\"twitter:title\" content=\"El papa critica la desigualdad en la Jornada Mundial de los pobres | Cand\u00e1s 365\" \/>\n\t\t<meta name=\"twitter:description\" content=\"Roma, 18 nov (dpa) - El papa Francisco se\u00f1al\u00f3 hoy que la injusticia es la &quot;ra\u00edz perversa de la pobreza&quot;, al tiempo que critic\u00f3 a los ricos que derrochan durante la misa por la Jornada Mundial de los pobres que celebr\u00f3 hoy en la Bas\u00edlica de San Pedro en el Vatiacno. &quot;El grito de los\" \/>\n\t\t<meta name=\"twitter:creator\" content=\"@nbasturias\" \/>\n\t\t<meta name=\"twitter:image\" content=\"https:\/\/candas365.es\/noticias\/wp-content\/uploads\/2018\/03\/rome-1945033_1280.jpg\" \/>\n\t\t<meta name=\"twitter:label1\" content=\"Escrito por\" \/>\n\t\t<meta name=\"twitter:data1\" content=\"Cand\u00e1s 365\" \/>\n\t\t<meta name=\"twitter:label2\" content=\"Tiempo de lectura estimado\" \/>\n\t\t<meta name=\"twitter:data2\" content=\"1 minuto\" \/>\n\t\t<script type=\"application\/ld+json\" class=\"aioseo-schema\">\n\t\t\t{\"@context\":\"https:\\\/\\\/schema.org\",\"@graph\":[{\"@type\":\"BreadcrumbList\",\"@id\":\"https:\\\/\\\/candas365.es\\\/noticias\\\/el-papa-critica-la-desigualdad-en-la-jornada-mundial-de-los-pobres\\\/#breadcrumblist\",\"itemListElement\":[{\"@type\":\"ListItem\",\"@id\":\"https:\\\/\\\/candas365.es\\\/noticias#listItem\",\"position\":1,\"name\":\"Home\",\"item\":\"https:\\\/\\\/candas365.es\\\/noticias\",\"nextItem\":{\"@type\":\"ListItem\",\"@id\":\"https:\\\/\\\/candas365.es\\\/noticias\\\/category\\\/actualidad\\\/#listItem\",\"name\":\"Actualidad\"}},{\"@type\":\"ListItem\",\"@id\":\"https:\\\/\\\/candas365.es\\\/noticias\\\/category\\\/actualidad\\\/#listItem\",\"position\":2,\"name\":\"Actualidad\",\"item\":\"https:\\\/\\\/candas365.es\\\/noticias\\\/category\\\/actualidad\\\/\",\"nextItem\":{\"@type\":\"ListItem\",\"@id\":\"https:\\\/\\\/candas365.es\\\/noticias\\\/el-papa-critica-la-desigualdad-en-la-jornada-mundial-de-los-pobres\\\/#listItem\",\"name\":\"El papa critica la desigualdad en la Jornada Mundial de los pobres\"},\"previousItem\":{\"@type\":\"ListItem\",\"@id\":\"https:\\\/\\\/candas365.es\\\/noticias#listItem\",\"name\":\"Home\"}},{\"@type\":\"ListItem\",\"@id\":\"https:\\\/\\\/candas365.es\\\/noticias\\\/el-papa-critica-la-desigualdad-en-la-jornada-mundial-de-los-pobres\\\/#listItem\",\"position\":3,\"name\":\"El papa critica la desigualdad en la Jornada Mundial de los pobres\",\"previousItem\":{\"@type\":\"ListItem\",\"@id\":\"https:\\\/\\\/candas365.es\\\/noticias\\\/category\\\/actualidad\\\/#listItem\",\"name\":\"Actualidad\"}}]},{\"@type\":\"NewsArticle\",\"@id\":\"https:\\\/\\\/candas365.es\\\/noticias\\\/el-papa-critica-la-desigualdad-en-la-jornada-mundial-de-los-pobres\\\/#newsarticle\",\"name\":\"El papa critica la desigualdad en la Jornada Mundial de los pobres | Cand\\u00e1s 365\",\"headline\":\"El papa critica la desigualdad en la Jornada Mundial de los pobres\",\"author\":{\"@id\":\"https:\\\/\\\/candas365.es\\\/noticias\\\/author\\\/admin\\\/#author\"},\"publisher\":{\"@id\":\"https:\\\/\\\/candas365.es\\\/noticias\\\/#organization\"},\"image\":{\"@type\":\"ImageObject\",\"url\":\"https:\\\/\\\/candas365.es\\\/noticias\\\/wp-content\\\/uploads\\\/2018\\\/03\\\/rome-1945033_1280.jpg\",\"width\":1280,\"height\":719},\"datePublished\":\"2018-11-19T15:49:58+01:00\",\"dateModified\":\"2018-11-19T15:49:58+01:00\",\"inLanguage\":\"es-ES\",\"mainEntityOfPage\":{\"@id\":\"https:\\\/\\\/candas365.es\\\/noticias\\\/el-papa-critica-la-desigualdad-en-la-jornada-mundial-de-los-pobres\\\/#webpage\"},\"isPartOf\":{\"@id\":\"https:\\\/\\\/candas365.es\\\/noticias\\\/el-papa-critica-la-desigualdad-en-la-jornada-mundial-de-los-pobres\\\/#webpage\"},\"articleSection\":\"Actualidad\",\"dateline\":\"Publicado el noviembre 19, 2018.\"},{\"@type\":\"Organization\",\"@id\":\"https:\\\/\\\/candas365.es\\\/noticias\\\/#organization\",\"name\":\"Cand\\u00e1s 365\",\"description\":\"Cand\\u00e1s 365 es un diario digital independiente, fundado en 2012, con base en Asturias. Informamos con rigor sobre actualidad, sociedad, cultura y ocio, con una mirada local y global.\",\"url\":\"https:\\\/\\\/candas365.es\\\/noticias\\\/\",\"email\":\"info@candas365.es\",\"telephone\":\"+34652131393\",\"foundingDate\":\"2012-06-10\",\"logo\":{\"@type\":\"ImageObject\",\"url\":\"https:\\\/\\\/candas365.es\\\/noticias\\\/wp-content\\\/uploads\\\/2024\\\/09\\\/Candas-365-Redes.jpg\",\"@id\":\"https:\\\/\\\/candas365.es\\\/noticias\\\/el-papa-critica-la-desigualdad-en-la-jornada-mundial-de-los-pobres\\\/#organizationLogo\",\"width\":1152,\"height\":864,\"caption\":\"Cand\\u00e1s 365 Redes\"},\"image\":{\"@id\":\"https:\\\/\\\/candas365.es\\\/noticias\\\/el-papa-critica-la-desigualdad-en-la-jornada-mundial-de-los-pobres\\\/#organizationLogo\"},\"sameAs\":[\"https:\\\/\\\/www.facebook.com\\\/Nachofdezber\",\"https:\\\/\\\/x.com\\\/NabercoDigital\",\"https:\\\/\\\/www.instagram.com\\\/nachofdezber\\\/\",\"https:\\\/\\\/www.youtube.com\\\/channel\\\/UCZP-2wLEB9Rv6erhFmqVnvg\"],\"address\":{\"@id\":\"https:\\\/\\\/candas365.es\\\/noticias\\\/#postaladdress\",\"@type\":\"PostalAddress\",\"streetAddress\":\"san antonio 4, san antonio 4\",\"postalCode\":\"33430\",\"addressLocality\":\"Cand\\u00e1s\",\"addressRegion\":\"Asturias\",\"addressCountry\":\"ES\"}},{\"@type\":\"Person\",\"@id\":\"https:\\\/\\\/candas365.es\\\/noticias\\\/author\\\/admin\\\/#author\",\"url\":\"https:\\\/\\\/candas365.es\\\/noticias\\\/author\\\/admin\\\/\",\"name\":\"Cand\\u00e1s 365\",\"image\":{\"@type\":\"ImageObject\",\"@id\":\"https:\\\/\\\/candas365.es\\\/noticias\\\/el-papa-critica-la-desigualdad-en-la-jornada-mundial-de-los-pobres\\\/#authorImage\",\"url\":\"https:\\\/\\\/secure.gravatar.com\\\/avatar\\\/496a8e03d0c493ede1718b7934145dbdf8d89be1036b0eec9544e1094c9de390?s=96&d=mm&r=g\",\"width\":96,\"height\":96,\"caption\":\"Cand\\u00e1s 365\"},\"sameAs\":[\"https:\\\/\\\/www.facebook.com\\\/carrenoactualidad\",\"https:\\\/\\\/twitter.com\\\/nbasturias\",\"https:\\\/\\\/www.instagram.com\\\/nachofdezber\\\/\",\"https:\\\/\\\/www.youtube.com\\\/channel\\\/UCZP-2wLEB9Rv6erhFmqVnvg\"]},{\"@type\":\"WebPage\",\"@id\":\"https:\\\/\\\/candas365.es\\\/noticias\\\/el-papa-critica-la-desigualdad-en-la-jornada-mundial-de-los-pobres\\\/#webpage\",\"url\":\"https:\\\/\\\/candas365.es\\\/noticias\\\/el-papa-critica-la-desigualdad-en-la-jornada-mundial-de-los-pobres\\\/\",\"name\":\"El papa critica la desigualdad en la Jornada Mundial de los pobres | Cand\\u00e1s 365\",\"description\":\"Roma, 18 nov (dpa) - El papa Francisco se\\u00f1al\\u00f3 hoy que la injusticia es la \\\"ra\\u00edz perversa de la pobreza\\\", al tiempo que critic\\u00f3 a los ricos que derrochan durante la misa por la Jornada Mundial de los pobres que celebr\\u00f3 hoy en la Bas\\u00edlica de San Pedro en el Vatiacno. \\\"El grito de los\",\"inLanguage\":\"es-ES\",\"isPartOf\":{\"@id\":\"https:\\\/\\\/candas365.es\\\/noticias\\\/#website\"},\"breadcrumb\":{\"@id\":\"https:\\\/\\\/candas365.es\\\/noticias\\\/el-papa-critica-la-desigualdad-en-la-jornada-mundial-de-los-pobres\\\/#breadcrumblist\"},\"author\":{\"@id\":\"https:\\\/\\\/candas365.es\\\/noticias\\\/author\\\/admin\\\/#author\"},\"creator\":{\"@id\":\"https:\\\/\\\/candas365.es\\\/noticias\\\/author\\\/admin\\\/#author\"},\"image\":{\"@type\":\"ImageObject\",\"url\":\"https:\\\/\\\/candas365.es\\\/noticias\\\/wp-content\\\/uploads\\\/2018\\\/03\\\/rome-1945033_1280.jpg\",\"@id\":\"https:\\\/\\\/candas365.es\\\/noticias\\\/el-papa-critica-la-desigualdad-en-la-jornada-mundial-de-los-pobres\\\/#mainImage\",\"width\":1280,\"height\":719},\"primaryImageOfPage\":{\"@id\":\"https:\\\/\\\/candas365.es\\\/noticias\\\/el-papa-critica-la-desigualdad-en-la-jornada-mundial-de-los-pobres\\\/#mainImage\"},\"datePublished\":\"2018-11-19T15:49:58+01:00\",\"dateModified\":\"2018-11-19T15:49:58+01:00\"},{\"@type\":\"WebSite\",\"@id\":\"https:\\\/\\\/candas365.es\\\/noticias\\\/#website\",\"url\":\"https:\\\/\\\/candas365.es\\\/noticias\\\/\",\"name\":\"Cand\\u00e1s 365\",\"alternateName\":\"Cand\\u00e1s 365 Noticias\",\"description\":\"Actualidad desde Carre\\u00f1o para el mundo\",\"inLanguage\":\"es-ES\",\"publisher\":{\"@id\":\"https:\\\/\\\/candas365.es\\\/noticias\\\/#organization\"}}]}\n\t\t<\/script>\n\t\t<!-- All in One SEO Pro -->\r\n\t\t<title>El papa critica la desigualdad en la Jornada Mundial de los pobres | Cand\u00e1s 365<\/title>\n\n","aioseo_head_json":{"title":"El papa critica la desigualdad en la Jornada Mundial de los pobres | Cand\u00e1s 365","description":"Roma, 18 nov (dpa) - El papa Francisco se\u00f1al\u00f3 hoy que la injusticia es la \"ra\u00edz perversa de la pobreza\", al tiempo que critic\u00f3 a los ricos que derrochan durante la misa por la Jornada Mundial de los pobres que celebr\u00f3 hoy en la Bas\u00edlica de San Pedro en el Vatiacno. \"El grito de los","canonical_url":"https:\/\/candas365.es\/noticias\/el-papa-critica-la-desigualdad-en-la-jornada-mundial-de-los-pobres\/","robots":"max-image-preview:large","keywords":"actualidad","webmasterTools":{"google-site-verification":"UA-32230408-1","msvalidate.01":"354F3CDFB2DA171B47FBE9ABF1F88D5","miscellaneous":""},"schema":{"@context":"https:\/\/schema.org","@graph":[{"@type":"BreadcrumbList","@id":"https:\/\/candas365.es\/noticias\/el-papa-critica-la-desigualdad-en-la-jornada-mundial-de-los-pobres\/#breadcrumblist","itemListElement":[{"@type":"ListItem","@id":"https:\/\/candas365.es\/noticias#listItem","position":1,"name":"Home","item":"https:\/\/candas365.es\/noticias","nextItem":{"@type":"ListItem","@id":"https:\/\/candas365.es\/noticias\/category\/actualidad\/#listItem","name":"Actualidad"}},{"@type":"ListItem","@id":"https:\/\/candas365.es\/noticias\/category\/actualidad\/#listItem","position":2,"name":"Actualidad","item":"https:\/\/candas365.es\/noticias\/category\/actualidad\/","nextItem":{"@type":"ListItem","@id":"https:\/\/candas365.es\/noticias\/el-papa-critica-la-desigualdad-en-la-jornada-mundial-de-los-pobres\/#listItem","name":"El papa critica la desigualdad en la Jornada Mundial de los pobres"},"previousItem":{"@type":"ListItem","@id":"https:\/\/candas365.es\/noticias#listItem","name":"Home"}},{"@type":"ListItem","@id":"https:\/\/candas365.es\/noticias\/el-papa-critica-la-desigualdad-en-la-jornada-mundial-de-los-pobres\/#listItem","position":3,"name":"El papa critica la desigualdad en la Jornada Mundial de los pobres","previousItem":{"@type":"ListItem","@id":"https:\/\/candas365.es\/noticias\/category\/actualidad\/#listItem","name":"Actualidad"}}]},{"@type":"NewsArticle","@id":"https:\/\/candas365.es\/noticias\/el-papa-critica-la-desigualdad-en-la-jornada-mundial-de-los-pobres\/#newsarticle","name":"El papa critica la desigualdad en la Jornada Mundial de los pobres | Cand\u00e1s 365","headline":"El papa critica la desigualdad en la Jornada Mundial de los pobres","author":{"@id":"https:\/\/candas365.es\/noticias\/author\/admin\/#author"},"publisher":{"@id":"https:\/\/candas365.es\/noticias\/#organization"},"image":{"@type":"ImageObject","url":"https:\/\/candas365.es\/noticias\/wp-content\/uploads\/2018\/03\/rome-1945033_1280.jpg","width":1280,"height":719},"datePublished":"2018-11-19T15:49:58+01:00","dateModified":"2018-11-19T15:49:58+01:00","inLanguage":"es-ES","mainEntityOfPage":{"@id":"https:\/\/candas365.es\/noticias\/el-papa-critica-la-desigualdad-en-la-jornada-mundial-de-los-pobres\/#webpage"},"isPartOf":{"@id":"https:\/\/candas365.es\/noticias\/el-papa-critica-la-desigualdad-en-la-jornada-mundial-de-los-pobres\/#webpage"},"articleSection":"Actualidad","dateline":"Publicado el noviembre 19, 2018."},{"@type":"Organization","@id":"https:\/\/candas365.es\/noticias\/#organization","name":"Cand\u00e1s 365","description":"Cand\u00e1s 365 es un diario digital independiente, fundado en 2012, con base en Asturias. Informamos con rigor sobre actualidad, sociedad, cultura y ocio, con una mirada local y global.","url":"https:\/\/candas365.es\/noticias\/","email":"info@candas365.es","telephone":"+34652131393","foundingDate":"2012-06-10","logo":{"@type":"ImageObject","url":"https:\/\/candas365.es\/noticias\/wp-content\/uploads\/2024\/09\/Candas-365-Redes.jpg","@id":"https:\/\/candas365.es\/noticias\/el-papa-critica-la-desigualdad-en-la-jornada-mundial-de-los-pobres\/#organizationLogo","width":1152,"height":864,"caption":"Cand\u00e1s 365 Redes"},"image":{"@id":"https:\/\/candas365.es\/noticias\/el-papa-critica-la-desigualdad-en-la-jornada-mundial-de-los-pobres\/#organizationLogo"},"sameAs":["https:\/\/www.facebook.com\/Nachofdezber","https:\/\/x.com\/NabercoDigital","https:\/\/www.instagram.com\/nachofdezber\/","https:\/\/www.youtube.com\/channel\/UCZP-2wLEB9Rv6erhFmqVnvg"],"address":{"@id":"https:\/\/candas365.es\/noticias\/#postaladdress","@type":"PostalAddress","streetAddress":"san antonio 4, san antonio 4","postalCode":"33430","addressLocality":"Cand\u00e1s","addressRegion":"Asturias","addressCountry":"ES"}},{"@type":"Person","@id":"https:\/\/candas365.es\/noticias\/author\/admin\/#author","url":"https:\/\/candas365.es\/noticias\/author\/admin\/","name":"Cand\u00e1s 365","image":{"@type":"ImageObject","@id":"https:\/\/candas365.es\/noticias\/el-papa-critica-la-desigualdad-en-la-jornada-mundial-de-los-pobres\/#authorImage","url":"https:\/\/secure.gravatar.com\/avatar\/496a8e03d0c493ede1718b7934145dbdf8d89be1036b0eec9544e1094c9de390?s=96&d=mm&r=g","width":96,"height":96,"caption":"Cand\u00e1s 365"},"sameAs":["https:\/\/www.facebook.com\/carrenoactualidad","https:\/\/twitter.com\/nbasturias","https:\/\/www.instagram.com\/nachofdezber\/","https:\/\/www.youtube.com\/channel\/UCZP-2wLEB9Rv6erhFmqVnvg"]},{"@type":"WebPage","@id":"https:\/\/candas365.es\/noticias\/el-papa-critica-la-desigualdad-en-la-jornada-mundial-de-los-pobres\/#webpage","url":"https:\/\/candas365.es\/noticias\/el-papa-critica-la-desigualdad-en-la-jornada-mundial-de-los-pobres\/","name":"El papa critica la desigualdad en la Jornada Mundial de los pobres | Cand\u00e1s 365","description":"Roma, 18 nov (dpa) - El papa Francisco se\u00f1al\u00f3 hoy que la injusticia es la \"ra\u00edz perversa de la pobreza\", al tiempo que critic\u00f3 a los ricos que derrochan durante la misa por la Jornada Mundial de los pobres que celebr\u00f3 hoy en la Bas\u00edlica de San Pedro en el Vatiacno. \"El grito de los","inLanguage":"es-ES","isPartOf":{"@id":"https:\/\/candas365.es\/noticias\/#website"},"breadcrumb":{"@id":"https:\/\/candas365.es\/noticias\/el-papa-critica-la-desigualdad-en-la-jornada-mundial-de-los-pobres\/#breadcrumblist"},"author":{"@id":"https:\/\/candas365.es\/noticias\/author\/admin\/#author"},"creator":{"@id":"https:\/\/candas365.es\/noticias\/author\/admin\/#author"},"image":{"@type":"ImageObject","url":"https:\/\/candas365.es\/noticias\/wp-content\/uploads\/2018\/03\/rome-1945033_1280.jpg","@id":"https:\/\/candas365.es\/noticias\/el-papa-critica-la-desigualdad-en-la-jornada-mundial-de-los-pobres\/#mainImage","width":1280,"height":719},"primaryImageOfPage":{"@id":"https:\/\/candas365.es\/noticias\/el-papa-critica-la-desigualdad-en-la-jornada-mundial-de-los-pobres\/#mainImage"},"datePublished":"2018-11-19T15:49:58+01:00","dateModified":"2018-11-19T15:49:58+01:00"},{"@type":"WebSite","@id":"https:\/\/candas365.es\/noticias\/#website","url":"https:\/\/candas365.es\/noticias\/","name":"Cand\u00e1s 365","alternateName":"Cand\u00e1s 365 Noticias","description":"Actualidad desde Carre\u00f1o para el mundo","inLanguage":"es-ES","publisher":{"@id":"https:\/\/candas365.es\/noticias\/#organization"}}]},"og:locale":"es_ES","og:site_name":"Cand\u00e1s 365","og:type":"article","og:title":"El papa critica la desigualdad en la Jornada Mundial de los pobres | Cand\u00e1s 365","og:description":"Roma, 18 nov (dpa) - El papa Francisco se\u00f1al\u00f3 hoy que la injusticia es la &quot;ra\u00edz perversa de la pobreza&quot;, al tiempo que critic\u00f3 a los ricos que derrochan durante la misa por la Jornada Mundial de los pobres que celebr\u00f3 hoy en la Bas\u00edlica de San Pedro en el Vatiacno. &quot;El grito de los","og:url":"https:\/\/candas365.es\/noticias\/el-papa-critica-la-desigualdad-en-la-jornada-mundial-de-los-pobres\/","og:image":"https:\/\/candas365.es\/noticias\/wp-content\/uploads\/2018\/03\/rome-1945033_1280.jpg","og:image:secure_url":"https:\/\/candas365.es\/noticias\/wp-content\/uploads\/2018\/03\/rome-1945033_1280.jpg","og:image:width":1280,"og:image:height":719,"article:published_time":"2018-11-19T15:49:58+00:00","article:modified_time":"2018-11-19T15:49:58+00:00","article:publisher":"https:\/\/www.facebook.com\/Nachofdezber","article:author":"https:\/\/www.facebook.com\/carrenoactualidad","twitter:card":"summary_large_image","twitter:site":"@NabercoDigital","twitter:title":"El papa critica la desigualdad en la Jornada Mundial de los pobres | Cand\u00e1s 365","twitter:description":"Roma, 18 nov (dpa) - El papa Francisco se\u00f1al\u00f3 hoy que la injusticia es la &quot;ra\u00edz perversa de la pobreza&quot;, al tiempo que critic\u00f3 a los ricos que derrochan durante la misa por la Jornada Mundial de los pobres que celebr\u00f3 hoy en la Bas\u00edlica de San Pedro en el Vatiacno. &quot;El grito de los","twitter:creator":"@nbasturias","twitter:image":"https:\/\/candas365.es\/noticias\/wp-content\/uploads\/2018\/03\/rome-1945033_1280.jpg","twitter:label1":"Escrito por","twitter:data1":"Cand\u00e1s 365","twitter:label2":"Tiempo de lectura estimado","twitter:data2":"1 minuto"},"aioseo_meta_data":{"post_id":"110170","title":null,"description":null,"keywords":null,"keyphrases":null,"primary_term":null,"canonical_url":null,"og_title":null,"og_description":null,"og_object_type":"default","og_image_type":"default","og_image_url":null,"og_image_width":null,"og_image_height":null,"og_image_custom_url":null,"og_image_custom_fields":null,"og_video":null,"og_custom_url":null,"og_article_section":null,"og_article_tags":null,"twitter_use_og":false,"twitter_card":"default","twitter_image_type":"default","twitter_image_url":null,"twitter_image_custom_url":null,"twitter_image_custom_fields":null,"twitter_title":null,"twitter_description":null,"schema":{"blockGraphs":[],"customGraphs":[],"default":{"data":{"Article":[],"Course":[],"Dataset":[],"FAQPage":[],"Movie":[],"Person":[],"Product":[],"ProductReview":[],"Car":[],"Recipe":[],"Service":[],"SoftwareApplication":[],"WebPage":[]},"graphName":"","isEnabled":true},"graphs":[],"defaultGraph":"","defaultPostTypeGraph":""},"schema_type":null,"schema_type_options":null,"pillar_content":false,"robots_default":true,"robots_noindex":false,"robots_noarchive":false,"robots_nosnippet":false,"robots_nofollow":false,"robots_noimageindex":false,"robots_noodp":false,"robots_notranslate":false,"robots_max_snippet":null,"robots_max_videopreview":null,"robots_max_imagepreview":"large","priority":null,"frequency":null,"location":null,"local_seo":null,"seo_analyzer_scan_date":"2025-08-28 11:52:27","breadcrumb_settings":null,"limit_modified_date":false,"reviewed_by":null,"open_ai":null,"ai":null,"created":"2020-12-21 11:38:47","updated":"2025-08-28 11:52:28"},"aioseo_breadcrumb":"<div class=\"aioseo-breadcrumbs\"><span class=\"aioseo-breadcrumb\">\n\t<a href=\"https:\/\/candas365.es\/noticias\" title=\"Home\">Home<\/a>\n<\/span><span class=\"aioseo-breadcrumb-separator\">&ndash;<\/span><span class=\"aioseo-breadcrumb\">\n\t<a href=\"https:\/\/candas365.es\/noticias\/category\/actualidad\/\" title=\"Actualidad\">Actualidad<\/a>\n<\/span><span class=\"aioseo-breadcrumb-separator\">&ndash;<\/span><span class=\"aioseo-breadcrumb\">\n\tEl papa critica la desigualdad en la Jornada Mundial de los pobres\n<\/span><\/div>","aioseo_breadcrumb_json":[{"label":"Home","link":"https:\/\/candas365.es\/noticias"},{"label":"Actualidad","link":"https:\/\/candas365.es\/noticias\/category\/actualidad\/"},{"label":"El papa critica la desigualdad en la Jornada Mundial de los pobres","link":"https:\/\/candas365.es\/noticias\/el-papa-critica-la-desigualdad-en-la-jornada-mundial-de-los-pobres\/"}],"_links":{"self":[{"href":"https:\/\/candas365.es\/noticias\/wp-json\/wp\/v2\/posts\/110170","targetHints":{"allow":["GET"]}}],"collection":[{"href":"https:\/\/candas365.es\/noticias\/wp-json\/wp\/v2\/posts"}],"about":[{"href":"https:\/\/candas365.es\/noticias\/wp-json\/wp\/v2\/types\/post"}],"author":[{"embeddable":true,"href":"https:\/\/candas365.es\/noticias\/wp-json\/wp\/v2\/users\/1"}],"replies":[{"embeddable":true,"href":"https:\/\/candas365.es\/noticias\/wp-json\/wp\/v2\/comments?post=110170"}],"version-history":[{"count":0,"href":"https:\/\/candas365.es\/noticias\/wp-json\/wp\/v2\/posts\/110170\/revisions"}],"wp:featuredmedia":[{"embeddable":true,"href":"https:\/\/candas365.es\/noticias\/wp-json\/wp\/v2\/media\/91858"}],"wp:attachment":[{"href":"https:\/\/candas365.es\/noticias\/wp-json\/wp\/v2\/media?parent=110170"}],"wp:term":[{"taxonomy":"category","embeddable":true,"href":"https:\/\/candas365.es\/noticias\/wp-json\/wp\/v2\/categories?post=110170"},{"taxonomy":"post_tag","embeddable":true,"href":"https:\/\/candas365.es\/noticias\/wp-json\/wp\/v2\/tags?post=110170"}],"curies":[{"name":"wp","href":"https:\/\/api.w.org\/{rel}","templated":true}]}}