{"id":110166,"date":"2018-11-19T15:16:35","date_gmt":"2018-11-19T15:16:35","guid":{"rendered":"http:\/\/candas365.es\/noticias\/?p=110166"},"modified":"2018-11-19T15:16:35","modified_gmt":"2018-11-19T15:16:35","slug":"argentina-descarta-reflotar-el-submarino-ara-san-juan","status":"publish","type":"post","link":"https:\/\/candas365.es\/noticias\/argentina-descarta-reflotar-el-submarino-ara-san-juan\/","title":{"rendered":"Argentina descarta reflotar el submarino ARA \u00abSan Juan\u00bb"},"content":{"rendered":"<p><img fetchpriority=\"high\" decoding=\"async\" class=\"alignleft size-medium wp-image-98429\" src=\"https:\/\/candas365.es\/noticias\/wp-content\/uploads\/2018\/06\/buenos-aires-2433480_960_720-360x240.jpg\" alt=\"\" width=\"360\" height=\"240\" srcset=\"https:\/\/candas365.es\/noticias\/wp-content\/uploads\/2018\/06\/buenos-aires-2433480_960_720-360x240.jpg 360w, https:\/\/candas365.es\/noticias\/wp-content\/uploads\/2018\/06\/buenos-aires-2433480_960_720-768x511.jpg 768w, https:\/\/candas365.es\/noticias\/wp-content\/uploads\/2018\/06\/buenos-aires-2433480_960_720-655x436.jpg 655w, https:\/\/candas365.es\/noticias\/wp-content\/uploads\/2018\/06\/buenos-aires-2433480_960_720-696x463.jpg 696w, https:\/\/candas365.es\/noticias\/wp-content\/uploads\/2018\/06\/buenos-aires-2433480_960_720-631x420.jpg 631w, https:\/\/candas365.es\/noticias\/wp-content\/uploads\/2018\/06\/buenos-aires-2433480_960_720.jpg 960w\" sizes=\"(max-width: 360px) 100vw, 360px\" \/>Buenos Aires, 18 nov (dpa) &#8211; El ministro de Defensa argentino, Oscar Aguad, considera que no existe tecnolog\u00eda en el mundo que permita rescatar el submarino ARA \u00abSan Juan\u00bb de las profundidades del Atl\u00e1ntico Sur, pese al reclamo de varios de los familiares de los 44 tripulantes para que sea reflotado.<\/p>\n<p>\u00abArgentina no cuenta con medios t\u00e9cnicos para rescatar o reflotar el submarino y no debe haber en el mundo ninguna tecnolog\u00eda para traer de los 900 metros de profundidad una mole de 2.300 toneladas de peso\u00bb, declar\u00f3 Aguad a radio Mitre de Buenos Aires.<\/p>\n<p>El ministro se mostr\u00f3 firme al asegurar que \u00abno es que sea una decisi\u00f3n (del Gobierno, es que) no se puede (reflotar)\u00bb.<\/p>\n<p>Pese a los cuestionamientos que recibi\u00f3 desde la desaparici\u00f3n del submarino el 15 de noviembre de 2017, cuando navegaba desde la austral ciudad de Ushuaia rumbo a su base en Mar del Plata, el ministro asegur\u00f3 que \u00absiempre\u00bb dijo la verdad.<\/p>\n<p>El ARA \u00abSan Juan\u00bb fue hallado el viernes colapsado en el fondo del mar, unos 500 kil\u00f3metros al este de las costas patag\u00f3nicas argentinas, muy cerca de donde los hidr\u00f3fonos de la Organizaci\u00f3n del Tratado de Prohibici\u00f3n Completa de los Ensayos Nucleares (CTBTO, por sus siglas en ingl\u00e9s) detectaron a las 10:51 horas del 15 de noviembre de 2017 una \u00abfalla hidroac\u00fastica\u00bb compatible con una implosi\u00f3n. Dos horas antes se hab\u00eda recibido la \u00faltima comunicaci\u00f3n desde el sumergible.<\/p>\n<p>\u00abHemos encontrado la aguja en el pajar. No lo hab\u00edan torpedeado, no lo hab\u00edan bajado, no estaba a 400 millas, el submarino estaba ah\u00ed. Y fue muy corto el per\u00edodo desde que pas\u00f3 el problema que tuvo hasta que naufrag\u00f3 la nave. Fueron dos horas desde la \u00faltima comunicaci\u00f3n del comandante de la nave hasta que se escuch\u00f3 la anomal\u00eda hidroac\u00fastica. Siempre les dijimos eso y los hechos demostraron que esa es la verdad\u00bb, insisti\u00f3 Aguad.<\/p>\n<p>Varios familiares de los 44 tripulantes del submarino reiteraron hoy su reclamo para reflotar el submarino.<\/p>\n<p>\u00abLe pido por favor al presidente (Mauricio Macri) que tenga un poco de sentimientos. Nos hubiera gustado que el presidente nos reciba sin tener que padecer tanto y le pedimos por favor que reflote el submarino\u00bb, declar\u00f3 Yolanda Mendiola, madre de un tripulante, en Mar del Plata.<\/p>\n<p>Zulma Sandoval, madre del suboficial Celso Vallejos, se\u00f1al\u00f3 adem\u00e1s que la empresa estadounidense contratada para la b\u00fasqueda, Ocean Infinity, \u00abdijo que hasta 1.250 metros de profundidad se pod\u00eda rescatar el submarino pero dependiendo de su estado\u00bb. La familiar inst\u00f3 a la jueza a cargo de la investigaci\u00f3n del naufragio, Marta Ya\u00f1ez, que decida si ordenar\u00e1 o no el reflotamiento.<\/p>\n<p>El historiador naval Ricardo Burzaco aclar\u00f3 en tanto que \u00abjam\u00e1s se rescat\u00f3 un submarino a esa profundidad\u00bb. \u00abY si las m\u00e1quinas llegan a esa profundidad, el submarino se puede romper\u00bb, alert\u00f3.<\/p>\n<p>El ministro de Defensa dijo entender que \u00abcon ese terrible dolor que tienen los familiares puedan enojarse, pero no hay factibilidades t\u00e9cnicas para traer del fondo del mar el submarino\u00bb.<\/p>\n<p>Aclar\u00f3 adem\u00e1s que podr\u00eda demorarse a\u00f1os el rescate y el sumergible se podr\u00eda \u00abpartir en mil pedazos\u00bb porque sufri\u00f3 una implosi\u00f3n interna que ha debilitado toda su estructura de acero.<\/p>\n<p>Aguad pidi\u00f3 no generar expectativas en los familiares de los tripulantes. \u00abHay p\u00edcaros que inciden y generan esa expectativa sabiendo que tampoco se puede hacer. Es terrible lo que juegan con el dolor en esta instancia. No quiero decir algo que no se pueda hacer. Hay que dejar de lado a los especuladores que se aprovechan del dolor ajeno\u00bb, advirti\u00f3.<\/p>\n<p>Al igual que el presidente Macri, que urgi\u00f3 a realizar \u00abserias investigaciones\u00bb, el ministro abog\u00f3 por conocer las causas del naufragio, tanto a trav\u00e9s de las investigaciones que tramita la Justicia como a trav\u00e9s de la causa disciplinaria ministerial sobre las responsabilidades de la Marina en la tragedia.<\/p>\n<p>En los pr\u00f3ximos d\u00edas, la comisi\u00f3n de expertos entregar\u00e1 un informe \u00abcon bastantes precisiones t\u00e9cnicas para saber qu\u00e9 pas\u00f3\u00bb, anticip\u00f3 Aguad.<\/p>\n<p>La jueza de la causa reiter\u00f3 hoy que a\u00fan no resolvi\u00f3 la conveniencia de reflotar el submarino, ya que primero analizar\u00e1 las 67.000 fotograf\u00edas y los videos de la escena que tomaron los veh\u00edculos operados de forma remota por la firma Ocean Infinity. Su plan es reconstruir en tierra una maqueta que permita dar paso a una pericia.<\/p>\n<p>\u00abLlegado el caso de que con lo que logremos reconstruir con im\u00e1genes y videos se entienda que se requiera la reflotaci\u00f3n de la nave, deber\u00eda hacer un estudio de si es factible desde el punto de vista econ\u00f3mico y t\u00e9cnico, porque quiz\u00e1s se termine da\u00f1ando o alterando las pruebas\u00bb, declar\u00f3 Ya\u00f1ez al canal Todo Noticias en la patag\u00f3nica ciudad de Caleta Olivia.<\/p>\n<p>La magistrada investiga el naufragio y si hubo alg\u00fan il\u00edcito en la Marina que llev\u00f3 a la tragedia.<\/p>\n<p>Algunos familiares tambi\u00e9n cuestionaron la \u00ablentitud\u00bb de la jueza Ya\u00f1ez para avanzar en la investigaci\u00f3n del naufragio. La magistrada reconoci\u00f3 p\u00fablicamente que detect\u00f3 que el mantenimiento del submarino no estaba \u00aba norma\u00bb (no se hab\u00eda cumplido con todos los trabajos de mantenimiento) pero hasta el momento no hay imputados en la causa.<\/p>\n","protected":false},"excerpt":{"rendered":"<p>Buenos Aires, 18 nov (dpa) &#8211; El ministro de Defensa argentino, Oscar Aguad, considera que no existe tecnolog\u00eda en el mundo que permita rescatar el submarino ARA \u00abSan Juan\u00bb de las profundidades del Atl\u00e1ntico Sur, pese al reclamo de varios de los familiares de los 44 tripulantes para que sea reflotado. \u00abArgentina no cuenta con<\/p>\n","protected":false},"author":1,"featured_media":98429,"comment_status":"closed","ping_status":"closed","sticky":false,"template":"","format":"standard","meta":{"footnotes":""},"categories":[343],"tags":[],"class_list":{"0":"post-110166","1":"post","2":"type-post","3":"status-publish","4":"format-standard","5":"has-post-thumbnail","7":"category-actualidad"},"aioseo_notices":[],"aioseo_head":"\n\t\t<!-- All in One SEO Pro 4.9.6.2 - aioseo.com -->\n\t<meta name=\"description\" content=\"Buenos Aires, 18 nov (dpa) - El ministro de Defensa argentino, Oscar Aguad, considera que no existe tecnolog\u00eda en el mundo que permita rescatar el submarino ARA &quot;San Juan&quot; de las profundidades del Atl\u00e1ntico Sur, pese al reclamo de varios de los familiares de los 44 tripulantes para que sea reflotado. &quot;Argentina no cuenta con\" \/>\n\t<meta name=\"robots\" content=\"max-image-preview:large\" \/>\n\t<meta name=\"author\" content=\"Cand\u00e1s 365\"\/>\n\t<meta name=\"google-site-verification\" content=\"UA-32230408-1\" \/>\n\t<meta name=\"msvalidate.01\" content=\"354F3CDFB2DA171B47FBE9ABF1F88D5\" \/>\n\t<meta name=\"keywords\" content=\"actualidad\" \/>\n\t<link rel=\"canonical\" href=\"https:\/\/candas365.es\/noticias\/argentina-descarta-reflotar-el-submarino-ara-san-juan\/\" \/>\n\t<meta name=\"generator\" content=\"All in One SEO Pro (AIOSEO) 4.9.6.2\" \/>\n\t\t<meta property=\"og:locale\" content=\"es_ES\" \/>\n\t\t<meta property=\"og:site_name\" content=\"Cand\u00e1s 365\" \/>\n\t\t<meta property=\"og:type\" content=\"article\" \/>\n\t\t<meta property=\"og:title\" content=\"Argentina descarta reflotar el submarino ARA \u00abSan Juan\u00bb | Cand\u00e1s 365\" \/>\n\t\t<meta property=\"og:description\" content=\"Buenos Aires, 18 nov (dpa) - El ministro de Defensa argentino, Oscar Aguad, considera que no existe tecnolog\u00eda en el mundo que permita rescatar el submarino ARA &quot;San Juan&quot; de las profundidades del Atl\u00e1ntico Sur, pese al reclamo de varios de los familiares de los 44 tripulantes para que sea reflotado. &quot;Argentina no cuenta con\" \/>\n\t\t<meta property=\"og:url\" content=\"https:\/\/candas365.es\/noticias\/argentina-descarta-reflotar-el-submarino-ara-san-juan\/\" \/>\n\t\t<meta property=\"og:image\" content=\"https:\/\/candas365.es\/noticias\/wp-content\/uploads\/2018\/06\/buenos-aires-2433480_960_720.jpg\" \/>\n\t\t<meta property=\"og:image:secure_url\" content=\"https:\/\/candas365.es\/noticias\/wp-content\/uploads\/2018\/06\/buenos-aires-2433480_960_720.jpg\" \/>\n\t\t<meta property=\"og:image:width\" content=\"960\" \/>\n\t\t<meta property=\"og:image:height\" content=\"639\" \/>\n\t\t<meta property=\"article:published_time\" content=\"2018-11-19T15:16:35+00:00\" \/>\n\t\t<meta property=\"article:modified_time\" content=\"2018-11-19T15:16:35+00:00\" \/>\n\t\t<meta property=\"article:publisher\" content=\"https:\/\/www.facebook.com\/Nachofdezber\" \/>\n\t\t<meta property=\"article:author\" content=\"https:\/\/www.facebook.com\/carrenoactualidad\" \/>\n\t\t<meta name=\"twitter:card\" content=\"summary_large_image\" \/>\n\t\t<meta name=\"twitter:site\" content=\"@NabercoDigital\" \/>\n\t\t<meta name=\"twitter:title\" content=\"Argentina descarta reflotar el submarino ARA \u00abSan Juan\u00bb | Cand\u00e1s 365\" \/>\n\t\t<meta name=\"twitter:description\" content=\"Buenos Aires, 18 nov (dpa) - El ministro de Defensa argentino, Oscar Aguad, considera que no existe tecnolog\u00eda en el mundo que permita rescatar el submarino ARA &quot;San Juan&quot; de las profundidades del Atl\u00e1ntico Sur, pese al reclamo de varios de los familiares de los 44 tripulantes para que sea reflotado. &quot;Argentina no cuenta con\" \/>\n\t\t<meta name=\"twitter:creator\" content=\"@nbasturias\" \/>\n\t\t<meta name=\"twitter:image\" content=\"https:\/\/candas365.es\/noticias\/wp-content\/uploads\/2018\/06\/buenos-aires-2433480_960_720.jpg\" \/>\n\t\t<meta name=\"twitter:label1\" content=\"Escrito por\" \/>\n\t\t<meta name=\"twitter:data1\" content=\"Cand\u00e1s 365\" \/>\n\t\t<meta name=\"twitter:label2\" content=\"Tiempo de lectura estimado\" \/>\n\t\t<meta name=\"twitter:data2\" content=\"4 minutos\" \/>\n\t\t<script type=\"application\/ld+json\" class=\"aioseo-schema\">\n\t\t\t{\"@context\":\"https:\\\/\\\/schema.org\",\"@graph\":[{\"@type\":\"BreadcrumbList\",\"@id\":\"https:\\\/\\\/candas365.es\\\/noticias\\\/argentina-descarta-reflotar-el-submarino-ara-san-juan\\\/#breadcrumblist\",\"itemListElement\":[{\"@type\":\"ListItem\",\"@id\":\"https:\\\/\\\/candas365.es\\\/noticias#listItem\",\"position\":1,\"name\":\"Home\",\"item\":\"https:\\\/\\\/candas365.es\\\/noticias\",\"nextItem\":{\"@type\":\"ListItem\",\"@id\":\"https:\\\/\\\/candas365.es\\\/noticias\\\/category\\\/actualidad\\\/#listItem\",\"name\":\"Actualidad\"}},{\"@type\":\"ListItem\",\"@id\":\"https:\\\/\\\/candas365.es\\\/noticias\\\/category\\\/actualidad\\\/#listItem\",\"position\":2,\"name\":\"Actualidad\",\"item\":\"https:\\\/\\\/candas365.es\\\/noticias\\\/category\\\/actualidad\\\/\",\"nextItem\":{\"@type\":\"ListItem\",\"@id\":\"https:\\\/\\\/candas365.es\\\/noticias\\\/argentina-descarta-reflotar-el-submarino-ara-san-juan\\\/#listItem\",\"name\":\"Argentina descarta reflotar el submarino ARA \\u00abSan Juan\\u00bb\"},\"previousItem\":{\"@type\":\"ListItem\",\"@id\":\"https:\\\/\\\/candas365.es\\\/noticias#listItem\",\"name\":\"Home\"}},{\"@type\":\"ListItem\",\"@id\":\"https:\\\/\\\/candas365.es\\\/noticias\\\/argentina-descarta-reflotar-el-submarino-ara-san-juan\\\/#listItem\",\"position\":3,\"name\":\"Argentina descarta reflotar el submarino ARA \\u00abSan Juan\\u00bb\",\"previousItem\":{\"@type\":\"ListItem\",\"@id\":\"https:\\\/\\\/candas365.es\\\/noticias\\\/category\\\/actualidad\\\/#listItem\",\"name\":\"Actualidad\"}}]},{\"@type\":\"NewsArticle\",\"@id\":\"https:\\\/\\\/candas365.es\\\/noticias\\\/argentina-descarta-reflotar-el-submarino-ara-san-juan\\\/#newsarticle\",\"name\":\"Argentina descarta reflotar el submarino ARA \\u00abSan Juan\\u00bb | Cand\\u00e1s 365\",\"headline\":\"Argentina descarta reflotar el submarino ARA \\u00abSan Juan\\u00bb\",\"author\":{\"@id\":\"https:\\\/\\\/candas365.es\\\/noticias\\\/author\\\/admin\\\/#author\"},\"publisher\":{\"@id\":\"https:\\\/\\\/candas365.es\\\/noticias\\\/#organization\"},\"image\":{\"@type\":\"ImageObject\",\"url\":\"https:\\\/\\\/candas365.es\\\/noticias\\\/wp-content\\\/uploads\\\/2018\\\/06\\\/buenos-aires-2433480_960_720.jpg\",\"width\":960,\"height\":639},\"datePublished\":\"2018-11-19T15:16:35+01:00\",\"dateModified\":\"2018-11-19T15:16:35+01:00\",\"inLanguage\":\"es-ES\",\"mainEntityOfPage\":{\"@id\":\"https:\\\/\\\/candas365.es\\\/noticias\\\/argentina-descarta-reflotar-el-submarino-ara-san-juan\\\/#webpage\"},\"isPartOf\":{\"@id\":\"https:\\\/\\\/candas365.es\\\/noticias\\\/argentina-descarta-reflotar-el-submarino-ara-san-juan\\\/#webpage\"},\"articleSection\":\"Actualidad\",\"dateline\":\"Publicado el noviembre 19, 2018.\"},{\"@type\":\"Organization\",\"@id\":\"https:\\\/\\\/candas365.es\\\/noticias\\\/#organization\",\"name\":\"Cand\\u00e1s 365\",\"description\":\"Cand\\u00e1s 365 es un diario digital independiente, fundado en 2012, con base en Asturias. Informamos con rigor sobre actualidad, sociedad, cultura y ocio, con una mirada local y global.\",\"url\":\"https:\\\/\\\/candas365.es\\\/noticias\\\/\",\"email\":\"info@candas365.es\",\"telephone\":\"+34652131393\",\"foundingDate\":\"2012-06-10\",\"logo\":{\"@type\":\"ImageObject\",\"url\":\"https:\\\/\\\/candas365.es\\\/noticias\\\/wp-content\\\/uploads\\\/2024\\\/09\\\/Candas-365-Redes.jpg\",\"@id\":\"https:\\\/\\\/candas365.es\\\/noticias\\\/argentina-descarta-reflotar-el-submarino-ara-san-juan\\\/#organizationLogo\",\"width\":1152,\"height\":864,\"caption\":\"Cand\\u00e1s 365 Redes\"},\"image\":{\"@id\":\"https:\\\/\\\/candas365.es\\\/noticias\\\/argentina-descarta-reflotar-el-submarino-ara-san-juan\\\/#organizationLogo\"},\"sameAs\":[\"https:\\\/\\\/www.facebook.com\\\/Nachofdezber\",\"https:\\\/\\\/x.com\\\/NabercoDigital\",\"https:\\\/\\\/www.instagram.com\\\/nachofdezber\\\/\",\"https:\\\/\\\/www.youtube.com\\\/channel\\\/UCZP-2wLEB9Rv6erhFmqVnvg\"],\"address\":{\"@id\":\"https:\\\/\\\/candas365.es\\\/noticias\\\/#postaladdress\",\"@type\":\"PostalAddress\",\"streetAddress\":\"san antonio 4, san antonio 4\",\"postalCode\":\"33430\",\"addressLocality\":\"Cand\\u00e1s\",\"addressRegion\":\"Asturias\",\"addressCountry\":\"ES\"}},{\"@type\":\"Person\",\"@id\":\"https:\\\/\\\/candas365.es\\\/noticias\\\/author\\\/admin\\\/#author\",\"url\":\"https:\\\/\\\/candas365.es\\\/noticias\\\/author\\\/admin\\\/\",\"name\":\"Cand\\u00e1s 365\",\"image\":{\"@type\":\"ImageObject\",\"@id\":\"https:\\\/\\\/candas365.es\\\/noticias\\\/argentina-descarta-reflotar-el-submarino-ara-san-juan\\\/#authorImage\",\"url\":\"https:\\\/\\\/secure.gravatar.com\\\/avatar\\\/496a8e03d0c493ede1718b7934145dbdf8d89be1036b0eec9544e1094c9de390?s=96&d=mm&r=g\",\"width\":96,\"height\":96,\"caption\":\"Cand\\u00e1s 365\"},\"sameAs\":[\"https:\\\/\\\/www.facebook.com\\\/carrenoactualidad\",\"https:\\\/\\\/twitter.com\\\/nbasturias\",\"https:\\\/\\\/www.instagram.com\\\/nachofdezber\\\/\",\"https:\\\/\\\/www.youtube.com\\\/channel\\\/UCZP-2wLEB9Rv6erhFmqVnvg\"]},{\"@type\":\"WebPage\",\"@id\":\"https:\\\/\\\/candas365.es\\\/noticias\\\/argentina-descarta-reflotar-el-submarino-ara-san-juan\\\/#webpage\",\"url\":\"https:\\\/\\\/candas365.es\\\/noticias\\\/argentina-descarta-reflotar-el-submarino-ara-san-juan\\\/\",\"name\":\"Argentina descarta reflotar el submarino ARA \\u00abSan Juan\\u00bb | Cand\\u00e1s 365\",\"description\":\"Buenos Aires, 18 nov (dpa) - El ministro de Defensa argentino, Oscar Aguad, considera que no existe tecnolog\\u00eda en el mundo que permita rescatar el submarino ARA \\\"San Juan\\\" de las profundidades del Atl\\u00e1ntico Sur, pese al reclamo de varios de los familiares de los 44 tripulantes para que sea reflotado. \\\"Argentina no cuenta con\",\"inLanguage\":\"es-ES\",\"isPartOf\":{\"@id\":\"https:\\\/\\\/candas365.es\\\/noticias\\\/#website\"},\"breadcrumb\":{\"@id\":\"https:\\\/\\\/candas365.es\\\/noticias\\\/argentina-descarta-reflotar-el-submarino-ara-san-juan\\\/#breadcrumblist\"},\"author\":{\"@id\":\"https:\\\/\\\/candas365.es\\\/noticias\\\/author\\\/admin\\\/#author\"},\"creator\":{\"@id\":\"https:\\\/\\\/candas365.es\\\/noticias\\\/author\\\/admin\\\/#author\"},\"image\":{\"@type\":\"ImageObject\",\"url\":\"https:\\\/\\\/candas365.es\\\/noticias\\\/wp-content\\\/uploads\\\/2018\\\/06\\\/buenos-aires-2433480_960_720.jpg\",\"@id\":\"https:\\\/\\\/candas365.es\\\/noticias\\\/argentina-descarta-reflotar-el-submarino-ara-san-juan\\\/#mainImage\",\"width\":960,\"height\":639},\"primaryImageOfPage\":{\"@id\":\"https:\\\/\\\/candas365.es\\\/noticias\\\/argentina-descarta-reflotar-el-submarino-ara-san-juan\\\/#mainImage\"},\"datePublished\":\"2018-11-19T15:16:35+01:00\",\"dateModified\":\"2018-11-19T15:16:35+01:00\"},{\"@type\":\"WebSite\",\"@id\":\"https:\\\/\\\/candas365.es\\\/noticias\\\/#website\",\"url\":\"https:\\\/\\\/candas365.es\\\/noticias\\\/\",\"name\":\"Cand\\u00e1s 365\",\"alternateName\":\"Cand\\u00e1s 365 Noticias\",\"description\":\"Actualidad desde Carre\\u00f1o para el mundo\",\"inLanguage\":\"es-ES\",\"publisher\":{\"@id\":\"https:\\\/\\\/candas365.es\\\/noticias\\\/#organization\"}}]}\n\t\t<\/script>\n\t\t<!-- All in One SEO Pro -->\r\n\t\t<title>Argentina descarta reflotar el submarino ARA \u00abSan Juan\u00bb | Cand\u00e1s 365<\/title>\n\n","aioseo_head_json":{"title":"Argentina descarta reflotar el submarino ARA \u00abSan Juan\u00bb | Cand\u00e1s 365","description":"Buenos Aires, 18 nov (dpa) - El ministro de Defensa argentino, Oscar Aguad, considera que no existe tecnolog\u00eda en el mundo que permita rescatar el submarino ARA \"San Juan\" de las profundidades del Atl\u00e1ntico Sur, pese al reclamo de varios de los familiares de los 44 tripulantes para que sea reflotado. \"Argentina no cuenta con","canonical_url":"https:\/\/candas365.es\/noticias\/argentina-descarta-reflotar-el-submarino-ara-san-juan\/","robots":"max-image-preview:large","keywords":"actualidad","webmasterTools":{"google-site-verification":"UA-32230408-1","msvalidate.01":"354F3CDFB2DA171B47FBE9ABF1F88D5","miscellaneous":""},"schema":{"@context":"https:\/\/schema.org","@graph":[{"@type":"BreadcrumbList","@id":"https:\/\/candas365.es\/noticias\/argentina-descarta-reflotar-el-submarino-ara-san-juan\/#breadcrumblist","itemListElement":[{"@type":"ListItem","@id":"https:\/\/candas365.es\/noticias#listItem","position":1,"name":"Home","item":"https:\/\/candas365.es\/noticias","nextItem":{"@type":"ListItem","@id":"https:\/\/candas365.es\/noticias\/category\/actualidad\/#listItem","name":"Actualidad"}},{"@type":"ListItem","@id":"https:\/\/candas365.es\/noticias\/category\/actualidad\/#listItem","position":2,"name":"Actualidad","item":"https:\/\/candas365.es\/noticias\/category\/actualidad\/","nextItem":{"@type":"ListItem","@id":"https:\/\/candas365.es\/noticias\/argentina-descarta-reflotar-el-submarino-ara-san-juan\/#listItem","name":"Argentina descarta reflotar el submarino ARA \u00abSan Juan\u00bb"},"previousItem":{"@type":"ListItem","@id":"https:\/\/candas365.es\/noticias#listItem","name":"Home"}},{"@type":"ListItem","@id":"https:\/\/candas365.es\/noticias\/argentina-descarta-reflotar-el-submarino-ara-san-juan\/#listItem","position":3,"name":"Argentina descarta reflotar el submarino ARA \u00abSan Juan\u00bb","previousItem":{"@type":"ListItem","@id":"https:\/\/candas365.es\/noticias\/category\/actualidad\/#listItem","name":"Actualidad"}}]},{"@type":"NewsArticle","@id":"https:\/\/candas365.es\/noticias\/argentina-descarta-reflotar-el-submarino-ara-san-juan\/#newsarticle","name":"Argentina descarta reflotar el submarino ARA \u00abSan Juan\u00bb | Cand\u00e1s 365","headline":"Argentina descarta reflotar el submarino ARA \u00abSan Juan\u00bb","author":{"@id":"https:\/\/candas365.es\/noticias\/author\/admin\/#author"},"publisher":{"@id":"https:\/\/candas365.es\/noticias\/#organization"},"image":{"@type":"ImageObject","url":"https:\/\/candas365.es\/noticias\/wp-content\/uploads\/2018\/06\/buenos-aires-2433480_960_720.jpg","width":960,"height":639},"datePublished":"2018-11-19T15:16:35+01:00","dateModified":"2018-11-19T15:16:35+01:00","inLanguage":"es-ES","mainEntityOfPage":{"@id":"https:\/\/candas365.es\/noticias\/argentina-descarta-reflotar-el-submarino-ara-san-juan\/#webpage"},"isPartOf":{"@id":"https:\/\/candas365.es\/noticias\/argentina-descarta-reflotar-el-submarino-ara-san-juan\/#webpage"},"articleSection":"Actualidad","dateline":"Publicado el noviembre 19, 2018."},{"@type":"Organization","@id":"https:\/\/candas365.es\/noticias\/#organization","name":"Cand\u00e1s 365","description":"Cand\u00e1s 365 es un diario digital independiente, fundado en 2012, con base en Asturias. Informamos con rigor sobre actualidad, sociedad, cultura y ocio, con una mirada local y global.","url":"https:\/\/candas365.es\/noticias\/","email":"info@candas365.es","telephone":"+34652131393","foundingDate":"2012-06-10","logo":{"@type":"ImageObject","url":"https:\/\/candas365.es\/noticias\/wp-content\/uploads\/2024\/09\/Candas-365-Redes.jpg","@id":"https:\/\/candas365.es\/noticias\/argentina-descarta-reflotar-el-submarino-ara-san-juan\/#organizationLogo","width":1152,"height":864,"caption":"Cand\u00e1s 365 Redes"},"image":{"@id":"https:\/\/candas365.es\/noticias\/argentina-descarta-reflotar-el-submarino-ara-san-juan\/#organizationLogo"},"sameAs":["https:\/\/www.facebook.com\/Nachofdezber","https:\/\/x.com\/NabercoDigital","https:\/\/www.instagram.com\/nachofdezber\/","https:\/\/www.youtube.com\/channel\/UCZP-2wLEB9Rv6erhFmqVnvg"],"address":{"@id":"https:\/\/candas365.es\/noticias\/#postaladdress","@type":"PostalAddress","streetAddress":"san antonio 4, san antonio 4","postalCode":"33430","addressLocality":"Cand\u00e1s","addressRegion":"Asturias","addressCountry":"ES"}},{"@type":"Person","@id":"https:\/\/candas365.es\/noticias\/author\/admin\/#author","url":"https:\/\/candas365.es\/noticias\/author\/admin\/","name":"Cand\u00e1s 365","image":{"@type":"ImageObject","@id":"https:\/\/candas365.es\/noticias\/argentina-descarta-reflotar-el-submarino-ara-san-juan\/#authorImage","url":"https:\/\/secure.gravatar.com\/avatar\/496a8e03d0c493ede1718b7934145dbdf8d89be1036b0eec9544e1094c9de390?s=96&d=mm&r=g","width":96,"height":96,"caption":"Cand\u00e1s 365"},"sameAs":["https:\/\/www.facebook.com\/carrenoactualidad","https:\/\/twitter.com\/nbasturias","https:\/\/www.instagram.com\/nachofdezber\/","https:\/\/www.youtube.com\/channel\/UCZP-2wLEB9Rv6erhFmqVnvg"]},{"@type":"WebPage","@id":"https:\/\/candas365.es\/noticias\/argentina-descarta-reflotar-el-submarino-ara-san-juan\/#webpage","url":"https:\/\/candas365.es\/noticias\/argentina-descarta-reflotar-el-submarino-ara-san-juan\/","name":"Argentina descarta reflotar el submarino ARA \u00abSan Juan\u00bb | Cand\u00e1s 365","description":"Buenos Aires, 18 nov (dpa) - El ministro de Defensa argentino, Oscar Aguad, considera que no existe tecnolog\u00eda en el mundo que permita rescatar el submarino ARA \"San Juan\" de las profundidades del Atl\u00e1ntico Sur, pese al reclamo de varios de los familiares de los 44 tripulantes para que sea reflotado. \"Argentina no cuenta con","inLanguage":"es-ES","isPartOf":{"@id":"https:\/\/candas365.es\/noticias\/#website"},"breadcrumb":{"@id":"https:\/\/candas365.es\/noticias\/argentina-descarta-reflotar-el-submarino-ara-san-juan\/#breadcrumblist"},"author":{"@id":"https:\/\/candas365.es\/noticias\/author\/admin\/#author"},"creator":{"@id":"https:\/\/candas365.es\/noticias\/author\/admin\/#author"},"image":{"@type":"ImageObject","url":"https:\/\/candas365.es\/noticias\/wp-content\/uploads\/2018\/06\/buenos-aires-2433480_960_720.jpg","@id":"https:\/\/candas365.es\/noticias\/argentina-descarta-reflotar-el-submarino-ara-san-juan\/#mainImage","width":960,"height":639},"primaryImageOfPage":{"@id":"https:\/\/candas365.es\/noticias\/argentina-descarta-reflotar-el-submarino-ara-san-juan\/#mainImage"},"datePublished":"2018-11-19T15:16:35+01:00","dateModified":"2018-11-19T15:16:35+01:00"},{"@type":"WebSite","@id":"https:\/\/candas365.es\/noticias\/#website","url":"https:\/\/candas365.es\/noticias\/","name":"Cand\u00e1s 365","alternateName":"Cand\u00e1s 365 Noticias","description":"Actualidad desde Carre\u00f1o para el mundo","inLanguage":"es-ES","publisher":{"@id":"https:\/\/candas365.es\/noticias\/#organization"}}]},"og:locale":"es_ES","og:site_name":"Cand\u00e1s 365","og:type":"article","og:title":"Argentina descarta reflotar el submarino ARA \u00abSan Juan\u00bb | Cand\u00e1s 365","og:description":"Buenos Aires, 18 nov (dpa) - El ministro de Defensa argentino, Oscar Aguad, considera que no existe tecnolog\u00eda en el mundo que permita rescatar el submarino ARA &quot;San Juan&quot; de las profundidades del Atl\u00e1ntico Sur, pese al reclamo de varios de los familiares de los 44 tripulantes para que sea reflotado. &quot;Argentina no cuenta con","og:url":"https:\/\/candas365.es\/noticias\/argentina-descarta-reflotar-el-submarino-ara-san-juan\/","og:image":"https:\/\/candas365.es\/noticias\/wp-content\/uploads\/2018\/06\/buenos-aires-2433480_960_720.jpg","og:image:secure_url":"https:\/\/candas365.es\/noticias\/wp-content\/uploads\/2018\/06\/buenos-aires-2433480_960_720.jpg","og:image:width":960,"og:image:height":639,"article:published_time":"2018-11-19T15:16:35+00:00","article:modified_time":"2018-11-19T15:16:35+00:00","article:publisher":"https:\/\/www.facebook.com\/Nachofdezber","article:author":"https:\/\/www.facebook.com\/carrenoactualidad","twitter:card":"summary_large_image","twitter:site":"@NabercoDigital","twitter:title":"Argentina descarta reflotar el submarino ARA \u00abSan Juan\u00bb | Cand\u00e1s 365","twitter:description":"Buenos Aires, 18 nov (dpa) - El ministro de Defensa argentino, Oscar Aguad, considera que no existe tecnolog\u00eda en el mundo que permita rescatar el submarino ARA &quot;San Juan&quot; de las profundidades del Atl\u00e1ntico Sur, pese al reclamo de varios de los familiares de los 44 tripulantes para que sea reflotado. &quot;Argentina no cuenta con","twitter:creator":"@nbasturias","twitter:image":"https:\/\/candas365.es\/noticias\/wp-content\/uploads\/2018\/06\/buenos-aires-2433480_960_720.jpg","twitter:label1":"Escrito por","twitter:data1":"Cand\u00e1s 365","twitter:label2":"Tiempo de lectura estimado","twitter:data2":"4 minutos"},"aioseo_meta_data":{"post_id":"110166","title":null,"description":null,"keywords":null,"keyphrases":null,"primary_term":null,"canonical_url":null,"og_title":null,"og_description":null,"og_object_type":"default","og_image_type":"default","og_image_url":null,"og_image_width":null,"og_image_height":null,"og_image_custom_url":null,"og_image_custom_fields":null,"og_video":null,"og_custom_url":null,"og_article_section":null,"og_article_tags":null,"twitter_use_og":false,"twitter_card":"default","twitter_image_type":"default","twitter_image_url":null,"twitter_image_custom_url":null,"twitter_image_custom_fields":null,"twitter_title":null,"twitter_description":null,"schema":{"blockGraphs":[],"customGraphs":[],"default":{"data":{"Article":[],"Course":[],"Dataset":[],"FAQPage":[],"Movie":[],"Person":[],"Product":[],"ProductReview":[],"Car":[],"Recipe":[],"Service":[],"SoftwareApplication":[],"WebPage":[]},"graphName":"","isEnabled":true},"graphs":[]},"schema_type":null,"schema_type_options":null,"pillar_content":false,"robots_default":true,"robots_noindex":false,"robots_noarchive":false,"robots_nosnippet":false,"robots_nofollow":false,"robots_noimageindex":false,"robots_noodp":false,"robots_notranslate":false,"robots_max_snippet":null,"robots_max_videopreview":null,"robots_max_imagepreview":"large","priority":null,"frequency":null,"location":null,"local_seo":null,"seo_analyzer_scan_date":"2025-08-28 11:50:15","breadcrumb_settings":null,"limit_modified_date":false,"reviewed_by":null,"open_ai":null,"ai":null,"created":"2020-12-21 11:38:47","updated":"2025-08-28 11:50:15"},"aioseo_breadcrumb":"<div class=\"aioseo-breadcrumbs\"><span class=\"aioseo-breadcrumb\">\n\t<a href=\"https:\/\/candas365.es\/noticias\" title=\"Home\">Home<\/a>\n<\/span><span class=\"aioseo-breadcrumb-separator\">&ndash;<\/span><span class=\"aioseo-breadcrumb\">\n\t<a href=\"https:\/\/candas365.es\/noticias\/category\/actualidad\/\" title=\"Actualidad\">Actualidad<\/a>\n<\/span><span class=\"aioseo-breadcrumb-separator\">&ndash;<\/span><span class=\"aioseo-breadcrumb\">\n\tArgentina descarta reflotar el submarino ARA \u00abSan Juan\u00bb\n<\/span><\/div>","aioseo_breadcrumb_json":[{"label":"Home","link":"https:\/\/candas365.es\/noticias"},{"label":"Actualidad","link":"https:\/\/candas365.es\/noticias\/category\/actualidad\/"},{"label":"Argentina descarta reflotar el submarino ARA \u00abSan Juan\u00bb","link":"https:\/\/candas365.es\/noticias\/argentina-descarta-reflotar-el-submarino-ara-san-juan\/"}],"_links":{"self":[{"href":"https:\/\/candas365.es\/noticias\/wp-json\/wp\/v2\/posts\/110166","targetHints":{"allow":["GET"]}}],"collection":[{"href":"https:\/\/candas365.es\/noticias\/wp-json\/wp\/v2\/posts"}],"about":[{"href":"https:\/\/candas365.es\/noticias\/wp-json\/wp\/v2\/types\/post"}],"author":[{"embeddable":true,"href":"https:\/\/candas365.es\/noticias\/wp-json\/wp\/v2\/users\/1"}],"replies":[{"embeddable":true,"href":"https:\/\/candas365.es\/noticias\/wp-json\/wp\/v2\/comments?post=110166"}],"version-history":[{"count":0,"href":"https:\/\/candas365.es\/noticias\/wp-json\/wp\/v2\/posts\/110166\/revisions"}],"wp:featuredmedia":[{"embeddable":true,"href":"https:\/\/candas365.es\/noticias\/wp-json\/wp\/v2\/media\/98429"}],"wp:attachment":[{"href":"https:\/\/candas365.es\/noticias\/wp-json\/wp\/v2\/media?parent=110166"}],"wp:term":[{"taxonomy":"category","embeddable":true,"href":"https:\/\/candas365.es\/noticias\/wp-json\/wp\/v2\/categories?post=110166"},{"taxonomy":"post_tag","embeddable":true,"href":"https:\/\/candas365.es\/noticias\/wp-json\/wp\/v2\/tags?post=110166"}],"curies":[{"name":"wp","href":"https:\/\/api.w.org\/{rel}","templated":true}]}}