{"id":110151,"date":"2018-11-19T14:36:26","date_gmt":"2018-11-19T14:36:26","guid":{"rendered":"http:\/\/candas365.es\/noticias\/?p=110151"},"modified":"2018-11-19T14:36:26","modified_gmt":"2018-11-19T14:36:26","slug":"alan-garcia-solicito-asilo-politico-a-uruguay","status":"publish","type":"post","link":"https:\/\/candas365.es\/noticias\/alan-garcia-solicito-asilo-politico-a-uruguay\/","title":{"rendered":"Alan Garc\u00eda solicit\u00f3 asilo pol\u00edtico a Uruguay"},"content":{"rendered":"<p><img fetchpriority=\"high\" decoding=\"async\" class=\"alignleft size-medium wp-image-110152\" src=\"https:\/\/candas365.es\/noticias\/wp-content\/uploads\/2018\/11\/uruguay-3627261_960_720-360x240.jpg\" alt=\"\" width=\"360\" height=\"240\" srcset=\"https:\/\/candas365.es\/noticias\/wp-content\/uploads\/2018\/11\/uruguay-3627261_960_720-360x240.jpg 360w, https:\/\/candas365.es\/noticias\/wp-content\/uploads\/2018\/11\/uruguay-3627261_960_720-768x513.jpg 768w, https:\/\/candas365.es\/noticias\/wp-content\/uploads\/2018\/11\/uruguay-3627261_960_720-655x437.jpg 655w, https:\/\/candas365.es\/noticias\/wp-content\/uploads\/2018\/11\/uruguay-3627261_960_720-696x465.jpg 696w, https:\/\/candas365.es\/noticias\/wp-content\/uploads\/2018\/11\/uruguay-3627261_960_720-629x420.jpg 629w, https:\/\/candas365.es\/noticias\/wp-content\/uploads\/2018\/11\/uruguay-3627261_960_720.jpg 960w\" sizes=\"(max-width: 360px) 100vw, 360px\" \/>Lima, 18 nov (dpa) &#8211; El ex presidente peruano Alan Garc\u00eda solicit\u00f3 asilo pol\u00edtico al Gobierno de Uruguay despu\u00e9s de que un juez le prohibiera salir del Per\u00fa por 18 meses como parte de una investigaci\u00f3n por presunto lavado de activos, confirm\u00f3 hoy el Ministerio de Relaciones Exteriores.<\/p>\n<p>\u00abDicha solicitud deber\u00e1 ser evaluada por el Gobierno de ese pa\u00eds, para lo cual se ha informado a las autoridades de Uruguay que, conforme al art\u00edculo IX de la Convenci\u00f3n sobre Asilo, el Gobierno peruano har\u00e1 llegar informaci\u00f3n al respecto\u00bb, se\u00f1al\u00f3 el Ministerio en un comunicado.<\/p>\n<p>La solicitud fue notificada al Ministerio por la Embajada de Uruguay en el Per\u00fa, donde permanece Garc\u00eda desde la noche del s\u00e1bado. El ex presidente, de 69 a\u00f1os, pidi\u00f3 asil\u00f3 pocas horas despu\u00e9s de la resoluci\u00f3n judicial.<\/p>\n<p>El impedimento de salida fue dictado por el juez Juan Carlos S\u00e1nchez en atenci\u00f3n al pedido del fiscal Jos\u00e9 Domingo P\u00e9rez, tras la difusi\u00f3n de pruebas de que Odebrecht le dio ilegalmente al menos 100.000 d\u00f3lares a Garc\u00eda.<\/p>\n<p>\u00abPara m\u00ed no es ning\u00fan castigo ni deshonor poder estar permanentemente en mi patria\u00bb, dijo tras la resoluci\u00f3n el ex mandatario, que suele pasar su tiempo en Espa\u00f1a.<\/p>\n<p>P\u00e9rez argument\u00f3 su pedido con las dudas sobre la residencia de Garc\u00eda, que, afirm\u00f3, no ha acudido a una serie de interrogatorios por su continua estancia en Espa\u00f1a. El fiscal se\u00f1al\u00f3 adem\u00e1s que la medida es necesaria porque comenzar\u00e1 con nuevas diligencias.<\/p>\n<p>El jueves, el portal de investigaci\u00f3n IDL Reporteros revel\u00f3 con documentos que Odebrecht le entreg\u00f3 100.000 d\u00f3lares al ex presidente por una conferencia que \u00e9ste dict\u00f3 en 2012 ante la Federaci\u00f3n de Industrias del Estado de Sao Paulo.<\/p>\n<p>Seg\u00fan los documentos que P\u00e9rez emple\u00f3 durante la audiencia, el dinero fue sacado de la \u00abcaja 2\u00bb, con la que Odebrecht hac\u00eda pagos ilegales. Ese mecanismo de pagos ya hab\u00eda sido admitido por ex directivos de la firma convertidos en colaboradores de la Justicia, entre ellos el ex CEO Marcelo Odebrecht.<\/p>\n<p>Garc\u00eda, que gobern\u00f3 de 1985 a 1990 y de 2006 a 2011, es percibido, seg\u00fan sondeos, como uno de los pol\u00edticos m\u00e1s corruptos del Per\u00fa. El ex presidente estuvo nueve a\u00f1os asilado en Colombia y volvi\u00f3 al Per\u00fa cuando prescribieron los cargos en su contra por enriquecimiento il\u00edcito, cohecho y colusi\u00f3n.<\/p>\n","protected":false},"excerpt":{"rendered":"<p>Lima, 18 nov (dpa) &#8211; El ex presidente peruano Alan Garc\u00eda solicit\u00f3 asilo pol\u00edtico al Gobierno de Uruguay despu\u00e9s de que un juez le prohibiera salir del Per\u00fa por 18 meses como parte de una investigaci\u00f3n por presunto lavado de activos, confirm\u00f3 hoy el Ministerio de Relaciones Exteriores. \u00abDicha solicitud deber\u00e1 ser evaluada por el<\/p>\n","protected":false},"author":1,"featured_media":110152,"comment_status":"closed","ping_status":"closed","sticky":false,"template":"","format":"standard","meta":{"footnotes":""},"categories":[343],"tags":[],"class_list":{"0":"post-110151","1":"post","2":"type-post","3":"status-publish","4":"format-standard","5":"has-post-thumbnail","7":"category-actualidad"},"aioseo_notices":[],"aioseo_head":"\n\t\t<!-- All in One SEO Pro 4.9.6.2 - aioseo.com -->\n\t<meta name=\"description\" content=\"Lima, 18 nov (dpa) - El ex presidente peruano Alan Garc\u00eda solicit\u00f3 asilo pol\u00edtico al Gobierno de Uruguay despu\u00e9s de que un juez le prohibiera salir del Per\u00fa por 18 meses como parte de una investigaci\u00f3n por presunto lavado de activos, confirm\u00f3 hoy el Ministerio de Relaciones Exteriores. &quot;Dicha solicitud deber\u00e1 ser evaluada por el\" \/>\n\t<meta name=\"robots\" content=\"max-image-preview:large\" \/>\n\t<meta name=\"author\" content=\"Cand\u00e1s 365\"\/>\n\t<meta name=\"google-site-verification\" content=\"UA-32230408-1\" \/>\n\t<meta name=\"msvalidate.01\" content=\"354F3CDFB2DA171B47FBE9ABF1F88D5\" \/>\n\t<meta name=\"keywords\" content=\"actualidad\" \/>\n\t<link rel=\"canonical\" href=\"https:\/\/candas365.es\/noticias\/alan-garcia-solicito-asilo-politico-a-uruguay\/\" \/>\n\t<meta name=\"generator\" content=\"All in One SEO Pro (AIOSEO) 4.9.6.2\" \/>\n\t\t<meta property=\"og:locale\" content=\"es_ES\" \/>\n\t\t<meta property=\"og:site_name\" content=\"Cand\u00e1s 365\" \/>\n\t\t<meta property=\"og:type\" content=\"article\" \/>\n\t\t<meta property=\"og:title\" content=\"Alan Garc\u00eda solicit\u00f3 asilo pol\u00edtico a Uruguay | Cand\u00e1s 365\" \/>\n\t\t<meta property=\"og:description\" content=\"Lima, 18 nov (dpa) - El ex presidente peruano Alan Garc\u00eda solicit\u00f3 asilo pol\u00edtico al Gobierno de Uruguay despu\u00e9s de que un juez le prohibiera salir del Per\u00fa por 18 meses como parte de una investigaci\u00f3n por presunto lavado de activos, confirm\u00f3 hoy el Ministerio de Relaciones Exteriores. &quot;Dicha solicitud deber\u00e1 ser evaluada por el\" \/>\n\t\t<meta property=\"og:url\" content=\"https:\/\/candas365.es\/noticias\/alan-garcia-solicito-asilo-politico-a-uruguay\/\" \/>\n\t\t<meta property=\"og:image\" content=\"https:\/\/candas365.es\/noticias\/wp-content\/uploads\/2018\/11\/uruguay-3627261_960_720.jpg\" \/>\n\t\t<meta property=\"og:image:secure_url\" content=\"https:\/\/candas365.es\/noticias\/wp-content\/uploads\/2018\/11\/uruguay-3627261_960_720.jpg\" \/>\n\t\t<meta property=\"og:image:width\" content=\"960\" \/>\n\t\t<meta property=\"og:image:height\" content=\"641\" \/>\n\t\t<meta property=\"article:published_time\" content=\"2018-11-19T14:36:26+00:00\" \/>\n\t\t<meta property=\"article:modified_time\" content=\"2018-11-19T14:36:26+00:00\" \/>\n\t\t<meta property=\"article:publisher\" content=\"https:\/\/www.facebook.com\/Nachofdezber\" \/>\n\t\t<meta property=\"article:author\" content=\"https:\/\/www.facebook.com\/carrenoactualidad\" \/>\n\t\t<meta name=\"twitter:card\" content=\"summary_large_image\" \/>\n\t\t<meta name=\"twitter:site\" content=\"@NabercoDigital\" \/>\n\t\t<meta name=\"twitter:title\" content=\"Alan Garc\u00eda solicit\u00f3 asilo pol\u00edtico a Uruguay | Cand\u00e1s 365\" \/>\n\t\t<meta name=\"twitter:description\" content=\"Lima, 18 nov (dpa) - El ex presidente peruano Alan Garc\u00eda solicit\u00f3 asilo pol\u00edtico al Gobierno de Uruguay despu\u00e9s de que un juez le prohibiera salir del Per\u00fa por 18 meses como parte de una investigaci\u00f3n por presunto lavado de activos, confirm\u00f3 hoy el Ministerio de Relaciones Exteriores. &quot;Dicha solicitud deber\u00e1 ser evaluada por el\" \/>\n\t\t<meta name=\"twitter:creator\" content=\"@nbasturias\" \/>\n\t\t<meta name=\"twitter:image\" content=\"https:\/\/candas365.es\/noticias\/wp-content\/uploads\/2018\/11\/uruguay-3627261_960_720.jpg\" \/>\n\t\t<meta name=\"twitter:label1\" content=\"Escrito por\" \/>\n\t\t<meta name=\"twitter:data1\" content=\"Cand\u00e1s 365\" \/>\n\t\t<meta name=\"twitter:label2\" content=\"Tiempo de lectura estimado\" \/>\n\t\t<meta name=\"twitter:data2\" content=\"2 minutos\" \/>\n\t\t<script type=\"application\/ld+json\" class=\"aioseo-schema\">\n\t\t\t{\"@context\":\"https:\\\/\\\/schema.org\",\"@graph\":[{\"@type\":\"BreadcrumbList\",\"@id\":\"https:\\\/\\\/candas365.es\\\/noticias\\\/alan-garcia-solicito-asilo-politico-a-uruguay\\\/#breadcrumblist\",\"itemListElement\":[{\"@type\":\"ListItem\",\"@id\":\"https:\\\/\\\/candas365.es\\\/noticias#listItem\",\"position\":1,\"name\":\"Home\",\"item\":\"https:\\\/\\\/candas365.es\\\/noticias\",\"nextItem\":{\"@type\":\"ListItem\",\"@id\":\"https:\\\/\\\/candas365.es\\\/noticias\\\/category\\\/actualidad\\\/#listItem\",\"name\":\"Actualidad\"}},{\"@type\":\"ListItem\",\"@id\":\"https:\\\/\\\/candas365.es\\\/noticias\\\/category\\\/actualidad\\\/#listItem\",\"position\":2,\"name\":\"Actualidad\",\"item\":\"https:\\\/\\\/candas365.es\\\/noticias\\\/category\\\/actualidad\\\/\",\"nextItem\":{\"@type\":\"ListItem\",\"@id\":\"https:\\\/\\\/candas365.es\\\/noticias\\\/alan-garcia-solicito-asilo-politico-a-uruguay\\\/#listItem\",\"name\":\"Alan Garc\\u00eda solicit\\u00f3 asilo pol\\u00edtico a Uruguay\"},\"previousItem\":{\"@type\":\"ListItem\",\"@id\":\"https:\\\/\\\/candas365.es\\\/noticias#listItem\",\"name\":\"Home\"}},{\"@type\":\"ListItem\",\"@id\":\"https:\\\/\\\/candas365.es\\\/noticias\\\/alan-garcia-solicito-asilo-politico-a-uruguay\\\/#listItem\",\"position\":3,\"name\":\"Alan Garc\\u00eda solicit\\u00f3 asilo pol\\u00edtico a Uruguay\",\"previousItem\":{\"@type\":\"ListItem\",\"@id\":\"https:\\\/\\\/candas365.es\\\/noticias\\\/category\\\/actualidad\\\/#listItem\",\"name\":\"Actualidad\"}}]},{\"@type\":\"NewsArticle\",\"@id\":\"https:\\\/\\\/candas365.es\\\/noticias\\\/alan-garcia-solicito-asilo-politico-a-uruguay\\\/#newsarticle\",\"name\":\"Alan Garc\\u00eda solicit\\u00f3 asilo pol\\u00edtico a Uruguay | Cand\\u00e1s 365\",\"headline\":\"Alan Garc\\u00eda solicit\\u00f3 asilo pol\\u00edtico a Uruguay\",\"author\":{\"@id\":\"https:\\\/\\\/candas365.es\\\/noticias\\\/author\\\/admin\\\/#author\"},\"publisher\":{\"@id\":\"https:\\\/\\\/candas365.es\\\/noticias\\\/#organization\"},\"image\":{\"@type\":\"ImageObject\",\"url\":\"https:\\\/\\\/candas365.es\\\/noticias\\\/wp-content\\\/uploads\\\/2018\\\/11\\\/uruguay-3627261_960_720.jpg\",\"width\":960,\"height\":641},\"datePublished\":\"2018-11-19T14:36:26+01:00\",\"dateModified\":\"2018-11-19T14:36:26+01:00\",\"inLanguage\":\"es-ES\",\"mainEntityOfPage\":{\"@id\":\"https:\\\/\\\/candas365.es\\\/noticias\\\/alan-garcia-solicito-asilo-politico-a-uruguay\\\/#webpage\"},\"isPartOf\":{\"@id\":\"https:\\\/\\\/candas365.es\\\/noticias\\\/alan-garcia-solicito-asilo-politico-a-uruguay\\\/#webpage\"},\"articleSection\":\"Actualidad\",\"dateline\":\"Publicado el noviembre 19, 2018.\"},{\"@type\":\"Organization\",\"@id\":\"https:\\\/\\\/candas365.es\\\/noticias\\\/#organization\",\"name\":\"Cand\\u00e1s 365\",\"description\":\"Cand\\u00e1s 365 es un diario digital independiente, fundado en 2012, con base en Asturias. Informamos con rigor sobre actualidad, sociedad, cultura y ocio, con una mirada local y global.\",\"url\":\"https:\\\/\\\/candas365.es\\\/noticias\\\/\",\"email\":\"info@candas365.es\",\"telephone\":\"+34652131393\",\"foundingDate\":\"2012-06-10\",\"logo\":{\"@type\":\"ImageObject\",\"url\":\"https:\\\/\\\/candas365.es\\\/noticias\\\/wp-content\\\/uploads\\\/2024\\\/09\\\/Candas-365-Redes.jpg\",\"@id\":\"https:\\\/\\\/candas365.es\\\/noticias\\\/alan-garcia-solicito-asilo-politico-a-uruguay\\\/#organizationLogo\",\"width\":1152,\"height\":864,\"caption\":\"Cand\\u00e1s 365 Redes\"},\"image\":{\"@id\":\"https:\\\/\\\/candas365.es\\\/noticias\\\/alan-garcia-solicito-asilo-politico-a-uruguay\\\/#organizationLogo\"},\"sameAs\":[\"https:\\\/\\\/www.facebook.com\\\/Nachofdezber\",\"https:\\\/\\\/x.com\\\/NabercoDigital\",\"https:\\\/\\\/www.instagram.com\\\/nachofdezber\\\/\",\"https:\\\/\\\/www.youtube.com\\\/channel\\\/UCZP-2wLEB9Rv6erhFmqVnvg\"],\"address\":{\"@id\":\"https:\\\/\\\/candas365.es\\\/noticias\\\/#postaladdress\",\"@type\":\"PostalAddress\",\"streetAddress\":\"san antonio 4, san antonio 4\",\"postalCode\":\"33430\",\"addressLocality\":\"Cand\\u00e1s\",\"addressRegion\":\"Asturias\",\"addressCountry\":\"ES\"}},{\"@type\":\"Person\",\"@id\":\"https:\\\/\\\/candas365.es\\\/noticias\\\/author\\\/admin\\\/#author\",\"url\":\"https:\\\/\\\/candas365.es\\\/noticias\\\/author\\\/admin\\\/\",\"name\":\"Cand\\u00e1s 365\",\"image\":{\"@type\":\"ImageObject\",\"@id\":\"https:\\\/\\\/candas365.es\\\/noticias\\\/alan-garcia-solicito-asilo-politico-a-uruguay\\\/#authorImage\",\"url\":\"https:\\\/\\\/secure.gravatar.com\\\/avatar\\\/496a8e03d0c493ede1718b7934145dbdf8d89be1036b0eec9544e1094c9de390?s=96&d=mm&r=g\",\"width\":96,\"height\":96,\"caption\":\"Cand\\u00e1s 365\"},\"sameAs\":[\"https:\\\/\\\/www.facebook.com\\\/carrenoactualidad\",\"https:\\\/\\\/twitter.com\\\/nbasturias\",\"https:\\\/\\\/www.instagram.com\\\/nachofdezber\\\/\",\"https:\\\/\\\/www.youtube.com\\\/channel\\\/UCZP-2wLEB9Rv6erhFmqVnvg\"]},{\"@type\":\"WebPage\",\"@id\":\"https:\\\/\\\/candas365.es\\\/noticias\\\/alan-garcia-solicito-asilo-politico-a-uruguay\\\/#webpage\",\"url\":\"https:\\\/\\\/candas365.es\\\/noticias\\\/alan-garcia-solicito-asilo-politico-a-uruguay\\\/\",\"name\":\"Alan Garc\\u00eda solicit\\u00f3 asilo pol\\u00edtico a Uruguay | Cand\\u00e1s 365\",\"description\":\"Lima, 18 nov (dpa) - El ex presidente peruano Alan Garc\\u00eda solicit\\u00f3 asilo pol\\u00edtico al Gobierno de Uruguay despu\\u00e9s de que un juez le prohibiera salir del Per\\u00fa por 18 meses como parte de una investigaci\\u00f3n por presunto lavado de activos, confirm\\u00f3 hoy el Ministerio de Relaciones Exteriores. \\\"Dicha solicitud deber\\u00e1 ser evaluada por el\",\"inLanguage\":\"es-ES\",\"isPartOf\":{\"@id\":\"https:\\\/\\\/candas365.es\\\/noticias\\\/#website\"},\"breadcrumb\":{\"@id\":\"https:\\\/\\\/candas365.es\\\/noticias\\\/alan-garcia-solicito-asilo-politico-a-uruguay\\\/#breadcrumblist\"},\"author\":{\"@id\":\"https:\\\/\\\/candas365.es\\\/noticias\\\/author\\\/admin\\\/#author\"},\"creator\":{\"@id\":\"https:\\\/\\\/candas365.es\\\/noticias\\\/author\\\/admin\\\/#author\"},\"image\":{\"@type\":\"ImageObject\",\"url\":\"https:\\\/\\\/candas365.es\\\/noticias\\\/wp-content\\\/uploads\\\/2018\\\/11\\\/uruguay-3627261_960_720.jpg\",\"@id\":\"https:\\\/\\\/candas365.es\\\/noticias\\\/alan-garcia-solicito-asilo-politico-a-uruguay\\\/#mainImage\",\"width\":960,\"height\":641},\"primaryImageOfPage\":{\"@id\":\"https:\\\/\\\/candas365.es\\\/noticias\\\/alan-garcia-solicito-asilo-politico-a-uruguay\\\/#mainImage\"},\"datePublished\":\"2018-11-19T14:36:26+01:00\",\"dateModified\":\"2018-11-19T14:36:26+01:00\"},{\"@type\":\"WebSite\",\"@id\":\"https:\\\/\\\/candas365.es\\\/noticias\\\/#website\",\"url\":\"https:\\\/\\\/candas365.es\\\/noticias\\\/\",\"name\":\"Cand\\u00e1s 365\",\"alternateName\":\"Cand\\u00e1s 365 Noticias\",\"description\":\"Actualidad desde Carre\\u00f1o para el mundo\",\"inLanguage\":\"es-ES\",\"publisher\":{\"@id\":\"https:\\\/\\\/candas365.es\\\/noticias\\\/#organization\"}}]}\n\t\t<\/script>\n\t\t<!-- All in One SEO Pro -->\r\n\t\t<title>Alan Garc\u00eda solicit\u00f3 asilo pol\u00edtico a Uruguay | Cand\u00e1s 365<\/title>\n\n","aioseo_head_json":{"title":"Alan Garc\u00eda solicit\u00f3 asilo pol\u00edtico a Uruguay | Cand\u00e1s 365","description":"Lima, 18 nov (dpa) - El ex presidente peruano Alan Garc\u00eda solicit\u00f3 asilo pol\u00edtico al Gobierno de Uruguay despu\u00e9s de que un juez le prohibiera salir del Per\u00fa por 18 meses como parte de una investigaci\u00f3n por presunto lavado de activos, confirm\u00f3 hoy el Ministerio de Relaciones Exteriores. \"Dicha solicitud deber\u00e1 ser evaluada por el","canonical_url":"https:\/\/candas365.es\/noticias\/alan-garcia-solicito-asilo-politico-a-uruguay\/","robots":"max-image-preview:large","keywords":"actualidad","webmasterTools":{"google-site-verification":"UA-32230408-1","msvalidate.01":"354F3CDFB2DA171B47FBE9ABF1F88D5","miscellaneous":""},"schema":{"@context":"https:\/\/schema.org","@graph":[{"@type":"BreadcrumbList","@id":"https:\/\/candas365.es\/noticias\/alan-garcia-solicito-asilo-politico-a-uruguay\/#breadcrumblist","itemListElement":[{"@type":"ListItem","@id":"https:\/\/candas365.es\/noticias#listItem","position":1,"name":"Home","item":"https:\/\/candas365.es\/noticias","nextItem":{"@type":"ListItem","@id":"https:\/\/candas365.es\/noticias\/category\/actualidad\/#listItem","name":"Actualidad"}},{"@type":"ListItem","@id":"https:\/\/candas365.es\/noticias\/category\/actualidad\/#listItem","position":2,"name":"Actualidad","item":"https:\/\/candas365.es\/noticias\/category\/actualidad\/","nextItem":{"@type":"ListItem","@id":"https:\/\/candas365.es\/noticias\/alan-garcia-solicito-asilo-politico-a-uruguay\/#listItem","name":"Alan Garc\u00eda solicit\u00f3 asilo pol\u00edtico a Uruguay"},"previousItem":{"@type":"ListItem","@id":"https:\/\/candas365.es\/noticias#listItem","name":"Home"}},{"@type":"ListItem","@id":"https:\/\/candas365.es\/noticias\/alan-garcia-solicito-asilo-politico-a-uruguay\/#listItem","position":3,"name":"Alan Garc\u00eda solicit\u00f3 asilo pol\u00edtico a Uruguay","previousItem":{"@type":"ListItem","@id":"https:\/\/candas365.es\/noticias\/category\/actualidad\/#listItem","name":"Actualidad"}}]},{"@type":"NewsArticle","@id":"https:\/\/candas365.es\/noticias\/alan-garcia-solicito-asilo-politico-a-uruguay\/#newsarticle","name":"Alan Garc\u00eda solicit\u00f3 asilo pol\u00edtico a Uruguay | Cand\u00e1s 365","headline":"Alan Garc\u00eda solicit\u00f3 asilo pol\u00edtico a Uruguay","author":{"@id":"https:\/\/candas365.es\/noticias\/author\/admin\/#author"},"publisher":{"@id":"https:\/\/candas365.es\/noticias\/#organization"},"image":{"@type":"ImageObject","url":"https:\/\/candas365.es\/noticias\/wp-content\/uploads\/2018\/11\/uruguay-3627261_960_720.jpg","width":960,"height":641},"datePublished":"2018-11-19T14:36:26+01:00","dateModified":"2018-11-19T14:36:26+01:00","inLanguage":"es-ES","mainEntityOfPage":{"@id":"https:\/\/candas365.es\/noticias\/alan-garcia-solicito-asilo-politico-a-uruguay\/#webpage"},"isPartOf":{"@id":"https:\/\/candas365.es\/noticias\/alan-garcia-solicito-asilo-politico-a-uruguay\/#webpage"},"articleSection":"Actualidad","dateline":"Publicado el noviembre 19, 2018."},{"@type":"Organization","@id":"https:\/\/candas365.es\/noticias\/#organization","name":"Cand\u00e1s 365","description":"Cand\u00e1s 365 es un diario digital independiente, fundado en 2012, con base en Asturias. Informamos con rigor sobre actualidad, sociedad, cultura y ocio, con una mirada local y global.","url":"https:\/\/candas365.es\/noticias\/","email":"info@candas365.es","telephone":"+34652131393","foundingDate":"2012-06-10","logo":{"@type":"ImageObject","url":"https:\/\/candas365.es\/noticias\/wp-content\/uploads\/2024\/09\/Candas-365-Redes.jpg","@id":"https:\/\/candas365.es\/noticias\/alan-garcia-solicito-asilo-politico-a-uruguay\/#organizationLogo","width":1152,"height":864,"caption":"Cand\u00e1s 365 Redes"},"image":{"@id":"https:\/\/candas365.es\/noticias\/alan-garcia-solicito-asilo-politico-a-uruguay\/#organizationLogo"},"sameAs":["https:\/\/www.facebook.com\/Nachofdezber","https:\/\/x.com\/NabercoDigital","https:\/\/www.instagram.com\/nachofdezber\/","https:\/\/www.youtube.com\/channel\/UCZP-2wLEB9Rv6erhFmqVnvg"],"address":{"@id":"https:\/\/candas365.es\/noticias\/#postaladdress","@type":"PostalAddress","streetAddress":"san antonio 4, san antonio 4","postalCode":"33430","addressLocality":"Cand\u00e1s","addressRegion":"Asturias","addressCountry":"ES"}},{"@type":"Person","@id":"https:\/\/candas365.es\/noticias\/author\/admin\/#author","url":"https:\/\/candas365.es\/noticias\/author\/admin\/","name":"Cand\u00e1s 365","image":{"@type":"ImageObject","@id":"https:\/\/candas365.es\/noticias\/alan-garcia-solicito-asilo-politico-a-uruguay\/#authorImage","url":"https:\/\/secure.gravatar.com\/avatar\/496a8e03d0c493ede1718b7934145dbdf8d89be1036b0eec9544e1094c9de390?s=96&d=mm&r=g","width":96,"height":96,"caption":"Cand\u00e1s 365"},"sameAs":["https:\/\/www.facebook.com\/carrenoactualidad","https:\/\/twitter.com\/nbasturias","https:\/\/www.instagram.com\/nachofdezber\/","https:\/\/www.youtube.com\/channel\/UCZP-2wLEB9Rv6erhFmqVnvg"]},{"@type":"WebPage","@id":"https:\/\/candas365.es\/noticias\/alan-garcia-solicito-asilo-politico-a-uruguay\/#webpage","url":"https:\/\/candas365.es\/noticias\/alan-garcia-solicito-asilo-politico-a-uruguay\/","name":"Alan Garc\u00eda solicit\u00f3 asilo pol\u00edtico a Uruguay | Cand\u00e1s 365","description":"Lima, 18 nov (dpa) - El ex presidente peruano Alan Garc\u00eda solicit\u00f3 asilo pol\u00edtico al Gobierno de Uruguay despu\u00e9s de que un juez le prohibiera salir del Per\u00fa por 18 meses como parte de una investigaci\u00f3n por presunto lavado de activos, confirm\u00f3 hoy el Ministerio de Relaciones Exteriores. \"Dicha solicitud deber\u00e1 ser evaluada por el","inLanguage":"es-ES","isPartOf":{"@id":"https:\/\/candas365.es\/noticias\/#website"},"breadcrumb":{"@id":"https:\/\/candas365.es\/noticias\/alan-garcia-solicito-asilo-politico-a-uruguay\/#breadcrumblist"},"author":{"@id":"https:\/\/candas365.es\/noticias\/author\/admin\/#author"},"creator":{"@id":"https:\/\/candas365.es\/noticias\/author\/admin\/#author"},"image":{"@type":"ImageObject","url":"https:\/\/candas365.es\/noticias\/wp-content\/uploads\/2018\/11\/uruguay-3627261_960_720.jpg","@id":"https:\/\/candas365.es\/noticias\/alan-garcia-solicito-asilo-politico-a-uruguay\/#mainImage","width":960,"height":641},"primaryImageOfPage":{"@id":"https:\/\/candas365.es\/noticias\/alan-garcia-solicito-asilo-politico-a-uruguay\/#mainImage"},"datePublished":"2018-11-19T14:36:26+01:00","dateModified":"2018-11-19T14:36:26+01:00"},{"@type":"WebSite","@id":"https:\/\/candas365.es\/noticias\/#website","url":"https:\/\/candas365.es\/noticias\/","name":"Cand\u00e1s 365","alternateName":"Cand\u00e1s 365 Noticias","description":"Actualidad desde Carre\u00f1o para el mundo","inLanguage":"es-ES","publisher":{"@id":"https:\/\/candas365.es\/noticias\/#organization"}}]},"og:locale":"es_ES","og:site_name":"Cand\u00e1s 365","og:type":"article","og:title":"Alan Garc\u00eda solicit\u00f3 asilo pol\u00edtico a Uruguay | Cand\u00e1s 365","og:description":"Lima, 18 nov (dpa) - El ex presidente peruano Alan Garc\u00eda solicit\u00f3 asilo pol\u00edtico al Gobierno de Uruguay despu\u00e9s de que un juez le prohibiera salir del Per\u00fa por 18 meses como parte de una investigaci\u00f3n por presunto lavado de activos, confirm\u00f3 hoy el Ministerio de Relaciones Exteriores. &quot;Dicha solicitud deber\u00e1 ser evaluada por el","og:url":"https:\/\/candas365.es\/noticias\/alan-garcia-solicito-asilo-politico-a-uruguay\/","og:image":"https:\/\/candas365.es\/noticias\/wp-content\/uploads\/2018\/11\/uruguay-3627261_960_720.jpg","og:image:secure_url":"https:\/\/candas365.es\/noticias\/wp-content\/uploads\/2018\/11\/uruguay-3627261_960_720.jpg","og:image:width":960,"og:image:height":641,"article:published_time":"2018-11-19T14:36:26+00:00","article:modified_time":"2018-11-19T14:36:26+00:00","article:publisher":"https:\/\/www.facebook.com\/Nachofdezber","article:author":"https:\/\/www.facebook.com\/carrenoactualidad","twitter:card":"summary_large_image","twitter:site":"@NabercoDigital","twitter:title":"Alan Garc\u00eda solicit\u00f3 asilo pol\u00edtico a Uruguay | Cand\u00e1s 365","twitter:description":"Lima, 18 nov (dpa) - El ex presidente peruano Alan Garc\u00eda solicit\u00f3 asilo pol\u00edtico al Gobierno de Uruguay despu\u00e9s de que un juez le prohibiera salir del Per\u00fa por 18 meses como parte de una investigaci\u00f3n por presunto lavado de activos, confirm\u00f3 hoy el Ministerio de Relaciones Exteriores. &quot;Dicha solicitud deber\u00e1 ser evaluada por el","twitter:creator":"@nbasturias","twitter:image":"https:\/\/candas365.es\/noticias\/wp-content\/uploads\/2018\/11\/uruguay-3627261_960_720.jpg","twitter:label1":"Escrito por","twitter:data1":"Cand\u00e1s 365","twitter:label2":"Tiempo de lectura estimado","twitter:data2":"2 minutos"},"aioseo_meta_data":{"post_id":"110151","title":null,"description":null,"keywords":null,"keyphrases":null,"primary_term":null,"canonical_url":null,"og_title":null,"og_description":null,"og_object_type":"default","og_image_type":"default","og_image_url":null,"og_image_width":null,"og_image_height":null,"og_image_custom_url":null,"og_image_custom_fields":null,"og_video":null,"og_custom_url":null,"og_article_section":null,"og_article_tags":null,"twitter_use_og":false,"twitter_card":"default","twitter_image_type":"default","twitter_image_url":null,"twitter_image_custom_url":null,"twitter_image_custom_fields":null,"twitter_title":null,"twitter_description":null,"schema":{"blockGraphs":[],"customGraphs":[],"default":{"data":{"Article":[],"Course":[],"Dataset":[],"FAQPage":[],"Movie":[],"Person":[],"Product":[],"ProductReview":[],"Car":[],"Recipe":[],"Service":[],"SoftwareApplication":[],"WebPage":[]},"graphName":"","isEnabled":true},"graphs":[]},"schema_type":null,"schema_type_options":null,"pillar_content":false,"robots_default":true,"robots_noindex":false,"robots_noarchive":false,"robots_nosnippet":false,"robots_nofollow":false,"robots_noimageindex":false,"robots_noodp":false,"robots_notranslate":false,"robots_max_snippet":null,"robots_max_videopreview":null,"robots_max_imagepreview":"large","priority":null,"frequency":null,"location":null,"local_seo":null,"seo_analyzer_scan_date":"2025-08-28 11:48:24","breadcrumb_settings":null,"limit_modified_date":false,"reviewed_by":null,"open_ai":null,"ai":null,"created":"2020-12-21 11:38:47","updated":"2025-08-28 11:48:24"},"aioseo_breadcrumb":"<div class=\"aioseo-breadcrumbs\"><span class=\"aioseo-breadcrumb\">\n\t<a href=\"https:\/\/candas365.es\/noticias\" title=\"Home\">Home<\/a>\n<\/span><span class=\"aioseo-breadcrumb-separator\">&ndash;<\/span><span class=\"aioseo-breadcrumb\">\n\t<a href=\"https:\/\/candas365.es\/noticias\/category\/actualidad\/\" title=\"Actualidad\">Actualidad<\/a>\n<\/span><span class=\"aioseo-breadcrumb-separator\">&ndash;<\/span><span class=\"aioseo-breadcrumb\">\n\tAlan Garc\u00eda solicit\u00f3 asilo pol\u00edtico a Uruguay\n<\/span><\/div>","aioseo_breadcrumb_json":[{"label":"Home","link":"https:\/\/candas365.es\/noticias"},{"label":"Actualidad","link":"https:\/\/candas365.es\/noticias\/category\/actualidad\/"},{"label":"Alan Garc\u00eda solicit\u00f3 asilo pol\u00edtico a Uruguay","link":"https:\/\/candas365.es\/noticias\/alan-garcia-solicito-asilo-politico-a-uruguay\/"}],"_links":{"self":[{"href":"https:\/\/candas365.es\/noticias\/wp-json\/wp\/v2\/posts\/110151","targetHints":{"allow":["GET"]}}],"collection":[{"href":"https:\/\/candas365.es\/noticias\/wp-json\/wp\/v2\/posts"}],"about":[{"href":"https:\/\/candas365.es\/noticias\/wp-json\/wp\/v2\/types\/post"}],"author":[{"embeddable":true,"href":"https:\/\/candas365.es\/noticias\/wp-json\/wp\/v2\/users\/1"}],"replies":[{"embeddable":true,"href":"https:\/\/candas365.es\/noticias\/wp-json\/wp\/v2\/comments?post=110151"}],"version-history":[{"count":0,"href":"https:\/\/candas365.es\/noticias\/wp-json\/wp\/v2\/posts\/110151\/revisions"}],"wp:featuredmedia":[{"embeddable":true,"href":"https:\/\/candas365.es\/noticias\/wp-json\/wp\/v2\/media\/110152"}],"wp:attachment":[{"href":"https:\/\/candas365.es\/noticias\/wp-json\/wp\/v2\/media?parent=110151"}],"wp:term":[{"taxonomy":"category","embeddable":true,"href":"https:\/\/candas365.es\/noticias\/wp-json\/wp\/v2\/categories?post=110151"},{"taxonomy":"post_tag","embeddable":true,"href":"https:\/\/candas365.es\/noticias\/wp-json\/wp\/v2\/tags?post=110151"}],"curies":[{"name":"wp","href":"https:\/\/api.w.org\/{rel}","templated":true}]}}