{"id":110149,"date":"2018-11-19T14:33:24","date_gmt":"2018-11-19T14:33:24","guid":{"rendered":"http:\/\/candas365.es\/noticias\/?p=110149"},"modified":"2018-11-19T14:33:24","modified_gmt":"2018-11-19T14:33:24","slug":"luis-enrique-vio-a-espana-a-la-altura-en-la-liga-de-naciones","status":"publish","type":"post","link":"https:\/\/candas365.es\/noticias\/luis-enrique-vio-a-espana-a-la-altura-en-la-liga-de-naciones\/","title":{"rendered":"Luis Enrique vio a Espa\u00f1a \u00aba la altura\u00bb en la Liga de Naciones"},"content":{"rendered":"<p><img fetchpriority=\"high\" decoding=\"async\" class=\"alignleft size-medium wp-image-98026\" src=\"https:\/\/candas365.es\/noticias\/wp-content\/uploads\/2018\/06\/football-1406106_960_720-1-360x241.jpg\" alt=\"\" width=\"360\" height=\"241\" srcset=\"https:\/\/candas365.es\/noticias\/wp-content\/uploads\/2018\/06\/football-1406106_960_720-1-360x241.jpg 360w, https:\/\/candas365.es\/noticias\/wp-content\/uploads\/2018\/06\/football-1406106_960_720-1-768x514.jpg 768w, https:\/\/candas365.es\/noticias\/wp-content\/uploads\/2018\/06\/football-1406106_960_720-1-655x439.jpg 655w, https:\/\/candas365.es\/noticias\/wp-content\/uploads\/2018\/06\/football-1406106_960_720-1-696x466.jpg 696w, https:\/\/candas365.es\/noticias\/wp-content\/uploads\/2018\/06\/football-1406106_960_720-1-627x420.jpg 627w, https:\/\/candas365.es\/noticias\/wp-content\/uploads\/2018\/06\/football-1406106_960_720-1.jpg 960w\" sizes=\"(max-width: 360px) 100vw, 360px\" \/>Las Palmas de Gran Canaria (Espa\u00f1a), 18 nov (dpa) &#8211; El seleccionador espa\u00f1ol, Luis Enrique, asegur\u00f3 hoy que su equipo estuvo \u00aba la altura\u00bb en la Liga de Naciones a pesar de no entrar en la \u00abFinal Four\u00bb y achac\u00f3 tal destino a la \u00abmala fortuna\u00bb y errores propios.<\/p>\n<p>\u00abEsper\u00e1bamos estar en la &#8216;Final Four&#8217;, es obvio. Entre la mala fortuna y los errores nuestros no ha podido ser. Era un grupo muy complicado y lo sab\u00edamos. La respuesta de la selecci\u00f3n ha estado a la altura, aunque claro que pod\u00eda haber sido mejor\u00bb, explic\u00f3.<\/p>\n<p>Espa\u00f1a despidi\u00f3 el a\u00f1o con un ins\u00edpido triunfo 1-0 ante Bosnia-Herzegovina, algo que atribuy\u00f3 a la naturaleza defensiva de su rival.<\/p>\n<p>\u00abHe visto bien al equipo, hemos generado peligro por las bandas, pero luego el partido ha estado un poco nublado. Bosnia se vino arriba, pero en ning\u00fan momento vimos peligrar el partido. Tratamos de generar f\u00fatbol pero siempre es dif\u00edcil ante un equipo que est\u00e1 atr\u00e1s\u00bb, analiz\u00f3.<\/p>\n<p>Para Luis Enrique, hay m\u00e1s cosas positivas que negativas durante los meses que lleva trabajando al frente de la selecci\u00f3n.<\/p>\n<p>\u00abNo esperaba que el equipo estuviera a este nivel, aunque s\u00ed que en cuanto a actitud. Estoy satisfecho, nos centramos en la clasificaci\u00f3n para el Europeo y yo creo que la selecci\u00f3n tiene buena pinta\u00bb, insisti\u00f3.<\/p>\n<p>Finalmente, ensalz\u00f3 la figura del centrocampista David Silva, retirado de la selecci\u00f3n y que hoy recibi\u00f3 un homenaje tras 125 partidos internacionales.<\/p>\n<p>\u00abDe lo mejor del partido por el perfil de jugador y persona que es. Y por lo que representa para la selecci\u00f3n\u00bb, resumi\u00f3 Luis Enrique.<\/p>\n","protected":false},"excerpt":{"rendered":"<p>Las Palmas de Gran Canaria (Espa\u00f1a), 18 nov (dpa) &#8211; El seleccionador espa\u00f1ol, Luis Enrique, asegur\u00f3 hoy que su equipo estuvo \u00aba la altura\u00bb en la Liga de Naciones a pesar de no entrar en la \u00abFinal Four\u00bb y achac\u00f3 tal destino a la \u00abmala fortuna\u00bb y errores propios. \u00abEsper\u00e1bamos estar en la &#8216;Final Four&#8217;,<\/p>\n","protected":false},"author":1,"featured_media":98004,"comment_status":"closed","ping_status":"closed","sticky":false,"template":"","format":"standard","meta":{"footnotes":""},"categories":[319],"tags":[],"class_list":{"0":"post-110149","1":"post","2":"type-post","3":"status-publish","4":"format-standard","5":"has-post-thumbnail","7":"category-deporte"},"aioseo_notices":[],"aioseo_head":"\n\t\t<!-- All in One SEO Pro 4.9.6.2 - aioseo.com -->\n\t<meta name=\"description\" content=\"Las Palmas de Gran Canaria (Espa\u00f1a), 18 nov (dpa) - El seleccionador espa\u00f1ol, Luis Enrique, asegur\u00f3 hoy que su equipo estuvo &quot;a la altura&quot; en la Liga de Naciones a pesar de no entrar en la &quot;Final Four&quot; y achac\u00f3 tal destino a la &quot;mala fortuna&quot; y errores propios. &quot;Esper\u00e1bamos estar en la &#039;Final Four&#039;,\" \/>\n\t<meta name=\"robots\" content=\"max-image-preview:large\" \/>\n\t<meta name=\"author\" content=\"Cand\u00e1s 365\"\/>\n\t<meta name=\"google-site-verification\" content=\"UA-32230408-1\" \/>\n\t<meta name=\"msvalidate.01\" content=\"354F3CDFB2DA171B47FBE9ABF1F88D5\" \/>\n\t<meta name=\"keywords\" content=\"deporte\" \/>\n\t<link rel=\"canonical\" href=\"https:\/\/candas365.es\/noticias\/luis-enrique-vio-a-espana-a-la-altura-en-la-liga-de-naciones\/\" \/>\n\t<meta name=\"generator\" content=\"All in One SEO Pro (AIOSEO) 4.9.6.2\" \/>\n\t\t<meta property=\"og:locale\" content=\"es_ES\" \/>\n\t\t<meta property=\"og:site_name\" content=\"Cand\u00e1s 365\" \/>\n\t\t<meta property=\"og:type\" content=\"article\" \/>\n\t\t<meta property=\"og:title\" content=\"Luis Enrique vio a Espa\u00f1a \u00aba la altura\u00bb en la Liga de Naciones | Cand\u00e1s 365\" \/>\n\t\t<meta property=\"og:description\" content=\"Las Palmas de Gran Canaria (Espa\u00f1a), 18 nov (dpa) - El seleccionador espa\u00f1ol, Luis Enrique, asegur\u00f3 hoy que su equipo estuvo &quot;a la altura&quot; en la Liga de Naciones a pesar de no entrar en la &quot;Final Four&quot; y achac\u00f3 tal destino a la &quot;mala fortuna&quot; y errores propios. &quot;Esper\u00e1bamos estar en la &#039;Final Four&#039;,\" \/>\n\t\t<meta property=\"og:url\" content=\"https:\/\/candas365.es\/noticias\/luis-enrique-vio-a-espana-a-la-altura-en-la-liga-de-naciones\/\" \/>\n\t\t<meta property=\"og:image\" content=\"https:\/\/candas365.es\/noticias\/wp-content\/uploads\/2018\/06\/football-1406106_960_720.jpg\" \/>\n\t\t<meta property=\"og:image:secure_url\" content=\"https:\/\/candas365.es\/noticias\/wp-content\/uploads\/2018\/06\/football-1406106_960_720.jpg\" \/>\n\t\t<meta property=\"og:image:width\" content=\"960\" \/>\n\t\t<meta property=\"og:image:height\" content=\"643\" \/>\n\t\t<meta property=\"article:published_time\" content=\"2018-11-19T14:33:24+00:00\" \/>\n\t\t<meta property=\"article:modified_time\" content=\"2018-11-19T14:33:24+00:00\" \/>\n\t\t<meta property=\"article:publisher\" content=\"https:\/\/www.facebook.com\/Nachofdezber\" \/>\n\t\t<meta property=\"article:author\" content=\"https:\/\/www.facebook.com\/carrenoactualidad\" \/>\n\t\t<meta name=\"twitter:card\" content=\"summary_large_image\" \/>\n\t\t<meta name=\"twitter:site\" content=\"@NabercoDigital\" \/>\n\t\t<meta name=\"twitter:title\" content=\"Luis Enrique vio a Espa\u00f1a \u00aba la altura\u00bb en la Liga de Naciones | Cand\u00e1s 365\" \/>\n\t\t<meta name=\"twitter:description\" content=\"Las Palmas de Gran Canaria (Espa\u00f1a), 18 nov (dpa) - El seleccionador espa\u00f1ol, Luis Enrique, asegur\u00f3 hoy que su equipo estuvo &quot;a la altura&quot; en la Liga de Naciones a pesar de no entrar en la &quot;Final Four&quot; y achac\u00f3 tal destino a la &quot;mala fortuna&quot; y errores propios. &quot;Esper\u00e1bamos estar en la &#039;Final Four&#039;,\" \/>\n\t\t<meta name=\"twitter:creator\" content=\"@nbasturias\" \/>\n\t\t<meta name=\"twitter:image\" content=\"https:\/\/candas365.es\/noticias\/wp-content\/uploads\/2018\/06\/football-1406106_960_720.jpg\" \/>\n\t\t<meta name=\"twitter:label1\" content=\"Escrito por\" \/>\n\t\t<meta name=\"twitter:data1\" content=\"Cand\u00e1s 365\" \/>\n\t\t<meta name=\"twitter:label2\" content=\"Tiempo de lectura estimado\" \/>\n\t\t<meta name=\"twitter:data2\" content=\"1 minuto\" \/>\n\t\t<script type=\"application\/ld+json\" class=\"aioseo-schema\">\n\t\t\t{\"@context\":\"https:\\\/\\\/schema.org\",\"@graph\":[{\"@type\":\"BreadcrumbList\",\"@id\":\"https:\\\/\\\/candas365.es\\\/noticias\\\/luis-enrique-vio-a-espana-a-la-altura-en-la-liga-de-naciones\\\/#breadcrumblist\",\"itemListElement\":[{\"@type\":\"ListItem\",\"@id\":\"https:\\\/\\\/candas365.es\\\/noticias#listItem\",\"position\":1,\"name\":\"Home\",\"item\":\"https:\\\/\\\/candas365.es\\\/noticias\",\"nextItem\":{\"@type\":\"ListItem\",\"@id\":\"https:\\\/\\\/candas365.es\\\/noticias\\\/category\\\/deporte\\\/#listItem\",\"name\":\"Deporte\"}},{\"@type\":\"ListItem\",\"@id\":\"https:\\\/\\\/candas365.es\\\/noticias\\\/category\\\/deporte\\\/#listItem\",\"position\":2,\"name\":\"Deporte\",\"item\":\"https:\\\/\\\/candas365.es\\\/noticias\\\/category\\\/deporte\\\/\",\"nextItem\":{\"@type\":\"ListItem\",\"@id\":\"https:\\\/\\\/candas365.es\\\/noticias\\\/luis-enrique-vio-a-espana-a-la-altura-en-la-liga-de-naciones\\\/#listItem\",\"name\":\"Luis Enrique vio a Espa\\u00f1a \\u00aba la altura\\u00bb en la Liga de Naciones\"},\"previousItem\":{\"@type\":\"ListItem\",\"@id\":\"https:\\\/\\\/candas365.es\\\/noticias#listItem\",\"name\":\"Home\"}},{\"@type\":\"ListItem\",\"@id\":\"https:\\\/\\\/candas365.es\\\/noticias\\\/luis-enrique-vio-a-espana-a-la-altura-en-la-liga-de-naciones\\\/#listItem\",\"position\":3,\"name\":\"Luis Enrique vio a Espa\\u00f1a \\u00aba la altura\\u00bb en la Liga de Naciones\",\"previousItem\":{\"@type\":\"ListItem\",\"@id\":\"https:\\\/\\\/candas365.es\\\/noticias\\\/category\\\/deporte\\\/#listItem\",\"name\":\"Deporte\"}}]},{\"@type\":\"NewsArticle\",\"@id\":\"https:\\\/\\\/candas365.es\\\/noticias\\\/luis-enrique-vio-a-espana-a-la-altura-en-la-liga-de-naciones\\\/#newsarticle\",\"name\":\"Luis Enrique vio a Espa\\u00f1a \\u00aba la altura\\u00bb en la Liga de Naciones | Cand\\u00e1s 365\",\"headline\":\"Luis Enrique vio a Espa\\u00f1a \\u00aba la altura\\u00bb en la Liga de Naciones\",\"author\":{\"@id\":\"https:\\\/\\\/candas365.es\\\/noticias\\\/author\\\/admin\\\/#author\"},\"publisher\":{\"@id\":\"https:\\\/\\\/candas365.es\\\/noticias\\\/#organization\"},\"image\":{\"@type\":\"ImageObject\",\"url\":\"https:\\\/\\\/candas365.es\\\/noticias\\\/wp-content\\\/uploads\\\/2018\\\/06\\\/football-1406106_960_720.jpg\",\"width\":960,\"height\":643},\"datePublished\":\"2018-11-19T14:33:24+01:00\",\"dateModified\":\"2018-11-19T14:33:24+01:00\",\"inLanguage\":\"es-ES\",\"mainEntityOfPage\":{\"@id\":\"https:\\\/\\\/candas365.es\\\/noticias\\\/luis-enrique-vio-a-espana-a-la-altura-en-la-liga-de-naciones\\\/#webpage\"},\"isPartOf\":{\"@id\":\"https:\\\/\\\/candas365.es\\\/noticias\\\/luis-enrique-vio-a-espana-a-la-altura-en-la-liga-de-naciones\\\/#webpage\"},\"articleSection\":\"Deporte\",\"dateline\":\"Publicado el noviembre 19, 2018.\"},{\"@type\":\"Organization\",\"@id\":\"https:\\\/\\\/candas365.es\\\/noticias\\\/#organization\",\"name\":\"Cand\\u00e1s 365\",\"description\":\"Cand\\u00e1s 365 es un diario digital independiente, fundado en 2012, con base en Asturias. Informamos con rigor sobre actualidad, sociedad, cultura y ocio, con una mirada local y global.\",\"url\":\"https:\\\/\\\/candas365.es\\\/noticias\\\/\",\"email\":\"info@candas365.es\",\"telephone\":\"+34652131393\",\"foundingDate\":\"2012-06-10\",\"logo\":{\"@type\":\"ImageObject\",\"url\":\"https:\\\/\\\/candas365.es\\\/noticias\\\/wp-content\\\/uploads\\\/2024\\\/09\\\/Candas-365-Redes.jpg\",\"@id\":\"https:\\\/\\\/candas365.es\\\/noticias\\\/luis-enrique-vio-a-espana-a-la-altura-en-la-liga-de-naciones\\\/#organizationLogo\",\"width\":1152,\"height\":864,\"caption\":\"Cand\\u00e1s 365 Redes\"},\"image\":{\"@id\":\"https:\\\/\\\/candas365.es\\\/noticias\\\/luis-enrique-vio-a-espana-a-la-altura-en-la-liga-de-naciones\\\/#organizationLogo\"},\"sameAs\":[\"https:\\\/\\\/www.facebook.com\\\/Nachofdezber\",\"https:\\\/\\\/x.com\\\/NabercoDigital\",\"https:\\\/\\\/www.instagram.com\\\/nachofdezber\\\/\",\"https:\\\/\\\/www.youtube.com\\\/channel\\\/UCZP-2wLEB9Rv6erhFmqVnvg\"],\"address\":{\"@id\":\"https:\\\/\\\/candas365.es\\\/noticias\\\/#postaladdress\",\"@type\":\"PostalAddress\",\"streetAddress\":\"san antonio 4, san antonio 4\",\"postalCode\":\"33430\",\"addressLocality\":\"Cand\\u00e1s\",\"addressRegion\":\"Asturias\",\"addressCountry\":\"ES\"}},{\"@type\":\"Person\",\"@id\":\"https:\\\/\\\/candas365.es\\\/noticias\\\/author\\\/admin\\\/#author\",\"url\":\"https:\\\/\\\/candas365.es\\\/noticias\\\/author\\\/admin\\\/\",\"name\":\"Cand\\u00e1s 365\",\"image\":{\"@type\":\"ImageObject\",\"@id\":\"https:\\\/\\\/candas365.es\\\/noticias\\\/luis-enrique-vio-a-espana-a-la-altura-en-la-liga-de-naciones\\\/#authorImage\",\"url\":\"https:\\\/\\\/secure.gravatar.com\\\/avatar\\\/496a8e03d0c493ede1718b7934145dbdf8d89be1036b0eec9544e1094c9de390?s=96&d=mm&r=g\",\"width\":96,\"height\":96,\"caption\":\"Cand\\u00e1s 365\"},\"sameAs\":[\"https:\\\/\\\/www.facebook.com\\\/carrenoactualidad\",\"https:\\\/\\\/twitter.com\\\/nbasturias\",\"https:\\\/\\\/www.instagram.com\\\/nachofdezber\\\/\",\"https:\\\/\\\/www.youtube.com\\\/channel\\\/UCZP-2wLEB9Rv6erhFmqVnvg\"]},{\"@type\":\"WebPage\",\"@id\":\"https:\\\/\\\/candas365.es\\\/noticias\\\/luis-enrique-vio-a-espana-a-la-altura-en-la-liga-de-naciones\\\/#webpage\",\"url\":\"https:\\\/\\\/candas365.es\\\/noticias\\\/luis-enrique-vio-a-espana-a-la-altura-en-la-liga-de-naciones\\\/\",\"name\":\"Luis Enrique vio a Espa\\u00f1a \\u00aba la altura\\u00bb en la Liga de Naciones | Cand\\u00e1s 365\",\"description\":\"Las Palmas de Gran Canaria (Espa\\u00f1a), 18 nov (dpa) - El seleccionador espa\\u00f1ol, Luis Enrique, asegur\\u00f3 hoy que su equipo estuvo \\\"a la altura\\\" en la Liga de Naciones a pesar de no entrar en la \\\"Final Four\\\" y achac\\u00f3 tal destino a la \\\"mala fortuna\\\" y errores propios. \\\"Esper\\u00e1bamos estar en la 'Final Four',\",\"inLanguage\":\"es-ES\",\"isPartOf\":{\"@id\":\"https:\\\/\\\/candas365.es\\\/noticias\\\/#website\"},\"breadcrumb\":{\"@id\":\"https:\\\/\\\/candas365.es\\\/noticias\\\/luis-enrique-vio-a-espana-a-la-altura-en-la-liga-de-naciones\\\/#breadcrumblist\"},\"author\":{\"@id\":\"https:\\\/\\\/candas365.es\\\/noticias\\\/author\\\/admin\\\/#author\"},\"creator\":{\"@id\":\"https:\\\/\\\/candas365.es\\\/noticias\\\/author\\\/admin\\\/#author\"},\"image\":{\"@type\":\"ImageObject\",\"url\":\"https:\\\/\\\/candas365.es\\\/noticias\\\/wp-content\\\/uploads\\\/2018\\\/06\\\/football-1406106_960_720.jpg\",\"@id\":\"https:\\\/\\\/candas365.es\\\/noticias\\\/luis-enrique-vio-a-espana-a-la-altura-en-la-liga-de-naciones\\\/#mainImage\",\"width\":960,\"height\":643},\"primaryImageOfPage\":{\"@id\":\"https:\\\/\\\/candas365.es\\\/noticias\\\/luis-enrique-vio-a-espana-a-la-altura-en-la-liga-de-naciones\\\/#mainImage\"},\"datePublished\":\"2018-11-19T14:33:24+01:00\",\"dateModified\":\"2018-11-19T14:33:24+01:00\"},{\"@type\":\"WebSite\",\"@id\":\"https:\\\/\\\/candas365.es\\\/noticias\\\/#website\",\"url\":\"https:\\\/\\\/candas365.es\\\/noticias\\\/\",\"name\":\"Cand\\u00e1s 365\",\"alternateName\":\"Cand\\u00e1s 365 Noticias\",\"description\":\"Actualidad desde Carre\\u00f1o para el mundo\",\"inLanguage\":\"es-ES\",\"publisher\":{\"@id\":\"https:\\\/\\\/candas365.es\\\/noticias\\\/#organization\"}}]}\n\t\t<\/script>\n\t\t<!-- All in One SEO Pro -->\r\n\t\t<title>Luis Enrique vio a Espa\u00f1a \u00aba la altura\u00bb en la Liga de Naciones | Cand\u00e1s 365<\/title>\n\n","aioseo_head_json":{"title":"Luis Enrique vio a Espa\u00f1a \u00aba la altura\u00bb en la Liga de Naciones | Cand\u00e1s 365","description":"Las Palmas de Gran Canaria (Espa\u00f1a), 18 nov (dpa) - El seleccionador espa\u00f1ol, Luis Enrique, asegur\u00f3 hoy que su equipo estuvo \"a la altura\" en la Liga de Naciones a pesar de no entrar en la \"Final Four\" y achac\u00f3 tal destino a la \"mala fortuna\" y errores propios. \"Esper\u00e1bamos estar en la 'Final Four',","canonical_url":"https:\/\/candas365.es\/noticias\/luis-enrique-vio-a-espana-a-la-altura-en-la-liga-de-naciones\/","robots":"max-image-preview:large","keywords":"deporte","webmasterTools":{"google-site-verification":"UA-32230408-1","msvalidate.01":"354F3CDFB2DA171B47FBE9ABF1F88D5","miscellaneous":""},"schema":{"@context":"https:\/\/schema.org","@graph":[{"@type":"BreadcrumbList","@id":"https:\/\/candas365.es\/noticias\/luis-enrique-vio-a-espana-a-la-altura-en-la-liga-de-naciones\/#breadcrumblist","itemListElement":[{"@type":"ListItem","@id":"https:\/\/candas365.es\/noticias#listItem","position":1,"name":"Home","item":"https:\/\/candas365.es\/noticias","nextItem":{"@type":"ListItem","@id":"https:\/\/candas365.es\/noticias\/category\/deporte\/#listItem","name":"Deporte"}},{"@type":"ListItem","@id":"https:\/\/candas365.es\/noticias\/category\/deporte\/#listItem","position":2,"name":"Deporte","item":"https:\/\/candas365.es\/noticias\/category\/deporte\/","nextItem":{"@type":"ListItem","@id":"https:\/\/candas365.es\/noticias\/luis-enrique-vio-a-espana-a-la-altura-en-la-liga-de-naciones\/#listItem","name":"Luis Enrique vio a Espa\u00f1a \u00aba la altura\u00bb en la Liga de Naciones"},"previousItem":{"@type":"ListItem","@id":"https:\/\/candas365.es\/noticias#listItem","name":"Home"}},{"@type":"ListItem","@id":"https:\/\/candas365.es\/noticias\/luis-enrique-vio-a-espana-a-la-altura-en-la-liga-de-naciones\/#listItem","position":3,"name":"Luis Enrique vio a Espa\u00f1a \u00aba la altura\u00bb en la Liga de Naciones","previousItem":{"@type":"ListItem","@id":"https:\/\/candas365.es\/noticias\/category\/deporte\/#listItem","name":"Deporte"}}]},{"@type":"NewsArticle","@id":"https:\/\/candas365.es\/noticias\/luis-enrique-vio-a-espana-a-la-altura-en-la-liga-de-naciones\/#newsarticle","name":"Luis Enrique vio a Espa\u00f1a \u00aba la altura\u00bb en la Liga de Naciones | Cand\u00e1s 365","headline":"Luis Enrique vio a Espa\u00f1a \u00aba la altura\u00bb en la Liga de Naciones","author":{"@id":"https:\/\/candas365.es\/noticias\/author\/admin\/#author"},"publisher":{"@id":"https:\/\/candas365.es\/noticias\/#organization"},"image":{"@type":"ImageObject","url":"https:\/\/candas365.es\/noticias\/wp-content\/uploads\/2018\/06\/football-1406106_960_720.jpg","width":960,"height":643},"datePublished":"2018-11-19T14:33:24+01:00","dateModified":"2018-11-19T14:33:24+01:00","inLanguage":"es-ES","mainEntityOfPage":{"@id":"https:\/\/candas365.es\/noticias\/luis-enrique-vio-a-espana-a-la-altura-en-la-liga-de-naciones\/#webpage"},"isPartOf":{"@id":"https:\/\/candas365.es\/noticias\/luis-enrique-vio-a-espana-a-la-altura-en-la-liga-de-naciones\/#webpage"},"articleSection":"Deporte","dateline":"Publicado el noviembre 19, 2018."},{"@type":"Organization","@id":"https:\/\/candas365.es\/noticias\/#organization","name":"Cand\u00e1s 365","description":"Cand\u00e1s 365 es un diario digital independiente, fundado en 2012, con base en Asturias. Informamos con rigor sobre actualidad, sociedad, cultura y ocio, con una mirada local y global.","url":"https:\/\/candas365.es\/noticias\/","email":"info@candas365.es","telephone":"+34652131393","foundingDate":"2012-06-10","logo":{"@type":"ImageObject","url":"https:\/\/candas365.es\/noticias\/wp-content\/uploads\/2024\/09\/Candas-365-Redes.jpg","@id":"https:\/\/candas365.es\/noticias\/luis-enrique-vio-a-espana-a-la-altura-en-la-liga-de-naciones\/#organizationLogo","width":1152,"height":864,"caption":"Cand\u00e1s 365 Redes"},"image":{"@id":"https:\/\/candas365.es\/noticias\/luis-enrique-vio-a-espana-a-la-altura-en-la-liga-de-naciones\/#organizationLogo"},"sameAs":["https:\/\/www.facebook.com\/Nachofdezber","https:\/\/x.com\/NabercoDigital","https:\/\/www.instagram.com\/nachofdezber\/","https:\/\/www.youtube.com\/channel\/UCZP-2wLEB9Rv6erhFmqVnvg"],"address":{"@id":"https:\/\/candas365.es\/noticias\/#postaladdress","@type":"PostalAddress","streetAddress":"san antonio 4, san antonio 4","postalCode":"33430","addressLocality":"Cand\u00e1s","addressRegion":"Asturias","addressCountry":"ES"}},{"@type":"Person","@id":"https:\/\/candas365.es\/noticias\/author\/admin\/#author","url":"https:\/\/candas365.es\/noticias\/author\/admin\/","name":"Cand\u00e1s 365","image":{"@type":"ImageObject","@id":"https:\/\/candas365.es\/noticias\/luis-enrique-vio-a-espana-a-la-altura-en-la-liga-de-naciones\/#authorImage","url":"https:\/\/secure.gravatar.com\/avatar\/496a8e03d0c493ede1718b7934145dbdf8d89be1036b0eec9544e1094c9de390?s=96&d=mm&r=g","width":96,"height":96,"caption":"Cand\u00e1s 365"},"sameAs":["https:\/\/www.facebook.com\/carrenoactualidad","https:\/\/twitter.com\/nbasturias","https:\/\/www.instagram.com\/nachofdezber\/","https:\/\/www.youtube.com\/channel\/UCZP-2wLEB9Rv6erhFmqVnvg"]},{"@type":"WebPage","@id":"https:\/\/candas365.es\/noticias\/luis-enrique-vio-a-espana-a-la-altura-en-la-liga-de-naciones\/#webpage","url":"https:\/\/candas365.es\/noticias\/luis-enrique-vio-a-espana-a-la-altura-en-la-liga-de-naciones\/","name":"Luis Enrique vio a Espa\u00f1a \u00aba la altura\u00bb en la Liga de Naciones | Cand\u00e1s 365","description":"Las Palmas de Gran Canaria (Espa\u00f1a), 18 nov (dpa) - El seleccionador espa\u00f1ol, Luis Enrique, asegur\u00f3 hoy que su equipo estuvo \"a la altura\" en la Liga de Naciones a pesar de no entrar en la \"Final Four\" y achac\u00f3 tal destino a la \"mala fortuna\" y errores propios. \"Esper\u00e1bamos estar en la 'Final Four',","inLanguage":"es-ES","isPartOf":{"@id":"https:\/\/candas365.es\/noticias\/#website"},"breadcrumb":{"@id":"https:\/\/candas365.es\/noticias\/luis-enrique-vio-a-espana-a-la-altura-en-la-liga-de-naciones\/#breadcrumblist"},"author":{"@id":"https:\/\/candas365.es\/noticias\/author\/admin\/#author"},"creator":{"@id":"https:\/\/candas365.es\/noticias\/author\/admin\/#author"},"image":{"@type":"ImageObject","url":"https:\/\/candas365.es\/noticias\/wp-content\/uploads\/2018\/06\/football-1406106_960_720.jpg","@id":"https:\/\/candas365.es\/noticias\/luis-enrique-vio-a-espana-a-la-altura-en-la-liga-de-naciones\/#mainImage","width":960,"height":643},"primaryImageOfPage":{"@id":"https:\/\/candas365.es\/noticias\/luis-enrique-vio-a-espana-a-la-altura-en-la-liga-de-naciones\/#mainImage"},"datePublished":"2018-11-19T14:33:24+01:00","dateModified":"2018-11-19T14:33:24+01:00"},{"@type":"WebSite","@id":"https:\/\/candas365.es\/noticias\/#website","url":"https:\/\/candas365.es\/noticias\/","name":"Cand\u00e1s 365","alternateName":"Cand\u00e1s 365 Noticias","description":"Actualidad desde Carre\u00f1o para el mundo","inLanguage":"es-ES","publisher":{"@id":"https:\/\/candas365.es\/noticias\/#organization"}}]},"og:locale":"es_ES","og:site_name":"Cand\u00e1s 365","og:type":"article","og:title":"Luis Enrique vio a Espa\u00f1a \u00aba la altura\u00bb en la Liga de Naciones | Cand\u00e1s 365","og:description":"Las Palmas de Gran Canaria (Espa\u00f1a), 18 nov (dpa) - El seleccionador espa\u00f1ol, Luis Enrique, asegur\u00f3 hoy que su equipo estuvo &quot;a la altura&quot; en la Liga de Naciones a pesar de no entrar en la &quot;Final Four&quot; y achac\u00f3 tal destino a la &quot;mala fortuna&quot; y errores propios. &quot;Esper\u00e1bamos estar en la 'Final Four',","og:url":"https:\/\/candas365.es\/noticias\/luis-enrique-vio-a-espana-a-la-altura-en-la-liga-de-naciones\/","og:image":"https:\/\/candas365.es\/noticias\/wp-content\/uploads\/2018\/06\/football-1406106_960_720.jpg","og:image:secure_url":"https:\/\/candas365.es\/noticias\/wp-content\/uploads\/2018\/06\/football-1406106_960_720.jpg","og:image:width":960,"og:image:height":643,"article:published_time":"2018-11-19T14:33:24+00:00","article:modified_time":"2018-11-19T14:33:24+00:00","article:publisher":"https:\/\/www.facebook.com\/Nachofdezber","article:author":"https:\/\/www.facebook.com\/carrenoactualidad","twitter:card":"summary_large_image","twitter:site":"@NabercoDigital","twitter:title":"Luis Enrique vio a Espa\u00f1a \u00aba la altura\u00bb en la Liga de Naciones | Cand\u00e1s 365","twitter:description":"Las Palmas de Gran Canaria (Espa\u00f1a), 18 nov (dpa) - El seleccionador espa\u00f1ol, Luis Enrique, asegur\u00f3 hoy que su equipo estuvo &quot;a la altura&quot; en la Liga de Naciones a pesar de no entrar en la &quot;Final Four&quot; y achac\u00f3 tal destino a la &quot;mala fortuna&quot; y errores propios. &quot;Esper\u00e1bamos estar en la 'Final Four',","twitter:creator":"@nbasturias","twitter:image":"https:\/\/candas365.es\/noticias\/wp-content\/uploads\/2018\/06\/football-1406106_960_720.jpg","twitter:label1":"Escrito por","twitter:data1":"Cand\u00e1s 365","twitter:label2":"Tiempo de lectura estimado","twitter:data2":"1 minuto"},"aioseo_meta_data":{"post_id":"110149","title":null,"description":null,"keywords":null,"keyphrases":null,"primary_term":null,"canonical_url":null,"og_title":null,"og_description":null,"og_object_type":"default","og_image_type":"default","og_image_url":null,"og_image_width":null,"og_image_height":null,"og_image_custom_url":null,"og_image_custom_fields":null,"og_video":null,"og_custom_url":null,"og_article_section":null,"og_article_tags":null,"twitter_use_og":false,"twitter_card":"default","twitter_image_type":"default","twitter_image_url":null,"twitter_image_custom_url":null,"twitter_image_custom_fields":null,"twitter_title":null,"twitter_description":null,"schema":{"blockGraphs":[],"customGraphs":[],"default":{"data":{"Article":[],"Course":[],"Dataset":[],"FAQPage":[],"Movie":[],"Person":[],"Product":[],"ProductReview":[],"Car":[],"Recipe":[],"Service":[],"SoftwareApplication":[],"WebPage":[]},"graphName":"","isEnabled":true},"graphs":[],"defaultGraph":"","defaultPostTypeGraph":""},"schema_type":null,"schema_type_options":null,"pillar_content":false,"robots_default":true,"robots_noindex":false,"robots_noarchive":false,"robots_nosnippet":false,"robots_nofollow":false,"robots_noimageindex":false,"robots_noodp":false,"robots_notranslate":false,"robots_max_snippet":null,"robots_max_videopreview":null,"robots_max_imagepreview":"large","priority":null,"frequency":null,"location":null,"local_seo":null,"seo_analyzer_scan_date":"2025-08-28 11:48:22","breadcrumb_settings":null,"limit_modified_date":false,"reviewed_by":null,"open_ai":null,"ai":null,"created":"2020-12-21 11:38:47","updated":"2025-08-28 11:48:22"},"aioseo_breadcrumb":"<div class=\"aioseo-breadcrumbs\"><span class=\"aioseo-breadcrumb\">\n\t<a href=\"https:\/\/candas365.es\/noticias\" title=\"Home\">Home<\/a>\n<\/span><span class=\"aioseo-breadcrumb-separator\">&ndash;<\/span><span class=\"aioseo-breadcrumb\">\n\t<a href=\"https:\/\/candas365.es\/noticias\/category\/deporte\/\" title=\"Deporte\">Deporte<\/a>\n<\/span><span class=\"aioseo-breadcrumb-separator\">&ndash;<\/span><span class=\"aioseo-breadcrumb\">\n\tLuis Enrique vio a Espa\u00f1a \u00aba la altura\u00bb en la Liga de Naciones\n<\/span><\/div>","aioseo_breadcrumb_json":[{"label":"Home","link":"https:\/\/candas365.es\/noticias"},{"label":"Deporte","link":"https:\/\/candas365.es\/noticias\/category\/deporte\/"},{"label":"Luis Enrique vio a Espa\u00f1a \u00aba la altura\u00bb en la Liga de Naciones","link":"https:\/\/candas365.es\/noticias\/luis-enrique-vio-a-espana-a-la-altura-en-la-liga-de-naciones\/"}],"_links":{"self":[{"href":"https:\/\/candas365.es\/noticias\/wp-json\/wp\/v2\/posts\/110149","targetHints":{"allow":["GET"]}}],"collection":[{"href":"https:\/\/candas365.es\/noticias\/wp-json\/wp\/v2\/posts"}],"about":[{"href":"https:\/\/candas365.es\/noticias\/wp-json\/wp\/v2\/types\/post"}],"author":[{"embeddable":true,"href":"https:\/\/candas365.es\/noticias\/wp-json\/wp\/v2\/users\/1"}],"replies":[{"embeddable":true,"href":"https:\/\/candas365.es\/noticias\/wp-json\/wp\/v2\/comments?post=110149"}],"version-history":[{"count":0,"href":"https:\/\/candas365.es\/noticias\/wp-json\/wp\/v2\/posts\/110149\/revisions"}],"wp:featuredmedia":[{"embeddable":true,"href":"https:\/\/candas365.es\/noticias\/wp-json\/wp\/v2\/media\/98004"}],"wp:attachment":[{"href":"https:\/\/candas365.es\/noticias\/wp-json\/wp\/v2\/media?parent=110149"}],"wp:term":[{"taxonomy":"category","embeddable":true,"href":"https:\/\/candas365.es\/noticias\/wp-json\/wp\/v2\/categories?post=110149"},{"taxonomy":"post_tag","embeddable":true,"href":"https:\/\/candas365.es\/noticias\/wp-json\/wp\/v2\/tags?post=110149"}],"curies":[{"name":"wp","href":"https:\/\/api.w.org\/{rel}","templated":true}]}}