{"id":110141,"date":"2018-11-19T13:21:58","date_gmt":"2018-11-19T13:21:58","guid":{"rendered":"http:\/\/candas365.es\/noticias\/?p=110141"},"modified":"2018-11-19T13:21:58","modified_gmt":"2018-11-19T13:21:58","slug":"sophia-florsch-sufre-un-espectacular-accidente-en-macao","status":"publish","type":"post","link":"https:\/\/candas365.es\/noticias\/sophia-florsch-sufre-un-espectacular-accidente-en-macao\/","title":{"rendered":"Sophia Fl\u00f6rsch sufre un espectacular accidente en Macao"},"content":{"rendered":"<p><img fetchpriority=\"high\" decoding=\"async\" class=\"alignleft size-medium wp-image-98200\" src=\"https:\/\/candas365.es\/noticias\/wp-content\/uploads\/2018\/06\/flag-1645262_960_720-360x239.jpg\" alt=\"\" width=\"360\" height=\"239\" srcset=\"https:\/\/candas365.es\/noticias\/wp-content\/uploads\/2018\/06\/flag-1645262_960_720-360x239.jpg 360w, https:\/\/candas365.es\/noticias\/wp-content\/uploads\/2018\/06\/flag-1645262_960_720-768x510.jpg 768w, https:\/\/candas365.es\/noticias\/wp-content\/uploads\/2018\/06\/flag-1645262_960_720-655x435.jpg 655w, https:\/\/candas365.es\/noticias\/wp-content\/uploads\/2018\/06\/flag-1645262_960_720-696x463.jpg 696w, https:\/\/candas365.es\/noticias\/wp-content\/uploads\/2018\/06\/flag-1645262_960_720-632x420.jpg 632w, https:\/\/candas365.es\/noticias\/wp-content\/uploads\/2018\/06\/flag-1645262_960_720.jpg 960w\" sizes=\"(max-width: 360px) 100vw, 360px\" \/>Macao, 18 nov (dpa) &#8211; La piloto alemana de 17 a\u00f1os Sophia Fl\u00f6rsch sufri\u00f3 hoy un espectacular accidente cuando iba a 280 kil\u00f3metros por hora en el Gran Premio de F\u00f3rmula 3 de Macao y se fractur\u00f3 la columna vertebral, pero en los primeros ex\u00e1menes m\u00e9dicos no presentaba signos de par\u00e1lisis.<\/p>\n<p>\u00abQuer\u00eda deciros que estoy bien y que ma\u00f1ana por la ma\u00f1ana me operar\u00e1n\u00bb, escribi\u00f3 la joven piloto en Twitter tras ingresar en el Hospital General Conde S. Januario de Macao. \u00abGracias a todos por los mensajes de apoyo\u00bb.<\/p>\n<p>Los organizadores de la prueba comunicaron que Fl\u00f6rsch sufri\u00f3 una fractura en la columna vertebral y que est\u00e1 consciente y estable.<\/p>\n<p>El padre de la piloto asegur\u00f3 a la agencia dpa que a pesar de la fractura en la columna vertebral, su hija puede mover todas las partes de su cuerpo.<\/p>\n<p>Fl\u00f6rsch, del equipo Van Amersfoort, perdi\u00f3 el control de su b\u00f3lido en la vuelta 4 de la prueba final de la F\u00f3rmula 3 con tan mala suerte que choc\u00f3 contra el coche de Sho Tsuboi antes de salir catapultada. La alemana vol\u00f3 m\u00e1s all\u00e1 de las barreras de seguridad y choc\u00f3 contra una valla. Por ahora se desconocen las causas del accidente.<\/p>\n<p>Otras cuatro personas resultaron heridas: el piloto Tsuboi ten\u00eda dolores lumbares, un fot\u00f3grafo se quej\u00f3 de dolores en el h\u00edgado, mientras que otro fot\u00f3grafo y un operario de la pista sufrieron traumatismos y cortes en la cara. Adem\u00e1s, el operario sufri\u00f3 una fractura en la mand\u00edbula.<\/p>\n<p>La carrera se detuvo tras el accidente y se reanud\u00f3 una hora despu\u00e9s. El ganador fue el piloto brit\u00e1nico Daniel Ticktum.<\/p>\n<p>Fl\u00f6rsch, que cumplir\u00e1 18 a\u00f1os el 1 de diciembre, est\u00e1 compitiendo en su primera temporada en la F\u00f3rmula 3 junior. Iba d\u00e9cimo quinta en la carrera cuando ocurri\u00f3 el accidente.<\/p>\n<p>El Gran Premio de Macao se disputa por las estrechas calles de la ciudad y es conocido por su peligrosidad. El a\u00f1o pasado muri\u00f3 un piloto durante la carrera.<\/p>\n<p><i class=\"lang-es\"><span class=\" readonly\" title=\"\">Por Arno Wester (dpa)<\/span><\/i><\/p>\n","protected":false},"excerpt":{"rendered":"<p>Macao, 18 nov (dpa) &#8211; La piloto alemana de 17 a\u00f1os Sophia Fl\u00f6rsch sufri\u00f3 hoy un espectacular accidente cuando iba a 280 kil\u00f3metros por hora en el Gran Premio de F\u00f3rmula 3 de Macao y se fractur\u00f3 la columna vertebral, pero en los primeros ex\u00e1menes m\u00e9dicos no presentaba signos de par\u00e1lisis. \u00abQuer\u00eda deciros que estoy<\/p>\n","protected":false},"author":1,"featured_media":98200,"comment_status":"closed","ping_status":"closed","sticky":false,"template":"","format":"standard","meta":{"footnotes":""},"categories":[319],"tags":[],"class_list":{"0":"post-110141","1":"post","2":"type-post","3":"status-publish","4":"format-standard","5":"has-post-thumbnail","7":"category-deporte"},"aioseo_notices":[],"aioseo_head":"\n\t\t<!-- All in One SEO Pro 4.9.6.2 - aioseo.com -->\n\t<meta name=\"description\" content=\"Macao, 18 nov (dpa) - La piloto alemana de 17 a\u00f1os Sophia Fl\u00f6rsch sufri\u00f3 hoy un espectacular accidente cuando iba a 280 kil\u00f3metros por hora en el Gran Premio de F\u00f3rmula 3 de Macao y se fractur\u00f3 la columna vertebral, pero en los primeros ex\u00e1menes m\u00e9dicos no presentaba signos de par\u00e1lisis. &quot;Quer\u00eda deciros que estoy\" \/>\n\t<meta name=\"robots\" content=\"max-image-preview:large\" \/>\n\t<meta name=\"author\" content=\"Cand\u00e1s 365\"\/>\n\t<meta name=\"google-site-verification\" content=\"UA-32230408-1\" \/>\n\t<meta name=\"msvalidate.01\" content=\"354F3CDFB2DA171B47FBE9ABF1F88D5\" \/>\n\t<meta name=\"keywords\" content=\"deporte\" \/>\n\t<link rel=\"canonical\" href=\"https:\/\/candas365.es\/noticias\/sophia-florsch-sufre-un-espectacular-accidente-en-macao\/\" \/>\n\t<meta name=\"generator\" content=\"All in One SEO Pro (AIOSEO) 4.9.6.2\" \/>\n\t\t<meta property=\"og:locale\" content=\"es_ES\" \/>\n\t\t<meta property=\"og:site_name\" content=\"Cand\u00e1s 365\" \/>\n\t\t<meta property=\"og:type\" content=\"article\" \/>\n\t\t<meta property=\"og:title\" content=\"Sophia Fl\u00f6rsch sufre un espectacular accidente en Macao | Cand\u00e1s 365\" \/>\n\t\t<meta property=\"og:description\" content=\"Macao, 18 nov (dpa) - La piloto alemana de 17 a\u00f1os Sophia Fl\u00f6rsch sufri\u00f3 hoy un espectacular accidente cuando iba a 280 kil\u00f3metros por hora en el Gran Premio de F\u00f3rmula 3 de Macao y se fractur\u00f3 la columna vertebral, pero en los primeros ex\u00e1menes m\u00e9dicos no presentaba signos de par\u00e1lisis. &quot;Quer\u00eda deciros que estoy\" \/>\n\t\t<meta property=\"og:url\" content=\"https:\/\/candas365.es\/noticias\/sophia-florsch-sufre-un-espectacular-accidente-en-macao\/\" \/>\n\t\t<meta property=\"og:image\" content=\"https:\/\/candas365.es\/noticias\/wp-content\/uploads\/2018\/06\/flag-1645262_960_720.jpg\" \/>\n\t\t<meta property=\"og:image:secure_url\" content=\"https:\/\/candas365.es\/noticias\/wp-content\/uploads\/2018\/06\/flag-1645262_960_720.jpg\" \/>\n\t\t<meta property=\"og:image:width\" content=\"960\" \/>\n\t\t<meta property=\"og:image:height\" content=\"638\" \/>\n\t\t<meta property=\"article:published_time\" content=\"2018-11-19T13:21:58+00:00\" \/>\n\t\t<meta property=\"article:modified_time\" content=\"2018-11-19T13:21:58+00:00\" \/>\n\t\t<meta property=\"article:publisher\" content=\"https:\/\/www.facebook.com\/Nachofdezber\" \/>\n\t\t<meta property=\"article:author\" content=\"https:\/\/www.facebook.com\/carrenoactualidad\" \/>\n\t\t<meta name=\"twitter:card\" content=\"summary_large_image\" \/>\n\t\t<meta name=\"twitter:site\" content=\"@NabercoDigital\" \/>\n\t\t<meta name=\"twitter:title\" content=\"Sophia Fl\u00f6rsch sufre un espectacular accidente en Macao | Cand\u00e1s 365\" \/>\n\t\t<meta name=\"twitter:description\" content=\"Macao, 18 nov (dpa) - La piloto alemana de 17 a\u00f1os Sophia Fl\u00f6rsch sufri\u00f3 hoy un espectacular accidente cuando iba a 280 kil\u00f3metros por hora en el Gran Premio de F\u00f3rmula 3 de Macao y se fractur\u00f3 la columna vertebral, pero en los primeros ex\u00e1menes m\u00e9dicos no presentaba signos de par\u00e1lisis. &quot;Quer\u00eda deciros que estoy\" \/>\n\t\t<meta name=\"twitter:creator\" content=\"@nbasturias\" \/>\n\t\t<meta name=\"twitter:image\" content=\"https:\/\/candas365.es\/noticias\/wp-content\/uploads\/2018\/06\/flag-1645262_960_720.jpg\" \/>\n\t\t<meta name=\"twitter:label1\" content=\"Escrito por\" \/>\n\t\t<meta name=\"twitter:data1\" content=\"Cand\u00e1s 365\" \/>\n\t\t<meta name=\"twitter:label2\" content=\"Tiempo de lectura estimado\" \/>\n\t\t<meta name=\"twitter:data2\" content=\"2 minutos\" \/>\n\t\t<script type=\"application\/ld+json\" class=\"aioseo-schema\">\n\t\t\t{\"@context\":\"https:\\\/\\\/schema.org\",\"@graph\":[{\"@type\":\"BreadcrumbList\",\"@id\":\"https:\\\/\\\/candas365.es\\\/noticias\\\/sophia-florsch-sufre-un-espectacular-accidente-en-macao\\\/#breadcrumblist\",\"itemListElement\":[{\"@type\":\"ListItem\",\"@id\":\"https:\\\/\\\/candas365.es\\\/noticias#listItem\",\"position\":1,\"name\":\"Home\",\"item\":\"https:\\\/\\\/candas365.es\\\/noticias\",\"nextItem\":{\"@type\":\"ListItem\",\"@id\":\"https:\\\/\\\/candas365.es\\\/noticias\\\/category\\\/deporte\\\/#listItem\",\"name\":\"Deporte\"}},{\"@type\":\"ListItem\",\"@id\":\"https:\\\/\\\/candas365.es\\\/noticias\\\/category\\\/deporte\\\/#listItem\",\"position\":2,\"name\":\"Deporte\",\"item\":\"https:\\\/\\\/candas365.es\\\/noticias\\\/category\\\/deporte\\\/\",\"nextItem\":{\"@type\":\"ListItem\",\"@id\":\"https:\\\/\\\/candas365.es\\\/noticias\\\/sophia-florsch-sufre-un-espectacular-accidente-en-macao\\\/#listItem\",\"name\":\"Sophia Fl\\u00f6rsch sufre un espectacular accidente en Macao\"},\"previousItem\":{\"@type\":\"ListItem\",\"@id\":\"https:\\\/\\\/candas365.es\\\/noticias#listItem\",\"name\":\"Home\"}},{\"@type\":\"ListItem\",\"@id\":\"https:\\\/\\\/candas365.es\\\/noticias\\\/sophia-florsch-sufre-un-espectacular-accidente-en-macao\\\/#listItem\",\"position\":3,\"name\":\"Sophia Fl\\u00f6rsch sufre un espectacular accidente en Macao\",\"previousItem\":{\"@type\":\"ListItem\",\"@id\":\"https:\\\/\\\/candas365.es\\\/noticias\\\/category\\\/deporte\\\/#listItem\",\"name\":\"Deporte\"}}]},{\"@type\":\"NewsArticle\",\"@id\":\"https:\\\/\\\/candas365.es\\\/noticias\\\/sophia-florsch-sufre-un-espectacular-accidente-en-macao\\\/#newsarticle\",\"name\":\"Sophia Fl\\u00f6rsch sufre un espectacular accidente en Macao | Cand\\u00e1s 365\",\"headline\":\"Sophia Fl\\u00f6rsch sufre un espectacular accidente en Macao\",\"author\":{\"@id\":\"https:\\\/\\\/candas365.es\\\/noticias\\\/author\\\/admin\\\/#author\"},\"publisher\":{\"@id\":\"https:\\\/\\\/candas365.es\\\/noticias\\\/#organization\"},\"image\":{\"@type\":\"ImageObject\",\"url\":\"https:\\\/\\\/candas365.es\\\/noticias\\\/wp-content\\\/uploads\\\/2018\\\/06\\\/flag-1645262_960_720.jpg\",\"width\":960,\"height\":638},\"datePublished\":\"2018-11-19T13:21:58+01:00\",\"dateModified\":\"2018-11-19T13:21:58+01:00\",\"inLanguage\":\"es-ES\",\"mainEntityOfPage\":{\"@id\":\"https:\\\/\\\/candas365.es\\\/noticias\\\/sophia-florsch-sufre-un-espectacular-accidente-en-macao\\\/#webpage\"},\"isPartOf\":{\"@id\":\"https:\\\/\\\/candas365.es\\\/noticias\\\/sophia-florsch-sufre-un-espectacular-accidente-en-macao\\\/#webpage\"},\"articleSection\":\"Deporte\",\"dateline\":\"Publicado el noviembre 19, 2018.\"},{\"@type\":\"Organization\",\"@id\":\"https:\\\/\\\/candas365.es\\\/noticias\\\/#organization\",\"name\":\"Cand\\u00e1s 365\",\"description\":\"Cand\\u00e1s 365 es un diario digital independiente, fundado en 2012, con base en Asturias. Informamos con rigor sobre actualidad, sociedad, cultura y ocio, con una mirada local y global.\",\"url\":\"https:\\\/\\\/candas365.es\\\/noticias\\\/\",\"email\":\"info@candas365.es\",\"telephone\":\"+34652131393\",\"foundingDate\":\"2012-06-10\",\"logo\":{\"@type\":\"ImageObject\",\"url\":\"https:\\\/\\\/candas365.es\\\/noticias\\\/wp-content\\\/uploads\\\/2024\\\/09\\\/Candas-365-Redes.jpg\",\"@id\":\"https:\\\/\\\/candas365.es\\\/noticias\\\/sophia-florsch-sufre-un-espectacular-accidente-en-macao\\\/#organizationLogo\",\"width\":1152,\"height\":864,\"caption\":\"Cand\\u00e1s 365 Redes\"},\"image\":{\"@id\":\"https:\\\/\\\/candas365.es\\\/noticias\\\/sophia-florsch-sufre-un-espectacular-accidente-en-macao\\\/#organizationLogo\"},\"sameAs\":[\"https:\\\/\\\/www.facebook.com\\\/Nachofdezber\",\"https:\\\/\\\/x.com\\\/NabercoDigital\",\"https:\\\/\\\/www.instagram.com\\\/nachofdezber\\\/\",\"https:\\\/\\\/www.youtube.com\\\/channel\\\/UCZP-2wLEB9Rv6erhFmqVnvg\"],\"address\":{\"@id\":\"https:\\\/\\\/candas365.es\\\/noticias\\\/#postaladdress\",\"@type\":\"PostalAddress\",\"streetAddress\":\"san antonio 4, san antonio 4\",\"postalCode\":\"33430\",\"addressLocality\":\"Cand\\u00e1s\",\"addressRegion\":\"Asturias\",\"addressCountry\":\"ES\"}},{\"@type\":\"Person\",\"@id\":\"https:\\\/\\\/candas365.es\\\/noticias\\\/author\\\/admin\\\/#author\",\"url\":\"https:\\\/\\\/candas365.es\\\/noticias\\\/author\\\/admin\\\/\",\"name\":\"Cand\\u00e1s 365\",\"image\":{\"@type\":\"ImageObject\",\"@id\":\"https:\\\/\\\/candas365.es\\\/noticias\\\/sophia-florsch-sufre-un-espectacular-accidente-en-macao\\\/#authorImage\",\"url\":\"https:\\\/\\\/secure.gravatar.com\\\/avatar\\\/496a8e03d0c493ede1718b7934145dbdf8d89be1036b0eec9544e1094c9de390?s=96&d=mm&r=g\",\"width\":96,\"height\":96,\"caption\":\"Cand\\u00e1s 365\"},\"sameAs\":[\"https:\\\/\\\/www.facebook.com\\\/carrenoactualidad\",\"https:\\\/\\\/twitter.com\\\/nbasturias\",\"https:\\\/\\\/www.instagram.com\\\/nachofdezber\\\/\",\"https:\\\/\\\/www.youtube.com\\\/channel\\\/UCZP-2wLEB9Rv6erhFmqVnvg\"]},{\"@type\":\"WebPage\",\"@id\":\"https:\\\/\\\/candas365.es\\\/noticias\\\/sophia-florsch-sufre-un-espectacular-accidente-en-macao\\\/#webpage\",\"url\":\"https:\\\/\\\/candas365.es\\\/noticias\\\/sophia-florsch-sufre-un-espectacular-accidente-en-macao\\\/\",\"name\":\"Sophia Fl\\u00f6rsch sufre un espectacular accidente en Macao | Cand\\u00e1s 365\",\"description\":\"Macao, 18 nov (dpa) - La piloto alemana de 17 a\\u00f1os Sophia Fl\\u00f6rsch sufri\\u00f3 hoy un espectacular accidente cuando iba a 280 kil\\u00f3metros por hora en el Gran Premio de F\\u00f3rmula 3 de Macao y se fractur\\u00f3 la columna vertebral, pero en los primeros ex\\u00e1menes m\\u00e9dicos no presentaba signos de par\\u00e1lisis. \\\"Quer\\u00eda deciros que estoy\",\"inLanguage\":\"es-ES\",\"isPartOf\":{\"@id\":\"https:\\\/\\\/candas365.es\\\/noticias\\\/#website\"},\"breadcrumb\":{\"@id\":\"https:\\\/\\\/candas365.es\\\/noticias\\\/sophia-florsch-sufre-un-espectacular-accidente-en-macao\\\/#breadcrumblist\"},\"author\":{\"@id\":\"https:\\\/\\\/candas365.es\\\/noticias\\\/author\\\/admin\\\/#author\"},\"creator\":{\"@id\":\"https:\\\/\\\/candas365.es\\\/noticias\\\/author\\\/admin\\\/#author\"},\"image\":{\"@type\":\"ImageObject\",\"url\":\"https:\\\/\\\/candas365.es\\\/noticias\\\/wp-content\\\/uploads\\\/2018\\\/06\\\/flag-1645262_960_720.jpg\",\"@id\":\"https:\\\/\\\/candas365.es\\\/noticias\\\/sophia-florsch-sufre-un-espectacular-accidente-en-macao\\\/#mainImage\",\"width\":960,\"height\":638},\"primaryImageOfPage\":{\"@id\":\"https:\\\/\\\/candas365.es\\\/noticias\\\/sophia-florsch-sufre-un-espectacular-accidente-en-macao\\\/#mainImage\"},\"datePublished\":\"2018-11-19T13:21:58+01:00\",\"dateModified\":\"2018-11-19T13:21:58+01:00\"},{\"@type\":\"WebSite\",\"@id\":\"https:\\\/\\\/candas365.es\\\/noticias\\\/#website\",\"url\":\"https:\\\/\\\/candas365.es\\\/noticias\\\/\",\"name\":\"Cand\\u00e1s 365\",\"alternateName\":\"Cand\\u00e1s 365 Noticias\",\"description\":\"Actualidad desde Carre\\u00f1o para el mundo\",\"inLanguage\":\"es-ES\",\"publisher\":{\"@id\":\"https:\\\/\\\/candas365.es\\\/noticias\\\/#organization\"}}]}\n\t\t<\/script>\n\t\t<!-- All in One SEO Pro -->\r\n\t\t<title>Sophia Fl\u00f6rsch sufre un espectacular accidente en Macao | Cand\u00e1s 365<\/title>\n\n","aioseo_head_json":{"title":"Sophia Fl\u00f6rsch sufre un espectacular accidente en Macao | Cand\u00e1s 365","description":"Macao, 18 nov (dpa) - La piloto alemana de 17 a\u00f1os Sophia Fl\u00f6rsch sufri\u00f3 hoy un espectacular accidente cuando iba a 280 kil\u00f3metros por hora en el Gran Premio de F\u00f3rmula 3 de Macao y se fractur\u00f3 la columna vertebral, pero en los primeros ex\u00e1menes m\u00e9dicos no presentaba signos de par\u00e1lisis. \"Quer\u00eda deciros que estoy","canonical_url":"https:\/\/candas365.es\/noticias\/sophia-florsch-sufre-un-espectacular-accidente-en-macao\/","robots":"max-image-preview:large","keywords":"deporte","webmasterTools":{"google-site-verification":"UA-32230408-1","msvalidate.01":"354F3CDFB2DA171B47FBE9ABF1F88D5","miscellaneous":""},"schema":{"@context":"https:\/\/schema.org","@graph":[{"@type":"BreadcrumbList","@id":"https:\/\/candas365.es\/noticias\/sophia-florsch-sufre-un-espectacular-accidente-en-macao\/#breadcrumblist","itemListElement":[{"@type":"ListItem","@id":"https:\/\/candas365.es\/noticias#listItem","position":1,"name":"Home","item":"https:\/\/candas365.es\/noticias","nextItem":{"@type":"ListItem","@id":"https:\/\/candas365.es\/noticias\/category\/deporte\/#listItem","name":"Deporte"}},{"@type":"ListItem","@id":"https:\/\/candas365.es\/noticias\/category\/deporte\/#listItem","position":2,"name":"Deporte","item":"https:\/\/candas365.es\/noticias\/category\/deporte\/","nextItem":{"@type":"ListItem","@id":"https:\/\/candas365.es\/noticias\/sophia-florsch-sufre-un-espectacular-accidente-en-macao\/#listItem","name":"Sophia Fl\u00f6rsch sufre un espectacular accidente en Macao"},"previousItem":{"@type":"ListItem","@id":"https:\/\/candas365.es\/noticias#listItem","name":"Home"}},{"@type":"ListItem","@id":"https:\/\/candas365.es\/noticias\/sophia-florsch-sufre-un-espectacular-accidente-en-macao\/#listItem","position":3,"name":"Sophia Fl\u00f6rsch sufre un espectacular accidente en Macao","previousItem":{"@type":"ListItem","@id":"https:\/\/candas365.es\/noticias\/category\/deporte\/#listItem","name":"Deporte"}}]},{"@type":"NewsArticle","@id":"https:\/\/candas365.es\/noticias\/sophia-florsch-sufre-un-espectacular-accidente-en-macao\/#newsarticle","name":"Sophia Fl\u00f6rsch sufre un espectacular accidente en Macao | Cand\u00e1s 365","headline":"Sophia Fl\u00f6rsch sufre un espectacular accidente en Macao","author":{"@id":"https:\/\/candas365.es\/noticias\/author\/admin\/#author"},"publisher":{"@id":"https:\/\/candas365.es\/noticias\/#organization"},"image":{"@type":"ImageObject","url":"https:\/\/candas365.es\/noticias\/wp-content\/uploads\/2018\/06\/flag-1645262_960_720.jpg","width":960,"height":638},"datePublished":"2018-11-19T13:21:58+01:00","dateModified":"2018-11-19T13:21:58+01:00","inLanguage":"es-ES","mainEntityOfPage":{"@id":"https:\/\/candas365.es\/noticias\/sophia-florsch-sufre-un-espectacular-accidente-en-macao\/#webpage"},"isPartOf":{"@id":"https:\/\/candas365.es\/noticias\/sophia-florsch-sufre-un-espectacular-accidente-en-macao\/#webpage"},"articleSection":"Deporte","dateline":"Publicado el noviembre 19, 2018."},{"@type":"Organization","@id":"https:\/\/candas365.es\/noticias\/#organization","name":"Cand\u00e1s 365","description":"Cand\u00e1s 365 es un diario digital independiente, fundado en 2012, con base en Asturias. Informamos con rigor sobre actualidad, sociedad, cultura y ocio, con una mirada local y global.","url":"https:\/\/candas365.es\/noticias\/","email":"info@candas365.es","telephone":"+34652131393","foundingDate":"2012-06-10","logo":{"@type":"ImageObject","url":"https:\/\/candas365.es\/noticias\/wp-content\/uploads\/2024\/09\/Candas-365-Redes.jpg","@id":"https:\/\/candas365.es\/noticias\/sophia-florsch-sufre-un-espectacular-accidente-en-macao\/#organizationLogo","width":1152,"height":864,"caption":"Cand\u00e1s 365 Redes"},"image":{"@id":"https:\/\/candas365.es\/noticias\/sophia-florsch-sufre-un-espectacular-accidente-en-macao\/#organizationLogo"},"sameAs":["https:\/\/www.facebook.com\/Nachofdezber","https:\/\/x.com\/NabercoDigital","https:\/\/www.instagram.com\/nachofdezber\/","https:\/\/www.youtube.com\/channel\/UCZP-2wLEB9Rv6erhFmqVnvg"],"address":{"@id":"https:\/\/candas365.es\/noticias\/#postaladdress","@type":"PostalAddress","streetAddress":"san antonio 4, san antonio 4","postalCode":"33430","addressLocality":"Cand\u00e1s","addressRegion":"Asturias","addressCountry":"ES"}},{"@type":"Person","@id":"https:\/\/candas365.es\/noticias\/author\/admin\/#author","url":"https:\/\/candas365.es\/noticias\/author\/admin\/","name":"Cand\u00e1s 365","image":{"@type":"ImageObject","@id":"https:\/\/candas365.es\/noticias\/sophia-florsch-sufre-un-espectacular-accidente-en-macao\/#authorImage","url":"https:\/\/secure.gravatar.com\/avatar\/496a8e03d0c493ede1718b7934145dbdf8d89be1036b0eec9544e1094c9de390?s=96&d=mm&r=g","width":96,"height":96,"caption":"Cand\u00e1s 365"},"sameAs":["https:\/\/www.facebook.com\/carrenoactualidad","https:\/\/twitter.com\/nbasturias","https:\/\/www.instagram.com\/nachofdezber\/","https:\/\/www.youtube.com\/channel\/UCZP-2wLEB9Rv6erhFmqVnvg"]},{"@type":"WebPage","@id":"https:\/\/candas365.es\/noticias\/sophia-florsch-sufre-un-espectacular-accidente-en-macao\/#webpage","url":"https:\/\/candas365.es\/noticias\/sophia-florsch-sufre-un-espectacular-accidente-en-macao\/","name":"Sophia Fl\u00f6rsch sufre un espectacular accidente en Macao | Cand\u00e1s 365","description":"Macao, 18 nov (dpa) - La piloto alemana de 17 a\u00f1os Sophia Fl\u00f6rsch sufri\u00f3 hoy un espectacular accidente cuando iba a 280 kil\u00f3metros por hora en el Gran Premio de F\u00f3rmula 3 de Macao y se fractur\u00f3 la columna vertebral, pero en los primeros ex\u00e1menes m\u00e9dicos no presentaba signos de par\u00e1lisis. \"Quer\u00eda deciros que estoy","inLanguage":"es-ES","isPartOf":{"@id":"https:\/\/candas365.es\/noticias\/#website"},"breadcrumb":{"@id":"https:\/\/candas365.es\/noticias\/sophia-florsch-sufre-un-espectacular-accidente-en-macao\/#breadcrumblist"},"author":{"@id":"https:\/\/candas365.es\/noticias\/author\/admin\/#author"},"creator":{"@id":"https:\/\/candas365.es\/noticias\/author\/admin\/#author"},"image":{"@type":"ImageObject","url":"https:\/\/candas365.es\/noticias\/wp-content\/uploads\/2018\/06\/flag-1645262_960_720.jpg","@id":"https:\/\/candas365.es\/noticias\/sophia-florsch-sufre-un-espectacular-accidente-en-macao\/#mainImage","width":960,"height":638},"primaryImageOfPage":{"@id":"https:\/\/candas365.es\/noticias\/sophia-florsch-sufre-un-espectacular-accidente-en-macao\/#mainImage"},"datePublished":"2018-11-19T13:21:58+01:00","dateModified":"2018-11-19T13:21:58+01:00"},{"@type":"WebSite","@id":"https:\/\/candas365.es\/noticias\/#website","url":"https:\/\/candas365.es\/noticias\/","name":"Cand\u00e1s 365","alternateName":"Cand\u00e1s 365 Noticias","description":"Actualidad desde Carre\u00f1o para el mundo","inLanguage":"es-ES","publisher":{"@id":"https:\/\/candas365.es\/noticias\/#organization"}}]},"og:locale":"es_ES","og:site_name":"Cand\u00e1s 365","og:type":"article","og:title":"Sophia Fl\u00f6rsch sufre un espectacular accidente en Macao | Cand\u00e1s 365","og:description":"Macao, 18 nov (dpa) - La piloto alemana de 17 a\u00f1os Sophia Fl\u00f6rsch sufri\u00f3 hoy un espectacular accidente cuando iba a 280 kil\u00f3metros por hora en el Gran Premio de F\u00f3rmula 3 de Macao y se fractur\u00f3 la columna vertebral, pero en los primeros ex\u00e1menes m\u00e9dicos no presentaba signos de par\u00e1lisis. &quot;Quer\u00eda deciros que estoy","og:url":"https:\/\/candas365.es\/noticias\/sophia-florsch-sufre-un-espectacular-accidente-en-macao\/","og:image":"https:\/\/candas365.es\/noticias\/wp-content\/uploads\/2018\/06\/flag-1645262_960_720.jpg","og:image:secure_url":"https:\/\/candas365.es\/noticias\/wp-content\/uploads\/2018\/06\/flag-1645262_960_720.jpg","og:image:width":960,"og:image:height":638,"article:published_time":"2018-11-19T13:21:58+00:00","article:modified_time":"2018-11-19T13:21:58+00:00","article:publisher":"https:\/\/www.facebook.com\/Nachofdezber","article:author":"https:\/\/www.facebook.com\/carrenoactualidad","twitter:card":"summary_large_image","twitter:site":"@NabercoDigital","twitter:title":"Sophia Fl\u00f6rsch sufre un espectacular accidente en Macao | Cand\u00e1s 365","twitter:description":"Macao, 18 nov (dpa) - La piloto alemana de 17 a\u00f1os Sophia Fl\u00f6rsch sufri\u00f3 hoy un espectacular accidente cuando iba a 280 kil\u00f3metros por hora en el Gran Premio de F\u00f3rmula 3 de Macao y se fractur\u00f3 la columna vertebral, pero en los primeros ex\u00e1menes m\u00e9dicos no presentaba signos de par\u00e1lisis. &quot;Quer\u00eda deciros que estoy","twitter:creator":"@nbasturias","twitter:image":"https:\/\/candas365.es\/noticias\/wp-content\/uploads\/2018\/06\/flag-1645262_960_720.jpg","twitter:label1":"Escrito por","twitter:data1":"Cand\u00e1s 365","twitter:label2":"Tiempo de lectura estimado","twitter:data2":"2 minutos"},"aioseo_meta_data":{"post_id":"110141","title":null,"description":null,"keywords":null,"keyphrases":null,"primary_term":null,"canonical_url":null,"og_title":null,"og_description":null,"og_object_type":"default","og_image_type":"default","og_image_url":null,"og_image_width":null,"og_image_height":null,"og_image_custom_url":null,"og_image_custom_fields":null,"og_video":null,"og_custom_url":null,"og_article_section":null,"og_article_tags":null,"twitter_use_og":false,"twitter_card":"default","twitter_image_type":"default","twitter_image_url":null,"twitter_image_custom_url":null,"twitter_image_custom_fields":null,"twitter_title":null,"twitter_description":null,"schema":{"blockGraphs":[],"customGraphs":[],"default":{"data":{"Article":[],"Course":[],"Dataset":[],"FAQPage":[],"Movie":[],"Person":[],"Product":[],"ProductReview":[],"Car":[],"Recipe":[],"Service":[],"SoftwareApplication":[],"WebPage":[]},"graphName":"","isEnabled":true},"graphs":[],"defaultGraph":"","defaultPostTypeGraph":""},"schema_type":null,"schema_type_options":null,"pillar_content":false,"robots_default":true,"robots_noindex":false,"robots_noarchive":false,"robots_nosnippet":false,"robots_nofollow":false,"robots_noimageindex":false,"robots_noodp":false,"robots_notranslate":false,"robots_max_snippet":null,"robots_max_videopreview":null,"robots_max_imagepreview":"large","priority":null,"frequency":null,"location":null,"local_seo":null,"seo_analyzer_scan_date":"2025-08-28 11:46:18","breadcrumb_settings":null,"limit_modified_date":false,"reviewed_by":null,"open_ai":null,"ai":null,"created":"2020-12-21 11:38:47","updated":"2025-08-28 11:46:18"},"aioseo_breadcrumb":"<div class=\"aioseo-breadcrumbs\"><span class=\"aioseo-breadcrumb\">\n\t<a href=\"https:\/\/candas365.es\/noticias\" title=\"Home\">Home<\/a>\n<\/span><span class=\"aioseo-breadcrumb-separator\">&ndash;<\/span><span class=\"aioseo-breadcrumb\">\n\t<a href=\"https:\/\/candas365.es\/noticias\/category\/deporte\/\" title=\"Deporte\">Deporte<\/a>\n<\/span><span class=\"aioseo-breadcrumb-separator\">&ndash;<\/span><span class=\"aioseo-breadcrumb\">\n\tSophia Fl\u00f6rsch sufre un espectacular accidente en Macao\n<\/span><\/div>","aioseo_breadcrumb_json":[{"label":"Home","link":"https:\/\/candas365.es\/noticias"},{"label":"Deporte","link":"https:\/\/candas365.es\/noticias\/category\/deporte\/"},{"label":"Sophia Fl\u00f6rsch sufre un espectacular accidente en Macao","link":"https:\/\/candas365.es\/noticias\/sophia-florsch-sufre-un-espectacular-accidente-en-macao\/"}],"_links":{"self":[{"href":"https:\/\/candas365.es\/noticias\/wp-json\/wp\/v2\/posts\/110141","targetHints":{"allow":["GET"]}}],"collection":[{"href":"https:\/\/candas365.es\/noticias\/wp-json\/wp\/v2\/posts"}],"about":[{"href":"https:\/\/candas365.es\/noticias\/wp-json\/wp\/v2\/types\/post"}],"author":[{"embeddable":true,"href":"https:\/\/candas365.es\/noticias\/wp-json\/wp\/v2\/users\/1"}],"replies":[{"embeddable":true,"href":"https:\/\/candas365.es\/noticias\/wp-json\/wp\/v2\/comments?post=110141"}],"version-history":[{"count":0,"href":"https:\/\/candas365.es\/noticias\/wp-json\/wp\/v2\/posts\/110141\/revisions"}],"wp:featuredmedia":[{"embeddable":true,"href":"https:\/\/candas365.es\/noticias\/wp-json\/wp\/v2\/media\/98200"}],"wp:attachment":[{"href":"https:\/\/candas365.es\/noticias\/wp-json\/wp\/v2\/media?parent=110141"}],"wp:term":[{"taxonomy":"category","embeddable":true,"href":"https:\/\/candas365.es\/noticias\/wp-json\/wp\/v2\/categories?post=110141"},{"taxonomy":"post_tag","embeddable":true,"href":"https:\/\/candas365.es\/noticias\/wp-json\/wp\/v2\/tags?post=110141"}],"curies":[{"name":"wp","href":"https:\/\/api.w.org\/{rel}","templated":true}]}}