{"id":110133,"date":"2018-11-19T12:50:35","date_gmt":"2018-11-19T12:50:35","guid":{"rendered":"http:\/\/candas365.es\/noticias\/?p=110133"},"modified":"2018-11-19T12:50:35","modified_gmt":"2018-11-19T12:50:35","slug":"la-juve-pierde-a-khedira-por-una-nueva-lesion","status":"publish","type":"post","link":"https:\/\/candas365.es\/noticias\/la-juve-pierde-a-khedira-por-una-nueva-lesion\/","title":{"rendered":"La Juve pierde a Khedira por una nueva lesi\u00f3n"},"content":{"rendered":"<p><img fetchpriority=\"high\" decoding=\"async\" class=\"alignleft size-medium wp-image-103104\" src=\"https:\/\/candas365.es\/noticias\/wp-content\/uploads\/2018\/08\/football-3560085_960_720-360x270.jpg\" alt=\"\" width=\"360\" height=\"270\" srcset=\"https:\/\/candas365.es\/noticias\/wp-content\/uploads\/2018\/08\/football-3560085_960_720-360x270.jpg 360w, https:\/\/candas365.es\/noticias\/wp-content\/uploads\/2018\/08\/football-3560085_960_720-768x576.jpg 768w, https:\/\/candas365.es\/noticias\/wp-content\/uploads\/2018\/08\/football-3560085_960_720-640x480.jpg 640w, https:\/\/candas365.es\/noticias\/wp-content\/uploads\/2018\/08\/football-3560085_960_720-80x60.jpg 80w, https:\/\/candas365.es\/noticias\/wp-content\/uploads\/2018\/08\/football-3560085_960_720-265x198.jpg 265w, https:\/\/candas365.es\/noticias\/wp-content\/uploads\/2018\/08\/football-3560085_960_720-696x522.jpg 696w, https:\/\/candas365.es\/noticias\/wp-content\/uploads\/2018\/08\/football-3560085_960_720-560x420.jpg 560w, https:\/\/candas365.es\/noticias\/wp-content\/uploads\/2018\/08\/football-3560085_960_720.jpg 960w\" sizes=\"(max-width: 360px) 100vw, 360px\" \/>Tur\u00edn (Italia), 18 nov (dpa) &#8211; El volante alem\u00e1n Sami Khedira ser\u00e1 baja en la Juventus por una nueva lesi\u00f3n, seg\u00fan inform\u00f3 el campe\u00f3n del f\u00fatbol italiano.<\/p>\n<p>Khedira, de 31 a\u00f1os, se torci\u00f3 el tobillo izquierdo durante un entrenamiento. El germano comenzar\u00e1 de inmediato su recuperaci\u00f3n, aunque probablemente no llegar\u00e1 para el duelo el pr\u00f3ximo s\u00e1bado ante el Spal en la Serie A.<\/p>\n<p>Es la segunda lesi\u00f3n en muy poco tiempo para el mediocampista, que ya hace algunas semanas sufri\u00f3 una distensi\u00f3n en el muslo que le hizo perderse varios partidos.<\/p>\n","protected":false},"excerpt":{"rendered":"<p>Tur\u00edn (Italia), 18 nov (dpa) &#8211; El volante alem\u00e1n Sami Khedira ser\u00e1 baja en la Juventus por una nueva lesi\u00f3n, seg\u00fan inform\u00f3 el campe\u00f3n del f\u00fatbol italiano. Khedira, de 31 a\u00f1os, se torci\u00f3 el tobillo izquierdo durante un entrenamiento. El germano comenzar\u00e1 de inmediato su recuperaci\u00f3n, aunque probablemente no llegar\u00e1 para el duelo el pr\u00f3ximo<\/p>\n","protected":false},"author":1,"featured_media":103104,"comment_status":"closed","ping_status":"closed","sticky":false,"template":"","format":"standard","meta":{"footnotes":""},"categories":[319],"tags":[],"class_list":{"0":"post-110133","1":"post","2":"type-post","3":"status-publish","4":"format-standard","5":"has-post-thumbnail","7":"category-deporte"},"aioseo_notices":[],"aioseo_head":"\n\t\t<!-- All in One SEO Pro 4.9.6.2 - aioseo.com -->\n\t<meta name=\"description\" content=\"Tur\u00edn (Italia), 18 nov (dpa) - El volante alem\u00e1n Sami Khedira ser\u00e1 baja en la Juventus por una nueva lesi\u00f3n, seg\u00fan inform\u00f3 el campe\u00f3n del f\u00fatbol italiano. Khedira, de 31 a\u00f1os, se torci\u00f3 el tobillo izquierdo durante un entrenamiento. El germano comenzar\u00e1 de inmediato su recuperaci\u00f3n, aunque probablemente no llegar\u00e1 para el duelo el pr\u00f3ximo\" \/>\n\t<meta name=\"robots\" content=\"max-image-preview:large\" \/>\n\t<meta name=\"author\" content=\"Cand\u00e1s 365\"\/>\n\t<meta name=\"google-site-verification\" content=\"UA-32230408-1\" \/>\n\t<meta name=\"msvalidate.01\" content=\"354F3CDFB2DA171B47FBE9ABF1F88D5\" \/>\n\t<meta name=\"keywords\" content=\"deporte\" \/>\n\t<link rel=\"canonical\" href=\"https:\/\/candas365.es\/noticias\/la-juve-pierde-a-khedira-por-una-nueva-lesion\/\" \/>\n\t<meta name=\"generator\" content=\"All in One SEO Pro (AIOSEO) 4.9.6.2\" \/>\n\t\t<meta property=\"og:locale\" content=\"es_ES\" \/>\n\t\t<meta property=\"og:site_name\" content=\"Cand\u00e1s 365\" \/>\n\t\t<meta property=\"og:type\" content=\"article\" \/>\n\t\t<meta property=\"og:title\" content=\"La Juve pierde a Khedira por una nueva lesi\u00f3n | Cand\u00e1s 365\" \/>\n\t\t<meta property=\"og:description\" content=\"Tur\u00edn (Italia), 18 nov (dpa) - El volante alem\u00e1n Sami Khedira ser\u00e1 baja en la Juventus por una nueva lesi\u00f3n, seg\u00fan inform\u00f3 el campe\u00f3n del f\u00fatbol italiano. Khedira, de 31 a\u00f1os, se torci\u00f3 el tobillo izquierdo durante un entrenamiento. El germano comenzar\u00e1 de inmediato su recuperaci\u00f3n, aunque probablemente no llegar\u00e1 para el duelo el pr\u00f3ximo\" \/>\n\t\t<meta property=\"og:url\" content=\"https:\/\/candas365.es\/noticias\/la-juve-pierde-a-khedira-por-una-nueva-lesion\/\" \/>\n\t\t<meta property=\"og:image\" content=\"https:\/\/candas365.es\/noticias\/wp-content\/uploads\/2018\/08\/football-3560085_960_720.jpg\" \/>\n\t\t<meta property=\"og:image:secure_url\" content=\"https:\/\/candas365.es\/noticias\/wp-content\/uploads\/2018\/08\/football-3560085_960_720.jpg\" \/>\n\t\t<meta property=\"og:image:width\" content=\"960\" \/>\n\t\t<meta property=\"og:image:height\" content=\"720\" \/>\n\t\t<meta property=\"article:published_time\" content=\"2018-11-19T12:50:35+00:00\" \/>\n\t\t<meta property=\"article:modified_time\" content=\"2018-11-19T12:50:35+00:00\" \/>\n\t\t<meta property=\"article:publisher\" content=\"https:\/\/www.facebook.com\/Nachofdezber\" \/>\n\t\t<meta property=\"article:author\" content=\"https:\/\/www.facebook.com\/carrenoactualidad\" \/>\n\t\t<meta name=\"twitter:card\" content=\"summary_large_image\" \/>\n\t\t<meta name=\"twitter:site\" content=\"@NabercoDigital\" \/>\n\t\t<meta name=\"twitter:title\" content=\"La Juve pierde a Khedira por una nueva lesi\u00f3n | Cand\u00e1s 365\" \/>\n\t\t<meta name=\"twitter:description\" content=\"Tur\u00edn (Italia), 18 nov (dpa) - El volante alem\u00e1n Sami Khedira ser\u00e1 baja en la Juventus por una nueva lesi\u00f3n, seg\u00fan inform\u00f3 el campe\u00f3n del f\u00fatbol italiano. Khedira, de 31 a\u00f1os, se torci\u00f3 el tobillo izquierdo durante un entrenamiento. El germano comenzar\u00e1 de inmediato su recuperaci\u00f3n, aunque probablemente no llegar\u00e1 para el duelo el pr\u00f3ximo\" \/>\n\t\t<meta name=\"twitter:creator\" content=\"@nbasturias\" \/>\n\t\t<meta name=\"twitter:image\" content=\"https:\/\/candas365.es\/noticias\/wp-content\/uploads\/2018\/08\/football-3560085_960_720.jpg\" \/>\n\t\t<meta name=\"twitter:label1\" content=\"Escrito por\" \/>\n\t\t<meta name=\"twitter:data1\" content=\"Cand\u00e1s 365\" \/>\n\t\t<meta name=\"twitter:label2\" content=\"Tiempo de lectura estimado\" \/>\n\t\t<meta name=\"twitter:data2\" content=\"1 minuto\" \/>\n\t\t<script type=\"application\/ld+json\" class=\"aioseo-schema\">\n\t\t\t{\"@context\":\"https:\\\/\\\/schema.org\",\"@graph\":[{\"@type\":\"BreadcrumbList\",\"@id\":\"https:\\\/\\\/candas365.es\\\/noticias\\\/la-juve-pierde-a-khedira-por-una-nueva-lesion\\\/#breadcrumblist\",\"itemListElement\":[{\"@type\":\"ListItem\",\"@id\":\"https:\\\/\\\/candas365.es\\\/noticias#listItem\",\"position\":1,\"name\":\"Home\",\"item\":\"https:\\\/\\\/candas365.es\\\/noticias\",\"nextItem\":{\"@type\":\"ListItem\",\"@id\":\"https:\\\/\\\/candas365.es\\\/noticias\\\/category\\\/deporte\\\/#listItem\",\"name\":\"Deporte\"}},{\"@type\":\"ListItem\",\"@id\":\"https:\\\/\\\/candas365.es\\\/noticias\\\/category\\\/deporte\\\/#listItem\",\"position\":2,\"name\":\"Deporte\",\"item\":\"https:\\\/\\\/candas365.es\\\/noticias\\\/category\\\/deporte\\\/\",\"nextItem\":{\"@type\":\"ListItem\",\"@id\":\"https:\\\/\\\/candas365.es\\\/noticias\\\/la-juve-pierde-a-khedira-por-una-nueva-lesion\\\/#listItem\",\"name\":\"La Juve pierde a Khedira por una nueva lesi\\u00f3n\"},\"previousItem\":{\"@type\":\"ListItem\",\"@id\":\"https:\\\/\\\/candas365.es\\\/noticias#listItem\",\"name\":\"Home\"}},{\"@type\":\"ListItem\",\"@id\":\"https:\\\/\\\/candas365.es\\\/noticias\\\/la-juve-pierde-a-khedira-por-una-nueva-lesion\\\/#listItem\",\"position\":3,\"name\":\"La Juve pierde a Khedira por una nueva lesi\\u00f3n\",\"previousItem\":{\"@type\":\"ListItem\",\"@id\":\"https:\\\/\\\/candas365.es\\\/noticias\\\/category\\\/deporte\\\/#listItem\",\"name\":\"Deporte\"}}]},{\"@type\":\"NewsArticle\",\"@id\":\"https:\\\/\\\/candas365.es\\\/noticias\\\/la-juve-pierde-a-khedira-por-una-nueva-lesion\\\/#newsarticle\",\"name\":\"La Juve pierde a Khedira por una nueva lesi\\u00f3n | Cand\\u00e1s 365\",\"headline\":\"La Juve pierde a Khedira por una nueva lesi\\u00f3n\",\"author\":{\"@id\":\"https:\\\/\\\/candas365.es\\\/noticias\\\/author\\\/admin\\\/#author\"},\"publisher\":{\"@id\":\"https:\\\/\\\/candas365.es\\\/noticias\\\/#organization\"},\"image\":{\"@type\":\"ImageObject\",\"url\":\"https:\\\/\\\/candas365.es\\\/noticias\\\/wp-content\\\/uploads\\\/2018\\\/08\\\/football-3560085_960_720.jpg\",\"width\":960,\"height\":720},\"datePublished\":\"2018-11-19T12:50:35+01:00\",\"dateModified\":\"2018-11-19T12:50:35+01:00\",\"inLanguage\":\"es-ES\",\"mainEntityOfPage\":{\"@id\":\"https:\\\/\\\/candas365.es\\\/noticias\\\/la-juve-pierde-a-khedira-por-una-nueva-lesion\\\/#webpage\"},\"isPartOf\":{\"@id\":\"https:\\\/\\\/candas365.es\\\/noticias\\\/la-juve-pierde-a-khedira-por-una-nueva-lesion\\\/#webpage\"},\"articleSection\":\"Deporte\",\"dateline\":\"Publicado el noviembre 19, 2018.\"},{\"@type\":\"Organization\",\"@id\":\"https:\\\/\\\/candas365.es\\\/noticias\\\/#organization\",\"name\":\"Cand\\u00e1s 365\",\"description\":\"Cand\\u00e1s 365 es un diario digital independiente, fundado en 2012, con base en Asturias. Informamos con rigor sobre actualidad, sociedad, cultura y ocio, con una mirada local y global.\",\"url\":\"https:\\\/\\\/candas365.es\\\/noticias\\\/\",\"email\":\"info@candas365.es\",\"telephone\":\"+34652131393\",\"foundingDate\":\"2012-06-10\",\"logo\":{\"@type\":\"ImageObject\",\"url\":\"https:\\\/\\\/candas365.es\\\/noticias\\\/wp-content\\\/uploads\\\/2024\\\/09\\\/Candas-365-Redes.jpg\",\"@id\":\"https:\\\/\\\/candas365.es\\\/noticias\\\/la-juve-pierde-a-khedira-por-una-nueva-lesion\\\/#organizationLogo\",\"width\":1152,\"height\":864,\"caption\":\"Cand\\u00e1s 365 Redes\"},\"image\":{\"@id\":\"https:\\\/\\\/candas365.es\\\/noticias\\\/la-juve-pierde-a-khedira-por-una-nueva-lesion\\\/#organizationLogo\"},\"sameAs\":[\"https:\\\/\\\/www.facebook.com\\\/Nachofdezber\",\"https:\\\/\\\/x.com\\\/NabercoDigital\",\"https:\\\/\\\/www.instagram.com\\\/nachofdezber\\\/\",\"https:\\\/\\\/www.youtube.com\\\/channel\\\/UCZP-2wLEB9Rv6erhFmqVnvg\"],\"address\":{\"@id\":\"https:\\\/\\\/candas365.es\\\/noticias\\\/#postaladdress\",\"@type\":\"PostalAddress\",\"streetAddress\":\"san antonio 4, san antonio 4\",\"postalCode\":\"33430\",\"addressLocality\":\"Cand\\u00e1s\",\"addressRegion\":\"Asturias\",\"addressCountry\":\"ES\"}},{\"@type\":\"Person\",\"@id\":\"https:\\\/\\\/candas365.es\\\/noticias\\\/author\\\/admin\\\/#author\",\"url\":\"https:\\\/\\\/candas365.es\\\/noticias\\\/author\\\/admin\\\/\",\"name\":\"Cand\\u00e1s 365\",\"image\":{\"@type\":\"ImageObject\",\"@id\":\"https:\\\/\\\/candas365.es\\\/noticias\\\/la-juve-pierde-a-khedira-por-una-nueva-lesion\\\/#authorImage\",\"url\":\"https:\\\/\\\/secure.gravatar.com\\\/avatar\\\/496a8e03d0c493ede1718b7934145dbdf8d89be1036b0eec9544e1094c9de390?s=96&d=mm&r=g\",\"width\":96,\"height\":96,\"caption\":\"Cand\\u00e1s 365\"},\"sameAs\":[\"https:\\\/\\\/www.facebook.com\\\/carrenoactualidad\",\"https:\\\/\\\/twitter.com\\\/nbasturias\",\"https:\\\/\\\/www.instagram.com\\\/nachofdezber\\\/\",\"https:\\\/\\\/www.youtube.com\\\/channel\\\/UCZP-2wLEB9Rv6erhFmqVnvg\"]},{\"@type\":\"WebPage\",\"@id\":\"https:\\\/\\\/candas365.es\\\/noticias\\\/la-juve-pierde-a-khedira-por-una-nueva-lesion\\\/#webpage\",\"url\":\"https:\\\/\\\/candas365.es\\\/noticias\\\/la-juve-pierde-a-khedira-por-una-nueva-lesion\\\/\",\"name\":\"La Juve pierde a Khedira por una nueva lesi\\u00f3n | Cand\\u00e1s 365\",\"description\":\"Tur\\u00edn (Italia), 18 nov (dpa) - El volante alem\\u00e1n Sami Khedira ser\\u00e1 baja en la Juventus por una nueva lesi\\u00f3n, seg\\u00fan inform\\u00f3 el campe\\u00f3n del f\\u00fatbol italiano. Khedira, de 31 a\\u00f1os, se torci\\u00f3 el tobillo izquierdo durante un entrenamiento. El germano comenzar\\u00e1 de inmediato su recuperaci\\u00f3n, aunque probablemente no llegar\\u00e1 para el duelo el pr\\u00f3ximo\",\"inLanguage\":\"es-ES\",\"isPartOf\":{\"@id\":\"https:\\\/\\\/candas365.es\\\/noticias\\\/#website\"},\"breadcrumb\":{\"@id\":\"https:\\\/\\\/candas365.es\\\/noticias\\\/la-juve-pierde-a-khedira-por-una-nueva-lesion\\\/#breadcrumblist\"},\"author\":{\"@id\":\"https:\\\/\\\/candas365.es\\\/noticias\\\/author\\\/admin\\\/#author\"},\"creator\":{\"@id\":\"https:\\\/\\\/candas365.es\\\/noticias\\\/author\\\/admin\\\/#author\"},\"image\":{\"@type\":\"ImageObject\",\"url\":\"https:\\\/\\\/candas365.es\\\/noticias\\\/wp-content\\\/uploads\\\/2018\\\/08\\\/football-3560085_960_720.jpg\",\"@id\":\"https:\\\/\\\/candas365.es\\\/noticias\\\/la-juve-pierde-a-khedira-por-una-nueva-lesion\\\/#mainImage\",\"width\":960,\"height\":720},\"primaryImageOfPage\":{\"@id\":\"https:\\\/\\\/candas365.es\\\/noticias\\\/la-juve-pierde-a-khedira-por-una-nueva-lesion\\\/#mainImage\"},\"datePublished\":\"2018-11-19T12:50:35+01:00\",\"dateModified\":\"2018-11-19T12:50:35+01:00\"},{\"@type\":\"WebSite\",\"@id\":\"https:\\\/\\\/candas365.es\\\/noticias\\\/#website\",\"url\":\"https:\\\/\\\/candas365.es\\\/noticias\\\/\",\"name\":\"Cand\\u00e1s 365\",\"alternateName\":\"Cand\\u00e1s 365 Noticias\",\"description\":\"Actualidad desde Carre\\u00f1o para el mundo\",\"inLanguage\":\"es-ES\",\"publisher\":{\"@id\":\"https:\\\/\\\/candas365.es\\\/noticias\\\/#organization\"}}]}\n\t\t<\/script>\n\t\t<!-- All in One SEO Pro -->\r\n\t\t<title>La Juve pierde a Khedira por una nueva lesi\u00f3n | Cand\u00e1s 365<\/title>\n\n","aioseo_head_json":{"title":"La Juve pierde a Khedira por una nueva lesi\u00f3n | Cand\u00e1s 365","description":"Tur\u00edn (Italia), 18 nov (dpa) - El volante alem\u00e1n Sami Khedira ser\u00e1 baja en la Juventus por una nueva lesi\u00f3n, seg\u00fan inform\u00f3 el campe\u00f3n del f\u00fatbol italiano. Khedira, de 31 a\u00f1os, se torci\u00f3 el tobillo izquierdo durante un entrenamiento. El germano comenzar\u00e1 de inmediato su recuperaci\u00f3n, aunque probablemente no llegar\u00e1 para el duelo el pr\u00f3ximo","canonical_url":"https:\/\/candas365.es\/noticias\/la-juve-pierde-a-khedira-por-una-nueva-lesion\/","robots":"max-image-preview:large","keywords":"deporte","webmasterTools":{"google-site-verification":"UA-32230408-1","msvalidate.01":"354F3CDFB2DA171B47FBE9ABF1F88D5","miscellaneous":""},"schema":{"@context":"https:\/\/schema.org","@graph":[{"@type":"BreadcrumbList","@id":"https:\/\/candas365.es\/noticias\/la-juve-pierde-a-khedira-por-una-nueva-lesion\/#breadcrumblist","itemListElement":[{"@type":"ListItem","@id":"https:\/\/candas365.es\/noticias#listItem","position":1,"name":"Home","item":"https:\/\/candas365.es\/noticias","nextItem":{"@type":"ListItem","@id":"https:\/\/candas365.es\/noticias\/category\/deporte\/#listItem","name":"Deporte"}},{"@type":"ListItem","@id":"https:\/\/candas365.es\/noticias\/category\/deporte\/#listItem","position":2,"name":"Deporte","item":"https:\/\/candas365.es\/noticias\/category\/deporte\/","nextItem":{"@type":"ListItem","@id":"https:\/\/candas365.es\/noticias\/la-juve-pierde-a-khedira-por-una-nueva-lesion\/#listItem","name":"La Juve pierde a Khedira por una nueva lesi\u00f3n"},"previousItem":{"@type":"ListItem","@id":"https:\/\/candas365.es\/noticias#listItem","name":"Home"}},{"@type":"ListItem","@id":"https:\/\/candas365.es\/noticias\/la-juve-pierde-a-khedira-por-una-nueva-lesion\/#listItem","position":3,"name":"La Juve pierde a Khedira por una nueva lesi\u00f3n","previousItem":{"@type":"ListItem","@id":"https:\/\/candas365.es\/noticias\/category\/deporte\/#listItem","name":"Deporte"}}]},{"@type":"NewsArticle","@id":"https:\/\/candas365.es\/noticias\/la-juve-pierde-a-khedira-por-una-nueva-lesion\/#newsarticle","name":"La Juve pierde a Khedira por una nueva lesi\u00f3n | Cand\u00e1s 365","headline":"La Juve pierde a Khedira por una nueva lesi\u00f3n","author":{"@id":"https:\/\/candas365.es\/noticias\/author\/admin\/#author"},"publisher":{"@id":"https:\/\/candas365.es\/noticias\/#organization"},"image":{"@type":"ImageObject","url":"https:\/\/candas365.es\/noticias\/wp-content\/uploads\/2018\/08\/football-3560085_960_720.jpg","width":960,"height":720},"datePublished":"2018-11-19T12:50:35+01:00","dateModified":"2018-11-19T12:50:35+01:00","inLanguage":"es-ES","mainEntityOfPage":{"@id":"https:\/\/candas365.es\/noticias\/la-juve-pierde-a-khedira-por-una-nueva-lesion\/#webpage"},"isPartOf":{"@id":"https:\/\/candas365.es\/noticias\/la-juve-pierde-a-khedira-por-una-nueva-lesion\/#webpage"},"articleSection":"Deporte","dateline":"Publicado el noviembre 19, 2018."},{"@type":"Organization","@id":"https:\/\/candas365.es\/noticias\/#organization","name":"Cand\u00e1s 365","description":"Cand\u00e1s 365 es un diario digital independiente, fundado en 2012, con base en Asturias. Informamos con rigor sobre actualidad, sociedad, cultura y ocio, con una mirada local y global.","url":"https:\/\/candas365.es\/noticias\/","email":"info@candas365.es","telephone":"+34652131393","foundingDate":"2012-06-10","logo":{"@type":"ImageObject","url":"https:\/\/candas365.es\/noticias\/wp-content\/uploads\/2024\/09\/Candas-365-Redes.jpg","@id":"https:\/\/candas365.es\/noticias\/la-juve-pierde-a-khedira-por-una-nueva-lesion\/#organizationLogo","width":1152,"height":864,"caption":"Cand\u00e1s 365 Redes"},"image":{"@id":"https:\/\/candas365.es\/noticias\/la-juve-pierde-a-khedira-por-una-nueva-lesion\/#organizationLogo"},"sameAs":["https:\/\/www.facebook.com\/Nachofdezber","https:\/\/x.com\/NabercoDigital","https:\/\/www.instagram.com\/nachofdezber\/","https:\/\/www.youtube.com\/channel\/UCZP-2wLEB9Rv6erhFmqVnvg"],"address":{"@id":"https:\/\/candas365.es\/noticias\/#postaladdress","@type":"PostalAddress","streetAddress":"san antonio 4, san antonio 4","postalCode":"33430","addressLocality":"Cand\u00e1s","addressRegion":"Asturias","addressCountry":"ES"}},{"@type":"Person","@id":"https:\/\/candas365.es\/noticias\/author\/admin\/#author","url":"https:\/\/candas365.es\/noticias\/author\/admin\/","name":"Cand\u00e1s 365","image":{"@type":"ImageObject","@id":"https:\/\/candas365.es\/noticias\/la-juve-pierde-a-khedira-por-una-nueva-lesion\/#authorImage","url":"https:\/\/secure.gravatar.com\/avatar\/496a8e03d0c493ede1718b7934145dbdf8d89be1036b0eec9544e1094c9de390?s=96&d=mm&r=g","width":96,"height":96,"caption":"Cand\u00e1s 365"},"sameAs":["https:\/\/www.facebook.com\/carrenoactualidad","https:\/\/twitter.com\/nbasturias","https:\/\/www.instagram.com\/nachofdezber\/","https:\/\/www.youtube.com\/channel\/UCZP-2wLEB9Rv6erhFmqVnvg"]},{"@type":"WebPage","@id":"https:\/\/candas365.es\/noticias\/la-juve-pierde-a-khedira-por-una-nueva-lesion\/#webpage","url":"https:\/\/candas365.es\/noticias\/la-juve-pierde-a-khedira-por-una-nueva-lesion\/","name":"La Juve pierde a Khedira por una nueva lesi\u00f3n | Cand\u00e1s 365","description":"Tur\u00edn (Italia), 18 nov (dpa) - El volante alem\u00e1n Sami Khedira ser\u00e1 baja en la Juventus por una nueva lesi\u00f3n, seg\u00fan inform\u00f3 el campe\u00f3n del f\u00fatbol italiano. Khedira, de 31 a\u00f1os, se torci\u00f3 el tobillo izquierdo durante un entrenamiento. El germano comenzar\u00e1 de inmediato su recuperaci\u00f3n, aunque probablemente no llegar\u00e1 para el duelo el pr\u00f3ximo","inLanguage":"es-ES","isPartOf":{"@id":"https:\/\/candas365.es\/noticias\/#website"},"breadcrumb":{"@id":"https:\/\/candas365.es\/noticias\/la-juve-pierde-a-khedira-por-una-nueva-lesion\/#breadcrumblist"},"author":{"@id":"https:\/\/candas365.es\/noticias\/author\/admin\/#author"},"creator":{"@id":"https:\/\/candas365.es\/noticias\/author\/admin\/#author"},"image":{"@type":"ImageObject","url":"https:\/\/candas365.es\/noticias\/wp-content\/uploads\/2018\/08\/football-3560085_960_720.jpg","@id":"https:\/\/candas365.es\/noticias\/la-juve-pierde-a-khedira-por-una-nueva-lesion\/#mainImage","width":960,"height":720},"primaryImageOfPage":{"@id":"https:\/\/candas365.es\/noticias\/la-juve-pierde-a-khedira-por-una-nueva-lesion\/#mainImage"},"datePublished":"2018-11-19T12:50:35+01:00","dateModified":"2018-11-19T12:50:35+01:00"},{"@type":"WebSite","@id":"https:\/\/candas365.es\/noticias\/#website","url":"https:\/\/candas365.es\/noticias\/","name":"Cand\u00e1s 365","alternateName":"Cand\u00e1s 365 Noticias","description":"Actualidad desde Carre\u00f1o para el mundo","inLanguage":"es-ES","publisher":{"@id":"https:\/\/candas365.es\/noticias\/#organization"}}]},"og:locale":"es_ES","og:site_name":"Cand\u00e1s 365","og:type":"article","og:title":"La Juve pierde a Khedira por una nueva lesi\u00f3n | Cand\u00e1s 365","og:description":"Tur\u00edn (Italia), 18 nov (dpa) - El volante alem\u00e1n Sami Khedira ser\u00e1 baja en la Juventus por una nueva lesi\u00f3n, seg\u00fan inform\u00f3 el campe\u00f3n del f\u00fatbol italiano. Khedira, de 31 a\u00f1os, se torci\u00f3 el tobillo izquierdo durante un entrenamiento. El germano comenzar\u00e1 de inmediato su recuperaci\u00f3n, aunque probablemente no llegar\u00e1 para el duelo el pr\u00f3ximo","og:url":"https:\/\/candas365.es\/noticias\/la-juve-pierde-a-khedira-por-una-nueva-lesion\/","og:image":"https:\/\/candas365.es\/noticias\/wp-content\/uploads\/2018\/08\/football-3560085_960_720.jpg","og:image:secure_url":"https:\/\/candas365.es\/noticias\/wp-content\/uploads\/2018\/08\/football-3560085_960_720.jpg","og:image:width":960,"og:image:height":720,"article:published_time":"2018-11-19T12:50:35+00:00","article:modified_time":"2018-11-19T12:50:35+00:00","article:publisher":"https:\/\/www.facebook.com\/Nachofdezber","article:author":"https:\/\/www.facebook.com\/carrenoactualidad","twitter:card":"summary_large_image","twitter:site":"@NabercoDigital","twitter:title":"La Juve pierde a Khedira por una nueva lesi\u00f3n | Cand\u00e1s 365","twitter:description":"Tur\u00edn (Italia), 18 nov (dpa) - El volante alem\u00e1n Sami Khedira ser\u00e1 baja en la Juventus por una nueva lesi\u00f3n, seg\u00fan inform\u00f3 el campe\u00f3n del f\u00fatbol italiano. Khedira, de 31 a\u00f1os, se torci\u00f3 el tobillo izquierdo durante un entrenamiento. El germano comenzar\u00e1 de inmediato su recuperaci\u00f3n, aunque probablemente no llegar\u00e1 para el duelo el pr\u00f3ximo","twitter:creator":"@nbasturias","twitter:image":"https:\/\/candas365.es\/noticias\/wp-content\/uploads\/2018\/08\/football-3560085_960_720.jpg","twitter:label1":"Escrito por","twitter:data1":"Cand\u00e1s 365","twitter:label2":"Tiempo de lectura estimado","twitter:data2":"1 minuto"},"aioseo_meta_data":{"post_id":"110133","title":null,"description":null,"keywords":null,"keyphrases":null,"primary_term":null,"canonical_url":null,"og_title":null,"og_description":null,"og_object_type":"default","og_image_type":"default","og_image_url":null,"og_image_width":null,"og_image_height":null,"og_image_custom_url":null,"og_image_custom_fields":null,"og_video":null,"og_custom_url":null,"og_article_section":null,"og_article_tags":null,"twitter_use_og":false,"twitter_card":"default","twitter_image_type":"default","twitter_image_url":null,"twitter_image_custom_url":null,"twitter_image_custom_fields":null,"twitter_title":null,"twitter_description":null,"schema":{"blockGraphs":[],"customGraphs":[],"default":{"data":{"Article":[],"Course":[],"Dataset":[],"FAQPage":[],"Movie":[],"Person":[],"Product":[],"ProductReview":[],"Car":[],"Recipe":[],"Service":[],"SoftwareApplication":[],"WebPage":[]},"graphName":"","isEnabled":true},"graphs":[]},"schema_type":null,"schema_type_options":null,"pillar_content":false,"robots_default":true,"robots_noindex":false,"robots_noarchive":false,"robots_nosnippet":false,"robots_nofollow":false,"robots_noimageindex":false,"robots_noodp":false,"robots_notranslate":false,"robots_max_snippet":null,"robots_max_videopreview":null,"robots_max_imagepreview":"large","priority":null,"frequency":null,"location":null,"local_seo":null,"seo_analyzer_scan_date":"2025-08-28 11:44:16","breadcrumb_settings":null,"limit_modified_date":false,"reviewed_by":null,"open_ai":null,"ai":null,"created":"2020-12-21 11:38:47","updated":"2025-08-28 11:44:16"},"aioseo_breadcrumb":"<div class=\"aioseo-breadcrumbs\"><span class=\"aioseo-breadcrumb\">\n\t<a href=\"https:\/\/candas365.es\/noticias\" title=\"Home\">Home<\/a>\n<\/span><span class=\"aioseo-breadcrumb-separator\">&ndash;<\/span><span class=\"aioseo-breadcrumb\">\n\t<a href=\"https:\/\/candas365.es\/noticias\/category\/deporte\/\" title=\"Deporte\">Deporte<\/a>\n<\/span><span class=\"aioseo-breadcrumb-separator\">&ndash;<\/span><span class=\"aioseo-breadcrumb\">\n\tLa Juve pierde a Khedira por una nueva lesi\u00f3n\n<\/span><\/div>","aioseo_breadcrumb_json":[{"label":"Home","link":"https:\/\/candas365.es\/noticias"},{"label":"Deporte","link":"https:\/\/candas365.es\/noticias\/category\/deporte\/"},{"label":"La Juve pierde a Khedira por una nueva lesi\u00f3n","link":"https:\/\/candas365.es\/noticias\/la-juve-pierde-a-khedira-por-una-nueva-lesion\/"}],"_links":{"self":[{"href":"https:\/\/candas365.es\/noticias\/wp-json\/wp\/v2\/posts\/110133","targetHints":{"allow":["GET"]}}],"collection":[{"href":"https:\/\/candas365.es\/noticias\/wp-json\/wp\/v2\/posts"}],"about":[{"href":"https:\/\/candas365.es\/noticias\/wp-json\/wp\/v2\/types\/post"}],"author":[{"embeddable":true,"href":"https:\/\/candas365.es\/noticias\/wp-json\/wp\/v2\/users\/1"}],"replies":[{"embeddable":true,"href":"https:\/\/candas365.es\/noticias\/wp-json\/wp\/v2\/comments?post=110133"}],"version-history":[{"count":0,"href":"https:\/\/candas365.es\/noticias\/wp-json\/wp\/v2\/posts\/110133\/revisions"}],"wp:featuredmedia":[{"embeddable":true,"href":"https:\/\/candas365.es\/noticias\/wp-json\/wp\/v2\/media\/103104"}],"wp:attachment":[{"href":"https:\/\/candas365.es\/noticias\/wp-json\/wp\/v2\/media?parent=110133"}],"wp:term":[{"taxonomy":"category","embeddable":true,"href":"https:\/\/candas365.es\/noticias\/wp-json\/wp\/v2\/categories?post=110133"},{"taxonomy":"post_tag","embeddable":true,"href":"https:\/\/candas365.es\/noticias\/wp-json\/wp\/v2\/tags?post=110133"}],"curies":[{"name":"wp","href":"https:\/\/api.w.org\/{rel}","templated":true}]}}