{"id":110098,"date":"2018-11-18T12:30:42","date_gmt":"2018-11-18T12:30:42","guid":{"rendered":"http:\/\/candas365.es\/noticias\/?p=110098"},"modified":"2018-11-18T12:30:42","modified_gmt":"2018-11-18T12:30:42","slug":"espana-logra-representacion-en-el-comite-internacional-de-pesas-y-medidas","status":"publish","type":"post","link":"https:\/\/candas365.es\/noticias\/espana-logra-representacion-en-el-comite-internacional-de-pesas-y-medidas\/","title":{"rendered":"Espa\u00f1a logra representaci\u00f3n en el Comit\u00e9 Internacional de Pesas y Medidas"},"content":{"rendered":"<p><img fetchpriority=\"high\" decoding=\"async\" class=\"alignleft size-medium wp-image-110099\" src=\"https:\/\/candas365.es\/noticias\/wp-content\/uploads\/2018\/11\/310317SedeM.Econom\u00edaIndustr-360x239.jpg\" alt=\"\" width=\"360\" height=\"239\" srcset=\"https:\/\/candas365.es\/noticias\/wp-content\/uploads\/2018\/11\/310317SedeM.Econom\u00edaIndustr-360x239.jpg 360w, https:\/\/candas365.es\/noticias\/wp-content\/uploads\/2018\/11\/310317SedeM.Econom\u00edaIndustr.jpg 512w\" sizes=\"(max-width: 360px) 100vw, 360px\" \/>La Conferencia General de Pesas y Medidas, que se celebrado entre el 13 y el 16 de noviembre en Versalles, ha elegido a la espa\u00f1ola Dolores del Campo como un nuevo miembro del Comit\u00e9 Internacional de Pesas y Medidas.<\/p>\n<p>Se trata del &#8216;Comit\u00e9 de Sabios&#8217; de la Metrolog\u00eda a nivel mundial, siendo la m\u00e1xima autoridad de la Convenci\u00f3n del Metro entre las Conferencias Generales y representa un reconocimiento internacional al nivel cient\u00edfico espa\u00f1ol y a la labor del Centro Espa\u00f1ol de Metrolog\u00eda, dependiente del Ministerio de Industria, Comercio y Turismo.<\/p>\n<p>La Conferencia General de Pesas y Medidas, que re\u00fane a los representantes de los estados pertenecientes a la Convenci\u00f3n del Metro, ha aprobado hoy en Versalles una amplia revisi\u00f3n del Sistema Internacional de Unidades. Se han modificado las definiciones de kilogramo, amperio, kelvin y mol. Asimismo, se han adaptado las definiciones del segundo, el metro y la candela para alinearlas con las nuevas. Las definiciones revisadas entrar\u00e1n en vigor el D\u00eda Mundial de la Metrolog\u00eda, 20 de mayo de 2019.<\/p>\n<p>Las definiciones revisadas se basan en constantes f\u00edsicas, la constante de Planck, la constante de Boltzman, la carga elemental y la constante de Avogadro y, por lo tanto, inherentemente estables, uni\u00e9ndose a las otras tres unidades, el metro, el segundo y la candela, que ya se defin\u00edan en relaci\u00f3n a otras constantes, como la velocidad de la luz, la transici\u00f3n hiperfina del estado fundamental no perturbado del \u00e1tomo de cesio 133 y la eficacia luminosa. Las constantes se han elegido de forma que las definiciones revisadas no deban modificarse para acomodar futuras mejoras en las tecnolog\u00edas utilizadas para sus realizaciones pr\u00e1cticas. Las nuevas definiciones no supondr\u00e1n cambio alguno en nuestra vida diaria.<\/p>\n<p>El uso de constantes naturales para definir las unidades de medida, permitir\u00e1n a la comunidad cient\u00edfica y a la industria obtener y diseminar con mayor exactitud sus mediciones, desde las m\u00e1s peque\u00f1as hasta las m\u00e1s grandes, cumpliendo as\u00ed con las necesidades de medici\u00f3n actuales y futuras.<\/p>\n<p>El kilogramo se definir\u00e1 en t\u00e9rminos de la constante de Planck, garantizando la estabilidad a largo plazo de la unidad de masa. El amperio y otras unidades el\u00e9ctricas, en sus actuales realizaciones pr\u00e1cticas al m\u00e1s alto nivel metrol\u00f3gico, obtendr\u00e1n la total consistencia de los m\u00e9todos con sus definiciones. El kelvin se redefinir\u00e1 sin causar un efecto inmediato en la pr\u00e1ctica de la medici\u00f3n de la temperatura. Y el mol se redefinir\u00e1 con respecto a un n\u00famero espec\u00edfico de entidades (t\u00edpicamente \u00e1tomos o mol\u00e9culas) y ya no depender\u00e1 de la unidad de masa, el kilogramo.<\/p>\n","protected":false},"excerpt":{"rendered":"<p>La Conferencia General de Pesas y Medidas, que se celebrado entre el 13 y el 16 de noviembre en Versalles, ha elegido a la espa\u00f1ola Dolores del Campo como un nuevo miembro del Comit\u00e9 Internacional de Pesas y Medidas. Se trata del &#8216;Comit\u00e9 de Sabios&#8217; de la Metrolog\u00eda a nivel mundial, siendo la m\u00e1xima autoridad<\/p>\n","protected":false},"author":1,"featured_media":110099,"comment_status":"closed","ping_status":"closed","sticky":false,"template":"","format":"standard","meta":{"footnotes":""},"categories":[343],"tags":[],"class_list":{"0":"post-110098","1":"post","2":"type-post","3":"status-publish","4":"format-standard","5":"has-post-thumbnail","7":"category-actualidad"},"aioseo_notices":[],"aioseo_head":"\n\t\t<!-- All in One SEO Pro 4.9.6.2 - aioseo.com -->\n\t<meta name=\"description\" content=\"La Conferencia General de Pesas y Medidas, que se celebrado entre el 13 y el 16 de noviembre en Versalles, ha elegido a la espa\u00f1ola Dolores del Campo como un nuevo miembro del Comit\u00e9 Internacional de Pesas y Medidas. Se trata del &#039;Comit\u00e9 de Sabios&#039; de la Metrolog\u00eda a nivel mundial, siendo la m\u00e1xima autoridad\" \/>\n\t<meta name=\"robots\" content=\"max-image-preview:large\" \/>\n\t<meta name=\"author\" content=\"Cand\u00e1s 365\"\/>\n\t<meta name=\"google-site-verification\" content=\"UA-32230408-1\" \/>\n\t<meta name=\"msvalidate.01\" content=\"354F3CDFB2DA171B47FBE9ABF1F88D5\" \/>\n\t<meta name=\"keywords\" content=\"actualidad\" \/>\n\t<link rel=\"canonical\" href=\"https:\/\/candas365.es\/noticias\/espana-logra-representacion-en-el-comite-internacional-de-pesas-y-medidas\/\" \/>\n\t<meta name=\"generator\" content=\"All in One SEO Pro (AIOSEO) 4.9.6.2\" \/>\n\t\t<meta property=\"og:locale\" content=\"es_ES\" \/>\n\t\t<meta property=\"og:site_name\" content=\"Cand\u00e1s 365\" \/>\n\t\t<meta property=\"og:type\" content=\"article\" \/>\n\t\t<meta property=\"og:title\" content=\"Espa\u00f1a logra representaci\u00f3n en el Comit\u00e9 Internacional de Pesas y Medidas | Cand\u00e1s 365\" \/>\n\t\t<meta property=\"og:description\" content=\"La Conferencia General de Pesas y Medidas, que se celebrado entre el 13 y el 16 de noviembre en Versalles, ha elegido a la espa\u00f1ola Dolores del Campo como un nuevo miembro del Comit\u00e9 Internacional de Pesas y Medidas. Se trata del &#039;Comit\u00e9 de Sabios&#039; de la Metrolog\u00eda a nivel mundial, siendo la m\u00e1xima autoridad\" \/>\n\t\t<meta property=\"og:url\" content=\"https:\/\/candas365.es\/noticias\/espana-logra-representacion-en-el-comite-internacional-de-pesas-y-medidas\/\" \/>\n\t\t<meta property=\"og:image\" content=\"https:\/\/candas365.es\/noticias\/wp-content\/uploads\/2018\/11\/310317SedeM.Econom\u00edaIndustr.jpg\" \/>\n\t\t<meta property=\"og:image:secure_url\" content=\"https:\/\/candas365.es\/noticias\/wp-content\/uploads\/2018\/11\/310317SedeM.Econom\u00edaIndustr.jpg\" \/>\n\t\t<meta property=\"og:image:width\" content=\"512\" \/>\n\t\t<meta property=\"og:image:height\" content=\"340\" \/>\n\t\t<meta property=\"article:published_time\" content=\"2018-11-18T12:30:42+00:00\" \/>\n\t\t<meta property=\"article:modified_time\" content=\"2018-11-18T12:30:42+00:00\" \/>\n\t\t<meta property=\"article:publisher\" content=\"https:\/\/www.facebook.com\/Nachofdezber\" \/>\n\t\t<meta property=\"article:author\" content=\"https:\/\/www.facebook.com\/carrenoactualidad\" \/>\n\t\t<meta name=\"twitter:card\" content=\"summary_large_image\" \/>\n\t\t<meta name=\"twitter:site\" content=\"@NabercoDigital\" \/>\n\t\t<meta name=\"twitter:title\" content=\"Espa\u00f1a logra representaci\u00f3n en el Comit\u00e9 Internacional de Pesas y Medidas | Cand\u00e1s 365\" \/>\n\t\t<meta name=\"twitter:description\" content=\"La Conferencia General de Pesas y Medidas, que se celebrado entre el 13 y el 16 de noviembre en Versalles, ha elegido a la espa\u00f1ola Dolores del Campo como un nuevo miembro del Comit\u00e9 Internacional de Pesas y Medidas. Se trata del &#039;Comit\u00e9 de Sabios&#039; de la Metrolog\u00eda a nivel mundial, siendo la m\u00e1xima autoridad\" \/>\n\t\t<meta name=\"twitter:creator\" content=\"@nbasturias\" \/>\n\t\t<meta name=\"twitter:image\" content=\"https:\/\/candas365.es\/noticias\/wp-content\/uploads\/2018\/11\/310317SedeM.Econom\u00edaIndustr.jpg\" \/>\n\t\t<meta name=\"twitter:label1\" content=\"Escrito por\" \/>\n\t\t<meta name=\"twitter:data1\" content=\"Cand\u00e1s 365\" \/>\n\t\t<meta name=\"twitter:label2\" content=\"Tiempo de lectura estimado\" \/>\n\t\t<meta name=\"twitter:data2\" content=\"2 minutos\" \/>\n\t\t<script type=\"application\/ld+json\" class=\"aioseo-schema\">\n\t\t\t{\"@context\":\"https:\\\/\\\/schema.org\",\"@graph\":[{\"@type\":\"BreadcrumbList\",\"@id\":\"https:\\\/\\\/candas365.es\\\/noticias\\\/espana-logra-representacion-en-el-comite-internacional-de-pesas-y-medidas\\\/#breadcrumblist\",\"itemListElement\":[{\"@type\":\"ListItem\",\"@id\":\"https:\\\/\\\/candas365.es\\\/noticias#listItem\",\"position\":1,\"name\":\"Home\",\"item\":\"https:\\\/\\\/candas365.es\\\/noticias\",\"nextItem\":{\"@type\":\"ListItem\",\"@id\":\"https:\\\/\\\/candas365.es\\\/noticias\\\/category\\\/actualidad\\\/#listItem\",\"name\":\"Actualidad\"}},{\"@type\":\"ListItem\",\"@id\":\"https:\\\/\\\/candas365.es\\\/noticias\\\/category\\\/actualidad\\\/#listItem\",\"position\":2,\"name\":\"Actualidad\",\"item\":\"https:\\\/\\\/candas365.es\\\/noticias\\\/category\\\/actualidad\\\/\",\"nextItem\":{\"@type\":\"ListItem\",\"@id\":\"https:\\\/\\\/candas365.es\\\/noticias\\\/espana-logra-representacion-en-el-comite-internacional-de-pesas-y-medidas\\\/#listItem\",\"name\":\"Espa\\u00f1a logra representaci\\u00f3n en el Comit\\u00e9 Internacional de Pesas y Medidas\"},\"previousItem\":{\"@type\":\"ListItem\",\"@id\":\"https:\\\/\\\/candas365.es\\\/noticias#listItem\",\"name\":\"Home\"}},{\"@type\":\"ListItem\",\"@id\":\"https:\\\/\\\/candas365.es\\\/noticias\\\/espana-logra-representacion-en-el-comite-internacional-de-pesas-y-medidas\\\/#listItem\",\"position\":3,\"name\":\"Espa\\u00f1a logra representaci\\u00f3n en el Comit\\u00e9 Internacional de Pesas y Medidas\",\"previousItem\":{\"@type\":\"ListItem\",\"@id\":\"https:\\\/\\\/candas365.es\\\/noticias\\\/category\\\/actualidad\\\/#listItem\",\"name\":\"Actualidad\"}}]},{\"@type\":\"NewsArticle\",\"@id\":\"https:\\\/\\\/candas365.es\\\/noticias\\\/espana-logra-representacion-en-el-comite-internacional-de-pesas-y-medidas\\\/#newsarticle\",\"name\":\"Espa\\u00f1a logra representaci\\u00f3n en el Comit\\u00e9 Internacional de Pesas y Medidas | Cand\\u00e1s 365\",\"headline\":\"Espa\\u00f1a logra representaci\\u00f3n en el Comit\\u00e9 Internacional de Pesas y Medidas\",\"author\":{\"@id\":\"https:\\\/\\\/candas365.es\\\/noticias\\\/author\\\/admin\\\/#author\"},\"publisher\":{\"@id\":\"https:\\\/\\\/candas365.es\\\/noticias\\\/#organization\"},\"image\":{\"@type\":\"ImageObject\",\"url\":\"https:\\\/\\\/candas365.es\\\/noticias\\\/wp-content\\\/uploads\\\/2018\\\/11\\\/310317SedeM.Econom\\u00edaIndustr.jpg\",\"width\":512,\"height\":340},\"datePublished\":\"2018-11-18T12:30:42+01:00\",\"dateModified\":\"2018-11-18T12:30:42+01:00\",\"inLanguage\":\"es-ES\",\"mainEntityOfPage\":{\"@id\":\"https:\\\/\\\/candas365.es\\\/noticias\\\/espana-logra-representacion-en-el-comite-internacional-de-pesas-y-medidas\\\/#webpage\"},\"isPartOf\":{\"@id\":\"https:\\\/\\\/candas365.es\\\/noticias\\\/espana-logra-representacion-en-el-comite-internacional-de-pesas-y-medidas\\\/#webpage\"},\"articleSection\":\"Actualidad\",\"dateline\":\"Publicado el noviembre 18, 2018.\"},{\"@type\":\"Organization\",\"@id\":\"https:\\\/\\\/candas365.es\\\/noticias\\\/#organization\",\"name\":\"Cand\\u00e1s 365\",\"description\":\"Cand\\u00e1s 365 es un diario digital independiente, fundado en 2012, con base en Asturias. Informamos con rigor sobre actualidad, sociedad, cultura y ocio, con una mirada local y global.\",\"url\":\"https:\\\/\\\/candas365.es\\\/noticias\\\/\",\"email\":\"info@candas365.es\",\"telephone\":\"+34652131393\",\"foundingDate\":\"2012-06-10\",\"logo\":{\"@type\":\"ImageObject\",\"url\":\"https:\\\/\\\/candas365.es\\\/noticias\\\/wp-content\\\/uploads\\\/2024\\\/09\\\/Candas-365-Redes.jpg\",\"@id\":\"https:\\\/\\\/candas365.es\\\/noticias\\\/espana-logra-representacion-en-el-comite-internacional-de-pesas-y-medidas\\\/#organizationLogo\",\"width\":1152,\"height\":864,\"caption\":\"Cand\\u00e1s 365 Redes\"},\"image\":{\"@id\":\"https:\\\/\\\/candas365.es\\\/noticias\\\/espana-logra-representacion-en-el-comite-internacional-de-pesas-y-medidas\\\/#organizationLogo\"},\"sameAs\":[\"https:\\\/\\\/www.facebook.com\\\/Nachofdezber\",\"https:\\\/\\\/x.com\\\/NabercoDigital\",\"https:\\\/\\\/www.instagram.com\\\/nachofdezber\\\/\",\"https:\\\/\\\/www.youtube.com\\\/channel\\\/UCZP-2wLEB9Rv6erhFmqVnvg\"],\"address\":{\"@id\":\"https:\\\/\\\/candas365.es\\\/noticias\\\/#postaladdress\",\"@type\":\"PostalAddress\",\"streetAddress\":\"san antonio 4, san antonio 4\",\"postalCode\":\"33430\",\"addressLocality\":\"Cand\\u00e1s\",\"addressRegion\":\"Asturias\",\"addressCountry\":\"ES\"}},{\"@type\":\"Person\",\"@id\":\"https:\\\/\\\/candas365.es\\\/noticias\\\/author\\\/admin\\\/#author\",\"url\":\"https:\\\/\\\/candas365.es\\\/noticias\\\/author\\\/admin\\\/\",\"name\":\"Cand\\u00e1s 365\",\"image\":{\"@type\":\"ImageObject\",\"@id\":\"https:\\\/\\\/candas365.es\\\/noticias\\\/espana-logra-representacion-en-el-comite-internacional-de-pesas-y-medidas\\\/#authorImage\",\"url\":\"https:\\\/\\\/secure.gravatar.com\\\/avatar\\\/496a8e03d0c493ede1718b7934145dbdf8d89be1036b0eec9544e1094c9de390?s=96&d=mm&r=g\",\"width\":96,\"height\":96,\"caption\":\"Cand\\u00e1s 365\"},\"sameAs\":[\"https:\\\/\\\/www.facebook.com\\\/carrenoactualidad\",\"https:\\\/\\\/twitter.com\\\/nbasturias\",\"https:\\\/\\\/www.instagram.com\\\/nachofdezber\\\/\",\"https:\\\/\\\/www.youtube.com\\\/channel\\\/UCZP-2wLEB9Rv6erhFmqVnvg\"]},{\"@type\":\"WebPage\",\"@id\":\"https:\\\/\\\/candas365.es\\\/noticias\\\/espana-logra-representacion-en-el-comite-internacional-de-pesas-y-medidas\\\/#webpage\",\"url\":\"https:\\\/\\\/candas365.es\\\/noticias\\\/espana-logra-representacion-en-el-comite-internacional-de-pesas-y-medidas\\\/\",\"name\":\"Espa\\u00f1a logra representaci\\u00f3n en el Comit\\u00e9 Internacional de Pesas y Medidas | Cand\\u00e1s 365\",\"description\":\"La Conferencia General de Pesas y Medidas, que se celebrado entre el 13 y el 16 de noviembre en Versalles, ha elegido a la espa\\u00f1ola Dolores del Campo como un nuevo miembro del Comit\\u00e9 Internacional de Pesas y Medidas. Se trata del 'Comit\\u00e9 de Sabios' de la Metrolog\\u00eda a nivel mundial, siendo la m\\u00e1xima autoridad\",\"inLanguage\":\"es-ES\",\"isPartOf\":{\"@id\":\"https:\\\/\\\/candas365.es\\\/noticias\\\/#website\"},\"breadcrumb\":{\"@id\":\"https:\\\/\\\/candas365.es\\\/noticias\\\/espana-logra-representacion-en-el-comite-internacional-de-pesas-y-medidas\\\/#breadcrumblist\"},\"author\":{\"@id\":\"https:\\\/\\\/candas365.es\\\/noticias\\\/author\\\/admin\\\/#author\"},\"creator\":{\"@id\":\"https:\\\/\\\/candas365.es\\\/noticias\\\/author\\\/admin\\\/#author\"},\"image\":{\"@type\":\"ImageObject\",\"url\":\"https:\\\/\\\/candas365.es\\\/noticias\\\/wp-content\\\/uploads\\\/2018\\\/11\\\/310317SedeM.Econom\\u00edaIndustr.jpg\",\"@id\":\"https:\\\/\\\/candas365.es\\\/noticias\\\/espana-logra-representacion-en-el-comite-internacional-de-pesas-y-medidas\\\/#mainImage\",\"width\":512,\"height\":340},\"primaryImageOfPage\":{\"@id\":\"https:\\\/\\\/candas365.es\\\/noticias\\\/espana-logra-representacion-en-el-comite-internacional-de-pesas-y-medidas\\\/#mainImage\"},\"datePublished\":\"2018-11-18T12:30:42+01:00\",\"dateModified\":\"2018-11-18T12:30:42+01:00\"},{\"@type\":\"WebSite\",\"@id\":\"https:\\\/\\\/candas365.es\\\/noticias\\\/#website\",\"url\":\"https:\\\/\\\/candas365.es\\\/noticias\\\/\",\"name\":\"Cand\\u00e1s 365\",\"alternateName\":\"Cand\\u00e1s 365 Noticias\",\"description\":\"Actualidad desde Carre\\u00f1o para el mundo\",\"inLanguage\":\"es-ES\",\"publisher\":{\"@id\":\"https:\\\/\\\/candas365.es\\\/noticias\\\/#organization\"}}]}\n\t\t<\/script>\n\t\t<!-- All in One SEO Pro -->\r\n\t\t<title>Espa\u00f1a logra representaci\u00f3n en el Comit\u00e9 Internacional de Pesas y Medidas | Cand\u00e1s 365<\/title>\n\n","aioseo_head_json":{"title":"Espa\u00f1a logra representaci\u00f3n en el Comit\u00e9 Internacional de Pesas y Medidas | Cand\u00e1s 365","description":"La Conferencia General de Pesas y Medidas, que se celebrado entre el 13 y el 16 de noviembre en Versalles, ha elegido a la espa\u00f1ola Dolores del Campo como un nuevo miembro del Comit\u00e9 Internacional de Pesas y Medidas. Se trata del 'Comit\u00e9 de Sabios' de la Metrolog\u00eda a nivel mundial, siendo la m\u00e1xima autoridad","canonical_url":"https:\/\/candas365.es\/noticias\/espana-logra-representacion-en-el-comite-internacional-de-pesas-y-medidas\/","robots":"max-image-preview:large","keywords":"actualidad","webmasterTools":{"google-site-verification":"UA-32230408-1","msvalidate.01":"354F3CDFB2DA171B47FBE9ABF1F88D5","miscellaneous":""},"schema":{"@context":"https:\/\/schema.org","@graph":[{"@type":"BreadcrumbList","@id":"https:\/\/candas365.es\/noticias\/espana-logra-representacion-en-el-comite-internacional-de-pesas-y-medidas\/#breadcrumblist","itemListElement":[{"@type":"ListItem","@id":"https:\/\/candas365.es\/noticias#listItem","position":1,"name":"Home","item":"https:\/\/candas365.es\/noticias","nextItem":{"@type":"ListItem","@id":"https:\/\/candas365.es\/noticias\/category\/actualidad\/#listItem","name":"Actualidad"}},{"@type":"ListItem","@id":"https:\/\/candas365.es\/noticias\/category\/actualidad\/#listItem","position":2,"name":"Actualidad","item":"https:\/\/candas365.es\/noticias\/category\/actualidad\/","nextItem":{"@type":"ListItem","@id":"https:\/\/candas365.es\/noticias\/espana-logra-representacion-en-el-comite-internacional-de-pesas-y-medidas\/#listItem","name":"Espa\u00f1a logra representaci\u00f3n en el Comit\u00e9 Internacional de Pesas y Medidas"},"previousItem":{"@type":"ListItem","@id":"https:\/\/candas365.es\/noticias#listItem","name":"Home"}},{"@type":"ListItem","@id":"https:\/\/candas365.es\/noticias\/espana-logra-representacion-en-el-comite-internacional-de-pesas-y-medidas\/#listItem","position":3,"name":"Espa\u00f1a logra representaci\u00f3n en el Comit\u00e9 Internacional de Pesas y Medidas","previousItem":{"@type":"ListItem","@id":"https:\/\/candas365.es\/noticias\/category\/actualidad\/#listItem","name":"Actualidad"}}]},{"@type":"NewsArticle","@id":"https:\/\/candas365.es\/noticias\/espana-logra-representacion-en-el-comite-internacional-de-pesas-y-medidas\/#newsarticle","name":"Espa\u00f1a logra representaci\u00f3n en el Comit\u00e9 Internacional de Pesas y Medidas | Cand\u00e1s 365","headline":"Espa\u00f1a logra representaci\u00f3n en el Comit\u00e9 Internacional de Pesas y Medidas","author":{"@id":"https:\/\/candas365.es\/noticias\/author\/admin\/#author"},"publisher":{"@id":"https:\/\/candas365.es\/noticias\/#organization"},"image":{"@type":"ImageObject","url":"https:\/\/candas365.es\/noticias\/wp-content\/uploads\/2018\/11\/310317SedeM.Econom\u00edaIndustr.jpg","width":512,"height":340},"datePublished":"2018-11-18T12:30:42+01:00","dateModified":"2018-11-18T12:30:42+01:00","inLanguage":"es-ES","mainEntityOfPage":{"@id":"https:\/\/candas365.es\/noticias\/espana-logra-representacion-en-el-comite-internacional-de-pesas-y-medidas\/#webpage"},"isPartOf":{"@id":"https:\/\/candas365.es\/noticias\/espana-logra-representacion-en-el-comite-internacional-de-pesas-y-medidas\/#webpage"},"articleSection":"Actualidad","dateline":"Publicado el noviembre 18, 2018."},{"@type":"Organization","@id":"https:\/\/candas365.es\/noticias\/#organization","name":"Cand\u00e1s 365","description":"Cand\u00e1s 365 es un diario digital independiente, fundado en 2012, con base en Asturias. Informamos con rigor sobre actualidad, sociedad, cultura y ocio, con una mirada local y global.","url":"https:\/\/candas365.es\/noticias\/","email":"info@candas365.es","telephone":"+34652131393","foundingDate":"2012-06-10","logo":{"@type":"ImageObject","url":"https:\/\/candas365.es\/noticias\/wp-content\/uploads\/2024\/09\/Candas-365-Redes.jpg","@id":"https:\/\/candas365.es\/noticias\/espana-logra-representacion-en-el-comite-internacional-de-pesas-y-medidas\/#organizationLogo","width":1152,"height":864,"caption":"Cand\u00e1s 365 Redes"},"image":{"@id":"https:\/\/candas365.es\/noticias\/espana-logra-representacion-en-el-comite-internacional-de-pesas-y-medidas\/#organizationLogo"},"sameAs":["https:\/\/www.facebook.com\/Nachofdezber","https:\/\/x.com\/NabercoDigital","https:\/\/www.instagram.com\/nachofdezber\/","https:\/\/www.youtube.com\/channel\/UCZP-2wLEB9Rv6erhFmqVnvg"],"address":{"@id":"https:\/\/candas365.es\/noticias\/#postaladdress","@type":"PostalAddress","streetAddress":"san antonio 4, san antonio 4","postalCode":"33430","addressLocality":"Cand\u00e1s","addressRegion":"Asturias","addressCountry":"ES"}},{"@type":"Person","@id":"https:\/\/candas365.es\/noticias\/author\/admin\/#author","url":"https:\/\/candas365.es\/noticias\/author\/admin\/","name":"Cand\u00e1s 365","image":{"@type":"ImageObject","@id":"https:\/\/candas365.es\/noticias\/espana-logra-representacion-en-el-comite-internacional-de-pesas-y-medidas\/#authorImage","url":"https:\/\/secure.gravatar.com\/avatar\/496a8e03d0c493ede1718b7934145dbdf8d89be1036b0eec9544e1094c9de390?s=96&d=mm&r=g","width":96,"height":96,"caption":"Cand\u00e1s 365"},"sameAs":["https:\/\/www.facebook.com\/carrenoactualidad","https:\/\/twitter.com\/nbasturias","https:\/\/www.instagram.com\/nachofdezber\/","https:\/\/www.youtube.com\/channel\/UCZP-2wLEB9Rv6erhFmqVnvg"]},{"@type":"WebPage","@id":"https:\/\/candas365.es\/noticias\/espana-logra-representacion-en-el-comite-internacional-de-pesas-y-medidas\/#webpage","url":"https:\/\/candas365.es\/noticias\/espana-logra-representacion-en-el-comite-internacional-de-pesas-y-medidas\/","name":"Espa\u00f1a logra representaci\u00f3n en el Comit\u00e9 Internacional de Pesas y Medidas | Cand\u00e1s 365","description":"La Conferencia General de Pesas y Medidas, que se celebrado entre el 13 y el 16 de noviembre en Versalles, ha elegido a la espa\u00f1ola Dolores del Campo como un nuevo miembro del Comit\u00e9 Internacional de Pesas y Medidas. Se trata del 'Comit\u00e9 de Sabios' de la Metrolog\u00eda a nivel mundial, siendo la m\u00e1xima autoridad","inLanguage":"es-ES","isPartOf":{"@id":"https:\/\/candas365.es\/noticias\/#website"},"breadcrumb":{"@id":"https:\/\/candas365.es\/noticias\/espana-logra-representacion-en-el-comite-internacional-de-pesas-y-medidas\/#breadcrumblist"},"author":{"@id":"https:\/\/candas365.es\/noticias\/author\/admin\/#author"},"creator":{"@id":"https:\/\/candas365.es\/noticias\/author\/admin\/#author"},"image":{"@type":"ImageObject","url":"https:\/\/candas365.es\/noticias\/wp-content\/uploads\/2018\/11\/310317SedeM.Econom\u00edaIndustr.jpg","@id":"https:\/\/candas365.es\/noticias\/espana-logra-representacion-en-el-comite-internacional-de-pesas-y-medidas\/#mainImage","width":512,"height":340},"primaryImageOfPage":{"@id":"https:\/\/candas365.es\/noticias\/espana-logra-representacion-en-el-comite-internacional-de-pesas-y-medidas\/#mainImage"},"datePublished":"2018-11-18T12:30:42+01:00","dateModified":"2018-11-18T12:30:42+01:00"},{"@type":"WebSite","@id":"https:\/\/candas365.es\/noticias\/#website","url":"https:\/\/candas365.es\/noticias\/","name":"Cand\u00e1s 365","alternateName":"Cand\u00e1s 365 Noticias","description":"Actualidad desde Carre\u00f1o para el mundo","inLanguage":"es-ES","publisher":{"@id":"https:\/\/candas365.es\/noticias\/#organization"}}]},"og:locale":"es_ES","og:site_name":"Cand\u00e1s 365","og:type":"article","og:title":"Espa\u00f1a logra representaci\u00f3n en el Comit\u00e9 Internacional de Pesas y Medidas | Cand\u00e1s 365","og:description":"La Conferencia General de Pesas y Medidas, que se celebrado entre el 13 y el 16 de noviembre en Versalles, ha elegido a la espa\u00f1ola Dolores del Campo como un nuevo miembro del Comit\u00e9 Internacional de Pesas y Medidas. Se trata del 'Comit\u00e9 de Sabios' de la Metrolog\u00eda a nivel mundial, siendo la m\u00e1xima autoridad","og:url":"https:\/\/candas365.es\/noticias\/espana-logra-representacion-en-el-comite-internacional-de-pesas-y-medidas\/","og:image":"https:\/\/candas365.es\/noticias\/wp-content\/uploads\/2018\/11\/310317SedeM.Econom\u00edaIndustr.jpg","og:image:secure_url":"https:\/\/candas365.es\/noticias\/wp-content\/uploads\/2018\/11\/310317SedeM.Econom\u00edaIndustr.jpg","og:image:width":512,"og:image:height":340,"article:published_time":"2018-11-18T12:30:42+00:00","article:modified_time":"2018-11-18T12:30:42+00:00","article:publisher":"https:\/\/www.facebook.com\/Nachofdezber","article:author":"https:\/\/www.facebook.com\/carrenoactualidad","twitter:card":"summary_large_image","twitter:site":"@NabercoDigital","twitter:title":"Espa\u00f1a logra representaci\u00f3n en el Comit\u00e9 Internacional de Pesas y Medidas | Cand\u00e1s 365","twitter:description":"La Conferencia General de Pesas y Medidas, que se celebrado entre el 13 y el 16 de noviembre en Versalles, ha elegido a la espa\u00f1ola Dolores del Campo como un nuevo miembro del Comit\u00e9 Internacional de Pesas y Medidas. Se trata del 'Comit\u00e9 de Sabios' de la Metrolog\u00eda a nivel mundial, siendo la m\u00e1xima autoridad","twitter:creator":"@nbasturias","twitter:image":"https:\/\/candas365.es\/noticias\/wp-content\/uploads\/2018\/11\/310317SedeM.Econom\u00edaIndustr.jpg","twitter:label1":"Escrito por","twitter:data1":"Cand\u00e1s 365","twitter:label2":"Tiempo de lectura estimado","twitter:data2":"2 minutos"},"aioseo_meta_data":{"post_id":"110098","title":null,"description":null,"keywords":null,"keyphrases":null,"primary_term":null,"canonical_url":null,"og_title":null,"og_description":null,"og_object_type":"default","og_image_type":"default","og_image_url":null,"og_image_width":null,"og_image_height":null,"og_image_custom_url":null,"og_image_custom_fields":null,"og_video":null,"og_custom_url":null,"og_article_section":null,"og_article_tags":null,"twitter_use_og":false,"twitter_card":"default","twitter_image_type":"default","twitter_image_url":null,"twitter_image_custom_url":null,"twitter_image_custom_fields":null,"twitter_title":null,"twitter_description":null,"schema":{"blockGraphs":[],"customGraphs":[],"default":{"data":{"Article":[],"Course":[],"Dataset":[],"FAQPage":[],"Movie":[],"Person":[],"Product":[],"ProductReview":[],"Car":[],"Recipe":[],"Service":[],"SoftwareApplication":[],"WebPage":[]},"graphName":"","isEnabled":true},"graphs":[]},"schema_type":null,"schema_type_options":null,"pillar_content":false,"robots_default":true,"robots_noindex":false,"robots_noarchive":false,"robots_nosnippet":false,"robots_nofollow":false,"robots_noimageindex":false,"robots_noodp":false,"robots_notranslate":false,"robots_max_snippet":null,"robots_max_videopreview":null,"robots_max_imagepreview":"large","priority":null,"frequency":null,"location":null,"local_seo":null,"seo_analyzer_scan_date":"2025-08-28 11:40:14","breadcrumb_settings":null,"limit_modified_date":false,"reviewed_by":null,"open_ai":null,"ai":null,"created":"2020-12-21 11:38:53","updated":"2025-08-28 11:40:14"},"aioseo_breadcrumb":"<div class=\"aioseo-breadcrumbs\"><span class=\"aioseo-breadcrumb\">\n\t<a href=\"https:\/\/candas365.es\/noticias\" title=\"Home\">Home<\/a>\n<\/span><span class=\"aioseo-breadcrumb-separator\">&ndash;<\/span><span class=\"aioseo-breadcrumb\">\n\t<a href=\"https:\/\/candas365.es\/noticias\/category\/actualidad\/\" title=\"Actualidad\">Actualidad<\/a>\n<\/span><span class=\"aioseo-breadcrumb-separator\">&ndash;<\/span><span class=\"aioseo-breadcrumb\">\n\tEspa\u00f1a logra representaci\u00f3n en el Comit\u00e9 Internacional de Pesas y Medidas\n<\/span><\/div>","aioseo_breadcrumb_json":[{"label":"Home","link":"https:\/\/candas365.es\/noticias"},{"label":"Actualidad","link":"https:\/\/candas365.es\/noticias\/category\/actualidad\/"},{"label":"Espa\u00f1a logra representaci\u00f3n en el Comit\u00e9 Internacional de Pesas y Medidas","link":"https:\/\/candas365.es\/noticias\/espana-logra-representacion-en-el-comite-internacional-de-pesas-y-medidas\/"}],"_links":{"self":[{"href":"https:\/\/candas365.es\/noticias\/wp-json\/wp\/v2\/posts\/110098","targetHints":{"allow":["GET"]}}],"collection":[{"href":"https:\/\/candas365.es\/noticias\/wp-json\/wp\/v2\/posts"}],"about":[{"href":"https:\/\/candas365.es\/noticias\/wp-json\/wp\/v2\/types\/post"}],"author":[{"embeddable":true,"href":"https:\/\/candas365.es\/noticias\/wp-json\/wp\/v2\/users\/1"}],"replies":[{"embeddable":true,"href":"https:\/\/candas365.es\/noticias\/wp-json\/wp\/v2\/comments?post=110098"}],"version-history":[{"count":0,"href":"https:\/\/candas365.es\/noticias\/wp-json\/wp\/v2\/posts\/110098\/revisions"}],"wp:featuredmedia":[{"embeddable":true,"href":"https:\/\/candas365.es\/noticias\/wp-json\/wp\/v2\/media\/110099"}],"wp:attachment":[{"href":"https:\/\/candas365.es\/noticias\/wp-json\/wp\/v2\/media?parent=110098"}],"wp:term":[{"taxonomy":"category","embeddable":true,"href":"https:\/\/candas365.es\/noticias\/wp-json\/wp\/v2\/categories?post=110098"},{"taxonomy":"post_tag","embeddable":true,"href":"https:\/\/candas365.es\/noticias\/wp-json\/wp\/v2\/tags?post=110098"}],"curies":[{"name":"wp","href":"https:\/\/api.w.org\/{rel}","templated":true}]}}