{"id":110089,"date":"2018-11-17T20:02:23","date_gmt":"2018-11-17T20:02:23","guid":{"rendered":"http:\/\/candas365.es\/noticias\/?p=110089"},"modified":"2018-11-17T20:02:23","modified_gmt":"2018-11-17T20:02:23","slug":"neureuther-se-fractura-el-pulgar-y-pone-en-duda-su-regreso","status":"publish","type":"post","link":"https:\/\/candas365.es\/noticias\/neureuther-se-fractura-el-pulgar-y-pone-en-duda-su-regreso\/","title":{"rendered":"Neureuther se fractura el pulgar y pone en duda su regreso"},"content":{"rendered":"<p><img fetchpriority=\"high\" decoding=\"async\" class=\"alignleft size-medium wp-image-110090\" src=\"https:\/\/candas365.es\/noticias\/wp-content\/uploads\/2018\/11\/skis-584600_960_720-360x240.jpg\" alt=\"\" width=\"360\" height=\"240\" srcset=\"https:\/\/candas365.es\/noticias\/wp-content\/uploads\/2018\/11\/skis-584600_960_720-360x240.jpg 360w, https:\/\/candas365.es\/noticias\/wp-content\/uploads\/2018\/11\/skis-584600_960_720-768x512.jpg 768w, https:\/\/candas365.es\/noticias\/wp-content\/uploads\/2018\/11\/skis-584600_960_720-655x437.jpg 655w, https:\/\/candas365.es\/noticias\/wp-content\/uploads\/2018\/11\/skis-584600_960_720-696x464.jpg 696w, https:\/\/candas365.es\/noticias\/wp-content\/uploads\/2018\/11\/skis-584600_960_720-630x420.jpg 630w, https:\/\/candas365.es\/noticias\/wp-content\/uploads\/2018\/11\/skis-584600_960_720.jpg 960w\" sizes=\"(max-width: 360px) 100vw, 360px\" \/>Levi (Finlandia), 17 nov (dpa) &#8211; El alem\u00e1n Felix Neureuther se quebr\u00f3 ayer el dedo pulgar de la mano derecha, por lo que su planeado regreso para la etapa del domingo en la Copa del Mundo de esqu\u00ed alpino tras recuperarse de una seria lesi\u00f3n de rodilla qued\u00f3 en duda.<\/p>\n<p>\u00abMe disloqu\u00e9 y me romp\u00ed el pulgar durante el entrenamiento de hoy. Necesitar\u00e9 una cirug\u00eda cuando regrese a Alemania\u00bb, escribi\u00f3 ayer Neureuther en su p\u00e1gina de Facebook. \u00abSer\u00e1 muy dif\u00edcil competir el domingo, pero definitivamente lo intentar\u00e9\u00bb, indic\u00f3 el esquiador de 34 a\u00f1os.<\/p>\n<p>Neureuther se rompi\u00f3 los ligamentos cruzados de la rodilla derecha a fines de noviembre del a\u00f1o pasado y ten\u00eda planeado regresar a la acci\u00f3n en el slalom que se llevar\u00e1 a cabo este domingo en Levi, Finlandia, en una etapa de la Copa del Mundo de esqu\u00ed alpino.<\/p>\n<p>El alem\u00e1n se impuso en la carrera el a\u00f1o pasado, en la que fue su \u00faltima competici\u00f3n antes de la lesi\u00f3n de rodilla. Para poder competir en la estaci\u00f3n finlandesa, el germano deber\u00e1 encontrar la manera de sujetar el bast\u00f3n sin utilizar su dedo pulgar.<\/p>\n","protected":false},"excerpt":{"rendered":"<p>Levi (Finlandia), 17 nov (dpa) &#8211; El alem\u00e1n Felix Neureuther se quebr\u00f3 ayer el dedo pulgar de la mano derecha, por lo que su planeado regreso para la etapa del domingo en la Copa del Mundo de esqu\u00ed alpino tras recuperarse de una seria lesi\u00f3n de rodilla qued\u00f3 en duda. \u00abMe disloqu\u00e9 y me romp\u00ed<\/p>\n","protected":false},"author":1,"featured_media":110090,"comment_status":"closed","ping_status":"closed","sticky":false,"template":"","format":"standard","meta":{"footnotes":""},"categories":[319],"tags":[],"class_list":{"0":"post-110089","1":"post","2":"type-post","3":"status-publish","4":"format-standard","5":"has-post-thumbnail","7":"category-deporte"},"aioseo_notices":[],"aioseo_head":"\n\t\t<!-- All in One SEO Pro 4.9.6.2 - aioseo.com -->\n\t<meta name=\"description\" content=\"Levi (Finlandia), 17 nov (dpa) - El alem\u00e1n Felix Neureuther se quebr\u00f3 ayer el dedo pulgar de la mano derecha, por lo que su planeado regreso para la etapa del domingo en la Copa del Mundo de esqu\u00ed alpino tras recuperarse de una seria lesi\u00f3n de rodilla qued\u00f3 en duda. &quot;Me disloqu\u00e9 y me romp\u00ed\" \/>\n\t<meta name=\"robots\" content=\"max-image-preview:large\" \/>\n\t<meta name=\"author\" content=\"Cand\u00e1s 365\"\/>\n\t<meta name=\"google-site-verification\" content=\"UA-32230408-1\" \/>\n\t<meta name=\"msvalidate.01\" content=\"354F3CDFB2DA171B47FBE9ABF1F88D5\" \/>\n\t<meta name=\"keywords\" content=\"deporte\" \/>\n\t<link rel=\"canonical\" href=\"https:\/\/candas365.es\/noticias\/neureuther-se-fractura-el-pulgar-y-pone-en-duda-su-regreso\/\" \/>\n\t<meta name=\"generator\" content=\"All in One SEO Pro (AIOSEO) 4.9.6.2\" \/>\n\t\t<meta property=\"og:locale\" content=\"es_ES\" \/>\n\t\t<meta property=\"og:site_name\" content=\"Cand\u00e1s 365\" \/>\n\t\t<meta property=\"og:type\" content=\"article\" \/>\n\t\t<meta property=\"og:title\" content=\"Neureuther se fractura el pulgar y pone en duda su regreso | Cand\u00e1s 365\" \/>\n\t\t<meta property=\"og:description\" content=\"Levi (Finlandia), 17 nov (dpa) - El alem\u00e1n Felix Neureuther se quebr\u00f3 ayer el dedo pulgar de la mano derecha, por lo que su planeado regreso para la etapa del domingo en la Copa del Mundo de esqu\u00ed alpino tras recuperarse de una seria lesi\u00f3n de rodilla qued\u00f3 en duda. &quot;Me disloqu\u00e9 y me romp\u00ed\" \/>\n\t\t<meta property=\"og:url\" content=\"https:\/\/candas365.es\/noticias\/neureuther-se-fractura-el-pulgar-y-pone-en-duda-su-regreso\/\" \/>\n\t\t<meta property=\"og:image\" content=\"https:\/\/candas365.es\/noticias\/wp-content\/uploads\/2018\/11\/skis-584600_960_720.jpg\" \/>\n\t\t<meta property=\"og:image:secure_url\" content=\"https:\/\/candas365.es\/noticias\/wp-content\/uploads\/2018\/11\/skis-584600_960_720.jpg\" \/>\n\t\t<meta property=\"og:image:width\" content=\"960\" \/>\n\t\t<meta property=\"og:image:height\" content=\"640\" \/>\n\t\t<meta property=\"article:published_time\" content=\"2018-11-17T20:02:23+00:00\" \/>\n\t\t<meta property=\"article:modified_time\" content=\"2018-11-17T20:02:23+00:00\" \/>\n\t\t<meta property=\"article:publisher\" content=\"https:\/\/www.facebook.com\/Nachofdezber\" \/>\n\t\t<meta property=\"article:author\" content=\"https:\/\/www.facebook.com\/carrenoactualidad\" \/>\n\t\t<meta name=\"twitter:card\" content=\"summary_large_image\" \/>\n\t\t<meta name=\"twitter:site\" content=\"@NabercoDigital\" \/>\n\t\t<meta name=\"twitter:title\" content=\"Neureuther se fractura el pulgar y pone en duda su regreso | Cand\u00e1s 365\" \/>\n\t\t<meta name=\"twitter:description\" content=\"Levi (Finlandia), 17 nov (dpa) - El alem\u00e1n Felix Neureuther se quebr\u00f3 ayer el dedo pulgar de la mano derecha, por lo que su planeado regreso para la etapa del domingo en la Copa del Mundo de esqu\u00ed alpino tras recuperarse de una seria lesi\u00f3n de rodilla qued\u00f3 en duda. &quot;Me disloqu\u00e9 y me romp\u00ed\" \/>\n\t\t<meta name=\"twitter:creator\" content=\"@nbasturias\" \/>\n\t\t<meta name=\"twitter:image\" content=\"https:\/\/candas365.es\/noticias\/wp-content\/uploads\/2018\/11\/skis-584600_960_720.jpg\" \/>\n\t\t<meta name=\"twitter:label1\" content=\"Escrito por\" \/>\n\t\t<meta name=\"twitter:data1\" content=\"Cand\u00e1s 365\" \/>\n\t\t<meta name=\"twitter:label2\" content=\"Tiempo de lectura estimado\" \/>\n\t\t<meta name=\"twitter:data2\" content=\"1 minuto\" \/>\n\t\t<script type=\"application\/ld+json\" class=\"aioseo-schema\">\n\t\t\t{\"@context\":\"https:\\\/\\\/schema.org\",\"@graph\":[{\"@type\":\"BreadcrumbList\",\"@id\":\"https:\\\/\\\/candas365.es\\\/noticias\\\/neureuther-se-fractura-el-pulgar-y-pone-en-duda-su-regreso\\\/#breadcrumblist\",\"itemListElement\":[{\"@type\":\"ListItem\",\"@id\":\"https:\\\/\\\/candas365.es\\\/noticias#listItem\",\"position\":1,\"name\":\"Home\",\"item\":\"https:\\\/\\\/candas365.es\\\/noticias\",\"nextItem\":{\"@type\":\"ListItem\",\"@id\":\"https:\\\/\\\/candas365.es\\\/noticias\\\/category\\\/deporte\\\/#listItem\",\"name\":\"Deporte\"}},{\"@type\":\"ListItem\",\"@id\":\"https:\\\/\\\/candas365.es\\\/noticias\\\/category\\\/deporte\\\/#listItem\",\"position\":2,\"name\":\"Deporte\",\"item\":\"https:\\\/\\\/candas365.es\\\/noticias\\\/category\\\/deporte\\\/\",\"nextItem\":{\"@type\":\"ListItem\",\"@id\":\"https:\\\/\\\/candas365.es\\\/noticias\\\/neureuther-se-fractura-el-pulgar-y-pone-en-duda-su-regreso\\\/#listItem\",\"name\":\"Neureuther se fractura el pulgar y pone en duda su regreso\"},\"previousItem\":{\"@type\":\"ListItem\",\"@id\":\"https:\\\/\\\/candas365.es\\\/noticias#listItem\",\"name\":\"Home\"}},{\"@type\":\"ListItem\",\"@id\":\"https:\\\/\\\/candas365.es\\\/noticias\\\/neureuther-se-fractura-el-pulgar-y-pone-en-duda-su-regreso\\\/#listItem\",\"position\":3,\"name\":\"Neureuther se fractura el pulgar y pone en duda su regreso\",\"previousItem\":{\"@type\":\"ListItem\",\"@id\":\"https:\\\/\\\/candas365.es\\\/noticias\\\/category\\\/deporte\\\/#listItem\",\"name\":\"Deporte\"}}]},{\"@type\":\"NewsArticle\",\"@id\":\"https:\\\/\\\/candas365.es\\\/noticias\\\/neureuther-se-fractura-el-pulgar-y-pone-en-duda-su-regreso\\\/#newsarticle\",\"name\":\"Neureuther se fractura el pulgar y pone en duda su regreso | Cand\\u00e1s 365\",\"headline\":\"Neureuther se fractura el pulgar y pone en duda su regreso\",\"author\":{\"@id\":\"https:\\\/\\\/candas365.es\\\/noticias\\\/author\\\/admin\\\/#author\"},\"publisher\":{\"@id\":\"https:\\\/\\\/candas365.es\\\/noticias\\\/#organization\"},\"image\":{\"@type\":\"ImageObject\",\"url\":\"https:\\\/\\\/candas365.es\\\/noticias\\\/wp-content\\\/uploads\\\/2018\\\/11\\\/skis-584600_960_720.jpg\",\"width\":960,\"height\":640},\"datePublished\":\"2018-11-17T20:02:23+01:00\",\"dateModified\":\"2018-11-17T20:02:23+01:00\",\"inLanguage\":\"es-ES\",\"mainEntityOfPage\":{\"@id\":\"https:\\\/\\\/candas365.es\\\/noticias\\\/neureuther-se-fractura-el-pulgar-y-pone-en-duda-su-regreso\\\/#webpage\"},\"isPartOf\":{\"@id\":\"https:\\\/\\\/candas365.es\\\/noticias\\\/neureuther-se-fractura-el-pulgar-y-pone-en-duda-su-regreso\\\/#webpage\"},\"articleSection\":\"Deporte\",\"dateline\":\"Publicado el noviembre 17, 2018.\"},{\"@type\":\"Organization\",\"@id\":\"https:\\\/\\\/candas365.es\\\/noticias\\\/#organization\",\"name\":\"Cand\\u00e1s 365\",\"description\":\"Cand\\u00e1s 365 es un diario digital independiente, fundado en 2012, con base en Asturias. Informamos con rigor sobre actualidad, sociedad, cultura y ocio, con una mirada local y global.\",\"url\":\"https:\\\/\\\/candas365.es\\\/noticias\\\/\",\"email\":\"info@candas365.es\",\"telephone\":\"+34652131393\",\"foundingDate\":\"2012-06-10\",\"logo\":{\"@type\":\"ImageObject\",\"url\":\"https:\\\/\\\/candas365.es\\\/noticias\\\/wp-content\\\/uploads\\\/2024\\\/09\\\/Candas-365-Redes.jpg\",\"@id\":\"https:\\\/\\\/candas365.es\\\/noticias\\\/neureuther-se-fractura-el-pulgar-y-pone-en-duda-su-regreso\\\/#organizationLogo\",\"width\":1152,\"height\":864,\"caption\":\"Cand\\u00e1s 365 Redes\"},\"image\":{\"@id\":\"https:\\\/\\\/candas365.es\\\/noticias\\\/neureuther-se-fractura-el-pulgar-y-pone-en-duda-su-regreso\\\/#organizationLogo\"},\"sameAs\":[\"https:\\\/\\\/www.facebook.com\\\/Nachofdezber\",\"https:\\\/\\\/x.com\\\/NabercoDigital\",\"https:\\\/\\\/www.instagram.com\\\/nachofdezber\\\/\",\"https:\\\/\\\/www.youtube.com\\\/channel\\\/UCZP-2wLEB9Rv6erhFmqVnvg\"],\"address\":{\"@id\":\"https:\\\/\\\/candas365.es\\\/noticias\\\/#postaladdress\",\"@type\":\"PostalAddress\",\"streetAddress\":\"san antonio 4, san antonio 4\",\"postalCode\":\"33430\",\"addressLocality\":\"Cand\\u00e1s\",\"addressRegion\":\"Asturias\",\"addressCountry\":\"ES\"}},{\"@type\":\"Person\",\"@id\":\"https:\\\/\\\/candas365.es\\\/noticias\\\/author\\\/admin\\\/#author\",\"url\":\"https:\\\/\\\/candas365.es\\\/noticias\\\/author\\\/admin\\\/\",\"name\":\"Cand\\u00e1s 365\",\"image\":{\"@type\":\"ImageObject\",\"@id\":\"https:\\\/\\\/candas365.es\\\/noticias\\\/neureuther-se-fractura-el-pulgar-y-pone-en-duda-su-regreso\\\/#authorImage\",\"url\":\"https:\\\/\\\/secure.gravatar.com\\\/avatar\\\/496a8e03d0c493ede1718b7934145dbdf8d89be1036b0eec9544e1094c9de390?s=96&d=mm&r=g\",\"width\":96,\"height\":96,\"caption\":\"Cand\\u00e1s 365\"},\"sameAs\":[\"https:\\\/\\\/www.facebook.com\\\/carrenoactualidad\",\"https:\\\/\\\/twitter.com\\\/nbasturias\",\"https:\\\/\\\/www.instagram.com\\\/nachofdezber\\\/\",\"https:\\\/\\\/www.youtube.com\\\/channel\\\/UCZP-2wLEB9Rv6erhFmqVnvg\"]},{\"@type\":\"WebPage\",\"@id\":\"https:\\\/\\\/candas365.es\\\/noticias\\\/neureuther-se-fractura-el-pulgar-y-pone-en-duda-su-regreso\\\/#webpage\",\"url\":\"https:\\\/\\\/candas365.es\\\/noticias\\\/neureuther-se-fractura-el-pulgar-y-pone-en-duda-su-regreso\\\/\",\"name\":\"Neureuther se fractura el pulgar y pone en duda su regreso | Cand\\u00e1s 365\",\"description\":\"Levi (Finlandia), 17 nov (dpa) - El alem\\u00e1n Felix Neureuther se quebr\\u00f3 ayer el dedo pulgar de la mano derecha, por lo que su planeado regreso para la etapa del domingo en la Copa del Mundo de esqu\\u00ed alpino tras recuperarse de una seria lesi\\u00f3n de rodilla qued\\u00f3 en duda. \\\"Me disloqu\\u00e9 y me romp\\u00ed\",\"inLanguage\":\"es-ES\",\"isPartOf\":{\"@id\":\"https:\\\/\\\/candas365.es\\\/noticias\\\/#website\"},\"breadcrumb\":{\"@id\":\"https:\\\/\\\/candas365.es\\\/noticias\\\/neureuther-se-fractura-el-pulgar-y-pone-en-duda-su-regreso\\\/#breadcrumblist\"},\"author\":{\"@id\":\"https:\\\/\\\/candas365.es\\\/noticias\\\/author\\\/admin\\\/#author\"},\"creator\":{\"@id\":\"https:\\\/\\\/candas365.es\\\/noticias\\\/author\\\/admin\\\/#author\"},\"image\":{\"@type\":\"ImageObject\",\"url\":\"https:\\\/\\\/candas365.es\\\/noticias\\\/wp-content\\\/uploads\\\/2018\\\/11\\\/skis-584600_960_720.jpg\",\"@id\":\"https:\\\/\\\/candas365.es\\\/noticias\\\/neureuther-se-fractura-el-pulgar-y-pone-en-duda-su-regreso\\\/#mainImage\",\"width\":960,\"height\":640},\"primaryImageOfPage\":{\"@id\":\"https:\\\/\\\/candas365.es\\\/noticias\\\/neureuther-se-fractura-el-pulgar-y-pone-en-duda-su-regreso\\\/#mainImage\"},\"datePublished\":\"2018-11-17T20:02:23+01:00\",\"dateModified\":\"2018-11-17T20:02:23+01:00\"},{\"@type\":\"WebSite\",\"@id\":\"https:\\\/\\\/candas365.es\\\/noticias\\\/#website\",\"url\":\"https:\\\/\\\/candas365.es\\\/noticias\\\/\",\"name\":\"Cand\\u00e1s 365\",\"alternateName\":\"Cand\\u00e1s 365 Noticias\",\"description\":\"Actualidad desde Carre\\u00f1o para el mundo\",\"inLanguage\":\"es-ES\",\"publisher\":{\"@id\":\"https:\\\/\\\/candas365.es\\\/noticias\\\/#organization\"}}]}\n\t\t<\/script>\n\t\t<!-- All in One SEO Pro -->\r\n\t\t<title>Neureuther se fractura el pulgar y pone en duda su regreso | Cand\u00e1s 365<\/title>\n\n","aioseo_head_json":{"title":"Neureuther se fractura el pulgar y pone en duda su regreso | Cand\u00e1s 365","description":"Levi (Finlandia), 17 nov (dpa) - El alem\u00e1n Felix Neureuther se quebr\u00f3 ayer el dedo pulgar de la mano derecha, por lo que su planeado regreso para la etapa del domingo en la Copa del Mundo de esqu\u00ed alpino tras recuperarse de una seria lesi\u00f3n de rodilla qued\u00f3 en duda. \"Me disloqu\u00e9 y me romp\u00ed","canonical_url":"https:\/\/candas365.es\/noticias\/neureuther-se-fractura-el-pulgar-y-pone-en-duda-su-regreso\/","robots":"max-image-preview:large","keywords":"deporte","webmasterTools":{"google-site-verification":"UA-32230408-1","msvalidate.01":"354F3CDFB2DA171B47FBE9ABF1F88D5","miscellaneous":""},"schema":{"@context":"https:\/\/schema.org","@graph":[{"@type":"BreadcrumbList","@id":"https:\/\/candas365.es\/noticias\/neureuther-se-fractura-el-pulgar-y-pone-en-duda-su-regreso\/#breadcrumblist","itemListElement":[{"@type":"ListItem","@id":"https:\/\/candas365.es\/noticias#listItem","position":1,"name":"Home","item":"https:\/\/candas365.es\/noticias","nextItem":{"@type":"ListItem","@id":"https:\/\/candas365.es\/noticias\/category\/deporte\/#listItem","name":"Deporte"}},{"@type":"ListItem","@id":"https:\/\/candas365.es\/noticias\/category\/deporte\/#listItem","position":2,"name":"Deporte","item":"https:\/\/candas365.es\/noticias\/category\/deporte\/","nextItem":{"@type":"ListItem","@id":"https:\/\/candas365.es\/noticias\/neureuther-se-fractura-el-pulgar-y-pone-en-duda-su-regreso\/#listItem","name":"Neureuther se fractura el pulgar y pone en duda su regreso"},"previousItem":{"@type":"ListItem","@id":"https:\/\/candas365.es\/noticias#listItem","name":"Home"}},{"@type":"ListItem","@id":"https:\/\/candas365.es\/noticias\/neureuther-se-fractura-el-pulgar-y-pone-en-duda-su-regreso\/#listItem","position":3,"name":"Neureuther se fractura el pulgar y pone en duda su regreso","previousItem":{"@type":"ListItem","@id":"https:\/\/candas365.es\/noticias\/category\/deporte\/#listItem","name":"Deporte"}}]},{"@type":"NewsArticle","@id":"https:\/\/candas365.es\/noticias\/neureuther-se-fractura-el-pulgar-y-pone-en-duda-su-regreso\/#newsarticle","name":"Neureuther se fractura el pulgar y pone en duda su regreso | Cand\u00e1s 365","headline":"Neureuther se fractura el pulgar y pone en duda su regreso","author":{"@id":"https:\/\/candas365.es\/noticias\/author\/admin\/#author"},"publisher":{"@id":"https:\/\/candas365.es\/noticias\/#organization"},"image":{"@type":"ImageObject","url":"https:\/\/candas365.es\/noticias\/wp-content\/uploads\/2018\/11\/skis-584600_960_720.jpg","width":960,"height":640},"datePublished":"2018-11-17T20:02:23+01:00","dateModified":"2018-11-17T20:02:23+01:00","inLanguage":"es-ES","mainEntityOfPage":{"@id":"https:\/\/candas365.es\/noticias\/neureuther-se-fractura-el-pulgar-y-pone-en-duda-su-regreso\/#webpage"},"isPartOf":{"@id":"https:\/\/candas365.es\/noticias\/neureuther-se-fractura-el-pulgar-y-pone-en-duda-su-regreso\/#webpage"},"articleSection":"Deporte","dateline":"Publicado el noviembre 17, 2018."},{"@type":"Organization","@id":"https:\/\/candas365.es\/noticias\/#organization","name":"Cand\u00e1s 365","description":"Cand\u00e1s 365 es un diario digital independiente, fundado en 2012, con base en Asturias. Informamos con rigor sobre actualidad, sociedad, cultura y ocio, con una mirada local y global.","url":"https:\/\/candas365.es\/noticias\/","email":"info@candas365.es","telephone":"+34652131393","foundingDate":"2012-06-10","logo":{"@type":"ImageObject","url":"https:\/\/candas365.es\/noticias\/wp-content\/uploads\/2024\/09\/Candas-365-Redes.jpg","@id":"https:\/\/candas365.es\/noticias\/neureuther-se-fractura-el-pulgar-y-pone-en-duda-su-regreso\/#organizationLogo","width":1152,"height":864,"caption":"Cand\u00e1s 365 Redes"},"image":{"@id":"https:\/\/candas365.es\/noticias\/neureuther-se-fractura-el-pulgar-y-pone-en-duda-su-regreso\/#organizationLogo"},"sameAs":["https:\/\/www.facebook.com\/Nachofdezber","https:\/\/x.com\/NabercoDigital","https:\/\/www.instagram.com\/nachofdezber\/","https:\/\/www.youtube.com\/channel\/UCZP-2wLEB9Rv6erhFmqVnvg"],"address":{"@id":"https:\/\/candas365.es\/noticias\/#postaladdress","@type":"PostalAddress","streetAddress":"san antonio 4, san antonio 4","postalCode":"33430","addressLocality":"Cand\u00e1s","addressRegion":"Asturias","addressCountry":"ES"}},{"@type":"Person","@id":"https:\/\/candas365.es\/noticias\/author\/admin\/#author","url":"https:\/\/candas365.es\/noticias\/author\/admin\/","name":"Cand\u00e1s 365","image":{"@type":"ImageObject","@id":"https:\/\/candas365.es\/noticias\/neureuther-se-fractura-el-pulgar-y-pone-en-duda-su-regreso\/#authorImage","url":"https:\/\/secure.gravatar.com\/avatar\/496a8e03d0c493ede1718b7934145dbdf8d89be1036b0eec9544e1094c9de390?s=96&d=mm&r=g","width":96,"height":96,"caption":"Cand\u00e1s 365"},"sameAs":["https:\/\/www.facebook.com\/carrenoactualidad","https:\/\/twitter.com\/nbasturias","https:\/\/www.instagram.com\/nachofdezber\/","https:\/\/www.youtube.com\/channel\/UCZP-2wLEB9Rv6erhFmqVnvg"]},{"@type":"WebPage","@id":"https:\/\/candas365.es\/noticias\/neureuther-se-fractura-el-pulgar-y-pone-en-duda-su-regreso\/#webpage","url":"https:\/\/candas365.es\/noticias\/neureuther-se-fractura-el-pulgar-y-pone-en-duda-su-regreso\/","name":"Neureuther se fractura el pulgar y pone en duda su regreso | Cand\u00e1s 365","description":"Levi (Finlandia), 17 nov (dpa) - El alem\u00e1n Felix Neureuther se quebr\u00f3 ayer el dedo pulgar de la mano derecha, por lo que su planeado regreso para la etapa del domingo en la Copa del Mundo de esqu\u00ed alpino tras recuperarse de una seria lesi\u00f3n de rodilla qued\u00f3 en duda. \"Me disloqu\u00e9 y me romp\u00ed","inLanguage":"es-ES","isPartOf":{"@id":"https:\/\/candas365.es\/noticias\/#website"},"breadcrumb":{"@id":"https:\/\/candas365.es\/noticias\/neureuther-se-fractura-el-pulgar-y-pone-en-duda-su-regreso\/#breadcrumblist"},"author":{"@id":"https:\/\/candas365.es\/noticias\/author\/admin\/#author"},"creator":{"@id":"https:\/\/candas365.es\/noticias\/author\/admin\/#author"},"image":{"@type":"ImageObject","url":"https:\/\/candas365.es\/noticias\/wp-content\/uploads\/2018\/11\/skis-584600_960_720.jpg","@id":"https:\/\/candas365.es\/noticias\/neureuther-se-fractura-el-pulgar-y-pone-en-duda-su-regreso\/#mainImage","width":960,"height":640},"primaryImageOfPage":{"@id":"https:\/\/candas365.es\/noticias\/neureuther-se-fractura-el-pulgar-y-pone-en-duda-su-regreso\/#mainImage"},"datePublished":"2018-11-17T20:02:23+01:00","dateModified":"2018-11-17T20:02:23+01:00"},{"@type":"WebSite","@id":"https:\/\/candas365.es\/noticias\/#website","url":"https:\/\/candas365.es\/noticias\/","name":"Cand\u00e1s 365","alternateName":"Cand\u00e1s 365 Noticias","description":"Actualidad desde Carre\u00f1o para el mundo","inLanguage":"es-ES","publisher":{"@id":"https:\/\/candas365.es\/noticias\/#organization"}}]},"og:locale":"es_ES","og:site_name":"Cand\u00e1s 365","og:type":"article","og:title":"Neureuther se fractura el pulgar y pone en duda su regreso | Cand\u00e1s 365","og:description":"Levi (Finlandia), 17 nov (dpa) - El alem\u00e1n Felix Neureuther se quebr\u00f3 ayer el dedo pulgar de la mano derecha, por lo que su planeado regreso para la etapa del domingo en la Copa del Mundo de esqu\u00ed alpino tras recuperarse de una seria lesi\u00f3n de rodilla qued\u00f3 en duda. &quot;Me disloqu\u00e9 y me romp\u00ed","og:url":"https:\/\/candas365.es\/noticias\/neureuther-se-fractura-el-pulgar-y-pone-en-duda-su-regreso\/","og:image":"https:\/\/candas365.es\/noticias\/wp-content\/uploads\/2018\/11\/skis-584600_960_720.jpg","og:image:secure_url":"https:\/\/candas365.es\/noticias\/wp-content\/uploads\/2018\/11\/skis-584600_960_720.jpg","og:image:width":960,"og:image:height":640,"article:published_time":"2018-11-17T20:02:23+00:00","article:modified_time":"2018-11-17T20:02:23+00:00","article:publisher":"https:\/\/www.facebook.com\/Nachofdezber","article:author":"https:\/\/www.facebook.com\/carrenoactualidad","twitter:card":"summary_large_image","twitter:site":"@NabercoDigital","twitter:title":"Neureuther se fractura el pulgar y pone en duda su regreso | Cand\u00e1s 365","twitter:description":"Levi (Finlandia), 17 nov (dpa) - El alem\u00e1n Felix Neureuther se quebr\u00f3 ayer el dedo pulgar de la mano derecha, por lo que su planeado regreso para la etapa del domingo en la Copa del Mundo de esqu\u00ed alpino tras recuperarse de una seria lesi\u00f3n de rodilla qued\u00f3 en duda. &quot;Me disloqu\u00e9 y me romp\u00ed","twitter:creator":"@nbasturias","twitter:image":"https:\/\/candas365.es\/noticias\/wp-content\/uploads\/2018\/11\/skis-584600_960_720.jpg","twitter:label1":"Escrito por","twitter:data1":"Cand\u00e1s 365","twitter:label2":"Tiempo de lectura estimado","twitter:data2":"1 minuto"},"aioseo_meta_data":{"post_id":"110089","title":null,"description":null,"keywords":null,"keyphrases":null,"primary_term":null,"canonical_url":null,"og_title":null,"og_description":null,"og_object_type":"default","og_image_type":"default","og_image_url":null,"og_image_width":null,"og_image_height":null,"og_image_custom_url":null,"og_image_custom_fields":null,"og_video":null,"og_custom_url":null,"og_article_section":null,"og_article_tags":null,"twitter_use_og":false,"twitter_card":"default","twitter_image_type":"default","twitter_image_url":null,"twitter_image_custom_url":null,"twitter_image_custom_fields":null,"twitter_title":null,"twitter_description":null,"schema":{"blockGraphs":[],"customGraphs":[],"default":{"data":{"Article":[],"Course":[],"Dataset":[],"FAQPage":[],"Movie":[],"Person":[],"Product":[],"ProductReview":[],"Car":[],"Recipe":[],"Service":[],"SoftwareApplication":[],"WebPage":[]},"graphName":"","isEnabled":true},"graphs":[]},"schema_type":null,"schema_type_options":null,"pillar_content":false,"robots_default":true,"robots_noindex":false,"robots_noarchive":false,"robots_nosnippet":false,"robots_nofollow":false,"robots_noimageindex":false,"robots_noodp":false,"robots_notranslate":false,"robots_max_snippet":null,"robots_max_videopreview":null,"robots_max_imagepreview":"large","priority":null,"frequency":null,"location":null,"local_seo":null,"seo_analyzer_scan_date":"2025-08-28 11:38:14","breadcrumb_settings":null,"limit_modified_date":false,"reviewed_by":null,"open_ai":null,"ai":null,"created":"2020-12-21 11:38:53","updated":"2025-08-28 11:38:14"},"aioseo_breadcrumb":"<div class=\"aioseo-breadcrumbs\"><span class=\"aioseo-breadcrumb\">\n\t<a href=\"https:\/\/candas365.es\/noticias\" title=\"Home\">Home<\/a>\n<\/span><span class=\"aioseo-breadcrumb-separator\">&ndash;<\/span><span class=\"aioseo-breadcrumb\">\n\t<a href=\"https:\/\/candas365.es\/noticias\/category\/deporte\/\" title=\"Deporte\">Deporte<\/a>\n<\/span><span class=\"aioseo-breadcrumb-separator\">&ndash;<\/span><span class=\"aioseo-breadcrumb\">\n\tNeureuther se fractura el pulgar y pone en duda su regreso\n<\/span><\/div>","aioseo_breadcrumb_json":[{"label":"Home","link":"https:\/\/candas365.es\/noticias"},{"label":"Deporte","link":"https:\/\/candas365.es\/noticias\/category\/deporte\/"},{"label":"Neureuther se fractura el pulgar y pone en duda su regreso","link":"https:\/\/candas365.es\/noticias\/neureuther-se-fractura-el-pulgar-y-pone-en-duda-su-regreso\/"}],"_links":{"self":[{"href":"https:\/\/candas365.es\/noticias\/wp-json\/wp\/v2\/posts\/110089","targetHints":{"allow":["GET"]}}],"collection":[{"href":"https:\/\/candas365.es\/noticias\/wp-json\/wp\/v2\/posts"}],"about":[{"href":"https:\/\/candas365.es\/noticias\/wp-json\/wp\/v2\/types\/post"}],"author":[{"embeddable":true,"href":"https:\/\/candas365.es\/noticias\/wp-json\/wp\/v2\/users\/1"}],"replies":[{"embeddable":true,"href":"https:\/\/candas365.es\/noticias\/wp-json\/wp\/v2\/comments?post=110089"}],"version-history":[{"count":0,"href":"https:\/\/candas365.es\/noticias\/wp-json\/wp\/v2\/posts\/110089\/revisions"}],"wp:featuredmedia":[{"embeddable":true,"href":"https:\/\/candas365.es\/noticias\/wp-json\/wp\/v2\/media\/110090"}],"wp:attachment":[{"href":"https:\/\/candas365.es\/noticias\/wp-json\/wp\/v2\/media?parent=110089"}],"wp:term":[{"taxonomy":"category","embeddable":true,"href":"https:\/\/candas365.es\/noticias\/wp-json\/wp\/v2\/categories?post=110089"},{"taxonomy":"post_tag","embeddable":true,"href":"https:\/\/candas365.es\/noticias\/wp-json\/wp\/v2\/tags?post=110089"}],"curies":[{"name":"wp","href":"https:\/\/api.w.org\/{rel}","templated":true}]}}