{"id":110025,"date":"2018-11-16T20:16:19","date_gmt":"2018-11-16T20:16:19","guid":{"rendered":"http:\/\/candas365.es\/noticias\/?p=110025"},"modified":"2018-11-16T20:16:19","modified_gmt":"2018-11-16T20:16:19","slug":"merkel-visita-chemnitz","status":"publish","type":"post","link":"https:\/\/candas365.es\/noticias\/merkel-visita-chemnitz\/","title":{"rendered":"Merkel visita Chemnitz"},"content":{"rendered":"<p><img fetchpriority=\"high\" decoding=\"async\" class=\"alignleft size-medium wp-image-14622\" src=\"https:\/\/candas365.es\/noticias\/wp-content\/uploads\/2015\/08\/merkel-360x198.jpg\" alt=\"\" width=\"360\" height=\"198\" srcset=\"https:\/\/candas365.es\/noticias\/wp-content\/uploads\/2015\/08\/merkel-360x198.jpg 360w, https:\/\/candas365.es\/noticias\/wp-content\/uploads\/2015\/08\/merkel-650x357.jpg 650w, https:\/\/candas365.es\/noticias\/wp-content\/uploads\/2015\/08\/merkel-150x82.jpg 150w, https:\/\/candas365.es\/noticias\/wp-content\/uploads\/2015\/08\/merkel-450x247.jpg 450w, https:\/\/candas365.es\/noticias\/wp-content\/uploads\/2015\/08\/merkel.jpg 655w\" sizes=\"(max-width: 360px) 100vw, 360px\" \/>Chemnitz (Alemania), 16 nov (dpa) &#8211; La canciller alemana, Angela Merkel, inici\u00f3 hoy su controvertida visita a Chemnitz, foco de protestas ultraderechistas, con un encuentro con j\u00f3venes jugadores de baloncesto.<\/p>\n<p>La mandataria acudi\u00f3 al entrenamiento de los equipos sub-16 y sub-19 del equipo de segunda divisi\u00f3n el Niners Chemnitz, en el Richard-Hartmann-Hallek, en la ciudad en el este de Alemania.<\/p>\n<p>Acompa\u00f1ada de un gran n\u00famero de medios de comunicaci\u00f3n, intercambi\u00f3 unas palabras con jugadores, entrenadores y directivos del club, que le explicaron detalles sobre el trabajo con los j\u00f3venes.<\/p>\n<p>Su visita llega casi tres meses despu\u00e9s de que la muerte de un joven alem\u00e1n de origen cubano a manos supuestamente de un grupo de refugiados a finales de agosto desatara una serie de protestas de ultraderechistas, que hicieron un llamamiento a dar caza al inmigrante en Chemnitz. Su tardanza desat\u00f3 toda una serie de cr\u00edticas.<\/p>\n<p>La ciudad forma parte del estado federado de Sajonia, una regi\u00f3n feudo del partido populista de ultraderecha Alternativa para Alemania (AfD), donde las manifestaciones contra la pol\u00edtica migratoria de Merkel son particularmente feroces, despu\u00e9s de que s\u00f3lo en 2015 llegaran al pa\u00eds cerca de 900.000 refugiados.<\/p>\n<p>En la que es su segunda visita a la tercera mayor ciudad del este de Alemania, con casi 250.000 habitantes, desde 2009, Merkel acudir\u00e1 tambi\u00e9n a un encuentro organizado por el diario alem\u00e1n \u00abFreie Presse\u00bb con sus lectores, cuya invitaci\u00f3n fue el motivo principal de este viaje. Unos 100 suscriptores del rotativo de Chemnitz podr\u00e1n debatir con Merkel durante dos horas.<\/p>\n<p>Entre los dos actos mantendr\u00e1 una reuni\u00f3n a puerta cerrada con el primer ministro de Sajonia, el conservador Michael Kretschmer, y la alcaldesa de la ciudad, Barbara Ludwig.<\/p>\n<p>La Polic\u00eda est\u00e1 preparando un gran despliegue de seguridad para hacer frente a todas las posibles eventualidades y a la manifestaci\u00f3n de esta tarde convocada por la ultraderecha. Junto con los agentes de Sajonia habr\u00e1 fuerzas de antidisturbios de Baden-Wurtemberg, Renania del Norte-Westfalia y Turingia, as\u00ed como la Polic\u00eda federal alemana.<\/p>\n","protected":false},"excerpt":{"rendered":"<p>Chemnitz (Alemania), 16 nov (dpa) &#8211; La canciller alemana, Angela Merkel, inici\u00f3 hoy su controvertida visita a Chemnitz, foco de protestas ultraderechistas, con un encuentro con j\u00f3venes jugadores de baloncesto. La mandataria acudi\u00f3 al entrenamiento de los equipos sub-16 y sub-19 del equipo de segunda divisi\u00f3n el Niners Chemnitz, en el Richard-Hartmann-Hallek, en la ciudad<\/p>\n","protected":false},"author":1,"featured_media":14622,"comment_status":"closed","ping_status":"closed","sticky":false,"template":"","format":"standard","meta":{"footnotes":""},"categories":[343],"tags":[],"class_list":{"0":"post-110025","1":"post","2":"type-post","3":"status-publish","4":"format-standard","5":"has-post-thumbnail","7":"category-actualidad"},"aioseo_notices":[],"aioseo_head":"\n\t\t<!-- All in One SEO Pro 4.9.6.2 - aioseo.com -->\n\t<meta name=\"description\" content=\"Chemnitz (Alemania), 16 nov (dpa) - La canciller alemana, Angela Merkel, inici\u00f3 hoy su controvertida visita a Chemnitz, foco de protestas ultraderechistas, con un encuentro con j\u00f3venes jugadores de baloncesto. La mandataria acudi\u00f3 al entrenamiento de los equipos sub-16 y sub-19 del equipo de segunda divisi\u00f3n el Niners Chemnitz, en el Richard-Hartmann-Hallek, en la ciudad\" \/>\n\t<meta name=\"robots\" content=\"max-image-preview:large\" \/>\n\t<meta name=\"author\" content=\"Cand\u00e1s 365\"\/>\n\t<meta name=\"google-site-verification\" content=\"UA-32230408-1\" \/>\n\t<meta name=\"msvalidate.01\" content=\"354F3CDFB2DA171B47FBE9ABF1F88D5\" \/>\n\t<meta name=\"keywords\" content=\"actualidad\" \/>\n\t<link rel=\"canonical\" href=\"https:\/\/candas365.es\/noticias\/merkel-visita-chemnitz\/\" \/>\n\t<meta name=\"generator\" content=\"All in One SEO Pro (AIOSEO) 4.9.6.2\" \/>\n\t\t<meta property=\"og:locale\" content=\"es_ES\" \/>\n\t\t<meta property=\"og:site_name\" content=\"Cand\u00e1s 365\" \/>\n\t\t<meta property=\"og:type\" content=\"article\" \/>\n\t\t<meta property=\"og:title\" content=\"Merkel visita Chemnitz | Cand\u00e1s 365\" \/>\n\t\t<meta property=\"og:description\" content=\"Chemnitz (Alemania), 16 nov (dpa) - La canciller alemana, Angela Merkel, inici\u00f3 hoy su controvertida visita a Chemnitz, foco de protestas ultraderechistas, con un encuentro con j\u00f3venes jugadores de baloncesto. La mandataria acudi\u00f3 al entrenamiento de los equipos sub-16 y sub-19 del equipo de segunda divisi\u00f3n el Niners Chemnitz, en el Richard-Hartmann-Hallek, en la ciudad\" \/>\n\t\t<meta property=\"og:url\" content=\"https:\/\/candas365.es\/noticias\/merkel-visita-chemnitz\/\" \/>\n\t\t<meta property=\"og:image\" content=\"https:\/\/candas365.es\/noticias\/wp-content\/uploads\/2015\/08\/merkel.jpg\" \/>\n\t\t<meta property=\"og:image:secure_url\" content=\"https:\/\/candas365.es\/noticias\/wp-content\/uploads\/2015\/08\/merkel.jpg\" \/>\n\t\t<meta property=\"og:image:width\" content=\"655\" \/>\n\t\t<meta property=\"og:image:height\" content=\"360\" \/>\n\t\t<meta property=\"article:published_time\" content=\"2018-11-16T20:16:19+00:00\" \/>\n\t\t<meta property=\"article:modified_time\" content=\"2018-11-16T20:16:19+00:00\" \/>\n\t\t<meta property=\"article:publisher\" content=\"https:\/\/www.facebook.com\/Nachofdezber\" \/>\n\t\t<meta property=\"article:author\" content=\"https:\/\/www.facebook.com\/carrenoactualidad\" \/>\n\t\t<meta name=\"twitter:card\" content=\"summary_large_image\" \/>\n\t\t<meta name=\"twitter:site\" content=\"@NabercoDigital\" \/>\n\t\t<meta name=\"twitter:title\" content=\"Merkel visita Chemnitz | Cand\u00e1s 365\" \/>\n\t\t<meta name=\"twitter:description\" content=\"Chemnitz (Alemania), 16 nov (dpa) - La canciller alemana, Angela Merkel, inici\u00f3 hoy su controvertida visita a Chemnitz, foco de protestas ultraderechistas, con un encuentro con j\u00f3venes jugadores de baloncesto. La mandataria acudi\u00f3 al entrenamiento de los equipos sub-16 y sub-19 del equipo de segunda divisi\u00f3n el Niners Chemnitz, en el Richard-Hartmann-Hallek, en la ciudad\" \/>\n\t\t<meta name=\"twitter:creator\" content=\"@nbasturias\" \/>\n\t\t<meta name=\"twitter:image\" content=\"https:\/\/candas365.es\/noticias\/wp-content\/uploads\/2015\/08\/merkel.jpg\" \/>\n\t\t<meta name=\"twitter:label1\" content=\"Escrito por\" \/>\n\t\t<meta name=\"twitter:data1\" content=\"Cand\u00e1s 365\" \/>\n\t\t<meta name=\"twitter:label2\" content=\"Tiempo de lectura estimado\" \/>\n\t\t<meta name=\"twitter:data2\" content=\"2 minutos\" \/>\n\t\t<script type=\"application\/ld+json\" class=\"aioseo-schema\">\n\t\t\t{\"@context\":\"https:\\\/\\\/schema.org\",\"@graph\":[{\"@type\":\"BreadcrumbList\",\"@id\":\"https:\\\/\\\/candas365.es\\\/noticias\\\/merkel-visita-chemnitz\\\/#breadcrumblist\",\"itemListElement\":[{\"@type\":\"ListItem\",\"@id\":\"https:\\\/\\\/candas365.es\\\/noticias#listItem\",\"position\":1,\"name\":\"Home\",\"item\":\"https:\\\/\\\/candas365.es\\\/noticias\",\"nextItem\":{\"@type\":\"ListItem\",\"@id\":\"https:\\\/\\\/candas365.es\\\/noticias\\\/category\\\/actualidad\\\/#listItem\",\"name\":\"Actualidad\"}},{\"@type\":\"ListItem\",\"@id\":\"https:\\\/\\\/candas365.es\\\/noticias\\\/category\\\/actualidad\\\/#listItem\",\"position\":2,\"name\":\"Actualidad\",\"item\":\"https:\\\/\\\/candas365.es\\\/noticias\\\/category\\\/actualidad\\\/\",\"nextItem\":{\"@type\":\"ListItem\",\"@id\":\"https:\\\/\\\/candas365.es\\\/noticias\\\/merkel-visita-chemnitz\\\/#listItem\",\"name\":\"Merkel visita Chemnitz\"},\"previousItem\":{\"@type\":\"ListItem\",\"@id\":\"https:\\\/\\\/candas365.es\\\/noticias#listItem\",\"name\":\"Home\"}},{\"@type\":\"ListItem\",\"@id\":\"https:\\\/\\\/candas365.es\\\/noticias\\\/merkel-visita-chemnitz\\\/#listItem\",\"position\":3,\"name\":\"Merkel visita Chemnitz\",\"previousItem\":{\"@type\":\"ListItem\",\"@id\":\"https:\\\/\\\/candas365.es\\\/noticias\\\/category\\\/actualidad\\\/#listItem\",\"name\":\"Actualidad\"}}]},{\"@type\":\"NewsArticle\",\"@id\":\"https:\\\/\\\/candas365.es\\\/noticias\\\/merkel-visita-chemnitz\\\/#newsarticle\",\"name\":\"Merkel visita Chemnitz | Cand\\u00e1s 365\",\"headline\":\"Merkel visita Chemnitz\",\"author\":{\"@id\":\"https:\\\/\\\/candas365.es\\\/noticias\\\/author\\\/admin\\\/#author\"},\"publisher\":{\"@id\":\"https:\\\/\\\/candas365.es\\\/noticias\\\/#organization\"},\"image\":{\"@type\":\"ImageObject\",\"url\":\"https:\\\/\\\/candas365.es\\\/noticias\\\/wp-content\\\/uploads\\\/2015\\\/08\\\/merkel.jpg\",\"width\":655,\"height\":360},\"datePublished\":\"2018-11-16T20:16:19+01:00\",\"dateModified\":\"2018-11-16T20:16:19+01:00\",\"inLanguage\":\"es-ES\",\"mainEntityOfPage\":{\"@id\":\"https:\\\/\\\/candas365.es\\\/noticias\\\/merkel-visita-chemnitz\\\/#webpage\"},\"isPartOf\":{\"@id\":\"https:\\\/\\\/candas365.es\\\/noticias\\\/merkel-visita-chemnitz\\\/#webpage\"},\"articleSection\":\"Actualidad\",\"dateline\":\"Publicado el noviembre 16, 2018.\"},{\"@type\":\"Organization\",\"@id\":\"https:\\\/\\\/candas365.es\\\/noticias\\\/#organization\",\"name\":\"Cand\\u00e1s 365\",\"description\":\"Cand\\u00e1s 365 es un diario digital independiente, fundado en 2012, con base en Asturias. Informamos con rigor sobre actualidad, sociedad, cultura y ocio, con una mirada local y global.\",\"url\":\"https:\\\/\\\/candas365.es\\\/noticias\\\/\",\"email\":\"info@candas365.es\",\"telephone\":\"+34652131393\",\"foundingDate\":\"2012-06-10\",\"logo\":{\"@type\":\"ImageObject\",\"url\":\"https:\\\/\\\/candas365.es\\\/noticias\\\/wp-content\\\/uploads\\\/2024\\\/09\\\/Candas-365-Redes.jpg\",\"@id\":\"https:\\\/\\\/candas365.es\\\/noticias\\\/merkel-visita-chemnitz\\\/#organizationLogo\",\"width\":1152,\"height\":864,\"caption\":\"Cand\\u00e1s 365 Redes\"},\"image\":{\"@id\":\"https:\\\/\\\/candas365.es\\\/noticias\\\/merkel-visita-chemnitz\\\/#organizationLogo\"},\"sameAs\":[\"https:\\\/\\\/www.facebook.com\\\/Nachofdezber\",\"https:\\\/\\\/x.com\\\/NabercoDigital\",\"https:\\\/\\\/www.instagram.com\\\/nachofdezber\\\/\",\"https:\\\/\\\/www.youtube.com\\\/channel\\\/UCZP-2wLEB9Rv6erhFmqVnvg\"],\"address\":{\"@id\":\"https:\\\/\\\/candas365.es\\\/noticias\\\/#postaladdress\",\"@type\":\"PostalAddress\",\"streetAddress\":\"san antonio 4, san antonio 4\",\"postalCode\":\"33430\",\"addressLocality\":\"Cand\\u00e1s\",\"addressRegion\":\"Asturias\",\"addressCountry\":\"ES\"}},{\"@type\":\"Person\",\"@id\":\"https:\\\/\\\/candas365.es\\\/noticias\\\/author\\\/admin\\\/#author\",\"url\":\"https:\\\/\\\/candas365.es\\\/noticias\\\/author\\\/admin\\\/\",\"name\":\"Cand\\u00e1s 365\",\"image\":{\"@type\":\"ImageObject\",\"@id\":\"https:\\\/\\\/candas365.es\\\/noticias\\\/merkel-visita-chemnitz\\\/#authorImage\",\"url\":\"https:\\\/\\\/secure.gravatar.com\\\/avatar\\\/496a8e03d0c493ede1718b7934145dbdf8d89be1036b0eec9544e1094c9de390?s=96&d=mm&r=g\",\"width\":96,\"height\":96,\"caption\":\"Cand\\u00e1s 365\"},\"sameAs\":[\"https:\\\/\\\/www.facebook.com\\\/carrenoactualidad\",\"https:\\\/\\\/twitter.com\\\/nbasturias\",\"https:\\\/\\\/www.instagram.com\\\/nachofdezber\\\/\",\"https:\\\/\\\/www.youtube.com\\\/channel\\\/UCZP-2wLEB9Rv6erhFmqVnvg\"]},{\"@type\":\"WebPage\",\"@id\":\"https:\\\/\\\/candas365.es\\\/noticias\\\/merkel-visita-chemnitz\\\/#webpage\",\"url\":\"https:\\\/\\\/candas365.es\\\/noticias\\\/merkel-visita-chemnitz\\\/\",\"name\":\"Merkel visita Chemnitz | Cand\\u00e1s 365\",\"description\":\"Chemnitz (Alemania), 16 nov (dpa) - La canciller alemana, Angela Merkel, inici\\u00f3 hoy su controvertida visita a Chemnitz, foco de protestas ultraderechistas, con un encuentro con j\\u00f3venes jugadores de baloncesto. La mandataria acudi\\u00f3 al entrenamiento de los equipos sub-16 y sub-19 del equipo de segunda divisi\\u00f3n el Niners Chemnitz, en el Richard-Hartmann-Hallek, en la ciudad\",\"inLanguage\":\"es-ES\",\"isPartOf\":{\"@id\":\"https:\\\/\\\/candas365.es\\\/noticias\\\/#website\"},\"breadcrumb\":{\"@id\":\"https:\\\/\\\/candas365.es\\\/noticias\\\/merkel-visita-chemnitz\\\/#breadcrumblist\"},\"author\":{\"@id\":\"https:\\\/\\\/candas365.es\\\/noticias\\\/author\\\/admin\\\/#author\"},\"creator\":{\"@id\":\"https:\\\/\\\/candas365.es\\\/noticias\\\/author\\\/admin\\\/#author\"},\"image\":{\"@type\":\"ImageObject\",\"url\":\"https:\\\/\\\/candas365.es\\\/noticias\\\/wp-content\\\/uploads\\\/2015\\\/08\\\/merkel.jpg\",\"@id\":\"https:\\\/\\\/candas365.es\\\/noticias\\\/merkel-visita-chemnitz\\\/#mainImage\",\"width\":655,\"height\":360},\"primaryImageOfPage\":{\"@id\":\"https:\\\/\\\/candas365.es\\\/noticias\\\/merkel-visita-chemnitz\\\/#mainImage\"},\"datePublished\":\"2018-11-16T20:16:19+01:00\",\"dateModified\":\"2018-11-16T20:16:19+01:00\"},{\"@type\":\"WebSite\",\"@id\":\"https:\\\/\\\/candas365.es\\\/noticias\\\/#website\",\"url\":\"https:\\\/\\\/candas365.es\\\/noticias\\\/\",\"name\":\"Cand\\u00e1s 365\",\"alternateName\":\"Cand\\u00e1s 365 Noticias\",\"description\":\"Actualidad desde Carre\\u00f1o para el mundo\",\"inLanguage\":\"es-ES\",\"publisher\":{\"@id\":\"https:\\\/\\\/candas365.es\\\/noticias\\\/#organization\"}}]}\n\t\t<\/script>\n\t\t<!-- All in One SEO Pro -->\r\n\t\t<title>Merkel visita Chemnitz | Cand\u00e1s 365<\/title>\n\n","aioseo_head_json":{"title":"Merkel visita Chemnitz | Cand\u00e1s 365","description":"Chemnitz (Alemania), 16 nov (dpa) - La canciller alemana, Angela Merkel, inici\u00f3 hoy su controvertida visita a Chemnitz, foco de protestas ultraderechistas, con un encuentro con j\u00f3venes jugadores de baloncesto. La mandataria acudi\u00f3 al entrenamiento de los equipos sub-16 y sub-19 del equipo de segunda divisi\u00f3n el Niners Chemnitz, en el Richard-Hartmann-Hallek, en la ciudad","canonical_url":"https:\/\/candas365.es\/noticias\/merkel-visita-chemnitz\/","robots":"max-image-preview:large","keywords":"actualidad","webmasterTools":{"google-site-verification":"UA-32230408-1","msvalidate.01":"354F3CDFB2DA171B47FBE9ABF1F88D5","miscellaneous":""},"schema":{"@context":"https:\/\/schema.org","@graph":[{"@type":"BreadcrumbList","@id":"https:\/\/candas365.es\/noticias\/merkel-visita-chemnitz\/#breadcrumblist","itemListElement":[{"@type":"ListItem","@id":"https:\/\/candas365.es\/noticias#listItem","position":1,"name":"Home","item":"https:\/\/candas365.es\/noticias","nextItem":{"@type":"ListItem","@id":"https:\/\/candas365.es\/noticias\/category\/actualidad\/#listItem","name":"Actualidad"}},{"@type":"ListItem","@id":"https:\/\/candas365.es\/noticias\/category\/actualidad\/#listItem","position":2,"name":"Actualidad","item":"https:\/\/candas365.es\/noticias\/category\/actualidad\/","nextItem":{"@type":"ListItem","@id":"https:\/\/candas365.es\/noticias\/merkel-visita-chemnitz\/#listItem","name":"Merkel visita Chemnitz"},"previousItem":{"@type":"ListItem","@id":"https:\/\/candas365.es\/noticias#listItem","name":"Home"}},{"@type":"ListItem","@id":"https:\/\/candas365.es\/noticias\/merkel-visita-chemnitz\/#listItem","position":3,"name":"Merkel visita Chemnitz","previousItem":{"@type":"ListItem","@id":"https:\/\/candas365.es\/noticias\/category\/actualidad\/#listItem","name":"Actualidad"}}]},{"@type":"NewsArticle","@id":"https:\/\/candas365.es\/noticias\/merkel-visita-chemnitz\/#newsarticle","name":"Merkel visita Chemnitz | Cand\u00e1s 365","headline":"Merkel visita Chemnitz","author":{"@id":"https:\/\/candas365.es\/noticias\/author\/admin\/#author"},"publisher":{"@id":"https:\/\/candas365.es\/noticias\/#organization"},"image":{"@type":"ImageObject","url":"https:\/\/candas365.es\/noticias\/wp-content\/uploads\/2015\/08\/merkel.jpg","width":655,"height":360},"datePublished":"2018-11-16T20:16:19+01:00","dateModified":"2018-11-16T20:16:19+01:00","inLanguage":"es-ES","mainEntityOfPage":{"@id":"https:\/\/candas365.es\/noticias\/merkel-visita-chemnitz\/#webpage"},"isPartOf":{"@id":"https:\/\/candas365.es\/noticias\/merkel-visita-chemnitz\/#webpage"},"articleSection":"Actualidad","dateline":"Publicado el noviembre 16, 2018."},{"@type":"Organization","@id":"https:\/\/candas365.es\/noticias\/#organization","name":"Cand\u00e1s 365","description":"Cand\u00e1s 365 es un diario digital independiente, fundado en 2012, con base en Asturias. Informamos con rigor sobre actualidad, sociedad, cultura y ocio, con una mirada local y global.","url":"https:\/\/candas365.es\/noticias\/","email":"info@candas365.es","telephone":"+34652131393","foundingDate":"2012-06-10","logo":{"@type":"ImageObject","url":"https:\/\/candas365.es\/noticias\/wp-content\/uploads\/2024\/09\/Candas-365-Redes.jpg","@id":"https:\/\/candas365.es\/noticias\/merkel-visita-chemnitz\/#organizationLogo","width":1152,"height":864,"caption":"Cand\u00e1s 365 Redes"},"image":{"@id":"https:\/\/candas365.es\/noticias\/merkel-visita-chemnitz\/#organizationLogo"},"sameAs":["https:\/\/www.facebook.com\/Nachofdezber","https:\/\/x.com\/NabercoDigital","https:\/\/www.instagram.com\/nachofdezber\/","https:\/\/www.youtube.com\/channel\/UCZP-2wLEB9Rv6erhFmqVnvg"],"address":{"@id":"https:\/\/candas365.es\/noticias\/#postaladdress","@type":"PostalAddress","streetAddress":"san antonio 4, san antonio 4","postalCode":"33430","addressLocality":"Cand\u00e1s","addressRegion":"Asturias","addressCountry":"ES"}},{"@type":"Person","@id":"https:\/\/candas365.es\/noticias\/author\/admin\/#author","url":"https:\/\/candas365.es\/noticias\/author\/admin\/","name":"Cand\u00e1s 365","image":{"@type":"ImageObject","@id":"https:\/\/candas365.es\/noticias\/merkel-visita-chemnitz\/#authorImage","url":"https:\/\/secure.gravatar.com\/avatar\/496a8e03d0c493ede1718b7934145dbdf8d89be1036b0eec9544e1094c9de390?s=96&d=mm&r=g","width":96,"height":96,"caption":"Cand\u00e1s 365"},"sameAs":["https:\/\/www.facebook.com\/carrenoactualidad","https:\/\/twitter.com\/nbasturias","https:\/\/www.instagram.com\/nachofdezber\/","https:\/\/www.youtube.com\/channel\/UCZP-2wLEB9Rv6erhFmqVnvg"]},{"@type":"WebPage","@id":"https:\/\/candas365.es\/noticias\/merkel-visita-chemnitz\/#webpage","url":"https:\/\/candas365.es\/noticias\/merkel-visita-chemnitz\/","name":"Merkel visita Chemnitz | Cand\u00e1s 365","description":"Chemnitz (Alemania), 16 nov (dpa) - La canciller alemana, Angela Merkel, inici\u00f3 hoy su controvertida visita a Chemnitz, foco de protestas ultraderechistas, con un encuentro con j\u00f3venes jugadores de baloncesto. La mandataria acudi\u00f3 al entrenamiento de los equipos sub-16 y sub-19 del equipo de segunda divisi\u00f3n el Niners Chemnitz, en el Richard-Hartmann-Hallek, en la ciudad","inLanguage":"es-ES","isPartOf":{"@id":"https:\/\/candas365.es\/noticias\/#website"},"breadcrumb":{"@id":"https:\/\/candas365.es\/noticias\/merkel-visita-chemnitz\/#breadcrumblist"},"author":{"@id":"https:\/\/candas365.es\/noticias\/author\/admin\/#author"},"creator":{"@id":"https:\/\/candas365.es\/noticias\/author\/admin\/#author"},"image":{"@type":"ImageObject","url":"https:\/\/candas365.es\/noticias\/wp-content\/uploads\/2015\/08\/merkel.jpg","@id":"https:\/\/candas365.es\/noticias\/merkel-visita-chemnitz\/#mainImage","width":655,"height":360},"primaryImageOfPage":{"@id":"https:\/\/candas365.es\/noticias\/merkel-visita-chemnitz\/#mainImage"},"datePublished":"2018-11-16T20:16:19+01:00","dateModified":"2018-11-16T20:16:19+01:00"},{"@type":"WebSite","@id":"https:\/\/candas365.es\/noticias\/#website","url":"https:\/\/candas365.es\/noticias\/","name":"Cand\u00e1s 365","alternateName":"Cand\u00e1s 365 Noticias","description":"Actualidad desde Carre\u00f1o para el mundo","inLanguage":"es-ES","publisher":{"@id":"https:\/\/candas365.es\/noticias\/#organization"}}]},"og:locale":"es_ES","og:site_name":"Cand\u00e1s 365","og:type":"article","og:title":"Merkel visita Chemnitz | Cand\u00e1s 365","og:description":"Chemnitz (Alemania), 16 nov (dpa) - La canciller alemana, Angela Merkel, inici\u00f3 hoy su controvertida visita a Chemnitz, foco de protestas ultraderechistas, con un encuentro con j\u00f3venes jugadores de baloncesto. La mandataria acudi\u00f3 al entrenamiento de los equipos sub-16 y sub-19 del equipo de segunda divisi\u00f3n el Niners Chemnitz, en el Richard-Hartmann-Hallek, en la ciudad","og:url":"https:\/\/candas365.es\/noticias\/merkel-visita-chemnitz\/","og:image":"https:\/\/candas365.es\/noticias\/wp-content\/uploads\/2015\/08\/merkel.jpg","og:image:secure_url":"https:\/\/candas365.es\/noticias\/wp-content\/uploads\/2015\/08\/merkel.jpg","og:image:width":655,"og:image:height":360,"article:published_time":"2018-11-16T20:16:19+00:00","article:modified_time":"2018-11-16T20:16:19+00:00","article:publisher":"https:\/\/www.facebook.com\/Nachofdezber","article:author":"https:\/\/www.facebook.com\/carrenoactualidad","twitter:card":"summary_large_image","twitter:site":"@NabercoDigital","twitter:title":"Merkel visita Chemnitz | Cand\u00e1s 365","twitter:description":"Chemnitz (Alemania), 16 nov (dpa) - La canciller alemana, Angela Merkel, inici\u00f3 hoy su controvertida visita a Chemnitz, foco de protestas ultraderechistas, con un encuentro con j\u00f3venes jugadores de baloncesto. La mandataria acudi\u00f3 al entrenamiento de los equipos sub-16 y sub-19 del equipo de segunda divisi\u00f3n el Niners Chemnitz, en el Richard-Hartmann-Hallek, en la ciudad","twitter:creator":"@nbasturias","twitter:image":"https:\/\/candas365.es\/noticias\/wp-content\/uploads\/2015\/08\/merkel.jpg","twitter:label1":"Escrito por","twitter:data1":"Cand\u00e1s 365","twitter:label2":"Tiempo de lectura estimado","twitter:data2":"2 minutos"},"aioseo_meta_data":{"post_id":"110025","title":null,"description":null,"keywords":null,"keyphrases":null,"primary_term":null,"canonical_url":null,"og_title":null,"og_description":null,"og_object_type":"default","og_image_type":"default","og_image_url":null,"og_image_width":null,"og_image_height":null,"og_image_custom_url":null,"og_image_custom_fields":null,"og_video":null,"og_custom_url":null,"og_article_section":null,"og_article_tags":null,"twitter_use_og":false,"twitter_card":"default","twitter_image_type":"default","twitter_image_url":null,"twitter_image_custom_url":null,"twitter_image_custom_fields":null,"twitter_title":null,"twitter_description":null,"schema":{"blockGraphs":[],"customGraphs":[],"default":{"data":{"Article":[],"Course":[],"Dataset":[],"FAQPage":[],"Movie":[],"Person":[],"Product":[],"ProductReview":[],"Car":[],"Recipe":[],"Service":[],"SoftwareApplication":[],"WebPage":[]},"graphName":"","isEnabled":true},"graphs":[],"defaultGraph":"","defaultPostTypeGraph":""},"schema_type":null,"schema_type_options":null,"pillar_content":false,"robots_default":true,"robots_noindex":false,"robots_noarchive":false,"robots_nosnippet":false,"robots_nofollow":false,"robots_noimageindex":false,"robots_noodp":false,"robots_notranslate":false,"robots_max_snippet":null,"robots_max_videopreview":null,"robots_max_imagepreview":"large","priority":null,"frequency":null,"location":null,"local_seo":null,"seo_analyzer_scan_date":"2025-08-28 11:26:16","breadcrumb_settings":null,"limit_modified_date":false,"reviewed_by":null,"open_ai":null,"ai":null,"created":"2020-12-21 11:38:53","updated":"2025-08-28 11:26:16"},"aioseo_breadcrumb":"<div class=\"aioseo-breadcrumbs\"><span class=\"aioseo-breadcrumb\">\n\t<a href=\"https:\/\/candas365.es\/noticias\" title=\"Home\">Home<\/a>\n<\/span><span class=\"aioseo-breadcrumb-separator\">&ndash;<\/span><span class=\"aioseo-breadcrumb\">\n\t<a href=\"https:\/\/candas365.es\/noticias\/category\/actualidad\/\" title=\"Actualidad\">Actualidad<\/a>\n<\/span><span class=\"aioseo-breadcrumb-separator\">&ndash;<\/span><span class=\"aioseo-breadcrumb\">\n\tMerkel visita Chemnitz\n<\/span><\/div>","aioseo_breadcrumb_json":[{"label":"Home","link":"https:\/\/candas365.es\/noticias"},{"label":"Actualidad","link":"https:\/\/candas365.es\/noticias\/category\/actualidad\/"},{"label":"Merkel visita Chemnitz","link":"https:\/\/candas365.es\/noticias\/merkel-visita-chemnitz\/"}],"_links":{"self":[{"href":"https:\/\/candas365.es\/noticias\/wp-json\/wp\/v2\/posts\/110025","targetHints":{"allow":["GET"]}}],"collection":[{"href":"https:\/\/candas365.es\/noticias\/wp-json\/wp\/v2\/posts"}],"about":[{"href":"https:\/\/candas365.es\/noticias\/wp-json\/wp\/v2\/types\/post"}],"author":[{"embeddable":true,"href":"https:\/\/candas365.es\/noticias\/wp-json\/wp\/v2\/users\/1"}],"replies":[{"embeddable":true,"href":"https:\/\/candas365.es\/noticias\/wp-json\/wp\/v2\/comments?post=110025"}],"version-history":[{"count":0,"href":"https:\/\/candas365.es\/noticias\/wp-json\/wp\/v2\/posts\/110025\/revisions"}],"wp:featuredmedia":[{"embeddable":true,"href":"https:\/\/candas365.es\/noticias\/wp-json\/wp\/v2\/media\/14622"}],"wp:attachment":[{"href":"https:\/\/candas365.es\/noticias\/wp-json\/wp\/v2\/media?parent=110025"}],"wp:term":[{"taxonomy":"category","embeddable":true,"href":"https:\/\/candas365.es\/noticias\/wp-json\/wp\/v2\/categories?post=110025"},{"taxonomy":"post_tag","embeddable":true,"href":"https:\/\/candas365.es\/noticias\/wp-json\/wp\/v2\/tags?post=110025"}],"curies":[{"name":"wp","href":"https:\/\/api.w.org\/{rel}","templated":true}]}}