{"id":110023,"date":"2018-11-16T19:55:33","date_gmt":"2018-11-16T19:55:33","guid":{"rendered":"http:\/\/candas365.es\/noticias\/?p=110023"},"modified":"2018-11-16T19:55:33","modified_gmt":"2018-11-16T19:55:33","slug":"honran-al-ex-canciller-aleman-schmidt-en-el-centenario-de-su-nacimiento","status":"publish","type":"post","link":"https:\/\/candas365.es\/noticias\/honran-al-ex-canciller-aleman-schmidt-en-el-centenario-de-su-nacimiento\/","title":{"rendered":"Honran al ex canciller alem\u00e1n Schmidt en el centenario de su nacimiento"},"content":{"rendered":"<p><img fetchpriority=\"high\" decoding=\"async\" class=\"alignleft size-medium wp-image-98518\" src=\"https:\/\/candas365.es\/noticias\/wp-content\/uploads\/2018\/06\/berlin-76509_960_720-360x270.jpg\" alt=\"\" width=\"360\" height=\"270\" srcset=\"https:\/\/candas365.es\/noticias\/wp-content\/uploads\/2018\/06\/berlin-76509_960_720-360x270.jpg 360w, https:\/\/candas365.es\/noticias\/wp-content\/uploads\/2018\/06\/berlin-76509_960_720-768x576.jpg 768w, https:\/\/candas365.es\/noticias\/wp-content\/uploads\/2018\/06\/berlin-76509_960_720-640x480.jpg 640w, https:\/\/candas365.es\/noticias\/wp-content\/uploads\/2018\/06\/berlin-76509_960_720-80x60.jpg 80w, https:\/\/candas365.es\/noticias\/wp-content\/uploads\/2018\/06\/berlin-76509_960_720-265x198.jpg 265w, https:\/\/candas365.es\/noticias\/wp-content\/uploads\/2018\/06\/berlin-76509_960_720-696x522.jpg 696w, https:\/\/candas365.es\/noticias\/wp-content\/uploads\/2018\/06\/berlin-76509_960_720-560x420.jpg 560w, https:\/\/candas365.es\/noticias\/wp-content\/uploads\/2018\/06\/berlin-76509_960_720.jpg 960w\" sizes=\"(max-width: 360px) 100vw, 360px\" \/>Berl\u00edn, 16 nov (dpa) &#8211; El vicecanciller alem\u00e1n y ministro de Finanzas, el socialdem\u00f3crata Olaf Scholz, rindi\u00f3 homenaje al ex canciller Helmut Schmidt (1918-2015), de cuyo nacimiento se cumplen 100 a\u00f1os en diciembre.<\/p>\n<p>Schmidt, jefe de Gobierno socialdem\u00f3crata entre 1974 y 1982, fue un l\u00edder mundial clarividente y un modelo a seguir, destac\u00f3. \u00abLa importancia del legado de Helmut Schmidt se sigue subestimando\u00bb, agreg\u00f3 Scholz la noche del jueves en la apertura de la exposici\u00f3n fotogr\u00e1fica \u00abHelmut Schmidt: Hanse\u00e1tico &#8211; Estadista &#8211; Ciudadano del mundo\u00bb. La muestra tiene lugar en la sede del Partido Socialdem\u00f3crata de Alemania (SPD) en Berl\u00edn, la llamada Casa Willy Brandt.<\/p>\n<p>Para Schmidt estaba claro que Alemania s\u00f3lo podr\u00eda encontrar su papel en el mundo como parte de la Uni\u00f3n Europea (UE), se\u00f1al\u00f3 Scholz. Tambi\u00e9n el ex canciller socialdem\u00f3crata Gerhard Schr\u00f6der visit\u00f3 la exposici\u00f3n dedicada a su antecesor, en compa\u00f1\u00eda de su esposa Soyeon Schr\u00f6der-Kim<\/p>\n<p>La muestra est\u00e1 organizada por los amigos de la Casa Willy Brandt y est\u00e1 abierta de martes a domingo. Schmidt, quien falleci\u00f3 en 2015, habr\u00eda cumplido 100 a\u00f1os el pr\u00f3ximo 23 de diciembre.<\/p>\n<p>Scholz indic\u00f3 que Schmidt fue uno de los primeros en haber entendido el papel global de las finanzas y el comercio y record\u00f3 que fue uno de los miembros fundadores del G7, el grupo que aglutina a los siete pa\u00edses m\u00e1s industrializados del mundo.<\/p>\n<p>La exposici\u00f3n tambi\u00e9n muestra fotos privadas de Schmidt y su esposa Loki o im\u00e1genes tomadas en el famoso bar bodega del pol\u00edtico socialdem\u00f3crata en su casa del barrio hamburgu\u00e9s de Langenhorn con el entonces presidente franc\u00e9s Valery Giscard d&#8217;Estaing.<\/p>\n","protected":false},"excerpt":{"rendered":"<p>Berl\u00edn, 16 nov (dpa) &#8211; El vicecanciller alem\u00e1n y ministro de Finanzas, el socialdem\u00f3crata Olaf Scholz, rindi\u00f3 homenaje al ex canciller Helmut Schmidt (1918-2015), de cuyo nacimiento se cumplen 100 a\u00f1os en diciembre. Schmidt, jefe de Gobierno socialdem\u00f3crata entre 1974 y 1982, fue un l\u00edder mundial clarividente y un modelo a seguir, destac\u00f3. \u00abLa importancia<\/p>\n","protected":false},"author":1,"featured_media":98518,"comment_status":"closed","ping_status":"closed","sticky":false,"template":"","format":"standard","meta":{"footnotes":""},"categories":[343],"tags":[],"class_list":{"0":"post-110023","1":"post","2":"type-post","3":"status-publish","4":"format-standard","5":"has-post-thumbnail","7":"category-actualidad"},"aioseo_notices":[],"aioseo_head":"\n\t\t<!-- All in One SEO Pro 4.9.6.2 - aioseo.com -->\n\t<meta name=\"description\" content=\"Berl\u00edn, 16 nov (dpa) - El vicecanciller alem\u00e1n y ministro de Finanzas, el socialdem\u00f3crata Olaf Scholz, rindi\u00f3 homenaje al ex canciller Helmut Schmidt (1918-2015), de cuyo nacimiento se cumplen 100 a\u00f1os en diciembre. Schmidt, jefe de Gobierno socialdem\u00f3crata entre 1974 y 1982, fue un l\u00edder mundial clarividente y un modelo a seguir, destac\u00f3. &quot;La importancia\" \/>\n\t<meta name=\"robots\" content=\"max-image-preview:large\" \/>\n\t<meta name=\"author\" content=\"Cand\u00e1s 365\"\/>\n\t<meta name=\"google-site-verification\" content=\"UA-32230408-1\" \/>\n\t<meta name=\"msvalidate.01\" content=\"354F3CDFB2DA171B47FBE9ABF1F88D5\" \/>\n\t<meta name=\"keywords\" content=\"actualidad\" \/>\n\t<link rel=\"canonical\" href=\"https:\/\/candas365.es\/noticias\/honran-al-ex-canciller-aleman-schmidt-en-el-centenario-de-su-nacimiento\/\" \/>\n\t<meta name=\"generator\" content=\"All in One SEO Pro (AIOSEO) 4.9.6.2\" \/>\n\t\t<meta property=\"og:locale\" content=\"es_ES\" \/>\n\t\t<meta property=\"og:site_name\" content=\"Cand\u00e1s 365\" \/>\n\t\t<meta property=\"og:type\" content=\"article\" \/>\n\t\t<meta property=\"og:title\" content=\"Honran al ex canciller alem\u00e1n Schmidt en el centenario de su nacimiento | Cand\u00e1s 365\" \/>\n\t\t<meta property=\"og:description\" content=\"Berl\u00edn, 16 nov (dpa) - El vicecanciller alem\u00e1n y ministro de Finanzas, el socialdem\u00f3crata Olaf Scholz, rindi\u00f3 homenaje al ex canciller Helmut Schmidt (1918-2015), de cuyo nacimiento se cumplen 100 a\u00f1os en diciembre. Schmidt, jefe de Gobierno socialdem\u00f3crata entre 1974 y 1982, fue un l\u00edder mundial clarividente y un modelo a seguir, destac\u00f3. &quot;La importancia\" \/>\n\t\t<meta property=\"og:url\" content=\"https:\/\/candas365.es\/noticias\/honran-al-ex-canciller-aleman-schmidt-en-el-centenario-de-su-nacimiento\/\" \/>\n\t\t<meta property=\"og:image\" content=\"https:\/\/candas365.es\/noticias\/wp-content\/uploads\/2018\/06\/berlin-76509_960_720.jpg\" \/>\n\t\t<meta property=\"og:image:secure_url\" content=\"https:\/\/candas365.es\/noticias\/wp-content\/uploads\/2018\/06\/berlin-76509_960_720.jpg\" \/>\n\t\t<meta property=\"og:image:width\" content=\"960\" \/>\n\t\t<meta property=\"og:image:height\" content=\"720\" \/>\n\t\t<meta property=\"article:published_time\" content=\"2018-11-16T19:55:33+00:00\" \/>\n\t\t<meta property=\"article:modified_time\" content=\"2018-11-16T19:55:33+00:00\" \/>\n\t\t<meta property=\"article:publisher\" content=\"https:\/\/www.facebook.com\/Nachofdezber\" \/>\n\t\t<meta property=\"article:author\" content=\"https:\/\/www.facebook.com\/carrenoactualidad\" \/>\n\t\t<meta name=\"twitter:card\" content=\"summary_large_image\" \/>\n\t\t<meta name=\"twitter:site\" content=\"@NabercoDigital\" \/>\n\t\t<meta name=\"twitter:title\" content=\"Honran al ex canciller alem\u00e1n Schmidt en el centenario de su nacimiento | Cand\u00e1s 365\" \/>\n\t\t<meta name=\"twitter:description\" content=\"Berl\u00edn, 16 nov (dpa) - El vicecanciller alem\u00e1n y ministro de Finanzas, el socialdem\u00f3crata Olaf Scholz, rindi\u00f3 homenaje al ex canciller Helmut Schmidt (1918-2015), de cuyo nacimiento se cumplen 100 a\u00f1os en diciembre. Schmidt, jefe de Gobierno socialdem\u00f3crata entre 1974 y 1982, fue un l\u00edder mundial clarividente y un modelo a seguir, destac\u00f3. &quot;La importancia\" \/>\n\t\t<meta name=\"twitter:creator\" content=\"@nbasturias\" \/>\n\t\t<meta name=\"twitter:image\" content=\"https:\/\/candas365.es\/noticias\/wp-content\/uploads\/2018\/06\/berlin-76509_960_720.jpg\" \/>\n\t\t<meta name=\"twitter:label1\" content=\"Escrito por\" \/>\n\t\t<meta name=\"twitter:data1\" content=\"Cand\u00e1s 365\" \/>\n\t\t<meta name=\"twitter:label2\" content=\"Tiempo de lectura estimado\" \/>\n\t\t<meta name=\"twitter:data2\" content=\"1 minuto\" \/>\n\t\t<script type=\"application\/ld+json\" class=\"aioseo-schema\">\n\t\t\t{\"@context\":\"https:\\\/\\\/schema.org\",\"@graph\":[{\"@type\":\"BreadcrumbList\",\"@id\":\"https:\\\/\\\/candas365.es\\\/noticias\\\/honran-al-ex-canciller-aleman-schmidt-en-el-centenario-de-su-nacimiento\\\/#breadcrumblist\",\"itemListElement\":[{\"@type\":\"ListItem\",\"@id\":\"https:\\\/\\\/candas365.es\\\/noticias#listItem\",\"position\":1,\"name\":\"Home\",\"item\":\"https:\\\/\\\/candas365.es\\\/noticias\",\"nextItem\":{\"@type\":\"ListItem\",\"@id\":\"https:\\\/\\\/candas365.es\\\/noticias\\\/category\\\/actualidad\\\/#listItem\",\"name\":\"Actualidad\"}},{\"@type\":\"ListItem\",\"@id\":\"https:\\\/\\\/candas365.es\\\/noticias\\\/category\\\/actualidad\\\/#listItem\",\"position\":2,\"name\":\"Actualidad\",\"item\":\"https:\\\/\\\/candas365.es\\\/noticias\\\/category\\\/actualidad\\\/\",\"nextItem\":{\"@type\":\"ListItem\",\"@id\":\"https:\\\/\\\/candas365.es\\\/noticias\\\/honran-al-ex-canciller-aleman-schmidt-en-el-centenario-de-su-nacimiento\\\/#listItem\",\"name\":\"Honran al ex canciller alem\\u00e1n Schmidt en el centenario de su nacimiento\"},\"previousItem\":{\"@type\":\"ListItem\",\"@id\":\"https:\\\/\\\/candas365.es\\\/noticias#listItem\",\"name\":\"Home\"}},{\"@type\":\"ListItem\",\"@id\":\"https:\\\/\\\/candas365.es\\\/noticias\\\/honran-al-ex-canciller-aleman-schmidt-en-el-centenario-de-su-nacimiento\\\/#listItem\",\"position\":3,\"name\":\"Honran al ex canciller alem\\u00e1n Schmidt en el centenario de su nacimiento\",\"previousItem\":{\"@type\":\"ListItem\",\"@id\":\"https:\\\/\\\/candas365.es\\\/noticias\\\/category\\\/actualidad\\\/#listItem\",\"name\":\"Actualidad\"}}]},{\"@type\":\"NewsArticle\",\"@id\":\"https:\\\/\\\/candas365.es\\\/noticias\\\/honran-al-ex-canciller-aleman-schmidt-en-el-centenario-de-su-nacimiento\\\/#newsarticle\",\"name\":\"Honran al ex canciller alem\\u00e1n Schmidt en el centenario de su nacimiento | Cand\\u00e1s 365\",\"headline\":\"Honran al ex canciller alem\\u00e1n Schmidt en el centenario de su nacimiento\",\"author\":{\"@id\":\"https:\\\/\\\/candas365.es\\\/noticias\\\/author\\\/admin\\\/#author\"},\"publisher\":{\"@id\":\"https:\\\/\\\/candas365.es\\\/noticias\\\/#organization\"},\"image\":{\"@type\":\"ImageObject\",\"url\":\"https:\\\/\\\/candas365.es\\\/noticias\\\/wp-content\\\/uploads\\\/2018\\\/06\\\/berlin-76509_960_720.jpg\",\"width\":960,\"height\":720},\"datePublished\":\"2018-11-16T19:55:33+01:00\",\"dateModified\":\"2018-11-16T19:55:33+01:00\",\"inLanguage\":\"es-ES\",\"mainEntityOfPage\":{\"@id\":\"https:\\\/\\\/candas365.es\\\/noticias\\\/honran-al-ex-canciller-aleman-schmidt-en-el-centenario-de-su-nacimiento\\\/#webpage\"},\"isPartOf\":{\"@id\":\"https:\\\/\\\/candas365.es\\\/noticias\\\/honran-al-ex-canciller-aleman-schmidt-en-el-centenario-de-su-nacimiento\\\/#webpage\"},\"articleSection\":\"Actualidad\",\"dateline\":\"Publicado el noviembre 16, 2018.\"},{\"@type\":\"Organization\",\"@id\":\"https:\\\/\\\/candas365.es\\\/noticias\\\/#organization\",\"name\":\"Cand\\u00e1s 365\",\"description\":\"Cand\\u00e1s 365 es un diario digital independiente, fundado en 2012, con base en Asturias. Informamos con rigor sobre actualidad, sociedad, cultura y ocio, con una mirada local y global.\",\"url\":\"https:\\\/\\\/candas365.es\\\/noticias\\\/\",\"email\":\"info@candas365.es\",\"telephone\":\"+34652131393\",\"foundingDate\":\"2012-06-10\",\"logo\":{\"@type\":\"ImageObject\",\"url\":\"https:\\\/\\\/candas365.es\\\/noticias\\\/wp-content\\\/uploads\\\/2024\\\/09\\\/Candas-365-Redes.jpg\",\"@id\":\"https:\\\/\\\/candas365.es\\\/noticias\\\/honran-al-ex-canciller-aleman-schmidt-en-el-centenario-de-su-nacimiento\\\/#organizationLogo\",\"width\":1152,\"height\":864,\"caption\":\"Cand\\u00e1s 365 Redes\"},\"image\":{\"@id\":\"https:\\\/\\\/candas365.es\\\/noticias\\\/honran-al-ex-canciller-aleman-schmidt-en-el-centenario-de-su-nacimiento\\\/#organizationLogo\"},\"sameAs\":[\"https:\\\/\\\/www.facebook.com\\\/Nachofdezber\",\"https:\\\/\\\/x.com\\\/NabercoDigital\",\"https:\\\/\\\/www.instagram.com\\\/nachofdezber\\\/\",\"https:\\\/\\\/www.youtube.com\\\/channel\\\/UCZP-2wLEB9Rv6erhFmqVnvg\"],\"address\":{\"@id\":\"https:\\\/\\\/candas365.es\\\/noticias\\\/#postaladdress\",\"@type\":\"PostalAddress\",\"streetAddress\":\"san antonio 4, san antonio 4\",\"postalCode\":\"33430\",\"addressLocality\":\"Cand\\u00e1s\",\"addressRegion\":\"Asturias\",\"addressCountry\":\"ES\"}},{\"@type\":\"Person\",\"@id\":\"https:\\\/\\\/candas365.es\\\/noticias\\\/author\\\/admin\\\/#author\",\"url\":\"https:\\\/\\\/candas365.es\\\/noticias\\\/author\\\/admin\\\/\",\"name\":\"Cand\\u00e1s 365\",\"image\":{\"@type\":\"ImageObject\",\"@id\":\"https:\\\/\\\/candas365.es\\\/noticias\\\/honran-al-ex-canciller-aleman-schmidt-en-el-centenario-de-su-nacimiento\\\/#authorImage\",\"url\":\"https:\\\/\\\/secure.gravatar.com\\\/avatar\\\/496a8e03d0c493ede1718b7934145dbdf8d89be1036b0eec9544e1094c9de390?s=96&d=mm&r=g\",\"width\":96,\"height\":96,\"caption\":\"Cand\\u00e1s 365\"},\"sameAs\":[\"https:\\\/\\\/www.facebook.com\\\/carrenoactualidad\",\"https:\\\/\\\/twitter.com\\\/nbasturias\",\"https:\\\/\\\/www.instagram.com\\\/nachofdezber\\\/\",\"https:\\\/\\\/www.youtube.com\\\/channel\\\/UCZP-2wLEB9Rv6erhFmqVnvg\"]},{\"@type\":\"WebPage\",\"@id\":\"https:\\\/\\\/candas365.es\\\/noticias\\\/honran-al-ex-canciller-aleman-schmidt-en-el-centenario-de-su-nacimiento\\\/#webpage\",\"url\":\"https:\\\/\\\/candas365.es\\\/noticias\\\/honran-al-ex-canciller-aleman-schmidt-en-el-centenario-de-su-nacimiento\\\/\",\"name\":\"Honran al ex canciller alem\\u00e1n Schmidt en el centenario de su nacimiento | Cand\\u00e1s 365\",\"description\":\"Berl\\u00edn, 16 nov (dpa) - El vicecanciller alem\\u00e1n y ministro de Finanzas, el socialdem\\u00f3crata Olaf Scholz, rindi\\u00f3 homenaje al ex canciller Helmut Schmidt (1918-2015), de cuyo nacimiento se cumplen 100 a\\u00f1os en diciembre. Schmidt, jefe de Gobierno socialdem\\u00f3crata entre 1974 y 1982, fue un l\\u00edder mundial clarividente y un modelo a seguir, destac\\u00f3. \\\"La importancia\",\"inLanguage\":\"es-ES\",\"isPartOf\":{\"@id\":\"https:\\\/\\\/candas365.es\\\/noticias\\\/#website\"},\"breadcrumb\":{\"@id\":\"https:\\\/\\\/candas365.es\\\/noticias\\\/honran-al-ex-canciller-aleman-schmidt-en-el-centenario-de-su-nacimiento\\\/#breadcrumblist\"},\"author\":{\"@id\":\"https:\\\/\\\/candas365.es\\\/noticias\\\/author\\\/admin\\\/#author\"},\"creator\":{\"@id\":\"https:\\\/\\\/candas365.es\\\/noticias\\\/author\\\/admin\\\/#author\"},\"image\":{\"@type\":\"ImageObject\",\"url\":\"https:\\\/\\\/candas365.es\\\/noticias\\\/wp-content\\\/uploads\\\/2018\\\/06\\\/berlin-76509_960_720.jpg\",\"@id\":\"https:\\\/\\\/candas365.es\\\/noticias\\\/honran-al-ex-canciller-aleman-schmidt-en-el-centenario-de-su-nacimiento\\\/#mainImage\",\"width\":960,\"height\":720},\"primaryImageOfPage\":{\"@id\":\"https:\\\/\\\/candas365.es\\\/noticias\\\/honran-al-ex-canciller-aleman-schmidt-en-el-centenario-de-su-nacimiento\\\/#mainImage\"},\"datePublished\":\"2018-11-16T19:55:33+01:00\",\"dateModified\":\"2018-11-16T19:55:33+01:00\"},{\"@type\":\"WebSite\",\"@id\":\"https:\\\/\\\/candas365.es\\\/noticias\\\/#website\",\"url\":\"https:\\\/\\\/candas365.es\\\/noticias\\\/\",\"name\":\"Cand\\u00e1s 365\",\"alternateName\":\"Cand\\u00e1s 365 Noticias\",\"description\":\"Actualidad desde Carre\\u00f1o para el mundo\",\"inLanguage\":\"es-ES\",\"publisher\":{\"@id\":\"https:\\\/\\\/candas365.es\\\/noticias\\\/#organization\"}}]}\n\t\t<\/script>\n\t\t<!-- All in One SEO Pro -->\r\n\t\t<title>Honran al ex canciller alem\u00e1n Schmidt en el centenario de su nacimiento | Cand\u00e1s 365<\/title>\n\n","aioseo_head_json":{"title":"Honran al ex canciller alem\u00e1n Schmidt en el centenario de su nacimiento | Cand\u00e1s 365","description":"Berl\u00edn, 16 nov (dpa) - El vicecanciller alem\u00e1n y ministro de Finanzas, el socialdem\u00f3crata Olaf Scholz, rindi\u00f3 homenaje al ex canciller Helmut Schmidt (1918-2015), de cuyo nacimiento se cumplen 100 a\u00f1os en diciembre. Schmidt, jefe de Gobierno socialdem\u00f3crata entre 1974 y 1982, fue un l\u00edder mundial clarividente y un modelo a seguir, destac\u00f3. \"La importancia","canonical_url":"https:\/\/candas365.es\/noticias\/honran-al-ex-canciller-aleman-schmidt-en-el-centenario-de-su-nacimiento\/","robots":"max-image-preview:large","keywords":"actualidad","webmasterTools":{"google-site-verification":"UA-32230408-1","msvalidate.01":"354F3CDFB2DA171B47FBE9ABF1F88D5","miscellaneous":""},"schema":{"@context":"https:\/\/schema.org","@graph":[{"@type":"BreadcrumbList","@id":"https:\/\/candas365.es\/noticias\/honran-al-ex-canciller-aleman-schmidt-en-el-centenario-de-su-nacimiento\/#breadcrumblist","itemListElement":[{"@type":"ListItem","@id":"https:\/\/candas365.es\/noticias#listItem","position":1,"name":"Home","item":"https:\/\/candas365.es\/noticias","nextItem":{"@type":"ListItem","@id":"https:\/\/candas365.es\/noticias\/category\/actualidad\/#listItem","name":"Actualidad"}},{"@type":"ListItem","@id":"https:\/\/candas365.es\/noticias\/category\/actualidad\/#listItem","position":2,"name":"Actualidad","item":"https:\/\/candas365.es\/noticias\/category\/actualidad\/","nextItem":{"@type":"ListItem","@id":"https:\/\/candas365.es\/noticias\/honran-al-ex-canciller-aleman-schmidt-en-el-centenario-de-su-nacimiento\/#listItem","name":"Honran al ex canciller alem\u00e1n Schmidt en el centenario de su nacimiento"},"previousItem":{"@type":"ListItem","@id":"https:\/\/candas365.es\/noticias#listItem","name":"Home"}},{"@type":"ListItem","@id":"https:\/\/candas365.es\/noticias\/honran-al-ex-canciller-aleman-schmidt-en-el-centenario-de-su-nacimiento\/#listItem","position":3,"name":"Honran al ex canciller alem\u00e1n Schmidt en el centenario de su nacimiento","previousItem":{"@type":"ListItem","@id":"https:\/\/candas365.es\/noticias\/category\/actualidad\/#listItem","name":"Actualidad"}}]},{"@type":"NewsArticle","@id":"https:\/\/candas365.es\/noticias\/honran-al-ex-canciller-aleman-schmidt-en-el-centenario-de-su-nacimiento\/#newsarticle","name":"Honran al ex canciller alem\u00e1n Schmidt en el centenario de su nacimiento | Cand\u00e1s 365","headline":"Honran al ex canciller alem\u00e1n Schmidt en el centenario de su nacimiento","author":{"@id":"https:\/\/candas365.es\/noticias\/author\/admin\/#author"},"publisher":{"@id":"https:\/\/candas365.es\/noticias\/#organization"},"image":{"@type":"ImageObject","url":"https:\/\/candas365.es\/noticias\/wp-content\/uploads\/2018\/06\/berlin-76509_960_720.jpg","width":960,"height":720},"datePublished":"2018-11-16T19:55:33+01:00","dateModified":"2018-11-16T19:55:33+01:00","inLanguage":"es-ES","mainEntityOfPage":{"@id":"https:\/\/candas365.es\/noticias\/honran-al-ex-canciller-aleman-schmidt-en-el-centenario-de-su-nacimiento\/#webpage"},"isPartOf":{"@id":"https:\/\/candas365.es\/noticias\/honran-al-ex-canciller-aleman-schmidt-en-el-centenario-de-su-nacimiento\/#webpage"},"articleSection":"Actualidad","dateline":"Publicado el noviembre 16, 2018."},{"@type":"Organization","@id":"https:\/\/candas365.es\/noticias\/#organization","name":"Cand\u00e1s 365","description":"Cand\u00e1s 365 es un diario digital independiente, fundado en 2012, con base en Asturias. Informamos con rigor sobre actualidad, sociedad, cultura y ocio, con una mirada local y global.","url":"https:\/\/candas365.es\/noticias\/","email":"info@candas365.es","telephone":"+34652131393","foundingDate":"2012-06-10","logo":{"@type":"ImageObject","url":"https:\/\/candas365.es\/noticias\/wp-content\/uploads\/2024\/09\/Candas-365-Redes.jpg","@id":"https:\/\/candas365.es\/noticias\/honran-al-ex-canciller-aleman-schmidt-en-el-centenario-de-su-nacimiento\/#organizationLogo","width":1152,"height":864,"caption":"Cand\u00e1s 365 Redes"},"image":{"@id":"https:\/\/candas365.es\/noticias\/honran-al-ex-canciller-aleman-schmidt-en-el-centenario-de-su-nacimiento\/#organizationLogo"},"sameAs":["https:\/\/www.facebook.com\/Nachofdezber","https:\/\/x.com\/NabercoDigital","https:\/\/www.instagram.com\/nachofdezber\/","https:\/\/www.youtube.com\/channel\/UCZP-2wLEB9Rv6erhFmqVnvg"],"address":{"@id":"https:\/\/candas365.es\/noticias\/#postaladdress","@type":"PostalAddress","streetAddress":"san antonio 4, san antonio 4","postalCode":"33430","addressLocality":"Cand\u00e1s","addressRegion":"Asturias","addressCountry":"ES"}},{"@type":"Person","@id":"https:\/\/candas365.es\/noticias\/author\/admin\/#author","url":"https:\/\/candas365.es\/noticias\/author\/admin\/","name":"Cand\u00e1s 365","image":{"@type":"ImageObject","@id":"https:\/\/candas365.es\/noticias\/honran-al-ex-canciller-aleman-schmidt-en-el-centenario-de-su-nacimiento\/#authorImage","url":"https:\/\/secure.gravatar.com\/avatar\/496a8e03d0c493ede1718b7934145dbdf8d89be1036b0eec9544e1094c9de390?s=96&d=mm&r=g","width":96,"height":96,"caption":"Cand\u00e1s 365"},"sameAs":["https:\/\/www.facebook.com\/carrenoactualidad","https:\/\/twitter.com\/nbasturias","https:\/\/www.instagram.com\/nachofdezber\/","https:\/\/www.youtube.com\/channel\/UCZP-2wLEB9Rv6erhFmqVnvg"]},{"@type":"WebPage","@id":"https:\/\/candas365.es\/noticias\/honran-al-ex-canciller-aleman-schmidt-en-el-centenario-de-su-nacimiento\/#webpage","url":"https:\/\/candas365.es\/noticias\/honran-al-ex-canciller-aleman-schmidt-en-el-centenario-de-su-nacimiento\/","name":"Honran al ex canciller alem\u00e1n Schmidt en el centenario de su nacimiento | Cand\u00e1s 365","description":"Berl\u00edn, 16 nov (dpa) - El vicecanciller alem\u00e1n y ministro de Finanzas, el socialdem\u00f3crata Olaf Scholz, rindi\u00f3 homenaje al ex canciller Helmut Schmidt (1918-2015), de cuyo nacimiento se cumplen 100 a\u00f1os en diciembre. Schmidt, jefe de Gobierno socialdem\u00f3crata entre 1974 y 1982, fue un l\u00edder mundial clarividente y un modelo a seguir, destac\u00f3. \"La importancia","inLanguage":"es-ES","isPartOf":{"@id":"https:\/\/candas365.es\/noticias\/#website"},"breadcrumb":{"@id":"https:\/\/candas365.es\/noticias\/honran-al-ex-canciller-aleman-schmidt-en-el-centenario-de-su-nacimiento\/#breadcrumblist"},"author":{"@id":"https:\/\/candas365.es\/noticias\/author\/admin\/#author"},"creator":{"@id":"https:\/\/candas365.es\/noticias\/author\/admin\/#author"},"image":{"@type":"ImageObject","url":"https:\/\/candas365.es\/noticias\/wp-content\/uploads\/2018\/06\/berlin-76509_960_720.jpg","@id":"https:\/\/candas365.es\/noticias\/honran-al-ex-canciller-aleman-schmidt-en-el-centenario-de-su-nacimiento\/#mainImage","width":960,"height":720},"primaryImageOfPage":{"@id":"https:\/\/candas365.es\/noticias\/honran-al-ex-canciller-aleman-schmidt-en-el-centenario-de-su-nacimiento\/#mainImage"},"datePublished":"2018-11-16T19:55:33+01:00","dateModified":"2018-11-16T19:55:33+01:00"},{"@type":"WebSite","@id":"https:\/\/candas365.es\/noticias\/#website","url":"https:\/\/candas365.es\/noticias\/","name":"Cand\u00e1s 365","alternateName":"Cand\u00e1s 365 Noticias","description":"Actualidad desde Carre\u00f1o para el mundo","inLanguage":"es-ES","publisher":{"@id":"https:\/\/candas365.es\/noticias\/#organization"}}]},"og:locale":"es_ES","og:site_name":"Cand\u00e1s 365","og:type":"article","og:title":"Honran al ex canciller alem\u00e1n Schmidt en el centenario de su nacimiento | Cand\u00e1s 365","og:description":"Berl\u00edn, 16 nov (dpa) - El vicecanciller alem\u00e1n y ministro de Finanzas, el socialdem\u00f3crata Olaf Scholz, rindi\u00f3 homenaje al ex canciller Helmut Schmidt (1918-2015), de cuyo nacimiento se cumplen 100 a\u00f1os en diciembre. Schmidt, jefe de Gobierno socialdem\u00f3crata entre 1974 y 1982, fue un l\u00edder mundial clarividente y un modelo a seguir, destac\u00f3. &quot;La importancia","og:url":"https:\/\/candas365.es\/noticias\/honran-al-ex-canciller-aleman-schmidt-en-el-centenario-de-su-nacimiento\/","og:image":"https:\/\/candas365.es\/noticias\/wp-content\/uploads\/2018\/06\/berlin-76509_960_720.jpg","og:image:secure_url":"https:\/\/candas365.es\/noticias\/wp-content\/uploads\/2018\/06\/berlin-76509_960_720.jpg","og:image:width":960,"og:image:height":720,"article:published_time":"2018-11-16T19:55:33+00:00","article:modified_time":"2018-11-16T19:55:33+00:00","article:publisher":"https:\/\/www.facebook.com\/Nachofdezber","article:author":"https:\/\/www.facebook.com\/carrenoactualidad","twitter:card":"summary_large_image","twitter:site":"@NabercoDigital","twitter:title":"Honran al ex canciller alem\u00e1n Schmidt en el centenario de su nacimiento | Cand\u00e1s 365","twitter:description":"Berl\u00edn, 16 nov (dpa) - El vicecanciller alem\u00e1n y ministro de Finanzas, el socialdem\u00f3crata Olaf Scholz, rindi\u00f3 homenaje al ex canciller Helmut Schmidt (1918-2015), de cuyo nacimiento se cumplen 100 a\u00f1os en diciembre. Schmidt, jefe de Gobierno socialdem\u00f3crata entre 1974 y 1982, fue un l\u00edder mundial clarividente y un modelo a seguir, destac\u00f3. &quot;La importancia","twitter:creator":"@nbasturias","twitter:image":"https:\/\/candas365.es\/noticias\/wp-content\/uploads\/2018\/06\/berlin-76509_960_720.jpg","twitter:label1":"Escrito por","twitter:data1":"Cand\u00e1s 365","twitter:label2":"Tiempo de lectura estimado","twitter:data2":"1 minuto"},"aioseo_meta_data":{"post_id":"110023","title":null,"description":null,"keywords":null,"keyphrases":null,"primary_term":null,"canonical_url":null,"og_title":null,"og_description":null,"og_object_type":"default","og_image_type":"default","og_image_url":null,"og_image_width":null,"og_image_height":null,"og_image_custom_url":null,"og_image_custom_fields":null,"og_video":null,"og_custom_url":null,"og_article_section":null,"og_article_tags":null,"twitter_use_og":false,"twitter_card":"default","twitter_image_type":"default","twitter_image_url":null,"twitter_image_custom_url":null,"twitter_image_custom_fields":null,"twitter_title":null,"twitter_description":null,"schema":{"blockGraphs":[],"customGraphs":[],"default":{"data":{"Article":[],"Course":[],"Dataset":[],"FAQPage":[],"Movie":[],"Person":[],"Product":[],"ProductReview":[],"Car":[],"Recipe":[],"Service":[],"SoftwareApplication":[],"WebPage":[]},"graphName":"","isEnabled":true},"graphs":[]},"schema_type":null,"schema_type_options":null,"pillar_content":false,"robots_default":true,"robots_noindex":false,"robots_noarchive":false,"robots_nosnippet":false,"robots_nofollow":false,"robots_noimageindex":false,"robots_noodp":false,"robots_notranslate":false,"robots_max_snippet":null,"robots_max_videopreview":null,"robots_max_imagepreview":"large","priority":null,"frequency":null,"location":null,"local_seo":null,"seo_analyzer_scan_date":"2025-08-28 11:26:15","breadcrumb_settings":null,"limit_modified_date":false,"reviewed_by":null,"open_ai":null,"ai":null,"created":"2020-12-21 11:38:53","updated":"2025-08-28 11:26:15"},"aioseo_breadcrumb":"<div class=\"aioseo-breadcrumbs\"><span class=\"aioseo-breadcrumb\">\n\t<a href=\"https:\/\/candas365.es\/noticias\" title=\"Home\">Home<\/a>\n<\/span><span class=\"aioseo-breadcrumb-separator\">&ndash;<\/span><span class=\"aioseo-breadcrumb\">\n\t<a href=\"https:\/\/candas365.es\/noticias\/category\/actualidad\/\" title=\"Actualidad\">Actualidad<\/a>\n<\/span><span class=\"aioseo-breadcrumb-separator\">&ndash;<\/span><span class=\"aioseo-breadcrumb\">\n\tHonran al ex canciller alem\u00e1n Schmidt en el centenario de su nacimiento\n<\/span><\/div>","aioseo_breadcrumb_json":[{"label":"Home","link":"https:\/\/candas365.es\/noticias"},{"label":"Actualidad","link":"https:\/\/candas365.es\/noticias\/category\/actualidad\/"},{"label":"Honran al ex canciller alem\u00e1n Schmidt en el centenario de su nacimiento","link":"https:\/\/candas365.es\/noticias\/honran-al-ex-canciller-aleman-schmidt-en-el-centenario-de-su-nacimiento\/"}],"_links":{"self":[{"href":"https:\/\/candas365.es\/noticias\/wp-json\/wp\/v2\/posts\/110023","targetHints":{"allow":["GET"]}}],"collection":[{"href":"https:\/\/candas365.es\/noticias\/wp-json\/wp\/v2\/posts"}],"about":[{"href":"https:\/\/candas365.es\/noticias\/wp-json\/wp\/v2\/types\/post"}],"author":[{"embeddable":true,"href":"https:\/\/candas365.es\/noticias\/wp-json\/wp\/v2\/users\/1"}],"replies":[{"embeddable":true,"href":"https:\/\/candas365.es\/noticias\/wp-json\/wp\/v2\/comments?post=110023"}],"version-history":[{"count":0,"href":"https:\/\/candas365.es\/noticias\/wp-json\/wp\/v2\/posts\/110023\/revisions"}],"wp:featuredmedia":[{"embeddable":true,"href":"https:\/\/candas365.es\/noticias\/wp-json\/wp\/v2\/media\/98518"}],"wp:attachment":[{"href":"https:\/\/candas365.es\/noticias\/wp-json\/wp\/v2\/media?parent=110023"}],"wp:term":[{"taxonomy":"category","embeddable":true,"href":"https:\/\/candas365.es\/noticias\/wp-json\/wp\/v2\/categories?post=110023"},{"taxonomy":"post_tag","embeddable":true,"href":"https:\/\/candas365.es\/noticias\/wp-json\/wp\/v2\/tags?post=110023"}],"curies":[{"name":"wp","href":"https:\/\/api.w.org\/{rel}","templated":true}]}}