{"id":110002,"date":"2018-11-16T13:15:23","date_gmt":"2018-11-16T13:15:23","guid":{"rendered":"http:\/\/candas365.es\/noticias\/?p=110002"},"modified":"2018-11-16T13:15:23","modified_gmt":"2018-11-16T13:15:23","slug":"cafe-quijano-actuara-en-el-niemeyer-con-su-nuevo-disco-en-2019","status":"publish","type":"post","link":"https:\/\/candas365.es\/noticias\/cafe-quijano-actuara-en-el-niemeyer-con-su-nuevo-disco-en-2019\/","title":{"rendered":"Caf\u00e9 Quijano actuar\u00e1 en el Niemeyer con su nuevo disco en 2019"},"content":{"rendered":"<p><img fetchpriority=\"high\" decoding=\"async\" class=\"alignleft size-medium wp-image-110005\" src=\"https:\/\/candas365.es\/noticias\/wp-content\/uploads\/2018\/11\/IMAGEN-CARTEL-360x240.jpg\" alt=\"\" width=\"360\" height=\"240\" srcset=\"https:\/\/candas365.es\/noticias\/wp-content\/uploads\/2018\/11\/IMAGEN-CARTEL-360x240.jpg 360w, https:\/\/candas365.es\/noticias\/wp-content\/uploads\/2018\/11\/IMAGEN-CARTEL-768x512.jpg 768w, https:\/\/candas365.es\/noticias\/wp-content\/uploads\/2018\/11\/IMAGEN-CARTEL-655x436.jpg 655w, https:\/\/candas365.es\/noticias\/wp-content\/uploads\/2018\/11\/IMAGEN-CARTEL-696x464.jpg 696w, https:\/\/candas365.es\/noticias\/wp-content\/uploads\/2018\/11\/IMAGEN-CARTEL-1068x712.jpg 1068w, https:\/\/candas365.es\/noticias\/wp-content\/uploads\/2018\/11\/IMAGEN-CARTEL-630x420.jpg 630w, https:\/\/candas365.es\/noticias\/wp-content\/uploads\/2018\/11\/IMAGEN-CARTEL.jpg 1280w\" sizes=\"(max-width: 360px) 100vw, 360px\" \/>El Centro Niemeyer recibir\u00e1 el 9 de marzo de 2019 a los hermanos Quijano en un nuevo tour en el que presentar\u00e1n su reciente \u00e1lbum pop \u201cLa vida no es La La La\u201d. Adem\u00e1s de este \u00faltimo trabajo sus grandes \u00e9xitos ser\u00e1n una pieza central de esta gira.<\/p>\n<p>En ella Caf\u00e9 Quijano presenta un repaso a todos los grandes momentos de su carrera, incluyendo \u00e9xitos del pasado y presente como \u201cNada de na\u201d, \u201cLa Lola\u201d-con la que alcanz\u00f3 el n\u00famero uno en emisoras de radio de m\u00e1s de 30 pa\u00edses- o \u201cLa taberna del buda\u201d, canci\u00f3n del \u00e1lbum que vendi\u00f3 un mill\u00f3n de copias y gan\u00f3 el Premio Ondas a la Mejor Gira.<\/p>\n<p>El s\u00e1bado 9 de marzo a las 20:30 la formaci\u00f3n leonesa mostrar\u00e1 en el Auditorio del Centro Niemeyer una recopilaci\u00f3n de dos d\u00e9cadas de temas que les han hecho triunfar tanto en Espa\u00f1a como en el extranjero, al mismo tiempo presentar\u00e1 las nuevas creaciones de su reciente \u00e1lbum \u201cLa vida no es La La La\u201d, que incluye piezas como \u201cPerdonarme\u00bb, lanzada este a\u00f1o con Willy B\u00e1rcenas (Taburete), y \u00abMina\u201d.<\/p>\n<p>De esta forma, la banda pondr\u00e1 de nuevo sobre el escenario un repertorio en el que no faltar\u00e1n las canciones emblem\u00e1ticas con las que triunfaron en todo el mercado latinoamericano y que les hicieron merecedores de cinco nominaciones a los \u201cLatin Grammy Awards\u201d. Tampoco los arrebatadores boleros ac\u00fasticos a los que les dedicaron su trilog\u00eda iniciada en 2012 y finalizada en 2014 con \u201cOr\u00edgenes: El Bolero Vol.3\u201d, \u00e1lbum inmortalizado en una extensa gira por Espa\u00f1a, EEUU y Am\u00e9rica. A esta gira se le sumaron cuatro nominaciones a los premios Grammy Latinos.<\/p>\n<p>\u201cLa vida no es La La La\u201d es el octavo \u00e1lbum de \u201cCaf\u00e9 Quijano\u201d, un disco compuesto por diez composiciones de pop latino con base electr\u00f3nica por las que apuesta la banda de Le\u00f3n. Los hermanos tratan de seducir, de nuevo, con acordes pegadizos e historias entrelazadas de amor y pasi\u00f3n a golpe de ritmos frescos y bailables. El \u00e1lbum cuenta con la misma discogr\u00e1fica desde sus inicios: \u201cWarner Music\u201d.<\/p>\n<p>En octubre de 2017 la formaci\u00f3n leonesa actu\u00f3 en el Centro Niemeyer con su anterior gira y logr\u00f3 agotar todas las localidades del Auditorio.<\/p>\n<p>Las entradas para este concierto se podr\u00e1n adquirir desde ma\u00f1ana, viernes 16 de noviembre, a las 12:00 del mediod\u00eda con un coste de 35 \u20ac. Los socios del Club Cultura que adquieran sus entradas hasta el 23 de febrero las podr\u00e1n conseguir por 30 \u20ac. Las localidades se pueden adquirir en Centro Niemeyer (Avil\u00e9s), Laboral Ciudad de la Cultura (Gij\u00f3n) y CITPA (Oviedo), en el tel\u00e9fono 902 106 601 y en Liberbank \u2013 entradas (www.liberbank.es).<\/p>\n","protected":false},"excerpt":{"rendered":"<p>El Centro Niemeyer recibir\u00e1 el 9 de marzo de 2019 a los hermanos Quijano en un nuevo tour en el que presentar\u00e1n su reciente \u00e1lbum pop \u201cLa vida no es La La La\u201d. Adem\u00e1s de este \u00faltimo trabajo sus grandes \u00e9xitos ser\u00e1n una pieza central de esta gira. En ella Caf\u00e9 Quijano presenta un repaso<\/p>\n","protected":false},"author":1,"featured_media":110005,"comment_status":"closed","ping_status":"closed","sticky":false,"template":"","format":"standard","meta":{"footnotes":""},"categories":[1],"tags":[],"class_list":{"0":"post-110002","1":"post","2":"type-post","3":"status-publish","4":"format-standard","5":"has-post-thumbnail","7":"category-agenda"},"aioseo_notices":[],"aioseo_head":"\n\t\t<!-- All in One SEO Pro 4.9.6.2 - aioseo.com -->\n\t<meta name=\"description\" content=\"El Centro Niemeyer recibir\u00e1 el 9 de marzo de 2019 a los hermanos Quijano en un nuevo tour en el que presentar\u00e1n su reciente \u00e1lbum pop \u201cLa vida no es La La La\u201d. Adem\u00e1s de este \u00faltimo trabajo sus grandes \u00e9xitos ser\u00e1n una pieza central de esta gira. En ella Caf\u00e9 Quijano presenta un repaso\" \/>\n\t<meta name=\"robots\" content=\"max-image-preview:large\" \/>\n\t<meta name=\"author\" content=\"Cand\u00e1s 365\"\/>\n\t<meta name=\"google-site-verification\" content=\"UA-32230408-1\" \/>\n\t<meta name=\"msvalidate.01\" content=\"354F3CDFB2DA171B47FBE9ABF1F88D5\" \/>\n\t<meta name=\"keywords\" content=\"agenda\" \/>\n\t<link rel=\"canonical\" href=\"https:\/\/candas365.es\/noticias\/cafe-quijano-actuara-en-el-niemeyer-con-su-nuevo-disco-en-2019\/\" \/>\n\t<meta name=\"generator\" content=\"All in One SEO Pro (AIOSEO) 4.9.6.2\" \/>\n\t\t<meta property=\"og:locale\" content=\"es_ES\" \/>\n\t\t<meta property=\"og:site_name\" content=\"Cand\u00e1s 365\" \/>\n\t\t<meta property=\"og:type\" content=\"article\" \/>\n\t\t<meta property=\"og:title\" content=\"Caf\u00e9 Quijano actuar\u00e1 en el Niemeyer con su nuevo disco en 2019 | Cand\u00e1s 365\" \/>\n\t\t<meta property=\"og:description\" content=\"El Centro Niemeyer recibir\u00e1 el 9 de marzo de 2019 a los hermanos Quijano en un nuevo tour en el que presentar\u00e1n su reciente \u00e1lbum pop \u201cLa vida no es La La La\u201d. Adem\u00e1s de este \u00faltimo trabajo sus grandes \u00e9xitos ser\u00e1n una pieza central de esta gira. En ella Caf\u00e9 Quijano presenta un repaso\" \/>\n\t\t<meta property=\"og:url\" content=\"https:\/\/candas365.es\/noticias\/cafe-quijano-actuara-en-el-niemeyer-con-su-nuevo-disco-en-2019\/\" \/>\n\t\t<meta property=\"og:image\" content=\"https:\/\/candas365.es\/noticias\/wp-content\/uploads\/2018\/11\/IMAGEN-CARTEL.jpg\" \/>\n\t\t<meta property=\"og:image:secure_url\" content=\"https:\/\/candas365.es\/noticias\/wp-content\/uploads\/2018\/11\/IMAGEN-CARTEL.jpg\" \/>\n\t\t<meta property=\"og:image:width\" content=\"1280\" \/>\n\t\t<meta property=\"og:image:height\" content=\"853\" \/>\n\t\t<meta property=\"article:published_time\" content=\"2018-11-16T13:15:23+00:00\" \/>\n\t\t<meta property=\"article:modified_time\" content=\"2018-11-16T13:15:23+00:00\" \/>\n\t\t<meta property=\"article:publisher\" content=\"https:\/\/www.facebook.com\/Nachofdezber\" \/>\n\t\t<meta property=\"article:author\" content=\"https:\/\/www.facebook.com\/carrenoactualidad\" \/>\n\t\t<meta name=\"twitter:card\" content=\"summary_large_image\" \/>\n\t\t<meta name=\"twitter:site\" content=\"@NabercoDigital\" \/>\n\t\t<meta name=\"twitter:title\" content=\"Caf\u00e9 Quijano actuar\u00e1 en el Niemeyer con su nuevo disco en 2019 | Cand\u00e1s 365\" \/>\n\t\t<meta name=\"twitter:description\" content=\"El Centro Niemeyer recibir\u00e1 el 9 de marzo de 2019 a los hermanos Quijano en un nuevo tour en el que presentar\u00e1n su reciente \u00e1lbum pop \u201cLa vida no es La La La\u201d. Adem\u00e1s de este \u00faltimo trabajo sus grandes \u00e9xitos ser\u00e1n una pieza central de esta gira. En ella Caf\u00e9 Quijano presenta un repaso\" \/>\n\t\t<meta name=\"twitter:creator\" content=\"@nbasturias\" \/>\n\t\t<meta name=\"twitter:image\" content=\"https:\/\/candas365.es\/noticias\/wp-content\/uploads\/2018\/11\/IMAGEN-CARTEL.jpg\" \/>\n\t\t<meta name=\"twitter:label1\" content=\"Escrito por\" \/>\n\t\t<meta name=\"twitter:data1\" content=\"Cand\u00e1s 365\" \/>\n\t\t<meta name=\"twitter:label2\" content=\"Tiempo de lectura estimado\" \/>\n\t\t<meta name=\"twitter:data2\" content=\"2 minutos\" \/>\n\t\t<script type=\"application\/ld+json\" class=\"aioseo-schema\">\n\t\t\t{\"@context\":\"https:\\\/\\\/schema.org\",\"@graph\":[{\"@type\":\"BreadcrumbList\",\"@id\":\"https:\\\/\\\/candas365.es\\\/noticias\\\/cafe-quijano-actuara-en-el-niemeyer-con-su-nuevo-disco-en-2019\\\/#breadcrumblist\",\"itemListElement\":[{\"@type\":\"ListItem\",\"@id\":\"https:\\\/\\\/candas365.es\\\/noticias#listItem\",\"position\":1,\"name\":\"Home\",\"item\":\"https:\\\/\\\/candas365.es\\\/noticias\",\"nextItem\":{\"@type\":\"ListItem\",\"@id\":\"https:\\\/\\\/candas365.es\\\/noticias\\\/category\\\/agenda\\\/#listItem\",\"name\":\"Agenda\"}},{\"@type\":\"ListItem\",\"@id\":\"https:\\\/\\\/candas365.es\\\/noticias\\\/category\\\/agenda\\\/#listItem\",\"position\":2,\"name\":\"Agenda\",\"item\":\"https:\\\/\\\/candas365.es\\\/noticias\\\/category\\\/agenda\\\/\",\"nextItem\":{\"@type\":\"ListItem\",\"@id\":\"https:\\\/\\\/candas365.es\\\/noticias\\\/cafe-quijano-actuara-en-el-niemeyer-con-su-nuevo-disco-en-2019\\\/#listItem\",\"name\":\"Caf\\u00e9 Quijano actuar\\u00e1 en el Niemeyer con su nuevo disco en 2019\"},\"previousItem\":{\"@type\":\"ListItem\",\"@id\":\"https:\\\/\\\/candas365.es\\\/noticias#listItem\",\"name\":\"Home\"}},{\"@type\":\"ListItem\",\"@id\":\"https:\\\/\\\/candas365.es\\\/noticias\\\/cafe-quijano-actuara-en-el-niemeyer-con-su-nuevo-disco-en-2019\\\/#listItem\",\"position\":3,\"name\":\"Caf\\u00e9 Quijano actuar\\u00e1 en el Niemeyer con su nuevo disco en 2019\",\"previousItem\":{\"@type\":\"ListItem\",\"@id\":\"https:\\\/\\\/candas365.es\\\/noticias\\\/category\\\/agenda\\\/#listItem\",\"name\":\"Agenda\"}}]},{\"@type\":\"NewsArticle\",\"@id\":\"https:\\\/\\\/candas365.es\\\/noticias\\\/cafe-quijano-actuara-en-el-niemeyer-con-su-nuevo-disco-en-2019\\\/#newsarticle\",\"name\":\"Caf\\u00e9 Quijano actuar\\u00e1 en el Niemeyer con su nuevo disco en 2019 | Cand\\u00e1s 365\",\"headline\":\"Caf\\u00e9 Quijano actuar\\u00e1 en el Niemeyer con su nuevo disco en 2019\",\"author\":{\"@id\":\"https:\\\/\\\/candas365.es\\\/noticias\\\/author\\\/admin\\\/#author\"},\"publisher\":{\"@id\":\"https:\\\/\\\/candas365.es\\\/noticias\\\/#organization\"},\"image\":{\"@type\":\"ImageObject\",\"url\":\"https:\\\/\\\/candas365.es\\\/noticias\\\/wp-content\\\/uploads\\\/2018\\\/11\\\/IMAGEN-CARTEL.jpg\",\"width\":1280,\"height\":853},\"datePublished\":\"2018-11-16T13:15:23+01:00\",\"dateModified\":\"2018-11-16T13:15:23+01:00\",\"inLanguage\":\"es-ES\",\"mainEntityOfPage\":{\"@id\":\"https:\\\/\\\/candas365.es\\\/noticias\\\/cafe-quijano-actuara-en-el-niemeyer-con-su-nuevo-disco-en-2019\\\/#webpage\"},\"isPartOf\":{\"@id\":\"https:\\\/\\\/candas365.es\\\/noticias\\\/cafe-quijano-actuara-en-el-niemeyer-con-su-nuevo-disco-en-2019\\\/#webpage\"},\"articleSection\":\"Agenda\",\"dateline\":\"Publicado el noviembre 16, 2018.\"},{\"@type\":\"Organization\",\"@id\":\"https:\\\/\\\/candas365.es\\\/noticias\\\/#organization\",\"name\":\"Cand\\u00e1s 365\",\"description\":\"Cand\\u00e1s 365 es un diario digital independiente, fundado en 2012, con base en Asturias. Informamos con rigor sobre actualidad, sociedad, cultura y ocio, con una mirada local y global.\",\"url\":\"https:\\\/\\\/candas365.es\\\/noticias\\\/\",\"email\":\"info@candas365.es\",\"telephone\":\"+34652131393\",\"foundingDate\":\"2012-06-10\",\"logo\":{\"@type\":\"ImageObject\",\"url\":\"https:\\\/\\\/candas365.es\\\/noticias\\\/wp-content\\\/uploads\\\/2024\\\/09\\\/Candas-365-Redes.jpg\",\"@id\":\"https:\\\/\\\/candas365.es\\\/noticias\\\/cafe-quijano-actuara-en-el-niemeyer-con-su-nuevo-disco-en-2019\\\/#organizationLogo\",\"width\":1152,\"height\":864,\"caption\":\"Cand\\u00e1s 365 Redes\"},\"image\":{\"@id\":\"https:\\\/\\\/candas365.es\\\/noticias\\\/cafe-quijano-actuara-en-el-niemeyer-con-su-nuevo-disco-en-2019\\\/#organizationLogo\"},\"sameAs\":[\"https:\\\/\\\/www.facebook.com\\\/Nachofdezber\",\"https:\\\/\\\/x.com\\\/NabercoDigital\",\"https:\\\/\\\/www.instagram.com\\\/nachofdezber\\\/\",\"https:\\\/\\\/www.youtube.com\\\/channel\\\/UCZP-2wLEB9Rv6erhFmqVnvg\"],\"address\":{\"@id\":\"https:\\\/\\\/candas365.es\\\/noticias\\\/#postaladdress\",\"@type\":\"PostalAddress\",\"streetAddress\":\"san antonio 4, san antonio 4\",\"postalCode\":\"33430\",\"addressLocality\":\"Cand\\u00e1s\",\"addressRegion\":\"Asturias\",\"addressCountry\":\"ES\"}},{\"@type\":\"Person\",\"@id\":\"https:\\\/\\\/candas365.es\\\/noticias\\\/author\\\/admin\\\/#author\",\"url\":\"https:\\\/\\\/candas365.es\\\/noticias\\\/author\\\/admin\\\/\",\"name\":\"Cand\\u00e1s 365\",\"image\":{\"@type\":\"ImageObject\",\"@id\":\"https:\\\/\\\/candas365.es\\\/noticias\\\/cafe-quijano-actuara-en-el-niemeyer-con-su-nuevo-disco-en-2019\\\/#authorImage\",\"url\":\"https:\\\/\\\/secure.gravatar.com\\\/avatar\\\/496a8e03d0c493ede1718b7934145dbdf8d89be1036b0eec9544e1094c9de390?s=96&d=mm&r=g\",\"width\":96,\"height\":96,\"caption\":\"Cand\\u00e1s 365\"},\"sameAs\":[\"https:\\\/\\\/www.facebook.com\\\/carrenoactualidad\",\"https:\\\/\\\/twitter.com\\\/nbasturias\",\"https:\\\/\\\/www.instagram.com\\\/nachofdezber\\\/\",\"https:\\\/\\\/www.youtube.com\\\/channel\\\/UCZP-2wLEB9Rv6erhFmqVnvg\"]},{\"@type\":\"WebPage\",\"@id\":\"https:\\\/\\\/candas365.es\\\/noticias\\\/cafe-quijano-actuara-en-el-niemeyer-con-su-nuevo-disco-en-2019\\\/#webpage\",\"url\":\"https:\\\/\\\/candas365.es\\\/noticias\\\/cafe-quijano-actuara-en-el-niemeyer-con-su-nuevo-disco-en-2019\\\/\",\"name\":\"Caf\\u00e9 Quijano actuar\\u00e1 en el Niemeyer con su nuevo disco en 2019 | Cand\\u00e1s 365\",\"description\":\"El Centro Niemeyer recibir\\u00e1 el 9 de marzo de 2019 a los hermanos Quijano en un nuevo tour en el que presentar\\u00e1n su reciente \\u00e1lbum pop \\u201cLa vida no es La La La\\u201d. Adem\\u00e1s de este \\u00faltimo trabajo sus grandes \\u00e9xitos ser\\u00e1n una pieza central de esta gira. En ella Caf\\u00e9 Quijano presenta un repaso\",\"inLanguage\":\"es-ES\",\"isPartOf\":{\"@id\":\"https:\\\/\\\/candas365.es\\\/noticias\\\/#website\"},\"breadcrumb\":{\"@id\":\"https:\\\/\\\/candas365.es\\\/noticias\\\/cafe-quijano-actuara-en-el-niemeyer-con-su-nuevo-disco-en-2019\\\/#breadcrumblist\"},\"author\":{\"@id\":\"https:\\\/\\\/candas365.es\\\/noticias\\\/author\\\/admin\\\/#author\"},\"creator\":{\"@id\":\"https:\\\/\\\/candas365.es\\\/noticias\\\/author\\\/admin\\\/#author\"},\"image\":{\"@type\":\"ImageObject\",\"url\":\"https:\\\/\\\/candas365.es\\\/noticias\\\/wp-content\\\/uploads\\\/2018\\\/11\\\/IMAGEN-CARTEL.jpg\",\"@id\":\"https:\\\/\\\/candas365.es\\\/noticias\\\/cafe-quijano-actuara-en-el-niemeyer-con-su-nuevo-disco-en-2019\\\/#mainImage\",\"width\":1280,\"height\":853},\"primaryImageOfPage\":{\"@id\":\"https:\\\/\\\/candas365.es\\\/noticias\\\/cafe-quijano-actuara-en-el-niemeyer-con-su-nuevo-disco-en-2019\\\/#mainImage\"},\"datePublished\":\"2018-11-16T13:15:23+01:00\",\"dateModified\":\"2018-11-16T13:15:23+01:00\"},{\"@type\":\"WebSite\",\"@id\":\"https:\\\/\\\/candas365.es\\\/noticias\\\/#website\",\"url\":\"https:\\\/\\\/candas365.es\\\/noticias\\\/\",\"name\":\"Cand\\u00e1s 365\",\"alternateName\":\"Cand\\u00e1s 365 Noticias\",\"description\":\"Actualidad desde Carre\\u00f1o para el mundo\",\"inLanguage\":\"es-ES\",\"publisher\":{\"@id\":\"https:\\\/\\\/candas365.es\\\/noticias\\\/#organization\"}}]}\n\t\t<\/script>\n\t\t<!-- All in One SEO Pro -->\r\n\t\t<title>Caf\u00e9 Quijano actuar\u00e1 en el Niemeyer con su nuevo disco en 2019 | Cand\u00e1s 365<\/title>\n\n","aioseo_head_json":{"title":"Caf\u00e9 Quijano actuar\u00e1 en el Niemeyer con su nuevo disco en 2019 | Cand\u00e1s 365","description":"El Centro Niemeyer recibir\u00e1 el 9 de marzo de 2019 a los hermanos Quijano en un nuevo tour en el que presentar\u00e1n su reciente \u00e1lbum pop \u201cLa vida no es La La La\u201d. Adem\u00e1s de este \u00faltimo trabajo sus grandes \u00e9xitos ser\u00e1n una pieza central de esta gira. En ella Caf\u00e9 Quijano presenta un repaso","canonical_url":"https:\/\/candas365.es\/noticias\/cafe-quijano-actuara-en-el-niemeyer-con-su-nuevo-disco-en-2019\/","robots":"max-image-preview:large","keywords":"agenda","webmasterTools":{"google-site-verification":"UA-32230408-1","msvalidate.01":"354F3CDFB2DA171B47FBE9ABF1F88D5","miscellaneous":""},"schema":{"@context":"https:\/\/schema.org","@graph":[{"@type":"BreadcrumbList","@id":"https:\/\/candas365.es\/noticias\/cafe-quijano-actuara-en-el-niemeyer-con-su-nuevo-disco-en-2019\/#breadcrumblist","itemListElement":[{"@type":"ListItem","@id":"https:\/\/candas365.es\/noticias#listItem","position":1,"name":"Home","item":"https:\/\/candas365.es\/noticias","nextItem":{"@type":"ListItem","@id":"https:\/\/candas365.es\/noticias\/category\/agenda\/#listItem","name":"Agenda"}},{"@type":"ListItem","@id":"https:\/\/candas365.es\/noticias\/category\/agenda\/#listItem","position":2,"name":"Agenda","item":"https:\/\/candas365.es\/noticias\/category\/agenda\/","nextItem":{"@type":"ListItem","@id":"https:\/\/candas365.es\/noticias\/cafe-quijano-actuara-en-el-niemeyer-con-su-nuevo-disco-en-2019\/#listItem","name":"Caf\u00e9 Quijano actuar\u00e1 en el Niemeyer con su nuevo disco en 2019"},"previousItem":{"@type":"ListItem","@id":"https:\/\/candas365.es\/noticias#listItem","name":"Home"}},{"@type":"ListItem","@id":"https:\/\/candas365.es\/noticias\/cafe-quijano-actuara-en-el-niemeyer-con-su-nuevo-disco-en-2019\/#listItem","position":3,"name":"Caf\u00e9 Quijano actuar\u00e1 en el Niemeyer con su nuevo disco en 2019","previousItem":{"@type":"ListItem","@id":"https:\/\/candas365.es\/noticias\/category\/agenda\/#listItem","name":"Agenda"}}]},{"@type":"NewsArticle","@id":"https:\/\/candas365.es\/noticias\/cafe-quijano-actuara-en-el-niemeyer-con-su-nuevo-disco-en-2019\/#newsarticle","name":"Caf\u00e9 Quijano actuar\u00e1 en el Niemeyer con su nuevo disco en 2019 | Cand\u00e1s 365","headline":"Caf\u00e9 Quijano actuar\u00e1 en el Niemeyer con su nuevo disco en 2019","author":{"@id":"https:\/\/candas365.es\/noticias\/author\/admin\/#author"},"publisher":{"@id":"https:\/\/candas365.es\/noticias\/#organization"},"image":{"@type":"ImageObject","url":"https:\/\/candas365.es\/noticias\/wp-content\/uploads\/2018\/11\/IMAGEN-CARTEL.jpg","width":1280,"height":853},"datePublished":"2018-11-16T13:15:23+01:00","dateModified":"2018-11-16T13:15:23+01:00","inLanguage":"es-ES","mainEntityOfPage":{"@id":"https:\/\/candas365.es\/noticias\/cafe-quijano-actuara-en-el-niemeyer-con-su-nuevo-disco-en-2019\/#webpage"},"isPartOf":{"@id":"https:\/\/candas365.es\/noticias\/cafe-quijano-actuara-en-el-niemeyer-con-su-nuevo-disco-en-2019\/#webpage"},"articleSection":"Agenda","dateline":"Publicado el noviembre 16, 2018."},{"@type":"Organization","@id":"https:\/\/candas365.es\/noticias\/#organization","name":"Cand\u00e1s 365","description":"Cand\u00e1s 365 es un diario digital independiente, fundado en 2012, con base en Asturias. Informamos con rigor sobre actualidad, sociedad, cultura y ocio, con una mirada local y global.","url":"https:\/\/candas365.es\/noticias\/","email":"info@candas365.es","telephone":"+34652131393","foundingDate":"2012-06-10","logo":{"@type":"ImageObject","url":"https:\/\/candas365.es\/noticias\/wp-content\/uploads\/2024\/09\/Candas-365-Redes.jpg","@id":"https:\/\/candas365.es\/noticias\/cafe-quijano-actuara-en-el-niemeyer-con-su-nuevo-disco-en-2019\/#organizationLogo","width":1152,"height":864,"caption":"Cand\u00e1s 365 Redes"},"image":{"@id":"https:\/\/candas365.es\/noticias\/cafe-quijano-actuara-en-el-niemeyer-con-su-nuevo-disco-en-2019\/#organizationLogo"},"sameAs":["https:\/\/www.facebook.com\/Nachofdezber","https:\/\/x.com\/NabercoDigital","https:\/\/www.instagram.com\/nachofdezber\/","https:\/\/www.youtube.com\/channel\/UCZP-2wLEB9Rv6erhFmqVnvg"],"address":{"@id":"https:\/\/candas365.es\/noticias\/#postaladdress","@type":"PostalAddress","streetAddress":"san antonio 4, san antonio 4","postalCode":"33430","addressLocality":"Cand\u00e1s","addressRegion":"Asturias","addressCountry":"ES"}},{"@type":"Person","@id":"https:\/\/candas365.es\/noticias\/author\/admin\/#author","url":"https:\/\/candas365.es\/noticias\/author\/admin\/","name":"Cand\u00e1s 365","image":{"@type":"ImageObject","@id":"https:\/\/candas365.es\/noticias\/cafe-quijano-actuara-en-el-niemeyer-con-su-nuevo-disco-en-2019\/#authorImage","url":"https:\/\/secure.gravatar.com\/avatar\/496a8e03d0c493ede1718b7934145dbdf8d89be1036b0eec9544e1094c9de390?s=96&d=mm&r=g","width":96,"height":96,"caption":"Cand\u00e1s 365"},"sameAs":["https:\/\/www.facebook.com\/carrenoactualidad","https:\/\/twitter.com\/nbasturias","https:\/\/www.instagram.com\/nachofdezber\/","https:\/\/www.youtube.com\/channel\/UCZP-2wLEB9Rv6erhFmqVnvg"]},{"@type":"WebPage","@id":"https:\/\/candas365.es\/noticias\/cafe-quijano-actuara-en-el-niemeyer-con-su-nuevo-disco-en-2019\/#webpage","url":"https:\/\/candas365.es\/noticias\/cafe-quijano-actuara-en-el-niemeyer-con-su-nuevo-disco-en-2019\/","name":"Caf\u00e9 Quijano actuar\u00e1 en el Niemeyer con su nuevo disco en 2019 | Cand\u00e1s 365","description":"El Centro Niemeyer recibir\u00e1 el 9 de marzo de 2019 a los hermanos Quijano en un nuevo tour en el que presentar\u00e1n su reciente \u00e1lbum pop \u201cLa vida no es La La La\u201d. Adem\u00e1s de este \u00faltimo trabajo sus grandes \u00e9xitos ser\u00e1n una pieza central de esta gira. En ella Caf\u00e9 Quijano presenta un repaso","inLanguage":"es-ES","isPartOf":{"@id":"https:\/\/candas365.es\/noticias\/#website"},"breadcrumb":{"@id":"https:\/\/candas365.es\/noticias\/cafe-quijano-actuara-en-el-niemeyer-con-su-nuevo-disco-en-2019\/#breadcrumblist"},"author":{"@id":"https:\/\/candas365.es\/noticias\/author\/admin\/#author"},"creator":{"@id":"https:\/\/candas365.es\/noticias\/author\/admin\/#author"},"image":{"@type":"ImageObject","url":"https:\/\/candas365.es\/noticias\/wp-content\/uploads\/2018\/11\/IMAGEN-CARTEL.jpg","@id":"https:\/\/candas365.es\/noticias\/cafe-quijano-actuara-en-el-niemeyer-con-su-nuevo-disco-en-2019\/#mainImage","width":1280,"height":853},"primaryImageOfPage":{"@id":"https:\/\/candas365.es\/noticias\/cafe-quijano-actuara-en-el-niemeyer-con-su-nuevo-disco-en-2019\/#mainImage"},"datePublished":"2018-11-16T13:15:23+01:00","dateModified":"2018-11-16T13:15:23+01:00"},{"@type":"WebSite","@id":"https:\/\/candas365.es\/noticias\/#website","url":"https:\/\/candas365.es\/noticias\/","name":"Cand\u00e1s 365","alternateName":"Cand\u00e1s 365 Noticias","description":"Actualidad desde Carre\u00f1o para el mundo","inLanguage":"es-ES","publisher":{"@id":"https:\/\/candas365.es\/noticias\/#organization"}}]},"og:locale":"es_ES","og:site_name":"Cand\u00e1s 365","og:type":"article","og:title":"Caf\u00e9 Quijano actuar\u00e1 en el Niemeyer con su nuevo disco en 2019 | Cand\u00e1s 365","og:description":"El Centro Niemeyer recibir\u00e1 el 9 de marzo de 2019 a los hermanos Quijano en un nuevo tour en el que presentar\u00e1n su reciente \u00e1lbum pop \u201cLa vida no es La La La\u201d. Adem\u00e1s de este \u00faltimo trabajo sus grandes \u00e9xitos ser\u00e1n una pieza central de esta gira. En ella Caf\u00e9 Quijano presenta un repaso","og:url":"https:\/\/candas365.es\/noticias\/cafe-quijano-actuara-en-el-niemeyer-con-su-nuevo-disco-en-2019\/","og:image":"https:\/\/candas365.es\/noticias\/wp-content\/uploads\/2018\/11\/IMAGEN-CARTEL.jpg","og:image:secure_url":"https:\/\/candas365.es\/noticias\/wp-content\/uploads\/2018\/11\/IMAGEN-CARTEL.jpg","og:image:width":1280,"og:image:height":853,"article:published_time":"2018-11-16T13:15:23+00:00","article:modified_time":"2018-11-16T13:15:23+00:00","article:publisher":"https:\/\/www.facebook.com\/Nachofdezber","article:author":"https:\/\/www.facebook.com\/carrenoactualidad","twitter:card":"summary_large_image","twitter:site":"@NabercoDigital","twitter:title":"Caf\u00e9 Quijano actuar\u00e1 en el Niemeyer con su nuevo disco en 2019 | Cand\u00e1s 365","twitter:description":"El Centro Niemeyer recibir\u00e1 el 9 de marzo de 2019 a los hermanos Quijano en un nuevo tour en el que presentar\u00e1n su reciente \u00e1lbum pop \u201cLa vida no es La La La\u201d. Adem\u00e1s de este \u00faltimo trabajo sus grandes \u00e9xitos ser\u00e1n una pieza central de esta gira. En ella Caf\u00e9 Quijano presenta un repaso","twitter:creator":"@nbasturias","twitter:image":"https:\/\/candas365.es\/noticias\/wp-content\/uploads\/2018\/11\/IMAGEN-CARTEL.jpg","twitter:label1":"Escrito por","twitter:data1":"Cand\u00e1s 365","twitter:label2":"Tiempo de lectura estimado","twitter:data2":"2 minutos"},"aioseo_meta_data":{"post_id":"110002","title":null,"description":null,"keywords":null,"keyphrases":null,"primary_term":null,"canonical_url":null,"og_title":null,"og_description":null,"og_object_type":"default","og_image_type":"default","og_image_url":null,"og_image_width":null,"og_image_height":null,"og_image_custom_url":null,"og_image_custom_fields":null,"og_video":null,"og_custom_url":null,"og_article_section":null,"og_article_tags":null,"twitter_use_og":false,"twitter_card":"default","twitter_image_type":"default","twitter_image_url":null,"twitter_image_custom_url":null,"twitter_image_custom_fields":null,"twitter_title":null,"twitter_description":null,"schema":{"blockGraphs":[],"customGraphs":[],"default":{"data":{"Article":[],"Course":[],"Dataset":[],"FAQPage":[],"Movie":[],"Person":[],"Product":[],"ProductReview":[],"Car":[],"Recipe":[],"Service":[],"SoftwareApplication":[],"WebPage":[]},"graphName":"","isEnabled":true},"graphs":[]},"schema_type":null,"schema_type_options":null,"pillar_content":false,"robots_default":true,"robots_noindex":false,"robots_noarchive":false,"robots_nosnippet":false,"robots_nofollow":false,"robots_noimageindex":false,"robots_noodp":false,"robots_notranslate":false,"robots_max_snippet":null,"robots_max_videopreview":null,"robots_max_imagepreview":"large","priority":null,"frequency":null,"location":null,"local_seo":null,"seo_analyzer_scan_date":"2025-08-28 11:22:20","breadcrumb_settings":null,"limit_modified_date":false,"reviewed_by":null,"open_ai":null,"ai":null,"created":"2020-12-21 11:38:54","updated":"2025-08-28 11:22:20"},"aioseo_breadcrumb":"<div class=\"aioseo-breadcrumbs\"><span class=\"aioseo-breadcrumb\">\n\t<a href=\"https:\/\/candas365.es\/noticias\" title=\"Home\">Home<\/a>\n<\/span><span class=\"aioseo-breadcrumb-separator\">&ndash;<\/span><span class=\"aioseo-breadcrumb\">\n\t<a href=\"https:\/\/candas365.es\/noticias\/category\/agenda\/\" title=\"Agenda\">Agenda<\/a>\n<\/span><span class=\"aioseo-breadcrumb-separator\">&ndash;<\/span><span class=\"aioseo-breadcrumb\">\n\tCaf\u00e9 Quijano actuar\u00e1 en el Niemeyer con su nuevo disco en 2019\n<\/span><\/div>","aioseo_breadcrumb_json":[{"label":"Home","link":"https:\/\/candas365.es\/noticias"},{"label":"Agenda","link":"https:\/\/candas365.es\/noticias\/category\/agenda\/"},{"label":"Caf\u00e9 Quijano actuar\u00e1 en el Niemeyer con su nuevo disco en 2019","link":"https:\/\/candas365.es\/noticias\/cafe-quijano-actuara-en-el-niemeyer-con-su-nuevo-disco-en-2019\/"}],"_links":{"self":[{"href":"https:\/\/candas365.es\/noticias\/wp-json\/wp\/v2\/posts\/110002","targetHints":{"allow":["GET"]}}],"collection":[{"href":"https:\/\/candas365.es\/noticias\/wp-json\/wp\/v2\/posts"}],"about":[{"href":"https:\/\/candas365.es\/noticias\/wp-json\/wp\/v2\/types\/post"}],"author":[{"embeddable":true,"href":"https:\/\/candas365.es\/noticias\/wp-json\/wp\/v2\/users\/1"}],"replies":[{"embeddable":true,"href":"https:\/\/candas365.es\/noticias\/wp-json\/wp\/v2\/comments?post=110002"}],"version-history":[{"count":0,"href":"https:\/\/candas365.es\/noticias\/wp-json\/wp\/v2\/posts\/110002\/revisions"}],"wp:featuredmedia":[{"embeddable":true,"href":"https:\/\/candas365.es\/noticias\/wp-json\/wp\/v2\/media\/110005"}],"wp:attachment":[{"href":"https:\/\/candas365.es\/noticias\/wp-json\/wp\/v2\/media?parent=110002"}],"wp:term":[{"taxonomy":"category","embeddable":true,"href":"https:\/\/candas365.es\/noticias\/wp-json\/wp\/v2\/categories?post=110002"},{"taxonomy":"post_tag","embeddable":true,"href":"https:\/\/candas365.es\/noticias\/wp-json\/wp\/v2\/tags?post=110002"}],"curies":[{"name":"wp","href":"https:\/\/api.w.org\/{rel}","templated":true}]}}