{"id":109990,"date":"2018-11-16T13:06:13","date_gmt":"2018-11-16T13:06:13","guid":{"rendered":"http:\/\/candas365.es\/noticias\/?p=109990"},"modified":"2018-11-16T13:06:13","modified_gmt":"2018-11-16T13:06:13","slug":"la-coral-aires-de-candas-actuara-en-el-xix-edicion-del-otono-coral","status":"publish","type":"post","link":"https:\/\/candas365.es\/noticias\/la-coral-aires-de-candas-actuara-en-el-xix-edicion-del-otono-coral\/","title":{"rendered":"La Coral \u201cAires de Cand\u00e1s\u201d actuar\u00e1 en el XIX edici\u00f3n del \u201cOto\u00f1o Coral\u201d"},"content":{"rendered":"<p><img fetchpriority=\"high\" decoding=\"async\" class=\"alignleft size-medium wp-image-109992\" src=\"https:\/\/candas365.es\/noticias\/wp-content\/uploads\/2018\/11\/background-1797456_960_720-300x300.jpg\" alt=\"\" width=\"300\" height=\"300\" srcset=\"https:\/\/candas365.es\/noticias\/wp-content\/uploads\/2018\/11\/background-1797456_960_720-300x300.jpg 300w, https:\/\/candas365.es\/noticias\/wp-content\/uploads\/2018\/11\/background-1797456_960_720-150x150.jpg 150w, https:\/\/candas365.es\/noticias\/wp-content\/uploads\/2018\/11\/background-1797456_960_720-480x480.jpg 480w, https:\/\/candas365.es\/noticias\/wp-content\/uploads\/2018\/11\/background-1797456_960_720-696x696.jpg 696w, https:\/\/candas365.es\/noticias\/wp-content\/uploads\/2018\/11\/background-1797456_960_720-420x420.jpg 420w, https:\/\/candas365.es\/noticias\/wp-content\/uploads\/2018\/11\/background-1797456_960_720.jpg 720w\" sizes=\"(max-width: 300px) 100vw, 300px\" \/>La Coral \u201cAires de Cand\u00e1s\u201d ha sido invitada a participar en el XIX edici\u00f3n del \u201cOto\u00f1o Coral\u201d por la Coral del \u201cMilenario de San Salvador\u201d de La Ba\u00f1eza, en Le\u00f3n.<\/p>\n<p>El \u201cOto\u00f1o Coral\u201d de La Ba\u00f1eza es un ciclo de conciertos polif\u00f3nicos que organiza desde hace 19 a\u00f1os La Coral ba\u00f1ezana en colaboraci\u00f3n de la Concejal\u00eda de Cultura del Ayuntamiento de La Ba\u00f1eza. Este ciclo se celebra durante el mes de noviembre, invitando a participar el coro anfitri\u00f3n, cada temporada, a varias corales procedentes de toda de Espa\u00f1a.<\/p>\n<p>La Coral del Milenario San Salvador fue fundada en 1985. La agrupaci\u00f3n la componen m\u00e1s de 40 personas que tienen como afici\u00f3n el canto coral. Cada a\u00f1o reciben clases de canto y t\u00e9cnica vocal, adem\u00e1s de interpretaci\u00f3n musical de prestigiosos\/as maestros\/as de la m\u00fasica coral.<\/p>\n<p>Su repertorio est\u00e1 integrado por obras que van desde la polifon\u00eda del siglo XVI hasta la m\u00fasica contempor\u00e1nea tanto religiosa como profana, mostrando especial inter\u00e9s por las canciones populares recogidas de todo el mundo.<\/p>\n<p>Han participado en encuentros, muestras corales y homenajes a grandes personalidades de la m\u00fasica coral. Han cantado la Misa del Peregrino en la Catedral de Santiago de Compostela, ante el Nuncio de Su Santidad el Santo Papa. Han desarrollado diversos intercambios corales con agrupaciones de toda Espa\u00f1a y de Portugal. Llegando parte de sus componentes a actuar en Argentina.<\/p>\n<p>La Coral \u201cAires de Cand\u00e1s\u201d, como invitada participar\u00e1 en este programa cultural el s\u00e1bado 17 de noviembre con un recital musical a las 20:45 horas en la capilla de Jes\u00fas Nazareno de la localidad leonesa.<\/p>\n<p>El programa previsto que la Coral Candasina, bajo la direcci\u00f3n de Marco Antonio Garc\u00eda de la Paz, interpretar\u00e1 en su concierto son los siguientes temas:<\/p>\n<p>\u2022 \u201cHodie christus natus est\u201d del compositor de JanPieterszoon Sweelinck.<br \/>\n\u2022 \u201cLux Fulgebit\u201d del compositor Julio Dom\u00ednguez.<br \/>\n\u2022 \u201cEsta Tierra\u201d de Javier Busto.<br \/>\n\u2022 \u201cCantos del Fuego I y II\u201d del argentino Dante Andreo.<br \/>\n\u2022 \u201cAntes Tu Alma\u201d de Josu Elberdin y Ana Manrique.<br \/>\n\u2022 \u201cAmada, \u00bfD\u00f3nde Est\u00e1s?\u201d, Canci\u00f3n Popular Vasca.<br \/>\n\u2022 \u201cFlores de Amor\u201d de Rosendo Sr. Ru\u00edz Su\u00e1rez.<br \/>\n\u2022 \u201cCon Sabor Tropical\u201d, habanera de Ricardo Tejada y Jorge Domingo.<br \/>\n\u2022 \u201cExtiende la Red\u201d, Canci\u00f3n popular marinera de A. Ruiz Mart\u00edn.<br \/>\n\u2022 \u201cEl Baile\u2019l Cura\u201d de Jes\u00fas Gavito Feliz.<\/p>\n","protected":false},"excerpt":{"rendered":"<p>La Coral \u201cAires de Cand\u00e1s\u201d ha sido invitada a participar en el XIX edici\u00f3n del \u201cOto\u00f1o Coral\u201d por la Coral del \u201cMilenario de San Salvador\u201d de La Ba\u00f1eza, en Le\u00f3n. El \u201cOto\u00f1o Coral\u201d de La Ba\u00f1eza es un ciclo de conciertos polif\u00f3nicos que organiza desde hace 19 a\u00f1os La Coral ba\u00f1ezana en colaboraci\u00f3n de la<\/p>\n","protected":false},"author":1,"featured_media":109992,"comment_status":"closed","ping_status":"closed","sticky":false,"template":"","format":"standard","meta":{"footnotes":""},"categories":[2],"tags":[],"class_list":{"0":"post-109990","1":"post","2":"type-post","3":"status-publish","4":"format-standard","5":"has-post-thumbnail","7":"category-noticias-carreno"},"aioseo_notices":[],"aioseo_head":"\n\t\t<!-- All in One SEO Pro 4.9.6.2 - aioseo.com -->\n\t<meta name=\"description\" content=\"La Coral \u201cAires de Cand\u00e1s\u201d ha sido invitada a participar en el XIX edici\u00f3n del \u201cOto\u00f1o Coral\u201d por la Coral del \u201cMilenario de San Salvador\u201d de La Ba\u00f1eza, en Le\u00f3n. El \u201cOto\u00f1o Coral\u201d de La Ba\u00f1eza es un ciclo de conciertos polif\u00f3nicos que organiza desde hace 19 a\u00f1os La Coral ba\u00f1ezana en colaboraci\u00f3n de la\" \/>\n\t<meta name=\"robots\" content=\"max-image-preview:large\" \/>\n\t<meta name=\"author\" content=\"Cand\u00e1s 365\"\/>\n\t<meta name=\"google-site-verification\" content=\"UA-32230408-1\" \/>\n\t<meta name=\"msvalidate.01\" content=\"354F3CDFB2DA171B47FBE9ABF1F88D5\" \/>\n\t<meta name=\"keywords\" content=\"noticias carre\u00f1o\" \/>\n\t<link rel=\"canonical\" href=\"https:\/\/candas365.es\/noticias\/la-coral-aires-de-candas-actuara-en-el-xix-edicion-del-otono-coral\/\" \/>\n\t<meta name=\"generator\" content=\"All in One SEO Pro (AIOSEO) 4.9.6.2\" \/>\n\t\t<meta property=\"og:locale\" content=\"es_ES\" \/>\n\t\t<meta property=\"og:site_name\" content=\"Cand\u00e1s 365\" \/>\n\t\t<meta property=\"og:type\" content=\"article\" \/>\n\t\t<meta property=\"og:title\" content=\"La Coral \u201cAires de Cand\u00e1s\u201d actuar\u00e1 en el XIX edici\u00f3n del \u201cOto\u00f1o Coral\u201d | Cand\u00e1s 365\" \/>\n\t\t<meta property=\"og:description\" content=\"La Coral \u201cAires de Cand\u00e1s\u201d ha sido invitada a participar en el XIX edici\u00f3n del \u201cOto\u00f1o Coral\u201d por la Coral del \u201cMilenario de San Salvador\u201d de La Ba\u00f1eza, en Le\u00f3n. El \u201cOto\u00f1o Coral\u201d de La Ba\u00f1eza es un ciclo de conciertos polif\u00f3nicos que organiza desde hace 19 a\u00f1os La Coral ba\u00f1ezana en colaboraci\u00f3n de la\" \/>\n\t\t<meta property=\"og:url\" content=\"https:\/\/candas365.es\/noticias\/la-coral-aires-de-candas-actuara-en-el-xix-edicion-del-otono-coral\/\" \/>\n\t\t<meta property=\"og:image\" content=\"https:\/\/candas365.es\/noticias\/wp-content\/uploads\/2018\/11\/background-1797456_960_720.jpg\" \/>\n\t\t<meta property=\"og:image:secure_url\" content=\"https:\/\/candas365.es\/noticias\/wp-content\/uploads\/2018\/11\/background-1797456_960_720.jpg\" \/>\n\t\t<meta property=\"og:image:width\" content=\"720\" \/>\n\t\t<meta property=\"og:image:height\" content=\"720\" \/>\n\t\t<meta property=\"article:published_time\" content=\"2018-11-16T13:06:13+00:00\" \/>\n\t\t<meta property=\"article:modified_time\" content=\"2018-11-16T13:06:13+00:00\" \/>\n\t\t<meta property=\"article:publisher\" content=\"https:\/\/www.facebook.com\/Nachofdezber\" \/>\n\t\t<meta property=\"article:author\" content=\"https:\/\/www.facebook.com\/carrenoactualidad\" \/>\n\t\t<meta name=\"twitter:card\" content=\"summary_large_image\" \/>\n\t\t<meta name=\"twitter:site\" content=\"@NabercoDigital\" \/>\n\t\t<meta name=\"twitter:title\" content=\"La Coral \u201cAires de Cand\u00e1s\u201d actuar\u00e1 en el XIX edici\u00f3n del \u201cOto\u00f1o Coral\u201d | Cand\u00e1s 365\" \/>\n\t\t<meta name=\"twitter:description\" content=\"La Coral \u201cAires de Cand\u00e1s\u201d ha sido invitada a participar en el XIX edici\u00f3n del \u201cOto\u00f1o Coral\u201d por la Coral del \u201cMilenario de San Salvador\u201d de La Ba\u00f1eza, en Le\u00f3n. El \u201cOto\u00f1o Coral\u201d de La Ba\u00f1eza es un ciclo de conciertos polif\u00f3nicos que organiza desde hace 19 a\u00f1os La Coral ba\u00f1ezana en colaboraci\u00f3n de la\" \/>\n\t\t<meta name=\"twitter:creator\" content=\"@nbasturias\" \/>\n\t\t<meta name=\"twitter:image\" content=\"https:\/\/candas365.es\/noticias\/wp-content\/uploads\/2018\/11\/background-1797456_960_720.jpg\" \/>\n\t\t<meta name=\"twitter:label1\" content=\"Escrito por\" \/>\n\t\t<meta name=\"twitter:data1\" content=\"Cand\u00e1s 365\" \/>\n\t\t<meta name=\"twitter:label2\" content=\"Tiempo de lectura estimado\" \/>\n\t\t<meta name=\"twitter:data2\" content=\"2 minutos\" \/>\n\t\t<script type=\"application\/ld+json\" class=\"aioseo-schema\">\n\t\t\t{\"@context\":\"https:\\\/\\\/schema.org\",\"@graph\":[{\"@type\":\"BreadcrumbList\",\"@id\":\"https:\\\/\\\/candas365.es\\\/noticias\\\/la-coral-aires-de-candas-actuara-en-el-xix-edicion-del-otono-coral\\\/#breadcrumblist\",\"itemListElement\":[{\"@type\":\"ListItem\",\"@id\":\"https:\\\/\\\/candas365.es\\\/noticias#listItem\",\"position\":1,\"name\":\"Home\",\"item\":\"https:\\\/\\\/candas365.es\\\/noticias\",\"nextItem\":{\"@type\":\"ListItem\",\"@id\":\"https:\\\/\\\/candas365.es\\\/noticias\\\/category\\\/noticias-carreno\\\/#listItem\",\"name\":\"Noticias Carre\\u00f1o\"}},{\"@type\":\"ListItem\",\"@id\":\"https:\\\/\\\/candas365.es\\\/noticias\\\/category\\\/noticias-carreno\\\/#listItem\",\"position\":2,\"name\":\"Noticias Carre\\u00f1o\",\"item\":\"https:\\\/\\\/candas365.es\\\/noticias\\\/category\\\/noticias-carreno\\\/\",\"nextItem\":{\"@type\":\"ListItem\",\"@id\":\"https:\\\/\\\/candas365.es\\\/noticias\\\/la-coral-aires-de-candas-actuara-en-el-xix-edicion-del-otono-coral\\\/#listItem\",\"name\":\"La Coral \\u201cAires de Cand\\u00e1s\\u201d actuar\\u00e1 en el XIX edici\\u00f3n del \\u201cOto\\u00f1o Coral\\u201d\"},\"previousItem\":{\"@type\":\"ListItem\",\"@id\":\"https:\\\/\\\/candas365.es\\\/noticias#listItem\",\"name\":\"Home\"}},{\"@type\":\"ListItem\",\"@id\":\"https:\\\/\\\/candas365.es\\\/noticias\\\/la-coral-aires-de-candas-actuara-en-el-xix-edicion-del-otono-coral\\\/#listItem\",\"position\":3,\"name\":\"La Coral \\u201cAires de Cand\\u00e1s\\u201d actuar\\u00e1 en el XIX edici\\u00f3n del \\u201cOto\\u00f1o Coral\\u201d\",\"previousItem\":{\"@type\":\"ListItem\",\"@id\":\"https:\\\/\\\/candas365.es\\\/noticias\\\/category\\\/noticias-carreno\\\/#listItem\",\"name\":\"Noticias Carre\\u00f1o\"}}]},{\"@type\":\"NewsArticle\",\"@id\":\"https:\\\/\\\/candas365.es\\\/noticias\\\/la-coral-aires-de-candas-actuara-en-el-xix-edicion-del-otono-coral\\\/#newsarticle\",\"name\":\"La Coral \\u201cAires de Cand\\u00e1s\\u201d actuar\\u00e1 en el XIX edici\\u00f3n del \\u201cOto\\u00f1o Coral\\u201d | Cand\\u00e1s 365\",\"headline\":\"La Coral \\u201cAires de Cand\\u00e1s\\u201d actuar\\u00e1 en el XIX edici\\u00f3n del \\u201cOto\\u00f1o Coral\\u201d\",\"author\":{\"@id\":\"https:\\\/\\\/candas365.es\\\/noticias\\\/author\\\/admin\\\/#author\"},\"publisher\":{\"@id\":\"https:\\\/\\\/candas365.es\\\/noticias\\\/#organization\"},\"image\":{\"@type\":\"ImageObject\",\"url\":\"https:\\\/\\\/candas365.es\\\/noticias\\\/wp-content\\\/uploads\\\/2018\\\/11\\\/background-1797456_960_720.jpg\",\"width\":720,\"height\":720},\"datePublished\":\"2018-11-16T13:06:13+01:00\",\"dateModified\":\"2018-11-16T13:06:13+01:00\",\"inLanguage\":\"es-ES\",\"mainEntityOfPage\":{\"@id\":\"https:\\\/\\\/candas365.es\\\/noticias\\\/la-coral-aires-de-candas-actuara-en-el-xix-edicion-del-otono-coral\\\/#webpage\"},\"isPartOf\":{\"@id\":\"https:\\\/\\\/candas365.es\\\/noticias\\\/la-coral-aires-de-candas-actuara-en-el-xix-edicion-del-otono-coral\\\/#webpage\"},\"articleSection\":\"Noticias Carre\\u00f1o\",\"dateline\":\"Publicado el noviembre 16, 2018.\"},{\"@type\":\"Organization\",\"@id\":\"https:\\\/\\\/candas365.es\\\/noticias\\\/#organization\",\"name\":\"Cand\\u00e1s 365\",\"description\":\"Cand\\u00e1s 365 es un diario digital independiente, fundado en 2012, con base en Asturias. Informamos con rigor sobre actualidad, sociedad, cultura y ocio, con una mirada local y global.\",\"url\":\"https:\\\/\\\/candas365.es\\\/noticias\\\/\",\"email\":\"info@candas365.es\",\"telephone\":\"+34652131393\",\"foundingDate\":\"2012-06-10\",\"logo\":{\"@type\":\"ImageObject\",\"url\":\"https:\\\/\\\/candas365.es\\\/noticias\\\/wp-content\\\/uploads\\\/2024\\\/09\\\/Candas-365-Redes.jpg\",\"@id\":\"https:\\\/\\\/candas365.es\\\/noticias\\\/la-coral-aires-de-candas-actuara-en-el-xix-edicion-del-otono-coral\\\/#organizationLogo\",\"width\":1152,\"height\":864,\"caption\":\"Cand\\u00e1s 365 Redes\"},\"image\":{\"@id\":\"https:\\\/\\\/candas365.es\\\/noticias\\\/la-coral-aires-de-candas-actuara-en-el-xix-edicion-del-otono-coral\\\/#organizationLogo\"},\"sameAs\":[\"https:\\\/\\\/www.facebook.com\\\/Nachofdezber\",\"https:\\\/\\\/x.com\\\/NabercoDigital\",\"https:\\\/\\\/www.instagram.com\\\/nachofdezber\\\/\",\"https:\\\/\\\/www.youtube.com\\\/channel\\\/UCZP-2wLEB9Rv6erhFmqVnvg\"],\"address\":{\"@id\":\"https:\\\/\\\/candas365.es\\\/noticias\\\/#postaladdress\",\"@type\":\"PostalAddress\",\"streetAddress\":\"san antonio 4, san antonio 4\",\"postalCode\":\"33430\",\"addressLocality\":\"Cand\\u00e1s\",\"addressRegion\":\"Asturias\",\"addressCountry\":\"ES\"}},{\"@type\":\"Person\",\"@id\":\"https:\\\/\\\/candas365.es\\\/noticias\\\/author\\\/admin\\\/#author\",\"url\":\"https:\\\/\\\/candas365.es\\\/noticias\\\/author\\\/admin\\\/\",\"name\":\"Cand\\u00e1s 365\",\"image\":{\"@type\":\"ImageObject\",\"@id\":\"https:\\\/\\\/candas365.es\\\/noticias\\\/la-coral-aires-de-candas-actuara-en-el-xix-edicion-del-otono-coral\\\/#authorImage\",\"url\":\"https:\\\/\\\/secure.gravatar.com\\\/avatar\\\/496a8e03d0c493ede1718b7934145dbdf8d89be1036b0eec9544e1094c9de390?s=96&d=mm&r=g\",\"width\":96,\"height\":96,\"caption\":\"Cand\\u00e1s 365\"},\"sameAs\":[\"https:\\\/\\\/www.facebook.com\\\/carrenoactualidad\",\"https:\\\/\\\/twitter.com\\\/nbasturias\",\"https:\\\/\\\/www.instagram.com\\\/nachofdezber\\\/\",\"https:\\\/\\\/www.youtube.com\\\/channel\\\/UCZP-2wLEB9Rv6erhFmqVnvg\"]},{\"@type\":\"WebPage\",\"@id\":\"https:\\\/\\\/candas365.es\\\/noticias\\\/la-coral-aires-de-candas-actuara-en-el-xix-edicion-del-otono-coral\\\/#webpage\",\"url\":\"https:\\\/\\\/candas365.es\\\/noticias\\\/la-coral-aires-de-candas-actuara-en-el-xix-edicion-del-otono-coral\\\/\",\"name\":\"La Coral \\u201cAires de Cand\\u00e1s\\u201d actuar\\u00e1 en el XIX edici\\u00f3n del \\u201cOto\\u00f1o Coral\\u201d | Cand\\u00e1s 365\",\"description\":\"La Coral \\u201cAires de Cand\\u00e1s\\u201d ha sido invitada a participar en el XIX edici\\u00f3n del \\u201cOto\\u00f1o Coral\\u201d por la Coral del \\u201cMilenario de San Salvador\\u201d de La Ba\\u00f1eza, en Le\\u00f3n. El \\u201cOto\\u00f1o Coral\\u201d de La Ba\\u00f1eza es un ciclo de conciertos polif\\u00f3nicos que organiza desde hace 19 a\\u00f1os La Coral ba\\u00f1ezana en colaboraci\\u00f3n de la\",\"inLanguage\":\"es-ES\",\"isPartOf\":{\"@id\":\"https:\\\/\\\/candas365.es\\\/noticias\\\/#website\"},\"breadcrumb\":{\"@id\":\"https:\\\/\\\/candas365.es\\\/noticias\\\/la-coral-aires-de-candas-actuara-en-el-xix-edicion-del-otono-coral\\\/#breadcrumblist\"},\"author\":{\"@id\":\"https:\\\/\\\/candas365.es\\\/noticias\\\/author\\\/admin\\\/#author\"},\"creator\":{\"@id\":\"https:\\\/\\\/candas365.es\\\/noticias\\\/author\\\/admin\\\/#author\"},\"image\":{\"@type\":\"ImageObject\",\"url\":\"https:\\\/\\\/candas365.es\\\/noticias\\\/wp-content\\\/uploads\\\/2018\\\/11\\\/background-1797456_960_720.jpg\",\"@id\":\"https:\\\/\\\/candas365.es\\\/noticias\\\/la-coral-aires-de-candas-actuara-en-el-xix-edicion-del-otono-coral\\\/#mainImage\",\"width\":720,\"height\":720},\"primaryImageOfPage\":{\"@id\":\"https:\\\/\\\/candas365.es\\\/noticias\\\/la-coral-aires-de-candas-actuara-en-el-xix-edicion-del-otono-coral\\\/#mainImage\"},\"datePublished\":\"2018-11-16T13:06:13+01:00\",\"dateModified\":\"2018-11-16T13:06:13+01:00\"},{\"@type\":\"WebSite\",\"@id\":\"https:\\\/\\\/candas365.es\\\/noticias\\\/#website\",\"url\":\"https:\\\/\\\/candas365.es\\\/noticias\\\/\",\"name\":\"Cand\\u00e1s 365\",\"alternateName\":\"Cand\\u00e1s 365 Noticias\",\"description\":\"Actualidad desde Carre\\u00f1o para el mundo\",\"inLanguage\":\"es-ES\",\"publisher\":{\"@id\":\"https:\\\/\\\/candas365.es\\\/noticias\\\/#organization\"}}]}\n\t\t<\/script>\n\t\t<!-- All in One SEO Pro -->\r\n\t\t<title>La Coral \u201cAires de Cand\u00e1s\u201d actuar\u00e1 en el XIX edici\u00f3n del \u201cOto\u00f1o Coral\u201d | Cand\u00e1s 365<\/title>\n\n","aioseo_head_json":{"title":"La Coral \u201cAires de Cand\u00e1s\u201d actuar\u00e1 en el XIX edici\u00f3n del \u201cOto\u00f1o Coral\u201d | Cand\u00e1s 365","description":"La Coral \u201cAires de Cand\u00e1s\u201d ha sido invitada a participar en el XIX edici\u00f3n del \u201cOto\u00f1o Coral\u201d por la Coral del \u201cMilenario de San Salvador\u201d de La Ba\u00f1eza, en Le\u00f3n. El \u201cOto\u00f1o Coral\u201d de La Ba\u00f1eza es un ciclo de conciertos polif\u00f3nicos que organiza desde hace 19 a\u00f1os La Coral ba\u00f1ezana en colaboraci\u00f3n de la","canonical_url":"https:\/\/candas365.es\/noticias\/la-coral-aires-de-candas-actuara-en-el-xix-edicion-del-otono-coral\/","robots":"max-image-preview:large","keywords":"noticias carre\u00f1o","webmasterTools":{"google-site-verification":"UA-32230408-1","msvalidate.01":"354F3CDFB2DA171B47FBE9ABF1F88D5","miscellaneous":""},"schema":{"@context":"https:\/\/schema.org","@graph":[{"@type":"BreadcrumbList","@id":"https:\/\/candas365.es\/noticias\/la-coral-aires-de-candas-actuara-en-el-xix-edicion-del-otono-coral\/#breadcrumblist","itemListElement":[{"@type":"ListItem","@id":"https:\/\/candas365.es\/noticias#listItem","position":1,"name":"Home","item":"https:\/\/candas365.es\/noticias","nextItem":{"@type":"ListItem","@id":"https:\/\/candas365.es\/noticias\/category\/noticias-carreno\/#listItem","name":"Noticias Carre\u00f1o"}},{"@type":"ListItem","@id":"https:\/\/candas365.es\/noticias\/category\/noticias-carreno\/#listItem","position":2,"name":"Noticias Carre\u00f1o","item":"https:\/\/candas365.es\/noticias\/category\/noticias-carreno\/","nextItem":{"@type":"ListItem","@id":"https:\/\/candas365.es\/noticias\/la-coral-aires-de-candas-actuara-en-el-xix-edicion-del-otono-coral\/#listItem","name":"La Coral \u201cAires de Cand\u00e1s\u201d actuar\u00e1 en el XIX edici\u00f3n del \u201cOto\u00f1o Coral\u201d"},"previousItem":{"@type":"ListItem","@id":"https:\/\/candas365.es\/noticias#listItem","name":"Home"}},{"@type":"ListItem","@id":"https:\/\/candas365.es\/noticias\/la-coral-aires-de-candas-actuara-en-el-xix-edicion-del-otono-coral\/#listItem","position":3,"name":"La Coral \u201cAires de Cand\u00e1s\u201d actuar\u00e1 en el XIX edici\u00f3n del \u201cOto\u00f1o Coral\u201d","previousItem":{"@type":"ListItem","@id":"https:\/\/candas365.es\/noticias\/category\/noticias-carreno\/#listItem","name":"Noticias Carre\u00f1o"}}]},{"@type":"NewsArticle","@id":"https:\/\/candas365.es\/noticias\/la-coral-aires-de-candas-actuara-en-el-xix-edicion-del-otono-coral\/#newsarticle","name":"La Coral \u201cAires de Cand\u00e1s\u201d actuar\u00e1 en el XIX edici\u00f3n del \u201cOto\u00f1o Coral\u201d | Cand\u00e1s 365","headline":"La Coral \u201cAires de Cand\u00e1s\u201d actuar\u00e1 en el XIX edici\u00f3n del \u201cOto\u00f1o Coral\u201d","author":{"@id":"https:\/\/candas365.es\/noticias\/author\/admin\/#author"},"publisher":{"@id":"https:\/\/candas365.es\/noticias\/#organization"},"image":{"@type":"ImageObject","url":"https:\/\/candas365.es\/noticias\/wp-content\/uploads\/2018\/11\/background-1797456_960_720.jpg","width":720,"height":720},"datePublished":"2018-11-16T13:06:13+01:00","dateModified":"2018-11-16T13:06:13+01:00","inLanguage":"es-ES","mainEntityOfPage":{"@id":"https:\/\/candas365.es\/noticias\/la-coral-aires-de-candas-actuara-en-el-xix-edicion-del-otono-coral\/#webpage"},"isPartOf":{"@id":"https:\/\/candas365.es\/noticias\/la-coral-aires-de-candas-actuara-en-el-xix-edicion-del-otono-coral\/#webpage"},"articleSection":"Noticias Carre\u00f1o","dateline":"Publicado el noviembre 16, 2018."},{"@type":"Organization","@id":"https:\/\/candas365.es\/noticias\/#organization","name":"Cand\u00e1s 365","description":"Cand\u00e1s 365 es un diario digital independiente, fundado en 2012, con base en Asturias. Informamos con rigor sobre actualidad, sociedad, cultura y ocio, con una mirada local y global.","url":"https:\/\/candas365.es\/noticias\/","email":"info@candas365.es","telephone":"+34652131393","foundingDate":"2012-06-10","logo":{"@type":"ImageObject","url":"https:\/\/candas365.es\/noticias\/wp-content\/uploads\/2024\/09\/Candas-365-Redes.jpg","@id":"https:\/\/candas365.es\/noticias\/la-coral-aires-de-candas-actuara-en-el-xix-edicion-del-otono-coral\/#organizationLogo","width":1152,"height":864,"caption":"Cand\u00e1s 365 Redes"},"image":{"@id":"https:\/\/candas365.es\/noticias\/la-coral-aires-de-candas-actuara-en-el-xix-edicion-del-otono-coral\/#organizationLogo"},"sameAs":["https:\/\/www.facebook.com\/Nachofdezber","https:\/\/x.com\/NabercoDigital","https:\/\/www.instagram.com\/nachofdezber\/","https:\/\/www.youtube.com\/channel\/UCZP-2wLEB9Rv6erhFmqVnvg"],"address":{"@id":"https:\/\/candas365.es\/noticias\/#postaladdress","@type":"PostalAddress","streetAddress":"san antonio 4, san antonio 4","postalCode":"33430","addressLocality":"Cand\u00e1s","addressRegion":"Asturias","addressCountry":"ES"}},{"@type":"Person","@id":"https:\/\/candas365.es\/noticias\/author\/admin\/#author","url":"https:\/\/candas365.es\/noticias\/author\/admin\/","name":"Cand\u00e1s 365","image":{"@type":"ImageObject","@id":"https:\/\/candas365.es\/noticias\/la-coral-aires-de-candas-actuara-en-el-xix-edicion-del-otono-coral\/#authorImage","url":"https:\/\/secure.gravatar.com\/avatar\/496a8e03d0c493ede1718b7934145dbdf8d89be1036b0eec9544e1094c9de390?s=96&d=mm&r=g","width":96,"height":96,"caption":"Cand\u00e1s 365"},"sameAs":["https:\/\/www.facebook.com\/carrenoactualidad","https:\/\/twitter.com\/nbasturias","https:\/\/www.instagram.com\/nachofdezber\/","https:\/\/www.youtube.com\/channel\/UCZP-2wLEB9Rv6erhFmqVnvg"]},{"@type":"WebPage","@id":"https:\/\/candas365.es\/noticias\/la-coral-aires-de-candas-actuara-en-el-xix-edicion-del-otono-coral\/#webpage","url":"https:\/\/candas365.es\/noticias\/la-coral-aires-de-candas-actuara-en-el-xix-edicion-del-otono-coral\/","name":"La Coral \u201cAires de Cand\u00e1s\u201d actuar\u00e1 en el XIX edici\u00f3n del \u201cOto\u00f1o Coral\u201d | Cand\u00e1s 365","description":"La Coral \u201cAires de Cand\u00e1s\u201d ha sido invitada a participar en el XIX edici\u00f3n del \u201cOto\u00f1o Coral\u201d por la Coral del \u201cMilenario de San Salvador\u201d de La Ba\u00f1eza, en Le\u00f3n. El \u201cOto\u00f1o Coral\u201d de La Ba\u00f1eza es un ciclo de conciertos polif\u00f3nicos que organiza desde hace 19 a\u00f1os La Coral ba\u00f1ezana en colaboraci\u00f3n de la","inLanguage":"es-ES","isPartOf":{"@id":"https:\/\/candas365.es\/noticias\/#website"},"breadcrumb":{"@id":"https:\/\/candas365.es\/noticias\/la-coral-aires-de-candas-actuara-en-el-xix-edicion-del-otono-coral\/#breadcrumblist"},"author":{"@id":"https:\/\/candas365.es\/noticias\/author\/admin\/#author"},"creator":{"@id":"https:\/\/candas365.es\/noticias\/author\/admin\/#author"},"image":{"@type":"ImageObject","url":"https:\/\/candas365.es\/noticias\/wp-content\/uploads\/2018\/11\/background-1797456_960_720.jpg","@id":"https:\/\/candas365.es\/noticias\/la-coral-aires-de-candas-actuara-en-el-xix-edicion-del-otono-coral\/#mainImage","width":720,"height":720},"primaryImageOfPage":{"@id":"https:\/\/candas365.es\/noticias\/la-coral-aires-de-candas-actuara-en-el-xix-edicion-del-otono-coral\/#mainImage"},"datePublished":"2018-11-16T13:06:13+01:00","dateModified":"2018-11-16T13:06:13+01:00"},{"@type":"WebSite","@id":"https:\/\/candas365.es\/noticias\/#website","url":"https:\/\/candas365.es\/noticias\/","name":"Cand\u00e1s 365","alternateName":"Cand\u00e1s 365 Noticias","description":"Actualidad desde Carre\u00f1o para el mundo","inLanguage":"es-ES","publisher":{"@id":"https:\/\/candas365.es\/noticias\/#organization"}}]},"og:locale":"es_ES","og:site_name":"Cand\u00e1s 365","og:type":"article","og:title":"La Coral \u201cAires de Cand\u00e1s\u201d actuar\u00e1 en el XIX edici\u00f3n del \u201cOto\u00f1o Coral\u201d | Cand\u00e1s 365","og:description":"La Coral \u201cAires de Cand\u00e1s\u201d ha sido invitada a participar en el XIX edici\u00f3n del \u201cOto\u00f1o Coral\u201d por la Coral del \u201cMilenario de San Salvador\u201d de La Ba\u00f1eza, en Le\u00f3n. El \u201cOto\u00f1o Coral\u201d de La Ba\u00f1eza es un ciclo de conciertos polif\u00f3nicos que organiza desde hace 19 a\u00f1os La Coral ba\u00f1ezana en colaboraci\u00f3n de la","og:url":"https:\/\/candas365.es\/noticias\/la-coral-aires-de-candas-actuara-en-el-xix-edicion-del-otono-coral\/","og:image":"https:\/\/candas365.es\/noticias\/wp-content\/uploads\/2018\/11\/background-1797456_960_720.jpg","og:image:secure_url":"https:\/\/candas365.es\/noticias\/wp-content\/uploads\/2018\/11\/background-1797456_960_720.jpg","og:image:width":720,"og:image:height":720,"article:published_time":"2018-11-16T13:06:13+00:00","article:modified_time":"2018-11-16T13:06:13+00:00","article:publisher":"https:\/\/www.facebook.com\/Nachofdezber","article:author":"https:\/\/www.facebook.com\/carrenoactualidad","twitter:card":"summary_large_image","twitter:site":"@NabercoDigital","twitter:title":"La Coral \u201cAires de Cand\u00e1s\u201d actuar\u00e1 en el XIX edici\u00f3n del \u201cOto\u00f1o Coral\u201d | Cand\u00e1s 365","twitter:description":"La Coral \u201cAires de Cand\u00e1s\u201d ha sido invitada a participar en el XIX edici\u00f3n del \u201cOto\u00f1o Coral\u201d por la Coral del \u201cMilenario de San Salvador\u201d de La Ba\u00f1eza, en Le\u00f3n. El \u201cOto\u00f1o Coral\u201d de La Ba\u00f1eza es un ciclo de conciertos polif\u00f3nicos que organiza desde hace 19 a\u00f1os La Coral ba\u00f1ezana en colaboraci\u00f3n de la","twitter:creator":"@nbasturias","twitter:image":"https:\/\/candas365.es\/noticias\/wp-content\/uploads\/2018\/11\/background-1797456_960_720.jpg","twitter:label1":"Escrito por","twitter:data1":"Cand\u00e1s 365","twitter:label2":"Tiempo de lectura estimado","twitter:data2":"2 minutos"},"aioseo_meta_data":{"post_id":"109990","title":null,"description":null,"keywords":null,"keyphrases":null,"primary_term":null,"canonical_url":null,"og_title":null,"og_description":null,"og_object_type":"default","og_image_type":"default","og_image_url":null,"og_image_width":null,"og_image_height":null,"og_image_custom_url":null,"og_image_custom_fields":null,"og_video":null,"og_custom_url":null,"og_article_section":null,"og_article_tags":null,"twitter_use_og":false,"twitter_card":"default","twitter_image_type":"default","twitter_image_url":null,"twitter_image_custom_url":null,"twitter_image_custom_fields":null,"twitter_title":null,"twitter_description":null,"schema":{"blockGraphs":[],"customGraphs":[],"default":{"data":{"Article":[],"Course":[],"Dataset":[],"FAQPage":[],"Movie":[],"Person":[],"Product":[],"ProductReview":[],"Car":[],"Recipe":[],"Service":[],"SoftwareApplication":[],"WebPage":[]},"graphName":"","isEnabled":true},"graphs":[],"defaultGraph":"","defaultPostTypeGraph":""},"schema_type":null,"schema_type_options":null,"pillar_content":false,"robots_default":true,"robots_noindex":false,"robots_noarchive":false,"robots_nosnippet":false,"robots_nofollow":false,"robots_noimageindex":false,"robots_noodp":false,"robots_notranslate":false,"robots_max_snippet":null,"robots_max_videopreview":null,"robots_max_imagepreview":"large","priority":null,"frequency":null,"location":null,"local_seo":null,"seo_analyzer_scan_date":"2025-08-28 11:20:05","breadcrumb_settings":null,"limit_modified_date":false,"reviewed_by":null,"open_ai":null,"ai":null,"created":"2020-12-21 11:38:54","updated":"2025-08-28 11:20:05"},"aioseo_breadcrumb":"<div class=\"aioseo-breadcrumbs\"><span class=\"aioseo-breadcrumb\">\n\t<a href=\"https:\/\/candas365.es\/noticias\" title=\"Home\">Home<\/a>\n<\/span><span class=\"aioseo-breadcrumb-separator\">&ndash;<\/span><span class=\"aioseo-breadcrumb\">\n\t<a href=\"https:\/\/candas365.es\/noticias\/category\/noticias-carreno\/\" title=\"Noticias Carre\u00f1o\">Noticias Carre\u00f1o<\/a>\n<\/span><span class=\"aioseo-breadcrumb-separator\">&ndash;<\/span><span class=\"aioseo-breadcrumb\">\n\tLa Coral \u201cAires de Cand\u00e1s\u201d actuar\u00e1 en el XIX edici\u00f3n del \u201cOto\u00f1o Coral\u201d\n<\/span><\/div>","aioseo_breadcrumb_json":[{"label":"Home","link":"https:\/\/candas365.es\/noticias"},{"label":"Noticias Carre\u00f1o","link":"https:\/\/candas365.es\/noticias\/category\/noticias-carreno\/"},{"label":"La Coral \u201cAires de Cand\u00e1s\u201d actuar\u00e1 en el XIX edici\u00f3n del \u201cOto\u00f1o Coral\u201d","link":"https:\/\/candas365.es\/noticias\/la-coral-aires-de-candas-actuara-en-el-xix-edicion-del-otono-coral\/"}],"_links":{"self":[{"href":"https:\/\/candas365.es\/noticias\/wp-json\/wp\/v2\/posts\/109990","targetHints":{"allow":["GET"]}}],"collection":[{"href":"https:\/\/candas365.es\/noticias\/wp-json\/wp\/v2\/posts"}],"about":[{"href":"https:\/\/candas365.es\/noticias\/wp-json\/wp\/v2\/types\/post"}],"author":[{"embeddable":true,"href":"https:\/\/candas365.es\/noticias\/wp-json\/wp\/v2\/users\/1"}],"replies":[{"embeddable":true,"href":"https:\/\/candas365.es\/noticias\/wp-json\/wp\/v2\/comments?post=109990"}],"version-history":[{"count":0,"href":"https:\/\/candas365.es\/noticias\/wp-json\/wp\/v2\/posts\/109990\/revisions"}],"wp:featuredmedia":[{"embeddable":true,"href":"https:\/\/candas365.es\/noticias\/wp-json\/wp\/v2\/media\/109992"}],"wp:attachment":[{"href":"https:\/\/candas365.es\/noticias\/wp-json\/wp\/v2\/media?parent=109990"}],"wp:term":[{"taxonomy":"category","embeddable":true,"href":"https:\/\/candas365.es\/noticias\/wp-json\/wp\/v2\/categories?post=109990"},{"taxonomy":"post_tag","embeddable":true,"href":"https:\/\/candas365.es\/noticias\/wp-json\/wp\/v2\/tags?post=109990"}],"curies":[{"name":"wp","href":"https:\/\/api.w.org\/{rel}","templated":true}]}}