{"id":109904,"date":"2018-11-15T11:35:35","date_gmt":"2018-11-15T11:35:35","guid":{"rendered":"http:\/\/candas365.es\/noticias\/?p=109904"},"modified":"2018-11-15T11:35:35","modified_gmt":"2018-11-15T11:35:35","slug":"guillermo-basagoiti-brown-obtiene-la-beca-anton-2018","status":"publish","type":"post","link":"https:\/\/candas365.es\/noticias\/guillermo-basagoiti-brown-obtiene-la-beca-anton-2018\/","title":{"rendered":"Guillermo Basagoiti Brown obtiene la Beca Ant\u00f3n 2018"},"content":{"rendered":"<p><img fetchpriority=\"high\" decoding=\"async\" class=\"alignleft size-medium wp-image-11794\" src=\"https:\/\/candas365.es\/noticias\/wp-content\/uploads\/2015\/06\/museo-322x300.jpg\" alt=\"\" width=\"322\" height=\"300\" srcset=\"https:\/\/candas365.es\/noticias\/wp-content\/uploads\/2015\/06\/museo-322x300.jpg 322w, https:\/\/candas365.es\/noticias\/wp-content\/uploads\/2015\/06\/museo-516x480.jpg 516w, https:\/\/candas365.es\/noticias\/wp-content\/uploads\/2015\/06\/museo-768x715.jpg 768w, https:\/\/candas365.es\/noticias\/wp-content\/uploads\/2015\/06\/museo-1536x1430.jpg 1536w, https:\/\/candas365.es\/noticias\/wp-content\/uploads\/2015\/06\/museo-150x140.jpg 150w, https:\/\/candas365.es\/noticias\/wp-content\/uploads\/2015\/06\/museo-450x419.jpg 450w, https:\/\/candas365.es\/noticias\/wp-content\/uploads\/2015\/06\/museo-1200x1117.jpg 1200w, https:\/\/candas365.es\/noticias\/wp-content\/uploads\/2015\/06\/museo-696x648.jpg 696w, https:\/\/candas365.es\/noticias\/wp-content\/uploads\/2015\/06\/museo-1068x994.jpg 1068w, https:\/\/candas365.es\/noticias\/wp-content\/uploads\/2015\/06\/museo-451x420.jpg 451w, https:\/\/candas365.es\/noticias\/wp-content\/uploads\/2015\/06\/museo.jpg 1904w\" sizes=\"(max-width: 322px) 100vw, 322px\" \/>De los 13 proyectos presentados, el Jurado de la Beca Ant\u00f3n 2018, eligi\u00f3 como ganador de la XVI edici\u00f3n al proyecto \u201cEn Expansi\u00f3n\u201d del escultor <strong>Guillermo Basagoiti Brown<\/strong>.<\/p>\n<p>\u201cEn Expansi\u00f3n\u201d es un proyecto escult\u00f3rico que materializa y representa los impulsos m\u00e1s \u00edntimos de la humanidad, el deseo, siendo \u00e9ste el motor de la acci\u00f3n. En el que \u201centes\u201d de formas topol\u00f3gicas, de gran formato, en movimiento o est\u00e1ticos, contenidos o en proceso de expansi\u00f3n, son capaces de contener y aludir a la condici\u00f3n humana. Algunos de ellos superando el l\u00edmite de su propia estructura material hasta el punto de transformaci\u00f3n, permiti\u00e9ndonos as\u00ed apreciar su interior.<\/p>\n<p>Es un trabajo de investigaci\u00f3n art\u00edstica sobre la percepci\u00f3n de nuestra realidad a trav\u00e9s de las emociones.<\/p>\n<p>Es un proyecto en desarrollo donde el material en s\u00ed juega un papel muy importante. La materialidad forma parte del lenguaje de esta representaci\u00f3n. Se trabaja con aire y materiales que se expanden y contraen. Par ello se utilizael caucho de las c\u00e1maras de tractor para experimentar con las distintas capacidades y estados de la materia que nos conforma. Adem\u00e1s del glitter magenta, como parte de la dicotom\u00eda con el negro profundo del caucho, habl\u00e1ndonos de su posible interior. El contraste de los materiales y colores subraya su significado.<\/p>\n<p>En su dilatada carrera como escultor, Guillermo Basagoitiha participado en varias exposiciones y muestras, tanto individuales como colectivas, destacando entre otras las realizadas en:<\/p>\n<p>\u2022 Biennale Larnaca, Chipre, 2018. Con la obra \u201cDeseo\u201d.<br \/>\n\u2022 Sala Beckett, Barcelona, 2018. Con la obra\u201cInutilitario\u201d.<br \/>\n\u2022 Galer\u00eda Espacio L\u00edquido, Gij\u00f3n, 2017. Con \u201cTodo, todo est\u00e1 en los sue\u00f1os\u201d<br \/>\n\u2022 Arte y Naturaleza, Cueva de Valporquero, Le\u00f3n 2017. Con \u201cCiudad sin hilos\u201d.<br \/>\n\u2022 Espa\u00ed T\u00f2nic, centro de investigaci\u00f3n art\u00edstica, Vulpellac, 2015. En la exposici\u00f3n colectiva \u201cArt en Obres\u201d con la obra \u201cTablas\u201d.<br \/>\n\u2022 Museo Wurth, La rioja, 2014. Con la exposici\u00f3n \u201cEspacio 120\u201d.<\/p>\n<p>El Proyecto \u201cEn Expansi\u00f3n\u201d consta de varias piezas en el que se compaginan materiales, colores, formas,\u2026 en las que el espectador a trav\u00e9s de ellas llega a la materializaci\u00f3n del deseo:<\/p>\n<p>\u2022 Ente IV. Una escultura de caucho de gran volumen, corporizando el deseo.<br \/>\n\u2022 P\u00edldora, Biopsia del deseo. C\u00e1psula de glitter en una cajita de metacrilato.<br \/>\n\u2022 Piel. An\u00e1lisis de capa externa. Es la presentaci\u00f3n de tablas de \u201cpiel\u201d del ente.<br \/>\n\u2022 Segunda Piel. Serie de fotos en que se explora la relaci\u00f3n entre lo externo y lo interno y la relaci\u00f3n entre los dos.<br \/>\n\u2022 Explosi\u00f3n. Un audiovisual sobre los l\u00edmites estructurales del Ente, poniendo en \u00e9nfasis el impulso.<br \/>\n\u2022 El nudo. Relaci\u00f3n en expansi\u00f3n. Objeto escult\u00f3rico de figuras topol\u00f3gicas entrelazadas de impacto visual.<br \/>\n\u2022 Black Box. Caja negra. Una experiencia sensorial, proyectada desde la intimidad. El p\u00fablico entra uno por uno. El interior de la caja est\u00e1 forrada de glittermagenta, es un viaje individual al impulso.<\/p>\n","protected":false},"excerpt":{"rendered":"<p>De los 13 proyectos presentados, el Jurado de la Beca Ant\u00f3n 2018, eligi\u00f3 como ganador de la XVI edici\u00f3n al proyecto \u201cEn Expansi\u00f3n\u201d del escultor Guillermo Basagoiti Brown. \u201cEn Expansi\u00f3n\u201d es un proyecto escult\u00f3rico que materializa y representa los impulsos m\u00e1s \u00edntimos de la humanidad, el deseo, siendo \u00e9ste el motor de la acci\u00f3n. En<\/p>\n","protected":false},"author":1,"featured_media":11794,"comment_status":"closed","ping_status":"closed","sticky":false,"template":"","format":"standard","meta":{"footnotes":""},"categories":[2],"tags":[],"class_list":{"0":"post-109904","1":"post","2":"type-post","3":"status-publish","4":"format-standard","5":"has-post-thumbnail","7":"category-noticias-carreno"},"aioseo_notices":[],"aioseo_head":"\n\t\t<!-- All in One SEO Pro 4.9.6.2 - aioseo.com -->\n\t<meta name=\"description\" content=\"De los 13 proyectos presentados, el Jurado de la Beca Ant\u00f3n 2018, eligi\u00f3 como ganador de la XVI edici\u00f3n al proyecto \u201cEn Expansi\u00f3n\u201d del escultor Guillermo Basagoiti Brown. \u201cEn Expansi\u00f3n\u201d es un proyecto escult\u00f3rico que materializa y representa los impulsos m\u00e1s \u00edntimos de la humanidad, el deseo, siendo \u00e9ste el motor de la acci\u00f3n. En\" \/>\n\t<meta name=\"robots\" content=\"max-image-preview:large\" \/>\n\t<meta name=\"author\" content=\"Cand\u00e1s 365\"\/>\n\t<meta name=\"google-site-verification\" content=\"UA-32230408-1\" \/>\n\t<meta name=\"msvalidate.01\" content=\"354F3CDFB2DA171B47FBE9ABF1F88D5\" \/>\n\t<meta name=\"keywords\" content=\"noticias carre\u00f1o\" \/>\n\t<link rel=\"canonical\" href=\"https:\/\/candas365.es\/noticias\/guillermo-basagoiti-brown-obtiene-la-beca-anton-2018\/\" \/>\n\t<meta name=\"generator\" content=\"All in One SEO Pro (AIOSEO) 4.9.6.2\" \/>\n\t\t<meta property=\"og:locale\" content=\"es_ES\" \/>\n\t\t<meta property=\"og:site_name\" content=\"Cand\u00e1s 365\" \/>\n\t\t<meta property=\"og:type\" content=\"article\" \/>\n\t\t<meta property=\"og:title\" content=\"Guillermo Basagoiti Brown obtiene la Beca Ant\u00f3n 2018 | Cand\u00e1s 365\" \/>\n\t\t<meta property=\"og:description\" content=\"De los 13 proyectos presentados, el Jurado de la Beca Ant\u00f3n 2018, eligi\u00f3 como ganador de la XVI edici\u00f3n al proyecto \u201cEn Expansi\u00f3n\u201d del escultor Guillermo Basagoiti Brown. \u201cEn Expansi\u00f3n\u201d es un proyecto escult\u00f3rico que materializa y representa los impulsos m\u00e1s \u00edntimos de la humanidad, el deseo, siendo \u00e9ste el motor de la acci\u00f3n. En\" \/>\n\t\t<meta property=\"og:url\" content=\"https:\/\/candas365.es\/noticias\/guillermo-basagoiti-brown-obtiene-la-beca-anton-2018\/\" \/>\n\t\t<meta property=\"og:image\" content=\"https:\/\/candas365.es\/noticias\/wp-content\/uploads\/2015\/06\/museo.jpg\" \/>\n\t\t<meta property=\"og:image:secure_url\" content=\"https:\/\/candas365.es\/noticias\/wp-content\/uploads\/2015\/06\/museo.jpg\" \/>\n\t\t<meta property=\"og:image:width\" content=\"1904\" \/>\n\t\t<meta property=\"og:image:height\" content=\"1772\" \/>\n\t\t<meta property=\"article:published_time\" content=\"2018-11-15T11:35:35+00:00\" \/>\n\t\t<meta property=\"article:modified_time\" content=\"2018-11-15T11:35:35+00:00\" \/>\n\t\t<meta property=\"article:publisher\" content=\"https:\/\/www.facebook.com\/Nachofdezber\" \/>\n\t\t<meta property=\"article:author\" content=\"https:\/\/www.facebook.com\/carrenoactualidad\" \/>\n\t\t<meta name=\"twitter:card\" content=\"summary_large_image\" \/>\n\t\t<meta name=\"twitter:site\" content=\"@NabercoDigital\" \/>\n\t\t<meta name=\"twitter:title\" content=\"Guillermo Basagoiti Brown obtiene la Beca Ant\u00f3n 2018 | Cand\u00e1s 365\" \/>\n\t\t<meta name=\"twitter:description\" content=\"De los 13 proyectos presentados, el Jurado de la Beca Ant\u00f3n 2018, eligi\u00f3 como ganador de la XVI edici\u00f3n al proyecto \u201cEn Expansi\u00f3n\u201d del escultor Guillermo Basagoiti Brown. \u201cEn Expansi\u00f3n\u201d es un proyecto escult\u00f3rico que materializa y representa los impulsos m\u00e1s \u00edntimos de la humanidad, el deseo, siendo \u00e9ste el motor de la acci\u00f3n. En\" \/>\n\t\t<meta name=\"twitter:creator\" content=\"@nbasturias\" \/>\n\t\t<meta name=\"twitter:image\" content=\"https:\/\/candas365.es\/noticias\/wp-content\/uploads\/2015\/06\/museo.jpg\" \/>\n\t\t<meta name=\"twitter:label1\" content=\"Escrito por\" \/>\n\t\t<meta name=\"twitter:data1\" content=\"Cand\u00e1s 365\" \/>\n\t\t<meta name=\"twitter:label2\" content=\"Tiempo de lectura estimado\" \/>\n\t\t<meta name=\"twitter:data2\" content=\"2 minutos\" \/>\n\t\t<script type=\"application\/ld+json\" class=\"aioseo-schema\">\n\t\t\t{\"@context\":\"https:\\\/\\\/schema.org\",\"@graph\":[{\"@type\":\"BreadcrumbList\",\"@id\":\"https:\\\/\\\/candas365.es\\\/noticias\\\/guillermo-basagoiti-brown-obtiene-la-beca-anton-2018\\\/#breadcrumblist\",\"itemListElement\":[{\"@type\":\"ListItem\",\"@id\":\"https:\\\/\\\/candas365.es\\\/noticias#listItem\",\"position\":1,\"name\":\"Home\",\"item\":\"https:\\\/\\\/candas365.es\\\/noticias\",\"nextItem\":{\"@type\":\"ListItem\",\"@id\":\"https:\\\/\\\/candas365.es\\\/noticias\\\/category\\\/noticias-carreno\\\/#listItem\",\"name\":\"Noticias Carre\\u00f1o\"}},{\"@type\":\"ListItem\",\"@id\":\"https:\\\/\\\/candas365.es\\\/noticias\\\/category\\\/noticias-carreno\\\/#listItem\",\"position\":2,\"name\":\"Noticias Carre\\u00f1o\",\"item\":\"https:\\\/\\\/candas365.es\\\/noticias\\\/category\\\/noticias-carreno\\\/\",\"nextItem\":{\"@type\":\"ListItem\",\"@id\":\"https:\\\/\\\/candas365.es\\\/noticias\\\/guillermo-basagoiti-brown-obtiene-la-beca-anton-2018\\\/#listItem\",\"name\":\"Guillermo Basagoiti Brown obtiene la Beca Ant\\u00f3n 2018\"},\"previousItem\":{\"@type\":\"ListItem\",\"@id\":\"https:\\\/\\\/candas365.es\\\/noticias#listItem\",\"name\":\"Home\"}},{\"@type\":\"ListItem\",\"@id\":\"https:\\\/\\\/candas365.es\\\/noticias\\\/guillermo-basagoiti-brown-obtiene-la-beca-anton-2018\\\/#listItem\",\"position\":3,\"name\":\"Guillermo Basagoiti Brown obtiene la Beca Ant\\u00f3n 2018\",\"previousItem\":{\"@type\":\"ListItem\",\"@id\":\"https:\\\/\\\/candas365.es\\\/noticias\\\/category\\\/noticias-carreno\\\/#listItem\",\"name\":\"Noticias Carre\\u00f1o\"}}]},{\"@type\":\"NewsArticle\",\"@id\":\"https:\\\/\\\/candas365.es\\\/noticias\\\/guillermo-basagoiti-brown-obtiene-la-beca-anton-2018\\\/#newsarticle\",\"name\":\"Guillermo Basagoiti Brown obtiene la Beca Ant\\u00f3n 2018 | Cand\\u00e1s 365\",\"headline\":\"Guillermo Basagoiti Brown obtiene la Beca Ant\\u00f3n 2018\",\"author\":{\"@id\":\"https:\\\/\\\/candas365.es\\\/noticias\\\/author\\\/admin\\\/#author\"},\"publisher\":{\"@id\":\"https:\\\/\\\/candas365.es\\\/noticias\\\/#organization\"},\"image\":{\"@type\":\"ImageObject\",\"url\":\"https:\\\/\\\/candas365.es\\\/noticias\\\/wp-content\\\/uploads\\\/2015\\\/06\\\/museo.jpg\",\"width\":1904,\"height\":1772},\"datePublished\":\"2018-11-15T11:35:35+01:00\",\"dateModified\":\"2018-11-15T11:35:35+01:00\",\"inLanguage\":\"es-ES\",\"mainEntityOfPage\":{\"@id\":\"https:\\\/\\\/candas365.es\\\/noticias\\\/guillermo-basagoiti-brown-obtiene-la-beca-anton-2018\\\/#webpage\"},\"isPartOf\":{\"@id\":\"https:\\\/\\\/candas365.es\\\/noticias\\\/guillermo-basagoiti-brown-obtiene-la-beca-anton-2018\\\/#webpage\"},\"articleSection\":\"Noticias Carre\\u00f1o\",\"dateline\":\"Publicado el noviembre 15, 2018.\"},{\"@type\":\"Organization\",\"@id\":\"https:\\\/\\\/candas365.es\\\/noticias\\\/#organization\",\"name\":\"Cand\\u00e1s 365\",\"description\":\"Cand\\u00e1s 365 es un diario digital independiente, fundado en 2012, con base en Asturias. Informamos con rigor sobre actualidad, sociedad, cultura y ocio, con una mirada local y global.\",\"url\":\"https:\\\/\\\/candas365.es\\\/noticias\\\/\",\"email\":\"info@candas365.es\",\"telephone\":\"+34652131393\",\"foundingDate\":\"2012-06-10\",\"logo\":{\"@type\":\"ImageObject\",\"url\":\"https:\\\/\\\/candas365.es\\\/noticias\\\/wp-content\\\/uploads\\\/2024\\\/09\\\/Candas-365-Redes.jpg\",\"@id\":\"https:\\\/\\\/candas365.es\\\/noticias\\\/guillermo-basagoiti-brown-obtiene-la-beca-anton-2018\\\/#organizationLogo\",\"width\":1152,\"height\":864,\"caption\":\"Cand\\u00e1s 365 Redes\"},\"image\":{\"@id\":\"https:\\\/\\\/candas365.es\\\/noticias\\\/guillermo-basagoiti-brown-obtiene-la-beca-anton-2018\\\/#organizationLogo\"},\"sameAs\":[\"https:\\\/\\\/www.facebook.com\\\/Nachofdezber\",\"https:\\\/\\\/x.com\\\/NabercoDigital\",\"https:\\\/\\\/www.instagram.com\\\/nachofdezber\\\/\",\"https:\\\/\\\/www.youtube.com\\\/channel\\\/UCZP-2wLEB9Rv6erhFmqVnvg\"],\"address\":{\"@id\":\"https:\\\/\\\/candas365.es\\\/noticias\\\/#postaladdress\",\"@type\":\"PostalAddress\",\"streetAddress\":\"san antonio 4, san antonio 4\",\"postalCode\":\"33430\",\"addressLocality\":\"Cand\\u00e1s\",\"addressRegion\":\"Asturias\",\"addressCountry\":\"ES\"}},{\"@type\":\"Person\",\"@id\":\"https:\\\/\\\/candas365.es\\\/noticias\\\/author\\\/admin\\\/#author\",\"url\":\"https:\\\/\\\/candas365.es\\\/noticias\\\/author\\\/admin\\\/\",\"name\":\"Cand\\u00e1s 365\",\"image\":{\"@type\":\"ImageObject\",\"@id\":\"https:\\\/\\\/candas365.es\\\/noticias\\\/guillermo-basagoiti-brown-obtiene-la-beca-anton-2018\\\/#authorImage\",\"url\":\"https:\\\/\\\/secure.gravatar.com\\\/avatar\\\/496a8e03d0c493ede1718b7934145dbdf8d89be1036b0eec9544e1094c9de390?s=96&d=mm&r=g\",\"width\":96,\"height\":96,\"caption\":\"Cand\\u00e1s 365\"},\"sameAs\":[\"https:\\\/\\\/www.facebook.com\\\/carrenoactualidad\",\"https:\\\/\\\/twitter.com\\\/nbasturias\",\"https:\\\/\\\/www.instagram.com\\\/nachofdezber\\\/\",\"https:\\\/\\\/www.youtube.com\\\/channel\\\/UCZP-2wLEB9Rv6erhFmqVnvg\"]},{\"@type\":\"WebPage\",\"@id\":\"https:\\\/\\\/candas365.es\\\/noticias\\\/guillermo-basagoiti-brown-obtiene-la-beca-anton-2018\\\/#webpage\",\"url\":\"https:\\\/\\\/candas365.es\\\/noticias\\\/guillermo-basagoiti-brown-obtiene-la-beca-anton-2018\\\/\",\"name\":\"Guillermo Basagoiti Brown obtiene la Beca Ant\\u00f3n 2018 | Cand\\u00e1s 365\",\"description\":\"De los 13 proyectos presentados, el Jurado de la Beca Ant\\u00f3n 2018, eligi\\u00f3 como ganador de la XVI edici\\u00f3n al proyecto \\u201cEn Expansi\\u00f3n\\u201d del escultor Guillermo Basagoiti Brown. \\u201cEn Expansi\\u00f3n\\u201d es un proyecto escult\\u00f3rico que materializa y representa los impulsos m\\u00e1s \\u00edntimos de la humanidad, el deseo, siendo \\u00e9ste el motor de la acci\\u00f3n. En\",\"inLanguage\":\"es-ES\",\"isPartOf\":{\"@id\":\"https:\\\/\\\/candas365.es\\\/noticias\\\/#website\"},\"breadcrumb\":{\"@id\":\"https:\\\/\\\/candas365.es\\\/noticias\\\/guillermo-basagoiti-brown-obtiene-la-beca-anton-2018\\\/#breadcrumblist\"},\"author\":{\"@id\":\"https:\\\/\\\/candas365.es\\\/noticias\\\/author\\\/admin\\\/#author\"},\"creator\":{\"@id\":\"https:\\\/\\\/candas365.es\\\/noticias\\\/author\\\/admin\\\/#author\"},\"image\":{\"@type\":\"ImageObject\",\"url\":\"https:\\\/\\\/candas365.es\\\/noticias\\\/wp-content\\\/uploads\\\/2015\\\/06\\\/museo.jpg\",\"@id\":\"https:\\\/\\\/candas365.es\\\/noticias\\\/guillermo-basagoiti-brown-obtiene-la-beca-anton-2018\\\/#mainImage\",\"width\":1904,\"height\":1772},\"primaryImageOfPage\":{\"@id\":\"https:\\\/\\\/candas365.es\\\/noticias\\\/guillermo-basagoiti-brown-obtiene-la-beca-anton-2018\\\/#mainImage\"},\"datePublished\":\"2018-11-15T11:35:35+01:00\",\"dateModified\":\"2018-11-15T11:35:35+01:00\"},{\"@type\":\"WebSite\",\"@id\":\"https:\\\/\\\/candas365.es\\\/noticias\\\/#website\",\"url\":\"https:\\\/\\\/candas365.es\\\/noticias\\\/\",\"name\":\"Cand\\u00e1s 365\",\"alternateName\":\"Cand\\u00e1s 365 Noticias\",\"description\":\"Actualidad desde Carre\\u00f1o para el mundo\",\"inLanguage\":\"es-ES\",\"publisher\":{\"@id\":\"https:\\\/\\\/candas365.es\\\/noticias\\\/#organization\"}}]}\n\t\t<\/script>\n\t\t<!-- All in One SEO Pro -->\r\n\t\t<title>Guillermo Basagoiti Brown obtiene la Beca Ant\u00f3n 2018 | Cand\u00e1s 365<\/title>\n\n","aioseo_head_json":{"title":"Guillermo Basagoiti Brown obtiene la Beca Ant\u00f3n 2018 | Cand\u00e1s 365","description":"De los 13 proyectos presentados, el Jurado de la Beca Ant\u00f3n 2018, eligi\u00f3 como ganador de la XVI edici\u00f3n al proyecto \u201cEn Expansi\u00f3n\u201d del escultor Guillermo Basagoiti Brown. \u201cEn Expansi\u00f3n\u201d es un proyecto escult\u00f3rico que materializa y representa los impulsos m\u00e1s \u00edntimos de la humanidad, el deseo, siendo \u00e9ste el motor de la acci\u00f3n. En","canonical_url":"https:\/\/candas365.es\/noticias\/guillermo-basagoiti-brown-obtiene-la-beca-anton-2018\/","robots":"max-image-preview:large","keywords":"noticias carre\u00f1o","webmasterTools":{"google-site-verification":"UA-32230408-1","msvalidate.01":"354F3CDFB2DA171B47FBE9ABF1F88D5","miscellaneous":""},"schema":{"@context":"https:\/\/schema.org","@graph":[{"@type":"BreadcrumbList","@id":"https:\/\/candas365.es\/noticias\/guillermo-basagoiti-brown-obtiene-la-beca-anton-2018\/#breadcrumblist","itemListElement":[{"@type":"ListItem","@id":"https:\/\/candas365.es\/noticias#listItem","position":1,"name":"Home","item":"https:\/\/candas365.es\/noticias","nextItem":{"@type":"ListItem","@id":"https:\/\/candas365.es\/noticias\/category\/noticias-carreno\/#listItem","name":"Noticias Carre\u00f1o"}},{"@type":"ListItem","@id":"https:\/\/candas365.es\/noticias\/category\/noticias-carreno\/#listItem","position":2,"name":"Noticias Carre\u00f1o","item":"https:\/\/candas365.es\/noticias\/category\/noticias-carreno\/","nextItem":{"@type":"ListItem","@id":"https:\/\/candas365.es\/noticias\/guillermo-basagoiti-brown-obtiene-la-beca-anton-2018\/#listItem","name":"Guillermo Basagoiti Brown obtiene la Beca Ant\u00f3n 2018"},"previousItem":{"@type":"ListItem","@id":"https:\/\/candas365.es\/noticias#listItem","name":"Home"}},{"@type":"ListItem","@id":"https:\/\/candas365.es\/noticias\/guillermo-basagoiti-brown-obtiene-la-beca-anton-2018\/#listItem","position":3,"name":"Guillermo Basagoiti Brown obtiene la Beca Ant\u00f3n 2018","previousItem":{"@type":"ListItem","@id":"https:\/\/candas365.es\/noticias\/category\/noticias-carreno\/#listItem","name":"Noticias Carre\u00f1o"}}]},{"@type":"NewsArticle","@id":"https:\/\/candas365.es\/noticias\/guillermo-basagoiti-brown-obtiene-la-beca-anton-2018\/#newsarticle","name":"Guillermo Basagoiti Brown obtiene la Beca Ant\u00f3n 2018 | Cand\u00e1s 365","headline":"Guillermo Basagoiti Brown obtiene la Beca Ant\u00f3n 2018","author":{"@id":"https:\/\/candas365.es\/noticias\/author\/admin\/#author"},"publisher":{"@id":"https:\/\/candas365.es\/noticias\/#organization"},"image":{"@type":"ImageObject","url":"https:\/\/candas365.es\/noticias\/wp-content\/uploads\/2015\/06\/museo.jpg","width":1904,"height":1772},"datePublished":"2018-11-15T11:35:35+01:00","dateModified":"2018-11-15T11:35:35+01:00","inLanguage":"es-ES","mainEntityOfPage":{"@id":"https:\/\/candas365.es\/noticias\/guillermo-basagoiti-brown-obtiene-la-beca-anton-2018\/#webpage"},"isPartOf":{"@id":"https:\/\/candas365.es\/noticias\/guillermo-basagoiti-brown-obtiene-la-beca-anton-2018\/#webpage"},"articleSection":"Noticias Carre\u00f1o","dateline":"Publicado el noviembre 15, 2018."},{"@type":"Organization","@id":"https:\/\/candas365.es\/noticias\/#organization","name":"Cand\u00e1s 365","description":"Cand\u00e1s 365 es un diario digital independiente, fundado en 2012, con base en Asturias. Informamos con rigor sobre actualidad, sociedad, cultura y ocio, con una mirada local y global.","url":"https:\/\/candas365.es\/noticias\/","email":"info@candas365.es","telephone":"+34652131393","foundingDate":"2012-06-10","logo":{"@type":"ImageObject","url":"https:\/\/candas365.es\/noticias\/wp-content\/uploads\/2024\/09\/Candas-365-Redes.jpg","@id":"https:\/\/candas365.es\/noticias\/guillermo-basagoiti-brown-obtiene-la-beca-anton-2018\/#organizationLogo","width":1152,"height":864,"caption":"Cand\u00e1s 365 Redes"},"image":{"@id":"https:\/\/candas365.es\/noticias\/guillermo-basagoiti-brown-obtiene-la-beca-anton-2018\/#organizationLogo"},"sameAs":["https:\/\/www.facebook.com\/Nachofdezber","https:\/\/x.com\/NabercoDigital","https:\/\/www.instagram.com\/nachofdezber\/","https:\/\/www.youtube.com\/channel\/UCZP-2wLEB9Rv6erhFmqVnvg"],"address":{"@id":"https:\/\/candas365.es\/noticias\/#postaladdress","@type":"PostalAddress","streetAddress":"san antonio 4, san antonio 4","postalCode":"33430","addressLocality":"Cand\u00e1s","addressRegion":"Asturias","addressCountry":"ES"}},{"@type":"Person","@id":"https:\/\/candas365.es\/noticias\/author\/admin\/#author","url":"https:\/\/candas365.es\/noticias\/author\/admin\/","name":"Cand\u00e1s 365","image":{"@type":"ImageObject","@id":"https:\/\/candas365.es\/noticias\/guillermo-basagoiti-brown-obtiene-la-beca-anton-2018\/#authorImage","url":"https:\/\/secure.gravatar.com\/avatar\/496a8e03d0c493ede1718b7934145dbdf8d89be1036b0eec9544e1094c9de390?s=96&d=mm&r=g","width":96,"height":96,"caption":"Cand\u00e1s 365"},"sameAs":["https:\/\/www.facebook.com\/carrenoactualidad","https:\/\/twitter.com\/nbasturias","https:\/\/www.instagram.com\/nachofdezber\/","https:\/\/www.youtube.com\/channel\/UCZP-2wLEB9Rv6erhFmqVnvg"]},{"@type":"WebPage","@id":"https:\/\/candas365.es\/noticias\/guillermo-basagoiti-brown-obtiene-la-beca-anton-2018\/#webpage","url":"https:\/\/candas365.es\/noticias\/guillermo-basagoiti-brown-obtiene-la-beca-anton-2018\/","name":"Guillermo Basagoiti Brown obtiene la Beca Ant\u00f3n 2018 | Cand\u00e1s 365","description":"De los 13 proyectos presentados, el Jurado de la Beca Ant\u00f3n 2018, eligi\u00f3 como ganador de la XVI edici\u00f3n al proyecto \u201cEn Expansi\u00f3n\u201d del escultor Guillermo Basagoiti Brown. \u201cEn Expansi\u00f3n\u201d es un proyecto escult\u00f3rico que materializa y representa los impulsos m\u00e1s \u00edntimos de la humanidad, el deseo, siendo \u00e9ste el motor de la acci\u00f3n. En","inLanguage":"es-ES","isPartOf":{"@id":"https:\/\/candas365.es\/noticias\/#website"},"breadcrumb":{"@id":"https:\/\/candas365.es\/noticias\/guillermo-basagoiti-brown-obtiene-la-beca-anton-2018\/#breadcrumblist"},"author":{"@id":"https:\/\/candas365.es\/noticias\/author\/admin\/#author"},"creator":{"@id":"https:\/\/candas365.es\/noticias\/author\/admin\/#author"},"image":{"@type":"ImageObject","url":"https:\/\/candas365.es\/noticias\/wp-content\/uploads\/2015\/06\/museo.jpg","@id":"https:\/\/candas365.es\/noticias\/guillermo-basagoiti-brown-obtiene-la-beca-anton-2018\/#mainImage","width":1904,"height":1772},"primaryImageOfPage":{"@id":"https:\/\/candas365.es\/noticias\/guillermo-basagoiti-brown-obtiene-la-beca-anton-2018\/#mainImage"},"datePublished":"2018-11-15T11:35:35+01:00","dateModified":"2018-11-15T11:35:35+01:00"},{"@type":"WebSite","@id":"https:\/\/candas365.es\/noticias\/#website","url":"https:\/\/candas365.es\/noticias\/","name":"Cand\u00e1s 365","alternateName":"Cand\u00e1s 365 Noticias","description":"Actualidad desde Carre\u00f1o para el mundo","inLanguage":"es-ES","publisher":{"@id":"https:\/\/candas365.es\/noticias\/#organization"}}]},"og:locale":"es_ES","og:site_name":"Cand\u00e1s 365","og:type":"article","og:title":"Guillermo Basagoiti Brown obtiene la Beca Ant\u00f3n 2018 | Cand\u00e1s 365","og:description":"De los 13 proyectos presentados, el Jurado de la Beca Ant\u00f3n 2018, eligi\u00f3 como ganador de la XVI edici\u00f3n al proyecto \u201cEn Expansi\u00f3n\u201d del escultor Guillermo Basagoiti Brown. \u201cEn Expansi\u00f3n\u201d es un proyecto escult\u00f3rico que materializa y representa los impulsos m\u00e1s \u00edntimos de la humanidad, el deseo, siendo \u00e9ste el motor de la acci\u00f3n. En","og:url":"https:\/\/candas365.es\/noticias\/guillermo-basagoiti-brown-obtiene-la-beca-anton-2018\/","og:image":"https:\/\/candas365.es\/noticias\/wp-content\/uploads\/2015\/06\/museo.jpg","og:image:secure_url":"https:\/\/candas365.es\/noticias\/wp-content\/uploads\/2015\/06\/museo.jpg","og:image:width":1904,"og:image:height":1772,"article:published_time":"2018-11-15T11:35:35+00:00","article:modified_time":"2018-11-15T11:35:35+00:00","article:publisher":"https:\/\/www.facebook.com\/Nachofdezber","article:author":"https:\/\/www.facebook.com\/carrenoactualidad","twitter:card":"summary_large_image","twitter:site":"@NabercoDigital","twitter:title":"Guillermo Basagoiti Brown obtiene la Beca Ant\u00f3n 2018 | Cand\u00e1s 365","twitter:description":"De los 13 proyectos presentados, el Jurado de la Beca Ant\u00f3n 2018, eligi\u00f3 como ganador de la XVI edici\u00f3n al proyecto \u201cEn Expansi\u00f3n\u201d del escultor Guillermo Basagoiti Brown. \u201cEn Expansi\u00f3n\u201d es un proyecto escult\u00f3rico que materializa y representa los impulsos m\u00e1s \u00edntimos de la humanidad, el deseo, siendo \u00e9ste el motor de la acci\u00f3n. En","twitter:creator":"@nbasturias","twitter:image":"https:\/\/candas365.es\/noticias\/wp-content\/uploads\/2015\/06\/museo.jpg","twitter:label1":"Escrito por","twitter:data1":"Cand\u00e1s 365","twitter:label2":"Tiempo de lectura estimado","twitter:data2":"2 minutos"},"aioseo_meta_data":{"post_id":"109904","title":null,"description":null,"keywords":null,"keyphrases":null,"primary_term":null,"canonical_url":null,"og_title":null,"og_description":null,"og_object_type":"default","og_image_type":"default","og_image_url":null,"og_image_width":null,"og_image_height":null,"og_image_custom_url":null,"og_image_custom_fields":null,"og_video":null,"og_custom_url":null,"og_article_section":null,"og_article_tags":null,"twitter_use_og":false,"twitter_card":"default","twitter_image_type":"default","twitter_image_url":null,"twitter_image_custom_url":null,"twitter_image_custom_fields":null,"twitter_title":null,"twitter_description":null,"schema":{"blockGraphs":[],"customGraphs":[],"default":{"data":{"Article":[],"Course":[],"Dataset":[],"FAQPage":[],"Movie":[],"Person":[],"Product":[],"ProductReview":[],"Car":[],"Recipe":[],"Service":[],"SoftwareApplication":[],"WebPage":[]},"graphName":"","isEnabled":true},"graphs":[],"defaultGraph":"","defaultPostTypeGraph":""},"schema_type":null,"schema_type_options":null,"pillar_content":false,"robots_default":true,"robots_noindex":false,"robots_noarchive":false,"robots_nosnippet":false,"robots_nofollow":false,"robots_noimageindex":false,"robots_noodp":false,"robots_notranslate":false,"robots_max_snippet":null,"robots_max_videopreview":null,"robots_max_imagepreview":"large","priority":null,"frequency":null,"location":null,"local_seo":null,"seo_analyzer_scan_date":"2025-08-28 11:05:54","breadcrumb_settings":null,"limit_modified_date":false,"reviewed_by":null,"open_ai":null,"ai":null,"created":"2020-12-21 11:39:04","updated":"2025-08-28 11:05:54"},"aioseo_breadcrumb":"<div class=\"aioseo-breadcrumbs\"><span class=\"aioseo-breadcrumb\">\n\t<a href=\"https:\/\/candas365.es\/noticias\" title=\"Home\">Home<\/a>\n<\/span><span class=\"aioseo-breadcrumb-separator\">&ndash;<\/span><span class=\"aioseo-breadcrumb\">\n\t<a href=\"https:\/\/candas365.es\/noticias\/category\/noticias-carreno\/\" title=\"Noticias Carre\u00f1o\">Noticias Carre\u00f1o<\/a>\n<\/span><span class=\"aioseo-breadcrumb-separator\">&ndash;<\/span><span class=\"aioseo-breadcrumb\">\n\tGuillermo Basagoiti Brown obtiene la Beca Ant\u00f3n 2018\n<\/span><\/div>","aioseo_breadcrumb_json":[{"label":"Home","link":"https:\/\/candas365.es\/noticias"},{"label":"Noticias Carre\u00f1o","link":"https:\/\/candas365.es\/noticias\/category\/noticias-carreno\/"},{"label":"Guillermo Basagoiti Brown obtiene la Beca Ant\u00f3n 2018","link":"https:\/\/candas365.es\/noticias\/guillermo-basagoiti-brown-obtiene-la-beca-anton-2018\/"}],"_links":{"self":[{"href":"https:\/\/candas365.es\/noticias\/wp-json\/wp\/v2\/posts\/109904","targetHints":{"allow":["GET"]}}],"collection":[{"href":"https:\/\/candas365.es\/noticias\/wp-json\/wp\/v2\/posts"}],"about":[{"href":"https:\/\/candas365.es\/noticias\/wp-json\/wp\/v2\/types\/post"}],"author":[{"embeddable":true,"href":"https:\/\/candas365.es\/noticias\/wp-json\/wp\/v2\/users\/1"}],"replies":[{"embeddable":true,"href":"https:\/\/candas365.es\/noticias\/wp-json\/wp\/v2\/comments?post=109904"}],"version-history":[{"count":0,"href":"https:\/\/candas365.es\/noticias\/wp-json\/wp\/v2\/posts\/109904\/revisions"}],"wp:featuredmedia":[{"embeddable":true,"href":"https:\/\/candas365.es\/noticias\/wp-json\/wp\/v2\/media\/11794"}],"wp:attachment":[{"href":"https:\/\/candas365.es\/noticias\/wp-json\/wp\/v2\/media?parent=109904"}],"wp:term":[{"taxonomy":"category","embeddable":true,"href":"https:\/\/candas365.es\/noticias\/wp-json\/wp\/v2\/categories?post=109904"},{"taxonomy":"post_tag","embeddable":true,"href":"https:\/\/candas365.es\/noticias\/wp-json\/wp\/v2\/tags?post=109904"}],"curies":[{"name":"wp","href":"https:\/\/api.w.org\/{rel}","templated":true}]}}