{"id":109872,"date":"2018-11-14T17:44:02","date_gmt":"2018-11-14T17:44:02","guid":{"rendered":"http:\/\/candas365.es\/noticias\/?p=109872"},"modified":"2018-11-14T17:44:02","modified_gmt":"2018-11-14T17:44:02","slug":"carreno-acogera-el-proximo-16-de-noviembre-el-ii-rally-sprint-carreno-2018","status":"publish","type":"post","link":"https:\/\/candas365.es\/noticias\/carreno-acogera-el-proximo-16-de-noviembre-el-ii-rally-sprint-carreno-2018\/","title":{"rendered":"Carre\u00f1o acoger\u00e1 el pr\u00f3ximo 16 de noviembre el \u201cII RALLY SPRINT CARRE\u00d1O 2018\u201d"},"content":{"rendered":"<p><img fetchpriority=\"high\" decoding=\"async\" class=\"alignleft size-medium wp-image-109873\" src=\"https:\/\/candas365.es\/noticias\/wp-content\/uploads\/2018\/11\/carre\u00f1o2-360x231.jpg\" alt=\"\" width=\"360\" height=\"231\" srcset=\"https:\/\/candas365.es\/noticias\/wp-content\/uploads\/2018\/11\/carre\u00f1o2-360x231.jpg 360w, https:\/\/candas365.es\/noticias\/wp-content\/uploads\/2018\/11\/carre\u00f1o2-768x493.jpg 768w, https:\/\/candas365.es\/noticias\/wp-content\/uploads\/2018\/11\/carre\u00f1o2-655x421.jpg 655w, https:\/\/candas365.es\/noticias\/wp-content\/uploads\/2018\/11\/carre\u00f1o2-696x447.jpg 696w, https:\/\/candas365.es\/noticias\/wp-content\/uploads\/2018\/11\/carre\u00f1o2-1068x686.jpg 1068w, https:\/\/candas365.es\/noticias\/wp-content\/uploads\/2018\/11\/carre\u00f1o2-654x420.jpg 654w, https:\/\/candas365.es\/noticias\/wp-content\/uploads\/2018\/11\/carre\u00f1o2.jpg 1600w\" sizes=\"(max-width: 360px) 100vw, 360px\" \/>La alcaldesa de Carre\u00f1o, Amelia Fern\u00e1ndez, anunci\u00f3 este mi\u00e9rcoles mediante un comunicado de prensa que se llevar\u00e1 a cabo a partir del viernes 16 de noviembre el \u201cII RALLY SPRINT CARRE\u00d1O 2018\u201d.<\/p>\n<p>En este sentido, Fern\u00e1ndez, destac\u00f3 que este evento es uno de los grandes atractivos del calendario deportivo local y que el municipio contribuir\u00e1 con 3.000 euros a la organizaci\u00f3n de \u00e9ste.<\/p>\n<p>El comunicado original expone lo siguiente:<\/p>\n<p>\u201cDesde el convencimiento de que el deporte es sin\u00f3nimo de cultura, convivencia y salud, y por tanto soporte b\u00e1sico en el progreso de los municipios, la Corporaci\u00f3n Municipal que presido, se siente muy orgullosa de acoger, por segundo a\u00f1o consecutivo, esta prueba. El sano deporte, adem\u00e1s de aportarnos salud, inculca valores como respeto, convivencia, af\u00e1n de superaci\u00f3n etc. Valores que necesitamos en el d\u00eda a d\u00eda de nuestra vida cotidiana. Por ello, desde el gobierno local, venimos apostando encarecidamente, por un territorio lleno de actividades deportivas para ser practicadas\u201d \u2013 se\u00f1al\u00f3 la alcaldesa, Amelia Fern\u00e1ndez.<\/p>\n<p>\u201cHay que felicitar al brillante equipo humano que forma \u201cCand\u00e1s Competici\u00f3n\u201d por el impulso y empuje que le dan a esta prueba automovil\u00edstica que tendr\u00e1 una repercusi\u00f3n extraordinaria, y contribuir\u00e1 a la dinamizaci\u00f3n socioecon\u00f3mica. Reconocerles p\u00fablicamente los esfuerzos realizados volc\u00e1ndose, a\u00f1o tras a\u00f1o, para superar las expectativas de participantes y p\u00fablico. Confiamos en vuestra experiencia, en el buen hacer que siempre os ha caracterizado y sobre todo en vuestra pasi\u00f3n por el motor para augurar muchos m\u00e1s \u00e9xitos en vuestra organizaci\u00f3n\u201d \u2013 prosigui\u00f3 Fern\u00e1ndez.<\/p>\n<p>Los j\u00f3venes que integran \u201cCand\u00e1s Competici\u00f3n\u201d expresaron su agradecimiento a colaboradores, patrocinadores y establecimientos que han prestado su generosa aportaci\u00f3n en este importante evento. Gratitud que hicieron extensiva a las entidades que lo hacen posible, as\u00ed como a los pilotos, equipos, y marcas. La presencia masiva de afici\u00f3n automovil\u00edstica en las cunetas y su entusiasmo durante la prueba ser\u00e1n la mejor recompensa para la organizaci\u00f3n.<\/p>\n<p>Durante el acto de presentaci\u00f3n oficial tanto la organizaci\u00f3n como el Ayuntamiento insistieron en lo fundamental que era respetar el minucioso trabajo realizado por las fuerzas del orden y las medidas de seguridad. En la web municipal figuran detalles del recorrido y horarios, as\u00ed mismo, para facilitar la informaci\u00f3n a la ciudadan\u00eda se ha buzoneado esta informaci\u00f3n en las viviendas del vecindario pr\u00f3ximo al recorrido. Tambi\u00e9n se ha colocado carteler\u00eda informativa e indicativa de los cortes de carretera necesarios para desarrollar.<\/p>\n<p>El viernes, d\u00eda 16 a las 19:30 horas comenzar\u00e1n a rugir los motores y revivir\u00e1 el espect\u00e1culo con la salida protocolaria que partir\u00e1 de la plaza Hermanos Helio de Cand\u00e1s. Y el s\u00e1bado, a las 19 horas ser\u00e1 la entrega de premios\u201d concluye el comunicado de Amelia Fern\u00e1ndez.<\/p>\n<p>Soraya Andreina P\u00e9rez<\/p>\n","protected":false},"excerpt":{"rendered":"<p>La alcaldesa de Carre\u00f1o, Amelia Fern\u00e1ndez, anunci\u00f3 este mi\u00e9rcoles mediante un comunicado de prensa que se llevar\u00e1 a cabo a partir del viernes 16 de noviembre el \u201cII RALLY SPRINT CARRE\u00d1O 2018\u201d. En este sentido, Fern\u00e1ndez, destac\u00f3 que este evento es uno de los grandes atractivos del calendario deportivo local y que el municipio contribuir\u00e1<\/p>\n","protected":false},"author":1,"featured_media":109873,"comment_status":"closed","ping_status":"closed","sticky":false,"template":"","format":"standard","meta":{"footnotes":""},"categories":[2],"tags":[],"class_list":{"0":"post-109872","1":"post","2":"type-post","3":"status-publish","4":"format-standard","5":"has-post-thumbnail","7":"category-noticias-carreno"},"aioseo_notices":[],"aioseo_head":"\n\t\t<!-- All in One SEO Pro 4.9.6.2 - aioseo.com -->\n\t<meta name=\"description\" content=\"La alcaldesa de Carre\u00f1o, Amelia Fern\u00e1ndez, anunci\u00f3 este mi\u00e9rcoles mediante un comunicado de prensa que se llevar\u00e1 a cabo a partir del viernes 16 de noviembre el \u201cII RALLY SPRINT CARRE\u00d1O 2018\u201d. En este sentido, Fern\u00e1ndez, destac\u00f3 que este evento es uno de los grandes atractivos del calendario deportivo local y que el municipio contribuir\u00e1\" \/>\n\t<meta name=\"robots\" content=\"max-image-preview:large\" \/>\n\t<meta name=\"author\" content=\"Cand\u00e1s 365\"\/>\n\t<meta name=\"google-site-verification\" content=\"UA-32230408-1\" \/>\n\t<meta name=\"msvalidate.01\" content=\"354F3CDFB2DA171B47FBE9ABF1F88D5\" \/>\n\t<meta name=\"keywords\" content=\"noticias carre\u00f1o\" \/>\n\t<link rel=\"canonical\" href=\"https:\/\/candas365.es\/noticias\/carreno-acogera-el-proximo-16-de-noviembre-el-ii-rally-sprint-carreno-2018\/\" \/>\n\t<meta name=\"generator\" content=\"All in One SEO Pro (AIOSEO) 4.9.6.2\" \/>\n\t\t<meta property=\"og:locale\" content=\"es_ES\" \/>\n\t\t<meta property=\"og:site_name\" content=\"Cand\u00e1s 365\" \/>\n\t\t<meta property=\"og:type\" content=\"article\" \/>\n\t\t<meta property=\"og:title\" content=\"Carre\u00f1o acoger\u00e1 el pr\u00f3ximo 16 de noviembre el \u201cII RALLY SPRINT CARRE\u00d1O 2018\u201d | Cand\u00e1s 365\" \/>\n\t\t<meta property=\"og:description\" content=\"La alcaldesa de Carre\u00f1o, Amelia Fern\u00e1ndez, anunci\u00f3 este mi\u00e9rcoles mediante un comunicado de prensa que se llevar\u00e1 a cabo a partir del viernes 16 de noviembre el \u201cII RALLY SPRINT CARRE\u00d1O 2018\u201d. En este sentido, Fern\u00e1ndez, destac\u00f3 que este evento es uno de los grandes atractivos del calendario deportivo local y que el municipio contribuir\u00e1\" \/>\n\t\t<meta property=\"og:url\" content=\"https:\/\/candas365.es\/noticias\/carreno-acogera-el-proximo-16-de-noviembre-el-ii-rally-sprint-carreno-2018\/\" \/>\n\t\t<meta property=\"og:image\" content=\"https:\/\/candas365.es\/noticias\/wp-content\/uploads\/2018\/11\/carre\u00f1o2.jpg\" \/>\n\t\t<meta property=\"og:image:secure_url\" content=\"https:\/\/candas365.es\/noticias\/wp-content\/uploads\/2018\/11\/carre\u00f1o2.jpg\" \/>\n\t\t<meta property=\"og:image:width\" content=\"1600\" \/>\n\t\t<meta property=\"og:image:height\" content=\"1028\" \/>\n\t\t<meta property=\"article:published_time\" content=\"2018-11-14T17:44:02+00:00\" \/>\n\t\t<meta property=\"article:modified_time\" content=\"2018-11-14T17:44:02+00:00\" \/>\n\t\t<meta property=\"article:publisher\" content=\"https:\/\/www.facebook.com\/Nachofdezber\" \/>\n\t\t<meta property=\"article:author\" content=\"https:\/\/www.facebook.com\/carrenoactualidad\" \/>\n\t\t<meta name=\"twitter:card\" content=\"summary_large_image\" \/>\n\t\t<meta name=\"twitter:site\" content=\"@NabercoDigital\" \/>\n\t\t<meta name=\"twitter:title\" content=\"Carre\u00f1o acoger\u00e1 el pr\u00f3ximo 16 de noviembre el \u201cII RALLY SPRINT CARRE\u00d1O 2018\u201d | Cand\u00e1s 365\" \/>\n\t\t<meta name=\"twitter:description\" content=\"La alcaldesa de Carre\u00f1o, Amelia Fern\u00e1ndez, anunci\u00f3 este mi\u00e9rcoles mediante un comunicado de prensa que se llevar\u00e1 a cabo a partir del viernes 16 de noviembre el \u201cII RALLY SPRINT CARRE\u00d1O 2018\u201d. En este sentido, Fern\u00e1ndez, destac\u00f3 que este evento es uno de los grandes atractivos del calendario deportivo local y que el municipio contribuir\u00e1\" \/>\n\t\t<meta name=\"twitter:creator\" content=\"@nbasturias\" \/>\n\t\t<meta name=\"twitter:image\" content=\"https:\/\/candas365.es\/noticias\/wp-content\/uploads\/2018\/11\/carre\u00f1o2.jpg\" \/>\n\t\t<meta name=\"twitter:label1\" content=\"Escrito por\" \/>\n\t\t<meta name=\"twitter:data1\" content=\"Cand\u00e1s 365\" \/>\n\t\t<meta name=\"twitter:label2\" content=\"Tiempo de lectura estimado\" \/>\n\t\t<meta name=\"twitter:data2\" content=\"2 minutos\" \/>\n\t\t<script type=\"application\/ld+json\" class=\"aioseo-schema\">\n\t\t\t{\"@context\":\"https:\\\/\\\/schema.org\",\"@graph\":[{\"@type\":\"BreadcrumbList\",\"@id\":\"https:\\\/\\\/candas365.es\\\/noticias\\\/carreno-acogera-el-proximo-16-de-noviembre-el-ii-rally-sprint-carreno-2018\\\/#breadcrumblist\",\"itemListElement\":[{\"@type\":\"ListItem\",\"@id\":\"https:\\\/\\\/candas365.es\\\/noticias#listItem\",\"position\":1,\"name\":\"Home\",\"item\":\"https:\\\/\\\/candas365.es\\\/noticias\",\"nextItem\":{\"@type\":\"ListItem\",\"@id\":\"https:\\\/\\\/candas365.es\\\/noticias\\\/category\\\/noticias-carreno\\\/#listItem\",\"name\":\"Noticias Carre\\u00f1o\"}},{\"@type\":\"ListItem\",\"@id\":\"https:\\\/\\\/candas365.es\\\/noticias\\\/category\\\/noticias-carreno\\\/#listItem\",\"position\":2,\"name\":\"Noticias Carre\\u00f1o\",\"item\":\"https:\\\/\\\/candas365.es\\\/noticias\\\/category\\\/noticias-carreno\\\/\",\"nextItem\":{\"@type\":\"ListItem\",\"@id\":\"https:\\\/\\\/candas365.es\\\/noticias\\\/carreno-acogera-el-proximo-16-de-noviembre-el-ii-rally-sprint-carreno-2018\\\/#listItem\",\"name\":\"Carre\\u00f1o acoger\\u00e1 el pr\\u00f3ximo 16 de noviembre el \\u201cII RALLY SPRINT CARRE\\u00d1O 2018\\u201d\"},\"previousItem\":{\"@type\":\"ListItem\",\"@id\":\"https:\\\/\\\/candas365.es\\\/noticias#listItem\",\"name\":\"Home\"}},{\"@type\":\"ListItem\",\"@id\":\"https:\\\/\\\/candas365.es\\\/noticias\\\/carreno-acogera-el-proximo-16-de-noviembre-el-ii-rally-sprint-carreno-2018\\\/#listItem\",\"position\":3,\"name\":\"Carre\\u00f1o acoger\\u00e1 el pr\\u00f3ximo 16 de noviembre el \\u201cII RALLY SPRINT CARRE\\u00d1O 2018\\u201d\",\"previousItem\":{\"@type\":\"ListItem\",\"@id\":\"https:\\\/\\\/candas365.es\\\/noticias\\\/category\\\/noticias-carreno\\\/#listItem\",\"name\":\"Noticias Carre\\u00f1o\"}}]},{\"@type\":\"NewsArticle\",\"@id\":\"https:\\\/\\\/candas365.es\\\/noticias\\\/carreno-acogera-el-proximo-16-de-noviembre-el-ii-rally-sprint-carreno-2018\\\/#newsarticle\",\"name\":\"Carre\\u00f1o acoger\\u00e1 el pr\\u00f3ximo 16 de noviembre el \\u201cII RALLY SPRINT CARRE\\u00d1O 2018\\u201d | Cand\\u00e1s 365\",\"headline\":\"Carre\\u00f1o acoger\\u00e1 el pr\\u00f3ximo 16 de noviembre el \\u201cII RALLY SPRINT CARRE\\u00d1O 2018\\u201d\",\"author\":{\"@id\":\"https:\\\/\\\/candas365.es\\\/noticias\\\/author\\\/admin\\\/#author\"},\"publisher\":{\"@id\":\"https:\\\/\\\/candas365.es\\\/noticias\\\/#organization\"},\"image\":{\"@type\":\"ImageObject\",\"url\":\"https:\\\/\\\/candas365.es\\\/noticias\\\/wp-content\\\/uploads\\\/2018\\\/11\\\/carre\\u00f1o2.jpg\",\"width\":1600,\"height\":1028},\"datePublished\":\"2018-11-14T17:44:02+01:00\",\"dateModified\":\"2018-11-14T17:44:02+01:00\",\"inLanguage\":\"es-ES\",\"mainEntityOfPage\":{\"@id\":\"https:\\\/\\\/candas365.es\\\/noticias\\\/carreno-acogera-el-proximo-16-de-noviembre-el-ii-rally-sprint-carreno-2018\\\/#webpage\"},\"isPartOf\":{\"@id\":\"https:\\\/\\\/candas365.es\\\/noticias\\\/carreno-acogera-el-proximo-16-de-noviembre-el-ii-rally-sprint-carreno-2018\\\/#webpage\"},\"articleSection\":\"Noticias Carre\\u00f1o\",\"dateline\":\"Publicado el noviembre 14, 2018.\"},{\"@type\":\"Organization\",\"@id\":\"https:\\\/\\\/candas365.es\\\/noticias\\\/#organization\",\"name\":\"Cand\\u00e1s 365\",\"description\":\"Cand\\u00e1s 365 es un diario digital independiente, fundado en 2012, con base en Asturias. Informamos con rigor sobre actualidad, sociedad, cultura y ocio, con una mirada local y global.\",\"url\":\"https:\\\/\\\/candas365.es\\\/noticias\\\/\",\"email\":\"info@candas365.es\",\"telephone\":\"+34652131393\",\"foundingDate\":\"2012-06-10\",\"logo\":{\"@type\":\"ImageObject\",\"url\":\"https:\\\/\\\/candas365.es\\\/noticias\\\/wp-content\\\/uploads\\\/2024\\\/09\\\/Candas-365-Redes.jpg\",\"@id\":\"https:\\\/\\\/candas365.es\\\/noticias\\\/carreno-acogera-el-proximo-16-de-noviembre-el-ii-rally-sprint-carreno-2018\\\/#organizationLogo\",\"width\":1152,\"height\":864,\"caption\":\"Cand\\u00e1s 365 Redes\"},\"image\":{\"@id\":\"https:\\\/\\\/candas365.es\\\/noticias\\\/carreno-acogera-el-proximo-16-de-noviembre-el-ii-rally-sprint-carreno-2018\\\/#organizationLogo\"},\"sameAs\":[\"https:\\\/\\\/www.facebook.com\\\/Nachofdezber\",\"https:\\\/\\\/x.com\\\/NabercoDigital\",\"https:\\\/\\\/www.instagram.com\\\/nachofdezber\\\/\",\"https:\\\/\\\/www.youtube.com\\\/channel\\\/UCZP-2wLEB9Rv6erhFmqVnvg\"],\"address\":{\"@id\":\"https:\\\/\\\/candas365.es\\\/noticias\\\/#postaladdress\",\"@type\":\"PostalAddress\",\"streetAddress\":\"san antonio 4, san antonio 4\",\"postalCode\":\"33430\",\"addressLocality\":\"Cand\\u00e1s\",\"addressRegion\":\"Asturias\",\"addressCountry\":\"ES\"}},{\"@type\":\"Person\",\"@id\":\"https:\\\/\\\/candas365.es\\\/noticias\\\/author\\\/admin\\\/#author\",\"url\":\"https:\\\/\\\/candas365.es\\\/noticias\\\/author\\\/admin\\\/\",\"name\":\"Cand\\u00e1s 365\",\"image\":{\"@type\":\"ImageObject\",\"@id\":\"https:\\\/\\\/candas365.es\\\/noticias\\\/carreno-acogera-el-proximo-16-de-noviembre-el-ii-rally-sprint-carreno-2018\\\/#authorImage\",\"url\":\"https:\\\/\\\/secure.gravatar.com\\\/avatar\\\/496a8e03d0c493ede1718b7934145dbdf8d89be1036b0eec9544e1094c9de390?s=96&d=mm&r=g\",\"width\":96,\"height\":96,\"caption\":\"Cand\\u00e1s 365\"},\"sameAs\":[\"https:\\\/\\\/www.facebook.com\\\/carrenoactualidad\",\"https:\\\/\\\/twitter.com\\\/nbasturias\",\"https:\\\/\\\/www.instagram.com\\\/nachofdezber\\\/\",\"https:\\\/\\\/www.youtube.com\\\/channel\\\/UCZP-2wLEB9Rv6erhFmqVnvg\"]},{\"@type\":\"WebPage\",\"@id\":\"https:\\\/\\\/candas365.es\\\/noticias\\\/carreno-acogera-el-proximo-16-de-noviembre-el-ii-rally-sprint-carreno-2018\\\/#webpage\",\"url\":\"https:\\\/\\\/candas365.es\\\/noticias\\\/carreno-acogera-el-proximo-16-de-noviembre-el-ii-rally-sprint-carreno-2018\\\/\",\"name\":\"Carre\\u00f1o acoger\\u00e1 el pr\\u00f3ximo 16 de noviembre el \\u201cII RALLY SPRINT CARRE\\u00d1O 2018\\u201d | Cand\\u00e1s 365\",\"description\":\"La alcaldesa de Carre\\u00f1o, Amelia Fern\\u00e1ndez, anunci\\u00f3 este mi\\u00e9rcoles mediante un comunicado de prensa que se llevar\\u00e1 a cabo a partir del viernes 16 de noviembre el \\u201cII RALLY SPRINT CARRE\\u00d1O 2018\\u201d. En este sentido, Fern\\u00e1ndez, destac\\u00f3 que este evento es uno de los grandes atractivos del calendario deportivo local y que el municipio contribuir\\u00e1\",\"inLanguage\":\"es-ES\",\"isPartOf\":{\"@id\":\"https:\\\/\\\/candas365.es\\\/noticias\\\/#website\"},\"breadcrumb\":{\"@id\":\"https:\\\/\\\/candas365.es\\\/noticias\\\/carreno-acogera-el-proximo-16-de-noviembre-el-ii-rally-sprint-carreno-2018\\\/#breadcrumblist\"},\"author\":{\"@id\":\"https:\\\/\\\/candas365.es\\\/noticias\\\/author\\\/admin\\\/#author\"},\"creator\":{\"@id\":\"https:\\\/\\\/candas365.es\\\/noticias\\\/author\\\/admin\\\/#author\"},\"image\":{\"@type\":\"ImageObject\",\"url\":\"https:\\\/\\\/candas365.es\\\/noticias\\\/wp-content\\\/uploads\\\/2018\\\/11\\\/carre\\u00f1o2.jpg\",\"@id\":\"https:\\\/\\\/candas365.es\\\/noticias\\\/carreno-acogera-el-proximo-16-de-noviembre-el-ii-rally-sprint-carreno-2018\\\/#mainImage\",\"width\":1600,\"height\":1028},\"primaryImageOfPage\":{\"@id\":\"https:\\\/\\\/candas365.es\\\/noticias\\\/carreno-acogera-el-proximo-16-de-noviembre-el-ii-rally-sprint-carreno-2018\\\/#mainImage\"},\"datePublished\":\"2018-11-14T17:44:02+01:00\",\"dateModified\":\"2018-11-14T17:44:02+01:00\"},{\"@type\":\"WebSite\",\"@id\":\"https:\\\/\\\/candas365.es\\\/noticias\\\/#website\",\"url\":\"https:\\\/\\\/candas365.es\\\/noticias\\\/\",\"name\":\"Cand\\u00e1s 365\",\"alternateName\":\"Cand\\u00e1s 365 Noticias\",\"description\":\"Actualidad desde Carre\\u00f1o para el mundo\",\"inLanguage\":\"es-ES\",\"publisher\":{\"@id\":\"https:\\\/\\\/candas365.es\\\/noticias\\\/#organization\"}}]}\n\t\t<\/script>\n\t\t<!-- All in One SEO Pro -->\r\n\t\t<title>Carre\u00f1o acoger\u00e1 el pr\u00f3ximo 16 de noviembre el \u201cII RALLY SPRINT CARRE\u00d1O 2018\u201d | Cand\u00e1s 365<\/title>\n\n","aioseo_head_json":{"title":"Carre\u00f1o acoger\u00e1 el pr\u00f3ximo 16 de noviembre el \u201cII RALLY SPRINT CARRE\u00d1O 2018\u201d | Cand\u00e1s 365","description":"La alcaldesa de Carre\u00f1o, Amelia Fern\u00e1ndez, anunci\u00f3 este mi\u00e9rcoles mediante un comunicado de prensa que se llevar\u00e1 a cabo a partir del viernes 16 de noviembre el \u201cII RALLY SPRINT CARRE\u00d1O 2018\u201d. En este sentido, Fern\u00e1ndez, destac\u00f3 que este evento es uno de los grandes atractivos del calendario deportivo local y que el municipio contribuir\u00e1","canonical_url":"https:\/\/candas365.es\/noticias\/carreno-acogera-el-proximo-16-de-noviembre-el-ii-rally-sprint-carreno-2018\/","robots":"max-image-preview:large","keywords":"noticias carre\u00f1o","webmasterTools":{"google-site-verification":"UA-32230408-1","msvalidate.01":"354F3CDFB2DA171B47FBE9ABF1F88D5","miscellaneous":""},"schema":{"@context":"https:\/\/schema.org","@graph":[{"@type":"BreadcrumbList","@id":"https:\/\/candas365.es\/noticias\/carreno-acogera-el-proximo-16-de-noviembre-el-ii-rally-sprint-carreno-2018\/#breadcrumblist","itemListElement":[{"@type":"ListItem","@id":"https:\/\/candas365.es\/noticias#listItem","position":1,"name":"Home","item":"https:\/\/candas365.es\/noticias","nextItem":{"@type":"ListItem","@id":"https:\/\/candas365.es\/noticias\/category\/noticias-carreno\/#listItem","name":"Noticias Carre\u00f1o"}},{"@type":"ListItem","@id":"https:\/\/candas365.es\/noticias\/category\/noticias-carreno\/#listItem","position":2,"name":"Noticias Carre\u00f1o","item":"https:\/\/candas365.es\/noticias\/category\/noticias-carreno\/","nextItem":{"@type":"ListItem","@id":"https:\/\/candas365.es\/noticias\/carreno-acogera-el-proximo-16-de-noviembre-el-ii-rally-sprint-carreno-2018\/#listItem","name":"Carre\u00f1o acoger\u00e1 el pr\u00f3ximo 16 de noviembre el \u201cII RALLY SPRINT CARRE\u00d1O 2018\u201d"},"previousItem":{"@type":"ListItem","@id":"https:\/\/candas365.es\/noticias#listItem","name":"Home"}},{"@type":"ListItem","@id":"https:\/\/candas365.es\/noticias\/carreno-acogera-el-proximo-16-de-noviembre-el-ii-rally-sprint-carreno-2018\/#listItem","position":3,"name":"Carre\u00f1o acoger\u00e1 el pr\u00f3ximo 16 de noviembre el \u201cII RALLY SPRINT CARRE\u00d1O 2018\u201d","previousItem":{"@type":"ListItem","@id":"https:\/\/candas365.es\/noticias\/category\/noticias-carreno\/#listItem","name":"Noticias Carre\u00f1o"}}]},{"@type":"NewsArticle","@id":"https:\/\/candas365.es\/noticias\/carreno-acogera-el-proximo-16-de-noviembre-el-ii-rally-sprint-carreno-2018\/#newsarticle","name":"Carre\u00f1o acoger\u00e1 el pr\u00f3ximo 16 de noviembre el \u201cII RALLY SPRINT CARRE\u00d1O 2018\u201d | Cand\u00e1s 365","headline":"Carre\u00f1o acoger\u00e1 el pr\u00f3ximo 16 de noviembre el \u201cII RALLY SPRINT CARRE\u00d1O 2018\u201d","author":{"@id":"https:\/\/candas365.es\/noticias\/author\/admin\/#author"},"publisher":{"@id":"https:\/\/candas365.es\/noticias\/#organization"},"image":{"@type":"ImageObject","url":"https:\/\/candas365.es\/noticias\/wp-content\/uploads\/2018\/11\/carre\u00f1o2.jpg","width":1600,"height":1028},"datePublished":"2018-11-14T17:44:02+01:00","dateModified":"2018-11-14T17:44:02+01:00","inLanguage":"es-ES","mainEntityOfPage":{"@id":"https:\/\/candas365.es\/noticias\/carreno-acogera-el-proximo-16-de-noviembre-el-ii-rally-sprint-carreno-2018\/#webpage"},"isPartOf":{"@id":"https:\/\/candas365.es\/noticias\/carreno-acogera-el-proximo-16-de-noviembre-el-ii-rally-sprint-carreno-2018\/#webpage"},"articleSection":"Noticias Carre\u00f1o","dateline":"Publicado el noviembre 14, 2018."},{"@type":"Organization","@id":"https:\/\/candas365.es\/noticias\/#organization","name":"Cand\u00e1s 365","description":"Cand\u00e1s 365 es un diario digital independiente, fundado en 2012, con base en Asturias. Informamos con rigor sobre actualidad, sociedad, cultura y ocio, con una mirada local y global.","url":"https:\/\/candas365.es\/noticias\/","email":"info@candas365.es","telephone":"+34652131393","foundingDate":"2012-06-10","logo":{"@type":"ImageObject","url":"https:\/\/candas365.es\/noticias\/wp-content\/uploads\/2024\/09\/Candas-365-Redes.jpg","@id":"https:\/\/candas365.es\/noticias\/carreno-acogera-el-proximo-16-de-noviembre-el-ii-rally-sprint-carreno-2018\/#organizationLogo","width":1152,"height":864,"caption":"Cand\u00e1s 365 Redes"},"image":{"@id":"https:\/\/candas365.es\/noticias\/carreno-acogera-el-proximo-16-de-noviembre-el-ii-rally-sprint-carreno-2018\/#organizationLogo"},"sameAs":["https:\/\/www.facebook.com\/Nachofdezber","https:\/\/x.com\/NabercoDigital","https:\/\/www.instagram.com\/nachofdezber\/","https:\/\/www.youtube.com\/channel\/UCZP-2wLEB9Rv6erhFmqVnvg"],"address":{"@id":"https:\/\/candas365.es\/noticias\/#postaladdress","@type":"PostalAddress","streetAddress":"san antonio 4, san antonio 4","postalCode":"33430","addressLocality":"Cand\u00e1s","addressRegion":"Asturias","addressCountry":"ES"}},{"@type":"Person","@id":"https:\/\/candas365.es\/noticias\/author\/admin\/#author","url":"https:\/\/candas365.es\/noticias\/author\/admin\/","name":"Cand\u00e1s 365","image":{"@type":"ImageObject","@id":"https:\/\/candas365.es\/noticias\/carreno-acogera-el-proximo-16-de-noviembre-el-ii-rally-sprint-carreno-2018\/#authorImage","url":"https:\/\/secure.gravatar.com\/avatar\/496a8e03d0c493ede1718b7934145dbdf8d89be1036b0eec9544e1094c9de390?s=96&d=mm&r=g","width":96,"height":96,"caption":"Cand\u00e1s 365"},"sameAs":["https:\/\/www.facebook.com\/carrenoactualidad","https:\/\/twitter.com\/nbasturias","https:\/\/www.instagram.com\/nachofdezber\/","https:\/\/www.youtube.com\/channel\/UCZP-2wLEB9Rv6erhFmqVnvg"]},{"@type":"WebPage","@id":"https:\/\/candas365.es\/noticias\/carreno-acogera-el-proximo-16-de-noviembre-el-ii-rally-sprint-carreno-2018\/#webpage","url":"https:\/\/candas365.es\/noticias\/carreno-acogera-el-proximo-16-de-noviembre-el-ii-rally-sprint-carreno-2018\/","name":"Carre\u00f1o acoger\u00e1 el pr\u00f3ximo 16 de noviembre el \u201cII RALLY SPRINT CARRE\u00d1O 2018\u201d | Cand\u00e1s 365","description":"La alcaldesa de Carre\u00f1o, Amelia Fern\u00e1ndez, anunci\u00f3 este mi\u00e9rcoles mediante un comunicado de prensa que se llevar\u00e1 a cabo a partir del viernes 16 de noviembre el \u201cII RALLY SPRINT CARRE\u00d1O 2018\u201d. En este sentido, Fern\u00e1ndez, destac\u00f3 que este evento es uno de los grandes atractivos del calendario deportivo local y que el municipio contribuir\u00e1","inLanguage":"es-ES","isPartOf":{"@id":"https:\/\/candas365.es\/noticias\/#website"},"breadcrumb":{"@id":"https:\/\/candas365.es\/noticias\/carreno-acogera-el-proximo-16-de-noviembre-el-ii-rally-sprint-carreno-2018\/#breadcrumblist"},"author":{"@id":"https:\/\/candas365.es\/noticias\/author\/admin\/#author"},"creator":{"@id":"https:\/\/candas365.es\/noticias\/author\/admin\/#author"},"image":{"@type":"ImageObject","url":"https:\/\/candas365.es\/noticias\/wp-content\/uploads\/2018\/11\/carre\u00f1o2.jpg","@id":"https:\/\/candas365.es\/noticias\/carreno-acogera-el-proximo-16-de-noviembre-el-ii-rally-sprint-carreno-2018\/#mainImage","width":1600,"height":1028},"primaryImageOfPage":{"@id":"https:\/\/candas365.es\/noticias\/carreno-acogera-el-proximo-16-de-noviembre-el-ii-rally-sprint-carreno-2018\/#mainImage"},"datePublished":"2018-11-14T17:44:02+01:00","dateModified":"2018-11-14T17:44:02+01:00"},{"@type":"WebSite","@id":"https:\/\/candas365.es\/noticias\/#website","url":"https:\/\/candas365.es\/noticias\/","name":"Cand\u00e1s 365","alternateName":"Cand\u00e1s 365 Noticias","description":"Actualidad desde Carre\u00f1o para el mundo","inLanguage":"es-ES","publisher":{"@id":"https:\/\/candas365.es\/noticias\/#organization"}}]},"og:locale":"es_ES","og:site_name":"Cand\u00e1s 365","og:type":"article","og:title":"Carre\u00f1o acoger\u00e1 el pr\u00f3ximo 16 de noviembre el \u201cII RALLY SPRINT CARRE\u00d1O 2018\u201d | Cand\u00e1s 365","og:description":"La alcaldesa de Carre\u00f1o, Amelia Fern\u00e1ndez, anunci\u00f3 este mi\u00e9rcoles mediante un comunicado de prensa que se llevar\u00e1 a cabo a partir del viernes 16 de noviembre el \u201cII RALLY SPRINT CARRE\u00d1O 2018\u201d. En este sentido, Fern\u00e1ndez, destac\u00f3 que este evento es uno de los grandes atractivos del calendario deportivo local y que el municipio contribuir\u00e1","og:url":"https:\/\/candas365.es\/noticias\/carreno-acogera-el-proximo-16-de-noviembre-el-ii-rally-sprint-carreno-2018\/","og:image":"https:\/\/candas365.es\/noticias\/wp-content\/uploads\/2018\/11\/carre\u00f1o2.jpg","og:image:secure_url":"https:\/\/candas365.es\/noticias\/wp-content\/uploads\/2018\/11\/carre\u00f1o2.jpg","og:image:width":1600,"og:image:height":1028,"article:published_time":"2018-11-14T17:44:02+00:00","article:modified_time":"2018-11-14T17:44:02+00:00","article:publisher":"https:\/\/www.facebook.com\/Nachofdezber","article:author":"https:\/\/www.facebook.com\/carrenoactualidad","twitter:card":"summary_large_image","twitter:site":"@NabercoDigital","twitter:title":"Carre\u00f1o acoger\u00e1 el pr\u00f3ximo 16 de noviembre el \u201cII RALLY SPRINT CARRE\u00d1O 2018\u201d | Cand\u00e1s 365","twitter:description":"La alcaldesa de Carre\u00f1o, Amelia Fern\u00e1ndez, anunci\u00f3 este mi\u00e9rcoles mediante un comunicado de prensa que se llevar\u00e1 a cabo a partir del viernes 16 de noviembre el \u201cII RALLY SPRINT CARRE\u00d1O 2018\u201d. En este sentido, Fern\u00e1ndez, destac\u00f3 que este evento es uno de los grandes atractivos del calendario deportivo local y que el municipio contribuir\u00e1","twitter:creator":"@nbasturias","twitter:image":"https:\/\/candas365.es\/noticias\/wp-content\/uploads\/2018\/11\/carre\u00f1o2.jpg","twitter:label1":"Escrito por","twitter:data1":"Cand\u00e1s 365","twitter:label2":"Tiempo de lectura estimado","twitter:data2":"2 minutos"},"aioseo_meta_data":{"post_id":"109872","title":null,"description":null,"keywords":null,"keyphrases":null,"primary_term":null,"canonical_url":null,"og_title":null,"og_description":null,"og_object_type":"default","og_image_type":"default","og_image_url":null,"og_image_width":null,"og_image_height":null,"og_image_custom_url":null,"og_image_custom_fields":null,"og_video":null,"og_custom_url":null,"og_article_section":null,"og_article_tags":null,"twitter_use_og":false,"twitter_card":"default","twitter_image_type":"default","twitter_image_url":null,"twitter_image_custom_url":null,"twitter_image_custom_fields":null,"twitter_title":null,"twitter_description":null,"schema":{"blockGraphs":[],"customGraphs":[],"default":{"data":{"Article":[],"Course":[],"Dataset":[],"FAQPage":[],"Movie":[],"Person":[],"Product":[],"ProductReview":[],"Car":[],"Recipe":[],"Service":[],"SoftwareApplication":[],"WebPage":[]},"graphName":"","isEnabled":true},"graphs":[]},"schema_type":null,"schema_type_options":null,"pillar_content":false,"robots_default":true,"robots_noindex":false,"robots_noarchive":false,"robots_nosnippet":false,"robots_nofollow":false,"robots_noimageindex":false,"robots_noodp":false,"robots_notranslate":false,"robots_max_snippet":null,"robots_max_videopreview":null,"robots_max_imagepreview":"large","priority":null,"frequency":null,"location":null,"local_seo":null,"seo_analyzer_scan_date":"2025-08-28 11:01:23","breadcrumb_settings":null,"limit_modified_date":false,"reviewed_by":null,"open_ai":null,"ai":null,"created":"2020-12-21 11:39:04","updated":"2025-08-28 11:01:23"},"aioseo_breadcrumb":"<div class=\"aioseo-breadcrumbs\"><span class=\"aioseo-breadcrumb\">\n\t<a href=\"https:\/\/candas365.es\/noticias\" title=\"Home\">Home<\/a>\n<\/span><span class=\"aioseo-breadcrumb-separator\">&ndash;<\/span><span class=\"aioseo-breadcrumb\">\n\t<a href=\"https:\/\/candas365.es\/noticias\/category\/noticias-carreno\/\" title=\"Noticias Carre\u00f1o\">Noticias Carre\u00f1o<\/a>\n<\/span><span class=\"aioseo-breadcrumb-separator\">&ndash;<\/span><span class=\"aioseo-breadcrumb\">\n\tCarre\u00f1o acoger\u00e1 el pr\u00f3ximo 16 de noviembre el \u201cII RALLY SPRINT CARRE\u00d1O 2018\u201d\n<\/span><\/div>","aioseo_breadcrumb_json":[{"label":"Home","link":"https:\/\/candas365.es\/noticias"},{"label":"Noticias Carre\u00f1o","link":"https:\/\/candas365.es\/noticias\/category\/noticias-carreno\/"},{"label":"Carre\u00f1o acoger\u00e1 el pr\u00f3ximo 16 de noviembre el \u201cII RALLY SPRINT CARRE\u00d1O 2018\u201d","link":"https:\/\/candas365.es\/noticias\/carreno-acogera-el-proximo-16-de-noviembre-el-ii-rally-sprint-carreno-2018\/"}],"_links":{"self":[{"href":"https:\/\/candas365.es\/noticias\/wp-json\/wp\/v2\/posts\/109872","targetHints":{"allow":["GET"]}}],"collection":[{"href":"https:\/\/candas365.es\/noticias\/wp-json\/wp\/v2\/posts"}],"about":[{"href":"https:\/\/candas365.es\/noticias\/wp-json\/wp\/v2\/types\/post"}],"author":[{"embeddable":true,"href":"https:\/\/candas365.es\/noticias\/wp-json\/wp\/v2\/users\/1"}],"replies":[{"embeddable":true,"href":"https:\/\/candas365.es\/noticias\/wp-json\/wp\/v2\/comments?post=109872"}],"version-history":[{"count":0,"href":"https:\/\/candas365.es\/noticias\/wp-json\/wp\/v2\/posts\/109872\/revisions"}],"wp:featuredmedia":[{"embeddable":true,"href":"https:\/\/candas365.es\/noticias\/wp-json\/wp\/v2\/media\/109873"}],"wp:attachment":[{"href":"https:\/\/candas365.es\/noticias\/wp-json\/wp\/v2\/media?parent=109872"}],"wp:term":[{"taxonomy":"category","embeddable":true,"href":"https:\/\/candas365.es\/noticias\/wp-json\/wp\/v2\/categories?post=109872"},{"taxonomy":"post_tag","embeddable":true,"href":"https:\/\/candas365.es\/noticias\/wp-json\/wp\/v2\/tags?post=109872"}],"curies":[{"name":"wp","href":"https:\/\/api.w.org\/{rel}","templated":true}]}}