{"id":109854,"date":"2018-11-14T11:13:35","date_gmt":"2018-11-14T11:13:35","guid":{"rendered":"http:\/\/candas365.es\/noticias\/?p=109854"},"modified":"2018-11-14T11:13:35","modified_gmt":"2018-11-14T11:13:35","slug":"finaliza-el-primer-curso-agricultura-ecologica-celebrado-en-carreno","status":"publish","type":"post","link":"https:\/\/candas365.es\/noticias\/finaliza-el-primer-curso-agricultura-ecologica-celebrado-en-carreno\/","title":{"rendered":"Finaliza el primer curso Agricultura Ecol\u00f3gica celebrado en Carre\u00f1o"},"content":{"rendered":"<p><img fetchpriority=\"high\" decoding=\"async\" class=\"alignleft size-medium wp-image-109855\" src=\"https:\/\/candas365.es\/noticias\/wp-content\/uploads\/2018\/11\/PHOTO-2018-11-13-12-50-28-360x270.jpg\" alt=\"\" width=\"360\" height=\"270\" srcset=\"https:\/\/candas365.es\/noticias\/wp-content\/uploads\/2018\/11\/PHOTO-2018-11-13-12-50-28-360x270.jpg 360w, https:\/\/candas365.es\/noticias\/wp-content\/uploads\/2018\/11\/PHOTO-2018-11-13-12-50-28-768x576.jpg 768w, https:\/\/candas365.es\/noticias\/wp-content\/uploads\/2018\/11\/PHOTO-2018-11-13-12-50-28-640x480.jpg 640w, https:\/\/candas365.es\/noticias\/wp-content\/uploads\/2018\/11\/PHOTO-2018-11-13-12-50-28-80x60.jpg 80w, https:\/\/candas365.es\/noticias\/wp-content\/uploads\/2018\/11\/PHOTO-2018-11-13-12-50-28-265x198.jpg 265w, https:\/\/candas365.es\/noticias\/wp-content\/uploads\/2018\/11\/PHOTO-2018-11-13-12-50-28-696x522.jpg 696w, https:\/\/candas365.es\/noticias\/wp-content\/uploads\/2018\/11\/PHOTO-2018-11-13-12-50-28-1068x801.jpg 1068w, https:\/\/candas365.es\/noticias\/wp-content\/uploads\/2018\/11\/PHOTO-2018-11-13-12-50-28-560x420.jpg 560w, https:\/\/candas365.es\/noticias\/wp-content\/uploads\/2018\/11\/PHOTO-2018-11-13-12-50-28.jpg 1600w\" sizes=\"(max-width: 360px) 100vw, 360px\" \/>El primer curso Agricultura Ecol\u00f3gica impulsado por el Ayuntamiento de Carre\u00f1o en Cand\u00e1s lleg\u00f3 a su fin. El mismo estivo organizado e impartido por la Red Asturiana de Desarrollo Rural financiado en el marco del proyecto \u201cREADER Crea\u201d dentro del Programa Emplea Verde de la Fundaci\u00f3n Biodiversidad adscrita al Ministerio de Transici\u00f3n Ecol\u00f3gica.<\/p>\n<p>Esta formaci\u00f3n de 180 horas estuvo dirigida a personas en situaci\u00f3n de desempleo, las cu\u00e1les han conseguido la cualificaci\u00f3n profesional perteneciente a la familia profesional agraria y el \u00e1rea profesional forestal.<\/p>\n<p>En el Acto de Clausura se entregaron al alumnado los diplomas correspondientes, en representaci\u00f3n del Consistorio, acudieron los ediles, Cecilia Tasc\u00f3n y Manuel Noceda; mientras que por parte de la entidad organizadora, Mar\u00eda Jos\u00e9 Fern\u00e1ndez Carrocera, coordinadora t\u00e9cnica del proyecto.<\/p>\n<p>La edil carre\u00f1ense valor\u00f3 esta iniciativa dirigida a promover el empleo y dinamizar las econom\u00edas locales diversific\u00e1ndolas. Tasc\u00f3n reivindic\u00f3 la agricultura ecol\u00f3gica \u201ccomo una alternativa no s\u00f3lo para los\/as agricultores\/as, sino tambi\u00e9n para personas en situaci\u00f3n de desempleo con inter\u00e9s en afincarse en las comarcas rurales y\/o emprender en los entornos. Se facilita unos conocimientos que podr\u00e1n usar para autoconsumo en espacios como los g\u00fcertos sostenibles y\/o los primeros mimbres para seguir capacit\u00e1ndose y cualific\u00e1ndose para buscar oportunidades de empleo en el sector primario\u201d.<\/p>\n<p>El objetivo de esta primera acci\u00f3n formativa, tanto en su parte te\u00f3rica o pr\u00e1ctica, ha sido mejorar la empleabilidad y la cualificaci\u00f3n de los y las desempleados\/as. Para ello el alumnado ha conseguido la capacitaci\u00f3n en la realizaci\u00f3n de operaciones de manejo, mantenimiento, producci\u00f3n y recolecci\u00f3n de cultivos en una explotaci\u00f3n agr\u00edcola, ecol\u00f3gica, aplicando criterios de calidad, sostenibilidad, rentabilidad, cumpliendo con la legislaci\u00f3n de agricultura ecol\u00f3gica, control de calidad y prevenci\u00f3n de riesgos laborales vigentes.<\/p>\n<p>La representante municipal explic\u00f3 al alumnado el proyecto de g\u00fcertos sostenibles que se pondr\u00e1n en marcha en Cand\u00e1s, facilit\u00e1ndoles el reglamento de usos y planos a las personas participantes. As\u00ed mismo, les record\u00f3 el citado reglamento que se encuentra en periodo de exposici\u00f3n p\u00fablica hasta el d\u00eda 17 de Diciembre, como paso previo a la apertura del plazo de solicitudes de las parcelas acondicionadas para tales fines.<\/p>\n<p>Para poder acceder a la autorizaci\u00f3n de uso de los citados huertos se deber\u00e1n cumplir los siguientes requisitos:<\/p>\n<p>a) Ser vecino\/a de Carre\u00f1o, mayor de edad, figurando inscrito\/a en el Padr\u00f3n Municipal de habitantes con una antig\u00fcedad m\u00ednima de un a\u00f1o.<\/p>\n<p>b) Estar al corriente en el pago de las obligaciones tributarias municipales.<\/p>\n<p>c) Entidad sin \u00e1nimo de lucro de Carre\u00f1o debidamente acreditada e inscrita en el Registro Municipal de Asociaciones, con una antig\u00fcedad m\u00ednima de un a\u00f1o siendo el\/la presidente\/a del mismo el que presente la solicitud.<\/p>\n<p>d) Centro Socioeducativo del concejo: entidad educativa de educaci\u00f3n primaria o superior o entidad social con sede en Carre\u00f1o y\/o centro de atenci\u00f3n ubicado en el municipio.<\/p>\n<p>e) Grupo de consumo ecol\u00f3gico del concejo debidamente acreditado como tal, siendo el\/la presidente\/a del mismo el que presente la solicitud.<\/p>\n<p>f) Poseer la condici\u00f3n f\u00edsica adecuada que le permita realizar trabajos agr\u00edcolas.<\/p>\n<p>En cada convocatoria se podr\u00e1n fijar categor\u00edas de participaci\u00f3n que podr\u00e1n ser revisadas por el Ayuntamiento de Carre\u00f1o si se advirtiesen nuevas necesidades y\/o se considerasen contingencias no observadas hasta el momento. El procedimiento de recogida de solicitudes se iniciar\u00e1 mediante convocatoria p\u00fablica que ser\u00e1 objeto de publicaci\u00f3n en el BOPA, en el Tabl\u00f3n de Edictos del Ayuntamiento y en la p\u00e1gina Web Municipal donde adem\u00e1s se pondr\u00e1 a disposici\u00f3n de los\/as solicitantes instancias de participaci\u00f3n. El plazo l\u00edmite para presentar solicitudes ser\u00e1 determinado en la respectiva convocatoria, sin que este pueda ser en ning\u00fan caso inferior a 15 d\u00edas naturales. Y en cada convocatoria resolver\u00e1 la concesi\u00f3n de parcelas para un disfrute de 4 a\u00f1os.<\/p>\n<p>El horario de utilizaci\u00f3n de las parcelas, para mayor aprovechamiento de las horas de luz solar, ser\u00e1 de 7 a 22 horas. Para hacer uso de las instalaciones fuera del horario establecido, deber\u00e1 contarse con autorizaci\u00f3n expresa del Ayuntamiento. No obstante el Ayuntamiento podr\u00e1 modificar dichos horarios mediante resoluci\u00f3n expresa debidamente motivada.<\/p>\n<p>As\u00ed mismo Tasc\u00f3n les avanz\u00f3 informaci\u00f3n sobre la ordenanza fiscal que regular\u00e1 la tasa la obtenci\u00f3n de la licencia municipal que autorizar\u00e1 para la ocupaci\u00f3n de parcelas en los huertos p\u00fablicos del Ayuntamiento de Carre\u00f1o, de conformidad con lo previsto en el Reglamento de r\u00e9gimen interno y funcionamiento de los G\u00fcertos P\u00fablicos Sostenibles del Ayuntamiento de Carre\u00f1o, aprobado provisionalmente por el Ayuntamiento y que est\u00e1 en periodo de exposici\u00f3n p\u00fablica. Estar\u00e1n exentas del pago de la tasa regulada en la presente Ordenanza las entidades sin \u00e1nimo de lucro, centros educativos, entidades socioculturales con proyectos de inclusi\u00f3n social validadas con las que el Ayuntamiento haya convenido el aprovechamiento especial de una o varias parcelas. Se prev\u00e9 que la persona titular de la licencia deber\u00e1 abonar una cuota anual de 60 euros por el uso privativo de la parcela y deber\u00e1 aportar una fianza por importe de 50 euros en garant\u00eda de la correcta utilizaci\u00f3n del dominio p\u00fablico municipal. Cada adjudicatario\/a deber\u00e1 abonar al Ayuntamiento de Carre\u00f1o el gasto por suministro de agua derivado de su actividad.<\/p>\n","protected":false},"excerpt":{"rendered":"<p>El primer curso Agricultura Ecol\u00f3gica impulsado por el Ayuntamiento de Carre\u00f1o en Cand\u00e1s lleg\u00f3 a su fin. El mismo estivo organizado e impartido por la Red Asturiana de Desarrollo Rural financiado en el marco del proyecto \u201cREADER Crea\u201d dentro del Programa Emplea Verde de la Fundaci\u00f3n Biodiversidad adscrita al Ministerio de Transici\u00f3n Ecol\u00f3gica. Esta formaci\u00f3n<\/p>\n","protected":false},"author":1,"featured_media":109855,"comment_status":"closed","ping_status":"closed","sticky":false,"template":"","format":"standard","meta":{"footnotes":""},"categories":[2],"tags":[],"class_list":{"0":"post-109854","1":"post","2":"type-post","3":"status-publish","4":"format-standard","5":"has-post-thumbnail","7":"category-noticias-carreno"},"aioseo_notices":[],"aioseo_head":"\n\t\t<!-- All in One SEO Pro 4.9.6.2 - aioseo.com -->\n\t<meta name=\"description\" content=\"El primer curso Agricultura Ecol\u00f3gica impulsado por el Ayuntamiento de Carre\u00f1o en Cand\u00e1s lleg\u00f3 a su fin. El mismo estivo organizado e impartido por la Red Asturiana de Desarrollo Rural financiado en el marco del proyecto \u201cREADER Crea\u201d dentro del Programa Emplea Verde de la Fundaci\u00f3n Biodiversidad adscrita al Ministerio de Transici\u00f3n Ecol\u00f3gica. Esta formaci\u00f3n\" \/>\n\t<meta name=\"robots\" content=\"max-image-preview:large\" \/>\n\t<meta name=\"author\" content=\"Cand\u00e1s 365\"\/>\n\t<meta name=\"google-site-verification\" content=\"UA-32230408-1\" \/>\n\t<meta name=\"msvalidate.01\" content=\"354F3CDFB2DA171B47FBE9ABF1F88D5\" \/>\n\t<meta name=\"keywords\" content=\"noticias carre\u00f1o\" \/>\n\t<link rel=\"canonical\" href=\"https:\/\/candas365.es\/noticias\/finaliza-el-primer-curso-agricultura-ecologica-celebrado-en-carreno\/\" \/>\n\t<meta name=\"generator\" content=\"All in One SEO Pro (AIOSEO) 4.9.6.2\" \/>\n\t\t<meta property=\"og:locale\" content=\"es_ES\" \/>\n\t\t<meta property=\"og:site_name\" content=\"Cand\u00e1s 365\" \/>\n\t\t<meta property=\"og:type\" content=\"article\" \/>\n\t\t<meta property=\"og:title\" content=\"Finaliza el primer curso Agricultura Ecol\u00f3gica celebrado en Carre\u00f1o | Cand\u00e1s 365\" \/>\n\t\t<meta property=\"og:description\" content=\"El primer curso Agricultura Ecol\u00f3gica impulsado por el Ayuntamiento de Carre\u00f1o en Cand\u00e1s lleg\u00f3 a su fin. El mismo estivo organizado e impartido por la Red Asturiana de Desarrollo Rural financiado en el marco del proyecto \u201cREADER Crea\u201d dentro del Programa Emplea Verde de la Fundaci\u00f3n Biodiversidad adscrita al Ministerio de Transici\u00f3n Ecol\u00f3gica. Esta formaci\u00f3n\" \/>\n\t\t<meta property=\"og:url\" content=\"https:\/\/candas365.es\/noticias\/finaliza-el-primer-curso-agricultura-ecologica-celebrado-en-carreno\/\" \/>\n\t\t<meta property=\"og:image\" content=\"https:\/\/candas365.es\/noticias\/wp-content\/uploads\/2018\/11\/PHOTO-2018-11-13-12-50-28.jpg\" \/>\n\t\t<meta property=\"og:image:secure_url\" content=\"https:\/\/candas365.es\/noticias\/wp-content\/uploads\/2018\/11\/PHOTO-2018-11-13-12-50-28.jpg\" \/>\n\t\t<meta property=\"og:image:width\" content=\"1600\" \/>\n\t\t<meta property=\"og:image:height\" content=\"1200\" \/>\n\t\t<meta property=\"article:published_time\" content=\"2018-11-14T11:13:35+00:00\" \/>\n\t\t<meta property=\"article:modified_time\" content=\"2018-11-14T11:13:35+00:00\" \/>\n\t\t<meta property=\"article:publisher\" content=\"https:\/\/www.facebook.com\/Nachofdezber\" \/>\n\t\t<meta property=\"article:author\" content=\"https:\/\/www.facebook.com\/carrenoactualidad\" \/>\n\t\t<meta name=\"twitter:card\" content=\"summary_large_image\" \/>\n\t\t<meta name=\"twitter:site\" content=\"@NabercoDigital\" \/>\n\t\t<meta name=\"twitter:title\" content=\"Finaliza el primer curso Agricultura Ecol\u00f3gica celebrado en Carre\u00f1o | Cand\u00e1s 365\" \/>\n\t\t<meta name=\"twitter:description\" content=\"El primer curso Agricultura Ecol\u00f3gica impulsado por el Ayuntamiento de Carre\u00f1o en Cand\u00e1s lleg\u00f3 a su fin. El mismo estivo organizado e impartido por la Red Asturiana de Desarrollo Rural financiado en el marco del proyecto \u201cREADER Crea\u201d dentro del Programa Emplea Verde de la Fundaci\u00f3n Biodiversidad adscrita al Ministerio de Transici\u00f3n Ecol\u00f3gica. Esta formaci\u00f3n\" \/>\n\t\t<meta name=\"twitter:creator\" content=\"@nbasturias\" \/>\n\t\t<meta name=\"twitter:image\" content=\"https:\/\/candas365.es\/noticias\/wp-content\/uploads\/2018\/11\/PHOTO-2018-11-13-12-50-28.jpg\" \/>\n\t\t<meta name=\"twitter:label1\" content=\"Escrito por\" \/>\n\t\t<meta name=\"twitter:data1\" content=\"Cand\u00e1s 365\" \/>\n\t\t<meta name=\"twitter:label2\" content=\"Tiempo de lectura estimado\" \/>\n\t\t<meta name=\"twitter:data2\" content=\"5 minutos\" \/>\n\t\t<script type=\"application\/ld+json\" class=\"aioseo-schema\">\n\t\t\t{\"@context\":\"https:\\\/\\\/schema.org\",\"@graph\":[{\"@type\":\"BreadcrumbList\",\"@id\":\"https:\\\/\\\/candas365.es\\\/noticias\\\/finaliza-el-primer-curso-agricultura-ecologica-celebrado-en-carreno\\\/#breadcrumblist\",\"itemListElement\":[{\"@type\":\"ListItem\",\"@id\":\"https:\\\/\\\/candas365.es\\\/noticias#listItem\",\"position\":1,\"name\":\"Home\",\"item\":\"https:\\\/\\\/candas365.es\\\/noticias\",\"nextItem\":{\"@type\":\"ListItem\",\"@id\":\"https:\\\/\\\/candas365.es\\\/noticias\\\/category\\\/noticias-carreno\\\/#listItem\",\"name\":\"Noticias Carre\\u00f1o\"}},{\"@type\":\"ListItem\",\"@id\":\"https:\\\/\\\/candas365.es\\\/noticias\\\/category\\\/noticias-carreno\\\/#listItem\",\"position\":2,\"name\":\"Noticias Carre\\u00f1o\",\"item\":\"https:\\\/\\\/candas365.es\\\/noticias\\\/category\\\/noticias-carreno\\\/\",\"nextItem\":{\"@type\":\"ListItem\",\"@id\":\"https:\\\/\\\/candas365.es\\\/noticias\\\/finaliza-el-primer-curso-agricultura-ecologica-celebrado-en-carreno\\\/#listItem\",\"name\":\"Finaliza el primer curso Agricultura Ecol\\u00f3gica celebrado en Carre\\u00f1o\"},\"previousItem\":{\"@type\":\"ListItem\",\"@id\":\"https:\\\/\\\/candas365.es\\\/noticias#listItem\",\"name\":\"Home\"}},{\"@type\":\"ListItem\",\"@id\":\"https:\\\/\\\/candas365.es\\\/noticias\\\/finaliza-el-primer-curso-agricultura-ecologica-celebrado-en-carreno\\\/#listItem\",\"position\":3,\"name\":\"Finaliza el primer curso Agricultura Ecol\\u00f3gica celebrado en Carre\\u00f1o\",\"previousItem\":{\"@type\":\"ListItem\",\"@id\":\"https:\\\/\\\/candas365.es\\\/noticias\\\/category\\\/noticias-carreno\\\/#listItem\",\"name\":\"Noticias Carre\\u00f1o\"}}]},{\"@type\":\"NewsArticle\",\"@id\":\"https:\\\/\\\/candas365.es\\\/noticias\\\/finaliza-el-primer-curso-agricultura-ecologica-celebrado-en-carreno\\\/#newsarticle\",\"name\":\"Finaliza el primer curso Agricultura Ecol\\u00f3gica celebrado en Carre\\u00f1o | Cand\\u00e1s 365\",\"headline\":\"Finaliza el primer curso Agricultura Ecol\\u00f3gica celebrado en Carre\\u00f1o\",\"author\":{\"@id\":\"https:\\\/\\\/candas365.es\\\/noticias\\\/author\\\/admin\\\/#author\"},\"publisher\":{\"@id\":\"https:\\\/\\\/candas365.es\\\/noticias\\\/#organization\"},\"image\":{\"@type\":\"ImageObject\",\"url\":\"https:\\\/\\\/candas365.es\\\/noticias\\\/wp-content\\\/uploads\\\/2018\\\/11\\\/PHOTO-2018-11-13-12-50-28.jpg\",\"width\":1600,\"height\":1200},\"datePublished\":\"2018-11-14T11:13:35+01:00\",\"dateModified\":\"2018-11-14T11:13:35+01:00\",\"inLanguage\":\"es-ES\",\"mainEntityOfPage\":{\"@id\":\"https:\\\/\\\/candas365.es\\\/noticias\\\/finaliza-el-primer-curso-agricultura-ecologica-celebrado-en-carreno\\\/#webpage\"},\"isPartOf\":{\"@id\":\"https:\\\/\\\/candas365.es\\\/noticias\\\/finaliza-el-primer-curso-agricultura-ecologica-celebrado-en-carreno\\\/#webpage\"},\"articleSection\":\"Noticias Carre\\u00f1o\",\"dateline\":\"Publicado el noviembre 14, 2018.\"},{\"@type\":\"Organization\",\"@id\":\"https:\\\/\\\/candas365.es\\\/noticias\\\/#organization\",\"name\":\"Cand\\u00e1s 365\",\"description\":\"Cand\\u00e1s 365 es un diario digital independiente, fundado en 2012, con base en Asturias. Informamos con rigor sobre actualidad, sociedad, cultura y ocio, con una mirada local y global.\",\"url\":\"https:\\\/\\\/candas365.es\\\/noticias\\\/\",\"email\":\"info@candas365.es\",\"telephone\":\"+34652131393\",\"foundingDate\":\"2012-06-10\",\"logo\":{\"@type\":\"ImageObject\",\"url\":\"https:\\\/\\\/candas365.es\\\/noticias\\\/wp-content\\\/uploads\\\/2024\\\/09\\\/Candas-365-Redes.jpg\",\"@id\":\"https:\\\/\\\/candas365.es\\\/noticias\\\/finaliza-el-primer-curso-agricultura-ecologica-celebrado-en-carreno\\\/#organizationLogo\",\"width\":1152,\"height\":864,\"caption\":\"Cand\\u00e1s 365 Redes\"},\"image\":{\"@id\":\"https:\\\/\\\/candas365.es\\\/noticias\\\/finaliza-el-primer-curso-agricultura-ecologica-celebrado-en-carreno\\\/#organizationLogo\"},\"sameAs\":[\"https:\\\/\\\/www.facebook.com\\\/Nachofdezber\",\"https:\\\/\\\/x.com\\\/NabercoDigital\",\"https:\\\/\\\/www.instagram.com\\\/nachofdezber\\\/\",\"https:\\\/\\\/www.youtube.com\\\/channel\\\/UCZP-2wLEB9Rv6erhFmqVnvg\"],\"address\":{\"@id\":\"https:\\\/\\\/candas365.es\\\/noticias\\\/#postaladdress\",\"@type\":\"PostalAddress\",\"streetAddress\":\"san antonio 4, san antonio 4\",\"postalCode\":\"33430\",\"addressLocality\":\"Cand\\u00e1s\",\"addressRegion\":\"Asturias\",\"addressCountry\":\"ES\"}},{\"@type\":\"Person\",\"@id\":\"https:\\\/\\\/candas365.es\\\/noticias\\\/author\\\/admin\\\/#author\",\"url\":\"https:\\\/\\\/candas365.es\\\/noticias\\\/author\\\/admin\\\/\",\"name\":\"Cand\\u00e1s 365\",\"image\":{\"@type\":\"ImageObject\",\"@id\":\"https:\\\/\\\/candas365.es\\\/noticias\\\/finaliza-el-primer-curso-agricultura-ecologica-celebrado-en-carreno\\\/#authorImage\",\"url\":\"https:\\\/\\\/secure.gravatar.com\\\/avatar\\\/496a8e03d0c493ede1718b7934145dbdf8d89be1036b0eec9544e1094c9de390?s=96&d=mm&r=g\",\"width\":96,\"height\":96,\"caption\":\"Cand\\u00e1s 365\"},\"sameAs\":[\"https:\\\/\\\/www.facebook.com\\\/carrenoactualidad\",\"https:\\\/\\\/twitter.com\\\/nbasturias\",\"https:\\\/\\\/www.instagram.com\\\/nachofdezber\\\/\",\"https:\\\/\\\/www.youtube.com\\\/channel\\\/UCZP-2wLEB9Rv6erhFmqVnvg\"]},{\"@type\":\"WebPage\",\"@id\":\"https:\\\/\\\/candas365.es\\\/noticias\\\/finaliza-el-primer-curso-agricultura-ecologica-celebrado-en-carreno\\\/#webpage\",\"url\":\"https:\\\/\\\/candas365.es\\\/noticias\\\/finaliza-el-primer-curso-agricultura-ecologica-celebrado-en-carreno\\\/\",\"name\":\"Finaliza el primer curso Agricultura Ecol\\u00f3gica celebrado en Carre\\u00f1o | Cand\\u00e1s 365\",\"description\":\"El primer curso Agricultura Ecol\\u00f3gica impulsado por el Ayuntamiento de Carre\\u00f1o en Cand\\u00e1s lleg\\u00f3 a su fin. El mismo estivo organizado e impartido por la Red Asturiana de Desarrollo Rural financiado en el marco del proyecto \\u201cREADER Crea\\u201d dentro del Programa Emplea Verde de la Fundaci\\u00f3n Biodiversidad adscrita al Ministerio de Transici\\u00f3n Ecol\\u00f3gica. Esta formaci\\u00f3n\",\"inLanguage\":\"es-ES\",\"isPartOf\":{\"@id\":\"https:\\\/\\\/candas365.es\\\/noticias\\\/#website\"},\"breadcrumb\":{\"@id\":\"https:\\\/\\\/candas365.es\\\/noticias\\\/finaliza-el-primer-curso-agricultura-ecologica-celebrado-en-carreno\\\/#breadcrumblist\"},\"author\":{\"@id\":\"https:\\\/\\\/candas365.es\\\/noticias\\\/author\\\/admin\\\/#author\"},\"creator\":{\"@id\":\"https:\\\/\\\/candas365.es\\\/noticias\\\/author\\\/admin\\\/#author\"},\"image\":{\"@type\":\"ImageObject\",\"url\":\"https:\\\/\\\/candas365.es\\\/noticias\\\/wp-content\\\/uploads\\\/2018\\\/11\\\/PHOTO-2018-11-13-12-50-28.jpg\",\"@id\":\"https:\\\/\\\/candas365.es\\\/noticias\\\/finaliza-el-primer-curso-agricultura-ecologica-celebrado-en-carreno\\\/#mainImage\",\"width\":1600,\"height\":1200},\"primaryImageOfPage\":{\"@id\":\"https:\\\/\\\/candas365.es\\\/noticias\\\/finaliza-el-primer-curso-agricultura-ecologica-celebrado-en-carreno\\\/#mainImage\"},\"datePublished\":\"2018-11-14T11:13:35+01:00\",\"dateModified\":\"2018-11-14T11:13:35+01:00\"},{\"@type\":\"WebSite\",\"@id\":\"https:\\\/\\\/candas365.es\\\/noticias\\\/#website\",\"url\":\"https:\\\/\\\/candas365.es\\\/noticias\\\/\",\"name\":\"Cand\\u00e1s 365\",\"alternateName\":\"Cand\\u00e1s 365 Noticias\",\"description\":\"Actualidad desde Carre\\u00f1o para el mundo\",\"inLanguage\":\"es-ES\",\"publisher\":{\"@id\":\"https:\\\/\\\/candas365.es\\\/noticias\\\/#organization\"}}]}\n\t\t<\/script>\n\t\t<!-- All in One SEO Pro -->\r\n\t\t<title>Finaliza el primer curso Agricultura Ecol\u00f3gica celebrado en Carre\u00f1o | Cand\u00e1s 365<\/title>\n\n","aioseo_head_json":{"title":"Finaliza el primer curso Agricultura Ecol\u00f3gica celebrado en Carre\u00f1o | Cand\u00e1s 365","description":"El primer curso Agricultura Ecol\u00f3gica impulsado por el Ayuntamiento de Carre\u00f1o en Cand\u00e1s lleg\u00f3 a su fin. El mismo estivo organizado e impartido por la Red Asturiana de Desarrollo Rural financiado en el marco del proyecto \u201cREADER Crea\u201d dentro del Programa Emplea Verde de la Fundaci\u00f3n Biodiversidad adscrita al Ministerio de Transici\u00f3n Ecol\u00f3gica. Esta formaci\u00f3n","canonical_url":"https:\/\/candas365.es\/noticias\/finaliza-el-primer-curso-agricultura-ecologica-celebrado-en-carreno\/","robots":"max-image-preview:large","keywords":"noticias carre\u00f1o","webmasterTools":{"google-site-verification":"UA-32230408-1","msvalidate.01":"354F3CDFB2DA171B47FBE9ABF1F88D5","miscellaneous":""},"schema":{"@context":"https:\/\/schema.org","@graph":[{"@type":"BreadcrumbList","@id":"https:\/\/candas365.es\/noticias\/finaliza-el-primer-curso-agricultura-ecologica-celebrado-en-carreno\/#breadcrumblist","itemListElement":[{"@type":"ListItem","@id":"https:\/\/candas365.es\/noticias#listItem","position":1,"name":"Home","item":"https:\/\/candas365.es\/noticias","nextItem":{"@type":"ListItem","@id":"https:\/\/candas365.es\/noticias\/category\/noticias-carreno\/#listItem","name":"Noticias Carre\u00f1o"}},{"@type":"ListItem","@id":"https:\/\/candas365.es\/noticias\/category\/noticias-carreno\/#listItem","position":2,"name":"Noticias Carre\u00f1o","item":"https:\/\/candas365.es\/noticias\/category\/noticias-carreno\/","nextItem":{"@type":"ListItem","@id":"https:\/\/candas365.es\/noticias\/finaliza-el-primer-curso-agricultura-ecologica-celebrado-en-carreno\/#listItem","name":"Finaliza el primer curso Agricultura Ecol\u00f3gica celebrado en Carre\u00f1o"},"previousItem":{"@type":"ListItem","@id":"https:\/\/candas365.es\/noticias#listItem","name":"Home"}},{"@type":"ListItem","@id":"https:\/\/candas365.es\/noticias\/finaliza-el-primer-curso-agricultura-ecologica-celebrado-en-carreno\/#listItem","position":3,"name":"Finaliza el primer curso Agricultura Ecol\u00f3gica celebrado en Carre\u00f1o","previousItem":{"@type":"ListItem","@id":"https:\/\/candas365.es\/noticias\/category\/noticias-carreno\/#listItem","name":"Noticias Carre\u00f1o"}}]},{"@type":"NewsArticle","@id":"https:\/\/candas365.es\/noticias\/finaliza-el-primer-curso-agricultura-ecologica-celebrado-en-carreno\/#newsarticle","name":"Finaliza el primer curso Agricultura Ecol\u00f3gica celebrado en Carre\u00f1o | Cand\u00e1s 365","headline":"Finaliza el primer curso Agricultura Ecol\u00f3gica celebrado en Carre\u00f1o","author":{"@id":"https:\/\/candas365.es\/noticias\/author\/admin\/#author"},"publisher":{"@id":"https:\/\/candas365.es\/noticias\/#organization"},"image":{"@type":"ImageObject","url":"https:\/\/candas365.es\/noticias\/wp-content\/uploads\/2018\/11\/PHOTO-2018-11-13-12-50-28.jpg","width":1600,"height":1200},"datePublished":"2018-11-14T11:13:35+01:00","dateModified":"2018-11-14T11:13:35+01:00","inLanguage":"es-ES","mainEntityOfPage":{"@id":"https:\/\/candas365.es\/noticias\/finaliza-el-primer-curso-agricultura-ecologica-celebrado-en-carreno\/#webpage"},"isPartOf":{"@id":"https:\/\/candas365.es\/noticias\/finaliza-el-primer-curso-agricultura-ecologica-celebrado-en-carreno\/#webpage"},"articleSection":"Noticias Carre\u00f1o","dateline":"Publicado el noviembre 14, 2018."},{"@type":"Organization","@id":"https:\/\/candas365.es\/noticias\/#organization","name":"Cand\u00e1s 365","description":"Cand\u00e1s 365 es un diario digital independiente, fundado en 2012, con base en Asturias. Informamos con rigor sobre actualidad, sociedad, cultura y ocio, con una mirada local y global.","url":"https:\/\/candas365.es\/noticias\/","email":"info@candas365.es","telephone":"+34652131393","foundingDate":"2012-06-10","logo":{"@type":"ImageObject","url":"https:\/\/candas365.es\/noticias\/wp-content\/uploads\/2024\/09\/Candas-365-Redes.jpg","@id":"https:\/\/candas365.es\/noticias\/finaliza-el-primer-curso-agricultura-ecologica-celebrado-en-carreno\/#organizationLogo","width":1152,"height":864,"caption":"Cand\u00e1s 365 Redes"},"image":{"@id":"https:\/\/candas365.es\/noticias\/finaliza-el-primer-curso-agricultura-ecologica-celebrado-en-carreno\/#organizationLogo"},"sameAs":["https:\/\/www.facebook.com\/Nachofdezber","https:\/\/x.com\/NabercoDigital","https:\/\/www.instagram.com\/nachofdezber\/","https:\/\/www.youtube.com\/channel\/UCZP-2wLEB9Rv6erhFmqVnvg"],"address":{"@id":"https:\/\/candas365.es\/noticias\/#postaladdress","@type":"PostalAddress","streetAddress":"san antonio 4, san antonio 4","postalCode":"33430","addressLocality":"Cand\u00e1s","addressRegion":"Asturias","addressCountry":"ES"}},{"@type":"Person","@id":"https:\/\/candas365.es\/noticias\/author\/admin\/#author","url":"https:\/\/candas365.es\/noticias\/author\/admin\/","name":"Cand\u00e1s 365","image":{"@type":"ImageObject","@id":"https:\/\/candas365.es\/noticias\/finaliza-el-primer-curso-agricultura-ecologica-celebrado-en-carreno\/#authorImage","url":"https:\/\/secure.gravatar.com\/avatar\/496a8e03d0c493ede1718b7934145dbdf8d89be1036b0eec9544e1094c9de390?s=96&d=mm&r=g","width":96,"height":96,"caption":"Cand\u00e1s 365"},"sameAs":["https:\/\/www.facebook.com\/carrenoactualidad","https:\/\/twitter.com\/nbasturias","https:\/\/www.instagram.com\/nachofdezber\/","https:\/\/www.youtube.com\/channel\/UCZP-2wLEB9Rv6erhFmqVnvg"]},{"@type":"WebPage","@id":"https:\/\/candas365.es\/noticias\/finaliza-el-primer-curso-agricultura-ecologica-celebrado-en-carreno\/#webpage","url":"https:\/\/candas365.es\/noticias\/finaliza-el-primer-curso-agricultura-ecologica-celebrado-en-carreno\/","name":"Finaliza el primer curso Agricultura Ecol\u00f3gica celebrado en Carre\u00f1o | Cand\u00e1s 365","description":"El primer curso Agricultura Ecol\u00f3gica impulsado por el Ayuntamiento de Carre\u00f1o en Cand\u00e1s lleg\u00f3 a su fin. El mismo estivo organizado e impartido por la Red Asturiana de Desarrollo Rural financiado en el marco del proyecto \u201cREADER Crea\u201d dentro del Programa Emplea Verde de la Fundaci\u00f3n Biodiversidad adscrita al Ministerio de Transici\u00f3n Ecol\u00f3gica. Esta formaci\u00f3n","inLanguage":"es-ES","isPartOf":{"@id":"https:\/\/candas365.es\/noticias\/#website"},"breadcrumb":{"@id":"https:\/\/candas365.es\/noticias\/finaliza-el-primer-curso-agricultura-ecologica-celebrado-en-carreno\/#breadcrumblist"},"author":{"@id":"https:\/\/candas365.es\/noticias\/author\/admin\/#author"},"creator":{"@id":"https:\/\/candas365.es\/noticias\/author\/admin\/#author"},"image":{"@type":"ImageObject","url":"https:\/\/candas365.es\/noticias\/wp-content\/uploads\/2018\/11\/PHOTO-2018-11-13-12-50-28.jpg","@id":"https:\/\/candas365.es\/noticias\/finaliza-el-primer-curso-agricultura-ecologica-celebrado-en-carreno\/#mainImage","width":1600,"height":1200},"primaryImageOfPage":{"@id":"https:\/\/candas365.es\/noticias\/finaliza-el-primer-curso-agricultura-ecologica-celebrado-en-carreno\/#mainImage"},"datePublished":"2018-11-14T11:13:35+01:00","dateModified":"2018-11-14T11:13:35+01:00"},{"@type":"WebSite","@id":"https:\/\/candas365.es\/noticias\/#website","url":"https:\/\/candas365.es\/noticias\/","name":"Cand\u00e1s 365","alternateName":"Cand\u00e1s 365 Noticias","description":"Actualidad desde Carre\u00f1o para el mundo","inLanguage":"es-ES","publisher":{"@id":"https:\/\/candas365.es\/noticias\/#organization"}}]},"og:locale":"es_ES","og:site_name":"Cand\u00e1s 365","og:type":"article","og:title":"Finaliza el primer curso Agricultura Ecol\u00f3gica celebrado en Carre\u00f1o | Cand\u00e1s 365","og:description":"El primer curso Agricultura Ecol\u00f3gica impulsado por el Ayuntamiento de Carre\u00f1o en Cand\u00e1s lleg\u00f3 a su fin. El mismo estivo organizado e impartido por la Red Asturiana de Desarrollo Rural financiado en el marco del proyecto \u201cREADER Crea\u201d dentro del Programa Emplea Verde de la Fundaci\u00f3n Biodiversidad adscrita al Ministerio de Transici\u00f3n Ecol\u00f3gica. Esta formaci\u00f3n","og:url":"https:\/\/candas365.es\/noticias\/finaliza-el-primer-curso-agricultura-ecologica-celebrado-en-carreno\/","og:image":"https:\/\/candas365.es\/noticias\/wp-content\/uploads\/2018\/11\/PHOTO-2018-11-13-12-50-28.jpg","og:image:secure_url":"https:\/\/candas365.es\/noticias\/wp-content\/uploads\/2018\/11\/PHOTO-2018-11-13-12-50-28.jpg","og:image:width":1600,"og:image:height":1200,"article:published_time":"2018-11-14T11:13:35+00:00","article:modified_time":"2018-11-14T11:13:35+00:00","article:publisher":"https:\/\/www.facebook.com\/Nachofdezber","article:author":"https:\/\/www.facebook.com\/carrenoactualidad","twitter:card":"summary_large_image","twitter:site":"@NabercoDigital","twitter:title":"Finaliza el primer curso Agricultura Ecol\u00f3gica celebrado en Carre\u00f1o | Cand\u00e1s 365","twitter:description":"El primer curso Agricultura Ecol\u00f3gica impulsado por el Ayuntamiento de Carre\u00f1o en Cand\u00e1s lleg\u00f3 a su fin. El mismo estivo organizado e impartido por la Red Asturiana de Desarrollo Rural financiado en el marco del proyecto \u201cREADER Crea\u201d dentro del Programa Emplea Verde de la Fundaci\u00f3n Biodiversidad adscrita al Ministerio de Transici\u00f3n Ecol\u00f3gica. Esta formaci\u00f3n","twitter:creator":"@nbasturias","twitter:image":"https:\/\/candas365.es\/noticias\/wp-content\/uploads\/2018\/11\/PHOTO-2018-11-13-12-50-28.jpg","twitter:label1":"Escrito por","twitter:data1":"Cand\u00e1s 365","twitter:label2":"Tiempo de lectura estimado","twitter:data2":"5 minutos"},"aioseo_meta_data":{"post_id":"109854","title":null,"description":null,"keywords":null,"keyphrases":null,"primary_term":null,"canonical_url":null,"og_title":null,"og_description":null,"og_object_type":"default","og_image_type":"default","og_image_url":null,"og_image_width":null,"og_image_height":null,"og_image_custom_url":null,"og_image_custom_fields":null,"og_video":null,"og_custom_url":null,"og_article_section":null,"og_article_tags":null,"twitter_use_og":false,"twitter_card":"default","twitter_image_type":"default","twitter_image_url":null,"twitter_image_custom_url":null,"twitter_image_custom_fields":null,"twitter_title":null,"twitter_description":null,"schema":{"blockGraphs":[],"customGraphs":[],"default":{"data":{"Article":[],"Course":[],"Dataset":[],"FAQPage":[],"Movie":[],"Person":[],"Product":[],"ProductReview":[],"Car":[],"Recipe":[],"Service":[],"SoftwareApplication":[],"WebPage":[]},"graphName":"","isEnabled":true},"graphs":[],"defaultGraph":"","defaultPostTypeGraph":""},"schema_type":null,"schema_type_options":null,"pillar_content":false,"robots_default":true,"robots_noindex":false,"robots_noarchive":false,"robots_nosnippet":false,"robots_nofollow":false,"robots_noimageindex":false,"robots_noodp":false,"robots_notranslate":false,"robots_max_snippet":null,"robots_max_videopreview":null,"robots_max_imagepreview":"large","priority":null,"frequency":null,"location":null,"local_seo":null,"seo_analyzer_scan_date":"2025-08-28 10:59:18","breadcrumb_settings":null,"limit_modified_date":false,"reviewed_by":null,"open_ai":null,"ai":null,"created":"2020-12-21 11:39:04","updated":"2025-08-28 10:59:18"},"aioseo_breadcrumb":"<div class=\"aioseo-breadcrumbs\"><span class=\"aioseo-breadcrumb\">\n\t<a href=\"https:\/\/candas365.es\/noticias\" title=\"Home\">Home<\/a>\n<\/span><span class=\"aioseo-breadcrumb-separator\">&ndash;<\/span><span class=\"aioseo-breadcrumb\">\n\t<a href=\"https:\/\/candas365.es\/noticias\/category\/noticias-carreno\/\" title=\"Noticias Carre\u00f1o\">Noticias Carre\u00f1o<\/a>\n<\/span><span class=\"aioseo-breadcrumb-separator\">&ndash;<\/span><span class=\"aioseo-breadcrumb\">\n\tFinaliza el primer curso Agricultura Ecol\u00f3gica celebrado en Carre\u00f1o\n<\/span><\/div>","aioseo_breadcrumb_json":[{"label":"Home","link":"https:\/\/candas365.es\/noticias"},{"label":"Noticias Carre\u00f1o","link":"https:\/\/candas365.es\/noticias\/category\/noticias-carreno\/"},{"label":"Finaliza el primer curso Agricultura Ecol\u00f3gica celebrado en Carre\u00f1o","link":"https:\/\/candas365.es\/noticias\/finaliza-el-primer-curso-agricultura-ecologica-celebrado-en-carreno\/"}],"_links":{"self":[{"href":"https:\/\/candas365.es\/noticias\/wp-json\/wp\/v2\/posts\/109854","targetHints":{"allow":["GET"]}}],"collection":[{"href":"https:\/\/candas365.es\/noticias\/wp-json\/wp\/v2\/posts"}],"about":[{"href":"https:\/\/candas365.es\/noticias\/wp-json\/wp\/v2\/types\/post"}],"author":[{"embeddable":true,"href":"https:\/\/candas365.es\/noticias\/wp-json\/wp\/v2\/users\/1"}],"replies":[{"embeddable":true,"href":"https:\/\/candas365.es\/noticias\/wp-json\/wp\/v2\/comments?post=109854"}],"version-history":[{"count":0,"href":"https:\/\/candas365.es\/noticias\/wp-json\/wp\/v2\/posts\/109854\/revisions"}],"wp:featuredmedia":[{"embeddable":true,"href":"https:\/\/candas365.es\/noticias\/wp-json\/wp\/v2\/media\/109855"}],"wp:attachment":[{"href":"https:\/\/candas365.es\/noticias\/wp-json\/wp\/v2\/media?parent=109854"}],"wp:term":[{"taxonomy":"category","embeddable":true,"href":"https:\/\/candas365.es\/noticias\/wp-json\/wp\/v2\/categories?post=109854"},{"taxonomy":"post_tag","embeddable":true,"href":"https:\/\/candas365.es\/noticias\/wp-json\/wp\/v2\/tags?post=109854"}],"curies":[{"name":"wp","href":"https:\/\/api.w.org\/{rel}","templated":true}]}}