{"id":109845,"date":"2018-11-14T09:54:11","date_gmt":"2018-11-14T09:54:11","guid":{"rendered":"http:\/\/candas365.es\/noticias\/?p=109845"},"modified":"2018-11-14T09:54:11","modified_gmt":"2018-11-14T09:54:11","slug":"el-real-madrid-confirma-a-solari-hasta-2021","status":"publish","type":"post","link":"https:\/\/candas365.es\/noticias\/el-real-madrid-confirma-a-solari-hasta-2021\/","title":{"rendered":"El Real Madrid confirma a Solari hasta 2021"},"content":{"rendered":"<p><img fetchpriority=\"high\" decoding=\"async\" class=\"alignleft size-medium wp-image-94788\" src=\"https:\/\/candas365.es\/noticias\/wp-content\/uploads\/2018\/04\/stadium-1813343_960_720-360x239.jpg\" alt=\"\" width=\"360\" height=\"239\" srcset=\"https:\/\/candas365.es\/noticias\/wp-content\/uploads\/2018\/04\/stadium-1813343_960_720-360x239.jpg 360w, https:\/\/candas365.es\/noticias\/wp-content\/uploads\/2018\/04\/stadium-1813343_960_720-768x510.jpg 768w, https:\/\/candas365.es\/noticias\/wp-content\/uploads\/2018\/04\/stadium-1813343_960_720-655x435.jpg 655w, https:\/\/candas365.es\/noticias\/wp-content\/uploads\/2018\/04\/stadium-1813343_960_720-696x463.jpg 696w, https:\/\/candas365.es\/noticias\/wp-content\/uploads\/2018\/04\/stadium-1813343_960_720-632x420.jpg 632w, https:\/\/candas365.es\/noticias\/wp-content\/uploads\/2018\/04\/stadium-1813343_960_720.jpg 960w\" sizes=\"(max-width: 360px) 100vw, 360px\" \/>Madrid, 13 nov (dpa) &#8211; El Real Madrid confirm\u00f3 hoy al entrenador argentino Santiago Solari hasta 2021 despu\u00e9s de una reuni\u00f3n de su junta directiva, seg\u00fan inform\u00f3 el club blanco en un comunicado.<\/p>\n<p>\u00abLa Junta Directiva del Real Madrid C. F., reunida hoy 13 de noviembre de 2018, ha acordado el nombramiento de Santiago Solari como entrenador del primer equipo hasta el 30 de junio de 2021\u00bb, afirm\u00f3 el breve escrito de la entidad blanca.<\/p>\n<p>Aunque se daba por segura la revisi\u00f3n del contrato de Solari, hasta hace dos semanas entrenador del filial, nadie contaba con una prolongaci\u00f3n por dos temporadas m\u00e1s.<\/p>\n<p>Las noticias en el Real Madrid vuelan a tal velocidad que es dif\u00edcil digerirlas: si hace apenas 15 d\u00edas Julen Lopetegui era su entrenador y Solari segu\u00eda acumulando experiencia como t\u00e9cnico del Casilla en la tercera categor\u00eda del f\u00fatbol espa\u00f1ol, hoy el espa\u00f1ol busca equipo y el argentino tiene amplios galones de mando al frente del campe\u00f3n de Europa.<\/p>\n<p>A sus 42 a\u00f1os, Solari afronta su primera expriencia en un banquillo de elite, y nada menos que en el Real Madrid. La oportunidad le lleg\u00f3 seguramente mucho antes de lo que so\u00f1aba, pero ya la tiene.<\/p>\n<p>El argentino accedi\u00f3 al banquillo del primer equipo el 29 de octubre, cuando Lopetegui fue despedido al d\u00eda siguiente de perder 5-1 con el Barcelona en el Camp Nou.<\/p>\n<p>Seg\u00fan anunci\u00f3 el Real Madrid, Solari se hac\u00eda cargo del equipo \u00abinterinamente\u00bb mientras el club buscaba un sustituto de cierto prestigio. No lo encontr\u00f3 y a cambio el trabajo del \u00abinterino\u00bb gust\u00f3 a sus directivos. Tanto es as\u00ed que lo han confirmado hasta 2021.<\/p>\n","protected":false},"excerpt":{"rendered":"<p>Madrid, 13 nov (dpa) &#8211; El Real Madrid confirm\u00f3 hoy al entrenador argentino Santiago Solari hasta 2021 despu\u00e9s de una reuni\u00f3n de su junta directiva, seg\u00fan inform\u00f3 el club blanco en un comunicado. \u00abLa Junta Directiva del Real Madrid C. F., reunida hoy 13 de noviembre de 2018, ha acordado el nombramiento de Santiago Solari<\/p>\n","protected":false},"author":1,"featured_media":94788,"comment_status":"closed","ping_status":"closed","sticky":false,"template":"","format":"standard","meta":{"footnotes":""},"categories":[319],"tags":[],"class_list":{"0":"post-109845","1":"post","2":"type-post","3":"status-publish","4":"format-standard","5":"has-post-thumbnail","7":"category-deporte"},"aioseo_notices":[],"aioseo_head":"\n\t\t<!-- All in One SEO Pro 4.9.6.2 - aioseo.com -->\n\t<meta name=\"description\" content=\"Madrid, 13 nov (dpa) - El Real Madrid confirm\u00f3 hoy al entrenador argentino Santiago Solari hasta 2021 despu\u00e9s de una reuni\u00f3n de su junta directiva, seg\u00fan inform\u00f3 el club blanco en un comunicado. &quot;La Junta Directiva del Real Madrid C. F., reunida hoy 13 de noviembre de 2018, ha acordado el nombramiento de Santiago Solari\" \/>\n\t<meta name=\"robots\" content=\"max-image-preview:large\" \/>\n\t<meta name=\"author\" content=\"Cand\u00e1s 365\"\/>\n\t<meta name=\"google-site-verification\" content=\"UA-32230408-1\" \/>\n\t<meta name=\"msvalidate.01\" content=\"354F3CDFB2DA171B47FBE9ABF1F88D5\" \/>\n\t<meta name=\"keywords\" content=\"deporte\" \/>\n\t<link rel=\"canonical\" href=\"https:\/\/candas365.es\/noticias\/el-real-madrid-confirma-a-solari-hasta-2021\/\" \/>\n\t<meta name=\"generator\" content=\"All in One SEO Pro (AIOSEO) 4.9.6.2\" \/>\n\t\t<meta property=\"og:locale\" content=\"es_ES\" \/>\n\t\t<meta property=\"og:site_name\" content=\"Cand\u00e1s 365\" \/>\n\t\t<meta property=\"og:type\" content=\"article\" \/>\n\t\t<meta property=\"og:title\" content=\"El Real Madrid confirma a Solari hasta 2021 | Cand\u00e1s 365\" \/>\n\t\t<meta property=\"og:description\" content=\"Madrid, 13 nov (dpa) - El Real Madrid confirm\u00f3 hoy al entrenador argentino Santiago Solari hasta 2021 despu\u00e9s de una reuni\u00f3n de su junta directiva, seg\u00fan inform\u00f3 el club blanco en un comunicado. &quot;La Junta Directiva del Real Madrid C. F., reunida hoy 13 de noviembre de 2018, ha acordado el nombramiento de Santiago Solari\" \/>\n\t\t<meta property=\"og:url\" content=\"https:\/\/candas365.es\/noticias\/el-real-madrid-confirma-a-solari-hasta-2021\/\" \/>\n\t\t<meta property=\"og:image\" content=\"https:\/\/candas365.es\/noticias\/wp-content\/uploads\/2018\/04\/stadium-1813343_960_720.jpg\" \/>\n\t\t<meta property=\"og:image:secure_url\" content=\"https:\/\/candas365.es\/noticias\/wp-content\/uploads\/2018\/04\/stadium-1813343_960_720.jpg\" \/>\n\t\t<meta property=\"og:image:width\" content=\"960\" \/>\n\t\t<meta property=\"og:image:height\" content=\"638\" \/>\n\t\t<meta property=\"article:published_time\" content=\"2018-11-14T09:54:11+00:00\" \/>\n\t\t<meta property=\"article:modified_time\" content=\"2018-11-14T09:54:11+00:00\" \/>\n\t\t<meta property=\"article:publisher\" content=\"https:\/\/www.facebook.com\/Nachofdezber\" \/>\n\t\t<meta property=\"article:author\" content=\"https:\/\/www.facebook.com\/carrenoactualidad\" \/>\n\t\t<meta name=\"twitter:card\" content=\"summary_large_image\" \/>\n\t\t<meta name=\"twitter:site\" content=\"@NabercoDigital\" \/>\n\t\t<meta name=\"twitter:title\" content=\"El Real Madrid confirma a Solari hasta 2021 | Cand\u00e1s 365\" \/>\n\t\t<meta name=\"twitter:description\" content=\"Madrid, 13 nov (dpa) - El Real Madrid confirm\u00f3 hoy al entrenador argentino Santiago Solari hasta 2021 despu\u00e9s de una reuni\u00f3n de su junta directiva, seg\u00fan inform\u00f3 el club blanco en un comunicado. &quot;La Junta Directiva del Real Madrid C. F., reunida hoy 13 de noviembre de 2018, ha acordado el nombramiento de Santiago Solari\" \/>\n\t\t<meta name=\"twitter:creator\" content=\"@nbasturias\" \/>\n\t\t<meta name=\"twitter:image\" content=\"https:\/\/candas365.es\/noticias\/wp-content\/uploads\/2018\/04\/stadium-1813343_960_720.jpg\" \/>\n\t\t<meta name=\"twitter:label1\" content=\"Escrito por\" \/>\n\t\t<meta name=\"twitter:data1\" content=\"Cand\u00e1s 365\" \/>\n\t\t<meta name=\"twitter:label2\" content=\"Tiempo de lectura estimado\" \/>\n\t\t<meta name=\"twitter:data2\" content=\"1 minuto\" \/>\n\t\t<script type=\"application\/ld+json\" class=\"aioseo-schema\">\n\t\t\t{\"@context\":\"https:\\\/\\\/schema.org\",\"@graph\":[{\"@type\":\"BreadcrumbList\",\"@id\":\"https:\\\/\\\/candas365.es\\\/noticias\\\/el-real-madrid-confirma-a-solari-hasta-2021\\\/#breadcrumblist\",\"itemListElement\":[{\"@type\":\"ListItem\",\"@id\":\"https:\\\/\\\/candas365.es\\\/noticias#listItem\",\"position\":1,\"name\":\"Home\",\"item\":\"https:\\\/\\\/candas365.es\\\/noticias\",\"nextItem\":{\"@type\":\"ListItem\",\"@id\":\"https:\\\/\\\/candas365.es\\\/noticias\\\/category\\\/deporte\\\/#listItem\",\"name\":\"Deporte\"}},{\"@type\":\"ListItem\",\"@id\":\"https:\\\/\\\/candas365.es\\\/noticias\\\/category\\\/deporte\\\/#listItem\",\"position\":2,\"name\":\"Deporte\",\"item\":\"https:\\\/\\\/candas365.es\\\/noticias\\\/category\\\/deporte\\\/\",\"nextItem\":{\"@type\":\"ListItem\",\"@id\":\"https:\\\/\\\/candas365.es\\\/noticias\\\/el-real-madrid-confirma-a-solari-hasta-2021\\\/#listItem\",\"name\":\"El Real Madrid confirma a Solari hasta 2021\"},\"previousItem\":{\"@type\":\"ListItem\",\"@id\":\"https:\\\/\\\/candas365.es\\\/noticias#listItem\",\"name\":\"Home\"}},{\"@type\":\"ListItem\",\"@id\":\"https:\\\/\\\/candas365.es\\\/noticias\\\/el-real-madrid-confirma-a-solari-hasta-2021\\\/#listItem\",\"position\":3,\"name\":\"El Real Madrid confirma a Solari hasta 2021\",\"previousItem\":{\"@type\":\"ListItem\",\"@id\":\"https:\\\/\\\/candas365.es\\\/noticias\\\/category\\\/deporte\\\/#listItem\",\"name\":\"Deporte\"}}]},{\"@type\":\"NewsArticle\",\"@id\":\"https:\\\/\\\/candas365.es\\\/noticias\\\/el-real-madrid-confirma-a-solari-hasta-2021\\\/#newsarticle\",\"name\":\"El Real Madrid confirma a Solari hasta 2021 | Cand\\u00e1s 365\",\"headline\":\"El Real Madrid confirma a Solari hasta 2021\",\"author\":{\"@id\":\"https:\\\/\\\/candas365.es\\\/noticias\\\/author\\\/admin\\\/#author\"},\"publisher\":{\"@id\":\"https:\\\/\\\/candas365.es\\\/noticias\\\/#organization\"},\"image\":{\"@type\":\"ImageObject\",\"url\":\"https:\\\/\\\/candas365.es\\\/noticias\\\/wp-content\\\/uploads\\\/2018\\\/04\\\/stadium-1813343_960_720.jpg\",\"width\":960,\"height\":638},\"datePublished\":\"2018-11-14T09:54:11+01:00\",\"dateModified\":\"2018-11-14T09:54:11+01:00\",\"inLanguage\":\"es-ES\",\"mainEntityOfPage\":{\"@id\":\"https:\\\/\\\/candas365.es\\\/noticias\\\/el-real-madrid-confirma-a-solari-hasta-2021\\\/#webpage\"},\"isPartOf\":{\"@id\":\"https:\\\/\\\/candas365.es\\\/noticias\\\/el-real-madrid-confirma-a-solari-hasta-2021\\\/#webpage\"},\"articleSection\":\"Deporte\",\"dateline\":\"Publicado el noviembre 14, 2018.\"},{\"@type\":\"Organization\",\"@id\":\"https:\\\/\\\/candas365.es\\\/noticias\\\/#organization\",\"name\":\"Cand\\u00e1s 365\",\"description\":\"Cand\\u00e1s 365 es un diario digital independiente, fundado en 2012, con base en Asturias. Informamos con rigor sobre actualidad, sociedad, cultura y ocio, con una mirada local y global.\",\"url\":\"https:\\\/\\\/candas365.es\\\/noticias\\\/\",\"email\":\"info@candas365.es\",\"telephone\":\"+34652131393\",\"foundingDate\":\"2012-06-10\",\"logo\":{\"@type\":\"ImageObject\",\"url\":\"https:\\\/\\\/candas365.es\\\/noticias\\\/wp-content\\\/uploads\\\/2024\\\/09\\\/Candas-365-Redes.jpg\",\"@id\":\"https:\\\/\\\/candas365.es\\\/noticias\\\/el-real-madrid-confirma-a-solari-hasta-2021\\\/#organizationLogo\",\"width\":1152,\"height\":864,\"caption\":\"Cand\\u00e1s 365 Redes\"},\"image\":{\"@id\":\"https:\\\/\\\/candas365.es\\\/noticias\\\/el-real-madrid-confirma-a-solari-hasta-2021\\\/#organizationLogo\"},\"sameAs\":[\"https:\\\/\\\/www.facebook.com\\\/Nachofdezber\",\"https:\\\/\\\/x.com\\\/NabercoDigital\",\"https:\\\/\\\/www.instagram.com\\\/nachofdezber\\\/\",\"https:\\\/\\\/www.youtube.com\\\/channel\\\/UCZP-2wLEB9Rv6erhFmqVnvg\"],\"address\":{\"@id\":\"https:\\\/\\\/candas365.es\\\/noticias\\\/#postaladdress\",\"@type\":\"PostalAddress\",\"streetAddress\":\"san antonio 4, san antonio 4\",\"postalCode\":\"33430\",\"addressLocality\":\"Cand\\u00e1s\",\"addressRegion\":\"Asturias\",\"addressCountry\":\"ES\"}},{\"@type\":\"Person\",\"@id\":\"https:\\\/\\\/candas365.es\\\/noticias\\\/author\\\/admin\\\/#author\",\"url\":\"https:\\\/\\\/candas365.es\\\/noticias\\\/author\\\/admin\\\/\",\"name\":\"Cand\\u00e1s 365\",\"image\":{\"@type\":\"ImageObject\",\"@id\":\"https:\\\/\\\/candas365.es\\\/noticias\\\/el-real-madrid-confirma-a-solari-hasta-2021\\\/#authorImage\",\"url\":\"https:\\\/\\\/secure.gravatar.com\\\/avatar\\\/496a8e03d0c493ede1718b7934145dbdf8d89be1036b0eec9544e1094c9de390?s=96&d=mm&r=g\",\"width\":96,\"height\":96,\"caption\":\"Cand\\u00e1s 365\"},\"sameAs\":[\"https:\\\/\\\/www.facebook.com\\\/carrenoactualidad\",\"https:\\\/\\\/twitter.com\\\/nbasturias\",\"https:\\\/\\\/www.instagram.com\\\/nachofdezber\\\/\",\"https:\\\/\\\/www.youtube.com\\\/channel\\\/UCZP-2wLEB9Rv6erhFmqVnvg\"]},{\"@type\":\"WebPage\",\"@id\":\"https:\\\/\\\/candas365.es\\\/noticias\\\/el-real-madrid-confirma-a-solari-hasta-2021\\\/#webpage\",\"url\":\"https:\\\/\\\/candas365.es\\\/noticias\\\/el-real-madrid-confirma-a-solari-hasta-2021\\\/\",\"name\":\"El Real Madrid confirma a Solari hasta 2021 | Cand\\u00e1s 365\",\"description\":\"Madrid, 13 nov (dpa) - El Real Madrid confirm\\u00f3 hoy al entrenador argentino Santiago Solari hasta 2021 despu\\u00e9s de una reuni\\u00f3n de su junta directiva, seg\\u00fan inform\\u00f3 el club blanco en un comunicado. \\\"La Junta Directiva del Real Madrid C. F., reunida hoy 13 de noviembre de 2018, ha acordado el nombramiento de Santiago Solari\",\"inLanguage\":\"es-ES\",\"isPartOf\":{\"@id\":\"https:\\\/\\\/candas365.es\\\/noticias\\\/#website\"},\"breadcrumb\":{\"@id\":\"https:\\\/\\\/candas365.es\\\/noticias\\\/el-real-madrid-confirma-a-solari-hasta-2021\\\/#breadcrumblist\"},\"author\":{\"@id\":\"https:\\\/\\\/candas365.es\\\/noticias\\\/author\\\/admin\\\/#author\"},\"creator\":{\"@id\":\"https:\\\/\\\/candas365.es\\\/noticias\\\/author\\\/admin\\\/#author\"},\"image\":{\"@type\":\"ImageObject\",\"url\":\"https:\\\/\\\/candas365.es\\\/noticias\\\/wp-content\\\/uploads\\\/2018\\\/04\\\/stadium-1813343_960_720.jpg\",\"@id\":\"https:\\\/\\\/candas365.es\\\/noticias\\\/el-real-madrid-confirma-a-solari-hasta-2021\\\/#mainImage\",\"width\":960,\"height\":638},\"primaryImageOfPage\":{\"@id\":\"https:\\\/\\\/candas365.es\\\/noticias\\\/el-real-madrid-confirma-a-solari-hasta-2021\\\/#mainImage\"},\"datePublished\":\"2018-11-14T09:54:11+01:00\",\"dateModified\":\"2018-11-14T09:54:11+01:00\"},{\"@type\":\"WebSite\",\"@id\":\"https:\\\/\\\/candas365.es\\\/noticias\\\/#website\",\"url\":\"https:\\\/\\\/candas365.es\\\/noticias\\\/\",\"name\":\"Cand\\u00e1s 365\",\"alternateName\":\"Cand\\u00e1s 365 Noticias\",\"description\":\"Actualidad desde Carre\\u00f1o para el mundo\",\"inLanguage\":\"es-ES\",\"publisher\":{\"@id\":\"https:\\\/\\\/candas365.es\\\/noticias\\\/#organization\"}}]}\n\t\t<\/script>\n\t\t<!-- All in One SEO Pro -->\r\n\t\t<title>El Real Madrid confirma a Solari hasta 2021 | Cand\u00e1s 365<\/title>\n\n","aioseo_head_json":{"title":"El Real Madrid confirma a Solari hasta 2021 | Cand\u00e1s 365","description":"Madrid, 13 nov (dpa) - El Real Madrid confirm\u00f3 hoy al entrenador argentino Santiago Solari hasta 2021 despu\u00e9s de una reuni\u00f3n de su junta directiva, seg\u00fan inform\u00f3 el club blanco en un comunicado. \"La Junta Directiva del Real Madrid C. F., reunida hoy 13 de noviembre de 2018, ha acordado el nombramiento de Santiago Solari","canonical_url":"https:\/\/candas365.es\/noticias\/el-real-madrid-confirma-a-solari-hasta-2021\/","robots":"max-image-preview:large","keywords":"deporte","webmasterTools":{"google-site-verification":"UA-32230408-1","msvalidate.01":"354F3CDFB2DA171B47FBE9ABF1F88D5","miscellaneous":""},"schema":{"@context":"https:\/\/schema.org","@graph":[{"@type":"BreadcrumbList","@id":"https:\/\/candas365.es\/noticias\/el-real-madrid-confirma-a-solari-hasta-2021\/#breadcrumblist","itemListElement":[{"@type":"ListItem","@id":"https:\/\/candas365.es\/noticias#listItem","position":1,"name":"Home","item":"https:\/\/candas365.es\/noticias","nextItem":{"@type":"ListItem","@id":"https:\/\/candas365.es\/noticias\/category\/deporte\/#listItem","name":"Deporte"}},{"@type":"ListItem","@id":"https:\/\/candas365.es\/noticias\/category\/deporte\/#listItem","position":2,"name":"Deporte","item":"https:\/\/candas365.es\/noticias\/category\/deporte\/","nextItem":{"@type":"ListItem","@id":"https:\/\/candas365.es\/noticias\/el-real-madrid-confirma-a-solari-hasta-2021\/#listItem","name":"El Real Madrid confirma a Solari hasta 2021"},"previousItem":{"@type":"ListItem","@id":"https:\/\/candas365.es\/noticias#listItem","name":"Home"}},{"@type":"ListItem","@id":"https:\/\/candas365.es\/noticias\/el-real-madrid-confirma-a-solari-hasta-2021\/#listItem","position":3,"name":"El Real Madrid confirma a Solari hasta 2021","previousItem":{"@type":"ListItem","@id":"https:\/\/candas365.es\/noticias\/category\/deporte\/#listItem","name":"Deporte"}}]},{"@type":"NewsArticle","@id":"https:\/\/candas365.es\/noticias\/el-real-madrid-confirma-a-solari-hasta-2021\/#newsarticle","name":"El Real Madrid confirma a Solari hasta 2021 | Cand\u00e1s 365","headline":"El Real Madrid confirma a Solari hasta 2021","author":{"@id":"https:\/\/candas365.es\/noticias\/author\/admin\/#author"},"publisher":{"@id":"https:\/\/candas365.es\/noticias\/#organization"},"image":{"@type":"ImageObject","url":"https:\/\/candas365.es\/noticias\/wp-content\/uploads\/2018\/04\/stadium-1813343_960_720.jpg","width":960,"height":638},"datePublished":"2018-11-14T09:54:11+01:00","dateModified":"2018-11-14T09:54:11+01:00","inLanguage":"es-ES","mainEntityOfPage":{"@id":"https:\/\/candas365.es\/noticias\/el-real-madrid-confirma-a-solari-hasta-2021\/#webpage"},"isPartOf":{"@id":"https:\/\/candas365.es\/noticias\/el-real-madrid-confirma-a-solari-hasta-2021\/#webpage"},"articleSection":"Deporte","dateline":"Publicado el noviembre 14, 2018."},{"@type":"Organization","@id":"https:\/\/candas365.es\/noticias\/#organization","name":"Cand\u00e1s 365","description":"Cand\u00e1s 365 es un diario digital independiente, fundado en 2012, con base en Asturias. Informamos con rigor sobre actualidad, sociedad, cultura y ocio, con una mirada local y global.","url":"https:\/\/candas365.es\/noticias\/","email":"info@candas365.es","telephone":"+34652131393","foundingDate":"2012-06-10","logo":{"@type":"ImageObject","url":"https:\/\/candas365.es\/noticias\/wp-content\/uploads\/2024\/09\/Candas-365-Redes.jpg","@id":"https:\/\/candas365.es\/noticias\/el-real-madrid-confirma-a-solari-hasta-2021\/#organizationLogo","width":1152,"height":864,"caption":"Cand\u00e1s 365 Redes"},"image":{"@id":"https:\/\/candas365.es\/noticias\/el-real-madrid-confirma-a-solari-hasta-2021\/#organizationLogo"},"sameAs":["https:\/\/www.facebook.com\/Nachofdezber","https:\/\/x.com\/NabercoDigital","https:\/\/www.instagram.com\/nachofdezber\/","https:\/\/www.youtube.com\/channel\/UCZP-2wLEB9Rv6erhFmqVnvg"],"address":{"@id":"https:\/\/candas365.es\/noticias\/#postaladdress","@type":"PostalAddress","streetAddress":"san antonio 4, san antonio 4","postalCode":"33430","addressLocality":"Cand\u00e1s","addressRegion":"Asturias","addressCountry":"ES"}},{"@type":"Person","@id":"https:\/\/candas365.es\/noticias\/author\/admin\/#author","url":"https:\/\/candas365.es\/noticias\/author\/admin\/","name":"Cand\u00e1s 365","image":{"@type":"ImageObject","@id":"https:\/\/candas365.es\/noticias\/el-real-madrid-confirma-a-solari-hasta-2021\/#authorImage","url":"https:\/\/secure.gravatar.com\/avatar\/496a8e03d0c493ede1718b7934145dbdf8d89be1036b0eec9544e1094c9de390?s=96&d=mm&r=g","width":96,"height":96,"caption":"Cand\u00e1s 365"},"sameAs":["https:\/\/www.facebook.com\/carrenoactualidad","https:\/\/twitter.com\/nbasturias","https:\/\/www.instagram.com\/nachofdezber\/","https:\/\/www.youtube.com\/channel\/UCZP-2wLEB9Rv6erhFmqVnvg"]},{"@type":"WebPage","@id":"https:\/\/candas365.es\/noticias\/el-real-madrid-confirma-a-solari-hasta-2021\/#webpage","url":"https:\/\/candas365.es\/noticias\/el-real-madrid-confirma-a-solari-hasta-2021\/","name":"El Real Madrid confirma a Solari hasta 2021 | Cand\u00e1s 365","description":"Madrid, 13 nov (dpa) - El Real Madrid confirm\u00f3 hoy al entrenador argentino Santiago Solari hasta 2021 despu\u00e9s de una reuni\u00f3n de su junta directiva, seg\u00fan inform\u00f3 el club blanco en un comunicado. \"La Junta Directiva del Real Madrid C. F., reunida hoy 13 de noviembre de 2018, ha acordado el nombramiento de Santiago Solari","inLanguage":"es-ES","isPartOf":{"@id":"https:\/\/candas365.es\/noticias\/#website"},"breadcrumb":{"@id":"https:\/\/candas365.es\/noticias\/el-real-madrid-confirma-a-solari-hasta-2021\/#breadcrumblist"},"author":{"@id":"https:\/\/candas365.es\/noticias\/author\/admin\/#author"},"creator":{"@id":"https:\/\/candas365.es\/noticias\/author\/admin\/#author"},"image":{"@type":"ImageObject","url":"https:\/\/candas365.es\/noticias\/wp-content\/uploads\/2018\/04\/stadium-1813343_960_720.jpg","@id":"https:\/\/candas365.es\/noticias\/el-real-madrid-confirma-a-solari-hasta-2021\/#mainImage","width":960,"height":638},"primaryImageOfPage":{"@id":"https:\/\/candas365.es\/noticias\/el-real-madrid-confirma-a-solari-hasta-2021\/#mainImage"},"datePublished":"2018-11-14T09:54:11+01:00","dateModified":"2018-11-14T09:54:11+01:00"},{"@type":"WebSite","@id":"https:\/\/candas365.es\/noticias\/#website","url":"https:\/\/candas365.es\/noticias\/","name":"Cand\u00e1s 365","alternateName":"Cand\u00e1s 365 Noticias","description":"Actualidad desde Carre\u00f1o para el mundo","inLanguage":"es-ES","publisher":{"@id":"https:\/\/candas365.es\/noticias\/#organization"}}]},"og:locale":"es_ES","og:site_name":"Cand\u00e1s 365","og:type":"article","og:title":"El Real Madrid confirma a Solari hasta 2021 | Cand\u00e1s 365","og:description":"Madrid, 13 nov (dpa) - El Real Madrid confirm\u00f3 hoy al entrenador argentino Santiago Solari hasta 2021 despu\u00e9s de una reuni\u00f3n de su junta directiva, seg\u00fan inform\u00f3 el club blanco en un comunicado. &quot;La Junta Directiva del Real Madrid C. F., reunida hoy 13 de noviembre de 2018, ha acordado el nombramiento de Santiago Solari","og:url":"https:\/\/candas365.es\/noticias\/el-real-madrid-confirma-a-solari-hasta-2021\/","og:image":"https:\/\/candas365.es\/noticias\/wp-content\/uploads\/2018\/04\/stadium-1813343_960_720.jpg","og:image:secure_url":"https:\/\/candas365.es\/noticias\/wp-content\/uploads\/2018\/04\/stadium-1813343_960_720.jpg","og:image:width":960,"og:image:height":638,"article:published_time":"2018-11-14T09:54:11+00:00","article:modified_time":"2018-11-14T09:54:11+00:00","article:publisher":"https:\/\/www.facebook.com\/Nachofdezber","article:author":"https:\/\/www.facebook.com\/carrenoactualidad","twitter:card":"summary_large_image","twitter:site":"@NabercoDigital","twitter:title":"El Real Madrid confirma a Solari hasta 2021 | Cand\u00e1s 365","twitter:description":"Madrid, 13 nov (dpa) - El Real Madrid confirm\u00f3 hoy al entrenador argentino Santiago Solari hasta 2021 despu\u00e9s de una reuni\u00f3n de su junta directiva, seg\u00fan inform\u00f3 el club blanco en un comunicado. &quot;La Junta Directiva del Real Madrid C. F., reunida hoy 13 de noviembre de 2018, ha acordado el nombramiento de Santiago Solari","twitter:creator":"@nbasturias","twitter:image":"https:\/\/candas365.es\/noticias\/wp-content\/uploads\/2018\/04\/stadium-1813343_960_720.jpg","twitter:label1":"Escrito por","twitter:data1":"Cand\u00e1s 365","twitter:label2":"Tiempo de lectura estimado","twitter:data2":"1 minuto"},"aioseo_meta_data":{"post_id":"109845","title":null,"description":null,"keywords":null,"keyphrases":null,"primary_term":null,"canonical_url":null,"og_title":null,"og_description":null,"og_object_type":"default","og_image_type":"default","og_image_url":null,"og_image_width":null,"og_image_height":null,"og_image_custom_url":null,"og_image_custom_fields":null,"og_video":null,"og_custom_url":null,"og_article_section":null,"og_article_tags":null,"twitter_use_og":false,"twitter_card":"default","twitter_image_type":"default","twitter_image_url":null,"twitter_image_custom_url":null,"twitter_image_custom_fields":null,"twitter_title":null,"twitter_description":null,"schema":{"blockGraphs":[],"customGraphs":[],"default":{"data":{"Article":[],"Course":[],"Dataset":[],"FAQPage":[],"Movie":[],"Person":[],"Product":[],"ProductReview":[],"Car":[],"Recipe":[],"Service":[],"SoftwareApplication":[],"WebPage":[]},"graphName":"","isEnabled":true},"graphs":[]},"schema_type":null,"schema_type_options":null,"pillar_content":false,"robots_default":true,"robots_noindex":false,"robots_noarchive":false,"robots_nosnippet":false,"robots_nofollow":false,"robots_noimageindex":false,"robots_noodp":false,"robots_notranslate":false,"robots_max_snippet":null,"robots_max_videopreview":null,"robots_max_imagepreview":"large","priority":null,"frequency":null,"location":null,"local_seo":null,"seo_analyzer_scan_date":"2025-08-28 10:57:37","breadcrumb_settings":null,"limit_modified_date":false,"reviewed_by":null,"open_ai":null,"ai":null,"created":"2020-12-21 11:39:04","updated":"2025-08-28 10:57:37"},"aioseo_breadcrumb":"<div class=\"aioseo-breadcrumbs\"><span class=\"aioseo-breadcrumb\">\n\t<a href=\"https:\/\/candas365.es\/noticias\" title=\"Home\">Home<\/a>\n<\/span><span class=\"aioseo-breadcrumb-separator\">&ndash;<\/span><span class=\"aioseo-breadcrumb\">\n\t<a href=\"https:\/\/candas365.es\/noticias\/category\/deporte\/\" title=\"Deporte\">Deporte<\/a>\n<\/span><span class=\"aioseo-breadcrumb-separator\">&ndash;<\/span><span class=\"aioseo-breadcrumb\">\n\tEl Real Madrid confirma a Solari hasta 2021\n<\/span><\/div>","aioseo_breadcrumb_json":[{"label":"Home","link":"https:\/\/candas365.es\/noticias"},{"label":"Deporte","link":"https:\/\/candas365.es\/noticias\/category\/deporte\/"},{"label":"El Real Madrid confirma a Solari hasta 2021","link":"https:\/\/candas365.es\/noticias\/el-real-madrid-confirma-a-solari-hasta-2021\/"}],"_links":{"self":[{"href":"https:\/\/candas365.es\/noticias\/wp-json\/wp\/v2\/posts\/109845","targetHints":{"allow":["GET"]}}],"collection":[{"href":"https:\/\/candas365.es\/noticias\/wp-json\/wp\/v2\/posts"}],"about":[{"href":"https:\/\/candas365.es\/noticias\/wp-json\/wp\/v2\/types\/post"}],"author":[{"embeddable":true,"href":"https:\/\/candas365.es\/noticias\/wp-json\/wp\/v2\/users\/1"}],"replies":[{"embeddable":true,"href":"https:\/\/candas365.es\/noticias\/wp-json\/wp\/v2\/comments?post=109845"}],"version-history":[{"count":0,"href":"https:\/\/candas365.es\/noticias\/wp-json\/wp\/v2\/posts\/109845\/revisions"}],"wp:featuredmedia":[{"embeddable":true,"href":"https:\/\/candas365.es\/noticias\/wp-json\/wp\/v2\/media\/94788"}],"wp:attachment":[{"href":"https:\/\/candas365.es\/noticias\/wp-json\/wp\/v2\/media?parent=109845"}],"wp:term":[{"taxonomy":"category","embeddable":true,"href":"https:\/\/candas365.es\/noticias\/wp-json\/wp\/v2\/categories?post=109845"},{"taxonomy":"post_tag","embeddable":true,"href":"https:\/\/candas365.es\/noticias\/wp-json\/wp\/v2\/tags?post=109845"}],"curies":[{"name":"wp","href":"https:\/\/api.w.org\/{rel}","templated":true}]}}