{"id":109826,"date":"2018-11-14T08:10:46","date_gmt":"2018-11-14T08:10:46","guid":{"rendered":"http:\/\/candas365.es\/noticias\/?p=109826"},"modified":"2018-11-14T08:10:46","modified_gmt":"2018-11-14T08:10:46","slug":"alemania-comienza-los-entrenamientos-sin-reus","status":"publish","type":"post","link":"https:\/\/candas365.es\/noticias\/alemania-comienza-los-entrenamientos-sin-reus\/","title":{"rendered":"Alemania comienza los entrenamientos sin Reus"},"content":{"rendered":"<p><img fetchpriority=\"high\" decoding=\"async\" class=\"alignleft size-medium wp-image-38927\" src=\"https:\/\/candas365.es\/noticias\/wp-content\/uploads\/2016\/12\/low-360x267.jpg\" alt=\"\" width=\"360\" height=\"267\" srcset=\"https:\/\/candas365.es\/noticias\/wp-content\/uploads\/2016\/12\/low-360x267.jpg 360w, https:\/\/candas365.es\/noticias\/wp-content\/uploads\/2016\/12\/low-648x480.jpg 648w, https:\/\/candas365.es\/noticias\/wp-content\/uploads\/2016\/12\/low-768x569.jpg 768w, https:\/\/candas365.es\/noticias\/wp-content\/uploads\/2016\/12\/low-150x111.jpg 150w, https:\/\/candas365.es\/noticias\/wp-content\/uploads\/2016\/12\/low-450x334.jpg 450w, https:\/\/candas365.es\/noticias\/wp-content\/uploads\/2016\/12\/low-485x360.jpg 485w, https:\/\/candas365.es\/noticias\/wp-content\/uploads\/2016\/12\/low-80x60.jpg 80w, https:\/\/candas365.es\/noticias\/wp-content\/uploads\/2016\/12\/low-265x198.jpg 265w, https:\/\/candas365.es\/noticias\/wp-content\/uploads\/2016\/12\/low-696x516.jpg 696w, https:\/\/candas365.es\/noticias\/wp-content\/uploads\/2016\/12\/low-567x420.jpg 567w, https:\/\/candas365.es\/noticias\/wp-content\/uploads\/2016\/12\/low-338x250.jpg 338w, https:\/\/candas365.es\/noticias\/wp-content\/uploads\/2016\/12\/low-90x67.jpg 90w, https:\/\/candas365.es\/noticias\/wp-content\/uploads\/2016\/12\/low.jpg 800w\" sizes=\"(max-width: 360px) 100vw, 360px\" \/>Leipzig (Alemania), 13 nov (dpa) &#8211; Marco Reus no pudo participar hoy en el primer entrenamiento de la selecci\u00f3n alemana de f\u00fatbol de cara al amistoso ante Rusia este jueves y el duelo ante Holanda por la Liga de Naciones el pr\u00f3ximo lunes.<\/p>\n<p>De acuerdo con la Federaci\u00f3n Alemana de F\u00fatbol (DFB), el jugador del Borussia Dortmund, que el s\u00e1bado anot\u00f3 un doblete ante el Bayern M\u00fanich en la Bundesliga, est\u00e1 recuper\u00e1ndose de una contusi\u00f3n en el pie.<\/p>\n<p>De momento no est\u00e1 claro si su participaci\u00f3n en los dos encuentros internacionales corre peligro.<\/p>\n<p>Al dar a conocer la lista de convocados para estos partidos el pasado viernes, el seleccionador alem\u00e1n, Joachim L\u00f6w, alab\u00f3 el buen estado de forma del jugador de 29 a\u00f1os.<\/p>\n<p>\u00abPor supuesto que estoy contento por Marco, de que por fin haya vuelto a una fase fuerte con el Borussia Dortmund. En este estado tambi\u00e9n puede suponer de gran ayuda para la selecci\u00f3n\u00bb, declar\u00f3.<\/p>\n<p>Durante el entrenamiento de hoy, L\u00f6w cont\u00f3 con 17 jugadores de campo y tres porteros en el predio del Leipzig, donde recibir\u00e1 el jueves a la selecci\u00f3n rusa. Cuatro d\u00edas despu\u00e9s, en Gelsenkirchen, recibe a Holanda.<\/p>\n<p>Alemania est\u00e1 \u00faltima en su grupo de la Liga de Naciones con apenas un punto despu\u00e9s de tres partidos. Francia cuenta con siete unidades, mientras que Holanda es segunda con tres. El primero se clasifica a una \u00abfinal four\u00bb, mientras que el \u00faltimo desciende de categor\u00eda.<\/p>\n<p>Para evitar el descenso a la segunda divisi\u00f3n de la Liga de Naciones, la \u00abMannschaft\u00bb necesita primero que Holanda empate o pierda el 16 de noviembre con Francia. Y despu\u00e9s, vencer a Holanda.<\/p>\n","protected":false},"excerpt":{"rendered":"<p>Leipzig (Alemania), 13 nov (dpa) &#8211; Marco Reus no pudo participar hoy en el primer entrenamiento de la selecci\u00f3n alemana de f\u00fatbol de cara al amistoso ante Rusia este jueves y el duelo ante Holanda por la Liga de Naciones el pr\u00f3ximo lunes. De acuerdo con la Federaci\u00f3n Alemana de F\u00fatbol (DFB), el jugador del<\/p>\n","protected":false},"author":1,"featured_media":38927,"comment_status":"closed","ping_status":"closed","sticky":false,"template":"","format":"standard","meta":{"footnotes":""},"categories":[319],"tags":[],"class_list":{"0":"post-109826","1":"post","2":"type-post","3":"status-publish","4":"format-standard","5":"has-post-thumbnail","7":"category-deporte"},"aioseo_notices":[],"aioseo_head":"\n\t\t<!-- All in One SEO Pro 4.9.6.2 - aioseo.com -->\n\t<meta name=\"description\" content=\"Leipzig (Alemania), 13 nov (dpa) - Marco Reus no pudo participar hoy en el primer entrenamiento de la selecci\u00f3n alemana de f\u00fatbol de cara al amistoso ante Rusia este jueves y el duelo ante Holanda por la Liga de Naciones el pr\u00f3ximo lunes. De acuerdo con la Federaci\u00f3n Alemana de F\u00fatbol (DFB), el jugador del\" \/>\n\t<meta name=\"robots\" content=\"max-image-preview:large\" \/>\n\t<meta name=\"author\" content=\"Cand\u00e1s 365\"\/>\n\t<meta name=\"google-site-verification\" content=\"UA-32230408-1\" \/>\n\t<meta name=\"msvalidate.01\" content=\"354F3CDFB2DA171B47FBE9ABF1F88D5\" \/>\n\t<meta name=\"keywords\" content=\"deporte\" \/>\n\t<link rel=\"canonical\" href=\"https:\/\/candas365.es\/noticias\/alemania-comienza-los-entrenamientos-sin-reus\/\" \/>\n\t<meta name=\"generator\" content=\"All in One SEO Pro (AIOSEO) 4.9.6.2\" \/>\n\t\t<meta property=\"og:locale\" content=\"es_ES\" \/>\n\t\t<meta property=\"og:site_name\" content=\"Cand\u00e1s 365\" \/>\n\t\t<meta property=\"og:type\" content=\"article\" \/>\n\t\t<meta property=\"og:title\" content=\"Alemania comienza los entrenamientos sin Reus | Cand\u00e1s 365\" \/>\n\t\t<meta property=\"og:description\" content=\"Leipzig (Alemania), 13 nov (dpa) - Marco Reus no pudo participar hoy en el primer entrenamiento de la selecci\u00f3n alemana de f\u00fatbol de cara al amistoso ante Rusia este jueves y el duelo ante Holanda por la Liga de Naciones el pr\u00f3ximo lunes. De acuerdo con la Federaci\u00f3n Alemana de F\u00fatbol (DFB), el jugador del\" \/>\n\t\t<meta property=\"og:url\" content=\"https:\/\/candas365.es\/noticias\/alemania-comienza-los-entrenamientos-sin-reus\/\" \/>\n\t\t<meta property=\"og:image\" content=\"https:\/\/candas365.es\/noticias\/wp-content\/uploads\/2016\/12\/low.jpg\" \/>\n\t\t<meta property=\"og:image:secure_url\" content=\"https:\/\/candas365.es\/noticias\/wp-content\/uploads\/2016\/12\/low.jpg\" \/>\n\t\t<meta property=\"og:image:width\" content=\"800\" \/>\n\t\t<meta property=\"og:image:height\" content=\"593\" \/>\n\t\t<meta property=\"article:published_time\" content=\"2018-11-14T08:10:46+00:00\" \/>\n\t\t<meta property=\"article:modified_time\" content=\"2018-11-14T08:10:46+00:00\" \/>\n\t\t<meta property=\"article:publisher\" content=\"https:\/\/www.facebook.com\/Nachofdezber\" \/>\n\t\t<meta property=\"article:author\" content=\"https:\/\/www.facebook.com\/carrenoactualidad\" \/>\n\t\t<meta name=\"twitter:card\" content=\"summary_large_image\" \/>\n\t\t<meta name=\"twitter:site\" content=\"@NabercoDigital\" \/>\n\t\t<meta name=\"twitter:title\" content=\"Alemania comienza los entrenamientos sin Reus | Cand\u00e1s 365\" \/>\n\t\t<meta name=\"twitter:description\" content=\"Leipzig (Alemania), 13 nov (dpa) - Marco Reus no pudo participar hoy en el primer entrenamiento de la selecci\u00f3n alemana de f\u00fatbol de cara al amistoso ante Rusia este jueves y el duelo ante Holanda por la Liga de Naciones el pr\u00f3ximo lunes. De acuerdo con la Federaci\u00f3n Alemana de F\u00fatbol (DFB), el jugador del\" \/>\n\t\t<meta name=\"twitter:creator\" content=\"@nbasturias\" \/>\n\t\t<meta name=\"twitter:image\" content=\"https:\/\/candas365.es\/noticias\/wp-content\/uploads\/2016\/12\/low.jpg\" \/>\n\t\t<meta name=\"twitter:label1\" content=\"Escrito por\" \/>\n\t\t<meta name=\"twitter:data1\" content=\"Cand\u00e1s 365\" \/>\n\t\t<meta name=\"twitter:label2\" content=\"Tiempo de lectura estimado\" \/>\n\t\t<meta name=\"twitter:data2\" content=\"1 minuto\" \/>\n\t\t<script type=\"application\/ld+json\" class=\"aioseo-schema\">\n\t\t\t{\"@context\":\"https:\\\/\\\/schema.org\",\"@graph\":[{\"@type\":\"BreadcrumbList\",\"@id\":\"https:\\\/\\\/candas365.es\\\/noticias\\\/alemania-comienza-los-entrenamientos-sin-reus\\\/#breadcrumblist\",\"itemListElement\":[{\"@type\":\"ListItem\",\"@id\":\"https:\\\/\\\/candas365.es\\\/noticias#listItem\",\"position\":1,\"name\":\"Home\",\"item\":\"https:\\\/\\\/candas365.es\\\/noticias\",\"nextItem\":{\"@type\":\"ListItem\",\"@id\":\"https:\\\/\\\/candas365.es\\\/noticias\\\/category\\\/deporte\\\/#listItem\",\"name\":\"Deporte\"}},{\"@type\":\"ListItem\",\"@id\":\"https:\\\/\\\/candas365.es\\\/noticias\\\/category\\\/deporte\\\/#listItem\",\"position\":2,\"name\":\"Deporte\",\"item\":\"https:\\\/\\\/candas365.es\\\/noticias\\\/category\\\/deporte\\\/\",\"nextItem\":{\"@type\":\"ListItem\",\"@id\":\"https:\\\/\\\/candas365.es\\\/noticias\\\/alemania-comienza-los-entrenamientos-sin-reus\\\/#listItem\",\"name\":\"Alemania comienza los entrenamientos sin Reus\"},\"previousItem\":{\"@type\":\"ListItem\",\"@id\":\"https:\\\/\\\/candas365.es\\\/noticias#listItem\",\"name\":\"Home\"}},{\"@type\":\"ListItem\",\"@id\":\"https:\\\/\\\/candas365.es\\\/noticias\\\/alemania-comienza-los-entrenamientos-sin-reus\\\/#listItem\",\"position\":3,\"name\":\"Alemania comienza los entrenamientos sin Reus\",\"previousItem\":{\"@type\":\"ListItem\",\"@id\":\"https:\\\/\\\/candas365.es\\\/noticias\\\/category\\\/deporte\\\/#listItem\",\"name\":\"Deporte\"}}]},{\"@type\":\"NewsArticle\",\"@id\":\"https:\\\/\\\/candas365.es\\\/noticias\\\/alemania-comienza-los-entrenamientos-sin-reus\\\/#newsarticle\",\"name\":\"Alemania comienza los entrenamientos sin Reus | Cand\\u00e1s 365\",\"headline\":\"Alemania comienza los entrenamientos sin Reus\",\"author\":{\"@id\":\"https:\\\/\\\/candas365.es\\\/noticias\\\/author\\\/admin\\\/#author\"},\"publisher\":{\"@id\":\"https:\\\/\\\/candas365.es\\\/noticias\\\/#organization\"},\"image\":{\"@type\":\"ImageObject\",\"url\":\"https:\\\/\\\/candas365.es\\\/noticias\\\/wp-content\\\/uploads\\\/2016\\\/12\\\/low.jpg\",\"width\":800,\"height\":593},\"datePublished\":\"2018-11-14T08:10:46+01:00\",\"dateModified\":\"2018-11-14T08:10:46+01:00\",\"inLanguage\":\"es-ES\",\"mainEntityOfPage\":{\"@id\":\"https:\\\/\\\/candas365.es\\\/noticias\\\/alemania-comienza-los-entrenamientos-sin-reus\\\/#webpage\"},\"isPartOf\":{\"@id\":\"https:\\\/\\\/candas365.es\\\/noticias\\\/alemania-comienza-los-entrenamientos-sin-reus\\\/#webpage\"},\"articleSection\":\"Deporte\",\"dateline\":\"Publicado el noviembre 14, 2018.\"},{\"@type\":\"Organization\",\"@id\":\"https:\\\/\\\/candas365.es\\\/noticias\\\/#organization\",\"name\":\"Cand\\u00e1s 365\",\"description\":\"Cand\\u00e1s 365 es un diario digital independiente, fundado en 2012, con base en Asturias. Informamos con rigor sobre actualidad, sociedad, cultura y ocio, con una mirada local y global.\",\"url\":\"https:\\\/\\\/candas365.es\\\/noticias\\\/\",\"email\":\"info@candas365.es\",\"telephone\":\"+34652131393\",\"foundingDate\":\"2012-06-10\",\"logo\":{\"@type\":\"ImageObject\",\"url\":\"https:\\\/\\\/candas365.es\\\/noticias\\\/wp-content\\\/uploads\\\/2024\\\/09\\\/Candas-365-Redes.jpg\",\"@id\":\"https:\\\/\\\/candas365.es\\\/noticias\\\/alemania-comienza-los-entrenamientos-sin-reus\\\/#organizationLogo\",\"width\":1152,\"height\":864,\"caption\":\"Cand\\u00e1s 365 Redes\"},\"image\":{\"@id\":\"https:\\\/\\\/candas365.es\\\/noticias\\\/alemania-comienza-los-entrenamientos-sin-reus\\\/#organizationLogo\"},\"sameAs\":[\"https:\\\/\\\/www.facebook.com\\\/Nachofdezber\",\"https:\\\/\\\/x.com\\\/NabercoDigital\",\"https:\\\/\\\/www.instagram.com\\\/nachofdezber\\\/\",\"https:\\\/\\\/www.youtube.com\\\/channel\\\/UCZP-2wLEB9Rv6erhFmqVnvg\"],\"address\":{\"@id\":\"https:\\\/\\\/candas365.es\\\/noticias\\\/#postaladdress\",\"@type\":\"PostalAddress\",\"streetAddress\":\"san antonio 4, san antonio 4\",\"postalCode\":\"33430\",\"addressLocality\":\"Cand\\u00e1s\",\"addressRegion\":\"Asturias\",\"addressCountry\":\"ES\"}},{\"@type\":\"Person\",\"@id\":\"https:\\\/\\\/candas365.es\\\/noticias\\\/author\\\/admin\\\/#author\",\"url\":\"https:\\\/\\\/candas365.es\\\/noticias\\\/author\\\/admin\\\/\",\"name\":\"Cand\\u00e1s 365\",\"image\":{\"@type\":\"ImageObject\",\"@id\":\"https:\\\/\\\/candas365.es\\\/noticias\\\/alemania-comienza-los-entrenamientos-sin-reus\\\/#authorImage\",\"url\":\"https:\\\/\\\/secure.gravatar.com\\\/avatar\\\/496a8e03d0c493ede1718b7934145dbdf8d89be1036b0eec9544e1094c9de390?s=96&d=mm&r=g\",\"width\":96,\"height\":96,\"caption\":\"Cand\\u00e1s 365\"},\"sameAs\":[\"https:\\\/\\\/www.facebook.com\\\/carrenoactualidad\",\"https:\\\/\\\/twitter.com\\\/nbasturias\",\"https:\\\/\\\/www.instagram.com\\\/nachofdezber\\\/\",\"https:\\\/\\\/www.youtube.com\\\/channel\\\/UCZP-2wLEB9Rv6erhFmqVnvg\"]},{\"@type\":\"WebPage\",\"@id\":\"https:\\\/\\\/candas365.es\\\/noticias\\\/alemania-comienza-los-entrenamientos-sin-reus\\\/#webpage\",\"url\":\"https:\\\/\\\/candas365.es\\\/noticias\\\/alemania-comienza-los-entrenamientos-sin-reus\\\/\",\"name\":\"Alemania comienza los entrenamientos sin Reus | Cand\\u00e1s 365\",\"description\":\"Leipzig (Alemania), 13 nov (dpa) - Marco Reus no pudo participar hoy en el primer entrenamiento de la selecci\\u00f3n alemana de f\\u00fatbol de cara al amistoso ante Rusia este jueves y el duelo ante Holanda por la Liga de Naciones el pr\\u00f3ximo lunes. De acuerdo con la Federaci\\u00f3n Alemana de F\\u00fatbol (DFB), el jugador del\",\"inLanguage\":\"es-ES\",\"isPartOf\":{\"@id\":\"https:\\\/\\\/candas365.es\\\/noticias\\\/#website\"},\"breadcrumb\":{\"@id\":\"https:\\\/\\\/candas365.es\\\/noticias\\\/alemania-comienza-los-entrenamientos-sin-reus\\\/#breadcrumblist\"},\"author\":{\"@id\":\"https:\\\/\\\/candas365.es\\\/noticias\\\/author\\\/admin\\\/#author\"},\"creator\":{\"@id\":\"https:\\\/\\\/candas365.es\\\/noticias\\\/author\\\/admin\\\/#author\"},\"image\":{\"@type\":\"ImageObject\",\"url\":\"https:\\\/\\\/candas365.es\\\/noticias\\\/wp-content\\\/uploads\\\/2016\\\/12\\\/low.jpg\",\"@id\":\"https:\\\/\\\/candas365.es\\\/noticias\\\/alemania-comienza-los-entrenamientos-sin-reus\\\/#mainImage\",\"width\":800,\"height\":593},\"primaryImageOfPage\":{\"@id\":\"https:\\\/\\\/candas365.es\\\/noticias\\\/alemania-comienza-los-entrenamientos-sin-reus\\\/#mainImage\"},\"datePublished\":\"2018-11-14T08:10:46+01:00\",\"dateModified\":\"2018-11-14T08:10:46+01:00\"},{\"@type\":\"WebSite\",\"@id\":\"https:\\\/\\\/candas365.es\\\/noticias\\\/#website\",\"url\":\"https:\\\/\\\/candas365.es\\\/noticias\\\/\",\"name\":\"Cand\\u00e1s 365\",\"alternateName\":\"Cand\\u00e1s 365 Noticias\",\"description\":\"Actualidad desde Carre\\u00f1o para el mundo\",\"inLanguage\":\"es-ES\",\"publisher\":{\"@id\":\"https:\\\/\\\/candas365.es\\\/noticias\\\/#organization\"}}]}\n\t\t<\/script>\n\t\t<!-- All in One SEO Pro -->\r\n\t\t<title>Alemania comienza los entrenamientos sin Reus | Cand\u00e1s 365<\/title>\n\n","aioseo_head_json":{"title":"Alemania comienza los entrenamientos sin Reus | Cand\u00e1s 365","description":"Leipzig (Alemania), 13 nov (dpa) - Marco Reus no pudo participar hoy en el primer entrenamiento de la selecci\u00f3n alemana de f\u00fatbol de cara al amistoso ante Rusia este jueves y el duelo ante Holanda por la Liga de Naciones el pr\u00f3ximo lunes. De acuerdo con la Federaci\u00f3n Alemana de F\u00fatbol (DFB), el jugador del","canonical_url":"https:\/\/candas365.es\/noticias\/alemania-comienza-los-entrenamientos-sin-reus\/","robots":"max-image-preview:large","keywords":"deporte","webmasterTools":{"google-site-verification":"UA-32230408-1","msvalidate.01":"354F3CDFB2DA171B47FBE9ABF1F88D5","miscellaneous":""},"schema":{"@context":"https:\/\/schema.org","@graph":[{"@type":"BreadcrumbList","@id":"https:\/\/candas365.es\/noticias\/alemania-comienza-los-entrenamientos-sin-reus\/#breadcrumblist","itemListElement":[{"@type":"ListItem","@id":"https:\/\/candas365.es\/noticias#listItem","position":1,"name":"Home","item":"https:\/\/candas365.es\/noticias","nextItem":{"@type":"ListItem","@id":"https:\/\/candas365.es\/noticias\/category\/deporte\/#listItem","name":"Deporte"}},{"@type":"ListItem","@id":"https:\/\/candas365.es\/noticias\/category\/deporte\/#listItem","position":2,"name":"Deporte","item":"https:\/\/candas365.es\/noticias\/category\/deporte\/","nextItem":{"@type":"ListItem","@id":"https:\/\/candas365.es\/noticias\/alemania-comienza-los-entrenamientos-sin-reus\/#listItem","name":"Alemania comienza los entrenamientos sin Reus"},"previousItem":{"@type":"ListItem","@id":"https:\/\/candas365.es\/noticias#listItem","name":"Home"}},{"@type":"ListItem","@id":"https:\/\/candas365.es\/noticias\/alemania-comienza-los-entrenamientos-sin-reus\/#listItem","position":3,"name":"Alemania comienza los entrenamientos sin Reus","previousItem":{"@type":"ListItem","@id":"https:\/\/candas365.es\/noticias\/category\/deporte\/#listItem","name":"Deporte"}}]},{"@type":"NewsArticle","@id":"https:\/\/candas365.es\/noticias\/alemania-comienza-los-entrenamientos-sin-reus\/#newsarticle","name":"Alemania comienza los entrenamientos sin Reus | Cand\u00e1s 365","headline":"Alemania comienza los entrenamientos sin Reus","author":{"@id":"https:\/\/candas365.es\/noticias\/author\/admin\/#author"},"publisher":{"@id":"https:\/\/candas365.es\/noticias\/#organization"},"image":{"@type":"ImageObject","url":"https:\/\/candas365.es\/noticias\/wp-content\/uploads\/2016\/12\/low.jpg","width":800,"height":593},"datePublished":"2018-11-14T08:10:46+01:00","dateModified":"2018-11-14T08:10:46+01:00","inLanguage":"es-ES","mainEntityOfPage":{"@id":"https:\/\/candas365.es\/noticias\/alemania-comienza-los-entrenamientos-sin-reus\/#webpage"},"isPartOf":{"@id":"https:\/\/candas365.es\/noticias\/alemania-comienza-los-entrenamientos-sin-reus\/#webpage"},"articleSection":"Deporte","dateline":"Publicado el noviembre 14, 2018."},{"@type":"Organization","@id":"https:\/\/candas365.es\/noticias\/#organization","name":"Cand\u00e1s 365","description":"Cand\u00e1s 365 es un diario digital independiente, fundado en 2012, con base en Asturias. Informamos con rigor sobre actualidad, sociedad, cultura y ocio, con una mirada local y global.","url":"https:\/\/candas365.es\/noticias\/","email":"info@candas365.es","telephone":"+34652131393","foundingDate":"2012-06-10","logo":{"@type":"ImageObject","url":"https:\/\/candas365.es\/noticias\/wp-content\/uploads\/2024\/09\/Candas-365-Redes.jpg","@id":"https:\/\/candas365.es\/noticias\/alemania-comienza-los-entrenamientos-sin-reus\/#organizationLogo","width":1152,"height":864,"caption":"Cand\u00e1s 365 Redes"},"image":{"@id":"https:\/\/candas365.es\/noticias\/alemania-comienza-los-entrenamientos-sin-reus\/#organizationLogo"},"sameAs":["https:\/\/www.facebook.com\/Nachofdezber","https:\/\/x.com\/NabercoDigital","https:\/\/www.instagram.com\/nachofdezber\/","https:\/\/www.youtube.com\/channel\/UCZP-2wLEB9Rv6erhFmqVnvg"],"address":{"@id":"https:\/\/candas365.es\/noticias\/#postaladdress","@type":"PostalAddress","streetAddress":"san antonio 4, san antonio 4","postalCode":"33430","addressLocality":"Cand\u00e1s","addressRegion":"Asturias","addressCountry":"ES"}},{"@type":"Person","@id":"https:\/\/candas365.es\/noticias\/author\/admin\/#author","url":"https:\/\/candas365.es\/noticias\/author\/admin\/","name":"Cand\u00e1s 365","image":{"@type":"ImageObject","@id":"https:\/\/candas365.es\/noticias\/alemania-comienza-los-entrenamientos-sin-reus\/#authorImage","url":"https:\/\/secure.gravatar.com\/avatar\/496a8e03d0c493ede1718b7934145dbdf8d89be1036b0eec9544e1094c9de390?s=96&d=mm&r=g","width":96,"height":96,"caption":"Cand\u00e1s 365"},"sameAs":["https:\/\/www.facebook.com\/carrenoactualidad","https:\/\/twitter.com\/nbasturias","https:\/\/www.instagram.com\/nachofdezber\/","https:\/\/www.youtube.com\/channel\/UCZP-2wLEB9Rv6erhFmqVnvg"]},{"@type":"WebPage","@id":"https:\/\/candas365.es\/noticias\/alemania-comienza-los-entrenamientos-sin-reus\/#webpage","url":"https:\/\/candas365.es\/noticias\/alemania-comienza-los-entrenamientos-sin-reus\/","name":"Alemania comienza los entrenamientos sin Reus | Cand\u00e1s 365","description":"Leipzig (Alemania), 13 nov (dpa) - Marco Reus no pudo participar hoy en el primer entrenamiento de la selecci\u00f3n alemana de f\u00fatbol de cara al amistoso ante Rusia este jueves y el duelo ante Holanda por la Liga de Naciones el pr\u00f3ximo lunes. De acuerdo con la Federaci\u00f3n Alemana de F\u00fatbol (DFB), el jugador del","inLanguage":"es-ES","isPartOf":{"@id":"https:\/\/candas365.es\/noticias\/#website"},"breadcrumb":{"@id":"https:\/\/candas365.es\/noticias\/alemania-comienza-los-entrenamientos-sin-reus\/#breadcrumblist"},"author":{"@id":"https:\/\/candas365.es\/noticias\/author\/admin\/#author"},"creator":{"@id":"https:\/\/candas365.es\/noticias\/author\/admin\/#author"},"image":{"@type":"ImageObject","url":"https:\/\/candas365.es\/noticias\/wp-content\/uploads\/2016\/12\/low.jpg","@id":"https:\/\/candas365.es\/noticias\/alemania-comienza-los-entrenamientos-sin-reus\/#mainImage","width":800,"height":593},"primaryImageOfPage":{"@id":"https:\/\/candas365.es\/noticias\/alemania-comienza-los-entrenamientos-sin-reus\/#mainImage"},"datePublished":"2018-11-14T08:10:46+01:00","dateModified":"2018-11-14T08:10:46+01:00"},{"@type":"WebSite","@id":"https:\/\/candas365.es\/noticias\/#website","url":"https:\/\/candas365.es\/noticias\/","name":"Cand\u00e1s 365","alternateName":"Cand\u00e1s 365 Noticias","description":"Actualidad desde Carre\u00f1o para el mundo","inLanguage":"es-ES","publisher":{"@id":"https:\/\/candas365.es\/noticias\/#organization"}}]},"og:locale":"es_ES","og:site_name":"Cand\u00e1s 365","og:type":"article","og:title":"Alemania comienza los entrenamientos sin Reus | Cand\u00e1s 365","og:description":"Leipzig (Alemania), 13 nov (dpa) - Marco Reus no pudo participar hoy en el primer entrenamiento de la selecci\u00f3n alemana de f\u00fatbol de cara al amistoso ante Rusia este jueves y el duelo ante Holanda por la Liga de Naciones el pr\u00f3ximo lunes. De acuerdo con la Federaci\u00f3n Alemana de F\u00fatbol (DFB), el jugador del","og:url":"https:\/\/candas365.es\/noticias\/alemania-comienza-los-entrenamientos-sin-reus\/","og:image":"https:\/\/candas365.es\/noticias\/wp-content\/uploads\/2016\/12\/low.jpg","og:image:secure_url":"https:\/\/candas365.es\/noticias\/wp-content\/uploads\/2016\/12\/low.jpg","og:image:width":800,"og:image:height":593,"article:published_time":"2018-11-14T08:10:46+00:00","article:modified_time":"2018-11-14T08:10:46+00:00","article:publisher":"https:\/\/www.facebook.com\/Nachofdezber","article:author":"https:\/\/www.facebook.com\/carrenoactualidad","twitter:card":"summary_large_image","twitter:site":"@NabercoDigital","twitter:title":"Alemania comienza los entrenamientos sin Reus | Cand\u00e1s 365","twitter:description":"Leipzig (Alemania), 13 nov (dpa) - Marco Reus no pudo participar hoy en el primer entrenamiento de la selecci\u00f3n alemana de f\u00fatbol de cara al amistoso ante Rusia este jueves y el duelo ante Holanda por la Liga de Naciones el pr\u00f3ximo lunes. De acuerdo con la Federaci\u00f3n Alemana de F\u00fatbol (DFB), el jugador del","twitter:creator":"@nbasturias","twitter:image":"https:\/\/candas365.es\/noticias\/wp-content\/uploads\/2016\/12\/low.jpg","twitter:label1":"Escrito por","twitter:data1":"Cand\u00e1s 365","twitter:label2":"Tiempo de lectura estimado","twitter:data2":"1 minuto"},"aioseo_meta_data":{"post_id":"109826","title":null,"description":null,"keywords":null,"keyphrases":null,"primary_term":null,"canonical_url":null,"og_title":null,"og_description":null,"og_object_type":"default","og_image_type":"default","og_image_url":null,"og_image_width":null,"og_image_height":null,"og_image_custom_url":null,"og_image_custom_fields":null,"og_video":null,"og_custom_url":null,"og_article_section":null,"og_article_tags":null,"twitter_use_og":false,"twitter_card":"default","twitter_image_type":"default","twitter_image_url":null,"twitter_image_custom_url":null,"twitter_image_custom_fields":null,"twitter_title":null,"twitter_description":null,"schema":{"blockGraphs":[],"customGraphs":[],"default":{"data":{"Article":[],"Course":[],"Dataset":[],"FAQPage":[],"Movie":[],"Person":[],"Product":[],"ProductReview":[],"Car":[],"Recipe":[],"Service":[],"SoftwareApplication":[],"WebPage":[]},"graphName":"","isEnabled":true},"graphs":[],"defaultGraph":"","defaultPostTypeGraph":""},"schema_type":null,"schema_type_options":null,"pillar_content":false,"robots_default":true,"robots_noindex":false,"robots_noarchive":false,"robots_nosnippet":false,"robots_nofollow":false,"robots_noimageindex":false,"robots_noodp":false,"robots_notranslate":false,"robots_max_snippet":null,"robots_max_videopreview":null,"robots_max_imagepreview":"large","priority":null,"frequency":null,"location":null,"local_seo":null,"seo_analyzer_scan_date":"2025-08-28 10:53:36","breadcrumb_settings":null,"limit_modified_date":false,"reviewed_by":null,"open_ai":null,"ai":null,"created":"2020-12-21 11:39:04","updated":"2025-08-28 10:53:36"},"aioseo_breadcrumb":"<div class=\"aioseo-breadcrumbs\"><span class=\"aioseo-breadcrumb\">\n\t<a href=\"https:\/\/candas365.es\/noticias\" title=\"Home\">Home<\/a>\n<\/span><span class=\"aioseo-breadcrumb-separator\">&ndash;<\/span><span class=\"aioseo-breadcrumb\">\n\t<a href=\"https:\/\/candas365.es\/noticias\/category\/deporte\/\" title=\"Deporte\">Deporte<\/a>\n<\/span><span class=\"aioseo-breadcrumb-separator\">&ndash;<\/span><span class=\"aioseo-breadcrumb\">\n\tAlemania comienza los entrenamientos sin Reus\n<\/span><\/div>","aioseo_breadcrumb_json":[{"label":"Home","link":"https:\/\/candas365.es\/noticias"},{"label":"Deporte","link":"https:\/\/candas365.es\/noticias\/category\/deporte\/"},{"label":"Alemania comienza los entrenamientos sin Reus","link":"https:\/\/candas365.es\/noticias\/alemania-comienza-los-entrenamientos-sin-reus\/"}],"_links":{"self":[{"href":"https:\/\/candas365.es\/noticias\/wp-json\/wp\/v2\/posts\/109826","targetHints":{"allow":["GET"]}}],"collection":[{"href":"https:\/\/candas365.es\/noticias\/wp-json\/wp\/v2\/posts"}],"about":[{"href":"https:\/\/candas365.es\/noticias\/wp-json\/wp\/v2\/types\/post"}],"author":[{"embeddable":true,"href":"https:\/\/candas365.es\/noticias\/wp-json\/wp\/v2\/users\/1"}],"replies":[{"embeddable":true,"href":"https:\/\/candas365.es\/noticias\/wp-json\/wp\/v2\/comments?post=109826"}],"version-history":[{"count":0,"href":"https:\/\/candas365.es\/noticias\/wp-json\/wp\/v2\/posts\/109826\/revisions"}],"wp:featuredmedia":[{"embeddable":true,"href":"https:\/\/candas365.es\/noticias\/wp-json\/wp\/v2\/media\/38927"}],"wp:attachment":[{"href":"https:\/\/candas365.es\/noticias\/wp-json\/wp\/v2\/media?parent=109826"}],"wp:term":[{"taxonomy":"category","embeddable":true,"href":"https:\/\/candas365.es\/noticias\/wp-json\/wp\/v2\/categories?post=109826"},{"taxonomy":"post_tag","embeddable":true,"href":"https:\/\/candas365.es\/noticias\/wp-json\/wp\/v2\/tags?post=109826"}],"curies":[{"name":"wp","href":"https:\/\/api.w.org\/{rel}","templated":true}]}}