{"id":109786,"date":"2018-11-13T13:09:31","date_gmt":"2018-11-13T13:09:31","guid":{"rendered":"http:\/\/candas365.es\/noticias\/?p=109786"},"modified":"2018-11-13T13:09:31","modified_gmt":"2018-11-13T13:09:31","slug":"nueva-edicion-de-la-ludomovil-rural-en-carreno","status":"publish","type":"post","link":"https:\/\/candas365.es\/noticias\/nueva-edicion-de-la-ludomovil-rural-en-carreno\/","title":{"rendered":"Nueva edici\u00f3n de la \u201cLud\u00f3movil Rural\u201d en Carre\u00f1o"},"content":{"rendered":"<p><img fetchpriority=\"high\" decoding=\"async\" class=\"alignleft size-medium wp-image-109787\" src=\"https:\/\/candas365.es\/noticias\/wp-content\/uploads\/2018\/11\/Cartel-Ludom\u00f3vil-2018-212x300.jpg\" alt=\"\" width=\"212\" height=\"300\" srcset=\"https:\/\/candas365.es\/noticias\/wp-content\/uploads\/2018\/11\/Cartel-Ludom\u00f3vil-2018-212x300.jpg 212w, https:\/\/candas365.es\/noticias\/wp-content\/uploads\/2018\/11\/Cartel-Ludom\u00f3vil-2018-768x1086.jpg 768w, https:\/\/candas365.es\/noticias\/wp-content\/uploads\/2018\/11\/Cartel-Ludom\u00f3vil-2018-339x480.jpg 339w, https:\/\/candas365.es\/noticias\/wp-content\/uploads\/2018\/11\/Cartel-Ludom\u00f3vil-2018-696x984.jpg 696w, https:\/\/candas365.es\/noticias\/wp-content\/uploads\/2018\/11\/Cartel-Ludom\u00f3vil-2018-297x420.jpg 297w, https:\/\/candas365.es\/noticias\/wp-content\/uploads\/2018\/11\/Cartel-Ludom\u00f3vil-2018.jpg 905w\" sizes=\"(max-width: 212px) 100vw, 212px\" \/>El pr\u00f3ximo lunes 26 de noviembre dar\u00e1 comienzo una nueva edici\u00f3n del Programa de ocio para los ni\u00f1os y las ni\u00f1as \u201cLud\u00f3movil Rural\u201d para el curso escolar 2018-2019.<\/p>\n<p>\u201cLa Ludom\u00f3vil es un proyecto, gratuito encaminado a la dinamizaci\u00f3n de la zona rural acercando a los ni\u00f1os y ni\u00f1as una serie de recursos, evitando as\u00ed el desplazamiento. Poniendo a su alcance unos materiales junto con la intervenci\u00f3n de monitores\/as, expertos\/as en educaci\u00f3n en el tiempo libre. Es un programa promovido y financiando por la Concejal\u00eda que presido en colaboraci\u00f3n con la Oficina de Informaci\u00f3n Juvenil perteneciente a la Mancomunidad Cabo Pe\u00f1as, el cual es la encargada de su organizaci\u00f3n \u201d se\u00f1al\u00f3 Roberto Bueno-Concejal de Juventud.<\/p>\n<p>\u201cSer\u00e1n m\u00e1s de 120 horas de diversi\u00f3n, risas y tambi\u00e9n de aprendizaje de una forma l\u00fadica, jugando, repartidos entre los 81 d\u00edas en los que se desarrolla este Programa de Ocio en las parroquias de Carre\u00f1o, durante los meses de noviembre a mayo. Las actividades est\u00e1n dirigidas a ni\u00f1os y ni\u00f1as de 3-12 a\u00f1os, en las que procuramos la implicaci\u00f3n de las familias en el proyecto e, incluso, la dinamizaci\u00f3n de todo el entorno\u201d coment\u00f3 el edil.<\/p>\n<p>Cuatro ser\u00e1n los escenarios en los que se desarrollar\u00e1n estos talleres de una hora y media de duraci\u00f3n cada d\u00eda, en el siguiente horario:<\/p>\n<p>\u2022 Centro de Iniciativa Rural de Albandi, tendr\u00e1 lugar todos los lunes a partir del 26 de noviembre durante el per\u00edodo lectivo escolar de 17:00 a 18:30 horas.<\/p>\n<p>\u2022 Xibares-Local social Urbanizaci\u00f3n \u201cPlaya de Xivares\u201d, ser\u00e1 todos los jueves a partir del 29 de noviembre durante el per\u00edodo lectivo escolar de 18:00 a 19:30 horas.<\/p>\n<p>\u2022 Escuela de Guimar\u00e1n-El Valle, todos los mi\u00e9rcoles desde el 28 de noviembre durante el per\u00edodo lectivo escolar de 17:00 a 18:30 horas.<\/p>\n<p>\u2022 Escuela de Llorgozana, todos los viernes desde el 29 de noviembre durante el per\u00edodo lectivo escolar de 12:15 a 13:45 horas.<\/p>\n<p>\u201cLa Asociaci\u00f3n Cultural \u201cS\u00fabete\u201d ser\u00e1 la encargada de la coordinaci\u00f3n y desarrollo de las actividades, de talleres, din\u00e1micas, gymkhanas, y juegos, los cuales versar\u00e1n sobre materias muy diferentes y variadas. Ir\u00e1n desde \u201cNos Conocemos\u201d, \u201cDerechos de la Infancia\u201d, \u201cQue vien el Farolero\u201d, \u201cSobre ruedas\u201d, \u201cLeer se te sube a la cabeza\u201d, \u201cLa paz\u201d hasta \u201cAsturiana\u201d, \u201cTenemos mucho que ver\u201d o \u201cEl bosque encantado\u201d\u201d finaliz\u00f3 Bueno.<\/p>\n<p>Aquellas personas que est\u00e9n interesadas en participar en esta actividad, deber\u00e1n efectuar la inscripci\u00f3n correspondiente, de forma gratuita, entre el lunes 19 al viernes 23 de noviembre, ambos inclusive. Esta inscripci\u00f3n podr\u00e1 hacerse de tres formas:<\/p>\n<p>\u2022 Presencial. Acudiendo a la Oficina Joven Cabo Pe\u00f1as ubicada en el Edificio Polivalente \u201cLa Baraga\u00f1a\u201d en Cand\u00e1s los lunes y viernes de 9:00 a 14:00h y mi\u00e9rcoles de 9:00 a 14:00 horas y de 16.00 a 17:00 horas.<\/p>\n<p>\u2022 On-line. Enviando correo electr\u00f3nico a oij@mcabop.com<\/p>\n<p>\u2022 En las Escuelas Rurales de Llorgozana y Guimar\u00e1n-El Valle.<\/p>\n<p>Para m\u00e1s informaci\u00f3n consultar se puede consultar la p\u00e1gina web municipal <strong>www.ayto.carreno.es\/evento<\/strong>, donde est\u00e1n disponibles para su descarga las diferentes fichas de inscripciones y toda la informaci\u00f3n relativa a los horarios, lugares y horarios de impartici\u00f3n del programa \u201cLudom\u00f3vil Rural\u201d<\/p>\n","protected":false},"excerpt":{"rendered":"<p>El pr\u00f3ximo lunes 26 de noviembre dar\u00e1 comienzo una nueva edici\u00f3n del Programa de ocio para los ni\u00f1os y las ni\u00f1as \u201cLud\u00f3movil Rural\u201d para el curso escolar 2018-2019. \u201cLa Ludom\u00f3vil es un proyecto, gratuito encaminado a la dinamizaci\u00f3n de la zona rural acercando a los ni\u00f1os y ni\u00f1as una serie de recursos, evitando as\u00ed el<\/p>\n","protected":false},"author":1,"featured_media":109787,"comment_status":"closed","ping_status":"closed","sticky":false,"template":"","format":"standard","meta":{"footnotes":""},"categories":[2],"tags":[],"class_list":{"0":"post-109786","1":"post","2":"type-post","3":"status-publish","4":"format-standard","5":"has-post-thumbnail","7":"category-noticias-carreno"},"aioseo_notices":[],"aioseo_head":"\n\t\t<!-- All in One SEO Pro 4.9.6.2 - aioseo.com -->\n\t<meta name=\"description\" content=\"El pr\u00f3ximo lunes 26 de noviembre dar\u00e1 comienzo una nueva edici\u00f3n del Programa de ocio para los ni\u00f1os y las ni\u00f1as \u201cLud\u00f3movil Rural\u201d para el curso escolar 2018-2019. \u201cLa Ludom\u00f3vil es un proyecto, gratuito encaminado a la dinamizaci\u00f3n de la zona rural acercando a los ni\u00f1os y ni\u00f1as una serie de recursos, evitando as\u00ed el\" \/>\n\t<meta name=\"robots\" content=\"max-image-preview:large\" \/>\n\t<meta name=\"author\" content=\"Cand\u00e1s 365\"\/>\n\t<meta name=\"google-site-verification\" content=\"UA-32230408-1\" \/>\n\t<meta name=\"msvalidate.01\" content=\"354F3CDFB2DA171B47FBE9ABF1F88D5\" \/>\n\t<meta name=\"keywords\" content=\"noticias carre\u00f1o\" \/>\n\t<link rel=\"canonical\" href=\"https:\/\/candas365.es\/noticias\/nueva-edicion-de-la-ludomovil-rural-en-carreno\/\" \/>\n\t<meta name=\"generator\" content=\"All in One SEO Pro (AIOSEO) 4.9.6.2\" \/>\n\t\t<meta property=\"og:locale\" content=\"es_ES\" \/>\n\t\t<meta property=\"og:site_name\" content=\"Cand\u00e1s 365\" \/>\n\t\t<meta property=\"og:type\" content=\"article\" \/>\n\t\t<meta property=\"og:title\" content=\"Nueva edici\u00f3n de la \u201cLud\u00f3movil Rural\u201d en Carre\u00f1o | Cand\u00e1s 365\" \/>\n\t\t<meta property=\"og:description\" content=\"El pr\u00f3ximo lunes 26 de noviembre dar\u00e1 comienzo una nueva edici\u00f3n del Programa de ocio para los ni\u00f1os y las ni\u00f1as \u201cLud\u00f3movil Rural\u201d para el curso escolar 2018-2019. \u201cLa Ludom\u00f3vil es un proyecto, gratuito encaminado a la dinamizaci\u00f3n de la zona rural acercando a los ni\u00f1os y ni\u00f1as una serie de recursos, evitando as\u00ed el\" \/>\n\t\t<meta property=\"og:url\" content=\"https:\/\/candas365.es\/noticias\/nueva-edicion-de-la-ludomovil-rural-en-carreno\/\" \/>\n\t\t<meta property=\"og:image\" content=\"https:\/\/candas365.es\/noticias\/wp-content\/uploads\/2018\/11\/Cartel-Ludom\u00f3vil-2018.jpg\" \/>\n\t\t<meta property=\"og:image:secure_url\" content=\"https:\/\/candas365.es\/noticias\/wp-content\/uploads\/2018\/11\/Cartel-Ludom\u00f3vil-2018.jpg\" \/>\n\t\t<meta property=\"og:image:width\" content=\"905\" \/>\n\t\t<meta property=\"og:image:height\" content=\"1280\" \/>\n\t\t<meta property=\"article:published_time\" content=\"2018-11-13T13:09:31+00:00\" \/>\n\t\t<meta property=\"article:modified_time\" content=\"2018-11-13T13:09:31+00:00\" \/>\n\t\t<meta property=\"article:publisher\" content=\"https:\/\/www.facebook.com\/Nachofdezber\" \/>\n\t\t<meta property=\"article:author\" content=\"https:\/\/www.facebook.com\/carrenoactualidad\" \/>\n\t\t<meta name=\"twitter:card\" content=\"summary_large_image\" \/>\n\t\t<meta name=\"twitter:site\" content=\"@NabercoDigital\" \/>\n\t\t<meta name=\"twitter:title\" content=\"Nueva edici\u00f3n de la \u201cLud\u00f3movil Rural\u201d en Carre\u00f1o | Cand\u00e1s 365\" \/>\n\t\t<meta name=\"twitter:description\" content=\"El pr\u00f3ximo lunes 26 de noviembre dar\u00e1 comienzo una nueva edici\u00f3n del Programa de ocio para los ni\u00f1os y las ni\u00f1as \u201cLud\u00f3movil Rural\u201d para el curso escolar 2018-2019. \u201cLa Ludom\u00f3vil es un proyecto, gratuito encaminado a la dinamizaci\u00f3n de la zona rural acercando a los ni\u00f1os y ni\u00f1as una serie de recursos, evitando as\u00ed el\" \/>\n\t\t<meta name=\"twitter:creator\" content=\"@nbasturias\" \/>\n\t\t<meta name=\"twitter:image\" content=\"https:\/\/candas365.es\/noticias\/wp-content\/uploads\/2018\/11\/Cartel-Ludom\u00f3vil-2018.jpg\" \/>\n\t\t<meta name=\"twitter:label1\" content=\"Escrito por\" \/>\n\t\t<meta name=\"twitter:data1\" content=\"Cand\u00e1s 365\" \/>\n\t\t<meta name=\"twitter:label2\" content=\"Tiempo de lectura estimado\" \/>\n\t\t<meta name=\"twitter:data2\" content=\"3 minutos\" \/>\n\t\t<script type=\"application\/ld+json\" class=\"aioseo-schema\">\n\t\t\t{\"@context\":\"https:\\\/\\\/schema.org\",\"@graph\":[{\"@type\":\"BreadcrumbList\",\"@id\":\"https:\\\/\\\/candas365.es\\\/noticias\\\/nueva-edicion-de-la-ludomovil-rural-en-carreno\\\/#breadcrumblist\",\"itemListElement\":[{\"@type\":\"ListItem\",\"@id\":\"https:\\\/\\\/candas365.es\\\/noticias#listItem\",\"position\":1,\"name\":\"Home\",\"item\":\"https:\\\/\\\/candas365.es\\\/noticias\",\"nextItem\":{\"@type\":\"ListItem\",\"@id\":\"https:\\\/\\\/candas365.es\\\/noticias\\\/category\\\/noticias-carreno\\\/#listItem\",\"name\":\"Noticias Carre\\u00f1o\"}},{\"@type\":\"ListItem\",\"@id\":\"https:\\\/\\\/candas365.es\\\/noticias\\\/category\\\/noticias-carreno\\\/#listItem\",\"position\":2,\"name\":\"Noticias Carre\\u00f1o\",\"item\":\"https:\\\/\\\/candas365.es\\\/noticias\\\/category\\\/noticias-carreno\\\/\",\"nextItem\":{\"@type\":\"ListItem\",\"@id\":\"https:\\\/\\\/candas365.es\\\/noticias\\\/nueva-edicion-de-la-ludomovil-rural-en-carreno\\\/#listItem\",\"name\":\"Nueva edici\\u00f3n de la \\u201cLud\\u00f3movil Rural\\u201d en Carre\\u00f1o\"},\"previousItem\":{\"@type\":\"ListItem\",\"@id\":\"https:\\\/\\\/candas365.es\\\/noticias#listItem\",\"name\":\"Home\"}},{\"@type\":\"ListItem\",\"@id\":\"https:\\\/\\\/candas365.es\\\/noticias\\\/nueva-edicion-de-la-ludomovil-rural-en-carreno\\\/#listItem\",\"position\":3,\"name\":\"Nueva edici\\u00f3n de la \\u201cLud\\u00f3movil Rural\\u201d en Carre\\u00f1o\",\"previousItem\":{\"@type\":\"ListItem\",\"@id\":\"https:\\\/\\\/candas365.es\\\/noticias\\\/category\\\/noticias-carreno\\\/#listItem\",\"name\":\"Noticias Carre\\u00f1o\"}}]},{\"@type\":\"NewsArticle\",\"@id\":\"https:\\\/\\\/candas365.es\\\/noticias\\\/nueva-edicion-de-la-ludomovil-rural-en-carreno\\\/#newsarticle\",\"name\":\"Nueva edici\\u00f3n de la \\u201cLud\\u00f3movil Rural\\u201d en Carre\\u00f1o | Cand\\u00e1s 365\",\"headline\":\"Nueva edici\\u00f3n de la \\u201cLud\\u00f3movil Rural\\u201d en Carre\\u00f1o\",\"author\":{\"@id\":\"https:\\\/\\\/candas365.es\\\/noticias\\\/author\\\/admin\\\/#author\"},\"publisher\":{\"@id\":\"https:\\\/\\\/candas365.es\\\/noticias\\\/#organization\"},\"image\":{\"@type\":\"ImageObject\",\"url\":\"https:\\\/\\\/candas365.es\\\/noticias\\\/wp-content\\\/uploads\\\/2018\\\/11\\\/Cartel-Ludom\\u00f3vil-2018.jpg\",\"width\":905,\"height\":1280},\"datePublished\":\"2018-11-13T13:09:31+01:00\",\"dateModified\":\"2018-11-13T13:09:31+01:00\",\"inLanguage\":\"es-ES\",\"mainEntityOfPage\":{\"@id\":\"https:\\\/\\\/candas365.es\\\/noticias\\\/nueva-edicion-de-la-ludomovil-rural-en-carreno\\\/#webpage\"},\"isPartOf\":{\"@id\":\"https:\\\/\\\/candas365.es\\\/noticias\\\/nueva-edicion-de-la-ludomovil-rural-en-carreno\\\/#webpage\"},\"articleSection\":\"Noticias Carre\\u00f1o\",\"dateline\":\"Publicado el noviembre 13, 2018.\"},{\"@type\":\"Organization\",\"@id\":\"https:\\\/\\\/candas365.es\\\/noticias\\\/#organization\",\"name\":\"Cand\\u00e1s 365\",\"description\":\"Cand\\u00e1s 365 es un diario digital independiente, fundado en 2012, con base en Asturias. Informamos con rigor sobre actualidad, sociedad, cultura y ocio, con una mirada local y global.\",\"url\":\"https:\\\/\\\/candas365.es\\\/noticias\\\/\",\"email\":\"info@candas365.es\",\"telephone\":\"+34652131393\",\"foundingDate\":\"2012-06-10\",\"logo\":{\"@type\":\"ImageObject\",\"url\":\"https:\\\/\\\/candas365.es\\\/noticias\\\/wp-content\\\/uploads\\\/2024\\\/09\\\/Candas-365-Redes.jpg\",\"@id\":\"https:\\\/\\\/candas365.es\\\/noticias\\\/nueva-edicion-de-la-ludomovil-rural-en-carreno\\\/#organizationLogo\",\"width\":1152,\"height\":864,\"caption\":\"Cand\\u00e1s 365 Redes\"},\"image\":{\"@id\":\"https:\\\/\\\/candas365.es\\\/noticias\\\/nueva-edicion-de-la-ludomovil-rural-en-carreno\\\/#organizationLogo\"},\"sameAs\":[\"https:\\\/\\\/www.facebook.com\\\/Nachofdezber\",\"https:\\\/\\\/x.com\\\/NabercoDigital\",\"https:\\\/\\\/www.instagram.com\\\/nachofdezber\\\/\",\"https:\\\/\\\/www.youtube.com\\\/channel\\\/UCZP-2wLEB9Rv6erhFmqVnvg\"],\"address\":{\"@id\":\"https:\\\/\\\/candas365.es\\\/noticias\\\/#postaladdress\",\"@type\":\"PostalAddress\",\"streetAddress\":\"san antonio 4, san antonio 4\",\"postalCode\":\"33430\",\"addressLocality\":\"Cand\\u00e1s\",\"addressRegion\":\"Asturias\",\"addressCountry\":\"ES\"}},{\"@type\":\"Person\",\"@id\":\"https:\\\/\\\/candas365.es\\\/noticias\\\/author\\\/admin\\\/#author\",\"url\":\"https:\\\/\\\/candas365.es\\\/noticias\\\/author\\\/admin\\\/\",\"name\":\"Cand\\u00e1s 365\",\"image\":{\"@type\":\"ImageObject\",\"@id\":\"https:\\\/\\\/candas365.es\\\/noticias\\\/nueva-edicion-de-la-ludomovil-rural-en-carreno\\\/#authorImage\",\"url\":\"https:\\\/\\\/secure.gravatar.com\\\/avatar\\\/496a8e03d0c493ede1718b7934145dbdf8d89be1036b0eec9544e1094c9de390?s=96&d=mm&r=g\",\"width\":96,\"height\":96,\"caption\":\"Cand\\u00e1s 365\"},\"sameAs\":[\"https:\\\/\\\/www.facebook.com\\\/carrenoactualidad\",\"https:\\\/\\\/twitter.com\\\/nbasturias\",\"https:\\\/\\\/www.instagram.com\\\/nachofdezber\\\/\",\"https:\\\/\\\/www.youtube.com\\\/channel\\\/UCZP-2wLEB9Rv6erhFmqVnvg\"]},{\"@type\":\"WebPage\",\"@id\":\"https:\\\/\\\/candas365.es\\\/noticias\\\/nueva-edicion-de-la-ludomovil-rural-en-carreno\\\/#webpage\",\"url\":\"https:\\\/\\\/candas365.es\\\/noticias\\\/nueva-edicion-de-la-ludomovil-rural-en-carreno\\\/\",\"name\":\"Nueva edici\\u00f3n de la \\u201cLud\\u00f3movil Rural\\u201d en Carre\\u00f1o | Cand\\u00e1s 365\",\"description\":\"El pr\\u00f3ximo lunes 26 de noviembre dar\\u00e1 comienzo una nueva edici\\u00f3n del Programa de ocio para los ni\\u00f1os y las ni\\u00f1as \\u201cLud\\u00f3movil Rural\\u201d para el curso escolar 2018-2019. \\u201cLa Ludom\\u00f3vil es un proyecto, gratuito encaminado a la dinamizaci\\u00f3n de la zona rural acercando a los ni\\u00f1os y ni\\u00f1as una serie de recursos, evitando as\\u00ed el\",\"inLanguage\":\"es-ES\",\"isPartOf\":{\"@id\":\"https:\\\/\\\/candas365.es\\\/noticias\\\/#website\"},\"breadcrumb\":{\"@id\":\"https:\\\/\\\/candas365.es\\\/noticias\\\/nueva-edicion-de-la-ludomovil-rural-en-carreno\\\/#breadcrumblist\"},\"author\":{\"@id\":\"https:\\\/\\\/candas365.es\\\/noticias\\\/author\\\/admin\\\/#author\"},\"creator\":{\"@id\":\"https:\\\/\\\/candas365.es\\\/noticias\\\/author\\\/admin\\\/#author\"},\"image\":{\"@type\":\"ImageObject\",\"url\":\"https:\\\/\\\/candas365.es\\\/noticias\\\/wp-content\\\/uploads\\\/2018\\\/11\\\/Cartel-Ludom\\u00f3vil-2018.jpg\",\"@id\":\"https:\\\/\\\/candas365.es\\\/noticias\\\/nueva-edicion-de-la-ludomovil-rural-en-carreno\\\/#mainImage\",\"width\":905,\"height\":1280},\"primaryImageOfPage\":{\"@id\":\"https:\\\/\\\/candas365.es\\\/noticias\\\/nueva-edicion-de-la-ludomovil-rural-en-carreno\\\/#mainImage\"},\"datePublished\":\"2018-11-13T13:09:31+01:00\",\"dateModified\":\"2018-11-13T13:09:31+01:00\"},{\"@type\":\"WebSite\",\"@id\":\"https:\\\/\\\/candas365.es\\\/noticias\\\/#website\",\"url\":\"https:\\\/\\\/candas365.es\\\/noticias\\\/\",\"name\":\"Cand\\u00e1s 365\",\"alternateName\":\"Cand\\u00e1s 365 Noticias\",\"description\":\"Actualidad desde Carre\\u00f1o para el mundo\",\"inLanguage\":\"es-ES\",\"publisher\":{\"@id\":\"https:\\\/\\\/candas365.es\\\/noticias\\\/#organization\"}}]}\n\t\t<\/script>\n\t\t<!-- All in One SEO Pro -->\r\n\t\t<title>Nueva edici\u00f3n de la \u201cLud\u00f3movil Rural\u201d en Carre\u00f1o | Cand\u00e1s 365<\/title>\n\n","aioseo_head_json":{"title":"Nueva edici\u00f3n de la \u201cLud\u00f3movil Rural\u201d en Carre\u00f1o | Cand\u00e1s 365","description":"El pr\u00f3ximo lunes 26 de noviembre dar\u00e1 comienzo una nueva edici\u00f3n del Programa de ocio para los ni\u00f1os y las ni\u00f1as \u201cLud\u00f3movil Rural\u201d para el curso escolar 2018-2019. \u201cLa Ludom\u00f3vil es un proyecto, gratuito encaminado a la dinamizaci\u00f3n de la zona rural acercando a los ni\u00f1os y ni\u00f1as una serie de recursos, evitando as\u00ed el","canonical_url":"https:\/\/candas365.es\/noticias\/nueva-edicion-de-la-ludomovil-rural-en-carreno\/","robots":"max-image-preview:large","keywords":"noticias carre\u00f1o","webmasterTools":{"google-site-verification":"UA-32230408-1","msvalidate.01":"354F3CDFB2DA171B47FBE9ABF1F88D5","miscellaneous":""},"schema":{"@context":"https:\/\/schema.org","@graph":[{"@type":"BreadcrumbList","@id":"https:\/\/candas365.es\/noticias\/nueva-edicion-de-la-ludomovil-rural-en-carreno\/#breadcrumblist","itemListElement":[{"@type":"ListItem","@id":"https:\/\/candas365.es\/noticias#listItem","position":1,"name":"Home","item":"https:\/\/candas365.es\/noticias","nextItem":{"@type":"ListItem","@id":"https:\/\/candas365.es\/noticias\/category\/noticias-carreno\/#listItem","name":"Noticias Carre\u00f1o"}},{"@type":"ListItem","@id":"https:\/\/candas365.es\/noticias\/category\/noticias-carreno\/#listItem","position":2,"name":"Noticias Carre\u00f1o","item":"https:\/\/candas365.es\/noticias\/category\/noticias-carreno\/","nextItem":{"@type":"ListItem","@id":"https:\/\/candas365.es\/noticias\/nueva-edicion-de-la-ludomovil-rural-en-carreno\/#listItem","name":"Nueva edici\u00f3n de la \u201cLud\u00f3movil Rural\u201d en Carre\u00f1o"},"previousItem":{"@type":"ListItem","@id":"https:\/\/candas365.es\/noticias#listItem","name":"Home"}},{"@type":"ListItem","@id":"https:\/\/candas365.es\/noticias\/nueva-edicion-de-la-ludomovil-rural-en-carreno\/#listItem","position":3,"name":"Nueva edici\u00f3n de la \u201cLud\u00f3movil Rural\u201d en Carre\u00f1o","previousItem":{"@type":"ListItem","@id":"https:\/\/candas365.es\/noticias\/category\/noticias-carreno\/#listItem","name":"Noticias Carre\u00f1o"}}]},{"@type":"NewsArticle","@id":"https:\/\/candas365.es\/noticias\/nueva-edicion-de-la-ludomovil-rural-en-carreno\/#newsarticle","name":"Nueva edici\u00f3n de la \u201cLud\u00f3movil Rural\u201d en Carre\u00f1o | Cand\u00e1s 365","headline":"Nueva edici\u00f3n de la \u201cLud\u00f3movil Rural\u201d en Carre\u00f1o","author":{"@id":"https:\/\/candas365.es\/noticias\/author\/admin\/#author"},"publisher":{"@id":"https:\/\/candas365.es\/noticias\/#organization"},"image":{"@type":"ImageObject","url":"https:\/\/candas365.es\/noticias\/wp-content\/uploads\/2018\/11\/Cartel-Ludom\u00f3vil-2018.jpg","width":905,"height":1280},"datePublished":"2018-11-13T13:09:31+01:00","dateModified":"2018-11-13T13:09:31+01:00","inLanguage":"es-ES","mainEntityOfPage":{"@id":"https:\/\/candas365.es\/noticias\/nueva-edicion-de-la-ludomovil-rural-en-carreno\/#webpage"},"isPartOf":{"@id":"https:\/\/candas365.es\/noticias\/nueva-edicion-de-la-ludomovil-rural-en-carreno\/#webpage"},"articleSection":"Noticias Carre\u00f1o","dateline":"Publicado el noviembre 13, 2018."},{"@type":"Organization","@id":"https:\/\/candas365.es\/noticias\/#organization","name":"Cand\u00e1s 365","description":"Cand\u00e1s 365 es un diario digital independiente, fundado en 2012, con base en Asturias. Informamos con rigor sobre actualidad, sociedad, cultura y ocio, con una mirada local y global.","url":"https:\/\/candas365.es\/noticias\/","email":"info@candas365.es","telephone":"+34652131393","foundingDate":"2012-06-10","logo":{"@type":"ImageObject","url":"https:\/\/candas365.es\/noticias\/wp-content\/uploads\/2024\/09\/Candas-365-Redes.jpg","@id":"https:\/\/candas365.es\/noticias\/nueva-edicion-de-la-ludomovil-rural-en-carreno\/#organizationLogo","width":1152,"height":864,"caption":"Cand\u00e1s 365 Redes"},"image":{"@id":"https:\/\/candas365.es\/noticias\/nueva-edicion-de-la-ludomovil-rural-en-carreno\/#organizationLogo"},"sameAs":["https:\/\/www.facebook.com\/Nachofdezber","https:\/\/x.com\/NabercoDigital","https:\/\/www.instagram.com\/nachofdezber\/","https:\/\/www.youtube.com\/channel\/UCZP-2wLEB9Rv6erhFmqVnvg"],"address":{"@id":"https:\/\/candas365.es\/noticias\/#postaladdress","@type":"PostalAddress","streetAddress":"san antonio 4, san antonio 4","postalCode":"33430","addressLocality":"Cand\u00e1s","addressRegion":"Asturias","addressCountry":"ES"}},{"@type":"Person","@id":"https:\/\/candas365.es\/noticias\/author\/admin\/#author","url":"https:\/\/candas365.es\/noticias\/author\/admin\/","name":"Cand\u00e1s 365","image":{"@type":"ImageObject","@id":"https:\/\/candas365.es\/noticias\/nueva-edicion-de-la-ludomovil-rural-en-carreno\/#authorImage","url":"https:\/\/secure.gravatar.com\/avatar\/496a8e03d0c493ede1718b7934145dbdf8d89be1036b0eec9544e1094c9de390?s=96&d=mm&r=g","width":96,"height":96,"caption":"Cand\u00e1s 365"},"sameAs":["https:\/\/www.facebook.com\/carrenoactualidad","https:\/\/twitter.com\/nbasturias","https:\/\/www.instagram.com\/nachofdezber\/","https:\/\/www.youtube.com\/channel\/UCZP-2wLEB9Rv6erhFmqVnvg"]},{"@type":"WebPage","@id":"https:\/\/candas365.es\/noticias\/nueva-edicion-de-la-ludomovil-rural-en-carreno\/#webpage","url":"https:\/\/candas365.es\/noticias\/nueva-edicion-de-la-ludomovil-rural-en-carreno\/","name":"Nueva edici\u00f3n de la \u201cLud\u00f3movil Rural\u201d en Carre\u00f1o | Cand\u00e1s 365","description":"El pr\u00f3ximo lunes 26 de noviembre dar\u00e1 comienzo una nueva edici\u00f3n del Programa de ocio para los ni\u00f1os y las ni\u00f1as \u201cLud\u00f3movil Rural\u201d para el curso escolar 2018-2019. \u201cLa Ludom\u00f3vil es un proyecto, gratuito encaminado a la dinamizaci\u00f3n de la zona rural acercando a los ni\u00f1os y ni\u00f1as una serie de recursos, evitando as\u00ed el","inLanguage":"es-ES","isPartOf":{"@id":"https:\/\/candas365.es\/noticias\/#website"},"breadcrumb":{"@id":"https:\/\/candas365.es\/noticias\/nueva-edicion-de-la-ludomovil-rural-en-carreno\/#breadcrumblist"},"author":{"@id":"https:\/\/candas365.es\/noticias\/author\/admin\/#author"},"creator":{"@id":"https:\/\/candas365.es\/noticias\/author\/admin\/#author"},"image":{"@type":"ImageObject","url":"https:\/\/candas365.es\/noticias\/wp-content\/uploads\/2018\/11\/Cartel-Ludom\u00f3vil-2018.jpg","@id":"https:\/\/candas365.es\/noticias\/nueva-edicion-de-la-ludomovil-rural-en-carreno\/#mainImage","width":905,"height":1280},"primaryImageOfPage":{"@id":"https:\/\/candas365.es\/noticias\/nueva-edicion-de-la-ludomovil-rural-en-carreno\/#mainImage"},"datePublished":"2018-11-13T13:09:31+01:00","dateModified":"2018-11-13T13:09:31+01:00"},{"@type":"WebSite","@id":"https:\/\/candas365.es\/noticias\/#website","url":"https:\/\/candas365.es\/noticias\/","name":"Cand\u00e1s 365","alternateName":"Cand\u00e1s 365 Noticias","description":"Actualidad desde Carre\u00f1o para el mundo","inLanguage":"es-ES","publisher":{"@id":"https:\/\/candas365.es\/noticias\/#organization"}}]},"og:locale":"es_ES","og:site_name":"Cand\u00e1s 365","og:type":"article","og:title":"Nueva edici\u00f3n de la \u201cLud\u00f3movil Rural\u201d en Carre\u00f1o | Cand\u00e1s 365","og:description":"El pr\u00f3ximo lunes 26 de noviembre dar\u00e1 comienzo una nueva edici\u00f3n del Programa de ocio para los ni\u00f1os y las ni\u00f1as \u201cLud\u00f3movil Rural\u201d para el curso escolar 2018-2019. \u201cLa Ludom\u00f3vil es un proyecto, gratuito encaminado a la dinamizaci\u00f3n de la zona rural acercando a los ni\u00f1os y ni\u00f1as una serie de recursos, evitando as\u00ed el","og:url":"https:\/\/candas365.es\/noticias\/nueva-edicion-de-la-ludomovil-rural-en-carreno\/","og:image":"https:\/\/candas365.es\/noticias\/wp-content\/uploads\/2018\/11\/Cartel-Ludom\u00f3vil-2018.jpg","og:image:secure_url":"https:\/\/candas365.es\/noticias\/wp-content\/uploads\/2018\/11\/Cartel-Ludom\u00f3vil-2018.jpg","og:image:width":905,"og:image:height":1280,"article:published_time":"2018-11-13T13:09:31+00:00","article:modified_time":"2018-11-13T13:09:31+00:00","article:publisher":"https:\/\/www.facebook.com\/Nachofdezber","article:author":"https:\/\/www.facebook.com\/carrenoactualidad","twitter:card":"summary_large_image","twitter:site":"@NabercoDigital","twitter:title":"Nueva edici\u00f3n de la \u201cLud\u00f3movil Rural\u201d en Carre\u00f1o | Cand\u00e1s 365","twitter:description":"El pr\u00f3ximo lunes 26 de noviembre dar\u00e1 comienzo una nueva edici\u00f3n del Programa de ocio para los ni\u00f1os y las ni\u00f1as \u201cLud\u00f3movil Rural\u201d para el curso escolar 2018-2019. \u201cLa Ludom\u00f3vil es un proyecto, gratuito encaminado a la dinamizaci\u00f3n de la zona rural acercando a los ni\u00f1os y ni\u00f1as una serie de recursos, evitando as\u00ed el","twitter:creator":"@nbasturias","twitter:image":"https:\/\/candas365.es\/noticias\/wp-content\/uploads\/2018\/11\/Cartel-Ludom\u00f3vil-2018.jpg","twitter:label1":"Escrito por","twitter:data1":"Cand\u00e1s 365","twitter:label2":"Tiempo de lectura estimado","twitter:data2":"3 minutos"},"aioseo_meta_data":{"post_id":"109786","title":null,"description":null,"keywords":null,"keyphrases":null,"primary_term":null,"canonical_url":null,"og_title":null,"og_description":null,"og_object_type":"default","og_image_type":"default","og_image_url":null,"og_image_width":null,"og_image_height":null,"og_image_custom_url":null,"og_image_custom_fields":null,"og_video":null,"og_custom_url":null,"og_article_section":null,"og_article_tags":null,"twitter_use_og":false,"twitter_card":"default","twitter_image_type":"default","twitter_image_url":null,"twitter_image_custom_url":null,"twitter_image_custom_fields":null,"twitter_title":null,"twitter_description":null,"schema":{"blockGraphs":[],"customGraphs":[],"default":{"data":{"Article":[],"Course":[],"Dataset":[],"FAQPage":[],"Movie":[],"Person":[],"Product":[],"ProductReview":[],"Car":[],"Recipe":[],"Service":[],"SoftwareApplication":[],"WebPage":[]},"graphName":"","isEnabled":true},"graphs":[],"defaultGraph":"","defaultPostTypeGraph":""},"schema_type":null,"schema_type_options":null,"pillar_content":false,"robots_default":true,"robots_noindex":false,"robots_noarchive":false,"robots_nosnippet":false,"robots_nofollow":false,"robots_noimageindex":false,"robots_noodp":false,"robots_notranslate":false,"robots_max_snippet":null,"robots_max_videopreview":null,"robots_max_imagepreview":"large","priority":null,"frequency":null,"location":null,"local_seo":null,"seo_analyzer_scan_date":"2025-08-28 10:46:20","breadcrumb_settings":null,"limit_modified_date":false,"reviewed_by":null,"open_ai":null,"ai":null,"created":"2020-12-21 11:39:04","updated":"2025-08-28 10:46:20"},"aioseo_breadcrumb":"<div class=\"aioseo-breadcrumbs\"><span class=\"aioseo-breadcrumb\">\n\t<a href=\"https:\/\/candas365.es\/noticias\" title=\"Home\">Home<\/a>\n<\/span><span class=\"aioseo-breadcrumb-separator\">&ndash;<\/span><span class=\"aioseo-breadcrumb\">\n\t<a href=\"https:\/\/candas365.es\/noticias\/category\/noticias-carreno\/\" title=\"Noticias Carre\u00f1o\">Noticias Carre\u00f1o<\/a>\n<\/span><span class=\"aioseo-breadcrumb-separator\">&ndash;<\/span><span class=\"aioseo-breadcrumb\">\n\tNueva edici\u00f3n de la \u201cLud\u00f3movil Rural\u201d en Carre\u00f1o\n<\/span><\/div>","aioseo_breadcrumb_json":[{"label":"Home","link":"https:\/\/candas365.es\/noticias"},{"label":"Noticias Carre\u00f1o","link":"https:\/\/candas365.es\/noticias\/category\/noticias-carreno\/"},{"label":"Nueva edici\u00f3n de la \u201cLud\u00f3movil Rural\u201d en Carre\u00f1o","link":"https:\/\/candas365.es\/noticias\/nueva-edicion-de-la-ludomovil-rural-en-carreno\/"}],"_links":{"self":[{"href":"https:\/\/candas365.es\/noticias\/wp-json\/wp\/v2\/posts\/109786","targetHints":{"allow":["GET"]}}],"collection":[{"href":"https:\/\/candas365.es\/noticias\/wp-json\/wp\/v2\/posts"}],"about":[{"href":"https:\/\/candas365.es\/noticias\/wp-json\/wp\/v2\/types\/post"}],"author":[{"embeddable":true,"href":"https:\/\/candas365.es\/noticias\/wp-json\/wp\/v2\/users\/1"}],"replies":[{"embeddable":true,"href":"https:\/\/candas365.es\/noticias\/wp-json\/wp\/v2\/comments?post=109786"}],"version-history":[{"count":0,"href":"https:\/\/candas365.es\/noticias\/wp-json\/wp\/v2\/posts\/109786\/revisions"}],"wp:featuredmedia":[{"embeddable":true,"href":"https:\/\/candas365.es\/noticias\/wp-json\/wp\/v2\/media\/109787"}],"wp:attachment":[{"href":"https:\/\/candas365.es\/noticias\/wp-json\/wp\/v2\/media?parent=109786"}],"wp:term":[{"taxonomy":"category","embeddable":true,"href":"https:\/\/candas365.es\/noticias\/wp-json\/wp\/v2\/categories?post=109786"},{"taxonomy":"post_tag","embeddable":true,"href":"https:\/\/candas365.es\/noticias\/wp-json\/wp\/v2\/tags?post=109786"}],"curies":[{"name":"wp","href":"https:\/\/api.w.org\/{rel}","templated":true}]}}