{"id":109784,"date":"2018-11-13T13:07:00","date_gmt":"2018-11-13T13:07:00","guid":{"rendered":"http:\/\/candas365.es\/noticias\/?p=109784"},"modified":"2018-11-13T13:10:35","modified_gmt":"2018-11-13T13:10:35","slug":"carreno-acoge-a-los-alumnos-de-pedagogia-en-practicas","status":"publish","type":"post","link":"https:\/\/candas365.es\/noticias\/carreno-acoge-a-los-alumnos-de-pedagogia-en-practicas\/","title":{"rendered":"Carre\u00f1o acoge a los alumnos de pedagog\u00eda en pr\u00e1cticas"},"content":{"rendered":"<p><img fetchpriority=\"high\" decoding=\"async\" class=\"alignleft size-medium wp-image-6453\" src=\"https:\/\/candas365.es\/noticias\/wp-content\/uploads\/2015\/01\/ayuntamiento-360x270.jpg\" alt=\"\" width=\"360\" height=\"270\" srcset=\"https:\/\/candas365.es\/noticias\/wp-content\/uploads\/2015\/01\/ayuntamiento-360x270.jpg 360w, https:\/\/candas365.es\/noticias\/wp-content\/uploads\/2015\/01\/ayuntamiento-640x480.jpg 640w, https:\/\/candas365.es\/noticias\/wp-content\/uploads\/2015\/01\/ayuntamiento-768x576.jpg 768w, https:\/\/candas365.es\/noticias\/wp-content\/uploads\/2015\/01\/ayuntamiento-150x113.jpg 150w, https:\/\/candas365.es\/noticias\/wp-content\/uploads\/2015\/01\/ayuntamiento-450x338.jpg 450w, https:\/\/candas365.es\/noticias\/wp-content\/uploads\/2015\/01\/ayuntamiento-80x60.jpg 80w, https:\/\/candas365.es\/noticias\/wp-content\/uploads\/2015\/01\/ayuntamiento-265x198.jpg 265w, https:\/\/candas365.es\/noticias\/wp-content\/uploads\/2015\/01\/ayuntamiento-696x522.jpg 696w, https:\/\/candas365.es\/noticias\/wp-content\/uploads\/2015\/01\/ayuntamiento-560x420.jpg 560w, https:\/\/candas365.es\/noticias\/wp-content\/uploads\/2015\/01\/ayuntamiento-90x67.jpg 90w, https:\/\/candas365.es\/noticias\/wp-content\/uploads\/2015\/01\/ayuntamiento.jpg 800w\" sizes=\"(max-width: 360px) 100vw, 360px\" \/>Con el fin de contribuir a la formaci\u00f3n integral del alumnado universitario, en los \u00faltimos a\u00f1os varios han sido los acuerdos del Consistorio con instituciones educativas, entre ellos cabe destacar con la Universidad de Oviedo, la Escuela polit\u00e9cnica de Mieres, Escuela Superior de Arte del Ppdo. de Asturias, Fundaci\u00f3n Metal, Instituto de Formaci\u00f3n y Estudios Sociales de Oviedo, Universidad Rey Juan Carlos I de Madrid, con la UNED\u2026<\/p>\n<p>Fruto de esos acuerdos el Ayuntamiento de Carre\u00f1o vuelve a ser entidad colaboradora con la Universidad de Oviedo acogiendo al alumnado del Grado de Pedagog\u00eda en la realizaci\u00f3n de las pr\u00e1cticas externas de la asignatura \u201cPracticum\u201d para curso acad\u00e9mico 2018-2019.<\/p>\n<p>\u201cLas pr\u00e1cticas externas constituyen una actividad de naturaleza formativa realizada por el alumnado universitario y supervisadas por la Instituci\u00f3n Acad\u00e9mica, cuyo objetivo es permitir a estos y estas aplicar y complementar los conocimientos adquiridos en su formaci\u00f3n acad\u00e9mica, favoreciendo la adquisici\u00f3n de competencias que les preparen para el ejercicio de actividades profesionales, faciliten su empleabilidad y fomenten su capacidad de emprendimiento\u201d coment\u00f3 Cecilia Tasc\u00f3n-coment\u00f3 Cecilia Tasc\u00f3n<\/p>\n<p>\u201cPracticum\u201d es una asignatura de pr\u00e1cticas externas que se desarrolla en el segundo cuatrimestre en el cuarto curso del Grado de Pedagog\u00eda. Es de car\u00e1cter fundamentalmente pr\u00e1ctico y constituye el momento de inmersi\u00f3n de la comunidad estudiantil de Pedagog\u00eda en los contextos de trabajo reales con la finalidad de complementar la formaci\u00f3n adquirida en la Facultad<\/p>\n<p>La duraci\u00f3n de las pr\u00e1cticas externa ser\u00e1 un total de 240 horas divididas en dos per\u00edodos: el primero del 12 de noviembre al 14 de diciembre de 2018, mientras que el segundo del 22 de enero al 22 febrero de 2019. Per\u00edodos en los que la persona en pr\u00e1cticas se incorporar\u00e1 al departamento de Recursos Humanos.<\/p>\n<p>\u201cEl objetivo fundamental de este programa educativo es desarrollar las competencias profesionales de los pedagogos y pedagogas, observando, analizando e interviniendo en la realidad bajo la tutela de profesionales y un tutor\/a acad\u00e9mico\/a que acompa\u00f1an y gu\u00edan a la persona en pr\u00e1cticas durante este per\u00edodo, facilit\u00e1ndole el establecimiento de relaciones entre los aprendizajes realizados en la Facultad y la pr\u00e1ctica, y de dotar de sentido a los contenidos te\u00f3ricos-pr\u00e1cticos de las asignaturas del t\u00edtulo\u201d &#8211; prosigui\u00f3 Tasc\u00f3n<\/p>\n<p>\u201cLa renovaci\u00f3n de nuestro acuerdo con la Universidad asturiana se suma al firmado con la Universidad Juan Carlos I de Madrid o con la UNED, ampliando nuestro compromiso con la empleabilidad y la formaci\u00f3n del alumnado universitario. La m\u00e1xima empleabilidad de los titulados\/as no puede ser posible sin el compromiso, la colaboraci\u00f3n y el trabajo de instituciones como el Ayuntamiento de Carre\u00f1o\u201d &#8211; finaliz\u00f3 la edil de Recursos Humanos.<\/p>\n","protected":false},"excerpt":{"rendered":"<p>Con el fin de contribuir a la formaci\u00f3n integral del alumnado universitario, en los \u00faltimos a\u00f1os varios han sido los acuerdos del Consistorio con instituciones educativas, entre ellos cabe destacar con la Universidad de Oviedo, la Escuela polit\u00e9cnica de Mieres, Escuela Superior de Arte del Ppdo. de Asturias, Fundaci\u00f3n Metal, Instituto de Formaci\u00f3n y Estudios<\/p>\n","protected":false},"author":1,"featured_media":6453,"comment_status":"closed","ping_status":"closed","sticky":false,"template":"","format":"standard","meta":{"footnotes":""},"categories":[2],"tags":[],"class_list":{"0":"post-109784","1":"post","2":"type-post","3":"status-publish","4":"format-standard","5":"has-post-thumbnail","7":"category-noticias-carreno"},"aioseo_notices":[],"aioseo_head":"\n\t\t<!-- All in One SEO Pro 4.9.6.2 - aioseo.com -->\n\t<meta name=\"description\" content=\"Con el fin de contribuir a la formaci\u00f3n integral del alumnado universitario, en los \u00faltimos a\u00f1os varios han sido los acuerdos del Consistorio con instituciones educativas, entre ellos cabe destacar con la Universidad de Oviedo, la Escuela polit\u00e9cnica de Mieres, Escuela Superior de Arte del Ppdo. de Asturias, Fundaci\u00f3n Metal, Instituto de Formaci\u00f3n y Estudios\" \/>\n\t<meta name=\"robots\" content=\"max-image-preview:large\" \/>\n\t<meta name=\"author\" content=\"Cand\u00e1s 365\"\/>\n\t<meta name=\"google-site-verification\" content=\"UA-32230408-1\" \/>\n\t<meta name=\"msvalidate.01\" content=\"354F3CDFB2DA171B47FBE9ABF1F88D5\" \/>\n\t<meta name=\"keywords\" content=\"noticias carre\u00f1o\" \/>\n\t<link rel=\"canonical\" href=\"https:\/\/candas365.es\/noticias\/carreno-acoge-a-los-alumnos-de-pedagogia-en-practicas\/\" \/>\n\t<meta name=\"generator\" content=\"All in One SEO Pro (AIOSEO) 4.9.6.2\" \/>\n\t\t<meta property=\"og:locale\" content=\"es_ES\" \/>\n\t\t<meta property=\"og:site_name\" content=\"Cand\u00e1s 365\" \/>\n\t\t<meta property=\"og:type\" content=\"article\" \/>\n\t\t<meta property=\"og:title\" content=\"Carre\u00f1o acoge a los alumnos de pedagog\u00eda en pr\u00e1cticas | Cand\u00e1s 365\" \/>\n\t\t<meta property=\"og:description\" content=\"Con el fin de contribuir a la formaci\u00f3n integral del alumnado universitario, en los \u00faltimos a\u00f1os varios han sido los acuerdos del Consistorio con instituciones educativas, entre ellos cabe destacar con la Universidad de Oviedo, la Escuela polit\u00e9cnica de Mieres, Escuela Superior de Arte del Ppdo. de Asturias, Fundaci\u00f3n Metal, Instituto de Formaci\u00f3n y Estudios\" \/>\n\t\t<meta property=\"og:url\" content=\"https:\/\/candas365.es\/noticias\/carreno-acoge-a-los-alumnos-de-pedagogia-en-practicas\/\" \/>\n\t\t<meta property=\"og:image\" content=\"https:\/\/candas365.es\/noticias\/wp-content\/uploads\/2015\/01\/ayuntamiento.jpg\" \/>\n\t\t<meta property=\"og:image:secure_url\" content=\"https:\/\/candas365.es\/noticias\/wp-content\/uploads\/2015\/01\/ayuntamiento.jpg\" \/>\n\t\t<meta property=\"og:image:width\" content=\"800\" \/>\n\t\t<meta property=\"og:image:height\" content=\"600\" \/>\n\t\t<meta property=\"article:published_time\" content=\"2018-11-13T13:07:00+00:00\" \/>\n\t\t<meta property=\"article:modified_time\" content=\"2018-11-13T13:10:35+00:00\" \/>\n\t\t<meta property=\"article:publisher\" content=\"https:\/\/www.facebook.com\/Nachofdezber\" \/>\n\t\t<meta property=\"article:author\" content=\"https:\/\/www.facebook.com\/carrenoactualidad\" \/>\n\t\t<meta name=\"twitter:card\" content=\"summary_large_image\" \/>\n\t\t<meta name=\"twitter:site\" content=\"@NabercoDigital\" \/>\n\t\t<meta name=\"twitter:title\" content=\"Carre\u00f1o acoge a los alumnos de pedagog\u00eda en pr\u00e1cticas | Cand\u00e1s 365\" \/>\n\t\t<meta name=\"twitter:description\" content=\"Con el fin de contribuir a la formaci\u00f3n integral del alumnado universitario, en los \u00faltimos a\u00f1os varios han sido los acuerdos del Consistorio con instituciones educativas, entre ellos cabe destacar con la Universidad de Oviedo, la Escuela polit\u00e9cnica de Mieres, Escuela Superior de Arte del Ppdo. de Asturias, Fundaci\u00f3n Metal, Instituto de Formaci\u00f3n y Estudios\" \/>\n\t\t<meta name=\"twitter:creator\" content=\"@nbasturias\" \/>\n\t\t<meta name=\"twitter:image\" content=\"https:\/\/candas365.es\/noticias\/wp-content\/uploads\/2015\/01\/ayuntamiento.jpg\" \/>\n\t\t<meta name=\"twitter:label1\" content=\"Escrito por\" \/>\n\t\t<meta name=\"twitter:data1\" content=\"Cand\u00e1s 365\" \/>\n\t\t<meta name=\"twitter:label2\" content=\"Tiempo de lectura estimado\" \/>\n\t\t<meta name=\"twitter:data2\" content=\"2 minutos\" \/>\n\t\t<script type=\"application\/ld+json\" class=\"aioseo-schema\">\n\t\t\t{\"@context\":\"https:\\\/\\\/schema.org\",\"@graph\":[{\"@type\":\"BreadcrumbList\",\"@id\":\"https:\\\/\\\/candas365.es\\\/noticias\\\/carreno-acoge-a-los-alumnos-de-pedagogia-en-practicas\\\/#breadcrumblist\",\"itemListElement\":[{\"@type\":\"ListItem\",\"@id\":\"https:\\\/\\\/candas365.es\\\/noticias#listItem\",\"position\":1,\"name\":\"Home\",\"item\":\"https:\\\/\\\/candas365.es\\\/noticias\",\"nextItem\":{\"@type\":\"ListItem\",\"@id\":\"https:\\\/\\\/candas365.es\\\/noticias\\\/category\\\/noticias-carreno\\\/#listItem\",\"name\":\"Noticias Carre\\u00f1o\"}},{\"@type\":\"ListItem\",\"@id\":\"https:\\\/\\\/candas365.es\\\/noticias\\\/category\\\/noticias-carreno\\\/#listItem\",\"position\":2,\"name\":\"Noticias Carre\\u00f1o\",\"item\":\"https:\\\/\\\/candas365.es\\\/noticias\\\/category\\\/noticias-carreno\\\/\",\"nextItem\":{\"@type\":\"ListItem\",\"@id\":\"https:\\\/\\\/candas365.es\\\/noticias\\\/carreno-acoge-a-los-alumnos-de-pedagogia-en-practicas\\\/#listItem\",\"name\":\"Carre\\u00f1o acoge a los alumnos de pedagog\\u00eda en pr\\u00e1cticas\"},\"previousItem\":{\"@type\":\"ListItem\",\"@id\":\"https:\\\/\\\/candas365.es\\\/noticias#listItem\",\"name\":\"Home\"}},{\"@type\":\"ListItem\",\"@id\":\"https:\\\/\\\/candas365.es\\\/noticias\\\/carreno-acoge-a-los-alumnos-de-pedagogia-en-practicas\\\/#listItem\",\"position\":3,\"name\":\"Carre\\u00f1o acoge a los alumnos de pedagog\\u00eda en pr\\u00e1cticas\",\"previousItem\":{\"@type\":\"ListItem\",\"@id\":\"https:\\\/\\\/candas365.es\\\/noticias\\\/category\\\/noticias-carreno\\\/#listItem\",\"name\":\"Noticias Carre\\u00f1o\"}}]},{\"@type\":\"NewsArticle\",\"@id\":\"https:\\\/\\\/candas365.es\\\/noticias\\\/carreno-acoge-a-los-alumnos-de-pedagogia-en-practicas\\\/#newsarticle\",\"name\":\"Carre\\u00f1o acoge a los alumnos de pedagog\\u00eda en pr\\u00e1cticas | Cand\\u00e1s 365\",\"headline\":\"Carre\\u00f1o acoge a los alumnos de pedagog\\u00eda en pr\\u00e1cticas\",\"author\":{\"@id\":\"https:\\\/\\\/candas365.es\\\/noticias\\\/author\\\/admin\\\/#author\"},\"publisher\":{\"@id\":\"https:\\\/\\\/candas365.es\\\/noticias\\\/#organization\"},\"image\":{\"@type\":\"ImageObject\",\"url\":\"https:\\\/\\\/candas365.es\\\/noticias\\\/wp-content\\\/uploads\\\/2015\\\/01\\\/ayuntamiento.jpg\",\"width\":800,\"height\":600,\"caption\":\"Carre\\u00f1o\"},\"datePublished\":\"2018-11-13T13:07:00+01:00\",\"dateModified\":\"2018-11-13T13:10:35+01:00\",\"inLanguage\":\"es-ES\",\"mainEntityOfPage\":{\"@id\":\"https:\\\/\\\/candas365.es\\\/noticias\\\/carreno-acoge-a-los-alumnos-de-pedagogia-en-practicas\\\/#webpage\"},\"isPartOf\":{\"@id\":\"https:\\\/\\\/candas365.es\\\/noticias\\\/carreno-acoge-a-los-alumnos-de-pedagogia-en-practicas\\\/#webpage\"},\"articleSection\":\"Noticias Carre\\u00f1o\",\"dateline\":\"Publicado el noviembre 13, 2018.\"},{\"@type\":\"Organization\",\"@id\":\"https:\\\/\\\/candas365.es\\\/noticias\\\/#organization\",\"name\":\"Cand\\u00e1s 365\",\"description\":\"Cand\\u00e1s 365 es un diario digital independiente, fundado en 2012, con base en Asturias. Informamos con rigor sobre actualidad, sociedad, cultura y ocio, con una mirada local y global.\",\"url\":\"https:\\\/\\\/candas365.es\\\/noticias\\\/\",\"email\":\"info@candas365.es\",\"telephone\":\"+34652131393\",\"foundingDate\":\"2012-06-10\",\"logo\":{\"@type\":\"ImageObject\",\"url\":\"https:\\\/\\\/candas365.es\\\/noticias\\\/wp-content\\\/uploads\\\/2024\\\/09\\\/Candas-365-Redes.jpg\",\"@id\":\"https:\\\/\\\/candas365.es\\\/noticias\\\/carreno-acoge-a-los-alumnos-de-pedagogia-en-practicas\\\/#organizationLogo\",\"width\":1152,\"height\":864,\"caption\":\"Cand\\u00e1s 365 Redes\"},\"image\":{\"@id\":\"https:\\\/\\\/candas365.es\\\/noticias\\\/carreno-acoge-a-los-alumnos-de-pedagogia-en-practicas\\\/#organizationLogo\"},\"sameAs\":[\"https:\\\/\\\/www.facebook.com\\\/Nachofdezber\",\"https:\\\/\\\/x.com\\\/NabercoDigital\",\"https:\\\/\\\/www.instagram.com\\\/nachofdezber\\\/\",\"https:\\\/\\\/www.youtube.com\\\/channel\\\/UCZP-2wLEB9Rv6erhFmqVnvg\"],\"address\":{\"@id\":\"https:\\\/\\\/candas365.es\\\/noticias\\\/#postaladdress\",\"@type\":\"PostalAddress\",\"streetAddress\":\"san antonio 4, san antonio 4\",\"postalCode\":\"33430\",\"addressLocality\":\"Cand\\u00e1s\",\"addressRegion\":\"Asturias\",\"addressCountry\":\"ES\"}},{\"@type\":\"Person\",\"@id\":\"https:\\\/\\\/candas365.es\\\/noticias\\\/author\\\/admin\\\/#author\",\"url\":\"https:\\\/\\\/candas365.es\\\/noticias\\\/author\\\/admin\\\/\",\"name\":\"Cand\\u00e1s 365\",\"image\":{\"@type\":\"ImageObject\",\"@id\":\"https:\\\/\\\/candas365.es\\\/noticias\\\/carreno-acoge-a-los-alumnos-de-pedagogia-en-practicas\\\/#authorImage\",\"url\":\"https:\\\/\\\/secure.gravatar.com\\\/avatar\\\/496a8e03d0c493ede1718b7934145dbdf8d89be1036b0eec9544e1094c9de390?s=96&d=mm&r=g\",\"width\":96,\"height\":96,\"caption\":\"Cand\\u00e1s 365\"},\"sameAs\":[\"https:\\\/\\\/www.facebook.com\\\/carrenoactualidad\",\"https:\\\/\\\/twitter.com\\\/nbasturias\",\"https:\\\/\\\/www.instagram.com\\\/nachofdezber\\\/\",\"https:\\\/\\\/www.youtube.com\\\/channel\\\/UCZP-2wLEB9Rv6erhFmqVnvg\"]},{\"@type\":\"WebPage\",\"@id\":\"https:\\\/\\\/candas365.es\\\/noticias\\\/carreno-acoge-a-los-alumnos-de-pedagogia-en-practicas\\\/#webpage\",\"url\":\"https:\\\/\\\/candas365.es\\\/noticias\\\/carreno-acoge-a-los-alumnos-de-pedagogia-en-practicas\\\/\",\"name\":\"Carre\\u00f1o acoge a los alumnos de pedagog\\u00eda en pr\\u00e1cticas | Cand\\u00e1s 365\",\"description\":\"Con el fin de contribuir a la formaci\\u00f3n integral del alumnado universitario, en los \\u00faltimos a\\u00f1os varios han sido los acuerdos del Consistorio con instituciones educativas, entre ellos cabe destacar con la Universidad de Oviedo, la Escuela polit\\u00e9cnica de Mieres, Escuela Superior de Arte del Ppdo. de Asturias, Fundaci\\u00f3n Metal, Instituto de Formaci\\u00f3n y Estudios\",\"inLanguage\":\"es-ES\",\"isPartOf\":{\"@id\":\"https:\\\/\\\/candas365.es\\\/noticias\\\/#website\"},\"breadcrumb\":{\"@id\":\"https:\\\/\\\/candas365.es\\\/noticias\\\/carreno-acoge-a-los-alumnos-de-pedagogia-en-practicas\\\/#breadcrumblist\"},\"author\":{\"@id\":\"https:\\\/\\\/candas365.es\\\/noticias\\\/author\\\/admin\\\/#author\"},\"creator\":{\"@id\":\"https:\\\/\\\/candas365.es\\\/noticias\\\/author\\\/admin\\\/#author\"},\"image\":{\"@type\":\"ImageObject\",\"url\":\"https:\\\/\\\/candas365.es\\\/noticias\\\/wp-content\\\/uploads\\\/2015\\\/01\\\/ayuntamiento.jpg\",\"@id\":\"https:\\\/\\\/candas365.es\\\/noticias\\\/carreno-acoge-a-los-alumnos-de-pedagogia-en-practicas\\\/#mainImage\",\"width\":800,\"height\":600,\"caption\":\"Carre\\u00f1o\"},\"primaryImageOfPage\":{\"@id\":\"https:\\\/\\\/candas365.es\\\/noticias\\\/carreno-acoge-a-los-alumnos-de-pedagogia-en-practicas\\\/#mainImage\"},\"datePublished\":\"2018-11-13T13:07:00+01:00\",\"dateModified\":\"2018-11-13T13:10:35+01:00\"},{\"@type\":\"WebSite\",\"@id\":\"https:\\\/\\\/candas365.es\\\/noticias\\\/#website\",\"url\":\"https:\\\/\\\/candas365.es\\\/noticias\\\/\",\"name\":\"Cand\\u00e1s 365\",\"alternateName\":\"Cand\\u00e1s 365 Noticias\",\"description\":\"Actualidad desde Carre\\u00f1o para el mundo\",\"inLanguage\":\"es-ES\",\"publisher\":{\"@id\":\"https:\\\/\\\/candas365.es\\\/noticias\\\/#organization\"}}]}\n\t\t<\/script>\n\t\t<!-- All in One SEO Pro -->\r\n\t\t<title>Carre\u00f1o acoge a los alumnos de pedagog\u00eda en pr\u00e1cticas | Cand\u00e1s 365<\/title>\n\n","aioseo_head_json":{"title":"Carre\u00f1o acoge a los alumnos de pedagog\u00eda en pr\u00e1cticas | Cand\u00e1s 365","description":"Con el fin de contribuir a la formaci\u00f3n integral del alumnado universitario, en los \u00faltimos a\u00f1os varios han sido los acuerdos del Consistorio con instituciones educativas, entre ellos cabe destacar con la Universidad de Oviedo, la Escuela polit\u00e9cnica de Mieres, Escuela Superior de Arte del Ppdo. de Asturias, Fundaci\u00f3n Metal, Instituto de Formaci\u00f3n y Estudios","canonical_url":"https:\/\/candas365.es\/noticias\/carreno-acoge-a-los-alumnos-de-pedagogia-en-practicas\/","robots":"max-image-preview:large","keywords":"noticias carre\u00f1o","webmasterTools":{"google-site-verification":"UA-32230408-1","msvalidate.01":"354F3CDFB2DA171B47FBE9ABF1F88D5","miscellaneous":""},"schema":{"@context":"https:\/\/schema.org","@graph":[{"@type":"BreadcrumbList","@id":"https:\/\/candas365.es\/noticias\/carreno-acoge-a-los-alumnos-de-pedagogia-en-practicas\/#breadcrumblist","itemListElement":[{"@type":"ListItem","@id":"https:\/\/candas365.es\/noticias#listItem","position":1,"name":"Home","item":"https:\/\/candas365.es\/noticias","nextItem":{"@type":"ListItem","@id":"https:\/\/candas365.es\/noticias\/category\/noticias-carreno\/#listItem","name":"Noticias Carre\u00f1o"}},{"@type":"ListItem","@id":"https:\/\/candas365.es\/noticias\/category\/noticias-carreno\/#listItem","position":2,"name":"Noticias Carre\u00f1o","item":"https:\/\/candas365.es\/noticias\/category\/noticias-carreno\/","nextItem":{"@type":"ListItem","@id":"https:\/\/candas365.es\/noticias\/carreno-acoge-a-los-alumnos-de-pedagogia-en-practicas\/#listItem","name":"Carre\u00f1o acoge a los alumnos de pedagog\u00eda en pr\u00e1cticas"},"previousItem":{"@type":"ListItem","@id":"https:\/\/candas365.es\/noticias#listItem","name":"Home"}},{"@type":"ListItem","@id":"https:\/\/candas365.es\/noticias\/carreno-acoge-a-los-alumnos-de-pedagogia-en-practicas\/#listItem","position":3,"name":"Carre\u00f1o acoge a los alumnos de pedagog\u00eda en pr\u00e1cticas","previousItem":{"@type":"ListItem","@id":"https:\/\/candas365.es\/noticias\/category\/noticias-carreno\/#listItem","name":"Noticias Carre\u00f1o"}}]},{"@type":"NewsArticle","@id":"https:\/\/candas365.es\/noticias\/carreno-acoge-a-los-alumnos-de-pedagogia-en-practicas\/#newsarticle","name":"Carre\u00f1o acoge a los alumnos de pedagog\u00eda en pr\u00e1cticas | Cand\u00e1s 365","headline":"Carre\u00f1o acoge a los alumnos de pedagog\u00eda en pr\u00e1cticas","author":{"@id":"https:\/\/candas365.es\/noticias\/author\/admin\/#author"},"publisher":{"@id":"https:\/\/candas365.es\/noticias\/#organization"},"image":{"@type":"ImageObject","url":"https:\/\/candas365.es\/noticias\/wp-content\/uploads\/2015\/01\/ayuntamiento.jpg","width":800,"height":600,"caption":"Carre\u00f1o"},"datePublished":"2018-11-13T13:07:00+01:00","dateModified":"2018-11-13T13:10:35+01:00","inLanguage":"es-ES","mainEntityOfPage":{"@id":"https:\/\/candas365.es\/noticias\/carreno-acoge-a-los-alumnos-de-pedagogia-en-practicas\/#webpage"},"isPartOf":{"@id":"https:\/\/candas365.es\/noticias\/carreno-acoge-a-los-alumnos-de-pedagogia-en-practicas\/#webpage"},"articleSection":"Noticias Carre\u00f1o","dateline":"Publicado el noviembre 13, 2018."},{"@type":"Organization","@id":"https:\/\/candas365.es\/noticias\/#organization","name":"Cand\u00e1s 365","description":"Cand\u00e1s 365 es un diario digital independiente, fundado en 2012, con base en Asturias. Informamos con rigor sobre actualidad, sociedad, cultura y ocio, con una mirada local y global.","url":"https:\/\/candas365.es\/noticias\/","email":"info@candas365.es","telephone":"+34652131393","foundingDate":"2012-06-10","logo":{"@type":"ImageObject","url":"https:\/\/candas365.es\/noticias\/wp-content\/uploads\/2024\/09\/Candas-365-Redes.jpg","@id":"https:\/\/candas365.es\/noticias\/carreno-acoge-a-los-alumnos-de-pedagogia-en-practicas\/#organizationLogo","width":1152,"height":864,"caption":"Cand\u00e1s 365 Redes"},"image":{"@id":"https:\/\/candas365.es\/noticias\/carreno-acoge-a-los-alumnos-de-pedagogia-en-practicas\/#organizationLogo"},"sameAs":["https:\/\/www.facebook.com\/Nachofdezber","https:\/\/x.com\/NabercoDigital","https:\/\/www.instagram.com\/nachofdezber\/","https:\/\/www.youtube.com\/channel\/UCZP-2wLEB9Rv6erhFmqVnvg"],"address":{"@id":"https:\/\/candas365.es\/noticias\/#postaladdress","@type":"PostalAddress","streetAddress":"san antonio 4, san antonio 4","postalCode":"33430","addressLocality":"Cand\u00e1s","addressRegion":"Asturias","addressCountry":"ES"}},{"@type":"Person","@id":"https:\/\/candas365.es\/noticias\/author\/admin\/#author","url":"https:\/\/candas365.es\/noticias\/author\/admin\/","name":"Cand\u00e1s 365","image":{"@type":"ImageObject","@id":"https:\/\/candas365.es\/noticias\/carreno-acoge-a-los-alumnos-de-pedagogia-en-practicas\/#authorImage","url":"https:\/\/secure.gravatar.com\/avatar\/496a8e03d0c493ede1718b7934145dbdf8d89be1036b0eec9544e1094c9de390?s=96&d=mm&r=g","width":96,"height":96,"caption":"Cand\u00e1s 365"},"sameAs":["https:\/\/www.facebook.com\/carrenoactualidad","https:\/\/twitter.com\/nbasturias","https:\/\/www.instagram.com\/nachofdezber\/","https:\/\/www.youtube.com\/channel\/UCZP-2wLEB9Rv6erhFmqVnvg"]},{"@type":"WebPage","@id":"https:\/\/candas365.es\/noticias\/carreno-acoge-a-los-alumnos-de-pedagogia-en-practicas\/#webpage","url":"https:\/\/candas365.es\/noticias\/carreno-acoge-a-los-alumnos-de-pedagogia-en-practicas\/","name":"Carre\u00f1o acoge a los alumnos de pedagog\u00eda en pr\u00e1cticas | Cand\u00e1s 365","description":"Con el fin de contribuir a la formaci\u00f3n integral del alumnado universitario, en los \u00faltimos a\u00f1os varios han sido los acuerdos del Consistorio con instituciones educativas, entre ellos cabe destacar con la Universidad de Oviedo, la Escuela polit\u00e9cnica de Mieres, Escuela Superior de Arte del Ppdo. de Asturias, Fundaci\u00f3n Metal, Instituto de Formaci\u00f3n y Estudios","inLanguage":"es-ES","isPartOf":{"@id":"https:\/\/candas365.es\/noticias\/#website"},"breadcrumb":{"@id":"https:\/\/candas365.es\/noticias\/carreno-acoge-a-los-alumnos-de-pedagogia-en-practicas\/#breadcrumblist"},"author":{"@id":"https:\/\/candas365.es\/noticias\/author\/admin\/#author"},"creator":{"@id":"https:\/\/candas365.es\/noticias\/author\/admin\/#author"},"image":{"@type":"ImageObject","url":"https:\/\/candas365.es\/noticias\/wp-content\/uploads\/2015\/01\/ayuntamiento.jpg","@id":"https:\/\/candas365.es\/noticias\/carreno-acoge-a-los-alumnos-de-pedagogia-en-practicas\/#mainImage","width":800,"height":600,"caption":"Carre\u00f1o"},"primaryImageOfPage":{"@id":"https:\/\/candas365.es\/noticias\/carreno-acoge-a-los-alumnos-de-pedagogia-en-practicas\/#mainImage"},"datePublished":"2018-11-13T13:07:00+01:00","dateModified":"2018-11-13T13:10:35+01:00"},{"@type":"WebSite","@id":"https:\/\/candas365.es\/noticias\/#website","url":"https:\/\/candas365.es\/noticias\/","name":"Cand\u00e1s 365","alternateName":"Cand\u00e1s 365 Noticias","description":"Actualidad desde Carre\u00f1o para el mundo","inLanguage":"es-ES","publisher":{"@id":"https:\/\/candas365.es\/noticias\/#organization"}}]},"og:locale":"es_ES","og:site_name":"Cand\u00e1s 365","og:type":"article","og:title":"Carre\u00f1o acoge a los alumnos de pedagog\u00eda en pr\u00e1cticas | Cand\u00e1s 365","og:description":"Con el fin de contribuir a la formaci\u00f3n integral del alumnado universitario, en los \u00faltimos a\u00f1os varios han sido los acuerdos del Consistorio con instituciones educativas, entre ellos cabe destacar con la Universidad de Oviedo, la Escuela polit\u00e9cnica de Mieres, Escuela Superior de Arte del Ppdo. de Asturias, Fundaci\u00f3n Metal, Instituto de Formaci\u00f3n y Estudios","og:url":"https:\/\/candas365.es\/noticias\/carreno-acoge-a-los-alumnos-de-pedagogia-en-practicas\/","og:image":"https:\/\/candas365.es\/noticias\/wp-content\/uploads\/2015\/01\/ayuntamiento.jpg","og:image:secure_url":"https:\/\/candas365.es\/noticias\/wp-content\/uploads\/2015\/01\/ayuntamiento.jpg","og:image:width":800,"og:image:height":600,"article:published_time":"2018-11-13T13:07:00+00:00","article:modified_time":"2018-11-13T13:10:35+00:00","article:publisher":"https:\/\/www.facebook.com\/Nachofdezber","article:author":"https:\/\/www.facebook.com\/carrenoactualidad","twitter:card":"summary_large_image","twitter:site":"@NabercoDigital","twitter:title":"Carre\u00f1o acoge a los alumnos de pedagog\u00eda en pr\u00e1cticas | Cand\u00e1s 365","twitter:description":"Con el fin de contribuir a la formaci\u00f3n integral del alumnado universitario, en los \u00faltimos a\u00f1os varios han sido los acuerdos del Consistorio con instituciones educativas, entre ellos cabe destacar con la Universidad de Oviedo, la Escuela polit\u00e9cnica de Mieres, Escuela Superior de Arte del Ppdo. de Asturias, Fundaci\u00f3n Metal, Instituto de Formaci\u00f3n y Estudios","twitter:creator":"@nbasturias","twitter:image":"https:\/\/candas365.es\/noticias\/wp-content\/uploads\/2015\/01\/ayuntamiento.jpg","twitter:label1":"Escrito por","twitter:data1":"Cand\u00e1s 365","twitter:label2":"Tiempo de lectura estimado","twitter:data2":"2 minutos"},"aioseo_meta_data":{"post_id":"109784","title":null,"description":null,"keywords":null,"keyphrases":null,"primary_term":null,"canonical_url":null,"og_title":null,"og_description":null,"og_object_type":"default","og_image_type":"default","og_image_url":null,"og_image_width":null,"og_image_height":null,"og_image_custom_url":null,"og_image_custom_fields":null,"og_video":null,"og_custom_url":null,"og_article_section":null,"og_article_tags":null,"twitter_use_og":false,"twitter_card":"default","twitter_image_type":"default","twitter_image_url":null,"twitter_image_custom_url":null,"twitter_image_custom_fields":null,"twitter_title":null,"twitter_description":null,"schema":{"blockGraphs":[],"customGraphs":[],"default":{"data":{"Article":[],"Course":[],"Dataset":[],"FAQPage":[],"Movie":[],"Person":[],"Product":[],"ProductReview":[],"Car":[],"Recipe":[],"Service":[],"SoftwareApplication":[],"WebPage":[]},"graphName":"","isEnabled":true},"graphs":[],"defaultGraph":"","defaultPostTypeGraph":""},"schema_type":null,"schema_type_options":null,"pillar_content":false,"robots_default":true,"robots_noindex":false,"robots_noarchive":false,"robots_nosnippet":false,"robots_nofollow":false,"robots_noimageindex":false,"robots_noodp":false,"robots_notranslate":false,"robots_max_snippet":null,"robots_max_videopreview":null,"robots_max_imagepreview":"large","priority":null,"frequency":null,"location":null,"local_seo":null,"seo_analyzer_scan_date":"2025-08-28 10:46:19","breadcrumb_settings":null,"limit_modified_date":false,"reviewed_by":null,"open_ai":null,"ai":null,"created":"2020-12-21 11:39:04","updated":"2025-08-28 10:46:19"},"aioseo_breadcrumb":"<div class=\"aioseo-breadcrumbs\"><span class=\"aioseo-breadcrumb\">\n\t<a href=\"https:\/\/candas365.es\/noticias\" title=\"Home\">Home<\/a>\n<\/span><span class=\"aioseo-breadcrumb-separator\">&ndash;<\/span><span class=\"aioseo-breadcrumb\">\n\t<a href=\"https:\/\/candas365.es\/noticias\/category\/noticias-carreno\/\" title=\"Noticias Carre\u00f1o\">Noticias Carre\u00f1o<\/a>\n<\/span><span class=\"aioseo-breadcrumb-separator\">&ndash;<\/span><span class=\"aioseo-breadcrumb\">\n\tCarre\u00f1o acoge a los alumnos de pedagog\u00eda en pr\u00e1cticas\n<\/span><\/div>","aioseo_breadcrumb_json":[{"label":"Home","link":"https:\/\/candas365.es\/noticias"},{"label":"Noticias Carre\u00f1o","link":"https:\/\/candas365.es\/noticias\/category\/noticias-carreno\/"},{"label":"Carre\u00f1o acoge a los alumnos de pedagog\u00eda en pr\u00e1cticas","link":"https:\/\/candas365.es\/noticias\/carreno-acoge-a-los-alumnos-de-pedagogia-en-practicas\/"}],"_links":{"self":[{"href":"https:\/\/candas365.es\/noticias\/wp-json\/wp\/v2\/posts\/109784","targetHints":{"allow":["GET"]}}],"collection":[{"href":"https:\/\/candas365.es\/noticias\/wp-json\/wp\/v2\/posts"}],"about":[{"href":"https:\/\/candas365.es\/noticias\/wp-json\/wp\/v2\/types\/post"}],"author":[{"embeddable":true,"href":"https:\/\/candas365.es\/noticias\/wp-json\/wp\/v2\/users\/1"}],"replies":[{"embeddable":true,"href":"https:\/\/candas365.es\/noticias\/wp-json\/wp\/v2\/comments?post=109784"}],"version-history":[{"count":0,"href":"https:\/\/candas365.es\/noticias\/wp-json\/wp\/v2\/posts\/109784\/revisions"}],"wp:featuredmedia":[{"embeddable":true,"href":"https:\/\/candas365.es\/noticias\/wp-json\/wp\/v2\/media\/6453"}],"wp:attachment":[{"href":"https:\/\/candas365.es\/noticias\/wp-json\/wp\/v2\/media?parent=109784"}],"wp:term":[{"taxonomy":"category","embeddable":true,"href":"https:\/\/candas365.es\/noticias\/wp-json\/wp\/v2\/categories?post=109784"},{"taxonomy":"post_tag","embeddable":true,"href":"https:\/\/candas365.es\/noticias\/wp-json\/wp\/v2\/tags?post=109784"}],"curies":[{"name":"wp","href":"https:\/\/api.w.org\/{rel}","templated":true}]}}