{"id":109775,"date":"2018-11-12T22:58:49","date_gmt":"2018-11-12T22:58:49","guid":{"rendered":"http:\/\/candas365.es\/noticias\/?p=109775"},"modified":"2018-11-12T22:58:49","modified_gmt":"2018-11-12T22:58:49","slug":"max-verstappen-para-lo-bueno-y-para-lo-malo","status":"publish","type":"post","link":"https:\/\/candas365.es\/noticias\/max-verstappen-para-lo-bueno-y-para-lo-malo\/","title":{"rendered":"Max Verstappen, para lo bueno y para lo malo"},"content":{"rendered":"<p><img fetchpriority=\"high\" decoding=\"async\" src=\"https:\/\/candas365.es\/noticias\/wp-content\/uploads\/2018\/02\/formula-1-630147_1280-360x239.jpg\" alt=\"\" width=\"360\" height=\"239\" class=\"alignleft size-medium wp-image-90544\" srcset=\"https:\/\/candas365.es\/noticias\/wp-content\/uploads\/2018\/02\/formula-1-630147_1280-360x239.jpg 360w, https:\/\/candas365.es\/noticias\/wp-content\/uploads\/2018\/02\/formula-1-630147_1280-696x463.jpg 696w, https:\/\/candas365.es\/noticias\/wp-content\/uploads\/2018\/02\/formula-1-630147_1280-1068x710.jpg 1068w, https:\/\/candas365.es\/noticias\/wp-content\/uploads\/2018\/02\/formula-1-630147_1280-632x420.jpg 632w, https:\/\/candas365.es\/noticias\/wp-content\/uploads\/2018\/02\/formula-1-630147_1280-768x511.jpg 768w, https:\/\/candas365.es\/noticias\/wp-content\/uploads\/2018\/02\/formula-1-630147_1280-655x435.jpg 655w, https:\/\/candas365.es\/noticias\/wp-content\/uploads\/2018\/02\/formula-1-630147_1280.jpg 1280w\" sizes=\"(max-width: 360px) 100vw, 360px\" \/>Sao Paulo, 12 nov (dpa) &#8211; Que Max Verstappen es uno de los mayores talentos que hay en la F\u00f3rmula 1 no hay duda. Que alg\u00fan d\u00eda ser\u00e1 campe\u00f3n del mundo es la sospecha de muchos. Pero de momento, el joven de 21 a\u00f1os convive entre el cielo y el infierno.<\/p>\n<p>El holand\u00e9s de Red Bull no deja indiferente nunca a nadie. Es uno de los pilotos que m\u00e1s arriesgan, a los que no les impone respeto tener delante a un m\u00faltiple campe\u00f3n del mundo. Si hay que intentar un adelantamiento en una curva en la que s\u00f3lo existe hueco para un coche, ah\u00ed ir\u00e1 Verstappen.<\/p>\n<p>El piloto m\u00e1s joven de la historia en celebrar una victoria -ten\u00eda 18 a\u00f1os y 228 d\u00edas cuando gan\u00f3 el Gran Premio de Espa\u00f1a en 2010- estaba realizando una carrera inolvidable el domingo en el circuito de Interlagos. Tras haber partido desde la quinta posici\u00f3n, adelant\u00f3 a los dos Ferrari y a los dos Mercedes para colocarse l\u00edder. Y cuando ya \u00fanicamente ten\u00eda que aguantar la posici\u00f3n para celebrar su segunda victoria consecutiva, el franc\u00e9s Sebastian Ocon se cruz\u00f3 en su camino y le arruin\u00f3 la carrera.<\/p>\n<p>Ocon, a bordo del Force India, trat\u00f3 de desdoblarse de Verstappen en la vuelta 44 porque iba m\u00e1s r\u00e1pido que el Red Bull y acab\u00f3 chocando con el holand\u00e9s, que se baj\u00f3 del coche hecho una furia tras terminar segundo por detr\u00e1s de Lewis Hamilton. \u00abTen\u00eda derecho a desdoblarse, pero lo tiene que hacer con cuidado. Siempre ha sido un idiota\u00bb, dijo de Ocon. \u00abEspero que no se cruce conmigo en el &#8216;paddock'\u00bb.<\/p>\n<p>Finalmente se encontraron durante el pesaje obligatorio de la Federaci\u00f3n Internacional de Automovilismo (FIA). Y en las im\u00e1genes que emiti\u00f3 Canal+ Francia se vio a Verstappen increpar y empujar a Ocon. \u00abMe ha empujado y despu\u00e9s quer\u00eda darme un pu\u00f1etazo. Eso no es profesional\u00bb, asegur\u00f3 el piloto de Force India, que defiende que no hizo nada mal en su adelantamiento.<\/p>\n<p>La FIA emiti\u00f3 en la noche del domingo un comunicado en el que aseguraba entender el enfado de Verstappen, pero reprob\u00f3 su comportamiento y le sancion\u00f3 con dos d\u00edas de trabajos comunitarios.<\/p>\n<p>Pero Verstappen ya hab\u00eda dejado claro cu\u00e1l fue su verdadero castigo. \u00abLa sanci\u00f3n que me han puesto hoy es que he perdido la victoria. Espero que dentro de 15 a\u00f1os nos podamos re\u00edr de esto\u00bb.<\/p>\n<p>Todo eso es el holand\u00e9s, uno de los mejores pilotos y un hombre de car\u00e1cter indomable. \u00abVerstappen, \u00e1ngel y demonio\u00bb, escribi\u00f3 hoy el diario \u00abMarca\u00bb.<\/p>\n<p>\u00abAh\u00ed hay un futuro campe\u00f3n. Tiene un talento incre\u00edble y tiene velocidad\u00bb, dijo en Sao Paulo el jefe de Mercedes, Toto Wolff. \u00abNo se pueden acelerar las cosas porque esto es un proceso de aprendizaje\u00bb, a\u00f1adi\u00f3.<\/p>\n<p>\u00ab\u00bfDeber\u00eda haber tenido Verstappen m\u00e1s cuidado? Quiz\u00e1s, pero el piloto que iba tan atr\u00e1s deber\u00eda haber sido m\u00e1s cauteloso. Era el d\u00e9cimo sexto de 18 coches en ese momento\u00bb, indic\u00f3 el brit\u00e1nico \u00abMail Online\u00bb sobre Ocon.<\/p>\n<p>\u00abTodos vivimos el deporte con pasi\u00f3n\u00bb, se\u00f1al\u00f3 Verstappen tras el incidente en el garaje de la FIA. \u00abSer\u00eda extra\u00f1o si me hubiera acercado a \u00e9l para darle la mano\u00bb.<\/p>\n<p>No es la primera vez que Verstappen y Ocon acaban una carrera as\u00ed. De sus tiempos en la F\u00f3rmula 3 tambi\u00e9n hay episodios similares. \u00abEstoy acostumbrado a las luchas con Max, siempre ha sido as\u00ed\u00bb, coment\u00f3 Ocon, de 22 a\u00f1os.<\/p>\n<p>\u00abHay una larga historia detr\u00e1s de los dos\u00bb, constat\u00f3 el jefe de Red Bull, Christian Horner. \u00abNo toleramos las peleas, pero s\u00ed comprendemos algunas emociones\u00bb.<\/p>\n<p>Por Martin Moravec (dpa)<\/p>\n","protected":false},"excerpt":{"rendered":"<p>Sao Paulo, 12 nov (dpa) &#8211; Que Max Verstappen es uno de los mayores talentos que hay en la F\u00f3rmula 1 no hay duda. Que alg\u00fan d\u00eda ser\u00e1 campe\u00f3n del mundo es la sospecha de muchos. Pero de momento, el joven de 21 a\u00f1os convive entre el cielo y el infierno. El holand\u00e9s de Red<\/p>\n","protected":false},"author":1,"featured_media":90544,"comment_status":"closed","ping_status":"closed","sticky":false,"template":"","format":"standard","meta":{"footnotes":""},"categories":[319],"tags":[],"class_list":{"0":"post-109775","1":"post","2":"type-post","3":"status-publish","4":"format-standard","5":"has-post-thumbnail","7":"category-deporte"},"aioseo_notices":[],"aioseo_head":"\n\t\t<!-- All in One SEO Pro 4.9.6.2 - aioseo.com -->\n\t<meta name=\"description\" content=\"Sao Paulo, 12 nov (dpa) - Que Max Verstappen es uno de los mayores talentos que hay en la F\u00f3rmula 1 no hay duda. Que alg\u00fan d\u00eda ser\u00e1 campe\u00f3n del mundo es la sospecha de muchos. Pero de momento, el joven de 21 a\u00f1os convive entre el cielo y el infierno. El holand\u00e9s de Red\" \/>\n\t<meta name=\"robots\" content=\"max-image-preview:large\" \/>\n\t<meta name=\"author\" content=\"Cand\u00e1s 365\"\/>\n\t<meta name=\"google-site-verification\" content=\"UA-32230408-1\" \/>\n\t<meta name=\"msvalidate.01\" content=\"354F3CDFB2DA171B47FBE9ABF1F88D5\" \/>\n\t<meta name=\"keywords\" content=\"deporte\" \/>\n\t<link rel=\"canonical\" href=\"https:\/\/candas365.es\/noticias\/max-verstappen-para-lo-bueno-y-para-lo-malo\/\" \/>\n\t<meta name=\"generator\" content=\"All in One SEO Pro (AIOSEO) 4.9.6.2\" \/>\n\t\t<meta property=\"og:locale\" content=\"es_ES\" \/>\n\t\t<meta property=\"og:site_name\" content=\"Cand\u00e1s 365\" \/>\n\t\t<meta property=\"og:type\" content=\"article\" \/>\n\t\t<meta property=\"og:title\" content=\"Max Verstappen, para lo bueno y para lo malo | Cand\u00e1s 365\" \/>\n\t\t<meta property=\"og:description\" content=\"Sao Paulo, 12 nov (dpa) - Que Max Verstappen es uno de los mayores talentos que hay en la F\u00f3rmula 1 no hay duda. Que alg\u00fan d\u00eda ser\u00e1 campe\u00f3n del mundo es la sospecha de muchos. Pero de momento, el joven de 21 a\u00f1os convive entre el cielo y el infierno. El holand\u00e9s de Red\" \/>\n\t\t<meta property=\"og:url\" content=\"https:\/\/candas365.es\/noticias\/max-verstappen-para-lo-bueno-y-para-lo-malo\/\" \/>\n\t\t<meta property=\"og:image\" content=\"https:\/\/candas365.es\/noticias\/wp-content\/uploads\/2018\/02\/formula-1-630147_1280.jpg\" \/>\n\t\t<meta property=\"og:image:secure_url\" content=\"https:\/\/candas365.es\/noticias\/wp-content\/uploads\/2018\/02\/formula-1-630147_1280.jpg\" \/>\n\t\t<meta property=\"og:image:width\" content=\"1280\" \/>\n\t\t<meta property=\"og:image:height\" content=\"851\" \/>\n\t\t<meta property=\"article:published_time\" content=\"2018-11-12T22:58:49+00:00\" \/>\n\t\t<meta property=\"article:modified_time\" content=\"2018-11-12T22:58:49+00:00\" \/>\n\t\t<meta property=\"article:publisher\" content=\"https:\/\/www.facebook.com\/Nachofdezber\" \/>\n\t\t<meta property=\"article:author\" content=\"https:\/\/www.facebook.com\/carrenoactualidad\" \/>\n\t\t<meta name=\"twitter:card\" content=\"summary_large_image\" \/>\n\t\t<meta name=\"twitter:site\" content=\"@NabercoDigital\" \/>\n\t\t<meta name=\"twitter:title\" content=\"Max Verstappen, para lo bueno y para lo malo | Cand\u00e1s 365\" \/>\n\t\t<meta name=\"twitter:description\" content=\"Sao Paulo, 12 nov (dpa) - Que Max Verstappen es uno de los mayores talentos que hay en la F\u00f3rmula 1 no hay duda. Que alg\u00fan d\u00eda ser\u00e1 campe\u00f3n del mundo es la sospecha de muchos. Pero de momento, el joven de 21 a\u00f1os convive entre el cielo y el infierno. El holand\u00e9s de Red\" \/>\n\t\t<meta name=\"twitter:creator\" content=\"@nbasturias\" \/>\n\t\t<meta name=\"twitter:image\" content=\"https:\/\/candas365.es\/noticias\/wp-content\/uploads\/2018\/02\/formula-1-630147_1280.jpg\" \/>\n\t\t<meta name=\"twitter:label1\" content=\"Escrito por\" \/>\n\t\t<meta name=\"twitter:data1\" content=\"Cand\u00e1s 365\" \/>\n\t\t<meta name=\"twitter:label2\" content=\"Tiempo de lectura estimado\" \/>\n\t\t<meta name=\"twitter:data2\" content=\"3 minutos\" \/>\n\t\t<script type=\"application\/ld+json\" class=\"aioseo-schema\">\n\t\t\t{\"@context\":\"https:\\\/\\\/schema.org\",\"@graph\":[{\"@type\":\"BreadcrumbList\",\"@id\":\"https:\\\/\\\/candas365.es\\\/noticias\\\/max-verstappen-para-lo-bueno-y-para-lo-malo\\\/#breadcrumblist\",\"itemListElement\":[{\"@type\":\"ListItem\",\"@id\":\"https:\\\/\\\/candas365.es\\\/noticias#listItem\",\"position\":1,\"name\":\"Home\",\"item\":\"https:\\\/\\\/candas365.es\\\/noticias\",\"nextItem\":{\"@type\":\"ListItem\",\"@id\":\"https:\\\/\\\/candas365.es\\\/noticias\\\/category\\\/deporte\\\/#listItem\",\"name\":\"Deporte\"}},{\"@type\":\"ListItem\",\"@id\":\"https:\\\/\\\/candas365.es\\\/noticias\\\/category\\\/deporte\\\/#listItem\",\"position\":2,\"name\":\"Deporte\",\"item\":\"https:\\\/\\\/candas365.es\\\/noticias\\\/category\\\/deporte\\\/\",\"nextItem\":{\"@type\":\"ListItem\",\"@id\":\"https:\\\/\\\/candas365.es\\\/noticias\\\/max-verstappen-para-lo-bueno-y-para-lo-malo\\\/#listItem\",\"name\":\"Max Verstappen, para lo bueno y para lo malo\"},\"previousItem\":{\"@type\":\"ListItem\",\"@id\":\"https:\\\/\\\/candas365.es\\\/noticias#listItem\",\"name\":\"Home\"}},{\"@type\":\"ListItem\",\"@id\":\"https:\\\/\\\/candas365.es\\\/noticias\\\/max-verstappen-para-lo-bueno-y-para-lo-malo\\\/#listItem\",\"position\":3,\"name\":\"Max Verstappen, para lo bueno y para lo malo\",\"previousItem\":{\"@type\":\"ListItem\",\"@id\":\"https:\\\/\\\/candas365.es\\\/noticias\\\/category\\\/deporte\\\/#listItem\",\"name\":\"Deporte\"}}]},{\"@type\":\"NewsArticle\",\"@id\":\"https:\\\/\\\/candas365.es\\\/noticias\\\/max-verstappen-para-lo-bueno-y-para-lo-malo\\\/#newsarticle\",\"name\":\"Max Verstappen, para lo bueno y para lo malo | Cand\\u00e1s 365\",\"headline\":\"Max Verstappen, para lo bueno y para lo malo\",\"author\":{\"@id\":\"https:\\\/\\\/candas365.es\\\/noticias\\\/author\\\/admin\\\/#author\"},\"publisher\":{\"@id\":\"https:\\\/\\\/candas365.es\\\/noticias\\\/#organization\"},\"image\":{\"@type\":\"ImageObject\",\"url\":\"https:\\\/\\\/candas365.es\\\/noticias\\\/wp-content\\\/uploads\\\/2018\\\/02\\\/formula-1-630147_1280.jpg\",\"width\":1280,\"height\":851},\"datePublished\":\"2018-11-12T22:58:49+01:00\",\"dateModified\":\"2018-11-12T22:58:49+01:00\",\"inLanguage\":\"es-ES\",\"mainEntityOfPage\":{\"@id\":\"https:\\\/\\\/candas365.es\\\/noticias\\\/max-verstappen-para-lo-bueno-y-para-lo-malo\\\/#webpage\"},\"isPartOf\":{\"@id\":\"https:\\\/\\\/candas365.es\\\/noticias\\\/max-verstappen-para-lo-bueno-y-para-lo-malo\\\/#webpage\"},\"articleSection\":\"Deporte\",\"dateline\":\"Publicado el noviembre 12, 2018.\"},{\"@type\":\"Organization\",\"@id\":\"https:\\\/\\\/candas365.es\\\/noticias\\\/#organization\",\"name\":\"Cand\\u00e1s 365\",\"description\":\"Cand\\u00e1s 365 es un diario digital independiente, fundado en 2012, con base en Asturias. Informamos con rigor sobre actualidad, sociedad, cultura y ocio, con una mirada local y global.\",\"url\":\"https:\\\/\\\/candas365.es\\\/noticias\\\/\",\"email\":\"info@candas365.es\",\"telephone\":\"+34652131393\",\"foundingDate\":\"2012-06-10\",\"logo\":{\"@type\":\"ImageObject\",\"url\":\"https:\\\/\\\/candas365.es\\\/noticias\\\/wp-content\\\/uploads\\\/2024\\\/09\\\/Candas-365-Redes.jpg\",\"@id\":\"https:\\\/\\\/candas365.es\\\/noticias\\\/max-verstappen-para-lo-bueno-y-para-lo-malo\\\/#organizationLogo\",\"width\":1152,\"height\":864,\"caption\":\"Cand\\u00e1s 365 Redes\"},\"image\":{\"@id\":\"https:\\\/\\\/candas365.es\\\/noticias\\\/max-verstappen-para-lo-bueno-y-para-lo-malo\\\/#organizationLogo\"},\"sameAs\":[\"https:\\\/\\\/www.facebook.com\\\/Nachofdezber\",\"https:\\\/\\\/x.com\\\/NabercoDigital\",\"https:\\\/\\\/www.instagram.com\\\/nachofdezber\\\/\",\"https:\\\/\\\/www.youtube.com\\\/channel\\\/UCZP-2wLEB9Rv6erhFmqVnvg\"],\"address\":{\"@id\":\"https:\\\/\\\/candas365.es\\\/noticias\\\/#postaladdress\",\"@type\":\"PostalAddress\",\"streetAddress\":\"san antonio 4, san antonio 4\",\"postalCode\":\"33430\",\"addressLocality\":\"Cand\\u00e1s\",\"addressRegion\":\"Asturias\",\"addressCountry\":\"ES\"}},{\"@type\":\"Person\",\"@id\":\"https:\\\/\\\/candas365.es\\\/noticias\\\/author\\\/admin\\\/#author\",\"url\":\"https:\\\/\\\/candas365.es\\\/noticias\\\/author\\\/admin\\\/\",\"name\":\"Cand\\u00e1s 365\",\"image\":{\"@type\":\"ImageObject\",\"@id\":\"https:\\\/\\\/candas365.es\\\/noticias\\\/max-verstappen-para-lo-bueno-y-para-lo-malo\\\/#authorImage\",\"url\":\"https:\\\/\\\/secure.gravatar.com\\\/avatar\\\/496a8e03d0c493ede1718b7934145dbdf8d89be1036b0eec9544e1094c9de390?s=96&d=mm&r=g\",\"width\":96,\"height\":96,\"caption\":\"Cand\\u00e1s 365\"},\"sameAs\":[\"https:\\\/\\\/www.facebook.com\\\/carrenoactualidad\",\"https:\\\/\\\/twitter.com\\\/nbasturias\",\"https:\\\/\\\/www.instagram.com\\\/nachofdezber\\\/\",\"https:\\\/\\\/www.youtube.com\\\/channel\\\/UCZP-2wLEB9Rv6erhFmqVnvg\"]},{\"@type\":\"WebPage\",\"@id\":\"https:\\\/\\\/candas365.es\\\/noticias\\\/max-verstappen-para-lo-bueno-y-para-lo-malo\\\/#webpage\",\"url\":\"https:\\\/\\\/candas365.es\\\/noticias\\\/max-verstappen-para-lo-bueno-y-para-lo-malo\\\/\",\"name\":\"Max Verstappen, para lo bueno y para lo malo | Cand\\u00e1s 365\",\"description\":\"Sao Paulo, 12 nov (dpa) - Que Max Verstappen es uno de los mayores talentos que hay en la F\\u00f3rmula 1 no hay duda. Que alg\\u00fan d\\u00eda ser\\u00e1 campe\\u00f3n del mundo es la sospecha de muchos. Pero de momento, el joven de 21 a\\u00f1os convive entre el cielo y el infierno. El holand\\u00e9s de Red\",\"inLanguage\":\"es-ES\",\"isPartOf\":{\"@id\":\"https:\\\/\\\/candas365.es\\\/noticias\\\/#website\"},\"breadcrumb\":{\"@id\":\"https:\\\/\\\/candas365.es\\\/noticias\\\/max-verstappen-para-lo-bueno-y-para-lo-malo\\\/#breadcrumblist\"},\"author\":{\"@id\":\"https:\\\/\\\/candas365.es\\\/noticias\\\/author\\\/admin\\\/#author\"},\"creator\":{\"@id\":\"https:\\\/\\\/candas365.es\\\/noticias\\\/author\\\/admin\\\/#author\"},\"image\":{\"@type\":\"ImageObject\",\"url\":\"https:\\\/\\\/candas365.es\\\/noticias\\\/wp-content\\\/uploads\\\/2018\\\/02\\\/formula-1-630147_1280.jpg\",\"@id\":\"https:\\\/\\\/candas365.es\\\/noticias\\\/max-verstappen-para-lo-bueno-y-para-lo-malo\\\/#mainImage\",\"width\":1280,\"height\":851},\"primaryImageOfPage\":{\"@id\":\"https:\\\/\\\/candas365.es\\\/noticias\\\/max-verstappen-para-lo-bueno-y-para-lo-malo\\\/#mainImage\"},\"datePublished\":\"2018-11-12T22:58:49+01:00\",\"dateModified\":\"2018-11-12T22:58:49+01:00\"},{\"@type\":\"WebSite\",\"@id\":\"https:\\\/\\\/candas365.es\\\/noticias\\\/#website\",\"url\":\"https:\\\/\\\/candas365.es\\\/noticias\\\/\",\"name\":\"Cand\\u00e1s 365\",\"alternateName\":\"Cand\\u00e1s 365 Noticias\",\"description\":\"Actualidad desde Carre\\u00f1o para el mundo\",\"inLanguage\":\"es-ES\",\"publisher\":{\"@id\":\"https:\\\/\\\/candas365.es\\\/noticias\\\/#organization\"}}]}\n\t\t<\/script>\n\t\t<!-- All in One SEO Pro -->\r\n\t\t<title>Max Verstappen, para lo bueno y para lo malo | Cand\u00e1s 365<\/title>\n\n","aioseo_head_json":{"title":"Max Verstappen, para lo bueno y para lo malo | Cand\u00e1s 365","description":"Sao Paulo, 12 nov (dpa) - Que Max Verstappen es uno de los mayores talentos que hay en la F\u00f3rmula 1 no hay duda. Que alg\u00fan d\u00eda ser\u00e1 campe\u00f3n del mundo es la sospecha de muchos. Pero de momento, el joven de 21 a\u00f1os convive entre el cielo y el infierno. El holand\u00e9s de Red","canonical_url":"https:\/\/candas365.es\/noticias\/max-verstappen-para-lo-bueno-y-para-lo-malo\/","robots":"max-image-preview:large","keywords":"deporte","webmasterTools":{"google-site-verification":"UA-32230408-1","msvalidate.01":"354F3CDFB2DA171B47FBE9ABF1F88D5","miscellaneous":""},"schema":{"@context":"https:\/\/schema.org","@graph":[{"@type":"BreadcrumbList","@id":"https:\/\/candas365.es\/noticias\/max-verstappen-para-lo-bueno-y-para-lo-malo\/#breadcrumblist","itemListElement":[{"@type":"ListItem","@id":"https:\/\/candas365.es\/noticias#listItem","position":1,"name":"Home","item":"https:\/\/candas365.es\/noticias","nextItem":{"@type":"ListItem","@id":"https:\/\/candas365.es\/noticias\/category\/deporte\/#listItem","name":"Deporte"}},{"@type":"ListItem","@id":"https:\/\/candas365.es\/noticias\/category\/deporte\/#listItem","position":2,"name":"Deporte","item":"https:\/\/candas365.es\/noticias\/category\/deporte\/","nextItem":{"@type":"ListItem","@id":"https:\/\/candas365.es\/noticias\/max-verstappen-para-lo-bueno-y-para-lo-malo\/#listItem","name":"Max Verstappen, para lo bueno y para lo malo"},"previousItem":{"@type":"ListItem","@id":"https:\/\/candas365.es\/noticias#listItem","name":"Home"}},{"@type":"ListItem","@id":"https:\/\/candas365.es\/noticias\/max-verstappen-para-lo-bueno-y-para-lo-malo\/#listItem","position":3,"name":"Max Verstappen, para lo bueno y para lo malo","previousItem":{"@type":"ListItem","@id":"https:\/\/candas365.es\/noticias\/category\/deporte\/#listItem","name":"Deporte"}}]},{"@type":"NewsArticle","@id":"https:\/\/candas365.es\/noticias\/max-verstappen-para-lo-bueno-y-para-lo-malo\/#newsarticle","name":"Max Verstappen, para lo bueno y para lo malo | Cand\u00e1s 365","headline":"Max Verstappen, para lo bueno y para lo malo","author":{"@id":"https:\/\/candas365.es\/noticias\/author\/admin\/#author"},"publisher":{"@id":"https:\/\/candas365.es\/noticias\/#organization"},"image":{"@type":"ImageObject","url":"https:\/\/candas365.es\/noticias\/wp-content\/uploads\/2018\/02\/formula-1-630147_1280.jpg","width":1280,"height":851},"datePublished":"2018-11-12T22:58:49+01:00","dateModified":"2018-11-12T22:58:49+01:00","inLanguage":"es-ES","mainEntityOfPage":{"@id":"https:\/\/candas365.es\/noticias\/max-verstappen-para-lo-bueno-y-para-lo-malo\/#webpage"},"isPartOf":{"@id":"https:\/\/candas365.es\/noticias\/max-verstappen-para-lo-bueno-y-para-lo-malo\/#webpage"},"articleSection":"Deporte","dateline":"Publicado el noviembre 12, 2018."},{"@type":"Organization","@id":"https:\/\/candas365.es\/noticias\/#organization","name":"Cand\u00e1s 365","description":"Cand\u00e1s 365 es un diario digital independiente, fundado en 2012, con base en Asturias. Informamos con rigor sobre actualidad, sociedad, cultura y ocio, con una mirada local y global.","url":"https:\/\/candas365.es\/noticias\/","email":"info@candas365.es","telephone":"+34652131393","foundingDate":"2012-06-10","logo":{"@type":"ImageObject","url":"https:\/\/candas365.es\/noticias\/wp-content\/uploads\/2024\/09\/Candas-365-Redes.jpg","@id":"https:\/\/candas365.es\/noticias\/max-verstappen-para-lo-bueno-y-para-lo-malo\/#organizationLogo","width":1152,"height":864,"caption":"Cand\u00e1s 365 Redes"},"image":{"@id":"https:\/\/candas365.es\/noticias\/max-verstappen-para-lo-bueno-y-para-lo-malo\/#organizationLogo"},"sameAs":["https:\/\/www.facebook.com\/Nachofdezber","https:\/\/x.com\/NabercoDigital","https:\/\/www.instagram.com\/nachofdezber\/","https:\/\/www.youtube.com\/channel\/UCZP-2wLEB9Rv6erhFmqVnvg"],"address":{"@id":"https:\/\/candas365.es\/noticias\/#postaladdress","@type":"PostalAddress","streetAddress":"san antonio 4, san antonio 4","postalCode":"33430","addressLocality":"Cand\u00e1s","addressRegion":"Asturias","addressCountry":"ES"}},{"@type":"Person","@id":"https:\/\/candas365.es\/noticias\/author\/admin\/#author","url":"https:\/\/candas365.es\/noticias\/author\/admin\/","name":"Cand\u00e1s 365","image":{"@type":"ImageObject","@id":"https:\/\/candas365.es\/noticias\/max-verstappen-para-lo-bueno-y-para-lo-malo\/#authorImage","url":"https:\/\/secure.gravatar.com\/avatar\/496a8e03d0c493ede1718b7934145dbdf8d89be1036b0eec9544e1094c9de390?s=96&d=mm&r=g","width":96,"height":96,"caption":"Cand\u00e1s 365"},"sameAs":["https:\/\/www.facebook.com\/carrenoactualidad","https:\/\/twitter.com\/nbasturias","https:\/\/www.instagram.com\/nachofdezber\/","https:\/\/www.youtube.com\/channel\/UCZP-2wLEB9Rv6erhFmqVnvg"]},{"@type":"WebPage","@id":"https:\/\/candas365.es\/noticias\/max-verstappen-para-lo-bueno-y-para-lo-malo\/#webpage","url":"https:\/\/candas365.es\/noticias\/max-verstappen-para-lo-bueno-y-para-lo-malo\/","name":"Max Verstappen, para lo bueno y para lo malo | Cand\u00e1s 365","description":"Sao Paulo, 12 nov (dpa) - Que Max Verstappen es uno de los mayores talentos que hay en la F\u00f3rmula 1 no hay duda. Que alg\u00fan d\u00eda ser\u00e1 campe\u00f3n del mundo es la sospecha de muchos. Pero de momento, el joven de 21 a\u00f1os convive entre el cielo y el infierno. El holand\u00e9s de Red","inLanguage":"es-ES","isPartOf":{"@id":"https:\/\/candas365.es\/noticias\/#website"},"breadcrumb":{"@id":"https:\/\/candas365.es\/noticias\/max-verstappen-para-lo-bueno-y-para-lo-malo\/#breadcrumblist"},"author":{"@id":"https:\/\/candas365.es\/noticias\/author\/admin\/#author"},"creator":{"@id":"https:\/\/candas365.es\/noticias\/author\/admin\/#author"},"image":{"@type":"ImageObject","url":"https:\/\/candas365.es\/noticias\/wp-content\/uploads\/2018\/02\/formula-1-630147_1280.jpg","@id":"https:\/\/candas365.es\/noticias\/max-verstappen-para-lo-bueno-y-para-lo-malo\/#mainImage","width":1280,"height":851},"primaryImageOfPage":{"@id":"https:\/\/candas365.es\/noticias\/max-verstappen-para-lo-bueno-y-para-lo-malo\/#mainImage"},"datePublished":"2018-11-12T22:58:49+01:00","dateModified":"2018-11-12T22:58:49+01:00"},{"@type":"WebSite","@id":"https:\/\/candas365.es\/noticias\/#website","url":"https:\/\/candas365.es\/noticias\/","name":"Cand\u00e1s 365","alternateName":"Cand\u00e1s 365 Noticias","description":"Actualidad desde Carre\u00f1o para el mundo","inLanguage":"es-ES","publisher":{"@id":"https:\/\/candas365.es\/noticias\/#organization"}}]},"og:locale":"es_ES","og:site_name":"Cand\u00e1s 365","og:type":"article","og:title":"Max Verstappen, para lo bueno y para lo malo | Cand\u00e1s 365","og:description":"Sao Paulo, 12 nov (dpa) - Que Max Verstappen es uno de los mayores talentos que hay en la F\u00f3rmula 1 no hay duda. Que alg\u00fan d\u00eda ser\u00e1 campe\u00f3n del mundo es la sospecha de muchos. Pero de momento, el joven de 21 a\u00f1os convive entre el cielo y el infierno. El holand\u00e9s de Red","og:url":"https:\/\/candas365.es\/noticias\/max-verstappen-para-lo-bueno-y-para-lo-malo\/","og:image":"https:\/\/candas365.es\/noticias\/wp-content\/uploads\/2018\/02\/formula-1-630147_1280.jpg","og:image:secure_url":"https:\/\/candas365.es\/noticias\/wp-content\/uploads\/2018\/02\/formula-1-630147_1280.jpg","og:image:width":1280,"og:image:height":851,"article:published_time":"2018-11-12T22:58:49+00:00","article:modified_time":"2018-11-12T22:58:49+00:00","article:publisher":"https:\/\/www.facebook.com\/Nachofdezber","article:author":"https:\/\/www.facebook.com\/carrenoactualidad","twitter:card":"summary_large_image","twitter:site":"@NabercoDigital","twitter:title":"Max Verstappen, para lo bueno y para lo malo | Cand\u00e1s 365","twitter:description":"Sao Paulo, 12 nov (dpa) - Que Max Verstappen es uno de los mayores talentos que hay en la F\u00f3rmula 1 no hay duda. Que alg\u00fan d\u00eda ser\u00e1 campe\u00f3n del mundo es la sospecha de muchos. Pero de momento, el joven de 21 a\u00f1os convive entre el cielo y el infierno. El holand\u00e9s de Red","twitter:creator":"@nbasturias","twitter:image":"https:\/\/candas365.es\/noticias\/wp-content\/uploads\/2018\/02\/formula-1-630147_1280.jpg","twitter:label1":"Escrito por","twitter:data1":"Cand\u00e1s 365","twitter:label2":"Tiempo de lectura estimado","twitter:data2":"3 minutos"},"aioseo_meta_data":{"post_id":"109775","title":null,"description":null,"keywords":null,"keyphrases":null,"primary_term":null,"canonical_url":null,"og_title":null,"og_description":null,"og_object_type":"default","og_image_type":"default","og_image_url":null,"og_image_width":null,"og_image_height":null,"og_image_custom_url":null,"og_image_custom_fields":null,"og_video":null,"og_custom_url":null,"og_article_section":null,"og_article_tags":null,"twitter_use_og":false,"twitter_card":"default","twitter_image_type":"default","twitter_image_url":null,"twitter_image_custom_url":null,"twitter_image_custom_fields":null,"twitter_title":null,"twitter_description":null,"schema":{"blockGraphs":[],"customGraphs":[],"default":{"data":{"Article":[],"Course":[],"Dataset":[],"FAQPage":[],"Movie":[],"Person":[],"Product":[],"ProductReview":[],"Car":[],"Recipe":[],"Service":[],"SoftwareApplication":[],"WebPage":[]},"graphName":"","isEnabled":true},"graphs":[],"defaultGraph":"","defaultPostTypeGraph":""},"schema_type":null,"schema_type_options":null,"pillar_content":false,"robots_default":true,"robots_noindex":false,"robots_noarchive":false,"robots_nosnippet":false,"robots_nofollow":false,"robots_noimageindex":false,"robots_noodp":false,"robots_notranslate":false,"robots_max_snippet":null,"robots_max_videopreview":null,"robots_max_imagepreview":"large","priority":null,"frequency":null,"location":null,"local_seo":null,"seo_analyzer_scan_date":"2025-08-28 10:45:11","breadcrumb_settings":null,"limit_modified_date":false,"reviewed_by":null,"open_ai":null,"ai":null,"created":"2020-12-21 11:39:04","updated":"2025-08-28 10:45:11"},"aioseo_breadcrumb":"<div class=\"aioseo-breadcrumbs\"><span class=\"aioseo-breadcrumb\">\n\t<a href=\"https:\/\/candas365.es\/noticias\" title=\"Home\">Home<\/a>\n<\/span><span class=\"aioseo-breadcrumb-separator\">&ndash;<\/span><span class=\"aioseo-breadcrumb\">\n\t<a href=\"https:\/\/candas365.es\/noticias\/category\/deporte\/\" title=\"Deporte\">Deporte<\/a>\n<\/span><span class=\"aioseo-breadcrumb-separator\">&ndash;<\/span><span class=\"aioseo-breadcrumb\">\n\tMax Verstappen, para lo bueno y para lo malo\n<\/span><\/div>","aioseo_breadcrumb_json":[{"label":"Home","link":"https:\/\/candas365.es\/noticias"},{"label":"Deporte","link":"https:\/\/candas365.es\/noticias\/category\/deporte\/"},{"label":"Max Verstappen, para lo bueno y para lo malo","link":"https:\/\/candas365.es\/noticias\/max-verstappen-para-lo-bueno-y-para-lo-malo\/"}],"_links":{"self":[{"href":"https:\/\/candas365.es\/noticias\/wp-json\/wp\/v2\/posts\/109775","targetHints":{"allow":["GET"]}}],"collection":[{"href":"https:\/\/candas365.es\/noticias\/wp-json\/wp\/v2\/posts"}],"about":[{"href":"https:\/\/candas365.es\/noticias\/wp-json\/wp\/v2\/types\/post"}],"author":[{"embeddable":true,"href":"https:\/\/candas365.es\/noticias\/wp-json\/wp\/v2\/users\/1"}],"replies":[{"embeddable":true,"href":"https:\/\/candas365.es\/noticias\/wp-json\/wp\/v2\/comments?post=109775"}],"version-history":[{"count":0,"href":"https:\/\/candas365.es\/noticias\/wp-json\/wp\/v2\/posts\/109775\/revisions"}],"wp:featuredmedia":[{"embeddable":true,"href":"https:\/\/candas365.es\/noticias\/wp-json\/wp\/v2\/media\/90544"}],"wp:attachment":[{"href":"https:\/\/candas365.es\/noticias\/wp-json\/wp\/v2\/media?parent=109775"}],"wp:term":[{"taxonomy":"category","embeddable":true,"href":"https:\/\/candas365.es\/noticias\/wp-json\/wp\/v2\/categories?post=109775"},{"taxonomy":"post_tag","embeddable":true,"href":"https:\/\/candas365.es\/noticias\/wp-json\/wp\/v2\/tags?post=109775"}],"curies":[{"name":"wp","href":"https:\/\/api.w.org\/{rel}","templated":true}]}}