{"id":109759,"date":"2018-11-12T20:11:50","date_gmt":"2018-11-12T20:11:50","guid":{"rendered":"http:\/\/candas365.es\/noticias\/?p=109759"},"modified":"2018-11-12T20:11:50","modified_gmt":"2018-11-12T20:11:50","slug":"carreno-licitara-el-desbroce-de-pistas-forestales-en-el-monte-areo","status":"publish","type":"post","link":"https:\/\/candas365.es\/noticias\/carreno-licitara-el-desbroce-de-pistas-forestales-en-el-monte-areo\/","title":{"rendered":"Carre\u00f1o licitar\u00e1 el desbroce de pistas forestales en El Monte Areo"},"content":{"rendered":"<p><img fetchpriority=\"high\" decoding=\"async\" class=\"alignleft size-medium wp-image-109760\" src=\"https:\/\/candas365.es\/noticias\/wp-content\/uploads\/2018\/11\/MG_5964-360x240.jpg\" alt=\"\" width=\"360\" height=\"240\" srcset=\"https:\/\/candas365.es\/noticias\/wp-content\/uploads\/2018\/11\/MG_5964-360x240.jpg 360w, https:\/\/candas365.es\/noticias\/wp-content\/uploads\/2018\/11\/MG_5964-768x512.jpg 768w, https:\/\/candas365.es\/noticias\/wp-content\/uploads\/2018\/11\/MG_5964-655x436.jpg 655w, https:\/\/candas365.es\/noticias\/wp-content\/uploads\/2018\/11\/MG_5964-696x464.jpg 696w, https:\/\/candas365.es\/noticias\/wp-content\/uploads\/2018\/11\/MG_5964-1068x712.jpg 1068w, https:\/\/candas365.es\/noticias\/wp-content\/uploads\/2018\/11\/MG_5964-630x420.jpg 630w, https:\/\/candas365.es\/noticias\/wp-content\/uploads\/2018\/11\/MG_5964.jpg 1280w\" sizes=\"(max-width: 360px) 100vw, 360px\" \/>El Monte Areo se extiende en el l\u00edmite de los concejos de Carre\u00f1o y Gijon es un monte de unos 7 km de longitud y cuya cota m\u00e1xima se sit\u00faa en los 264 metros. Distribuidos por su superficie, acoge, un amplio conjunto de t\u00famulos y d\u00f3lmenes, de una antig\u00fcedad de cinco mil a tres mil a\u00f1os, los cuales constituyen la necr\u00f3polis tumular neol\u00edtica m\u00e1s grande de Asturias y de Espa\u00f1a, adem\u00e1s de la m\u00e1s estudiada.<\/p>\n<p>En la actualidad existen m\u00e1s de treinta t\u00famulos funerarios del Neol\u00edtico repartidos por la mitad de la ladera y la cima, en dos zonas, una en El Valle denominada \u201c Cierru Los Llanos\u201d y la otra en Guimar\u00e1n \u201cLes G\u00fcelgues de San Pablo\u201d, lo que nos da a entender las grandes connotaciones sagradas en la zona desde hace varios milenios. De estos treinta y cinco t\u00famulos, 2 han sido excavados, permaneciendo a la vista.<\/p>\n<p>La Necr\u00f3polis megal\u00edtica del Monte Areo fue catalogada como Bien de Inter\u00e9s Cultural el 26 de junio de 1997.<\/p>\n<p>\u201cA lo largo de los a\u00f1os el Ayuntamiento de Carre\u00f1o ha contribuido al estudio cient\u00edfico de este interesante vestigio del Patrimonio hist\u00f3rico local. Mediante el apoyo a diversas iniciativas para su puesta en valor, cuyo ejemplo m\u00e1s notable es la apertura del \u00abAula del Neol\u00edtico\u00bb a pie del Monte Areo, en el centro de Iniciativa rural. Un espacio de informaci\u00f3n y divulgaci\u00f3n, a trav\u00e9s del cual las personas que lo visiten pueden estudiar y entender la zona tumular, ya que se cuenta con la reproducci\u00f3n de un t\u00famulo excavado y preparado para la observaci\u00f3n\u201d record\u00f3 Paula Cuervo, Concejala de Turismo.<\/p>\n<p>\u201cAdem\u00e1s para facilitar el acceso p\u00fablico a todas las \u00e1reas tumulares, el Ayuntamiento ha procedido, a lo largo de los \u00faltimos 15 a\u00f1os, a se\u00f1alizar una serie de rutas de acceso y paseo a lo largo de la superficie del Monte. Pero que, con el paso de los a\u00f1os, se hace necesario proceder a reparar su se\u00f1ales debido a los da\u00f1os sufridos varias de \u00e9stas, as\u00ed como reforzar las sendas se\u00f1aladas en algunos puntos, mediante la colocaci\u00f3n de nuevas se\u00f1ales, y completar la se\u00f1alizaci\u00f3n viaria, a pie del Monte Areo\u201d prosigui\u00f3 la edil de Turismo.<\/p>\n<p>\u201cEl proyecto de se\u00f1alizaci\u00f3n tur\u00edstica consistir\u00e1 en la colocaci\u00f3n de un hito se\u00f1alizador de las \u00e1reas dolm\u00e9nicas, en un cruce del Monte Areo, que en estos momentos carece de dicha se\u00f1al, as\u00ed como la reparaci\u00f3n de otros dos hitos. Complementando esta se\u00f1alizaci\u00f3n con la colocaci\u00f3n de informaci\u00f3n suplementaria, relativa al acceso al Monte Areo en el n\u00facleo de El Palacio, en la parroquia de El Valle\u201d relat\u00f3 Cuervo<\/p>\n<p>\u201cEl presupuesto del dise\u00f1o, colocaci\u00f3n y reparaci\u00f3n de los elementos se\u00f1alizadores ser\u00e1 cofinanciado entre el Ayuntamiento de Carre\u00f1o y con la subvenci\u00f3n recibida de la Consejer\u00eda de Empleo, Industria y Turismo para las Entidades Locales del Principado de Asturias. Siendo la empresa adjudicataria del suministro, tras el proceso correspondiente de licitaci\u00f3n que nos marca la normativa, Se\u00f1alizaciones Asturias, S.L.\u201d recalc\u00f3 la edil<\/p>\n<p>\u201cAs\u00ed mismo, junto a este proyecto de renovaci\u00f3n de se\u00f1alizaci\u00f3n y tras la aprobaci\u00f3n del expediente de modificaci\u00f3n de cr\u00e9dito, el 31 de octubre pasado, se abordar\u00e1 tambi\u00e9n la limpieza de las pistas forestales de la zona. Para ello desde la Oficina T\u00e9cnica Mancomunada se ha procedido a la elaboraci\u00f3n de la pertinente memoria valorada y prescripciones t\u00e9cnicas que regir\u00e1n la contrataci\u00f3n de los trabajos a realizar. Esta actuaci\u00f3n consistir\u00e1 en el desbroce de m\u00e1rgenes, taludes de desmonte y terrapl\u00e9n de caminos y pistas forestales de los 20.482 metros que constituyen los caminos de las pistas del Monte Areo\u201d puntualiz\u00f3 la Concejala de Turismo.<\/p>\n<p>\u201cLa intervenci\u00f3n mediante el desbroce y de m\u00e1rgenes y taludes consistir\u00e1 en el corte de la hierba, arbustos y maleza en general, existente en ambos m\u00e1rgenes de los caminos, as\u00ed como en los taludes, con un m\u00ednimo de 2 pasadas a cada margen, hasta dejar la zona totalmente desbrozada, con una altura del material vegetal cortado inferior a los 5 cm. En el margen de los caminos y pistas sin taludes de transici\u00f3n el ancho siega y\/o desbroce ser\u00e1 de 1,80 metros\u201d finaliz\u00f3 la Concejala de Turismo.<\/p>\n","protected":false},"excerpt":{"rendered":"<p>El Monte Areo se extiende en el l\u00edmite de los concejos de Carre\u00f1o y Gijon es un monte de unos 7 km de longitud y cuya cota m\u00e1xima se sit\u00faa en los 264 metros. Distribuidos por su superficie, acoge, un amplio conjunto de t\u00famulos y d\u00f3lmenes, de una antig\u00fcedad de cinco mil a tres mil<\/p>\n","protected":false},"author":1,"featured_media":109760,"comment_status":"closed","ping_status":"closed","sticky":false,"template":"","format":"standard","meta":{"footnotes":""},"categories":[2],"tags":[],"class_list":{"0":"post-109759","1":"post","2":"type-post","3":"status-publish","4":"format-standard","5":"has-post-thumbnail","7":"category-noticias-carreno"},"aioseo_notices":[],"aioseo_head":"\n\t\t<!-- All in One SEO Pro 4.9.6.2 - aioseo.com -->\n\t<meta name=\"description\" content=\"El Monte Areo se extiende en el l\u00edmite de los concejos de Carre\u00f1o y Gijon es un monte de unos 7 km de longitud y cuya cota m\u00e1xima se sit\u00faa en los 264 metros. Distribuidos por su superficie, acoge, un amplio conjunto de t\u00famulos y d\u00f3lmenes, de una antig\u00fcedad de cinco mil a tres mil\" \/>\n\t<meta name=\"robots\" content=\"max-image-preview:large\" \/>\n\t<meta name=\"author\" content=\"Cand\u00e1s 365\"\/>\n\t<meta name=\"google-site-verification\" content=\"UA-32230408-1\" \/>\n\t<meta name=\"msvalidate.01\" content=\"354F3CDFB2DA171B47FBE9ABF1F88D5\" \/>\n\t<meta name=\"keywords\" content=\"noticias carre\u00f1o\" \/>\n\t<link rel=\"canonical\" href=\"https:\/\/candas365.es\/noticias\/carreno-licitara-el-desbroce-de-pistas-forestales-en-el-monte-areo\/\" \/>\n\t<meta name=\"generator\" content=\"All in One SEO Pro (AIOSEO) 4.9.6.2\" \/>\n\t\t<meta property=\"og:locale\" content=\"es_ES\" \/>\n\t\t<meta property=\"og:site_name\" content=\"Cand\u00e1s 365\" \/>\n\t\t<meta property=\"og:type\" content=\"article\" \/>\n\t\t<meta property=\"og:title\" content=\"Carre\u00f1o licitar\u00e1 el desbroce de pistas forestales en El Monte Areo | Cand\u00e1s 365\" \/>\n\t\t<meta property=\"og:description\" content=\"El Monte Areo se extiende en el l\u00edmite de los concejos de Carre\u00f1o y Gijon es un monte de unos 7 km de longitud y cuya cota m\u00e1xima se sit\u00faa en los 264 metros. Distribuidos por su superficie, acoge, un amplio conjunto de t\u00famulos y d\u00f3lmenes, de una antig\u00fcedad de cinco mil a tres mil\" \/>\n\t\t<meta property=\"og:url\" content=\"https:\/\/candas365.es\/noticias\/carreno-licitara-el-desbroce-de-pistas-forestales-en-el-monte-areo\/\" \/>\n\t\t<meta property=\"og:image\" content=\"https:\/\/candas365.es\/noticias\/wp-content\/uploads\/2018\/11\/MG_5964.jpg\" \/>\n\t\t<meta property=\"og:image:secure_url\" content=\"https:\/\/candas365.es\/noticias\/wp-content\/uploads\/2018\/11\/MG_5964.jpg\" \/>\n\t\t<meta property=\"og:image:width\" content=\"1280\" \/>\n\t\t<meta property=\"og:image:height\" content=\"853\" \/>\n\t\t<meta property=\"article:published_time\" content=\"2018-11-12T20:11:50+00:00\" \/>\n\t\t<meta property=\"article:modified_time\" content=\"2018-11-12T20:11:50+00:00\" \/>\n\t\t<meta property=\"article:publisher\" content=\"https:\/\/www.facebook.com\/Nachofdezber\" \/>\n\t\t<meta property=\"article:author\" content=\"https:\/\/www.facebook.com\/carrenoactualidad\" \/>\n\t\t<meta name=\"twitter:card\" content=\"summary_large_image\" \/>\n\t\t<meta name=\"twitter:site\" content=\"@NabercoDigital\" \/>\n\t\t<meta name=\"twitter:title\" content=\"Carre\u00f1o licitar\u00e1 el desbroce de pistas forestales en El Monte Areo | Cand\u00e1s 365\" \/>\n\t\t<meta name=\"twitter:description\" content=\"El Monte Areo se extiende en el l\u00edmite de los concejos de Carre\u00f1o y Gijon es un monte de unos 7 km de longitud y cuya cota m\u00e1xima se sit\u00faa en los 264 metros. Distribuidos por su superficie, acoge, un amplio conjunto de t\u00famulos y d\u00f3lmenes, de una antig\u00fcedad de cinco mil a tres mil\" \/>\n\t\t<meta name=\"twitter:creator\" content=\"@nbasturias\" \/>\n\t\t<meta name=\"twitter:image\" content=\"https:\/\/candas365.es\/noticias\/wp-content\/uploads\/2018\/11\/MG_5964.jpg\" \/>\n\t\t<meta name=\"twitter:label1\" content=\"Escrito por\" \/>\n\t\t<meta name=\"twitter:data1\" content=\"Cand\u00e1s 365\" \/>\n\t\t<meta name=\"twitter:label2\" content=\"Tiempo de lectura estimado\" \/>\n\t\t<meta name=\"twitter:data2\" content=\"4 minutos\" \/>\n\t\t<script type=\"application\/ld+json\" class=\"aioseo-schema\">\n\t\t\t{\"@context\":\"https:\\\/\\\/schema.org\",\"@graph\":[{\"@type\":\"BreadcrumbList\",\"@id\":\"https:\\\/\\\/candas365.es\\\/noticias\\\/carreno-licitara-el-desbroce-de-pistas-forestales-en-el-monte-areo\\\/#breadcrumblist\",\"itemListElement\":[{\"@type\":\"ListItem\",\"@id\":\"https:\\\/\\\/candas365.es\\\/noticias#listItem\",\"position\":1,\"name\":\"Home\",\"item\":\"https:\\\/\\\/candas365.es\\\/noticias\",\"nextItem\":{\"@type\":\"ListItem\",\"@id\":\"https:\\\/\\\/candas365.es\\\/noticias\\\/category\\\/noticias-carreno\\\/#listItem\",\"name\":\"Noticias Carre\\u00f1o\"}},{\"@type\":\"ListItem\",\"@id\":\"https:\\\/\\\/candas365.es\\\/noticias\\\/category\\\/noticias-carreno\\\/#listItem\",\"position\":2,\"name\":\"Noticias Carre\\u00f1o\",\"item\":\"https:\\\/\\\/candas365.es\\\/noticias\\\/category\\\/noticias-carreno\\\/\",\"nextItem\":{\"@type\":\"ListItem\",\"@id\":\"https:\\\/\\\/candas365.es\\\/noticias\\\/carreno-licitara-el-desbroce-de-pistas-forestales-en-el-monte-areo\\\/#listItem\",\"name\":\"Carre\\u00f1o licitar\\u00e1 el desbroce de pistas forestales en El Monte Areo\"},\"previousItem\":{\"@type\":\"ListItem\",\"@id\":\"https:\\\/\\\/candas365.es\\\/noticias#listItem\",\"name\":\"Home\"}},{\"@type\":\"ListItem\",\"@id\":\"https:\\\/\\\/candas365.es\\\/noticias\\\/carreno-licitara-el-desbroce-de-pistas-forestales-en-el-monte-areo\\\/#listItem\",\"position\":3,\"name\":\"Carre\\u00f1o licitar\\u00e1 el desbroce de pistas forestales en El Monte Areo\",\"previousItem\":{\"@type\":\"ListItem\",\"@id\":\"https:\\\/\\\/candas365.es\\\/noticias\\\/category\\\/noticias-carreno\\\/#listItem\",\"name\":\"Noticias Carre\\u00f1o\"}}]},{\"@type\":\"NewsArticle\",\"@id\":\"https:\\\/\\\/candas365.es\\\/noticias\\\/carreno-licitara-el-desbroce-de-pistas-forestales-en-el-monte-areo\\\/#newsarticle\",\"name\":\"Carre\\u00f1o licitar\\u00e1 el desbroce de pistas forestales en El Monte Areo | Cand\\u00e1s 365\",\"headline\":\"Carre\\u00f1o licitar\\u00e1 el desbroce de pistas forestales en El Monte Areo\",\"author\":{\"@id\":\"https:\\\/\\\/candas365.es\\\/noticias\\\/author\\\/admin\\\/#author\"},\"publisher\":{\"@id\":\"https:\\\/\\\/candas365.es\\\/noticias\\\/#organization\"},\"image\":{\"@type\":\"ImageObject\",\"url\":\"https:\\\/\\\/candas365.es\\\/noticias\\\/wp-content\\\/uploads\\\/2018\\\/11\\\/MG_5964.jpg\",\"width\":1280,\"height\":853},\"datePublished\":\"2018-11-12T20:11:50+01:00\",\"dateModified\":\"2018-11-12T20:11:50+01:00\",\"inLanguage\":\"es-ES\",\"mainEntityOfPage\":{\"@id\":\"https:\\\/\\\/candas365.es\\\/noticias\\\/carreno-licitara-el-desbroce-de-pistas-forestales-en-el-monte-areo\\\/#webpage\"},\"isPartOf\":{\"@id\":\"https:\\\/\\\/candas365.es\\\/noticias\\\/carreno-licitara-el-desbroce-de-pistas-forestales-en-el-monte-areo\\\/#webpage\"},\"articleSection\":\"Noticias Carre\\u00f1o\",\"dateline\":\"Publicado el noviembre 12, 2018.\"},{\"@type\":\"Organization\",\"@id\":\"https:\\\/\\\/candas365.es\\\/noticias\\\/#organization\",\"name\":\"Cand\\u00e1s 365\",\"description\":\"Cand\\u00e1s 365 es un diario digital independiente, fundado en 2012, con base en Asturias. Informamos con rigor sobre actualidad, sociedad, cultura y ocio, con una mirada local y global.\",\"url\":\"https:\\\/\\\/candas365.es\\\/noticias\\\/\",\"email\":\"info@candas365.es\",\"telephone\":\"+34652131393\",\"foundingDate\":\"2012-06-10\",\"logo\":{\"@type\":\"ImageObject\",\"url\":\"https:\\\/\\\/candas365.es\\\/noticias\\\/wp-content\\\/uploads\\\/2024\\\/09\\\/Candas-365-Redes.jpg\",\"@id\":\"https:\\\/\\\/candas365.es\\\/noticias\\\/carreno-licitara-el-desbroce-de-pistas-forestales-en-el-monte-areo\\\/#organizationLogo\",\"width\":1152,\"height\":864,\"caption\":\"Cand\\u00e1s 365 Redes\"},\"image\":{\"@id\":\"https:\\\/\\\/candas365.es\\\/noticias\\\/carreno-licitara-el-desbroce-de-pistas-forestales-en-el-monte-areo\\\/#organizationLogo\"},\"sameAs\":[\"https:\\\/\\\/www.facebook.com\\\/Nachofdezber\",\"https:\\\/\\\/x.com\\\/NabercoDigital\",\"https:\\\/\\\/www.instagram.com\\\/nachofdezber\\\/\",\"https:\\\/\\\/www.youtube.com\\\/channel\\\/UCZP-2wLEB9Rv6erhFmqVnvg\"],\"address\":{\"@id\":\"https:\\\/\\\/candas365.es\\\/noticias\\\/#postaladdress\",\"@type\":\"PostalAddress\",\"streetAddress\":\"san antonio 4, san antonio 4\",\"postalCode\":\"33430\",\"addressLocality\":\"Cand\\u00e1s\",\"addressRegion\":\"Asturias\",\"addressCountry\":\"ES\"}},{\"@type\":\"Person\",\"@id\":\"https:\\\/\\\/candas365.es\\\/noticias\\\/author\\\/admin\\\/#author\",\"url\":\"https:\\\/\\\/candas365.es\\\/noticias\\\/author\\\/admin\\\/\",\"name\":\"Cand\\u00e1s 365\",\"image\":{\"@type\":\"ImageObject\",\"@id\":\"https:\\\/\\\/candas365.es\\\/noticias\\\/carreno-licitara-el-desbroce-de-pistas-forestales-en-el-monte-areo\\\/#authorImage\",\"url\":\"https:\\\/\\\/secure.gravatar.com\\\/avatar\\\/496a8e03d0c493ede1718b7934145dbdf8d89be1036b0eec9544e1094c9de390?s=96&d=mm&r=g\",\"width\":96,\"height\":96,\"caption\":\"Cand\\u00e1s 365\"},\"sameAs\":[\"https:\\\/\\\/www.facebook.com\\\/carrenoactualidad\",\"https:\\\/\\\/twitter.com\\\/nbasturias\",\"https:\\\/\\\/www.instagram.com\\\/nachofdezber\\\/\",\"https:\\\/\\\/www.youtube.com\\\/channel\\\/UCZP-2wLEB9Rv6erhFmqVnvg\"]},{\"@type\":\"WebPage\",\"@id\":\"https:\\\/\\\/candas365.es\\\/noticias\\\/carreno-licitara-el-desbroce-de-pistas-forestales-en-el-monte-areo\\\/#webpage\",\"url\":\"https:\\\/\\\/candas365.es\\\/noticias\\\/carreno-licitara-el-desbroce-de-pistas-forestales-en-el-monte-areo\\\/\",\"name\":\"Carre\\u00f1o licitar\\u00e1 el desbroce de pistas forestales en El Monte Areo | Cand\\u00e1s 365\",\"description\":\"El Monte Areo se extiende en el l\\u00edmite de los concejos de Carre\\u00f1o y Gijon es un monte de unos 7 km de longitud y cuya cota m\\u00e1xima se sit\\u00faa en los 264 metros. Distribuidos por su superficie, acoge, un amplio conjunto de t\\u00famulos y d\\u00f3lmenes, de una antig\\u00fcedad de cinco mil a tres mil\",\"inLanguage\":\"es-ES\",\"isPartOf\":{\"@id\":\"https:\\\/\\\/candas365.es\\\/noticias\\\/#website\"},\"breadcrumb\":{\"@id\":\"https:\\\/\\\/candas365.es\\\/noticias\\\/carreno-licitara-el-desbroce-de-pistas-forestales-en-el-monte-areo\\\/#breadcrumblist\"},\"author\":{\"@id\":\"https:\\\/\\\/candas365.es\\\/noticias\\\/author\\\/admin\\\/#author\"},\"creator\":{\"@id\":\"https:\\\/\\\/candas365.es\\\/noticias\\\/author\\\/admin\\\/#author\"},\"image\":{\"@type\":\"ImageObject\",\"url\":\"https:\\\/\\\/candas365.es\\\/noticias\\\/wp-content\\\/uploads\\\/2018\\\/11\\\/MG_5964.jpg\",\"@id\":\"https:\\\/\\\/candas365.es\\\/noticias\\\/carreno-licitara-el-desbroce-de-pistas-forestales-en-el-monte-areo\\\/#mainImage\",\"width\":1280,\"height\":853},\"primaryImageOfPage\":{\"@id\":\"https:\\\/\\\/candas365.es\\\/noticias\\\/carreno-licitara-el-desbroce-de-pistas-forestales-en-el-monte-areo\\\/#mainImage\"},\"datePublished\":\"2018-11-12T20:11:50+01:00\",\"dateModified\":\"2018-11-12T20:11:50+01:00\"},{\"@type\":\"WebSite\",\"@id\":\"https:\\\/\\\/candas365.es\\\/noticias\\\/#website\",\"url\":\"https:\\\/\\\/candas365.es\\\/noticias\\\/\",\"name\":\"Cand\\u00e1s 365\",\"alternateName\":\"Cand\\u00e1s 365 Noticias\",\"description\":\"Actualidad desde Carre\\u00f1o para el mundo\",\"inLanguage\":\"es-ES\",\"publisher\":{\"@id\":\"https:\\\/\\\/candas365.es\\\/noticias\\\/#organization\"}}]}\n\t\t<\/script>\n\t\t<!-- All in One SEO Pro -->\r\n\t\t<title>Carre\u00f1o licitar\u00e1 el desbroce de pistas forestales en El Monte Areo | Cand\u00e1s 365<\/title>\n\n","aioseo_head_json":{"title":"Carre\u00f1o licitar\u00e1 el desbroce de pistas forestales en El Monte Areo | Cand\u00e1s 365","description":"El Monte Areo se extiende en el l\u00edmite de los concejos de Carre\u00f1o y Gijon es un monte de unos 7 km de longitud y cuya cota m\u00e1xima se sit\u00faa en los 264 metros. Distribuidos por su superficie, acoge, un amplio conjunto de t\u00famulos y d\u00f3lmenes, de una antig\u00fcedad de cinco mil a tres mil","canonical_url":"https:\/\/candas365.es\/noticias\/carreno-licitara-el-desbroce-de-pistas-forestales-en-el-monte-areo\/","robots":"max-image-preview:large","keywords":"noticias carre\u00f1o","webmasterTools":{"google-site-verification":"UA-32230408-1","msvalidate.01":"354F3CDFB2DA171B47FBE9ABF1F88D5","miscellaneous":""},"schema":{"@context":"https:\/\/schema.org","@graph":[{"@type":"BreadcrumbList","@id":"https:\/\/candas365.es\/noticias\/carreno-licitara-el-desbroce-de-pistas-forestales-en-el-monte-areo\/#breadcrumblist","itemListElement":[{"@type":"ListItem","@id":"https:\/\/candas365.es\/noticias#listItem","position":1,"name":"Home","item":"https:\/\/candas365.es\/noticias","nextItem":{"@type":"ListItem","@id":"https:\/\/candas365.es\/noticias\/category\/noticias-carreno\/#listItem","name":"Noticias Carre\u00f1o"}},{"@type":"ListItem","@id":"https:\/\/candas365.es\/noticias\/category\/noticias-carreno\/#listItem","position":2,"name":"Noticias Carre\u00f1o","item":"https:\/\/candas365.es\/noticias\/category\/noticias-carreno\/","nextItem":{"@type":"ListItem","@id":"https:\/\/candas365.es\/noticias\/carreno-licitara-el-desbroce-de-pistas-forestales-en-el-monte-areo\/#listItem","name":"Carre\u00f1o licitar\u00e1 el desbroce de pistas forestales en El Monte Areo"},"previousItem":{"@type":"ListItem","@id":"https:\/\/candas365.es\/noticias#listItem","name":"Home"}},{"@type":"ListItem","@id":"https:\/\/candas365.es\/noticias\/carreno-licitara-el-desbroce-de-pistas-forestales-en-el-monte-areo\/#listItem","position":3,"name":"Carre\u00f1o licitar\u00e1 el desbroce de pistas forestales en El Monte Areo","previousItem":{"@type":"ListItem","@id":"https:\/\/candas365.es\/noticias\/category\/noticias-carreno\/#listItem","name":"Noticias Carre\u00f1o"}}]},{"@type":"NewsArticle","@id":"https:\/\/candas365.es\/noticias\/carreno-licitara-el-desbroce-de-pistas-forestales-en-el-monte-areo\/#newsarticle","name":"Carre\u00f1o licitar\u00e1 el desbroce de pistas forestales en El Monte Areo | Cand\u00e1s 365","headline":"Carre\u00f1o licitar\u00e1 el desbroce de pistas forestales en El Monte Areo","author":{"@id":"https:\/\/candas365.es\/noticias\/author\/admin\/#author"},"publisher":{"@id":"https:\/\/candas365.es\/noticias\/#organization"},"image":{"@type":"ImageObject","url":"https:\/\/candas365.es\/noticias\/wp-content\/uploads\/2018\/11\/MG_5964.jpg","width":1280,"height":853},"datePublished":"2018-11-12T20:11:50+01:00","dateModified":"2018-11-12T20:11:50+01:00","inLanguage":"es-ES","mainEntityOfPage":{"@id":"https:\/\/candas365.es\/noticias\/carreno-licitara-el-desbroce-de-pistas-forestales-en-el-monte-areo\/#webpage"},"isPartOf":{"@id":"https:\/\/candas365.es\/noticias\/carreno-licitara-el-desbroce-de-pistas-forestales-en-el-monte-areo\/#webpage"},"articleSection":"Noticias Carre\u00f1o","dateline":"Publicado el noviembre 12, 2018."},{"@type":"Organization","@id":"https:\/\/candas365.es\/noticias\/#organization","name":"Cand\u00e1s 365","description":"Cand\u00e1s 365 es un diario digital independiente, fundado en 2012, con base en Asturias. Informamos con rigor sobre actualidad, sociedad, cultura y ocio, con una mirada local y global.","url":"https:\/\/candas365.es\/noticias\/","email":"info@candas365.es","telephone":"+34652131393","foundingDate":"2012-06-10","logo":{"@type":"ImageObject","url":"https:\/\/candas365.es\/noticias\/wp-content\/uploads\/2024\/09\/Candas-365-Redes.jpg","@id":"https:\/\/candas365.es\/noticias\/carreno-licitara-el-desbroce-de-pistas-forestales-en-el-monte-areo\/#organizationLogo","width":1152,"height":864,"caption":"Cand\u00e1s 365 Redes"},"image":{"@id":"https:\/\/candas365.es\/noticias\/carreno-licitara-el-desbroce-de-pistas-forestales-en-el-monte-areo\/#organizationLogo"},"sameAs":["https:\/\/www.facebook.com\/Nachofdezber","https:\/\/x.com\/NabercoDigital","https:\/\/www.instagram.com\/nachofdezber\/","https:\/\/www.youtube.com\/channel\/UCZP-2wLEB9Rv6erhFmqVnvg"],"address":{"@id":"https:\/\/candas365.es\/noticias\/#postaladdress","@type":"PostalAddress","streetAddress":"san antonio 4, san antonio 4","postalCode":"33430","addressLocality":"Cand\u00e1s","addressRegion":"Asturias","addressCountry":"ES"}},{"@type":"Person","@id":"https:\/\/candas365.es\/noticias\/author\/admin\/#author","url":"https:\/\/candas365.es\/noticias\/author\/admin\/","name":"Cand\u00e1s 365","image":{"@type":"ImageObject","@id":"https:\/\/candas365.es\/noticias\/carreno-licitara-el-desbroce-de-pistas-forestales-en-el-monte-areo\/#authorImage","url":"https:\/\/secure.gravatar.com\/avatar\/496a8e03d0c493ede1718b7934145dbdf8d89be1036b0eec9544e1094c9de390?s=96&d=mm&r=g","width":96,"height":96,"caption":"Cand\u00e1s 365"},"sameAs":["https:\/\/www.facebook.com\/carrenoactualidad","https:\/\/twitter.com\/nbasturias","https:\/\/www.instagram.com\/nachofdezber\/","https:\/\/www.youtube.com\/channel\/UCZP-2wLEB9Rv6erhFmqVnvg"]},{"@type":"WebPage","@id":"https:\/\/candas365.es\/noticias\/carreno-licitara-el-desbroce-de-pistas-forestales-en-el-monte-areo\/#webpage","url":"https:\/\/candas365.es\/noticias\/carreno-licitara-el-desbroce-de-pistas-forestales-en-el-monte-areo\/","name":"Carre\u00f1o licitar\u00e1 el desbroce de pistas forestales en El Monte Areo | Cand\u00e1s 365","description":"El Monte Areo se extiende en el l\u00edmite de los concejos de Carre\u00f1o y Gijon es un monte de unos 7 km de longitud y cuya cota m\u00e1xima se sit\u00faa en los 264 metros. Distribuidos por su superficie, acoge, un amplio conjunto de t\u00famulos y d\u00f3lmenes, de una antig\u00fcedad de cinco mil a tres mil","inLanguage":"es-ES","isPartOf":{"@id":"https:\/\/candas365.es\/noticias\/#website"},"breadcrumb":{"@id":"https:\/\/candas365.es\/noticias\/carreno-licitara-el-desbroce-de-pistas-forestales-en-el-monte-areo\/#breadcrumblist"},"author":{"@id":"https:\/\/candas365.es\/noticias\/author\/admin\/#author"},"creator":{"@id":"https:\/\/candas365.es\/noticias\/author\/admin\/#author"},"image":{"@type":"ImageObject","url":"https:\/\/candas365.es\/noticias\/wp-content\/uploads\/2018\/11\/MG_5964.jpg","@id":"https:\/\/candas365.es\/noticias\/carreno-licitara-el-desbroce-de-pistas-forestales-en-el-monte-areo\/#mainImage","width":1280,"height":853},"primaryImageOfPage":{"@id":"https:\/\/candas365.es\/noticias\/carreno-licitara-el-desbroce-de-pistas-forestales-en-el-monte-areo\/#mainImage"},"datePublished":"2018-11-12T20:11:50+01:00","dateModified":"2018-11-12T20:11:50+01:00"},{"@type":"WebSite","@id":"https:\/\/candas365.es\/noticias\/#website","url":"https:\/\/candas365.es\/noticias\/","name":"Cand\u00e1s 365","alternateName":"Cand\u00e1s 365 Noticias","description":"Actualidad desde Carre\u00f1o para el mundo","inLanguage":"es-ES","publisher":{"@id":"https:\/\/candas365.es\/noticias\/#organization"}}]},"og:locale":"es_ES","og:site_name":"Cand\u00e1s 365","og:type":"article","og:title":"Carre\u00f1o licitar\u00e1 el desbroce de pistas forestales en El Monte Areo | Cand\u00e1s 365","og:description":"El Monte Areo se extiende en el l\u00edmite de los concejos de Carre\u00f1o y Gijon es un monte de unos 7 km de longitud y cuya cota m\u00e1xima se sit\u00faa en los 264 metros. Distribuidos por su superficie, acoge, un amplio conjunto de t\u00famulos y d\u00f3lmenes, de una antig\u00fcedad de cinco mil a tres mil","og:url":"https:\/\/candas365.es\/noticias\/carreno-licitara-el-desbroce-de-pistas-forestales-en-el-monte-areo\/","og:image":"https:\/\/candas365.es\/noticias\/wp-content\/uploads\/2018\/11\/MG_5964.jpg","og:image:secure_url":"https:\/\/candas365.es\/noticias\/wp-content\/uploads\/2018\/11\/MG_5964.jpg","og:image:width":1280,"og:image:height":853,"article:published_time":"2018-11-12T20:11:50+00:00","article:modified_time":"2018-11-12T20:11:50+00:00","article:publisher":"https:\/\/www.facebook.com\/Nachofdezber","article:author":"https:\/\/www.facebook.com\/carrenoactualidad","twitter:card":"summary_large_image","twitter:site":"@NabercoDigital","twitter:title":"Carre\u00f1o licitar\u00e1 el desbroce de pistas forestales en El Monte Areo | Cand\u00e1s 365","twitter:description":"El Monte Areo se extiende en el l\u00edmite de los concejos de Carre\u00f1o y Gijon es un monte de unos 7 km de longitud y cuya cota m\u00e1xima se sit\u00faa en los 264 metros. Distribuidos por su superficie, acoge, un amplio conjunto de t\u00famulos y d\u00f3lmenes, de una antig\u00fcedad de cinco mil a tres mil","twitter:creator":"@nbasturias","twitter:image":"https:\/\/candas365.es\/noticias\/wp-content\/uploads\/2018\/11\/MG_5964.jpg","twitter:label1":"Escrito por","twitter:data1":"Cand\u00e1s 365","twitter:label2":"Tiempo de lectura estimado","twitter:data2":"4 minutos"},"aioseo_meta_data":{"post_id":"109759","title":null,"description":null,"keywords":null,"keyphrases":null,"primary_term":null,"canonical_url":null,"og_title":null,"og_description":null,"og_object_type":"default","og_image_type":"default","og_image_url":null,"og_image_width":null,"og_image_height":null,"og_image_custom_url":null,"og_image_custom_fields":null,"og_video":null,"og_custom_url":null,"og_article_section":null,"og_article_tags":null,"twitter_use_og":false,"twitter_card":"default","twitter_image_type":"default","twitter_image_url":null,"twitter_image_custom_url":null,"twitter_image_custom_fields":null,"twitter_title":null,"twitter_description":null,"schema":{"blockGraphs":[],"customGraphs":[],"default":{"data":{"Article":[],"Course":[],"Dataset":[],"FAQPage":[],"Movie":[],"Person":[],"Product":[],"ProductReview":[],"Car":[],"Recipe":[],"Service":[],"SoftwareApplication":[],"WebPage":[]},"graphName":"","isEnabled":true},"graphs":[],"defaultGraph":"","defaultPostTypeGraph":""},"schema_type":null,"schema_type_options":null,"pillar_content":false,"robots_default":true,"robots_noindex":false,"robots_noarchive":false,"robots_nosnippet":false,"robots_nofollow":false,"robots_noimageindex":false,"robots_noodp":false,"robots_notranslate":false,"robots_max_snippet":null,"robots_max_videopreview":null,"robots_max_imagepreview":"large","priority":null,"frequency":null,"location":null,"local_seo":null,"seo_analyzer_scan_date":"2025-08-28 10:43:29","breadcrumb_settings":null,"limit_modified_date":false,"reviewed_by":null,"open_ai":null,"ai":null,"created":"2020-12-21 11:39:04","updated":"2025-08-28 10:43:29"},"aioseo_breadcrumb":"<div class=\"aioseo-breadcrumbs\"><span class=\"aioseo-breadcrumb\">\n\t<a href=\"https:\/\/candas365.es\/noticias\" title=\"Home\">Home<\/a>\n<\/span><span class=\"aioseo-breadcrumb-separator\">&ndash;<\/span><span class=\"aioseo-breadcrumb\">\n\t<a href=\"https:\/\/candas365.es\/noticias\/category\/noticias-carreno\/\" title=\"Noticias Carre\u00f1o\">Noticias Carre\u00f1o<\/a>\n<\/span><span class=\"aioseo-breadcrumb-separator\">&ndash;<\/span><span class=\"aioseo-breadcrumb\">\n\tCarre\u00f1o licitar\u00e1 el desbroce de pistas forestales en El Monte Areo\n<\/span><\/div>","aioseo_breadcrumb_json":[{"label":"Home","link":"https:\/\/candas365.es\/noticias"},{"label":"Noticias Carre\u00f1o","link":"https:\/\/candas365.es\/noticias\/category\/noticias-carreno\/"},{"label":"Carre\u00f1o licitar\u00e1 el desbroce de pistas forestales en El Monte Areo","link":"https:\/\/candas365.es\/noticias\/carreno-licitara-el-desbroce-de-pistas-forestales-en-el-monte-areo\/"}],"_links":{"self":[{"href":"https:\/\/candas365.es\/noticias\/wp-json\/wp\/v2\/posts\/109759","targetHints":{"allow":["GET"]}}],"collection":[{"href":"https:\/\/candas365.es\/noticias\/wp-json\/wp\/v2\/posts"}],"about":[{"href":"https:\/\/candas365.es\/noticias\/wp-json\/wp\/v2\/types\/post"}],"author":[{"embeddable":true,"href":"https:\/\/candas365.es\/noticias\/wp-json\/wp\/v2\/users\/1"}],"replies":[{"embeddable":true,"href":"https:\/\/candas365.es\/noticias\/wp-json\/wp\/v2\/comments?post=109759"}],"version-history":[{"count":0,"href":"https:\/\/candas365.es\/noticias\/wp-json\/wp\/v2\/posts\/109759\/revisions"}],"wp:featuredmedia":[{"embeddable":true,"href":"https:\/\/candas365.es\/noticias\/wp-json\/wp\/v2\/media\/109760"}],"wp:attachment":[{"href":"https:\/\/candas365.es\/noticias\/wp-json\/wp\/v2\/media?parent=109759"}],"wp:term":[{"taxonomy":"category","embeddable":true,"href":"https:\/\/candas365.es\/noticias\/wp-json\/wp\/v2\/categories?post=109759"},{"taxonomy":"post_tag","embeddable":true,"href":"https:\/\/candas365.es\/noticias\/wp-json\/wp\/v2\/tags?post=109759"}],"curies":[{"name":"wp","href":"https:\/\/api.w.org\/{rel}","templated":true}]}}