{"id":109683,"date":"2018-11-11T22:01:03","date_gmt":"2018-11-11T22:01:03","guid":{"rendered":"http:\/\/candas365.es\/noticias\/?p=109683"},"modified":"2018-11-11T22:01:03","modified_gmt":"2018-11-11T22:01:03","slug":"el-bayern-cae-a-la-quinta-posicion-de-la-bundesliga","status":"publish","type":"post","link":"https:\/\/candas365.es\/noticias\/el-bayern-cae-a-la-quinta-posicion-de-la-bundesliga\/","title":{"rendered":"El Bayern cae a la quinta posici\u00f3n de la Bundesliga"},"content":{"rendered":"<p><img fetchpriority=\"high\" decoding=\"async\" class=\"alignleft size-medium wp-image-94574\" src=\"https:\/\/candas365.es\/noticias\/wp-content\/uploads\/2018\/04\/arena-1181668_960_720-360x240.jpg\" alt=\"\" width=\"360\" height=\"240\" srcset=\"https:\/\/candas365.es\/noticias\/wp-content\/uploads\/2018\/04\/arena-1181668_960_720-360x240.jpg 360w, https:\/\/candas365.es\/noticias\/wp-content\/uploads\/2018\/04\/arena-1181668_960_720-768x512.jpg 768w, https:\/\/candas365.es\/noticias\/wp-content\/uploads\/2018\/04\/arena-1181668_960_720-655x437.jpg 655w, https:\/\/candas365.es\/noticias\/wp-content\/uploads\/2018\/04\/arena-1181668_960_720-696x464.jpg 696w, https:\/\/candas365.es\/noticias\/wp-content\/uploads\/2018\/04\/arena-1181668_960_720-630x420.jpg 630w, https:\/\/candas365.es\/noticias\/wp-content\/uploads\/2018\/04\/arena-1181668_960_720.jpg 960w\" sizes=\"(max-width: 360px) 100vw, 360px\" \/>Leipzig (Alemania), 11 nov (dpa) &#8211; Tras la derrota del s\u00e1bado ante el Borussia Dortmund en el cl\u00e1sico, el Bayern M\u00fanich cay\u00f3 hoy a la quinta posici\u00f3n de la Liga alemana de f\u00fatbol despu\u00e9s de las victorias de Leipzig y Eintracht Frankfurt.<\/p>\n<p>El Leipzig venci\u00f3 3-0 al Bayer Leverkusen, mismo resultado con el que el Frankfurt se impuso al Schalke en el \u00faltimo partido de la und\u00e9cima jornada de la Bundesliga.<\/p>\n<p>El Dortmund lidera la clasificaci\u00f3n con 27 puntos tras su victoria del s\u00e1bado ante el Bayern por 3-2. Segundo con 23 unidades est\u00e1 el Borussia M\u00f6nchengladbach, que super\u00f3 3-1 el s\u00e1bado al Werder Bremen.<\/p>\n<p>Tercero aparece el Leipzig (22), seguido de Frankfurt y Bayern, ambos con 20. Los b\u00e1varos est\u00e1n quintos por peor diferencia de goles.<\/p>\n<p>En Leipzig, el dan\u00e9s Yussuf Poulsen (27&#8242; y 85&#8242;) y el alem\u00e1n Lukas Klostermann (68&#8242;) fueron los encargados de dar los tres puntos a los locales.<\/p>\n<p>El Leverkusen, en decimotercera posici\u00f3n con once puntos, no logr\u00f3 superar la que es actualmente la mejor defensa de la Bundesliga con s\u00f3lo nueve tantos en contra en lo que va de temporada. El equipo de Heiko Herrlich tiene por el contrario 24, incluidos los de hoy.<\/p>\n<p>El Leipzig sali\u00f3 con fuerza al terreno de juego con el aliciente de querer aprovechar la derrota del Bayern por 3-2 ante el Dortmund.<\/p>\n<p>Sin embargo, la primera oportunidad del partido lleg\u00f3 a los 13 minutos en una jugada en la que Kevin Volland a punto estuvo de anotar el primer tanto para el Leverkusen de cabeza tras centro de Julian Brandt.<\/p>\n<p>El susto no hizo mella en los locales, que siguieron con su juego ofensivo sobre el \u00e1rea del Leverkusen hasta que finalmente lleg\u00f3 el primer tanto del partido con una volea de Poulsen sobre el arquero.<\/p>\n<p>El tanto desat\u00f3 cierta confusi\u00f3n, ya que el \u00e1rbitro primero lo dio por bueno, despu\u00e9s lo anul\u00f3 tras indicaci\u00f3n del juez de l\u00ednea que vio fuera de juego en la jugada y despu\u00e9s lo volvi\u00f3 a dar por bueno tras consultar el videoarbitraje.<\/p>\n<p>En la segunda parte, Klostermann ampli\u00f3 el marcador en el minuto 68 gracias a una pared en un saque de banda que acab\u00f3 con un derechazo del futbolista alem\u00e1n. Siete minutos despu\u00e9s, Timo Werner a punto estuvo de anotar el tercer tanto del partido en un mano a mano con el portero del Leverkusen, Lukas Hradecky.<\/p>\n<p>A cinco minutos del final, la presi\u00f3n de Klostermann sobre el defensa del Bayer Leverkusen Dominik Kohr tras un saque de banda llev\u00f3 a \u00e9ste a dar un desafortunado pase que fue interceptado por Poulsen, que anot\u00f3 el tercer y \u00faltimo tanto.<\/p>\n<p>La und\u00e9cima fecha de la Bundesliga concluy\u00f3 con el triunfo del Frankfurt por 3-0 sobre el Schalke con un doblete de Luka Jovic y otro tanto de Sebastian Haller. Los tres goles llegaron en la segunda mitad.<\/p>\n","protected":false},"excerpt":{"rendered":"<p>Leipzig (Alemania), 11 nov (dpa) &#8211; Tras la derrota del s\u00e1bado ante el Borussia Dortmund en el cl\u00e1sico, el Bayern M\u00fanich cay\u00f3 hoy a la quinta posici\u00f3n de la Liga alemana de f\u00fatbol despu\u00e9s de las victorias de Leipzig y Eintracht Frankfurt. El Leipzig venci\u00f3 3-0 al Bayer Leverkusen, mismo resultado con el que el<\/p>\n","protected":false},"author":1,"featured_media":94574,"comment_status":"closed","ping_status":"closed","sticky":false,"template":"","format":"standard","meta":{"footnotes":""},"categories":[319],"tags":[],"class_list":{"0":"post-109683","1":"post","2":"type-post","3":"status-publish","4":"format-standard","5":"has-post-thumbnail","7":"category-deporte"},"aioseo_notices":[],"aioseo_head":"\n\t\t<!-- All in One SEO Pro 4.9.6.2 - aioseo.com -->\n\t<meta name=\"description\" content=\"Leipzig (Alemania), 11 nov (dpa) - Tras la derrota del s\u00e1bado ante el Borussia Dortmund en el cl\u00e1sico, el Bayern M\u00fanich cay\u00f3 hoy a la quinta posici\u00f3n de la Liga alemana de f\u00fatbol despu\u00e9s de las victorias de Leipzig y Eintracht Frankfurt. El Leipzig venci\u00f3 3-0 al Bayer Leverkusen, mismo resultado con el que el\" \/>\n\t<meta name=\"robots\" content=\"max-image-preview:large\" \/>\n\t<meta name=\"author\" content=\"Cand\u00e1s 365\"\/>\n\t<meta name=\"google-site-verification\" content=\"UA-32230408-1\" \/>\n\t<meta name=\"msvalidate.01\" content=\"354F3CDFB2DA171B47FBE9ABF1F88D5\" \/>\n\t<meta name=\"keywords\" content=\"deporte\" \/>\n\t<link rel=\"canonical\" href=\"https:\/\/candas365.es\/noticias\/el-bayern-cae-a-la-quinta-posicion-de-la-bundesliga\/\" \/>\n\t<meta name=\"generator\" content=\"All in One SEO Pro (AIOSEO) 4.9.6.2\" \/>\n\t\t<meta property=\"og:locale\" content=\"es_ES\" \/>\n\t\t<meta property=\"og:site_name\" content=\"Cand\u00e1s 365\" \/>\n\t\t<meta property=\"og:type\" content=\"article\" \/>\n\t\t<meta property=\"og:title\" content=\"El Bayern cae a la quinta posici\u00f3n de la Bundesliga | Cand\u00e1s 365\" \/>\n\t\t<meta property=\"og:description\" content=\"Leipzig (Alemania), 11 nov (dpa) - Tras la derrota del s\u00e1bado ante el Borussia Dortmund en el cl\u00e1sico, el Bayern M\u00fanich cay\u00f3 hoy a la quinta posici\u00f3n de la Liga alemana de f\u00fatbol despu\u00e9s de las victorias de Leipzig y Eintracht Frankfurt. El Leipzig venci\u00f3 3-0 al Bayer Leverkusen, mismo resultado con el que el\" \/>\n\t\t<meta property=\"og:url\" content=\"https:\/\/candas365.es\/noticias\/el-bayern-cae-a-la-quinta-posicion-de-la-bundesliga\/\" \/>\n\t\t<meta property=\"og:image\" content=\"https:\/\/candas365.es\/noticias\/wp-content\/uploads\/2018\/04\/arena-1181668_960_720.jpg\" \/>\n\t\t<meta property=\"og:image:secure_url\" content=\"https:\/\/candas365.es\/noticias\/wp-content\/uploads\/2018\/04\/arena-1181668_960_720.jpg\" \/>\n\t\t<meta property=\"og:image:width\" content=\"960\" \/>\n\t\t<meta property=\"og:image:height\" content=\"640\" \/>\n\t\t<meta property=\"article:published_time\" content=\"2018-11-11T22:01:03+00:00\" \/>\n\t\t<meta property=\"article:modified_time\" content=\"2018-11-11T22:01:03+00:00\" \/>\n\t\t<meta property=\"article:publisher\" content=\"https:\/\/www.facebook.com\/Nachofdezber\" \/>\n\t\t<meta property=\"article:author\" content=\"https:\/\/www.facebook.com\/carrenoactualidad\" \/>\n\t\t<meta name=\"twitter:card\" content=\"summary_large_image\" \/>\n\t\t<meta name=\"twitter:site\" content=\"@NabercoDigital\" \/>\n\t\t<meta name=\"twitter:title\" content=\"El Bayern cae a la quinta posici\u00f3n de la Bundesliga | Cand\u00e1s 365\" \/>\n\t\t<meta name=\"twitter:description\" content=\"Leipzig (Alemania), 11 nov (dpa) - Tras la derrota del s\u00e1bado ante el Borussia Dortmund en el cl\u00e1sico, el Bayern M\u00fanich cay\u00f3 hoy a la quinta posici\u00f3n de la Liga alemana de f\u00fatbol despu\u00e9s de las victorias de Leipzig y Eintracht Frankfurt. El Leipzig venci\u00f3 3-0 al Bayer Leverkusen, mismo resultado con el que el\" \/>\n\t\t<meta name=\"twitter:creator\" content=\"@nbasturias\" \/>\n\t\t<meta name=\"twitter:image\" content=\"https:\/\/candas365.es\/noticias\/wp-content\/uploads\/2018\/04\/arena-1181668_960_720.jpg\" \/>\n\t\t<meta name=\"twitter:label1\" content=\"Escrito por\" \/>\n\t\t<meta name=\"twitter:data1\" content=\"Cand\u00e1s 365\" \/>\n\t\t<meta name=\"twitter:label2\" content=\"Tiempo de lectura estimado\" \/>\n\t\t<meta name=\"twitter:data2\" content=\"2 minutos\" \/>\n\t\t<script type=\"application\/ld+json\" class=\"aioseo-schema\">\n\t\t\t{\"@context\":\"https:\\\/\\\/schema.org\",\"@graph\":[{\"@type\":\"BreadcrumbList\",\"@id\":\"https:\\\/\\\/candas365.es\\\/noticias\\\/el-bayern-cae-a-la-quinta-posicion-de-la-bundesliga\\\/#breadcrumblist\",\"itemListElement\":[{\"@type\":\"ListItem\",\"@id\":\"https:\\\/\\\/candas365.es\\\/noticias#listItem\",\"position\":1,\"name\":\"Home\",\"item\":\"https:\\\/\\\/candas365.es\\\/noticias\",\"nextItem\":{\"@type\":\"ListItem\",\"@id\":\"https:\\\/\\\/candas365.es\\\/noticias\\\/category\\\/deporte\\\/#listItem\",\"name\":\"Deporte\"}},{\"@type\":\"ListItem\",\"@id\":\"https:\\\/\\\/candas365.es\\\/noticias\\\/category\\\/deporte\\\/#listItem\",\"position\":2,\"name\":\"Deporte\",\"item\":\"https:\\\/\\\/candas365.es\\\/noticias\\\/category\\\/deporte\\\/\",\"nextItem\":{\"@type\":\"ListItem\",\"@id\":\"https:\\\/\\\/candas365.es\\\/noticias\\\/el-bayern-cae-a-la-quinta-posicion-de-la-bundesliga\\\/#listItem\",\"name\":\"El Bayern cae a la quinta posici\\u00f3n de la Bundesliga\"},\"previousItem\":{\"@type\":\"ListItem\",\"@id\":\"https:\\\/\\\/candas365.es\\\/noticias#listItem\",\"name\":\"Home\"}},{\"@type\":\"ListItem\",\"@id\":\"https:\\\/\\\/candas365.es\\\/noticias\\\/el-bayern-cae-a-la-quinta-posicion-de-la-bundesliga\\\/#listItem\",\"position\":3,\"name\":\"El Bayern cae a la quinta posici\\u00f3n de la Bundesliga\",\"previousItem\":{\"@type\":\"ListItem\",\"@id\":\"https:\\\/\\\/candas365.es\\\/noticias\\\/category\\\/deporte\\\/#listItem\",\"name\":\"Deporte\"}}]},{\"@type\":\"NewsArticle\",\"@id\":\"https:\\\/\\\/candas365.es\\\/noticias\\\/el-bayern-cae-a-la-quinta-posicion-de-la-bundesliga\\\/#newsarticle\",\"name\":\"El Bayern cae a la quinta posici\\u00f3n de la Bundesliga | Cand\\u00e1s 365\",\"headline\":\"El Bayern cae a la quinta posici\\u00f3n de la Bundesliga\",\"author\":{\"@id\":\"https:\\\/\\\/candas365.es\\\/noticias\\\/author\\\/admin\\\/#author\"},\"publisher\":{\"@id\":\"https:\\\/\\\/candas365.es\\\/noticias\\\/#organization\"},\"image\":{\"@type\":\"ImageObject\",\"url\":\"https:\\\/\\\/candas365.es\\\/noticias\\\/wp-content\\\/uploads\\\/2018\\\/04\\\/arena-1181668_960_720.jpg\",\"width\":960,\"height\":640},\"datePublished\":\"2018-11-11T22:01:03+01:00\",\"dateModified\":\"2018-11-11T22:01:03+01:00\",\"inLanguage\":\"es-ES\",\"mainEntityOfPage\":{\"@id\":\"https:\\\/\\\/candas365.es\\\/noticias\\\/el-bayern-cae-a-la-quinta-posicion-de-la-bundesliga\\\/#webpage\"},\"isPartOf\":{\"@id\":\"https:\\\/\\\/candas365.es\\\/noticias\\\/el-bayern-cae-a-la-quinta-posicion-de-la-bundesliga\\\/#webpage\"},\"articleSection\":\"Deporte\",\"dateline\":\"Publicado el noviembre 11, 2018.\"},{\"@type\":\"Organization\",\"@id\":\"https:\\\/\\\/candas365.es\\\/noticias\\\/#organization\",\"name\":\"Cand\\u00e1s 365\",\"description\":\"Cand\\u00e1s 365 es un diario digital independiente, fundado en 2012, con base en Asturias. Informamos con rigor sobre actualidad, sociedad, cultura y ocio, con una mirada local y global.\",\"url\":\"https:\\\/\\\/candas365.es\\\/noticias\\\/\",\"email\":\"info@candas365.es\",\"telephone\":\"+34652131393\",\"foundingDate\":\"2012-06-10\",\"logo\":{\"@type\":\"ImageObject\",\"url\":\"https:\\\/\\\/candas365.es\\\/noticias\\\/wp-content\\\/uploads\\\/2024\\\/09\\\/Candas-365-Redes.jpg\",\"@id\":\"https:\\\/\\\/candas365.es\\\/noticias\\\/el-bayern-cae-a-la-quinta-posicion-de-la-bundesliga\\\/#organizationLogo\",\"width\":1152,\"height\":864,\"caption\":\"Cand\\u00e1s 365 Redes\"},\"image\":{\"@id\":\"https:\\\/\\\/candas365.es\\\/noticias\\\/el-bayern-cae-a-la-quinta-posicion-de-la-bundesliga\\\/#organizationLogo\"},\"sameAs\":[\"https:\\\/\\\/www.facebook.com\\\/Nachofdezber\",\"https:\\\/\\\/x.com\\\/NabercoDigital\",\"https:\\\/\\\/www.instagram.com\\\/nachofdezber\\\/\",\"https:\\\/\\\/www.youtube.com\\\/channel\\\/UCZP-2wLEB9Rv6erhFmqVnvg\"],\"address\":{\"@id\":\"https:\\\/\\\/candas365.es\\\/noticias\\\/#postaladdress\",\"@type\":\"PostalAddress\",\"streetAddress\":\"san antonio 4, san antonio 4\",\"postalCode\":\"33430\",\"addressLocality\":\"Cand\\u00e1s\",\"addressRegion\":\"Asturias\",\"addressCountry\":\"ES\"}},{\"@type\":\"Person\",\"@id\":\"https:\\\/\\\/candas365.es\\\/noticias\\\/author\\\/admin\\\/#author\",\"url\":\"https:\\\/\\\/candas365.es\\\/noticias\\\/author\\\/admin\\\/\",\"name\":\"Cand\\u00e1s 365\",\"image\":{\"@type\":\"ImageObject\",\"@id\":\"https:\\\/\\\/candas365.es\\\/noticias\\\/el-bayern-cae-a-la-quinta-posicion-de-la-bundesliga\\\/#authorImage\",\"url\":\"https:\\\/\\\/secure.gravatar.com\\\/avatar\\\/496a8e03d0c493ede1718b7934145dbdf8d89be1036b0eec9544e1094c9de390?s=96&d=mm&r=g\",\"width\":96,\"height\":96,\"caption\":\"Cand\\u00e1s 365\"},\"sameAs\":[\"https:\\\/\\\/www.facebook.com\\\/carrenoactualidad\",\"https:\\\/\\\/twitter.com\\\/nbasturias\",\"https:\\\/\\\/www.instagram.com\\\/nachofdezber\\\/\",\"https:\\\/\\\/www.youtube.com\\\/channel\\\/UCZP-2wLEB9Rv6erhFmqVnvg\"]},{\"@type\":\"WebPage\",\"@id\":\"https:\\\/\\\/candas365.es\\\/noticias\\\/el-bayern-cae-a-la-quinta-posicion-de-la-bundesliga\\\/#webpage\",\"url\":\"https:\\\/\\\/candas365.es\\\/noticias\\\/el-bayern-cae-a-la-quinta-posicion-de-la-bundesliga\\\/\",\"name\":\"El Bayern cae a la quinta posici\\u00f3n de la Bundesliga | Cand\\u00e1s 365\",\"description\":\"Leipzig (Alemania), 11 nov (dpa) - Tras la derrota del s\\u00e1bado ante el Borussia Dortmund en el cl\\u00e1sico, el Bayern M\\u00fanich cay\\u00f3 hoy a la quinta posici\\u00f3n de la Liga alemana de f\\u00fatbol despu\\u00e9s de las victorias de Leipzig y Eintracht Frankfurt. El Leipzig venci\\u00f3 3-0 al Bayer Leverkusen, mismo resultado con el que el\",\"inLanguage\":\"es-ES\",\"isPartOf\":{\"@id\":\"https:\\\/\\\/candas365.es\\\/noticias\\\/#website\"},\"breadcrumb\":{\"@id\":\"https:\\\/\\\/candas365.es\\\/noticias\\\/el-bayern-cae-a-la-quinta-posicion-de-la-bundesliga\\\/#breadcrumblist\"},\"author\":{\"@id\":\"https:\\\/\\\/candas365.es\\\/noticias\\\/author\\\/admin\\\/#author\"},\"creator\":{\"@id\":\"https:\\\/\\\/candas365.es\\\/noticias\\\/author\\\/admin\\\/#author\"},\"image\":{\"@type\":\"ImageObject\",\"url\":\"https:\\\/\\\/candas365.es\\\/noticias\\\/wp-content\\\/uploads\\\/2018\\\/04\\\/arena-1181668_960_720.jpg\",\"@id\":\"https:\\\/\\\/candas365.es\\\/noticias\\\/el-bayern-cae-a-la-quinta-posicion-de-la-bundesliga\\\/#mainImage\",\"width\":960,\"height\":640},\"primaryImageOfPage\":{\"@id\":\"https:\\\/\\\/candas365.es\\\/noticias\\\/el-bayern-cae-a-la-quinta-posicion-de-la-bundesliga\\\/#mainImage\"},\"datePublished\":\"2018-11-11T22:01:03+01:00\",\"dateModified\":\"2018-11-11T22:01:03+01:00\"},{\"@type\":\"WebSite\",\"@id\":\"https:\\\/\\\/candas365.es\\\/noticias\\\/#website\",\"url\":\"https:\\\/\\\/candas365.es\\\/noticias\\\/\",\"name\":\"Cand\\u00e1s 365\",\"alternateName\":\"Cand\\u00e1s 365 Noticias\",\"description\":\"Actualidad desde Carre\\u00f1o para el mundo\",\"inLanguage\":\"es-ES\",\"publisher\":{\"@id\":\"https:\\\/\\\/candas365.es\\\/noticias\\\/#organization\"}}]}\n\t\t<\/script>\n\t\t<!-- All in One SEO Pro -->\r\n\t\t<title>El Bayern cae a la quinta posici\u00f3n de la Bundesliga | Cand\u00e1s 365<\/title>\n\n","aioseo_head_json":{"title":"El Bayern cae a la quinta posici\u00f3n de la Bundesliga | Cand\u00e1s 365","description":"Leipzig (Alemania), 11 nov (dpa) - Tras la derrota del s\u00e1bado ante el Borussia Dortmund en el cl\u00e1sico, el Bayern M\u00fanich cay\u00f3 hoy a la quinta posici\u00f3n de la Liga alemana de f\u00fatbol despu\u00e9s de las victorias de Leipzig y Eintracht Frankfurt. El Leipzig venci\u00f3 3-0 al Bayer Leverkusen, mismo resultado con el que el","canonical_url":"https:\/\/candas365.es\/noticias\/el-bayern-cae-a-la-quinta-posicion-de-la-bundesliga\/","robots":"max-image-preview:large","keywords":"deporte","webmasterTools":{"google-site-verification":"UA-32230408-1","msvalidate.01":"354F3CDFB2DA171B47FBE9ABF1F88D5","miscellaneous":""},"schema":{"@context":"https:\/\/schema.org","@graph":[{"@type":"BreadcrumbList","@id":"https:\/\/candas365.es\/noticias\/el-bayern-cae-a-la-quinta-posicion-de-la-bundesliga\/#breadcrumblist","itemListElement":[{"@type":"ListItem","@id":"https:\/\/candas365.es\/noticias#listItem","position":1,"name":"Home","item":"https:\/\/candas365.es\/noticias","nextItem":{"@type":"ListItem","@id":"https:\/\/candas365.es\/noticias\/category\/deporte\/#listItem","name":"Deporte"}},{"@type":"ListItem","@id":"https:\/\/candas365.es\/noticias\/category\/deporte\/#listItem","position":2,"name":"Deporte","item":"https:\/\/candas365.es\/noticias\/category\/deporte\/","nextItem":{"@type":"ListItem","@id":"https:\/\/candas365.es\/noticias\/el-bayern-cae-a-la-quinta-posicion-de-la-bundesliga\/#listItem","name":"El Bayern cae a la quinta posici\u00f3n de la Bundesliga"},"previousItem":{"@type":"ListItem","@id":"https:\/\/candas365.es\/noticias#listItem","name":"Home"}},{"@type":"ListItem","@id":"https:\/\/candas365.es\/noticias\/el-bayern-cae-a-la-quinta-posicion-de-la-bundesliga\/#listItem","position":3,"name":"El Bayern cae a la quinta posici\u00f3n de la Bundesliga","previousItem":{"@type":"ListItem","@id":"https:\/\/candas365.es\/noticias\/category\/deporte\/#listItem","name":"Deporte"}}]},{"@type":"NewsArticle","@id":"https:\/\/candas365.es\/noticias\/el-bayern-cae-a-la-quinta-posicion-de-la-bundesliga\/#newsarticle","name":"El Bayern cae a la quinta posici\u00f3n de la Bundesliga | Cand\u00e1s 365","headline":"El Bayern cae a la quinta posici\u00f3n de la Bundesliga","author":{"@id":"https:\/\/candas365.es\/noticias\/author\/admin\/#author"},"publisher":{"@id":"https:\/\/candas365.es\/noticias\/#organization"},"image":{"@type":"ImageObject","url":"https:\/\/candas365.es\/noticias\/wp-content\/uploads\/2018\/04\/arena-1181668_960_720.jpg","width":960,"height":640},"datePublished":"2018-11-11T22:01:03+01:00","dateModified":"2018-11-11T22:01:03+01:00","inLanguage":"es-ES","mainEntityOfPage":{"@id":"https:\/\/candas365.es\/noticias\/el-bayern-cae-a-la-quinta-posicion-de-la-bundesliga\/#webpage"},"isPartOf":{"@id":"https:\/\/candas365.es\/noticias\/el-bayern-cae-a-la-quinta-posicion-de-la-bundesliga\/#webpage"},"articleSection":"Deporte","dateline":"Publicado el noviembre 11, 2018."},{"@type":"Organization","@id":"https:\/\/candas365.es\/noticias\/#organization","name":"Cand\u00e1s 365","description":"Cand\u00e1s 365 es un diario digital independiente, fundado en 2012, con base en Asturias. Informamos con rigor sobre actualidad, sociedad, cultura y ocio, con una mirada local y global.","url":"https:\/\/candas365.es\/noticias\/","email":"info@candas365.es","telephone":"+34652131393","foundingDate":"2012-06-10","logo":{"@type":"ImageObject","url":"https:\/\/candas365.es\/noticias\/wp-content\/uploads\/2024\/09\/Candas-365-Redes.jpg","@id":"https:\/\/candas365.es\/noticias\/el-bayern-cae-a-la-quinta-posicion-de-la-bundesliga\/#organizationLogo","width":1152,"height":864,"caption":"Cand\u00e1s 365 Redes"},"image":{"@id":"https:\/\/candas365.es\/noticias\/el-bayern-cae-a-la-quinta-posicion-de-la-bundesliga\/#organizationLogo"},"sameAs":["https:\/\/www.facebook.com\/Nachofdezber","https:\/\/x.com\/NabercoDigital","https:\/\/www.instagram.com\/nachofdezber\/","https:\/\/www.youtube.com\/channel\/UCZP-2wLEB9Rv6erhFmqVnvg"],"address":{"@id":"https:\/\/candas365.es\/noticias\/#postaladdress","@type":"PostalAddress","streetAddress":"san antonio 4, san antonio 4","postalCode":"33430","addressLocality":"Cand\u00e1s","addressRegion":"Asturias","addressCountry":"ES"}},{"@type":"Person","@id":"https:\/\/candas365.es\/noticias\/author\/admin\/#author","url":"https:\/\/candas365.es\/noticias\/author\/admin\/","name":"Cand\u00e1s 365","image":{"@type":"ImageObject","@id":"https:\/\/candas365.es\/noticias\/el-bayern-cae-a-la-quinta-posicion-de-la-bundesliga\/#authorImage","url":"https:\/\/secure.gravatar.com\/avatar\/496a8e03d0c493ede1718b7934145dbdf8d89be1036b0eec9544e1094c9de390?s=96&d=mm&r=g","width":96,"height":96,"caption":"Cand\u00e1s 365"},"sameAs":["https:\/\/www.facebook.com\/carrenoactualidad","https:\/\/twitter.com\/nbasturias","https:\/\/www.instagram.com\/nachofdezber\/","https:\/\/www.youtube.com\/channel\/UCZP-2wLEB9Rv6erhFmqVnvg"]},{"@type":"WebPage","@id":"https:\/\/candas365.es\/noticias\/el-bayern-cae-a-la-quinta-posicion-de-la-bundesliga\/#webpage","url":"https:\/\/candas365.es\/noticias\/el-bayern-cae-a-la-quinta-posicion-de-la-bundesliga\/","name":"El Bayern cae a la quinta posici\u00f3n de la Bundesliga | Cand\u00e1s 365","description":"Leipzig (Alemania), 11 nov (dpa) - Tras la derrota del s\u00e1bado ante el Borussia Dortmund en el cl\u00e1sico, el Bayern M\u00fanich cay\u00f3 hoy a la quinta posici\u00f3n de la Liga alemana de f\u00fatbol despu\u00e9s de las victorias de Leipzig y Eintracht Frankfurt. El Leipzig venci\u00f3 3-0 al Bayer Leverkusen, mismo resultado con el que el","inLanguage":"es-ES","isPartOf":{"@id":"https:\/\/candas365.es\/noticias\/#website"},"breadcrumb":{"@id":"https:\/\/candas365.es\/noticias\/el-bayern-cae-a-la-quinta-posicion-de-la-bundesliga\/#breadcrumblist"},"author":{"@id":"https:\/\/candas365.es\/noticias\/author\/admin\/#author"},"creator":{"@id":"https:\/\/candas365.es\/noticias\/author\/admin\/#author"},"image":{"@type":"ImageObject","url":"https:\/\/candas365.es\/noticias\/wp-content\/uploads\/2018\/04\/arena-1181668_960_720.jpg","@id":"https:\/\/candas365.es\/noticias\/el-bayern-cae-a-la-quinta-posicion-de-la-bundesliga\/#mainImage","width":960,"height":640},"primaryImageOfPage":{"@id":"https:\/\/candas365.es\/noticias\/el-bayern-cae-a-la-quinta-posicion-de-la-bundesliga\/#mainImage"},"datePublished":"2018-11-11T22:01:03+01:00","dateModified":"2018-11-11T22:01:03+01:00"},{"@type":"WebSite","@id":"https:\/\/candas365.es\/noticias\/#website","url":"https:\/\/candas365.es\/noticias\/","name":"Cand\u00e1s 365","alternateName":"Cand\u00e1s 365 Noticias","description":"Actualidad desde Carre\u00f1o para el mundo","inLanguage":"es-ES","publisher":{"@id":"https:\/\/candas365.es\/noticias\/#organization"}}]},"og:locale":"es_ES","og:site_name":"Cand\u00e1s 365","og:type":"article","og:title":"El Bayern cae a la quinta posici\u00f3n de la Bundesliga | Cand\u00e1s 365","og:description":"Leipzig (Alemania), 11 nov (dpa) - Tras la derrota del s\u00e1bado ante el Borussia Dortmund en el cl\u00e1sico, el Bayern M\u00fanich cay\u00f3 hoy a la quinta posici\u00f3n de la Liga alemana de f\u00fatbol despu\u00e9s de las victorias de Leipzig y Eintracht Frankfurt. El Leipzig venci\u00f3 3-0 al Bayer Leverkusen, mismo resultado con el que el","og:url":"https:\/\/candas365.es\/noticias\/el-bayern-cae-a-la-quinta-posicion-de-la-bundesliga\/","og:image":"https:\/\/candas365.es\/noticias\/wp-content\/uploads\/2018\/04\/arena-1181668_960_720.jpg","og:image:secure_url":"https:\/\/candas365.es\/noticias\/wp-content\/uploads\/2018\/04\/arena-1181668_960_720.jpg","og:image:width":960,"og:image:height":640,"article:published_time":"2018-11-11T22:01:03+00:00","article:modified_time":"2018-11-11T22:01:03+00:00","article:publisher":"https:\/\/www.facebook.com\/Nachofdezber","article:author":"https:\/\/www.facebook.com\/carrenoactualidad","twitter:card":"summary_large_image","twitter:site":"@NabercoDigital","twitter:title":"El Bayern cae a la quinta posici\u00f3n de la Bundesliga | Cand\u00e1s 365","twitter:description":"Leipzig (Alemania), 11 nov (dpa) - Tras la derrota del s\u00e1bado ante el Borussia Dortmund en el cl\u00e1sico, el Bayern M\u00fanich cay\u00f3 hoy a la quinta posici\u00f3n de la Liga alemana de f\u00fatbol despu\u00e9s de las victorias de Leipzig y Eintracht Frankfurt. El Leipzig venci\u00f3 3-0 al Bayer Leverkusen, mismo resultado con el que el","twitter:creator":"@nbasturias","twitter:image":"https:\/\/candas365.es\/noticias\/wp-content\/uploads\/2018\/04\/arena-1181668_960_720.jpg","twitter:label1":"Escrito por","twitter:data1":"Cand\u00e1s 365","twitter:label2":"Tiempo de lectura estimado","twitter:data2":"2 minutos"},"aioseo_meta_data":{"post_id":"109683","title":null,"description":null,"keywords":null,"keyphrases":null,"primary_term":null,"canonical_url":null,"og_title":null,"og_description":null,"og_object_type":"default","og_image_type":"default","og_image_url":null,"og_image_width":null,"og_image_height":null,"og_image_custom_url":null,"og_image_custom_fields":null,"og_video":null,"og_custom_url":null,"og_article_section":null,"og_article_tags":null,"twitter_use_og":false,"twitter_card":"default","twitter_image_type":"default","twitter_image_url":null,"twitter_image_custom_url":null,"twitter_image_custom_fields":null,"twitter_title":null,"twitter_description":null,"schema":{"blockGraphs":[],"customGraphs":[],"default":{"data":{"Article":[],"Course":[],"Dataset":[],"FAQPage":[],"Movie":[],"Person":[],"Product":[],"ProductReview":[],"Car":[],"Recipe":[],"Service":[],"SoftwareApplication":[],"WebPage":[]},"graphName":"","isEnabled":true},"graphs":[]},"schema_type":null,"schema_type_options":null,"pillar_content":false,"robots_default":true,"robots_noindex":false,"robots_noarchive":false,"robots_nosnippet":false,"robots_nofollow":false,"robots_noimageindex":false,"robots_noodp":false,"robots_notranslate":false,"robots_max_snippet":null,"robots_max_videopreview":null,"robots_max_imagepreview":"large","priority":null,"frequency":null,"location":null,"local_seo":null,"seo_analyzer_scan_date":"2025-08-28 10:29:22","breadcrumb_settings":null,"limit_modified_date":false,"reviewed_by":null,"open_ai":null,"ai":null,"created":"2020-12-21 11:39:13","updated":"2025-08-28 10:29:22"},"aioseo_breadcrumb":"<div class=\"aioseo-breadcrumbs\"><span class=\"aioseo-breadcrumb\">\n\t<a href=\"https:\/\/candas365.es\/noticias\" title=\"Home\">Home<\/a>\n<\/span><span class=\"aioseo-breadcrumb-separator\">&ndash;<\/span><span class=\"aioseo-breadcrumb\">\n\t<a href=\"https:\/\/candas365.es\/noticias\/category\/deporte\/\" title=\"Deporte\">Deporte<\/a>\n<\/span><span class=\"aioseo-breadcrumb-separator\">&ndash;<\/span><span class=\"aioseo-breadcrumb\">\n\tEl Bayern cae a la quinta posici\u00f3n de la Bundesliga\n<\/span><\/div>","aioseo_breadcrumb_json":[{"label":"Home","link":"https:\/\/candas365.es\/noticias"},{"label":"Deporte","link":"https:\/\/candas365.es\/noticias\/category\/deporte\/"},{"label":"El Bayern cae a la quinta posici\u00f3n de la Bundesliga","link":"https:\/\/candas365.es\/noticias\/el-bayern-cae-a-la-quinta-posicion-de-la-bundesliga\/"}],"_links":{"self":[{"href":"https:\/\/candas365.es\/noticias\/wp-json\/wp\/v2\/posts\/109683","targetHints":{"allow":["GET"]}}],"collection":[{"href":"https:\/\/candas365.es\/noticias\/wp-json\/wp\/v2\/posts"}],"about":[{"href":"https:\/\/candas365.es\/noticias\/wp-json\/wp\/v2\/types\/post"}],"author":[{"embeddable":true,"href":"https:\/\/candas365.es\/noticias\/wp-json\/wp\/v2\/users\/1"}],"replies":[{"embeddable":true,"href":"https:\/\/candas365.es\/noticias\/wp-json\/wp\/v2\/comments?post=109683"}],"version-history":[{"count":0,"href":"https:\/\/candas365.es\/noticias\/wp-json\/wp\/v2\/posts\/109683\/revisions"}],"wp:featuredmedia":[{"embeddable":true,"href":"https:\/\/candas365.es\/noticias\/wp-json\/wp\/v2\/media\/94574"}],"wp:attachment":[{"href":"https:\/\/candas365.es\/noticias\/wp-json\/wp\/v2\/media?parent=109683"}],"wp:term":[{"taxonomy":"category","embeddable":true,"href":"https:\/\/candas365.es\/noticias\/wp-json\/wp\/v2\/categories?post=109683"},{"taxonomy":"post_tag","embeddable":true,"href":"https:\/\/candas365.es\/noticias\/wp-json\/wp\/v2\/tags?post=109683"}],"curies":[{"name":"wp","href":"https:\/\/api.w.org\/{rel}","templated":true}]}}