{"id":109624,"date":"2018-11-10T19:05:27","date_gmt":"2018-11-10T19:05:27","guid":{"rendered":"http:\/\/candas365.es\/noticias\/?p=109624"},"modified":"2018-11-10T19:05:27","modified_gmt":"2018-11-10T19:05:27","slug":"alcacer-el-borussia-me-ha-ayudado-a-ser-de-nuevo-quien-era","status":"publish","type":"post","link":"https:\/\/candas365.es\/noticias\/alcacer-el-borussia-me-ha-ayudado-a-ser-de-nuevo-quien-era\/","title":{"rendered":"Alc\u00e1cer: \u00abEl Borussia me ha ayudado a ser de nuevo quien era\u00bb"},"content":{"rendered":"<p><img fetchpriority=\"high\" decoding=\"async\" class=\"alignleft size-medium wp-image-98026\" src=\"https:\/\/candas365.es\/noticias\/wp-content\/uploads\/2018\/06\/football-1406106_960_720-1-360x241.jpg\" alt=\"\" width=\"360\" height=\"241\" srcset=\"https:\/\/candas365.es\/noticias\/wp-content\/uploads\/2018\/06\/football-1406106_960_720-1-360x241.jpg 360w, https:\/\/candas365.es\/noticias\/wp-content\/uploads\/2018\/06\/football-1406106_960_720-1-768x514.jpg 768w, https:\/\/candas365.es\/noticias\/wp-content\/uploads\/2018\/06\/football-1406106_960_720-1-655x439.jpg 655w, https:\/\/candas365.es\/noticias\/wp-content\/uploads\/2018\/06\/football-1406106_960_720-1-696x466.jpg 696w, https:\/\/candas365.es\/noticias\/wp-content\/uploads\/2018\/06\/football-1406106_960_720-1-627x420.jpg 627w, https:\/\/candas365.es\/noticias\/wp-content\/uploads\/2018\/06\/football-1406106_960_720-1.jpg 960w\" sizes=\"(max-width: 360px) 100vw, 360px\" \/>Dortmund (Alemania), 10 nov (dpa) &#8211; El goleador espa\u00f1ol Paco Alc\u00e1cer agradece al Borussia Dortmund el renacimiento de su carrera. \u00abEl Borussia me ayud\u00f3 a volver a ser quien era\u00bb, declar\u00f3 en una entrevista publicada hoy en el diario alem\u00e1n \u00abS\u00fcddeutsche Zeitung\u00bb antes del partido ante el Bayern M\u00fanich.<\/p>\n<p>El internacional espa\u00f1ol es la gran revelaci\u00f3n del f\u00fatbol alem\u00e1n en esta campa\u00f1a tras anotar siete goles en la competici\u00f3n liguera en cinco partidos, apenas dos de ellos como titular. Cedido por el Barcelona con una opci\u00f3n de compra que ha sido asegurada por el Dortmund, Alc\u00e1cer se ha convertido en uno de los m\u00e1ximos goleadores en el pa\u00eds germano.<\/p>\n<p>\u00abPor supuesto, s\u00e9 que es imposible mantener esa frecuencia. Tambi\u00e9n habr\u00e1 dos o tres partidos seguidos en los que no marque. No estoy obsesionado con anotar tantos goles en tan poco tiempo\u00bb, dijo.<\/p>\n<p>El jugador que lleg\u00f3 a Dortmund este verano tras dos temporadas con el Barcelona, donde pas\u00f3 la mayor parte del tiempo en el banquillo, reconoce estar \u00abrealmente muy contento\u00bb de estar en Alemania con su pareja y su hija.<\/p>\n<p>Alc\u00e1cer era consciente del equipo al que ven\u00eda y no necesit\u00f3 consejo alguno de nadie, reconoce. \u00abSab\u00eda lo que era el Borussia Dortmund. Cuando surgieron los rumores, Marc Bartra se acerc\u00f3 a m\u00ed (que cambi\u00f3 el Dortmund por el Betis a principios de 2018) y me dijo que era un club muy bueno. Y Ousmane (Demb\u00e9l\u00e9, ahora con el Barcelona) tambi\u00e9n me lo dijo\u00bb.<\/p>\n<p>El delantero dijo que est\u00e1 muy ilusionado con el duelo ante el campe\u00f3n alem\u00e1n esta tarde. \u00abEste es uno de los partidos que a todo futbolista le gustar\u00eda jugar, uno de los m\u00e1s grandes que se pueden vivir en Europa\u00bb, dijo Alc\u00e1cer.<\/p>\n<p>Respecto a su carrera futbol\u00edstica, el jugador reconoce guardar un especial recuerdo de su etapa en su ciudad natal. \u00abTodos tenemos un equipo por el que laten nuestros corazones. Para m\u00ed es el Valencia, desde mi infancia. Nada va a cambiar eso, a pesar de que fui muy criticado por mi cambio al Barcelona\u00bb.<\/p>\n","protected":false},"excerpt":{"rendered":"<p>Dortmund (Alemania), 10 nov (dpa) &#8211; El goleador espa\u00f1ol Paco Alc\u00e1cer agradece al Borussia Dortmund el renacimiento de su carrera. \u00abEl Borussia me ayud\u00f3 a volver a ser quien era\u00bb, declar\u00f3 en una entrevista publicada hoy en el diario alem\u00e1n \u00abS\u00fcddeutsche Zeitung\u00bb antes del partido ante el Bayern M\u00fanich. El internacional espa\u00f1ol es la gran<\/p>\n","protected":false},"author":1,"featured_media":98004,"comment_status":"closed","ping_status":"closed","sticky":false,"template":"","format":"standard","meta":{"footnotes":""},"categories":[319],"tags":[],"class_list":{"0":"post-109624","1":"post","2":"type-post","3":"status-publish","4":"format-standard","5":"has-post-thumbnail","7":"category-deporte"},"aioseo_notices":[],"aioseo_head":"\n\t\t<!-- All in One SEO Pro 4.9.6.2 - aioseo.com -->\n\t<meta name=\"description\" content=\"Dortmund (Alemania), 10 nov (dpa) - El goleador espa\u00f1ol Paco Alc\u00e1cer agradece al Borussia Dortmund el renacimiento de su carrera. &quot;El Borussia me ayud\u00f3 a volver a ser quien era&quot;, declar\u00f3 en una entrevista publicada hoy en el diario alem\u00e1n &quot;S\u00fcddeutsche Zeitung&quot; antes del partido ante el Bayern M\u00fanich. El internacional espa\u00f1ol es la gran\" \/>\n\t<meta name=\"robots\" content=\"max-image-preview:large\" \/>\n\t<meta name=\"author\" content=\"Cand\u00e1s 365\"\/>\n\t<meta name=\"google-site-verification\" content=\"UA-32230408-1\" \/>\n\t<meta name=\"msvalidate.01\" content=\"354F3CDFB2DA171B47FBE9ABF1F88D5\" \/>\n\t<meta name=\"keywords\" content=\"deporte\" \/>\n\t<link rel=\"canonical\" href=\"https:\/\/candas365.es\/noticias\/alcacer-el-borussia-me-ha-ayudado-a-ser-de-nuevo-quien-era\/\" \/>\n\t<meta name=\"generator\" content=\"All in One SEO Pro (AIOSEO) 4.9.6.2\" \/>\n\t\t<meta property=\"og:locale\" content=\"es_ES\" \/>\n\t\t<meta property=\"og:site_name\" content=\"Cand\u00e1s 365\" \/>\n\t\t<meta property=\"og:type\" content=\"article\" \/>\n\t\t<meta property=\"og:title\" content=\"Alc\u00e1cer: \u00abEl Borussia me ha ayudado a ser de nuevo quien era\u00bb | Cand\u00e1s 365\" \/>\n\t\t<meta property=\"og:description\" content=\"Dortmund (Alemania), 10 nov (dpa) - El goleador espa\u00f1ol Paco Alc\u00e1cer agradece al Borussia Dortmund el renacimiento de su carrera. &quot;El Borussia me ayud\u00f3 a volver a ser quien era&quot;, declar\u00f3 en una entrevista publicada hoy en el diario alem\u00e1n &quot;S\u00fcddeutsche Zeitung&quot; antes del partido ante el Bayern M\u00fanich. El internacional espa\u00f1ol es la gran\" \/>\n\t\t<meta property=\"og:url\" content=\"https:\/\/candas365.es\/noticias\/alcacer-el-borussia-me-ha-ayudado-a-ser-de-nuevo-quien-era\/\" \/>\n\t\t<meta property=\"og:image\" content=\"https:\/\/candas365.es\/noticias\/wp-content\/uploads\/2018\/06\/football-1406106_960_720.jpg\" \/>\n\t\t<meta property=\"og:image:secure_url\" content=\"https:\/\/candas365.es\/noticias\/wp-content\/uploads\/2018\/06\/football-1406106_960_720.jpg\" \/>\n\t\t<meta property=\"og:image:width\" content=\"960\" \/>\n\t\t<meta property=\"og:image:height\" content=\"643\" \/>\n\t\t<meta property=\"article:published_time\" content=\"2018-11-10T19:05:27+00:00\" \/>\n\t\t<meta property=\"article:modified_time\" content=\"2018-11-10T19:05:27+00:00\" \/>\n\t\t<meta property=\"article:publisher\" content=\"https:\/\/www.facebook.com\/Nachofdezber\" \/>\n\t\t<meta property=\"article:author\" content=\"https:\/\/www.facebook.com\/carrenoactualidad\" \/>\n\t\t<meta name=\"twitter:card\" content=\"summary_large_image\" \/>\n\t\t<meta name=\"twitter:site\" content=\"@NabercoDigital\" \/>\n\t\t<meta name=\"twitter:title\" content=\"Alc\u00e1cer: \u00abEl Borussia me ha ayudado a ser de nuevo quien era\u00bb | Cand\u00e1s 365\" \/>\n\t\t<meta name=\"twitter:description\" content=\"Dortmund (Alemania), 10 nov (dpa) - El goleador espa\u00f1ol Paco Alc\u00e1cer agradece al Borussia Dortmund el renacimiento de su carrera. &quot;El Borussia me ayud\u00f3 a volver a ser quien era&quot;, declar\u00f3 en una entrevista publicada hoy en el diario alem\u00e1n &quot;S\u00fcddeutsche Zeitung&quot; antes del partido ante el Bayern M\u00fanich. El internacional espa\u00f1ol es la gran\" \/>\n\t\t<meta name=\"twitter:creator\" content=\"@nbasturias\" \/>\n\t\t<meta name=\"twitter:image\" content=\"https:\/\/candas365.es\/noticias\/wp-content\/uploads\/2018\/06\/football-1406106_960_720.jpg\" \/>\n\t\t<meta name=\"twitter:label1\" content=\"Escrito por\" \/>\n\t\t<meta name=\"twitter:data1\" content=\"Cand\u00e1s 365\" \/>\n\t\t<meta name=\"twitter:label2\" content=\"Tiempo de lectura estimado\" \/>\n\t\t<meta name=\"twitter:data2\" content=\"2 minutos\" \/>\n\t\t<script type=\"application\/ld+json\" class=\"aioseo-schema\">\n\t\t\t{\"@context\":\"https:\\\/\\\/schema.org\",\"@graph\":[{\"@type\":\"BreadcrumbList\",\"@id\":\"https:\\\/\\\/candas365.es\\\/noticias\\\/alcacer-el-borussia-me-ha-ayudado-a-ser-de-nuevo-quien-era\\\/#breadcrumblist\",\"itemListElement\":[{\"@type\":\"ListItem\",\"@id\":\"https:\\\/\\\/candas365.es\\\/noticias#listItem\",\"position\":1,\"name\":\"Home\",\"item\":\"https:\\\/\\\/candas365.es\\\/noticias\",\"nextItem\":{\"@type\":\"ListItem\",\"@id\":\"https:\\\/\\\/candas365.es\\\/noticias\\\/category\\\/deporte\\\/#listItem\",\"name\":\"Deporte\"}},{\"@type\":\"ListItem\",\"@id\":\"https:\\\/\\\/candas365.es\\\/noticias\\\/category\\\/deporte\\\/#listItem\",\"position\":2,\"name\":\"Deporte\",\"item\":\"https:\\\/\\\/candas365.es\\\/noticias\\\/category\\\/deporte\\\/\",\"nextItem\":{\"@type\":\"ListItem\",\"@id\":\"https:\\\/\\\/candas365.es\\\/noticias\\\/alcacer-el-borussia-me-ha-ayudado-a-ser-de-nuevo-quien-era\\\/#listItem\",\"name\":\"Alc\\u00e1cer: \\u00abEl Borussia me ha ayudado a ser de nuevo quien era\\u00bb\"},\"previousItem\":{\"@type\":\"ListItem\",\"@id\":\"https:\\\/\\\/candas365.es\\\/noticias#listItem\",\"name\":\"Home\"}},{\"@type\":\"ListItem\",\"@id\":\"https:\\\/\\\/candas365.es\\\/noticias\\\/alcacer-el-borussia-me-ha-ayudado-a-ser-de-nuevo-quien-era\\\/#listItem\",\"position\":3,\"name\":\"Alc\\u00e1cer: \\u00abEl Borussia me ha ayudado a ser de nuevo quien era\\u00bb\",\"previousItem\":{\"@type\":\"ListItem\",\"@id\":\"https:\\\/\\\/candas365.es\\\/noticias\\\/category\\\/deporte\\\/#listItem\",\"name\":\"Deporte\"}}]},{\"@type\":\"NewsArticle\",\"@id\":\"https:\\\/\\\/candas365.es\\\/noticias\\\/alcacer-el-borussia-me-ha-ayudado-a-ser-de-nuevo-quien-era\\\/#newsarticle\",\"name\":\"Alc\\u00e1cer: \\u00abEl Borussia me ha ayudado a ser de nuevo quien era\\u00bb | Cand\\u00e1s 365\",\"headline\":\"Alc\\u00e1cer: \\u00abEl Borussia me ha ayudado a ser de nuevo quien era\\u00bb\",\"author\":{\"@id\":\"https:\\\/\\\/candas365.es\\\/noticias\\\/author\\\/admin\\\/#author\"},\"publisher\":{\"@id\":\"https:\\\/\\\/candas365.es\\\/noticias\\\/#organization\"},\"image\":{\"@type\":\"ImageObject\",\"url\":\"https:\\\/\\\/candas365.es\\\/noticias\\\/wp-content\\\/uploads\\\/2018\\\/06\\\/football-1406106_960_720.jpg\",\"width\":960,\"height\":643},\"datePublished\":\"2018-11-10T19:05:27+01:00\",\"dateModified\":\"2018-11-10T19:05:27+01:00\",\"inLanguage\":\"es-ES\",\"mainEntityOfPage\":{\"@id\":\"https:\\\/\\\/candas365.es\\\/noticias\\\/alcacer-el-borussia-me-ha-ayudado-a-ser-de-nuevo-quien-era\\\/#webpage\"},\"isPartOf\":{\"@id\":\"https:\\\/\\\/candas365.es\\\/noticias\\\/alcacer-el-borussia-me-ha-ayudado-a-ser-de-nuevo-quien-era\\\/#webpage\"},\"articleSection\":\"Deporte\",\"dateline\":\"Publicado el noviembre 10, 2018.\"},{\"@type\":\"Organization\",\"@id\":\"https:\\\/\\\/candas365.es\\\/noticias\\\/#organization\",\"name\":\"Cand\\u00e1s 365\",\"description\":\"Cand\\u00e1s 365 es un diario digital independiente, fundado en 2012, con base en Asturias. Informamos con rigor sobre actualidad, sociedad, cultura y ocio, con una mirada local y global.\",\"url\":\"https:\\\/\\\/candas365.es\\\/noticias\\\/\",\"email\":\"info@candas365.es\",\"telephone\":\"+34652131393\",\"foundingDate\":\"2012-06-10\",\"logo\":{\"@type\":\"ImageObject\",\"url\":\"https:\\\/\\\/candas365.es\\\/noticias\\\/wp-content\\\/uploads\\\/2024\\\/09\\\/Candas-365-Redes.jpg\",\"@id\":\"https:\\\/\\\/candas365.es\\\/noticias\\\/alcacer-el-borussia-me-ha-ayudado-a-ser-de-nuevo-quien-era\\\/#organizationLogo\",\"width\":1152,\"height\":864,\"caption\":\"Cand\\u00e1s 365 Redes\"},\"image\":{\"@id\":\"https:\\\/\\\/candas365.es\\\/noticias\\\/alcacer-el-borussia-me-ha-ayudado-a-ser-de-nuevo-quien-era\\\/#organizationLogo\"},\"sameAs\":[\"https:\\\/\\\/www.facebook.com\\\/Nachofdezber\",\"https:\\\/\\\/x.com\\\/NabercoDigital\",\"https:\\\/\\\/www.instagram.com\\\/nachofdezber\\\/\",\"https:\\\/\\\/www.youtube.com\\\/channel\\\/UCZP-2wLEB9Rv6erhFmqVnvg\"],\"address\":{\"@id\":\"https:\\\/\\\/candas365.es\\\/noticias\\\/#postaladdress\",\"@type\":\"PostalAddress\",\"streetAddress\":\"san antonio 4, san antonio 4\",\"postalCode\":\"33430\",\"addressLocality\":\"Cand\\u00e1s\",\"addressRegion\":\"Asturias\",\"addressCountry\":\"ES\"}},{\"@type\":\"Person\",\"@id\":\"https:\\\/\\\/candas365.es\\\/noticias\\\/author\\\/admin\\\/#author\",\"url\":\"https:\\\/\\\/candas365.es\\\/noticias\\\/author\\\/admin\\\/\",\"name\":\"Cand\\u00e1s 365\",\"image\":{\"@type\":\"ImageObject\",\"@id\":\"https:\\\/\\\/candas365.es\\\/noticias\\\/alcacer-el-borussia-me-ha-ayudado-a-ser-de-nuevo-quien-era\\\/#authorImage\",\"url\":\"https:\\\/\\\/secure.gravatar.com\\\/avatar\\\/496a8e03d0c493ede1718b7934145dbdf8d89be1036b0eec9544e1094c9de390?s=96&d=mm&r=g\",\"width\":96,\"height\":96,\"caption\":\"Cand\\u00e1s 365\"},\"sameAs\":[\"https:\\\/\\\/www.facebook.com\\\/carrenoactualidad\",\"https:\\\/\\\/twitter.com\\\/nbasturias\",\"https:\\\/\\\/www.instagram.com\\\/nachofdezber\\\/\",\"https:\\\/\\\/www.youtube.com\\\/channel\\\/UCZP-2wLEB9Rv6erhFmqVnvg\"]},{\"@type\":\"WebPage\",\"@id\":\"https:\\\/\\\/candas365.es\\\/noticias\\\/alcacer-el-borussia-me-ha-ayudado-a-ser-de-nuevo-quien-era\\\/#webpage\",\"url\":\"https:\\\/\\\/candas365.es\\\/noticias\\\/alcacer-el-borussia-me-ha-ayudado-a-ser-de-nuevo-quien-era\\\/\",\"name\":\"Alc\\u00e1cer: \\u00abEl Borussia me ha ayudado a ser de nuevo quien era\\u00bb | Cand\\u00e1s 365\",\"description\":\"Dortmund (Alemania), 10 nov (dpa) - El goleador espa\\u00f1ol Paco Alc\\u00e1cer agradece al Borussia Dortmund el renacimiento de su carrera. \\\"El Borussia me ayud\\u00f3 a volver a ser quien era\\\", declar\\u00f3 en una entrevista publicada hoy en el diario alem\\u00e1n \\\"S\\u00fcddeutsche Zeitung\\\" antes del partido ante el Bayern M\\u00fanich. El internacional espa\\u00f1ol es la gran\",\"inLanguage\":\"es-ES\",\"isPartOf\":{\"@id\":\"https:\\\/\\\/candas365.es\\\/noticias\\\/#website\"},\"breadcrumb\":{\"@id\":\"https:\\\/\\\/candas365.es\\\/noticias\\\/alcacer-el-borussia-me-ha-ayudado-a-ser-de-nuevo-quien-era\\\/#breadcrumblist\"},\"author\":{\"@id\":\"https:\\\/\\\/candas365.es\\\/noticias\\\/author\\\/admin\\\/#author\"},\"creator\":{\"@id\":\"https:\\\/\\\/candas365.es\\\/noticias\\\/author\\\/admin\\\/#author\"},\"image\":{\"@type\":\"ImageObject\",\"url\":\"https:\\\/\\\/candas365.es\\\/noticias\\\/wp-content\\\/uploads\\\/2018\\\/06\\\/football-1406106_960_720.jpg\",\"@id\":\"https:\\\/\\\/candas365.es\\\/noticias\\\/alcacer-el-borussia-me-ha-ayudado-a-ser-de-nuevo-quien-era\\\/#mainImage\",\"width\":960,\"height\":643},\"primaryImageOfPage\":{\"@id\":\"https:\\\/\\\/candas365.es\\\/noticias\\\/alcacer-el-borussia-me-ha-ayudado-a-ser-de-nuevo-quien-era\\\/#mainImage\"},\"datePublished\":\"2018-11-10T19:05:27+01:00\",\"dateModified\":\"2018-11-10T19:05:27+01:00\"},{\"@type\":\"WebSite\",\"@id\":\"https:\\\/\\\/candas365.es\\\/noticias\\\/#website\",\"url\":\"https:\\\/\\\/candas365.es\\\/noticias\\\/\",\"name\":\"Cand\\u00e1s 365\",\"alternateName\":\"Cand\\u00e1s 365 Noticias\",\"description\":\"Actualidad desde Carre\\u00f1o para el mundo\",\"inLanguage\":\"es-ES\",\"publisher\":{\"@id\":\"https:\\\/\\\/candas365.es\\\/noticias\\\/#organization\"}}]}\n\t\t<\/script>\n\t\t<!-- All in One SEO Pro -->\r\n\t\t<title>Alc\u00e1cer: \u00abEl Borussia me ha ayudado a ser de nuevo quien era\u00bb | Cand\u00e1s 365<\/title>\n\n","aioseo_head_json":{"title":"Alc\u00e1cer: \u00abEl Borussia me ha ayudado a ser de nuevo quien era\u00bb | Cand\u00e1s 365","description":"Dortmund (Alemania), 10 nov (dpa) - El goleador espa\u00f1ol Paco Alc\u00e1cer agradece al Borussia Dortmund el renacimiento de su carrera. \"El Borussia me ayud\u00f3 a volver a ser quien era\", declar\u00f3 en una entrevista publicada hoy en el diario alem\u00e1n \"S\u00fcddeutsche Zeitung\" antes del partido ante el Bayern M\u00fanich. El internacional espa\u00f1ol es la gran","canonical_url":"https:\/\/candas365.es\/noticias\/alcacer-el-borussia-me-ha-ayudado-a-ser-de-nuevo-quien-era\/","robots":"max-image-preview:large","keywords":"deporte","webmasterTools":{"google-site-verification":"UA-32230408-1","msvalidate.01":"354F3CDFB2DA171B47FBE9ABF1F88D5","miscellaneous":""},"schema":{"@context":"https:\/\/schema.org","@graph":[{"@type":"BreadcrumbList","@id":"https:\/\/candas365.es\/noticias\/alcacer-el-borussia-me-ha-ayudado-a-ser-de-nuevo-quien-era\/#breadcrumblist","itemListElement":[{"@type":"ListItem","@id":"https:\/\/candas365.es\/noticias#listItem","position":1,"name":"Home","item":"https:\/\/candas365.es\/noticias","nextItem":{"@type":"ListItem","@id":"https:\/\/candas365.es\/noticias\/category\/deporte\/#listItem","name":"Deporte"}},{"@type":"ListItem","@id":"https:\/\/candas365.es\/noticias\/category\/deporte\/#listItem","position":2,"name":"Deporte","item":"https:\/\/candas365.es\/noticias\/category\/deporte\/","nextItem":{"@type":"ListItem","@id":"https:\/\/candas365.es\/noticias\/alcacer-el-borussia-me-ha-ayudado-a-ser-de-nuevo-quien-era\/#listItem","name":"Alc\u00e1cer: \u00abEl Borussia me ha ayudado a ser de nuevo quien era\u00bb"},"previousItem":{"@type":"ListItem","@id":"https:\/\/candas365.es\/noticias#listItem","name":"Home"}},{"@type":"ListItem","@id":"https:\/\/candas365.es\/noticias\/alcacer-el-borussia-me-ha-ayudado-a-ser-de-nuevo-quien-era\/#listItem","position":3,"name":"Alc\u00e1cer: \u00abEl Borussia me ha ayudado a ser de nuevo quien era\u00bb","previousItem":{"@type":"ListItem","@id":"https:\/\/candas365.es\/noticias\/category\/deporte\/#listItem","name":"Deporte"}}]},{"@type":"NewsArticle","@id":"https:\/\/candas365.es\/noticias\/alcacer-el-borussia-me-ha-ayudado-a-ser-de-nuevo-quien-era\/#newsarticle","name":"Alc\u00e1cer: \u00abEl Borussia me ha ayudado a ser de nuevo quien era\u00bb | Cand\u00e1s 365","headline":"Alc\u00e1cer: \u00abEl Borussia me ha ayudado a ser de nuevo quien era\u00bb","author":{"@id":"https:\/\/candas365.es\/noticias\/author\/admin\/#author"},"publisher":{"@id":"https:\/\/candas365.es\/noticias\/#organization"},"image":{"@type":"ImageObject","url":"https:\/\/candas365.es\/noticias\/wp-content\/uploads\/2018\/06\/football-1406106_960_720.jpg","width":960,"height":643},"datePublished":"2018-11-10T19:05:27+01:00","dateModified":"2018-11-10T19:05:27+01:00","inLanguage":"es-ES","mainEntityOfPage":{"@id":"https:\/\/candas365.es\/noticias\/alcacer-el-borussia-me-ha-ayudado-a-ser-de-nuevo-quien-era\/#webpage"},"isPartOf":{"@id":"https:\/\/candas365.es\/noticias\/alcacer-el-borussia-me-ha-ayudado-a-ser-de-nuevo-quien-era\/#webpage"},"articleSection":"Deporte","dateline":"Publicado el noviembre 10, 2018."},{"@type":"Organization","@id":"https:\/\/candas365.es\/noticias\/#organization","name":"Cand\u00e1s 365","description":"Cand\u00e1s 365 es un diario digital independiente, fundado en 2012, con base en Asturias. Informamos con rigor sobre actualidad, sociedad, cultura y ocio, con una mirada local y global.","url":"https:\/\/candas365.es\/noticias\/","email":"info@candas365.es","telephone":"+34652131393","foundingDate":"2012-06-10","logo":{"@type":"ImageObject","url":"https:\/\/candas365.es\/noticias\/wp-content\/uploads\/2024\/09\/Candas-365-Redes.jpg","@id":"https:\/\/candas365.es\/noticias\/alcacer-el-borussia-me-ha-ayudado-a-ser-de-nuevo-quien-era\/#organizationLogo","width":1152,"height":864,"caption":"Cand\u00e1s 365 Redes"},"image":{"@id":"https:\/\/candas365.es\/noticias\/alcacer-el-borussia-me-ha-ayudado-a-ser-de-nuevo-quien-era\/#organizationLogo"},"sameAs":["https:\/\/www.facebook.com\/Nachofdezber","https:\/\/x.com\/NabercoDigital","https:\/\/www.instagram.com\/nachofdezber\/","https:\/\/www.youtube.com\/channel\/UCZP-2wLEB9Rv6erhFmqVnvg"],"address":{"@id":"https:\/\/candas365.es\/noticias\/#postaladdress","@type":"PostalAddress","streetAddress":"san antonio 4, san antonio 4","postalCode":"33430","addressLocality":"Cand\u00e1s","addressRegion":"Asturias","addressCountry":"ES"}},{"@type":"Person","@id":"https:\/\/candas365.es\/noticias\/author\/admin\/#author","url":"https:\/\/candas365.es\/noticias\/author\/admin\/","name":"Cand\u00e1s 365","image":{"@type":"ImageObject","@id":"https:\/\/candas365.es\/noticias\/alcacer-el-borussia-me-ha-ayudado-a-ser-de-nuevo-quien-era\/#authorImage","url":"https:\/\/secure.gravatar.com\/avatar\/496a8e03d0c493ede1718b7934145dbdf8d89be1036b0eec9544e1094c9de390?s=96&d=mm&r=g","width":96,"height":96,"caption":"Cand\u00e1s 365"},"sameAs":["https:\/\/www.facebook.com\/carrenoactualidad","https:\/\/twitter.com\/nbasturias","https:\/\/www.instagram.com\/nachofdezber\/","https:\/\/www.youtube.com\/channel\/UCZP-2wLEB9Rv6erhFmqVnvg"]},{"@type":"WebPage","@id":"https:\/\/candas365.es\/noticias\/alcacer-el-borussia-me-ha-ayudado-a-ser-de-nuevo-quien-era\/#webpage","url":"https:\/\/candas365.es\/noticias\/alcacer-el-borussia-me-ha-ayudado-a-ser-de-nuevo-quien-era\/","name":"Alc\u00e1cer: \u00abEl Borussia me ha ayudado a ser de nuevo quien era\u00bb | Cand\u00e1s 365","description":"Dortmund (Alemania), 10 nov (dpa) - El goleador espa\u00f1ol Paco Alc\u00e1cer agradece al Borussia Dortmund el renacimiento de su carrera. \"El Borussia me ayud\u00f3 a volver a ser quien era\", declar\u00f3 en una entrevista publicada hoy en el diario alem\u00e1n \"S\u00fcddeutsche Zeitung\" antes del partido ante el Bayern M\u00fanich. El internacional espa\u00f1ol es la gran","inLanguage":"es-ES","isPartOf":{"@id":"https:\/\/candas365.es\/noticias\/#website"},"breadcrumb":{"@id":"https:\/\/candas365.es\/noticias\/alcacer-el-borussia-me-ha-ayudado-a-ser-de-nuevo-quien-era\/#breadcrumblist"},"author":{"@id":"https:\/\/candas365.es\/noticias\/author\/admin\/#author"},"creator":{"@id":"https:\/\/candas365.es\/noticias\/author\/admin\/#author"},"image":{"@type":"ImageObject","url":"https:\/\/candas365.es\/noticias\/wp-content\/uploads\/2018\/06\/football-1406106_960_720.jpg","@id":"https:\/\/candas365.es\/noticias\/alcacer-el-borussia-me-ha-ayudado-a-ser-de-nuevo-quien-era\/#mainImage","width":960,"height":643},"primaryImageOfPage":{"@id":"https:\/\/candas365.es\/noticias\/alcacer-el-borussia-me-ha-ayudado-a-ser-de-nuevo-quien-era\/#mainImage"},"datePublished":"2018-11-10T19:05:27+01:00","dateModified":"2018-11-10T19:05:27+01:00"},{"@type":"WebSite","@id":"https:\/\/candas365.es\/noticias\/#website","url":"https:\/\/candas365.es\/noticias\/","name":"Cand\u00e1s 365","alternateName":"Cand\u00e1s 365 Noticias","description":"Actualidad desde Carre\u00f1o para el mundo","inLanguage":"es-ES","publisher":{"@id":"https:\/\/candas365.es\/noticias\/#organization"}}]},"og:locale":"es_ES","og:site_name":"Cand\u00e1s 365","og:type":"article","og:title":"Alc\u00e1cer: \u00abEl Borussia me ha ayudado a ser de nuevo quien era\u00bb | Cand\u00e1s 365","og:description":"Dortmund (Alemania), 10 nov (dpa) - El goleador espa\u00f1ol Paco Alc\u00e1cer agradece al Borussia Dortmund el renacimiento de su carrera. &quot;El Borussia me ayud\u00f3 a volver a ser quien era&quot;, declar\u00f3 en una entrevista publicada hoy en el diario alem\u00e1n &quot;S\u00fcddeutsche Zeitung&quot; antes del partido ante el Bayern M\u00fanich. El internacional espa\u00f1ol es la gran","og:url":"https:\/\/candas365.es\/noticias\/alcacer-el-borussia-me-ha-ayudado-a-ser-de-nuevo-quien-era\/","og:image":"https:\/\/candas365.es\/noticias\/wp-content\/uploads\/2018\/06\/football-1406106_960_720.jpg","og:image:secure_url":"https:\/\/candas365.es\/noticias\/wp-content\/uploads\/2018\/06\/football-1406106_960_720.jpg","og:image:width":960,"og:image:height":643,"article:published_time":"2018-11-10T19:05:27+00:00","article:modified_time":"2018-11-10T19:05:27+00:00","article:publisher":"https:\/\/www.facebook.com\/Nachofdezber","article:author":"https:\/\/www.facebook.com\/carrenoactualidad","twitter:card":"summary_large_image","twitter:site":"@NabercoDigital","twitter:title":"Alc\u00e1cer: \u00abEl Borussia me ha ayudado a ser de nuevo quien era\u00bb | Cand\u00e1s 365","twitter:description":"Dortmund (Alemania), 10 nov (dpa) - El goleador espa\u00f1ol Paco Alc\u00e1cer agradece al Borussia Dortmund el renacimiento de su carrera. &quot;El Borussia me ayud\u00f3 a volver a ser quien era&quot;, declar\u00f3 en una entrevista publicada hoy en el diario alem\u00e1n &quot;S\u00fcddeutsche Zeitung&quot; antes del partido ante el Bayern M\u00fanich. El internacional espa\u00f1ol es la gran","twitter:creator":"@nbasturias","twitter:image":"https:\/\/candas365.es\/noticias\/wp-content\/uploads\/2018\/06\/football-1406106_960_720.jpg","twitter:label1":"Escrito por","twitter:data1":"Cand\u00e1s 365","twitter:label2":"Tiempo de lectura estimado","twitter:data2":"2 minutos"},"aioseo_meta_data":{"post_id":"109624","title":null,"description":null,"keywords":null,"keyphrases":null,"primary_term":null,"canonical_url":null,"og_title":null,"og_description":null,"og_object_type":"default","og_image_type":"default","og_image_url":null,"og_image_width":null,"og_image_height":null,"og_image_custom_url":null,"og_image_custom_fields":null,"og_video":null,"og_custom_url":null,"og_article_section":null,"og_article_tags":null,"twitter_use_og":false,"twitter_card":"default","twitter_image_type":"default","twitter_image_url":null,"twitter_image_custom_url":null,"twitter_image_custom_fields":null,"twitter_title":null,"twitter_description":null,"schema":{"blockGraphs":[],"customGraphs":[],"default":{"data":{"Article":[],"Course":[],"Dataset":[],"FAQPage":[],"Movie":[],"Person":[],"Product":[],"ProductReview":[],"Car":[],"Recipe":[],"Service":[],"SoftwareApplication":[],"WebPage":[]},"graphName":"","isEnabled":true},"graphs":[],"defaultGraph":"","defaultPostTypeGraph":""},"schema_type":null,"schema_type_options":null,"pillar_content":false,"robots_default":true,"robots_noindex":false,"robots_noarchive":false,"robots_nosnippet":false,"robots_nofollow":false,"robots_noimageindex":false,"robots_noodp":false,"robots_notranslate":false,"robots_max_snippet":null,"robots_max_videopreview":null,"robots_max_imagepreview":"large","priority":null,"frequency":null,"location":null,"local_seo":null,"seo_analyzer_scan_date":"2025-08-28 10:19:21","breadcrumb_settings":null,"limit_modified_date":false,"reviewed_by":null,"open_ai":null,"ai":null,"created":"2020-12-21 11:39:14","updated":"2025-08-28 10:19:21"},"aioseo_breadcrumb":"<div class=\"aioseo-breadcrumbs\"><span class=\"aioseo-breadcrumb\">\n\t<a href=\"https:\/\/candas365.es\/noticias\" title=\"Home\">Home<\/a>\n<\/span><span class=\"aioseo-breadcrumb-separator\">&ndash;<\/span><span class=\"aioseo-breadcrumb\">\n\t<a href=\"https:\/\/candas365.es\/noticias\/category\/deporte\/\" title=\"Deporte\">Deporte<\/a>\n<\/span><span class=\"aioseo-breadcrumb-separator\">&ndash;<\/span><span class=\"aioseo-breadcrumb\">\n\tAlc\u00e1cer: \u00abEl Borussia me ha ayudado a ser de nuevo quien era\u00bb\n<\/span><\/div>","aioseo_breadcrumb_json":[{"label":"Home","link":"https:\/\/candas365.es\/noticias"},{"label":"Deporte","link":"https:\/\/candas365.es\/noticias\/category\/deporte\/"},{"label":"Alc\u00e1cer: \u00abEl Borussia me ha ayudado a ser de nuevo quien era\u00bb","link":"https:\/\/candas365.es\/noticias\/alcacer-el-borussia-me-ha-ayudado-a-ser-de-nuevo-quien-era\/"}],"_links":{"self":[{"href":"https:\/\/candas365.es\/noticias\/wp-json\/wp\/v2\/posts\/109624","targetHints":{"allow":["GET"]}}],"collection":[{"href":"https:\/\/candas365.es\/noticias\/wp-json\/wp\/v2\/posts"}],"about":[{"href":"https:\/\/candas365.es\/noticias\/wp-json\/wp\/v2\/types\/post"}],"author":[{"embeddable":true,"href":"https:\/\/candas365.es\/noticias\/wp-json\/wp\/v2\/users\/1"}],"replies":[{"embeddable":true,"href":"https:\/\/candas365.es\/noticias\/wp-json\/wp\/v2\/comments?post=109624"}],"version-history":[{"count":0,"href":"https:\/\/candas365.es\/noticias\/wp-json\/wp\/v2\/posts\/109624\/revisions"}],"wp:featuredmedia":[{"embeddable":true,"href":"https:\/\/candas365.es\/noticias\/wp-json\/wp\/v2\/media\/98004"}],"wp:attachment":[{"href":"https:\/\/candas365.es\/noticias\/wp-json\/wp\/v2\/media?parent=109624"}],"wp:term":[{"taxonomy":"category","embeddable":true,"href":"https:\/\/candas365.es\/noticias\/wp-json\/wp\/v2\/categories?post=109624"},{"taxonomy":"post_tag","embeddable":true,"href":"https:\/\/candas365.es\/noticias\/wp-json\/wp\/v2\/tags?post=109624"}],"curies":[{"name":"wp","href":"https:\/\/api.w.org\/{rel}","templated":true}]}}