{"id":109612,"date":"2018-11-10T08:00:59","date_gmt":"2018-11-10T08:00:59","guid":{"rendered":"http:\/\/candas365.es\/noticias\/?p=109612"},"modified":"2018-11-10T08:00:59","modified_gmt":"2018-11-10T08:00:59","slug":"fittipaldi-piquet-senna-brasil-suspira-por-su-proximo-gran-piloto","status":"publish","type":"post","link":"https:\/\/candas365.es\/noticias\/fittipaldi-piquet-senna-brasil-suspira-por-su-proximo-gran-piloto\/","title":{"rendered":"Fittipaldi, Piquet, Senna: Brasil suspira por su pr\u00f3ximo gran piloto"},"content":{"rendered":"<p><img fetchpriority=\"high\" decoding=\"async\" src=\"https:\/\/candas365.es\/noticias\/wp-content\/uploads\/2018\/03\/formula-1-630147_1280-360x239.jpg\" alt=\"\" width=\"360\" height=\"239\" class=\"alignleft size-medium wp-image-91805\" srcset=\"https:\/\/candas365.es\/noticias\/wp-content\/uploads\/2018\/03\/formula-1-630147_1280-360x239.jpg 360w, https:\/\/candas365.es\/noticias\/wp-content\/uploads\/2018\/03\/formula-1-630147_1280-696x463.jpg 696w, https:\/\/candas365.es\/noticias\/wp-content\/uploads\/2018\/03\/formula-1-630147_1280-1068x710.jpg 1068w, https:\/\/candas365.es\/noticias\/wp-content\/uploads\/2018\/03\/formula-1-630147_1280-632x420.jpg 632w, https:\/\/candas365.es\/noticias\/wp-content\/uploads\/2018\/03\/formula-1-630147_1280-768x511.jpg 768w, https:\/\/candas365.es\/noticias\/wp-content\/uploads\/2018\/03\/formula-1-630147_1280-655x435.jpg 655w, https:\/\/candas365.es\/noticias\/wp-content\/uploads\/2018\/03\/formula-1-630147_1280.jpg 1280w\" sizes=\"(max-width: 360px) 100vw, 360px\" \/>R\u00edo de Janeiro\/Sao Paulo, 9 nov (dpa) &#8211; En Interlagos celebr\u00f3 dos victorias \u00e9picas el que es para muchos el mejor piloto de la historia en la F\u00f3rmula 1, Ayrton Senna, y hace una d\u00e9cada lo hizo por \u00faltima vez otro brasile\u00f1o, Felipe Massa.<\/p>\n<p>Cuando los sem\u00e1foros den v\u00eda libre este domingo al pr\u00f3ximo Gran Premio de Brasil, sin embargo, el legendario circuito de Sao Paulo vivir\u00e1 otro momento hist\u00f3rico mucho menos halag\u00fce\u00f1o: por primera vez desde 1969 no competir\u00e1 en Interlagos un piloto local.<\/p>\n<p>\u00abEs una pena no tener a ning\u00fan brasile\u00f1o corriendo\u00bb, dec\u00eda hace unos d\u00edas Massa, que dej\u00f3 la F\u00f3rmula 1 el a\u00f1o pasado. \u00abTodo el mundo quiere ver y celebrar por un brasile\u00f1o\u00bb, agreg\u00f3 el piloto de 37 a\u00f1os.<\/p>\n<p>Como un s\u00edmbolo de la nostalgia de tiempos mejores, Massa particip\u00f3 una semana antes de la carrera de Interlagos en una exhibici\u00f3n para promover el deporte de motor en el gigante sudamericano, pilotando un b\u00f3lido de F\u00f3rmula 1 frente a una de las playas de R\u00edo de Janeiro.<\/p>\n<p>Y es que Brasil ya conoce la gloria m\u00e1xima en la F\u00f3rmula 1, un pa\u00eds que dio a grandes pilotos como Emerson Fittipaldi (campe\u00f3n en 1972 y 1974), Nelson Piquet (1981, 1983 y 1987) y el m\u00edtico Senna, fallecido en un accidente en el circuito de \u00cdmola en Italia en 1994.<\/p>\n<p>El tricampe\u00f3n mundial (1988, 1990 y 1991) escribi\u00f3 justamente en Interlagos uno de los cap\u00edtulos m\u00e1s brillantes de su leyenda y quiz\u00e1 el m\u00e1s glorioso en la historia del circuito de su ciudad natal.<\/p>\n<p>En marzo de 1991, Senna gan\u00f3 por primera vez en casa en un Gran Premio tan dram\u00e1tico como su propia carrera: pese a un serio problema que sufri\u00f3 con la caja de cambios mientras lideraba la prueba, el \u00abrey de la lluvia\u00bb consigui\u00f3 cruzar la meta con su McLaren pilotando s\u00f3lo con la sexta marcha, sobre el asfalto mojado, para celebrar un triunfo hist\u00f3rico.<\/p>\n<p>\u00abNo fue mi mayor victoria, pero s\u00ed la m\u00e1s sufrida\u00bb, dijo despu\u00e9s un agotado y emocionado Senna, adorado casi con fervor religioso en su tierra. \u00abQuedar\u00e1 guardaba en mi memoria para el resto de mi vida\u00bb.<\/p>\n<p>Dos a\u00f1os despu\u00e9s, el mito brasile\u00f1o celebr\u00f3 una segunda y \u00faltima victoria en \u00absu\u00bb circuito, entre el \u00e9xtaxis de unos aficionados que invadieron la pista despu\u00e9s de que su \u00eddolo atravesara la meta.<\/p>\n<p>El \u00faltimo drama, con un final menos feliz, lo vivi\u00f3 en Interlagos Massa hace una d\u00e9cada.<\/p>\n<p>El entonces piloto de Ferrari volvi\u00f3 a celebrar el 2 de noviembre de 2008 una victoria brasile\u00f1a en Sao Paulo, pero su alegr\u00eda por verse incluso campe\u00f3n del mundo qued\u00f3 ba\u00f1ada en l\u00e1grimas s\u00f3lo segundos despu\u00e9s: el brit\u00e1nico Lewis Hamilton adelant\u00f3 al alem\u00e1n Timo Glock a pocos metros de la meta y le arrebat\u00f3 as\u00ed el t\u00edtulo a Massa en el \u00faltimo suspiro.<\/p>\n<p>McLaren, la escuder\u00eda con la que Senna gan\u00f3 sus tres t\u00edtulos, podr\u00eda volver a llevar ahora a un brasile\u00f1o de vuelta a la F\u00f3rmula 1.<\/p>\n<p>Probablemente gracias a un convenio de cooperaci\u00f3n con la petrolera estatal brasile\u00f1a Petrobras, el equipo brit\u00e1nico anunci\u00f3 poco antes del Gran Premio de Interlagos la contrataci\u00f3n de Sette Camara como piloto de pruebas.<\/p>\n<p>El brasile\u00f1o de 20 a\u00f1os, hasta ahora en la F\u00f3rmula 2, ser\u00e1 el posible sustituto en un futuro del espa\u00f1ol Carlos Sainz Jr. y el brit\u00e1nico Lando Norris, los dos pilotos titulares de McLaren en 2019.<\/p>\n<p>\u00abMi sue\u00f1o es convertirme un d\u00eda en piloto de F\u00f3rmula 1\u00bb, dijo Camara, natural de Belo Horizonte. Tambi\u00e9n el Brasil del automovilismo sue\u00f1a y suspira por tener otra vez un gran piloto en la categor\u00eda reina.<\/p>\n<p>Quiz\u00e1s ese lleve el apellido Fittipaldi. Y es que la escuder\u00eda Haas anunci\u00f3 hoy el fichaje de Pietro Fittipaldi, nieto de Emerson, como piloto de pruebas para la temporada 2019.<\/p>\n<p>Por Isaac Risco y Martin Moravec (dpa)<\/p>\n","protected":false},"excerpt":{"rendered":"<p>R\u00edo de Janeiro\/Sao Paulo, 9 nov (dpa) &#8211; En Interlagos celebr\u00f3 dos victorias \u00e9picas el que es para muchos el mejor piloto de la historia en la F\u00f3rmula 1, Ayrton Senna, y hace una d\u00e9cada lo hizo por \u00faltima vez otro brasile\u00f1o, Felipe Massa. Cuando los sem\u00e1foros den v\u00eda libre este domingo al pr\u00f3ximo Gran<\/p>\n","protected":false},"author":1,"featured_media":91805,"comment_status":"closed","ping_status":"closed","sticky":false,"template":"","format":"standard","meta":{"footnotes":""},"categories":[319],"tags":[],"class_list":{"0":"post-109612","1":"post","2":"type-post","3":"status-publish","4":"format-standard","5":"has-post-thumbnail","7":"category-deporte"},"aioseo_notices":[],"aioseo_head":"\n\t\t<!-- All in One SEO Pro 4.9.6.2 - aioseo.com -->\n\t<meta name=\"description\" content=\"R\u00edo de Janeiro\/Sao Paulo, 9 nov (dpa) - En Interlagos celebr\u00f3 dos victorias \u00e9picas el que es para muchos el mejor piloto de la historia en la F\u00f3rmula 1, Ayrton Senna, y hace una d\u00e9cada lo hizo por \u00faltima vez otro brasile\u00f1o, Felipe Massa. Cuando los sem\u00e1foros den v\u00eda libre este domingo al pr\u00f3ximo Gran\" \/>\n\t<meta name=\"robots\" content=\"max-image-preview:large\" \/>\n\t<meta name=\"author\" content=\"Cand\u00e1s 365\"\/>\n\t<meta name=\"google-site-verification\" content=\"UA-32230408-1\" \/>\n\t<meta name=\"msvalidate.01\" content=\"354F3CDFB2DA171B47FBE9ABF1F88D5\" \/>\n\t<meta name=\"keywords\" content=\"deporte\" \/>\n\t<link rel=\"canonical\" href=\"https:\/\/candas365.es\/noticias\/fittipaldi-piquet-senna-brasil-suspira-por-su-proximo-gran-piloto\/\" \/>\n\t<meta name=\"generator\" content=\"All in One SEO Pro (AIOSEO) 4.9.6.2\" \/>\n\t\t<meta property=\"og:locale\" content=\"es_ES\" \/>\n\t\t<meta property=\"og:site_name\" content=\"Cand\u00e1s 365\" \/>\n\t\t<meta property=\"og:type\" content=\"article\" \/>\n\t\t<meta property=\"og:title\" content=\"Fittipaldi, Piquet, Senna: Brasil suspira por su pr\u00f3ximo gran piloto | Cand\u00e1s 365\" \/>\n\t\t<meta property=\"og:description\" content=\"R\u00edo de Janeiro\/Sao Paulo, 9 nov (dpa) - En Interlagos celebr\u00f3 dos victorias \u00e9picas el que es para muchos el mejor piloto de la historia en la F\u00f3rmula 1, Ayrton Senna, y hace una d\u00e9cada lo hizo por \u00faltima vez otro brasile\u00f1o, Felipe Massa. Cuando los sem\u00e1foros den v\u00eda libre este domingo al pr\u00f3ximo Gran\" \/>\n\t\t<meta property=\"og:url\" content=\"https:\/\/candas365.es\/noticias\/fittipaldi-piquet-senna-brasil-suspira-por-su-proximo-gran-piloto\/\" \/>\n\t\t<meta property=\"og:image\" content=\"https:\/\/candas365.es\/noticias\/wp-content\/uploads\/2018\/03\/formula-1-630147_1280.jpg\" \/>\n\t\t<meta property=\"og:image:secure_url\" content=\"https:\/\/candas365.es\/noticias\/wp-content\/uploads\/2018\/03\/formula-1-630147_1280.jpg\" \/>\n\t\t<meta property=\"og:image:width\" content=\"1280\" \/>\n\t\t<meta property=\"og:image:height\" content=\"851\" \/>\n\t\t<meta property=\"article:published_time\" content=\"2018-11-10T08:00:59+00:00\" \/>\n\t\t<meta property=\"article:modified_time\" content=\"2018-11-10T08:00:59+00:00\" \/>\n\t\t<meta property=\"article:publisher\" content=\"https:\/\/www.facebook.com\/Nachofdezber\" \/>\n\t\t<meta property=\"article:author\" content=\"https:\/\/www.facebook.com\/carrenoactualidad\" \/>\n\t\t<meta name=\"twitter:card\" content=\"summary_large_image\" \/>\n\t\t<meta name=\"twitter:site\" content=\"@NabercoDigital\" \/>\n\t\t<meta name=\"twitter:title\" content=\"Fittipaldi, Piquet, Senna: Brasil suspira por su pr\u00f3ximo gran piloto | Cand\u00e1s 365\" \/>\n\t\t<meta name=\"twitter:description\" content=\"R\u00edo de Janeiro\/Sao Paulo, 9 nov (dpa) - En Interlagos celebr\u00f3 dos victorias \u00e9picas el que es para muchos el mejor piloto de la historia en la F\u00f3rmula 1, Ayrton Senna, y hace una d\u00e9cada lo hizo por \u00faltima vez otro brasile\u00f1o, Felipe Massa. Cuando los sem\u00e1foros den v\u00eda libre este domingo al pr\u00f3ximo Gran\" \/>\n\t\t<meta name=\"twitter:creator\" content=\"@nbasturias\" \/>\n\t\t<meta name=\"twitter:image\" content=\"https:\/\/candas365.es\/noticias\/wp-content\/uploads\/2018\/03\/formula-1-630147_1280.jpg\" \/>\n\t\t<meta name=\"twitter:label1\" content=\"Escrito por\" \/>\n\t\t<meta name=\"twitter:data1\" content=\"Cand\u00e1s 365\" \/>\n\t\t<meta name=\"twitter:label2\" content=\"Tiempo de lectura estimado\" \/>\n\t\t<meta name=\"twitter:data2\" content=\"3 minutos\" \/>\n\t\t<script type=\"application\/ld+json\" class=\"aioseo-schema\">\n\t\t\t{\"@context\":\"https:\\\/\\\/schema.org\",\"@graph\":[{\"@type\":\"BreadcrumbList\",\"@id\":\"https:\\\/\\\/candas365.es\\\/noticias\\\/fittipaldi-piquet-senna-brasil-suspira-por-su-proximo-gran-piloto\\\/#breadcrumblist\",\"itemListElement\":[{\"@type\":\"ListItem\",\"@id\":\"https:\\\/\\\/candas365.es\\\/noticias#listItem\",\"position\":1,\"name\":\"Home\",\"item\":\"https:\\\/\\\/candas365.es\\\/noticias\",\"nextItem\":{\"@type\":\"ListItem\",\"@id\":\"https:\\\/\\\/candas365.es\\\/noticias\\\/category\\\/deporte\\\/#listItem\",\"name\":\"Deporte\"}},{\"@type\":\"ListItem\",\"@id\":\"https:\\\/\\\/candas365.es\\\/noticias\\\/category\\\/deporte\\\/#listItem\",\"position\":2,\"name\":\"Deporte\",\"item\":\"https:\\\/\\\/candas365.es\\\/noticias\\\/category\\\/deporte\\\/\",\"nextItem\":{\"@type\":\"ListItem\",\"@id\":\"https:\\\/\\\/candas365.es\\\/noticias\\\/fittipaldi-piquet-senna-brasil-suspira-por-su-proximo-gran-piloto\\\/#listItem\",\"name\":\"Fittipaldi, Piquet, Senna: Brasil suspira por su pr\\u00f3ximo gran piloto\"},\"previousItem\":{\"@type\":\"ListItem\",\"@id\":\"https:\\\/\\\/candas365.es\\\/noticias#listItem\",\"name\":\"Home\"}},{\"@type\":\"ListItem\",\"@id\":\"https:\\\/\\\/candas365.es\\\/noticias\\\/fittipaldi-piquet-senna-brasil-suspira-por-su-proximo-gran-piloto\\\/#listItem\",\"position\":3,\"name\":\"Fittipaldi, Piquet, Senna: Brasil suspira por su pr\\u00f3ximo gran piloto\",\"previousItem\":{\"@type\":\"ListItem\",\"@id\":\"https:\\\/\\\/candas365.es\\\/noticias\\\/category\\\/deporte\\\/#listItem\",\"name\":\"Deporte\"}}]},{\"@type\":\"NewsArticle\",\"@id\":\"https:\\\/\\\/candas365.es\\\/noticias\\\/fittipaldi-piquet-senna-brasil-suspira-por-su-proximo-gran-piloto\\\/#newsarticle\",\"name\":\"Fittipaldi, Piquet, Senna: Brasil suspira por su pr\\u00f3ximo gran piloto | Cand\\u00e1s 365\",\"headline\":\"Fittipaldi, Piquet, Senna: Brasil suspira por su pr\\u00f3ximo gran piloto\",\"author\":{\"@id\":\"https:\\\/\\\/candas365.es\\\/noticias\\\/author\\\/admin\\\/#author\"},\"publisher\":{\"@id\":\"https:\\\/\\\/candas365.es\\\/noticias\\\/#organization\"},\"image\":{\"@type\":\"ImageObject\",\"url\":\"https:\\\/\\\/candas365.es\\\/noticias\\\/wp-content\\\/uploads\\\/2018\\\/03\\\/formula-1-630147_1280.jpg\",\"width\":1280,\"height\":851},\"datePublished\":\"2018-11-10T08:00:59+01:00\",\"dateModified\":\"2018-11-10T08:00:59+01:00\",\"inLanguage\":\"es-ES\",\"mainEntityOfPage\":{\"@id\":\"https:\\\/\\\/candas365.es\\\/noticias\\\/fittipaldi-piquet-senna-brasil-suspira-por-su-proximo-gran-piloto\\\/#webpage\"},\"isPartOf\":{\"@id\":\"https:\\\/\\\/candas365.es\\\/noticias\\\/fittipaldi-piquet-senna-brasil-suspira-por-su-proximo-gran-piloto\\\/#webpage\"},\"articleSection\":\"Deporte\",\"dateline\":\"Publicado el noviembre 10, 2018.\"},{\"@type\":\"Organization\",\"@id\":\"https:\\\/\\\/candas365.es\\\/noticias\\\/#organization\",\"name\":\"Cand\\u00e1s 365\",\"description\":\"Cand\\u00e1s 365 es un diario digital independiente, fundado en 2012, con base en Asturias. Informamos con rigor sobre actualidad, sociedad, cultura y ocio, con una mirada local y global.\",\"url\":\"https:\\\/\\\/candas365.es\\\/noticias\\\/\",\"email\":\"info@candas365.es\",\"telephone\":\"+34652131393\",\"foundingDate\":\"2012-06-10\",\"logo\":{\"@type\":\"ImageObject\",\"url\":\"https:\\\/\\\/candas365.es\\\/noticias\\\/wp-content\\\/uploads\\\/2024\\\/09\\\/Candas-365-Redes.jpg\",\"@id\":\"https:\\\/\\\/candas365.es\\\/noticias\\\/fittipaldi-piquet-senna-brasil-suspira-por-su-proximo-gran-piloto\\\/#organizationLogo\",\"width\":1152,\"height\":864,\"caption\":\"Cand\\u00e1s 365 Redes\"},\"image\":{\"@id\":\"https:\\\/\\\/candas365.es\\\/noticias\\\/fittipaldi-piquet-senna-brasil-suspira-por-su-proximo-gran-piloto\\\/#organizationLogo\"},\"sameAs\":[\"https:\\\/\\\/www.facebook.com\\\/Nachofdezber\",\"https:\\\/\\\/x.com\\\/NabercoDigital\",\"https:\\\/\\\/www.instagram.com\\\/nachofdezber\\\/\",\"https:\\\/\\\/www.youtube.com\\\/channel\\\/UCZP-2wLEB9Rv6erhFmqVnvg\"],\"address\":{\"@id\":\"https:\\\/\\\/candas365.es\\\/noticias\\\/#postaladdress\",\"@type\":\"PostalAddress\",\"streetAddress\":\"san antonio 4, san antonio 4\",\"postalCode\":\"33430\",\"addressLocality\":\"Cand\\u00e1s\",\"addressRegion\":\"Asturias\",\"addressCountry\":\"ES\"}},{\"@type\":\"Person\",\"@id\":\"https:\\\/\\\/candas365.es\\\/noticias\\\/author\\\/admin\\\/#author\",\"url\":\"https:\\\/\\\/candas365.es\\\/noticias\\\/author\\\/admin\\\/\",\"name\":\"Cand\\u00e1s 365\",\"image\":{\"@type\":\"ImageObject\",\"@id\":\"https:\\\/\\\/candas365.es\\\/noticias\\\/fittipaldi-piquet-senna-brasil-suspira-por-su-proximo-gran-piloto\\\/#authorImage\",\"url\":\"https:\\\/\\\/secure.gravatar.com\\\/avatar\\\/496a8e03d0c493ede1718b7934145dbdf8d89be1036b0eec9544e1094c9de390?s=96&d=mm&r=g\",\"width\":96,\"height\":96,\"caption\":\"Cand\\u00e1s 365\"},\"sameAs\":[\"https:\\\/\\\/www.facebook.com\\\/carrenoactualidad\",\"https:\\\/\\\/twitter.com\\\/nbasturias\",\"https:\\\/\\\/www.instagram.com\\\/nachofdezber\\\/\",\"https:\\\/\\\/www.youtube.com\\\/channel\\\/UCZP-2wLEB9Rv6erhFmqVnvg\"]},{\"@type\":\"WebPage\",\"@id\":\"https:\\\/\\\/candas365.es\\\/noticias\\\/fittipaldi-piquet-senna-brasil-suspira-por-su-proximo-gran-piloto\\\/#webpage\",\"url\":\"https:\\\/\\\/candas365.es\\\/noticias\\\/fittipaldi-piquet-senna-brasil-suspira-por-su-proximo-gran-piloto\\\/\",\"name\":\"Fittipaldi, Piquet, Senna: Brasil suspira por su pr\\u00f3ximo gran piloto | Cand\\u00e1s 365\",\"description\":\"R\\u00edo de Janeiro\\\/Sao Paulo, 9 nov (dpa) - En Interlagos celebr\\u00f3 dos victorias \\u00e9picas el que es para muchos el mejor piloto de la historia en la F\\u00f3rmula 1, Ayrton Senna, y hace una d\\u00e9cada lo hizo por \\u00faltima vez otro brasile\\u00f1o, Felipe Massa. Cuando los sem\\u00e1foros den v\\u00eda libre este domingo al pr\\u00f3ximo Gran\",\"inLanguage\":\"es-ES\",\"isPartOf\":{\"@id\":\"https:\\\/\\\/candas365.es\\\/noticias\\\/#website\"},\"breadcrumb\":{\"@id\":\"https:\\\/\\\/candas365.es\\\/noticias\\\/fittipaldi-piquet-senna-brasil-suspira-por-su-proximo-gran-piloto\\\/#breadcrumblist\"},\"author\":{\"@id\":\"https:\\\/\\\/candas365.es\\\/noticias\\\/author\\\/admin\\\/#author\"},\"creator\":{\"@id\":\"https:\\\/\\\/candas365.es\\\/noticias\\\/author\\\/admin\\\/#author\"},\"image\":{\"@type\":\"ImageObject\",\"url\":\"https:\\\/\\\/candas365.es\\\/noticias\\\/wp-content\\\/uploads\\\/2018\\\/03\\\/formula-1-630147_1280.jpg\",\"@id\":\"https:\\\/\\\/candas365.es\\\/noticias\\\/fittipaldi-piquet-senna-brasil-suspira-por-su-proximo-gran-piloto\\\/#mainImage\",\"width\":1280,\"height\":851},\"primaryImageOfPage\":{\"@id\":\"https:\\\/\\\/candas365.es\\\/noticias\\\/fittipaldi-piquet-senna-brasil-suspira-por-su-proximo-gran-piloto\\\/#mainImage\"},\"datePublished\":\"2018-11-10T08:00:59+01:00\",\"dateModified\":\"2018-11-10T08:00:59+01:00\"},{\"@type\":\"WebSite\",\"@id\":\"https:\\\/\\\/candas365.es\\\/noticias\\\/#website\",\"url\":\"https:\\\/\\\/candas365.es\\\/noticias\\\/\",\"name\":\"Cand\\u00e1s 365\",\"alternateName\":\"Cand\\u00e1s 365 Noticias\",\"description\":\"Actualidad desde Carre\\u00f1o para el mundo\",\"inLanguage\":\"es-ES\",\"publisher\":{\"@id\":\"https:\\\/\\\/candas365.es\\\/noticias\\\/#organization\"}}]}\n\t\t<\/script>\n\t\t<!-- All in One SEO Pro -->\r\n\t\t<title>Fittipaldi, Piquet, Senna: Brasil suspira por su pr\u00f3ximo gran piloto | Cand\u00e1s 365<\/title>\n\n","aioseo_head_json":{"title":"Fittipaldi, Piquet, Senna: Brasil suspira por su pr\u00f3ximo gran piloto | Cand\u00e1s 365","description":"R\u00edo de Janeiro\/Sao Paulo, 9 nov (dpa) - En Interlagos celebr\u00f3 dos victorias \u00e9picas el que es para muchos el mejor piloto de la historia en la F\u00f3rmula 1, Ayrton Senna, y hace una d\u00e9cada lo hizo por \u00faltima vez otro brasile\u00f1o, Felipe Massa. Cuando los sem\u00e1foros den v\u00eda libre este domingo al pr\u00f3ximo Gran","canonical_url":"https:\/\/candas365.es\/noticias\/fittipaldi-piquet-senna-brasil-suspira-por-su-proximo-gran-piloto\/","robots":"max-image-preview:large","keywords":"deporte","webmasterTools":{"google-site-verification":"UA-32230408-1","msvalidate.01":"354F3CDFB2DA171B47FBE9ABF1F88D5","miscellaneous":""},"schema":{"@context":"https:\/\/schema.org","@graph":[{"@type":"BreadcrumbList","@id":"https:\/\/candas365.es\/noticias\/fittipaldi-piquet-senna-brasil-suspira-por-su-proximo-gran-piloto\/#breadcrumblist","itemListElement":[{"@type":"ListItem","@id":"https:\/\/candas365.es\/noticias#listItem","position":1,"name":"Home","item":"https:\/\/candas365.es\/noticias","nextItem":{"@type":"ListItem","@id":"https:\/\/candas365.es\/noticias\/category\/deporte\/#listItem","name":"Deporte"}},{"@type":"ListItem","@id":"https:\/\/candas365.es\/noticias\/category\/deporte\/#listItem","position":2,"name":"Deporte","item":"https:\/\/candas365.es\/noticias\/category\/deporte\/","nextItem":{"@type":"ListItem","@id":"https:\/\/candas365.es\/noticias\/fittipaldi-piquet-senna-brasil-suspira-por-su-proximo-gran-piloto\/#listItem","name":"Fittipaldi, Piquet, Senna: Brasil suspira por su pr\u00f3ximo gran piloto"},"previousItem":{"@type":"ListItem","@id":"https:\/\/candas365.es\/noticias#listItem","name":"Home"}},{"@type":"ListItem","@id":"https:\/\/candas365.es\/noticias\/fittipaldi-piquet-senna-brasil-suspira-por-su-proximo-gran-piloto\/#listItem","position":3,"name":"Fittipaldi, Piquet, Senna: Brasil suspira por su pr\u00f3ximo gran piloto","previousItem":{"@type":"ListItem","@id":"https:\/\/candas365.es\/noticias\/category\/deporte\/#listItem","name":"Deporte"}}]},{"@type":"NewsArticle","@id":"https:\/\/candas365.es\/noticias\/fittipaldi-piquet-senna-brasil-suspira-por-su-proximo-gran-piloto\/#newsarticle","name":"Fittipaldi, Piquet, Senna: Brasil suspira por su pr\u00f3ximo gran piloto | Cand\u00e1s 365","headline":"Fittipaldi, Piquet, Senna: Brasil suspira por su pr\u00f3ximo gran piloto","author":{"@id":"https:\/\/candas365.es\/noticias\/author\/admin\/#author"},"publisher":{"@id":"https:\/\/candas365.es\/noticias\/#organization"},"image":{"@type":"ImageObject","url":"https:\/\/candas365.es\/noticias\/wp-content\/uploads\/2018\/03\/formula-1-630147_1280.jpg","width":1280,"height":851},"datePublished":"2018-11-10T08:00:59+01:00","dateModified":"2018-11-10T08:00:59+01:00","inLanguage":"es-ES","mainEntityOfPage":{"@id":"https:\/\/candas365.es\/noticias\/fittipaldi-piquet-senna-brasil-suspira-por-su-proximo-gran-piloto\/#webpage"},"isPartOf":{"@id":"https:\/\/candas365.es\/noticias\/fittipaldi-piquet-senna-brasil-suspira-por-su-proximo-gran-piloto\/#webpage"},"articleSection":"Deporte","dateline":"Publicado el noviembre 10, 2018."},{"@type":"Organization","@id":"https:\/\/candas365.es\/noticias\/#organization","name":"Cand\u00e1s 365","description":"Cand\u00e1s 365 es un diario digital independiente, fundado en 2012, con base en Asturias. Informamos con rigor sobre actualidad, sociedad, cultura y ocio, con una mirada local y global.","url":"https:\/\/candas365.es\/noticias\/","email":"info@candas365.es","telephone":"+34652131393","foundingDate":"2012-06-10","logo":{"@type":"ImageObject","url":"https:\/\/candas365.es\/noticias\/wp-content\/uploads\/2024\/09\/Candas-365-Redes.jpg","@id":"https:\/\/candas365.es\/noticias\/fittipaldi-piquet-senna-brasil-suspira-por-su-proximo-gran-piloto\/#organizationLogo","width":1152,"height":864,"caption":"Cand\u00e1s 365 Redes"},"image":{"@id":"https:\/\/candas365.es\/noticias\/fittipaldi-piquet-senna-brasil-suspira-por-su-proximo-gran-piloto\/#organizationLogo"},"sameAs":["https:\/\/www.facebook.com\/Nachofdezber","https:\/\/x.com\/NabercoDigital","https:\/\/www.instagram.com\/nachofdezber\/","https:\/\/www.youtube.com\/channel\/UCZP-2wLEB9Rv6erhFmqVnvg"],"address":{"@id":"https:\/\/candas365.es\/noticias\/#postaladdress","@type":"PostalAddress","streetAddress":"san antonio 4, san antonio 4","postalCode":"33430","addressLocality":"Cand\u00e1s","addressRegion":"Asturias","addressCountry":"ES"}},{"@type":"Person","@id":"https:\/\/candas365.es\/noticias\/author\/admin\/#author","url":"https:\/\/candas365.es\/noticias\/author\/admin\/","name":"Cand\u00e1s 365","image":{"@type":"ImageObject","@id":"https:\/\/candas365.es\/noticias\/fittipaldi-piquet-senna-brasil-suspira-por-su-proximo-gran-piloto\/#authorImage","url":"https:\/\/secure.gravatar.com\/avatar\/496a8e03d0c493ede1718b7934145dbdf8d89be1036b0eec9544e1094c9de390?s=96&d=mm&r=g","width":96,"height":96,"caption":"Cand\u00e1s 365"},"sameAs":["https:\/\/www.facebook.com\/carrenoactualidad","https:\/\/twitter.com\/nbasturias","https:\/\/www.instagram.com\/nachofdezber\/","https:\/\/www.youtube.com\/channel\/UCZP-2wLEB9Rv6erhFmqVnvg"]},{"@type":"WebPage","@id":"https:\/\/candas365.es\/noticias\/fittipaldi-piquet-senna-brasil-suspira-por-su-proximo-gran-piloto\/#webpage","url":"https:\/\/candas365.es\/noticias\/fittipaldi-piquet-senna-brasil-suspira-por-su-proximo-gran-piloto\/","name":"Fittipaldi, Piquet, Senna: Brasil suspira por su pr\u00f3ximo gran piloto | Cand\u00e1s 365","description":"R\u00edo de Janeiro\/Sao Paulo, 9 nov (dpa) - En Interlagos celebr\u00f3 dos victorias \u00e9picas el que es para muchos el mejor piloto de la historia en la F\u00f3rmula 1, Ayrton Senna, y hace una d\u00e9cada lo hizo por \u00faltima vez otro brasile\u00f1o, Felipe Massa. Cuando los sem\u00e1foros den v\u00eda libre este domingo al pr\u00f3ximo Gran","inLanguage":"es-ES","isPartOf":{"@id":"https:\/\/candas365.es\/noticias\/#website"},"breadcrumb":{"@id":"https:\/\/candas365.es\/noticias\/fittipaldi-piquet-senna-brasil-suspira-por-su-proximo-gran-piloto\/#breadcrumblist"},"author":{"@id":"https:\/\/candas365.es\/noticias\/author\/admin\/#author"},"creator":{"@id":"https:\/\/candas365.es\/noticias\/author\/admin\/#author"},"image":{"@type":"ImageObject","url":"https:\/\/candas365.es\/noticias\/wp-content\/uploads\/2018\/03\/formula-1-630147_1280.jpg","@id":"https:\/\/candas365.es\/noticias\/fittipaldi-piquet-senna-brasil-suspira-por-su-proximo-gran-piloto\/#mainImage","width":1280,"height":851},"primaryImageOfPage":{"@id":"https:\/\/candas365.es\/noticias\/fittipaldi-piquet-senna-brasil-suspira-por-su-proximo-gran-piloto\/#mainImage"},"datePublished":"2018-11-10T08:00:59+01:00","dateModified":"2018-11-10T08:00:59+01:00"},{"@type":"WebSite","@id":"https:\/\/candas365.es\/noticias\/#website","url":"https:\/\/candas365.es\/noticias\/","name":"Cand\u00e1s 365","alternateName":"Cand\u00e1s 365 Noticias","description":"Actualidad desde Carre\u00f1o para el mundo","inLanguage":"es-ES","publisher":{"@id":"https:\/\/candas365.es\/noticias\/#organization"}}]},"og:locale":"es_ES","og:site_name":"Cand\u00e1s 365","og:type":"article","og:title":"Fittipaldi, Piquet, Senna: Brasil suspira por su pr\u00f3ximo gran piloto | Cand\u00e1s 365","og:description":"R\u00edo de Janeiro\/Sao Paulo, 9 nov (dpa) - En Interlagos celebr\u00f3 dos victorias \u00e9picas el que es para muchos el mejor piloto de la historia en la F\u00f3rmula 1, Ayrton Senna, y hace una d\u00e9cada lo hizo por \u00faltima vez otro brasile\u00f1o, Felipe Massa. Cuando los sem\u00e1foros den v\u00eda libre este domingo al pr\u00f3ximo Gran","og:url":"https:\/\/candas365.es\/noticias\/fittipaldi-piquet-senna-brasil-suspira-por-su-proximo-gran-piloto\/","og:image":"https:\/\/candas365.es\/noticias\/wp-content\/uploads\/2018\/03\/formula-1-630147_1280.jpg","og:image:secure_url":"https:\/\/candas365.es\/noticias\/wp-content\/uploads\/2018\/03\/formula-1-630147_1280.jpg","og:image:width":1280,"og:image:height":851,"article:published_time":"2018-11-10T08:00:59+00:00","article:modified_time":"2018-11-10T08:00:59+00:00","article:publisher":"https:\/\/www.facebook.com\/Nachofdezber","article:author":"https:\/\/www.facebook.com\/carrenoactualidad","twitter:card":"summary_large_image","twitter:site":"@NabercoDigital","twitter:title":"Fittipaldi, Piquet, Senna: Brasil suspira por su pr\u00f3ximo gran piloto | Cand\u00e1s 365","twitter:description":"R\u00edo de Janeiro\/Sao Paulo, 9 nov (dpa) - En Interlagos celebr\u00f3 dos victorias \u00e9picas el que es para muchos el mejor piloto de la historia en la F\u00f3rmula 1, Ayrton Senna, y hace una d\u00e9cada lo hizo por \u00faltima vez otro brasile\u00f1o, Felipe Massa. Cuando los sem\u00e1foros den v\u00eda libre este domingo al pr\u00f3ximo Gran","twitter:creator":"@nbasturias","twitter:image":"https:\/\/candas365.es\/noticias\/wp-content\/uploads\/2018\/03\/formula-1-630147_1280.jpg","twitter:label1":"Escrito por","twitter:data1":"Cand\u00e1s 365","twitter:label2":"Tiempo de lectura estimado","twitter:data2":"3 minutos"},"aioseo_meta_data":{"post_id":"109612","title":null,"description":null,"keywords":null,"keyphrases":null,"primary_term":null,"canonical_url":null,"og_title":null,"og_description":null,"og_object_type":"default","og_image_type":"default","og_image_url":null,"og_image_width":null,"og_image_height":null,"og_image_custom_url":null,"og_image_custom_fields":null,"og_video":null,"og_custom_url":null,"og_article_section":null,"og_article_tags":null,"twitter_use_og":false,"twitter_card":"default","twitter_image_type":"default","twitter_image_url":null,"twitter_image_custom_url":null,"twitter_image_custom_fields":null,"twitter_title":null,"twitter_description":null,"schema":{"blockGraphs":[],"customGraphs":[],"default":{"data":{"Article":[],"Course":[],"Dataset":[],"FAQPage":[],"Movie":[],"Person":[],"Product":[],"ProductReview":[],"Car":[],"Recipe":[],"Service":[],"SoftwareApplication":[],"WebPage":[]},"graphName":"","isEnabled":true},"graphs":[],"defaultGraph":"","defaultPostTypeGraph":""},"schema_type":null,"schema_type_options":null,"pillar_content":false,"robots_default":true,"robots_noindex":false,"robots_noarchive":false,"robots_nosnippet":false,"robots_nofollow":false,"robots_noimageindex":false,"robots_noodp":false,"robots_notranslate":false,"robots_max_snippet":null,"robots_max_videopreview":null,"robots_max_imagepreview":"large","priority":null,"frequency":null,"location":null,"local_seo":null,"seo_analyzer_scan_date":"2025-08-28 10:16:10","breadcrumb_settings":null,"limit_modified_date":false,"reviewed_by":null,"open_ai":null,"ai":null,"created":"2020-12-21 11:39:14","updated":"2025-08-28 10:16:10"},"aioseo_breadcrumb":"<div class=\"aioseo-breadcrumbs\"><span class=\"aioseo-breadcrumb\">\n\t<a href=\"https:\/\/candas365.es\/noticias\" title=\"Home\">Home<\/a>\n<\/span><span class=\"aioseo-breadcrumb-separator\">&ndash;<\/span><span class=\"aioseo-breadcrumb\">\n\t<a href=\"https:\/\/candas365.es\/noticias\/category\/deporte\/\" title=\"Deporte\">Deporte<\/a>\n<\/span><span class=\"aioseo-breadcrumb-separator\">&ndash;<\/span><span class=\"aioseo-breadcrumb\">\n\tFittipaldi, Piquet, Senna: Brasil suspira por su pr\u00f3ximo gran piloto\n<\/span><\/div>","aioseo_breadcrumb_json":[{"label":"Home","link":"https:\/\/candas365.es\/noticias"},{"label":"Deporte","link":"https:\/\/candas365.es\/noticias\/category\/deporte\/"},{"label":"Fittipaldi, Piquet, Senna: Brasil suspira por su pr\u00f3ximo gran piloto","link":"https:\/\/candas365.es\/noticias\/fittipaldi-piquet-senna-brasil-suspira-por-su-proximo-gran-piloto\/"}],"_links":{"self":[{"href":"https:\/\/candas365.es\/noticias\/wp-json\/wp\/v2\/posts\/109612","targetHints":{"allow":["GET"]}}],"collection":[{"href":"https:\/\/candas365.es\/noticias\/wp-json\/wp\/v2\/posts"}],"about":[{"href":"https:\/\/candas365.es\/noticias\/wp-json\/wp\/v2\/types\/post"}],"author":[{"embeddable":true,"href":"https:\/\/candas365.es\/noticias\/wp-json\/wp\/v2\/users\/1"}],"replies":[{"embeddable":true,"href":"https:\/\/candas365.es\/noticias\/wp-json\/wp\/v2\/comments?post=109612"}],"version-history":[{"count":0,"href":"https:\/\/candas365.es\/noticias\/wp-json\/wp\/v2\/posts\/109612\/revisions"}],"wp:featuredmedia":[{"embeddable":true,"href":"https:\/\/candas365.es\/noticias\/wp-json\/wp\/v2\/media\/91805"}],"wp:attachment":[{"href":"https:\/\/candas365.es\/noticias\/wp-json\/wp\/v2\/media?parent=109612"}],"wp:term":[{"taxonomy":"category","embeddable":true,"href":"https:\/\/candas365.es\/noticias\/wp-json\/wp\/v2\/categories?post=109612"},{"taxonomy":"post_tag","embeddable":true,"href":"https:\/\/candas365.es\/noticias\/wp-json\/wp\/v2\/tags?post=109612"}],"curies":[{"name":"wp","href":"https:\/\/api.w.org\/{rel}","templated":true}]}}