{"id":109592,"date":"2018-11-10T07:10:32","date_gmt":"2018-11-10T07:10:32","guid":{"rendered":"http:\/\/candas365.es\/noticias\/?p=109592"},"modified":"2018-11-10T07:10:32","modified_gmt":"2018-11-10T07:10:32","slug":"alemania-recuerda-el-horror-de-los-pogromos-nazis-de-1938","status":"publish","type":"post","link":"https:\/\/candas365.es\/noticias\/alemania-recuerda-el-horror-de-los-pogromos-nazis-de-1938\/","title":{"rendered":"Alemania recuerda el horror de los pogromos nazis de 1938"},"content":{"rendered":"<p><img fetchpriority=\"high\" decoding=\"async\" class=\"alignleft size-medium wp-image-89565\" src=\"https:\/\/candas365.es\/noticias\/wp-content\/uploads\/2018\/02\/auschwitch-992971_1280-360x270.jpg\" alt=\"\" width=\"360\" height=\"270\" srcset=\"https:\/\/candas365.es\/noticias\/wp-content\/uploads\/2018\/02\/auschwitch-992971_1280-360x270.jpg 360w, https:\/\/candas365.es\/noticias\/wp-content\/uploads\/2018\/02\/auschwitch-992971_1280-80x60.jpg 80w, https:\/\/candas365.es\/noticias\/wp-content\/uploads\/2018\/02\/auschwitch-992971_1280-265x198.jpg 265w, https:\/\/candas365.es\/noticias\/wp-content\/uploads\/2018\/02\/auschwitch-992971_1280-696x522.jpg 696w, https:\/\/candas365.es\/noticias\/wp-content\/uploads\/2018\/02\/auschwitch-992971_1280-1068x801.jpg 1068w, https:\/\/candas365.es\/noticias\/wp-content\/uploads\/2018\/02\/auschwitch-992971_1280-560x420.jpg 560w, https:\/\/candas365.es\/noticias\/wp-content\/uploads\/2018\/02\/auschwitch-992971_1280-768x576.jpg 768w, https:\/\/candas365.es\/noticias\/wp-content\/uploads\/2018\/02\/auschwitch-992971_1280-640x480.jpg 640w, https:\/\/candas365.es\/noticias\/wp-content\/uploads\/2018\/02\/auschwitch-992971_1280-90x67.jpg 90w, https:\/\/candas365.es\/noticias\/wp-content\/uploads\/2018\/02\/auschwitch-992971_1280.jpg 1280w\" sizes=\"(max-width: 360px) 100vw, 360px\" \/>Berl\u00edn, 9 nov (dpa) &#8211; La canciller alemana, Angela Merkel, record\u00f3 hoy los cr\u00edmenes perpetrados por los nazis contra los jud\u00edos en el 80 aniversario de los pogromos contra las sinagogas y establecimientos jud\u00edos en la Alemania de Adolf Hitler y prometi\u00f3 \u00abmedidas decisivas\u00bb contra cualquier tipo de exclusi\u00f3n y antisemitismo.<\/p>\n<p>\u00abEl mal del nacionalsocialismo no se produjo de la noche a la ma\u00f1ana\u00bb, record\u00f3 Merkel en su discurso en un acto conmemorativo en la sinagoga m\u00e1s grande de Alemania, en el norte de Berl\u00edn, que tambi\u00e9n fue incendiada esa fat\u00eddica noche. \u00abEn 1938, de entre los vecinos salieron delincuentes y criminales y se prepar\u00f3 el camino hacia el Holocausto\u00bb, afirm\u00f3.<\/p>\n<p>\u00abHoy en d\u00eda, el panorama en Alemania es contradictorio: hay una vida jud\u00eda floreciente, pero al mismo tiempo estamos experimentando un preocupante antisemitismo que amenaza la vida jud\u00eda en nuestro pa\u00eds y en otros lugares considerados seguros alrededor del mundo\u00bb, declar\u00f3 en el aniversario de la Noche de los Cristales Rotos, que recibe ese nombre por los fragmentos de vidrio roto de los escaparates en las calles.<\/p>\n<p>Este antisemitismo se extiende cada vez m\u00e1s abiertamente en Internet y en el espacio p\u00fablico, alert\u00f3. \u00abDesafortunadamente, casi nos hemos acostumbrado al hecho de que cada instituci\u00f3n jud\u00eda (&#8230;) tenga que ser vigilada o protegida especialmente por la Polic\u00eda\u00bb, apunt\u00f3.<\/p>\n<p>\u00abPor lo tanto, debemos preguntarnos: \u00bfQu\u00e9 hemos aprendido realmente del pasado?\u00bb. Seg\u00fan Merkel, una de las lecciones es: \u00abCada ser humano es \u00fanico\u00bb. \u00abEl Estado debe actuar con decisi\u00f3n y coherencia contra la denigraci\u00f3n, la exclusi\u00f3n, el antisemitismo, el racismo y el radicalismo de derecha\u00bb, indic\u00f3 y prometi\u00f3: \u00abTodos los ataques contra la sociedad abierta ser\u00e1n contrarrestados\u00bb.<\/p>\n<p>Previamente, el presidente alem\u00e1n, Frank-Walter Steinmeier, hizo un llamamiento a favor de un \u00abpatriotismo democr\u00e1tico\u00bb en el Parlamento alem\u00e1n. La cat\u00e1strofe de las dos guerras mundiales y el Holocausto son una parte inalterable de la identidad alemana, dijo.<\/p>\n<p>Al mismo tiempo, sin embargo, tambi\u00e9n hay que recordar las ra\u00edces de la lucha por la democracia y la libertad, que se remontan al despertar democr\u00e1tico de 1918, indic\u00f3 sobre una fecha en la que monarqu\u00eda alemana termin\u00f3 dando paso a la Rep\u00fablica de Weimar, fundada el 9 de noviembre de 1918. Dos d\u00edas despu\u00e9s se firm\u00f3 el armisticio que puso fin a la Primera Guerra Mundial.<\/p>\n<p>\u00abPodemos estar orgullosos de las tradiciones de libertad y democracia sin suprimir la visi\u00f3n del abismo de la Shoa\u00bb, dijo Steinmeier usando el t\u00e9rmino hebreo para el Holocausto.<\/p>\n<p>A los nacionalistas les gustar\u00eda edulcorar el pasado y evocar un mundo perfecto que no exist\u00eda, afirm\u00f3. \u00abPero un patriotismo democr\u00e1tico no es un coj\u00edn reconfortante, sino un incentivo constante\u00bb, afirm\u00f3.<\/p>\n<p>Por su parte, el presidente del Consejo Central de los Jud\u00edos, Josef Schuster, aprovech\u00f3 el acto en la sinagoga para criticar los ataques antisemitas y xen\u00f3fobos como una \u00abdesgracia\u00bb para Alemania. Es un esc\u00e1ndalo que cada dos semanas una sinagoga o una mezquita se manche de esl\u00f3ganes de odio o sea atacada, critic\u00f3 durante el acto conmemorativo al que acudi\u00f3 toda la plana pol\u00edtica alemana.<\/p>\n<p>Schuster advirti\u00f3 sobre \u00abinstigadores intelectuales\u00bb, que en su opini\u00f3n est\u00e1n detr\u00e1s de las personas que atacan a jud\u00edos, musulmanes o refugiados y tiene la impresi\u00f3n de que su n\u00famero est\u00e1 creciendo. \u00abAlimentan el miedo contra los refugiados. Con su elecci\u00f3n de palabras y su atenci\u00f3n desproporcionada a incidentes individuales, incitan a los ciudadanos. Agitan los \u00e1nimos contra los solicitantes de asilo y especialmente contra los musulmanes\u00bb, alert\u00f3.<\/p>\n<p>Esta incitaci\u00f3n al odio ha sido perfeccionada por un partido en el Parlamento alem\u00e1n, dijo Schuster en clara alusi\u00f3n al partido populista de extrema derecha Alternativa para Alemania (AfD), que en las pasadas elecciones generales de Alemania en 2017 entr\u00f3 en el Bundestag como tercera fuerza pol\u00edtica.<\/p>\n<p>Los pogromos nazis del 9 de noviembre de 1938 son considerados como el comienzo de la persecuci\u00f3n sistem\u00e1tica de los jud\u00edos en Alemania. Cientos de sinagogas y tiendas fueron incendiadas y saqueadas, decenas de miles de jud\u00edos humillados y deportados. Los historiadores estiman que m\u00e1s de 1.300 personas murieron como resultado.<\/p>\n<p>El 9 de noviembre es un d\u00eda marcado en la historia alemana. No s\u00f3lo ese d\u00eda se proclam\u00f3 la Rep\u00fablica de Weimar hace cien a\u00f1os y tuvo lugar la tr\u00e1gica Noche de los Cristales Rotos en la Alemania nazi hace 80, sino que el destino quiso, que ese mismo d\u00eda de 51 a\u00f1os despu\u00e9s cayera el Muro de Berl\u00edn.<\/p>\n","protected":false},"excerpt":{"rendered":"<p>Berl\u00edn, 9 nov (dpa) &#8211; La canciller alemana, Angela Merkel, record\u00f3 hoy los cr\u00edmenes perpetrados por los nazis contra los jud\u00edos en el 80 aniversario de los pogromos contra las sinagogas y establecimientos jud\u00edos en la Alemania de Adolf Hitler y prometi\u00f3 \u00abmedidas decisivas\u00bb contra cualquier tipo de exclusi\u00f3n y antisemitismo. \u00abEl mal del nacionalsocialismo<\/p>\n","protected":false},"author":1,"featured_media":89565,"comment_status":"closed","ping_status":"closed","sticky":false,"template":"","format":"standard","meta":{"footnotes":""},"categories":[343],"tags":[],"class_list":{"0":"post-109592","1":"post","2":"type-post","3":"status-publish","4":"format-standard","5":"has-post-thumbnail","7":"category-actualidad"},"aioseo_notices":[],"aioseo_head":"\n\t\t<!-- All in One SEO Pro 4.9.6.2 - aioseo.com -->\n\t<meta name=\"description\" content=\"Berl\u00edn, 9 nov (dpa) - La canciller alemana, Angela Merkel, record\u00f3 hoy los cr\u00edmenes perpetrados por los nazis contra los jud\u00edos en el 80 aniversario de los pogromos contra las sinagogas y establecimientos jud\u00edos en la Alemania de Adolf Hitler y prometi\u00f3 &quot;medidas decisivas&quot; contra cualquier tipo de exclusi\u00f3n y antisemitismo. &quot;El mal del nacionalsocialismo\" \/>\n\t<meta name=\"robots\" content=\"max-image-preview:large\" \/>\n\t<meta name=\"author\" content=\"Cand\u00e1s 365\"\/>\n\t<meta name=\"google-site-verification\" content=\"UA-32230408-1\" \/>\n\t<meta name=\"msvalidate.01\" content=\"354F3CDFB2DA171B47FBE9ABF1F88D5\" \/>\n\t<meta name=\"keywords\" content=\"actualidad\" \/>\n\t<link rel=\"canonical\" href=\"https:\/\/candas365.es\/noticias\/alemania-recuerda-el-horror-de-los-pogromos-nazis-de-1938\/\" \/>\n\t<meta name=\"generator\" content=\"All in One SEO Pro (AIOSEO) 4.9.6.2\" \/>\n\t\t<meta property=\"og:locale\" content=\"es_ES\" \/>\n\t\t<meta property=\"og:site_name\" content=\"Cand\u00e1s 365\" \/>\n\t\t<meta property=\"og:type\" content=\"article\" \/>\n\t\t<meta property=\"og:title\" content=\"Alemania recuerda el horror de los pogromos nazis de 1938 | Cand\u00e1s 365\" \/>\n\t\t<meta property=\"og:description\" content=\"Berl\u00edn, 9 nov (dpa) - La canciller alemana, Angela Merkel, record\u00f3 hoy los cr\u00edmenes perpetrados por los nazis contra los jud\u00edos en el 80 aniversario de los pogromos contra las sinagogas y establecimientos jud\u00edos en la Alemania de Adolf Hitler y prometi\u00f3 &quot;medidas decisivas&quot; contra cualquier tipo de exclusi\u00f3n y antisemitismo. &quot;El mal del nacionalsocialismo\" \/>\n\t\t<meta property=\"og:url\" content=\"https:\/\/candas365.es\/noticias\/alemania-recuerda-el-horror-de-los-pogromos-nazis-de-1938\/\" \/>\n\t\t<meta property=\"og:image\" content=\"https:\/\/candas365.es\/noticias\/wp-content\/uploads\/2018\/02\/auschwitch-992971_1280.jpg\" \/>\n\t\t<meta property=\"og:image:secure_url\" content=\"https:\/\/candas365.es\/noticias\/wp-content\/uploads\/2018\/02\/auschwitch-992971_1280.jpg\" \/>\n\t\t<meta property=\"og:image:width\" content=\"1280\" \/>\n\t\t<meta property=\"og:image:height\" content=\"960\" \/>\n\t\t<meta property=\"article:published_time\" content=\"2018-11-10T07:10:32+00:00\" \/>\n\t\t<meta property=\"article:modified_time\" content=\"2018-11-10T07:10:32+00:00\" \/>\n\t\t<meta property=\"article:publisher\" content=\"https:\/\/www.facebook.com\/Nachofdezber\" \/>\n\t\t<meta property=\"article:author\" content=\"https:\/\/www.facebook.com\/carrenoactualidad\" \/>\n\t\t<meta name=\"twitter:card\" content=\"summary_large_image\" \/>\n\t\t<meta name=\"twitter:site\" content=\"@NabercoDigital\" \/>\n\t\t<meta name=\"twitter:title\" content=\"Alemania recuerda el horror de los pogromos nazis de 1938 | Cand\u00e1s 365\" \/>\n\t\t<meta name=\"twitter:description\" content=\"Berl\u00edn, 9 nov (dpa) - La canciller alemana, Angela Merkel, record\u00f3 hoy los cr\u00edmenes perpetrados por los nazis contra los jud\u00edos en el 80 aniversario de los pogromos contra las sinagogas y establecimientos jud\u00edos en la Alemania de Adolf Hitler y prometi\u00f3 &quot;medidas decisivas&quot; contra cualquier tipo de exclusi\u00f3n y antisemitismo. &quot;El mal del nacionalsocialismo\" \/>\n\t\t<meta name=\"twitter:creator\" content=\"@nbasturias\" \/>\n\t\t<meta name=\"twitter:image\" content=\"https:\/\/candas365.es\/noticias\/wp-content\/uploads\/2018\/02\/auschwitch-992971_1280.jpg\" \/>\n\t\t<meta name=\"twitter:label1\" content=\"Escrito por\" \/>\n\t\t<meta name=\"twitter:data1\" content=\"Cand\u00e1s 365\" \/>\n\t\t<meta name=\"twitter:label2\" content=\"Tiempo de lectura estimado\" \/>\n\t\t<meta name=\"twitter:data2\" content=\"4 minutos\" \/>\n\t\t<script type=\"application\/ld+json\" class=\"aioseo-schema\">\n\t\t\t{\"@context\":\"https:\\\/\\\/schema.org\",\"@graph\":[{\"@type\":\"BreadcrumbList\",\"@id\":\"https:\\\/\\\/candas365.es\\\/noticias\\\/alemania-recuerda-el-horror-de-los-pogromos-nazis-de-1938\\\/#breadcrumblist\",\"itemListElement\":[{\"@type\":\"ListItem\",\"@id\":\"https:\\\/\\\/candas365.es\\\/noticias#listItem\",\"position\":1,\"name\":\"Home\",\"item\":\"https:\\\/\\\/candas365.es\\\/noticias\",\"nextItem\":{\"@type\":\"ListItem\",\"@id\":\"https:\\\/\\\/candas365.es\\\/noticias\\\/category\\\/actualidad\\\/#listItem\",\"name\":\"Actualidad\"}},{\"@type\":\"ListItem\",\"@id\":\"https:\\\/\\\/candas365.es\\\/noticias\\\/category\\\/actualidad\\\/#listItem\",\"position\":2,\"name\":\"Actualidad\",\"item\":\"https:\\\/\\\/candas365.es\\\/noticias\\\/category\\\/actualidad\\\/\",\"nextItem\":{\"@type\":\"ListItem\",\"@id\":\"https:\\\/\\\/candas365.es\\\/noticias\\\/alemania-recuerda-el-horror-de-los-pogromos-nazis-de-1938\\\/#listItem\",\"name\":\"Alemania recuerda el horror de los pogromos nazis de 1938\"},\"previousItem\":{\"@type\":\"ListItem\",\"@id\":\"https:\\\/\\\/candas365.es\\\/noticias#listItem\",\"name\":\"Home\"}},{\"@type\":\"ListItem\",\"@id\":\"https:\\\/\\\/candas365.es\\\/noticias\\\/alemania-recuerda-el-horror-de-los-pogromos-nazis-de-1938\\\/#listItem\",\"position\":3,\"name\":\"Alemania recuerda el horror de los pogromos nazis de 1938\",\"previousItem\":{\"@type\":\"ListItem\",\"@id\":\"https:\\\/\\\/candas365.es\\\/noticias\\\/category\\\/actualidad\\\/#listItem\",\"name\":\"Actualidad\"}}]},{\"@type\":\"NewsArticle\",\"@id\":\"https:\\\/\\\/candas365.es\\\/noticias\\\/alemania-recuerda-el-horror-de-los-pogromos-nazis-de-1938\\\/#newsarticle\",\"name\":\"Alemania recuerda el horror de los pogromos nazis de 1938 | Cand\\u00e1s 365\",\"headline\":\"Alemania recuerda el horror de los pogromos nazis de 1938\",\"author\":{\"@id\":\"https:\\\/\\\/candas365.es\\\/noticias\\\/author\\\/admin\\\/#author\"},\"publisher\":{\"@id\":\"https:\\\/\\\/candas365.es\\\/noticias\\\/#organization\"},\"image\":{\"@type\":\"ImageObject\",\"url\":\"https:\\\/\\\/candas365.es\\\/noticias\\\/wp-content\\\/uploads\\\/2018\\\/02\\\/auschwitch-992971_1280.jpg\",\"width\":1280,\"height\":960},\"datePublished\":\"2018-11-10T07:10:32+01:00\",\"dateModified\":\"2018-11-10T07:10:32+01:00\",\"inLanguage\":\"es-ES\",\"mainEntityOfPage\":{\"@id\":\"https:\\\/\\\/candas365.es\\\/noticias\\\/alemania-recuerda-el-horror-de-los-pogromos-nazis-de-1938\\\/#webpage\"},\"isPartOf\":{\"@id\":\"https:\\\/\\\/candas365.es\\\/noticias\\\/alemania-recuerda-el-horror-de-los-pogromos-nazis-de-1938\\\/#webpage\"},\"articleSection\":\"Actualidad\",\"dateline\":\"Publicado el noviembre 10, 2018.\"},{\"@type\":\"Organization\",\"@id\":\"https:\\\/\\\/candas365.es\\\/noticias\\\/#organization\",\"name\":\"Cand\\u00e1s 365\",\"description\":\"Cand\\u00e1s 365 es un diario digital independiente, fundado en 2012, con base en Asturias. Informamos con rigor sobre actualidad, sociedad, cultura y ocio, con una mirada local y global.\",\"url\":\"https:\\\/\\\/candas365.es\\\/noticias\\\/\",\"email\":\"info@candas365.es\",\"telephone\":\"+34652131393\",\"foundingDate\":\"2012-06-10\",\"logo\":{\"@type\":\"ImageObject\",\"url\":\"https:\\\/\\\/candas365.es\\\/noticias\\\/wp-content\\\/uploads\\\/2024\\\/09\\\/Candas-365-Redes.jpg\",\"@id\":\"https:\\\/\\\/candas365.es\\\/noticias\\\/alemania-recuerda-el-horror-de-los-pogromos-nazis-de-1938\\\/#organizationLogo\",\"width\":1152,\"height\":864,\"caption\":\"Cand\\u00e1s 365 Redes\"},\"image\":{\"@id\":\"https:\\\/\\\/candas365.es\\\/noticias\\\/alemania-recuerda-el-horror-de-los-pogromos-nazis-de-1938\\\/#organizationLogo\"},\"sameAs\":[\"https:\\\/\\\/www.facebook.com\\\/Nachofdezber\",\"https:\\\/\\\/x.com\\\/NabercoDigital\",\"https:\\\/\\\/www.instagram.com\\\/nachofdezber\\\/\",\"https:\\\/\\\/www.youtube.com\\\/channel\\\/UCZP-2wLEB9Rv6erhFmqVnvg\"],\"address\":{\"@id\":\"https:\\\/\\\/candas365.es\\\/noticias\\\/#postaladdress\",\"@type\":\"PostalAddress\",\"streetAddress\":\"san antonio 4, san antonio 4\",\"postalCode\":\"33430\",\"addressLocality\":\"Cand\\u00e1s\",\"addressRegion\":\"Asturias\",\"addressCountry\":\"ES\"}},{\"@type\":\"Person\",\"@id\":\"https:\\\/\\\/candas365.es\\\/noticias\\\/author\\\/admin\\\/#author\",\"url\":\"https:\\\/\\\/candas365.es\\\/noticias\\\/author\\\/admin\\\/\",\"name\":\"Cand\\u00e1s 365\",\"image\":{\"@type\":\"ImageObject\",\"@id\":\"https:\\\/\\\/candas365.es\\\/noticias\\\/alemania-recuerda-el-horror-de-los-pogromos-nazis-de-1938\\\/#authorImage\",\"url\":\"https:\\\/\\\/secure.gravatar.com\\\/avatar\\\/496a8e03d0c493ede1718b7934145dbdf8d89be1036b0eec9544e1094c9de390?s=96&d=mm&r=g\",\"width\":96,\"height\":96,\"caption\":\"Cand\\u00e1s 365\"},\"sameAs\":[\"https:\\\/\\\/www.facebook.com\\\/carrenoactualidad\",\"https:\\\/\\\/twitter.com\\\/nbasturias\",\"https:\\\/\\\/www.instagram.com\\\/nachofdezber\\\/\",\"https:\\\/\\\/www.youtube.com\\\/channel\\\/UCZP-2wLEB9Rv6erhFmqVnvg\"]},{\"@type\":\"WebPage\",\"@id\":\"https:\\\/\\\/candas365.es\\\/noticias\\\/alemania-recuerda-el-horror-de-los-pogromos-nazis-de-1938\\\/#webpage\",\"url\":\"https:\\\/\\\/candas365.es\\\/noticias\\\/alemania-recuerda-el-horror-de-los-pogromos-nazis-de-1938\\\/\",\"name\":\"Alemania recuerda el horror de los pogromos nazis de 1938 | Cand\\u00e1s 365\",\"description\":\"Berl\\u00edn, 9 nov (dpa) - La canciller alemana, Angela Merkel, record\\u00f3 hoy los cr\\u00edmenes perpetrados por los nazis contra los jud\\u00edos en el 80 aniversario de los pogromos contra las sinagogas y establecimientos jud\\u00edos en la Alemania de Adolf Hitler y prometi\\u00f3 \\\"medidas decisivas\\\" contra cualquier tipo de exclusi\\u00f3n y antisemitismo. \\\"El mal del nacionalsocialismo\",\"inLanguage\":\"es-ES\",\"isPartOf\":{\"@id\":\"https:\\\/\\\/candas365.es\\\/noticias\\\/#website\"},\"breadcrumb\":{\"@id\":\"https:\\\/\\\/candas365.es\\\/noticias\\\/alemania-recuerda-el-horror-de-los-pogromos-nazis-de-1938\\\/#breadcrumblist\"},\"author\":{\"@id\":\"https:\\\/\\\/candas365.es\\\/noticias\\\/author\\\/admin\\\/#author\"},\"creator\":{\"@id\":\"https:\\\/\\\/candas365.es\\\/noticias\\\/author\\\/admin\\\/#author\"},\"image\":{\"@type\":\"ImageObject\",\"url\":\"https:\\\/\\\/candas365.es\\\/noticias\\\/wp-content\\\/uploads\\\/2018\\\/02\\\/auschwitch-992971_1280.jpg\",\"@id\":\"https:\\\/\\\/candas365.es\\\/noticias\\\/alemania-recuerda-el-horror-de-los-pogromos-nazis-de-1938\\\/#mainImage\",\"width\":1280,\"height\":960},\"primaryImageOfPage\":{\"@id\":\"https:\\\/\\\/candas365.es\\\/noticias\\\/alemania-recuerda-el-horror-de-los-pogromos-nazis-de-1938\\\/#mainImage\"},\"datePublished\":\"2018-11-10T07:10:32+01:00\",\"dateModified\":\"2018-11-10T07:10:32+01:00\"},{\"@type\":\"WebSite\",\"@id\":\"https:\\\/\\\/candas365.es\\\/noticias\\\/#website\",\"url\":\"https:\\\/\\\/candas365.es\\\/noticias\\\/\",\"name\":\"Cand\\u00e1s 365\",\"alternateName\":\"Cand\\u00e1s 365 Noticias\",\"description\":\"Actualidad desde Carre\\u00f1o para el mundo\",\"inLanguage\":\"es-ES\",\"publisher\":{\"@id\":\"https:\\\/\\\/candas365.es\\\/noticias\\\/#organization\"}}]}\n\t\t<\/script>\n\t\t<!-- All in One SEO Pro -->\r\n\t\t<title>Alemania recuerda el horror de los pogromos nazis de 1938 | Cand\u00e1s 365<\/title>\n\n","aioseo_head_json":{"title":"Alemania recuerda el horror de los pogromos nazis de 1938 | Cand\u00e1s 365","description":"Berl\u00edn, 9 nov (dpa) - La canciller alemana, Angela Merkel, record\u00f3 hoy los cr\u00edmenes perpetrados por los nazis contra los jud\u00edos en el 80 aniversario de los pogromos contra las sinagogas y establecimientos jud\u00edos en la Alemania de Adolf Hitler y prometi\u00f3 \"medidas decisivas\" contra cualquier tipo de exclusi\u00f3n y antisemitismo. \"El mal del nacionalsocialismo","canonical_url":"https:\/\/candas365.es\/noticias\/alemania-recuerda-el-horror-de-los-pogromos-nazis-de-1938\/","robots":"max-image-preview:large","keywords":"actualidad","webmasterTools":{"google-site-verification":"UA-32230408-1","msvalidate.01":"354F3CDFB2DA171B47FBE9ABF1F88D5","miscellaneous":""},"schema":{"@context":"https:\/\/schema.org","@graph":[{"@type":"BreadcrumbList","@id":"https:\/\/candas365.es\/noticias\/alemania-recuerda-el-horror-de-los-pogromos-nazis-de-1938\/#breadcrumblist","itemListElement":[{"@type":"ListItem","@id":"https:\/\/candas365.es\/noticias#listItem","position":1,"name":"Home","item":"https:\/\/candas365.es\/noticias","nextItem":{"@type":"ListItem","@id":"https:\/\/candas365.es\/noticias\/category\/actualidad\/#listItem","name":"Actualidad"}},{"@type":"ListItem","@id":"https:\/\/candas365.es\/noticias\/category\/actualidad\/#listItem","position":2,"name":"Actualidad","item":"https:\/\/candas365.es\/noticias\/category\/actualidad\/","nextItem":{"@type":"ListItem","@id":"https:\/\/candas365.es\/noticias\/alemania-recuerda-el-horror-de-los-pogromos-nazis-de-1938\/#listItem","name":"Alemania recuerda el horror de los pogromos nazis de 1938"},"previousItem":{"@type":"ListItem","@id":"https:\/\/candas365.es\/noticias#listItem","name":"Home"}},{"@type":"ListItem","@id":"https:\/\/candas365.es\/noticias\/alemania-recuerda-el-horror-de-los-pogromos-nazis-de-1938\/#listItem","position":3,"name":"Alemania recuerda el horror de los pogromos nazis de 1938","previousItem":{"@type":"ListItem","@id":"https:\/\/candas365.es\/noticias\/category\/actualidad\/#listItem","name":"Actualidad"}}]},{"@type":"NewsArticle","@id":"https:\/\/candas365.es\/noticias\/alemania-recuerda-el-horror-de-los-pogromos-nazis-de-1938\/#newsarticle","name":"Alemania recuerda el horror de los pogromos nazis de 1938 | Cand\u00e1s 365","headline":"Alemania recuerda el horror de los pogromos nazis de 1938","author":{"@id":"https:\/\/candas365.es\/noticias\/author\/admin\/#author"},"publisher":{"@id":"https:\/\/candas365.es\/noticias\/#organization"},"image":{"@type":"ImageObject","url":"https:\/\/candas365.es\/noticias\/wp-content\/uploads\/2018\/02\/auschwitch-992971_1280.jpg","width":1280,"height":960},"datePublished":"2018-11-10T07:10:32+01:00","dateModified":"2018-11-10T07:10:32+01:00","inLanguage":"es-ES","mainEntityOfPage":{"@id":"https:\/\/candas365.es\/noticias\/alemania-recuerda-el-horror-de-los-pogromos-nazis-de-1938\/#webpage"},"isPartOf":{"@id":"https:\/\/candas365.es\/noticias\/alemania-recuerda-el-horror-de-los-pogromos-nazis-de-1938\/#webpage"},"articleSection":"Actualidad","dateline":"Publicado el noviembre 10, 2018."},{"@type":"Organization","@id":"https:\/\/candas365.es\/noticias\/#organization","name":"Cand\u00e1s 365","description":"Cand\u00e1s 365 es un diario digital independiente, fundado en 2012, con base en Asturias. Informamos con rigor sobre actualidad, sociedad, cultura y ocio, con una mirada local y global.","url":"https:\/\/candas365.es\/noticias\/","email":"info@candas365.es","telephone":"+34652131393","foundingDate":"2012-06-10","logo":{"@type":"ImageObject","url":"https:\/\/candas365.es\/noticias\/wp-content\/uploads\/2024\/09\/Candas-365-Redes.jpg","@id":"https:\/\/candas365.es\/noticias\/alemania-recuerda-el-horror-de-los-pogromos-nazis-de-1938\/#organizationLogo","width":1152,"height":864,"caption":"Cand\u00e1s 365 Redes"},"image":{"@id":"https:\/\/candas365.es\/noticias\/alemania-recuerda-el-horror-de-los-pogromos-nazis-de-1938\/#organizationLogo"},"sameAs":["https:\/\/www.facebook.com\/Nachofdezber","https:\/\/x.com\/NabercoDigital","https:\/\/www.instagram.com\/nachofdezber\/","https:\/\/www.youtube.com\/channel\/UCZP-2wLEB9Rv6erhFmqVnvg"],"address":{"@id":"https:\/\/candas365.es\/noticias\/#postaladdress","@type":"PostalAddress","streetAddress":"san antonio 4, san antonio 4","postalCode":"33430","addressLocality":"Cand\u00e1s","addressRegion":"Asturias","addressCountry":"ES"}},{"@type":"Person","@id":"https:\/\/candas365.es\/noticias\/author\/admin\/#author","url":"https:\/\/candas365.es\/noticias\/author\/admin\/","name":"Cand\u00e1s 365","image":{"@type":"ImageObject","@id":"https:\/\/candas365.es\/noticias\/alemania-recuerda-el-horror-de-los-pogromos-nazis-de-1938\/#authorImage","url":"https:\/\/secure.gravatar.com\/avatar\/496a8e03d0c493ede1718b7934145dbdf8d89be1036b0eec9544e1094c9de390?s=96&d=mm&r=g","width":96,"height":96,"caption":"Cand\u00e1s 365"},"sameAs":["https:\/\/www.facebook.com\/carrenoactualidad","https:\/\/twitter.com\/nbasturias","https:\/\/www.instagram.com\/nachofdezber\/","https:\/\/www.youtube.com\/channel\/UCZP-2wLEB9Rv6erhFmqVnvg"]},{"@type":"WebPage","@id":"https:\/\/candas365.es\/noticias\/alemania-recuerda-el-horror-de-los-pogromos-nazis-de-1938\/#webpage","url":"https:\/\/candas365.es\/noticias\/alemania-recuerda-el-horror-de-los-pogromos-nazis-de-1938\/","name":"Alemania recuerda el horror de los pogromos nazis de 1938 | Cand\u00e1s 365","description":"Berl\u00edn, 9 nov (dpa) - La canciller alemana, Angela Merkel, record\u00f3 hoy los cr\u00edmenes perpetrados por los nazis contra los jud\u00edos en el 80 aniversario de los pogromos contra las sinagogas y establecimientos jud\u00edos en la Alemania de Adolf Hitler y prometi\u00f3 \"medidas decisivas\" contra cualquier tipo de exclusi\u00f3n y antisemitismo. \"El mal del nacionalsocialismo","inLanguage":"es-ES","isPartOf":{"@id":"https:\/\/candas365.es\/noticias\/#website"},"breadcrumb":{"@id":"https:\/\/candas365.es\/noticias\/alemania-recuerda-el-horror-de-los-pogromos-nazis-de-1938\/#breadcrumblist"},"author":{"@id":"https:\/\/candas365.es\/noticias\/author\/admin\/#author"},"creator":{"@id":"https:\/\/candas365.es\/noticias\/author\/admin\/#author"},"image":{"@type":"ImageObject","url":"https:\/\/candas365.es\/noticias\/wp-content\/uploads\/2018\/02\/auschwitch-992971_1280.jpg","@id":"https:\/\/candas365.es\/noticias\/alemania-recuerda-el-horror-de-los-pogromos-nazis-de-1938\/#mainImage","width":1280,"height":960},"primaryImageOfPage":{"@id":"https:\/\/candas365.es\/noticias\/alemania-recuerda-el-horror-de-los-pogromos-nazis-de-1938\/#mainImage"},"datePublished":"2018-11-10T07:10:32+01:00","dateModified":"2018-11-10T07:10:32+01:00"},{"@type":"WebSite","@id":"https:\/\/candas365.es\/noticias\/#website","url":"https:\/\/candas365.es\/noticias\/","name":"Cand\u00e1s 365","alternateName":"Cand\u00e1s 365 Noticias","description":"Actualidad desde Carre\u00f1o para el mundo","inLanguage":"es-ES","publisher":{"@id":"https:\/\/candas365.es\/noticias\/#organization"}}]},"og:locale":"es_ES","og:site_name":"Cand\u00e1s 365","og:type":"article","og:title":"Alemania recuerda el horror de los pogromos nazis de 1938 | Cand\u00e1s 365","og:description":"Berl\u00edn, 9 nov (dpa) - La canciller alemana, Angela Merkel, record\u00f3 hoy los cr\u00edmenes perpetrados por los nazis contra los jud\u00edos en el 80 aniversario de los pogromos contra las sinagogas y establecimientos jud\u00edos en la Alemania de Adolf Hitler y prometi\u00f3 &quot;medidas decisivas&quot; contra cualquier tipo de exclusi\u00f3n y antisemitismo. &quot;El mal del nacionalsocialismo","og:url":"https:\/\/candas365.es\/noticias\/alemania-recuerda-el-horror-de-los-pogromos-nazis-de-1938\/","og:image":"https:\/\/candas365.es\/noticias\/wp-content\/uploads\/2018\/02\/auschwitch-992971_1280.jpg","og:image:secure_url":"https:\/\/candas365.es\/noticias\/wp-content\/uploads\/2018\/02\/auschwitch-992971_1280.jpg","og:image:width":1280,"og:image:height":960,"article:published_time":"2018-11-10T07:10:32+00:00","article:modified_time":"2018-11-10T07:10:32+00:00","article:publisher":"https:\/\/www.facebook.com\/Nachofdezber","article:author":"https:\/\/www.facebook.com\/carrenoactualidad","twitter:card":"summary_large_image","twitter:site":"@NabercoDigital","twitter:title":"Alemania recuerda el horror de los pogromos nazis de 1938 | Cand\u00e1s 365","twitter:description":"Berl\u00edn, 9 nov (dpa) - La canciller alemana, Angela Merkel, record\u00f3 hoy los cr\u00edmenes perpetrados por los nazis contra los jud\u00edos en el 80 aniversario de los pogromos contra las sinagogas y establecimientos jud\u00edos en la Alemania de Adolf Hitler y prometi\u00f3 &quot;medidas decisivas&quot; contra cualquier tipo de exclusi\u00f3n y antisemitismo. &quot;El mal del nacionalsocialismo","twitter:creator":"@nbasturias","twitter:image":"https:\/\/candas365.es\/noticias\/wp-content\/uploads\/2018\/02\/auschwitch-992971_1280.jpg","twitter:label1":"Escrito por","twitter:data1":"Cand\u00e1s 365","twitter:label2":"Tiempo de lectura estimado","twitter:data2":"4 minutos"},"aioseo_meta_data":{"post_id":"109592","title":null,"description":null,"keywords":null,"keyphrases":null,"primary_term":null,"canonical_url":null,"og_title":null,"og_description":null,"og_object_type":"default","og_image_type":"default","og_image_url":null,"og_image_width":null,"og_image_height":null,"og_image_custom_url":null,"og_image_custom_fields":null,"og_video":null,"og_custom_url":null,"og_article_section":null,"og_article_tags":null,"twitter_use_og":false,"twitter_card":"default","twitter_image_type":"default","twitter_image_url":null,"twitter_image_custom_url":null,"twitter_image_custom_fields":null,"twitter_title":null,"twitter_description":null,"schema":{"blockGraphs":[],"customGraphs":[],"default":{"data":{"Article":[],"Course":[],"Dataset":[],"FAQPage":[],"Movie":[],"Person":[],"Product":[],"ProductReview":[],"Car":[],"Recipe":[],"Service":[],"SoftwareApplication":[],"WebPage":[]},"graphName":"","isEnabled":true},"graphs":[]},"schema_type":null,"schema_type_options":null,"pillar_content":false,"robots_default":true,"robots_noindex":false,"robots_noarchive":false,"robots_nosnippet":false,"robots_nofollow":false,"robots_noimageindex":false,"robots_noodp":false,"robots_notranslate":false,"robots_max_snippet":null,"robots_max_videopreview":null,"robots_max_imagepreview":"large","priority":null,"frequency":null,"location":null,"local_seo":null,"seo_analyzer_scan_date":"2025-08-28 10:11:21","breadcrumb_settings":null,"limit_modified_date":false,"reviewed_by":null,"open_ai":null,"ai":null,"created":"2020-12-21 11:39:14","updated":"2025-08-28 10:11:21"},"aioseo_breadcrumb":"<div class=\"aioseo-breadcrumbs\"><span class=\"aioseo-breadcrumb\">\n\t<a href=\"https:\/\/candas365.es\/noticias\" title=\"Home\">Home<\/a>\n<\/span><span class=\"aioseo-breadcrumb-separator\">&ndash;<\/span><span class=\"aioseo-breadcrumb\">\n\t<a href=\"https:\/\/candas365.es\/noticias\/category\/actualidad\/\" title=\"Actualidad\">Actualidad<\/a>\n<\/span><span class=\"aioseo-breadcrumb-separator\">&ndash;<\/span><span class=\"aioseo-breadcrumb\">\n\tAlemania recuerda el horror de los pogromos nazis de 1938\n<\/span><\/div>","aioseo_breadcrumb_json":[{"label":"Home","link":"https:\/\/candas365.es\/noticias"},{"label":"Actualidad","link":"https:\/\/candas365.es\/noticias\/category\/actualidad\/"},{"label":"Alemania recuerda el horror de los pogromos nazis de 1938","link":"https:\/\/candas365.es\/noticias\/alemania-recuerda-el-horror-de-los-pogromos-nazis-de-1938\/"}],"_links":{"self":[{"href":"https:\/\/candas365.es\/noticias\/wp-json\/wp\/v2\/posts\/109592","targetHints":{"allow":["GET"]}}],"collection":[{"href":"https:\/\/candas365.es\/noticias\/wp-json\/wp\/v2\/posts"}],"about":[{"href":"https:\/\/candas365.es\/noticias\/wp-json\/wp\/v2\/types\/post"}],"author":[{"embeddable":true,"href":"https:\/\/candas365.es\/noticias\/wp-json\/wp\/v2\/users\/1"}],"replies":[{"embeddable":true,"href":"https:\/\/candas365.es\/noticias\/wp-json\/wp\/v2\/comments?post=109592"}],"version-history":[{"count":0,"href":"https:\/\/candas365.es\/noticias\/wp-json\/wp\/v2\/posts\/109592\/revisions"}],"wp:featuredmedia":[{"embeddable":true,"href":"https:\/\/candas365.es\/noticias\/wp-json\/wp\/v2\/media\/89565"}],"wp:attachment":[{"href":"https:\/\/candas365.es\/noticias\/wp-json\/wp\/v2\/media?parent=109592"}],"wp:term":[{"taxonomy":"category","embeddable":true,"href":"https:\/\/candas365.es\/noticias\/wp-json\/wp\/v2\/categories?post=109592"},{"taxonomy":"post_tag","embeddable":true,"href":"https:\/\/candas365.es\/noticias\/wp-json\/wp\/v2\/tags?post=109592"}],"curies":[{"name":"wp","href":"https:\/\/api.w.org\/{rel}","templated":true}]}}