{"id":109588,"date":"2018-11-10T07:04:23","date_gmt":"2018-11-10T07:04:23","guid":{"rendered":"http:\/\/candas365.es\/noticias\/?p=109588"},"modified":"2018-11-10T07:04:23","modified_gmt":"2018-11-10T07:04:23","slug":"low-deja-a-boateng-fuera-de-la-convocatoria-de-la-seleccion-alemana","status":"publish","type":"post","link":"https:\/\/candas365.es\/noticias\/low-deja-a-boateng-fuera-de-la-convocatoria-de-la-seleccion-alemana\/","title":{"rendered":"L\u00f6w deja a Boateng fuera de la convocatoria de la selecci\u00f3n alemana"},"content":{"rendered":"<p><img fetchpriority=\"high\" decoding=\"async\" class=\"alignleft size-medium wp-image-38927\" src=\"https:\/\/candas365.es\/noticias\/wp-content\/uploads\/2016\/12\/low-360x267.jpg\" alt=\"\" width=\"360\" height=\"267\" srcset=\"https:\/\/candas365.es\/noticias\/wp-content\/uploads\/2016\/12\/low-360x267.jpg 360w, https:\/\/candas365.es\/noticias\/wp-content\/uploads\/2016\/12\/low-648x480.jpg 648w, https:\/\/candas365.es\/noticias\/wp-content\/uploads\/2016\/12\/low-768x569.jpg 768w, https:\/\/candas365.es\/noticias\/wp-content\/uploads\/2016\/12\/low-150x111.jpg 150w, https:\/\/candas365.es\/noticias\/wp-content\/uploads\/2016\/12\/low-450x334.jpg 450w, https:\/\/candas365.es\/noticias\/wp-content\/uploads\/2016\/12\/low-485x360.jpg 485w, https:\/\/candas365.es\/noticias\/wp-content\/uploads\/2016\/12\/low-80x60.jpg 80w, https:\/\/candas365.es\/noticias\/wp-content\/uploads\/2016\/12\/low-265x198.jpg 265w, https:\/\/candas365.es\/noticias\/wp-content\/uploads\/2016\/12\/low-696x516.jpg 696w, https:\/\/candas365.es\/noticias\/wp-content\/uploads\/2016\/12\/low-567x420.jpg 567w, https:\/\/candas365.es\/noticias\/wp-content\/uploads\/2016\/12\/low-338x250.jpg 338w, https:\/\/candas365.es\/noticias\/wp-content\/uploads\/2016\/12\/low-90x67.jpg 90w, https:\/\/candas365.es\/noticias\/wp-content\/uploads\/2016\/12\/low.jpg 800w\" sizes=\"(max-width: 360px) 100vw, 360px\" \/>Berl\u00edn, 9 nov (dpa) &#8211; El seleccionador alem\u00e1n de f\u00fatbol, Joachim L\u00f6w, dej\u00f3 hoy fuera de la nueva convocatoria al defensa J\u00e9r\u00f4me Boateng, que se perder\u00e1 los pr\u00f3ximos partidos ante Rusia y Holanda.<\/p>\n<p>La ausencia del defensor del Bayern M\u00fanich es lo m\u00e1s destacado de la lista que present\u00f3 L\u00f6w para el amistoso ante Rusia del 15 de noviembre y el encuentro ante Holanda (19 de noviembre), en el que Alemania podr\u00eda jugarse la permanencia en la primera divisi\u00f3n de la Liga de Naciones.<\/p>\n<p>L\u00f6w quiere continuar con el cambio en la selecci\u00f3n nacional que comenz\u00f3 en octubre con la derrota 2-1 ante Francia. La Liga de Naciones no es una prioridad para \u00e9l, pero le gustar\u00eda evitar el descenso.<\/p>\n<p>\u00abHe hablado con J\u00e9r\u00f4me Boateng. Estoy convencido de que un descanso tambi\u00e9n le vendr\u00e1 bien en este momento\u00bb, declar\u00f3 L\u00f6w sobre el defensa del Bayern M\u00fanich en una entrevista publicada hoy en la p\u00e1gina web de la Federaci\u00f3n Alemana de F\u00fatbol (DFB).<\/p>\n<p>Por su parte, el jugador del Real Madrid Toni Kroos s\u00f3lo formar\u00e1 parte del equipo en el encuentro ante Holanda. \u00abMantuve varias conversaciones con Toni despu\u00e9s del Mundial y, por supuesto, s\u00e9 que ha estado sometido a mucho esfuerzo durante a\u00f1os\u00bb, explic\u00f3 L\u00f6w, que en esta ocasi\u00f3n no contar\u00e1 con reci\u00e9n llegados.<\/p>\n<p>\u00abA medida que un equipo evoluciona, no puedes simplemente tirar de una palanca e intercambiar jugadores de la noche a la ma\u00f1ana\u00bb, subray\u00f3 el t\u00e9cnico alem\u00e1n.<\/p>\n<p>Despu\u00e9s de la derrota 3-0 en \u00c1msterdam ante Holanda, tuvo que realinear su equipo alrededor de Leroy San\u00e9 y Serge Gnabry en el siguiente encuentro ante Francia. \u00abEn Par\u00eds, iniciamos un proceso que seguiremos llevando a cabo de forma continua y coherente\u00bb, dijo.<\/p>\n<p>Para Niko Kovac, entrenador del Bayern, la exclusi\u00f3n de Boateng es s\u00f3lo temporal. \u00abQue J\u00e9r\u00f4me no est\u00e9 en la lista es una novedad. Pero eso no significa que no vaya a estar en el futuro\u00bb, dijo el t\u00e9cnico. En su opini\u00f3n, no hay necesidad de hablar del \u00abfin de J\u00e9r\u00f4me en la selecci\u00f3n nacional\u00bb.<\/p>\n<p>El portero del Barcelona Marc-Andr\u00e9 ter Stegen (problemas de hombro), Ilkay G\u00fcndogan (con molestias a\u00fan tras una lesi\u00f3n) y Emre Can (enfermo) no estar\u00e1n en los \u00faltimos partidos de Alemania de 2018.<\/p>\n<p>La lista ofrecida hoy tambi\u00e9n marca el regreso de jugadores como Marco Reus, del Borussia Dortmund, Antonio R\u00fcdiger, del Chelsea, y Kai Havertz, del Bayer Leverkusen.<\/p>\n<p>Alemania est\u00e1 \u00faltima de Grupo 1 de la Liga de Naciones con apenas un punto despu\u00e9s de tres partidos. Francia cuenta con 7 unidades, mientras que Holanda es segunda con 3. El primero se clasifica a una \u00abfinal four\u00bb, mientras que el \u00faltimo desciende de categor\u00eda.<\/p>\n<p>Para evitar el descenso, la \u00abMannschaft\u00bb necesita primero que Holanda empate o pierda el 16 de noviembre con Francia. Y despu\u00e9s, vencer a Holanda el 19 en Gelsenkirchen.<\/p>\n<p>Lista de convocados:<\/p>\n<p>Arqueros: Manuel Neuer (Bayern M\u00fanich), Bernd Leno (Arsenal), Kevin Trapp (Eintracht Frankfurt)<\/p>\n<p>Defensa: Matthias Ginter (Borussia M\u00f6nchengladbach), Jonas Hector (Colonia), Mats Hummels (Bayern M\u00fanich), Thilo Kehrer (Paris Saint-Germain), Antonio R\u00fcdiger (Chelsea), Nico Schulz (Hoffenheim), Niklas S\u00fcle (Bayern M\u00fanich), Jonathan Tah (Bayer Leverkusen)<\/p>\n<p>Mediocampo y delantera: Julian Brandt (Bayer Leverkusen), Julian Draxler (Paris Saint-Germain), Serge Gnabry (Bayern M\u00fanich), Leon Goretzka (Bayern M\u00fanich), Kai Havertz (Bayer Leverkusen), Joshua Kimmich (Bayern Munich), Toni Kroos (Real Madrid), Thomas M\u00fcller (Bayern M\u00fanich), Marco Reus (Borussia Dortmund), Sebastian Rudy (Schalke), Leroy Sane (Manchester City), Mark Uth (Schalke), Timo Werner (Leipzig)<\/p>\n","protected":false},"excerpt":{"rendered":"<p>Berl\u00edn, 9 nov (dpa) &#8211; El seleccionador alem\u00e1n de f\u00fatbol, Joachim L\u00f6w, dej\u00f3 hoy fuera de la nueva convocatoria al defensa J\u00e9r\u00f4me Boateng, que se perder\u00e1 los pr\u00f3ximos partidos ante Rusia y Holanda. La ausencia del defensor del Bayern M\u00fanich es lo m\u00e1s destacado de la lista que present\u00f3 L\u00f6w para el amistoso ante Rusia<\/p>\n","protected":false},"author":1,"featured_media":38927,"comment_status":"closed","ping_status":"closed","sticky":false,"template":"","format":"standard","meta":{"footnotes":""},"categories":[319],"tags":[],"class_list":{"0":"post-109588","1":"post","2":"type-post","3":"status-publish","4":"format-standard","5":"has-post-thumbnail","7":"category-deporte"},"aioseo_notices":[],"aioseo_head":"\n\t\t<!-- All in One SEO Pro 4.9.6.2 - aioseo.com -->\n\t<meta name=\"description\" content=\"Berl\u00edn, 9 nov (dpa) - El seleccionador alem\u00e1n de f\u00fatbol, Joachim L\u00f6w, dej\u00f3 hoy fuera de la nueva convocatoria al defensa J\u00e9r\u00f4me Boateng, que se perder\u00e1 los pr\u00f3ximos partidos ante Rusia y Holanda. La ausencia del defensor del Bayern M\u00fanich es lo m\u00e1s destacado de la lista que present\u00f3 L\u00f6w para el amistoso ante Rusia\" \/>\n\t<meta name=\"robots\" content=\"max-image-preview:large\" \/>\n\t<meta name=\"author\" content=\"Cand\u00e1s 365\"\/>\n\t<meta name=\"google-site-verification\" content=\"UA-32230408-1\" \/>\n\t<meta name=\"msvalidate.01\" content=\"354F3CDFB2DA171B47FBE9ABF1F88D5\" \/>\n\t<meta name=\"keywords\" content=\"deporte\" \/>\n\t<link rel=\"canonical\" href=\"https:\/\/candas365.es\/noticias\/low-deja-a-boateng-fuera-de-la-convocatoria-de-la-seleccion-alemana\/\" \/>\n\t<meta name=\"generator\" content=\"All in One SEO Pro (AIOSEO) 4.9.6.2\" \/>\n\t\t<meta property=\"og:locale\" content=\"es_ES\" \/>\n\t\t<meta property=\"og:site_name\" content=\"Cand\u00e1s 365\" \/>\n\t\t<meta property=\"og:type\" content=\"article\" \/>\n\t\t<meta property=\"og:title\" content=\"L\u00f6w deja a Boateng fuera de la convocatoria de la selecci\u00f3n alemana | Cand\u00e1s 365\" \/>\n\t\t<meta property=\"og:description\" content=\"Berl\u00edn, 9 nov (dpa) - El seleccionador alem\u00e1n de f\u00fatbol, Joachim L\u00f6w, dej\u00f3 hoy fuera de la nueva convocatoria al defensa J\u00e9r\u00f4me Boateng, que se perder\u00e1 los pr\u00f3ximos partidos ante Rusia y Holanda. La ausencia del defensor del Bayern M\u00fanich es lo m\u00e1s destacado de la lista que present\u00f3 L\u00f6w para el amistoso ante Rusia\" \/>\n\t\t<meta property=\"og:url\" content=\"https:\/\/candas365.es\/noticias\/low-deja-a-boateng-fuera-de-la-convocatoria-de-la-seleccion-alemana\/\" \/>\n\t\t<meta property=\"og:image\" content=\"https:\/\/candas365.es\/noticias\/wp-content\/uploads\/2016\/12\/low.jpg\" \/>\n\t\t<meta property=\"og:image:secure_url\" content=\"https:\/\/candas365.es\/noticias\/wp-content\/uploads\/2016\/12\/low.jpg\" \/>\n\t\t<meta property=\"og:image:width\" content=\"800\" \/>\n\t\t<meta property=\"og:image:height\" content=\"593\" \/>\n\t\t<meta property=\"article:published_time\" content=\"2018-11-10T07:04:23+00:00\" \/>\n\t\t<meta property=\"article:modified_time\" content=\"2018-11-10T07:04:23+00:00\" \/>\n\t\t<meta property=\"article:publisher\" content=\"https:\/\/www.facebook.com\/Nachofdezber\" \/>\n\t\t<meta property=\"article:author\" content=\"https:\/\/www.facebook.com\/carrenoactualidad\" \/>\n\t\t<meta name=\"twitter:card\" content=\"summary_large_image\" \/>\n\t\t<meta name=\"twitter:site\" content=\"@NabercoDigital\" \/>\n\t\t<meta name=\"twitter:title\" content=\"L\u00f6w deja a Boateng fuera de la convocatoria de la selecci\u00f3n alemana | Cand\u00e1s 365\" \/>\n\t\t<meta name=\"twitter:description\" content=\"Berl\u00edn, 9 nov (dpa) - El seleccionador alem\u00e1n de f\u00fatbol, Joachim L\u00f6w, dej\u00f3 hoy fuera de la nueva convocatoria al defensa J\u00e9r\u00f4me Boateng, que se perder\u00e1 los pr\u00f3ximos partidos ante Rusia y Holanda. La ausencia del defensor del Bayern M\u00fanich es lo m\u00e1s destacado de la lista que present\u00f3 L\u00f6w para el amistoso ante Rusia\" \/>\n\t\t<meta name=\"twitter:creator\" content=\"@nbasturias\" \/>\n\t\t<meta name=\"twitter:image\" content=\"https:\/\/candas365.es\/noticias\/wp-content\/uploads\/2016\/12\/low.jpg\" \/>\n\t\t<meta name=\"twitter:label1\" content=\"Escrito por\" \/>\n\t\t<meta name=\"twitter:data1\" content=\"Cand\u00e1s 365\" \/>\n\t\t<meta name=\"twitter:label2\" content=\"Tiempo de lectura estimado\" \/>\n\t\t<meta name=\"twitter:data2\" content=\"3 minutos\" \/>\n\t\t<script type=\"application\/ld+json\" class=\"aioseo-schema\">\n\t\t\t{\"@context\":\"https:\\\/\\\/schema.org\",\"@graph\":[{\"@type\":\"BreadcrumbList\",\"@id\":\"https:\\\/\\\/candas365.es\\\/noticias\\\/low-deja-a-boateng-fuera-de-la-convocatoria-de-la-seleccion-alemana\\\/#breadcrumblist\",\"itemListElement\":[{\"@type\":\"ListItem\",\"@id\":\"https:\\\/\\\/candas365.es\\\/noticias#listItem\",\"position\":1,\"name\":\"Home\",\"item\":\"https:\\\/\\\/candas365.es\\\/noticias\",\"nextItem\":{\"@type\":\"ListItem\",\"@id\":\"https:\\\/\\\/candas365.es\\\/noticias\\\/category\\\/deporte\\\/#listItem\",\"name\":\"Deporte\"}},{\"@type\":\"ListItem\",\"@id\":\"https:\\\/\\\/candas365.es\\\/noticias\\\/category\\\/deporte\\\/#listItem\",\"position\":2,\"name\":\"Deporte\",\"item\":\"https:\\\/\\\/candas365.es\\\/noticias\\\/category\\\/deporte\\\/\",\"nextItem\":{\"@type\":\"ListItem\",\"@id\":\"https:\\\/\\\/candas365.es\\\/noticias\\\/low-deja-a-boateng-fuera-de-la-convocatoria-de-la-seleccion-alemana\\\/#listItem\",\"name\":\"L\\u00f6w deja a Boateng fuera de la convocatoria de la selecci\\u00f3n alemana\"},\"previousItem\":{\"@type\":\"ListItem\",\"@id\":\"https:\\\/\\\/candas365.es\\\/noticias#listItem\",\"name\":\"Home\"}},{\"@type\":\"ListItem\",\"@id\":\"https:\\\/\\\/candas365.es\\\/noticias\\\/low-deja-a-boateng-fuera-de-la-convocatoria-de-la-seleccion-alemana\\\/#listItem\",\"position\":3,\"name\":\"L\\u00f6w deja a Boateng fuera de la convocatoria de la selecci\\u00f3n alemana\",\"previousItem\":{\"@type\":\"ListItem\",\"@id\":\"https:\\\/\\\/candas365.es\\\/noticias\\\/category\\\/deporte\\\/#listItem\",\"name\":\"Deporte\"}}]},{\"@type\":\"NewsArticle\",\"@id\":\"https:\\\/\\\/candas365.es\\\/noticias\\\/low-deja-a-boateng-fuera-de-la-convocatoria-de-la-seleccion-alemana\\\/#newsarticle\",\"name\":\"L\\u00f6w deja a Boateng fuera de la convocatoria de la selecci\\u00f3n alemana | Cand\\u00e1s 365\",\"headline\":\"L\\u00f6w deja a Boateng fuera de la convocatoria de la selecci\\u00f3n alemana\",\"author\":{\"@id\":\"https:\\\/\\\/candas365.es\\\/noticias\\\/author\\\/admin\\\/#author\"},\"publisher\":{\"@id\":\"https:\\\/\\\/candas365.es\\\/noticias\\\/#organization\"},\"image\":{\"@type\":\"ImageObject\",\"url\":\"https:\\\/\\\/candas365.es\\\/noticias\\\/wp-content\\\/uploads\\\/2016\\\/12\\\/low.jpg\",\"width\":800,\"height\":593},\"datePublished\":\"2018-11-10T07:04:23+01:00\",\"dateModified\":\"2018-11-10T07:04:23+01:00\",\"inLanguage\":\"es-ES\",\"mainEntityOfPage\":{\"@id\":\"https:\\\/\\\/candas365.es\\\/noticias\\\/low-deja-a-boateng-fuera-de-la-convocatoria-de-la-seleccion-alemana\\\/#webpage\"},\"isPartOf\":{\"@id\":\"https:\\\/\\\/candas365.es\\\/noticias\\\/low-deja-a-boateng-fuera-de-la-convocatoria-de-la-seleccion-alemana\\\/#webpage\"},\"articleSection\":\"Deporte\",\"dateline\":\"Publicado el noviembre 10, 2018.\"},{\"@type\":\"Organization\",\"@id\":\"https:\\\/\\\/candas365.es\\\/noticias\\\/#organization\",\"name\":\"Cand\\u00e1s 365\",\"description\":\"Cand\\u00e1s 365 es un diario digital independiente, fundado en 2012, con base en Asturias. Informamos con rigor sobre actualidad, sociedad, cultura y ocio, con una mirada local y global.\",\"url\":\"https:\\\/\\\/candas365.es\\\/noticias\\\/\",\"email\":\"info@candas365.es\",\"telephone\":\"+34652131393\",\"foundingDate\":\"2012-06-10\",\"logo\":{\"@type\":\"ImageObject\",\"url\":\"https:\\\/\\\/candas365.es\\\/noticias\\\/wp-content\\\/uploads\\\/2024\\\/09\\\/Candas-365-Redes.jpg\",\"@id\":\"https:\\\/\\\/candas365.es\\\/noticias\\\/low-deja-a-boateng-fuera-de-la-convocatoria-de-la-seleccion-alemana\\\/#organizationLogo\",\"width\":1152,\"height\":864,\"caption\":\"Cand\\u00e1s 365 Redes\"},\"image\":{\"@id\":\"https:\\\/\\\/candas365.es\\\/noticias\\\/low-deja-a-boateng-fuera-de-la-convocatoria-de-la-seleccion-alemana\\\/#organizationLogo\"},\"sameAs\":[\"https:\\\/\\\/www.facebook.com\\\/Nachofdezber\",\"https:\\\/\\\/x.com\\\/NabercoDigital\",\"https:\\\/\\\/www.instagram.com\\\/nachofdezber\\\/\",\"https:\\\/\\\/www.youtube.com\\\/channel\\\/UCZP-2wLEB9Rv6erhFmqVnvg\"],\"address\":{\"@id\":\"https:\\\/\\\/candas365.es\\\/noticias\\\/#postaladdress\",\"@type\":\"PostalAddress\",\"streetAddress\":\"san antonio 4, san antonio 4\",\"postalCode\":\"33430\",\"addressLocality\":\"Cand\\u00e1s\",\"addressRegion\":\"Asturias\",\"addressCountry\":\"ES\"}},{\"@type\":\"Person\",\"@id\":\"https:\\\/\\\/candas365.es\\\/noticias\\\/author\\\/admin\\\/#author\",\"url\":\"https:\\\/\\\/candas365.es\\\/noticias\\\/author\\\/admin\\\/\",\"name\":\"Cand\\u00e1s 365\",\"image\":{\"@type\":\"ImageObject\",\"@id\":\"https:\\\/\\\/candas365.es\\\/noticias\\\/low-deja-a-boateng-fuera-de-la-convocatoria-de-la-seleccion-alemana\\\/#authorImage\",\"url\":\"https:\\\/\\\/secure.gravatar.com\\\/avatar\\\/496a8e03d0c493ede1718b7934145dbdf8d89be1036b0eec9544e1094c9de390?s=96&d=mm&r=g\",\"width\":96,\"height\":96,\"caption\":\"Cand\\u00e1s 365\"},\"sameAs\":[\"https:\\\/\\\/www.facebook.com\\\/carrenoactualidad\",\"https:\\\/\\\/twitter.com\\\/nbasturias\",\"https:\\\/\\\/www.instagram.com\\\/nachofdezber\\\/\",\"https:\\\/\\\/www.youtube.com\\\/channel\\\/UCZP-2wLEB9Rv6erhFmqVnvg\"]},{\"@type\":\"WebPage\",\"@id\":\"https:\\\/\\\/candas365.es\\\/noticias\\\/low-deja-a-boateng-fuera-de-la-convocatoria-de-la-seleccion-alemana\\\/#webpage\",\"url\":\"https:\\\/\\\/candas365.es\\\/noticias\\\/low-deja-a-boateng-fuera-de-la-convocatoria-de-la-seleccion-alemana\\\/\",\"name\":\"L\\u00f6w deja a Boateng fuera de la convocatoria de la selecci\\u00f3n alemana | Cand\\u00e1s 365\",\"description\":\"Berl\\u00edn, 9 nov (dpa) - El seleccionador alem\\u00e1n de f\\u00fatbol, Joachim L\\u00f6w, dej\\u00f3 hoy fuera de la nueva convocatoria al defensa J\\u00e9r\\u00f4me Boateng, que se perder\\u00e1 los pr\\u00f3ximos partidos ante Rusia y Holanda. La ausencia del defensor del Bayern M\\u00fanich es lo m\\u00e1s destacado de la lista que present\\u00f3 L\\u00f6w para el amistoso ante Rusia\",\"inLanguage\":\"es-ES\",\"isPartOf\":{\"@id\":\"https:\\\/\\\/candas365.es\\\/noticias\\\/#website\"},\"breadcrumb\":{\"@id\":\"https:\\\/\\\/candas365.es\\\/noticias\\\/low-deja-a-boateng-fuera-de-la-convocatoria-de-la-seleccion-alemana\\\/#breadcrumblist\"},\"author\":{\"@id\":\"https:\\\/\\\/candas365.es\\\/noticias\\\/author\\\/admin\\\/#author\"},\"creator\":{\"@id\":\"https:\\\/\\\/candas365.es\\\/noticias\\\/author\\\/admin\\\/#author\"},\"image\":{\"@type\":\"ImageObject\",\"url\":\"https:\\\/\\\/candas365.es\\\/noticias\\\/wp-content\\\/uploads\\\/2016\\\/12\\\/low.jpg\",\"@id\":\"https:\\\/\\\/candas365.es\\\/noticias\\\/low-deja-a-boateng-fuera-de-la-convocatoria-de-la-seleccion-alemana\\\/#mainImage\",\"width\":800,\"height\":593},\"primaryImageOfPage\":{\"@id\":\"https:\\\/\\\/candas365.es\\\/noticias\\\/low-deja-a-boateng-fuera-de-la-convocatoria-de-la-seleccion-alemana\\\/#mainImage\"},\"datePublished\":\"2018-11-10T07:04:23+01:00\",\"dateModified\":\"2018-11-10T07:04:23+01:00\"},{\"@type\":\"WebSite\",\"@id\":\"https:\\\/\\\/candas365.es\\\/noticias\\\/#website\",\"url\":\"https:\\\/\\\/candas365.es\\\/noticias\\\/\",\"name\":\"Cand\\u00e1s 365\",\"alternateName\":\"Cand\\u00e1s 365 Noticias\",\"description\":\"Actualidad desde Carre\\u00f1o para el mundo\",\"inLanguage\":\"es-ES\",\"publisher\":{\"@id\":\"https:\\\/\\\/candas365.es\\\/noticias\\\/#organization\"}}]}\n\t\t<\/script>\n\t\t<!-- All in One SEO Pro -->\r\n\t\t<title>L\u00f6w deja a Boateng fuera de la convocatoria de la selecci\u00f3n alemana | Cand\u00e1s 365<\/title>\n\n","aioseo_head_json":{"title":"L\u00f6w deja a Boateng fuera de la convocatoria de la selecci\u00f3n alemana | Cand\u00e1s 365","description":"Berl\u00edn, 9 nov (dpa) - El seleccionador alem\u00e1n de f\u00fatbol, Joachim L\u00f6w, dej\u00f3 hoy fuera de la nueva convocatoria al defensa J\u00e9r\u00f4me Boateng, que se perder\u00e1 los pr\u00f3ximos partidos ante Rusia y Holanda. La ausencia del defensor del Bayern M\u00fanich es lo m\u00e1s destacado de la lista que present\u00f3 L\u00f6w para el amistoso ante Rusia","canonical_url":"https:\/\/candas365.es\/noticias\/low-deja-a-boateng-fuera-de-la-convocatoria-de-la-seleccion-alemana\/","robots":"max-image-preview:large","keywords":"deporte","webmasterTools":{"google-site-verification":"UA-32230408-1","msvalidate.01":"354F3CDFB2DA171B47FBE9ABF1F88D5","miscellaneous":""},"schema":{"@context":"https:\/\/schema.org","@graph":[{"@type":"BreadcrumbList","@id":"https:\/\/candas365.es\/noticias\/low-deja-a-boateng-fuera-de-la-convocatoria-de-la-seleccion-alemana\/#breadcrumblist","itemListElement":[{"@type":"ListItem","@id":"https:\/\/candas365.es\/noticias#listItem","position":1,"name":"Home","item":"https:\/\/candas365.es\/noticias","nextItem":{"@type":"ListItem","@id":"https:\/\/candas365.es\/noticias\/category\/deporte\/#listItem","name":"Deporte"}},{"@type":"ListItem","@id":"https:\/\/candas365.es\/noticias\/category\/deporte\/#listItem","position":2,"name":"Deporte","item":"https:\/\/candas365.es\/noticias\/category\/deporte\/","nextItem":{"@type":"ListItem","@id":"https:\/\/candas365.es\/noticias\/low-deja-a-boateng-fuera-de-la-convocatoria-de-la-seleccion-alemana\/#listItem","name":"L\u00f6w deja a Boateng fuera de la convocatoria de la selecci\u00f3n alemana"},"previousItem":{"@type":"ListItem","@id":"https:\/\/candas365.es\/noticias#listItem","name":"Home"}},{"@type":"ListItem","@id":"https:\/\/candas365.es\/noticias\/low-deja-a-boateng-fuera-de-la-convocatoria-de-la-seleccion-alemana\/#listItem","position":3,"name":"L\u00f6w deja a Boateng fuera de la convocatoria de la selecci\u00f3n alemana","previousItem":{"@type":"ListItem","@id":"https:\/\/candas365.es\/noticias\/category\/deporte\/#listItem","name":"Deporte"}}]},{"@type":"NewsArticle","@id":"https:\/\/candas365.es\/noticias\/low-deja-a-boateng-fuera-de-la-convocatoria-de-la-seleccion-alemana\/#newsarticle","name":"L\u00f6w deja a Boateng fuera de la convocatoria de la selecci\u00f3n alemana | Cand\u00e1s 365","headline":"L\u00f6w deja a Boateng fuera de la convocatoria de la selecci\u00f3n alemana","author":{"@id":"https:\/\/candas365.es\/noticias\/author\/admin\/#author"},"publisher":{"@id":"https:\/\/candas365.es\/noticias\/#organization"},"image":{"@type":"ImageObject","url":"https:\/\/candas365.es\/noticias\/wp-content\/uploads\/2016\/12\/low.jpg","width":800,"height":593},"datePublished":"2018-11-10T07:04:23+01:00","dateModified":"2018-11-10T07:04:23+01:00","inLanguage":"es-ES","mainEntityOfPage":{"@id":"https:\/\/candas365.es\/noticias\/low-deja-a-boateng-fuera-de-la-convocatoria-de-la-seleccion-alemana\/#webpage"},"isPartOf":{"@id":"https:\/\/candas365.es\/noticias\/low-deja-a-boateng-fuera-de-la-convocatoria-de-la-seleccion-alemana\/#webpage"},"articleSection":"Deporte","dateline":"Publicado el noviembre 10, 2018."},{"@type":"Organization","@id":"https:\/\/candas365.es\/noticias\/#organization","name":"Cand\u00e1s 365","description":"Cand\u00e1s 365 es un diario digital independiente, fundado en 2012, con base en Asturias. Informamos con rigor sobre actualidad, sociedad, cultura y ocio, con una mirada local y global.","url":"https:\/\/candas365.es\/noticias\/","email":"info@candas365.es","telephone":"+34652131393","foundingDate":"2012-06-10","logo":{"@type":"ImageObject","url":"https:\/\/candas365.es\/noticias\/wp-content\/uploads\/2024\/09\/Candas-365-Redes.jpg","@id":"https:\/\/candas365.es\/noticias\/low-deja-a-boateng-fuera-de-la-convocatoria-de-la-seleccion-alemana\/#organizationLogo","width":1152,"height":864,"caption":"Cand\u00e1s 365 Redes"},"image":{"@id":"https:\/\/candas365.es\/noticias\/low-deja-a-boateng-fuera-de-la-convocatoria-de-la-seleccion-alemana\/#organizationLogo"},"sameAs":["https:\/\/www.facebook.com\/Nachofdezber","https:\/\/x.com\/NabercoDigital","https:\/\/www.instagram.com\/nachofdezber\/","https:\/\/www.youtube.com\/channel\/UCZP-2wLEB9Rv6erhFmqVnvg"],"address":{"@id":"https:\/\/candas365.es\/noticias\/#postaladdress","@type":"PostalAddress","streetAddress":"san antonio 4, san antonio 4","postalCode":"33430","addressLocality":"Cand\u00e1s","addressRegion":"Asturias","addressCountry":"ES"}},{"@type":"Person","@id":"https:\/\/candas365.es\/noticias\/author\/admin\/#author","url":"https:\/\/candas365.es\/noticias\/author\/admin\/","name":"Cand\u00e1s 365","image":{"@type":"ImageObject","@id":"https:\/\/candas365.es\/noticias\/low-deja-a-boateng-fuera-de-la-convocatoria-de-la-seleccion-alemana\/#authorImage","url":"https:\/\/secure.gravatar.com\/avatar\/496a8e03d0c493ede1718b7934145dbdf8d89be1036b0eec9544e1094c9de390?s=96&d=mm&r=g","width":96,"height":96,"caption":"Cand\u00e1s 365"},"sameAs":["https:\/\/www.facebook.com\/carrenoactualidad","https:\/\/twitter.com\/nbasturias","https:\/\/www.instagram.com\/nachofdezber\/","https:\/\/www.youtube.com\/channel\/UCZP-2wLEB9Rv6erhFmqVnvg"]},{"@type":"WebPage","@id":"https:\/\/candas365.es\/noticias\/low-deja-a-boateng-fuera-de-la-convocatoria-de-la-seleccion-alemana\/#webpage","url":"https:\/\/candas365.es\/noticias\/low-deja-a-boateng-fuera-de-la-convocatoria-de-la-seleccion-alemana\/","name":"L\u00f6w deja a Boateng fuera de la convocatoria de la selecci\u00f3n alemana | Cand\u00e1s 365","description":"Berl\u00edn, 9 nov (dpa) - El seleccionador alem\u00e1n de f\u00fatbol, Joachim L\u00f6w, dej\u00f3 hoy fuera de la nueva convocatoria al defensa J\u00e9r\u00f4me Boateng, que se perder\u00e1 los pr\u00f3ximos partidos ante Rusia y Holanda. La ausencia del defensor del Bayern M\u00fanich es lo m\u00e1s destacado de la lista que present\u00f3 L\u00f6w para el amistoso ante Rusia","inLanguage":"es-ES","isPartOf":{"@id":"https:\/\/candas365.es\/noticias\/#website"},"breadcrumb":{"@id":"https:\/\/candas365.es\/noticias\/low-deja-a-boateng-fuera-de-la-convocatoria-de-la-seleccion-alemana\/#breadcrumblist"},"author":{"@id":"https:\/\/candas365.es\/noticias\/author\/admin\/#author"},"creator":{"@id":"https:\/\/candas365.es\/noticias\/author\/admin\/#author"},"image":{"@type":"ImageObject","url":"https:\/\/candas365.es\/noticias\/wp-content\/uploads\/2016\/12\/low.jpg","@id":"https:\/\/candas365.es\/noticias\/low-deja-a-boateng-fuera-de-la-convocatoria-de-la-seleccion-alemana\/#mainImage","width":800,"height":593},"primaryImageOfPage":{"@id":"https:\/\/candas365.es\/noticias\/low-deja-a-boateng-fuera-de-la-convocatoria-de-la-seleccion-alemana\/#mainImage"},"datePublished":"2018-11-10T07:04:23+01:00","dateModified":"2018-11-10T07:04:23+01:00"},{"@type":"WebSite","@id":"https:\/\/candas365.es\/noticias\/#website","url":"https:\/\/candas365.es\/noticias\/","name":"Cand\u00e1s 365","alternateName":"Cand\u00e1s 365 Noticias","description":"Actualidad desde Carre\u00f1o para el mundo","inLanguage":"es-ES","publisher":{"@id":"https:\/\/candas365.es\/noticias\/#organization"}}]},"og:locale":"es_ES","og:site_name":"Cand\u00e1s 365","og:type":"article","og:title":"L\u00f6w deja a Boateng fuera de la convocatoria de la selecci\u00f3n alemana | Cand\u00e1s 365","og:description":"Berl\u00edn, 9 nov (dpa) - El seleccionador alem\u00e1n de f\u00fatbol, Joachim L\u00f6w, dej\u00f3 hoy fuera de la nueva convocatoria al defensa J\u00e9r\u00f4me Boateng, que se perder\u00e1 los pr\u00f3ximos partidos ante Rusia y Holanda. La ausencia del defensor del Bayern M\u00fanich es lo m\u00e1s destacado de la lista que present\u00f3 L\u00f6w para el amistoso ante Rusia","og:url":"https:\/\/candas365.es\/noticias\/low-deja-a-boateng-fuera-de-la-convocatoria-de-la-seleccion-alemana\/","og:image":"https:\/\/candas365.es\/noticias\/wp-content\/uploads\/2016\/12\/low.jpg","og:image:secure_url":"https:\/\/candas365.es\/noticias\/wp-content\/uploads\/2016\/12\/low.jpg","og:image:width":800,"og:image:height":593,"article:published_time":"2018-11-10T07:04:23+00:00","article:modified_time":"2018-11-10T07:04:23+00:00","article:publisher":"https:\/\/www.facebook.com\/Nachofdezber","article:author":"https:\/\/www.facebook.com\/carrenoactualidad","twitter:card":"summary_large_image","twitter:site":"@NabercoDigital","twitter:title":"L\u00f6w deja a Boateng fuera de la convocatoria de la selecci\u00f3n alemana | Cand\u00e1s 365","twitter:description":"Berl\u00edn, 9 nov (dpa) - El seleccionador alem\u00e1n de f\u00fatbol, Joachim L\u00f6w, dej\u00f3 hoy fuera de la nueva convocatoria al defensa J\u00e9r\u00f4me Boateng, que se perder\u00e1 los pr\u00f3ximos partidos ante Rusia y Holanda. La ausencia del defensor del Bayern M\u00fanich es lo m\u00e1s destacado de la lista que present\u00f3 L\u00f6w para el amistoso ante Rusia","twitter:creator":"@nbasturias","twitter:image":"https:\/\/candas365.es\/noticias\/wp-content\/uploads\/2016\/12\/low.jpg","twitter:label1":"Escrito por","twitter:data1":"Cand\u00e1s 365","twitter:label2":"Tiempo de lectura estimado","twitter:data2":"3 minutos"},"aioseo_meta_data":{"post_id":"109588","title":null,"description":null,"keywords":null,"keyphrases":null,"primary_term":null,"canonical_url":null,"og_title":null,"og_description":null,"og_object_type":"default","og_image_type":"default","og_image_url":null,"og_image_width":null,"og_image_height":null,"og_image_custom_url":null,"og_image_custom_fields":null,"og_video":null,"og_custom_url":null,"og_article_section":null,"og_article_tags":null,"twitter_use_og":false,"twitter_card":"default","twitter_image_type":"default","twitter_image_url":null,"twitter_image_custom_url":null,"twitter_image_custom_fields":null,"twitter_title":null,"twitter_description":null,"schema":{"blockGraphs":[],"customGraphs":[],"default":{"data":{"Article":[],"Course":[],"Dataset":[],"FAQPage":[],"Movie":[],"Person":[],"Product":[],"ProductReview":[],"Car":[],"Recipe":[],"Service":[],"SoftwareApplication":[],"WebPage":[]},"graphName":"","isEnabled":true},"graphs":[],"defaultGraph":"","defaultPostTypeGraph":""},"schema_type":null,"schema_type_options":null,"pillar_content":false,"robots_default":true,"robots_noindex":false,"robots_noarchive":false,"robots_nosnippet":false,"robots_nofollow":false,"robots_noimageindex":false,"robots_noodp":false,"robots_notranslate":false,"robots_max_snippet":null,"robots_max_videopreview":null,"robots_max_imagepreview":"large","priority":null,"frequency":null,"location":null,"local_seo":null,"seo_analyzer_scan_date":"2025-08-28 10:11:19","breadcrumb_settings":null,"limit_modified_date":false,"reviewed_by":null,"open_ai":null,"ai":null,"created":"2020-12-21 11:39:14","updated":"2025-08-28 10:11:19"},"aioseo_breadcrumb":"<div class=\"aioseo-breadcrumbs\"><span class=\"aioseo-breadcrumb\">\n\t<a href=\"https:\/\/candas365.es\/noticias\" title=\"Home\">Home<\/a>\n<\/span><span class=\"aioseo-breadcrumb-separator\">&ndash;<\/span><span class=\"aioseo-breadcrumb\">\n\t<a href=\"https:\/\/candas365.es\/noticias\/category\/deporte\/\" title=\"Deporte\">Deporte<\/a>\n<\/span><span class=\"aioseo-breadcrumb-separator\">&ndash;<\/span><span class=\"aioseo-breadcrumb\">\n\tL\u00f6w deja a Boateng fuera de la convocatoria de la selecci\u00f3n alemana\n<\/span><\/div>","aioseo_breadcrumb_json":[{"label":"Home","link":"https:\/\/candas365.es\/noticias"},{"label":"Deporte","link":"https:\/\/candas365.es\/noticias\/category\/deporte\/"},{"label":"L\u00f6w deja a Boateng fuera de la convocatoria de la selecci\u00f3n alemana","link":"https:\/\/candas365.es\/noticias\/low-deja-a-boateng-fuera-de-la-convocatoria-de-la-seleccion-alemana\/"}],"_links":{"self":[{"href":"https:\/\/candas365.es\/noticias\/wp-json\/wp\/v2\/posts\/109588","targetHints":{"allow":["GET"]}}],"collection":[{"href":"https:\/\/candas365.es\/noticias\/wp-json\/wp\/v2\/posts"}],"about":[{"href":"https:\/\/candas365.es\/noticias\/wp-json\/wp\/v2\/types\/post"}],"author":[{"embeddable":true,"href":"https:\/\/candas365.es\/noticias\/wp-json\/wp\/v2\/users\/1"}],"replies":[{"embeddable":true,"href":"https:\/\/candas365.es\/noticias\/wp-json\/wp\/v2\/comments?post=109588"}],"version-history":[{"count":0,"href":"https:\/\/candas365.es\/noticias\/wp-json\/wp\/v2\/posts\/109588\/revisions"}],"wp:featuredmedia":[{"embeddable":true,"href":"https:\/\/candas365.es\/noticias\/wp-json\/wp\/v2\/media\/38927"}],"wp:attachment":[{"href":"https:\/\/candas365.es\/noticias\/wp-json\/wp\/v2\/media?parent=109588"}],"wp:term":[{"taxonomy":"category","embeddable":true,"href":"https:\/\/candas365.es\/noticias\/wp-json\/wp\/v2\/categories?post=109588"},{"taxonomy":"post_tag","embeddable":true,"href":"https:\/\/candas365.es\/noticias\/wp-json\/wp\/v2\/tags?post=109588"}],"curies":[{"name":"wp","href":"https:\/\/api.w.org\/{rel}","templated":true}]}}