{"id":109575,"date":"2018-11-10T06:25:44","date_gmt":"2018-11-10T06:25:44","guid":{"rendered":"http:\/\/candas365.es\/noticias\/?p=109575"},"modified":"2018-11-10T06:25:44","modified_gmt":"2018-11-10T06:25:44","slug":"gallardo-y-barros-schelotto-una-rivalidad-de-dos-decadas","status":"publish","type":"post","link":"https:\/\/candas365.es\/noticias\/gallardo-y-barros-schelotto-una-rivalidad-de-dos-decadas\/","title":{"rendered":"Gallardo y Barros Schelotto, una rivalidad de dos d\u00e9cadas"},"content":{"rendered":"<p><img fetchpriority=\"high\" decoding=\"async\" src=\"https:\/\/candas365.es\/noticias\/wp-content\/uploads\/2018\/06\/football-1406106_960_720-1-360x241.jpg\" alt=\"\" width=\"360\" height=\"241\" class=\"alignleft size-medium wp-image-98026\" srcset=\"https:\/\/candas365.es\/noticias\/wp-content\/uploads\/2018\/06\/football-1406106_960_720-1-360x241.jpg 360w, https:\/\/candas365.es\/noticias\/wp-content\/uploads\/2018\/06\/football-1406106_960_720-1-768x514.jpg 768w, https:\/\/candas365.es\/noticias\/wp-content\/uploads\/2018\/06\/football-1406106_960_720-1-655x439.jpg 655w, https:\/\/candas365.es\/noticias\/wp-content\/uploads\/2018\/06\/football-1406106_960_720-1-696x466.jpg 696w, https:\/\/candas365.es\/noticias\/wp-content\/uploads\/2018\/06\/football-1406106_960_720-1-627x420.jpg 627w, https:\/\/candas365.es\/noticias\/wp-content\/uploads\/2018\/06\/football-1406106_960_720-1.jpg 960w\" sizes=\"(max-width: 360px) 100vw, 360px\" \/>Buenos Aires, 8 nov (dpa) &#8211; La hist\u00f3rica final de la Copa Libertadores entre River Plate y Boca Juniors representar\u00e1 tambi\u00e9n un nuevo cap\u00edtulo, con seguridad el m\u00e1s trascendente, en la rivalidad entre Marcelo Gallardo y Guillermo Barros Schelotto, un duelo que comenz\u00f3 como futbolistas y que contin\u00faa en el rol de entrenadores.<\/p>\n<p>El \u00abMu\u00f1eco\u00bb Gallardo y el \u00abMellizo\u00bb Barros Schelotto se iniciaron como jugadores a inicios de los 90: el segundo, actual t\u00e9cnico de Boca, jug\u00f3 su primer partido oficial el 6 de octubre de 1991 vistiendo la camiseta de Gimnasia de La Plata, mientras que el entrenador de River lo hizo el 18 de abril de 1993, a los 17 a\u00f1os, con la casaca \u00abmillonaria\u00bb.<\/p>\n<p>Sus caminos estuvieron siempre separados excepto cuando en 1995 integraron el seleccionado argentino Sub 22 que logr\u00f3 la medalla de oro en los Juegos Panamericanos Mar del Plata 1995. M\u00e1s tarde volvieron a compartir el equipo \u00abalbiceleste\u00bb en partidos de las eliminatorias sudamericanas o amistosos. Despu\u00e9s, Barros Schelotto jug\u00f3 la Copa Am\u00e9rica de Paraguay 1999 y Gallardo los Mundiales de Francia 1998 y Corea\/Jap\u00f3n 2002.<\/p>\n<p>En 1997, el \u00abMellizo\u00bb lleg\u00f3 de Gimnasia a Boca y r\u00e1pidamente se convirti\u00f3 en figura, mientras Gallardo, que en 1996 hab\u00eda celebrado la Copa Libertadores, levantaba en s\u00f3lo 96 horas la Supercopa y el torneo Apertura de ese a\u00f1o.<\/p>\n<p>Como jugador, Gallardo disput\u00f3 17 \u00absupercl\u00e1sicos\u00bb (cuatro triunfos, seis empates y siete derrotas) y convirti\u00f3 tres goles, el primero de ellos un a\u00f1o despu\u00e9s del debut y en la Bombonera.<\/p>\n<p>A partir de 1998, con el arribo a Boca de Carlos Bianchi como entrenador, Barros Schelotto se transform\u00f3 en una pieza clave al integrar la delantera con Mart\u00edn Palermo. Con el paso de los a\u00f1os el \u00abMellizo\u00bb ser\u00eda el segundo jugador m\u00e1s ganador en la historia boquense: 16 t\u00edtulos en una d\u00e9cada.<\/p>\n<p>En ese lapso, jug\u00f3 ante River 18 partidos, en los que consigui\u00f3 seis triunfos, siete empates y cinco derrotas. Adem\u00e1s, anot\u00f3 cinco goles.<\/p>\n<p>En 2004, River y Boca se enfrentaron en las semifinales de la Copa Libertadores. En el primer partido, en la Bombonera, ambos protagonizaron una pelea generalizada en la que el \u00abMu\u00f1eco\u00bb fue expulsado por agredir al portero Roberto Abbondanzieri.<\/p>\n<p>Esa noche, Barros Schelotto golpe\u00f3 al preparador f\u00edsico Gabriel Macaya, pero el \u00e1rbitro del partido no lo advirti\u00f3 y pudo jugar el segundo encuentro, en el que Boca, tras perder 2-1 en el Monumental, avanz\u00f3 a la final al imponerse en los penales.<\/p>\n<p>Gallardo tuvo tres etapas como jugador de River: 1993-1999, 2003-2006 y 2009-2010. En el medio pas\u00f3 por M\u00f3naco y Par\u00eds Saint-Germain de Francia, DC United de Estados Unidos y Nacional de Uruguay, club en el que se despidi\u00f3 como futbolista y protagoniz\u00f3 su primera experiencia como entrenador.<\/p>\n<p>El 6 de junio de 2014 asumi\u00f3 al frente de River. Es en la actualidad el entrenador que m\u00e1s tiempo lleva en el puesto en la Primera Divisi\u00f3n de Argentina.<\/p>\n<p>Barros Schelotto, en tanto, comenz\u00f3 como t\u00e9cnico en 2012 en Lan\u00fas, siempre acompa\u00f1ado por su mellizo, Gustavo. El 2 de marzo de 2016 acept\u00f3 el cargo de entrenador de Boca.<\/p>\n<p>En lo que va del historial entre ambos como DT de River y Boca, Gallardo consigui\u00f3 cinco victorias y Barros Schelotto, tres. En dos ocasiones empataron.<\/p>\n<p>La \u00fanica final que los tuvo a ambos como entrenadores fue en marzo pasado, cuando River derrot\u00f3 2-0 a Boca y gan\u00f3 la Supercopa argentina en la ciudad de Mendoza, a unos 1.100 kil\u00f3metros al oeste de Buenos Aires.<\/p>\n<p>Ahora volver\u00e1n a verse las caras con el t\u00edtulo de la Libertadores en juego. La ida se jugar\u00e1 este s\u00e1bado en la Bombonera, mientras que el duelo de vuelta se disputar\u00e1 el 24 de noviembre en el Monumental.<\/p>\n<p>Por Gabriel Tu\u00f1ez (dpa)<\/p>\n","protected":false},"excerpt":{"rendered":"<p>Buenos Aires, 8 nov (dpa) &#8211; La hist\u00f3rica final de la Copa Libertadores entre River Plate y Boca Juniors representar\u00e1 tambi\u00e9n un nuevo cap\u00edtulo, con seguridad el m\u00e1s trascendente, en la rivalidad entre Marcelo Gallardo y Guillermo Barros Schelotto, un duelo que comenz\u00f3 como futbolistas y que contin\u00faa en el rol de entrenadores. El \u00abMu\u00f1eco\u00bb<\/p>\n","protected":false},"author":1,"featured_media":98026,"comment_status":"closed","ping_status":"closed","sticky":false,"template":"","format":"standard","meta":{"footnotes":""},"categories":[319],"tags":[],"class_list":{"0":"post-109575","1":"post","2":"type-post","3":"status-publish","4":"format-standard","5":"has-post-thumbnail","7":"category-deporte"},"aioseo_notices":[],"aioseo_head":"\n\t\t<!-- All in One SEO Pro 4.9.6.2 - aioseo.com -->\n\t<meta name=\"description\" content=\"Buenos Aires, 8 nov (dpa) - La hist\u00f3rica final de la Copa Libertadores entre River Plate y Boca Juniors representar\u00e1 tambi\u00e9n un nuevo cap\u00edtulo, con seguridad el m\u00e1s trascendente, en la rivalidad entre Marcelo Gallardo y Guillermo Barros Schelotto, un duelo que comenz\u00f3 como futbolistas y que contin\u00faa en el rol de entrenadores. El &quot;Mu\u00f1eco&quot;\" \/>\n\t<meta name=\"robots\" content=\"max-image-preview:large\" \/>\n\t<meta name=\"author\" content=\"Cand\u00e1s 365\"\/>\n\t<meta name=\"google-site-verification\" content=\"UA-32230408-1\" \/>\n\t<meta name=\"msvalidate.01\" content=\"354F3CDFB2DA171B47FBE9ABF1F88D5\" \/>\n\t<meta name=\"keywords\" content=\"deporte\" \/>\n\t<link rel=\"canonical\" href=\"https:\/\/candas365.es\/noticias\/gallardo-y-barros-schelotto-una-rivalidad-de-dos-decadas\/\" \/>\n\t<meta name=\"generator\" content=\"All in One SEO Pro (AIOSEO) 4.9.6.2\" \/>\n\t\t<meta property=\"og:locale\" content=\"es_ES\" \/>\n\t\t<meta property=\"og:site_name\" content=\"Cand\u00e1s 365\" \/>\n\t\t<meta property=\"og:type\" content=\"article\" \/>\n\t\t<meta property=\"og:title\" content=\"Gallardo y Barros Schelotto, una rivalidad de dos d\u00e9cadas | Cand\u00e1s 365\" \/>\n\t\t<meta property=\"og:description\" content=\"Buenos Aires, 8 nov (dpa) - La hist\u00f3rica final de la Copa Libertadores entre River Plate y Boca Juniors representar\u00e1 tambi\u00e9n un nuevo cap\u00edtulo, con seguridad el m\u00e1s trascendente, en la rivalidad entre Marcelo Gallardo y Guillermo Barros Schelotto, un duelo que comenz\u00f3 como futbolistas y que contin\u00faa en el rol de entrenadores. El &quot;Mu\u00f1eco&quot;\" \/>\n\t\t<meta property=\"og:url\" content=\"https:\/\/candas365.es\/noticias\/gallardo-y-barros-schelotto-una-rivalidad-de-dos-decadas\/\" \/>\n\t\t<meta property=\"og:image\" content=\"https:\/\/candas365.es\/noticias\/wp-content\/uploads\/2018\/06\/football-1406106_960_720-1.jpg\" \/>\n\t\t<meta property=\"og:image:secure_url\" content=\"https:\/\/candas365.es\/noticias\/wp-content\/uploads\/2018\/06\/football-1406106_960_720-1.jpg\" \/>\n\t\t<meta property=\"og:image:width\" content=\"960\" \/>\n\t\t<meta property=\"og:image:height\" content=\"643\" \/>\n\t\t<meta property=\"article:published_time\" content=\"2018-11-10T06:25:44+00:00\" \/>\n\t\t<meta property=\"article:modified_time\" content=\"2018-11-10T06:25:44+00:00\" \/>\n\t\t<meta property=\"article:publisher\" content=\"https:\/\/www.facebook.com\/Nachofdezber\" \/>\n\t\t<meta property=\"article:author\" content=\"https:\/\/www.facebook.com\/carrenoactualidad\" \/>\n\t\t<meta name=\"twitter:card\" content=\"summary_large_image\" \/>\n\t\t<meta name=\"twitter:site\" content=\"@NabercoDigital\" \/>\n\t\t<meta name=\"twitter:title\" content=\"Gallardo y Barros Schelotto, una rivalidad de dos d\u00e9cadas | Cand\u00e1s 365\" \/>\n\t\t<meta name=\"twitter:description\" content=\"Buenos Aires, 8 nov (dpa) - La hist\u00f3rica final de la Copa Libertadores entre River Plate y Boca Juniors representar\u00e1 tambi\u00e9n un nuevo cap\u00edtulo, con seguridad el m\u00e1s trascendente, en la rivalidad entre Marcelo Gallardo y Guillermo Barros Schelotto, un duelo que comenz\u00f3 como futbolistas y que contin\u00faa en el rol de entrenadores. El &quot;Mu\u00f1eco&quot;\" \/>\n\t\t<meta name=\"twitter:creator\" content=\"@nbasturias\" \/>\n\t\t<meta name=\"twitter:image\" content=\"https:\/\/candas365.es\/noticias\/wp-content\/uploads\/2018\/06\/football-1406106_960_720-1.jpg\" \/>\n\t\t<meta name=\"twitter:label1\" content=\"Escrito por\" \/>\n\t\t<meta name=\"twitter:data1\" content=\"Cand\u00e1s 365\" \/>\n\t\t<meta name=\"twitter:label2\" content=\"Tiempo de lectura estimado\" \/>\n\t\t<meta name=\"twitter:data2\" content=\"3 minutos\" \/>\n\t\t<script type=\"application\/ld+json\" class=\"aioseo-schema\">\n\t\t\t{\"@context\":\"https:\\\/\\\/schema.org\",\"@graph\":[{\"@type\":\"BreadcrumbList\",\"@id\":\"https:\\\/\\\/candas365.es\\\/noticias\\\/gallardo-y-barros-schelotto-una-rivalidad-de-dos-decadas\\\/#breadcrumblist\",\"itemListElement\":[{\"@type\":\"ListItem\",\"@id\":\"https:\\\/\\\/candas365.es\\\/noticias#listItem\",\"position\":1,\"name\":\"Home\",\"item\":\"https:\\\/\\\/candas365.es\\\/noticias\",\"nextItem\":{\"@type\":\"ListItem\",\"@id\":\"https:\\\/\\\/candas365.es\\\/noticias\\\/category\\\/deporte\\\/#listItem\",\"name\":\"Deporte\"}},{\"@type\":\"ListItem\",\"@id\":\"https:\\\/\\\/candas365.es\\\/noticias\\\/category\\\/deporte\\\/#listItem\",\"position\":2,\"name\":\"Deporte\",\"item\":\"https:\\\/\\\/candas365.es\\\/noticias\\\/category\\\/deporte\\\/\",\"nextItem\":{\"@type\":\"ListItem\",\"@id\":\"https:\\\/\\\/candas365.es\\\/noticias\\\/gallardo-y-barros-schelotto-una-rivalidad-de-dos-decadas\\\/#listItem\",\"name\":\"Gallardo y Barros Schelotto, una rivalidad de dos d\\u00e9cadas\"},\"previousItem\":{\"@type\":\"ListItem\",\"@id\":\"https:\\\/\\\/candas365.es\\\/noticias#listItem\",\"name\":\"Home\"}},{\"@type\":\"ListItem\",\"@id\":\"https:\\\/\\\/candas365.es\\\/noticias\\\/gallardo-y-barros-schelotto-una-rivalidad-de-dos-decadas\\\/#listItem\",\"position\":3,\"name\":\"Gallardo y Barros Schelotto, una rivalidad de dos d\\u00e9cadas\",\"previousItem\":{\"@type\":\"ListItem\",\"@id\":\"https:\\\/\\\/candas365.es\\\/noticias\\\/category\\\/deporte\\\/#listItem\",\"name\":\"Deporte\"}}]},{\"@type\":\"NewsArticle\",\"@id\":\"https:\\\/\\\/candas365.es\\\/noticias\\\/gallardo-y-barros-schelotto-una-rivalidad-de-dos-decadas\\\/#newsarticle\",\"name\":\"Gallardo y Barros Schelotto, una rivalidad de dos d\\u00e9cadas | Cand\\u00e1s 365\",\"headline\":\"Gallardo y Barros Schelotto, una rivalidad de dos d\\u00e9cadas\",\"author\":{\"@id\":\"https:\\\/\\\/candas365.es\\\/noticias\\\/author\\\/admin\\\/#author\"},\"publisher\":{\"@id\":\"https:\\\/\\\/candas365.es\\\/noticias\\\/#organization\"},\"image\":{\"@type\":\"ImageObject\",\"url\":\"https:\\\/\\\/candas365.es\\\/noticias\\\/wp-content\\\/uploads\\\/2018\\\/06\\\/football-1406106_960_720-1.jpg\",\"width\":960,\"height\":643},\"datePublished\":\"2018-11-10T06:25:44+01:00\",\"dateModified\":\"2018-11-10T06:25:44+01:00\",\"inLanguage\":\"es-ES\",\"mainEntityOfPage\":{\"@id\":\"https:\\\/\\\/candas365.es\\\/noticias\\\/gallardo-y-barros-schelotto-una-rivalidad-de-dos-decadas\\\/#webpage\"},\"isPartOf\":{\"@id\":\"https:\\\/\\\/candas365.es\\\/noticias\\\/gallardo-y-barros-schelotto-una-rivalidad-de-dos-decadas\\\/#webpage\"},\"articleSection\":\"Deporte\",\"dateline\":\"Publicado el noviembre 10, 2018.\"},{\"@type\":\"Organization\",\"@id\":\"https:\\\/\\\/candas365.es\\\/noticias\\\/#organization\",\"name\":\"Cand\\u00e1s 365\",\"description\":\"Cand\\u00e1s 365 es un diario digital independiente, fundado en 2012, con base en Asturias. Informamos con rigor sobre actualidad, sociedad, cultura y ocio, con una mirada local y global.\",\"url\":\"https:\\\/\\\/candas365.es\\\/noticias\\\/\",\"email\":\"info@candas365.es\",\"telephone\":\"+34652131393\",\"foundingDate\":\"2012-06-10\",\"logo\":{\"@type\":\"ImageObject\",\"url\":\"https:\\\/\\\/candas365.es\\\/noticias\\\/wp-content\\\/uploads\\\/2024\\\/09\\\/Candas-365-Redes.jpg\",\"@id\":\"https:\\\/\\\/candas365.es\\\/noticias\\\/gallardo-y-barros-schelotto-una-rivalidad-de-dos-decadas\\\/#organizationLogo\",\"width\":1152,\"height\":864,\"caption\":\"Cand\\u00e1s 365 Redes\"},\"image\":{\"@id\":\"https:\\\/\\\/candas365.es\\\/noticias\\\/gallardo-y-barros-schelotto-una-rivalidad-de-dos-decadas\\\/#organizationLogo\"},\"sameAs\":[\"https:\\\/\\\/www.facebook.com\\\/Nachofdezber\",\"https:\\\/\\\/x.com\\\/NabercoDigital\",\"https:\\\/\\\/www.instagram.com\\\/nachofdezber\\\/\",\"https:\\\/\\\/www.youtube.com\\\/channel\\\/UCZP-2wLEB9Rv6erhFmqVnvg\"],\"address\":{\"@id\":\"https:\\\/\\\/candas365.es\\\/noticias\\\/#postaladdress\",\"@type\":\"PostalAddress\",\"streetAddress\":\"san antonio 4, san antonio 4\",\"postalCode\":\"33430\",\"addressLocality\":\"Cand\\u00e1s\",\"addressRegion\":\"Asturias\",\"addressCountry\":\"ES\"}},{\"@type\":\"Person\",\"@id\":\"https:\\\/\\\/candas365.es\\\/noticias\\\/author\\\/admin\\\/#author\",\"url\":\"https:\\\/\\\/candas365.es\\\/noticias\\\/author\\\/admin\\\/\",\"name\":\"Cand\\u00e1s 365\",\"image\":{\"@type\":\"ImageObject\",\"@id\":\"https:\\\/\\\/candas365.es\\\/noticias\\\/gallardo-y-barros-schelotto-una-rivalidad-de-dos-decadas\\\/#authorImage\",\"url\":\"https:\\\/\\\/secure.gravatar.com\\\/avatar\\\/496a8e03d0c493ede1718b7934145dbdf8d89be1036b0eec9544e1094c9de390?s=96&d=mm&r=g\",\"width\":96,\"height\":96,\"caption\":\"Cand\\u00e1s 365\"},\"sameAs\":[\"https:\\\/\\\/www.facebook.com\\\/carrenoactualidad\",\"https:\\\/\\\/twitter.com\\\/nbasturias\",\"https:\\\/\\\/www.instagram.com\\\/nachofdezber\\\/\",\"https:\\\/\\\/www.youtube.com\\\/channel\\\/UCZP-2wLEB9Rv6erhFmqVnvg\"]},{\"@type\":\"WebPage\",\"@id\":\"https:\\\/\\\/candas365.es\\\/noticias\\\/gallardo-y-barros-schelotto-una-rivalidad-de-dos-decadas\\\/#webpage\",\"url\":\"https:\\\/\\\/candas365.es\\\/noticias\\\/gallardo-y-barros-schelotto-una-rivalidad-de-dos-decadas\\\/\",\"name\":\"Gallardo y Barros Schelotto, una rivalidad de dos d\\u00e9cadas | Cand\\u00e1s 365\",\"description\":\"Buenos Aires, 8 nov (dpa) - La hist\\u00f3rica final de la Copa Libertadores entre River Plate y Boca Juniors representar\\u00e1 tambi\\u00e9n un nuevo cap\\u00edtulo, con seguridad el m\\u00e1s trascendente, en la rivalidad entre Marcelo Gallardo y Guillermo Barros Schelotto, un duelo que comenz\\u00f3 como futbolistas y que contin\\u00faa en el rol de entrenadores. El \\\"Mu\\u00f1eco\\\"\",\"inLanguage\":\"es-ES\",\"isPartOf\":{\"@id\":\"https:\\\/\\\/candas365.es\\\/noticias\\\/#website\"},\"breadcrumb\":{\"@id\":\"https:\\\/\\\/candas365.es\\\/noticias\\\/gallardo-y-barros-schelotto-una-rivalidad-de-dos-decadas\\\/#breadcrumblist\"},\"author\":{\"@id\":\"https:\\\/\\\/candas365.es\\\/noticias\\\/author\\\/admin\\\/#author\"},\"creator\":{\"@id\":\"https:\\\/\\\/candas365.es\\\/noticias\\\/author\\\/admin\\\/#author\"},\"image\":{\"@type\":\"ImageObject\",\"url\":\"https:\\\/\\\/candas365.es\\\/noticias\\\/wp-content\\\/uploads\\\/2018\\\/06\\\/football-1406106_960_720-1.jpg\",\"@id\":\"https:\\\/\\\/candas365.es\\\/noticias\\\/gallardo-y-barros-schelotto-una-rivalidad-de-dos-decadas\\\/#mainImage\",\"width\":960,\"height\":643},\"primaryImageOfPage\":{\"@id\":\"https:\\\/\\\/candas365.es\\\/noticias\\\/gallardo-y-barros-schelotto-una-rivalidad-de-dos-decadas\\\/#mainImage\"},\"datePublished\":\"2018-11-10T06:25:44+01:00\",\"dateModified\":\"2018-11-10T06:25:44+01:00\"},{\"@type\":\"WebSite\",\"@id\":\"https:\\\/\\\/candas365.es\\\/noticias\\\/#website\",\"url\":\"https:\\\/\\\/candas365.es\\\/noticias\\\/\",\"name\":\"Cand\\u00e1s 365\",\"alternateName\":\"Cand\\u00e1s 365 Noticias\",\"description\":\"Actualidad desde Carre\\u00f1o para el mundo\",\"inLanguage\":\"es-ES\",\"publisher\":{\"@id\":\"https:\\\/\\\/candas365.es\\\/noticias\\\/#organization\"}}]}\n\t\t<\/script>\n\t\t<!-- All in One SEO Pro -->\r\n\t\t<title>Gallardo y Barros Schelotto, una rivalidad de dos d\u00e9cadas | Cand\u00e1s 365<\/title>\n\n","aioseo_head_json":{"title":"Gallardo y Barros Schelotto, una rivalidad de dos d\u00e9cadas | Cand\u00e1s 365","description":"Buenos Aires, 8 nov (dpa) - La hist\u00f3rica final de la Copa Libertadores entre River Plate y Boca Juniors representar\u00e1 tambi\u00e9n un nuevo cap\u00edtulo, con seguridad el m\u00e1s trascendente, en la rivalidad entre Marcelo Gallardo y Guillermo Barros Schelotto, un duelo que comenz\u00f3 como futbolistas y que contin\u00faa en el rol de entrenadores. El \"Mu\u00f1eco\"","canonical_url":"https:\/\/candas365.es\/noticias\/gallardo-y-barros-schelotto-una-rivalidad-de-dos-decadas\/","robots":"max-image-preview:large","keywords":"deporte","webmasterTools":{"google-site-verification":"UA-32230408-1","msvalidate.01":"354F3CDFB2DA171B47FBE9ABF1F88D5","miscellaneous":""},"schema":{"@context":"https:\/\/schema.org","@graph":[{"@type":"BreadcrumbList","@id":"https:\/\/candas365.es\/noticias\/gallardo-y-barros-schelotto-una-rivalidad-de-dos-decadas\/#breadcrumblist","itemListElement":[{"@type":"ListItem","@id":"https:\/\/candas365.es\/noticias#listItem","position":1,"name":"Home","item":"https:\/\/candas365.es\/noticias","nextItem":{"@type":"ListItem","@id":"https:\/\/candas365.es\/noticias\/category\/deporte\/#listItem","name":"Deporte"}},{"@type":"ListItem","@id":"https:\/\/candas365.es\/noticias\/category\/deporte\/#listItem","position":2,"name":"Deporte","item":"https:\/\/candas365.es\/noticias\/category\/deporte\/","nextItem":{"@type":"ListItem","@id":"https:\/\/candas365.es\/noticias\/gallardo-y-barros-schelotto-una-rivalidad-de-dos-decadas\/#listItem","name":"Gallardo y Barros Schelotto, una rivalidad de dos d\u00e9cadas"},"previousItem":{"@type":"ListItem","@id":"https:\/\/candas365.es\/noticias#listItem","name":"Home"}},{"@type":"ListItem","@id":"https:\/\/candas365.es\/noticias\/gallardo-y-barros-schelotto-una-rivalidad-de-dos-decadas\/#listItem","position":3,"name":"Gallardo y Barros Schelotto, una rivalidad de dos d\u00e9cadas","previousItem":{"@type":"ListItem","@id":"https:\/\/candas365.es\/noticias\/category\/deporte\/#listItem","name":"Deporte"}}]},{"@type":"NewsArticle","@id":"https:\/\/candas365.es\/noticias\/gallardo-y-barros-schelotto-una-rivalidad-de-dos-decadas\/#newsarticle","name":"Gallardo y Barros Schelotto, una rivalidad de dos d\u00e9cadas | Cand\u00e1s 365","headline":"Gallardo y Barros Schelotto, una rivalidad de dos d\u00e9cadas","author":{"@id":"https:\/\/candas365.es\/noticias\/author\/admin\/#author"},"publisher":{"@id":"https:\/\/candas365.es\/noticias\/#organization"},"image":{"@type":"ImageObject","url":"https:\/\/candas365.es\/noticias\/wp-content\/uploads\/2018\/06\/football-1406106_960_720-1.jpg","width":960,"height":643},"datePublished":"2018-11-10T06:25:44+01:00","dateModified":"2018-11-10T06:25:44+01:00","inLanguage":"es-ES","mainEntityOfPage":{"@id":"https:\/\/candas365.es\/noticias\/gallardo-y-barros-schelotto-una-rivalidad-de-dos-decadas\/#webpage"},"isPartOf":{"@id":"https:\/\/candas365.es\/noticias\/gallardo-y-barros-schelotto-una-rivalidad-de-dos-decadas\/#webpage"},"articleSection":"Deporte","dateline":"Publicado el noviembre 10, 2018."},{"@type":"Organization","@id":"https:\/\/candas365.es\/noticias\/#organization","name":"Cand\u00e1s 365","description":"Cand\u00e1s 365 es un diario digital independiente, fundado en 2012, con base en Asturias. Informamos con rigor sobre actualidad, sociedad, cultura y ocio, con una mirada local y global.","url":"https:\/\/candas365.es\/noticias\/","email":"info@candas365.es","telephone":"+34652131393","foundingDate":"2012-06-10","logo":{"@type":"ImageObject","url":"https:\/\/candas365.es\/noticias\/wp-content\/uploads\/2024\/09\/Candas-365-Redes.jpg","@id":"https:\/\/candas365.es\/noticias\/gallardo-y-barros-schelotto-una-rivalidad-de-dos-decadas\/#organizationLogo","width":1152,"height":864,"caption":"Cand\u00e1s 365 Redes"},"image":{"@id":"https:\/\/candas365.es\/noticias\/gallardo-y-barros-schelotto-una-rivalidad-de-dos-decadas\/#organizationLogo"},"sameAs":["https:\/\/www.facebook.com\/Nachofdezber","https:\/\/x.com\/NabercoDigital","https:\/\/www.instagram.com\/nachofdezber\/","https:\/\/www.youtube.com\/channel\/UCZP-2wLEB9Rv6erhFmqVnvg"],"address":{"@id":"https:\/\/candas365.es\/noticias\/#postaladdress","@type":"PostalAddress","streetAddress":"san antonio 4, san antonio 4","postalCode":"33430","addressLocality":"Cand\u00e1s","addressRegion":"Asturias","addressCountry":"ES"}},{"@type":"Person","@id":"https:\/\/candas365.es\/noticias\/author\/admin\/#author","url":"https:\/\/candas365.es\/noticias\/author\/admin\/","name":"Cand\u00e1s 365","image":{"@type":"ImageObject","@id":"https:\/\/candas365.es\/noticias\/gallardo-y-barros-schelotto-una-rivalidad-de-dos-decadas\/#authorImage","url":"https:\/\/secure.gravatar.com\/avatar\/496a8e03d0c493ede1718b7934145dbdf8d89be1036b0eec9544e1094c9de390?s=96&d=mm&r=g","width":96,"height":96,"caption":"Cand\u00e1s 365"},"sameAs":["https:\/\/www.facebook.com\/carrenoactualidad","https:\/\/twitter.com\/nbasturias","https:\/\/www.instagram.com\/nachofdezber\/","https:\/\/www.youtube.com\/channel\/UCZP-2wLEB9Rv6erhFmqVnvg"]},{"@type":"WebPage","@id":"https:\/\/candas365.es\/noticias\/gallardo-y-barros-schelotto-una-rivalidad-de-dos-decadas\/#webpage","url":"https:\/\/candas365.es\/noticias\/gallardo-y-barros-schelotto-una-rivalidad-de-dos-decadas\/","name":"Gallardo y Barros Schelotto, una rivalidad de dos d\u00e9cadas | Cand\u00e1s 365","description":"Buenos Aires, 8 nov (dpa) - La hist\u00f3rica final de la Copa Libertadores entre River Plate y Boca Juniors representar\u00e1 tambi\u00e9n un nuevo cap\u00edtulo, con seguridad el m\u00e1s trascendente, en la rivalidad entre Marcelo Gallardo y Guillermo Barros Schelotto, un duelo que comenz\u00f3 como futbolistas y que contin\u00faa en el rol de entrenadores. El \"Mu\u00f1eco\"","inLanguage":"es-ES","isPartOf":{"@id":"https:\/\/candas365.es\/noticias\/#website"},"breadcrumb":{"@id":"https:\/\/candas365.es\/noticias\/gallardo-y-barros-schelotto-una-rivalidad-de-dos-decadas\/#breadcrumblist"},"author":{"@id":"https:\/\/candas365.es\/noticias\/author\/admin\/#author"},"creator":{"@id":"https:\/\/candas365.es\/noticias\/author\/admin\/#author"},"image":{"@type":"ImageObject","url":"https:\/\/candas365.es\/noticias\/wp-content\/uploads\/2018\/06\/football-1406106_960_720-1.jpg","@id":"https:\/\/candas365.es\/noticias\/gallardo-y-barros-schelotto-una-rivalidad-de-dos-decadas\/#mainImage","width":960,"height":643},"primaryImageOfPage":{"@id":"https:\/\/candas365.es\/noticias\/gallardo-y-barros-schelotto-una-rivalidad-de-dos-decadas\/#mainImage"},"datePublished":"2018-11-10T06:25:44+01:00","dateModified":"2018-11-10T06:25:44+01:00"},{"@type":"WebSite","@id":"https:\/\/candas365.es\/noticias\/#website","url":"https:\/\/candas365.es\/noticias\/","name":"Cand\u00e1s 365","alternateName":"Cand\u00e1s 365 Noticias","description":"Actualidad desde Carre\u00f1o para el mundo","inLanguage":"es-ES","publisher":{"@id":"https:\/\/candas365.es\/noticias\/#organization"}}]},"og:locale":"es_ES","og:site_name":"Cand\u00e1s 365","og:type":"article","og:title":"Gallardo y Barros Schelotto, una rivalidad de dos d\u00e9cadas | Cand\u00e1s 365","og:description":"Buenos Aires, 8 nov (dpa) - La hist\u00f3rica final de la Copa Libertadores entre River Plate y Boca Juniors representar\u00e1 tambi\u00e9n un nuevo cap\u00edtulo, con seguridad el m\u00e1s trascendente, en la rivalidad entre Marcelo Gallardo y Guillermo Barros Schelotto, un duelo que comenz\u00f3 como futbolistas y que contin\u00faa en el rol de entrenadores. El &quot;Mu\u00f1eco&quot;","og:url":"https:\/\/candas365.es\/noticias\/gallardo-y-barros-schelotto-una-rivalidad-de-dos-decadas\/","og:image":"https:\/\/candas365.es\/noticias\/wp-content\/uploads\/2018\/06\/football-1406106_960_720-1.jpg","og:image:secure_url":"https:\/\/candas365.es\/noticias\/wp-content\/uploads\/2018\/06\/football-1406106_960_720-1.jpg","og:image:width":960,"og:image:height":643,"article:published_time":"2018-11-10T06:25:44+00:00","article:modified_time":"2018-11-10T06:25:44+00:00","article:publisher":"https:\/\/www.facebook.com\/Nachofdezber","article:author":"https:\/\/www.facebook.com\/carrenoactualidad","twitter:card":"summary_large_image","twitter:site":"@NabercoDigital","twitter:title":"Gallardo y Barros Schelotto, una rivalidad de dos d\u00e9cadas | Cand\u00e1s 365","twitter:description":"Buenos Aires, 8 nov (dpa) - La hist\u00f3rica final de la Copa Libertadores entre River Plate y Boca Juniors representar\u00e1 tambi\u00e9n un nuevo cap\u00edtulo, con seguridad el m\u00e1s trascendente, en la rivalidad entre Marcelo Gallardo y Guillermo Barros Schelotto, un duelo que comenz\u00f3 como futbolistas y que contin\u00faa en el rol de entrenadores. El &quot;Mu\u00f1eco&quot;","twitter:creator":"@nbasturias","twitter:image":"https:\/\/candas365.es\/noticias\/wp-content\/uploads\/2018\/06\/football-1406106_960_720-1.jpg","twitter:label1":"Escrito por","twitter:data1":"Cand\u00e1s 365","twitter:label2":"Tiempo de lectura estimado","twitter:data2":"3 minutos"},"aioseo_meta_data":{"post_id":"109575","title":null,"description":null,"keywords":null,"keyphrases":null,"primary_term":null,"canonical_url":null,"og_title":null,"og_description":null,"og_object_type":"default","og_image_type":"default","og_image_url":null,"og_image_width":null,"og_image_height":null,"og_image_custom_url":null,"og_image_custom_fields":null,"og_video":null,"og_custom_url":null,"og_article_section":null,"og_article_tags":null,"twitter_use_og":false,"twitter_card":"default","twitter_image_type":"default","twitter_image_url":null,"twitter_image_custom_url":null,"twitter_image_custom_fields":null,"twitter_title":null,"twitter_description":null,"schema":{"blockGraphs":[],"customGraphs":[],"default":{"data":{"Article":[],"Course":[],"Dataset":[],"FAQPage":[],"Movie":[],"Person":[],"Product":[],"ProductReview":[],"Car":[],"Recipe":[],"Service":[],"SoftwareApplication":[],"WebPage":[]},"graphName":"","isEnabled":true},"graphs":[],"defaultGraph":"","defaultPostTypeGraph":""},"schema_type":null,"schema_type_options":null,"pillar_content":false,"robots_default":true,"robots_noindex":false,"robots_noarchive":false,"robots_nosnippet":false,"robots_nofollow":false,"robots_noimageindex":false,"robots_noodp":false,"robots_notranslate":false,"robots_max_snippet":null,"robots_max_videopreview":null,"robots_max_imagepreview":"large","priority":null,"frequency":null,"location":null,"local_seo":null,"seo_analyzer_scan_date":"2025-08-28 10:09:16","breadcrumb_settings":null,"limit_modified_date":false,"reviewed_by":null,"open_ai":null,"ai":null,"created":"2020-12-21 11:39:14","updated":"2025-08-28 10:09:16"},"aioseo_breadcrumb":"<div class=\"aioseo-breadcrumbs\"><span class=\"aioseo-breadcrumb\">\n\t<a href=\"https:\/\/candas365.es\/noticias\" title=\"Home\">Home<\/a>\n<\/span><span class=\"aioseo-breadcrumb-separator\">&ndash;<\/span><span class=\"aioseo-breadcrumb\">\n\t<a href=\"https:\/\/candas365.es\/noticias\/category\/deporte\/\" title=\"Deporte\">Deporte<\/a>\n<\/span><span class=\"aioseo-breadcrumb-separator\">&ndash;<\/span><span class=\"aioseo-breadcrumb\">\n\tGallardo y Barros Schelotto, una rivalidad de dos d\u00e9cadas\n<\/span><\/div>","aioseo_breadcrumb_json":[{"label":"Home","link":"https:\/\/candas365.es\/noticias"},{"label":"Deporte","link":"https:\/\/candas365.es\/noticias\/category\/deporte\/"},{"label":"Gallardo y Barros Schelotto, una rivalidad de dos d\u00e9cadas","link":"https:\/\/candas365.es\/noticias\/gallardo-y-barros-schelotto-una-rivalidad-de-dos-decadas\/"}],"_links":{"self":[{"href":"https:\/\/candas365.es\/noticias\/wp-json\/wp\/v2\/posts\/109575","targetHints":{"allow":["GET"]}}],"collection":[{"href":"https:\/\/candas365.es\/noticias\/wp-json\/wp\/v2\/posts"}],"about":[{"href":"https:\/\/candas365.es\/noticias\/wp-json\/wp\/v2\/types\/post"}],"author":[{"embeddable":true,"href":"https:\/\/candas365.es\/noticias\/wp-json\/wp\/v2\/users\/1"}],"replies":[{"embeddable":true,"href":"https:\/\/candas365.es\/noticias\/wp-json\/wp\/v2\/comments?post=109575"}],"version-history":[{"count":0,"href":"https:\/\/candas365.es\/noticias\/wp-json\/wp\/v2\/posts\/109575\/revisions"}],"wp:featuredmedia":[{"embeddable":true,"href":"https:\/\/candas365.es\/noticias\/wp-json\/wp\/v2\/media\/98026"}],"wp:attachment":[{"href":"https:\/\/candas365.es\/noticias\/wp-json\/wp\/v2\/media?parent=109575"}],"wp:term":[{"taxonomy":"category","embeddable":true,"href":"https:\/\/candas365.es\/noticias\/wp-json\/wp\/v2\/categories?post=109575"},{"taxonomy":"post_tag","embeddable":true,"href":"https:\/\/candas365.es\/noticias\/wp-json\/wp\/v2\/tags?post=109575"}],"curies":[{"name":"wp","href":"https:\/\/api.w.org\/{rel}","templated":true}]}}