{"id":109571,"date":"2018-11-10T05:53:41","date_gmt":"2018-11-10T05:53:41","guid":{"rendered":"http:\/\/candas365.es\/noticias\/?p=109571"},"modified":"2018-11-10T05:53:41","modified_gmt":"2018-11-10T05:53:41","slug":"solari-y-el-celta-parada-final-o-continuacion-del-trayecto","status":"publish","type":"post","link":"https:\/\/candas365.es\/noticias\/solari-y-el-celta-parada-final-o-continuacion-del-trayecto\/","title":{"rendered":"Solari y el Celta: \u00bfParada final o continuaci\u00f3n del trayecto?"},"content":{"rendered":"<p><img fetchpriority=\"high\" decoding=\"async\" src=\"https:\/\/candas365.es\/noticias\/wp-content\/uploads\/2018\/04\/stadium-1813343_960_720-360x239.jpg\" alt=\"\" width=\"360\" height=\"239\" class=\"alignleft size-medium wp-image-94788\" srcset=\"https:\/\/candas365.es\/noticias\/wp-content\/uploads\/2018\/04\/stadium-1813343_960_720-360x239.jpg 360w, https:\/\/candas365.es\/noticias\/wp-content\/uploads\/2018\/04\/stadium-1813343_960_720-768x510.jpg 768w, https:\/\/candas365.es\/noticias\/wp-content\/uploads\/2018\/04\/stadium-1813343_960_720-655x435.jpg 655w, https:\/\/candas365.es\/noticias\/wp-content\/uploads\/2018\/04\/stadium-1813343_960_720-696x463.jpg 696w, https:\/\/candas365.es\/noticias\/wp-content\/uploads\/2018\/04\/stadium-1813343_960_720-632x420.jpg 632w, https:\/\/candas365.es\/noticias\/wp-content\/uploads\/2018\/04\/stadium-1813343_960_720.jpg 960w\" sizes=\"(max-width: 360px) 100vw, 360px\" \/>Madrid, 8 nov (dpa) &#8211; No hay m\u00e1s partidos de interinidad: el Real Madrid deber\u00e1 decidir a partir del domingo si da por finalizada la \u00e9poca de transici\u00f3n con Santiago Solari como t\u00e9cnico o si por el contrario confirma al argentino como su entrenador tras los \u00faltimos \u00abbrotes verdes\u00bb detectados.<\/p>\n<p>Ser\u00e1 en Vigo ante el Celta de su compatriota Antonio Mohamed cuando Solari viva el final de una etapa, la que le llev\u00f3 a ocupar el banquillo del equipo blanco durante cuatro partidos, y qui\u00e9n sabe si el comienzo de otra. La Federaci\u00f3n Espa\u00f1ola de F\u00fatbol contempla dos semanas de plazo para cualquier caso de interinidad y \u00e9stas se cumplen en el pr\u00f3ximo encuentro.<\/p>\n<p>Lo cierto es que Solari cumpli\u00f3 con el objetivo a corto plazo: reanimar al enfermo. Fueron tres victorias en otros tantos partidos, cada uno de una competici\u00f3n diferente, para un balance de 11 goles a favor y ninguno en contra.<\/p>\n<p>En este tiempo, pocas incursiones t\u00e1cticas le dio tiempo a hacer, pero dos aspectos se hicieron muy visibles en comparaci\u00f3n con la \u00e9poca de Julen Lopetegui, su predecesor: los goles y la suerte.<\/p>\n<p>Si el s\u00e1bado el Real Madrid gan\u00f3 2-0 al Valladolid tras recibir dos balones en los palos, el mi\u00e9rcoles el rival de lo blancos, en este caso el Viktoria Plzen, volvi\u00f3 a probar el sabor de la madera antes de que el conjunto de Solari se desatara en ataque para acabar venciendo por 5-0 con varios goles espl\u00e9ndidos.<\/p>\n<p>Necesitaba al Real Madrid esta terapia de choque a la espera de mejores argumentos para valorar la eventual mejor\u00eda de un equipo que centr\u00f3 sus primeros pasos en resultados con los que mejorar su autoestima.<\/p>\n<p>Lo que s\u00ed es incuestionable es que Solari conoce lo que necesita o\u00edr un futbolista, como demostr\u00f3 con sus declaraciones tras la goleada: \u00abSon los jugadores los que hacen un partido as\u00ed de serio y merecen esta victoria. Ellos son los que juegan, los que entrenan, los que ganan, no yo\u00bb.<\/p>\n<p>Y agreg\u00f3: \u00abEl m\u00e9rito es de los jugadores, ellos son capaces de llegar adonde quieran llegar, no tiene techo\u00bb.<\/p>\n<p>Es cierto que el argentino tuvo que tomar varias decisiones en este tramo y una de las m\u00e1s interesantes fue ver su decidida apuesta por Thibaut Courtois como arquero frente a la tibieza de Lopetegui, quien le dio partidos de Liga de Campeones y Liga espa\u00f1ola a Keylor Navas.<\/p>\n<p>Adem\u00e1s, en estos encuentros tampoco tuvo empacho en relegar a la suplencia a \u00abpesos pesados\u00bb del vestuario como Isco, Marco Asensio o Luka Modric, adem\u00e1s del citado Navas. Y de reafirmar su apuesta por los criticados Gareth Bale y Karim Benzema como su pareja atacante.<\/p>\n<p>Pero es muy pronto para adivinar cu\u00e1les pueden ser las l\u00edneas maestras de un entrenador que tuvo delante a rivales poco exigentes y que todav\u00eda est\u00e1 pendiente de ver si sigue o no. El encuentro del Celta debe definir su situaci\u00f3n.<\/p>\n<p>Ahora mismo, la corriente de opini\u00f3n es favorable a la continuidad del argentino, pero una derrota inapelable en Vigo reabrir\u00eda sin duda el debate sobre su continuidad o no. Y m\u00e1s si se tiene en cuenta que las fechas FIFA provocar\u00e1n un par\u00f3n de dos semanas: mucho tiempo para la meditaci\u00f3n de Florentino P\u00e9rez, su presidente.<\/p>\n<p>Otra cosa ser\u00eda un triunfo del Real Madrid, probablemente una carta en blanco para la continuidad de Solari. As\u00ed de vol\u00e1til es actualmente el puesto de entrenador en el campe\u00f3n de Europa.<\/p>\n<p>Por Alberto Bravo (dpa)<\/p>\n","protected":false},"excerpt":{"rendered":"<p>Madrid, 8 nov (dpa) &#8211; No hay m\u00e1s partidos de interinidad: el Real Madrid deber\u00e1 decidir a partir del domingo si da por finalizada la \u00e9poca de transici\u00f3n con Santiago Solari como t\u00e9cnico o si por el contrario confirma al argentino como su entrenador tras los \u00faltimos \u00abbrotes verdes\u00bb detectados. Ser\u00e1 en Vigo ante el<\/p>\n","protected":false},"author":1,"featured_media":94788,"comment_status":"closed","ping_status":"closed","sticky":false,"template":"","format":"standard","meta":{"footnotes":""},"categories":[319],"tags":[],"class_list":{"0":"post-109571","1":"post","2":"type-post","3":"status-publish","4":"format-standard","5":"has-post-thumbnail","7":"category-deporte"},"aioseo_notices":[],"aioseo_head":"\n\t\t<!-- All in One SEO Pro 4.9.6.2 - aioseo.com -->\n\t<meta name=\"description\" content=\"Madrid, 8 nov (dpa) - No hay m\u00e1s partidos de interinidad: el Real Madrid deber\u00e1 decidir a partir del domingo si da por finalizada la \u00e9poca de transici\u00f3n con Santiago Solari como t\u00e9cnico o si por el contrario confirma al argentino como su entrenador tras los \u00faltimos &quot;brotes verdes&quot; detectados. Ser\u00e1 en Vigo ante el\" \/>\n\t<meta name=\"robots\" content=\"max-image-preview:large\" \/>\n\t<meta name=\"author\" content=\"Cand\u00e1s 365\"\/>\n\t<meta name=\"google-site-verification\" content=\"UA-32230408-1\" \/>\n\t<meta name=\"msvalidate.01\" content=\"354F3CDFB2DA171B47FBE9ABF1F88D5\" \/>\n\t<meta name=\"keywords\" content=\"deporte\" \/>\n\t<link rel=\"canonical\" href=\"https:\/\/candas365.es\/noticias\/solari-y-el-celta-parada-final-o-continuacion-del-trayecto\/\" \/>\n\t<meta name=\"generator\" content=\"All in One SEO Pro (AIOSEO) 4.9.6.2\" \/>\n\t\t<meta property=\"og:locale\" content=\"es_ES\" \/>\n\t\t<meta property=\"og:site_name\" content=\"Cand\u00e1s 365\" \/>\n\t\t<meta property=\"og:type\" content=\"article\" \/>\n\t\t<meta property=\"og:title\" content=\"Solari y el Celta: \u00bfParada final o continuaci\u00f3n del trayecto? | Cand\u00e1s 365\" \/>\n\t\t<meta property=\"og:description\" content=\"Madrid, 8 nov (dpa) - No hay m\u00e1s partidos de interinidad: el Real Madrid deber\u00e1 decidir a partir del domingo si da por finalizada la \u00e9poca de transici\u00f3n con Santiago Solari como t\u00e9cnico o si por el contrario confirma al argentino como su entrenador tras los \u00faltimos &quot;brotes verdes&quot; detectados. Ser\u00e1 en Vigo ante el\" \/>\n\t\t<meta property=\"og:url\" content=\"https:\/\/candas365.es\/noticias\/solari-y-el-celta-parada-final-o-continuacion-del-trayecto\/\" \/>\n\t\t<meta property=\"og:image\" content=\"https:\/\/candas365.es\/noticias\/wp-content\/uploads\/2018\/04\/stadium-1813343_960_720.jpg\" \/>\n\t\t<meta property=\"og:image:secure_url\" content=\"https:\/\/candas365.es\/noticias\/wp-content\/uploads\/2018\/04\/stadium-1813343_960_720.jpg\" \/>\n\t\t<meta property=\"og:image:width\" content=\"960\" \/>\n\t\t<meta property=\"og:image:height\" content=\"638\" \/>\n\t\t<meta property=\"article:published_time\" content=\"2018-11-10T05:53:41+00:00\" \/>\n\t\t<meta property=\"article:modified_time\" content=\"2018-11-10T05:53:41+00:00\" \/>\n\t\t<meta property=\"article:publisher\" content=\"https:\/\/www.facebook.com\/Nachofdezber\" \/>\n\t\t<meta property=\"article:author\" content=\"https:\/\/www.facebook.com\/carrenoactualidad\" \/>\n\t\t<meta name=\"twitter:card\" content=\"summary_large_image\" \/>\n\t\t<meta name=\"twitter:site\" content=\"@NabercoDigital\" \/>\n\t\t<meta name=\"twitter:title\" content=\"Solari y el Celta: \u00bfParada final o continuaci\u00f3n del trayecto? | Cand\u00e1s 365\" \/>\n\t\t<meta name=\"twitter:description\" content=\"Madrid, 8 nov (dpa) - No hay m\u00e1s partidos de interinidad: el Real Madrid deber\u00e1 decidir a partir del domingo si da por finalizada la \u00e9poca de transici\u00f3n con Santiago Solari como t\u00e9cnico o si por el contrario confirma al argentino como su entrenador tras los \u00faltimos &quot;brotes verdes&quot; detectados. Ser\u00e1 en Vigo ante el\" \/>\n\t\t<meta name=\"twitter:creator\" content=\"@nbasturias\" \/>\n\t\t<meta name=\"twitter:image\" content=\"https:\/\/candas365.es\/noticias\/wp-content\/uploads\/2018\/04\/stadium-1813343_960_720.jpg\" \/>\n\t\t<meta name=\"twitter:label1\" content=\"Escrito por\" \/>\n\t\t<meta name=\"twitter:data1\" content=\"Cand\u00e1s 365\" \/>\n\t\t<meta name=\"twitter:label2\" content=\"Tiempo de lectura estimado\" \/>\n\t\t<meta name=\"twitter:data2\" content=\"3 minutos\" \/>\n\t\t<script type=\"application\/ld+json\" class=\"aioseo-schema\">\n\t\t\t{\"@context\":\"https:\\\/\\\/schema.org\",\"@graph\":[{\"@type\":\"BreadcrumbList\",\"@id\":\"https:\\\/\\\/candas365.es\\\/noticias\\\/solari-y-el-celta-parada-final-o-continuacion-del-trayecto\\\/#breadcrumblist\",\"itemListElement\":[{\"@type\":\"ListItem\",\"@id\":\"https:\\\/\\\/candas365.es\\\/noticias#listItem\",\"position\":1,\"name\":\"Home\",\"item\":\"https:\\\/\\\/candas365.es\\\/noticias\",\"nextItem\":{\"@type\":\"ListItem\",\"@id\":\"https:\\\/\\\/candas365.es\\\/noticias\\\/category\\\/deporte\\\/#listItem\",\"name\":\"Deporte\"}},{\"@type\":\"ListItem\",\"@id\":\"https:\\\/\\\/candas365.es\\\/noticias\\\/category\\\/deporte\\\/#listItem\",\"position\":2,\"name\":\"Deporte\",\"item\":\"https:\\\/\\\/candas365.es\\\/noticias\\\/category\\\/deporte\\\/\",\"nextItem\":{\"@type\":\"ListItem\",\"@id\":\"https:\\\/\\\/candas365.es\\\/noticias\\\/solari-y-el-celta-parada-final-o-continuacion-del-trayecto\\\/#listItem\",\"name\":\"Solari y el Celta: \\u00bfParada final o continuaci\\u00f3n del trayecto?\"},\"previousItem\":{\"@type\":\"ListItem\",\"@id\":\"https:\\\/\\\/candas365.es\\\/noticias#listItem\",\"name\":\"Home\"}},{\"@type\":\"ListItem\",\"@id\":\"https:\\\/\\\/candas365.es\\\/noticias\\\/solari-y-el-celta-parada-final-o-continuacion-del-trayecto\\\/#listItem\",\"position\":3,\"name\":\"Solari y el Celta: \\u00bfParada final o continuaci\\u00f3n del trayecto?\",\"previousItem\":{\"@type\":\"ListItem\",\"@id\":\"https:\\\/\\\/candas365.es\\\/noticias\\\/category\\\/deporte\\\/#listItem\",\"name\":\"Deporte\"}}]},{\"@type\":\"NewsArticle\",\"@id\":\"https:\\\/\\\/candas365.es\\\/noticias\\\/solari-y-el-celta-parada-final-o-continuacion-del-trayecto\\\/#newsarticle\",\"name\":\"Solari y el Celta: \\u00bfParada final o continuaci\\u00f3n del trayecto? | Cand\\u00e1s 365\",\"headline\":\"Solari y el Celta: \\u00bfParada final o continuaci\\u00f3n del trayecto?\",\"author\":{\"@id\":\"https:\\\/\\\/candas365.es\\\/noticias\\\/author\\\/admin\\\/#author\"},\"publisher\":{\"@id\":\"https:\\\/\\\/candas365.es\\\/noticias\\\/#organization\"},\"image\":{\"@type\":\"ImageObject\",\"url\":\"https:\\\/\\\/candas365.es\\\/noticias\\\/wp-content\\\/uploads\\\/2018\\\/04\\\/stadium-1813343_960_720.jpg\",\"width\":960,\"height\":638},\"datePublished\":\"2018-11-10T05:53:41+01:00\",\"dateModified\":\"2018-11-10T05:53:41+01:00\",\"inLanguage\":\"es-ES\",\"mainEntityOfPage\":{\"@id\":\"https:\\\/\\\/candas365.es\\\/noticias\\\/solari-y-el-celta-parada-final-o-continuacion-del-trayecto\\\/#webpage\"},\"isPartOf\":{\"@id\":\"https:\\\/\\\/candas365.es\\\/noticias\\\/solari-y-el-celta-parada-final-o-continuacion-del-trayecto\\\/#webpage\"},\"articleSection\":\"Deporte\",\"dateline\":\"Publicado el noviembre 10, 2018.\"},{\"@type\":\"Organization\",\"@id\":\"https:\\\/\\\/candas365.es\\\/noticias\\\/#organization\",\"name\":\"Cand\\u00e1s 365\",\"description\":\"Cand\\u00e1s 365 es un diario digital independiente, fundado en 2012, con base en Asturias. Informamos con rigor sobre actualidad, sociedad, cultura y ocio, con una mirada local y global.\",\"url\":\"https:\\\/\\\/candas365.es\\\/noticias\\\/\",\"email\":\"info@candas365.es\",\"telephone\":\"+34652131393\",\"foundingDate\":\"2012-06-10\",\"logo\":{\"@type\":\"ImageObject\",\"url\":\"https:\\\/\\\/candas365.es\\\/noticias\\\/wp-content\\\/uploads\\\/2024\\\/09\\\/Candas-365-Redes.jpg\",\"@id\":\"https:\\\/\\\/candas365.es\\\/noticias\\\/solari-y-el-celta-parada-final-o-continuacion-del-trayecto\\\/#organizationLogo\",\"width\":1152,\"height\":864,\"caption\":\"Cand\\u00e1s 365 Redes\"},\"image\":{\"@id\":\"https:\\\/\\\/candas365.es\\\/noticias\\\/solari-y-el-celta-parada-final-o-continuacion-del-trayecto\\\/#organizationLogo\"},\"sameAs\":[\"https:\\\/\\\/www.facebook.com\\\/Nachofdezber\",\"https:\\\/\\\/x.com\\\/NabercoDigital\",\"https:\\\/\\\/www.instagram.com\\\/nachofdezber\\\/\",\"https:\\\/\\\/www.youtube.com\\\/channel\\\/UCZP-2wLEB9Rv6erhFmqVnvg\"],\"address\":{\"@id\":\"https:\\\/\\\/candas365.es\\\/noticias\\\/#postaladdress\",\"@type\":\"PostalAddress\",\"streetAddress\":\"san antonio 4, san antonio 4\",\"postalCode\":\"33430\",\"addressLocality\":\"Cand\\u00e1s\",\"addressRegion\":\"Asturias\",\"addressCountry\":\"ES\"}},{\"@type\":\"Person\",\"@id\":\"https:\\\/\\\/candas365.es\\\/noticias\\\/author\\\/admin\\\/#author\",\"url\":\"https:\\\/\\\/candas365.es\\\/noticias\\\/author\\\/admin\\\/\",\"name\":\"Cand\\u00e1s 365\",\"image\":{\"@type\":\"ImageObject\",\"@id\":\"https:\\\/\\\/candas365.es\\\/noticias\\\/solari-y-el-celta-parada-final-o-continuacion-del-trayecto\\\/#authorImage\",\"url\":\"https:\\\/\\\/secure.gravatar.com\\\/avatar\\\/496a8e03d0c493ede1718b7934145dbdf8d89be1036b0eec9544e1094c9de390?s=96&d=mm&r=g\",\"width\":96,\"height\":96,\"caption\":\"Cand\\u00e1s 365\"},\"sameAs\":[\"https:\\\/\\\/www.facebook.com\\\/carrenoactualidad\",\"https:\\\/\\\/twitter.com\\\/nbasturias\",\"https:\\\/\\\/www.instagram.com\\\/nachofdezber\\\/\",\"https:\\\/\\\/www.youtube.com\\\/channel\\\/UCZP-2wLEB9Rv6erhFmqVnvg\"]},{\"@type\":\"WebPage\",\"@id\":\"https:\\\/\\\/candas365.es\\\/noticias\\\/solari-y-el-celta-parada-final-o-continuacion-del-trayecto\\\/#webpage\",\"url\":\"https:\\\/\\\/candas365.es\\\/noticias\\\/solari-y-el-celta-parada-final-o-continuacion-del-trayecto\\\/\",\"name\":\"Solari y el Celta: \\u00bfParada final o continuaci\\u00f3n del trayecto? | Cand\\u00e1s 365\",\"description\":\"Madrid, 8 nov (dpa) - No hay m\\u00e1s partidos de interinidad: el Real Madrid deber\\u00e1 decidir a partir del domingo si da por finalizada la \\u00e9poca de transici\\u00f3n con Santiago Solari como t\\u00e9cnico o si por el contrario confirma al argentino como su entrenador tras los \\u00faltimos \\\"brotes verdes\\\" detectados. Ser\\u00e1 en Vigo ante el\",\"inLanguage\":\"es-ES\",\"isPartOf\":{\"@id\":\"https:\\\/\\\/candas365.es\\\/noticias\\\/#website\"},\"breadcrumb\":{\"@id\":\"https:\\\/\\\/candas365.es\\\/noticias\\\/solari-y-el-celta-parada-final-o-continuacion-del-trayecto\\\/#breadcrumblist\"},\"author\":{\"@id\":\"https:\\\/\\\/candas365.es\\\/noticias\\\/author\\\/admin\\\/#author\"},\"creator\":{\"@id\":\"https:\\\/\\\/candas365.es\\\/noticias\\\/author\\\/admin\\\/#author\"},\"image\":{\"@type\":\"ImageObject\",\"url\":\"https:\\\/\\\/candas365.es\\\/noticias\\\/wp-content\\\/uploads\\\/2018\\\/04\\\/stadium-1813343_960_720.jpg\",\"@id\":\"https:\\\/\\\/candas365.es\\\/noticias\\\/solari-y-el-celta-parada-final-o-continuacion-del-trayecto\\\/#mainImage\",\"width\":960,\"height\":638},\"primaryImageOfPage\":{\"@id\":\"https:\\\/\\\/candas365.es\\\/noticias\\\/solari-y-el-celta-parada-final-o-continuacion-del-trayecto\\\/#mainImage\"},\"datePublished\":\"2018-11-10T05:53:41+01:00\",\"dateModified\":\"2018-11-10T05:53:41+01:00\"},{\"@type\":\"WebSite\",\"@id\":\"https:\\\/\\\/candas365.es\\\/noticias\\\/#website\",\"url\":\"https:\\\/\\\/candas365.es\\\/noticias\\\/\",\"name\":\"Cand\\u00e1s 365\",\"alternateName\":\"Cand\\u00e1s 365 Noticias\",\"description\":\"Actualidad desde Carre\\u00f1o para el mundo\",\"inLanguage\":\"es-ES\",\"publisher\":{\"@id\":\"https:\\\/\\\/candas365.es\\\/noticias\\\/#organization\"}}]}\n\t\t<\/script>\n\t\t<!-- All in One SEO Pro -->\r\n\t\t<title>Solari y el Celta: \u00bfParada final o continuaci\u00f3n del trayecto? | Cand\u00e1s 365<\/title>\n\n","aioseo_head_json":{"title":"Solari y el Celta: \u00bfParada final o continuaci\u00f3n del trayecto? | Cand\u00e1s 365","description":"Madrid, 8 nov (dpa) - No hay m\u00e1s partidos de interinidad: el Real Madrid deber\u00e1 decidir a partir del domingo si da por finalizada la \u00e9poca de transici\u00f3n con Santiago Solari como t\u00e9cnico o si por el contrario confirma al argentino como su entrenador tras los \u00faltimos \"brotes verdes\" detectados. Ser\u00e1 en Vigo ante el","canonical_url":"https:\/\/candas365.es\/noticias\/solari-y-el-celta-parada-final-o-continuacion-del-trayecto\/","robots":"max-image-preview:large","keywords":"deporte","webmasterTools":{"google-site-verification":"UA-32230408-1","msvalidate.01":"354F3CDFB2DA171B47FBE9ABF1F88D5","miscellaneous":""},"schema":{"@context":"https:\/\/schema.org","@graph":[{"@type":"BreadcrumbList","@id":"https:\/\/candas365.es\/noticias\/solari-y-el-celta-parada-final-o-continuacion-del-trayecto\/#breadcrumblist","itemListElement":[{"@type":"ListItem","@id":"https:\/\/candas365.es\/noticias#listItem","position":1,"name":"Home","item":"https:\/\/candas365.es\/noticias","nextItem":{"@type":"ListItem","@id":"https:\/\/candas365.es\/noticias\/category\/deporte\/#listItem","name":"Deporte"}},{"@type":"ListItem","@id":"https:\/\/candas365.es\/noticias\/category\/deporte\/#listItem","position":2,"name":"Deporte","item":"https:\/\/candas365.es\/noticias\/category\/deporte\/","nextItem":{"@type":"ListItem","@id":"https:\/\/candas365.es\/noticias\/solari-y-el-celta-parada-final-o-continuacion-del-trayecto\/#listItem","name":"Solari y el Celta: \u00bfParada final o continuaci\u00f3n del trayecto?"},"previousItem":{"@type":"ListItem","@id":"https:\/\/candas365.es\/noticias#listItem","name":"Home"}},{"@type":"ListItem","@id":"https:\/\/candas365.es\/noticias\/solari-y-el-celta-parada-final-o-continuacion-del-trayecto\/#listItem","position":3,"name":"Solari y el Celta: \u00bfParada final o continuaci\u00f3n del trayecto?","previousItem":{"@type":"ListItem","@id":"https:\/\/candas365.es\/noticias\/category\/deporte\/#listItem","name":"Deporte"}}]},{"@type":"NewsArticle","@id":"https:\/\/candas365.es\/noticias\/solari-y-el-celta-parada-final-o-continuacion-del-trayecto\/#newsarticle","name":"Solari y el Celta: \u00bfParada final o continuaci\u00f3n del trayecto? | Cand\u00e1s 365","headline":"Solari y el Celta: \u00bfParada final o continuaci\u00f3n del trayecto?","author":{"@id":"https:\/\/candas365.es\/noticias\/author\/admin\/#author"},"publisher":{"@id":"https:\/\/candas365.es\/noticias\/#organization"},"image":{"@type":"ImageObject","url":"https:\/\/candas365.es\/noticias\/wp-content\/uploads\/2018\/04\/stadium-1813343_960_720.jpg","width":960,"height":638},"datePublished":"2018-11-10T05:53:41+01:00","dateModified":"2018-11-10T05:53:41+01:00","inLanguage":"es-ES","mainEntityOfPage":{"@id":"https:\/\/candas365.es\/noticias\/solari-y-el-celta-parada-final-o-continuacion-del-trayecto\/#webpage"},"isPartOf":{"@id":"https:\/\/candas365.es\/noticias\/solari-y-el-celta-parada-final-o-continuacion-del-trayecto\/#webpage"},"articleSection":"Deporte","dateline":"Publicado el noviembre 10, 2018."},{"@type":"Organization","@id":"https:\/\/candas365.es\/noticias\/#organization","name":"Cand\u00e1s 365","description":"Cand\u00e1s 365 es un diario digital independiente, fundado en 2012, con base en Asturias. Informamos con rigor sobre actualidad, sociedad, cultura y ocio, con una mirada local y global.","url":"https:\/\/candas365.es\/noticias\/","email":"info@candas365.es","telephone":"+34652131393","foundingDate":"2012-06-10","logo":{"@type":"ImageObject","url":"https:\/\/candas365.es\/noticias\/wp-content\/uploads\/2024\/09\/Candas-365-Redes.jpg","@id":"https:\/\/candas365.es\/noticias\/solari-y-el-celta-parada-final-o-continuacion-del-trayecto\/#organizationLogo","width":1152,"height":864,"caption":"Cand\u00e1s 365 Redes"},"image":{"@id":"https:\/\/candas365.es\/noticias\/solari-y-el-celta-parada-final-o-continuacion-del-trayecto\/#organizationLogo"},"sameAs":["https:\/\/www.facebook.com\/Nachofdezber","https:\/\/x.com\/NabercoDigital","https:\/\/www.instagram.com\/nachofdezber\/","https:\/\/www.youtube.com\/channel\/UCZP-2wLEB9Rv6erhFmqVnvg"],"address":{"@id":"https:\/\/candas365.es\/noticias\/#postaladdress","@type":"PostalAddress","streetAddress":"san antonio 4, san antonio 4","postalCode":"33430","addressLocality":"Cand\u00e1s","addressRegion":"Asturias","addressCountry":"ES"}},{"@type":"Person","@id":"https:\/\/candas365.es\/noticias\/author\/admin\/#author","url":"https:\/\/candas365.es\/noticias\/author\/admin\/","name":"Cand\u00e1s 365","image":{"@type":"ImageObject","@id":"https:\/\/candas365.es\/noticias\/solari-y-el-celta-parada-final-o-continuacion-del-trayecto\/#authorImage","url":"https:\/\/secure.gravatar.com\/avatar\/496a8e03d0c493ede1718b7934145dbdf8d89be1036b0eec9544e1094c9de390?s=96&d=mm&r=g","width":96,"height":96,"caption":"Cand\u00e1s 365"},"sameAs":["https:\/\/www.facebook.com\/carrenoactualidad","https:\/\/twitter.com\/nbasturias","https:\/\/www.instagram.com\/nachofdezber\/","https:\/\/www.youtube.com\/channel\/UCZP-2wLEB9Rv6erhFmqVnvg"]},{"@type":"WebPage","@id":"https:\/\/candas365.es\/noticias\/solari-y-el-celta-parada-final-o-continuacion-del-trayecto\/#webpage","url":"https:\/\/candas365.es\/noticias\/solari-y-el-celta-parada-final-o-continuacion-del-trayecto\/","name":"Solari y el Celta: \u00bfParada final o continuaci\u00f3n del trayecto? | Cand\u00e1s 365","description":"Madrid, 8 nov (dpa) - No hay m\u00e1s partidos de interinidad: el Real Madrid deber\u00e1 decidir a partir del domingo si da por finalizada la \u00e9poca de transici\u00f3n con Santiago Solari como t\u00e9cnico o si por el contrario confirma al argentino como su entrenador tras los \u00faltimos \"brotes verdes\" detectados. Ser\u00e1 en Vigo ante el","inLanguage":"es-ES","isPartOf":{"@id":"https:\/\/candas365.es\/noticias\/#website"},"breadcrumb":{"@id":"https:\/\/candas365.es\/noticias\/solari-y-el-celta-parada-final-o-continuacion-del-trayecto\/#breadcrumblist"},"author":{"@id":"https:\/\/candas365.es\/noticias\/author\/admin\/#author"},"creator":{"@id":"https:\/\/candas365.es\/noticias\/author\/admin\/#author"},"image":{"@type":"ImageObject","url":"https:\/\/candas365.es\/noticias\/wp-content\/uploads\/2018\/04\/stadium-1813343_960_720.jpg","@id":"https:\/\/candas365.es\/noticias\/solari-y-el-celta-parada-final-o-continuacion-del-trayecto\/#mainImage","width":960,"height":638},"primaryImageOfPage":{"@id":"https:\/\/candas365.es\/noticias\/solari-y-el-celta-parada-final-o-continuacion-del-trayecto\/#mainImage"},"datePublished":"2018-11-10T05:53:41+01:00","dateModified":"2018-11-10T05:53:41+01:00"},{"@type":"WebSite","@id":"https:\/\/candas365.es\/noticias\/#website","url":"https:\/\/candas365.es\/noticias\/","name":"Cand\u00e1s 365","alternateName":"Cand\u00e1s 365 Noticias","description":"Actualidad desde Carre\u00f1o para el mundo","inLanguage":"es-ES","publisher":{"@id":"https:\/\/candas365.es\/noticias\/#organization"}}]},"og:locale":"es_ES","og:site_name":"Cand\u00e1s 365","og:type":"article","og:title":"Solari y el Celta: \u00bfParada final o continuaci\u00f3n del trayecto? | Cand\u00e1s 365","og:description":"Madrid, 8 nov (dpa) - No hay m\u00e1s partidos de interinidad: el Real Madrid deber\u00e1 decidir a partir del domingo si da por finalizada la \u00e9poca de transici\u00f3n con Santiago Solari como t\u00e9cnico o si por el contrario confirma al argentino como su entrenador tras los \u00faltimos &quot;brotes verdes&quot; detectados. Ser\u00e1 en Vigo ante el","og:url":"https:\/\/candas365.es\/noticias\/solari-y-el-celta-parada-final-o-continuacion-del-trayecto\/","og:image":"https:\/\/candas365.es\/noticias\/wp-content\/uploads\/2018\/04\/stadium-1813343_960_720.jpg","og:image:secure_url":"https:\/\/candas365.es\/noticias\/wp-content\/uploads\/2018\/04\/stadium-1813343_960_720.jpg","og:image:width":960,"og:image:height":638,"article:published_time":"2018-11-10T05:53:41+00:00","article:modified_time":"2018-11-10T05:53:41+00:00","article:publisher":"https:\/\/www.facebook.com\/Nachofdezber","article:author":"https:\/\/www.facebook.com\/carrenoactualidad","twitter:card":"summary_large_image","twitter:site":"@NabercoDigital","twitter:title":"Solari y el Celta: \u00bfParada final o continuaci\u00f3n del trayecto? | Cand\u00e1s 365","twitter:description":"Madrid, 8 nov (dpa) - No hay m\u00e1s partidos de interinidad: el Real Madrid deber\u00e1 decidir a partir del domingo si da por finalizada la \u00e9poca de transici\u00f3n con Santiago Solari como t\u00e9cnico o si por el contrario confirma al argentino como su entrenador tras los \u00faltimos &quot;brotes verdes&quot; detectados. Ser\u00e1 en Vigo ante el","twitter:creator":"@nbasturias","twitter:image":"https:\/\/candas365.es\/noticias\/wp-content\/uploads\/2018\/04\/stadium-1813343_960_720.jpg","twitter:label1":"Escrito por","twitter:data1":"Cand\u00e1s 365","twitter:label2":"Tiempo de lectura estimado","twitter:data2":"3 minutos"},"aioseo_meta_data":{"post_id":"109571","title":null,"description":null,"keywords":null,"keyphrases":null,"primary_term":null,"canonical_url":null,"og_title":null,"og_description":null,"og_object_type":"default","og_image_type":"default","og_image_url":null,"og_image_width":null,"og_image_height":null,"og_image_custom_url":null,"og_image_custom_fields":null,"og_video":null,"og_custom_url":null,"og_article_section":null,"og_article_tags":null,"twitter_use_og":false,"twitter_card":"default","twitter_image_type":"default","twitter_image_url":null,"twitter_image_custom_url":null,"twitter_image_custom_fields":null,"twitter_title":null,"twitter_description":null,"schema":{"blockGraphs":[],"customGraphs":[],"default":{"data":{"Article":[],"Course":[],"Dataset":[],"FAQPage":[],"Movie":[],"Person":[],"Product":[],"ProductReview":[],"Car":[],"Recipe":[],"Service":[],"SoftwareApplication":[],"WebPage":[]},"graphName":"","isEnabled":true},"graphs":[],"defaultGraph":"","defaultPostTypeGraph":""},"schema_type":null,"schema_type_options":null,"pillar_content":false,"robots_default":true,"robots_noindex":false,"robots_noarchive":false,"robots_nosnippet":false,"robots_nofollow":false,"robots_noimageindex":false,"robots_noodp":false,"robots_notranslate":false,"robots_max_snippet":null,"robots_max_videopreview":null,"robots_max_imagepreview":"large","priority":null,"frequency":null,"location":null,"local_seo":null,"seo_analyzer_scan_date":"2025-08-28 10:07:25","breadcrumb_settings":null,"limit_modified_date":false,"reviewed_by":null,"open_ai":null,"ai":null,"created":"2020-12-21 11:39:14","updated":"2025-08-28 10:07:25"},"aioseo_breadcrumb":"<div class=\"aioseo-breadcrumbs\"><span class=\"aioseo-breadcrumb\">\n\t<a href=\"https:\/\/candas365.es\/noticias\" title=\"Home\">Home<\/a>\n<\/span><span class=\"aioseo-breadcrumb-separator\">&ndash;<\/span><span class=\"aioseo-breadcrumb\">\n\t<a href=\"https:\/\/candas365.es\/noticias\/category\/deporte\/\" title=\"Deporte\">Deporte<\/a>\n<\/span><span class=\"aioseo-breadcrumb-separator\">&ndash;<\/span><span class=\"aioseo-breadcrumb\">\n\tSolari y el Celta: \u00bfParada final o continuaci\u00f3n del trayecto?\n<\/span><\/div>","aioseo_breadcrumb_json":[{"label":"Home","link":"https:\/\/candas365.es\/noticias"},{"label":"Deporte","link":"https:\/\/candas365.es\/noticias\/category\/deporte\/"},{"label":"Solari y el Celta: \u00bfParada final o continuaci\u00f3n del trayecto?","link":"https:\/\/candas365.es\/noticias\/solari-y-el-celta-parada-final-o-continuacion-del-trayecto\/"}],"_links":{"self":[{"href":"https:\/\/candas365.es\/noticias\/wp-json\/wp\/v2\/posts\/109571","targetHints":{"allow":["GET"]}}],"collection":[{"href":"https:\/\/candas365.es\/noticias\/wp-json\/wp\/v2\/posts"}],"about":[{"href":"https:\/\/candas365.es\/noticias\/wp-json\/wp\/v2\/types\/post"}],"author":[{"embeddable":true,"href":"https:\/\/candas365.es\/noticias\/wp-json\/wp\/v2\/users\/1"}],"replies":[{"embeddable":true,"href":"https:\/\/candas365.es\/noticias\/wp-json\/wp\/v2\/comments?post=109571"}],"version-history":[{"count":0,"href":"https:\/\/candas365.es\/noticias\/wp-json\/wp\/v2\/posts\/109571\/revisions"}],"wp:featuredmedia":[{"embeddable":true,"href":"https:\/\/candas365.es\/noticias\/wp-json\/wp\/v2\/media\/94788"}],"wp:attachment":[{"href":"https:\/\/candas365.es\/noticias\/wp-json\/wp\/v2\/media?parent=109571"}],"wp:term":[{"taxonomy":"category","embeddable":true,"href":"https:\/\/candas365.es\/noticias\/wp-json\/wp\/v2\/categories?post=109571"},{"taxonomy":"post_tag","embeddable":true,"href":"https:\/\/candas365.es\/noticias\/wp-json\/wp\/v2\/tags?post=109571"}],"curies":[{"name":"wp","href":"https:\/\/api.w.org\/{rel}","templated":true}]}}