{"id":109563,"date":"2018-11-10T05:44:59","date_gmt":"2018-11-10T05:44:59","guid":{"rendered":"http:\/\/candas365.es\/noticias\/?p=109563"},"modified":"2018-11-10T05:44:59","modified_gmt":"2018-11-10T05:44:59","slug":"mercedes-quiere-atar-en-brasil-su-quinto-doblete-consecutivo","status":"publish","type":"post","link":"https:\/\/candas365.es\/noticias\/mercedes-quiere-atar-en-brasil-su-quinto-doblete-consecutivo\/","title":{"rendered":"Mercedes quiere atar en Brasil su quinto doblete consecutivo"},"content":{"rendered":"<p><img fetchpriority=\"high\" decoding=\"async\" class=\"alignleft size-medium wp-image-91805\" src=\"https:\/\/candas365.es\/noticias\/wp-content\/uploads\/2018\/03\/formula-1-630147_1280-360x239.jpg\" alt=\"\" width=\"360\" height=\"239\" srcset=\"https:\/\/candas365.es\/noticias\/wp-content\/uploads\/2018\/03\/formula-1-630147_1280-360x239.jpg 360w, https:\/\/candas365.es\/noticias\/wp-content\/uploads\/2018\/03\/formula-1-630147_1280-696x463.jpg 696w, https:\/\/candas365.es\/noticias\/wp-content\/uploads\/2018\/03\/formula-1-630147_1280-1068x710.jpg 1068w, https:\/\/candas365.es\/noticias\/wp-content\/uploads\/2018\/03\/formula-1-630147_1280-632x420.jpg 632w, https:\/\/candas365.es\/noticias\/wp-content\/uploads\/2018\/03\/formula-1-630147_1280-768x511.jpg 768w, https:\/\/candas365.es\/noticias\/wp-content\/uploads\/2018\/03\/formula-1-630147_1280-655x435.jpg 655w, https:\/\/candas365.es\/noticias\/wp-content\/uploads\/2018\/03\/formula-1-630147_1280.jpg 1280w\" sizes=\"(max-width: 360px) 100vw, 360px\" \/>Sao Paulo, 8 nov (dpa) &#8211; Tras asegurarse hace dos semanas el t\u00edtulo de pilotos con Lewis Hamilton, la escuder\u00eda Mercedes llega este fin de semana al Gran Premio de F\u00f3rmula 1 de Brasil con el reto de atar la corona de constructores y firmar su quinto doblete consecutivo.<\/p>\n<p>\u00abHemos perdido puntos con Ferrari en la batalla de constructores en las dos \u00faltimas carreras y estamos ahora muy concentrados en asegurarnos el doblete para acabar el a\u00f1o de la mejor manera\u00bb, indic\u00f3 el jefe del equipo Mercedes, Toto Wolff, en el circuito de Interlagos, en Sao Paulo.<\/p>\n<p>\u00abNuestro objetivo para esta temporada era ganar los dos campeonatos, no uno o el otro, sino los dos. Por lo tanto, llegamos a Sao Paulo con el trabajo sin terminar\u00bb, a\u00f1adi\u00f3 antes de la pen\u00faltima carrera del curso.<\/p>\n<p>A falta de los Grandes Premios de Brasil y Abu Dabi, Mercedes comanda la tabla de las marcas con 585 puntos, mientras que Ferrari cuenta con 530. Y como cada escuder\u00eda puede sumar un m\u00e1ximo de 43 puntos en una carrera (25 se lleva el primer clasificado y 18 el segundo), a Mercedes le basta con no perder m\u00e1s de 12 unidades en Sao Paulo para certificar este domingo un nuevo t\u00edtulo. Si no, tendr\u00e1 un segundo \u00abmatch point\u00bb en Abu Dabi el 25 de noviembre.<\/p>\n<p>Aunque Hamilton conquist\u00f3 hace dos semanas en M\u00e9xico su quinto t\u00edtulo mundial, Mercedes ha tenido problemas en la gesti\u00f3n de neum\u00e1ticos tanto en el Aut\u00f3dromo de los Hermanos Rodr\u00edguez como una semana antes en Austin. El finland\u00e9s Kimi Raikkonen, con Ferrari, gan\u00f3 en Estados Unidos y el holand\u00e9s Max Verstappen se llev\u00f3 el triunfo en M\u00e9xico a bordo de su Red Bull.<\/p>\n<p>Hamilton apenas pudo ser quinto en M\u00e9xico y Wolff habl\u00f3 de \u00abun fin de semana agridulce\u00bb. \u00abMercedes no puede estar satisfecho con esa actuaci\u00f3n\u00bb, se\u00f1al\u00f3 el jefe del equipo.<\/p>\n<p>\u00abNada m\u00e1s acabar la carrera estuvimos analizando los problemas y hemos progresado a la hora de entender en lo que fallamos y por qu\u00e9\u00bb, agreg\u00f3. \u00abEs importante que aprendamos de ello y que volvamos fuertes en Brasil\u00bb.<\/p>\n<p>Las opciones de Ferrari pasan por hacer un 1-2 en Brasil con el alem\u00e1n Sebastian Vettel y Raikkonen y jugarse todo a una carta en Abu Dabi.<\/p>\n<p>Vettel gan\u00f3 el a\u00f1o pasado en Interlagos, uno de los circuitos con m\u00e1s historia en el mundo del motor y donde muchas veces la lluvia trastoca las estrategias, y cuenta con un total de tres victorias en Brasil. El alem\u00e1n espera que ocurra \u00abalgo m\u00e1gico\u00bb este fin de semana, seg\u00fan dijo hoy a los periodistas.<\/p>\n<p>\u00abVamos a intentar batir a Mercedes en la clasificaci\u00f3n de constructores y apartarlos del trono\u00bb, indic\u00f3 Vettel en el circuito.<\/p>\n<p>Ferrari gan\u00f3 su \u00faltimo t\u00edtulo de pilotos en 2007 con Raikkonen y una temporada despu\u00e9s, en 2008, conquist\u00f3 su \u00faltima corona de constructores. Una d\u00e9cada en blanco que est\u00e1 siendo muy larga para la \u00abScuderia\u00bb.<\/p>\n<p>\u00abEl mundial de equipos todav\u00eda no est\u00e1 decidido y hemos recortado distancias en las dos \u00faltimas carreras\u00bb, se mostr\u00f3 esperanzado el jefe de Ferrari, Maurizio Arrivabene.<\/p>\n<p>Vettel logr\u00f3 un cuarto y un segundo lugar en los \u00faltimos Grandes Premios, mientras que Raikkonen gan\u00f3 uno y termin\u00f3 tercero en el otro. Sin embargo, esos resultados parece que ser\u00e1n insuficientes ante los Mercedes de Hamilton y Valtteri Bottas.<\/p>\n<p><i class=\"lang-es\"><span class=\" readonly\" title=\"\">Por Martin Moravec (dpa)<\/span><\/i><\/p>\n","protected":false},"excerpt":{"rendered":"<p>Sao Paulo, 8 nov (dpa) &#8211; Tras asegurarse hace dos semanas el t\u00edtulo de pilotos con Lewis Hamilton, la escuder\u00eda Mercedes llega este fin de semana al Gran Premio de F\u00f3rmula 1 de Brasil con el reto de atar la corona de constructores y firmar su quinto doblete consecutivo. \u00abHemos perdido puntos con Ferrari en<\/p>\n","protected":false},"author":1,"featured_media":91805,"comment_status":"closed","ping_status":"closed","sticky":false,"template":"","format":"standard","meta":{"footnotes":""},"categories":[319],"tags":[],"class_list":{"0":"post-109563","1":"post","2":"type-post","3":"status-publish","4":"format-standard","5":"has-post-thumbnail","7":"category-deporte"},"aioseo_notices":[],"aioseo_head":"\n\t\t<!-- All in One SEO Pro 4.9.6.2 - aioseo.com -->\n\t<meta name=\"description\" content=\"Sao Paulo, 8 nov (dpa) - Tras asegurarse hace dos semanas el t\u00edtulo de pilotos con Lewis Hamilton, la escuder\u00eda Mercedes llega este fin de semana al Gran Premio de F\u00f3rmula 1 de Brasil con el reto de atar la corona de constructores y firmar su quinto doblete consecutivo. &quot;Hemos perdido puntos con Ferrari en\" \/>\n\t<meta name=\"robots\" content=\"max-image-preview:large\" \/>\n\t<meta name=\"author\" content=\"Cand\u00e1s 365\"\/>\n\t<meta name=\"google-site-verification\" content=\"UA-32230408-1\" \/>\n\t<meta name=\"msvalidate.01\" content=\"354F3CDFB2DA171B47FBE9ABF1F88D5\" \/>\n\t<meta name=\"keywords\" content=\"deporte\" \/>\n\t<link rel=\"canonical\" href=\"https:\/\/candas365.es\/noticias\/mercedes-quiere-atar-en-brasil-su-quinto-doblete-consecutivo\/\" \/>\n\t<meta name=\"generator\" content=\"All in One SEO Pro (AIOSEO) 4.9.6.2\" \/>\n\t\t<meta property=\"og:locale\" content=\"es_ES\" \/>\n\t\t<meta property=\"og:site_name\" content=\"Cand\u00e1s 365\" \/>\n\t\t<meta property=\"og:type\" content=\"article\" \/>\n\t\t<meta property=\"og:title\" content=\"Mercedes quiere atar en Brasil su quinto doblete consecutivo | Cand\u00e1s 365\" \/>\n\t\t<meta property=\"og:description\" content=\"Sao Paulo, 8 nov (dpa) - Tras asegurarse hace dos semanas el t\u00edtulo de pilotos con Lewis Hamilton, la escuder\u00eda Mercedes llega este fin de semana al Gran Premio de F\u00f3rmula 1 de Brasil con el reto de atar la corona de constructores y firmar su quinto doblete consecutivo. &quot;Hemos perdido puntos con Ferrari en\" \/>\n\t\t<meta property=\"og:url\" content=\"https:\/\/candas365.es\/noticias\/mercedes-quiere-atar-en-brasil-su-quinto-doblete-consecutivo\/\" \/>\n\t\t<meta property=\"og:image\" content=\"https:\/\/candas365.es\/noticias\/wp-content\/uploads\/2018\/03\/formula-1-630147_1280.jpg\" \/>\n\t\t<meta property=\"og:image:secure_url\" content=\"https:\/\/candas365.es\/noticias\/wp-content\/uploads\/2018\/03\/formula-1-630147_1280.jpg\" \/>\n\t\t<meta property=\"og:image:width\" content=\"1280\" \/>\n\t\t<meta property=\"og:image:height\" content=\"851\" \/>\n\t\t<meta property=\"article:published_time\" content=\"2018-11-10T05:44:59+00:00\" \/>\n\t\t<meta property=\"article:modified_time\" content=\"2018-11-10T05:44:59+00:00\" \/>\n\t\t<meta property=\"article:publisher\" content=\"https:\/\/www.facebook.com\/Nachofdezber\" \/>\n\t\t<meta property=\"article:author\" content=\"https:\/\/www.facebook.com\/carrenoactualidad\" \/>\n\t\t<meta name=\"twitter:card\" content=\"summary_large_image\" \/>\n\t\t<meta name=\"twitter:site\" content=\"@NabercoDigital\" \/>\n\t\t<meta name=\"twitter:title\" content=\"Mercedes quiere atar en Brasil su quinto doblete consecutivo | Cand\u00e1s 365\" \/>\n\t\t<meta name=\"twitter:description\" content=\"Sao Paulo, 8 nov (dpa) - Tras asegurarse hace dos semanas el t\u00edtulo de pilotos con Lewis Hamilton, la escuder\u00eda Mercedes llega este fin de semana al Gran Premio de F\u00f3rmula 1 de Brasil con el reto de atar la corona de constructores y firmar su quinto doblete consecutivo. &quot;Hemos perdido puntos con Ferrari en\" \/>\n\t\t<meta name=\"twitter:creator\" content=\"@nbasturias\" \/>\n\t\t<meta name=\"twitter:image\" content=\"https:\/\/candas365.es\/noticias\/wp-content\/uploads\/2018\/03\/formula-1-630147_1280.jpg\" \/>\n\t\t<meta name=\"twitter:label1\" content=\"Escrito por\" \/>\n\t\t<meta name=\"twitter:data1\" content=\"Cand\u00e1s 365\" \/>\n\t\t<meta name=\"twitter:label2\" content=\"Tiempo de lectura estimado\" \/>\n\t\t<meta name=\"twitter:data2\" content=\"3 minutos\" \/>\n\t\t<script type=\"application\/ld+json\" class=\"aioseo-schema\">\n\t\t\t{\"@context\":\"https:\\\/\\\/schema.org\",\"@graph\":[{\"@type\":\"BreadcrumbList\",\"@id\":\"https:\\\/\\\/candas365.es\\\/noticias\\\/mercedes-quiere-atar-en-brasil-su-quinto-doblete-consecutivo\\\/#breadcrumblist\",\"itemListElement\":[{\"@type\":\"ListItem\",\"@id\":\"https:\\\/\\\/candas365.es\\\/noticias#listItem\",\"position\":1,\"name\":\"Home\",\"item\":\"https:\\\/\\\/candas365.es\\\/noticias\",\"nextItem\":{\"@type\":\"ListItem\",\"@id\":\"https:\\\/\\\/candas365.es\\\/noticias\\\/category\\\/deporte\\\/#listItem\",\"name\":\"Deporte\"}},{\"@type\":\"ListItem\",\"@id\":\"https:\\\/\\\/candas365.es\\\/noticias\\\/category\\\/deporte\\\/#listItem\",\"position\":2,\"name\":\"Deporte\",\"item\":\"https:\\\/\\\/candas365.es\\\/noticias\\\/category\\\/deporte\\\/\",\"nextItem\":{\"@type\":\"ListItem\",\"@id\":\"https:\\\/\\\/candas365.es\\\/noticias\\\/mercedes-quiere-atar-en-brasil-su-quinto-doblete-consecutivo\\\/#listItem\",\"name\":\"Mercedes quiere atar en Brasil su quinto doblete consecutivo\"},\"previousItem\":{\"@type\":\"ListItem\",\"@id\":\"https:\\\/\\\/candas365.es\\\/noticias#listItem\",\"name\":\"Home\"}},{\"@type\":\"ListItem\",\"@id\":\"https:\\\/\\\/candas365.es\\\/noticias\\\/mercedes-quiere-atar-en-brasil-su-quinto-doblete-consecutivo\\\/#listItem\",\"position\":3,\"name\":\"Mercedes quiere atar en Brasil su quinto doblete consecutivo\",\"previousItem\":{\"@type\":\"ListItem\",\"@id\":\"https:\\\/\\\/candas365.es\\\/noticias\\\/category\\\/deporte\\\/#listItem\",\"name\":\"Deporte\"}}]},{\"@type\":\"NewsArticle\",\"@id\":\"https:\\\/\\\/candas365.es\\\/noticias\\\/mercedes-quiere-atar-en-brasil-su-quinto-doblete-consecutivo\\\/#newsarticle\",\"name\":\"Mercedes quiere atar en Brasil su quinto doblete consecutivo | Cand\\u00e1s 365\",\"headline\":\"Mercedes quiere atar en Brasil su quinto doblete consecutivo\",\"author\":{\"@id\":\"https:\\\/\\\/candas365.es\\\/noticias\\\/author\\\/admin\\\/#author\"},\"publisher\":{\"@id\":\"https:\\\/\\\/candas365.es\\\/noticias\\\/#organization\"},\"image\":{\"@type\":\"ImageObject\",\"url\":\"https:\\\/\\\/candas365.es\\\/noticias\\\/wp-content\\\/uploads\\\/2018\\\/03\\\/formula-1-630147_1280.jpg\",\"width\":1280,\"height\":851},\"datePublished\":\"2018-11-10T05:44:59+01:00\",\"dateModified\":\"2018-11-10T05:44:59+01:00\",\"inLanguage\":\"es-ES\",\"mainEntityOfPage\":{\"@id\":\"https:\\\/\\\/candas365.es\\\/noticias\\\/mercedes-quiere-atar-en-brasil-su-quinto-doblete-consecutivo\\\/#webpage\"},\"isPartOf\":{\"@id\":\"https:\\\/\\\/candas365.es\\\/noticias\\\/mercedes-quiere-atar-en-brasil-su-quinto-doblete-consecutivo\\\/#webpage\"},\"articleSection\":\"Deporte\",\"dateline\":\"Publicado el noviembre 10, 2018.\"},{\"@type\":\"Organization\",\"@id\":\"https:\\\/\\\/candas365.es\\\/noticias\\\/#organization\",\"name\":\"Cand\\u00e1s 365\",\"description\":\"Cand\\u00e1s 365 es un diario digital independiente, fundado en 2012, con base en Asturias. Informamos con rigor sobre actualidad, sociedad, cultura y ocio, con una mirada local y global.\",\"url\":\"https:\\\/\\\/candas365.es\\\/noticias\\\/\",\"email\":\"info@candas365.es\",\"telephone\":\"+34652131393\",\"foundingDate\":\"2012-06-10\",\"logo\":{\"@type\":\"ImageObject\",\"url\":\"https:\\\/\\\/candas365.es\\\/noticias\\\/wp-content\\\/uploads\\\/2024\\\/09\\\/Candas-365-Redes.jpg\",\"@id\":\"https:\\\/\\\/candas365.es\\\/noticias\\\/mercedes-quiere-atar-en-brasil-su-quinto-doblete-consecutivo\\\/#organizationLogo\",\"width\":1152,\"height\":864,\"caption\":\"Cand\\u00e1s 365 Redes\"},\"image\":{\"@id\":\"https:\\\/\\\/candas365.es\\\/noticias\\\/mercedes-quiere-atar-en-brasil-su-quinto-doblete-consecutivo\\\/#organizationLogo\"},\"sameAs\":[\"https:\\\/\\\/www.facebook.com\\\/Nachofdezber\",\"https:\\\/\\\/x.com\\\/NabercoDigital\",\"https:\\\/\\\/www.instagram.com\\\/nachofdezber\\\/\",\"https:\\\/\\\/www.youtube.com\\\/channel\\\/UCZP-2wLEB9Rv6erhFmqVnvg\"],\"address\":{\"@id\":\"https:\\\/\\\/candas365.es\\\/noticias\\\/#postaladdress\",\"@type\":\"PostalAddress\",\"streetAddress\":\"san antonio 4, san antonio 4\",\"postalCode\":\"33430\",\"addressLocality\":\"Cand\\u00e1s\",\"addressRegion\":\"Asturias\",\"addressCountry\":\"ES\"}},{\"@type\":\"Person\",\"@id\":\"https:\\\/\\\/candas365.es\\\/noticias\\\/author\\\/admin\\\/#author\",\"url\":\"https:\\\/\\\/candas365.es\\\/noticias\\\/author\\\/admin\\\/\",\"name\":\"Cand\\u00e1s 365\",\"image\":{\"@type\":\"ImageObject\",\"@id\":\"https:\\\/\\\/candas365.es\\\/noticias\\\/mercedes-quiere-atar-en-brasil-su-quinto-doblete-consecutivo\\\/#authorImage\",\"url\":\"https:\\\/\\\/secure.gravatar.com\\\/avatar\\\/496a8e03d0c493ede1718b7934145dbdf8d89be1036b0eec9544e1094c9de390?s=96&d=mm&r=g\",\"width\":96,\"height\":96,\"caption\":\"Cand\\u00e1s 365\"},\"sameAs\":[\"https:\\\/\\\/www.facebook.com\\\/carrenoactualidad\",\"https:\\\/\\\/twitter.com\\\/nbasturias\",\"https:\\\/\\\/www.instagram.com\\\/nachofdezber\\\/\",\"https:\\\/\\\/www.youtube.com\\\/channel\\\/UCZP-2wLEB9Rv6erhFmqVnvg\"]},{\"@type\":\"WebPage\",\"@id\":\"https:\\\/\\\/candas365.es\\\/noticias\\\/mercedes-quiere-atar-en-brasil-su-quinto-doblete-consecutivo\\\/#webpage\",\"url\":\"https:\\\/\\\/candas365.es\\\/noticias\\\/mercedes-quiere-atar-en-brasil-su-quinto-doblete-consecutivo\\\/\",\"name\":\"Mercedes quiere atar en Brasil su quinto doblete consecutivo | Cand\\u00e1s 365\",\"description\":\"Sao Paulo, 8 nov (dpa) - Tras asegurarse hace dos semanas el t\\u00edtulo de pilotos con Lewis Hamilton, la escuder\\u00eda Mercedes llega este fin de semana al Gran Premio de F\\u00f3rmula 1 de Brasil con el reto de atar la corona de constructores y firmar su quinto doblete consecutivo. \\\"Hemos perdido puntos con Ferrari en\",\"inLanguage\":\"es-ES\",\"isPartOf\":{\"@id\":\"https:\\\/\\\/candas365.es\\\/noticias\\\/#website\"},\"breadcrumb\":{\"@id\":\"https:\\\/\\\/candas365.es\\\/noticias\\\/mercedes-quiere-atar-en-brasil-su-quinto-doblete-consecutivo\\\/#breadcrumblist\"},\"author\":{\"@id\":\"https:\\\/\\\/candas365.es\\\/noticias\\\/author\\\/admin\\\/#author\"},\"creator\":{\"@id\":\"https:\\\/\\\/candas365.es\\\/noticias\\\/author\\\/admin\\\/#author\"},\"image\":{\"@type\":\"ImageObject\",\"url\":\"https:\\\/\\\/candas365.es\\\/noticias\\\/wp-content\\\/uploads\\\/2018\\\/03\\\/formula-1-630147_1280.jpg\",\"@id\":\"https:\\\/\\\/candas365.es\\\/noticias\\\/mercedes-quiere-atar-en-brasil-su-quinto-doblete-consecutivo\\\/#mainImage\",\"width\":1280,\"height\":851},\"primaryImageOfPage\":{\"@id\":\"https:\\\/\\\/candas365.es\\\/noticias\\\/mercedes-quiere-atar-en-brasil-su-quinto-doblete-consecutivo\\\/#mainImage\"},\"datePublished\":\"2018-11-10T05:44:59+01:00\",\"dateModified\":\"2018-11-10T05:44:59+01:00\"},{\"@type\":\"WebSite\",\"@id\":\"https:\\\/\\\/candas365.es\\\/noticias\\\/#website\",\"url\":\"https:\\\/\\\/candas365.es\\\/noticias\\\/\",\"name\":\"Cand\\u00e1s 365\",\"alternateName\":\"Cand\\u00e1s 365 Noticias\",\"description\":\"Actualidad desde Carre\\u00f1o para el mundo\",\"inLanguage\":\"es-ES\",\"publisher\":{\"@id\":\"https:\\\/\\\/candas365.es\\\/noticias\\\/#organization\"}}]}\n\t\t<\/script>\n\t\t<!-- All in One SEO Pro -->\r\n\t\t<title>Mercedes quiere atar en Brasil su quinto doblete consecutivo | Cand\u00e1s 365<\/title>\n\n","aioseo_head_json":{"title":"Mercedes quiere atar en Brasil su quinto doblete consecutivo | Cand\u00e1s 365","description":"Sao Paulo, 8 nov (dpa) - Tras asegurarse hace dos semanas el t\u00edtulo de pilotos con Lewis Hamilton, la escuder\u00eda Mercedes llega este fin de semana al Gran Premio de F\u00f3rmula 1 de Brasil con el reto de atar la corona de constructores y firmar su quinto doblete consecutivo. \"Hemos perdido puntos con Ferrari en","canonical_url":"https:\/\/candas365.es\/noticias\/mercedes-quiere-atar-en-brasil-su-quinto-doblete-consecutivo\/","robots":"max-image-preview:large","keywords":"deporte","webmasterTools":{"google-site-verification":"UA-32230408-1","msvalidate.01":"354F3CDFB2DA171B47FBE9ABF1F88D5","miscellaneous":""},"schema":{"@context":"https:\/\/schema.org","@graph":[{"@type":"BreadcrumbList","@id":"https:\/\/candas365.es\/noticias\/mercedes-quiere-atar-en-brasil-su-quinto-doblete-consecutivo\/#breadcrumblist","itemListElement":[{"@type":"ListItem","@id":"https:\/\/candas365.es\/noticias#listItem","position":1,"name":"Home","item":"https:\/\/candas365.es\/noticias","nextItem":{"@type":"ListItem","@id":"https:\/\/candas365.es\/noticias\/category\/deporte\/#listItem","name":"Deporte"}},{"@type":"ListItem","@id":"https:\/\/candas365.es\/noticias\/category\/deporte\/#listItem","position":2,"name":"Deporte","item":"https:\/\/candas365.es\/noticias\/category\/deporte\/","nextItem":{"@type":"ListItem","@id":"https:\/\/candas365.es\/noticias\/mercedes-quiere-atar-en-brasil-su-quinto-doblete-consecutivo\/#listItem","name":"Mercedes quiere atar en Brasil su quinto doblete consecutivo"},"previousItem":{"@type":"ListItem","@id":"https:\/\/candas365.es\/noticias#listItem","name":"Home"}},{"@type":"ListItem","@id":"https:\/\/candas365.es\/noticias\/mercedes-quiere-atar-en-brasil-su-quinto-doblete-consecutivo\/#listItem","position":3,"name":"Mercedes quiere atar en Brasil su quinto doblete consecutivo","previousItem":{"@type":"ListItem","@id":"https:\/\/candas365.es\/noticias\/category\/deporte\/#listItem","name":"Deporte"}}]},{"@type":"NewsArticle","@id":"https:\/\/candas365.es\/noticias\/mercedes-quiere-atar-en-brasil-su-quinto-doblete-consecutivo\/#newsarticle","name":"Mercedes quiere atar en Brasil su quinto doblete consecutivo | Cand\u00e1s 365","headline":"Mercedes quiere atar en Brasil su quinto doblete consecutivo","author":{"@id":"https:\/\/candas365.es\/noticias\/author\/admin\/#author"},"publisher":{"@id":"https:\/\/candas365.es\/noticias\/#organization"},"image":{"@type":"ImageObject","url":"https:\/\/candas365.es\/noticias\/wp-content\/uploads\/2018\/03\/formula-1-630147_1280.jpg","width":1280,"height":851},"datePublished":"2018-11-10T05:44:59+01:00","dateModified":"2018-11-10T05:44:59+01:00","inLanguage":"es-ES","mainEntityOfPage":{"@id":"https:\/\/candas365.es\/noticias\/mercedes-quiere-atar-en-brasil-su-quinto-doblete-consecutivo\/#webpage"},"isPartOf":{"@id":"https:\/\/candas365.es\/noticias\/mercedes-quiere-atar-en-brasil-su-quinto-doblete-consecutivo\/#webpage"},"articleSection":"Deporte","dateline":"Publicado el noviembre 10, 2018."},{"@type":"Organization","@id":"https:\/\/candas365.es\/noticias\/#organization","name":"Cand\u00e1s 365","description":"Cand\u00e1s 365 es un diario digital independiente, fundado en 2012, con base en Asturias. Informamos con rigor sobre actualidad, sociedad, cultura y ocio, con una mirada local y global.","url":"https:\/\/candas365.es\/noticias\/","email":"info@candas365.es","telephone":"+34652131393","foundingDate":"2012-06-10","logo":{"@type":"ImageObject","url":"https:\/\/candas365.es\/noticias\/wp-content\/uploads\/2024\/09\/Candas-365-Redes.jpg","@id":"https:\/\/candas365.es\/noticias\/mercedes-quiere-atar-en-brasil-su-quinto-doblete-consecutivo\/#organizationLogo","width":1152,"height":864,"caption":"Cand\u00e1s 365 Redes"},"image":{"@id":"https:\/\/candas365.es\/noticias\/mercedes-quiere-atar-en-brasil-su-quinto-doblete-consecutivo\/#organizationLogo"},"sameAs":["https:\/\/www.facebook.com\/Nachofdezber","https:\/\/x.com\/NabercoDigital","https:\/\/www.instagram.com\/nachofdezber\/","https:\/\/www.youtube.com\/channel\/UCZP-2wLEB9Rv6erhFmqVnvg"],"address":{"@id":"https:\/\/candas365.es\/noticias\/#postaladdress","@type":"PostalAddress","streetAddress":"san antonio 4, san antonio 4","postalCode":"33430","addressLocality":"Cand\u00e1s","addressRegion":"Asturias","addressCountry":"ES"}},{"@type":"Person","@id":"https:\/\/candas365.es\/noticias\/author\/admin\/#author","url":"https:\/\/candas365.es\/noticias\/author\/admin\/","name":"Cand\u00e1s 365","image":{"@type":"ImageObject","@id":"https:\/\/candas365.es\/noticias\/mercedes-quiere-atar-en-brasil-su-quinto-doblete-consecutivo\/#authorImage","url":"https:\/\/secure.gravatar.com\/avatar\/496a8e03d0c493ede1718b7934145dbdf8d89be1036b0eec9544e1094c9de390?s=96&d=mm&r=g","width":96,"height":96,"caption":"Cand\u00e1s 365"},"sameAs":["https:\/\/www.facebook.com\/carrenoactualidad","https:\/\/twitter.com\/nbasturias","https:\/\/www.instagram.com\/nachofdezber\/","https:\/\/www.youtube.com\/channel\/UCZP-2wLEB9Rv6erhFmqVnvg"]},{"@type":"WebPage","@id":"https:\/\/candas365.es\/noticias\/mercedes-quiere-atar-en-brasil-su-quinto-doblete-consecutivo\/#webpage","url":"https:\/\/candas365.es\/noticias\/mercedes-quiere-atar-en-brasil-su-quinto-doblete-consecutivo\/","name":"Mercedes quiere atar en Brasil su quinto doblete consecutivo | Cand\u00e1s 365","description":"Sao Paulo, 8 nov (dpa) - Tras asegurarse hace dos semanas el t\u00edtulo de pilotos con Lewis Hamilton, la escuder\u00eda Mercedes llega este fin de semana al Gran Premio de F\u00f3rmula 1 de Brasil con el reto de atar la corona de constructores y firmar su quinto doblete consecutivo. \"Hemos perdido puntos con Ferrari en","inLanguage":"es-ES","isPartOf":{"@id":"https:\/\/candas365.es\/noticias\/#website"},"breadcrumb":{"@id":"https:\/\/candas365.es\/noticias\/mercedes-quiere-atar-en-brasil-su-quinto-doblete-consecutivo\/#breadcrumblist"},"author":{"@id":"https:\/\/candas365.es\/noticias\/author\/admin\/#author"},"creator":{"@id":"https:\/\/candas365.es\/noticias\/author\/admin\/#author"},"image":{"@type":"ImageObject","url":"https:\/\/candas365.es\/noticias\/wp-content\/uploads\/2018\/03\/formula-1-630147_1280.jpg","@id":"https:\/\/candas365.es\/noticias\/mercedes-quiere-atar-en-brasil-su-quinto-doblete-consecutivo\/#mainImage","width":1280,"height":851},"primaryImageOfPage":{"@id":"https:\/\/candas365.es\/noticias\/mercedes-quiere-atar-en-brasil-su-quinto-doblete-consecutivo\/#mainImage"},"datePublished":"2018-11-10T05:44:59+01:00","dateModified":"2018-11-10T05:44:59+01:00"},{"@type":"WebSite","@id":"https:\/\/candas365.es\/noticias\/#website","url":"https:\/\/candas365.es\/noticias\/","name":"Cand\u00e1s 365","alternateName":"Cand\u00e1s 365 Noticias","description":"Actualidad desde Carre\u00f1o para el mundo","inLanguage":"es-ES","publisher":{"@id":"https:\/\/candas365.es\/noticias\/#organization"}}]},"og:locale":"es_ES","og:site_name":"Cand\u00e1s 365","og:type":"article","og:title":"Mercedes quiere atar en Brasil su quinto doblete consecutivo | Cand\u00e1s 365","og:description":"Sao Paulo, 8 nov (dpa) - Tras asegurarse hace dos semanas el t\u00edtulo de pilotos con Lewis Hamilton, la escuder\u00eda Mercedes llega este fin de semana al Gran Premio de F\u00f3rmula 1 de Brasil con el reto de atar la corona de constructores y firmar su quinto doblete consecutivo. &quot;Hemos perdido puntos con Ferrari en","og:url":"https:\/\/candas365.es\/noticias\/mercedes-quiere-atar-en-brasil-su-quinto-doblete-consecutivo\/","og:image":"https:\/\/candas365.es\/noticias\/wp-content\/uploads\/2018\/03\/formula-1-630147_1280.jpg","og:image:secure_url":"https:\/\/candas365.es\/noticias\/wp-content\/uploads\/2018\/03\/formula-1-630147_1280.jpg","og:image:width":1280,"og:image:height":851,"article:published_time":"2018-11-10T05:44:59+00:00","article:modified_time":"2018-11-10T05:44:59+00:00","article:publisher":"https:\/\/www.facebook.com\/Nachofdezber","article:author":"https:\/\/www.facebook.com\/carrenoactualidad","twitter:card":"summary_large_image","twitter:site":"@NabercoDigital","twitter:title":"Mercedes quiere atar en Brasil su quinto doblete consecutivo | Cand\u00e1s 365","twitter:description":"Sao Paulo, 8 nov (dpa) - Tras asegurarse hace dos semanas el t\u00edtulo de pilotos con Lewis Hamilton, la escuder\u00eda Mercedes llega este fin de semana al Gran Premio de F\u00f3rmula 1 de Brasil con el reto de atar la corona de constructores y firmar su quinto doblete consecutivo. &quot;Hemos perdido puntos con Ferrari en","twitter:creator":"@nbasturias","twitter:image":"https:\/\/candas365.es\/noticias\/wp-content\/uploads\/2018\/03\/formula-1-630147_1280.jpg","twitter:label1":"Escrito por","twitter:data1":"Cand\u00e1s 365","twitter:label2":"Tiempo de lectura estimado","twitter:data2":"3 minutos"},"aioseo_meta_data":{"post_id":"109563","title":null,"description":null,"keywords":null,"keyphrases":null,"primary_term":null,"canonical_url":null,"og_title":null,"og_description":null,"og_object_type":"default","og_image_type":"default","og_image_url":null,"og_image_width":null,"og_image_height":null,"og_image_custom_url":null,"og_image_custom_fields":null,"og_video":null,"og_custom_url":null,"og_article_section":null,"og_article_tags":null,"twitter_use_og":false,"twitter_card":"default","twitter_image_type":"default","twitter_image_url":null,"twitter_image_custom_url":null,"twitter_image_custom_fields":null,"twitter_title":null,"twitter_description":null,"schema":{"blockGraphs":[],"customGraphs":[],"default":{"data":{"Article":[],"Course":[],"Dataset":[],"FAQPage":[],"Movie":[],"Person":[],"Product":[],"ProductReview":[],"Car":[],"Recipe":[],"Service":[],"SoftwareApplication":[],"WebPage":[]},"graphName":"","isEnabled":true},"graphs":[]},"schema_type":null,"schema_type_options":null,"pillar_content":false,"robots_default":true,"robots_noindex":false,"robots_noarchive":false,"robots_nosnippet":false,"robots_nofollow":false,"robots_noimageindex":false,"robots_noodp":false,"robots_notranslate":false,"robots_max_snippet":null,"robots_max_videopreview":null,"robots_max_imagepreview":"large","priority":null,"frequency":null,"location":null,"local_seo":null,"seo_analyzer_scan_date":"2025-08-28 10:07:17","breadcrumb_settings":null,"limit_modified_date":false,"reviewed_by":null,"open_ai":null,"ai":null,"created":"2020-12-21 11:39:14","updated":"2025-08-28 10:07:17"},"aioseo_breadcrumb":"<div class=\"aioseo-breadcrumbs\"><span class=\"aioseo-breadcrumb\">\n\t<a href=\"https:\/\/candas365.es\/noticias\" title=\"Home\">Home<\/a>\n<\/span><span class=\"aioseo-breadcrumb-separator\">&ndash;<\/span><span class=\"aioseo-breadcrumb\">\n\t<a href=\"https:\/\/candas365.es\/noticias\/category\/deporte\/\" title=\"Deporte\">Deporte<\/a>\n<\/span><span class=\"aioseo-breadcrumb-separator\">&ndash;<\/span><span class=\"aioseo-breadcrumb\">\n\tMercedes quiere atar en Brasil su quinto doblete consecutivo\n<\/span><\/div>","aioseo_breadcrumb_json":[{"label":"Home","link":"https:\/\/candas365.es\/noticias"},{"label":"Deporte","link":"https:\/\/candas365.es\/noticias\/category\/deporte\/"},{"label":"Mercedes quiere atar en Brasil su quinto doblete consecutivo","link":"https:\/\/candas365.es\/noticias\/mercedes-quiere-atar-en-brasil-su-quinto-doblete-consecutivo\/"}],"_links":{"self":[{"href":"https:\/\/candas365.es\/noticias\/wp-json\/wp\/v2\/posts\/109563","targetHints":{"allow":["GET"]}}],"collection":[{"href":"https:\/\/candas365.es\/noticias\/wp-json\/wp\/v2\/posts"}],"about":[{"href":"https:\/\/candas365.es\/noticias\/wp-json\/wp\/v2\/types\/post"}],"author":[{"embeddable":true,"href":"https:\/\/candas365.es\/noticias\/wp-json\/wp\/v2\/users\/1"}],"replies":[{"embeddable":true,"href":"https:\/\/candas365.es\/noticias\/wp-json\/wp\/v2\/comments?post=109563"}],"version-history":[{"count":0,"href":"https:\/\/candas365.es\/noticias\/wp-json\/wp\/v2\/posts\/109563\/revisions"}],"wp:featuredmedia":[{"embeddable":true,"href":"https:\/\/candas365.es\/noticias\/wp-json\/wp\/v2\/media\/91805"}],"wp:attachment":[{"href":"https:\/\/candas365.es\/noticias\/wp-json\/wp\/v2\/media?parent=109563"}],"wp:term":[{"taxonomy":"category","embeddable":true,"href":"https:\/\/candas365.es\/noticias\/wp-json\/wp\/v2\/categories?post=109563"},{"taxonomy":"post_tag","embeddable":true,"href":"https:\/\/candas365.es\/noticias\/wp-json\/wp\/v2\/tags?post=109563"}],"curies":[{"name":"wp","href":"https:\/\/api.w.org\/{rel}","templated":true}]}}