{"id":109513,"date":"2018-11-09T09:22:33","date_gmt":"2018-11-09T09:22:33","guid":{"rendered":"http:\/\/candas365.es\/noticias\/?p=109513"},"modified":"2018-11-09T09:22:33","modified_gmt":"2018-11-09T09:22:33","slug":"el-coro-de-la-bodega-en-roma","status":"publish","type":"post","link":"https:\/\/candas365.es\/noticias\/el-coro-de-la-bodega-en-roma\/","title":{"rendered":"El Coro de la Bodega en Roma"},"content":{"rendered":"<p><img fetchpriority=\"high\" decoding=\"async\" class=\"alignleft size-medium wp-image-109514\" src=\"https:\/\/candas365.es\/noticias\/wp-content\/uploads\/2018\/11\/WFPE8925-360x270.jpg\" alt=\"\" width=\"360\" height=\"270\" srcset=\"https:\/\/candas365.es\/noticias\/wp-content\/uploads\/2018\/11\/WFPE8925-360x270.jpg 360w, https:\/\/candas365.es\/noticias\/wp-content\/uploads\/2018\/11\/WFPE8925-768x576.jpg 768w, https:\/\/candas365.es\/noticias\/wp-content\/uploads\/2018\/11\/WFPE8925-640x480.jpg 640w, https:\/\/candas365.es\/noticias\/wp-content\/uploads\/2018\/11\/WFPE8925-80x60.jpg 80w, https:\/\/candas365.es\/noticias\/wp-content\/uploads\/2018\/11\/WFPE8925-265x198.jpg 265w, https:\/\/candas365.es\/noticias\/wp-content\/uploads\/2018\/11\/WFPE8925-696x522.jpg 696w, https:\/\/candas365.es\/noticias\/wp-content\/uploads\/2018\/11\/WFPE8925-1068x801.jpg 1068w, https:\/\/candas365.es\/noticias\/wp-content\/uploads\/2018\/11\/WFPE8925-560x420.jpg 560w, https:\/\/candas365.es\/noticias\/wp-content\/uploads\/2018\/11\/WFPE8925.jpg 1600w\" sizes=\"(max-width: 360px) 100vw, 360px\" \/>Roma ser\u00e1 el pr\u00f3ximo escenario en el que el Coro de la Bodega dar\u00e1 su siguiente concierto. La Bas\u00edlica de San Pedro ubicada en la Ciudad del Vaticano acoger\u00e1 en la ma\u00f1ana de este domingo, 11 de noviembre la actuaci\u00f3n del coro candas\u00edn.<\/p>\n<p>\u201cPara Carre\u00f1o es un orgullo que esta entidad represente al concejo en Europa\u201d, se\u00f1al\u00f3 Cecilia Tasc\u00f3n, concejala de cultura.<\/p>\n<p>\u201cEsta iniciativa es una de las que muestra el resultado positivo de las inversiones municipales en pol\u00edtica cultural. A lo largo de esta legislatura el Ayuntamiento de Carre\u00f1o ha subvencionado en casi 10.000 euros la actividad desarrollada por el Coro de la Bodega y sin duda, este esfuerzo como el de cada persona que integra dicho coro, ha merecido la pena. Hay que destacar tambi\u00e9n la labor de la direcci\u00f3n del mismo\u201d, a\u00f1adi\u00f3 la concejala de cultura.<\/p>\n<p>La agrupaci\u00f3n, bajo la direcci\u00f3n del candas\u00edn Salvador Cuervo, interpretar\u00e1 la \u201cMisa de Grandes Compositores\u201d, en la que a trav\u00e9s de obras de autores tan importantes como Haydn, Puccini, Gounod, Arcadelt o Mozart, a 4 voces, hacen un recorrido por los temas m\u00e1s destacados de la m\u00fasica sacra entre los siglos XVI al XXI.<\/p>\n<p>La expedici\u00f3n, de cincuenta personas, estar\u00e1 este fin de semana, del 10 al 13 de noviembre, en el Vaticano y completar\u00e1 la estancia con una visita cultural a Roma, donde est\u00e1 previsto un recorrido que se acercar\u00e1 entre otros lugares, al Coliseo, el Foro Romano, la Fontana de Trevi y la Plaza Navona.<\/p>\n<p>El Coro de la Bodega, que inici\u00f3 su andadura en el a\u00f1o 2013, como coro representante del certamen \u201cCanciones de la Bodega\u201d impulsado por el tristemente fallecido, Jos\u00e9 Ram\u00f3n Gonz\u00e1lez Mu\u00f1iz, est\u00e1 formado por 30 voces mixtas, una peque\u00f1a orquesta, a cargo del subdirector, el perlor\u00edn, Jos\u00e9 Luis Iglesias, y en ocasiones de pianista acompa\u00f1ante.<\/p>\n","protected":false},"excerpt":{"rendered":"<p>Roma ser\u00e1 el pr\u00f3ximo escenario en el que el Coro de la Bodega dar\u00e1 su siguiente concierto. La Bas\u00edlica de San Pedro ubicada en la Ciudad del Vaticano acoger\u00e1 en la ma\u00f1ana de este domingo, 11 de noviembre la actuaci\u00f3n del coro candas\u00edn. \u201cPara Carre\u00f1o es un orgullo que esta entidad represente al concejo en<\/p>\n","protected":false},"author":1,"featured_media":109514,"comment_status":"closed","ping_status":"closed","sticky":false,"template":"","format":"standard","meta":{"footnotes":""},"categories":[2],"tags":[],"class_list":{"0":"post-109513","1":"post","2":"type-post","3":"status-publish","4":"format-standard","5":"has-post-thumbnail","7":"category-noticias-carreno"},"aioseo_notices":[],"aioseo_head":"\n\t\t<!-- All in One SEO Pro 4.9.6.2 - aioseo.com -->\n\t<meta name=\"description\" content=\"Roma ser\u00e1 el pr\u00f3ximo escenario en el que el Coro de la Bodega dar\u00e1 su siguiente concierto. La Bas\u00edlica de San Pedro ubicada en la Ciudad del Vaticano acoger\u00e1 en la ma\u00f1ana de este domingo, 11 de noviembre la actuaci\u00f3n del coro candas\u00edn. \u201cPara Carre\u00f1o es un orgullo que esta entidad represente al concejo en\" \/>\n\t<meta name=\"robots\" content=\"max-image-preview:large\" \/>\n\t<meta name=\"author\" content=\"Cand\u00e1s 365\"\/>\n\t<meta name=\"google-site-verification\" content=\"UA-32230408-1\" \/>\n\t<meta name=\"msvalidate.01\" content=\"354F3CDFB2DA171B47FBE9ABF1F88D5\" \/>\n\t<meta name=\"keywords\" content=\"noticias carre\u00f1o\" \/>\n\t<link rel=\"canonical\" href=\"https:\/\/candas365.es\/noticias\/el-coro-de-la-bodega-en-roma\/\" \/>\n\t<meta name=\"generator\" content=\"All in One SEO Pro (AIOSEO) 4.9.6.2\" \/>\n\t\t<meta property=\"og:locale\" content=\"es_ES\" \/>\n\t\t<meta property=\"og:site_name\" content=\"Cand\u00e1s 365\" \/>\n\t\t<meta property=\"og:type\" content=\"article\" \/>\n\t\t<meta property=\"og:title\" content=\"El Coro de la Bodega en Roma | Cand\u00e1s 365\" \/>\n\t\t<meta property=\"og:description\" content=\"Roma ser\u00e1 el pr\u00f3ximo escenario en el que el Coro de la Bodega dar\u00e1 su siguiente concierto. La Bas\u00edlica de San Pedro ubicada en la Ciudad del Vaticano acoger\u00e1 en la ma\u00f1ana de este domingo, 11 de noviembre la actuaci\u00f3n del coro candas\u00edn. \u201cPara Carre\u00f1o es un orgullo que esta entidad represente al concejo en\" \/>\n\t\t<meta property=\"og:url\" content=\"https:\/\/candas365.es\/noticias\/el-coro-de-la-bodega-en-roma\/\" \/>\n\t\t<meta property=\"og:image\" content=\"https:\/\/candas365.es\/noticias\/wp-content\/uploads\/2018\/11\/WFPE8925.jpg\" \/>\n\t\t<meta property=\"og:image:secure_url\" content=\"https:\/\/candas365.es\/noticias\/wp-content\/uploads\/2018\/11\/WFPE8925.jpg\" \/>\n\t\t<meta property=\"og:image:width\" content=\"1600\" \/>\n\t\t<meta property=\"og:image:height\" content=\"1200\" \/>\n\t\t<meta property=\"article:published_time\" content=\"2018-11-09T09:22:33+00:00\" \/>\n\t\t<meta property=\"article:modified_time\" content=\"2018-11-09T09:22:33+00:00\" \/>\n\t\t<meta property=\"article:publisher\" content=\"https:\/\/www.facebook.com\/Nachofdezber\" \/>\n\t\t<meta property=\"article:author\" content=\"https:\/\/www.facebook.com\/carrenoactualidad\" \/>\n\t\t<meta name=\"twitter:card\" content=\"summary_large_image\" \/>\n\t\t<meta name=\"twitter:site\" content=\"@NabercoDigital\" \/>\n\t\t<meta name=\"twitter:title\" content=\"El Coro de la Bodega en Roma | Cand\u00e1s 365\" \/>\n\t\t<meta name=\"twitter:description\" content=\"Roma ser\u00e1 el pr\u00f3ximo escenario en el que el Coro de la Bodega dar\u00e1 su siguiente concierto. La Bas\u00edlica de San Pedro ubicada en la Ciudad del Vaticano acoger\u00e1 en la ma\u00f1ana de este domingo, 11 de noviembre la actuaci\u00f3n del coro candas\u00edn. \u201cPara Carre\u00f1o es un orgullo que esta entidad represente al concejo en\" \/>\n\t\t<meta name=\"twitter:creator\" content=\"@nbasturias\" \/>\n\t\t<meta name=\"twitter:image\" content=\"https:\/\/candas365.es\/noticias\/wp-content\/uploads\/2018\/11\/WFPE8925.jpg\" \/>\n\t\t<meta name=\"twitter:label1\" content=\"Escrito por\" \/>\n\t\t<meta name=\"twitter:data1\" content=\"Cand\u00e1s 365\" \/>\n\t\t<meta name=\"twitter:label2\" content=\"Tiempo de lectura estimado\" \/>\n\t\t<meta name=\"twitter:data2\" content=\"2 minutos\" \/>\n\t\t<script type=\"application\/ld+json\" class=\"aioseo-schema\">\n\t\t\t{\"@context\":\"https:\\\/\\\/schema.org\",\"@graph\":[{\"@type\":\"BreadcrumbList\",\"@id\":\"https:\\\/\\\/candas365.es\\\/noticias\\\/el-coro-de-la-bodega-en-roma\\\/#breadcrumblist\",\"itemListElement\":[{\"@type\":\"ListItem\",\"@id\":\"https:\\\/\\\/candas365.es\\\/noticias#listItem\",\"position\":1,\"name\":\"Home\",\"item\":\"https:\\\/\\\/candas365.es\\\/noticias\",\"nextItem\":{\"@type\":\"ListItem\",\"@id\":\"https:\\\/\\\/candas365.es\\\/noticias\\\/category\\\/noticias-carreno\\\/#listItem\",\"name\":\"Noticias Carre\\u00f1o\"}},{\"@type\":\"ListItem\",\"@id\":\"https:\\\/\\\/candas365.es\\\/noticias\\\/category\\\/noticias-carreno\\\/#listItem\",\"position\":2,\"name\":\"Noticias Carre\\u00f1o\",\"item\":\"https:\\\/\\\/candas365.es\\\/noticias\\\/category\\\/noticias-carreno\\\/\",\"nextItem\":{\"@type\":\"ListItem\",\"@id\":\"https:\\\/\\\/candas365.es\\\/noticias\\\/el-coro-de-la-bodega-en-roma\\\/#listItem\",\"name\":\"El Coro de la Bodega en Roma\"},\"previousItem\":{\"@type\":\"ListItem\",\"@id\":\"https:\\\/\\\/candas365.es\\\/noticias#listItem\",\"name\":\"Home\"}},{\"@type\":\"ListItem\",\"@id\":\"https:\\\/\\\/candas365.es\\\/noticias\\\/el-coro-de-la-bodega-en-roma\\\/#listItem\",\"position\":3,\"name\":\"El Coro de la Bodega en Roma\",\"previousItem\":{\"@type\":\"ListItem\",\"@id\":\"https:\\\/\\\/candas365.es\\\/noticias\\\/category\\\/noticias-carreno\\\/#listItem\",\"name\":\"Noticias Carre\\u00f1o\"}}]},{\"@type\":\"NewsArticle\",\"@id\":\"https:\\\/\\\/candas365.es\\\/noticias\\\/el-coro-de-la-bodega-en-roma\\\/#newsarticle\",\"name\":\"El Coro de la Bodega en Roma | Cand\\u00e1s 365\",\"headline\":\"El Coro de la Bodega en Roma\",\"author\":{\"@id\":\"https:\\\/\\\/candas365.es\\\/noticias\\\/author\\\/admin\\\/#author\"},\"publisher\":{\"@id\":\"https:\\\/\\\/candas365.es\\\/noticias\\\/#organization\"},\"image\":{\"@type\":\"ImageObject\",\"url\":\"https:\\\/\\\/candas365.es\\\/noticias\\\/wp-content\\\/uploads\\\/2018\\\/11\\\/WFPE8925.jpg\",\"width\":1600,\"height\":1200},\"datePublished\":\"2018-11-09T09:22:33+01:00\",\"dateModified\":\"2018-11-09T09:22:33+01:00\",\"inLanguage\":\"es-ES\",\"mainEntityOfPage\":{\"@id\":\"https:\\\/\\\/candas365.es\\\/noticias\\\/el-coro-de-la-bodega-en-roma\\\/#webpage\"},\"isPartOf\":{\"@id\":\"https:\\\/\\\/candas365.es\\\/noticias\\\/el-coro-de-la-bodega-en-roma\\\/#webpage\"},\"articleSection\":\"Noticias Carre\\u00f1o\",\"dateline\":\"Publicado el noviembre 9, 2018.\"},{\"@type\":\"Organization\",\"@id\":\"https:\\\/\\\/candas365.es\\\/noticias\\\/#organization\",\"name\":\"Cand\\u00e1s 365\",\"description\":\"Cand\\u00e1s 365 es un diario digital independiente, fundado en 2012, con base en Asturias. Informamos con rigor sobre actualidad, sociedad, cultura y ocio, con una mirada local y global.\",\"url\":\"https:\\\/\\\/candas365.es\\\/noticias\\\/\",\"email\":\"info@candas365.es\",\"telephone\":\"+34652131393\",\"foundingDate\":\"2012-06-10\",\"logo\":{\"@type\":\"ImageObject\",\"url\":\"https:\\\/\\\/candas365.es\\\/noticias\\\/wp-content\\\/uploads\\\/2024\\\/09\\\/Candas-365-Redes.jpg\",\"@id\":\"https:\\\/\\\/candas365.es\\\/noticias\\\/el-coro-de-la-bodega-en-roma\\\/#organizationLogo\",\"width\":1152,\"height\":864,\"caption\":\"Cand\\u00e1s 365 Redes\"},\"image\":{\"@id\":\"https:\\\/\\\/candas365.es\\\/noticias\\\/el-coro-de-la-bodega-en-roma\\\/#organizationLogo\"},\"sameAs\":[\"https:\\\/\\\/www.facebook.com\\\/Nachofdezber\",\"https:\\\/\\\/x.com\\\/NabercoDigital\",\"https:\\\/\\\/www.instagram.com\\\/nachofdezber\\\/\",\"https:\\\/\\\/www.youtube.com\\\/channel\\\/UCZP-2wLEB9Rv6erhFmqVnvg\"],\"address\":{\"@id\":\"https:\\\/\\\/candas365.es\\\/noticias\\\/#postaladdress\",\"@type\":\"PostalAddress\",\"streetAddress\":\"san antonio 4, san antonio 4\",\"postalCode\":\"33430\",\"addressLocality\":\"Cand\\u00e1s\",\"addressRegion\":\"Asturias\",\"addressCountry\":\"ES\"}},{\"@type\":\"Person\",\"@id\":\"https:\\\/\\\/candas365.es\\\/noticias\\\/author\\\/admin\\\/#author\",\"url\":\"https:\\\/\\\/candas365.es\\\/noticias\\\/author\\\/admin\\\/\",\"name\":\"Cand\\u00e1s 365\",\"image\":{\"@type\":\"ImageObject\",\"@id\":\"https:\\\/\\\/candas365.es\\\/noticias\\\/el-coro-de-la-bodega-en-roma\\\/#authorImage\",\"url\":\"https:\\\/\\\/secure.gravatar.com\\\/avatar\\\/496a8e03d0c493ede1718b7934145dbdf8d89be1036b0eec9544e1094c9de390?s=96&d=mm&r=g\",\"width\":96,\"height\":96,\"caption\":\"Cand\\u00e1s 365\"},\"sameAs\":[\"https:\\\/\\\/www.facebook.com\\\/carrenoactualidad\",\"https:\\\/\\\/twitter.com\\\/nbasturias\",\"https:\\\/\\\/www.instagram.com\\\/nachofdezber\\\/\",\"https:\\\/\\\/www.youtube.com\\\/channel\\\/UCZP-2wLEB9Rv6erhFmqVnvg\"]},{\"@type\":\"WebPage\",\"@id\":\"https:\\\/\\\/candas365.es\\\/noticias\\\/el-coro-de-la-bodega-en-roma\\\/#webpage\",\"url\":\"https:\\\/\\\/candas365.es\\\/noticias\\\/el-coro-de-la-bodega-en-roma\\\/\",\"name\":\"El Coro de la Bodega en Roma | Cand\\u00e1s 365\",\"description\":\"Roma ser\\u00e1 el pr\\u00f3ximo escenario en el que el Coro de la Bodega dar\\u00e1 su siguiente concierto. La Bas\\u00edlica de San Pedro ubicada en la Ciudad del Vaticano acoger\\u00e1 en la ma\\u00f1ana de este domingo, 11 de noviembre la actuaci\\u00f3n del coro candas\\u00edn. \\u201cPara Carre\\u00f1o es un orgullo que esta entidad represente al concejo en\",\"inLanguage\":\"es-ES\",\"isPartOf\":{\"@id\":\"https:\\\/\\\/candas365.es\\\/noticias\\\/#website\"},\"breadcrumb\":{\"@id\":\"https:\\\/\\\/candas365.es\\\/noticias\\\/el-coro-de-la-bodega-en-roma\\\/#breadcrumblist\"},\"author\":{\"@id\":\"https:\\\/\\\/candas365.es\\\/noticias\\\/author\\\/admin\\\/#author\"},\"creator\":{\"@id\":\"https:\\\/\\\/candas365.es\\\/noticias\\\/author\\\/admin\\\/#author\"},\"image\":{\"@type\":\"ImageObject\",\"url\":\"https:\\\/\\\/candas365.es\\\/noticias\\\/wp-content\\\/uploads\\\/2018\\\/11\\\/WFPE8925.jpg\",\"@id\":\"https:\\\/\\\/candas365.es\\\/noticias\\\/el-coro-de-la-bodega-en-roma\\\/#mainImage\",\"width\":1600,\"height\":1200},\"primaryImageOfPage\":{\"@id\":\"https:\\\/\\\/candas365.es\\\/noticias\\\/el-coro-de-la-bodega-en-roma\\\/#mainImage\"},\"datePublished\":\"2018-11-09T09:22:33+01:00\",\"dateModified\":\"2018-11-09T09:22:33+01:00\"},{\"@type\":\"WebSite\",\"@id\":\"https:\\\/\\\/candas365.es\\\/noticias\\\/#website\",\"url\":\"https:\\\/\\\/candas365.es\\\/noticias\\\/\",\"name\":\"Cand\\u00e1s 365\",\"alternateName\":\"Cand\\u00e1s 365 Noticias\",\"description\":\"Actualidad desde Carre\\u00f1o para el mundo\",\"inLanguage\":\"es-ES\",\"publisher\":{\"@id\":\"https:\\\/\\\/candas365.es\\\/noticias\\\/#organization\"}}]}\n\t\t<\/script>\n\t\t<!-- All in One SEO Pro -->\r\n\t\t<title>El Coro de la Bodega en Roma | Cand\u00e1s 365<\/title>\n\n","aioseo_head_json":{"title":"El Coro de la Bodega en Roma | Cand\u00e1s 365","description":"Roma ser\u00e1 el pr\u00f3ximo escenario en el que el Coro de la Bodega dar\u00e1 su siguiente concierto. La Bas\u00edlica de San Pedro ubicada en la Ciudad del Vaticano acoger\u00e1 en la ma\u00f1ana de este domingo, 11 de noviembre la actuaci\u00f3n del coro candas\u00edn. \u201cPara Carre\u00f1o es un orgullo que esta entidad represente al concejo en","canonical_url":"https:\/\/candas365.es\/noticias\/el-coro-de-la-bodega-en-roma\/","robots":"max-image-preview:large","keywords":"noticias carre\u00f1o","webmasterTools":{"google-site-verification":"UA-32230408-1","msvalidate.01":"354F3CDFB2DA171B47FBE9ABF1F88D5","miscellaneous":""},"schema":{"@context":"https:\/\/schema.org","@graph":[{"@type":"BreadcrumbList","@id":"https:\/\/candas365.es\/noticias\/el-coro-de-la-bodega-en-roma\/#breadcrumblist","itemListElement":[{"@type":"ListItem","@id":"https:\/\/candas365.es\/noticias#listItem","position":1,"name":"Home","item":"https:\/\/candas365.es\/noticias","nextItem":{"@type":"ListItem","@id":"https:\/\/candas365.es\/noticias\/category\/noticias-carreno\/#listItem","name":"Noticias Carre\u00f1o"}},{"@type":"ListItem","@id":"https:\/\/candas365.es\/noticias\/category\/noticias-carreno\/#listItem","position":2,"name":"Noticias Carre\u00f1o","item":"https:\/\/candas365.es\/noticias\/category\/noticias-carreno\/","nextItem":{"@type":"ListItem","@id":"https:\/\/candas365.es\/noticias\/el-coro-de-la-bodega-en-roma\/#listItem","name":"El Coro de la Bodega en Roma"},"previousItem":{"@type":"ListItem","@id":"https:\/\/candas365.es\/noticias#listItem","name":"Home"}},{"@type":"ListItem","@id":"https:\/\/candas365.es\/noticias\/el-coro-de-la-bodega-en-roma\/#listItem","position":3,"name":"El Coro de la Bodega en Roma","previousItem":{"@type":"ListItem","@id":"https:\/\/candas365.es\/noticias\/category\/noticias-carreno\/#listItem","name":"Noticias Carre\u00f1o"}}]},{"@type":"NewsArticle","@id":"https:\/\/candas365.es\/noticias\/el-coro-de-la-bodega-en-roma\/#newsarticle","name":"El Coro de la Bodega en Roma | Cand\u00e1s 365","headline":"El Coro de la Bodega en Roma","author":{"@id":"https:\/\/candas365.es\/noticias\/author\/admin\/#author"},"publisher":{"@id":"https:\/\/candas365.es\/noticias\/#organization"},"image":{"@type":"ImageObject","url":"https:\/\/candas365.es\/noticias\/wp-content\/uploads\/2018\/11\/WFPE8925.jpg","width":1600,"height":1200},"datePublished":"2018-11-09T09:22:33+01:00","dateModified":"2018-11-09T09:22:33+01:00","inLanguage":"es-ES","mainEntityOfPage":{"@id":"https:\/\/candas365.es\/noticias\/el-coro-de-la-bodega-en-roma\/#webpage"},"isPartOf":{"@id":"https:\/\/candas365.es\/noticias\/el-coro-de-la-bodega-en-roma\/#webpage"},"articleSection":"Noticias Carre\u00f1o","dateline":"Publicado el noviembre 9, 2018."},{"@type":"Organization","@id":"https:\/\/candas365.es\/noticias\/#organization","name":"Cand\u00e1s 365","description":"Cand\u00e1s 365 es un diario digital independiente, fundado en 2012, con base en Asturias. Informamos con rigor sobre actualidad, sociedad, cultura y ocio, con una mirada local y global.","url":"https:\/\/candas365.es\/noticias\/","email":"info@candas365.es","telephone":"+34652131393","foundingDate":"2012-06-10","logo":{"@type":"ImageObject","url":"https:\/\/candas365.es\/noticias\/wp-content\/uploads\/2024\/09\/Candas-365-Redes.jpg","@id":"https:\/\/candas365.es\/noticias\/el-coro-de-la-bodega-en-roma\/#organizationLogo","width":1152,"height":864,"caption":"Cand\u00e1s 365 Redes"},"image":{"@id":"https:\/\/candas365.es\/noticias\/el-coro-de-la-bodega-en-roma\/#organizationLogo"},"sameAs":["https:\/\/www.facebook.com\/Nachofdezber","https:\/\/x.com\/NabercoDigital","https:\/\/www.instagram.com\/nachofdezber\/","https:\/\/www.youtube.com\/channel\/UCZP-2wLEB9Rv6erhFmqVnvg"],"address":{"@id":"https:\/\/candas365.es\/noticias\/#postaladdress","@type":"PostalAddress","streetAddress":"san antonio 4, san antonio 4","postalCode":"33430","addressLocality":"Cand\u00e1s","addressRegion":"Asturias","addressCountry":"ES"}},{"@type":"Person","@id":"https:\/\/candas365.es\/noticias\/author\/admin\/#author","url":"https:\/\/candas365.es\/noticias\/author\/admin\/","name":"Cand\u00e1s 365","image":{"@type":"ImageObject","@id":"https:\/\/candas365.es\/noticias\/el-coro-de-la-bodega-en-roma\/#authorImage","url":"https:\/\/secure.gravatar.com\/avatar\/496a8e03d0c493ede1718b7934145dbdf8d89be1036b0eec9544e1094c9de390?s=96&d=mm&r=g","width":96,"height":96,"caption":"Cand\u00e1s 365"},"sameAs":["https:\/\/www.facebook.com\/carrenoactualidad","https:\/\/twitter.com\/nbasturias","https:\/\/www.instagram.com\/nachofdezber\/","https:\/\/www.youtube.com\/channel\/UCZP-2wLEB9Rv6erhFmqVnvg"]},{"@type":"WebPage","@id":"https:\/\/candas365.es\/noticias\/el-coro-de-la-bodega-en-roma\/#webpage","url":"https:\/\/candas365.es\/noticias\/el-coro-de-la-bodega-en-roma\/","name":"El Coro de la Bodega en Roma | Cand\u00e1s 365","description":"Roma ser\u00e1 el pr\u00f3ximo escenario en el que el Coro de la Bodega dar\u00e1 su siguiente concierto. La Bas\u00edlica de San Pedro ubicada en la Ciudad del Vaticano acoger\u00e1 en la ma\u00f1ana de este domingo, 11 de noviembre la actuaci\u00f3n del coro candas\u00edn. \u201cPara Carre\u00f1o es un orgullo que esta entidad represente al concejo en","inLanguage":"es-ES","isPartOf":{"@id":"https:\/\/candas365.es\/noticias\/#website"},"breadcrumb":{"@id":"https:\/\/candas365.es\/noticias\/el-coro-de-la-bodega-en-roma\/#breadcrumblist"},"author":{"@id":"https:\/\/candas365.es\/noticias\/author\/admin\/#author"},"creator":{"@id":"https:\/\/candas365.es\/noticias\/author\/admin\/#author"},"image":{"@type":"ImageObject","url":"https:\/\/candas365.es\/noticias\/wp-content\/uploads\/2018\/11\/WFPE8925.jpg","@id":"https:\/\/candas365.es\/noticias\/el-coro-de-la-bodega-en-roma\/#mainImage","width":1600,"height":1200},"primaryImageOfPage":{"@id":"https:\/\/candas365.es\/noticias\/el-coro-de-la-bodega-en-roma\/#mainImage"},"datePublished":"2018-11-09T09:22:33+01:00","dateModified":"2018-11-09T09:22:33+01:00"},{"@type":"WebSite","@id":"https:\/\/candas365.es\/noticias\/#website","url":"https:\/\/candas365.es\/noticias\/","name":"Cand\u00e1s 365","alternateName":"Cand\u00e1s 365 Noticias","description":"Actualidad desde Carre\u00f1o para el mundo","inLanguage":"es-ES","publisher":{"@id":"https:\/\/candas365.es\/noticias\/#organization"}}]},"og:locale":"es_ES","og:site_name":"Cand\u00e1s 365","og:type":"article","og:title":"El Coro de la Bodega en Roma | Cand\u00e1s 365","og:description":"Roma ser\u00e1 el pr\u00f3ximo escenario en el que el Coro de la Bodega dar\u00e1 su siguiente concierto. La Bas\u00edlica de San Pedro ubicada en la Ciudad del Vaticano acoger\u00e1 en la ma\u00f1ana de este domingo, 11 de noviembre la actuaci\u00f3n del coro candas\u00edn. \u201cPara Carre\u00f1o es un orgullo que esta entidad represente al concejo en","og:url":"https:\/\/candas365.es\/noticias\/el-coro-de-la-bodega-en-roma\/","og:image":"https:\/\/candas365.es\/noticias\/wp-content\/uploads\/2018\/11\/WFPE8925.jpg","og:image:secure_url":"https:\/\/candas365.es\/noticias\/wp-content\/uploads\/2018\/11\/WFPE8925.jpg","og:image:width":1600,"og:image:height":1200,"article:published_time":"2018-11-09T09:22:33+00:00","article:modified_time":"2018-11-09T09:22:33+00:00","article:publisher":"https:\/\/www.facebook.com\/Nachofdezber","article:author":"https:\/\/www.facebook.com\/carrenoactualidad","twitter:card":"summary_large_image","twitter:site":"@NabercoDigital","twitter:title":"El Coro de la Bodega en Roma | Cand\u00e1s 365","twitter:description":"Roma ser\u00e1 el pr\u00f3ximo escenario en el que el Coro de la Bodega dar\u00e1 su siguiente concierto. La Bas\u00edlica de San Pedro ubicada en la Ciudad del Vaticano acoger\u00e1 en la ma\u00f1ana de este domingo, 11 de noviembre la actuaci\u00f3n del coro candas\u00edn. \u201cPara Carre\u00f1o es un orgullo que esta entidad represente al concejo en","twitter:creator":"@nbasturias","twitter:image":"https:\/\/candas365.es\/noticias\/wp-content\/uploads\/2018\/11\/WFPE8925.jpg","twitter:label1":"Escrito por","twitter:data1":"Cand\u00e1s 365","twitter:label2":"Tiempo de lectura estimado","twitter:data2":"2 minutos"},"aioseo_meta_data":{"post_id":"109513","title":null,"description":null,"keywords":null,"keyphrases":null,"primary_term":null,"canonical_url":null,"og_title":null,"og_description":null,"og_object_type":"default","og_image_type":"default","og_image_url":null,"og_image_width":null,"og_image_height":null,"og_image_custom_url":null,"og_image_custom_fields":null,"og_video":null,"og_custom_url":null,"og_article_section":null,"og_article_tags":null,"twitter_use_og":false,"twitter_card":"default","twitter_image_type":"default","twitter_image_url":null,"twitter_image_custom_url":null,"twitter_image_custom_fields":null,"twitter_title":null,"twitter_description":null,"schema":{"blockGraphs":[],"customGraphs":[],"default":{"data":{"Article":[],"Course":[],"Dataset":[],"FAQPage":[],"Movie":[],"Person":[],"Product":[],"ProductReview":[],"Car":[],"Recipe":[],"Service":[],"SoftwareApplication":[],"WebPage":[]},"graphName":"","isEnabled":true},"graphs":[],"defaultGraph":"","defaultPostTypeGraph":""},"schema_type":null,"schema_type_options":null,"pillar_content":false,"robots_default":true,"robots_noindex":false,"robots_noarchive":false,"robots_nosnippet":false,"robots_nofollow":false,"robots_noimageindex":false,"robots_noodp":false,"robots_notranslate":false,"robots_max_snippet":null,"robots_max_videopreview":null,"robots_max_imagepreview":"large","priority":null,"frequency":null,"location":null,"local_seo":null,"seo_analyzer_scan_date":"2025-08-28 09:56:19","breadcrumb_settings":null,"limit_modified_date":false,"reviewed_by":null,"open_ai":null,"ai":null,"created":"2020-12-21 11:39:20","updated":"2025-08-28 09:56:19"},"aioseo_breadcrumb":"<div class=\"aioseo-breadcrumbs\"><span class=\"aioseo-breadcrumb\">\n\t<a href=\"https:\/\/candas365.es\/noticias\" title=\"Home\">Home<\/a>\n<\/span><span class=\"aioseo-breadcrumb-separator\">&ndash;<\/span><span class=\"aioseo-breadcrumb\">\n\t<a href=\"https:\/\/candas365.es\/noticias\/category\/noticias-carreno\/\" title=\"Noticias Carre\u00f1o\">Noticias Carre\u00f1o<\/a>\n<\/span><span class=\"aioseo-breadcrumb-separator\">&ndash;<\/span><span class=\"aioseo-breadcrumb\">\n\tEl Coro de la Bodega en Roma\n<\/span><\/div>","aioseo_breadcrumb_json":[{"label":"Home","link":"https:\/\/candas365.es\/noticias"},{"label":"Noticias Carre\u00f1o","link":"https:\/\/candas365.es\/noticias\/category\/noticias-carreno\/"},{"label":"El Coro de la Bodega en Roma","link":"https:\/\/candas365.es\/noticias\/el-coro-de-la-bodega-en-roma\/"}],"_links":{"self":[{"href":"https:\/\/candas365.es\/noticias\/wp-json\/wp\/v2\/posts\/109513","targetHints":{"allow":["GET"]}}],"collection":[{"href":"https:\/\/candas365.es\/noticias\/wp-json\/wp\/v2\/posts"}],"about":[{"href":"https:\/\/candas365.es\/noticias\/wp-json\/wp\/v2\/types\/post"}],"author":[{"embeddable":true,"href":"https:\/\/candas365.es\/noticias\/wp-json\/wp\/v2\/users\/1"}],"replies":[{"embeddable":true,"href":"https:\/\/candas365.es\/noticias\/wp-json\/wp\/v2\/comments?post=109513"}],"version-history":[{"count":0,"href":"https:\/\/candas365.es\/noticias\/wp-json\/wp\/v2\/posts\/109513\/revisions"}],"wp:featuredmedia":[{"embeddable":true,"href":"https:\/\/candas365.es\/noticias\/wp-json\/wp\/v2\/media\/109514"}],"wp:attachment":[{"href":"https:\/\/candas365.es\/noticias\/wp-json\/wp\/v2\/media?parent=109513"}],"wp:term":[{"taxonomy":"category","embeddable":true,"href":"https:\/\/candas365.es\/noticias\/wp-json\/wp\/v2\/categories?post=109513"},{"taxonomy":"post_tag","embeddable":true,"href":"https:\/\/candas365.es\/noticias\/wp-json\/wp\/v2\/tags?post=109513"}],"curies":[{"name":"wp","href":"https:\/\/api.w.org\/{rel}","templated":true}]}}