{"id":109510,"date":"2018-11-09T09:15:20","date_gmt":"2018-11-09T09:15:20","guid":{"rendered":"http:\/\/candas365.es\/noticias\/?p=109510"},"modified":"2018-11-09T09:15:20","modified_gmt":"2018-11-09T09:15:20","slug":"la-maranuela-de-candas-viaja-a-parres","status":"publish","type":"post","link":"https:\/\/candas365.es\/noticias\/la-maranuela-de-candas-viaja-a-parres\/","title":{"rendered":"La mara\u00f1uela de Cand\u00e1s \u201cviaja\u201d a Parres"},"content":{"rendered":"<p><img fetchpriority=\"high\" decoding=\"async\" class=\"alignleft size-medium wp-image-109511\" src=\"https:\/\/candas365.es\/noticias\/wp-content\/uploads\/2018\/11\/mara\u00f1ueles-candas-360x240.jpg\" alt=\"\" width=\"360\" height=\"240\" srcset=\"https:\/\/candas365.es\/noticias\/wp-content\/uploads\/2018\/11\/mara\u00f1ueles-candas-360x240.jpg 360w, https:\/\/candas365.es\/noticias\/wp-content\/uploads\/2018\/11\/mara\u00f1ueles-candas-768x512.jpg 768w, https:\/\/candas365.es\/noticias\/wp-content\/uploads\/2018\/11\/mara\u00f1ueles-candas-655x437.jpg 655w, https:\/\/candas365.es\/noticias\/wp-content\/uploads\/2018\/11\/mara\u00f1ueles-candas-696x464.jpg 696w, https:\/\/candas365.es\/noticias\/wp-content\/uploads\/2018\/11\/mara\u00f1ueles-candas-630x420.jpg 630w, https:\/\/candas365.es\/noticias\/wp-content\/uploads\/2018\/11\/mara\u00f1ueles-candas.jpg 1000w\" sizes=\"(max-width: 360px) 100vw, 360px\" \/>La mara\u00f1uela de Cand\u00e1s se hace un hueco en la gastronom\u00eda del oriente asturiano. Este s\u00e1bado, d\u00eda 10 de noviembre nuestro postre t\u00edpico se presenta en el municipio de Parres. La presentaci\u00f3n tendr\u00e1 lugar en el XXVIII Certamen de la Casta\u00f1a y productos de la Huerta que se celebra del 10 al 11 de noviembre en la capital del Concejo, Arriondas.<\/p>\n<p>La presencia del postre t\u00edpico candas\u00edn se debe a su inclusi\u00f3n en la marca de calidad del Principado de Asturias \u00abAlimentos del Para\u00edso\u00bb. Cuya finalidad es distinguir en el mercado determinados productos agroalimentarios y pesqueros destinados al consumo humano. Productos producidos y\/o elaborados en nuestra comunidad, re\u00fanan unas condiciones y cumplan unos requisitos que garanticen a los y las consumidoras su origen geogr\u00e1fico y su calidad certificada.<\/p>\n<p>Cuatro son los obradores de Carre\u00f1o que cuentan en este momento con la reconocida marca asturiana. Para la cual desde el Ayuntamiento de Carre\u00f1o se vienen convocando ayudas econ\u00f3micas con la intenci\u00f3n de ayudar a los\/as productores\/as de la mara\u00f1uela en los gastos econ\u00f3micos que est\u00e1 inclusi\u00f3n les supone.<\/p>\n<p>La presencia de Carre\u00f1o en el certamen correr\u00e1 a cargo del obrador que regentan <strong>Oliva Echevarr\u00eda y Lorenzo Garc\u00eda<\/strong>, denominado Casina del Pan y del grupo de Teatro Amateur \u201cLes Ayalgues\u201d de Carre\u00f1o que promocionar\u00e1n el consumo del producto con una actividad teatralizada. Desde el Ayuntamiento se inform\u00f3 y facilit\u00f3 la asistencia y participaci\u00f3n a todos los obradores que tienen la marca, siendo el sito en la calle Avda. Reina Mar\u00eda Cristina el que finalmente confirm\u00f3 su disponibilidad.<\/p>\n<p>\u201cOliva, mostrar\u00e1 en Parres el proceso de elaboraci\u00f3n del dulce. En las mismas instalaciones del Festival ser\u00e1 la encargada de dirigir una master-class sobre la elaboraci\u00f3n de la mara\u00f1uela de Cand\u00e1s realizando todo el proceso salvo el horneado de la pasta por falta de tiempo. Aunque para que las personas asistentes puedan degustar el postre se llevar\u00e1n unas unidades ya cocidas\u201d- se\u00f1al\u00f3 Cecilia Tasc\u00f3n, concejala de Carre\u00f1o.<\/p>\n<p>\u201cPor otro lado, Les Ayalgues promocionar\u00e1n el consumo del postre local. Lo har\u00e1n con una actuaci\u00f3n teatralizada por el entorno de la plaza parraguesa sobre la popular mara\u00f1uela candasina. Recorrer\u00e1n el certamen y con su gracia y su chispa invitar\u00e1n a las personas asistentes a probar este dulce tan t\u00edpico de la gastronom\u00eda asturiana. El comercio no es ajeno al teatro. La C\u00e1mara de Comercio de Madrid, numerosas marcas comerciales usan como herramienta de marketing y ventas figuras de actores y actrices. As\u00ed que vamos apostar por sumar sinergias y que el grupo de teatro amateur que dirige Gemma de Luis use el teatro para contribuir a promocionar nuestros dulces, d\u00e1ndolos a conocer fuera de la comarca de Pe\u00f1as, mejorando su imagen y posici\u00f3n de forma que adquieran una importancia relevante tanto dentro del sector alimentario como en la sociedad en general.\u201d- prosigui\u00f3 Tasc\u00f3n.<\/p>\n<p>Adem\u00e1s de la elaboraci\u00f3n de mara\u00f1uela en situ, el Ayuntamiento de Carre\u00f1o prestar\u00e1 el v\u00eddeo promocional que explica la importancia del producto para su lugar de origen y en el que se detalla su historia. La presentaci\u00f3n comenzar\u00e1 a las 12:30 horas y contar\u00e1 con la presencia de la concejala de Cultura Cecilia Tasc\u00f3n.<\/p>\n","protected":false},"excerpt":{"rendered":"<p>La mara\u00f1uela de Cand\u00e1s se hace un hueco en la gastronom\u00eda del oriente asturiano. Este s\u00e1bado, d\u00eda 10 de noviembre nuestro postre t\u00edpico se presenta en el municipio de Parres. La presentaci\u00f3n tendr\u00e1 lugar en el XXVIII Certamen de la Casta\u00f1a y productos de la Huerta que se celebra del 10 al 11 de noviembre<\/p>\n","protected":false},"author":1,"featured_media":109511,"comment_status":"closed","ping_status":"closed","sticky":false,"template":"","format":"standard","meta":{"footnotes":""},"categories":[2],"tags":[],"class_list":{"0":"post-109510","1":"post","2":"type-post","3":"status-publish","4":"format-standard","5":"has-post-thumbnail","7":"category-noticias-carreno"},"aioseo_notices":[],"aioseo_head":"\n\t\t<!-- All in One SEO Pro 4.9.6.2 - aioseo.com -->\n\t<meta name=\"description\" content=\"La mara\u00f1uela de Cand\u00e1s se hace un hueco en la gastronom\u00eda del oriente asturiano. Este s\u00e1bado, d\u00eda 10 de noviembre nuestro postre t\u00edpico se presenta en el municipio de Parres. La presentaci\u00f3n tendr\u00e1 lugar en el XXVIII Certamen de la Casta\u00f1a y productos de la Huerta que se celebra del 10 al 11 de noviembre\" \/>\n\t<meta name=\"robots\" content=\"max-image-preview:large\" \/>\n\t<meta name=\"author\" content=\"Cand\u00e1s 365\"\/>\n\t<meta name=\"google-site-verification\" content=\"UA-32230408-1\" \/>\n\t<meta name=\"msvalidate.01\" content=\"354F3CDFB2DA171B47FBE9ABF1F88D5\" \/>\n\t<meta name=\"keywords\" content=\"noticias carre\u00f1o\" \/>\n\t<link rel=\"canonical\" href=\"https:\/\/candas365.es\/noticias\/la-maranuela-de-candas-viaja-a-parres\/\" \/>\n\t<meta name=\"generator\" content=\"All in One SEO Pro (AIOSEO) 4.9.6.2\" \/>\n\t\t<meta property=\"og:locale\" content=\"es_ES\" \/>\n\t\t<meta property=\"og:site_name\" content=\"Cand\u00e1s 365\" \/>\n\t\t<meta property=\"og:type\" content=\"article\" \/>\n\t\t<meta property=\"og:title\" content=\"La mara\u00f1uela de Cand\u00e1s \u201cviaja\u201d a Parres | Cand\u00e1s 365\" \/>\n\t\t<meta property=\"og:description\" content=\"La mara\u00f1uela de Cand\u00e1s se hace un hueco en la gastronom\u00eda del oriente asturiano. Este s\u00e1bado, d\u00eda 10 de noviembre nuestro postre t\u00edpico se presenta en el municipio de Parres. La presentaci\u00f3n tendr\u00e1 lugar en el XXVIII Certamen de la Casta\u00f1a y productos de la Huerta que se celebra del 10 al 11 de noviembre\" \/>\n\t\t<meta property=\"og:url\" content=\"https:\/\/candas365.es\/noticias\/la-maranuela-de-candas-viaja-a-parres\/\" \/>\n\t\t<meta property=\"og:image\" content=\"https:\/\/candas365.es\/noticias\/wp-content\/uploads\/2018\/11\/mara\u00f1ueles-candas.jpg\" \/>\n\t\t<meta property=\"og:image:secure_url\" content=\"https:\/\/candas365.es\/noticias\/wp-content\/uploads\/2018\/11\/mara\u00f1ueles-candas.jpg\" \/>\n\t\t<meta property=\"og:image:width\" content=\"1000\" \/>\n\t\t<meta property=\"og:image:height\" content=\"667\" \/>\n\t\t<meta property=\"article:published_time\" content=\"2018-11-09T09:15:20+00:00\" \/>\n\t\t<meta property=\"article:modified_time\" content=\"2018-11-09T09:15:20+00:00\" \/>\n\t\t<meta property=\"article:publisher\" content=\"https:\/\/www.facebook.com\/Nachofdezber\" \/>\n\t\t<meta property=\"article:author\" content=\"https:\/\/www.facebook.com\/carrenoactualidad\" \/>\n\t\t<meta name=\"twitter:card\" content=\"summary_large_image\" \/>\n\t\t<meta name=\"twitter:site\" content=\"@NabercoDigital\" \/>\n\t\t<meta name=\"twitter:title\" content=\"La mara\u00f1uela de Cand\u00e1s \u201cviaja\u201d a Parres | Cand\u00e1s 365\" \/>\n\t\t<meta name=\"twitter:description\" content=\"La mara\u00f1uela de Cand\u00e1s se hace un hueco en la gastronom\u00eda del oriente asturiano. Este s\u00e1bado, d\u00eda 10 de noviembre nuestro postre t\u00edpico se presenta en el municipio de Parres. La presentaci\u00f3n tendr\u00e1 lugar en el XXVIII Certamen de la Casta\u00f1a y productos de la Huerta que se celebra del 10 al 11 de noviembre\" \/>\n\t\t<meta name=\"twitter:creator\" content=\"@nbasturias\" \/>\n\t\t<meta name=\"twitter:image\" content=\"https:\/\/candas365.es\/noticias\/wp-content\/uploads\/2018\/11\/mara\u00f1ueles-candas.jpg\" \/>\n\t\t<meta name=\"twitter:label1\" content=\"Escrito por\" \/>\n\t\t<meta name=\"twitter:data1\" content=\"Cand\u00e1s 365\" \/>\n\t\t<meta name=\"twitter:label2\" content=\"Tiempo de lectura estimado\" \/>\n\t\t<meta name=\"twitter:data2\" content=\"3 minutos\" \/>\n\t\t<script type=\"application\/ld+json\" class=\"aioseo-schema\">\n\t\t\t{\"@context\":\"https:\\\/\\\/schema.org\",\"@graph\":[{\"@type\":\"BreadcrumbList\",\"@id\":\"https:\\\/\\\/candas365.es\\\/noticias\\\/la-maranuela-de-candas-viaja-a-parres\\\/#breadcrumblist\",\"itemListElement\":[{\"@type\":\"ListItem\",\"@id\":\"https:\\\/\\\/candas365.es\\\/noticias#listItem\",\"position\":1,\"name\":\"Home\",\"item\":\"https:\\\/\\\/candas365.es\\\/noticias\",\"nextItem\":{\"@type\":\"ListItem\",\"@id\":\"https:\\\/\\\/candas365.es\\\/noticias\\\/category\\\/noticias-carreno\\\/#listItem\",\"name\":\"Noticias Carre\\u00f1o\"}},{\"@type\":\"ListItem\",\"@id\":\"https:\\\/\\\/candas365.es\\\/noticias\\\/category\\\/noticias-carreno\\\/#listItem\",\"position\":2,\"name\":\"Noticias Carre\\u00f1o\",\"item\":\"https:\\\/\\\/candas365.es\\\/noticias\\\/category\\\/noticias-carreno\\\/\",\"nextItem\":{\"@type\":\"ListItem\",\"@id\":\"https:\\\/\\\/candas365.es\\\/noticias\\\/la-maranuela-de-candas-viaja-a-parres\\\/#listItem\",\"name\":\"La mara\\u00f1uela de Cand\\u00e1s \\u201cviaja\\u201d a Parres\"},\"previousItem\":{\"@type\":\"ListItem\",\"@id\":\"https:\\\/\\\/candas365.es\\\/noticias#listItem\",\"name\":\"Home\"}},{\"@type\":\"ListItem\",\"@id\":\"https:\\\/\\\/candas365.es\\\/noticias\\\/la-maranuela-de-candas-viaja-a-parres\\\/#listItem\",\"position\":3,\"name\":\"La mara\\u00f1uela de Cand\\u00e1s \\u201cviaja\\u201d a Parres\",\"previousItem\":{\"@type\":\"ListItem\",\"@id\":\"https:\\\/\\\/candas365.es\\\/noticias\\\/category\\\/noticias-carreno\\\/#listItem\",\"name\":\"Noticias Carre\\u00f1o\"}}]},{\"@type\":\"NewsArticle\",\"@id\":\"https:\\\/\\\/candas365.es\\\/noticias\\\/la-maranuela-de-candas-viaja-a-parres\\\/#newsarticle\",\"name\":\"La mara\\u00f1uela de Cand\\u00e1s \\u201cviaja\\u201d a Parres | Cand\\u00e1s 365\",\"headline\":\"La mara\\u00f1uela de Cand\\u00e1s \\u201cviaja\\u201d a Parres\",\"author\":{\"@id\":\"https:\\\/\\\/candas365.es\\\/noticias\\\/author\\\/admin\\\/#author\"},\"publisher\":{\"@id\":\"https:\\\/\\\/candas365.es\\\/noticias\\\/#organization\"},\"image\":{\"@type\":\"ImageObject\",\"url\":\"https:\\\/\\\/candas365.es\\\/noticias\\\/wp-content\\\/uploads\\\/2018\\\/11\\\/mara\\u00f1ueles-candas.jpg\",\"width\":1000,\"height\":667},\"datePublished\":\"2018-11-09T09:15:20+01:00\",\"dateModified\":\"2018-11-09T09:15:20+01:00\",\"inLanguage\":\"es-ES\",\"mainEntityOfPage\":{\"@id\":\"https:\\\/\\\/candas365.es\\\/noticias\\\/la-maranuela-de-candas-viaja-a-parres\\\/#webpage\"},\"isPartOf\":{\"@id\":\"https:\\\/\\\/candas365.es\\\/noticias\\\/la-maranuela-de-candas-viaja-a-parres\\\/#webpage\"},\"articleSection\":\"Noticias Carre\\u00f1o\",\"dateline\":\"Publicado el noviembre 9, 2018.\"},{\"@type\":\"Organization\",\"@id\":\"https:\\\/\\\/candas365.es\\\/noticias\\\/#organization\",\"name\":\"Cand\\u00e1s 365\",\"description\":\"Cand\\u00e1s 365 es un diario digital independiente, fundado en 2012, con base en Asturias. Informamos con rigor sobre actualidad, sociedad, cultura y ocio, con una mirada local y global.\",\"url\":\"https:\\\/\\\/candas365.es\\\/noticias\\\/\",\"email\":\"info@candas365.es\",\"telephone\":\"+34652131393\",\"foundingDate\":\"2012-06-10\",\"logo\":{\"@type\":\"ImageObject\",\"url\":\"https:\\\/\\\/candas365.es\\\/noticias\\\/wp-content\\\/uploads\\\/2024\\\/09\\\/Candas-365-Redes.jpg\",\"@id\":\"https:\\\/\\\/candas365.es\\\/noticias\\\/la-maranuela-de-candas-viaja-a-parres\\\/#organizationLogo\",\"width\":1152,\"height\":864,\"caption\":\"Cand\\u00e1s 365 Redes\"},\"image\":{\"@id\":\"https:\\\/\\\/candas365.es\\\/noticias\\\/la-maranuela-de-candas-viaja-a-parres\\\/#organizationLogo\"},\"sameAs\":[\"https:\\\/\\\/www.facebook.com\\\/Nachofdezber\",\"https:\\\/\\\/x.com\\\/NabercoDigital\",\"https:\\\/\\\/www.instagram.com\\\/nachofdezber\\\/\",\"https:\\\/\\\/www.youtube.com\\\/channel\\\/UCZP-2wLEB9Rv6erhFmqVnvg\"],\"address\":{\"@id\":\"https:\\\/\\\/candas365.es\\\/noticias\\\/#postaladdress\",\"@type\":\"PostalAddress\",\"streetAddress\":\"san antonio 4, san antonio 4\",\"postalCode\":\"33430\",\"addressLocality\":\"Cand\\u00e1s\",\"addressRegion\":\"Asturias\",\"addressCountry\":\"ES\"}},{\"@type\":\"Person\",\"@id\":\"https:\\\/\\\/candas365.es\\\/noticias\\\/author\\\/admin\\\/#author\",\"url\":\"https:\\\/\\\/candas365.es\\\/noticias\\\/author\\\/admin\\\/\",\"name\":\"Cand\\u00e1s 365\",\"image\":{\"@type\":\"ImageObject\",\"@id\":\"https:\\\/\\\/candas365.es\\\/noticias\\\/la-maranuela-de-candas-viaja-a-parres\\\/#authorImage\",\"url\":\"https:\\\/\\\/secure.gravatar.com\\\/avatar\\\/496a8e03d0c493ede1718b7934145dbdf8d89be1036b0eec9544e1094c9de390?s=96&d=mm&r=g\",\"width\":96,\"height\":96,\"caption\":\"Cand\\u00e1s 365\"},\"sameAs\":[\"https:\\\/\\\/www.facebook.com\\\/carrenoactualidad\",\"https:\\\/\\\/twitter.com\\\/nbasturias\",\"https:\\\/\\\/www.instagram.com\\\/nachofdezber\\\/\",\"https:\\\/\\\/www.youtube.com\\\/channel\\\/UCZP-2wLEB9Rv6erhFmqVnvg\"]},{\"@type\":\"WebPage\",\"@id\":\"https:\\\/\\\/candas365.es\\\/noticias\\\/la-maranuela-de-candas-viaja-a-parres\\\/#webpage\",\"url\":\"https:\\\/\\\/candas365.es\\\/noticias\\\/la-maranuela-de-candas-viaja-a-parres\\\/\",\"name\":\"La mara\\u00f1uela de Cand\\u00e1s \\u201cviaja\\u201d a Parres | Cand\\u00e1s 365\",\"description\":\"La mara\\u00f1uela de Cand\\u00e1s se hace un hueco en la gastronom\\u00eda del oriente asturiano. Este s\\u00e1bado, d\\u00eda 10 de noviembre nuestro postre t\\u00edpico se presenta en el municipio de Parres. La presentaci\\u00f3n tendr\\u00e1 lugar en el XXVIII Certamen de la Casta\\u00f1a y productos de la Huerta que se celebra del 10 al 11 de noviembre\",\"inLanguage\":\"es-ES\",\"isPartOf\":{\"@id\":\"https:\\\/\\\/candas365.es\\\/noticias\\\/#website\"},\"breadcrumb\":{\"@id\":\"https:\\\/\\\/candas365.es\\\/noticias\\\/la-maranuela-de-candas-viaja-a-parres\\\/#breadcrumblist\"},\"author\":{\"@id\":\"https:\\\/\\\/candas365.es\\\/noticias\\\/author\\\/admin\\\/#author\"},\"creator\":{\"@id\":\"https:\\\/\\\/candas365.es\\\/noticias\\\/author\\\/admin\\\/#author\"},\"image\":{\"@type\":\"ImageObject\",\"url\":\"https:\\\/\\\/candas365.es\\\/noticias\\\/wp-content\\\/uploads\\\/2018\\\/11\\\/mara\\u00f1ueles-candas.jpg\",\"@id\":\"https:\\\/\\\/candas365.es\\\/noticias\\\/la-maranuela-de-candas-viaja-a-parres\\\/#mainImage\",\"width\":1000,\"height\":667},\"primaryImageOfPage\":{\"@id\":\"https:\\\/\\\/candas365.es\\\/noticias\\\/la-maranuela-de-candas-viaja-a-parres\\\/#mainImage\"},\"datePublished\":\"2018-11-09T09:15:20+01:00\",\"dateModified\":\"2018-11-09T09:15:20+01:00\"},{\"@type\":\"WebSite\",\"@id\":\"https:\\\/\\\/candas365.es\\\/noticias\\\/#website\",\"url\":\"https:\\\/\\\/candas365.es\\\/noticias\\\/\",\"name\":\"Cand\\u00e1s 365\",\"alternateName\":\"Cand\\u00e1s 365 Noticias\",\"description\":\"Actualidad desde Carre\\u00f1o para el mundo\",\"inLanguage\":\"es-ES\",\"publisher\":{\"@id\":\"https:\\\/\\\/candas365.es\\\/noticias\\\/#organization\"}}]}\n\t\t<\/script>\n\t\t<!-- All in One SEO Pro -->\r\n\t\t<title>La mara\u00f1uela de Cand\u00e1s \u201cviaja\u201d a Parres | Cand\u00e1s 365<\/title>\n\n","aioseo_head_json":{"title":"La mara\u00f1uela de Cand\u00e1s \u201cviaja\u201d a Parres | Cand\u00e1s 365","description":"La mara\u00f1uela de Cand\u00e1s se hace un hueco en la gastronom\u00eda del oriente asturiano. Este s\u00e1bado, d\u00eda 10 de noviembre nuestro postre t\u00edpico se presenta en el municipio de Parres. La presentaci\u00f3n tendr\u00e1 lugar en el XXVIII Certamen de la Casta\u00f1a y productos de la Huerta que se celebra del 10 al 11 de noviembre","canonical_url":"https:\/\/candas365.es\/noticias\/la-maranuela-de-candas-viaja-a-parres\/","robots":"max-image-preview:large","keywords":"noticias carre\u00f1o","webmasterTools":{"google-site-verification":"UA-32230408-1","msvalidate.01":"354F3CDFB2DA171B47FBE9ABF1F88D5","miscellaneous":""},"schema":{"@context":"https:\/\/schema.org","@graph":[{"@type":"BreadcrumbList","@id":"https:\/\/candas365.es\/noticias\/la-maranuela-de-candas-viaja-a-parres\/#breadcrumblist","itemListElement":[{"@type":"ListItem","@id":"https:\/\/candas365.es\/noticias#listItem","position":1,"name":"Home","item":"https:\/\/candas365.es\/noticias","nextItem":{"@type":"ListItem","@id":"https:\/\/candas365.es\/noticias\/category\/noticias-carreno\/#listItem","name":"Noticias Carre\u00f1o"}},{"@type":"ListItem","@id":"https:\/\/candas365.es\/noticias\/category\/noticias-carreno\/#listItem","position":2,"name":"Noticias Carre\u00f1o","item":"https:\/\/candas365.es\/noticias\/category\/noticias-carreno\/","nextItem":{"@type":"ListItem","@id":"https:\/\/candas365.es\/noticias\/la-maranuela-de-candas-viaja-a-parres\/#listItem","name":"La mara\u00f1uela de Cand\u00e1s \u201cviaja\u201d a Parres"},"previousItem":{"@type":"ListItem","@id":"https:\/\/candas365.es\/noticias#listItem","name":"Home"}},{"@type":"ListItem","@id":"https:\/\/candas365.es\/noticias\/la-maranuela-de-candas-viaja-a-parres\/#listItem","position":3,"name":"La mara\u00f1uela de Cand\u00e1s \u201cviaja\u201d a Parres","previousItem":{"@type":"ListItem","@id":"https:\/\/candas365.es\/noticias\/category\/noticias-carreno\/#listItem","name":"Noticias Carre\u00f1o"}}]},{"@type":"NewsArticle","@id":"https:\/\/candas365.es\/noticias\/la-maranuela-de-candas-viaja-a-parres\/#newsarticle","name":"La mara\u00f1uela de Cand\u00e1s \u201cviaja\u201d a Parres | Cand\u00e1s 365","headline":"La mara\u00f1uela de Cand\u00e1s \u201cviaja\u201d a Parres","author":{"@id":"https:\/\/candas365.es\/noticias\/author\/admin\/#author"},"publisher":{"@id":"https:\/\/candas365.es\/noticias\/#organization"},"image":{"@type":"ImageObject","url":"https:\/\/candas365.es\/noticias\/wp-content\/uploads\/2018\/11\/mara\u00f1ueles-candas.jpg","width":1000,"height":667},"datePublished":"2018-11-09T09:15:20+01:00","dateModified":"2018-11-09T09:15:20+01:00","inLanguage":"es-ES","mainEntityOfPage":{"@id":"https:\/\/candas365.es\/noticias\/la-maranuela-de-candas-viaja-a-parres\/#webpage"},"isPartOf":{"@id":"https:\/\/candas365.es\/noticias\/la-maranuela-de-candas-viaja-a-parres\/#webpage"},"articleSection":"Noticias Carre\u00f1o","dateline":"Publicado el noviembre 9, 2018."},{"@type":"Organization","@id":"https:\/\/candas365.es\/noticias\/#organization","name":"Cand\u00e1s 365","description":"Cand\u00e1s 365 es un diario digital independiente, fundado en 2012, con base en Asturias. Informamos con rigor sobre actualidad, sociedad, cultura y ocio, con una mirada local y global.","url":"https:\/\/candas365.es\/noticias\/","email":"info@candas365.es","telephone":"+34652131393","foundingDate":"2012-06-10","logo":{"@type":"ImageObject","url":"https:\/\/candas365.es\/noticias\/wp-content\/uploads\/2024\/09\/Candas-365-Redes.jpg","@id":"https:\/\/candas365.es\/noticias\/la-maranuela-de-candas-viaja-a-parres\/#organizationLogo","width":1152,"height":864,"caption":"Cand\u00e1s 365 Redes"},"image":{"@id":"https:\/\/candas365.es\/noticias\/la-maranuela-de-candas-viaja-a-parres\/#organizationLogo"},"sameAs":["https:\/\/www.facebook.com\/Nachofdezber","https:\/\/x.com\/NabercoDigital","https:\/\/www.instagram.com\/nachofdezber\/","https:\/\/www.youtube.com\/channel\/UCZP-2wLEB9Rv6erhFmqVnvg"],"address":{"@id":"https:\/\/candas365.es\/noticias\/#postaladdress","@type":"PostalAddress","streetAddress":"san antonio 4, san antonio 4","postalCode":"33430","addressLocality":"Cand\u00e1s","addressRegion":"Asturias","addressCountry":"ES"}},{"@type":"Person","@id":"https:\/\/candas365.es\/noticias\/author\/admin\/#author","url":"https:\/\/candas365.es\/noticias\/author\/admin\/","name":"Cand\u00e1s 365","image":{"@type":"ImageObject","@id":"https:\/\/candas365.es\/noticias\/la-maranuela-de-candas-viaja-a-parres\/#authorImage","url":"https:\/\/secure.gravatar.com\/avatar\/496a8e03d0c493ede1718b7934145dbdf8d89be1036b0eec9544e1094c9de390?s=96&d=mm&r=g","width":96,"height":96,"caption":"Cand\u00e1s 365"},"sameAs":["https:\/\/www.facebook.com\/carrenoactualidad","https:\/\/twitter.com\/nbasturias","https:\/\/www.instagram.com\/nachofdezber\/","https:\/\/www.youtube.com\/channel\/UCZP-2wLEB9Rv6erhFmqVnvg"]},{"@type":"WebPage","@id":"https:\/\/candas365.es\/noticias\/la-maranuela-de-candas-viaja-a-parres\/#webpage","url":"https:\/\/candas365.es\/noticias\/la-maranuela-de-candas-viaja-a-parres\/","name":"La mara\u00f1uela de Cand\u00e1s \u201cviaja\u201d a Parres | Cand\u00e1s 365","description":"La mara\u00f1uela de Cand\u00e1s se hace un hueco en la gastronom\u00eda del oriente asturiano. Este s\u00e1bado, d\u00eda 10 de noviembre nuestro postre t\u00edpico se presenta en el municipio de Parres. La presentaci\u00f3n tendr\u00e1 lugar en el XXVIII Certamen de la Casta\u00f1a y productos de la Huerta que se celebra del 10 al 11 de noviembre","inLanguage":"es-ES","isPartOf":{"@id":"https:\/\/candas365.es\/noticias\/#website"},"breadcrumb":{"@id":"https:\/\/candas365.es\/noticias\/la-maranuela-de-candas-viaja-a-parres\/#breadcrumblist"},"author":{"@id":"https:\/\/candas365.es\/noticias\/author\/admin\/#author"},"creator":{"@id":"https:\/\/candas365.es\/noticias\/author\/admin\/#author"},"image":{"@type":"ImageObject","url":"https:\/\/candas365.es\/noticias\/wp-content\/uploads\/2018\/11\/mara\u00f1ueles-candas.jpg","@id":"https:\/\/candas365.es\/noticias\/la-maranuela-de-candas-viaja-a-parres\/#mainImage","width":1000,"height":667},"primaryImageOfPage":{"@id":"https:\/\/candas365.es\/noticias\/la-maranuela-de-candas-viaja-a-parres\/#mainImage"},"datePublished":"2018-11-09T09:15:20+01:00","dateModified":"2018-11-09T09:15:20+01:00"},{"@type":"WebSite","@id":"https:\/\/candas365.es\/noticias\/#website","url":"https:\/\/candas365.es\/noticias\/","name":"Cand\u00e1s 365","alternateName":"Cand\u00e1s 365 Noticias","description":"Actualidad desde Carre\u00f1o para el mundo","inLanguage":"es-ES","publisher":{"@id":"https:\/\/candas365.es\/noticias\/#organization"}}]},"og:locale":"es_ES","og:site_name":"Cand\u00e1s 365","og:type":"article","og:title":"La mara\u00f1uela de Cand\u00e1s \u201cviaja\u201d a Parres | Cand\u00e1s 365","og:description":"La mara\u00f1uela de Cand\u00e1s se hace un hueco en la gastronom\u00eda del oriente asturiano. Este s\u00e1bado, d\u00eda 10 de noviembre nuestro postre t\u00edpico se presenta en el municipio de Parres. La presentaci\u00f3n tendr\u00e1 lugar en el XXVIII Certamen de la Casta\u00f1a y productos de la Huerta que se celebra del 10 al 11 de noviembre","og:url":"https:\/\/candas365.es\/noticias\/la-maranuela-de-candas-viaja-a-parres\/","og:image":"https:\/\/candas365.es\/noticias\/wp-content\/uploads\/2018\/11\/mara\u00f1ueles-candas.jpg","og:image:secure_url":"https:\/\/candas365.es\/noticias\/wp-content\/uploads\/2018\/11\/mara\u00f1ueles-candas.jpg","og:image:width":1000,"og:image:height":667,"article:published_time":"2018-11-09T09:15:20+00:00","article:modified_time":"2018-11-09T09:15:20+00:00","article:publisher":"https:\/\/www.facebook.com\/Nachofdezber","article:author":"https:\/\/www.facebook.com\/carrenoactualidad","twitter:card":"summary_large_image","twitter:site":"@NabercoDigital","twitter:title":"La mara\u00f1uela de Cand\u00e1s \u201cviaja\u201d a Parres | Cand\u00e1s 365","twitter:description":"La mara\u00f1uela de Cand\u00e1s se hace un hueco en la gastronom\u00eda del oriente asturiano. Este s\u00e1bado, d\u00eda 10 de noviembre nuestro postre t\u00edpico se presenta en el municipio de Parres. La presentaci\u00f3n tendr\u00e1 lugar en el XXVIII Certamen de la Casta\u00f1a y productos de la Huerta que se celebra del 10 al 11 de noviembre","twitter:creator":"@nbasturias","twitter:image":"https:\/\/candas365.es\/noticias\/wp-content\/uploads\/2018\/11\/mara\u00f1ueles-candas.jpg","twitter:label1":"Escrito por","twitter:data1":"Cand\u00e1s 365","twitter:label2":"Tiempo de lectura estimado","twitter:data2":"3 minutos"},"aioseo_meta_data":{"post_id":"109510","title":null,"description":null,"keywords":null,"keyphrases":null,"primary_term":null,"canonical_url":null,"og_title":null,"og_description":null,"og_object_type":"default","og_image_type":"default","og_image_url":null,"og_image_width":null,"og_image_height":null,"og_image_custom_url":null,"og_image_custom_fields":null,"og_video":null,"og_custom_url":null,"og_article_section":null,"og_article_tags":null,"twitter_use_og":false,"twitter_card":"default","twitter_image_type":"default","twitter_image_url":null,"twitter_image_custom_url":null,"twitter_image_custom_fields":null,"twitter_title":null,"twitter_description":null,"schema":{"blockGraphs":[],"customGraphs":[],"default":{"data":{"Article":[],"Course":[],"Dataset":[],"FAQPage":[],"Movie":[],"Person":[],"Product":[],"ProductReview":[],"Car":[],"Recipe":[],"Service":[],"SoftwareApplication":[],"WebPage":[]},"graphName":"","isEnabled":true},"graphs":[],"defaultGraph":"","defaultPostTypeGraph":""},"schema_type":null,"schema_type_options":null,"pillar_content":false,"robots_default":true,"robots_noindex":false,"robots_noarchive":false,"robots_nosnippet":false,"robots_nofollow":false,"robots_noimageindex":false,"robots_noodp":false,"robots_notranslate":false,"robots_max_snippet":null,"robots_max_videopreview":null,"robots_max_imagepreview":"large","priority":null,"frequency":null,"location":null,"local_seo":null,"seo_analyzer_scan_date":"2025-08-28 09:56:17","breadcrumb_settings":null,"limit_modified_date":false,"reviewed_by":null,"open_ai":null,"ai":null,"created":"2020-12-21 11:39:20","updated":"2025-08-28 09:56:17"},"aioseo_breadcrumb":"<div class=\"aioseo-breadcrumbs\"><span class=\"aioseo-breadcrumb\">\n\t<a href=\"https:\/\/candas365.es\/noticias\" title=\"Home\">Home<\/a>\n<\/span><span class=\"aioseo-breadcrumb-separator\">&ndash;<\/span><span class=\"aioseo-breadcrumb\">\n\t<a href=\"https:\/\/candas365.es\/noticias\/category\/noticias-carreno\/\" title=\"Noticias Carre\u00f1o\">Noticias Carre\u00f1o<\/a>\n<\/span><span class=\"aioseo-breadcrumb-separator\">&ndash;<\/span><span class=\"aioseo-breadcrumb\">\n\tLa mara\u00f1uela de Cand\u00e1s \u201cviaja\u201d a Parres\n<\/span><\/div>","aioseo_breadcrumb_json":[{"label":"Home","link":"https:\/\/candas365.es\/noticias"},{"label":"Noticias Carre\u00f1o","link":"https:\/\/candas365.es\/noticias\/category\/noticias-carreno\/"},{"label":"La mara\u00f1uela de Cand\u00e1s \u201cviaja\u201d a Parres","link":"https:\/\/candas365.es\/noticias\/la-maranuela-de-candas-viaja-a-parres\/"}],"_links":{"self":[{"href":"https:\/\/candas365.es\/noticias\/wp-json\/wp\/v2\/posts\/109510","targetHints":{"allow":["GET"]}}],"collection":[{"href":"https:\/\/candas365.es\/noticias\/wp-json\/wp\/v2\/posts"}],"about":[{"href":"https:\/\/candas365.es\/noticias\/wp-json\/wp\/v2\/types\/post"}],"author":[{"embeddable":true,"href":"https:\/\/candas365.es\/noticias\/wp-json\/wp\/v2\/users\/1"}],"replies":[{"embeddable":true,"href":"https:\/\/candas365.es\/noticias\/wp-json\/wp\/v2\/comments?post=109510"}],"version-history":[{"count":0,"href":"https:\/\/candas365.es\/noticias\/wp-json\/wp\/v2\/posts\/109510\/revisions"}],"wp:featuredmedia":[{"embeddable":true,"href":"https:\/\/candas365.es\/noticias\/wp-json\/wp\/v2\/media\/109511"}],"wp:attachment":[{"href":"https:\/\/candas365.es\/noticias\/wp-json\/wp\/v2\/media?parent=109510"}],"wp:term":[{"taxonomy":"category","embeddable":true,"href":"https:\/\/candas365.es\/noticias\/wp-json\/wp\/v2\/categories?post=109510"},{"taxonomy":"post_tag","embeddable":true,"href":"https:\/\/candas365.es\/noticias\/wp-json\/wp\/v2\/tags?post=109510"}],"curies":[{"name":"wp","href":"https:\/\/api.w.org\/{rel}","templated":true}]}}