{"id":109450,"date":"2018-11-07T15:37:45","date_gmt":"2018-11-07T15:37:45","guid":{"rendered":"http:\/\/candas365.es\/noticias\/?p=109450"},"modified":"2018-11-07T15:37:45","modified_gmt":"2018-11-07T15:37:45","slug":"dia-de-les-ciencies-asturianes-2018","status":"publish","type":"post","link":"https:\/\/candas365.es\/noticias\/dia-de-les-ciencies-asturianes-2018\/","title":{"rendered":"D\u00eda de les Ciencies Asturianes 2018"},"content":{"rendered":"<p><img fetchpriority=\"high\" decoding=\"async\" class=\"alignleft size-medium wp-image-35850\" src=\"https:\/\/candas365.es\/noticias\/wp-content\/uploads\/2016\/11\/ciencia-360x198.jpg\" alt=\"\" width=\"360\" height=\"198\" srcset=\"https:\/\/candas365.es\/noticias\/wp-content\/uploads\/2016\/11\/ciencia-360x198.jpg 360w, https:\/\/candas365.es\/noticias\/wp-content\/uploads\/2016\/11\/ciencia-650x357.jpg 650w, https:\/\/candas365.es\/noticias\/wp-content\/uploads\/2016\/11\/ciencia-150x82.jpg 150w, https:\/\/candas365.es\/noticias\/wp-content\/uploads\/2016\/11\/ciencia-450x247.jpg 450w, https:\/\/candas365.es\/noticias\/wp-content\/uploads\/2016\/11\/ciencia.jpg 655w\" sizes=\"(max-width: 360px) 100vw, 360px\" \/>La Consejer\u00eda de Educaci\u00f3n y Cultura celebra la octava edici\u00f3n del D\u00eda de les Ciencies Asturianes con dos actividades divulgativas centradas en la investigaci\u00f3n y la tecnolog\u00eda al servicio de la humanidad.<\/p>\n<p>Por una parte, el rector de la Universidad de Oviedo, Santiago Garc\u00eda Granda, impartir\u00e1 ma\u00f1ana la conferencia Notes sobre la investigaci\u00f3n na Universid\u00e1 d\u2019Uvi\u00e9u, en el sal\u00f3n de actos del Museo Arqueol\u00f3gico de Asturias, a las 19.30 horas. Su intervenci\u00f3n se centrar\u00e1 en la labor de la instituci\u00f3n acad\u00e9mica, en la que cerca de dos mil investigadores desarrollan el 80% de la I+D+i de la comunidad.<\/p>\n<p>Por otro lado, el cient\u00edfico Amador Men\u00e9ndez Vel\u00e1zquez ofrecer\u00e1 una charla divulgativa a escolares el pr\u00f3ximo viernes, 9 de noviembre, a las 12.00 horas, en la Casa de Cultura de Pola de Laviana. Bajo el t\u00edtulo Tecnolox\u00eda al serviciu de la humanid\u00e1, plantear\u00e1 las posibilidades que ofrece la tecnolog\u00eda a la hora de afrontar algunos de los retos m\u00e1s importantes de la sociedad actual. Men\u00e9ndez es doctor en Qu\u00edmica por la Universidad de Oviedo y trabaja en la actualidad en el Instituto Tecnol\u00f3gico de Materiales de Asturias (ITMA), tras pasar por el Consejo Superior de Investigaciones Cient\u00edficas (CSIC), el Laboratorio Europeo de Radiaci\u00f3n de Sincrot\u00f3n, el Centro de Investigaci\u00f3n en Nanomateriales y Nanotecnolog\u00eda (CINN) y el Instituto Tecnol\u00f3gico de Massachusetts (MIT), entre otros.<\/p>\n<p>El D\u00eda de les Ciencies Asturianes coincide con la celebraci\u00f3n en este mes del D\u00eda Mundial de la Ciencia para la Paz y el Desarrollo. Esta cita ofrece la posibilidad de mostrar la importancia de la ciencia en la vida diaria y favorecer el debate. El tema de este a\u00f1o es La ciencia, un derecho humano, ya que en 2018 se conmemora el 70\u00ba aniversario de la proclamaci\u00f3n de la Declaraci\u00f3n Universal de los Derechos Humanos.<\/p>\n","protected":false},"excerpt":{"rendered":"<p>La Consejer\u00eda de Educaci\u00f3n y Cultura celebra la octava edici\u00f3n del D\u00eda de les Ciencies Asturianes con dos actividades divulgativas centradas en la investigaci\u00f3n y la tecnolog\u00eda al servicio de la humanidad. Por una parte, el rector de la Universidad de Oviedo, Santiago Garc\u00eda Granda, impartir\u00e1 ma\u00f1ana la conferencia Notes sobre la investigaci\u00f3n na Universid\u00e1<\/p>\n","protected":false},"author":1,"featured_media":35850,"comment_status":"closed","ping_status":"closed","sticky":false,"template":"","format":"standard","meta":{"footnotes":""},"categories":[1],"tags":[],"class_list":{"0":"post-109450","1":"post","2":"type-post","3":"status-publish","4":"format-standard","5":"has-post-thumbnail","7":"category-agenda"},"aioseo_notices":[],"aioseo_head":"\n\t\t<!-- All in One SEO Pro 4.9.6.2 - aioseo.com -->\n\t<meta name=\"description\" content=\"La Consejer\u00eda de Educaci\u00f3n y Cultura celebra la octava edici\u00f3n del D\u00eda de les Ciencies Asturianes con dos actividades divulgativas centradas en la investigaci\u00f3n y la tecnolog\u00eda al servicio de la humanidad. Por una parte, el rector de la Universidad de Oviedo, Santiago Garc\u00eda Granda, impartir\u00e1 ma\u00f1ana la conferencia Notes sobre la investigaci\u00f3n na Universid\u00e1\" \/>\n\t<meta name=\"robots\" content=\"max-image-preview:large\" \/>\n\t<meta name=\"author\" content=\"Cand\u00e1s 365\"\/>\n\t<meta name=\"google-site-verification\" content=\"UA-32230408-1\" \/>\n\t<meta name=\"msvalidate.01\" content=\"354F3CDFB2DA171B47FBE9ABF1F88D5\" \/>\n\t<meta name=\"keywords\" content=\"agenda\" \/>\n\t<link rel=\"canonical\" href=\"https:\/\/candas365.es\/noticias\/dia-de-les-ciencies-asturianes-2018\/\" \/>\n\t<meta name=\"generator\" content=\"All in One SEO Pro (AIOSEO) 4.9.6.2\" \/>\n\t\t<meta property=\"og:locale\" content=\"es_ES\" \/>\n\t\t<meta property=\"og:site_name\" content=\"Cand\u00e1s 365\" \/>\n\t\t<meta property=\"og:type\" content=\"article\" \/>\n\t\t<meta property=\"og:title\" content=\"D\u00eda de les Ciencies Asturianes 2018 | Cand\u00e1s 365\" \/>\n\t\t<meta property=\"og:description\" content=\"La Consejer\u00eda de Educaci\u00f3n y Cultura celebra la octava edici\u00f3n del D\u00eda de les Ciencies Asturianes con dos actividades divulgativas centradas en la investigaci\u00f3n y la tecnolog\u00eda al servicio de la humanidad. Por una parte, el rector de la Universidad de Oviedo, Santiago Garc\u00eda Granda, impartir\u00e1 ma\u00f1ana la conferencia Notes sobre la investigaci\u00f3n na Universid\u00e1\" \/>\n\t\t<meta property=\"og:url\" content=\"https:\/\/candas365.es\/noticias\/dia-de-les-ciencies-asturianes-2018\/\" \/>\n\t\t<meta property=\"og:image\" content=\"https:\/\/candas365.es\/noticias\/wp-content\/uploads\/2016\/11\/ciencia.jpg\" \/>\n\t\t<meta property=\"og:image:secure_url\" content=\"https:\/\/candas365.es\/noticias\/wp-content\/uploads\/2016\/11\/ciencia.jpg\" \/>\n\t\t<meta property=\"og:image:width\" content=\"655\" \/>\n\t\t<meta property=\"og:image:height\" content=\"360\" \/>\n\t\t<meta property=\"article:published_time\" content=\"2018-11-07T15:37:45+00:00\" \/>\n\t\t<meta property=\"article:modified_time\" content=\"2018-11-07T15:37:45+00:00\" \/>\n\t\t<meta property=\"article:publisher\" content=\"https:\/\/www.facebook.com\/Nachofdezber\" \/>\n\t\t<meta property=\"article:author\" content=\"https:\/\/www.facebook.com\/carrenoactualidad\" \/>\n\t\t<meta name=\"twitter:card\" content=\"summary_large_image\" \/>\n\t\t<meta name=\"twitter:site\" content=\"@NabercoDigital\" \/>\n\t\t<meta name=\"twitter:title\" content=\"D\u00eda de les Ciencies Asturianes 2018 | Cand\u00e1s 365\" \/>\n\t\t<meta name=\"twitter:description\" content=\"La Consejer\u00eda de Educaci\u00f3n y Cultura celebra la octava edici\u00f3n del D\u00eda de les Ciencies Asturianes con dos actividades divulgativas centradas en la investigaci\u00f3n y la tecnolog\u00eda al servicio de la humanidad. Por una parte, el rector de la Universidad de Oviedo, Santiago Garc\u00eda Granda, impartir\u00e1 ma\u00f1ana la conferencia Notes sobre la investigaci\u00f3n na Universid\u00e1\" \/>\n\t\t<meta name=\"twitter:creator\" content=\"@nbasturias\" \/>\n\t\t<meta name=\"twitter:image\" content=\"https:\/\/candas365.es\/noticias\/wp-content\/uploads\/2016\/11\/ciencia.jpg\" \/>\n\t\t<meta name=\"twitter:label1\" content=\"Escrito por\" \/>\n\t\t<meta name=\"twitter:data1\" content=\"Cand\u00e1s 365\" \/>\n\t\t<meta name=\"twitter:label2\" content=\"Tiempo de lectura estimado\" \/>\n\t\t<meta name=\"twitter:data2\" content=\"2 minutos\" \/>\n\t\t<script type=\"application\/ld+json\" class=\"aioseo-schema\">\n\t\t\t{\"@context\":\"https:\\\/\\\/schema.org\",\"@graph\":[{\"@type\":\"BreadcrumbList\",\"@id\":\"https:\\\/\\\/candas365.es\\\/noticias\\\/dia-de-les-ciencies-asturianes-2018\\\/#breadcrumblist\",\"itemListElement\":[{\"@type\":\"ListItem\",\"@id\":\"https:\\\/\\\/candas365.es\\\/noticias#listItem\",\"position\":1,\"name\":\"Home\",\"item\":\"https:\\\/\\\/candas365.es\\\/noticias\",\"nextItem\":{\"@type\":\"ListItem\",\"@id\":\"https:\\\/\\\/candas365.es\\\/noticias\\\/category\\\/agenda\\\/#listItem\",\"name\":\"Agenda\"}},{\"@type\":\"ListItem\",\"@id\":\"https:\\\/\\\/candas365.es\\\/noticias\\\/category\\\/agenda\\\/#listItem\",\"position\":2,\"name\":\"Agenda\",\"item\":\"https:\\\/\\\/candas365.es\\\/noticias\\\/category\\\/agenda\\\/\",\"nextItem\":{\"@type\":\"ListItem\",\"@id\":\"https:\\\/\\\/candas365.es\\\/noticias\\\/dia-de-les-ciencies-asturianes-2018\\\/#listItem\",\"name\":\"D\\u00eda de les Ciencies Asturianes 2018\"},\"previousItem\":{\"@type\":\"ListItem\",\"@id\":\"https:\\\/\\\/candas365.es\\\/noticias#listItem\",\"name\":\"Home\"}},{\"@type\":\"ListItem\",\"@id\":\"https:\\\/\\\/candas365.es\\\/noticias\\\/dia-de-les-ciencies-asturianes-2018\\\/#listItem\",\"position\":3,\"name\":\"D\\u00eda de les Ciencies Asturianes 2018\",\"previousItem\":{\"@type\":\"ListItem\",\"@id\":\"https:\\\/\\\/candas365.es\\\/noticias\\\/category\\\/agenda\\\/#listItem\",\"name\":\"Agenda\"}}]},{\"@type\":\"NewsArticle\",\"@id\":\"https:\\\/\\\/candas365.es\\\/noticias\\\/dia-de-les-ciencies-asturianes-2018\\\/#newsarticle\",\"name\":\"D\\u00eda de les Ciencies Asturianes 2018 | Cand\\u00e1s 365\",\"headline\":\"D\\u00eda de les Ciencies Asturianes 2018\",\"author\":{\"@id\":\"https:\\\/\\\/candas365.es\\\/noticias\\\/author\\\/admin\\\/#author\"},\"publisher\":{\"@id\":\"https:\\\/\\\/candas365.es\\\/noticias\\\/#organization\"},\"image\":{\"@type\":\"ImageObject\",\"url\":\"https:\\\/\\\/candas365.es\\\/noticias\\\/wp-content\\\/uploads\\\/2016\\\/11\\\/ciencia.jpg\",\"width\":655,\"height\":360},\"datePublished\":\"2018-11-07T15:37:45+01:00\",\"dateModified\":\"2018-11-07T15:37:45+01:00\",\"inLanguage\":\"es-ES\",\"mainEntityOfPage\":{\"@id\":\"https:\\\/\\\/candas365.es\\\/noticias\\\/dia-de-les-ciencies-asturianes-2018\\\/#webpage\"},\"isPartOf\":{\"@id\":\"https:\\\/\\\/candas365.es\\\/noticias\\\/dia-de-les-ciencies-asturianes-2018\\\/#webpage\"},\"articleSection\":\"Agenda\",\"dateline\":\"Publicado el noviembre 7, 2018.\"},{\"@type\":\"Organization\",\"@id\":\"https:\\\/\\\/candas365.es\\\/noticias\\\/#organization\",\"name\":\"Cand\\u00e1s 365\",\"description\":\"Cand\\u00e1s 365 es un diario digital independiente, fundado en 2012, con base en Asturias. Informamos con rigor sobre actualidad, sociedad, cultura y ocio, con una mirada local y global.\",\"url\":\"https:\\\/\\\/candas365.es\\\/noticias\\\/\",\"email\":\"info@candas365.es\",\"telephone\":\"+34652131393\",\"foundingDate\":\"2012-06-10\",\"logo\":{\"@type\":\"ImageObject\",\"url\":\"https:\\\/\\\/candas365.es\\\/noticias\\\/wp-content\\\/uploads\\\/2024\\\/09\\\/Candas-365-Redes.jpg\",\"@id\":\"https:\\\/\\\/candas365.es\\\/noticias\\\/dia-de-les-ciencies-asturianes-2018\\\/#organizationLogo\",\"width\":1152,\"height\":864,\"caption\":\"Cand\\u00e1s 365 Redes\"},\"image\":{\"@id\":\"https:\\\/\\\/candas365.es\\\/noticias\\\/dia-de-les-ciencies-asturianes-2018\\\/#organizationLogo\"},\"sameAs\":[\"https:\\\/\\\/www.facebook.com\\\/Nachofdezber\",\"https:\\\/\\\/x.com\\\/NabercoDigital\",\"https:\\\/\\\/www.instagram.com\\\/nachofdezber\\\/\",\"https:\\\/\\\/www.youtube.com\\\/channel\\\/UCZP-2wLEB9Rv6erhFmqVnvg\"],\"address\":{\"@id\":\"https:\\\/\\\/candas365.es\\\/noticias\\\/#postaladdress\",\"@type\":\"PostalAddress\",\"streetAddress\":\"san antonio 4, san antonio 4\",\"postalCode\":\"33430\",\"addressLocality\":\"Cand\\u00e1s\",\"addressRegion\":\"Asturias\",\"addressCountry\":\"ES\"}},{\"@type\":\"Person\",\"@id\":\"https:\\\/\\\/candas365.es\\\/noticias\\\/author\\\/admin\\\/#author\",\"url\":\"https:\\\/\\\/candas365.es\\\/noticias\\\/author\\\/admin\\\/\",\"name\":\"Cand\\u00e1s 365\",\"image\":{\"@type\":\"ImageObject\",\"@id\":\"https:\\\/\\\/candas365.es\\\/noticias\\\/dia-de-les-ciencies-asturianes-2018\\\/#authorImage\",\"url\":\"https:\\\/\\\/secure.gravatar.com\\\/avatar\\\/496a8e03d0c493ede1718b7934145dbdf8d89be1036b0eec9544e1094c9de390?s=96&d=mm&r=g\",\"width\":96,\"height\":96,\"caption\":\"Cand\\u00e1s 365\"},\"sameAs\":[\"https:\\\/\\\/www.facebook.com\\\/carrenoactualidad\",\"https:\\\/\\\/twitter.com\\\/nbasturias\",\"https:\\\/\\\/www.instagram.com\\\/nachofdezber\\\/\",\"https:\\\/\\\/www.youtube.com\\\/channel\\\/UCZP-2wLEB9Rv6erhFmqVnvg\"]},{\"@type\":\"WebPage\",\"@id\":\"https:\\\/\\\/candas365.es\\\/noticias\\\/dia-de-les-ciencies-asturianes-2018\\\/#webpage\",\"url\":\"https:\\\/\\\/candas365.es\\\/noticias\\\/dia-de-les-ciencies-asturianes-2018\\\/\",\"name\":\"D\\u00eda de les Ciencies Asturianes 2018 | Cand\\u00e1s 365\",\"description\":\"La Consejer\\u00eda de Educaci\\u00f3n y Cultura celebra la octava edici\\u00f3n del D\\u00eda de les Ciencies Asturianes con dos actividades divulgativas centradas en la investigaci\\u00f3n y la tecnolog\\u00eda al servicio de la humanidad. Por una parte, el rector de la Universidad de Oviedo, Santiago Garc\\u00eda Granda, impartir\\u00e1 ma\\u00f1ana la conferencia Notes sobre la investigaci\\u00f3n na Universid\\u00e1\",\"inLanguage\":\"es-ES\",\"isPartOf\":{\"@id\":\"https:\\\/\\\/candas365.es\\\/noticias\\\/#website\"},\"breadcrumb\":{\"@id\":\"https:\\\/\\\/candas365.es\\\/noticias\\\/dia-de-les-ciencies-asturianes-2018\\\/#breadcrumblist\"},\"author\":{\"@id\":\"https:\\\/\\\/candas365.es\\\/noticias\\\/author\\\/admin\\\/#author\"},\"creator\":{\"@id\":\"https:\\\/\\\/candas365.es\\\/noticias\\\/author\\\/admin\\\/#author\"},\"image\":{\"@type\":\"ImageObject\",\"url\":\"https:\\\/\\\/candas365.es\\\/noticias\\\/wp-content\\\/uploads\\\/2016\\\/11\\\/ciencia.jpg\",\"@id\":\"https:\\\/\\\/candas365.es\\\/noticias\\\/dia-de-les-ciencies-asturianes-2018\\\/#mainImage\",\"width\":655,\"height\":360},\"primaryImageOfPage\":{\"@id\":\"https:\\\/\\\/candas365.es\\\/noticias\\\/dia-de-les-ciencies-asturianes-2018\\\/#mainImage\"},\"datePublished\":\"2018-11-07T15:37:45+01:00\",\"dateModified\":\"2018-11-07T15:37:45+01:00\"},{\"@type\":\"WebSite\",\"@id\":\"https:\\\/\\\/candas365.es\\\/noticias\\\/#website\",\"url\":\"https:\\\/\\\/candas365.es\\\/noticias\\\/\",\"name\":\"Cand\\u00e1s 365\",\"alternateName\":\"Cand\\u00e1s 365 Noticias\",\"description\":\"Actualidad desde Carre\\u00f1o para el mundo\",\"inLanguage\":\"es-ES\",\"publisher\":{\"@id\":\"https:\\\/\\\/candas365.es\\\/noticias\\\/#organization\"}}]}\n\t\t<\/script>\n\t\t<!-- All in One SEO Pro -->\r\n\t\t<title>D\u00eda de les Ciencies Asturianes 2018 | Cand\u00e1s 365<\/title>\n\n","aioseo_head_json":{"title":"D\u00eda de les Ciencies Asturianes 2018 | Cand\u00e1s 365","description":"La Consejer\u00eda de Educaci\u00f3n y Cultura celebra la octava edici\u00f3n del D\u00eda de les Ciencies Asturianes con dos actividades divulgativas centradas en la investigaci\u00f3n y la tecnolog\u00eda al servicio de la humanidad. Por una parte, el rector de la Universidad de Oviedo, Santiago Garc\u00eda Granda, impartir\u00e1 ma\u00f1ana la conferencia Notes sobre la investigaci\u00f3n na Universid\u00e1","canonical_url":"https:\/\/candas365.es\/noticias\/dia-de-les-ciencies-asturianes-2018\/","robots":"max-image-preview:large","keywords":"agenda","webmasterTools":{"google-site-verification":"UA-32230408-1","msvalidate.01":"354F3CDFB2DA171B47FBE9ABF1F88D5","miscellaneous":""},"schema":{"@context":"https:\/\/schema.org","@graph":[{"@type":"BreadcrumbList","@id":"https:\/\/candas365.es\/noticias\/dia-de-les-ciencies-asturianes-2018\/#breadcrumblist","itemListElement":[{"@type":"ListItem","@id":"https:\/\/candas365.es\/noticias#listItem","position":1,"name":"Home","item":"https:\/\/candas365.es\/noticias","nextItem":{"@type":"ListItem","@id":"https:\/\/candas365.es\/noticias\/category\/agenda\/#listItem","name":"Agenda"}},{"@type":"ListItem","@id":"https:\/\/candas365.es\/noticias\/category\/agenda\/#listItem","position":2,"name":"Agenda","item":"https:\/\/candas365.es\/noticias\/category\/agenda\/","nextItem":{"@type":"ListItem","@id":"https:\/\/candas365.es\/noticias\/dia-de-les-ciencies-asturianes-2018\/#listItem","name":"D\u00eda de les Ciencies Asturianes 2018"},"previousItem":{"@type":"ListItem","@id":"https:\/\/candas365.es\/noticias#listItem","name":"Home"}},{"@type":"ListItem","@id":"https:\/\/candas365.es\/noticias\/dia-de-les-ciencies-asturianes-2018\/#listItem","position":3,"name":"D\u00eda de les Ciencies Asturianes 2018","previousItem":{"@type":"ListItem","@id":"https:\/\/candas365.es\/noticias\/category\/agenda\/#listItem","name":"Agenda"}}]},{"@type":"NewsArticle","@id":"https:\/\/candas365.es\/noticias\/dia-de-les-ciencies-asturianes-2018\/#newsarticle","name":"D\u00eda de les Ciencies Asturianes 2018 | Cand\u00e1s 365","headline":"D\u00eda de les Ciencies Asturianes 2018","author":{"@id":"https:\/\/candas365.es\/noticias\/author\/admin\/#author"},"publisher":{"@id":"https:\/\/candas365.es\/noticias\/#organization"},"image":{"@type":"ImageObject","url":"https:\/\/candas365.es\/noticias\/wp-content\/uploads\/2016\/11\/ciencia.jpg","width":655,"height":360},"datePublished":"2018-11-07T15:37:45+01:00","dateModified":"2018-11-07T15:37:45+01:00","inLanguage":"es-ES","mainEntityOfPage":{"@id":"https:\/\/candas365.es\/noticias\/dia-de-les-ciencies-asturianes-2018\/#webpage"},"isPartOf":{"@id":"https:\/\/candas365.es\/noticias\/dia-de-les-ciencies-asturianes-2018\/#webpage"},"articleSection":"Agenda","dateline":"Publicado el noviembre 7, 2018."},{"@type":"Organization","@id":"https:\/\/candas365.es\/noticias\/#organization","name":"Cand\u00e1s 365","description":"Cand\u00e1s 365 es un diario digital independiente, fundado en 2012, con base en Asturias. Informamos con rigor sobre actualidad, sociedad, cultura y ocio, con una mirada local y global.","url":"https:\/\/candas365.es\/noticias\/","email":"info@candas365.es","telephone":"+34652131393","foundingDate":"2012-06-10","logo":{"@type":"ImageObject","url":"https:\/\/candas365.es\/noticias\/wp-content\/uploads\/2024\/09\/Candas-365-Redes.jpg","@id":"https:\/\/candas365.es\/noticias\/dia-de-les-ciencies-asturianes-2018\/#organizationLogo","width":1152,"height":864,"caption":"Cand\u00e1s 365 Redes"},"image":{"@id":"https:\/\/candas365.es\/noticias\/dia-de-les-ciencies-asturianes-2018\/#organizationLogo"},"sameAs":["https:\/\/www.facebook.com\/Nachofdezber","https:\/\/x.com\/NabercoDigital","https:\/\/www.instagram.com\/nachofdezber\/","https:\/\/www.youtube.com\/channel\/UCZP-2wLEB9Rv6erhFmqVnvg"],"address":{"@id":"https:\/\/candas365.es\/noticias\/#postaladdress","@type":"PostalAddress","streetAddress":"san antonio 4, san antonio 4","postalCode":"33430","addressLocality":"Cand\u00e1s","addressRegion":"Asturias","addressCountry":"ES"}},{"@type":"Person","@id":"https:\/\/candas365.es\/noticias\/author\/admin\/#author","url":"https:\/\/candas365.es\/noticias\/author\/admin\/","name":"Cand\u00e1s 365","image":{"@type":"ImageObject","@id":"https:\/\/candas365.es\/noticias\/dia-de-les-ciencies-asturianes-2018\/#authorImage","url":"https:\/\/secure.gravatar.com\/avatar\/496a8e03d0c493ede1718b7934145dbdf8d89be1036b0eec9544e1094c9de390?s=96&d=mm&r=g","width":96,"height":96,"caption":"Cand\u00e1s 365"},"sameAs":["https:\/\/www.facebook.com\/carrenoactualidad","https:\/\/twitter.com\/nbasturias","https:\/\/www.instagram.com\/nachofdezber\/","https:\/\/www.youtube.com\/channel\/UCZP-2wLEB9Rv6erhFmqVnvg"]},{"@type":"WebPage","@id":"https:\/\/candas365.es\/noticias\/dia-de-les-ciencies-asturianes-2018\/#webpage","url":"https:\/\/candas365.es\/noticias\/dia-de-les-ciencies-asturianes-2018\/","name":"D\u00eda de les Ciencies Asturianes 2018 | Cand\u00e1s 365","description":"La Consejer\u00eda de Educaci\u00f3n y Cultura celebra la octava edici\u00f3n del D\u00eda de les Ciencies Asturianes con dos actividades divulgativas centradas en la investigaci\u00f3n y la tecnolog\u00eda al servicio de la humanidad. Por una parte, el rector de la Universidad de Oviedo, Santiago Garc\u00eda Granda, impartir\u00e1 ma\u00f1ana la conferencia Notes sobre la investigaci\u00f3n na Universid\u00e1","inLanguage":"es-ES","isPartOf":{"@id":"https:\/\/candas365.es\/noticias\/#website"},"breadcrumb":{"@id":"https:\/\/candas365.es\/noticias\/dia-de-les-ciencies-asturianes-2018\/#breadcrumblist"},"author":{"@id":"https:\/\/candas365.es\/noticias\/author\/admin\/#author"},"creator":{"@id":"https:\/\/candas365.es\/noticias\/author\/admin\/#author"},"image":{"@type":"ImageObject","url":"https:\/\/candas365.es\/noticias\/wp-content\/uploads\/2016\/11\/ciencia.jpg","@id":"https:\/\/candas365.es\/noticias\/dia-de-les-ciencies-asturianes-2018\/#mainImage","width":655,"height":360},"primaryImageOfPage":{"@id":"https:\/\/candas365.es\/noticias\/dia-de-les-ciencies-asturianes-2018\/#mainImage"},"datePublished":"2018-11-07T15:37:45+01:00","dateModified":"2018-11-07T15:37:45+01:00"},{"@type":"WebSite","@id":"https:\/\/candas365.es\/noticias\/#website","url":"https:\/\/candas365.es\/noticias\/","name":"Cand\u00e1s 365","alternateName":"Cand\u00e1s 365 Noticias","description":"Actualidad desde Carre\u00f1o para el mundo","inLanguage":"es-ES","publisher":{"@id":"https:\/\/candas365.es\/noticias\/#organization"}}]},"og:locale":"es_ES","og:site_name":"Cand\u00e1s 365","og:type":"article","og:title":"D\u00eda de les Ciencies Asturianes 2018 | Cand\u00e1s 365","og:description":"La Consejer\u00eda de Educaci\u00f3n y Cultura celebra la octava edici\u00f3n del D\u00eda de les Ciencies Asturianes con dos actividades divulgativas centradas en la investigaci\u00f3n y la tecnolog\u00eda al servicio de la humanidad. Por una parte, el rector de la Universidad de Oviedo, Santiago Garc\u00eda Granda, impartir\u00e1 ma\u00f1ana la conferencia Notes sobre la investigaci\u00f3n na Universid\u00e1","og:url":"https:\/\/candas365.es\/noticias\/dia-de-les-ciencies-asturianes-2018\/","og:image":"https:\/\/candas365.es\/noticias\/wp-content\/uploads\/2016\/11\/ciencia.jpg","og:image:secure_url":"https:\/\/candas365.es\/noticias\/wp-content\/uploads\/2016\/11\/ciencia.jpg","og:image:width":655,"og:image:height":360,"article:published_time":"2018-11-07T15:37:45+00:00","article:modified_time":"2018-11-07T15:37:45+00:00","article:publisher":"https:\/\/www.facebook.com\/Nachofdezber","article:author":"https:\/\/www.facebook.com\/carrenoactualidad","twitter:card":"summary_large_image","twitter:site":"@NabercoDigital","twitter:title":"D\u00eda de les Ciencies Asturianes 2018 | Cand\u00e1s 365","twitter:description":"La Consejer\u00eda de Educaci\u00f3n y Cultura celebra la octava edici\u00f3n del D\u00eda de les Ciencies Asturianes con dos actividades divulgativas centradas en la investigaci\u00f3n y la tecnolog\u00eda al servicio de la humanidad. Por una parte, el rector de la Universidad de Oviedo, Santiago Garc\u00eda Granda, impartir\u00e1 ma\u00f1ana la conferencia Notes sobre la investigaci\u00f3n na Universid\u00e1","twitter:creator":"@nbasturias","twitter:image":"https:\/\/candas365.es\/noticias\/wp-content\/uploads\/2016\/11\/ciencia.jpg","twitter:label1":"Escrito por","twitter:data1":"Cand\u00e1s 365","twitter:label2":"Tiempo de lectura estimado","twitter:data2":"2 minutos"},"aioseo_meta_data":{"post_id":"109450","title":null,"description":null,"keywords":null,"keyphrases":null,"primary_term":null,"canonical_url":null,"og_title":null,"og_description":null,"og_object_type":"default","og_image_type":"default","og_image_url":null,"og_image_width":null,"og_image_height":null,"og_image_custom_url":null,"og_image_custom_fields":null,"og_video":null,"og_custom_url":null,"og_article_section":null,"og_article_tags":null,"twitter_use_og":false,"twitter_card":"default","twitter_image_type":"default","twitter_image_url":null,"twitter_image_custom_url":null,"twitter_image_custom_fields":null,"twitter_title":null,"twitter_description":null,"schema":{"blockGraphs":[],"customGraphs":[],"default":{"data":{"Article":[],"Course":[],"Dataset":[],"FAQPage":[],"Movie":[],"Person":[],"Product":[],"ProductReview":[],"Car":[],"Recipe":[],"Service":[],"SoftwareApplication":[],"WebPage":[]},"graphName":"","isEnabled":true},"graphs":[],"defaultGraph":"","defaultPostTypeGraph":""},"schema_type":null,"schema_type_options":null,"pillar_content":false,"robots_default":true,"robots_noindex":false,"robots_noarchive":false,"robots_nosnippet":false,"robots_nofollow":false,"robots_noimageindex":false,"robots_noodp":false,"robots_notranslate":false,"robots_max_snippet":null,"robots_max_videopreview":null,"robots_max_imagepreview":"large","priority":null,"frequency":null,"location":null,"local_seo":null,"seo_analyzer_scan_date":"2025-08-28 09:45:33","breadcrumb_settings":null,"limit_modified_date":false,"reviewed_by":null,"open_ai":null,"ai":null,"created":"2020-12-21 11:39:20","updated":"2025-08-28 09:45:33"},"aioseo_breadcrumb":"<div class=\"aioseo-breadcrumbs\"><span class=\"aioseo-breadcrumb\">\n\t<a href=\"https:\/\/candas365.es\/noticias\" title=\"Home\">Home<\/a>\n<\/span><span class=\"aioseo-breadcrumb-separator\">&ndash;<\/span><span class=\"aioseo-breadcrumb\">\n\t<a href=\"https:\/\/candas365.es\/noticias\/category\/agenda\/\" title=\"Agenda\">Agenda<\/a>\n<\/span><span class=\"aioseo-breadcrumb-separator\">&ndash;<\/span><span class=\"aioseo-breadcrumb\">\n\tD\u00eda de les Ciencies Asturianes 2018\n<\/span><\/div>","aioseo_breadcrumb_json":[{"label":"Home","link":"https:\/\/candas365.es\/noticias"},{"label":"Agenda","link":"https:\/\/candas365.es\/noticias\/category\/agenda\/"},{"label":"D\u00eda de les Ciencies Asturianes 2018","link":"https:\/\/candas365.es\/noticias\/dia-de-les-ciencies-asturianes-2018\/"}],"_links":{"self":[{"href":"https:\/\/candas365.es\/noticias\/wp-json\/wp\/v2\/posts\/109450","targetHints":{"allow":["GET"]}}],"collection":[{"href":"https:\/\/candas365.es\/noticias\/wp-json\/wp\/v2\/posts"}],"about":[{"href":"https:\/\/candas365.es\/noticias\/wp-json\/wp\/v2\/types\/post"}],"author":[{"embeddable":true,"href":"https:\/\/candas365.es\/noticias\/wp-json\/wp\/v2\/users\/1"}],"replies":[{"embeddable":true,"href":"https:\/\/candas365.es\/noticias\/wp-json\/wp\/v2\/comments?post=109450"}],"version-history":[{"count":0,"href":"https:\/\/candas365.es\/noticias\/wp-json\/wp\/v2\/posts\/109450\/revisions"}],"wp:featuredmedia":[{"embeddable":true,"href":"https:\/\/candas365.es\/noticias\/wp-json\/wp\/v2\/media\/35850"}],"wp:attachment":[{"href":"https:\/\/candas365.es\/noticias\/wp-json\/wp\/v2\/media?parent=109450"}],"wp:term":[{"taxonomy":"category","embeddable":true,"href":"https:\/\/candas365.es\/noticias\/wp-json\/wp\/v2\/categories?post=109450"},{"taxonomy":"post_tag","embeddable":true,"href":"https:\/\/candas365.es\/noticias\/wp-json\/wp\/v2\/tags?post=109450"}],"curies":[{"name":"wp","href":"https:\/\/api.w.org\/{rel}","templated":true}]}}