{"id":109375,"date":"2018-11-07T05:11:56","date_gmt":"2018-11-07T05:11:56","guid":{"rendered":"http:\/\/candas365.es\/noticias\/?p=109375"},"modified":"2018-11-07T05:11:56","modified_gmt":"2018-11-07T05:11:56","slug":"las-ligas-europeas-rechazan-la-creacion-de-una-superliga-continental","status":"publish","type":"post","link":"https:\/\/candas365.es\/noticias\/las-ligas-europeas-rechazan-la-creacion-de-una-superliga-continental\/","title":{"rendered":"Las Ligas europeas rechazan la creaci\u00f3n de una Superliga continental"},"content":{"rendered":"<p><img fetchpriority=\"high\" decoding=\"async\" class=\"alignleft size-medium wp-image-95363\" src=\"https:\/\/candas365.es\/noticias\/wp-content\/uploads\/2018\/05\/football-stadium-62891_960_720-360x270.jpg\" alt=\"\" width=\"360\" height=\"270\" srcset=\"https:\/\/candas365.es\/noticias\/wp-content\/uploads\/2018\/05\/football-stadium-62891_960_720-360x270.jpg 360w, https:\/\/candas365.es\/noticias\/wp-content\/uploads\/2018\/05\/football-stadium-62891_960_720-768x576.jpg 768w, https:\/\/candas365.es\/noticias\/wp-content\/uploads\/2018\/05\/football-stadium-62891_960_720-640x480.jpg 640w, https:\/\/candas365.es\/noticias\/wp-content\/uploads\/2018\/05\/football-stadium-62891_960_720-80x60.jpg 80w, https:\/\/candas365.es\/noticias\/wp-content\/uploads\/2018\/05\/football-stadium-62891_960_720-265x198.jpg 265w, https:\/\/candas365.es\/noticias\/wp-content\/uploads\/2018\/05\/football-stadium-62891_960_720-696x522.jpg 696w, https:\/\/candas365.es\/noticias\/wp-content\/uploads\/2018\/05\/football-stadium-62891_960_720-560x420.jpg 560w, https:\/\/candas365.es\/noticias\/wp-content\/uploads\/2018\/05\/football-stadium-62891_960_720.jpg 960w\" sizes=\"(max-width: 360px) 100vw, 360px\" \/>Nyon (Suiza), 6 nov (dpa) &#8211; La Asociaci\u00f3n de Ligas Europeas rechaz\u00f3 hoy los presuntos planes sobre la creaci\u00f3n de una Superliga que re\u00fana a los mayores clubes de f\u00fatbol del continente.<\/p>\n<p>En un comunicado, la organizaci\u00f3n que representa a 35 ligas en Europa se\u00f1al\u00f3 que toma nota de \u00ablos rumores y especulaciones\u00bb y reiter\u00f3 su \u00abfuerte oposici\u00f3n\u00bb a la creaci\u00f3n de cualquier competici\u00f3n \u00abcerrada sobre el modelo de franquicias\u00bb.<\/p>\n<p>\u00abEl f\u00fatbol dom\u00e9stico est\u00e1 en el coraz\u00f3n del juego en Europa\u00bb, indic\u00f3 la Asociaci\u00f3n de Ligas Europeas. \u00abLas propuestas de crear una Superliga cerrada tendr\u00edan graves y perdurables consecuencias para la sustentabilidad del f\u00fatbol profesional en Europa\u00bb.<\/p>\n<p>Diversos medios aseguraron la semana pasada que varios grandes clubes europeos est\u00e1n evaluando la creaci\u00f3n de una Superliga que competir\u00eda con la Liga de Campeones.<\/p>\n<p>De acuerdo con la revista alemana \u00abDer Spiegel\u00bb, una consultora ya present\u00f3 los planes del nuevo torneo al Real Madrid en octubre. Adem\u00e1s, se\u00f1al\u00f3 que 16 de los clubes m\u00e1s importantes del continente planean firmar una carta de intenci\u00f3n a finales de este mes para la concreci\u00f3n del nuevo torneo.<\/p>\n<p>En los planes preliminares, se estima que el Bayern, el Real Madrid, el Barcelona, \u200b\u200bel Manchester United, el Chelsea, el Arsenal, el Manchester City, el Liverpool, el Paris Saint-Germain, la Juventus y el Milan ser\u00e1n los clubes que tomar\u00e1n parte del torneo de forma estable, mientras que el Atl\u00e9tico de Madrid, el Borussia Dortmund, el Olympique de Marsella, el Inter de Mil\u00e1n y la Roma ser\u00edan los primeros invitados.<\/p>\n","protected":false},"excerpt":{"rendered":"<p>Nyon (Suiza), 6 nov (dpa) &#8211; La Asociaci\u00f3n de Ligas Europeas rechaz\u00f3 hoy los presuntos planes sobre la creaci\u00f3n de una Superliga que re\u00fana a los mayores clubes de f\u00fatbol del continente. En un comunicado, la organizaci\u00f3n que representa a 35 ligas en Europa se\u00f1al\u00f3 que toma nota de \u00ablos rumores y especulaciones\u00bb y reiter\u00f3<\/p>\n","protected":false},"author":1,"featured_media":94574,"comment_status":"closed","ping_status":"closed","sticky":false,"template":"","format":"standard","meta":{"footnotes":""},"categories":[319],"tags":[],"class_list":{"0":"post-109375","1":"post","2":"type-post","3":"status-publish","4":"format-standard","5":"has-post-thumbnail","7":"category-deporte"},"aioseo_notices":[],"aioseo_head":"\n\t\t<!-- All in One SEO Pro 4.9.6.2 - aioseo.com -->\n\t<meta name=\"description\" content=\"Nyon (Suiza), 6 nov (dpa) - La Asociaci\u00f3n de Ligas Europeas rechaz\u00f3 hoy los presuntos planes sobre la creaci\u00f3n de una Superliga que re\u00fana a los mayores clubes de f\u00fatbol del continente. En un comunicado, la organizaci\u00f3n que representa a 35 ligas en Europa se\u00f1al\u00f3 que toma nota de &quot;los rumores y especulaciones&quot; y reiter\u00f3\" \/>\n\t<meta name=\"robots\" content=\"max-image-preview:large\" \/>\n\t<meta name=\"author\" content=\"Cand\u00e1s 365\"\/>\n\t<meta name=\"google-site-verification\" content=\"UA-32230408-1\" \/>\n\t<meta name=\"msvalidate.01\" content=\"354F3CDFB2DA171B47FBE9ABF1F88D5\" \/>\n\t<meta name=\"keywords\" content=\"deporte\" \/>\n\t<link rel=\"canonical\" href=\"https:\/\/candas365.es\/noticias\/las-ligas-europeas-rechazan-la-creacion-de-una-superliga-continental\/\" \/>\n\t<meta name=\"generator\" content=\"All in One SEO Pro (AIOSEO) 4.9.6.2\" \/>\n\t\t<meta property=\"og:locale\" content=\"es_ES\" \/>\n\t\t<meta property=\"og:site_name\" content=\"Cand\u00e1s 365\" \/>\n\t\t<meta property=\"og:type\" content=\"article\" \/>\n\t\t<meta property=\"og:title\" content=\"Las Ligas europeas rechazan la creaci\u00f3n de una Superliga continental | Cand\u00e1s 365\" \/>\n\t\t<meta property=\"og:description\" content=\"Nyon (Suiza), 6 nov (dpa) - La Asociaci\u00f3n de Ligas Europeas rechaz\u00f3 hoy los presuntos planes sobre la creaci\u00f3n de una Superliga que re\u00fana a los mayores clubes de f\u00fatbol del continente. En un comunicado, la organizaci\u00f3n que representa a 35 ligas en Europa se\u00f1al\u00f3 que toma nota de &quot;los rumores y especulaciones&quot; y reiter\u00f3\" \/>\n\t\t<meta property=\"og:url\" content=\"https:\/\/candas365.es\/noticias\/las-ligas-europeas-rechazan-la-creacion-de-una-superliga-continental\/\" \/>\n\t\t<meta property=\"og:image\" content=\"https:\/\/candas365.es\/noticias\/wp-content\/uploads\/2018\/04\/arena-1181668_960_720.jpg\" \/>\n\t\t<meta property=\"og:image:secure_url\" content=\"https:\/\/candas365.es\/noticias\/wp-content\/uploads\/2018\/04\/arena-1181668_960_720.jpg\" \/>\n\t\t<meta property=\"og:image:width\" content=\"960\" \/>\n\t\t<meta property=\"og:image:height\" content=\"640\" \/>\n\t\t<meta property=\"article:published_time\" content=\"2018-11-07T05:11:56+00:00\" \/>\n\t\t<meta property=\"article:modified_time\" content=\"2018-11-07T05:11:56+00:00\" \/>\n\t\t<meta property=\"article:publisher\" content=\"https:\/\/www.facebook.com\/Nachofdezber\" \/>\n\t\t<meta property=\"article:author\" content=\"https:\/\/www.facebook.com\/carrenoactualidad\" \/>\n\t\t<meta name=\"twitter:card\" content=\"summary_large_image\" \/>\n\t\t<meta name=\"twitter:site\" content=\"@NabercoDigital\" \/>\n\t\t<meta name=\"twitter:title\" content=\"Las Ligas europeas rechazan la creaci\u00f3n de una Superliga continental | Cand\u00e1s 365\" \/>\n\t\t<meta name=\"twitter:description\" content=\"Nyon (Suiza), 6 nov (dpa) - La Asociaci\u00f3n de Ligas Europeas rechaz\u00f3 hoy los presuntos planes sobre la creaci\u00f3n de una Superliga que re\u00fana a los mayores clubes de f\u00fatbol del continente. En un comunicado, la organizaci\u00f3n que representa a 35 ligas en Europa se\u00f1al\u00f3 que toma nota de &quot;los rumores y especulaciones&quot; y reiter\u00f3\" \/>\n\t\t<meta name=\"twitter:creator\" content=\"@nbasturias\" \/>\n\t\t<meta name=\"twitter:image\" content=\"https:\/\/candas365.es\/noticias\/wp-content\/uploads\/2018\/04\/arena-1181668_960_720.jpg\" \/>\n\t\t<meta name=\"twitter:label1\" content=\"Escrito por\" \/>\n\t\t<meta name=\"twitter:data1\" content=\"Cand\u00e1s 365\" \/>\n\t\t<meta name=\"twitter:label2\" content=\"Tiempo de lectura estimado\" \/>\n\t\t<meta name=\"twitter:data2\" content=\"1 minuto\" \/>\n\t\t<script type=\"application\/ld+json\" class=\"aioseo-schema\">\n\t\t\t{\"@context\":\"https:\\\/\\\/schema.org\",\"@graph\":[{\"@type\":\"BreadcrumbList\",\"@id\":\"https:\\\/\\\/candas365.es\\\/noticias\\\/las-ligas-europeas-rechazan-la-creacion-de-una-superliga-continental\\\/#breadcrumblist\",\"itemListElement\":[{\"@type\":\"ListItem\",\"@id\":\"https:\\\/\\\/candas365.es\\\/noticias#listItem\",\"position\":1,\"name\":\"Home\",\"item\":\"https:\\\/\\\/candas365.es\\\/noticias\",\"nextItem\":{\"@type\":\"ListItem\",\"@id\":\"https:\\\/\\\/candas365.es\\\/noticias\\\/category\\\/deporte\\\/#listItem\",\"name\":\"Deporte\"}},{\"@type\":\"ListItem\",\"@id\":\"https:\\\/\\\/candas365.es\\\/noticias\\\/category\\\/deporte\\\/#listItem\",\"position\":2,\"name\":\"Deporte\",\"item\":\"https:\\\/\\\/candas365.es\\\/noticias\\\/category\\\/deporte\\\/\",\"nextItem\":{\"@type\":\"ListItem\",\"@id\":\"https:\\\/\\\/candas365.es\\\/noticias\\\/las-ligas-europeas-rechazan-la-creacion-de-una-superliga-continental\\\/#listItem\",\"name\":\"Las Ligas europeas rechazan la creaci\\u00f3n de una Superliga continental\"},\"previousItem\":{\"@type\":\"ListItem\",\"@id\":\"https:\\\/\\\/candas365.es\\\/noticias#listItem\",\"name\":\"Home\"}},{\"@type\":\"ListItem\",\"@id\":\"https:\\\/\\\/candas365.es\\\/noticias\\\/las-ligas-europeas-rechazan-la-creacion-de-una-superliga-continental\\\/#listItem\",\"position\":3,\"name\":\"Las Ligas europeas rechazan la creaci\\u00f3n de una Superliga continental\",\"previousItem\":{\"@type\":\"ListItem\",\"@id\":\"https:\\\/\\\/candas365.es\\\/noticias\\\/category\\\/deporte\\\/#listItem\",\"name\":\"Deporte\"}}]},{\"@type\":\"NewsArticle\",\"@id\":\"https:\\\/\\\/candas365.es\\\/noticias\\\/las-ligas-europeas-rechazan-la-creacion-de-una-superliga-continental\\\/#newsarticle\",\"name\":\"Las Ligas europeas rechazan la creaci\\u00f3n de una Superliga continental | Cand\\u00e1s 365\",\"headline\":\"Las Ligas europeas rechazan la creaci\\u00f3n de una Superliga continental\",\"author\":{\"@id\":\"https:\\\/\\\/candas365.es\\\/noticias\\\/author\\\/admin\\\/#author\"},\"publisher\":{\"@id\":\"https:\\\/\\\/candas365.es\\\/noticias\\\/#organization\"},\"image\":{\"@type\":\"ImageObject\",\"url\":\"https:\\\/\\\/candas365.es\\\/noticias\\\/wp-content\\\/uploads\\\/2018\\\/04\\\/arena-1181668_960_720.jpg\",\"width\":960,\"height\":640},\"datePublished\":\"2018-11-07T05:11:56+01:00\",\"dateModified\":\"2018-11-07T05:11:56+01:00\",\"inLanguage\":\"es-ES\",\"mainEntityOfPage\":{\"@id\":\"https:\\\/\\\/candas365.es\\\/noticias\\\/las-ligas-europeas-rechazan-la-creacion-de-una-superliga-continental\\\/#webpage\"},\"isPartOf\":{\"@id\":\"https:\\\/\\\/candas365.es\\\/noticias\\\/las-ligas-europeas-rechazan-la-creacion-de-una-superliga-continental\\\/#webpage\"},\"articleSection\":\"Deporte\",\"dateline\":\"Publicado el noviembre 7, 2018.\"},{\"@type\":\"Organization\",\"@id\":\"https:\\\/\\\/candas365.es\\\/noticias\\\/#organization\",\"name\":\"Cand\\u00e1s 365\",\"description\":\"Cand\\u00e1s 365 es un diario digital independiente, fundado en 2012, con base en Asturias. Informamos con rigor sobre actualidad, sociedad, cultura y ocio, con una mirada local y global.\",\"url\":\"https:\\\/\\\/candas365.es\\\/noticias\\\/\",\"email\":\"info@candas365.es\",\"telephone\":\"+34652131393\",\"foundingDate\":\"2012-06-10\",\"logo\":{\"@type\":\"ImageObject\",\"url\":\"https:\\\/\\\/candas365.es\\\/noticias\\\/wp-content\\\/uploads\\\/2024\\\/09\\\/Candas-365-Redes.jpg\",\"@id\":\"https:\\\/\\\/candas365.es\\\/noticias\\\/las-ligas-europeas-rechazan-la-creacion-de-una-superliga-continental\\\/#organizationLogo\",\"width\":1152,\"height\":864,\"caption\":\"Cand\\u00e1s 365 Redes\"},\"image\":{\"@id\":\"https:\\\/\\\/candas365.es\\\/noticias\\\/las-ligas-europeas-rechazan-la-creacion-de-una-superliga-continental\\\/#organizationLogo\"},\"sameAs\":[\"https:\\\/\\\/www.facebook.com\\\/Nachofdezber\",\"https:\\\/\\\/x.com\\\/NabercoDigital\",\"https:\\\/\\\/www.instagram.com\\\/nachofdezber\\\/\",\"https:\\\/\\\/www.youtube.com\\\/channel\\\/UCZP-2wLEB9Rv6erhFmqVnvg\"],\"address\":{\"@id\":\"https:\\\/\\\/candas365.es\\\/noticias\\\/#postaladdress\",\"@type\":\"PostalAddress\",\"streetAddress\":\"san antonio 4, san antonio 4\",\"postalCode\":\"33430\",\"addressLocality\":\"Cand\\u00e1s\",\"addressRegion\":\"Asturias\",\"addressCountry\":\"ES\"}},{\"@type\":\"Person\",\"@id\":\"https:\\\/\\\/candas365.es\\\/noticias\\\/author\\\/admin\\\/#author\",\"url\":\"https:\\\/\\\/candas365.es\\\/noticias\\\/author\\\/admin\\\/\",\"name\":\"Cand\\u00e1s 365\",\"image\":{\"@type\":\"ImageObject\",\"@id\":\"https:\\\/\\\/candas365.es\\\/noticias\\\/las-ligas-europeas-rechazan-la-creacion-de-una-superliga-continental\\\/#authorImage\",\"url\":\"https:\\\/\\\/secure.gravatar.com\\\/avatar\\\/496a8e03d0c493ede1718b7934145dbdf8d89be1036b0eec9544e1094c9de390?s=96&d=mm&r=g\",\"width\":96,\"height\":96,\"caption\":\"Cand\\u00e1s 365\"},\"sameAs\":[\"https:\\\/\\\/www.facebook.com\\\/carrenoactualidad\",\"https:\\\/\\\/twitter.com\\\/nbasturias\",\"https:\\\/\\\/www.instagram.com\\\/nachofdezber\\\/\",\"https:\\\/\\\/www.youtube.com\\\/channel\\\/UCZP-2wLEB9Rv6erhFmqVnvg\"]},{\"@type\":\"WebPage\",\"@id\":\"https:\\\/\\\/candas365.es\\\/noticias\\\/las-ligas-europeas-rechazan-la-creacion-de-una-superliga-continental\\\/#webpage\",\"url\":\"https:\\\/\\\/candas365.es\\\/noticias\\\/las-ligas-europeas-rechazan-la-creacion-de-una-superliga-continental\\\/\",\"name\":\"Las Ligas europeas rechazan la creaci\\u00f3n de una Superliga continental | Cand\\u00e1s 365\",\"description\":\"Nyon (Suiza), 6 nov (dpa) - La Asociaci\\u00f3n de Ligas Europeas rechaz\\u00f3 hoy los presuntos planes sobre la creaci\\u00f3n de una Superliga que re\\u00fana a los mayores clubes de f\\u00fatbol del continente. En un comunicado, la organizaci\\u00f3n que representa a 35 ligas en Europa se\\u00f1al\\u00f3 que toma nota de \\\"los rumores y especulaciones\\\" y reiter\\u00f3\",\"inLanguage\":\"es-ES\",\"isPartOf\":{\"@id\":\"https:\\\/\\\/candas365.es\\\/noticias\\\/#website\"},\"breadcrumb\":{\"@id\":\"https:\\\/\\\/candas365.es\\\/noticias\\\/las-ligas-europeas-rechazan-la-creacion-de-una-superliga-continental\\\/#breadcrumblist\"},\"author\":{\"@id\":\"https:\\\/\\\/candas365.es\\\/noticias\\\/author\\\/admin\\\/#author\"},\"creator\":{\"@id\":\"https:\\\/\\\/candas365.es\\\/noticias\\\/author\\\/admin\\\/#author\"},\"image\":{\"@type\":\"ImageObject\",\"url\":\"https:\\\/\\\/candas365.es\\\/noticias\\\/wp-content\\\/uploads\\\/2018\\\/04\\\/arena-1181668_960_720.jpg\",\"@id\":\"https:\\\/\\\/candas365.es\\\/noticias\\\/las-ligas-europeas-rechazan-la-creacion-de-una-superliga-continental\\\/#mainImage\",\"width\":960,\"height\":640},\"primaryImageOfPage\":{\"@id\":\"https:\\\/\\\/candas365.es\\\/noticias\\\/las-ligas-europeas-rechazan-la-creacion-de-una-superliga-continental\\\/#mainImage\"},\"datePublished\":\"2018-11-07T05:11:56+01:00\",\"dateModified\":\"2018-11-07T05:11:56+01:00\"},{\"@type\":\"WebSite\",\"@id\":\"https:\\\/\\\/candas365.es\\\/noticias\\\/#website\",\"url\":\"https:\\\/\\\/candas365.es\\\/noticias\\\/\",\"name\":\"Cand\\u00e1s 365\",\"alternateName\":\"Cand\\u00e1s 365 Noticias\",\"description\":\"Actualidad desde Carre\\u00f1o para el mundo\",\"inLanguage\":\"es-ES\",\"publisher\":{\"@id\":\"https:\\\/\\\/candas365.es\\\/noticias\\\/#organization\"}}]}\n\t\t<\/script>\n\t\t<!-- All in One SEO Pro -->\r\n\t\t<title>Las Ligas europeas rechazan la creaci\u00f3n de una Superliga continental | Cand\u00e1s 365<\/title>\n\n","aioseo_head_json":{"title":"Las Ligas europeas rechazan la creaci\u00f3n de una Superliga continental | Cand\u00e1s 365","description":"Nyon (Suiza), 6 nov (dpa) - La Asociaci\u00f3n de Ligas Europeas rechaz\u00f3 hoy los presuntos planes sobre la creaci\u00f3n de una Superliga que re\u00fana a los mayores clubes de f\u00fatbol del continente. En un comunicado, la organizaci\u00f3n que representa a 35 ligas en Europa se\u00f1al\u00f3 que toma nota de \"los rumores y especulaciones\" y reiter\u00f3","canonical_url":"https:\/\/candas365.es\/noticias\/las-ligas-europeas-rechazan-la-creacion-de-una-superliga-continental\/","robots":"max-image-preview:large","keywords":"deporte","webmasterTools":{"google-site-verification":"UA-32230408-1","msvalidate.01":"354F3CDFB2DA171B47FBE9ABF1F88D5","miscellaneous":""},"schema":{"@context":"https:\/\/schema.org","@graph":[{"@type":"BreadcrumbList","@id":"https:\/\/candas365.es\/noticias\/las-ligas-europeas-rechazan-la-creacion-de-una-superliga-continental\/#breadcrumblist","itemListElement":[{"@type":"ListItem","@id":"https:\/\/candas365.es\/noticias#listItem","position":1,"name":"Home","item":"https:\/\/candas365.es\/noticias","nextItem":{"@type":"ListItem","@id":"https:\/\/candas365.es\/noticias\/category\/deporte\/#listItem","name":"Deporte"}},{"@type":"ListItem","@id":"https:\/\/candas365.es\/noticias\/category\/deporte\/#listItem","position":2,"name":"Deporte","item":"https:\/\/candas365.es\/noticias\/category\/deporte\/","nextItem":{"@type":"ListItem","@id":"https:\/\/candas365.es\/noticias\/las-ligas-europeas-rechazan-la-creacion-de-una-superliga-continental\/#listItem","name":"Las Ligas europeas rechazan la creaci\u00f3n de una Superliga continental"},"previousItem":{"@type":"ListItem","@id":"https:\/\/candas365.es\/noticias#listItem","name":"Home"}},{"@type":"ListItem","@id":"https:\/\/candas365.es\/noticias\/las-ligas-europeas-rechazan-la-creacion-de-una-superliga-continental\/#listItem","position":3,"name":"Las Ligas europeas rechazan la creaci\u00f3n de una Superliga continental","previousItem":{"@type":"ListItem","@id":"https:\/\/candas365.es\/noticias\/category\/deporte\/#listItem","name":"Deporte"}}]},{"@type":"NewsArticle","@id":"https:\/\/candas365.es\/noticias\/las-ligas-europeas-rechazan-la-creacion-de-una-superliga-continental\/#newsarticle","name":"Las Ligas europeas rechazan la creaci\u00f3n de una Superliga continental | Cand\u00e1s 365","headline":"Las Ligas europeas rechazan la creaci\u00f3n de una Superliga continental","author":{"@id":"https:\/\/candas365.es\/noticias\/author\/admin\/#author"},"publisher":{"@id":"https:\/\/candas365.es\/noticias\/#organization"},"image":{"@type":"ImageObject","url":"https:\/\/candas365.es\/noticias\/wp-content\/uploads\/2018\/04\/arena-1181668_960_720.jpg","width":960,"height":640},"datePublished":"2018-11-07T05:11:56+01:00","dateModified":"2018-11-07T05:11:56+01:00","inLanguage":"es-ES","mainEntityOfPage":{"@id":"https:\/\/candas365.es\/noticias\/las-ligas-europeas-rechazan-la-creacion-de-una-superliga-continental\/#webpage"},"isPartOf":{"@id":"https:\/\/candas365.es\/noticias\/las-ligas-europeas-rechazan-la-creacion-de-una-superliga-continental\/#webpage"},"articleSection":"Deporte","dateline":"Publicado el noviembre 7, 2018."},{"@type":"Organization","@id":"https:\/\/candas365.es\/noticias\/#organization","name":"Cand\u00e1s 365","description":"Cand\u00e1s 365 es un diario digital independiente, fundado en 2012, con base en Asturias. Informamos con rigor sobre actualidad, sociedad, cultura y ocio, con una mirada local y global.","url":"https:\/\/candas365.es\/noticias\/","email":"info@candas365.es","telephone":"+34652131393","foundingDate":"2012-06-10","logo":{"@type":"ImageObject","url":"https:\/\/candas365.es\/noticias\/wp-content\/uploads\/2024\/09\/Candas-365-Redes.jpg","@id":"https:\/\/candas365.es\/noticias\/las-ligas-europeas-rechazan-la-creacion-de-una-superliga-continental\/#organizationLogo","width":1152,"height":864,"caption":"Cand\u00e1s 365 Redes"},"image":{"@id":"https:\/\/candas365.es\/noticias\/las-ligas-europeas-rechazan-la-creacion-de-una-superliga-continental\/#organizationLogo"},"sameAs":["https:\/\/www.facebook.com\/Nachofdezber","https:\/\/x.com\/NabercoDigital","https:\/\/www.instagram.com\/nachofdezber\/","https:\/\/www.youtube.com\/channel\/UCZP-2wLEB9Rv6erhFmqVnvg"],"address":{"@id":"https:\/\/candas365.es\/noticias\/#postaladdress","@type":"PostalAddress","streetAddress":"san antonio 4, san antonio 4","postalCode":"33430","addressLocality":"Cand\u00e1s","addressRegion":"Asturias","addressCountry":"ES"}},{"@type":"Person","@id":"https:\/\/candas365.es\/noticias\/author\/admin\/#author","url":"https:\/\/candas365.es\/noticias\/author\/admin\/","name":"Cand\u00e1s 365","image":{"@type":"ImageObject","@id":"https:\/\/candas365.es\/noticias\/las-ligas-europeas-rechazan-la-creacion-de-una-superliga-continental\/#authorImage","url":"https:\/\/secure.gravatar.com\/avatar\/496a8e03d0c493ede1718b7934145dbdf8d89be1036b0eec9544e1094c9de390?s=96&d=mm&r=g","width":96,"height":96,"caption":"Cand\u00e1s 365"},"sameAs":["https:\/\/www.facebook.com\/carrenoactualidad","https:\/\/twitter.com\/nbasturias","https:\/\/www.instagram.com\/nachofdezber\/","https:\/\/www.youtube.com\/channel\/UCZP-2wLEB9Rv6erhFmqVnvg"]},{"@type":"WebPage","@id":"https:\/\/candas365.es\/noticias\/las-ligas-europeas-rechazan-la-creacion-de-una-superliga-continental\/#webpage","url":"https:\/\/candas365.es\/noticias\/las-ligas-europeas-rechazan-la-creacion-de-una-superliga-continental\/","name":"Las Ligas europeas rechazan la creaci\u00f3n de una Superliga continental | Cand\u00e1s 365","description":"Nyon (Suiza), 6 nov (dpa) - La Asociaci\u00f3n de Ligas Europeas rechaz\u00f3 hoy los presuntos planes sobre la creaci\u00f3n de una Superliga que re\u00fana a los mayores clubes de f\u00fatbol del continente. En un comunicado, la organizaci\u00f3n que representa a 35 ligas en Europa se\u00f1al\u00f3 que toma nota de \"los rumores y especulaciones\" y reiter\u00f3","inLanguage":"es-ES","isPartOf":{"@id":"https:\/\/candas365.es\/noticias\/#website"},"breadcrumb":{"@id":"https:\/\/candas365.es\/noticias\/las-ligas-europeas-rechazan-la-creacion-de-una-superliga-continental\/#breadcrumblist"},"author":{"@id":"https:\/\/candas365.es\/noticias\/author\/admin\/#author"},"creator":{"@id":"https:\/\/candas365.es\/noticias\/author\/admin\/#author"},"image":{"@type":"ImageObject","url":"https:\/\/candas365.es\/noticias\/wp-content\/uploads\/2018\/04\/arena-1181668_960_720.jpg","@id":"https:\/\/candas365.es\/noticias\/las-ligas-europeas-rechazan-la-creacion-de-una-superliga-continental\/#mainImage","width":960,"height":640},"primaryImageOfPage":{"@id":"https:\/\/candas365.es\/noticias\/las-ligas-europeas-rechazan-la-creacion-de-una-superliga-continental\/#mainImage"},"datePublished":"2018-11-07T05:11:56+01:00","dateModified":"2018-11-07T05:11:56+01:00"},{"@type":"WebSite","@id":"https:\/\/candas365.es\/noticias\/#website","url":"https:\/\/candas365.es\/noticias\/","name":"Cand\u00e1s 365","alternateName":"Cand\u00e1s 365 Noticias","description":"Actualidad desde Carre\u00f1o para el mundo","inLanguage":"es-ES","publisher":{"@id":"https:\/\/candas365.es\/noticias\/#organization"}}]},"og:locale":"es_ES","og:site_name":"Cand\u00e1s 365","og:type":"article","og:title":"Las Ligas europeas rechazan la creaci\u00f3n de una Superliga continental | Cand\u00e1s 365","og:description":"Nyon (Suiza), 6 nov (dpa) - La Asociaci\u00f3n de Ligas Europeas rechaz\u00f3 hoy los presuntos planes sobre la creaci\u00f3n de una Superliga que re\u00fana a los mayores clubes de f\u00fatbol del continente. En un comunicado, la organizaci\u00f3n que representa a 35 ligas en Europa se\u00f1al\u00f3 que toma nota de &quot;los rumores y especulaciones&quot; y reiter\u00f3","og:url":"https:\/\/candas365.es\/noticias\/las-ligas-europeas-rechazan-la-creacion-de-una-superliga-continental\/","og:image":"https:\/\/candas365.es\/noticias\/wp-content\/uploads\/2018\/04\/arena-1181668_960_720.jpg","og:image:secure_url":"https:\/\/candas365.es\/noticias\/wp-content\/uploads\/2018\/04\/arena-1181668_960_720.jpg","og:image:width":960,"og:image:height":640,"article:published_time":"2018-11-07T05:11:56+00:00","article:modified_time":"2018-11-07T05:11:56+00:00","article:publisher":"https:\/\/www.facebook.com\/Nachofdezber","article:author":"https:\/\/www.facebook.com\/carrenoactualidad","twitter:card":"summary_large_image","twitter:site":"@NabercoDigital","twitter:title":"Las Ligas europeas rechazan la creaci\u00f3n de una Superliga continental | Cand\u00e1s 365","twitter:description":"Nyon (Suiza), 6 nov (dpa) - La Asociaci\u00f3n de Ligas Europeas rechaz\u00f3 hoy los presuntos planes sobre la creaci\u00f3n de una Superliga que re\u00fana a los mayores clubes de f\u00fatbol del continente. En un comunicado, la organizaci\u00f3n que representa a 35 ligas en Europa se\u00f1al\u00f3 que toma nota de &quot;los rumores y especulaciones&quot; y reiter\u00f3","twitter:creator":"@nbasturias","twitter:image":"https:\/\/candas365.es\/noticias\/wp-content\/uploads\/2018\/04\/arena-1181668_960_720.jpg","twitter:label1":"Escrito por","twitter:data1":"Cand\u00e1s 365","twitter:label2":"Tiempo de lectura estimado","twitter:data2":"1 minuto"},"aioseo_meta_data":{"post_id":"109375","title":null,"description":null,"keywords":null,"keyphrases":null,"primary_term":null,"canonical_url":null,"og_title":null,"og_description":null,"og_object_type":"default","og_image_type":"default","og_image_url":null,"og_image_width":null,"og_image_height":null,"og_image_custom_url":null,"og_image_custom_fields":null,"og_video":null,"og_custom_url":null,"og_article_section":null,"og_article_tags":null,"twitter_use_og":false,"twitter_card":"default","twitter_image_type":"default","twitter_image_url":null,"twitter_image_custom_url":null,"twitter_image_custom_fields":null,"twitter_title":null,"twitter_description":null,"schema":{"blockGraphs":[],"customGraphs":[],"default":{"data":{"Article":[],"Course":[],"Dataset":[],"FAQPage":[],"Movie":[],"Person":[],"Product":[],"ProductReview":[],"Car":[],"Recipe":[],"Service":[],"SoftwareApplication":[],"WebPage":[]},"graphName":"","isEnabled":true},"graphs":[]},"schema_type":null,"schema_type_options":null,"pillar_content":false,"robots_default":true,"robots_noindex":false,"robots_noarchive":false,"robots_nosnippet":false,"robots_nofollow":false,"robots_noimageindex":false,"robots_noodp":false,"robots_notranslate":false,"robots_max_snippet":null,"robots_max_videopreview":null,"robots_max_imagepreview":"large","priority":null,"frequency":null,"location":null,"local_seo":null,"seo_analyzer_scan_date":"2025-08-28 09:31:22","breadcrumb_settings":null,"limit_modified_date":false,"reviewed_by":null,"open_ai":null,"ai":null,"created":"2020-12-21 11:39:20","updated":"2025-08-28 09:31:22"},"aioseo_breadcrumb":"<div class=\"aioseo-breadcrumbs\"><span class=\"aioseo-breadcrumb\">\n\t<a href=\"https:\/\/candas365.es\/noticias\" title=\"Home\">Home<\/a>\n<\/span><span class=\"aioseo-breadcrumb-separator\">&ndash;<\/span><span class=\"aioseo-breadcrumb\">\n\t<a href=\"https:\/\/candas365.es\/noticias\/category\/deporte\/\" title=\"Deporte\">Deporte<\/a>\n<\/span><span class=\"aioseo-breadcrumb-separator\">&ndash;<\/span><span class=\"aioseo-breadcrumb\">\n\tLas Ligas europeas rechazan la creaci\u00f3n de una Superliga continental\n<\/span><\/div>","aioseo_breadcrumb_json":[{"label":"Home","link":"https:\/\/candas365.es\/noticias"},{"label":"Deporte","link":"https:\/\/candas365.es\/noticias\/category\/deporte\/"},{"label":"Las Ligas europeas rechazan la creaci\u00f3n de una Superliga continental","link":"https:\/\/candas365.es\/noticias\/las-ligas-europeas-rechazan-la-creacion-de-una-superliga-continental\/"}],"_links":{"self":[{"href":"https:\/\/candas365.es\/noticias\/wp-json\/wp\/v2\/posts\/109375","targetHints":{"allow":["GET"]}}],"collection":[{"href":"https:\/\/candas365.es\/noticias\/wp-json\/wp\/v2\/posts"}],"about":[{"href":"https:\/\/candas365.es\/noticias\/wp-json\/wp\/v2\/types\/post"}],"author":[{"embeddable":true,"href":"https:\/\/candas365.es\/noticias\/wp-json\/wp\/v2\/users\/1"}],"replies":[{"embeddable":true,"href":"https:\/\/candas365.es\/noticias\/wp-json\/wp\/v2\/comments?post=109375"}],"version-history":[{"count":0,"href":"https:\/\/candas365.es\/noticias\/wp-json\/wp\/v2\/posts\/109375\/revisions"}],"wp:featuredmedia":[{"embeddable":true,"href":"https:\/\/candas365.es\/noticias\/wp-json\/wp\/v2\/media\/94574"}],"wp:attachment":[{"href":"https:\/\/candas365.es\/noticias\/wp-json\/wp\/v2\/media?parent=109375"}],"wp:term":[{"taxonomy":"category","embeddable":true,"href":"https:\/\/candas365.es\/noticias\/wp-json\/wp\/v2\/categories?post=109375"},{"taxonomy":"post_tag","embeddable":true,"href":"https:\/\/candas365.es\/noticias\/wp-json\/wp\/v2\/tags?post=109375"}],"curies":[{"name":"wp","href":"https:\/\/api.w.org\/{rel}","templated":true}]}}