{"id":109371,"date":"2018-11-07T04:57:13","date_gmt":"2018-11-07T04:57:13","guid":{"rendered":"http:\/\/candas365.es\/noticias\/?p=109371"},"modified":"2018-11-07T04:57:13","modified_gmt":"2018-11-07T04:57:13","slug":"zverev-integra-el-grupo-kuerten-liderado-por-djokovic","status":"publish","type":"post","link":"https:\/\/candas365.es\/noticias\/zverev-integra-el-grupo-kuerten-liderado-por-djokovic\/","title":{"rendered":"Zverev integra el \u201cGrupo Kuerten\u201d liderado por Djokovic"},"content":{"rendered":"<p><img fetchpriority=\"high\" decoding=\"async\" class=\"alignleft size-medium wp-image-95170\" src=\"https:\/\/candas365.es\/noticias\/wp-content\/uploads\/2018\/05\/tennis-2891306_960_720-360x203.jpg\" alt=\"\" width=\"360\" height=\"203\" srcset=\"https:\/\/candas365.es\/noticias\/wp-content\/uploads\/2018\/05\/tennis-2891306_960_720-360x203.jpg 360w, https:\/\/candas365.es\/noticias\/wp-content\/uploads\/2018\/05\/tennis-2891306_960_720-768x432.jpg 768w, https:\/\/candas365.es\/noticias\/wp-content\/uploads\/2018\/05\/tennis-2891306_960_720-655x368.jpg 655w, https:\/\/candas365.es\/noticias\/wp-content\/uploads\/2018\/05\/tennis-2891306_960_720-696x392.jpg 696w, https:\/\/candas365.es\/noticias\/wp-content\/uploads\/2018\/05\/tennis-2891306_960_720-747x420.jpg 747w, https:\/\/candas365.es\/noticias\/wp-content\/uploads\/2018\/05\/tennis-2891306_960_720.jpg 960w\" sizes=\"(max-width: 360px) 100vw, 360px\" \/>Londres, 6 nov (dpa) &#8211; El serbio Novak Djokovic liderar\u00e1 el Grupo Guga Kuerten del Masters de tenis de Londres, mientras que el suizo Roger Federer comandar\u00e1 el Grupo Lleyton Hewitt, de acuerdo al sorteo celebrado este lunes en Londres.<\/p>\n<p>Djokovic, flamante n\u00famero uno del mundo y cinco veces campe\u00f3n del Masters, integrar\u00e1 su zona junto con el alem\u00e1n Alexander Zverev, el croata Marin Cilic y el estadounidense John Isner. En el otro grupo, Federer, seis veces ganador del certamen, qued\u00f3 emparejado con el sudafricano Kevin Anderson, el austr\u00edaco Dominic Thiem y el japon\u00e9s Kei Nishikori.<\/p>\n<p>El Masters de Londres es el \u00faltimo certamen de la temporada ten\u00edstica y reune a los ocho mejores jugadores del a\u00f1o, aunque sufrir\u00e1 dos bajas importantes por lesi\u00f3n: el espa\u00f1ol Rafael Nadal, segundo favorito, anunci\u00f3 el lunes su ausencia por una molestia abdominal y una intervenci\u00f3n en el tobillo, mientras que el argentino Juan Mart\u00edn del Potro lo hab\u00eda hecho el s\u00e1bado por una fractura en la r\u00f3tula.<\/p>\n<p>Por el sudamericano ingres\u00f3 Nishikori, n\u00famero nueve del mundo, en tanto que por el espa\u00f1ol entr\u00f3 Isner, d\u00e9cimo del ranking. El ruso Karen Khachanov, und\u00e9cimo en el escalaf\u00f3n, qued\u00f3 como primer suplente tras ganar el domingo el Masters 1.000 de Par\u00eds-Bercy y llegar a su mejor posici\u00f3n hist\u00f3rica.<\/p>\n<p>En el torneo que comenzar\u00e1 el pr\u00f3ximo domingo, los cuatro jugadores de cada grupo jugar\u00e1n todos contra todos y los dos primeros de cada zona avanzar\u00e1n para las semifinales. En caso de empate en las posiciones, los clasificados ser\u00e1n los que tengan mayor cantidad de sets y luego games ganados.<\/p>\n","protected":false},"excerpt":{"rendered":"<p>Londres, 6 nov (dpa) &#8211; El serbio Novak Djokovic liderar\u00e1 el Grupo Guga Kuerten del Masters de tenis de Londres, mientras que el suizo Roger Federer comandar\u00e1 el Grupo Lleyton Hewitt, de acuerdo al sorteo celebrado este lunes en Londres. Djokovic, flamante n\u00famero uno del mundo y cinco veces campe\u00f3n del Masters, integrar\u00e1 su zona<\/p>\n","protected":false},"author":1,"featured_media":104369,"comment_status":"closed","ping_status":"closed","sticky":false,"template":"","format":"standard","meta":{"footnotes":""},"categories":[319],"tags":[],"class_list":{"0":"post-109371","1":"post","2":"type-post","3":"status-publish","4":"format-standard","5":"has-post-thumbnail","7":"category-deporte"},"aioseo_notices":[],"aioseo_head":"\n\t\t<!-- All in One SEO Pro 4.9.6.2 - aioseo.com -->\n\t<meta name=\"description\" content=\"Londres, 6 nov (dpa) - El serbio Novak Djokovic liderar\u00e1 el Grupo Guga Kuerten del Masters de tenis de Londres, mientras que el suizo Roger Federer comandar\u00e1 el Grupo Lleyton Hewitt, de acuerdo al sorteo celebrado este lunes en Londres. Djokovic, flamante n\u00famero uno del mundo y cinco veces campe\u00f3n del Masters, integrar\u00e1 su zona\" \/>\n\t<meta name=\"robots\" content=\"max-image-preview:large\" \/>\n\t<meta name=\"author\" content=\"Cand\u00e1s 365\"\/>\n\t<meta name=\"google-site-verification\" content=\"UA-32230408-1\" \/>\n\t<meta name=\"msvalidate.01\" content=\"354F3CDFB2DA171B47FBE9ABF1F88D5\" \/>\n\t<meta name=\"keywords\" content=\"deporte\" \/>\n\t<link rel=\"canonical\" href=\"https:\/\/candas365.es\/noticias\/zverev-integra-el-grupo-kuerten-liderado-por-djokovic\/\" \/>\n\t<meta name=\"generator\" content=\"All in One SEO Pro (AIOSEO) 4.9.6.2\" \/>\n\t\t<meta property=\"og:locale\" content=\"es_ES\" \/>\n\t\t<meta property=\"og:site_name\" content=\"Cand\u00e1s 365\" \/>\n\t\t<meta property=\"og:type\" content=\"article\" \/>\n\t\t<meta property=\"og:title\" content=\"Zverev integra el \u201cGrupo Kuerten\u201d liderado por Djokovic | Cand\u00e1s 365\" \/>\n\t\t<meta property=\"og:description\" content=\"Londres, 6 nov (dpa) - El serbio Novak Djokovic liderar\u00e1 el Grupo Guga Kuerten del Masters de tenis de Londres, mientras que el suizo Roger Federer comandar\u00e1 el Grupo Lleyton Hewitt, de acuerdo al sorteo celebrado este lunes en Londres. Djokovic, flamante n\u00famero uno del mundo y cinco veces campe\u00f3n del Masters, integrar\u00e1 su zona\" \/>\n\t\t<meta property=\"og:url\" content=\"https:\/\/candas365.es\/noticias\/zverev-integra-el-grupo-kuerten-liderado-por-djokovic\/\" \/>\n\t\t<meta property=\"og:image\" content=\"https:\/\/candas365.es\/noticias\/wp-content\/uploads\/2018\/09\/tennis-363666_960_720.jpg\" \/>\n\t\t<meta property=\"og:image:secure_url\" content=\"https:\/\/candas365.es\/noticias\/wp-content\/uploads\/2018\/09\/tennis-363666_960_720.jpg\" \/>\n\t\t<meta property=\"og:image:width\" content=\"960\" \/>\n\t\t<meta property=\"og:image:height\" content=\"720\" \/>\n\t\t<meta property=\"article:published_time\" content=\"2018-11-07T04:57:13+00:00\" \/>\n\t\t<meta property=\"article:modified_time\" content=\"2018-11-07T04:57:13+00:00\" \/>\n\t\t<meta property=\"article:publisher\" content=\"https:\/\/www.facebook.com\/Nachofdezber\" \/>\n\t\t<meta property=\"article:author\" content=\"https:\/\/www.facebook.com\/carrenoactualidad\" \/>\n\t\t<meta name=\"twitter:card\" content=\"summary_large_image\" \/>\n\t\t<meta name=\"twitter:site\" content=\"@NabercoDigital\" \/>\n\t\t<meta name=\"twitter:title\" content=\"Zverev integra el \u201cGrupo Kuerten\u201d liderado por Djokovic | Cand\u00e1s 365\" \/>\n\t\t<meta name=\"twitter:description\" content=\"Londres, 6 nov (dpa) - El serbio Novak Djokovic liderar\u00e1 el Grupo Guga Kuerten del Masters de tenis de Londres, mientras que el suizo Roger Federer comandar\u00e1 el Grupo Lleyton Hewitt, de acuerdo al sorteo celebrado este lunes en Londres. Djokovic, flamante n\u00famero uno del mundo y cinco veces campe\u00f3n del Masters, integrar\u00e1 su zona\" \/>\n\t\t<meta name=\"twitter:creator\" content=\"@nbasturias\" \/>\n\t\t<meta name=\"twitter:image\" content=\"https:\/\/candas365.es\/noticias\/wp-content\/uploads\/2018\/09\/tennis-363666_960_720.jpg\" \/>\n\t\t<meta name=\"twitter:label1\" content=\"Escrito por\" \/>\n\t\t<meta name=\"twitter:data1\" content=\"Cand\u00e1s 365\" \/>\n\t\t<meta name=\"twitter:label2\" content=\"Tiempo de lectura estimado\" \/>\n\t\t<meta name=\"twitter:data2\" content=\"1 minuto\" \/>\n\t\t<script type=\"application\/ld+json\" class=\"aioseo-schema\">\n\t\t\t{\"@context\":\"https:\\\/\\\/schema.org\",\"@graph\":[{\"@type\":\"BreadcrumbList\",\"@id\":\"https:\\\/\\\/candas365.es\\\/noticias\\\/zverev-integra-el-grupo-kuerten-liderado-por-djokovic\\\/#breadcrumblist\",\"itemListElement\":[{\"@type\":\"ListItem\",\"@id\":\"https:\\\/\\\/candas365.es\\\/noticias#listItem\",\"position\":1,\"name\":\"Home\",\"item\":\"https:\\\/\\\/candas365.es\\\/noticias\",\"nextItem\":{\"@type\":\"ListItem\",\"@id\":\"https:\\\/\\\/candas365.es\\\/noticias\\\/category\\\/deporte\\\/#listItem\",\"name\":\"Deporte\"}},{\"@type\":\"ListItem\",\"@id\":\"https:\\\/\\\/candas365.es\\\/noticias\\\/category\\\/deporte\\\/#listItem\",\"position\":2,\"name\":\"Deporte\",\"item\":\"https:\\\/\\\/candas365.es\\\/noticias\\\/category\\\/deporte\\\/\",\"nextItem\":{\"@type\":\"ListItem\",\"@id\":\"https:\\\/\\\/candas365.es\\\/noticias\\\/zverev-integra-el-grupo-kuerten-liderado-por-djokovic\\\/#listItem\",\"name\":\"Zverev integra el \\u201cGrupo Kuerten\\u201d liderado por Djokovic\"},\"previousItem\":{\"@type\":\"ListItem\",\"@id\":\"https:\\\/\\\/candas365.es\\\/noticias#listItem\",\"name\":\"Home\"}},{\"@type\":\"ListItem\",\"@id\":\"https:\\\/\\\/candas365.es\\\/noticias\\\/zverev-integra-el-grupo-kuerten-liderado-por-djokovic\\\/#listItem\",\"position\":3,\"name\":\"Zverev integra el \\u201cGrupo Kuerten\\u201d liderado por Djokovic\",\"previousItem\":{\"@type\":\"ListItem\",\"@id\":\"https:\\\/\\\/candas365.es\\\/noticias\\\/category\\\/deporte\\\/#listItem\",\"name\":\"Deporte\"}}]},{\"@type\":\"NewsArticle\",\"@id\":\"https:\\\/\\\/candas365.es\\\/noticias\\\/zverev-integra-el-grupo-kuerten-liderado-por-djokovic\\\/#newsarticle\",\"name\":\"Zverev integra el \\u201cGrupo Kuerten\\u201d liderado por Djokovic | Cand\\u00e1s 365\",\"headline\":\"Zverev integra el \\u201cGrupo Kuerten\\u201d liderado por Djokovic\",\"author\":{\"@id\":\"https:\\\/\\\/candas365.es\\\/noticias\\\/author\\\/admin\\\/#author\"},\"publisher\":{\"@id\":\"https:\\\/\\\/candas365.es\\\/noticias\\\/#organization\"},\"image\":{\"@type\":\"ImageObject\",\"url\":\"https:\\\/\\\/candas365.es\\\/noticias\\\/wp-content\\\/uploads\\\/2018\\\/09\\\/tennis-363666_960_720.jpg\",\"width\":960,\"height\":720},\"datePublished\":\"2018-11-07T04:57:13+01:00\",\"dateModified\":\"2018-11-07T04:57:13+01:00\",\"inLanguage\":\"es-ES\",\"mainEntityOfPage\":{\"@id\":\"https:\\\/\\\/candas365.es\\\/noticias\\\/zverev-integra-el-grupo-kuerten-liderado-por-djokovic\\\/#webpage\"},\"isPartOf\":{\"@id\":\"https:\\\/\\\/candas365.es\\\/noticias\\\/zverev-integra-el-grupo-kuerten-liderado-por-djokovic\\\/#webpage\"},\"articleSection\":\"Deporte\",\"dateline\":\"Publicado el noviembre 7, 2018.\"},{\"@type\":\"Organization\",\"@id\":\"https:\\\/\\\/candas365.es\\\/noticias\\\/#organization\",\"name\":\"Cand\\u00e1s 365\",\"description\":\"Cand\\u00e1s 365 es un diario digital independiente, fundado en 2012, con base en Asturias. Informamos con rigor sobre actualidad, sociedad, cultura y ocio, con una mirada local y global.\",\"url\":\"https:\\\/\\\/candas365.es\\\/noticias\\\/\",\"email\":\"info@candas365.es\",\"telephone\":\"+34652131393\",\"foundingDate\":\"2012-06-10\",\"logo\":{\"@type\":\"ImageObject\",\"url\":\"https:\\\/\\\/candas365.es\\\/noticias\\\/wp-content\\\/uploads\\\/2024\\\/09\\\/Candas-365-Redes.jpg\",\"@id\":\"https:\\\/\\\/candas365.es\\\/noticias\\\/zverev-integra-el-grupo-kuerten-liderado-por-djokovic\\\/#organizationLogo\",\"width\":1152,\"height\":864,\"caption\":\"Cand\\u00e1s 365 Redes\"},\"image\":{\"@id\":\"https:\\\/\\\/candas365.es\\\/noticias\\\/zverev-integra-el-grupo-kuerten-liderado-por-djokovic\\\/#organizationLogo\"},\"sameAs\":[\"https:\\\/\\\/www.facebook.com\\\/Nachofdezber\",\"https:\\\/\\\/x.com\\\/NabercoDigital\",\"https:\\\/\\\/www.instagram.com\\\/nachofdezber\\\/\",\"https:\\\/\\\/www.youtube.com\\\/channel\\\/UCZP-2wLEB9Rv6erhFmqVnvg\"],\"address\":{\"@id\":\"https:\\\/\\\/candas365.es\\\/noticias\\\/#postaladdress\",\"@type\":\"PostalAddress\",\"streetAddress\":\"san antonio 4, san antonio 4\",\"postalCode\":\"33430\",\"addressLocality\":\"Cand\\u00e1s\",\"addressRegion\":\"Asturias\",\"addressCountry\":\"ES\"}},{\"@type\":\"Person\",\"@id\":\"https:\\\/\\\/candas365.es\\\/noticias\\\/author\\\/admin\\\/#author\",\"url\":\"https:\\\/\\\/candas365.es\\\/noticias\\\/author\\\/admin\\\/\",\"name\":\"Cand\\u00e1s 365\",\"image\":{\"@type\":\"ImageObject\",\"@id\":\"https:\\\/\\\/candas365.es\\\/noticias\\\/zverev-integra-el-grupo-kuerten-liderado-por-djokovic\\\/#authorImage\",\"url\":\"https:\\\/\\\/secure.gravatar.com\\\/avatar\\\/496a8e03d0c493ede1718b7934145dbdf8d89be1036b0eec9544e1094c9de390?s=96&d=mm&r=g\",\"width\":96,\"height\":96,\"caption\":\"Cand\\u00e1s 365\"},\"sameAs\":[\"https:\\\/\\\/www.facebook.com\\\/carrenoactualidad\",\"https:\\\/\\\/twitter.com\\\/nbasturias\",\"https:\\\/\\\/www.instagram.com\\\/nachofdezber\\\/\",\"https:\\\/\\\/www.youtube.com\\\/channel\\\/UCZP-2wLEB9Rv6erhFmqVnvg\"]},{\"@type\":\"WebPage\",\"@id\":\"https:\\\/\\\/candas365.es\\\/noticias\\\/zverev-integra-el-grupo-kuerten-liderado-por-djokovic\\\/#webpage\",\"url\":\"https:\\\/\\\/candas365.es\\\/noticias\\\/zverev-integra-el-grupo-kuerten-liderado-por-djokovic\\\/\",\"name\":\"Zverev integra el \\u201cGrupo Kuerten\\u201d liderado por Djokovic | Cand\\u00e1s 365\",\"description\":\"Londres, 6 nov (dpa) - El serbio Novak Djokovic liderar\\u00e1 el Grupo Guga Kuerten del Masters de tenis de Londres, mientras que el suizo Roger Federer comandar\\u00e1 el Grupo Lleyton Hewitt, de acuerdo al sorteo celebrado este lunes en Londres. Djokovic, flamante n\\u00famero uno del mundo y cinco veces campe\\u00f3n del Masters, integrar\\u00e1 su zona\",\"inLanguage\":\"es-ES\",\"isPartOf\":{\"@id\":\"https:\\\/\\\/candas365.es\\\/noticias\\\/#website\"},\"breadcrumb\":{\"@id\":\"https:\\\/\\\/candas365.es\\\/noticias\\\/zverev-integra-el-grupo-kuerten-liderado-por-djokovic\\\/#breadcrumblist\"},\"author\":{\"@id\":\"https:\\\/\\\/candas365.es\\\/noticias\\\/author\\\/admin\\\/#author\"},\"creator\":{\"@id\":\"https:\\\/\\\/candas365.es\\\/noticias\\\/author\\\/admin\\\/#author\"},\"image\":{\"@type\":\"ImageObject\",\"url\":\"https:\\\/\\\/candas365.es\\\/noticias\\\/wp-content\\\/uploads\\\/2018\\\/09\\\/tennis-363666_960_720.jpg\",\"@id\":\"https:\\\/\\\/candas365.es\\\/noticias\\\/zverev-integra-el-grupo-kuerten-liderado-por-djokovic\\\/#mainImage\",\"width\":960,\"height\":720},\"primaryImageOfPage\":{\"@id\":\"https:\\\/\\\/candas365.es\\\/noticias\\\/zverev-integra-el-grupo-kuerten-liderado-por-djokovic\\\/#mainImage\"},\"datePublished\":\"2018-11-07T04:57:13+01:00\",\"dateModified\":\"2018-11-07T04:57:13+01:00\"},{\"@type\":\"WebSite\",\"@id\":\"https:\\\/\\\/candas365.es\\\/noticias\\\/#website\",\"url\":\"https:\\\/\\\/candas365.es\\\/noticias\\\/\",\"name\":\"Cand\\u00e1s 365\",\"alternateName\":\"Cand\\u00e1s 365 Noticias\",\"description\":\"Actualidad desde Carre\\u00f1o para el mundo\",\"inLanguage\":\"es-ES\",\"publisher\":{\"@id\":\"https:\\\/\\\/candas365.es\\\/noticias\\\/#organization\"}}]}\n\t\t<\/script>\n\t\t<!-- All in One SEO Pro -->\r\n\t\t<title>Zverev integra el \u201cGrupo Kuerten\u201d liderado por Djokovic | Cand\u00e1s 365<\/title>\n\n","aioseo_head_json":{"title":"Zverev integra el \u201cGrupo Kuerten\u201d liderado por Djokovic | Cand\u00e1s 365","description":"Londres, 6 nov (dpa) - El serbio Novak Djokovic liderar\u00e1 el Grupo Guga Kuerten del Masters de tenis de Londres, mientras que el suizo Roger Federer comandar\u00e1 el Grupo Lleyton Hewitt, de acuerdo al sorteo celebrado este lunes en Londres. Djokovic, flamante n\u00famero uno del mundo y cinco veces campe\u00f3n del Masters, integrar\u00e1 su zona","canonical_url":"https:\/\/candas365.es\/noticias\/zverev-integra-el-grupo-kuerten-liderado-por-djokovic\/","robots":"max-image-preview:large","keywords":"deporte","webmasterTools":{"google-site-verification":"UA-32230408-1","msvalidate.01":"354F3CDFB2DA171B47FBE9ABF1F88D5","miscellaneous":""},"schema":{"@context":"https:\/\/schema.org","@graph":[{"@type":"BreadcrumbList","@id":"https:\/\/candas365.es\/noticias\/zverev-integra-el-grupo-kuerten-liderado-por-djokovic\/#breadcrumblist","itemListElement":[{"@type":"ListItem","@id":"https:\/\/candas365.es\/noticias#listItem","position":1,"name":"Home","item":"https:\/\/candas365.es\/noticias","nextItem":{"@type":"ListItem","@id":"https:\/\/candas365.es\/noticias\/category\/deporte\/#listItem","name":"Deporte"}},{"@type":"ListItem","@id":"https:\/\/candas365.es\/noticias\/category\/deporte\/#listItem","position":2,"name":"Deporte","item":"https:\/\/candas365.es\/noticias\/category\/deporte\/","nextItem":{"@type":"ListItem","@id":"https:\/\/candas365.es\/noticias\/zverev-integra-el-grupo-kuerten-liderado-por-djokovic\/#listItem","name":"Zverev integra el \u201cGrupo Kuerten\u201d liderado por Djokovic"},"previousItem":{"@type":"ListItem","@id":"https:\/\/candas365.es\/noticias#listItem","name":"Home"}},{"@type":"ListItem","@id":"https:\/\/candas365.es\/noticias\/zverev-integra-el-grupo-kuerten-liderado-por-djokovic\/#listItem","position":3,"name":"Zverev integra el \u201cGrupo Kuerten\u201d liderado por Djokovic","previousItem":{"@type":"ListItem","@id":"https:\/\/candas365.es\/noticias\/category\/deporte\/#listItem","name":"Deporte"}}]},{"@type":"NewsArticle","@id":"https:\/\/candas365.es\/noticias\/zverev-integra-el-grupo-kuerten-liderado-por-djokovic\/#newsarticle","name":"Zverev integra el \u201cGrupo Kuerten\u201d liderado por Djokovic | Cand\u00e1s 365","headline":"Zverev integra el \u201cGrupo Kuerten\u201d liderado por Djokovic","author":{"@id":"https:\/\/candas365.es\/noticias\/author\/admin\/#author"},"publisher":{"@id":"https:\/\/candas365.es\/noticias\/#organization"},"image":{"@type":"ImageObject","url":"https:\/\/candas365.es\/noticias\/wp-content\/uploads\/2018\/09\/tennis-363666_960_720.jpg","width":960,"height":720},"datePublished":"2018-11-07T04:57:13+01:00","dateModified":"2018-11-07T04:57:13+01:00","inLanguage":"es-ES","mainEntityOfPage":{"@id":"https:\/\/candas365.es\/noticias\/zverev-integra-el-grupo-kuerten-liderado-por-djokovic\/#webpage"},"isPartOf":{"@id":"https:\/\/candas365.es\/noticias\/zverev-integra-el-grupo-kuerten-liderado-por-djokovic\/#webpage"},"articleSection":"Deporte","dateline":"Publicado el noviembre 7, 2018."},{"@type":"Organization","@id":"https:\/\/candas365.es\/noticias\/#organization","name":"Cand\u00e1s 365","description":"Cand\u00e1s 365 es un diario digital independiente, fundado en 2012, con base en Asturias. Informamos con rigor sobre actualidad, sociedad, cultura y ocio, con una mirada local y global.","url":"https:\/\/candas365.es\/noticias\/","email":"info@candas365.es","telephone":"+34652131393","foundingDate":"2012-06-10","logo":{"@type":"ImageObject","url":"https:\/\/candas365.es\/noticias\/wp-content\/uploads\/2024\/09\/Candas-365-Redes.jpg","@id":"https:\/\/candas365.es\/noticias\/zverev-integra-el-grupo-kuerten-liderado-por-djokovic\/#organizationLogo","width":1152,"height":864,"caption":"Cand\u00e1s 365 Redes"},"image":{"@id":"https:\/\/candas365.es\/noticias\/zverev-integra-el-grupo-kuerten-liderado-por-djokovic\/#organizationLogo"},"sameAs":["https:\/\/www.facebook.com\/Nachofdezber","https:\/\/x.com\/NabercoDigital","https:\/\/www.instagram.com\/nachofdezber\/","https:\/\/www.youtube.com\/channel\/UCZP-2wLEB9Rv6erhFmqVnvg"],"address":{"@id":"https:\/\/candas365.es\/noticias\/#postaladdress","@type":"PostalAddress","streetAddress":"san antonio 4, san antonio 4","postalCode":"33430","addressLocality":"Cand\u00e1s","addressRegion":"Asturias","addressCountry":"ES"}},{"@type":"Person","@id":"https:\/\/candas365.es\/noticias\/author\/admin\/#author","url":"https:\/\/candas365.es\/noticias\/author\/admin\/","name":"Cand\u00e1s 365","image":{"@type":"ImageObject","@id":"https:\/\/candas365.es\/noticias\/zverev-integra-el-grupo-kuerten-liderado-por-djokovic\/#authorImage","url":"https:\/\/secure.gravatar.com\/avatar\/496a8e03d0c493ede1718b7934145dbdf8d89be1036b0eec9544e1094c9de390?s=96&d=mm&r=g","width":96,"height":96,"caption":"Cand\u00e1s 365"},"sameAs":["https:\/\/www.facebook.com\/carrenoactualidad","https:\/\/twitter.com\/nbasturias","https:\/\/www.instagram.com\/nachofdezber\/","https:\/\/www.youtube.com\/channel\/UCZP-2wLEB9Rv6erhFmqVnvg"]},{"@type":"WebPage","@id":"https:\/\/candas365.es\/noticias\/zverev-integra-el-grupo-kuerten-liderado-por-djokovic\/#webpage","url":"https:\/\/candas365.es\/noticias\/zverev-integra-el-grupo-kuerten-liderado-por-djokovic\/","name":"Zverev integra el \u201cGrupo Kuerten\u201d liderado por Djokovic | Cand\u00e1s 365","description":"Londres, 6 nov (dpa) - El serbio Novak Djokovic liderar\u00e1 el Grupo Guga Kuerten del Masters de tenis de Londres, mientras que el suizo Roger Federer comandar\u00e1 el Grupo Lleyton Hewitt, de acuerdo al sorteo celebrado este lunes en Londres. Djokovic, flamante n\u00famero uno del mundo y cinco veces campe\u00f3n del Masters, integrar\u00e1 su zona","inLanguage":"es-ES","isPartOf":{"@id":"https:\/\/candas365.es\/noticias\/#website"},"breadcrumb":{"@id":"https:\/\/candas365.es\/noticias\/zverev-integra-el-grupo-kuerten-liderado-por-djokovic\/#breadcrumblist"},"author":{"@id":"https:\/\/candas365.es\/noticias\/author\/admin\/#author"},"creator":{"@id":"https:\/\/candas365.es\/noticias\/author\/admin\/#author"},"image":{"@type":"ImageObject","url":"https:\/\/candas365.es\/noticias\/wp-content\/uploads\/2018\/09\/tennis-363666_960_720.jpg","@id":"https:\/\/candas365.es\/noticias\/zverev-integra-el-grupo-kuerten-liderado-por-djokovic\/#mainImage","width":960,"height":720},"primaryImageOfPage":{"@id":"https:\/\/candas365.es\/noticias\/zverev-integra-el-grupo-kuerten-liderado-por-djokovic\/#mainImage"},"datePublished":"2018-11-07T04:57:13+01:00","dateModified":"2018-11-07T04:57:13+01:00"},{"@type":"WebSite","@id":"https:\/\/candas365.es\/noticias\/#website","url":"https:\/\/candas365.es\/noticias\/","name":"Cand\u00e1s 365","alternateName":"Cand\u00e1s 365 Noticias","description":"Actualidad desde Carre\u00f1o para el mundo","inLanguage":"es-ES","publisher":{"@id":"https:\/\/candas365.es\/noticias\/#organization"}}]},"og:locale":"es_ES","og:site_name":"Cand\u00e1s 365","og:type":"article","og:title":"Zverev integra el \u201cGrupo Kuerten\u201d liderado por Djokovic | Cand\u00e1s 365","og:description":"Londres, 6 nov (dpa) - El serbio Novak Djokovic liderar\u00e1 el Grupo Guga Kuerten del Masters de tenis de Londres, mientras que el suizo Roger Federer comandar\u00e1 el Grupo Lleyton Hewitt, de acuerdo al sorteo celebrado este lunes en Londres. Djokovic, flamante n\u00famero uno del mundo y cinco veces campe\u00f3n del Masters, integrar\u00e1 su zona","og:url":"https:\/\/candas365.es\/noticias\/zverev-integra-el-grupo-kuerten-liderado-por-djokovic\/","og:image":"https:\/\/candas365.es\/noticias\/wp-content\/uploads\/2018\/09\/tennis-363666_960_720.jpg","og:image:secure_url":"https:\/\/candas365.es\/noticias\/wp-content\/uploads\/2018\/09\/tennis-363666_960_720.jpg","og:image:width":960,"og:image:height":720,"article:published_time":"2018-11-07T04:57:13+00:00","article:modified_time":"2018-11-07T04:57:13+00:00","article:publisher":"https:\/\/www.facebook.com\/Nachofdezber","article:author":"https:\/\/www.facebook.com\/carrenoactualidad","twitter:card":"summary_large_image","twitter:site":"@NabercoDigital","twitter:title":"Zverev integra el \u201cGrupo Kuerten\u201d liderado por Djokovic | Cand\u00e1s 365","twitter:description":"Londres, 6 nov (dpa) - El serbio Novak Djokovic liderar\u00e1 el Grupo Guga Kuerten del Masters de tenis de Londres, mientras que el suizo Roger Federer comandar\u00e1 el Grupo Lleyton Hewitt, de acuerdo al sorteo celebrado este lunes en Londres. Djokovic, flamante n\u00famero uno del mundo y cinco veces campe\u00f3n del Masters, integrar\u00e1 su zona","twitter:creator":"@nbasturias","twitter:image":"https:\/\/candas365.es\/noticias\/wp-content\/uploads\/2018\/09\/tennis-363666_960_720.jpg","twitter:label1":"Escrito por","twitter:data1":"Cand\u00e1s 365","twitter:label2":"Tiempo de lectura estimado","twitter:data2":"1 minuto"},"aioseo_meta_data":{"post_id":"109371","title":null,"description":null,"keywords":null,"keyphrases":null,"primary_term":null,"canonical_url":null,"og_title":null,"og_description":null,"og_object_type":"default","og_image_type":"default","og_image_url":null,"og_image_width":null,"og_image_height":null,"og_image_custom_url":null,"og_image_custom_fields":null,"og_video":null,"og_custom_url":null,"og_article_section":null,"og_article_tags":null,"twitter_use_og":false,"twitter_card":"default","twitter_image_type":"default","twitter_image_url":null,"twitter_image_custom_url":null,"twitter_image_custom_fields":null,"twitter_title":null,"twitter_description":null,"schema":{"blockGraphs":[],"customGraphs":[],"default":{"data":{"Article":[],"Course":[],"Dataset":[],"FAQPage":[],"Movie":[],"Person":[],"Product":[],"ProductReview":[],"Car":[],"Recipe":[],"Service":[],"SoftwareApplication":[],"WebPage":[]},"graphName":"","isEnabled":true},"graphs":[]},"schema_type":null,"schema_type_options":null,"pillar_content":false,"robots_default":true,"robots_noindex":false,"robots_noarchive":false,"robots_nosnippet":false,"robots_nofollow":false,"robots_noimageindex":false,"robots_noodp":false,"robots_notranslate":false,"robots_max_snippet":null,"robots_max_videopreview":null,"robots_max_imagepreview":"large","priority":null,"frequency":null,"location":null,"local_seo":null,"seo_analyzer_scan_date":"2025-08-28 09:31:19","breadcrumb_settings":null,"limit_modified_date":false,"reviewed_by":null,"open_ai":null,"ai":null,"created":"2020-12-21 11:39:20","updated":"2025-08-28 09:31:19"},"aioseo_breadcrumb":"<div class=\"aioseo-breadcrumbs\"><span class=\"aioseo-breadcrumb\">\n\t<a href=\"https:\/\/candas365.es\/noticias\" title=\"Home\">Home<\/a>\n<\/span><span class=\"aioseo-breadcrumb-separator\">&ndash;<\/span><span class=\"aioseo-breadcrumb\">\n\t<a href=\"https:\/\/candas365.es\/noticias\/category\/deporte\/\" title=\"Deporte\">Deporte<\/a>\n<\/span><span class=\"aioseo-breadcrumb-separator\">&ndash;<\/span><span class=\"aioseo-breadcrumb\">\n\tZverev integra el \u201cGrupo Kuerten\u201d liderado por Djokovic\n<\/span><\/div>","aioseo_breadcrumb_json":[{"label":"Home","link":"https:\/\/candas365.es\/noticias"},{"label":"Deporte","link":"https:\/\/candas365.es\/noticias\/category\/deporte\/"},{"label":"Zverev integra el \u201cGrupo Kuerten\u201d liderado por Djokovic","link":"https:\/\/candas365.es\/noticias\/zverev-integra-el-grupo-kuerten-liderado-por-djokovic\/"}],"_links":{"self":[{"href":"https:\/\/candas365.es\/noticias\/wp-json\/wp\/v2\/posts\/109371","targetHints":{"allow":["GET"]}}],"collection":[{"href":"https:\/\/candas365.es\/noticias\/wp-json\/wp\/v2\/posts"}],"about":[{"href":"https:\/\/candas365.es\/noticias\/wp-json\/wp\/v2\/types\/post"}],"author":[{"embeddable":true,"href":"https:\/\/candas365.es\/noticias\/wp-json\/wp\/v2\/users\/1"}],"replies":[{"embeddable":true,"href":"https:\/\/candas365.es\/noticias\/wp-json\/wp\/v2\/comments?post=109371"}],"version-history":[{"count":0,"href":"https:\/\/candas365.es\/noticias\/wp-json\/wp\/v2\/posts\/109371\/revisions"}],"wp:featuredmedia":[{"embeddable":true,"href":"https:\/\/candas365.es\/noticias\/wp-json\/wp\/v2\/media\/104369"}],"wp:attachment":[{"href":"https:\/\/candas365.es\/noticias\/wp-json\/wp\/v2\/media?parent=109371"}],"wp:term":[{"taxonomy":"category","embeddable":true,"href":"https:\/\/candas365.es\/noticias\/wp-json\/wp\/v2\/categories?post=109371"},{"taxonomy":"post_tag","embeddable":true,"href":"https:\/\/candas365.es\/noticias\/wp-json\/wp\/v2\/tags?post=109371"}],"curies":[{"name":"wp","href":"https:\/\/api.w.org\/{rel}","templated":true}]}}